{"id":11781,"date":"2022-02-11T10:40:33","date_gmt":"2022-02-11T10:40:33","guid":{"rendered":"https:\/\/belux-staging.eu\/?p=11781"},"modified":"2022-06-30T13:17:17","modified_gmt":"2022-06-30T13:17:17","slug":"nein-ursula-von-der-leyen-hat-nicht-die-abschaffung-des-nrnberger-kodex-gefordert","status":"publish","type":"post","link":"https:\/\/belux.edmo.eu\/de\/nein-ursula-von-der-leyen-hat-nicht-die-abschaffung-des-nrnberger-kodex-gefordert\/","title":{"rendered":"Nein, Ursula von der Leyen hat nicht die Abschaffung des N\u00fcrnberger Kodex gefordert"},"content":{"rendered":"<p><b>Hunderte Facebook-Nutzerinnen und Nutzer haben seit Anfang Dezember eine Behauptung geteilt, wonach die Pr\u00e4sidentin der Europ\u00e4ischen Kommission, Ursula von der Leyen, die Abschaffung des sogenannten N\u00fcrnberger Kodex\u2019 gefordert haben soll, der Verhaltensrichtlinien f\u00fcr medizinischen Experimente an Menschen definiert. Damit soll angeblich der Weg zu einer Covid-Impfpflicht geebnet werden. In der Pressekonferenz, in der sie das gesagt haben soll, erw\u00e4hnt sie den N\u00fcrnberger Kodex allerdings \u00fcberhaupt nicht. Sie schlug lediglich eine &#8222;Diskussion&#8220; und einen &#8222;gemeinsamen Ansatz&#8220; zur Umsetzung von Ma\u00dfnahmen vor.<\/b><\/p>\n<p>Hunderte User haben die angebliche Forderung auf Facebook in verschiedenen Versionen geteilt (<a href=\"https:\/\/archive.ph\/wip\/aRnPM\" target=\"_blank\" rel=\"noopener\" shape=\"rect\">hier<\/a>, <a href=\"https:\/\/archive.ph\/wip\/lJcOH\" target=\"_blank\" rel=\"noopener\" shape=\"rect\">hier<\/a>, <a href=\"https:\/\/archive.ph\/wip\/E4NGN\" target=\"_blank\" rel=\"noopener\" shape=\"rect\">hier<\/a>). Auch mehrere Blogs haben Artikel mit der Behauptung ver\u00f6ffentlicht (<a href=\"https:\/\/perma.cc\/2DPK-GQ7V\" target=\"_blank\" rel=\"noopener\" shape=\"rect\">hier<\/a>, <a href=\"https:\/\/perma.cc\/LGS4-S8PX\" target=\"_blank\" rel=\"noopener\" shape=\"rect\">hier<\/a>). Auf <a href=\"https:\/\/perma.cc\/24CQ-CZC4?type=image\" target=\"_blank\" rel=\"noopener\" shape=\"rect\">Telegram<\/a> erreichte die Behauptung Hunderttausende.<\/p>\n<p><strong>Die Falschbehauptung<\/strong>: In den Postings hei\u00dft es: &#8222;Ursula Van Der Leyen, die Vorsitzende der EU-Kommission, sagte der Presse am Mittwoch, sie sei daf\u00fcr, den langj\u00e4hrigen N\u00fcrnberger Kodex abzuschaffen und Menschen zu zwingen, sich gegen COVID impfen zu lassen.&#8220;<\/p>\n<div id=\"wysiwyg\" class=\"ww-item image\"><img class=\"lazyload blur-up\" src=\"https:\/\/factuel.afp.com\/sites\/default\/files\/styles\/list_xs\/public\/medias\/factchecking\/g2\/2022-01\/0f06628f9093cc2b31902de369b8edd8.jpeg?itok=IP3ahSNp\" data-original=\"\" \/><span class=\"legend\">Screenshot der Falschbehauptung auf Facebook: 17.01.2022<\/span><\/div>\n<p>In der Vergangenheit kursierten immer wieder falsche Behauptungen zur m\u00f6glichen Corona-Impfpflicht. So berichteten Facebook-Postings etwa f\u00e4lschlicherweise von <a href=\"\/polen-gibt-es-keine-neuen-zwangsimpfungen-und-australien-keine-strafen-fuer-impfverweigernde\" target=\"_blank\" rel=\"noopener\" shape=\"rect\">&#8222;Zwangsimpfungen&#8220; in Polen<\/a>.<\/p>\n<p>\u00d6sterreich f\u00fchrt als <a href=\"https:\/\/de.euronews.com\/2022\/01\/16\/frankreich-osterreich-wie-steht-es-um-die-covid-19-impfpflicht-in-europa\" target=\"_blank\" rel=\"noopener\" shape=\"rect\">erstes EU-Land<\/a> eine Corona-Impfpflicht ein. Diese soll <a href=\"https:\/\/perma.cc\/825R-CJG6?type=image\" target=\"_blank\" rel=\"noopener\" shape=\"rect\">ab Februar 2022<\/a> gelten. <a href=\"\/http%253A%252F%252Fdoc.afp.com%252F9W47CP-1\" target=\"_blank\" rel=\"noopener\" shape=\"rect\">AFP widerlegte <\/a><a href=\"\/http%253A%252F%252Fdoc.afp.com%252F9W47CP-1\" target=\"_blank\" rel=\"noopener\" shape=\"rect\">Falschinformationen<\/a> dazu, wie oft Menschen sich dort impfen lassen m\u00fcssten. Auch in Deutschland, wo bis zum 15. M\u00e4rz 2022 bereits alle Besch\u00e4ftigten in Kliniken und Heimen einen <a href=\"https:\/\/perma.cc\/EX3R-4CMY?type=image\" target=\"_blank\" rel=\"noopener\" shape=\"rect\">Genesenen- oder einen Impfnachweis<\/a> vorweisen m\u00fcssen, werden Modelle zur allgemeinen Impfpflicht (<a href=\"https:\/\/perma.cc\/53SD-L2ES?type=image\" target=\"_blank\" rel=\"noopener\" shape=\"rect\">hier<\/a>, <a href=\"https:\/\/perma.cc\/QA33-VKMF?type=image\" target=\"_blank\" rel=\"noopener\" shape=\"rect\">hier<\/a>, <a href=\"https:\/\/www.fr.de\/politik\/impfpflicht-corona-covid-impfung-udo-di-fabio-grundgesetz-gesundheit-91235481.html\" target=\"_blank\" rel=\"noopener\" shape=\"rect\">hier<\/a>) diskutiert. Anfang Dezember 2021 warnte die Weltgesundheitsorganisation (WHO), dass eine solche Ma\u00dfnahme nur als &#8222;<a href=\"https:\/\/perma.cc\/5DY3-SY9X\" target=\"_blank\" rel=\"noopener\" shape=\"rect\">letztes Mittel<\/a>&#8220; eingesetzt werden sollte.<\/p>\n<p>Die m\u00f6gliche Einf\u00fchrung einer Impfpflicht verstehen einige Facebook-User als Versto\u00df gegen den <a href=\"https:\/\/perma.cc\/XUT7-JQLL\" target=\"_blank\" rel=\"noopener\" shape=\"rect\">N\u00fcrnberger Kodex.<\/a> Dieser wurde 1947 als Folge von grausamen und unethischen Menschenexperimenten im Nationalsozialismus eingef\u00fchrt. Er beschreibt Verhaltensrichtlinien f\u00fcr Gesundheitspersonal und Forschende bei medizinischen Experimente an Menschen. Der <a href=\"https:\/\/perma.cc\/527H-EH98\" target=\"_blank\" rel=\"noopener\" shape=\"rect\">Kodex beinhaltet zehn Punkte<\/a>, die unter anderem festhalten, dass Versuchsteilnehmende immer freiwillig an Experimenten teilnehmen und diese auch jederzeit abbrechen k\u00f6nnen.<\/p>\n<p><b><strong>Von der Leyen hat keine Abschaffung des N\u00fcrnberger Kodex gefordert<\/strong><\/b><\/p>\n<p>Die Facebook-Postings geben als Quelle f\u00fcr die angebliche Forderung von der Leyens eine <a href=\"https:\/\/perma.cc\/S844-J77S\" target=\"_blank\" rel=\"noopener\" shape=\"rect\">Pressekonferenz am 1. Dezember 2021<\/a> mit der Kommissionspr\u00e4sidentin an. Bei dieser hat sie <a href=\"https:\/\/archive.ph\/BzVpX\" target=\"_blank\" rel=\"noopener\" shape=\"rect\">Reporterinnen und Reportern Fragen<\/a> zu Herausforderungen bei Corona-Ausbr\u00fcchen und zur Omikron-Variante beantwortet.<\/p>\n<p>Von der Leyen erkl\u00e4rte in der Pressekonferenz (<a href=\"https:\/\/audiovisual.ec.europa.eu\/en\/video\/I-215056\" target=\"_blank\" rel=\"noopener\" shape=\"rect\">hier<\/a> bei Minute 12:49), dass es nicht in ihrer Zust\u00e4ndigkeit liege, EU-Mitgliedstaaten Corona-Ma\u00dfnahmen zu empfehlen. Tats\u00e4chlich kann die EU-Kommission den <a href=\"https:\/\/perma.cc\/UK32-4ZT8\" target=\"_blank\" rel=\"noopener\" shape=\"rect\">Mitgliedstaaten keine Ma\u00dfnahmen bei der Impfpolitik vorschreiben<\/a>. In dem Statement formulierte von der Leyen aber ihre pers\u00f6nliche Meinung und forderte, eine Diskussion \u00fcber eine Impfpflicht zu f\u00fchren.<\/p>\n<p>Sie sagte: &#8222;Vor zwei oder drei Jahren h\u00e4tte ich nie gedacht, dass wir diese schreckliche Pandemie haben, dass wir die lebensrettenden Impfstoffe haben, aber dass sie nicht \u00fcberall angemessen eingesetzt werden, und dass dadurch enorme Gesundheitskosten entstehen. Ein Drittel der europ\u00e4ischen Bev\u00f6lkerung ist nicht geimpft, das sind 150 Millionen Menschen, das ist eine Menge. Nicht jeder Einzelne kann geimpft werden, aber die gro\u00dfe Mehrheit k\u00f6nnte es.&#8220;<\/p>\n<p>Ihr pers\u00f6nlicher L\u00f6sungsansatz: &#8222;Ich halte es f\u00fcr verst\u00e4ndlich und angemessen, dass wir jetzt eine Diskussion dar\u00fcber f\u00fchren. Wie k\u00f6nnen wir Anreize schaffen und m\u00f6glicherweise \u00fcber eine Impfpflicht in der Europ\u00e4ischen Union nachdenken. Das muss diskutiert werden, das muss gemeinsam angegangen werden, aber es ist eine Diskussion, die meiner Meinung nach gef\u00fchrt werden muss.&#8220;<\/p>\n<p>Der N\u00fcrnberger Kodex wird von von der Leyen an keiner Stelle in der Pressekonferenz erw\u00e4hnt.<\/p>\n<p>Stefan de Keersmaecker, ein Sprecher der Europ\u00e4ischen Kommission, sagte auf AFP-Anfrage am 6. Dezember von der Leyen habe &#8222;auf dieser Pressekonferenz am 1. Dezember nur ihre pers\u00f6nliche Meinung zur Impfpflicht ge\u00e4u\u00dfert. Er betonte, dass sie &#8222;\u00fcberhaupt nicht&#8220; \u00fcber den N\u00fcrnberger Kodex gesprochen habe und erkl\u00e4rte au\u00dferdem: &#8222;Mir sind keine anderen Gelegenheiten bekannt, bei denen sie sich auf diesen Kodex als Teil der Impfpolitik h\u00e4tte beziehen k\u00f6nnen.&#8220;<\/p>\n<p><b><strong>Verst\u00f6\u00dft eine Impfpflicht gegen den N\u00fcrnberger Kodex?<\/strong><\/b><\/p>\n<p>Der Behauptung, eine Impfpflicht versto\u00dfe gegen den N\u00fcrnberger Kodex, widersprach <a href=\"https:\/\/perma.cc\/37ZN-2G4P?type=image\" target=\"_blank\" rel=\"noopener\" shape=\"rect\">Jonathan D. Moreno<\/a>, Professor f\u00fcr Bioethik an der Universit\u00e4t von Pennsylvania in den USA, gegen\u00fcber AFP in einem <a href=\"https:\/\/factcheck.afp.com\/principles-nuremberg-code-are-compatible-vaccination\" target=\"_blank\" rel=\"noopener\" shape=\"rect\">fr\u00fcheren Faktencheck<\/a> zu vermeintlichen Verst\u00f6\u00dfen gegen den N\u00fcrnberger Kodex aus dem Mai 2020: &#8222;Beim N\u00fcrnberger Kodex geht es um Experimente am Menschen, nicht um Impfungen. Der N\u00fcrnberger Kodex ist durchaus mit Impfungen vereinbar.&#8220;<\/p>\n<p>Auch <a href=\"https:\/\/perma.cc\/88P4-VWU3\" target=\"_blank\" rel=\"noopener\" shape=\"rect\">Steven Joffe<\/a>, Professor f\u00fcr Medizinethik an der Universit\u00e4t von Pennsylvania, sagte in dem Faktencheck, dass \u201cImpfstoffe in keiner Weise einen Versto\u00df gegen den N\u00fcrnberger Kodex darstellen.\u201d<\/p>\n<p>Die Europ\u00e4ische Arzneimittelagentur (EMA) hat mehrere Corona-Impfstoffe in Europa <a href=\"https:\/\/archive.is\/s8DDX\" target=\"_blank\" rel=\"noopener\" shape=\"rect\">bedingt zugelassen<\/a>. Das Paul-Ehrlich-Institut, das f\u00fcr Impfstoffzulassungen und Kontrollen in Deutschland zust\u00e4ndig ist, hat eine <a href=\"https:\/\/www.pei.de\/DE\/arzneimittel\/impfstoffe\/covid-19\/covid-19-node.html\" target=\"_blank\" rel=\"noopener\" shape=\"rect\">L<\/a><a href=\"https:\/\/www.pei.de\/DE\/arzneimittel\/impfstoffe\/covid-19\/covid-19-node.html\" target=\"_blank\" rel=\"noopener\" shape=\"rect\">iste mit den zugelassenen Impfstoffen<\/a> ver\u00f6ffentlicht. Diese Impfstoffe haben <a href=\"\/http%253A%252F%252Fdoc.afp.com%252F9D64QR-1\" target=\"_blank\" rel=\"noopener\" shape=\"rect\">alle n\u00f6tigen Zulassungsschritte<\/a> mit Tierversuchen und klinischen Studien durchlaufen. Bevor Medikamente in Deutschland klinisch getestet werden, m\u00fcssen laut dem Bundesministerium f\u00fcr Bildung und Forschung die <a href=\"https:\/\/www.gesundheitsforschung-bmbf.de\/de\/empfehlungen-zur-begutachtung-klinischer-studien-durch-ethik-kommissionen-2839.php\" target=\"_blank\" rel=\"noopener\" shape=\"rect\">Methoden von einer Ethik-Kommission<\/a> zugelassen werden. \u00c4hnliche ethische Kriterien gelten auch <a href=\"https:\/\/perma.cc\/M75V-GBXL?type=image\" target=\"_blank\" rel=\"noopener\" shape=\"rect\">in den USA und anderen L\u00e4ndern<\/a>.<\/p>\n<p><strong>Fazit<\/strong>: F\u00fcr die Behauptung, die Pr\u00e4sidentin der EU-Kommission, Ursula von der Leyen, habe die Abschaffung des N\u00fcrnberger Kodex gefordert, gibt es keine Belege. In der Pressekonferenz, die als Quelle f\u00fcr die vermeintliche Forderung genannt wird, erw\u00e4hnt niemand den N\u00fcrnberger Kodex. Sie \u00e4u\u00dfert sich lediglich zur Diskussion \u00fcber die Impfpflicht.<\/p>\n<pre>27. Januar 2022 Link bei Zeitmarker erg\u00e4nzt, \u00dcbersetzung von der Leyen-Zitat konkretisiert<\/pre>\n","protected":false},"excerpt":{"rendered":"<p>Hunderte Facebook-Nutzerinnen und Nutzer haben seit Anfang Dezember eine Behauptung geteilt, wonach die Pr\u00e4sidentin der Europ\u00e4ischen Kommission, Ursula von der Leyen, die Abschaffung des sogenannten N\u00fcrnberger Kodex\u2019 gefordert haben soll, der Verhaltensrichtlinien f\u00fcr medizinischen Experimente an Menschen definiert. Damit soll angeblich der Weg zu einer Covid-Impfpflicht geebnet werden. In der Pressekonferenz, in der sie das gesagt haben soll, erw\u00e4hnt sie den N\u00fcrnberger Kodex allerdings \u00fcberhaupt nicht. Sie schlug lediglich eine &#8222;Diskussion&#8220; und einen &#8222;gemeinsamen Ansatz&#8220; zur Umsetzung von Ma\u00dfnahmen vor.<\/p>\n","protected":false},"author":1,"featured_media":53591,"comment_status":"closed","ping_status":"open","sticky":false,"template":"","format":"standard","meta":{"_acf_changed":false,"footnotes":""},"categories":[175,127,139,130,133],"tags":[],"class_list":{"0":"post-11781","1":"post","2":"type-post","3":"status-publish","4":"format-standard","5":"has-post-thumbnail","7":"category-covid-19-de","8":"category-fact-check-de","9":"category-gesellschaft-de","10":"category-gesundheit","11":"category-politics-de"},"acf":{"show_metatags":true,"id":"","authors":"AFP Polen, AFP Belgien","organization":"AFP","featured_image_copyright":"Die Pr\u00e4sidentin der Europ\u00e4ischen Kommission, Ursula von der Leyen, nimmt am 8. Dezember 2021 an einer Sitzung des Kollegiums der Kommissare am EU-Hauptsitz in Br\u00fcssel teil. ( POOL \/ AFP \/ Olivier Matthys)","text_copyright":"\u00a9 AGENCE FRANCE-PRESSE | 2022 | Alle Rechte vorbehalten. Jede Nutzung von AFP-Inhalten auf dieser Website unterliegt den Nutzungsbedingungen auf <a href='https:\/\/www.afp.com\/en\/terms-use' target='_blank'>CGU<\/a>. Durch den Zugriff auf die auf dieser Website verf\u00fcgbaren AFP-Inhalte und\/oder deren Nutzung erkl\u00e4ren Sie sich mit den oben genannten Nutzungsbedingungen einverstanden. Jede Nutzung von AFP-Inhalten erfolgt unter Ihrer alleinigen und vollen Verantwortung.","source":"https:\/\/faktencheck.afp.com\/http%253A%252F%252Fdoc.afp.com%252F9WF67U-1","fact_checker":"https:\/\/belux.wpengine.com\/wp-content\/uploads\/2021\/12\/afp_logo.png","fact_checker_logo_image":false,"type":"Closed Event","location":"","start_date":"","start_date_event_begins_at":"","start_date_event_ends_at":"","end_date":"","end_date_event_begins_at":"","end_date_event_ends_at":"","organizer":""},"yoast_head":"<!-- This site is optimized with the Yoast SEO plugin v27.0 - https:\/\/yoast.com\/product\/yoast-seo-wordpress\/ -->\n<title>Nein, Ursula von der Leyen hat nicht die Abschaffung des N\u00fcrnberger Kodex gefordert - EDMO Belux<\/title>\n<meta name=\"robots\" content=\"index, follow, max-snippet:-1, max-image-preview:large, max-video-preview:-1\" \/>\n<link rel=\"canonical\" href=\"https:\/\/belux.edmo.eu\/de\/nein-ursula-von-der-leyen-hat-nicht-die-abschaffung-des-nrnberger-kodex-gefordert\/\" \/>\n<meta property=\"og:locale\" content=\"de_DE\" \/>\n<meta property=\"og:type\" content=\"article\" \/>\n<meta property=\"og:title\" content=\"Nein, Ursula von der Leyen hat nicht die Abschaffung des N\u00fcrnberger Kodex gefordert - EDMO Belux\" \/>\n<meta property=\"og:description\" content=\"Hunderte Facebook-Nutzerinnen und Nutzer haben seit Anfang Dezember eine Behauptung geteilt, wonach die Pr\u00e4sidentin der Europ\u00e4ischen Kommission, Ursula von der Leyen, die Abschaffung des sogenannten N\u00fcrnberger Kodex\u2019 gefordert haben soll, der Verhaltensrichtlinien f\u00fcr medizinischen Experimente an Menschen definiert. Damit soll angeblich der Weg zu einer Covid-Impfpflicht geebnet werden. In der Pressekonferenz, in der sie das gesagt haben soll, erw\u00e4hnt sie den N\u00fcrnberger Kodex allerdings \u00fcberhaupt nicht. Sie schlug lediglich eine &quot;Diskussion&quot; und einen &quot;gemeinsamen Ansatz&quot; zur Umsetzung von Ma\u00dfnahmen vor.\" \/>\n<meta property=\"og:url\" content=\"https:\/\/belux.edmo.eu\/de\/nein-ursula-von-der-leyen-hat-nicht-die-abschaffung-des-nrnberger-kodex-gefordert\/\" \/>\n<meta property=\"og:site_name\" content=\"EDMO Belux\" \/>\n<meta property=\"article:published_time\" content=\"2022-02-11T10:40:33+00:00\" \/>\n<meta property=\"article:modified_time\" content=\"2022-06-30T13:17:17+00:00\" \/>\n<meta name=\"author\" content=\"master\" \/>\n<meta name=\"twitter:card\" content=\"summary_large_image\" \/>\n<meta name=\"twitter:creator\" content=\"@Edmo_Belux\" \/>\n<meta name=\"twitter:site\" content=\"@Edmo_Belux\" \/>\n<meta name=\"twitter:label1\" content=\"Verfasst von\" \/>\n\t<meta name=\"twitter:data1\" content=\"master\" \/>\n\t<meta name=\"twitter:label2\" content=\"Gesch\u00e4tzte Lesezeit\" \/>\n\t<meta name=\"twitter:data2\" content=\"5 Minuten\" \/>\n<script type=\"application\/ld+json\" class=\"yoast-schema-graph\">{\"@context\":\"https:\/\/schema.org\",\"@graph\":[{\"@type\":\"Article\",\"@id\":\"https:\/\/belux.edmo.eu\/de\/nein-ursula-von-der-leyen-hat-nicht-die-abschaffung-des-nrnberger-kodex-gefordert\/#article\",\"isPartOf\":{\"@id\":\"https:\/\/belux.edmo.eu\/de\/nein-ursula-von-der-leyen-hat-nicht-die-abschaffung-des-nrnberger-kodex-gefordert\/\"},\"author\":{\"name\":\"master\",\"@id\":\"https:\/\/belux.edmo.eu\/#\/schema\/person\/dbe3b252258537fd318f9b5645a30342\"},\"headline\":\"Nein, Ursula von der Leyen hat nicht die Abschaffung des N\u00fcrnberger Kodex gefordert\",\"datePublished\":\"2022-02-11T10:40:33+00:00\",\"dateModified\":\"2022-06-30T13:17:17+00:00\",\"mainEntityOfPage\":{\"@id\":\"https:\/\/belux.edmo.eu\/de\/nein-ursula-von-der-leyen-hat-nicht-die-abschaffung-des-nrnberger-kodex-gefordert\/\"},\"wordCount\":929,\"publisher\":{\"@id\":\"https:\/\/belux.edmo.eu\/#organization\"},\"image\":{\"@id\":\"https:\/\/belux.edmo.eu\/de\/nein-ursula-von-der-leyen-hat-nicht-die-abschaffung-des-nrnberger-kodex-gefordert\/#primaryimage\"},\"thumbnailUrl\":\"\",\"articleSection\":[\"COVID-19\",\"Fact Check\",\"Gesellschaft\",\"Gesundheit\",\"Politik\"],\"inLanguage\":\"de-DE\"},{\"@type\":\"WebPage\",\"@id\":\"https:\/\/belux.edmo.eu\/de\/nein-ursula-von-der-leyen-hat-nicht-die-abschaffung-des-nrnberger-kodex-gefordert\/\",\"url\":\"https:\/\/belux.edmo.eu\/de\/nein-ursula-von-der-leyen-hat-nicht-die-abschaffung-des-nrnberger-kodex-gefordert\/\",\"name\":\"Nein, Ursula von der Leyen hat nicht die Abschaffung des N\u00fcrnberger Kodex gefordert - EDMO Belux\",\"isPartOf\":{\"@id\":\"https:\/\/belux.edmo.eu\/#website\"},\"primaryImageOfPage\":{\"@id\":\"https:\/\/belux.edmo.eu\/de\/nein-ursula-von-der-leyen-hat-nicht-die-abschaffung-des-nrnberger-kodex-gefordert\/#primaryimage\"},\"image\":{\"@id\":\"https:\/\/belux.edmo.eu\/de\/nein-ursula-von-der-leyen-hat-nicht-die-abschaffung-des-nrnberger-kodex-gefordert\/#primaryimage\"},\"thumbnailUrl\":\"\",\"datePublished\":\"2022-02-11T10:40:33+00:00\",\"dateModified\":\"2022-06-30T13:17:17+00:00\",\"breadcrumb\":{\"@id\":\"https:\/\/belux.edmo.eu\/de\/nein-ursula-von-der-leyen-hat-nicht-die-abschaffung-des-nrnberger-kodex-gefordert\/#breadcrumb\"},\"inLanguage\":\"de-DE\",\"potentialAction\":[{\"@type\":\"ReadAction\",\"target\":[\"https:\/\/belux.edmo.eu\/de\/nein-ursula-von-der-leyen-hat-nicht-die-abschaffung-des-nrnberger-kodex-gefordert\/\"]}]},{\"@type\":\"ImageObject\",\"inLanguage\":\"de-DE\",\"@id\":\"https:\/\/belux.edmo.eu\/de\/nein-ursula-von-der-leyen-hat-nicht-die-abschaffung-des-nrnberger-kodex-gefordert\/#primaryimage\",\"url\":\"\",\"contentUrl\":\"\"},{\"@type\":\"BreadcrumbList\",\"@id\":\"https:\/\/belux.edmo.eu\/de\/nein-ursula-von-der-leyen-hat-nicht-die-abschaffung-des-nrnberger-kodex-gefordert\/#breadcrumb\",\"itemListElement\":[{\"@type\":\"ListItem\",\"position\":1,\"name\":\"Home\",\"item\":\"https:\/\/belux.edmo.eu\/de\/\"},{\"@type\":\"ListItem\",\"position\":2,\"name\":\"Nein, Ursula von der Leyen hat nicht die Abschaffung des N\u00fcrnberger Kodex gefordert\"}]},{\"@type\":\"WebSite\",\"@id\":\"https:\/\/belux.edmo.eu\/#website\",\"url\":\"https:\/\/belux.edmo.eu\/\",\"name\":\"EDMO Belux\",\"description\":\"Monitoring Disinformation in Belgium and Luxembourg\",\"publisher\":{\"@id\":\"https:\/\/belux.edmo.eu\/#organization\"},\"potentialAction\":[{\"@type\":\"SearchAction\",\"target\":{\"@type\":\"EntryPoint\",\"urlTemplate\":\"https:\/\/belux.edmo.eu\/?s={search_term_string}\"},\"query-input\":{\"@type\":\"PropertyValueSpecification\",\"valueRequired\":true,\"valueName\":\"search_term_string\"}}],\"inLanguage\":\"de-DE\"},{\"@type\":\"Organization\",\"@id\":\"https:\/\/belux.edmo.eu\/#organization\",\"name\":\"EDMO Belux\",\"url\":\"https:\/\/belux.edmo.eu\/\",\"logo\":{\"@type\":\"ImageObject\",\"inLanguage\":\"de-DE\",\"@id\":\"https:\/\/belux.edmo.eu\/#\/schema\/logo\/image\/\",\"url\":\"https:\/\/belux.edmo.eu\/wp-content\/uploads\/2021\/12\/belux-logo-full-color-rgb.svg\",\"contentUrl\":\"https:\/\/belux.edmo.eu\/wp-content\/uploads\/2021\/12\/belux-logo-full-color-rgb.svg\",\"width\":1,\"height\":1,\"caption\":\"EDMO Belux\"},\"image\":{\"@id\":\"https:\/\/belux.edmo.eu\/#\/schema\/logo\/image\/\"},\"sameAs\":[\"https:\/\/x.com\/Edmo_Belux\"]},{\"@type\":\"Person\",\"@id\":\"https:\/\/belux.edmo.eu\/#\/schema\/person\/dbe3b252258537fd318f9b5645a30342\",\"name\":\"master\",\"sameAs\":[\"https:\/\/belux.wpengine.com\"],\"url\":\"https:\/\/belux.edmo.eu\/de\/author\/master\/\"}]}<\/script>\n<!-- \/ Yoast SEO plugin. -->","yoast_head_json":{"title":"Nein, Ursula von der Leyen hat nicht die Abschaffung des N\u00fcrnberger Kodex gefordert - EDMO Belux","robots":{"index":"index","follow":"follow","max-snippet":"max-snippet:-1","max-image-preview":"max-image-preview:large","max-video-preview":"max-video-preview:-1"},"canonical":"https:\/\/belux.edmo.eu\/de\/nein-ursula-von-der-leyen-hat-nicht-die-abschaffung-des-nrnberger-kodex-gefordert\/","og_locale":"de_DE","og_type":"article","og_title":"Nein, Ursula von der Leyen hat nicht die Abschaffung des N\u00fcrnberger Kodex gefordert - EDMO Belux","og_description":"Hunderte Facebook-Nutzerinnen und Nutzer haben seit Anfang Dezember eine Behauptung geteilt, wonach die Pr\u00e4sidentin der Europ\u00e4ischen Kommission, Ursula von der Leyen, die Abschaffung des sogenannten N\u00fcrnberger Kodex\u2019 gefordert haben soll, der Verhaltensrichtlinien f\u00fcr medizinischen Experimente an Menschen definiert. Damit soll angeblich der Weg zu einer Covid-Impfpflicht geebnet werden. In der Pressekonferenz, in der sie das gesagt haben soll, erw\u00e4hnt sie den N\u00fcrnberger Kodex allerdings \u00fcberhaupt nicht. Sie schlug lediglich eine \"Diskussion\" und einen \"gemeinsamen Ansatz\" zur Umsetzung von Ma\u00dfnahmen vor.","og_url":"https:\/\/belux.edmo.eu\/de\/nein-ursula-von-der-leyen-hat-nicht-die-abschaffung-des-nrnberger-kodex-gefordert\/","og_site_name":"EDMO Belux","article_published_time":"2022-02-11T10:40:33+00:00","article_modified_time":"2022-06-30T13:17:17+00:00","author":"master","twitter_card":"summary_large_image","twitter_creator":"@Edmo_Belux","twitter_site":"@Edmo_Belux","twitter_misc":{"Verfasst von":"master","Gesch\u00e4tzte Lesezeit":"5 Minuten"},"schema":{"@context":"https:\/\/schema.org","@graph":[{"@type":"Article","@id":"https:\/\/belux.edmo.eu\/de\/nein-ursula-von-der-leyen-hat-nicht-die-abschaffung-des-nrnberger-kodex-gefordert\/#article","isPartOf":{"@id":"https:\/\/belux.edmo.eu\/de\/nein-ursula-von-der-leyen-hat-nicht-die-abschaffung-des-nrnberger-kodex-gefordert\/"},"author":{"name":"master","@id":"https:\/\/belux.edmo.eu\/#\/schema\/person\/dbe3b252258537fd318f9b5645a30342"},"headline":"Nein, Ursula von der Leyen hat nicht die Abschaffung des N\u00fcrnberger Kodex gefordert","datePublished":"2022-02-11T10:40:33+00:00","dateModified":"2022-06-30T13:17:17+00:00","mainEntityOfPage":{"@id":"https:\/\/belux.edmo.eu\/de\/nein-ursula-von-der-leyen-hat-nicht-die-abschaffung-des-nrnberger-kodex-gefordert\/"},"wordCount":929,"publisher":{"@id":"https:\/\/belux.edmo.eu\/#organization"},"image":{"@id":"https:\/\/belux.edmo.eu\/de\/nein-ursula-von-der-leyen-hat-nicht-die-abschaffung-des-nrnberger-kodex-gefordert\/#primaryimage"},"thumbnailUrl":"","articleSection":["COVID-19","Fact Check","Gesellschaft","Gesundheit","Politik"],"inLanguage":"de-DE"},{"@type":"WebPage","@id":"https:\/\/belux.edmo.eu\/de\/nein-ursula-von-der-leyen-hat-nicht-die-abschaffung-des-nrnberger-kodex-gefordert\/","url":"https:\/\/belux.edmo.eu\/de\/nein-ursula-von-der-leyen-hat-nicht-die-abschaffung-des-nrnberger-kodex-gefordert\/","name":"Nein, Ursula von der Leyen hat nicht die Abschaffung des N\u00fcrnberger Kodex gefordert - EDMO Belux","isPartOf":{"@id":"https:\/\/belux.edmo.eu\/#website"},"primaryImageOfPage":{"@id":"https:\/\/belux.edmo.eu\/de\/nein-ursula-von-der-leyen-hat-nicht-die-abschaffung-des-nrnberger-kodex-gefordert\/#primaryimage"},"image":{"@id":"https:\/\/belux.edmo.eu\/de\/nein-ursula-von-der-leyen-hat-nicht-die-abschaffung-des-nrnberger-kodex-gefordert\/#primaryimage"},"thumbnailUrl":"","datePublished":"2022-02-11T10:40:33+00:00","dateModified":"2022-06-30T13:17:17+00:00","breadcrumb":{"@id":"https:\/\/belux.edmo.eu\/de\/nein-ursula-von-der-leyen-hat-nicht-die-abschaffung-des-nrnberger-kodex-gefordert\/#breadcrumb"},"inLanguage":"de-DE","potentialAction":[{"@type":"ReadAction","target":["https:\/\/belux.edmo.eu\/de\/nein-ursula-von-der-leyen-hat-nicht-die-abschaffung-des-nrnberger-kodex-gefordert\/"]}]},{"@type":"ImageObject","inLanguage":"de-DE","@id":"https:\/\/belux.edmo.eu\/de\/nein-ursula-von-der-leyen-hat-nicht-die-abschaffung-des-nrnberger-kodex-gefordert\/#primaryimage","url":"","contentUrl":""},{"@type":"BreadcrumbList","@id":"https:\/\/belux.edmo.eu\/de\/nein-ursula-von-der-leyen-hat-nicht-die-abschaffung-des-nrnberger-kodex-gefordert\/#breadcrumb","itemListElement":[{"@type":"ListItem","position":1,"name":"Home","item":"https:\/\/belux.edmo.eu\/de\/"},{"@type":"ListItem","position":2,"name":"Nein, Ursula von der Leyen hat nicht die Abschaffung des N\u00fcrnberger Kodex gefordert"}]},{"@type":"WebSite","@id":"https:\/\/belux.edmo.eu\/#website","url":"https:\/\/belux.edmo.eu\/","name":"EDMO Belux","description":"Monitoring Disinformation in Belgium and Luxembourg","publisher":{"@id":"https:\/\/belux.edmo.eu\/#organization"},"potentialAction":[{"@type":"SearchAction","target":{"@type":"EntryPoint","urlTemplate":"https:\/\/belux.edmo.eu\/?s={search_term_string}"},"query-input":{"@type":"PropertyValueSpecification","valueRequired":true,"valueName":"search_term_string"}}],"inLanguage":"de-DE"},{"@type":"Organization","@id":"https:\/\/belux.edmo.eu\/#organization","name":"EDMO Belux","url":"https:\/\/belux.edmo.eu\/","logo":{"@type":"ImageObject","inLanguage":"de-DE","@id":"https:\/\/belux.edmo.eu\/#\/schema\/logo\/image\/","url":"https:\/\/belux.edmo.eu\/wp-content\/uploads\/2021\/12\/belux-logo-full-color-rgb.svg","contentUrl":"https:\/\/belux.edmo.eu\/wp-content\/uploads\/2021\/12\/belux-logo-full-color-rgb.svg","width":1,"height":1,"caption":"EDMO Belux"},"image":{"@id":"https:\/\/belux.edmo.eu\/#\/schema\/logo\/image\/"},"sameAs":["https:\/\/x.com\/Edmo_Belux"]},{"@type":"Person","@id":"https:\/\/belux.edmo.eu\/#\/schema\/person\/dbe3b252258537fd318f9b5645a30342","name":"master","sameAs":["https:\/\/belux.wpengine.com"],"url":"https:\/\/belux.edmo.eu\/de\/author\/master\/"}]}},"menu_order":0,"_links":{"self":[{"href":"https:\/\/belux.edmo.eu\/de\/wp-json\/wp\/v2\/posts\/11781","targetHints":{"allow":["GET"]}}],"collection":[{"href":"https:\/\/belux.edmo.eu\/de\/wp-json\/wp\/v2\/posts"}],"about":[{"href":"https:\/\/belux.edmo.eu\/de\/wp-json\/wp\/v2\/types\/post"}],"author":[{"embeddable":true,"href":"https:\/\/belux.edmo.eu\/de\/wp-json\/wp\/v2\/users\/1"}],"replies":[{"embeddable":true,"href":"https:\/\/belux.edmo.eu\/de\/wp-json\/wp\/v2\/comments?post=11781"}],"version-history":[{"count":0,"href":"https:\/\/belux.edmo.eu\/de\/wp-json\/wp\/v2\/posts\/11781\/revisions"}],"wp:featuredmedia":[{"embeddable":true,"href":"https:\/\/belux.edmo.eu\/de\/wp-json\/"}],"wp:attachment":[{"href":"https:\/\/belux.edmo.eu\/de\/wp-json\/wp\/v2\/media?parent=11781"}],"wp:term":[{"taxonomy":"category","embeddable":true,"href":"https:\/\/belux.edmo.eu\/de\/wp-json\/wp\/v2\/categories?post=11781"},{"taxonomy":"post_tag","embeddable":true,"href":"https:\/\/belux.edmo.eu\/de\/wp-json\/wp\/v2\/tags?post=11781"}],"curies":[{"name":"wp","href":"https:\/\/api.w.org\/{rel}","templated":true}]}}