{"id":120777,"date":"2022-09-02T08:00:34","date_gmt":"2022-09-02T08:00:34","guid":{"rendered":"https:\/\/belux.edmo.eu\/?p=120777"},"modified":"2022-09-02T13:22:20","modified_gmt":"2022-09-02T13:22:20","slug":"dieses-foto-einer-tankstelle-auf-teneriffa-ist-nicht-aktuell","status":"publish","type":"post","link":"https:\/\/belux.edmo.eu\/de\/dieses-foto-einer-tankstelle-auf-teneriffa-ist-nicht-aktuell\/","title":{"rendered":"Dieses Foto einer Tankstelle auf Teneriffa ist nicht aktuell"},"content":{"rendered":"<p><b>Der russische \u00dcberfall auf die Ukraine hat weltweit zu gestiegenen Energie- und Benzinpreisen gef\u00fchrt. In sozialen Netzwerken kursiert ein Foto, das zeigen soll, wie g\u00fcnstig derzeit Sprit auf der spanischen Insel Teneriffa ist. Doch das Foto ist jedoch alt und zeigt eine Tankstelle, die seit Jahren nicht mehr existiert. Auch auf den Kanaren m\u00fcssen Autofahrerinnen und Autofahrer deutlich mehr f\u00fcr einen Liter Sprit zahlen als vor dem Krieg.<\/b><\/p>\n<p>Tausende Nutzerinnen und Nutzer haben seit Mitte August ein mittlerweile gel\u00f6schtes Foto auf <a href=\"https:\/\/archive.ph\/SCAG6\" shape=\"rect\">Facebook<\/a> geteilt, auf dem angeblich die Preisanzeige einer Tankstelle des US-amerikanischen Konzerns Shell auf Teneriffa zu sehen ist.<\/p>\n<p><strong>Die Behauptung:<\/strong>Das Posting zeigt die Preistafel einer Shell-Tankstelle. Der Preis f\u00fcr einen Liter Diesel wird darauf mit 0,928 Euro, der Preis f\u00fcr einen Liter Super mit 0,978 Euro angegeben. Im Beitragstext hei\u00dft es: &#8222;Das sind die aktuellen Benzinpreise auf Teneriffa Deutschland kotzt einen langsam an!!!&#8220;<\/p>\n<div id=\"wysiwyg\" class=\"www-item image\"><img class=\"lazyload blur-up\" src=\"https:\/\/belux.edmo.eu\/wp-content\/uploads\/2022\/09\/fd7589228cd5a7da46fad3cde23644e6bc4c8a4d-ipad.jpg\" data-original=\"\" \/><span class=\"legend\">Screenshot der Behauptung auf Facebook: 31.08.2022<\/span><\/div>\n<p>Eine <a href=\"https:\/\/www.youtube.com\/watch?v=W9JkBkOE0TM\" shape=\"rect\">Bilderr\u00fcckw\u00e4rtssuche<\/a> mit dem Foto f\u00fchrte zu einem Beitrag des lokalen deutschsprachigen Nachrichtenportals <a href=\"https:\/\/archive.ph\/oQ5RC\" shape=\"rect\">&#8222;Teneriffa News&#8220;<\/a> vom 3. Juni 2018. Scheinbar war das Bild zu diesem Zeitpunkt das Bild bereits mehrere Jahre alt. In der Bildunterschrift hei\u00dft es: &#8222;Von solchen Benzinpreisen, wie hier vor einigen Jahren in Santa Cruz auf Teneriffa, kann man auf den Kanaren derzeit nur tr\u00e4umen.&#8220; Zudem wird das Foto hier als &#8222;Archivbild&#8220; bezeichnet.<\/p>\n<p>Das Portal benutzt das Bild der Shell-Tankstelle offenbar regelm\u00e4\u00dfig f\u00fcr seine Berichterstattung, wenn es um die Benzinpreise auf dem Archipel geht (<a href=\"https:\/\/archive.ph\/F7JZ0\" shape=\"rect\">hier<\/a>, <a href=\"https:\/\/archive.ph\/ulJN1\" shape=\"rect\">hier<\/a>). So auch in einem Artikel \u00fcber die aktuellen Spritpreise auf den Kanaren vom 16. August 2022. Auf seiner <a href=\"https:\/\/archive.ph\/Tw8vR\" shape=\"rect\">Facebook-Seite<\/a> k\u00fcndigte &#8222;Teneriffa News&#8220; diesen Beitrag mit den Worten &#8222;Das ist der aktuelle Spritpreis und die Prognose f\u00fcr die weitere Entwicklung&#8220; an, was den Eindruck erweckt, die Preise auf dem Archivbild seien aktuell.<\/p>\n<p><b>Tankstelle existiert seit 2019 nicht mehr<\/b><\/p>\n<p>Eine Google-Suche nach der konkreten Tankstellenfiliale in der Inselhauptstadt Santa Cruz auf Teneriffa ergab keine passenden Treffer. W\u00e4hrend der aktuell geteilte Facebook-Beitrag nur einen Ausschnitt der Szene zeigt, ist auf dem Foto auf &#8222;Teneriffa News&#8220; der Hintergrund besser zu erkennen. Hinter der Tankstelle befindet sich eine Filiale der Bank Ing Direct. Dieselbe Filiale findet sich in der <a href=\"https:\/\/goo.gl\/maps\/ZeMhDqUiET6f3x1W6\" shape=\"rect\">Avenida la Salle 42<\/a> in Santa Cruz. Im September 2021 hat Google Street View den Ort erfasst.<\/p>\n<p>Allerdings findet sich hier keine Shell-Tankstelle mehr, sondern eine Ladestation f\u00fcr E-Autos. Der spanische Mineral\u00f6lkonzern Disa er\u00f6ffnete hier im <a href=\"https:\/\/www.disagrupo.es\/conoce\/noticias\/2019\/01\/10\/disa-inaugura-primera-electrolinera-restaurante-rodilla-canarias\" shape=\"rect\">Januar 2019<\/a> eine E-Tankstelle. Das Foto kann demnach nicht aktuell aufgenommen worden sein.<\/p>\n<div class=\"g2web\" style=\"text-align: center;\">\n<iframe style=\"border: 0;\" src=\"https:\/\/www.google.com\/maps\/embed?pb=!4v1661954142872!6m8!1m7!1sTA2aR_G2xIn7Z2ROdEtZpw!2m2!1d28.45916228306769!2d-16.2565805691956!3f271.1586588237019!4f-3.0597743576984158!5f0.7820865974627469\" width=\"600\" height=\"450\" frameborder=\"1\" scrolling=\"auto\" allowfullscreen=\"allowfullscreen\" data-mce-fragment=\"1\"><\/iframe><\/div>\n<p>Auch in Spanien und auf den zu Spanien geh\u00f6renden Kanarischen Inseln sind die Spritpreise in den vergangenen Monaten stark gestiegen. Nach Angaben des europ\u00e4ischen Benzinpreisportals <a href=\"https:\/\/es.fuelo.net\/fuel\/type\/gasoline?lang=en\" shape=\"rect\">&#8222;Fuelo&#8220;<\/a> kostete in Spanien ein Liter Super am 30. August 2022 im Schnitt etwa 1,862 Euro. Knapp drei Wochen zuvor, am 9. August 2022, kostete der Liter noch 2,125 Euro.<\/p>\n<p>In der Umgebung von Santa Cruz befinden sich laut Google drei Shell-Tankstellen (<a href=\"https:\/\/archive.ph\/xQHGb\" shape=\"rect\">hier<\/a>, <a href=\"https:\/\/archive.ph\/Xt15x\" shape=\"rect\">hier <\/a>und <a href=\"https:\/\/archive.ph\/blmiU\" shape=\"rect\">hier<\/a>). Nach Angaben des Vergleichsportals &#8222;Benzinpreis-Blitz&#8220; kostete der Liter Super dort Ende August zwischen 1,435 und 1,523 Euro, der Liter Diesel zwischen 1,475 und 1,542 Euro. Der g\u00fcnstigste Preis, den AFP aktuell auf Teneriffa finden konnte, lag nach Angaben des staatlichen <a href=\"https:\/\/geoportalgasolineras.es\/#\/Inicio\" target=\"_blank\" rel=\"noopener\" shape=\"rect\">spanischen Benzinpreisportals<\/a> am 1. September bei 1,319 Euro f\u00fcr einen Liter Super. Das liegt allerdings noch deutlich \u00fcber den im Bild gezeigten 0,978 Euro pro Liter. Zum Vergleich: In Deutschland kostete der Liter Super E10 am 31. August 2022 laut <a href=\"https:\/\/archive.ph\/5qej3\" shape=\"rect\">&#8222;Benzinpreis-Blitz&#8220;<\/a> im Schnitt 1,790 Euro, der Liter Diesel 2,091 Euro.<\/p>\n<p><strong>Fazit:<\/strong>Das Foto zeigt nicht die aktuellen Spritpreise auf Teneriffa. Es entstand vor 2018 und zeigt eine Tankstelle, die heute sp\u00e4testens seit September 2021 nicht mehr existiert. Die aktuellen Kraftstoffpreise in Spanien und Teneriffa liegen deutlich h\u00f6her als in dem Posting behauptet.<\/p>\n","protected":false},"excerpt":{"rendered":"<p>Tausende Nutzerinnen und Nutzer haben seit Mitte August ein mittlerweile gel\u00f6schtes Foto auf Facebook geteilt, auf dem angeblich die Preisanzeige einer Tankstelle des US-amerikanischen Konzerns Shell auf Teneriffa zu sehen ist.<\/p>\n","protected":false},"author":1,"featured_media":120772,"comment_status":"closed","ping_status":"open","sticky":false,"template":"","format":"standard","meta":{"_acf_changed":false,"footnotes":""},"categories":[127,215,172],"tags":[],"class_list":{"0":"post-120777","1":"post","2":"type-post","3":"status-publish","4":"format-standard","5":"has-post-thumbnail","7":"category-fact-check-de","8":"category-ukraine-de","9":"category-wirtschaft-de"},"acf":{"show_metatags":true,"id":"doc-32hg3mn-1","authors":"Feliks TODTMANN, AFP Deutschland","organization":"AFP","featured_image_copyright":"AFP","text_copyright":"\u00a9 AGENCE FRANCE-PRESSE | 2022 | Alle Rechte vorbehalten. Jede Nutzung von AFP-Inhalten auf dieser Website unterliegt den Nutzungsbedingungen auf <a href='https:\/\/www.afp.com\/en\/terms-use' target='_blank'>CGU<\/a>. Durch den Zugriff auf die auf dieser Website verf\u00fcgbaren AFP-Inhalte und\/oder deren Nutzung erkl\u00e4ren Sie sich mit den oben genannten Nutzungsbedingungen einverstanden. Jede Nutzung von AFP-Inhalten erfolgt unter Ihrer alleinigen und vollen Verantwortung.","source":"https:\/\/faktencheck.afp.com\/doc.afp.com.32HG3MN","fact_checker":"https:\/\/belux.wpengine.com\/wp-content\/uploads\/2021\/12\/afp_logo.png","type":"Closed Event","location":"","start_date":"","start_date_event_begins_at":"","start_date_event_ends_at":"","end_date":"","end_date_event_begins_at":"","end_date_event_ends_at":"","organizer":"","fact_checker_logo_image":false},"yoast_head":"<!-- This site is optimized with the Yoast SEO plugin v27.0 - https:\/\/yoast.com\/product\/yoast-seo-wordpress\/ -->\n<title>Dieses Foto einer Tankstelle auf Teneriffa ist nicht aktuell - EDMO Belux<\/title>\n<meta name=\"robots\" content=\"index, follow, max-snippet:-1, max-image-preview:large, max-video-preview:-1\" \/>\n<link rel=\"canonical\" href=\"https:\/\/belux.edmo.eu\/de\/dieses-foto-einer-tankstelle-auf-teneriffa-ist-nicht-aktuell\/\" \/>\n<meta property=\"og:locale\" content=\"de_DE\" \/>\n<meta property=\"og:type\" content=\"article\" \/>\n<meta property=\"og:title\" content=\"Dieses Foto einer Tankstelle auf Teneriffa ist nicht aktuell - EDMO Belux\" \/>\n<meta property=\"og:description\" content=\"Tausende Nutzerinnen und Nutzer haben seit Mitte August ein mittlerweile gel\u00f6schtes Foto auf Facebook geteilt, auf dem angeblich die Preisanzeige einer Tankstelle des US-amerikanischen Konzerns Shell auf Teneriffa zu sehen ist.\" \/>\n<meta property=\"og:url\" content=\"https:\/\/belux.edmo.eu\/de\/dieses-foto-einer-tankstelle-auf-teneriffa-ist-nicht-aktuell\/\" \/>\n<meta property=\"og:site_name\" content=\"EDMO Belux\" \/>\n<meta property=\"article:published_time\" content=\"2022-09-02T08:00:34+00:00\" \/>\n<meta property=\"article:modified_time\" content=\"2022-09-02T13:22:20+00:00\" \/>\n<meta property=\"og:image\" content=\"https:\/\/belux.edmo.eu\/wp-content\/uploads\/2022\/09\/72c3351e14dd100d95fbeca32edf565a48ffc845-ipad.jpg\" \/>\n\t<meta property=\"og:image:width\" content=\"1080\" \/>\n\t<meta property=\"og:image:height\" content=\"540\" \/>\n\t<meta property=\"og:image:type\" content=\"image\/jpeg\" \/>\n<meta name=\"author\" content=\"master\" \/>\n<meta name=\"twitter:card\" content=\"summary_large_image\" \/>\n<meta name=\"twitter:creator\" content=\"@Edmo_Belux\" \/>\n<meta name=\"twitter:site\" content=\"@Edmo_Belux\" \/>\n<meta name=\"twitter:label1\" content=\"Verfasst von\" \/>\n\t<meta name=\"twitter:data1\" content=\"master\" \/>\n\t<meta name=\"twitter:label2\" content=\"Gesch\u00e4tzte Lesezeit\" \/>\n\t<meta name=\"twitter:data2\" content=\"3 Minuten\" \/>\n<script type=\"application\/ld+json\" class=\"yoast-schema-graph\">{\"@context\":\"https:\/\/schema.org\",\"@graph\":[{\"@type\":\"Article\",\"@id\":\"https:\/\/belux.edmo.eu\/de\/dieses-foto-einer-tankstelle-auf-teneriffa-ist-nicht-aktuell\/#article\",\"isPartOf\":{\"@id\":\"https:\/\/belux.edmo.eu\/de\/dieses-foto-einer-tankstelle-auf-teneriffa-ist-nicht-aktuell\/\"},\"author\":{\"name\":\"master\",\"@id\":\"https:\/\/belux.edmo.eu\/#\/schema\/person\/dbe3b252258537fd318f9b5645a30342\"},\"headline\":\"Dieses Foto einer Tankstelle auf Teneriffa ist nicht aktuell\",\"datePublished\":\"2022-09-02T08:00:34+00:00\",\"dateModified\":\"2022-09-02T13:22:20+00:00\",\"mainEntityOfPage\":{\"@id\":\"https:\/\/belux.edmo.eu\/de\/dieses-foto-einer-tankstelle-auf-teneriffa-ist-nicht-aktuell\/\"},\"wordCount\":612,\"publisher\":{\"@id\":\"https:\/\/belux.edmo.eu\/#organization\"},\"image\":{\"@id\":\"https:\/\/belux.edmo.eu\/de\/dieses-foto-einer-tankstelle-auf-teneriffa-ist-nicht-aktuell\/#primaryimage\"},\"thumbnailUrl\":\"https:\/\/belux.edmo.eu\/wp-content\/uploads\/2022\/09\/72c3351e14dd100d95fbeca32edf565a48ffc845-ipad.jpg\",\"articleSection\":[\"Fact Check\",\"Ukraine\",\"Wirtschaft\"],\"inLanguage\":\"de-DE\"},{\"@type\":\"WebPage\",\"@id\":\"https:\/\/belux.edmo.eu\/de\/dieses-foto-einer-tankstelle-auf-teneriffa-ist-nicht-aktuell\/\",\"url\":\"https:\/\/belux.edmo.eu\/de\/dieses-foto-einer-tankstelle-auf-teneriffa-ist-nicht-aktuell\/\",\"name\":\"Dieses Foto einer Tankstelle auf Teneriffa ist nicht aktuell - EDMO Belux\",\"isPartOf\":{\"@id\":\"https:\/\/belux.edmo.eu\/#website\"},\"primaryImageOfPage\":{\"@id\":\"https:\/\/belux.edmo.eu\/de\/dieses-foto-einer-tankstelle-auf-teneriffa-ist-nicht-aktuell\/#primaryimage\"},\"image\":{\"@id\":\"https:\/\/belux.edmo.eu\/de\/dieses-foto-einer-tankstelle-auf-teneriffa-ist-nicht-aktuell\/#primaryimage\"},\"thumbnailUrl\":\"https:\/\/belux.edmo.eu\/wp-content\/uploads\/2022\/09\/72c3351e14dd100d95fbeca32edf565a48ffc845-ipad.jpg\",\"datePublished\":\"2022-09-02T08:00:34+00:00\",\"dateModified\":\"2022-09-02T13:22:20+00:00\",\"breadcrumb\":{\"@id\":\"https:\/\/belux.edmo.eu\/de\/dieses-foto-einer-tankstelle-auf-teneriffa-ist-nicht-aktuell\/#breadcrumb\"},\"inLanguage\":\"de-DE\",\"potentialAction\":[{\"@type\":\"ReadAction\",\"target\":[\"https:\/\/belux.edmo.eu\/de\/dieses-foto-einer-tankstelle-auf-teneriffa-ist-nicht-aktuell\/\"]}]},{\"@type\":\"ImageObject\",\"inLanguage\":\"de-DE\",\"@id\":\"https:\/\/belux.edmo.eu\/de\/dieses-foto-einer-tankstelle-auf-teneriffa-ist-nicht-aktuell\/#primaryimage\",\"url\":\"https:\/\/belux.edmo.eu\/wp-content\/uploads\/2022\/09\/72c3351e14dd100d95fbeca32edf565a48ffc845-ipad.jpg\",\"contentUrl\":\"https:\/\/belux.edmo.eu\/wp-content\/uploads\/2022\/09\/72c3351e14dd100d95fbeca32edf565a48ffc845-ipad.jpg\",\"width\":1080,\"height\":540,\"caption\":\"Dieses Foto einer Tankstelle auf Teneriffa ist nicht aktuell - Featured image\"},{\"@type\":\"BreadcrumbList\",\"@id\":\"https:\/\/belux.edmo.eu\/de\/dieses-foto-einer-tankstelle-auf-teneriffa-ist-nicht-aktuell\/#breadcrumb\",\"itemListElement\":[{\"@type\":\"ListItem\",\"position\":1,\"name\":\"Home\",\"item\":\"https:\/\/belux.edmo.eu\/de\/\"},{\"@type\":\"ListItem\",\"position\":2,\"name\":\"Dieses Foto einer Tankstelle auf Teneriffa ist nicht aktuell\"}]},{\"@type\":\"WebSite\",\"@id\":\"https:\/\/belux.edmo.eu\/#website\",\"url\":\"https:\/\/belux.edmo.eu\/\",\"name\":\"EDMO Belux\",\"description\":\"Monitoring Disinformation in Belgium and Luxembourg\",\"publisher\":{\"@id\":\"https:\/\/belux.edmo.eu\/#organization\"},\"potentialAction\":[{\"@type\":\"SearchAction\",\"target\":{\"@type\":\"EntryPoint\",\"urlTemplate\":\"https:\/\/belux.edmo.eu\/?s={search_term_string}\"},\"query-input\":{\"@type\":\"PropertyValueSpecification\",\"valueRequired\":true,\"valueName\":\"search_term_string\"}}],\"inLanguage\":\"de-DE\"},{\"@type\":\"Organization\",\"@id\":\"https:\/\/belux.edmo.eu\/#organization\",\"name\":\"EDMO Belux\",\"url\":\"https:\/\/belux.edmo.eu\/\",\"logo\":{\"@type\":\"ImageObject\",\"inLanguage\":\"de-DE\",\"@id\":\"https:\/\/belux.edmo.eu\/#\/schema\/logo\/image\/\",\"url\":\"https:\/\/belux.edmo.eu\/wp-content\/uploads\/2021\/12\/belux-logo-full-color-rgb.svg\",\"contentUrl\":\"https:\/\/belux.edmo.eu\/wp-content\/uploads\/2021\/12\/belux-logo-full-color-rgb.svg\",\"width\":1,\"height\":1,\"caption\":\"EDMO Belux\"},\"image\":{\"@id\":\"https:\/\/belux.edmo.eu\/#\/schema\/logo\/image\/\"},\"sameAs\":[\"https:\/\/x.com\/Edmo_Belux\"]},{\"@type\":\"Person\",\"@id\":\"https:\/\/belux.edmo.eu\/#\/schema\/person\/dbe3b252258537fd318f9b5645a30342\",\"name\":\"master\",\"sameAs\":[\"https:\/\/belux.wpengine.com\"],\"url\":\"https:\/\/belux.edmo.eu\/de\/author\/master\/\"}]}<\/script>\n<!-- \/ Yoast SEO plugin. -->","yoast_head_json":{"title":"Dieses Foto einer Tankstelle auf Teneriffa ist nicht aktuell - EDMO Belux","robots":{"index":"index","follow":"follow","max-snippet":"max-snippet:-1","max-image-preview":"max-image-preview:large","max-video-preview":"max-video-preview:-1"},"canonical":"https:\/\/belux.edmo.eu\/de\/dieses-foto-einer-tankstelle-auf-teneriffa-ist-nicht-aktuell\/","og_locale":"de_DE","og_type":"article","og_title":"Dieses Foto einer Tankstelle auf Teneriffa ist nicht aktuell - EDMO Belux","og_description":"Tausende Nutzerinnen und Nutzer haben seit Mitte August ein mittlerweile gel\u00f6schtes Foto auf Facebook geteilt, auf dem angeblich die Preisanzeige einer Tankstelle des US-amerikanischen Konzerns Shell auf Teneriffa zu sehen ist.","og_url":"https:\/\/belux.edmo.eu\/de\/dieses-foto-einer-tankstelle-auf-teneriffa-ist-nicht-aktuell\/","og_site_name":"EDMO Belux","article_published_time":"2022-09-02T08:00:34+00:00","article_modified_time":"2022-09-02T13:22:20+00:00","og_image":[{"width":1080,"height":540,"url":"https:\/\/belux.edmo.eu\/wp-content\/uploads\/2022\/09\/72c3351e14dd100d95fbeca32edf565a48ffc845-ipad.jpg","type":"image\/jpeg"}],"author":"master","twitter_card":"summary_large_image","twitter_creator":"@Edmo_Belux","twitter_site":"@Edmo_Belux","twitter_misc":{"Verfasst von":"master","Gesch\u00e4tzte Lesezeit":"3 Minuten"},"schema":{"@context":"https:\/\/schema.org","@graph":[{"@type":"Article","@id":"https:\/\/belux.edmo.eu\/de\/dieses-foto-einer-tankstelle-auf-teneriffa-ist-nicht-aktuell\/#article","isPartOf":{"@id":"https:\/\/belux.edmo.eu\/de\/dieses-foto-einer-tankstelle-auf-teneriffa-ist-nicht-aktuell\/"},"author":{"name":"master","@id":"https:\/\/belux.edmo.eu\/#\/schema\/person\/dbe3b252258537fd318f9b5645a30342"},"headline":"Dieses Foto einer Tankstelle auf Teneriffa ist nicht aktuell","datePublished":"2022-09-02T08:00:34+00:00","dateModified":"2022-09-02T13:22:20+00:00","mainEntityOfPage":{"@id":"https:\/\/belux.edmo.eu\/de\/dieses-foto-einer-tankstelle-auf-teneriffa-ist-nicht-aktuell\/"},"wordCount":612,"publisher":{"@id":"https:\/\/belux.edmo.eu\/#organization"},"image":{"@id":"https:\/\/belux.edmo.eu\/de\/dieses-foto-einer-tankstelle-auf-teneriffa-ist-nicht-aktuell\/#primaryimage"},"thumbnailUrl":"https:\/\/belux.edmo.eu\/wp-content\/uploads\/2022\/09\/72c3351e14dd100d95fbeca32edf565a48ffc845-ipad.jpg","articleSection":["Fact Check","Ukraine","Wirtschaft"],"inLanguage":"de-DE"},{"@type":"WebPage","@id":"https:\/\/belux.edmo.eu\/de\/dieses-foto-einer-tankstelle-auf-teneriffa-ist-nicht-aktuell\/","url":"https:\/\/belux.edmo.eu\/de\/dieses-foto-einer-tankstelle-auf-teneriffa-ist-nicht-aktuell\/","name":"Dieses Foto einer Tankstelle auf Teneriffa ist nicht aktuell - EDMO Belux","isPartOf":{"@id":"https:\/\/belux.edmo.eu\/#website"},"primaryImageOfPage":{"@id":"https:\/\/belux.edmo.eu\/de\/dieses-foto-einer-tankstelle-auf-teneriffa-ist-nicht-aktuell\/#primaryimage"},"image":{"@id":"https:\/\/belux.edmo.eu\/de\/dieses-foto-einer-tankstelle-auf-teneriffa-ist-nicht-aktuell\/#primaryimage"},"thumbnailUrl":"https:\/\/belux.edmo.eu\/wp-content\/uploads\/2022\/09\/72c3351e14dd100d95fbeca32edf565a48ffc845-ipad.jpg","datePublished":"2022-09-02T08:00:34+00:00","dateModified":"2022-09-02T13:22:20+00:00","breadcrumb":{"@id":"https:\/\/belux.edmo.eu\/de\/dieses-foto-einer-tankstelle-auf-teneriffa-ist-nicht-aktuell\/#breadcrumb"},"inLanguage":"de-DE","potentialAction":[{"@type":"ReadAction","target":["https:\/\/belux.edmo.eu\/de\/dieses-foto-einer-tankstelle-auf-teneriffa-ist-nicht-aktuell\/"]}]},{"@type":"ImageObject","inLanguage":"de-DE","@id":"https:\/\/belux.edmo.eu\/de\/dieses-foto-einer-tankstelle-auf-teneriffa-ist-nicht-aktuell\/#primaryimage","url":"https:\/\/belux.edmo.eu\/wp-content\/uploads\/2022\/09\/72c3351e14dd100d95fbeca32edf565a48ffc845-ipad.jpg","contentUrl":"https:\/\/belux.edmo.eu\/wp-content\/uploads\/2022\/09\/72c3351e14dd100d95fbeca32edf565a48ffc845-ipad.jpg","width":1080,"height":540,"caption":"Dieses Foto einer Tankstelle auf Teneriffa ist nicht aktuell - Featured image"},{"@type":"BreadcrumbList","@id":"https:\/\/belux.edmo.eu\/de\/dieses-foto-einer-tankstelle-auf-teneriffa-ist-nicht-aktuell\/#breadcrumb","itemListElement":[{"@type":"ListItem","position":1,"name":"Home","item":"https:\/\/belux.edmo.eu\/de\/"},{"@type":"ListItem","position":2,"name":"Dieses Foto einer Tankstelle auf Teneriffa ist nicht aktuell"}]},{"@type":"WebSite","@id":"https:\/\/belux.edmo.eu\/#website","url":"https:\/\/belux.edmo.eu\/","name":"EDMO Belux","description":"Monitoring Disinformation in Belgium and Luxembourg","publisher":{"@id":"https:\/\/belux.edmo.eu\/#organization"},"potentialAction":[{"@type":"SearchAction","target":{"@type":"EntryPoint","urlTemplate":"https:\/\/belux.edmo.eu\/?s={search_term_string}"},"query-input":{"@type":"PropertyValueSpecification","valueRequired":true,"valueName":"search_term_string"}}],"inLanguage":"de-DE"},{"@type":"Organization","@id":"https:\/\/belux.edmo.eu\/#organization","name":"EDMO Belux","url":"https:\/\/belux.edmo.eu\/","logo":{"@type":"ImageObject","inLanguage":"de-DE","@id":"https:\/\/belux.edmo.eu\/#\/schema\/logo\/image\/","url":"https:\/\/belux.edmo.eu\/wp-content\/uploads\/2021\/12\/belux-logo-full-color-rgb.svg","contentUrl":"https:\/\/belux.edmo.eu\/wp-content\/uploads\/2021\/12\/belux-logo-full-color-rgb.svg","width":1,"height":1,"caption":"EDMO Belux"},"image":{"@id":"https:\/\/belux.edmo.eu\/#\/schema\/logo\/image\/"},"sameAs":["https:\/\/x.com\/Edmo_Belux"]},{"@type":"Person","@id":"https:\/\/belux.edmo.eu\/#\/schema\/person\/dbe3b252258537fd318f9b5645a30342","name":"master","sameAs":["https:\/\/belux.wpengine.com"],"url":"https:\/\/belux.edmo.eu\/de\/author\/master\/"}]}},"menu_order":0,"_links":{"self":[{"href":"https:\/\/belux.edmo.eu\/de\/wp-json\/wp\/v2\/posts\/120777","targetHints":{"allow":["GET"]}}],"collection":[{"href":"https:\/\/belux.edmo.eu\/de\/wp-json\/wp\/v2\/posts"}],"about":[{"href":"https:\/\/belux.edmo.eu\/de\/wp-json\/wp\/v2\/types\/post"}],"author":[{"embeddable":true,"href":"https:\/\/belux.edmo.eu\/de\/wp-json\/wp\/v2\/users\/1"}],"replies":[{"embeddable":true,"href":"https:\/\/belux.edmo.eu\/de\/wp-json\/wp\/v2\/comments?post=120777"}],"version-history":[{"count":0,"href":"https:\/\/belux.edmo.eu\/de\/wp-json\/wp\/v2\/posts\/120777\/revisions"}],"wp:featuredmedia":[{"embeddable":true,"href":"https:\/\/belux.edmo.eu\/de\/wp-json\/wp\/v2\/media\/120772"}],"wp:attachment":[{"href":"https:\/\/belux.edmo.eu\/de\/wp-json\/wp\/v2\/media?parent=120777"}],"wp:term":[{"taxonomy":"category","embeddable":true,"href":"https:\/\/belux.edmo.eu\/de\/wp-json\/wp\/v2\/categories?post=120777"},{"taxonomy":"post_tag","embeddable":true,"href":"https:\/\/belux.edmo.eu\/de\/wp-json\/wp\/v2\/tags?post=120777"}],"curies":[{"name":"wp","href":"https:\/\/api.w.org\/{rel}","templated":true}]}}