{"id":16733,"date":"2022-02-25T16:54:34","date_gmt":"2022-02-25T16:54:34","guid":{"rendered":"https:\/\/belux.wpengine.com\/?p=16733"},"modified":"2022-06-30T13:47:14","modified_gmt":"2022-06-30T13:47:14","slug":"dieses-foto-betender-christen-in-der-ukraine-ist-alt","status":"publish","type":"post","link":"https:\/\/belux.edmo.eu\/de\/dieses-foto-betender-christen-in-der-ukraine-ist-alt\/","title":{"rendered":"Dieses Foto betender Christen in der Ukraine ist alt"},"content":{"rendered":"<p><b>Hunderte Nutzerinnen und Nutzer haben Ende Februar ein Bild auf Facebook und Instagram verbreitet, das angeblich eine aktuelle Szene im Ukraine-Konflikt zeigen soll. Darauf zu sehen ist eine Menschenmenge, die im Schnee kniend betet. Die Aufnahme wird allerdings bereits seit Jahren online verbreitet.<\/b><\/p>\n<p>Ein Bild zeigt kleine Menschengr\u00fcppchen, die warm angezogen im Schnee knien und beten. Seit dem 20. Februar teilten Hunderte Nutzerinnen auf <a href=\"https:\/\/archive.is\/n1Zd1\" target=\"_blank\" rel=\"noopener\" shape=\"rect\">Facebook<\/a> die Aufnahme. Auf <a href=\"https:\/\/archive.is\/wxcMg\" target=\"_blank\" rel=\"noopener\" shape=\"rect\">Instagram<\/a> versahen Tausende das Bild mit einem Like. User verbreiteten die Aufnahme auch auf <a href=\"https:\/\/archive.is\/uwlnl\" target=\"_blank\" rel=\"noopener\" shape=\"rect\">Englisch<\/a>, <a href=\"https:\/\/archive.is\/LOnG9\" target=\"_blank\" rel=\"noopener\" shape=\"rect\">Portugiesisch<\/a>, <a href=\"https:\/\/archive.ph\/SUDqu\" target=\"_blank\" rel=\"noopener\" shape=\"rect\">Arabisch<\/a> oder <a href=\"https:\/\/archive.is\/MVgJK\" target=\"_blank\" rel=\"noopener\" shape=\"rect\">Spanisch<\/a>.<\/p>\n<p><strong>Die Behauptung:<\/strong> &#8222;Ukrainische Christen beten im Freien, im Schnee, f\u00fcr ihr Land in dieser Phase der Kriegsgefahr&#8220;, beschreiben die Postings die Szene. Dazu steht der Hashtag <a href=\"https:\/\/archive.is\/o\/n1Zd1\/https:\/www.facebook.com\/hashtag\/ukrainekonflikt?__eep__=6&amp;__cft__%5b0%5d=AZVeD9rZBT6_XKwxriTh0G_Pv9T0l0SQAsm-Ll7240PL9AYzS4jwtg5_6DBiFmpPEQB-DDLyNeQ-xEsF63XTLXnfMDPevhsQT4mJoByFahWZs6oJDmUMMXiFFtHkBC4MI__sir9AwqjWqTm-iAiwXhhE&amp;__tn__=*NK-R\" target=\"_blank\" rel=\"noopener\" shape=\"rect\">#UkraineKonflikt<\/a>.<\/p>\n<div id=\"wysiwyg\" class=\"ww-item image\"><img class=\"lazyload blur-up\" src=\"https:\/\/belux.wpengine.com\/wp-content\/uploads\/2022\/02\/2022022518-889eb78f5fe1a4120d3e4bd77d6e24d8.jpeg\" data-original=\"\" \/><span class=\"legend\">Facebook-Screenshot der Behauptung: 24.02.2022<\/span><\/div>\n<p><b>Angriff auf die Ukraine<\/b><\/p>\n<p>Nachdem sich der Konflikt um die Ukraine schon l\u00e4nger zugespitzt hatte, verk\u00fcndete der russische Pr\u00e4sident Wladimir Putin am 21. Februar die <a href=\"https:\/\/perma.cc\/G4DT-AYNP\" target=\"_blank\" rel=\"noopener\" shape=\"rect\">Anerkennung<\/a> der selbst ernannten &#8222;Volksrepubliken&#8220; Donezk und Luhansk in der Ostukraine. Kurze Zeit sp\u00e4ter ordnete er die <a href=\"https:\/\/perma.cc\/P7QR-4GCL\" target=\"_blank\" rel=\"noopener\" shape=\"rect\">Entsendung von Truppen<\/a> an. Am Morgen des 24. Februar 2022 begannen russischen Truppen mit dem Angriff auf die Ukraine. Am 25. Februar meldete die ukrainische Armee n\u00f6rdlich und \u00f6stlich von Kiew <a href=\"https:\/\/www.arte.tv\/de\/afp\/neuigkeiten\/kaempfe-noerdlichem-bezirk-der-hauptstadt-kiew\" target=\"_blank\" rel=\"noopener\" shape=\"rect\">K\u00e4mpfe<\/a> gegen vordringende russische Truppen.<\/p>\n<p>Zum Ukraine-Konflikt kursieren derzeit zahlreiche Bilder, die aus ihrem Kontext gerissen wurden. AFP zeigte beispielsweise, dass es sich bei angeblichen russischen <a href=\"https:\/\/factcheck.afp.com\/doc.afp.com.323T8CJ\" target=\"_blank\" rel=\"noopener\" shape=\"rect\">Milit\u00e4rflugzeugen \u00fcber der Ukraine<\/a>, genauso wie bei dem Bild eines angeblichen <a href=\"https:\/\/factcheck.afp.com\/doc.afp.com.323W3V8\" target=\"_blank\" rel=\"noopener\" shape=\"rect\">Luftangriffs<\/a> um alte Aufnahmen handelte. Ein Video von Soldaten, die angeblich mit <a href=\"\/doc.afp.com.323X6KK\" target=\"_blank\" rel=\"noopener\" shape=\"rect\">Fallschirmen<\/a> in der Ukraine landen, ist ebenfalls alt.<\/p>\n<p><b>Alte Aufnahme<\/b><\/p>\n<p>Eine R\u00fcckw\u00e4rtssuche nach dem nun geteilten Bild der betenden Menschen f\u00fchrte AFP zu mehreren Websites (<a href=\"https:\/\/perma.cc\/3QGK-3XQM\" target=\"_blank\" rel=\"noopener\" shape=\"rect\">hier<\/a>, <a href=\"https:\/\/perma.cc\/L2KH-76PA\" target=\"_blank\" rel=\"noopener\" shape=\"rect\">hier<\/a>), die das Bild bereits 2019 verwendeten.<\/p>\n<p>Ein <a href=\"https:\/\/perma.cc\/3QGK-3XQM\" target=\"_blank\" rel=\"noopener\" shape=\"rect\">Beitrag<\/a> des &#8222;International Mission Boards&#8220;, einer in den USA ans\u00e4ssigen baptistischen christlichen Missionsgesellschaft, vom September 2019, beschreibt, wie Ukrainerinnen und Ukrainer in Charkiw beten. Die Beitr\u00e4ge benutzen die Aufnahme der betenden Menschen, um Friedensgebete zu illustrieren, die seit 2014 &#8222;f\u00fcnf Jahre lang jeden Tag\u201d in der Stadt Charkiw stattfanden. Auch andere Websites berichteten \u00fcber die Andachten (<a href=\"https:\/\/tsn.ua\/ru\/ukrayina\/v-harkove-hristiane-uzhe-god-utrom-kolenopreklonenno-molyatsya-za-ukrainu-413640.html\" target=\"_blank\" rel=\"noopener\" shape=\"rect\">hier<\/a>, <a href=\"https:\/\/www.segodnya.ua\/regions\/kharkov\/desyatki-harkovchan-po-utram-molyatsya-na-ploshchadi-svobody-500902.html\" target=\"_blank\" rel=\"noopener\" shape=\"rect\">hier<\/a>, <a href=\"http:\/\/baznica.info\/2021\/03\/sem-let-v-xarkove-prodolzhaetsya-ezhednevnaya-molitva-za-ukrainu\/\" target=\"_blank\" rel=\"noopener\" shape=\"rect\">hier<\/a>).<\/p>\n<p>Hinter den betenden Menschen ist ein auff\u00e4lliges Geb\u00e4ude mit mehreren T\u00fcrmen zu sehen. Eine Suche danach zeigt, dass es sich um das Bauwerk <a href=\"https:\/\/whc.unesco.org\/en\/tentativelists\/6249\/\" target=\"_blank\" rel=\"noopener\" shape=\"rect\">Derschprom<\/a> am <a href=\"https:\/\/goo.gl\/maps\/YAq7VXr4FH6YxmMz9\" target=\"_blank\" rel=\"noopener\" shape=\"rect\">Freiheitsplatz<\/a> im Zentrum der ukrainischen Stadt Charkiw handelt. Auch der Beitrag von 2019 erw\u00e4hnt den Ort.<\/p>\n<div id=\"wysiwyg\" class=\"ww-item image\"><img class=\"lazyload blur-up\" src=\"https:\/\/belux.wpengine.com\/wp-content\/uploads\/2022\/02\/2022022518-dd982ef35c62d9abb54fa7d2afd3fbaa.jpeg\" data-original=\"\" \/><span class=\"legend\">Vergleich des aktuell geteilten Fotos (oben) und des Ortes auf Google Maps (unten)<\/span><\/div>\n<p>Au\u00dferdem f\u00e4llt auf, dass auf dem aktuellen geteilten Bild Schnee liegt. Das <a href=\"https:\/\/perma.cc\/4KGR-5E5N\" target=\"_blank\" rel=\"noopener\" shape=\"rect\">Wetter der vergangenen Tage in Charkiw<\/a> passt nicht dazu. Ein AFP-Foto aus Charkiw vom 20. Februar, dem Tag der Ver\u00f6ffentlichung der Postings, zeigt <a href=\"https:\/\/www.google.com\/maps\/place\/Independence+Monument+%22Ukraine+flying%22\/@49.9921435,36.2307152,3a,75y,90t\/data=!3m8!1e2!3m6!1sAF1QipNg-S2ulTXciSUXwLIT_ZGdf5X-YJO1L9b6F6ER!2e10!3e12!6shttps:%2F%2Flb.googleusercontent.com%2Fp%2FAF1QipNg-S2ulTXciSUXwLIT_ZGdf5X-YJO1L9b6F6ER%3Dw203-b52-k-no!7i3264!8i2448!4m9!1m2!2m1!1skharkiv+constitution+square!3m5!1s0x4127a0f06f9c731d:0xcabf759630b2fc52!8m2!3d49.9921436!4d36.230622!15sChtraGFya2l2IGNvbnN0aXR1dGlvbiBzcXVhcmVaHSIba2hhcmtpdiBjb25zdGl0dXRpb24gc3F1YXJlkgESdG91cmlzdF9hdHRyYWN0aW9umgEjQ2haRFNVaE5NRzluUzBWSlEwRm5TVU5EZVU4eWIwZFJFQUU\" target=\"_blank\" rel=\"noopener\" shape=\"rect\">in unmittelbarer N\u00e4he<\/a> einen schneefreien Platz.<\/p>\n<div id=\"wysiwyg\" class=\"ww-item image\"><img class=\"lazyload blur-up\" src=\"https:\/\/belux.wpengine.com\/wp-content\/uploads\/2022\/02\/2022022518-7b992159da84cccd1d9ef0fc469f0ffd.jpeg\" data-original=\"\" \/><span class=\"legend\">Charkiw am 20. Februar 2022 ( AFP \/ SERGEY BOBOK)<\/span><\/div>\n<p>Ein <a href=\"https:\/\/perma.cc\/PEE4-S2CW\" target=\"_blank\" rel=\"noopener\" shape=\"rect\">Beitrag<\/a> der Seite &#8222;Baptist Press&#8220; aus dem Jahr 2015 erkl\u00e4rt den Hintergrund der Gebete am Freiheitsplatz von Charkiw: &#8222;Sie kamen aus verschiedenen Teilen der Stadt und waren eine Mischung aus evangelischen und orthodoxen Gl\u00e4ubigen, aber sie hatten ein gemeinsames Ziel \u2013 f\u00fcr den Frieden in ihrer Stadt zu beten, die ganz in der N\u00e4he der Region liegt, in der ukrainische Soldaten und prorussische Separatisten um die Kontrolle \u00fcber die Ostukraine k\u00e4mpfen.&#8220;<\/p>\n<p>Seit der <a href=\"https:\/\/www.bpb.de\/kurz-knapp\/hintergrund-aktuell\/287565\/vor-fuenf-jahren-russlands-annexion-der-krim\/\" target=\"_blank\" rel=\"noopener\" shape=\"rect\">Annexion der Krim im Jahr 2014<\/a> k\u00e4mpft die ukrainische Armee in den \u00f6stlichen Regionen Donezk und Lugansk in der N\u00e4he von Charkiw gegen prorussische Separatisten in einem <a href=\"https:\/\/www.zeit.de\/politik\/ausland\/2022-02\/ostukraine-russland-separatisten-evakuierung\" target=\"_blank\" rel=\"noopener\" shape=\"rect\">Konflikt<\/a>, bei dem bisher mehr als 14.000 Menschen get\u00f6tet wurden.<\/p>\n<p><strong>Fazit:<\/strong> Das Bild zeigt Ukrainerinnen und Ukrainer beim Gebet in Charkiw. Es kursiert aber bereits seit 2019 online.<\/p>\n","protected":false},"excerpt":{"rendered":"<p>Ein Bild zeigt kleine Menschengr\u00fcppchen, die warm angezogen im Schnee knien und beten. Seit dem 20. Februar teilten Hunderte Nutzerinnen auf Facebook die Aufnahme. Auf Instagram versahen Tausende das Bild mit einem Like. User verbreiteten die Aufnahme auch auf Englisch, Portugiesisch, Arabisch oder Spanisch.<\/p>\n","protected":false},"author":1,"featured_media":53712,"comment_status":"closed","ping_status":"open","sticky":false,"template":"","format":"standard","meta":{"_acf_changed":false,"footnotes":""},"categories":[127,139,133,215],"tags":[],"class_list":{"0":"post-16733","1":"post","2":"type-post","3":"status-publish","4":"format-standard","5":"has-post-thumbnail","7":"category-fact-check-de","8":"category-gesellschaft-de","9":"category-politics-de","10":"category-ukraine-de"},"acf":{"show_metatags":true,"id":"47283","authors":"AFP Naher Osten und Nordafrika, AFP Kolumbien","organization":"AFP","featured_image_copyright":"","text_copyright":"\u00a9 AGENCE FRANCE-PRESSE | 2022 | Alle Rechte vorbehalten. Jede Nutzung von AFP-Inhalten auf dieser Website unterliegt den Nutzungsbedingungen auf <a href='https:\/\/www.afp.com\/en\/terms-use' target='_blank'>CGU<\/a>. Durch den Zugriff auf die auf dieser Website verf\u00fcgbaren AFP-Inhalte und\/oder deren Nutzung erkl\u00e4ren Sie sich mit den oben genannten Nutzungsbedingungen einverstanden. Jede Nutzung von AFP-Inhalten erfolgt unter Ihrer alleinigen und vollen Verantwortung.","source":"https:\/\/faktencheck.afp.com\/doc.afp.com.323X8DJ","fact_checker":"https:\/\/belux.wpengine.com\/wp-content\/uploads\/2021\/12\/afp_logo.png","fact_checker_logo_image":false,"type":"Closed Event","location":"","start_date":"","start_date_event_begins_at":"","start_date_event_ends_at":"","end_date":"","end_date_event_begins_at":"","end_date_event_ends_at":"","organizer":""},"yoast_head":"<!-- This site is optimized with the Yoast SEO plugin v27.0 - https:\/\/yoast.com\/product\/yoast-seo-wordpress\/ -->\n<title>Dieses Foto betender Christen in der Ukraine ist alt - EDMO Belux<\/title>\n<meta name=\"robots\" content=\"index, follow, max-snippet:-1, max-image-preview:large, max-video-preview:-1\" \/>\n<link rel=\"canonical\" href=\"https:\/\/belux.edmo.eu\/de\/dieses-foto-betender-christen-in-der-ukraine-ist-alt\/\" \/>\n<meta property=\"og:locale\" content=\"de_DE\" \/>\n<meta property=\"og:type\" content=\"article\" \/>\n<meta property=\"og:title\" content=\"Dieses Foto betender Christen in der Ukraine ist alt - EDMO Belux\" \/>\n<meta property=\"og:description\" content=\"Ein Bild zeigt kleine Menschengr\u00fcppchen, die warm angezogen im Schnee knien und beten. Seit dem 20. Februar teilten Hunderte Nutzerinnen auf Facebook die Aufnahme. Auf Instagram versahen Tausende das Bild mit einem Like. User verbreiteten die Aufnahme auch auf Englisch, Portugiesisch, Arabisch oder Spanisch.\" \/>\n<meta property=\"og:url\" content=\"https:\/\/belux.edmo.eu\/de\/dieses-foto-betender-christen-in-der-ukraine-ist-alt\/\" \/>\n<meta property=\"og:site_name\" content=\"EDMO Belux\" \/>\n<meta property=\"article:published_time\" content=\"2022-02-25T16:54:34+00:00\" \/>\n<meta property=\"article:modified_time\" content=\"2022-06-30T13:47:14+00:00\" \/>\n<meta property=\"og:image\" content=\"https:\/\/belux.edmo.eu\/wp-content\/uploads\/2022\/02\/ac51037e7feacc042000d338fb1f93c0-1.jpeg\" \/>\n\t<meta property=\"og:image:width\" content=\"1080\" \/>\n\t<meta property=\"og:image:height\" content=\"540\" \/>\n\t<meta property=\"og:image:type\" content=\"image\/jpeg\" \/>\n<meta name=\"author\" content=\"master\" \/>\n<meta name=\"twitter:card\" content=\"summary_large_image\" \/>\n<meta name=\"twitter:creator\" content=\"@Edmo_Belux\" \/>\n<meta name=\"twitter:site\" content=\"@Edmo_Belux\" \/>\n<meta name=\"twitter:label1\" content=\"Verfasst von\" \/>\n\t<meta name=\"twitter:data1\" content=\"master\" \/>\n\t<meta name=\"twitter:label2\" content=\"Gesch\u00e4tzte Lesezeit\" \/>\n\t<meta name=\"twitter:data2\" content=\"3 Minuten\" \/>\n<script type=\"application\/ld+json\" class=\"yoast-schema-graph\">{\"@context\":\"https:\/\/schema.org\",\"@graph\":[{\"@type\":\"Article\",\"@id\":\"https:\/\/belux.edmo.eu\/de\/dieses-foto-betender-christen-in-der-ukraine-ist-alt\/#article\",\"isPartOf\":{\"@id\":\"https:\/\/belux.edmo.eu\/de\/dieses-foto-betender-christen-in-der-ukraine-ist-alt\/\"},\"author\":{\"name\":\"master\",\"@id\":\"https:\/\/belux.edmo.eu\/#\/schema\/person\/dbe3b252258537fd318f9b5645a30342\"},\"headline\":\"Dieses Foto betender Christen in der Ukraine ist alt\",\"datePublished\":\"2022-02-25T16:54:34+00:00\",\"dateModified\":\"2022-06-30T13:47:14+00:00\",\"mainEntityOfPage\":{\"@id\":\"https:\/\/belux.edmo.eu\/de\/dieses-foto-betender-christen-in-der-ukraine-ist-alt\/\"},\"wordCount\":587,\"publisher\":{\"@id\":\"https:\/\/belux.edmo.eu\/#organization\"},\"image\":{\"@id\":\"https:\/\/belux.edmo.eu\/de\/dieses-foto-betender-christen-in-der-ukraine-ist-alt\/#primaryimage\"},\"thumbnailUrl\":\"https:\/\/belux.edmo.eu\/wp-content\/uploads\/2022\/02\/ac51037e7feacc042000d338fb1f93c0-1.jpeg\",\"articleSection\":[\"Fact Check\",\"Gesellschaft\",\"Politik\",\"Ukraine\"],\"inLanguage\":\"de-DE\"},{\"@type\":\"WebPage\",\"@id\":\"https:\/\/belux.edmo.eu\/de\/dieses-foto-betender-christen-in-der-ukraine-ist-alt\/\",\"url\":\"https:\/\/belux.edmo.eu\/de\/dieses-foto-betender-christen-in-der-ukraine-ist-alt\/\",\"name\":\"Dieses Foto betender Christen in der Ukraine ist alt - EDMO Belux\",\"isPartOf\":{\"@id\":\"https:\/\/belux.edmo.eu\/#website\"},\"primaryImageOfPage\":{\"@id\":\"https:\/\/belux.edmo.eu\/de\/dieses-foto-betender-christen-in-der-ukraine-ist-alt\/#primaryimage\"},\"image\":{\"@id\":\"https:\/\/belux.edmo.eu\/de\/dieses-foto-betender-christen-in-der-ukraine-ist-alt\/#primaryimage\"},\"thumbnailUrl\":\"https:\/\/belux.edmo.eu\/wp-content\/uploads\/2022\/02\/ac51037e7feacc042000d338fb1f93c0-1.jpeg\",\"datePublished\":\"2022-02-25T16:54:34+00:00\",\"dateModified\":\"2022-06-30T13:47:14+00:00\",\"breadcrumb\":{\"@id\":\"https:\/\/belux.edmo.eu\/de\/dieses-foto-betender-christen-in-der-ukraine-ist-alt\/#breadcrumb\"},\"inLanguage\":\"de-DE\",\"potentialAction\":[{\"@type\":\"ReadAction\",\"target\":[\"https:\/\/belux.edmo.eu\/de\/dieses-foto-betender-christen-in-der-ukraine-ist-alt\/\"]}]},{\"@type\":\"ImageObject\",\"inLanguage\":\"de-DE\",\"@id\":\"https:\/\/belux.edmo.eu\/de\/dieses-foto-betender-christen-in-der-ukraine-ist-alt\/#primaryimage\",\"url\":\"https:\/\/belux.edmo.eu\/wp-content\/uploads\/2022\/02\/ac51037e7feacc042000d338fb1f93c0-1.jpeg\",\"contentUrl\":\"https:\/\/belux.edmo.eu\/wp-content\/uploads\/2022\/02\/ac51037e7feacc042000d338fb1f93c0-1.jpeg\",\"width\":1080,\"height\":540},{\"@type\":\"BreadcrumbList\",\"@id\":\"https:\/\/belux.edmo.eu\/de\/dieses-foto-betender-christen-in-der-ukraine-ist-alt\/#breadcrumb\",\"itemListElement\":[{\"@type\":\"ListItem\",\"position\":1,\"name\":\"Home\",\"item\":\"https:\/\/belux.edmo.eu\/de\/\"},{\"@type\":\"ListItem\",\"position\":2,\"name\":\"Dieses Foto betender Christen in der Ukraine ist alt\"}]},{\"@type\":\"WebSite\",\"@id\":\"https:\/\/belux.edmo.eu\/#website\",\"url\":\"https:\/\/belux.edmo.eu\/\",\"name\":\"EDMO Belux\",\"description\":\"Monitoring Disinformation in Belgium and Luxembourg\",\"publisher\":{\"@id\":\"https:\/\/belux.edmo.eu\/#organization\"},\"potentialAction\":[{\"@type\":\"SearchAction\",\"target\":{\"@type\":\"EntryPoint\",\"urlTemplate\":\"https:\/\/belux.edmo.eu\/?s={search_term_string}\"},\"query-input\":{\"@type\":\"PropertyValueSpecification\",\"valueRequired\":true,\"valueName\":\"search_term_string\"}}],\"inLanguage\":\"de-DE\"},{\"@type\":\"Organization\",\"@id\":\"https:\/\/belux.edmo.eu\/#organization\",\"name\":\"EDMO Belux\",\"url\":\"https:\/\/belux.edmo.eu\/\",\"logo\":{\"@type\":\"ImageObject\",\"inLanguage\":\"de-DE\",\"@id\":\"https:\/\/belux.edmo.eu\/#\/schema\/logo\/image\/\",\"url\":\"https:\/\/belux.edmo.eu\/wp-content\/uploads\/2021\/12\/belux-logo-full-color-rgb.svg\",\"contentUrl\":\"https:\/\/belux.edmo.eu\/wp-content\/uploads\/2021\/12\/belux-logo-full-color-rgb.svg\",\"width\":1,\"height\":1,\"caption\":\"EDMO Belux\"},\"image\":{\"@id\":\"https:\/\/belux.edmo.eu\/#\/schema\/logo\/image\/\"},\"sameAs\":[\"https:\/\/x.com\/Edmo_Belux\"]},{\"@type\":\"Person\",\"@id\":\"https:\/\/belux.edmo.eu\/#\/schema\/person\/dbe3b252258537fd318f9b5645a30342\",\"name\":\"master\",\"sameAs\":[\"https:\/\/belux.wpengine.com\"],\"url\":\"https:\/\/belux.edmo.eu\/de\/author\/master\/\"}]}<\/script>\n<!-- \/ Yoast SEO plugin. -->","yoast_head_json":{"title":"Dieses Foto betender Christen in der Ukraine ist alt - EDMO Belux","robots":{"index":"index","follow":"follow","max-snippet":"max-snippet:-1","max-image-preview":"max-image-preview:large","max-video-preview":"max-video-preview:-1"},"canonical":"https:\/\/belux.edmo.eu\/de\/dieses-foto-betender-christen-in-der-ukraine-ist-alt\/","og_locale":"de_DE","og_type":"article","og_title":"Dieses Foto betender Christen in der Ukraine ist alt - EDMO Belux","og_description":"Ein Bild zeigt kleine Menschengr\u00fcppchen, die warm angezogen im Schnee knien und beten. Seit dem 20. Februar teilten Hunderte Nutzerinnen auf Facebook die Aufnahme. Auf Instagram versahen Tausende das Bild mit einem Like. User verbreiteten die Aufnahme auch auf Englisch, Portugiesisch, Arabisch oder Spanisch.","og_url":"https:\/\/belux.edmo.eu\/de\/dieses-foto-betender-christen-in-der-ukraine-ist-alt\/","og_site_name":"EDMO Belux","article_published_time":"2022-02-25T16:54:34+00:00","article_modified_time":"2022-06-30T13:47:14+00:00","og_image":[{"width":1080,"height":540,"url":"https:\/\/belux.edmo.eu\/wp-content\/uploads\/2022\/02\/ac51037e7feacc042000d338fb1f93c0-1.jpeg","type":"image\/jpeg"}],"author":"master","twitter_card":"summary_large_image","twitter_creator":"@Edmo_Belux","twitter_site":"@Edmo_Belux","twitter_misc":{"Verfasst von":"master","Gesch\u00e4tzte Lesezeit":"3 Minuten"},"schema":{"@context":"https:\/\/schema.org","@graph":[{"@type":"Article","@id":"https:\/\/belux.edmo.eu\/de\/dieses-foto-betender-christen-in-der-ukraine-ist-alt\/#article","isPartOf":{"@id":"https:\/\/belux.edmo.eu\/de\/dieses-foto-betender-christen-in-der-ukraine-ist-alt\/"},"author":{"name":"master","@id":"https:\/\/belux.edmo.eu\/#\/schema\/person\/dbe3b252258537fd318f9b5645a30342"},"headline":"Dieses Foto betender Christen in der Ukraine ist alt","datePublished":"2022-02-25T16:54:34+00:00","dateModified":"2022-06-30T13:47:14+00:00","mainEntityOfPage":{"@id":"https:\/\/belux.edmo.eu\/de\/dieses-foto-betender-christen-in-der-ukraine-ist-alt\/"},"wordCount":587,"publisher":{"@id":"https:\/\/belux.edmo.eu\/#organization"},"image":{"@id":"https:\/\/belux.edmo.eu\/de\/dieses-foto-betender-christen-in-der-ukraine-ist-alt\/#primaryimage"},"thumbnailUrl":"https:\/\/belux.edmo.eu\/wp-content\/uploads\/2022\/02\/ac51037e7feacc042000d338fb1f93c0-1.jpeg","articleSection":["Fact Check","Gesellschaft","Politik","Ukraine"],"inLanguage":"de-DE"},{"@type":"WebPage","@id":"https:\/\/belux.edmo.eu\/de\/dieses-foto-betender-christen-in-der-ukraine-ist-alt\/","url":"https:\/\/belux.edmo.eu\/de\/dieses-foto-betender-christen-in-der-ukraine-ist-alt\/","name":"Dieses Foto betender Christen in der Ukraine ist alt - EDMO Belux","isPartOf":{"@id":"https:\/\/belux.edmo.eu\/#website"},"primaryImageOfPage":{"@id":"https:\/\/belux.edmo.eu\/de\/dieses-foto-betender-christen-in-der-ukraine-ist-alt\/#primaryimage"},"image":{"@id":"https:\/\/belux.edmo.eu\/de\/dieses-foto-betender-christen-in-der-ukraine-ist-alt\/#primaryimage"},"thumbnailUrl":"https:\/\/belux.edmo.eu\/wp-content\/uploads\/2022\/02\/ac51037e7feacc042000d338fb1f93c0-1.jpeg","datePublished":"2022-02-25T16:54:34+00:00","dateModified":"2022-06-30T13:47:14+00:00","breadcrumb":{"@id":"https:\/\/belux.edmo.eu\/de\/dieses-foto-betender-christen-in-der-ukraine-ist-alt\/#breadcrumb"},"inLanguage":"de-DE","potentialAction":[{"@type":"ReadAction","target":["https:\/\/belux.edmo.eu\/de\/dieses-foto-betender-christen-in-der-ukraine-ist-alt\/"]}]},{"@type":"ImageObject","inLanguage":"de-DE","@id":"https:\/\/belux.edmo.eu\/de\/dieses-foto-betender-christen-in-der-ukraine-ist-alt\/#primaryimage","url":"https:\/\/belux.edmo.eu\/wp-content\/uploads\/2022\/02\/ac51037e7feacc042000d338fb1f93c0-1.jpeg","contentUrl":"https:\/\/belux.edmo.eu\/wp-content\/uploads\/2022\/02\/ac51037e7feacc042000d338fb1f93c0-1.jpeg","width":1080,"height":540},{"@type":"BreadcrumbList","@id":"https:\/\/belux.edmo.eu\/de\/dieses-foto-betender-christen-in-der-ukraine-ist-alt\/#breadcrumb","itemListElement":[{"@type":"ListItem","position":1,"name":"Home","item":"https:\/\/belux.edmo.eu\/de\/"},{"@type":"ListItem","position":2,"name":"Dieses Foto betender Christen in der Ukraine ist alt"}]},{"@type":"WebSite","@id":"https:\/\/belux.edmo.eu\/#website","url":"https:\/\/belux.edmo.eu\/","name":"EDMO Belux","description":"Monitoring Disinformation in Belgium and Luxembourg","publisher":{"@id":"https:\/\/belux.edmo.eu\/#organization"},"potentialAction":[{"@type":"SearchAction","target":{"@type":"EntryPoint","urlTemplate":"https:\/\/belux.edmo.eu\/?s={search_term_string}"},"query-input":{"@type":"PropertyValueSpecification","valueRequired":true,"valueName":"search_term_string"}}],"inLanguage":"de-DE"},{"@type":"Organization","@id":"https:\/\/belux.edmo.eu\/#organization","name":"EDMO Belux","url":"https:\/\/belux.edmo.eu\/","logo":{"@type":"ImageObject","inLanguage":"de-DE","@id":"https:\/\/belux.edmo.eu\/#\/schema\/logo\/image\/","url":"https:\/\/belux.edmo.eu\/wp-content\/uploads\/2021\/12\/belux-logo-full-color-rgb.svg","contentUrl":"https:\/\/belux.edmo.eu\/wp-content\/uploads\/2021\/12\/belux-logo-full-color-rgb.svg","width":1,"height":1,"caption":"EDMO Belux"},"image":{"@id":"https:\/\/belux.edmo.eu\/#\/schema\/logo\/image\/"},"sameAs":["https:\/\/x.com\/Edmo_Belux"]},{"@type":"Person","@id":"https:\/\/belux.edmo.eu\/#\/schema\/person\/dbe3b252258537fd318f9b5645a30342","name":"master","sameAs":["https:\/\/belux.wpengine.com"],"url":"https:\/\/belux.edmo.eu\/de\/author\/master\/"}]}},"menu_order":0,"_links":{"self":[{"href":"https:\/\/belux.edmo.eu\/de\/wp-json\/wp\/v2\/posts\/16733","targetHints":{"allow":["GET"]}}],"collection":[{"href":"https:\/\/belux.edmo.eu\/de\/wp-json\/wp\/v2\/posts"}],"about":[{"href":"https:\/\/belux.edmo.eu\/de\/wp-json\/wp\/v2\/types\/post"}],"author":[{"embeddable":true,"href":"https:\/\/belux.edmo.eu\/de\/wp-json\/wp\/v2\/users\/1"}],"replies":[{"embeddable":true,"href":"https:\/\/belux.edmo.eu\/de\/wp-json\/wp\/v2\/comments?post=16733"}],"version-history":[{"count":0,"href":"https:\/\/belux.edmo.eu\/de\/wp-json\/wp\/v2\/posts\/16733\/revisions"}],"wp:featuredmedia":[{"embeddable":true,"href":"https:\/\/belux.edmo.eu\/de\/wp-json\/wp\/v2\/media\/53712"}],"wp:attachment":[{"href":"https:\/\/belux.edmo.eu\/de\/wp-json\/wp\/v2\/media?parent=16733"}],"wp:term":[{"taxonomy":"category","embeddable":true,"href":"https:\/\/belux.edmo.eu\/de\/wp-json\/wp\/v2\/categories?post=16733"},{"taxonomy":"post_tag","embeddable":true,"href":"https:\/\/belux.edmo.eu\/de\/wp-json\/wp\/v2\/tags?post=16733"}],"curies":[{"name":"wp","href":"https:\/\/api.w.org\/{rel}","templated":true}]}}