{"id":16745,"date":"2022-02-25T16:21:27","date_gmt":"2022-02-25T16:21:27","guid":{"rendered":"https:\/\/belux.wpengine.com\/?p=16745"},"modified":"2022-06-30T13:47:31","modified_gmt":"2022-06-30T13:47:31","slug":"dieses-video-von-fallschirmspringern-in-russland-ist-mehrere-jahre-alt","status":"publish","type":"post","link":"https:\/\/belux.edmo.eu\/de\/dieses-video-von-fallschirmspringern-in-russland-ist-mehrere-jahre-alt\/","title":{"rendered":"Dieses Video von Fallschirmspringern in Russland ist mehrere Jahre alt"},"content":{"rendered":"<p><b><strong>Hunderte User haben im Februar 2022 ein Video in sozialen Netzwerken geteilt, in dem angeblich die Landung russischer Fallschirmj\u00e4ger in Charkiw in der Ostukraine zu sehen ist. Das Video kursierte allerdings bereits im Jahr 2014.<\/strong><\/b><\/p>\n<p>Kurz nach dem Angriff russischer Truppen auf die Ukraine am 24. Februar 2022 haben User auf Instagram das Fallschirm-Video geteilt (<a href=\"https:\/\/archive.ph\/5D8e0\" target=\"_blank\" rel=\"noopener\" shape=\"rect\">hier<\/a>, <a href=\"https:\/\/archive.ph\/n7jm8\" target=\"_blank\" rel=\"noopener\" shape=\"rect\">hier<\/a>, <a href=\"https:\/\/archive.ph\/BYDAv\" target=\"_blank\" rel=\"noopener\" shape=\"rect\">hier<\/a>, <a href=\"https:\/\/archive.ph\/2EC0y\" target=\"_blank\" rel=\"noopener\" shape=\"rect\">hier<\/a>). Darin zu sehen sind zahlreiche Soldaten, die mit wei\u00dfen Fallschirmen landen. Auf Telegram erreichte die Behauptung <a href=\"https:\/\/t.me\/farukfirat\/2536\" target=\"_blank\" rel=\"noopener\" shape=\"rect\">Tausende<\/a>.<\/p>\n<p>Die Behauptung kursiert auch auf <a href=\"https:\/\/archive.ph\/umc3U\" target=\"_blank\" rel=\"noopener\" shape=\"rect\">Arabisch<\/a>, <a href=\"https:\/\/perma.cc\/Q4X8-D8DD\" target=\"_blank\" rel=\"noopener\" shape=\"rect\">Chinesisch<\/a>, <a href=\"https:\/\/perma.cc\/F6A4-QUZV\" target=\"_blank\" rel=\"noopener\" shape=\"rect\">Burmesisch<\/a>, <a href=\"https:\/\/perma.cc\/ZHF3-5C33\" target=\"_blank\" rel=\"noopener\" shape=\"rect\">Englisch<\/a> und <a href=\"https:\/\/perma.cc\/XF2Z-D378\" target=\"_blank\" rel=\"noopener\" shape=\"rect\">Bulgarisch<\/a>. AFP pr\u00fcfte sie zuerst <a href=\"https:\/\/factuel.afp.com\/ar\/doc.afp.com.323U39B\" target=\"_blank\" rel=\"noopener\" shape=\"rect\">hier<\/a>.<\/p>\n<p><strong>Die Behauptung:<\/strong> Das Video der Fallschirmtruppen teilen User mit den Worten: &#8222;#Eilmeldung : Russische #Fallschirmj\u00e4ger landen jetzt in #Kharkiv, Ostukraine!&#8220; Manche User verorteten die Aufnahme auch in Odessa im S\u00fcdwesten der Ukraine.<\/p>\n<div id=\"wysiwyg\" class=\"ww-item image\"><img class=\"lazyload blur-up\" src=\"https:\/\/belux.wpengine.com\/wp-content\/uploads\/2022\/02\/2022022518-9b2bcb65877afe6412f09cc7289dc399.jpeg\" data-original=\"\" \/><span class=\"legend\">Screenshot der Behauptung auf Instagram: 24.02.2022<\/span><\/div>\n<p>Nachdem der russische Pr\u00e4sident Wladimir Putin am 24. Februar 2022 am fr\u00fchen Morgen den <a href=\"https:\/\/www.france24.com\/en\/europe\/20220223-ukraine-live-updates-france-urges-citizens-to-leave-zelensky-says-russia-has-approved-offensive\" target=\"_blank\" rel=\"noopener\" shape=\"rect\">Einmarsch russischer Truppen<\/a> in die Ukraine angek\u00fcndigt hatte, waren in Charkiw, einer ukrainischen Gro\u00dfstadt rund 35 Kilometer s\u00fcdlich der russischen-ukrainischen Grenze, <a href=\"https:\/\/www.arte.tv\/de\/afp\/neuigkeiten\/russland-startet-grossangriff-auf-ukraine-und-rueckt-mit-truppen-auf-kiew-vor\" target=\"_blank\" rel=\"noopener\" shape=\"rect\">Explosionen<\/a> zu h\u00f6ren. Die zweitgr\u00f6\u00dfte <a href=\"https:\/\/www.google.com\/maps\/place\/Kharkiv,+Oblast+de+Kharkiv,+Ukraine\/@49.6982913,36.0224892,8z\/data=!4m5!3m4!1s0x4127a09f63ab0f8b:0x2d4c18681aa4be0a!8m2!3d49.9935!4d36.230383\" target=\"_blank\" rel=\"noopener\" shape=\"rect\">Stadt<\/a> der Ukraine liegt au\u00dferhalb der <a href=\"https:\/\/www.wiwo.de\/politik\/ausland\/ukraine-krieg-der-russland-ukraine-konflikt-im-zeitverlauf\/28101176.html\" target=\"_blank\" rel=\"noopener\" shape=\"rect\">seit 2014<\/a> von pro-russischen Separatisten kontrollierten Gebieten im Osten des Landes.<\/p>\n<div class=\"g2web\" style=\"text-align: center;\"><iframe title=\"YouTube video player\" src=\"https:\/\/www.youtube.com\/embed\/uDy4VUMYSrw\" width=\"560\" height=\"315\" frameborder=\"0\" scrolling=\"auto\" allowfullscreen=\"allowfullscreen\" data-mce-fragment=\"1\"><\/iframe><\/div>\n<p><b><strong>Das geteilte Video ist von 2014<\/strong><\/b><\/p>\n<p>Eine Suche nach Screenshots aus dem Video ergab, dass das Video in den vergangenen Jahren bereits mehrfach geteilt wurde. So auch <a href=\"https:\/\/archive.ph\/fCQof\" target=\"_blank\" rel=\"noopener\" shape=\"rect\">2018<\/a> und <a href=\"https:\/\/perma.cc\/J8L2-P7FU?type=image\" target=\"_blank\" rel=\"noopener\" shape=\"rect\">2016<\/a>. Das belegt, dass das Video nicht die aktuellen Ereignisse in der Ostukraine zeigen kann.<\/p>\n<p>Das <a href=\"https:\/\/perma.cc\/86V6-88VF\" target=\"_blank\" rel=\"noopener\" shape=\"rect\">\u00e4lteste Posting<\/a>, das AFP gefunden hat, ist vom 14. M\u00e4rz 2014. Der russischsprachige Nutzer des sozialen Netzwerkes &#8222;VKontakte&#8220; postete auch Fotos von sich mit einem Fallschirm und russischer Milit\u00e4rausr\u00fcstung. Am 13. M\u00e4rz postete er <a href=\"https:\/\/perma.cc\/TU2T-RPNE?type=image\" target=\"_blank\" rel=\"noopener\" shape=\"rect\">Fotos<\/a> mit der Beschreibung: &#8222;Landung in der N\u00e4he von Rostow in der Stadt Togonrog &#8230; zwei Spr\u00fcnge in 24 Stunden.&#8220; <a href=\"https:\/\/www.google.com\/maps\/place\/Taganrog,+Oblast+Rostow,+Russland\/@47.2443572,38.2762149,9z\/data=!4m5!3m4!1s0x40e1578d09bb748d:0x111e11a86812b325!8m2!3d47.2125752!4d38.9159658\" target=\"_blank\" rel=\"noopener\" shape=\"rect\">Taganrog<\/a> ist eine Stadt im S\u00fcdwesten Russlands in der Region Rostow. Es liegt etwa 50 Kilometer \u00f6stlich der Grenze zur Ukraine.<\/p>\n<p>Auf mehrere AFP-Anfragen zum Kontext des Videos reagierte der Nutzer bis zur Ver\u00f6ffentlichung nicht.<\/p>\n<p>Auf einem <a href=\"https:\/\/perma.cc\/9F8U-F6W5?type=image\" target=\"_blank\" rel=\"noopener\" shape=\"rect\">anderen Bild<\/a>, das am 13. M\u00e4rz 2014 im selben Feed gepostet wurde, ist ein Soldat vor einem russischen Milit\u00e4rflugzeug des Typs Il-76MD mit dem Rufzeichen <a href=\"https:\/\/www.jetphotos.com\/registration\/RA-76669\" target=\"_blank\" rel=\"noopener\" shape=\"rect\">RA-76669<\/a> zu sehen. Der Soldat tr\u00e4gt auf mehreren Bildern Uniform der russischen Luftlandetruppen (\u0412\u043e\u0437\u0434\u0443\u0448\u043d\u043e-\u0434\u0435\u0441\u0430\u043d\u0442\u043d\u044b\u0435 \u0432\u043e\u0439\u0441\u043a\u0430).<\/p>\n<p>Eine Internetsuche mit den russischen W\u00f6rtern f\u00fcr &#8222;Fallschirmj\u00e4ger&#8220;, &#8222;Rostow&#8220; und mit dem Datum des Videos ergab, dass mehr als 3500 Soldaten dieser Luftlandetruppen laut Medienberichten (<a href=\"https:\/\/perma.cc\/T2YH-YSJU?type=image\" target=\"_blank\" rel=\"noopener\" shape=\"rect\">hier<\/a>, <a href=\"https:\/\/perma.cc\/MN6G-MK9A\" target=\"_blank\" rel=\"noopener\" shape=\"rect\">hier<\/a>, <a href=\"https:\/\/archive.ph\/zDr44\" target=\"_blank\" rel=\"noopener\" shape=\"rect\">hier<\/a>) und dem <a href=\"https:\/\/web.archive.org\/web\/20140213041618\/http:\/function.mil.ru\/for_media\/contacts\/more.htm?id=9581@egOrganization\" target=\"_blank\" rel=\"noopener\" shape=\"rect\">russischen Verteidigungsministerium<\/a> am 11. M\u00e4rz 2014 an einer mehrt\u00e4gigen milit\u00e4rischen \u00dcbung in Russland teilnahmen. Die \u00dcbung umfasste auch Fallschirmspr\u00fcnge.<\/p>\n<p>In den Medienberichten finden sich viele \u00dcbereinstimmungen zu dem geteilten Video. Sowohl das gezeigte Flugzeug als auch die runden wei\u00dfen Fallschirme, das wei\u00df-rote Absperrband und die roten Flaggen, das Wetter, die Landschaft, das Datum und die Uniformen stimmen mit dem Video \u00fcberein.<\/p>\n<p><a href=\"https:\/\/tvzvezda.ru\/news\/201403131049-39pb.htm\" target=\"_blank\" rel=\"noopener\" shape=\"rect\">Dieser russische Medienbericht<\/a> \u00fcber die \u00dcbung zeigt auch den Abwurf eines Fallschirmj\u00e4gers. Das Video aus dem Artikel ist auf <a href=\"https:\/\/www.youtube.com\/watch?v=lHeDmo2L-M4\" target=\"_blank\" rel=\"noopener\" shape=\"rect\">Youtube zu finden<\/a>. Wir konnten Fallschirmj\u00e4ger derselben Einheit sehen, die mit demselben Flugzeugtyps flogen, das auch auf den Fotos im &#8222;VKontakte&#8220;-Feed zu sehen ist.<\/p>\n<p>Dasselbe Video wurde im <a href=\"https:\/\/archive.ph\/JNxl4\" target=\"_blank\" rel=\"noopener\" shape=\"rect\">September 2016<\/a> in einer Facebook-Gruppe mit dem Namen &#8222;Made in Russia&#8220; gepostet und mit dem Titel &#8222;Massiver Luftabwurf von russischen WDW-Luftlandetruppen (rund 2000 Fallschirmj\u00e4ger) in der Region Rostow&#8220; im Jahr 2014 versehen.<\/p>\n<div class=\"g2web\" style=\"text-align: center;\"><iframe style=\"border: none; overflow: hidden;\" src=\"https:\/\/www.facebook.com\/plugins\/video.php?href=https%3A%2F%2Fwww.facebook.com%2Fmadeinrussianfederation%2Fvideos%2F684191671734525%2F&amp;show_text=0&amp;width=560\" width=\"560\" height=\"315\" frameborder=\"0\" scrolling=\"no\" allowfullscreen=\"allowfullscreen\" data-mce-fragment=\"1\"><\/iframe><\/div>\n<p><b><strong>Video soll auch vermeintliche Luftlandung in Odessa beweisen<\/strong><\/b><\/p>\n<p>Nutzerinnen und Nutzer beschrieben das Video auch als Luftlandung russischer Fallschirmtruppen in <a href=\"https:\/\/archive.ph\/skrIx\" target=\"_blank\" rel=\"noopener\" shape=\"rect\">Odessa<\/a>. Obwohl es zwar <a href=\"https:\/\/sawahpress.com\/en\/news\/russia-storms-the-ukrainian-border-and-airdrops-in-mariupol-and-odessa\/\" target=\"_blank\" rel=\"noopener\" shape=\"rect\">einen Medienbericht<\/a> \u00fcber eine Luftlandung gibt, hat der Generalstab der Streitkr\u00e4fte der Ukraine diese Behauptung am 24. Februar 2022 auf <a href=\"https:\/\/archive.ph\/wip\/Uj3Kx\" target=\"_blank\" rel=\"noopener\" shape=\"rect\">Facebook<\/a> dementiert. Dort hei\u00dft es: &#8222;Die Informationen \u00fcber die Fallschirmspringer russischer Truppen in Odessa stimmen nicht.&#8220; Zumindest das geteilte Video belegt die Behauptung \u00fcber die Luftlandung nicht.<\/p>\n<p><strong>Fazit: <\/strong>Die Behauptung, das Video zeige eine aktuelle Landung russischer Fallschirmj\u00e4ger in der Ukraine, ist falsch. Das Video kursierte bereits 2014 im Internet und zeigt wahrscheinlich eine milit\u00e4rische \u00dcbung in Russland.<\/p>\n","protected":false},"excerpt":{"rendered":"<p>Kurz nach dem Angriff russischer Truppen auf die Ukraine am 24. Februar 2022 haben User auf Instagram das Fallschirm-Video geteilt (hier, hier, hier, hier). Darin zu sehen sind zahlreiche Soldaten, die mit wei\u00dfen Fallschirmen landen. Auf Telegram erreichte die Behauptung Tausende.<\/p>\n","protected":false},"author":1,"featured_media":53717,"comment_status":"closed","ping_status":"open","sticky":false,"template":"","format":"standard","meta":{"_acf_changed":false,"footnotes":""},"categories":[127,133,215],"tags":[],"class_list":{"0":"post-16745","1":"post","2":"type-post","3":"status-publish","4":"format-standard","5":"has-post-thumbnail","7":"category-fact-check-de","8":"category-politics-de","9":"category-ukraine-de"},"acf":{"show_metatags":true,"id":"47264","authors":"Jan Russezki, Rossen BOSSEV, AFP Naher Osten und Nordafrika, AFP Deutschland, AFP Bulgarien","organization":"AFP","featured_image_copyright":"","text_copyright":"\u00a9 AGENCE FRANCE-PRESSE | 2022 | Alle Rechte vorbehalten. Jede Nutzung von AFP-Inhalten auf dieser Website unterliegt den Nutzungsbedingungen auf <a href='https:\/\/www.afp.com\/en\/terms-use' target='_blank'>CGU<\/a>. Durch den Zugriff auf die auf dieser Website verf\u00fcgbaren AFP-Inhalte und\/oder deren Nutzung erkl\u00e4ren Sie sich mit den oben genannten Nutzungsbedingungen einverstanden. Jede Nutzung von AFP-Inhalten erfolgt unter Ihrer alleinigen und vollen Verantwortung.","source":"https:\/\/faktencheck.afp.com\/doc.afp.com.323X6KK","fact_checker":"https:\/\/belux.wpengine.com\/wp-content\/uploads\/2021\/12\/afp_logo.png","fact_checker_logo_image":false,"type":"Closed Event","location":"","start_date":"","start_date_event_begins_at":"","start_date_event_ends_at":"","end_date":"","end_date_event_begins_at":"","end_date_event_ends_at":"","organizer":""},"yoast_head":"<!-- This site is optimized with the Yoast SEO plugin v27.0 - https:\/\/yoast.com\/product\/yoast-seo-wordpress\/ -->\n<title>Dieses Video von Fallschirmspringern in Russland ist mehrere Jahre alt - EDMO Belux<\/title>\n<meta name=\"robots\" content=\"index, follow, max-snippet:-1, max-image-preview:large, max-video-preview:-1\" \/>\n<link rel=\"canonical\" href=\"https:\/\/belux.edmo.eu\/de\/dieses-video-von-fallschirmspringern-in-russland-ist-mehrere-jahre-alt\/\" \/>\n<meta property=\"og:locale\" content=\"de_DE\" \/>\n<meta property=\"og:type\" content=\"article\" \/>\n<meta property=\"og:title\" content=\"Dieses Video von Fallschirmspringern in Russland ist mehrere Jahre alt - EDMO Belux\" \/>\n<meta property=\"og:description\" content=\"Kurz nach dem Angriff russischer Truppen auf die Ukraine am 24. Februar 2022 haben User auf Instagram das Fallschirm-Video geteilt (hier, hier, hier, hier). Darin zu sehen sind zahlreiche Soldaten, die mit wei\u00dfen Fallschirmen landen. Auf Telegram erreichte die Behauptung Tausende.\" \/>\n<meta property=\"og:url\" content=\"https:\/\/belux.edmo.eu\/de\/dieses-video-von-fallschirmspringern-in-russland-ist-mehrere-jahre-alt\/\" \/>\n<meta property=\"og:site_name\" content=\"EDMO Belux\" \/>\n<meta property=\"article:published_time\" content=\"2022-02-25T16:21:27+00:00\" \/>\n<meta property=\"article:modified_time\" content=\"2022-06-30T13:47:31+00:00\" \/>\n<meta property=\"og:image\" content=\"https:\/\/belux.edmo.eu\/wp-content\/uploads\/2022\/02\/b0776abce3668f5bdcba84af258c6924-1.jpeg\" \/>\n\t<meta property=\"og:image:width\" content=\"1080\" \/>\n\t<meta property=\"og:image:height\" content=\"540\" \/>\n\t<meta property=\"og:image:type\" content=\"image\/jpeg\" \/>\n<meta name=\"author\" content=\"master\" \/>\n<meta name=\"twitter:card\" content=\"summary_large_image\" \/>\n<meta name=\"twitter:creator\" content=\"@Edmo_Belux\" \/>\n<meta name=\"twitter:site\" content=\"@Edmo_Belux\" \/>\n<meta name=\"twitter:label1\" content=\"Verfasst von\" \/>\n\t<meta name=\"twitter:data1\" content=\"master\" \/>\n\t<meta name=\"twitter:label2\" content=\"Gesch\u00e4tzte Lesezeit\" \/>\n\t<meta name=\"twitter:data2\" content=\"3 Minuten\" \/>\n<script type=\"application\/ld+json\" class=\"yoast-schema-graph\">{\"@context\":\"https:\/\/schema.org\",\"@graph\":[{\"@type\":\"Article\",\"@id\":\"https:\/\/belux.edmo.eu\/de\/dieses-video-von-fallschirmspringern-in-russland-ist-mehrere-jahre-alt\/#article\",\"isPartOf\":{\"@id\":\"https:\/\/belux.edmo.eu\/de\/dieses-video-von-fallschirmspringern-in-russland-ist-mehrere-jahre-alt\/\"},\"author\":{\"name\":\"master\",\"@id\":\"https:\/\/belux.edmo.eu\/#\/schema\/person\/dbe3b252258537fd318f9b5645a30342\"},\"headline\":\"Dieses Video von Fallschirmspringern in Russland ist mehrere Jahre alt\",\"datePublished\":\"2022-02-25T16:21:27+00:00\",\"dateModified\":\"2022-06-30T13:47:31+00:00\",\"mainEntityOfPage\":{\"@id\":\"https:\/\/belux.edmo.eu\/de\/dieses-video-von-fallschirmspringern-in-russland-ist-mehrere-jahre-alt\/\"},\"wordCount\":657,\"publisher\":{\"@id\":\"https:\/\/belux.edmo.eu\/#organization\"},\"image\":{\"@id\":\"https:\/\/belux.edmo.eu\/de\/dieses-video-von-fallschirmspringern-in-russland-ist-mehrere-jahre-alt\/#primaryimage\"},\"thumbnailUrl\":\"https:\/\/belux.edmo.eu\/wp-content\/uploads\/2022\/02\/b0776abce3668f5bdcba84af258c6924-1.jpeg\",\"articleSection\":[\"Fact Check\",\"Politik\",\"Ukraine\"],\"inLanguage\":\"de-DE\"},{\"@type\":\"WebPage\",\"@id\":\"https:\/\/belux.edmo.eu\/de\/dieses-video-von-fallschirmspringern-in-russland-ist-mehrere-jahre-alt\/\",\"url\":\"https:\/\/belux.edmo.eu\/de\/dieses-video-von-fallschirmspringern-in-russland-ist-mehrere-jahre-alt\/\",\"name\":\"Dieses Video von Fallschirmspringern in Russland ist mehrere Jahre alt - EDMO Belux\",\"isPartOf\":{\"@id\":\"https:\/\/belux.edmo.eu\/#website\"},\"primaryImageOfPage\":{\"@id\":\"https:\/\/belux.edmo.eu\/de\/dieses-video-von-fallschirmspringern-in-russland-ist-mehrere-jahre-alt\/#primaryimage\"},\"image\":{\"@id\":\"https:\/\/belux.edmo.eu\/de\/dieses-video-von-fallschirmspringern-in-russland-ist-mehrere-jahre-alt\/#primaryimage\"},\"thumbnailUrl\":\"https:\/\/belux.edmo.eu\/wp-content\/uploads\/2022\/02\/b0776abce3668f5bdcba84af258c6924-1.jpeg\",\"datePublished\":\"2022-02-25T16:21:27+00:00\",\"dateModified\":\"2022-06-30T13:47:31+00:00\",\"breadcrumb\":{\"@id\":\"https:\/\/belux.edmo.eu\/de\/dieses-video-von-fallschirmspringern-in-russland-ist-mehrere-jahre-alt\/#breadcrumb\"},\"inLanguage\":\"de-DE\",\"potentialAction\":[{\"@type\":\"ReadAction\",\"target\":[\"https:\/\/belux.edmo.eu\/de\/dieses-video-von-fallschirmspringern-in-russland-ist-mehrere-jahre-alt\/\"]}]},{\"@type\":\"ImageObject\",\"inLanguage\":\"de-DE\",\"@id\":\"https:\/\/belux.edmo.eu\/de\/dieses-video-von-fallschirmspringern-in-russland-ist-mehrere-jahre-alt\/#primaryimage\",\"url\":\"https:\/\/belux.edmo.eu\/wp-content\/uploads\/2022\/02\/b0776abce3668f5bdcba84af258c6924-1.jpeg\",\"contentUrl\":\"https:\/\/belux.edmo.eu\/wp-content\/uploads\/2022\/02\/b0776abce3668f5bdcba84af258c6924-1.jpeg\",\"width\":1080,\"height\":540},{\"@type\":\"BreadcrumbList\",\"@id\":\"https:\/\/belux.edmo.eu\/de\/dieses-video-von-fallschirmspringern-in-russland-ist-mehrere-jahre-alt\/#breadcrumb\",\"itemListElement\":[{\"@type\":\"ListItem\",\"position\":1,\"name\":\"Home\",\"item\":\"https:\/\/belux.edmo.eu\/de\/\"},{\"@type\":\"ListItem\",\"position\":2,\"name\":\"Dieses Video von Fallschirmspringern in Russland ist mehrere Jahre alt\"}]},{\"@type\":\"WebSite\",\"@id\":\"https:\/\/belux.edmo.eu\/#website\",\"url\":\"https:\/\/belux.edmo.eu\/\",\"name\":\"EDMO Belux\",\"description\":\"Monitoring Disinformation in Belgium and Luxembourg\",\"publisher\":{\"@id\":\"https:\/\/belux.edmo.eu\/#organization\"},\"potentialAction\":[{\"@type\":\"SearchAction\",\"target\":{\"@type\":\"EntryPoint\",\"urlTemplate\":\"https:\/\/belux.edmo.eu\/?s={search_term_string}\"},\"query-input\":{\"@type\":\"PropertyValueSpecification\",\"valueRequired\":true,\"valueName\":\"search_term_string\"}}],\"inLanguage\":\"de-DE\"},{\"@type\":\"Organization\",\"@id\":\"https:\/\/belux.edmo.eu\/#organization\",\"name\":\"EDMO Belux\",\"url\":\"https:\/\/belux.edmo.eu\/\",\"logo\":{\"@type\":\"ImageObject\",\"inLanguage\":\"de-DE\",\"@id\":\"https:\/\/belux.edmo.eu\/#\/schema\/logo\/image\/\",\"url\":\"https:\/\/belux.edmo.eu\/wp-content\/uploads\/2021\/12\/belux-logo-full-color-rgb.svg\",\"contentUrl\":\"https:\/\/belux.edmo.eu\/wp-content\/uploads\/2021\/12\/belux-logo-full-color-rgb.svg\",\"width\":1,\"height\":1,\"caption\":\"EDMO Belux\"},\"image\":{\"@id\":\"https:\/\/belux.edmo.eu\/#\/schema\/logo\/image\/\"},\"sameAs\":[\"https:\/\/x.com\/Edmo_Belux\"]},{\"@type\":\"Person\",\"@id\":\"https:\/\/belux.edmo.eu\/#\/schema\/person\/dbe3b252258537fd318f9b5645a30342\",\"name\":\"master\",\"sameAs\":[\"https:\/\/belux.wpengine.com\"],\"url\":\"https:\/\/belux.edmo.eu\/de\/author\/master\/\"}]}<\/script>\n<!-- \/ Yoast SEO plugin. -->","yoast_head_json":{"title":"Dieses Video von Fallschirmspringern in Russland ist mehrere Jahre alt - EDMO Belux","robots":{"index":"index","follow":"follow","max-snippet":"max-snippet:-1","max-image-preview":"max-image-preview:large","max-video-preview":"max-video-preview:-1"},"canonical":"https:\/\/belux.edmo.eu\/de\/dieses-video-von-fallschirmspringern-in-russland-ist-mehrere-jahre-alt\/","og_locale":"de_DE","og_type":"article","og_title":"Dieses Video von Fallschirmspringern in Russland ist mehrere Jahre alt - EDMO Belux","og_description":"Kurz nach dem Angriff russischer Truppen auf die Ukraine am 24. Februar 2022 haben User auf Instagram das Fallschirm-Video geteilt (hier, hier, hier, hier). Darin zu sehen sind zahlreiche Soldaten, die mit wei\u00dfen Fallschirmen landen. Auf Telegram erreichte die Behauptung Tausende.","og_url":"https:\/\/belux.edmo.eu\/de\/dieses-video-von-fallschirmspringern-in-russland-ist-mehrere-jahre-alt\/","og_site_name":"EDMO Belux","article_published_time":"2022-02-25T16:21:27+00:00","article_modified_time":"2022-06-30T13:47:31+00:00","og_image":[{"width":1080,"height":540,"url":"https:\/\/belux.edmo.eu\/wp-content\/uploads\/2022\/02\/b0776abce3668f5bdcba84af258c6924-1.jpeg","type":"image\/jpeg"}],"author":"master","twitter_card":"summary_large_image","twitter_creator":"@Edmo_Belux","twitter_site":"@Edmo_Belux","twitter_misc":{"Verfasst von":"master","Gesch\u00e4tzte Lesezeit":"3 Minuten"},"schema":{"@context":"https:\/\/schema.org","@graph":[{"@type":"Article","@id":"https:\/\/belux.edmo.eu\/de\/dieses-video-von-fallschirmspringern-in-russland-ist-mehrere-jahre-alt\/#article","isPartOf":{"@id":"https:\/\/belux.edmo.eu\/de\/dieses-video-von-fallschirmspringern-in-russland-ist-mehrere-jahre-alt\/"},"author":{"name":"master","@id":"https:\/\/belux.edmo.eu\/#\/schema\/person\/dbe3b252258537fd318f9b5645a30342"},"headline":"Dieses Video von Fallschirmspringern in Russland ist mehrere Jahre alt","datePublished":"2022-02-25T16:21:27+00:00","dateModified":"2022-06-30T13:47:31+00:00","mainEntityOfPage":{"@id":"https:\/\/belux.edmo.eu\/de\/dieses-video-von-fallschirmspringern-in-russland-ist-mehrere-jahre-alt\/"},"wordCount":657,"publisher":{"@id":"https:\/\/belux.edmo.eu\/#organization"},"image":{"@id":"https:\/\/belux.edmo.eu\/de\/dieses-video-von-fallschirmspringern-in-russland-ist-mehrere-jahre-alt\/#primaryimage"},"thumbnailUrl":"https:\/\/belux.edmo.eu\/wp-content\/uploads\/2022\/02\/b0776abce3668f5bdcba84af258c6924-1.jpeg","articleSection":["Fact Check","Politik","Ukraine"],"inLanguage":"de-DE"},{"@type":"WebPage","@id":"https:\/\/belux.edmo.eu\/de\/dieses-video-von-fallschirmspringern-in-russland-ist-mehrere-jahre-alt\/","url":"https:\/\/belux.edmo.eu\/de\/dieses-video-von-fallschirmspringern-in-russland-ist-mehrere-jahre-alt\/","name":"Dieses Video von Fallschirmspringern in Russland ist mehrere Jahre alt - EDMO Belux","isPartOf":{"@id":"https:\/\/belux.edmo.eu\/#website"},"primaryImageOfPage":{"@id":"https:\/\/belux.edmo.eu\/de\/dieses-video-von-fallschirmspringern-in-russland-ist-mehrere-jahre-alt\/#primaryimage"},"image":{"@id":"https:\/\/belux.edmo.eu\/de\/dieses-video-von-fallschirmspringern-in-russland-ist-mehrere-jahre-alt\/#primaryimage"},"thumbnailUrl":"https:\/\/belux.edmo.eu\/wp-content\/uploads\/2022\/02\/b0776abce3668f5bdcba84af258c6924-1.jpeg","datePublished":"2022-02-25T16:21:27+00:00","dateModified":"2022-06-30T13:47:31+00:00","breadcrumb":{"@id":"https:\/\/belux.edmo.eu\/de\/dieses-video-von-fallschirmspringern-in-russland-ist-mehrere-jahre-alt\/#breadcrumb"},"inLanguage":"de-DE","potentialAction":[{"@type":"ReadAction","target":["https:\/\/belux.edmo.eu\/de\/dieses-video-von-fallschirmspringern-in-russland-ist-mehrere-jahre-alt\/"]}]},{"@type":"ImageObject","inLanguage":"de-DE","@id":"https:\/\/belux.edmo.eu\/de\/dieses-video-von-fallschirmspringern-in-russland-ist-mehrere-jahre-alt\/#primaryimage","url":"https:\/\/belux.edmo.eu\/wp-content\/uploads\/2022\/02\/b0776abce3668f5bdcba84af258c6924-1.jpeg","contentUrl":"https:\/\/belux.edmo.eu\/wp-content\/uploads\/2022\/02\/b0776abce3668f5bdcba84af258c6924-1.jpeg","width":1080,"height":540},{"@type":"BreadcrumbList","@id":"https:\/\/belux.edmo.eu\/de\/dieses-video-von-fallschirmspringern-in-russland-ist-mehrere-jahre-alt\/#breadcrumb","itemListElement":[{"@type":"ListItem","position":1,"name":"Home","item":"https:\/\/belux.edmo.eu\/de\/"},{"@type":"ListItem","position":2,"name":"Dieses Video von Fallschirmspringern in Russland ist mehrere Jahre alt"}]},{"@type":"WebSite","@id":"https:\/\/belux.edmo.eu\/#website","url":"https:\/\/belux.edmo.eu\/","name":"EDMO Belux","description":"Monitoring Disinformation in Belgium and Luxembourg","publisher":{"@id":"https:\/\/belux.edmo.eu\/#organization"},"potentialAction":[{"@type":"SearchAction","target":{"@type":"EntryPoint","urlTemplate":"https:\/\/belux.edmo.eu\/?s={search_term_string}"},"query-input":{"@type":"PropertyValueSpecification","valueRequired":true,"valueName":"search_term_string"}}],"inLanguage":"de-DE"},{"@type":"Organization","@id":"https:\/\/belux.edmo.eu\/#organization","name":"EDMO Belux","url":"https:\/\/belux.edmo.eu\/","logo":{"@type":"ImageObject","inLanguage":"de-DE","@id":"https:\/\/belux.edmo.eu\/#\/schema\/logo\/image\/","url":"https:\/\/belux.edmo.eu\/wp-content\/uploads\/2021\/12\/belux-logo-full-color-rgb.svg","contentUrl":"https:\/\/belux.edmo.eu\/wp-content\/uploads\/2021\/12\/belux-logo-full-color-rgb.svg","width":1,"height":1,"caption":"EDMO Belux"},"image":{"@id":"https:\/\/belux.edmo.eu\/#\/schema\/logo\/image\/"},"sameAs":["https:\/\/x.com\/Edmo_Belux"]},{"@type":"Person","@id":"https:\/\/belux.edmo.eu\/#\/schema\/person\/dbe3b252258537fd318f9b5645a30342","name":"master","sameAs":["https:\/\/belux.wpengine.com"],"url":"https:\/\/belux.edmo.eu\/de\/author\/master\/"}]}},"menu_order":0,"_links":{"self":[{"href":"https:\/\/belux.edmo.eu\/de\/wp-json\/wp\/v2\/posts\/16745","targetHints":{"allow":["GET"]}}],"collection":[{"href":"https:\/\/belux.edmo.eu\/de\/wp-json\/wp\/v2\/posts"}],"about":[{"href":"https:\/\/belux.edmo.eu\/de\/wp-json\/wp\/v2\/types\/post"}],"author":[{"embeddable":true,"href":"https:\/\/belux.edmo.eu\/de\/wp-json\/wp\/v2\/users\/1"}],"replies":[{"embeddable":true,"href":"https:\/\/belux.edmo.eu\/de\/wp-json\/wp\/v2\/comments?post=16745"}],"version-history":[{"count":0,"href":"https:\/\/belux.edmo.eu\/de\/wp-json\/wp\/v2\/posts\/16745\/revisions"}],"wp:featuredmedia":[{"embeddable":true,"href":"https:\/\/belux.edmo.eu\/de\/wp-json\/wp\/v2\/media\/53717"}],"wp:attachment":[{"href":"https:\/\/belux.edmo.eu\/de\/wp-json\/wp\/v2\/media?parent=16745"}],"wp:term":[{"taxonomy":"category","embeddable":true,"href":"https:\/\/belux.edmo.eu\/de\/wp-json\/wp\/v2\/categories?post=16745"},{"taxonomy":"post_tag","embeddable":true,"href":"https:\/\/belux.edmo.eu\/de\/wp-json\/wp\/v2\/tags?post=16745"}],"curies":[{"name":"wp","href":"https:\/\/api.w.org\/{rel}","templated":true}]}}