{"id":200393,"date":"2022-11-21T08:28:35","date_gmt":"2022-11-21T08:28:35","guid":{"rendered":"https:\/\/belux.edmo.eu\/?p=200393"},"modified":"2023-10-20T14:21:47","modified_gmt":"2023-10-20T14:21:47","slug":"die-covid-impfstoffe-wurden-aufgrund-ihrer-wirksamkeit-zugelassen-nicht-um-die-bertragung-zu-verhindern","status":"publish","type":"post","link":"https:\/\/belux.edmo.eu\/de\/die-covid-impfstoffe-wurden-aufgrund-ihrer-wirksamkeit-zugelassen-nicht-um-die-bertragung-zu-verhindern\/","title":{"rendered":"Die Covid-Impfstoffe wurden aufgrund ihrer Wirksamkeit zugelassen, nicht um die \u00dcbertragung zu verhindern"},"content":{"rendered":"<p><b>In einem Video, das hunderte Male in den sozialen Medien geteilt wurde, behauptet der niederl\u00e4ndische Europaabgeordnete Robert Roos, von einem Pfizer-Vertreter Enth\u00fcllungen \u00fcber die klinischen Versuche mit dem Impfstoff gegen Covid-19 erhalten zu haben. Auf Nachfrage des Abgeordneten erkl\u00e4rte die Laborleiterin dem Europ\u00e4ischen Parlament, dass die Auswirkungen des Impfstoffs auf die \u00dcbertragung des Virus w\u00e4hrend der klinischen Versuche nicht getestet worden seien. Das ist allerdings nicht neu: Es ist seit Ende 2020 bekannt und \u00f6ffentlich, wie Dokumente aus dieser Zeit zeigen. Die klinischen Studien von Pfizer waren auf die Wirksamkeit des Impfstoffs bei der Verhinderung schwerer Covid-19-Erkrankungen ausgelegt \u2013 nicht auf die Verhinderung der Virus\u00fcbertragung. Die Wirksamkeit gegen die Krankheit wurde seitdem durch Impfkampagnen best\u00e4tigt, auch wenn sie mit der Zeit und den verschiedenen Varianten abgenommen hat. Au\u00dferdem ist es \u00e4u\u00dferst schwierig, die Auswirkungen auf die \u00dcbertragung genau zu messen, was zu Kontroversen \u00fcber Impfp\u00e4sse in mehreren L\u00e4ndern beigetragen hat.<\/b><\/p>\n<p>Hunderte User teilten die Behauptung auf <a href=\"https:\/\/archive.ph\/iueHX\" shape=\"rect\">Facebook<\/a> und Dutzende auf <a href=\"https:\/\/perma.cc\/4H5S-UVXN?type=image\" shape=\"rect\">Twitter<\/a>. Auf <a href=\"https:\/\/perma.cc\/LG9A-QBCX?type=image\" shape=\"rect\">Telegram <\/a>erreichte die Behauptung Zehntausende. Einer der Verbreiter ist der Querdenker-Rechtsanwalt Markus Haintz, der sich auf Demos <a href=\"https:\/\/www.swp.de\/lokales\/corona-querdenker-hochschule-biberach-feuert-ulmer-anwalt-markus-haintz-52763001.html\" shape=\"rect\">gegen die Corona-Ma\u00dfnahmen<\/a> \u00e4u\u00dferte. Die Behauptung wurde auch auf <a href=\"https:\/\/perma.cc\/GFW9-P88N\" shape=\"rect\">Franz\u00f6sisch<\/a>, <a href=\"https:\/\/perma.cc\/6LAR-6AZ9?type=image\" shape=\"rect\">Englisch<\/a> und <a href=\"https:\/\/perma.cc\/ZKU4-6VXN\" shape=\"rect\">Spanisch<\/a> geteilt.<\/p>\n<p><strong>Die Behauptung:<\/strong> Das geteilte Video zeigt den niederl\u00e4ndischen Europaabgeordneten Robert Roos, Mitglied der Fraktion der <a href=\"https:\/\/perma.cc\/ER4N-ZKWH\" shape=\"rect\">Europ\u00e4ischen Konservativen und Reformisten<\/a>, der eine &#8222;skandal\u00f6se&#8220; Enth\u00fcllung verk\u00fcndet. User schreiben dazu: &#8222;Die #Pfizer Direktorin Small gibt zu, dass die sog. Impfstoffe vor der Einf\u00fchrung nicht darauf getestet wurden, ob sie eine \u00dcbertragung von #Covid_19 verhindern! Jetzt brauchen sie eine gro\u00dfe Ablenkung, um ihre Machenschaften zu verbergen.&#8220;<\/p>\n<p>Roos sagt in dem Video, das er <a href=\"https:\/\/archive.ph\/Mv6qY\" shape=\"rect\">am 11. Oktober auf seinem Twitter-Account<\/a> ver\u00f6ffentlichte: &#8222;Einer der Pfizer-Direktoren hat mir gegen\u00fcber gerade zugegeben: Zum Zeitpunkt der Einf\u00fchrung wurde der Impfstoff nie darauf getestet, ob er die \u00dcbertragung des Virus verhindert.&#8220;<\/p>\n<p>Er f\u00fcgt einen kurzen Videoclip bei, in dem er zu sehen ist, wie er die Pfizer-Managerin Janine Small im Europ\u00e4ischen Parlament befragt. &#8222;Wurde der Impfstoff Covid von Pfizer auf die Verhinderung der \u00dcbertragung des Virus getestet, bevor er auf den Markt kam?&#8220;<\/p>\n<p>Die Pfizer-Mitarbeiterin antwortete: &#8222;Wussten wir, dass die Immunisierung gestoppt werden kann, bevor der Impfstoff auf den Markt kam? Nein.&#8220;<\/p>\n<p>Die Verwendung des Wortes &#8222;Immunisierung&#8220;, das versehentlich anstelle von &#8222;\u00dcbertragung&#8220; verwendet wurde, war ein Versprecher von Janine Small, erkl\u00e4rte die Pfizer-Pressestelle am 14. Oktober 2022 gegen\u00fcber AFP per E-Mail: &#8222;Ich kann best\u00e4tigen, dass Frau Small &#8218;\u00dcbertragung&#8216; meinte. Dennoch bleibt der Inhalt ihrer Aussage bestehen.&#8220;<\/p>\n<div id=\"wysiwyg\" class=\"www-item image\"><img class=\"lazyload blur-up\" src=\"https:\/\/belux.edmo.eu\/wp-content\/uploads\/2022\/11\/a5644622546cc0c956f43d76cdc8d79935f0cc80-ipad.jpg\" data-original=\"\" \/><span class=\"legend\">Screenshot der Behauptung auf Facebook: 04.11.2022<\/span><\/div>\n<p><b>Woher stammt dieses Video?<\/b><\/p>\n<p>Eine <a href=\"https:\/\/www.youtube.com\/watch?v=l2SbfqF-2Rg\" shape=\"rect\">Stichwortsuche auf Google<\/a> erm\u00f6glichte es, das vollst\u00e4ndige Video zu finden, aus dem der Ausschnitt stammt. Es wurde am 10. Oktober 2022 w\u00e4hrend einer Sitzung des &#8222;Sonderausschusses zur Covid-19-Pandemie&#8220; des Europ\u00e4ischen Parlaments gedreht, hei\u00dft es auf der Website des Europ\u00e4ischen Parlaments in der Beschreibung eines <a href=\"https:\/\/archive.ph\/r22nR\" shape=\"rect\">anderen Clips<\/a> aus dieser Sitzung.<\/p>\n<p>In der Beschreibung hei\u00dft es: &#8222;Vertreter von <a href=\"https:\/\/perma.cc\/Q7MS-8MB3\" shape=\"rect\">Pfizer<\/a> und <a href=\"https:\/\/perma.cc\/4DXY-SGSL\" shape=\"rect\">Curevac<\/a> berichten \u00fcber die Herstellung, den Vertrieb und den gerechten Zugang zu Covid-19-Impfstoffen und -Therapeutika in der Vergangenheit und Gegenwart. Die Debatte konzentriert sich auf die Aktivit\u00e4ten zur Entwicklung von Impfstoffen f\u00fcr neue Varianten, das Zulassungsverfahren und die Transparenz von Vertr\u00e4gen.&#8220;<\/p>\n<p>In dem vollst\u00e4ndigen Video ergreift der Europaabgeordnete Robert Roos ab Minute 15:21 das Wort und richtet seine Frage an die Pfizer-Vertreterin Janine Small.<\/p>\n<p><b>Die Einschr\u00e4nkungen der klinischen Daten \u00fcber Infektions\u00fcbertragung wurden bereits Ende 2020 ver\u00f6ffentlicht<\/b><\/p>\n<p>Im Gegensatz zu den Behauptungen von Robert Roos handelt es sich hierbei jedoch weder um &#8222;bahnbrechende&#8220; Nachrichten noch um eine &#8222;skandal\u00f6se&#8220; Enth\u00fcllung.<\/p>\n<p>Die Tatsache, dass der Einfluss von Impfstoffen auf die \u00dcbertragung auch nach den klinischen Studien unbekannt blieb, ist seit mindestens Anfang Dezember 2020 bekannt. Die <a href=\"https:\/\/www.fda.gov\/\" shape=\"rect\">US Food and Drug Administration (FDA)<\/a>, die f\u00fcr die Zulassung von Arzneimitteln in den USA zust\u00e4ndig ist, hat dies in einem <a href=\"https:\/\/perma.cc\/FPL8-CLKU\" shape=\"rect\">ausf\u00fchrlichen und \u00f6ffentlichen Bericht<\/a> \u00fcber den Impfstoff erw\u00e4hnt.<\/p>\n<p>Die Frage zur \u00dcbertragung wird auf Seite 48 in einem Absatz mit der \u00dcberschrift &#8222;Vaccine effectiveness against transmission of Sars-CoV-2&#8220; behandelt. Dort hei\u00dft es eindeutig: &#8222;Es liegen nur begrenzte Daten vor, um die Wirkung des Impfstoffs gegen die \u00dcbertragung von Sars-Cov-2 durch Personen zu beurteilen, die trotz Impfung infiziert sind&#8220;.<\/p>\n<div id=\"wysiwyg\" class=\"www-item image\"><img class=\"lazyload blur-up\" src=\"https:\/\/belux.edmo.eu\/wp-content\/uploads\/2022\/11\/99659af1c76adfc370563adecec347adb8cb9d12-ipad-2.jpg\" data-original=\"\" \/><span class=\"legend\">Screenshot aus dem FDA-Bericht: 17. Oktober 2022<\/span><\/div>\n<p>&#8222;Weitere Auswertungen, einschlie\u00dflich Daten aus klinischen Studien und aus der Verwendung des Impfstoffs nach der Zulassung sind erforderlich, um die Wirkung des Impfstoffs bei der Verhinderung der Virusausscheidung und -\u00fcbertragung zu bewerten, insbesondere bei Personen mit asymptomatischer Infektion&#8220;, hei\u00dft es in dem Dokument weiter.<\/p>\n<p>In dem Bericht hei\u00dft es jedoch auch: &#8222;Die nachgewiesene hohe Wirksamkeit gegen symptomatische Covid-19-Infektionen kann in Bev\u00f6lkerungsgruppen, in denen der Impfstoff in ausreichendem Ma\u00dfe eingesetzt wird, zu einer allgemeinen Verhinderung der \u00dcbertragung f\u00fchren&#8220;. Es sei &#8222;jedoch m\u00f6glich, dass, wenn die Wirksamkeit gegen asymptomatische Infektionen geringer ist als die Wirksamkeit gegen symptomatische Infektionen, asymptomatische F\u00e4lle in Kombination mit reduziertem Maskentragen und sozialer Distanzierung zu einer signifikanten weiteren \u00dcbertragung f\u00fchren k\u00f6nnten&#8220;.<\/p>\n<p>Das Ausma\u00df, in dem der Impfstoff die \u00dcbertragung verhindert oder einschr\u00e4nkt, wurde in der Tat als eine der unbeantworteten Fragen dargestellt, wie zum Beispiel <a href=\"https:\/\/nuernberger-blatt.de\/2020\/11\/offene-fragen-bei-wirksamkeit-von-corona-impfstoffen-50470\/\" shape=\"rect\">in dieser AFP-Meldung<\/a> vom 10. November 2020. Auch die Dauer des Schutzes war eine wichtige Frage.<\/p>\n<p>Das steht auch in <a href=\"https:\/\/www.nejm.org\/doi\/suppl\/10.1056\/NEJMoa2034577\/suppl_file\/nejmoa2034577_research-summary.pdf\" shape=\"rect\">dieser Zusammenfassung<\/a> der Ergebnisse der Impfstoffstudie im New England Journal of Medicine, im Dezember 2020.<\/p>\n<p>Auf europ\u00e4ischer Ebene erkl\u00e4rte bereits im Jahr 2021 die <a href=\"https:\/\/european-union.europa.eu\/institutions-law-budget\/institutions-and-bodies\/institutions-and-bodies-profiles\/ema_en\" shape=\"rect\">Europ\u00e4ische Arzneimittelagentur (EMA)<\/a> auf ihrer <a href=\"https:\/\/web.archive.org\/web\/20210226173903\/https:\/www.ema.europa.eu\/en\/human-regulatory\/overview\/public-health-threats\/coronavirus-disease-covid-19\/treatments-vaccines\/vaccines-covid-19\/covid-19-vaccines-studies-approval\" shape=\"rect\">Website<\/a>, dass einige Vorteile &#8222;m\u00f6glicherweise nicht bekannt sind, wenn ein Covid-19-Impfstoff erstmals zugelassen wird&#8220;.<\/p>\n<p>Die Agentur erkl\u00e4rte, dass die Vorteile klarer w\u00fcrden, wenn der Impfstoff im Einsatz sei. Die Gesundheitsbeh\u00f6rden w\u00fcrden im Laufe der Zeit besser wissen, &#8222;ob der Impfstoff die Ausbreitung des Virus in der Gemeinschaft verringern kann. Die Verringerung der \u00dcbertragung wird von vielen Faktoren abh\u00e4ngen, unter anderem davon, wie viele Menschen sich impfen lassen&#8220;.<\/p>\n<p><b>Studien untersuchten die Verhinderung von schweren Krankheitsverl\u00e4ufen<\/b><\/p>\n<p>In einem <a href=\"https:\/\/perma.cc\/4P5C-RP9C\" shape=\"rect\">Dokument vom 19. Februar 2021<\/a> schrieb die EMA, dass nach den klinischen Studien, die mit dem Impfstoff von Pfizer durchgef\u00fchrt wurden, &#8222;derzeit nicht bekannt ist, ob der Impfstoff vor einer asymptomatischen Infektion sch\u00fctzt oder welche Auswirkungen er auf die \u00dcbertragung des Virus hat&#8220;.<\/p>\n<p><a href=\"https:\/\/perma.cc\/7J3J-PFLM\" shape=\"rect\">Yves Buisson<\/a>, Epidemiologe und Pr\u00e4sident der Abteilung Covid-19 der franz\u00f6sischen Nationalen Akademie f\u00fcr Medizin, erkl\u00e4rte am 13. Oktober 2022 gegen\u00fcber AFP: &#8222;Die Wirksamkeit auf die \u00dcbertragung wurde erst im Nachhinein, im wirklichen Leben, gemessen. Man kann Pfizer nicht vorwerfen, dass sie den Impfstoff w\u00e4hrend der klinischen Studien nicht auf dieses Kriterium hin getestet haben und dass sie sie nicht auf die \u00dcbertragung ausgerichtet haben.&#8220; Er erinnerte daran, dass im Jahr 2020 Tausende Menschen starben: &#8222;Die Dringlichkeit bestand darin, <a href=\"https:\/\/www.aok-bv.de\/lexikon\/m\/index_00478.html\" shape=\"rect\">Morbidit\u00e4t<\/a> und <a href=\"https:\/\/www.aok-bv.de\/lexikon\/m\/index_00490.html\" shape=\"rect\">Mortalit\u00e4t<\/a> zu verhindern. Was die Impfung betrifft, so ist es normal, sich f\u00fcr den Schutz vor der Erkrankung und ihren schweren Formen vor dem Schutz vor \u00dcbertragung zu entscheiden. Sie musste im Sinne der \u00f6ffentlichen Gesundheit getroffen werden.&#8220;<\/p>\n<p><b>Schwerpunkt der Studie auch auf Deutsch bekannt<\/b><\/p>\n<p>Auch in Deutschland war bereits im Jahr 2020 bekannt, dass der Fokus der klinischen Studien auf der Verhinderung der Erkrankung und schwerer Verl\u00e4ufe und nicht auf der Ansteckungsverhinderung lag. Das best\u00e4tigte <a href=\"https:\/\/www.medizin.uni-tuebingen.de\/de\/das-klinikum\/mitarbeiter\/1950\" shape=\"rect\">Peter Kremsner<\/a>, Leiter des Instituts f\u00fcr Tropenmedizin, Reisemedizin und Humanparasitologie, am 7. November gegen\u00fcber AFP: &#8222;Das steht alles in den <a href=\"https:\/\/cdn.pfizer.com\/pfizercom\/2020-11\/C4591001_Clinical_Protocol_Nov2020.pdf\" shape=\"rect\">\u00f6ffentlichen Studienprotokollen<\/a>. Das ist keine Enth\u00fcllung. Das wusste jeder, der sich damit besch\u00e4ftigt hat.&#8220;<\/p>\n<p>Er erkl\u00e4rte: &#8222;All die Studien der ersten Stunden zielten auf die Verhinderung von Covid-19 als Erkrankung und nicht die Infektion.&#8220; Die Infektion mit dem Sars-Cov-2-Virus k\u00f6nne n\u00e4mlich auch ohne Symptome der Erkrankung Covid-19 stattfinden. Diese sei allerdings nicht als Ziel im Studiendesign vorgesehen, was schwieriger umzusetzen gewesen sei.<\/p>\n<p>Kremsner erkl\u00e4rte den damaligen Fokus: &#8222;Bei Covid-19 ist es so, dass die Jungen mindestens zur H\u00e4lfte, je nach Studie bis zu 80 Prozent, asymptomatische Verl\u00e4ufe kriegen. Das ist eigentlich egal, wenn man die Krankheit nicht ausrotten will und die Pandemie sofort stoppen will, dann sind das zweitrangige Interessen. Wichtig ist, vor allem bei den Alten, die Erkrankung, die schweren Verl\u00e4ufe und den Tod zu verhindern.&#8220;<\/p>\n<p><b>Impfstoffe wurden nach Schutz vor der Erkrankung bewertet<\/b><\/p>\n<p>Die Gesundheitsbeh\u00f6rden bewerteten die Wirksamkeit der Impfstoffe also nicht anhand ihrer F\u00e4higkeit, die \u00dcbertragung des Virus zu verhindern, sondern anhand der Verhinderung der Entwicklung schwerer und t\u00f6dlicher Formen der durch das Virus verursachten Krankheit.<\/p>\n<p>Auch Susanne St\u00f6cker, Sprecherin des <a href=\"https:\/\/www.pei.de\/EN\/home\/home-node.html\" shape=\"rect\">Paul-Ehrlich-Instituts<\/a> (PEI) erkl\u00e4rte am 4. November gegen\u00fcber AFP, dass das Video &#8222;weder Enth\u00fcllungen darstellt noch einen Skandal&#8220;. &#8222;Es ging in den klinischen Pr\u00fcfungen nicht um Infektionsschutz. Das w\u00e4re auch kaum m\u00f6glich&#8220;, sagte sie weiter. F\u00fcr den Infektionsschutz m\u00fcssten Studienteilnehmende wiederholt in kurzen zeitlichen Abst\u00e4nden mit dem PCR-Verfahren getestet werden, das sei bei der Menge der Teilnehmenden laut St\u00f6cker nicht m\u00f6glich gewesen.<\/p>\n<p>Das Ziel der Studie sei der &#8222;Beweis der Wirksamkeit \u00fcber den Schutz vor einer symptomatischen Infektion \u2013 also der Erkrankung an Covid-19 jeder Auspr\u00e4gung&#8220;.<\/p>\n<p>Auch auf der <a href=\"https:\/\/web.archive.org\/web\/20210129193438\/https:\/www.pei.de\/DE\/service\/faq\/coronavirus\/faq-coronavirus-node.html\" shape=\"rect\">am 29. Januar 2021 archivierten Informationsseite des PEI<\/a> zur Impfstoff-Zulassung hei\u00dft es bereits: &#8222;Die Daten aus den klinischen Pr\u00fcfungen m\u00fcssen die Wirksamkeit zum Beispiel in Bezug auf den Schutz vor einer Covid-19-Erkrankung sowie die Unbedenklichkeit des Impfstoffs belegen. Die Wirksamkeit wird im Rahmen der klinischen Pr\u00fcfungen, insbesondere der Phase 3, ermittelt. Hier wird betrachtet, inwiefern der Impfstoff eine Covid-19-Erkrankung verhindert.&#8220;<\/p>\n<p>Yves Buisson erkl\u00e4rte ebenfalls: &#8222;Die klinischen Studien der Phase III, die von den Herstellern von mRNA-Impfstoffen im Jahr 2020 durchgef\u00fchrt wurden, ob Pfizer\/Biontech oder Moderna, hatten das Ziel, die Sicherheit und die Schutzwirkung des Impfstoffs gegen die schweren Formen von Covid zu zeigen. Wenn sich dieser Impfstoff dar\u00fcber hinaus als wirksam gegen die \u00dcbertragung erweisen w\u00fcrde, w\u00e4re das noch besser, aber das war nicht das Ziel der Impfstoffentwicklung auf der Ebene der klinischen Versuche.&#8220;<\/p>\n<p>Die Ergebnisse der Phase-III-Studien des Impfstoffs von Pfizer\/Biontech, die an rund 44.000 Freiwilligen durchgef\u00fchrt wurden, wurden Ende Dezember 2020 im <a href=\"https:\/\/perma.cc\/MTD6-WWYV\" shape=\"rect\">New England Journal of Medicine<\/a> ver\u00f6ffentlicht.<\/p>\n<p>Der Epidemiologe <a href=\"https:\/\/perma.cc\/7P6H-CTHU\" shape=\"rect\">Antoine Flahault<\/a>, Direktor des Instituts f\u00fcr globale Gesundheit der Universit\u00e4t Genf, erg\u00e4nzte am 13. Oktober 2022: &#8222;Die klinischen Studien wurden in einer sehr strengen, doppelblinden, placebokontrollierten Weise durchgef\u00fchrt. Das bedeutet, dass der Impfstoff von Pfizer einer Gruppe von zuf\u00e4llig ausgelosten Personen und ein Placebo einer anderen Gruppe verabreicht wurde, bevor der Schweregrad aller Covid-Symptome \u00fcberwacht wurde, um zu sehen, ob der Impfstoff schwere Formen begrenzt. Das wurde von diesen Impfstoffen verlangt, und sie wurden nach diesem Kriterium auf den Markt gebracht.&#8220;<\/p>\n<p>&#8222;Die Gesundheitsbeh\u00f6rden haben sich die Zulassungsunterlagen angesehen. Die EMA, die FDA und alle nationalen Beh\u00f6rden, die den Impfstoff von Pfizer zugelassen haben, taten dies in voller Kenntnis der Daten, die darauf hinwiesen, dass die \u00dcbertragung nicht bewertet worden war, und das hat sie nicht im Geringsten schockiert&#8220;, so Flahault weiter.<\/p>\n<div id=\"wysiwyg\" class=\"www-item image\"><img class=\"lazyload blur-up\" src=\"https:\/\/belux.edmo.eu\/wp-content\/uploads\/2022\/11\/3cad066488d388374caa368a990e2cff2512b87b-ipad-1.jpg\" data-original=\"\" \/><span class=\"legend\">Eine Krankenhausabteilung f\u00fcr Covid-19-Patienten in Mulhouse am 17. April 2020 (AFP \/ Patrick Hertzog)<\/span><\/div>\n<p>Auf Anfrage von AFP erkl\u00e4rte das Labor von Pfizer\/Biontech am 14. Oktober 2022 per E-Mail, dass &#8222;die klinische Studie der Phase III (Protokoll im November 2020 <a href=\"https:\/\/archive.ph\/0oNMS\" shape=\"rect\">ver\u00f6ffentlicht<\/a>)&#8220; nicht dazu bestimmt sei, &#8222;die Wirksamkeit des Impfstoffs gegen die \u00dcbertragung von SARS-CoV-2 zu bewerten&#8220;.<\/p>\n<p><b>Virus\u00fcbertragung sehr schwer messbar<\/b><\/p>\n<p>Die Messung der Auswirkungen eines Impfstoffs auf die \u00dcbertragungskette w\u00e4hrend einer klinischen Pr\u00fcfung sei komplex, so die befragten Fachleute. Die \u00dcbertragung h\u00e4nge von einer Vielzahl von Faktoren ab, die in einer klinischen Studie nicht unbedingt reproduzierbar sind.<\/p>\n<p>In der Realit\u00e4t kann die Ansteckung von anderen Ma\u00dfnahmen zur Verhinderung der \u00dcbertragung als nur der Impfung abh\u00e4ngen: Etwa die Einschr\u00e4nkung sozialer Kontakte, Masken, aber auch Husten in den Ellenbogen oder regelm\u00e4\u00dfiges H\u00e4ndewaschen. Dies erkl\u00e4rt, warum die Messung der Auswirkungen auf die \u00dcbertragung auch im wirklichen Leben \u00e4u\u00dferst komplex ist.<\/p>\n<p>Antoine Flahault erkl\u00e4rte: &#8222;An den Versuchen nahmen einige Zehntausend Menschen teil, und zu diesem Zeitpunkt war das Virus mit dem urspr\u00fcnglichen Stamm noch nicht so weit verbreitet. Der Impfstoff hatte im Vergleich zum Placebo viele Infektionen verhindert, sodass sich nur sehr wenige Menschen mit der Impfung infiziert h\u00e4tten. Dann h\u00e4tten wir sie weiterverfolgen m\u00fcssen, um festzustellen, ob sie andere Personen angesteckt haben k\u00f6nnten, die nicht unbedingt in die Studie einbezogen waren, was sehr schwierig zu objektivieren ist.&#8220;<\/p>\n<p>&#8222;Die Experten wollten solide Kriterien, und diese werden gemessen, indem man die Auswirkungen des Impfstoffs auf Todesf\u00e4lle und Krankenhausaufenthalte untersucht, und nicht, indem man die \u00dcbertragung modelliert&#8220;, erkl\u00e4rte er abschlie\u00dfend.<\/p>\n<p>Studien deuten darauf hin, dass die Impfung die \u00dcbertragung einschr\u00e4nken kann, obwohl es fast unm\u00f6glich ist, dies genau zu beziffern, da es so viele Variablen gibt. Au\u00dferdem haben verschiedene Virusvarianten das Bild noch komplizierter gemacht.<\/p>\n<p>In Frankreich haben <a href=\"https:\/\/perma.cc\/5FWP-D2N8\" shape=\"rect\">Modellierungsstudien<\/a> des <a href=\"https:\/\/www.pasteur.fr\/en\" shape=\"rect\">Pasteur-Instituts<\/a> im Juni 2021 &#8222;untersucht, wie verschiedene Profile von Personen, die durch ihr Alter und ihren Impfstatus definiert sind, zur Epidemie beitragen w\u00fcrden&#8220;, hei\u00dft es in einem <a href=\"https:\/\/solidarites-sante.gouv.fr\/IMG\/pdf\/avis_conseil_scientifique_6_juillet_2021_actualise_8_juillet_2021.pdf#page=13\" shape=\"rect\">Bericht<\/a> des wissenschaftlichen Covid-19-Rates vom Juli 2021, eines unabh\u00e4ngigen Beratungsgremiums, das mit der wissenschaftlichen <a href=\"https:\/\/solidarites-sante.gouv.fr\/IMG\/pdf\/reglement_interieur_cs.pdf\" shape=\"rect\">Beratung<\/a> zum Stand der Pandemie und zu Gesundheitsma\u00dfnahmen beauftragt ist.<\/p>\n<p>Weiter hei\u00dft es: &#8222;Ungeimpfte Personen tragen unverh\u00e4ltnism\u00e4\u00dfig stark zur \u00dcbertragung bei: Bei einer ungeimpften Person ist die Wahrscheinlichkeit, dass sie Sars-Cov-2 \u00fcbertr\u00e4gt, zw\u00f6lf Mal h\u00f6her als bei einer geimpften Person.&#8220;<\/p>\n<p>Die Forschenden sind sich zwar einig, dass Impfstoffe zur Verringerung der \u00dcbertragung beitragen, aber die Berechnung einer Zahl ist sehr kompliziert, und diese Modelle beruhen auf komplexen mathematischen Berechnungen, die in ihrem Umfang begrenzt bleiben.<\/p>\n<p>Antoine Flahault betonte: &#8222;Der Covid-Impfstoff hatte das Potenzial, die \u00dcbertragung bei den ersten zirkulierenden St\u00e4mmen stark zu verlangsamen, wie in realen Studien nach der Markteinf\u00fchrung gezeigt wurde. Mit dem Auftreten neuer Varianten und mit dem zeitlichen Abstand zwischen den einzelnen Dosen wurde die Wirksamkeit des Impfstoffs jedoch immer geringer.&#8220;<\/p>\n<p><b>Ein wirksamer Impfstoff gegen symptomatische und schwere Krankheitsverl\u00e4ufe<\/b><\/p>\n<p>Die Wirksamkeit gegen schwere Formen, die bereits in den Ergebnissen der klinischen Studien stark angedeutet wurde, wurde dann bei Impfkampagnen in der ganzen Welt best\u00e4tigt, wie Berichte aus vielen L\u00e4ndern zeigen, was mehrere Experten der AFP in einem fr\u00fcheren Faktencheck erkl\u00e4rten (<a href=\"https:\/\/faktencheck.afp.com\/http%253A%252F%252Fdoc.afp.com%252F9LE7W2-1\" shape=\"rect\">hier<\/a>, <a href=\"https:\/\/faktencheck.afp.com\/http%253A%252F%252Fdoc.afp.com%252F9N79YG-1\" shape=\"rect\">hier<\/a>).<\/p>\n<p>Mehrere Studien (<a href=\"https:\/\/perma.cc\/CB5M-ZR35\" shape=\"rect\">hier<\/a>, <a href=\"https:\/\/perma.cc\/5BFK-T8QW\" shape=\"rect\">hier<\/a>, <a href=\"https:\/\/perma.cc\/S6KR-N3RW\" shape=\"rect\">hier<\/a>) zur Analyse der Daten von Impfkampagnen, insbesondere im Vereinigten K\u00f6nigreich und in Israel, haben gezeigt, dass die Covid-Impfstoffe nicht nur gegen schwere und symptomatische Formen der Krankheit wirksam waren, sondern auch, dass die Impfstoffe das Risiko einer Ansteckung mit dem urspr\u00fcnglichen Stamm verringerten.<\/p>\n<div class=\"g2web\" style=\"text-align: center;\"><iframe title=\"YouTube video player\" src=\"https:\/\/www.youtube.com\/embed\/xi93P4IC1-k\" width=\"560\" height=\"315\" frameborder=\"0\" scrolling=\"auto\" allowfullscreen=\"allowfullscreen\" data-mce-fragment=\"1\"><\/iframe><\/div>\n<p>Die allgemeine Wirksamkeit der Impfstoffe \u2013 sowohl gegen die Krankheit als auch gegen die Ansteckung \u2013 hat im Laufe der Zeit und mit den neuen Varianten abgenommen. Dies erkl\u00e4rt die Auffrischungsimpfungen, die es erm\u00f6glichen, die Schutzrate wieder zu erh\u00f6hen, aber auch das j\u00fcngste Aufkommen von Impfstoffen, die an neuere St\u00e4mme als den Urspr\u00fcnglichen angepasst sind.<\/p>\n<p>Bei den Covid-Impfstoffen verh\u00e4lt es sich \u00e4hnlich wie bei den meisten fr\u00fcheren Impfstoffen: Die meisten verhindern nicht die \u00dcbertragung des Virus, das Symptome (die Krankheit selbst) ausl\u00f6sen kann oder nicht.<\/p>\n<p>Die verschiedenen Impfstoffe, die zur Bek\u00e4mpfung von Krankheiten entwickelt werden, k\u00f6nnen zwei Arten von Immunit\u00e4t vermitteln. Eine sogenannte &#8222;klinische&#8220; Immunit\u00e4t verhindert nicht, dass ein Virus den K\u00f6rper infiziert oder sich vermehrt, aber sie verhindert die Entwicklung der wichtigsten Symptome der Krankheit. Dies ist der Fall bei den meisten Impfstoffen.<\/p>\n<p>Bei einer sogenannten &#8222;sterilen Immunit\u00e4t&#8220; wird das Virus durch die vom Impfstoff ausgel\u00f6ste Immunantwort vollst\u00e4ndig aus dem K\u00f6rper eliminiert. Dies ist der Fall bei der Pockenimpfung, mit der die Krankheit <a href=\"https:\/\/www.mayoclinic.org\/diseases-conditions\/smallpox\/symptoms-causes\/syc-20353027\" shape=\"rect\">1980 ausgerottet<\/a> wurde.<\/p>\n<p>W\u00e4hrend eine sterilisierende Immunit\u00e4t das ultimative Ziel der Impfstoffforschung bleibt, rufen viele der heute verwendeten Impfstoffe, etwa gegen Covid-19, nur eine klinische Immunit\u00e4t hervor.<\/p>\n<p>Der saisonale Grippeimpfstoff beispielsweise, dessen Zusammensetzung j\u00e4hrlich aktualisiert wird, bietet keinen vollst\u00e4ndigen Schutz gegen die Krankheit, verringert aber das Risiko schwerer Komplikationen oder des Todes, so die <a href=\"https:\/\/www.muenchen-klinik.de\/infektionen-immunsystem-immunkrankheit\/grippe\/grippeimpfung\/#c59482\" shape=\"rect\">FAQ der Klinik M\u00fcnchen<\/a>.<\/p>\n<p><b>EU-weiter Covid-Pass<\/b><\/p>\n<p>In einigen europ\u00e4ischen L\u00e4ndern haben die Fragen rund um die \u00dcbertragung und die extreme Schwierigkeit, die Wirksamkeit von Impfstoffen in diesem Bereich zu messen, zu einer Kontroverse \u00fcber Covid-Zertifikate gef\u00fchrt. Deren Einf\u00fchrung beruhte auf zahlreichen epidemiologischen Parametern und nicht nur auf den Ergebnissen klinischer Studien.<\/p>\n<p>Ein <a href=\"https:\/\/ec.europa.eu\/info\/policies\/justice-and-fundamental-rights\/eu-citizenship\/movement-and-residence\/eu-digital-covid-certificate-vaccinations-and-travel-restrictions_de\" shape=\"rect\">digitales Dokument<\/a>, das auch als &#8222;Covid-Pass&#8220; bezeichnet wird, trat am 1. Juli 2021 in Kraft und wird in 49 L\u00e4ndern verwendet, darunter auch in den EU-Mitgliedstaaten.<\/p>\n<p>Er erm\u00f6glicht es einer Person in allen L\u00e4ndern, die diesen &#8222;Pass&#8220; verwenden, nicht nur ihren Impfstatus, sondern auch ihre Genesung von Covid-19 oder einen negativen Test nachzuweisen. Auch Personen, die sich nicht impfen lassen wollen, k\u00f6nnen ihn nutzen.<\/p>\n<p>In Frankreich wurde der Impfpass <a href=\"https:\/\/perma.cc\/SQK4-PBY5?type=image\" shape=\"rect\">kontrovers diskutiert<\/a>, weil er n\u00f6tig war, um Zugang zur breiten \u00d6ffentlichkeit zu haben. Die deutsche Regierung f\u00fchrte am <a href=\"https:\/\/www.bundesregierung.de\/breg-de\/aktuelles\/bund-laender-beratung-corona-1949606\" shape=\"rect\">23. August 2021<\/a> die sogenannte 3G-Regelung ein, die nur f\u00fcr Krankenh\u00e4user und Heime, Innengastronomie, Feste und Sportveranstaltungen und k\u00f6rpernahe Dienstleistungen wie etwa Friseure galt. Damit erm\u00f6glichte die Regierung nicht nur Geimpften, sondern auch Genesenen und aktuell Getesteten \u2013 damit auch Ungeimpften \u2013 den Zugang zu diesen Bereichen. Der Nachweis konnte freiwillig \u00fcber einen digitalen Covid-Pass geschehen, aber auch unabh\u00e4ngig davon.<\/p>\n<p><a href=\"https:\/\/www.zusammengegencorona.de\/faqs\/corona-im-alltag\/aktuelle-regelungen\/#:~:text=Stand%3A%2031.08.2022-,Was%20ist%20die%202G%2DRegel%3F,Impfzertifikat%20oder%20Genesenenzertifikat%20vorgelegt%20werden.\" shape=\"rect\">Anfang Oktober 2021<\/a> versch\u00e4rfte die Regierung die Regelung dann auf die &#8222;2G-Regelung&#8220;, die nur noch Geimpften und Genesenen Zutritt zu verschiedenen Bereichen der \u00d6ffentlichkeit gew\u00e4hrte. Die Regelungen wurden von den einzelnen Bundesl\u00e4ndern <a href=\"https:\/\/www.tagesschau.de\/inland\/ueberblick-coronaregeln-bundeslaender-101.html\" shape=\"rect\">unterschiedlich streng umgesetzt<\/a> und <a href=\"https:\/\/www.youtube.com\/watch?v=KcrnFHRghf0\" shape=\"rect\">Anfang Januar 2022<\/a> nochmals um zus\u00e4tzliche Tests f\u00fcr Geimpfte und Genesene versch\u00e4rft.<\/p>\n<p>Die Coronama\u00dfnahmen f\u00fchrten zu regelm\u00e4\u00dfigen, teils hitzigen Protesten im ganzen Land (<a href=\"https:\/\/www.dw.com\/de\/wieder-proteste-in-deutschen-st%C3%A4dten-gegen-corona-regeln\/a-60270005\" shape=\"rect\">hier<\/a>, <a href=\"https:\/\/www.welt.de\/vermischtes\/article235459638\/Querdenker-Proteste-gegen-Corona-Regeln-in-mehreren-Staedten.html\" shape=\"rect\">hier<\/a>).<\/p>\n<div class=\"g2web\" style=\"text-align: center;\"><iframe title=\"YouTube video player\" src=\"https:\/\/www.youtube.com\/embed\/ha6qs8uuj7s\" width=\"560\" height=\"315\" frameborder=\"0\" scrolling=\"auto\" allowfullscreen=\"allowfullscreen\" data-mce-fragment=\"1\"><\/iframe><\/div>\n<p>Die meisten <a href=\"https:\/\/web.archive.org\/web\/20220301024227\/https:\/www.bundesregierung.de\/breg-de\/themen\/coronavirus\/corona-regeln-und-einschrankungen-1734724\" shape=\"rect\">Coronama\u00dfnahmen<\/a> hob die Regierung bis zum 20. M\u00e4rz 2022 in mehreren Schritten wieder auf.<\/p>\n<p>Aktuell (10. November 2022) muss f\u00fcr die Einreise in die meisten EU-L\u00e4nder kein negativer Test oder Impfnachweis mehr vorgelegt werden. Dies geht aus Informationen hervor, die auf der von der Europ\u00e4ischen Union zur \u00dcberwachung der Einf\u00fchrung oder Aufhebung von Beschr\u00e4nkungen eingerichteten Website <a href=\"https:\/\/reopen.europa.eu\/hr\/\" shape=\"rect\">Re-open Europe<\/a> abrufbar sind.<\/p>\n<p><strong>Fazit:<\/strong> Die Aussage der Pfizer-Mitarbeiterin war keine neue Enth\u00fcllung. Bereits 2020 war klar, dass die Pfizer-Studie vor allem die Verhinderung von schweren und t\u00f6dlichen Erkrankungen durch den Impfstoff erforscht. Das best\u00e4tigen \u00f6ffentliche Dokumente, Beh\u00f6rden und Experten gegen\u00fcber AFP. Der Pfizer-Impfstoff hat sich w\u00e4hrend der sp\u00e4teren Impfkampagne auch als guter Infektionsschutz erwiesen.<\/p>\n","protected":false},"excerpt":{"rendered":"<p>Hunderte User teilten die Behauptung auf Facebook und Dutzende auf Twitter. Auf Telegram erreichte die Behauptung Zehntausende. Einer der Verbreiter ist der Querdenker-Rechtsanwalt Markus Haintz, der sich auf Demos gegen die Corona-Ma\u00dfnahmen \u00e4u\u00dferte. Die Behauptung wurde auch auf Franz\u00f6sisch, Englisch und Spanisch geteilt.<\/p>\n","protected":false},"author":1,"featured_media":204538,"comment_status":"closed","ping_status":"open","sticky":false,"template":"","format":"standard","meta":{"_acf_changed":false,"footnotes":""},"categories":[175,130,133,117],"tags":[],"class_list":{"0":"post-200393","1":"post","2":"type-post","3":"status-publish","4":"format-standard","5":"has-post-thumbnail","7":"category-covid-19-de","8":"category-gesundheit","9":"category-politics-de","10":"category-unkategorisiert"},"acf":{"type":"Closed Event","location":"","start_date":"","start_date_event_begins_at":"","start_date_event_ends_at":"","end_date":"","end_date_event_begins_at":"","end_date_event_ends_at":"","organizer":"","show_metatags":true,"id":"32NR9UA","authors":"AFP Frankreich","organization":"AFP","featured_image_copyright":"","text_copyright":"\u00a9 AGENCE FRANCE-PRESSE | 2022 | Alle Rechte vorbehalten. Jede Nutzung von AFP-Inhalten auf dieser Website unterliegt den Nutzungsbedingungen auf <a href='https:\/\/www.afp.com\/en\/terms-use' target='_blank'>CGU<\/a>. Durch den Zugriff auf die auf dieser Website verf\u00fcgbaren AFP-Inhalte und\/oder deren Nutzung erkl\u00e4ren Sie sich mit den oben genannten Nutzungsbedingungen einverstanden. Jede Nutzung von AFP-Inhalten erfolgt unter Ihrer alleinigen und vollen Verantwortung.","source":"https:\/\/faktencheck.afp.com\/doc.afp.com.32NR9UA","fact_checker":"https:\/\/belux.wpengine.com\/wp-content\/uploads\/2021\/12\/afp_logo.png","fact_checker_logo_image":false},"yoast_head":"<!-- This site is optimized with the Yoast SEO plugin v27.0 - https:\/\/yoast.com\/product\/yoast-seo-wordpress\/ -->\n<title>Die Covid-Impfstoffe wurden aufgrund ihrer Wirksamkeit zugelassen, nicht um die \u00dcbertragung zu verhindern - EDMO Belux<\/title>\n<meta name=\"robots\" content=\"index, follow, max-snippet:-1, max-image-preview:large, max-video-preview:-1\" \/>\n<link rel=\"canonical\" href=\"https:\/\/belux.edmo.eu\/de\/die-covid-impfstoffe-wurden-aufgrund-ihrer-wirksamkeit-zugelassen-nicht-um-die-bertragung-zu-verhindern\/\" \/>\n<meta property=\"og:locale\" content=\"de_DE\" \/>\n<meta property=\"og:type\" content=\"article\" \/>\n<meta property=\"og:title\" content=\"Die Covid-Impfstoffe wurden aufgrund ihrer Wirksamkeit zugelassen, nicht um die \u00dcbertragung zu verhindern - EDMO Belux\" \/>\n<meta property=\"og:description\" content=\"Hunderte User teilten die Behauptung auf Facebook und Dutzende auf Twitter. Auf Telegram erreichte die Behauptung Zehntausende. Einer der Verbreiter ist der Querdenker-Rechtsanwalt Markus Haintz, der sich auf Demos gegen die Corona-Ma\u00dfnahmen \u00e4u\u00dferte. Die Behauptung wurde auch auf Franz\u00f6sisch, Englisch und Spanisch geteilt.\" \/>\n<meta property=\"og:url\" content=\"https:\/\/belux.edmo.eu\/de\/die-covid-impfstoffe-wurden-aufgrund-ihrer-wirksamkeit-zugelassen-nicht-um-die-bertragung-zu-verhindern\/\" \/>\n<meta property=\"og:site_name\" content=\"EDMO Belux\" \/>\n<meta property=\"article:published_time\" content=\"2022-11-21T08:28:35+00:00\" \/>\n<meta property=\"article:modified_time\" content=\"2023-10-20T14:21:47+00:00\" \/>\n<meta property=\"og:image\" content=\"https:\/\/belux.edmo.eu\/wp-content\/uploads\/2022\/11\/f56053554cb6926d9b6adc0caaf064d8e91717ee-ipad-1.jpg\" \/>\n\t<meta property=\"og:image:width\" content=\"1680\" \/>\n\t<meta property=\"og:image:height\" content=\"840\" \/>\n\t<meta property=\"og:image:type\" content=\"image\/jpeg\" \/>\n<meta name=\"author\" content=\"master\" \/>\n<meta name=\"twitter:card\" content=\"summary_large_image\" \/>\n<meta name=\"twitter:creator\" content=\"@Edmo_Belux\" \/>\n<meta name=\"twitter:site\" content=\"@Edmo_Belux\" \/>\n<meta name=\"twitter:label1\" content=\"Verfasst von\" \/>\n\t<meta name=\"twitter:data1\" content=\"master\" \/>\n\t<meta name=\"twitter:label2\" content=\"Gesch\u00e4tzte Lesezeit\" \/>\n\t<meta name=\"twitter:data2\" content=\"14 Minuten\" \/>\n<script type=\"application\/ld+json\" class=\"yoast-schema-graph\">{\"@context\":\"https:\/\/schema.org\",\"@graph\":[{\"@type\":\"Article\",\"@id\":\"https:\/\/belux.edmo.eu\/de\/die-covid-impfstoffe-wurden-aufgrund-ihrer-wirksamkeit-zugelassen-nicht-um-die-bertragung-zu-verhindern\/#article\",\"isPartOf\":{\"@id\":\"https:\/\/belux.edmo.eu\/de\/die-covid-impfstoffe-wurden-aufgrund-ihrer-wirksamkeit-zugelassen-nicht-um-die-bertragung-zu-verhindern\/\"},\"author\":{\"name\":\"master\",\"@id\":\"https:\/\/belux.edmo.eu\/#\/schema\/person\/dbe3b252258537fd318f9b5645a30342\"},\"headline\":\"Die Covid-Impfstoffe wurden aufgrund ihrer Wirksamkeit zugelassen, nicht um die \u00dcbertragung zu verhindern\",\"datePublished\":\"2022-11-21T08:28:35+00:00\",\"dateModified\":\"2023-10-20T14:21:47+00:00\",\"mainEntityOfPage\":{\"@id\":\"https:\/\/belux.edmo.eu\/de\/die-covid-impfstoffe-wurden-aufgrund-ihrer-wirksamkeit-zugelassen-nicht-um-die-bertragung-zu-verhindern\/\"},\"wordCount\":3065,\"publisher\":{\"@id\":\"https:\/\/belux.edmo.eu\/#organization\"},\"image\":{\"@id\":\"https:\/\/belux.edmo.eu\/de\/die-covid-impfstoffe-wurden-aufgrund-ihrer-wirksamkeit-zugelassen-nicht-um-die-bertragung-zu-verhindern\/#primaryimage\"},\"thumbnailUrl\":\"https:\/\/belux.edmo.eu\/wp-content\/uploads\/2022\/11\/f56053554cb6926d9b6adc0caaf064d8e91717ee-ipad-1.jpg\",\"articleSection\":[\"COVID-19\",\"Gesundheit\",\"Politik\",\"Unkategorisiert\"],\"inLanguage\":\"de-DE\"},{\"@type\":\"WebPage\",\"@id\":\"https:\/\/belux.edmo.eu\/de\/die-covid-impfstoffe-wurden-aufgrund-ihrer-wirksamkeit-zugelassen-nicht-um-die-bertragung-zu-verhindern\/\",\"url\":\"https:\/\/belux.edmo.eu\/de\/die-covid-impfstoffe-wurden-aufgrund-ihrer-wirksamkeit-zugelassen-nicht-um-die-bertragung-zu-verhindern\/\",\"name\":\"Die Covid-Impfstoffe wurden aufgrund ihrer Wirksamkeit zugelassen, nicht um die \u00dcbertragung zu verhindern - EDMO Belux\",\"isPartOf\":{\"@id\":\"https:\/\/belux.edmo.eu\/#website\"},\"primaryImageOfPage\":{\"@id\":\"https:\/\/belux.edmo.eu\/de\/die-covid-impfstoffe-wurden-aufgrund-ihrer-wirksamkeit-zugelassen-nicht-um-die-bertragung-zu-verhindern\/#primaryimage\"},\"image\":{\"@id\":\"https:\/\/belux.edmo.eu\/de\/die-covid-impfstoffe-wurden-aufgrund-ihrer-wirksamkeit-zugelassen-nicht-um-die-bertragung-zu-verhindern\/#primaryimage\"},\"thumbnailUrl\":\"https:\/\/belux.edmo.eu\/wp-content\/uploads\/2022\/11\/f56053554cb6926d9b6adc0caaf064d8e91717ee-ipad-1.jpg\",\"datePublished\":\"2022-11-21T08:28:35+00:00\",\"dateModified\":\"2023-10-20T14:21:47+00:00\",\"breadcrumb\":{\"@id\":\"https:\/\/belux.edmo.eu\/de\/die-covid-impfstoffe-wurden-aufgrund-ihrer-wirksamkeit-zugelassen-nicht-um-die-bertragung-zu-verhindern\/#breadcrumb\"},\"inLanguage\":\"de-DE\",\"potentialAction\":[{\"@type\":\"ReadAction\",\"target\":[\"https:\/\/belux.edmo.eu\/de\/die-covid-impfstoffe-wurden-aufgrund-ihrer-wirksamkeit-zugelassen-nicht-um-die-bertragung-zu-verhindern\/\"]}]},{\"@type\":\"ImageObject\",\"inLanguage\":\"de-DE\",\"@id\":\"https:\/\/belux.edmo.eu\/de\/die-covid-impfstoffe-wurden-aufgrund-ihrer-wirksamkeit-zugelassen-nicht-um-die-bertragung-zu-verhindern\/#primaryimage\",\"url\":\"https:\/\/belux.edmo.eu\/wp-content\/uploads\/2022\/11\/f56053554cb6926d9b6adc0caaf064d8e91717ee-ipad-1.jpg\",\"contentUrl\":\"https:\/\/belux.edmo.eu\/wp-content\/uploads\/2022\/11\/f56053554cb6926d9b6adc0caaf064d8e91717ee-ipad-1.jpg\",\"width\":1680,\"height\":840},{\"@type\":\"BreadcrumbList\",\"@id\":\"https:\/\/belux.edmo.eu\/de\/die-covid-impfstoffe-wurden-aufgrund-ihrer-wirksamkeit-zugelassen-nicht-um-die-bertragung-zu-verhindern\/#breadcrumb\",\"itemListElement\":[{\"@type\":\"ListItem\",\"position\":1,\"name\":\"Home\",\"item\":\"https:\/\/belux.edmo.eu\/de\/\"},{\"@type\":\"ListItem\",\"position\":2,\"name\":\"Die Covid-Impfstoffe wurden aufgrund ihrer Wirksamkeit zugelassen, nicht um die \u00dcbertragung zu verhindern\"}]},{\"@type\":\"WebSite\",\"@id\":\"https:\/\/belux.edmo.eu\/#website\",\"url\":\"https:\/\/belux.edmo.eu\/\",\"name\":\"EDMO Belux\",\"description\":\"Monitoring Disinformation in Belgium and Luxembourg\",\"publisher\":{\"@id\":\"https:\/\/belux.edmo.eu\/#organization\"},\"potentialAction\":[{\"@type\":\"SearchAction\",\"target\":{\"@type\":\"EntryPoint\",\"urlTemplate\":\"https:\/\/belux.edmo.eu\/?s={search_term_string}\"},\"query-input\":{\"@type\":\"PropertyValueSpecification\",\"valueRequired\":true,\"valueName\":\"search_term_string\"}}],\"inLanguage\":\"de-DE\"},{\"@type\":\"Organization\",\"@id\":\"https:\/\/belux.edmo.eu\/#organization\",\"name\":\"EDMO Belux\",\"url\":\"https:\/\/belux.edmo.eu\/\",\"logo\":{\"@type\":\"ImageObject\",\"inLanguage\":\"de-DE\",\"@id\":\"https:\/\/belux.edmo.eu\/#\/schema\/logo\/image\/\",\"url\":\"https:\/\/belux.edmo.eu\/wp-content\/uploads\/2021\/12\/belux-logo-full-color-rgb.svg\",\"contentUrl\":\"https:\/\/belux.edmo.eu\/wp-content\/uploads\/2021\/12\/belux-logo-full-color-rgb.svg\",\"width\":1,\"height\":1,\"caption\":\"EDMO Belux\"},\"image\":{\"@id\":\"https:\/\/belux.edmo.eu\/#\/schema\/logo\/image\/\"},\"sameAs\":[\"https:\/\/x.com\/Edmo_Belux\"]},{\"@type\":\"Person\",\"@id\":\"https:\/\/belux.edmo.eu\/#\/schema\/person\/dbe3b252258537fd318f9b5645a30342\",\"name\":\"master\",\"sameAs\":[\"https:\/\/belux.wpengine.com\"],\"url\":\"https:\/\/belux.edmo.eu\/de\/author\/master\/\"}]}<\/script>\n<!-- \/ Yoast SEO plugin. -->","yoast_head_json":{"title":"Die Covid-Impfstoffe wurden aufgrund ihrer Wirksamkeit zugelassen, nicht um die \u00dcbertragung zu verhindern - EDMO Belux","robots":{"index":"index","follow":"follow","max-snippet":"max-snippet:-1","max-image-preview":"max-image-preview:large","max-video-preview":"max-video-preview:-1"},"canonical":"https:\/\/belux.edmo.eu\/de\/die-covid-impfstoffe-wurden-aufgrund-ihrer-wirksamkeit-zugelassen-nicht-um-die-bertragung-zu-verhindern\/","og_locale":"de_DE","og_type":"article","og_title":"Die Covid-Impfstoffe wurden aufgrund ihrer Wirksamkeit zugelassen, nicht um die \u00dcbertragung zu verhindern - EDMO Belux","og_description":"Hunderte User teilten die Behauptung auf Facebook und Dutzende auf Twitter. Auf Telegram erreichte die Behauptung Zehntausende. Einer der Verbreiter ist der Querdenker-Rechtsanwalt Markus Haintz, der sich auf Demos gegen die Corona-Ma\u00dfnahmen \u00e4u\u00dferte. Die Behauptung wurde auch auf Franz\u00f6sisch, Englisch und Spanisch geteilt.","og_url":"https:\/\/belux.edmo.eu\/de\/die-covid-impfstoffe-wurden-aufgrund-ihrer-wirksamkeit-zugelassen-nicht-um-die-bertragung-zu-verhindern\/","og_site_name":"EDMO Belux","article_published_time":"2022-11-21T08:28:35+00:00","article_modified_time":"2023-10-20T14:21:47+00:00","og_image":[{"width":1680,"height":840,"url":"https:\/\/belux.edmo.eu\/wp-content\/uploads\/2022\/11\/f56053554cb6926d9b6adc0caaf064d8e91717ee-ipad-1.jpg","type":"image\/jpeg"}],"author":"master","twitter_card":"summary_large_image","twitter_creator":"@Edmo_Belux","twitter_site":"@Edmo_Belux","twitter_misc":{"Verfasst von":"master","Gesch\u00e4tzte Lesezeit":"14 Minuten"},"schema":{"@context":"https:\/\/schema.org","@graph":[{"@type":"Article","@id":"https:\/\/belux.edmo.eu\/de\/die-covid-impfstoffe-wurden-aufgrund-ihrer-wirksamkeit-zugelassen-nicht-um-die-bertragung-zu-verhindern\/#article","isPartOf":{"@id":"https:\/\/belux.edmo.eu\/de\/die-covid-impfstoffe-wurden-aufgrund-ihrer-wirksamkeit-zugelassen-nicht-um-die-bertragung-zu-verhindern\/"},"author":{"name":"master","@id":"https:\/\/belux.edmo.eu\/#\/schema\/person\/dbe3b252258537fd318f9b5645a30342"},"headline":"Die Covid-Impfstoffe wurden aufgrund ihrer Wirksamkeit zugelassen, nicht um die \u00dcbertragung zu verhindern","datePublished":"2022-11-21T08:28:35+00:00","dateModified":"2023-10-20T14:21:47+00:00","mainEntityOfPage":{"@id":"https:\/\/belux.edmo.eu\/de\/die-covid-impfstoffe-wurden-aufgrund-ihrer-wirksamkeit-zugelassen-nicht-um-die-bertragung-zu-verhindern\/"},"wordCount":3065,"publisher":{"@id":"https:\/\/belux.edmo.eu\/#organization"},"image":{"@id":"https:\/\/belux.edmo.eu\/de\/die-covid-impfstoffe-wurden-aufgrund-ihrer-wirksamkeit-zugelassen-nicht-um-die-bertragung-zu-verhindern\/#primaryimage"},"thumbnailUrl":"https:\/\/belux.edmo.eu\/wp-content\/uploads\/2022\/11\/f56053554cb6926d9b6adc0caaf064d8e91717ee-ipad-1.jpg","articleSection":["COVID-19","Gesundheit","Politik","Unkategorisiert"],"inLanguage":"de-DE"},{"@type":"WebPage","@id":"https:\/\/belux.edmo.eu\/de\/die-covid-impfstoffe-wurden-aufgrund-ihrer-wirksamkeit-zugelassen-nicht-um-die-bertragung-zu-verhindern\/","url":"https:\/\/belux.edmo.eu\/de\/die-covid-impfstoffe-wurden-aufgrund-ihrer-wirksamkeit-zugelassen-nicht-um-die-bertragung-zu-verhindern\/","name":"Die Covid-Impfstoffe wurden aufgrund ihrer Wirksamkeit zugelassen, nicht um die \u00dcbertragung zu verhindern - EDMO Belux","isPartOf":{"@id":"https:\/\/belux.edmo.eu\/#website"},"primaryImageOfPage":{"@id":"https:\/\/belux.edmo.eu\/de\/die-covid-impfstoffe-wurden-aufgrund-ihrer-wirksamkeit-zugelassen-nicht-um-die-bertragung-zu-verhindern\/#primaryimage"},"image":{"@id":"https:\/\/belux.edmo.eu\/de\/die-covid-impfstoffe-wurden-aufgrund-ihrer-wirksamkeit-zugelassen-nicht-um-die-bertragung-zu-verhindern\/#primaryimage"},"thumbnailUrl":"https:\/\/belux.edmo.eu\/wp-content\/uploads\/2022\/11\/f56053554cb6926d9b6adc0caaf064d8e91717ee-ipad-1.jpg","datePublished":"2022-11-21T08:28:35+00:00","dateModified":"2023-10-20T14:21:47+00:00","breadcrumb":{"@id":"https:\/\/belux.edmo.eu\/de\/die-covid-impfstoffe-wurden-aufgrund-ihrer-wirksamkeit-zugelassen-nicht-um-die-bertragung-zu-verhindern\/#breadcrumb"},"inLanguage":"de-DE","potentialAction":[{"@type":"ReadAction","target":["https:\/\/belux.edmo.eu\/de\/die-covid-impfstoffe-wurden-aufgrund-ihrer-wirksamkeit-zugelassen-nicht-um-die-bertragung-zu-verhindern\/"]}]},{"@type":"ImageObject","inLanguage":"de-DE","@id":"https:\/\/belux.edmo.eu\/de\/die-covid-impfstoffe-wurden-aufgrund-ihrer-wirksamkeit-zugelassen-nicht-um-die-bertragung-zu-verhindern\/#primaryimage","url":"https:\/\/belux.edmo.eu\/wp-content\/uploads\/2022\/11\/f56053554cb6926d9b6adc0caaf064d8e91717ee-ipad-1.jpg","contentUrl":"https:\/\/belux.edmo.eu\/wp-content\/uploads\/2022\/11\/f56053554cb6926d9b6adc0caaf064d8e91717ee-ipad-1.jpg","width":1680,"height":840},{"@type":"BreadcrumbList","@id":"https:\/\/belux.edmo.eu\/de\/die-covid-impfstoffe-wurden-aufgrund-ihrer-wirksamkeit-zugelassen-nicht-um-die-bertragung-zu-verhindern\/#breadcrumb","itemListElement":[{"@type":"ListItem","position":1,"name":"Home","item":"https:\/\/belux.edmo.eu\/de\/"},{"@type":"ListItem","position":2,"name":"Die Covid-Impfstoffe wurden aufgrund ihrer Wirksamkeit zugelassen, nicht um die \u00dcbertragung zu verhindern"}]},{"@type":"WebSite","@id":"https:\/\/belux.edmo.eu\/#website","url":"https:\/\/belux.edmo.eu\/","name":"EDMO Belux","description":"Monitoring Disinformation in Belgium and Luxembourg","publisher":{"@id":"https:\/\/belux.edmo.eu\/#organization"},"potentialAction":[{"@type":"SearchAction","target":{"@type":"EntryPoint","urlTemplate":"https:\/\/belux.edmo.eu\/?s={search_term_string}"},"query-input":{"@type":"PropertyValueSpecification","valueRequired":true,"valueName":"search_term_string"}}],"inLanguage":"de-DE"},{"@type":"Organization","@id":"https:\/\/belux.edmo.eu\/#organization","name":"EDMO Belux","url":"https:\/\/belux.edmo.eu\/","logo":{"@type":"ImageObject","inLanguage":"de-DE","@id":"https:\/\/belux.edmo.eu\/#\/schema\/logo\/image\/","url":"https:\/\/belux.edmo.eu\/wp-content\/uploads\/2021\/12\/belux-logo-full-color-rgb.svg","contentUrl":"https:\/\/belux.edmo.eu\/wp-content\/uploads\/2021\/12\/belux-logo-full-color-rgb.svg","width":1,"height":1,"caption":"EDMO Belux"},"image":{"@id":"https:\/\/belux.edmo.eu\/#\/schema\/logo\/image\/"},"sameAs":["https:\/\/x.com\/Edmo_Belux"]},{"@type":"Person","@id":"https:\/\/belux.edmo.eu\/#\/schema\/person\/dbe3b252258537fd318f9b5645a30342","name":"master","sameAs":["https:\/\/belux.wpengine.com"],"url":"https:\/\/belux.edmo.eu\/de\/author\/master\/"}]}},"menu_order":0,"_links":{"self":[{"href":"https:\/\/belux.edmo.eu\/de\/wp-json\/wp\/v2\/posts\/200393","targetHints":{"allow":["GET"]}}],"collection":[{"href":"https:\/\/belux.edmo.eu\/de\/wp-json\/wp\/v2\/posts"}],"about":[{"href":"https:\/\/belux.edmo.eu\/de\/wp-json\/wp\/v2\/types\/post"}],"author":[{"embeddable":true,"href":"https:\/\/belux.edmo.eu\/de\/wp-json\/wp\/v2\/users\/1"}],"replies":[{"embeddable":true,"href":"https:\/\/belux.edmo.eu\/de\/wp-json\/wp\/v2\/comments?post=200393"}],"version-history":[{"count":0,"href":"https:\/\/belux.edmo.eu\/de\/wp-json\/wp\/v2\/posts\/200393\/revisions"}],"wp:featuredmedia":[{"embeddable":true,"href":"https:\/\/belux.edmo.eu\/de\/wp-json\/wp\/v2\/media\/204538"}],"wp:attachment":[{"href":"https:\/\/belux.edmo.eu\/de\/wp-json\/wp\/v2\/media?parent=200393"}],"wp:term":[{"taxonomy":"category","embeddable":true,"href":"https:\/\/belux.edmo.eu\/de\/wp-json\/wp\/v2\/categories?post=200393"},{"taxonomy":"post_tag","embeddable":true,"href":"https:\/\/belux.edmo.eu\/de\/wp-json\/wp\/v2\/tags?post=200393"}],"curies":[{"name":"wp","href":"https:\/\/api.w.org\/{rel}","templated":true}]}}