{"id":205552,"date":"2022-11-24T07:57:59","date_gmt":"2022-11-24T07:57:59","guid":{"rendered":"https:\/\/belux.edmo.eu\/?p=205552"},"modified":"2022-11-24T14:40:44","modified_gmt":"2022-11-24T14:40:44","slug":"video-zeigt-einen-komiker-nicht-den-ukrainischen-prsidenten-selenskyj","status":"publish","type":"post","link":"https:\/\/belux.edmo.eu\/de\/video-zeigt-einen-komiker-nicht-den-ukrainischen-prsidenten-selenskyj\/","title":{"rendered":"Video zeigt einen Komiker, nicht den ukrainischen Pr\u00e4sidenten Selenskyj"},"content":{"rendered":"<p><b>Auf Facebook kursiert ein Video, das einen Musikvideodreh mit einem Mann zeigt, der dem ukrainischen Pr\u00e4sidenten Wolodymyr Selenskyj sehr \u00e4hnlich sieht. Einige User glauben sogar, dass es sich dabei wirklich um den Pr\u00e4sidenten handelt. Das Video zeigt aber in Wirklichkeit den Komiker Max Komikadze in der russischen Show &#8222;ShowW&amp;L&#8220; bei einem Auftritt Anfang November 2022.<\/b><\/p>\n<p>Tausende Facebook-User teilten das angebliche Selenskyj-Video, das Anfang November 2022 als <a href=\"https:\/\/archive.is\/Y0E8D\" shape=\"rect\">Reel<\/a> verbreitet wurde. Die Behauptung kursierte auch auf <a href=\"https:\/\/perma.cc\/F25F-WVZZ?type=standard\" shape=\"rect\">Niederl\u00e4ndisch<\/a>.<\/p>\n<p><strong>Die Behauptung:<\/strong> In dem geteilten Video ist die Einblendung &#8222;Der Krieg muss ja heftig sein, wenn man Zeit f\u00fcr sowas hat&#8220; zu lesen. In der Kommentarspalte zum Video hei\u00dft es: &#8222;Das nennt sich moralische Truppen Unterst\u00fctzung damit die Soldaten nicht kampfesm\u00fcde werden&#8220; Und: &#8222;Wir werden von vorne bis hinten verarscht. Mir tun die wirklich betroffenen Menschen wirklich leid.&#8220; In anderen Versionen fehlt diese Einblendung, daf\u00fcr steht im Beitragstext: &#8222;Der Krieg muss ja heftig sein, wenn Selenskyj Zeit f\u00fcr sowas hat!&#8220;<\/p>\n<div id=\"wysiwyg\" class=\"www-item image\"><img class=\"lazyload blur-up\" src=\"https:\/\/belux.edmo.eu\/wp-content\/uploads\/2022\/11\/644f87237cc21a3e862f686f968e4786bb184c8a-ipad.jpg\" data-original=\"\" \/><span class=\"legend\">Screenshot der Behauptung auf Facebook: 18.11.2022<\/span><\/div>\n<p>Seit der Invasion russischer Streitkr\u00e4fte in der Ukraine am 24. Februar 2022 kursieren zahlreiche falsche oder irref\u00fchrende Informationen \u00fcber der ukrainischen Pr\u00e4sidenten Selenskyj in sozialen Netzwerken. Die Falschbehauptungen diskreditierten den Pr\u00e4sidenten immer wieder pers\u00f6nlich (<a href=\"https:\/\/faktencheck.afp.com\/doc.afp.com.32ET82D\" shape=\"rect\">hier<\/a>, <a href=\"https:\/\/faktencheck.afp.com\/doc.afp.com.32962ZP\" shape=\"rect\">hier<\/a>, <a href=\"https:\/\/faktencheck.afp.com\/doc.afp.com.329W6V6\" shape=\"rect\">hier<\/a>) und auch als Staatschef (<a href=\"https:\/\/faktencheck.afp.com\/doc.afp.com.32KD62L\" shape=\"rect\">hier<\/a>, <a href=\"https:\/\/faktencheck.afp.com\/doc.afp.com.32KR4A3\" shape=\"rect\">hier<\/a>). Auch die deutsche Bundesregierung greift auf ihrer <a href=\"https:\/\/www.bundesregierung.de\/breg-de\/themen\/umgang-mit-desinformation\/aus-narrativen-desinformation-2080112\" shape=\"rect\">Website<\/a> h\u00e4ufige Desinformationsnarrative auf, die mitunter auf Selenskyj abzielen. AFP sammelt alle Faktenchecks zum Konflikt in der Ukraine <a href=\"https:\/\/faktencheck.afp.com\/list\/all\/all\/39405\/all\/tid-39405\" shape=\"rect\">hier<\/a>.<\/p>\n<p><b>Video zeigt russische Unterhaltungsshow<\/b><\/p>\n<p>Wolodymyr Selenskyj war vor seiner Pr\u00e4sidentschaft als Komiker t\u00e4tig. Er war tats\u00e4chlich regelm\u00e4\u00dfig im <a href=\"https:\/\/www.youtube.com\/watch?v=V-mrWUrikDI\" shape=\"rect\">russischsprachigen Fernsehen<\/a> und im <a href=\"https:\/\/www.youtube.com\/watch?v=IVpzw9a6BiY\" shape=\"rect\">Internet<\/a> zu sehen. Eine <a href=\"https:\/\/www.youtube.com\/watch?v=W9JkBkOE0TM\" shape=\"rect\">R\u00fcckw\u00e4rtssuche<\/a> mit Screenshots aus dem Video f\u00fchrte AFP jedoch zu keinem relevanten Ergebnis.<\/p>\n<p>Ein genauer Blick auf den Mann, der Selenskyj \u00e4hnelt und auf der B\u00fchne in Uniform und mit einer Panzerfaust tanzt, zeigt, dass er sich in Details vom echten Pr\u00e4sidenten unterscheidet. Er hat beispielsweise einen anderen Haaransatz als Selenskyj.<\/p>\n<div id=\"wysiwyg\" class=\"www-item image\"><img class=\"lazyload blur-up\" src=\"https:\/\/belux.edmo.eu\/wp-content\/uploads\/2022\/11\/916984ad96be5a149e4a90b296deb67f2bd4af2d-ipad.jpg\" data-original=\"\" \/><span class=\"legend\">Screenshot aus dem Video auf Facebook (links) und Foto des ukrainischen Pr\u00e4sidenten (rechts, Sergei Supinsky\/AFP)<\/span><\/div>\n<p>AFP hat mit verschiedenen <a href=\"https:\/\/www.youtube.com\/watch?v=l2SbfqF-2Rg\" target=\"_blank\" rel=\"noopener\" shape=\"rect\">Stichwortsuchen<\/a> auf Deutsch und Russisch nach Imitationen von Selenskyj gesucht und stie\u00df dabei auf Yandex auf ein <a href=\"https:\/\/perma.cc\/AJ8P-M68H?type=image\" shape=\"rect\">Youtubevideo<\/a> eines &#8222;<a href=\"https:\/\/www.youtube.com\/@makskomikadze\" shape=\"rect\">Max Komikadze<\/a>&#8222;, in dem er Selenskyj parodiert. Dabei handelt es sich um einen Komiker, der zahlreiche Videos ver\u00f6ffentlicht hat, in denen er Selenskyj nachahmt.<\/p>\n<p>Komikadze wiederholt in \u00e4lteren Videos immer wieder Desinformationsnarrative (<a href=\"https:\/\/youtu.be\/lVv8-1eG5KE?t=666\" shape=\"rect\">hier<\/a>, <a href=\"https:\/\/www.youtube.com\/shorts\/wLq78Hr79pA\" shape=\"rect\">hier<\/a>) wie etwa die unbelegte, aber immer wieder neu auftauchende Behauptung, Selenskyj w\u00fcrde Drogen konsumieren (<a href=\"https:\/\/www.derstandard.de\/story\/2000135105849\/drogenmissbrauch-falsche-behauptungen-kursieren-zu-selenskyj-video\" shape=\"rect\">hier<\/a>, <a href=\"https:\/\/correctiv.org\/faktencheck\/2022\/04\/28\/manipuliertes-video-nein-in-diesem-interview-sagte-wolodymyr-selenskyj-nicht-dass-er-kokain-nehme\/\" shape=\"rect\">hier<\/a>).<\/p>\n<p>Max Komikadze hatte auch immer wieder Gastauftritte in der russischen Comedy-Sendung &#8222;<a href=\"https:\/\/perma.cc\/TE9J-M2JT?type=image\" shape=\"rect\">ShowW&amp;L<\/a>&#8222;. Dabei handelt es sich um die Sendung von Wowan und Lexus, zwei russischen Komikern, die immer wieder Prominente mit Scherzanrufen auf den Arm nahmen. Bei dem <a href=\"https:\/\/www.stern.de\/politik\/deutschland\/franziska-giffey-im-fake-telefonat-mit-vitali-klitschko--staatsschutz-emittelt-31984132.html\" shape=\"rect\">wohl in Deutschland ber\u00fchmtesten Streich<\/a> gab sich das Duo im Juni 2022 gegen\u00fcber der Berliner B\u00fcrgermeisterin Franziska Giffey als Vitali Klitschko aus. Die beiden Komiker rufen dabei <a href=\"https:\/\/www.tagesspiegel.de\/gesellschaft\/russische-comedians-im-dienste-der-propaganda-was-die-macher-des-klitschko-fake-antreibt-522891.html\" shape=\"rect\">besonders h\u00e4ufig Kritiker<\/a> der russischen Regierung an und sind <a href=\"https:\/\/www.rnd.de\/politik\/klitschko-fake-russische-komiker-von-gazprom-tochter-bezahlt-PGXLV5OCLJEPROYXRLZMIXMCQE.html\" shape=\"rect\">Kreml-nah<\/a>.<\/p>\n<p><b>Show-Moderatoren best\u00e4tigen Imitation<\/b><\/p>\n<p>AFP hat das originale Video der Dreharbeiten in einem Post vom 4. November 2022 auf dem <a href=\"https:\/\/perma.cc\/ZYF3-6R63?type=image\" shape=\"rect\">Tiktok-Account von Komikadze<\/a> gefunden. AFP fand auch das am 17. November <a href=\"https:\/\/perma.cc\/CM4R-QU8V?type=image\" shape=\"rect\">ver\u00f6ffentlichte Musikvideo<\/a> auf seinem Youtube-Kanal.<\/p>\n<div class=\"g2web\" style=\"text-align: center;\"><iframe title=\"YouTube video player\" src=\"https:\/\/www.youtube.com\/embed\/7n9Bs8kdDAg\" width=\"560\" height=\"315\" frameborder=\"0\" scrolling=\"auto\" allowfullscreen=\"allowfullscreen\" data-mce-fragment=\"1\"><\/iframe><\/div>\n<p>Max Komikadze reagierte bis zur Ver\u00f6ffentlichung nicht auf die Anfrage von AFP.<\/p>\n<p>Das Musikvideo ist <a href=\"https:\/\/archive.ph\/a8JQo\" shape=\"rect\">Teil der Show von Wowan und Lexus<\/a>. Am Ende der Show ahmt Komikadze Selenskyj nach. Die beiden Komiker best\u00e4tigten am 18. November gegen\u00fcber AFP, dass das auf Facebook kursierende Video im Kontext ihrer Show entstanden sei. Wowan sagte: &#8222;Meiner Meinung nach ist hier alles ohne Erkl\u00e4rung klar. Dies ist eine musikalische Darbietung des K\u00fcnstlers Max Komikadze. Er singt das Lied &#8218;Bayraktar&#8216;. Er ist ein Selenskyj-Parodist.&#8220; Bayraktar ist eine <a href=\"https:\/\/www.businessinsider.de\/politik\/welt\/tuerkische-drohne-im-ukraine-krieg-ist-die-bayraktar-tb2-eine-wunder-waffe-oder-propaganda-werkzeug-a\/\" shape=\"rect\">t\u00fcrkische Kampfdrohne<\/a>, die auch von der Ukraine im Krieg eingesetzt wird.<\/p>\n<p>Wowan wies au\u00dferdem mit Blick auf das Youtubevideo darauf hin, dass &#8222;in diesen Videos nie gesagt wurde, dass es Selenskyj war. Nur Max Komikadze tritt in allen Videos auf.&#8220; In ihrer Show k\u00fcndigt Lexus das Video allerdings mit den Worten an: &#8222;Jetzt tritt f\u00fcr Sie der Hauptgegner Petros Poroschenkos auf, der aktuelle Pr\u00e4sident der Ukraine, Wladimir Selenskyj, mit seinem neuen Hit \u2018Bayraktar\u2019. &#8222;Wladimir&#8220; ist die russische Version des ukrainischen Namens &#8222;Wolodymyr&#8220;. In der folgenden Einblendung steht jedoch &#8222;Max Komikadze&#8220;.<\/p>\n<p><strong>Fazit:<\/strong> Das auf Facebook geteilte Video zeigt nicht Selenskyj, der uniformiert mit einer Panzerfaust auf einer B\u00fchne tanzt. Das Video ist Teil einer russischen Unterhaltungssendung und zeigt einen Schauspieler, der Selenskyj \u00e4hnlich sieht, wie die Gastgeber der Show best\u00e4tigten.<\/p>\n","protected":false},"excerpt":{"rendered":"<p>Tausende Facebook-User teilten das angebliche Selenskyj-Video, das Anfang November 2022 als Reel verbreitet wurde. Die Behauptung kursierte auch auf Niederl\u00e4ndisch.<\/p>\n","protected":false},"author":1,"featured_media":205547,"comment_status":"closed","ping_status":"open","sticky":false,"template":"","format":"standard","meta":{"_acf_changed":false,"footnotes":""},"categories":[127,139,133,215],"tags":[],"class_list":{"0":"post-205552","1":"post","2":"type-post","3":"status-publish","4":"format-standard","5":"has-post-thumbnail","7":"category-fact-check-de","8":"category-gesellschaft-de","9":"category-politics-de","10":"category-ukraine-de"},"acf":{"show_metatags":true,"id":"doc-32pn23e-2","authors":"Jan RUSSEZKI, AFP Deutschland","organization":"AFP","featured_image_copyright":"AFP","text_copyright":"\u00a9 AGENCE FRANCE-PRESSE | 2022 | Alle Rechte vorbehalten. Jede Nutzung von AFP-Inhalten auf dieser Website unterliegt den Nutzungsbedingungen auf <a href='https:\/\/www.afp.com\/en\/terms-use' target='_blank'>CGU<\/a>. Durch den Zugriff auf die auf dieser Website verf\u00fcgbaren AFP-Inhalte und\/oder deren Nutzung erkl\u00e4ren Sie sich mit den oben genannten Nutzungsbedingungen einverstanden. Jede Nutzung von AFP-Inhalten erfolgt unter Ihrer alleinigen und vollen Verantwortung.","source":"https:\/\/faktencheck.afp.com\/doc.afp.com.32PN23E","fact_checker":"https:\/\/belux.wpengine.com\/wp-content\/uploads\/2021\/12\/afp_logo.png","type":"Closed Event","location":"","start_date":"","start_date_event_begins_at":"","start_date_event_ends_at":"","end_date":"","end_date_event_begins_at":"","end_date_event_ends_at":"","organizer":"","fact_checker_logo_image":false},"yoast_head":"<!-- This site is optimized with the Yoast SEO plugin v27.0 - https:\/\/yoast.com\/product\/yoast-seo-wordpress\/ -->\n<title>Video zeigt einen Komiker, nicht den ukrainischen Pr\u00e4sidenten Selenskyj - EDMO Belux<\/title>\n<meta name=\"robots\" content=\"index, follow, max-snippet:-1, max-image-preview:large, max-video-preview:-1\" \/>\n<link rel=\"canonical\" href=\"https:\/\/belux.edmo.eu\/de\/video-zeigt-einen-komiker-nicht-den-ukrainischen-prsidenten-selenskyj\/\" \/>\n<meta property=\"og:locale\" content=\"de_DE\" \/>\n<meta property=\"og:type\" content=\"article\" \/>\n<meta property=\"og:title\" content=\"Video zeigt einen Komiker, nicht den ukrainischen Pr\u00e4sidenten Selenskyj - EDMO Belux\" \/>\n<meta property=\"og:description\" content=\"Tausende Facebook-User teilten das angebliche Selenskyj-Video, das Anfang November 2022 als Reel verbreitet wurde. Die Behauptung kursierte auch auf Niederl\u00e4ndisch.\" \/>\n<meta property=\"og:url\" content=\"https:\/\/belux.edmo.eu\/de\/video-zeigt-einen-komiker-nicht-den-ukrainischen-prsidenten-selenskyj\/\" \/>\n<meta property=\"og:site_name\" content=\"EDMO Belux\" \/>\n<meta property=\"article:published_time\" content=\"2022-11-24T07:57:59+00:00\" \/>\n<meta property=\"article:modified_time\" content=\"2022-11-24T14:40:44+00:00\" \/>\n<meta property=\"og:image\" content=\"https:\/\/belux.edmo.eu\/wp-content\/uploads\/2022\/11\/78160cd21103d4143b2ba734de0f3eaf0c67897f-ipad.jpg\" \/>\n\t<meta property=\"og:image:width\" content=\"1080\" \/>\n\t<meta property=\"og:image:height\" content=\"540\" \/>\n\t<meta property=\"og:image:type\" content=\"image\/jpeg\" \/>\n<meta name=\"author\" content=\"master\" \/>\n<meta name=\"twitter:card\" content=\"summary_large_image\" \/>\n<meta name=\"twitter:creator\" content=\"@Edmo_Belux\" \/>\n<meta name=\"twitter:site\" content=\"@Edmo_Belux\" \/>\n<meta name=\"twitter:label1\" content=\"Verfasst von\" \/>\n\t<meta name=\"twitter:data1\" content=\"master\" \/>\n\t<meta name=\"twitter:label2\" content=\"Gesch\u00e4tzte Lesezeit\" \/>\n\t<meta name=\"twitter:data2\" content=\"4 Minuten\" \/>\n<script type=\"application\/ld+json\" class=\"yoast-schema-graph\">{\"@context\":\"https:\/\/schema.org\",\"@graph\":[{\"@type\":\"Article\",\"@id\":\"https:\/\/belux.edmo.eu\/de\/video-zeigt-einen-komiker-nicht-den-ukrainischen-prsidenten-selenskyj\/#article\",\"isPartOf\":{\"@id\":\"https:\/\/belux.edmo.eu\/de\/video-zeigt-einen-komiker-nicht-den-ukrainischen-prsidenten-selenskyj\/\"},\"author\":{\"name\":\"master\",\"@id\":\"https:\/\/belux.edmo.eu\/#\/schema\/person\/dbe3b252258537fd318f9b5645a30342\"},\"headline\":\"Video zeigt einen Komiker, nicht den ukrainischen Pr\u00e4sidenten Selenskyj\",\"datePublished\":\"2022-11-24T07:57:59+00:00\",\"dateModified\":\"2022-11-24T14:40:44+00:00\",\"mainEntityOfPage\":{\"@id\":\"https:\/\/belux.edmo.eu\/de\/video-zeigt-einen-komiker-nicht-den-ukrainischen-prsidenten-selenskyj\/\"},\"wordCount\":767,\"publisher\":{\"@id\":\"https:\/\/belux.edmo.eu\/#organization\"},\"image\":{\"@id\":\"https:\/\/belux.edmo.eu\/de\/video-zeigt-einen-komiker-nicht-den-ukrainischen-prsidenten-selenskyj\/#primaryimage\"},\"thumbnailUrl\":\"https:\/\/belux.edmo.eu\/wp-content\/uploads\/2022\/11\/78160cd21103d4143b2ba734de0f3eaf0c67897f-ipad.jpg\",\"articleSection\":[\"Fact Check\",\"Gesellschaft\",\"Politik\",\"Ukraine\"],\"inLanguage\":\"de-DE\"},{\"@type\":\"WebPage\",\"@id\":\"https:\/\/belux.edmo.eu\/de\/video-zeigt-einen-komiker-nicht-den-ukrainischen-prsidenten-selenskyj\/\",\"url\":\"https:\/\/belux.edmo.eu\/de\/video-zeigt-einen-komiker-nicht-den-ukrainischen-prsidenten-selenskyj\/\",\"name\":\"Video zeigt einen Komiker, nicht den ukrainischen Pr\u00e4sidenten Selenskyj - EDMO Belux\",\"isPartOf\":{\"@id\":\"https:\/\/belux.edmo.eu\/#website\"},\"primaryImageOfPage\":{\"@id\":\"https:\/\/belux.edmo.eu\/de\/video-zeigt-einen-komiker-nicht-den-ukrainischen-prsidenten-selenskyj\/#primaryimage\"},\"image\":{\"@id\":\"https:\/\/belux.edmo.eu\/de\/video-zeigt-einen-komiker-nicht-den-ukrainischen-prsidenten-selenskyj\/#primaryimage\"},\"thumbnailUrl\":\"https:\/\/belux.edmo.eu\/wp-content\/uploads\/2022\/11\/78160cd21103d4143b2ba734de0f3eaf0c67897f-ipad.jpg\",\"datePublished\":\"2022-11-24T07:57:59+00:00\",\"dateModified\":\"2022-11-24T14:40:44+00:00\",\"breadcrumb\":{\"@id\":\"https:\/\/belux.edmo.eu\/de\/video-zeigt-einen-komiker-nicht-den-ukrainischen-prsidenten-selenskyj\/#breadcrumb\"},\"inLanguage\":\"de-DE\",\"potentialAction\":[{\"@type\":\"ReadAction\",\"target\":[\"https:\/\/belux.edmo.eu\/de\/video-zeigt-einen-komiker-nicht-den-ukrainischen-prsidenten-selenskyj\/\"]}]},{\"@type\":\"ImageObject\",\"inLanguage\":\"de-DE\",\"@id\":\"https:\/\/belux.edmo.eu\/de\/video-zeigt-einen-komiker-nicht-den-ukrainischen-prsidenten-selenskyj\/#primaryimage\",\"url\":\"https:\/\/belux.edmo.eu\/wp-content\/uploads\/2022\/11\/78160cd21103d4143b2ba734de0f3eaf0c67897f-ipad.jpg\",\"contentUrl\":\"https:\/\/belux.edmo.eu\/wp-content\/uploads\/2022\/11\/78160cd21103d4143b2ba734de0f3eaf0c67897f-ipad.jpg\",\"width\":1080,\"height\":540,\"caption\":\"Video zeigt einen Komiker, nicht den ukrainischen Pr\u00e4sidenten Selenskyj - Featured image\"},{\"@type\":\"BreadcrumbList\",\"@id\":\"https:\/\/belux.edmo.eu\/de\/video-zeigt-einen-komiker-nicht-den-ukrainischen-prsidenten-selenskyj\/#breadcrumb\",\"itemListElement\":[{\"@type\":\"ListItem\",\"position\":1,\"name\":\"Home\",\"item\":\"https:\/\/belux.edmo.eu\/de\/\"},{\"@type\":\"ListItem\",\"position\":2,\"name\":\"Video zeigt einen Komiker, nicht den ukrainischen Pr\u00e4sidenten Selenskyj\"}]},{\"@type\":\"WebSite\",\"@id\":\"https:\/\/belux.edmo.eu\/#website\",\"url\":\"https:\/\/belux.edmo.eu\/\",\"name\":\"EDMO Belux\",\"description\":\"Monitoring Disinformation in Belgium and Luxembourg\",\"publisher\":{\"@id\":\"https:\/\/belux.edmo.eu\/#organization\"},\"potentialAction\":[{\"@type\":\"SearchAction\",\"target\":{\"@type\":\"EntryPoint\",\"urlTemplate\":\"https:\/\/belux.edmo.eu\/?s={search_term_string}\"},\"query-input\":{\"@type\":\"PropertyValueSpecification\",\"valueRequired\":true,\"valueName\":\"search_term_string\"}}],\"inLanguage\":\"de-DE\"},{\"@type\":\"Organization\",\"@id\":\"https:\/\/belux.edmo.eu\/#organization\",\"name\":\"EDMO Belux\",\"url\":\"https:\/\/belux.edmo.eu\/\",\"logo\":{\"@type\":\"ImageObject\",\"inLanguage\":\"de-DE\",\"@id\":\"https:\/\/belux.edmo.eu\/#\/schema\/logo\/image\/\",\"url\":\"https:\/\/belux.edmo.eu\/wp-content\/uploads\/2021\/12\/belux-logo-full-color-rgb.svg\",\"contentUrl\":\"https:\/\/belux.edmo.eu\/wp-content\/uploads\/2021\/12\/belux-logo-full-color-rgb.svg\",\"width\":1,\"height\":1,\"caption\":\"EDMO Belux\"},\"image\":{\"@id\":\"https:\/\/belux.edmo.eu\/#\/schema\/logo\/image\/\"},\"sameAs\":[\"https:\/\/x.com\/Edmo_Belux\"]},{\"@type\":\"Person\",\"@id\":\"https:\/\/belux.edmo.eu\/#\/schema\/person\/dbe3b252258537fd318f9b5645a30342\",\"name\":\"master\",\"sameAs\":[\"https:\/\/belux.wpengine.com\"],\"url\":\"https:\/\/belux.edmo.eu\/de\/author\/master\/\"}]}<\/script>\n<!-- \/ Yoast SEO plugin. -->","yoast_head_json":{"title":"Video zeigt einen Komiker, nicht den ukrainischen Pr\u00e4sidenten Selenskyj - EDMO Belux","robots":{"index":"index","follow":"follow","max-snippet":"max-snippet:-1","max-image-preview":"max-image-preview:large","max-video-preview":"max-video-preview:-1"},"canonical":"https:\/\/belux.edmo.eu\/de\/video-zeigt-einen-komiker-nicht-den-ukrainischen-prsidenten-selenskyj\/","og_locale":"de_DE","og_type":"article","og_title":"Video zeigt einen Komiker, nicht den ukrainischen Pr\u00e4sidenten Selenskyj - EDMO Belux","og_description":"Tausende Facebook-User teilten das angebliche Selenskyj-Video, das Anfang November 2022 als Reel verbreitet wurde. Die Behauptung kursierte auch auf Niederl\u00e4ndisch.","og_url":"https:\/\/belux.edmo.eu\/de\/video-zeigt-einen-komiker-nicht-den-ukrainischen-prsidenten-selenskyj\/","og_site_name":"EDMO Belux","article_published_time":"2022-11-24T07:57:59+00:00","article_modified_time":"2022-11-24T14:40:44+00:00","og_image":[{"width":1080,"height":540,"url":"https:\/\/belux.edmo.eu\/wp-content\/uploads\/2022\/11\/78160cd21103d4143b2ba734de0f3eaf0c67897f-ipad.jpg","type":"image\/jpeg"}],"author":"master","twitter_card":"summary_large_image","twitter_creator":"@Edmo_Belux","twitter_site":"@Edmo_Belux","twitter_misc":{"Verfasst von":"master","Gesch\u00e4tzte Lesezeit":"4 Minuten"},"schema":{"@context":"https:\/\/schema.org","@graph":[{"@type":"Article","@id":"https:\/\/belux.edmo.eu\/de\/video-zeigt-einen-komiker-nicht-den-ukrainischen-prsidenten-selenskyj\/#article","isPartOf":{"@id":"https:\/\/belux.edmo.eu\/de\/video-zeigt-einen-komiker-nicht-den-ukrainischen-prsidenten-selenskyj\/"},"author":{"name":"master","@id":"https:\/\/belux.edmo.eu\/#\/schema\/person\/dbe3b252258537fd318f9b5645a30342"},"headline":"Video zeigt einen Komiker, nicht den ukrainischen Pr\u00e4sidenten Selenskyj","datePublished":"2022-11-24T07:57:59+00:00","dateModified":"2022-11-24T14:40:44+00:00","mainEntityOfPage":{"@id":"https:\/\/belux.edmo.eu\/de\/video-zeigt-einen-komiker-nicht-den-ukrainischen-prsidenten-selenskyj\/"},"wordCount":767,"publisher":{"@id":"https:\/\/belux.edmo.eu\/#organization"},"image":{"@id":"https:\/\/belux.edmo.eu\/de\/video-zeigt-einen-komiker-nicht-den-ukrainischen-prsidenten-selenskyj\/#primaryimage"},"thumbnailUrl":"https:\/\/belux.edmo.eu\/wp-content\/uploads\/2022\/11\/78160cd21103d4143b2ba734de0f3eaf0c67897f-ipad.jpg","articleSection":["Fact Check","Gesellschaft","Politik","Ukraine"],"inLanguage":"de-DE"},{"@type":"WebPage","@id":"https:\/\/belux.edmo.eu\/de\/video-zeigt-einen-komiker-nicht-den-ukrainischen-prsidenten-selenskyj\/","url":"https:\/\/belux.edmo.eu\/de\/video-zeigt-einen-komiker-nicht-den-ukrainischen-prsidenten-selenskyj\/","name":"Video zeigt einen Komiker, nicht den ukrainischen Pr\u00e4sidenten Selenskyj - EDMO Belux","isPartOf":{"@id":"https:\/\/belux.edmo.eu\/#website"},"primaryImageOfPage":{"@id":"https:\/\/belux.edmo.eu\/de\/video-zeigt-einen-komiker-nicht-den-ukrainischen-prsidenten-selenskyj\/#primaryimage"},"image":{"@id":"https:\/\/belux.edmo.eu\/de\/video-zeigt-einen-komiker-nicht-den-ukrainischen-prsidenten-selenskyj\/#primaryimage"},"thumbnailUrl":"https:\/\/belux.edmo.eu\/wp-content\/uploads\/2022\/11\/78160cd21103d4143b2ba734de0f3eaf0c67897f-ipad.jpg","datePublished":"2022-11-24T07:57:59+00:00","dateModified":"2022-11-24T14:40:44+00:00","breadcrumb":{"@id":"https:\/\/belux.edmo.eu\/de\/video-zeigt-einen-komiker-nicht-den-ukrainischen-prsidenten-selenskyj\/#breadcrumb"},"inLanguage":"de-DE","potentialAction":[{"@type":"ReadAction","target":["https:\/\/belux.edmo.eu\/de\/video-zeigt-einen-komiker-nicht-den-ukrainischen-prsidenten-selenskyj\/"]}]},{"@type":"ImageObject","inLanguage":"de-DE","@id":"https:\/\/belux.edmo.eu\/de\/video-zeigt-einen-komiker-nicht-den-ukrainischen-prsidenten-selenskyj\/#primaryimage","url":"https:\/\/belux.edmo.eu\/wp-content\/uploads\/2022\/11\/78160cd21103d4143b2ba734de0f3eaf0c67897f-ipad.jpg","contentUrl":"https:\/\/belux.edmo.eu\/wp-content\/uploads\/2022\/11\/78160cd21103d4143b2ba734de0f3eaf0c67897f-ipad.jpg","width":1080,"height":540,"caption":"Video zeigt einen Komiker, nicht den ukrainischen Pr\u00e4sidenten Selenskyj - Featured image"},{"@type":"BreadcrumbList","@id":"https:\/\/belux.edmo.eu\/de\/video-zeigt-einen-komiker-nicht-den-ukrainischen-prsidenten-selenskyj\/#breadcrumb","itemListElement":[{"@type":"ListItem","position":1,"name":"Home","item":"https:\/\/belux.edmo.eu\/de\/"},{"@type":"ListItem","position":2,"name":"Video zeigt einen Komiker, nicht den ukrainischen Pr\u00e4sidenten Selenskyj"}]},{"@type":"WebSite","@id":"https:\/\/belux.edmo.eu\/#website","url":"https:\/\/belux.edmo.eu\/","name":"EDMO Belux","description":"Monitoring Disinformation in Belgium and Luxembourg","publisher":{"@id":"https:\/\/belux.edmo.eu\/#organization"},"potentialAction":[{"@type":"SearchAction","target":{"@type":"EntryPoint","urlTemplate":"https:\/\/belux.edmo.eu\/?s={search_term_string}"},"query-input":{"@type":"PropertyValueSpecification","valueRequired":true,"valueName":"search_term_string"}}],"inLanguage":"de-DE"},{"@type":"Organization","@id":"https:\/\/belux.edmo.eu\/#organization","name":"EDMO Belux","url":"https:\/\/belux.edmo.eu\/","logo":{"@type":"ImageObject","inLanguage":"de-DE","@id":"https:\/\/belux.edmo.eu\/#\/schema\/logo\/image\/","url":"https:\/\/belux.edmo.eu\/wp-content\/uploads\/2021\/12\/belux-logo-full-color-rgb.svg","contentUrl":"https:\/\/belux.edmo.eu\/wp-content\/uploads\/2021\/12\/belux-logo-full-color-rgb.svg","width":1,"height":1,"caption":"EDMO Belux"},"image":{"@id":"https:\/\/belux.edmo.eu\/#\/schema\/logo\/image\/"},"sameAs":["https:\/\/x.com\/Edmo_Belux"]},{"@type":"Person","@id":"https:\/\/belux.edmo.eu\/#\/schema\/person\/dbe3b252258537fd318f9b5645a30342","name":"master","sameAs":["https:\/\/belux.wpengine.com"],"url":"https:\/\/belux.edmo.eu\/de\/author\/master\/"}]}},"menu_order":0,"_links":{"self":[{"href":"https:\/\/belux.edmo.eu\/de\/wp-json\/wp\/v2\/posts\/205552","targetHints":{"allow":["GET"]}}],"collection":[{"href":"https:\/\/belux.edmo.eu\/de\/wp-json\/wp\/v2\/posts"}],"about":[{"href":"https:\/\/belux.edmo.eu\/de\/wp-json\/wp\/v2\/types\/post"}],"author":[{"embeddable":true,"href":"https:\/\/belux.edmo.eu\/de\/wp-json\/wp\/v2\/users\/1"}],"replies":[{"embeddable":true,"href":"https:\/\/belux.edmo.eu\/de\/wp-json\/wp\/v2\/comments?post=205552"}],"version-history":[{"count":0,"href":"https:\/\/belux.edmo.eu\/de\/wp-json\/wp\/v2\/posts\/205552\/revisions"}],"wp:featuredmedia":[{"embeddable":true,"href":"https:\/\/belux.edmo.eu\/de\/wp-json\/wp\/v2\/media\/205547"}],"wp:attachment":[{"href":"https:\/\/belux.edmo.eu\/de\/wp-json\/wp\/v2\/media?parent=205552"}],"wp:term":[{"taxonomy":"category","embeddable":true,"href":"https:\/\/belux.edmo.eu\/de\/wp-json\/wp\/v2\/categories?post=205552"},{"taxonomy":"post_tag","embeddable":true,"href":"https:\/\/belux.edmo.eu\/de\/wp-json\/wp\/v2\/tags?post=205552"}],"curies":[{"name":"wp","href":"https:\/\/api.w.org\/{rel}","templated":true}]}}