{"id":209184,"date":"2022-11-25T08:39:14","date_gmt":"2022-11-25T08:39:14","guid":{"rendered":"https:\/\/belux.edmo.eu\/?p=209184"},"modified":"2022-11-28T09:26:36","modified_gmt":"2022-11-28T09:26:36","slug":"christian-lindners-aussagen-in-diesem-video-wurden-manipuliert","status":"publish","type":"post","link":"https:\/\/belux.edmo.eu\/de\/christian-lindners-aussagen-in-diesem-video-wurden-manipuliert\/","title":{"rendered":"Christian Lindners Aussagen in diesem Video wurden manipuliert"},"content":{"rendered":"<p><b>Auf Facebook teilten Zehntausende User einen Ausschnitt aus einer Pressekonferenz zur Energieversorgung in Deutschland mit Bundeskanzler Olaf Scholz (SPD), Bundeswirtschaftsminister Robert Habeck (Gr\u00fcne) und Bundesfinanzminister Christian Lindner (FDP). Darin soll Lindner angeblich gesagt haben, die Regierung akzeptiere es, vieles zu zerst\u00f6ren, was Menschen in Deutschland sich \u00fcber Jahrzehnte aufgebaut h\u00e4tten. Das Video ist allerdings aus dem Kontext gerissen und zus\u00e4tzlich sinnver\u00e4ndernd geschnitten. Lindner hat \u00fcber die Folgen eines Energiekrieges gesprochen, den die Regierung nicht akzeptieren wolle.<\/b><\/p>\n<p>Zehntausende haben das manipulierte Video als Reel auf <a href=\"https:\/\/perma.cc\/9SDW-BSHH?type=image\" shape=\"rect\">Facebook<\/a> Mitte Oktober 2022 geteilt.<\/p>\n<p><strong>Die Behauptung:<\/strong> User teilen das Video, in dem Christian Lindner angeblich sagt: &#8222;Wir k\u00f6nnen das akzeptieren, vieles von dem zu zerst\u00f6ren, was die Menschen sich pers\u00f6nlich \u00fcber Jahrzehnte aufgebaut haben, was \u00fcber Jahrzehnte an Strukturen in Mittelstand, Handwerk und Industrie aufgebaut worden ist.&#8220; Dazu ist &#8222;Unglaublich mir fehlen die Worte&#8220; eingeblendet.<\/p>\n<div id=\"wysiwyg\" class=\"www-item image\"><img class=\"lazyload blur-up\" src=\"https:\/\/belux.edmo.eu\/wp-content\/uploads\/2022\/11\/592d18dffc3cc2713ea6e53e98edf73847af3c9d-ipad.jpg\" data-original=\"\" \/><span class=\"legend\">Screenshot der Behauptung auf Facebook: 18.11.2022<\/span><\/div>\n<p>Bei einem genauen Blick in das auf Facebook geteilte Video zeigt sich, dass das Gesprochene von Christian Lindner zwar nat\u00fcrlich wirkt, das Video aber im Bild nach den Worten &#8222;wir k\u00f6nnen es akzeptieren&#8220; geschnitten ist. Zu erkennen ist die Manipulation an einem Bildsprung.<\/p>\n<p>AFP sind solche Videos auch in anderen Kontexten bereits mehrfach aufgefallen. Durch sinnver\u00e4ndernde Schnitte oder <a href=\"https:\/\/faktencheck.afp.com\/doc.afp.com.32DU33R\" shape=\"rect\">Ausschnitte, die aus dem Kontext gerissen<\/a> werden, sollen Botschaften anders verstanden werden, als sie gemeint sind. Opfer solcher Desinformationsstrategien sind oft Politikerinnen und Politiker, die bei ihren Reden rhetorisch eine andere Perspektive einnehmen wie etwa Wirtschaftsminister <a href=\"https:\/\/faktencheck.afp.com\/doc.afp.com.32D726U\" shape=\"rect\">Robert Habeck beim Weltwirtschaftsforum 2022<\/a> oder die Au\u00dfenministerin <a href=\"https:\/\/faktencheck.afp.com\/doc.afp.com.32JH9WB\" shape=\"rect\">Annalena Baerbock (Gr\u00fcne) bei einem Empfang<\/a> im Ausw\u00e4rtigen Amt im September 2022.<\/p>\n<p><b>Konferenzprotokoll widerlegt Behauptung<\/b><\/p>\n<p>Da bei solchen Perspektivenwechsel falsch dargestellte Satzteile oft tats\u00e4chlich gesagt wurden, f\u00fchrt eine <a href=\"https:\/\/www.youtube.com\/watch?v=l2SbfqF-2Rg\" shape=\"rect\">Websuche<\/a> nach dem angeblich Gesagten oft zu den originalen Aussagen. So auch der von Lindner angeblich gesagte Satz: Auf der Internetseite der Bundesregierung ist das <a href=\"https:\/\/perma.cc\/3SX5-NFQ3?type=image\" shape=\"rect\">Protokoll einer Pressekonferenz<\/a> von Scholz, Habeck und Lindner zu aktuellen Fragen der Energieversorgung in Deutschland am 29. September 2022 ver\u00f6ffentlicht. Darin steht der Wortlaut des Gesagten.<\/p>\n<p>Im Vergleich zum auf Facebook geteilten Video wird klar, dass Christian Lindner das Gegenteil von dem sagt, was in dem Video behauptet wird. Er sagte bei der Pressekonferenz:<\/p>\n<p>&#8222;Dieser Energiekrieg hat zum Ziel, vieles von dem zu zerst\u00f6ren, was die Menschen sich pers\u00f6nlich \u00fcber Jahrzehnte aufgebaut haben, was \u00fcber Jahrzehnte an Strukturen in Mittelstand, Handwerk und Industrie aufgebaut worden ist.&#8220; Erst danach \u2013 nicht wie im manipulierten Video davor \u2013 sagte er: &#8222;Wir k\u00f6nnen das nicht akzeptieren und werden uns zur Wehr setzen.&#8220; Das Wort &#8222;nicht&#8220; wurde in dem Facebook-Reel weggeschnitten.<\/p>\n<div class=\"g2web\" style=\"text-align: center;\"><iframe title=\"YouTube video player\" src=\"https:\/\/www.youtube.com\/embed\/Hj-iGtVxJ4s\" width=\"560\" height=\"315\" frameborder=\"0\" scrolling=\"auto\" allowfullscreen=\"allowfullscreen\" data-mce-fragment=\"1\"><\/iframe><\/div>\n<p>AFP hat auch beim Finanzministerium nach der Aussage aus dem auf Facebook geteilten Video gefragt. Am 18. November 2022 hie\u00df es aus dem Ministerium: &#8222;Wir weisen diese Darstellung zur\u00fcck. Das Video entstellt die Aussagen des Bundesfinanzministers. Im Gegenteil: Der Bundesfinanzminister hat am 29. September 2022 im Rahmen einer \u00f6ffentlichen Pressekonferenz deutlich zum Ausdruck gebracht, dass wir nicht akzeptieren k\u00f6nnen, dass der russische Energiekrieg das zerst\u00f6rt, was Menschen sich pers\u00f6nlich \u00fcber Jahrzehnte aufgebaut haben.&#8220;<\/p>\n<p><b>Aussage auch anderweitig formuliert<\/b><\/p>\n<p>Christian Lindner formulierte nach der Pressekonferenz erneut seine Sorge, der Energiekrieg k\u00f6nne die Strukturen im Mittelstand und Handwerk zerst\u00f6ren. So etwa am Rande einer <a href=\"https:\/\/www.rnd.de\/wirtschaft\/christian-lindner-zerstoerung-der-wirtschaftlichen-basis-nicht-zulassen-X4H55INHJO7A52NL3DHNBP7HAI.html\" shape=\"rect\">Ministerpr\u00e4sidentenkonferenz in Hannover<\/a> am 21. Oktober 2022 und auch auf <a href=\"https:\/\/perma.cc\/BM2X-X2U9?type=standard\" shape=\"rect\">Twitter<\/a>:<\/p>\n<div class=\"g2web\" style=\"text-align: center;\">\n<p>&nbsp;<\/p>\n<blockquote class=\"twitter-tweet\">\n<p dir=\"ltr\" lang=\"de\">Wir arbeiten als Bundesregierung mit Hochdruck an einer Strom &#8211; &amp; <a href=\"https:\/\/twitter.com\/hashtag\/Gaspreisbremse?src=hash&amp;ref_src=twsrc%5Etfw\" shape=\"rect\">#Gaspreisbremse<\/a>. Der von Putin ausgehende Energiekrieg darf nicht dazu f\u00fchren, dass das, was in unserem Land \u00fcber Jahrzehnte an gesunden Strukturen im Mittelstand &amp; Handwerk aufgebaut wurde, zerst\u00f6rt wird. CL <a href=\"https:\/\/twitter.com\/hashtag\/MPK?src=hash&amp;ref_src=twsrc%5Etfw\" shape=\"rect\">#MPK<\/a><\/p>\n<p>\u2014 Christian Lindner (@c_lindner)<br \/>\n<a href=\"https:\/\/twitter.com\/c_lindner\/status\/1583435712115851264?ref_src=twsrc%5Etfw\" shape=\"rect\">October 21, 2022<\/a><\/p><\/blockquote>\n<p><script async=\"\" charset=\"utf-8\" src=\"https:\/\/platform.twitter.com\/widgets.js\" xml:space=\"preserve\"><\/script><\/p>\n<\/div>\n<p><b>Teure Energiekrise<\/b><\/p>\n<p>Wegen der Invasion russischer Streitkr\u00e4fte in der Ukraine am 24. Februar 2022 verh\u00e4ngten zahlreiche Nationen Sanktionen gegen Russland. So hat etwa die <a href=\"https:\/\/www.consilium.europa.eu\/de\/policies\/eu-response-ukraine-invasion\/\" shape=\"rect\">Europ\u00e4ische Union<\/a> neben der Unterst\u00fctzung des ukrainischen Milit\u00e4rs auch Wirtschaftssanktionen und Visama\u00dfnahmen gegen Russland und bestimmte russische Staatsb\u00fcrgerinnen und -b\u00fcrger beschlossen.<\/p>\n<p>Europa bezog vor dem Krieg viel Gas aus Russland. 2020 machte russisches Gas <a href=\"https:\/\/de.statista.com\/statistik\/daten\/studie\/1302674\/umfrage\/russischer-anteil-am-deutschen-gasimport\/#:~:text=2020%20erreichten%20sie%20einen%20Wert,der%20Spitzenwert%20des%20dargestellten%20Zeitraums.\" shape=\"rect\">mehr als die H\u00e4lfte<\/a> der gesamten deutschen Gasimporte aus. W\u00e4hrend Deutschland <a href=\"https:\/\/www.deutschlandfunk.de\/embargo-oel-russland-krieg-ukraine-100.html\" shape=\"rect\">\u00d6l- und Kohleembargos<\/a> gegen Russland beschloss, bezog es aber vorerst <a href=\"https:\/\/www.deutschlandfunk.de\/wirtschaftliche-folgen-gasembargo-russland-100.html\" shape=\"rect\">weiter russisches Gas<\/a>. Russlands <a href=\"https:\/\/www.mdr.de\/nachrichten\/deutschland\/wirtschaft\/zahlungen-russland-kein-gas-100.html\" shape=\"rect\">Gaslieferungen nach Europa<\/a> wurden immer wieder <a href=\"https:\/\/archive.ph\/2JyYF\" shape=\"rect\">unterbrochen<\/a>, unter anderem wegen einer <a href=\"https:\/\/www.fr.de\/politik\/gas-energie-gazprom-gasturbine-nord-stream-1-deutschland-russland-91696968.html\" shape=\"rect\">Reparatur einer Gasturbine<\/a> und <a href=\"https:\/\/www.tagesspiegel.de\/wirtschaft\/nord-stream-putin-spricht-von-terroranschlag-gegen-nord-stream-8687140.html\" shape=\"rect\">Sabotage an den Ostsee-Gaspipelines<\/a> Nord Stream 1 und 2. Das hat gestiegene Energiekosten in Europa zur Folge, was in Deutschland eine <a href=\"https:\/\/www.stern.de\/news\/ausbleibende-gaslieferungen-aus-russland-sorgen-fuer-unruhe-an-europas-boersen-32695316.html\" shape=\"rect\">Energiekrise<\/a> ausl\u00f6ste. Die gestoppten Gaslieferungen empfanden einige deutsche Politikerinnen und Politiker als beabsichtigte <a href=\"https:\/\/www.youtube.com\/watch?v=Qe7-27pOpVc&amp;list=PLj5OKNy58B9f5K9U7aHg3reSTZs6jIcsx&amp;index=18\" shape=\"rect\">Erpressung<\/a> und als Energiekrieg.<\/p>\n<p>Die deutsche Regierung hat mehrere Ma\u00dfnahmen wie etwa <a href=\"https:\/\/www.stern.de\/news\/bundestag-beschliesst-absenkung-der-mehrwertsteuer-auf-gas-32773754.html\" shape=\"rect\">Steuererlasse beschlossen<\/a>, um die gestiegenen Gaspreise abzufedern. Der auf Facebook geteilte Ausschnitt stammt beispielsweise aus einer Pressekonferenz, in der die Bundesregierung einen <a href=\"https:\/\/www.stern.de\/news\/bundestag-macht-weg-frei-fuer-200-milliarden--abwehrschirm--in-energiekrise-32837572.html\" shape=\"rect\">200 Milliarden schweren sogenannten Abwehrschirm<\/a> verk\u00fcndet hatte, mit dem die Energiekosten f\u00fcr Haushalte und kleine Unternehmen gesenkt werden sollen. Eine angek\u00fcndigte Gas- und Strompreisbremse soll allerdings erst im M\u00e4rz 2023 umgesetzt werden und dann r\u00fcckwirkend ab Januar 2023 ausgezahlt werden. Die gew\u00e4hlten Zeitpunkte f\u00fcr die Ma\u00dfnahmen wurden <a href=\"https:\/\/www.stern.de\/news\/lindner-wehrt-sich-gegen-vorwurf-der-zu-langsamen-entlastung-in-energiekrise-32843202.html\" shape=\"rect\">als zu langsam kritisiert<\/a>.<\/p>\n<div class=\"g2web\" style=\"text-align: center;\"><iframe title=\"YouTube video player\" src=\"https:\/\/www.youtube.com\/embed\/ZTYk6YipJgo\" width=\"560\" height=\"315\" frameborder=\"0\" scrolling=\"auto\" allowfullscreen=\"allowfullscreen\" data-mce-fragment=\"1\"><\/iframe><\/div>\n<p><strong>Fazit:<\/strong> Das in sozialen Netzwerken geteilte Lindner-Video wurde manipuliert und aus dem Kontext gerissen. Er hat nicht gesagt, dass die Regierung akzeptiere, vieles zu zerst\u00f6ren, was Menschen sich \u00fcber Jahrzehnte aufgebaut h\u00e4tten \u2013 er sagte in der originalen Pressekonferenz das Gegenteil.<\/p>\n","protected":false},"excerpt":{"rendered":"<p>Zehntausende haben das manipulierte Video als Reel auf Facebook Mitte Oktober 2022 geteilt.<\/p>\n","protected":false},"author":1,"featured_media":209179,"comment_status":"closed","ping_status":"open","sticky":false,"template":"","format":"standard","meta":{"_acf_changed":false,"footnotes":""},"categories":[127,133],"tags":[],"class_list":{"0":"post-209184","1":"post","2":"type-post","3":"status-publish","4":"format-standard","5":"has-post-thumbnail","7":"category-fact-check-de","8":"category-politics-de"},"acf":{"show_metatags":true,"id":"doc-32t64n8-1","authors":"Jan RUSSEZKI, AFP Deutschland","organization":"AFP","featured_image_copyright":"AFP","text_copyright":"\u00a9 AGENCE FRANCE-PRESSE | 2022 | Alle Rechte vorbehalten. Jede Nutzung von AFP-Inhalten auf dieser Website unterliegt den Nutzungsbedingungen auf <a href='https:\/\/www.afp.com\/en\/terms-use' target='_blank'>CGU<\/a>. Durch den Zugriff auf die auf dieser Website verf\u00fcgbaren AFP-Inhalte und\/oder deren Nutzung erkl\u00e4ren Sie sich mit den oben genannten Nutzungsbedingungen einverstanden. Jede Nutzung von AFP-Inhalten erfolgt unter Ihrer alleinigen und vollen Verantwortung.","source":"https:\/\/faktencheck.afp.com\/doc.afp.com.32T64N8","fact_checker":"https:\/\/belux.wpengine.com\/wp-content\/uploads\/2021\/12\/afp_logo.png","type":"Closed Event","location":"","start_date":"","start_date_event_begins_at":"","start_date_event_ends_at":"","end_date":"","end_date_event_begins_at":"","end_date_event_ends_at":"","organizer":"","fact_checker_logo_image":false},"yoast_head":"<!-- This site is optimized with the Yoast SEO plugin v27.0 - https:\/\/yoast.com\/product\/yoast-seo-wordpress\/ -->\n<title>Christian Lindners Aussagen in diesem Video wurden manipuliert - EDMO Belux<\/title>\n<meta name=\"robots\" content=\"index, follow, max-snippet:-1, max-image-preview:large, max-video-preview:-1\" \/>\n<link rel=\"canonical\" href=\"https:\/\/belux.edmo.eu\/de\/christian-lindners-aussagen-in-diesem-video-wurden-manipuliert\/\" \/>\n<meta property=\"og:locale\" content=\"de_DE\" \/>\n<meta property=\"og:type\" content=\"article\" \/>\n<meta property=\"og:title\" content=\"Christian Lindners Aussagen in diesem Video wurden manipuliert - EDMO Belux\" \/>\n<meta property=\"og:description\" content=\"Zehntausende haben das manipulierte Video als Reel auf Facebook Mitte Oktober 2022 geteilt.\" \/>\n<meta property=\"og:url\" content=\"https:\/\/belux.edmo.eu\/de\/christian-lindners-aussagen-in-diesem-video-wurden-manipuliert\/\" \/>\n<meta property=\"og:site_name\" content=\"EDMO Belux\" \/>\n<meta property=\"article:published_time\" content=\"2022-11-25T08:39:14+00:00\" \/>\n<meta property=\"article:modified_time\" content=\"2022-11-28T09:26:36+00:00\" \/>\n<meta property=\"og:image\" content=\"https:\/\/belux.edmo.eu\/wp-content\/uploads\/2022\/11\/1963aee4bbc8f18c5a6495b33288c718d392ebc0-ipad.jpg\" \/>\n\t<meta property=\"og:image:width\" content=\"1080\" \/>\n\t<meta property=\"og:image:height\" content=\"540\" \/>\n\t<meta property=\"og:image:type\" content=\"image\/jpeg\" \/>\n<meta name=\"author\" content=\"master\" \/>\n<meta name=\"twitter:card\" content=\"summary_large_image\" \/>\n<meta name=\"twitter:creator\" content=\"@Edmo_Belux\" \/>\n<meta name=\"twitter:site\" content=\"@Edmo_Belux\" \/>\n<meta name=\"twitter:label1\" content=\"Verfasst von\" \/>\n\t<meta name=\"twitter:data1\" content=\"master\" \/>\n\t<meta name=\"twitter:label2\" content=\"Gesch\u00e4tzte Lesezeit\" \/>\n\t<meta name=\"twitter:data2\" content=\"4 Minuten\" \/>\n<script type=\"application\/ld+json\" class=\"yoast-schema-graph\">{\"@context\":\"https:\/\/schema.org\",\"@graph\":[{\"@type\":\"Article\",\"@id\":\"https:\/\/belux.edmo.eu\/de\/christian-lindners-aussagen-in-diesem-video-wurden-manipuliert\/#article\",\"isPartOf\":{\"@id\":\"https:\/\/belux.edmo.eu\/de\/christian-lindners-aussagen-in-diesem-video-wurden-manipuliert\/\"},\"author\":{\"name\":\"master\",\"@id\":\"https:\/\/belux.edmo.eu\/#\/schema\/person\/dbe3b252258537fd318f9b5645a30342\"},\"headline\":\"Christian Lindners Aussagen in diesem Video wurden manipuliert\",\"datePublished\":\"2022-11-25T08:39:14+00:00\",\"dateModified\":\"2022-11-28T09:26:36+00:00\",\"mainEntityOfPage\":{\"@id\":\"https:\/\/belux.edmo.eu\/de\/christian-lindners-aussagen-in-diesem-video-wurden-manipuliert\/\"},\"wordCount\":872,\"publisher\":{\"@id\":\"https:\/\/belux.edmo.eu\/#organization\"},\"image\":{\"@id\":\"https:\/\/belux.edmo.eu\/de\/christian-lindners-aussagen-in-diesem-video-wurden-manipuliert\/#primaryimage\"},\"thumbnailUrl\":\"https:\/\/belux.edmo.eu\/wp-content\/uploads\/2022\/11\/1963aee4bbc8f18c5a6495b33288c718d392ebc0-ipad.jpg\",\"articleSection\":[\"Fact Check\",\"Politik\"],\"inLanguage\":\"de-DE\"},{\"@type\":\"WebPage\",\"@id\":\"https:\/\/belux.edmo.eu\/de\/christian-lindners-aussagen-in-diesem-video-wurden-manipuliert\/\",\"url\":\"https:\/\/belux.edmo.eu\/de\/christian-lindners-aussagen-in-diesem-video-wurden-manipuliert\/\",\"name\":\"Christian Lindners Aussagen in diesem Video wurden manipuliert - EDMO Belux\",\"isPartOf\":{\"@id\":\"https:\/\/belux.edmo.eu\/#website\"},\"primaryImageOfPage\":{\"@id\":\"https:\/\/belux.edmo.eu\/de\/christian-lindners-aussagen-in-diesem-video-wurden-manipuliert\/#primaryimage\"},\"image\":{\"@id\":\"https:\/\/belux.edmo.eu\/de\/christian-lindners-aussagen-in-diesem-video-wurden-manipuliert\/#primaryimage\"},\"thumbnailUrl\":\"https:\/\/belux.edmo.eu\/wp-content\/uploads\/2022\/11\/1963aee4bbc8f18c5a6495b33288c718d392ebc0-ipad.jpg\",\"datePublished\":\"2022-11-25T08:39:14+00:00\",\"dateModified\":\"2022-11-28T09:26:36+00:00\",\"breadcrumb\":{\"@id\":\"https:\/\/belux.edmo.eu\/de\/christian-lindners-aussagen-in-diesem-video-wurden-manipuliert\/#breadcrumb\"},\"inLanguage\":\"de-DE\",\"potentialAction\":[{\"@type\":\"ReadAction\",\"target\":[\"https:\/\/belux.edmo.eu\/de\/christian-lindners-aussagen-in-diesem-video-wurden-manipuliert\/\"]}]},{\"@type\":\"ImageObject\",\"inLanguage\":\"de-DE\",\"@id\":\"https:\/\/belux.edmo.eu\/de\/christian-lindners-aussagen-in-diesem-video-wurden-manipuliert\/#primaryimage\",\"url\":\"https:\/\/belux.edmo.eu\/wp-content\/uploads\/2022\/11\/1963aee4bbc8f18c5a6495b33288c718d392ebc0-ipad.jpg\",\"contentUrl\":\"https:\/\/belux.edmo.eu\/wp-content\/uploads\/2022\/11\/1963aee4bbc8f18c5a6495b33288c718d392ebc0-ipad.jpg\",\"width\":1080,\"height\":540,\"caption\":\"Christian Lindners Aussagen in diesem Video wurden manipuliert - Featured image\"},{\"@type\":\"BreadcrumbList\",\"@id\":\"https:\/\/belux.edmo.eu\/de\/christian-lindners-aussagen-in-diesem-video-wurden-manipuliert\/#breadcrumb\",\"itemListElement\":[{\"@type\":\"ListItem\",\"position\":1,\"name\":\"Home\",\"item\":\"https:\/\/belux.edmo.eu\/de\/\"},{\"@type\":\"ListItem\",\"position\":2,\"name\":\"Christian Lindners Aussagen in diesem Video wurden manipuliert\"}]},{\"@type\":\"WebSite\",\"@id\":\"https:\/\/belux.edmo.eu\/#website\",\"url\":\"https:\/\/belux.edmo.eu\/\",\"name\":\"EDMO Belux\",\"description\":\"Monitoring Disinformation in Belgium and Luxembourg\",\"publisher\":{\"@id\":\"https:\/\/belux.edmo.eu\/#organization\"},\"potentialAction\":[{\"@type\":\"SearchAction\",\"target\":{\"@type\":\"EntryPoint\",\"urlTemplate\":\"https:\/\/belux.edmo.eu\/?s={search_term_string}\"},\"query-input\":{\"@type\":\"PropertyValueSpecification\",\"valueRequired\":true,\"valueName\":\"search_term_string\"}}],\"inLanguage\":\"de-DE\"},{\"@type\":\"Organization\",\"@id\":\"https:\/\/belux.edmo.eu\/#organization\",\"name\":\"EDMO Belux\",\"url\":\"https:\/\/belux.edmo.eu\/\",\"logo\":{\"@type\":\"ImageObject\",\"inLanguage\":\"de-DE\",\"@id\":\"https:\/\/belux.edmo.eu\/#\/schema\/logo\/image\/\",\"url\":\"https:\/\/belux.edmo.eu\/wp-content\/uploads\/2021\/12\/belux-logo-full-color-rgb.svg\",\"contentUrl\":\"https:\/\/belux.edmo.eu\/wp-content\/uploads\/2021\/12\/belux-logo-full-color-rgb.svg\",\"width\":1,\"height\":1,\"caption\":\"EDMO Belux\"},\"image\":{\"@id\":\"https:\/\/belux.edmo.eu\/#\/schema\/logo\/image\/\"},\"sameAs\":[\"https:\/\/x.com\/Edmo_Belux\"]},{\"@type\":\"Person\",\"@id\":\"https:\/\/belux.edmo.eu\/#\/schema\/person\/dbe3b252258537fd318f9b5645a30342\",\"name\":\"master\",\"sameAs\":[\"https:\/\/belux.wpengine.com\"],\"url\":\"https:\/\/belux.edmo.eu\/de\/author\/master\/\"}]}<\/script>\n<!-- \/ Yoast SEO plugin. -->","yoast_head_json":{"title":"Christian Lindners Aussagen in diesem Video wurden manipuliert - EDMO Belux","robots":{"index":"index","follow":"follow","max-snippet":"max-snippet:-1","max-image-preview":"max-image-preview:large","max-video-preview":"max-video-preview:-1"},"canonical":"https:\/\/belux.edmo.eu\/de\/christian-lindners-aussagen-in-diesem-video-wurden-manipuliert\/","og_locale":"de_DE","og_type":"article","og_title":"Christian Lindners Aussagen in diesem Video wurden manipuliert - EDMO Belux","og_description":"Zehntausende haben das manipulierte Video als Reel auf Facebook Mitte Oktober 2022 geteilt.","og_url":"https:\/\/belux.edmo.eu\/de\/christian-lindners-aussagen-in-diesem-video-wurden-manipuliert\/","og_site_name":"EDMO Belux","article_published_time":"2022-11-25T08:39:14+00:00","article_modified_time":"2022-11-28T09:26:36+00:00","og_image":[{"width":1080,"height":540,"url":"https:\/\/belux.edmo.eu\/wp-content\/uploads\/2022\/11\/1963aee4bbc8f18c5a6495b33288c718d392ebc0-ipad.jpg","type":"image\/jpeg"}],"author":"master","twitter_card":"summary_large_image","twitter_creator":"@Edmo_Belux","twitter_site":"@Edmo_Belux","twitter_misc":{"Verfasst von":"master","Gesch\u00e4tzte Lesezeit":"4 Minuten"},"schema":{"@context":"https:\/\/schema.org","@graph":[{"@type":"Article","@id":"https:\/\/belux.edmo.eu\/de\/christian-lindners-aussagen-in-diesem-video-wurden-manipuliert\/#article","isPartOf":{"@id":"https:\/\/belux.edmo.eu\/de\/christian-lindners-aussagen-in-diesem-video-wurden-manipuliert\/"},"author":{"name":"master","@id":"https:\/\/belux.edmo.eu\/#\/schema\/person\/dbe3b252258537fd318f9b5645a30342"},"headline":"Christian Lindners Aussagen in diesem Video wurden manipuliert","datePublished":"2022-11-25T08:39:14+00:00","dateModified":"2022-11-28T09:26:36+00:00","mainEntityOfPage":{"@id":"https:\/\/belux.edmo.eu\/de\/christian-lindners-aussagen-in-diesem-video-wurden-manipuliert\/"},"wordCount":872,"publisher":{"@id":"https:\/\/belux.edmo.eu\/#organization"},"image":{"@id":"https:\/\/belux.edmo.eu\/de\/christian-lindners-aussagen-in-diesem-video-wurden-manipuliert\/#primaryimage"},"thumbnailUrl":"https:\/\/belux.edmo.eu\/wp-content\/uploads\/2022\/11\/1963aee4bbc8f18c5a6495b33288c718d392ebc0-ipad.jpg","articleSection":["Fact Check","Politik"],"inLanguage":"de-DE"},{"@type":"WebPage","@id":"https:\/\/belux.edmo.eu\/de\/christian-lindners-aussagen-in-diesem-video-wurden-manipuliert\/","url":"https:\/\/belux.edmo.eu\/de\/christian-lindners-aussagen-in-diesem-video-wurden-manipuliert\/","name":"Christian Lindners Aussagen in diesem Video wurden manipuliert - EDMO Belux","isPartOf":{"@id":"https:\/\/belux.edmo.eu\/#website"},"primaryImageOfPage":{"@id":"https:\/\/belux.edmo.eu\/de\/christian-lindners-aussagen-in-diesem-video-wurden-manipuliert\/#primaryimage"},"image":{"@id":"https:\/\/belux.edmo.eu\/de\/christian-lindners-aussagen-in-diesem-video-wurden-manipuliert\/#primaryimage"},"thumbnailUrl":"https:\/\/belux.edmo.eu\/wp-content\/uploads\/2022\/11\/1963aee4bbc8f18c5a6495b33288c718d392ebc0-ipad.jpg","datePublished":"2022-11-25T08:39:14+00:00","dateModified":"2022-11-28T09:26:36+00:00","breadcrumb":{"@id":"https:\/\/belux.edmo.eu\/de\/christian-lindners-aussagen-in-diesem-video-wurden-manipuliert\/#breadcrumb"},"inLanguage":"de-DE","potentialAction":[{"@type":"ReadAction","target":["https:\/\/belux.edmo.eu\/de\/christian-lindners-aussagen-in-diesem-video-wurden-manipuliert\/"]}]},{"@type":"ImageObject","inLanguage":"de-DE","@id":"https:\/\/belux.edmo.eu\/de\/christian-lindners-aussagen-in-diesem-video-wurden-manipuliert\/#primaryimage","url":"https:\/\/belux.edmo.eu\/wp-content\/uploads\/2022\/11\/1963aee4bbc8f18c5a6495b33288c718d392ebc0-ipad.jpg","contentUrl":"https:\/\/belux.edmo.eu\/wp-content\/uploads\/2022\/11\/1963aee4bbc8f18c5a6495b33288c718d392ebc0-ipad.jpg","width":1080,"height":540,"caption":"Christian Lindners Aussagen in diesem Video wurden manipuliert - Featured image"},{"@type":"BreadcrumbList","@id":"https:\/\/belux.edmo.eu\/de\/christian-lindners-aussagen-in-diesem-video-wurden-manipuliert\/#breadcrumb","itemListElement":[{"@type":"ListItem","position":1,"name":"Home","item":"https:\/\/belux.edmo.eu\/de\/"},{"@type":"ListItem","position":2,"name":"Christian Lindners Aussagen in diesem Video wurden manipuliert"}]},{"@type":"WebSite","@id":"https:\/\/belux.edmo.eu\/#website","url":"https:\/\/belux.edmo.eu\/","name":"EDMO Belux","description":"Monitoring Disinformation in Belgium and Luxembourg","publisher":{"@id":"https:\/\/belux.edmo.eu\/#organization"},"potentialAction":[{"@type":"SearchAction","target":{"@type":"EntryPoint","urlTemplate":"https:\/\/belux.edmo.eu\/?s={search_term_string}"},"query-input":{"@type":"PropertyValueSpecification","valueRequired":true,"valueName":"search_term_string"}}],"inLanguage":"de-DE"},{"@type":"Organization","@id":"https:\/\/belux.edmo.eu\/#organization","name":"EDMO Belux","url":"https:\/\/belux.edmo.eu\/","logo":{"@type":"ImageObject","inLanguage":"de-DE","@id":"https:\/\/belux.edmo.eu\/#\/schema\/logo\/image\/","url":"https:\/\/belux.edmo.eu\/wp-content\/uploads\/2021\/12\/belux-logo-full-color-rgb.svg","contentUrl":"https:\/\/belux.edmo.eu\/wp-content\/uploads\/2021\/12\/belux-logo-full-color-rgb.svg","width":1,"height":1,"caption":"EDMO Belux"},"image":{"@id":"https:\/\/belux.edmo.eu\/#\/schema\/logo\/image\/"},"sameAs":["https:\/\/x.com\/Edmo_Belux"]},{"@type":"Person","@id":"https:\/\/belux.edmo.eu\/#\/schema\/person\/dbe3b252258537fd318f9b5645a30342","name":"master","sameAs":["https:\/\/belux.wpengine.com"],"url":"https:\/\/belux.edmo.eu\/de\/author\/master\/"}]}},"menu_order":0,"_links":{"self":[{"href":"https:\/\/belux.edmo.eu\/de\/wp-json\/wp\/v2\/posts\/209184","targetHints":{"allow":["GET"]}}],"collection":[{"href":"https:\/\/belux.edmo.eu\/de\/wp-json\/wp\/v2\/posts"}],"about":[{"href":"https:\/\/belux.edmo.eu\/de\/wp-json\/wp\/v2\/types\/post"}],"author":[{"embeddable":true,"href":"https:\/\/belux.edmo.eu\/de\/wp-json\/wp\/v2\/users\/1"}],"replies":[{"embeddable":true,"href":"https:\/\/belux.edmo.eu\/de\/wp-json\/wp\/v2\/comments?post=209184"}],"version-history":[{"count":0,"href":"https:\/\/belux.edmo.eu\/de\/wp-json\/wp\/v2\/posts\/209184\/revisions"}],"wp:featuredmedia":[{"embeddable":true,"href":"https:\/\/belux.edmo.eu\/de\/wp-json\/wp\/v2\/media\/209179"}],"wp:attachment":[{"href":"https:\/\/belux.edmo.eu\/de\/wp-json\/wp\/v2\/media?parent=209184"}],"wp:term":[{"taxonomy":"category","embeddable":true,"href":"https:\/\/belux.edmo.eu\/de\/wp-json\/wp\/v2\/categories?post=209184"},{"taxonomy":"post_tag","embeddable":true,"href":"https:\/\/belux.edmo.eu\/de\/wp-json\/wp\/v2\/tags?post=209184"}],"curies":[{"name":"wp","href":"https:\/\/api.w.org\/{rel}","templated":true}]}}