{"id":213702,"date":"2022-06-06T16:47:17","date_gmt":"2022-06-06T16:47:17","guid":{"rendered":"https:\/\/belux.edmo.eu\/?p=213702"},"modified":"2022-12-06T16:52:48","modified_gmt":"2022-12-06T16:52:48","slug":"der-affenpocken-ausbruch-hat-nichts-mit-einem-corona-impfstoff-zu-tun","status":"publish","type":"post","link":"https:\/\/belux.edmo.eu\/de\/der-affenpocken-ausbruch-hat-nichts-mit-einem-corona-impfstoff-zu-tun\/","title":{"rendered":"Der Affenpocken-Ausbruch hat nichts mit einem Corona-Impfstoff zu tun"},"content":{"rendered":"<div class=\"wpb-content-wrapper\"><p>[vc_row][vc_column][vc_column_text]<strong>Nutzerinnen und Nutzer haben Ende Mai in sozialen Netzwerken eine vermeintliche Verbindung zwischen dem Corona-Impfstoff von Astrazeneca und einem internationalen Affenpocken-Ausbruch hergestellt. Die User begr\u00fcnden die Behauptung mit einem ver\u00e4nderten Schimpansen-Adenovirus, das in einem Corona-Impfstoff enthalten ist. Expertinnen und Experten schlossen einen Zusammenhang zu dem Affenpocken-Erreger gegen\u00fcber AFP allerdings aus. Die beiden Viren seien v\u00f6llig unterschiedlich. Das in dem Impfstoff verwendete Adenovirus wurde unsch\u00e4dlich gemacht wird und ist nicht in der Lage, sich zu vermehren oder zu einem anderen Virus zu mutieren.<\/strong><\/p>\n<p>Auf\u00a0<a href=\"https:\/\/perma.cc\/3P2G-G463\" target=\"_blank\" rel=\"noopener\" shape=\"rect\">Facebook<\/a>\u00a0stellten Ende Mai Hunderte User einen Zusammenhang zwischen der steigenden Zahl von Affenpockeninfektionen und einer Impfung mit dem Corona-Impfstoff von Astrazeneca her. Auch auf\u00a0<a href=\"https:\/\/perma.cc\/8S8D-KP7C\" target=\"_blank\" rel=\"noopener\" shape=\"rect\">Telegram<\/a>\u00a0sahen Zehntausende die Behauptung. Nutzerinnen und Nutzer verbreiteten \u00e4hnliche Behauptungen auch in weiteren Sprachen, darunter\u00a0<a href=\"https:\/\/perma.cc\/6Q96-VAE6\" target=\"_blank\" rel=\"noopener\" shape=\"rect\">Franz\u00f6sisch<\/a>,\u00a0<a href=\"https:\/\/perma.cc\/KS7Y-5TEH\" target=\"_blank\" rel=\"noopener\" shape=\"rect\">Spanisch<\/a>,\u00a0<a href=\"https:\/\/perma.cc\/5FKN-PJSH?type=image\" target=\"_blank\" rel=\"noopener\" shape=\"rect\">Griechisch<\/a>,\u00a0<a href=\"https:\/\/perma.cc\/P5R6-X4LL?view-mode=server-side&amp;type=image\" target=\"_blank\" rel=\"noopener\" shape=\"rect\">Ungarisch<\/a>\u00a0oder\u00a0<a href=\"https:\/\/perma.cc\/A8W9-9T9R\" target=\"_blank\" rel=\"noopener\" shape=\"rect\">Bulgarisch<\/a>.<\/p>\n<p><strong>Die Behauptung<\/strong>:\u00a0&#8222;Wer sich \u00fcber Affenpocken Epidemie wundert. Schimpansen Adenovirus im Astra Zeneca Impfstoff.&#8220;, steht zu einem Ausschnitt eines Beipackzettels des Corona-Impfstoffs von Astrazeneca. Das Wort &#8222;Schimpansen-Adenovirus&#8220; ist rot hervorgehoben. &#8222;Es ist schon &#8217;schlau&#8216; vorbereitet&#8230;.&#8220;,\u00a0<a href=\"https:\/\/perma.cc\/5KYX-WJ9W\" target=\"_blank\" rel=\"noopener\" shape=\"rect\">schreibt<\/a>\u00a0ein Nutzer dazu. Ein anderer\u00a0<a href=\"https:\/\/perma.cc\/TK8Y-TWRD\" target=\"_blank\" rel=\"noopener\" shape=\"rect\">fragt<\/a>: &#8222;Was ist, wenn die Affenpocken \u00fcber einen Zusatz im Covid-Impfstoff von Astra Zeneca ausgel\u00f6st werden?&#8220;[\/vc_column_text][vc_single_image image=&#8220;213703&#8243; img_size=&#8220;large&#8220; add_caption=&#8220;yes&#8220; alignment=&#8220;center&#8220;][vc_column_text]Die Beitr\u00e4ge wurden ver\u00f6ffentlicht, nachdem im Fr\u00fchjahr 2022 ein Ausbruch der\u00a0<a href=\"https:\/\/www.rki.de\/DE\/Content\/InfAZ\/A\/Affenpocken\/Affenpocken_node.html;jsessionid=8E82B907167F4907958993BF36DED9F0.internet062\" target=\"_blank\" rel=\"noopener\" shape=\"rect\">Affenpocken<\/a>\u00a0beobachtet worden war. Bis zum 26. Mai wurden der\u00a0<a href=\"https:\/\/www.who.int\/emergencies\/disease-outbreak-news\/item\/2022-DON388\" target=\"_blank\" rel=\"noopener\" shape=\"rect\">Weltgesundheitsorganisation (WHO)<\/a>\u00a0&#8222;insgesamt 257 im Labor best\u00e4tigte F\u00e4lle und etwa 120 Verdachtsf\u00e4lle gemeldet&#8220;. Bisher seien keine Todesf\u00e4lle im Zusammenhang mit der Krankheit gemeldet worden. Laut\u00a0<a href=\"https:\/\/perma.cc\/2BLR-DN9P\" target=\"_blank\" rel=\"noopener\" shape=\"rect\">Robert-Koch-Institut (RKI)<\/a>\u00a0wurden in Deutschland bis zum 31. Mai 33 Affenpockenf\u00e4lle gemeldet. Anders als bei fr\u00fcheren F\u00e4llen seien die Betroffenen zuvor nicht in afrikanische L\u00e4nder gereist, in denen das Virus endemisch ist, das hei\u00dft, in denen die Krankheit schon l\u00e4nger auftritt.<\/p>\n<p>Nach\u00a0<a href=\"https:\/\/www.who.int\/news-room\/fact-sheets\/detail\/monkeypox\" target=\"_blank\" rel=\"noopener\" shape=\"rect\">Angaben der WHO<\/a>\u00a0klingen die Symptome der Affenpocken wie Fieber oder Hautausschlag in der Regel nach ein paar Wochen von selbst ab, Todesf\u00e4lle sind selten. Das Virus wird durch engen Kontakt mit einer infizierten Person, einem infizierten Tier oder durch mit dem Virus kontaminiertes Material \u00fcbertragen. Es gibt kein spezifisches Heilmittel gegen Affenpocken, aber eine Impfung gegen Pocken hat sich als zu 85 Prozent wirksam bei der Vorbeugung der Krankheit erwiesen, so die WHO.<\/p>\n<p>Auf die Frage, ob es einen Zusammenhang zwischen dem Schimpansen-Adenovirus, das im Corona-Impfstoff von Astrazeneca verwendet wird, und den Affenpocken geben k\u00f6nnte, sagte\u00a0<a href=\"https:\/\/www.universalis.fr\/auteurs\/yannick-simonin\/\" target=\"_blank\" rel=\"noopener\" shape=\"rect\">Yannick Simonin<\/a>, Virologe an der franz\u00f6sischen Universit\u00e4t Montpellier, der auf neu auftretende Viren spezialisiert ist, am 25. Mai gegen\u00fcber AFP: &#8222;Es ist unm\u00f6glich, dass das stimmt.&#8220;. Er wies auf den gro\u00dfen Unterschied zwischen den viralen Genomsequenzen der beiden Viren hin: &#8222;Die Unterschiede zwischen den beiden Viren sind so gro\u00df wie die zwischen einer Ameise und einem Nashorn.&#8220;<\/p>\n<p><strong>Das Schimpansen-Adenovirus von Astrazenca ist harmlos<\/strong><\/p>\n<p>Der\u00a0<a href=\"https:\/\/www.research.ox.ac.uk\/article\/2020-07-19-the-oxford-covid-19-vaccine\" target=\"_blank\" rel=\"noopener\" shape=\"rect\">Corona-Impfstoff<\/a>\u00a0von Astrazeneca enth\u00e4lt laut\u00a0<a href=\"https:\/\/www.ema.europa.eu\/en\/documents\/product-information\/vaxzevria-previously-covid-19-vaccine-astrazeneca-epar-product-information_de.pdf\" target=\"_blank\" rel=\"noopener\" shape=\"rect\">Produktinformationen<\/a>\u00a0&#8222;Schimpansen-Adenovirus, der das SARS-CoV-2-Spike-Glykoprotein kodiert&#8220;.<\/p>\n<p>Dabei handelt es sich laut der an der Impfstoffentwicklung beteiligten\u00a0<a href=\"https:\/\/www.research.ox.ac.uk\/article\/2020-07-19-the-oxford-covid-19-vaccine\" target=\"_blank\" rel=\"noopener\" shape=\"rect\">Universit\u00e4t Oxford<\/a>\u00a0um ein &#8222;harmloses, abgeschw\u00e4chtes&#8220; Adenovirus, das bei Schimpansen (Menschenaffen\u00a0<a href=\"https:\/\/www.britannica.com\/story\/whats-the-difference-between-monkeys-and-apes\" target=\"_blank\" rel=\"noopener\" shape=\"rect\">unterscheiden<\/a>\u00a0sich von anderen Affen) normalerweise Erk\u00e4ltungskrankheiten ausl\u00f6st. Es sei allerdings genetisch so ver\u00e4ndert worden, dass es sich beim Menschen nicht vermehren k\u00f6nne. Das modifizierte Adenovirus sei so angepasst, dass es die Spike-Proteine von SARS-CoV-2 \u2013 dem Virus, das Covid-19 verursacht \u2013 produziere, sodass das k\u00f6rpereigene Immunsystem lernen kann, diese zu erkennen und sich so auf eine echte Infektion vorbereitet.[\/vc_column_text][vc_single_image image=&#8220;213708&#8243; img_size=&#8220;large&#8220; add_caption=&#8220;yes&#8220; alignment=&#8220;center&#8220;][vc_column_text]<\/p>\n<article class=\"node node--article node--promoted node--full node--article--full format-standard full-content post type-post status-publish has-post-thumbnail hentry enable-pin-share\" role=\"article\" data-article-type=\"\">\n<div class=\"article-entry clearfix\">\n<p>Laut der Universit\u00e4t Oxford wurde der Impfstoff von Astrazeneca &#8222;als die am besten geeignete Impfstofftechnologie f\u00fcr einen SARS-CoV-2-Impfstoff ausgew\u00e4hlt, da er bei anderen Impfstoffen nachweislich eine starke Immunantwort mit einer einzigen Dosis hervorruft&#8220;. Weiter hei\u00dft es: &#8222;Adenovirale Vektoren aus Schimpansen sind ein sehr gut untersuchter Impfstofftyp, der bereits bei Tausenden von Probanden sicher eingesetzt wurde.&#8220;<\/p>\n<p><a href=\"https:\/\/www.medsci.ox.ac.uk\/study\/graduateschool\/supervisors\/teresa-lambe\" target=\"_blank\" rel=\"noopener\" shape=\"rect\">Teresa Lambe<\/a>, Professorin f\u00fcr Vakzinologie und Immunologie an der Universit\u00e4t Oxford und f\u00fchrendes Mitglied des Oxford-Covid-19-Impfstoffteams, erkl\u00e4rte am 26. Mai gegen\u00fcber AFP, dass das &#8222;im Impfstoff verwendete Schimpansen-Adenovirus AZD1222 genetisch so ver\u00e4ndert worden ist, dass es unm\u00f6glich ist, es im Menschen zu vermehren&#8220;.<\/p>\n<p><strong>Affenpocken geh\u00f6ren zu einer anderen Virenfamilie<\/strong><\/p>\n<p>Das Affenpockenvirus ist ein zoonotisches Virus, es wird also von Tieren auf den Menschen \u00fcbertragen. Die Symptome \u00e4hneln denen von Pockenpatienten, sind aber klinisch weniger schwer, erkl\u00e4rt das Europ\u00e4ische Zentrum f\u00fcr die Pr\u00e4vention und die Kontrolle von Krankheiten (ECDC) auf seiner\u00a0<a href=\"https:\/\/www.ecdc.europa.eu\/en\/all-topics-z\/monkeypox\/factsheet-health-professionals\" target=\"_blank\" rel=\"noopener\" shape=\"rect\">Website<\/a>. Es geh\u00f6rt zur Gattung der\u00a0<a href=\"https:\/\/www.rki.de\/DE\/Content\/Infekt\/NRZ\/Konsiliar\/Pockenviren\/Diagnostik.html\" target=\"_blank\" rel=\"noopener\" shape=\"rect\">Orthopoxviren<\/a>\u00a0aus der Familie der Pockenviren.<\/p>\n<p>Die im Corona-Impfstoff von Astrazeneca verwendeten Viren geh\u00f6ren zu einer anderen genetischen Familie, den\u00a0<a href=\"https:\/\/www.britannica.com\/science\/adenovirus\" target=\"_blank\" rel=\"noopener\" shape=\"rect\">Adenoviren<\/a>.<\/p>\n<p>&#8222;Es gibt keinen Grund zu der Annahme, dass dieser Affenpockenausbruch mit Impfstoffen zusammenh\u00e4ngt&#8220;, erkl\u00e4rte\u00a0<a href=\"https:\/\/www.lshtm.ac.uk\/aboutus\/people\/heymann.david\" target=\"_blank\" rel=\"noopener\" shape=\"rect\">David Heymann<\/a>, Professor f\u00fcr Epidemiologie von Infektionskrankheiten an der London School of Hygiene and Tropical Medicine (LSHTM), am 25. Mai gegen\u00fcber AFP.<\/p>\n<p>&#8222;Affenpocken sind ein DNA-Virus, das zur Familie der Orthopocken geh\u00f6rt&#8220;, sagte Heymann, der Ausbr\u00fcche von Affenpocken beim Menschen in Zentral- und Westafrika untersucht hat. Es sei &#8222;ein sehr stabiles Virus, das nicht mutiert \u2013 und wenn doch, dann nur sehr wenig&#8220;.<\/p>\n<p>Auf die Frage, ob es plausibel sei, dass das von Astrazeneca verwendete Schimpansen-Adenovirus zum Affenpockenvirus mutiert sei, antwortet Teresa Lambe \u00e4hnlich deutlich: &#8222;Es handelt sich um zwei v\u00f6llig unterschiedliche Virustypen, sodass es nicht m\u00f6glich ist, dass sich das Adenovirus in ein Affenpockenvirus verwandelt.&#8220;<\/p>\n<p>&#8222;Adenoviren haben eine andere Gr\u00f6\u00dfe und Struktur [als Pockenviren], und sie befallen andere Zellen und andere Wirte&#8220;, erg\u00e4nzte Yannick Simonin.<\/p>\n<p>Trotz des Namens geht man davon aus, dass die Affenpocken nicht von Primaten stammen, die ebenfalls daran erkranken k\u00f6nnen. Der Name r\u00fchrt daher, dass die Krankheit 1958 entdeckt wurde, als zwei Ausbr\u00fcche einer pocken\u00e4hnlichen Krankheit in zu Forschungszwecken gehaltenen Affenkolonien auftraten, erkl\u00e4rte die US-Gesundheitsbeh\u00f6rde\u00a0<a href=\"https:\/\/www.cdc.gov\/poxvirus\/monkeypox\/about.html\" target=\"_blank\" rel=\"noopener\" shape=\"rect\">CDC<\/a>. Das spezifische tierische Reservoir der Affenpocken sei nach wie vor unbekannt.<\/p>\n<p>&#8222;\u00c4hnlich wie Menschen gelten Affen als Krankheits\u00fcbertr\u00e4ger&#8220;, schreibt das\u00a0<a href=\"https:\/\/www.ecdc.europa.eu\/en\/all-topics-z\/monkeypox\/factsheet-health-professionals\" target=\"_blank\" rel=\"noopener\" shape=\"rect\">ECDC<\/a>. &#8222;Einige Hinweise deuten darauf hin, dass einheimische afrikanische Nagetiere wie die gambische Riesenratte und Eichh\u00f6rnchen ein nat\u00fcrliches Reservoir des Virus sein k\u00f6nnten.&#8220;<\/p>\n<p>Auf seiner Website weist Frankreichs nationales medizinisches Forschungsinstitut\u00a0<a href=\"https:\/\/www.ecdc.europa.eu\/en\/all-topics-z\/monkeypox\/factsheet-health-professionals\" target=\"_blank\" rel=\"noopener\" shape=\"rect\">Inserm<\/a>\u00a0ebenfalls die &#8222;Ger\u00fcchte und Falschinformationen&#8220; \u00fcber einen m\u00f6glichen Zusammenhang zwischen Affenpocken und Corona-Impfstoffen zur\u00fcck. &#8222;Diese Verbindung ist absolut unbegr\u00fcndet, denn erstens ist dieses Virus [Affenpocken] nicht spezifisch f\u00fcr Affen (es kommt sogar eher bei anderen Arten vor, insbesondere bei Nagetieren). Zum anderen, weil es zur Familie der Pockenviren und nicht zu den Adenoviren geh\u00f6rt.&#8220;<\/p>\n<p>Andere Impfstoffe gegen Corona, wie die von\u00a0<a href=\"blank\" target=\"_blank\" rel=\"noopener\" shape=\"rect\">Johnson &amp; Johnson<\/a>\u00a0oder\u00a0<a href=\"https:\/\/sputnikvaccine.com\/about-vaccine\/\" target=\"_blank\" rel=\"noopener\" shape=\"rect\">Sputnik<\/a>\u00a0hergestellten, verwendeten ebenfalls Adenoviren, um eine Immunreaktion gegen SARS-CoV-2 hervorzurufen. Sie verwendeten jedoch keine Schimpansen-Adenoviren, sondern menschliche Adenoviren.<\/p>\n<p><strong>Fazit:\u00a0<\/strong>Es ist falsch, dass ein Inhaltsstoff des Corona-Impfstoffs von Astrazeneca den aktuellen Ausbruch von Affenpocken verursacht hat. Expertinnen und Experten schlossen das gegen\u00fcber AFP aus. Das von Astrazeneca verwendete Schimpansen-Adenovirus ist ein v\u00f6llig anderes als das die Affenpocken ausl\u00f6sende.<\/p>\n<\/div>\n<\/article>\n<p>[\/vc_column_text][\/vc_column][\/vc_row]<\/p>\n<\/div>","protected":false},"excerpt":{"rendered":"<p>Nutzerinnen und Nutzer haben Ende Mai in sozialen Netzwerken eine vermeintliche Verbindung zwischen dem Corona-Impfstoff von Astrazeneca und einem internationalen Affenpocken-Ausbruch hergestellt. Die User begr\u00fcnden die Behauptung mit einem ver\u00e4nderten Schimpansen-Adenovirus, das in einem Corona-Impfstoff enthalten ist. Expertinnen und Experten schlossen einen Zusammenhang zu dem Affenpocken-Erreger gegen\u00fcber AFP allerdings aus. Die beiden Viren seien v\u00f6llig unterschiedlich. Das in dem Impfstoff verwendete Adenovirus wurde unsch\u00e4dlich gemacht wird und ist nicht in der Lage, sich zu vermehren oder zu einem anderen Virus zu mutieren.<\/p>\n","protected":false},"author":1,"featured_media":213713,"comment_status":"closed","ping_status":"open","sticky":false,"template":"","format":"standard","meta":{"_acf_changed":false,"footnotes":""},"categories":[175,127],"tags":[],"class_list":{"0":"post-213702","1":"post","2":"type-post","3":"status-publish","4":"format-standard","5":"has-post-thumbnail","7":"category-covid-19-de","8":"category-fact-check-de"},"acf":{"type":"Closed Event","location":"","start_date":"","start_date_event_begins_at":"","start_date_event_ends_at":"","end_date":"","end_date_event_begins_at":"","end_date_event_ends_at":"","organizer":"","show_metatags":true,"id":"32BM2WC","authors":"Petros KONSTANTINIDIS, AFP Griechenland","organization":"AFP","featured_image_copyright":"1997 w\u00e4hrend eines Affenpockenausbruchs in der Demokratischen Republik Kongo, Foto von den CDC zur Verf\u00fcgung gestellt ( CDC\/AFP \/ BRIAN W.J. MAHY)","text_copyright":"\u00a9 AGENCE FRANCE-PRESSE | 2022 | Alle Rechte vorbehalten. Jede Nutzung von AFP-Inhalten auf dieser Website unterliegt den Nutzungsbedingungen auf <a href='https:\/\/www.afp.com\/en\/terms-use' target='_blank'>CGU<\/a>. Durch den Zugriff auf die auf dieser Website verf\u00fcgbaren AFP-Inhalte und\/oder deren Nutzung erkl\u00e4ren Sie sich mit den oben genannten Nutzungsbedingungen einverstanden. Jede Nutzung von AFP-Inhalten erfolgt unter Ihrer alleinigen und vollen Verantwortung.","source":"https:\/\/faktencheck.afp.com\/doc.afp.com.32BM2WC","fact_checker":"https:\/\/belux.wpengine.com\/wp-content\/uploads\/2021\/12\/afp_logo.png","fact_checker_logo_image":false},"yoast_head":"<!-- This site is optimized with the Yoast SEO plugin v27.0 - https:\/\/yoast.com\/product\/yoast-seo-wordpress\/ -->\n<title>Der Affenpocken-Ausbruch hat nichts mit einem Corona-Impfstoff zu tun - EDMO Belux<\/title>\n<meta name=\"robots\" content=\"index, follow, max-snippet:-1, max-image-preview:large, max-video-preview:-1\" \/>\n<link rel=\"canonical\" href=\"https:\/\/belux.edmo.eu\/de\/der-affenpocken-ausbruch-hat-nichts-mit-einem-corona-impfstoff-zu-tun\/\" \/>\n<meta property=\"og:locale\" content=\"de_DE\" \/>\n<meta property=\"og:type\" content=\"article\" \/>\n<meta property=\"og:title\" content=\"Der Affenpocken-Ausbruch hat nichts mit einem Corona-Impfstoff zu tun - EDMO Belux\" \/>\n<meta property=\"og:description\" content=\"Nutzerinnen und Nutzer haben Ende Mai in sozialen Netzwerken eine vermeintliche Verbindung zwischen dem Corona-Impfstoff von Astrazeneca und einem internationalen Affenpocken-Ausbruch hergestellt. Die User begr\u00fcnden die Behauptung mit einem ver\u00e4nderten Schimpansen-Adenovirus, das in einem Corona-Impfstoff enthalten ist. Expertinnen und Experten schlossen einen Zusammenhang zu dem Affenpocken-Erreger gegen\u00fcber AFP allerdings aus. Die beiden Viren seien v\u00f6llig unterschiedlich. Das in dem Impfstoff verwendete Adenovirus wurde unsch\u00e4dlich gemacht wird und ist nicht in der Lage, sich zu vermehren oder zu einem anderen Virus zu mutieren.\" \/>\n<meta property=\"og:url\" content=\"https:\/\/belux.edmo.eu\/de\/der-affenpocken-ausbruch-hat-nichts-mit-einem-corona-impfstoff-zu-tun\/\" \/>\n<meta property=\"og:site_name\" content=\"EDMO Belux\" \/>\n<meta property=\"article:published_time\" content=\"2022-06-06T16:47:17+00:00\" \/>\n<meta property=\"article:modified_time\" content=\"2022-12-06T16:52:48+00:00\" \/>\n<meta property=\"og:image\" content=\"https:\/\/belux.edmo.eu\/wp-content\/uploads\/2022\/12\/ef025957d2d3ba4c7e88922d86db11f1.jpeg\" \/>\n\t<meta property=\"og:image:width\" content=\"1643\" \/>\n\t<meta property=\"og:image:height\" content=\"1080\" \/>\n\t<meta property=\"og:image:type\" content=\"image\/jpeg\" \/>\n<meta name=\"author\" content=\"master\" \/>\n<meta name=\"twitter:card\" content=\"summary_large_image\" \/>\n<meta name=\"twitter:creator\" content=\"@Edmo_Belux\" \/>\n<meta name=\"twitter:site\" content=\"@Edmo_Belux\" \/>\n<meta name=\"twitter:label1\" content=\"Verfasst von\" \/>\n\t<meta name=\"twitter:data1\" content=\"master\" \/>\n\t<meta name=\"twitter:label2\" content=\"Gesch\u00e4tzte Lesezeit\" \/>\n\t<meta name=\"twitter:data2\" content=\"6 Minuten\" \/>\n<script type=\"application\/ld+json\" class=\"yoast-schema-graph\">{\"@context\":\"https:\/\/schema.org\",\"@graph\":[{\"@type\":\"Article\",\"@id\":\"https:\/\/belux.edmo.eu\/de\/der-affenpocken-ausbruch-hat-nichts-mit-einem-corona-impfstoff-zu-tun\/#article\",\"isPartOf\":{\"@id\":\"https:\/\/belux.edmo.eu\/de\/der-affenpocken-ausbruch-hat-nichts-mit-einem-corona-impfstoff-zu-tun\/\"},\"author\":{\"name\":\"master\",\"@id\":\"https:\/\/belux.edmo.eu\/#\/schema\/person\/dbe3b252258537fd318f9b5645a30342\"},\"headline\":\"Der Affenpocken-Ausbruch hat nichts mit einem Corona-Impfstoff zu tun\",\"datePublished\":\"2022-06-06T16:47:17+00:00\",\"dateModified\":\"2022-12-06T16:52:48+00:00\",\"mainEntityOfPage\":{\"@id\":\"https:\/\/belux.edmo.eu\/de\/der-affenpocken-ausbruch-hat-nichts-mit-einem-corona-impfstoff-zu-tun\/\"},\"wordCount\":1192,\"publisher\":{\"@id\":\"https:\/\/belux.edmo.eu\/#organization\"},\"image\":{\"@id\":\"https:\/\/belux.edmo.eu\/de\/der-affenpocken-ausbruch-hat-nichts-mit-einem-corona-impfstoff-zu-tun\/#primaryimage\"},\"thumbnailUrl\":\"https:\/\/belux.edmo.eu\/wp-content\/uploads\/2022\/12\/ef025957d2d3ba4c7e88922d86db11f1.jpeg\",\"articleSection\":[\"COVID-19\",\"Fact Check\"],\"inLanguage\":\"de-DE\"},{\"@type\":\"WebPage\",\"@id\":\"https:\/\/belux.edmo.eu\/de\/der-affenpocken-ausbruch-hat-nichts-mit-einem-corona-impfstoff-zu-tun\/\",\"url\":\"https:\/\/belux.edmo.eu\/de\/der-affenpocken-ausbruch-hat-nichts-mit-einem-corona-impfstoff-zu-tun\/\",\"name\":\"Der Affenpocken-Ausbruch hat nichts mit einem Corona-Impfstoff zu tun - EDMO Belux\",\"isPartOf\":{\"@id\":\"https:\/\/belux.edmo.eu\/#website\"},\"primaryImageOfPage\":{\"@id\":\"https:\/\/belux.edmo.eu\/de\/der-affenpocken-ausbruch-hat-nichts-mit-einem-corona-impfstoff-zu-tun\/#primaryimage\"},\"image\":{\"@id\":\"https:\/\/belux.edmo.eu\/de\/der-affenpocken-ausbruch-hat-nichts-mit-einem-corona-impfstoff-zu-tun\/#primaryimage\"},\"thumbnailUrl\":\"https:\/\/belux.edmo.eu\/wp-content\/uploads\/2022\/12\/ef025957d2d3ba4c7e88922d86db11f1.jpeg\",\"datePublished\":\"2022-06-06T16:47:17+00:00\",\"dateModified\":\"2022-12-06T16:52:48+00:00\",\"breadcrumb\":{\"@id\":\"https:\/\/belux.edmo.eu\/de\/der-affenpocken-ausbruch-hat-nichts-mit-einem-corona-impfstoff-zu-tun\/#breadcrumb\"},\"inLanguage\":\"de-DE\",\"potentialAction\":[{\"@type\":\"ReadAction\",\"target\":[\"https:\/\/belux.edmo.eu\/de\/der-affenpocken-ausbruch-hat-nichts-mit-einem-corona-impfstoff-zu-tun\/\"]}]},{\"@type\":\"ImageObject\",\"inLanguage\":\"de-DE\",\"@id\":\"https:\/\/belux.edmo.eu\/de\/der-affenpocken-ausbruch-hat-nichts-mit-einem-corona-impfstoff-zu-tun\/#primaryimage\",\"url\":\"https:\/\/belux.edmo.eu\/wp-content\/uploads\/2022\/12\/ef025957d2d3ba4c7e88922d86db11f1.jpeg\",\"contentUrl\":\"https:\/\/belux.edmo.eu\/wp-content\/uploads\/2022\/12\/ef025957d2d3ba4c7e88922d86db11f1.jpeg\",\"width\":1643,\"height\":1080},{\"@type\":\"BreadcrumbList\",\"@id\":\"https:\/\/belux.edmo.eu\/de\/der-affenpocken-ausbruch-hat-nichts-mit-einem-corona-impfstoff-zu-tun\/#breadcrumb\",\"itemListElement\":[{\"@type\":\"ListItem\",\"position\":1,\"name\":\"Home\",\"item\":\"https:\/\/belux.edmo.eu\/de\/\"},{\"@type\":\"ListItem\",\"position\":2,\"name\":\"Der Affenpocken-Ausbruch hat nichts mit einem Corona-Impfstoff zu tun\"}]},{\"@type\":\"WebSite\",\"@id\":\"https:\/\/belux.edmo.eu\/#website\",\"url\":\"https:\/\/belux.edmo.eu\/\",\"name\":\"EDMO Belux\",\"description\":\"Monitoring Disinformation in Belgium and Luxembourg\",\"publisher\":{\"@id\":\"https:\/\/belux.edmo.eu\/#organization\"},\"potentialAction\":[{\"@type\":\"SearchAction\",\"target\":{\"@type\":\"EntryPoint\",\"urlTemplate\":\"https:\/\/belux.edmo.eu\/?s={search_term_string}\"},\"query-input\":{\"@type\":\"PropertyValueSpecification\",\"valueRequired\":true,\"valueName\":\"search_term_string\"}}],\"inLanguage\":\"de-DE\"},{\"@type\":\"Organization\",\"@id\":\"https:\/\/belux.edmo.eu\/#organization\",\"name\":\"EDMO Belux\",\"url\":\"https:\/\/belux.edmo.eu\/\",\"logo\":{\"@type\":\"ImageObject\",\"inLanguage\":\"de-DE\",\"@id\":\"https:\/\/belux.edmo.eu\/#\/schema\/logo\/image\/\",\"url\":\"https:\/\/belux.edmo.eu\/wp-content\/uploads\/2021\/12\/belux-logo-full-color-rgb.svg\",\"contentUrl\":\"https:\/\/belux.edmo.eu\/wp-content\/uploads\/2021\/12\/belux-logo-full-color-rgb.svg\",\"width\":1,\"height\":1,\"caption\":\"EDMO Belux\"},\"image\":{\"@id\":\"https:\/\/belux.edmo.eu\/#\/schema\/logo\/image\/\"},\"sameAs\":[\"https:\/\/x.com\/Edmo_Belux\"]},{\"@type\":\"Person\",\"@id\":\"https:\/\/belux.edmo.eu\/#\/schema\/person\/dbe3b252258537fd318f9b5645a30342\",\"name\":\"master\",\"sameAs\":[\"https:\/\/belux.wpengine.com\"],\"url\":\"https:\/\/belux.edmo.eu\/de\/author\/master\/\"}]}<\/script>\n<!-- \/ Yoast SEO plugin. -->","yoast_head_json":{"title":"Der Affenpocken-Ausbruch hat nichts mit einem Corona-Impfstoff zu tun - EDMO Belux","robots":{"index":"index","follow":"follow","max-snippet":"max-snippet:-1","max-image-preview":"max-image-preview:large","max-video-preview":"max-video-preview:-1"},"canonical":"https:\/\/belux.edmo.eu\/de\/der-affenpocken-ausbruch-hat-nichts-mit-einem-corona-impfstoff-zu-tun\/","og_locale":"de_DE","og_type":"article","og_title":"Der Affenpocken-Ausbruch hat nichts mit einem Corona-Impfstoff zu tun - EDMO Belux","og_description":"Nutzerinnen und Nutzer haben Ende Mai in sozialen Netzwerken eine vermeintliche Verbindung zwischen dem Corona-Impfstoff von Astrazeneca und einem internationalen Affenpocken-Ausbruch hergestellt. Die User begr\u00fcnden die Behauptung mit einem ver\u00e4nderten Schimpansen-Adenovirus, das in einem Corona-Impfstoff enthalten ist. Expertinnen und Experten schlossen einen Zusammenhang zu dem Affenpocken-Erreger gegen\u00fcber AFP allerdings aus. Die beiden Viren seien v\u00f6llig unterschiedlich. Das in dem Impfstoff verwendete Adenovirus wurde unsch\u00e4dlich gemacht wird und ist nicht in der Lage, sich zu vermehren oder zu einem anderen Virus zu mutieren.","og_url":"https:\/\/belux.edmo.eu\/de\/der-affenpocken-ausbruch-hat-nichts-mit-einem-corona-impfstoff-zu-tun\/","og_site_name":"EDMO Belux","article_published_time":"2022-06-06T16:47:17+00:00","article_modified_time":"2022-12-06T16:52:48+00:00","og_image":[{"width":1643,"height":1080,"url":"https:\/\/belux.edmo.eu\/wp-content\/uploads\/2022\/12\/ef025957d2d3ba4c7e88922d86db11f1.jpeg","type":"image\/jpeg"}],"author":"master","twitter_card":"summary_large_image","twitter_creator":"@Edmo_Belux","twitter_site":"@Edmo_Belux","twitter_misc":{"Verfasst von":"master","Gesch\u00e4tzte Lesezeit":"6 Minuten"},"schema":{"@context":"https:\/\/schema.org","@graph":[{"@type":"Article","@id":"https:\/\/belux.edmo.eu\/de\/der-affenpocken-ausbruch-hat-nichts-mit-einem-corona-impfstoff-zu-tun\/#article","isPartOf":{"@id":"https:\/\/belux.edmo.eu\/de\/der-affenpocken-ausbruch-hat-nichts-mit-einem-corona-impfstoff-zu-tun\/"},"author":{"name":"master","@id":"https:\/\/belux.edmo.eu\/#\/schema\/person\/dbe3b252258537fd318f9b5645a30342"},"headline":"Der Affenpocken-Ausbruch hat nichts mit einem Corona-Impfstoff zu tun","datePublished":"2022-06-06T16:47:17+00:00","dateModified":"2022-12-06T16:52:48+00:00","mainEntityOfPage":{"@id":"https:\/\/belux.edmo.eu\/de\/der-affenpocken-ausbruch-hat-nichts-mit-einem-corona-impfstoff-zu-tun\/"},"wordCount":1192,"publisher":{"@id":"https:\/\/belux.edmo.eu\/#organization"},"image":{"@id":"https:\/\/belux.edmo.eu\/de\/der-affenpocken-ausbruch-hat-nichts-mit-einem-corona-impfstoff-zu-tun\/#primaryimage"},"thumbnailUrl":"https:\/\/belux.edmo.eu\/wp-content\/uploads\/2022\/12\/ef025957d2d3ba4c7e88922d86db11f1.jpeg","articleSection":["COVID-19","Fact Check"],"inLanguage":"de-DE"},{"@type":"WebPage","@id":"https:\/\/belux.edmo.eu\/de\/der-affenpocken-ausbruch-hat-nichts-mit-einem-corona-impfstoff-zu-tun\/","url":"https:\/\/belux.edmo.eu\/de\/der-affenpocken-ausbruch-hat-nichts-mit-einem-corona-impfstoff-zu-tun\/","name":"Der Affenpocken-Ausbruch hat nichts mit einem Corona-Impfstoff zu tun - EDMO Belux","isPartOf":{"@id":"https:\/\/belux.edmo.eu\/#website"},"primaryImageOfPage":{"@id":"https:\/\/belux.edmo.eu\/de\/der-affenpocken-ausbruch-hat-nichts-mit-einem-corona-impfstoff-zu-tun\/#primaryimage"},"image":{"@id":"https:\/\/belux.edmo.eu\/de\/der-affenpocken-ausbruch-hat-nichts-mit-einem-corona-impfstoff-zu-tun\/#primaryimage"},"thumbnailUrl":"https:\/\/belux.edmo.eu\/wp-content\/uploads\/2022\/12\/ef025957d2d3ba4c7e88922d86db11f1.jpeg","datePublished":"2022-06-06T16:47:17+00:00","dateModified":"2022-12-06T16:52:48+00:00","breadcrumb":{"@id":"https:\/\/belux.edmo.eu\/de\/der-affenpocken-ausbruch-hat-nichts-mit-einem-corona-impfstoff-zu-tun\/#breadcrumb"},"inLanguage":"de-DE","potentialAction":[{"@type":"ReadAction","target":["https:\/\/belux.edmo.eu\/de\/der-affenpocken-ausbruch-hat-nichts-mit-einem-corona-impfstoff-zu-tun\/"]}]},{"@type":"ImageObject","inLanguage":"de-DE","@id":"https:\/\/belux.edmo.eu\/de\/der-affenpocken-ausbruch-hat-nichts-mit-einem-corona-impfstoff-zu-tun\/#primaryimage","url":"https:\/\/belux.edmo.eu\/wp-content\/uploads\/2022\/12\/ef025957d2d3ba4c7e88922d86db11f1.jpeg","contentUrl":"https:\/\/belux.edmo.eu\/wp-content\/uploads\/2022\/12\/ef025957d2d3ba4c7e88922d86db11f1.jpeg","width":1643,"height":1080},{"@type":"BreadcrumbList","@id":"https:\/\/belux.edmo.eu\/de\/der-affenpocken-ausbruch-hat-nichts-mit-einem-corona-impfstoff-zu-tun\/#breadcrumb","itemListElement":[{"@type":"ListItem","position":1,"name":"Home","item":"https:\/\/belux.edmo.eu\/de\/"},{"@type":"ListItem","position":2,"name":"Der Affenpocken-Ausbruch hat nichts mit einem Corona-Impfstoff zu tun"}]},{"@type":"WebSite","@id":"https:\/\/belux.edmo.eu\/#website","url":"https:\/\/belux.edmo.eu\/","name":"EDMO Belux","description":"Monitoring Disinformation in Belgium and Luxembourg","publisher":{"@id":"https:\/\/belux.edmo.eu\/#organization"},"potentialAction":[{"@type":"SearchAction","target":{"@type":"EntryPoint","urlTemplate":"https:\/\/belux.edmo.eu\/?s={search_term_string}"},"query-input":{"@type":"PropertyValueSpecification","valueRequired":true,"valueName":"search_term_string"}}],"inLanguage":"de-DE"},{"@type":"Organization","@id":"https:\/\/belux.edmo.eu\/#organization","name":"EDMO Belux","url":"https:\/\/belux.edmo.eu\/","logo":{"@type":"ImageObject","inLanguage":"de-DE","@id":"https:\/\/belux.edmo.eu\/#\/schema\/logo\/image\/","url":"https:\/\/belux.edmo.eu\/wp-content\/uploads\/2021\/12\/belux-logo-full-color-rgb.svg","contentUrl":"https:\/\/belux.edmo.eu\/wp-content\/uploads\/2021\/12\/belux-logo-full-color-rgb.svg","width":1,"height":1,"caption":"EDMO Belux"},"image":{"@id":"https:\/\/belux.edmo.eu\/#\/schema\/logo\/image\/"},"sameAs":["https:\/\/x.com\/Edmo_Belux"]},{"@type":"Person","@id":"https:\/\/belux.edmo.eu\/#\/schema\/person\/dbe3b252258537fd318f9b5645a30342","name":"master","sameAs":["https:\/\/belux.wpengine.com"],"url":"https:\/\/belux.edmo.eu\/de\/author\/master\/"}]}},"menu_order":0,"_links":{"self":[{"href":"https:\/\/belux.edmo.eu\/de\/wp-json\/wp\/v2\/posts\/213702","targetHints":{"allow":["GET"]}}],"collection":[{"href":"https:\/\/belux.edmo.eu\/de\/wp-json\/wp\/v2\/posts"}],"about":[{"href":"https:\/\/belux.edmo.eu\/de\/wp-json\/wp\/v2\/types\/post"}],"author":[{"embeddable":true,"href":"https:\/\/belux.edmo.eu\/de\/wp-json\/wp\/v2\/users\/1"}],"replies":[{"embeddable":true,"href":"https:\/\/belux.edmo.eu\/de\/wp-json\/wp\/v2\/comments?post=213702"}],"version-history":[{"count":0,"href":"https:\/\/belux.edmo.eu\/de\/wp-json\/wp\/v2\/posts\/213702\/revisions"}],"wp:featuredmedia":[{"embeddable":true,"href":"https:\/\/belux.edmo.eu\/de\/wp-json\/wp\/v2\/media\/213713"}],"wp:attachment":[{"href":"https:\/\/belux.edmo.eu\/de\/wp-json\/wp\/v2\/media?parent=213702"}],"wp:term":[{"taxonomy":"category","embeddable":true,"href":"https:\/\/belux.edmo.eu\/de\/wp-json\/wp\/v2\/categories?post=213702"},{"taxonomy":"post_tag","embeddable":true,"href":"https:\/\/belux.edmo.eu\/de\/wp-json\/wp\/v2\/tags?post=213702"}],"curies":[{"name":"wp","href":"https:\/\/api.w.org\/{rel}","templated":true}]}}