{"id":213719,"date":"2022-06-06T16:53:34","date_gmt":"2022-06-06T16:53:34","guid":{"rendered":"https:\/\/belux.edmo.eu\/?p=213719"},"modified":"2022-12-06T16:59:21","modified_gmt":"2022-12-06T16:59:21","slug":"doch-transpersonen-in-der-bundeswehr-koennen-in-den-einsatz-geschickt-werden","status":"publish","type":"post","link":"https:\/\/belux.edmo.eu\/de\/doch-transpersonen-in-der-bundeswehr-koennen-in-den-einsatz-geschickt-werden\/","title":{"rendered":"Doch, Transpersonen in der Bundeswehr k\u00f6nnen in den Einsatz geschickt werden"},"content":{"rendered":"<div class=\"wpb-content-wrapper\"><p>[vc_row][vc_column][vc_column_text]<strong>Hunderte User haben einen Beitrag auf Facebook geteilt, wonach Verteidigungsministerin Christine Lambrecht (SPD) angeblich behauptet habe, dass &#8222;Gender-Soldatinnen und Soldaten&#8220; in der Bundeswehr im Kriegsfall nicht eingesetzt werden k\u00f6nnten, da es an der Front keine gendergerechten Toiletten gebe. Die Nachricht ist allerdings frei erfunden, wie unter anderem die Bundeswehr und der Bundesverband Trans* best\u00e4tigten. Missst\u00e4nde in der Bundeswehr im Umgang mit Transpersonen wurden jedoch schon h\u00e4ufiger kritisiert.<\/strong><\/p>\n<p>Hunderte Nutzerinnen und Nutzer haben die Beitr\u00e4ge zur angeblichen Aussage Lambrechts seit Mitte Mai auf Facebook geteilt (<a href=\"https:\/\/perma.cc\/Y6KM-LA4D?type=image\" target=\"_blank\" rel=\"noopener\" shape=\"rect\">hier<\/a>,\u00a0<a href=\"https:\/\/perma.cc\/PRM5-BQHA?type=image\" target=\"_blank\" rel=\"noopener\" shape=\"rect\">hier<\/a>,\u00a0<a href=\"https:\/\/perma.cc\/NL72-GN53?type=image\" target=\"_blank\" rel=\"noopener\" shape=\"rect\">hier<\/a>). Tausende sahen zudem ein Video mit dem Beitrag auf\u00a0<a href=\"https:\/\/archive.ph\/cF6Cl\" target=\"_blank\" rel=\"noopener\" shape=\"rect\">Youtube<\/a>.<\/p>\n<p><strong>Die Behauptung:<\/strong>\u00a0\u00dcber einem Bild der Verteidigungsministerin Christine Lambrecht hei\u00dft es: &#8222;Lambrecht hat heute bekannt gegeben: Die in der Bundeswehr integrierten Gender-Soldatinnen\/Soldaten k\u00f6nnen im Kriegsfall nicht eingesetzt werden, weil es an der Front keine gendergerechten Toiletten gibt.&#8220; Im Bild steht dazu der Vermerk: &#8222;Nein, du hast dich nicht verlesen.&#8220;[\/vc_column_text][vc_single_image image=&#8220;213720&#8243; img_size=&#8220;large&#8220; add_caption=&#8220;yes&#8220; alignment=&#8220;center&#8220;][vc_column_text]Die Debatte um diskriminierungsfreie Toiletten wird bereits seit mehreren Jahren in Medien gef\u00fchrt (<a href=\"https:\/\/editionf.com\/transfeindlichkeit-toiletten-dritte-option\/\" target=\"_blank\" rel=\"noopener\" shape=\"rect\">hier<\/a>,\u00a0<a href=\"https:\/\/www.jetzt.de\/querfragen\/non-binaere-menschen-was-bedeutet-euch-die-unisex-toilette\" target=\"_blank\" rel=\"noopener\" shape=\"rect\">hier<\/a>,\u00a0<a href=\"https:\/\/taz.de\/Toilette-fuer-Trans--und-Intermenschen\/!5572573\/\" target=\"_blank\" rel=\"noopener\" shape=\"rect\">hier<\/a>). W\u00e4hrend\u00a0<a href=\"https:\/\/www.berlin.de\/sen\/lads\/_assets\/schwerpunkte\/lsbti\/materialien\/tia\/lads_flyer_wcs-fuer-alle_bf.pdf\" target=\"_blank\" rel=\"noopener\" shape=\"rect\">manche<\/a>\u00a0sich f\u00fcr sogenannte Unisex-Toiletten, die unabh\u00e4ngig von der Geschlechtszugeh\u00f6rigkeit genutzt werden k\u00f6nnen, einsetzen, sprechen sich\u00a0<a href=\"https:\/\/perma.cc\/MST4-VD8G?type=image\" target=\"_blank\" rel=\"noopener\" shape=\"rect\">andere<\/a>\u00a0f\u00fcr die Beibehaltung klassischer Sanit\u00e4ranlagen aus.<\/p>\n<p>Eine wichtige Rolle in der Debatte spielen trans- und intergeschlechtliche Menschen, die h\u00e4ufig von\u00a0<a href=\"https:\/\/www.antidiskriminierungsstelle.de\/DE\/ueber-diskriminierung\/diskriminierungsmerkmale\/geschlecht-und-geschlechtsidentitaet\/trans\/trans-node.html\" target=\"_blank\" rel=\"noopener\" shape=\"rect\">Diskriminierung<\/a>\u00a0betroffen sind. Die\u00a0<a href=\"https:\/\/www.trans-inter-beratungsstelle.de\/de\/\" target=\"_blank\" rel=\"noopener\" shape=\"rect\">Trans*Inter*Beratungsstelle<\/a>\u00a0definiert den Begriff\u00a0<a href=\"https:\/\/www.trans-inter-beratungsstelle.de\/de\/begriffserklaerungen.html\" target=\"_blank\" rel=\"noopener\" shape=\"rect\">&#8222;trans*&#8220;<\/a>\u00a0als \u00dcberbegriff f\u00fcr Menschen, die sich &#8222;nicht oder nur teilweise mit dem bei der Geburt eingetragenen Geschlecht identifizieren&#8220;. Die Bezeichnung\u00a0<a href=\"https:\/\/www.trans-inter-beratungsstelle.de\/de\/begriffserklaerungen.html\" target=\"_blank\" rel=\"noopener\" shape=\"rect\">&#8222;inter*&#8220;<\/a>\u00a0begreife Menschen mit angeborenen k\u00f6rperlichen Geschlechtsmerkmalen, die &#8222;nicht den g\u00e4ngigen gesellschaftlichen und medizinischen Vorstellungen von m\u00e4nnlichen oder weiblichen K\u00f6rpern&#8220; entsprechen.<\/p>\n<p><strong>Keine Regelung zu verbotenem Kriegseinsatz<\/strong><\/p>\n<p>Der\u00a0<a href=\"https:\/\/www.bundesverband-trans.de\/\" target=\"_blank\" rel=\"noopener\" shape=\"rect\">Bundesverband Trans*<\/a>, ein Zusammenschluss verschiedener Menschen und Organisationen zur F\u00f6rderung von geschlechtlicher Selbstbestimmung und Vielfalt, erkl\u00e4rte am 24. Mai auf AFP-Anfrage, die Organisation bek\u00e4me zwar immer wieder Anrufe von Transpersonen, die von Problemen in der Bundeswehr berichteten. Von einer derartigen Regelung, die den Kriegseinsatz von trans- oder intergeschlechtlichen Menschen verbiete, habe der Verband aber keine Kenntnis.<\/p>\n<p>Auf Nachfrage erkl\u00e4rte auch eine Sprecherin des Verteidigungsministeriums am 23. Mai gegen\u00fcber AFP, es handele sich bei der Behauptung &#8222;selbstverst\u00e4ndlich&#8220; um eine Falschmeldung. &#8222;Wir fordern und f\u00f6rdern ein wertsch\u00e4tzendes und offenes Klima innerhalb der Streitkr\u00e4fte, nat\u00fcrlich auch gegen\u00fcber lesbischen, schwulen, bisexuellen, trans- und intergeschlechtlichen Menschen.&#8220;<\/p>\n<p>Eine Sprecherin der\u00a0<a href=\"https:\/\/www.bundestag.de\/parlament\/wehrbeauftragter\/wehrbeauftragter-697722\" target=\"_blank\" rel=\"noopener\" shape=\"rect\">Wehrbeauftragten des Bundestages<\/a>\u00a0erkl\u00e4rte am 24. Mai auf AFP-Anfrage: &#8222;Zu der von Ihnen angesprochenen Behauptung haben wir keine eigenen Erkenntnisse.&#8220;<\/p>\n<p>Anastasia Biefang ist die\u00a0<a href=\"https:\/\/www.bundeswehr.de\/de\/aktuelles\/schwerpunkte\/65-jahre-bundeswehr\/ein-orientierungspunkt-oberstleutnant-anastasia-biefang-3903920\" target=\"_blank\" rel=\"noopener\" shape=\"rect\">erste Transgender-Kommandeurin<\/a>\u00a0bei der Bundeswehr und stellvertretende Vorsitzende des\u00a0<a href=\"https:\/\/www.queerbw.de\/\" target=\"_blank\" rel=\"noopener\" shape=\"rect\">QueerBW<\/a>, der Interessenvertretung der lesbischen, schwulen, bisexuellen, trans-, inter- und andersgeschlechtlichen Angeh\u00f6rigen der Bundeswehr. Sie erkl\u00e4rte am 24. Mai in einer E-Mail an AFP: &#8222;Nach unserer Kenntnis handelt es sich bei der Aussage um einen &#8218;Fake&#8216;. Frau Lambrecht hat diese Aussage nicht get\u00e4tigt.&#8220;<\/p>\n<p>Weiter erl\u00e4uterte Biefang: &#8222;Transgeschlechtliche Soldaten werden sehr wohl bei Eins\u00e4tzen eingesetzt. Gendergerechte Toiletten sind keine Voraussetzung f\u00fcr den Einsatz von Soldat:innen an der \u201cFront&#8220;.<\/p>\n<p>AFP konnte bei einer Google-Suche nach der vermeintlichen Meldung ebenfalls keine entsprechenden Ver\u00f6ffentlichungen ausfindig machen.<\/p>\n<p><strong>Nutzung von Sanit\u00e4ranlagen<\/strong><\/p>\n<p>Die Sprecherin des Verteidigungsministeriums verwies zudem auf einen speziellen\u00a0<a href=\"https:\/\/perma.cc\/JD43-XN3J\" target=\"_blank\" rel=\"noopener\" shape=\"rect\">Leitfaden vom 28. Dezember 2017<\/a>, der &#8222;die bestm\u00f6gliche Unterst\u00fctzung von transidenten Menschen in der Bundeswehr sicherstellen soll.&#8220;<\/p>\n<p>Das Dokument mit dem Titel &#8222;Leitfaden zum Umgang mit transgeschlechtlichen Menschen im Gesch\u00e4ftsbereich des Bundesministeriums der Verteidigung&#8220; beinhaltet auch einen Abschnitt zur Frage der\u00a0<a href=\"https:\/\/perma.cc\/CD4V-TMK7\" target=\"_blank\" rel=\"noopener\" shape=\"rect\">Unterbringung sowie der Nutzung von Toiletten und Waschr\u00e4umen<\/a>\u00a0in der Bundeswehr, auf den auch Biefang verweist.<\/p>\n<p>In dem Dokument werden die Regelungen anhand der sogenannten\u00a0<a href=\"https:\/\/queer-lexikon.net\/2017\/06\/08\/transition\/\" target=\"_blank\" rel=\"noopener\" shape=\"rect\">Transition<\/a>\u00a0erl\u00e4utert. Dabei handelt es sich um k\u00f6rperliche, juristische oder soziale \u00c4nderungen, um die eigene Geschlechtsidentit\u00e4t passender auszudr\u00fccken. Das kann unter anderem eine Hormontherapie genauso wie das \u00c4ndern des Kleidungsstils umfassen.<\/p>\n<p>So hei\u00dft es im Leitfaden, zu Beginn einer Transition solle die Person in ihrer derzeitigen Unterkunft verbleiben und die Toiletten wie bisher weiter nutzen. Weiter wird erkl\u00e4rt: &#8222;F\u00fcr die Bestimmung des Zeitpunktes, ab dem die Unterkunft \/ Toilette \/ Waschr\u00e4ume des angenommenen Geschlechts genutzt werden k\u00f6nnen, gibt es keine schematische L\u00f6sung.&#8220; Es sei in der Regel angemessen, &#8222;dass die Person ab einem individuell zu bestimmenden Zeitpunkt w\u00e4hrend der Transition die entsprechenden Toiletten \/ Waschr\u00e4ume f\u00fcr das angenommene Geschlecht benutzt.&#8220; F\u00fcr den Zeitraum nach der Transition wird im Leitfaden erl\u00e4utert:<\/p>\n<blockquote><p>Nach der Transition darf von einer transgeschlechtlichen Person unter keinen Umst\u00e4nden erwartet werden, dass sie die f\u00fcr ihr fr\u00fcheres Geschlecht bestimmten Toiletten \/ Waschr\u00e4ume nutzt. Es ist diskriminierend, eine transgeschlechtliche Person so zu behandeln, als w\u00e4re sie weder m\u00e4nnlich noch weiblich, und darauf zu bestehen, dass sie dauerhaft eine separate Toilette benutzt, beispielsweise eine Behindertentoilette<\/p><\/blockquote>\n<p>Nicht erl\u00e4utert wird in dem Abschnitt des Leitfadens, welche Regelungen es f\u00fcr Menschen gibt, die sich keinem bestimmten Geschlecht zuordnen, so zum Beispiel\u00a0<a href=\"https:\/\/www.bpb.de\/themen\/gender-diversitaet\/geschlechtliche-vielfalt-trans\/500940\/nicht-binaer\/\" target=\"_blank\" rel=\"noopener\" shape=\"rect\">nicht-bin\u00e4re Personen<\/a>.<\/p>\n<p><strong>Transpersonen in der Bundeswehr<\/strong><\/p>\n<p>Obwohl dem Bundesverband Trans* die Behauptungen aus dem Facebook-Beitrag nicht bekannt waren, betonte die Organisation, die Bundeswehr sei insbesondere in der Vergangenheit ein schwieriger Ort f\u00fcr Transmenschen gewesen.<\/p>\n<p>&#8222;Bei der wehrmedizinischen Begutachtung wird nach wie vor nach sehr alten Richtlinien gearbeitet&#8220;, erkl\u00e4rte Kalle H\u00fcmpfner, zust\u00e4ndig f\u00fcr die gesellschaftspolitische Arbeit des Verbands, gegen\u00fcber AFP. H\u00fcmpfner kritisierte, dass Transgeschlechtlichkeit in der Begutachtung nach wie vor als psychische St\u00f6rung gewertet werden k\u00f6nne. Die Bundeswehr-Sprecherin schrieb dazu, dass Transgeschlechtlichkeit nicht als &#8222;Krankheit&#8220; begriffen werde, solange keine krankhaften Einschr\u00e4nkungen vorliegen w\u00fcrden.<\/p>\n<p>Das Portal &#8222;<a href=\"https:\/\/fragdenstaat.de\/\" target=\"_blank\" rel=\"noopener\" shape=\"rect\">Frag den Staat<\/a>&#8222;, das Anfragen an \u00f6ffentliche Stellen vereinfacht, ver\u00f6ffentlichte im Juli 2021 die &#8222;<a href=\"https:\/\/fragdenstaat.de\/dokumente\/118172-wehrmedizinische-begutachtung\/\" target=\"_blank\" rel=\"noopener\" shape=\"rect\">Allgemeinen Regelungen zur wehrmedizinischen Begutachtung<\/a>&#8222;, die zur Beurteilung der gesundheitlichen Eignung von Bewerberinnen und Bewerbern f\u00fcr den Milit\u00e4rdienst der Bundeswehr herangezogen werden.<\/p>\n<p>In einem Abschnitt zur Untersuchung von &#8222;Intelligenz und Psyche&#8220; hei\u00dft es darin, psychosexuelle Probleme, unter anderem &#8222;St\u00f6rungen der Geschlechtsidentit\u00e4t&#8220;, k\u00f6nnten die Gemeinschaftsf\u00e4higkeit und damit die gesundheitliche Eignung infrage stellen.<\/p>\n<aside class=\"cquote\"><\/aside>\n<p>[\/vc_column_text][vc_single_image image=&#8220;213725&#8243; img_size=&#8220;large&#8220; add_caption=&#8220;yes&#8220; alignment=&#8220;center&#8220;][vc_column_text]<\/p>\n<article class=\"node node--article node--promoted node--full node--article--full format-standard full-content post type-post status-publish has-post-thumbnail hentry enable-pin-share\" role=\"article\" data-article-type=\"\">\n<div class=\"article-entry clearfix\">\n<p>Entsprechende Berichte von &#8222;<a href=\"https:\/\/fragdenstaat.de\/blog\/2022\/02\/11\/bundeswehr-transfeindlichkeit-richtlinien\/\" target=\"_blank\" rel=\"noopener\" shape=\"rect\">Frag den Staat<\/a>&#8220; und der &#8222;<a href=\"https:\/\/taz.de\/trans-Personen-in-der-Bundeswehr\/!5830976\/\" target=\"_blank\" rel=\"noopener\" shape=\"rect\">taz<\/a>&#8220; sprachen nach Ver\u00f6ffentlichung dieser Regelung von einer m\u00f6glichen Benachteiligung und Transfeindlichkeit im Bewerbungsverfahren.<\/p>\n<p>In der Anlage zu &#8222;Gyn\u00e4kologischen Erkrankungen und Folgeerscheinungen&#8220; des Dokuments hei\u00dft es zudem zu &#8222;St\u00f6rungen der Geschlechtsdifferenzierung (z.B. Zwitter) oder -identit\u00e4t&#8220;: &#8222;Eine solche Beurteilung schlie\u00dft grunds\u00e4tzlich eine gesundheitliche Eignung dauerhaft aus.&#8220;<\/p>\n<p>Die Sprecherin der Wehrbeauftragten des Deutschen Bundestages erkl\u00e4rte hierzu, bei der Bewerbung best\u00fcnden aufgrund der Formulierungen in der \u00e4rztlichen Begutachtung weiterhin Nachteile f\u00fcr transidente Personen: &#8222;Die betroffenen Menschen f\u00fchlen sich dadurch zu Recht diskriminiert. Die Weltgesundheitsorganisation (WHO) hat die Diagnose &#8218;St\u00f6rung der Geschlechtsidentit\u00e4t&#8216;, zu der die Transidentit\u00e4t geh\u00f6rte, abgeschafft, sodass sie keine psychische St\u00f6rung mehr darstellt. Eine \u00dcberarbeitung der wehrmedizinischen Begutachtung ist somit dringend erforderlich.&#8220;<\/p>\n<p>Auch H\u00fcmpfner vom Bundesverband Trans* bezeichnete die Begutachtung als Hindernis f\u00fcr Menschen in der Transition.<\/p>\n<p>Zur \u00e4rztlichen Begutachtung wird\u00a0<a href=\"https:\/\/perma.cc\/GPB7-UAGH\" target=\"_blank\" rel=\"noopener\" shape=\"rect\">im Leitfaden<\/a>\u00a0erkl\u00e4rt, eine abgeschlossene Transition sei kein Hinderungsgrund bei der Frage der Dienst- und Verwendungsf\u00e4higkeit. Jedoch wird betont, dass es &#8222;in der Phase, in der ein transgeschlechtlicher Mensch sich zun\u00e4chst \u00fcber seine Situation klar wird und der sich daran anschlie\u00dfenden Phase, in der die soziale Geschlechtsangleichung noch ungewohnt ist&#8220; zu psychischen Beeintr\u00e4chtigungen kommen k\u00f6nne, die eine gesundheitliche Eignung &#8222;vor\u00fcbergehend oder dauerhaft&#8220; einschr\u00e4nken k\u00f6nne.<\/p>\n<p>Zur psychiatrischen Begutachtung der Bewerberinnen und Bewerber w\u00e4hrend einer Transition oder mit dem Gedanken an eine Geschlechtsangleichung hei\u00dft es zudem, diese &#8222;werden grunds\u00e4tzlich als \u2018vor\u00fcbergehend nicht verwendungsf\u00e4hig\u2019 begutachtet.&#8220;<\/p>\n<p>Es sei gesetzeswidrig bereits aktive Soldatinnen und Soldaten aufgrund von Transgeschlechtlichkeit einzuschr\u00e4nken oder deren T\u00e4tigkeit zu beenden, hei\u00dft es im Leitfaden weiter. Die Verwendungsf\u00e4higkeit der Soldatinnen und Soldaten sei gegeben, sofern die gesundheitliche Eignung erf\u00fcllt sei.<\/p>\n<p>Im aktuellen\u00a0<a href=\"https:\/\/dserver.bundestag.de\/btd\/20\/009\/2000900.pdf\" target=\"_blank\" rel=\"noopener\" shape=\"rect\">Jahresbericht 2022 der Wehrbeauftragten<\/a>\u00a0hei\u00dft es, die Bundeswehr habe hinsichtlich der Akzeptanz von transidenten Personen gro\u00dfe Fortschritte gemacht. &#8222;In Einzelf\u00e4llen kommt es aber dennoch gelegentlich zu Unsicherheiten, wie im Zusammenhang mit Hormonbehandlungen oder bei der Personenstands\u00e4nderung.&#8220;<\/p>\n<p>Der Geschlechtseintrag &#8222;divers&#8220; k\u00f6nne bisher intern nicht hinterlegt werden, erl\u00e4uterte Biefang. Au\u00dferdem seien zahlreiche Vorschriften, etwa zum \u00e4u\u00dferen Erscheinungsbild und der sportlichen Leistungsf\u00e4higkeit, rein bin\u00e4r aufgeteilt und ber\u00fccksichtigten Transmenschen damit nicht.<\/p>\n<p><strong>Fazit:\u00a0<\/strong>Weder dem Verteidigungsministerium noch dem Bundesverband Trans* oder QueerBW ist bekannt, dass Transpersonen in der Bundeswehr aufgrund von fehlenden gendergerechten Toiletten nicht eingesetzt werden k\u00f6nnten. Entsprechende Medienberichte konnte AFP ebenfalls nicht ausfindig machen. In der Bundeswehr arbeiten auch jetzt Transmenschen.<\/p>\n<\/div>\n<\/article>\n<p>[\/vc_column_text][\/vc_column][\/vc_row]<\/p>\n<\/div>","protected":false},"excerpt":{"rendered":"<p>Hunderte User haben einen Beitrag auf Facebook geteilt, wonach Verteidigungsministerin Christine Lambrecht (SPD) angeblich behauptet habe, dass &#8222;Gender-Soldatinnen und Soldaten&#8220; in der Bundeswehr im Kriegsfall nicht eingesetzt werden k\u00f6nnten, da es an der Front keine gendergerechten Toiletten gebe. Die Nachricht ist allerdings frei erfunden, wie unter anderem die Bundeswehr und der Bundesverband Trans* best\u00e4tigten. Missst\u00e4nde in der Bundeswehr im Umgang mit Transpersonen wurden jedoch schon h\u00e4ufiger kritisiert.<\/p>\n","protected":false},"author":1,"featured_media":213730,"comment_status":"closed","ping_status":"open","sticky":false,"template":"","format":"standard","meta":{"_acf_changed":false,"footnotes":""},"categories":[127,133],"tags":[],"class_list":{"0":"post-213719","1":"post","2":"type-post","3":"status-publish","4":"format-standard","5":"has-post-thumbnail","7":"category-fact-check-de","8":"category-politics-de"},"acf":{"type":"Closed Event","location":"","start_date":"","start_date_event_begins_at":"","start_date_event_ends_at":"","end_date":"","end_date_event_begins_at":"","end_date_event_ends_at":"","organizer":"","show_metatags":true,"id":"32B3447","authors":"Saladin SALEM, AFP Deutschland","organization":"AFP","featured_image_copyright":"","text_copyright":"\u00a9 AGENCE FRANCE-PRESSE | 2022 | Alle Rechte vorbehalten. Jede Nutzung von AFP-Inhalten auf dieser Website unterliegt den Nutzungsbedingungen auf <a href='https:\/\/www.afp.com\/en\/terms-use' target='_blank'>CGU<\/a>. Durch den Zugriff auf die auf dieser Website verf\u00fcgbaren AFP-Inhalte und\/oder deren Nutzung erkl\u00e4ren Sie sich mit den oben genannten Nutzungsbedingungen einverstanden. Jede Nutzung von AFP-Inhalten erfolgt unter Ihrer alleinigen und vollen Verantwortung.","source":"https:\/\/faktencheck.afp.com\/doc.afp.com.32B3447","fact_checker":"https:\/\/belux.wpengine.com\/wp-content\/uploads\/2021\/12\/afp_logo.png","fact_checker_logo_image":false},"yoast_head":"<!-- This site is optimized with the Yoast SEO plugin v27.0 - https:\/\/yoast.com\/product\/yoast-seo-wordpress\/ -->\n<title>Doch, Transpersonen in der Bundeswehr k\u00f6nnen in den Einsatz geschickt werden - EDMO Belux<\/title>\n<meta name=\"robots\" content=\"index, follow, max-snippet:-1, max-image-preview:large, max-video-preview:-1\" \/>\n<link rel=\"canonical\" href=\"https:\/\/belux.edmo.eu\/de\/doch-transpersonen-in-der-bundeswehr-koennen-in-den-einsatz-geschickt-werden\/\" \/>\n<meta property=\"og:locale\" content=\"de_DE\" \/>\n<meta property=\"og:type\" content=\"article\" \/>\n<meta property=\"og:title\" content=\"Doch, Transpersonen in der Bundeswehr k\u00f6nnen in den Einsatz geschickt werden - EDMO Belux\" \/>\n<meta property=\"og:description\" content=\"Hunderte User haben einen Beitrag auf Facebook geteilt, wonach Verteidigungsministerin Christine Lambrecht (SPD) angeblich behauptet habe, dass &quot;Gender-Soldatinnen und Soldaten&quot; in der Bundeswehr im Kriegsfall nicht eingesetzt werden k\u00f6nnten, da es an der Front keine gendergerechten Toiletten gebe. Die Nachricht ist allerdings frei erfunden, wie unter anderem die Bundeswehr und der Bundesverband Trans* best\u00e4tigten. Missst\u00e4nde in der Bundeswehr im Umgang mit Transpersonen wurden jedoch schon h\u00e4ufiger kritisiert.\" \/>\n<meta property=\"og:url\" content=\"https:\/\/belux.edmo.eu\/de\/doch-transpersonen-in-der-bundeswehr-koennen-in-den-einsatz-geschickt-werden\/\" \/>\n<meta property=\"og:site_name\" content=\"EDMO Belux\" \/>\n<meta property=\"article:published_time\" content=\"2022-06-06T16:53:34+00:00\" \/>\n<meta property=\"article:modified_time\" content=\"2022-12-06T16:59:21+00:00\" \/>\n<meta property=\"og:image\" content=\"https:\/\/belux.edmo.eu\/wp-content\/uploads\/2022\/12\/e71285fb700a9b957a2ed50ddbec7b15.jpeg\" \/>\n\t<meta property=\"og:image:width\" content=\"1680\" \/>\n\t<meta property=\"og:image:height\" content=\"840\" \/>\n\t<meta property=\"og:image:type\" content=\"image\/jpeg\" \/>\n<meta name=\"author\" content=\"master\" \/>\n<meta name=\"twitter:card\" content=\"summary_large_image\" \/>\n<meta name=\"twitter:creator\" content=\"@Edmo_Belux\" \/>\n<meta name=\"twitter:site\" content=\"@Edmo_Belux\" \/>\n<meta name=\"twitter:label1\" content=\"Verfasst von\" \/>\n\t<meta name=\"twitter:data1\" content=\"master\" \/>\n\t<meta name=\"twitter:label2\" content=\"Gesch\u00e4tzte Lesezeit\" \/>\n\t<meta name=\"twitter:data2\" content=\"7 Minuten\" \/>\n<script type=\"application\/ld+json\" class=\"yoast-schema-graph\">{\"@context\":\"https:\/\/schema.org\",\"@graph\":[{\"@type\":\"Article\",\"@id\":\"https:\/\/belux.edmo.eu\/de\/doch-transpersonen-in-der-bundeswehr-koennen-in-den-einsatz-geschickt-werden\/#article\",\"isPartOf\":{\"@id\":\"https:\/\/belux.edmo.eu\/de\/doch-transpersonen-in-der-bundeswehr-koennen-in-den-einsatz-geschickt-werden\/\"},\"author\":{\"name\":\"master\",\"@id\":\"https:\/\/belux.edmo.eu\/#\/schema\/person\/dbe3b252258537fd318f9b5645a30342\"},\"headline\":\"Doch, Transpersonen in der Bundeswehr k\u00f6nnen in den Einsatz geschickt werden\",\"datePublished\":\"2022-06-06T16:53:34+00:00\",\"dateModified\":\"2022-12-06T16:59:21+00:00\",\"mainEntityOfPage\":{\"@id\":\"https:\/\/belux.edmo.eu\/de\/doch-transpersonen-in-der-bundeswehr-koennen-in-den-einsatz-geschickt-werden\/\"},\"wordCount\":1478,\"publisher\":{\"@id\":\"https:\/\/belux.edmo.eu\/#organization\"},\"image\":{\"@id\":\"https:\/\/belux.edmo.eu\/de\/doch-transpersonen-in-der-bundeswehr-koennen-in-den-einsatz-geschickt-werden\/#primaryimage\"},\"thumbnailUrl\":\"https:\/\/belux.edmo.eu\/wp-content\/uploads\/2022\/12\/e71285fb700a9b957a2ed50ddbec7b15.jpeg\",\"articleSection\":[\"Fact Check\",\"Politik\"],\"inLanguage\":\"de-DE\"},{\"@type\":\"WebPage\",\"@id\":\"https:\/\/belux.edmo.eu\/de\/doch-transpersonen-in-der-bundeswehr-koennen-in-den-einsatz-geschickt-werden\/\",\"url\":\"https:\/\/belux.edmo.eu\/de\/doch-transpersonen-in-der-bundeswehr-koennen-in-den-einsatz-geschickt-werden\/\",\"name\":\"Doch, Transpersonen in der Bundeswehr k\u00f6nnen in den Einsatz geschickt werden - EDMO Belux\",\"isPartOf\":{\"@id\":\"https:\/\/belux.edmo.eu\/#website\"},\"primaryImageOfPage\":{\"@id\":\"https:\/\/belux.edmo.eu\/de\/doch-transpersonen-in-der-bundeswehr-koennen-in-den-einsatz-geschickt-werden\/#primaryimage\"},\"image\":{\"@id\":\"https:\/\/belux.edmo.eu\/de\/doch-transpersonen-in-der-bundeswehr-koennen-in-den-einsatz-geschickt-werden\/#primaryimage\"},\"thumbnailUrl\":\"https:\/\/belux.edmo.eu\/wp-content\/uploads\/2022\/12\/e71285fb700a9b957a2ed50ddbec7b15.jpeg\",\"datePublished\":\"2022-06-06T16:53:34+00:00\",\"dateModified\":\"2022-12-06T16:59:21+00:00\",\"breadcrumb\":{\"@id\":\"https:\/\/belux.edmo.eu\/de\/doch-transpersonen-in-der-bundeswehr-koennen-in-den-einsatz-geschickt-werden\/#breadcrumb\"},\"inLanguage\":\"de-DE\",\"potentialAction\":[{\"@type\":\"ReadAction\",\"target\":[\"https:\/\/belux.edmo.eu\/de\/doch-transpersonen-in-der-bundeswehr-koennen-in-den-einsatz-geschickt-werden\/\"]}]},{\"@type\":\"ImageObject\",\"inLanguage\":\"de-DE\",\"@id\":\"https:\/\/belux.edmo.eu\/de\/doch-transpersonen-in-der-bundeswehr-koennen-in-den-einsatz-geschickt-werden\/#primaryimage\",\"url\":\"https:\/\/belux.edmo.eu\/wp-content\/uploads\/2022\/12\/e71285fb700a9b957a2ed50ddbec7b15.jpeg\",\"contentUrl\":\"https:\/\/belux.edmo.eu\/wp-content\/uploads\/2022\/12\/e71285fb700a9b957a2ed50ddbec7b15.jpeg\",\"width\":1680,\"height\":840},{\"@type\":\"BreadcrumbList\",\"@id\":\"https:\/\/belux.edmo.eu\/de\/doch-transpersonen-in-der-bundeswehr-koennen-in-den-einsatz-geschickt-werden\/#breadcrumb\",\"itemListElement\":[{\"@type\":\"ListItem\",\"position\":1,\"name\":\"Home\",\"item\":\"https:\/\/belux.edmo.eu\/de\/\"},{\"@type\":\"ListItem\",\"position\":2,\"name\":\"Doch, Transpersonen in der Bundeswehr k\u00f6nnen in den Einsatz geschickt werden\"}]},{\"@type\":\"WebSite\",\"@id\":\"https:\/\/belux.edmo.eu\/#website\",\"url\":\"https:\/\/belux.edmo.eu\/\",\"name\":\"EDMO Belux\",\"description\":\"Monitoring Disinformation in Belgium and Luxembourg\",\"publisher\":{\"@id\":\"https:\/\/belux.edmo.eu\/#organization\"},\"potentialAction\":[{\"@type\":\"SearchAction\",\"target\":{\"@type\":\"EntryPoint\",\"urlTemplate\":\"https:\/\/belux.edmo.eu\/?s={search_term_string}\"},\"query-input\":{\"@type\":\"PropertyValueSpecification\",\"valueRequired\":true,\"valueName\":\"search_term_string\"}}],\"inLanguage\":\"de-DE\"},{\"@type\":\"Organization\",\"@id\":\"https:\/\/belux.edmo.eu\/#organization\",\"name\":\"EDMO Belux\",\"url\":\"https:\/\/belux.edmo.eu\/\",\"logo\":{\"@type\":\"ImageObject\",\"inLanguage\":\"de-DE\",\"@id\":\"https:\/\/belux.edmo.eu\/#\/schema\/logo\/image\/\",\"url\":\"https:\/\/belux.edmo.eu\/wp-content\/uploads\/2021\/12\/belux-logo-full-color-rgb.svg\",\"contentUrl\":\"https:\/\/belux.edmo.eu\/wp-content\/uploads\/2021\/12\/belux-logo-full-color-rgb.svg\",\"width\":1,\"height\":1,\"caption\":\"EDMO Belux\"},\"image\":{\"@id\":\"https:\/\/belux.edmo.eu\/#\/schema\/logo\/image\/\"},\"sameAs\":[\"https:\/\/x.com\/Edmo_Belux\"]},{\"@type\":\"Person\",\"@id\":\"https:\/\/belux.edmo.eu\/#\/schema\/person\/dbe3b252258537fd318f9b5645a30342\",\"name\":\"master\",\"sameAs\":[\"https:\/\/belux.wpengine.com\"],\"url\":\"https:\/\/belux.edmo.eu\/de\/author\/master\/\"}]}<\/script>\n<!-- \/ Yoast SEO plugin. -->","yoast_head_json":{"title":"Doch, Transpersonen in der Bundeswehr k\u00f6nnen in den Einsatz geschickt werden - EDMO Belux","robots":{"index":"index","follow":"follow","max-snippet":"max-snippet:-1","max-image-preview":"max-image-preview:large","max-video-preview":"max-video-preview:-1"},"canonical":"https:\/\/belux.edmo.eu\/de\/doch-transpersonen-in-der-bundeswehr-koennen-in-den-einsatz-geschickt-werden\/","og_locale":"de_DE","og_type":"article","og_title":"Doch, Transpersonen in der Bundeswehr k\u00f6nnen in den Einsatz geschickt werden - EDMO Belux","og_description":"Hunderte User haben einen Beitrag auf Facebook geteilt, wonach Verteidigungsministerin Christine Lambrecht (SPD) angeblich behauptet habe, dass \"Gender-Soldatinnen und Soldaten\" in der Bundeswehr im Kriegsfall nicht eingesetzt werden k\u00f6nnten, da es an der Front keine gendergerechten Toiletten gebe. Die Nachricht ist allerdings frei erfunden, wie unter anderem die Bundeswehr und der Bundesverband Trans* best\u00e4tigten. Missst\u00e4nde in der Bundeswehr im Umgang mit Transpersonen wurden jedoch schon h\u00e4ufiger kritisiert.","og_url":"https:\/\/belux.edmo.eu\/de\/doch-transpersonen-in-der-bundeswehr-koennen-in-den-einsatz-geschickt-werden\/","og_site_name":"EDMO Belux","article_published_time":"2022-06-06T16:53:34+00:00","article_modified_time":"2022-12-06T16:59:21+00:00","og_image":[{"width":1680,"height":840,"url":"https:\/\/belux.edmo.eu\/wp-content\/uploads\/2022\/12\/e71285fb700a9b957a2ed50ddbec7b15.jpeg","type":"image\/jpeg"}],"author":"master","twitter_card":"summary_large_image","twitter_creator":"@Edmo_Belux","twitter_site":"@Edmo_Belux","twitter_misc":{"Verfasst von":"master","Gesch\u00e4tzte Lesezeit":"7 Minuten"},"schema":{"@context":"https:\/\/schema.org","@graph":[{"@type":"Article","@id":"https:\/\/belux.edmo.eu\/de\/doch-transpersonen-in-der-bundeswehr-koennen-in-den-einsatz-geschickt-werden\/#article","isPartOf":{"@id":"https:\/\/belux.edmo.eu\/de\/doch-transpersonen-in-der-bundeswehr-koennen-in-den-einsatz-geschickt-werden\/"},"author":{"name":"master","@id":"https:\/\/belux.edmo.eu\/#\/schema\/person\/dbe3b252258537fd318f9b5645a30342"},"headline":"Doch, Transpersonen in der Bundeswehr k\u00f6nnen in den Einsatz geschickt werden","datePublished":"2022-06-06T16:53:34+00:00","dateModified":"2022-12-06T16:59:21+00:00","mainEntityOfPage":{"@id":"https:\/\/belux.edmo.eu\/de\/doch-transpersonen-in-der-bundeswehr-koennen-in-den-einsatz-geschickt-werden\/"},"wordCount":1478,"publisher":{"@id":"https:\/\/belux.edmo.eu\/#organization"},"image":{"@id":"https:\/\/belux.edmo.eu\/de\/doch-transpersonen-in-der-bundeswehr-koennen-in-den-einsatz-geschickt-werden\/#primaryimage"},"thumbnailUrl":"https:\/\/belux.edmo.eu\/wp-content\/uploads\/2022\/12\/e71285fb700a9b957a2ed50ddbec7b15.jpeg","articleSection":["Fact Check","Politik"],"inLanguage":"de-DE"},{"@type":"WebPage","@id":"https:\/\/belux.edmo.eu\/de\/doch-transpersonen-in-der-bundeswehr-koennen-in-den-einsatz-geschickt-werden\/","url":"https:\/\/belux.edmo.eu\/de\/doch-transpersonen-in-der-bundeswehr-koennen-in-den-einsatz-geschickt-werden\/","name":"Doch, Transpersonen in der Bundeswehr k\u00f6nnen in den Einsatz geschickt werden - EDMO Belux","isPartOf":{"@id":"https:\/\/belux.edmo.eu\/#website"},"primaryImageOfPage":{"@id":"https:\/\/belux.edmo.eu\/de\/doch-transpersonen-in-der-bundeswehr-koennen-in-den-einsatz-geschickt-werden\/#primaryimage"},"image":{"@id":"https:\/\/belux.edmo.eu\/de\/doch-transpersonen-in-der-bundeswehr-koennen-in-den-einsatz-geschickt-werden\/#primaryimage"},"thumbnailUrl":"https:\/\/belux.edmo.eu\/wp-content\/uploads\/2022\/12\/e71285fb700a9b957a2ed50ddbec7b15.jpeg","datePublished":"2022-06-06T16:53:34+00:00","dateModified":"2022-12-06T16:59:21+00:00","breadcrumb":{"@id":"https:\/\/belux.edmo.eu\/de\/doch-transpersonen-in-der-bundeswehr-koennen-in-den-einsatz-geschickt-werden\/#breadcrumb"},"inLanguage":"de-DE","potentialAction":[{"@type":"ReadAction","target":["https:\/\/belux.edmo.eu\/de\/doch-transpersonen-in-der-bundeswehr-koennen-in-den-einsatz-geschickt-werden\/"]}]},{"@type":"ImageObject","inLanguage":"de-DE","@id":"https:\/\/belux.edmo.eu\/de\/doch-transpersonen-in-der-bundeswehr-koennen-in-den-einsatz-geschickt-werden\/#primaryimage","url":"https:\/\/belux.edmo.eu\/wp-content\/uploads\/2022\/12\/e71285fb700a9b957a2ed50ddbec7b15.jpeg","contentUrl":"https:\/\/belux.edmo.eu\/wp-content\/uploads\/2022\/12\/e71285fb700a9b957a2ed50ddbec7b15.jpeg","width":1680,"height":840},{"@type":"BreadcrumbList","@id":"https:\/\/belux.edmo.eu\/de\/doch-transpersonen-in-der-bundeswehr-koennen-in-den-einsatz-geschickt-werden\/#breadcrumb","itemListElement":[{"@type":"ListItem","position":1,"name":"Home","item":"https:\/\/belux.edmo.eu\/de\/"},{"@type":"ListItem","position":2,"name":"Doch, Transpersonen in der Bundeswehr k\u00f6nnen in den Einsatz geschickt werden"}]},{"@type":"WebSite","@id":"https:\/\/belux.edmo.eu\/#website","url":"https:\/\/belux.edmo.eu\/","name":"EDMO Belux","description":"Monitoring Disinformation in Belgium and Luxembourg","publisher":{"@id":"https:\/\/belux.edmo.eu\/#organization"},"potentialAction":[{"@type":"SearchAction","target":{"@type":"EntryPoint","urlTemplate":"https:\/\/belux.edmo.eu\/?s={search_term_string}"},"query-input":{"@type":"PropertyValueSpecification","valueRequired":true,"valueName":"search_term_string"}}],"inLanguage":"de-DE"},{"@type":"Organization","@id":"https:\/\/belux.edmo.eu\/#organization","name":"EDMO Belux","url":"https:\/\/belux.edmo.eu\/","logo":{"@type":"ImageObject","inLanguage":"de-DE","@id":"https:\/\/belux.edmo.eu\/#\/schema\/logo\/image\/","url":"https:\/\/belux.edmo.eu\/wp-content\/uploads\/2021\/12\/belux-logo-full-color-rgb.svg","contentUrl":"https:\/\/belux.edmo.eu\/wp-content\/uploads\/2021\/12\/belux-logo-full-color-rgb.svg","width":1,"height":1,"caption":"EDMO Belux"},"image":{"@id":"https:\/\/belux.edmo.eu\/#\/schema\/logo\/image\/"},"sameAs":["https:\/\/x.com\/Edmo_Belux"]},{"@type":"Person","@id":"https:\/\/belux.edmo.eu\/#\/schema\/person\/dbe3b252258537fd318f9b5645a30342","name":"master","sameAs":["https:\/\/belux.wpengine.com"],"url":"https:\/\/belux.edmo.eu\/de\/author\/master\/"}]}},"menu_order":0,"_links":{"self":[{"href":"https:\/\/belux.edmo.eu\/de\/wp-json\/wp\/v2\/posts\/213719","targetHints":{"allow":["GET"]}}],"collection":[{"href":"https:\/\/belux.edmo.eu\/de\/wp-json\/wp\/v2\/posts"}],"about":[{"href":"https:\/\/belux.edmo.eu\/de\/wp-json\/wp\/v2\/types\/post"}],"author":[{"embeddable":true,"href":"https:\/\/belux.edmo.eu\/de\/wp-json\/wp\/v2\/users\/1"}],"replies":[{"embeddable":true,"href":"https:\/\/belux.edmo.eu\/de\/wp-json\/wp\/v2\/comments?post=213719"}],"version-history":[{"count":0,"href":"https:\/\/belux.edmo.eu\/de\/wp-json\/wp\/v2\/posts\/213719\/revisions"}],"wp:featuredmedia":[{"embeddable":true,"href":"https:\/\/belux.edmo.eu\/de\/wp-json\/wp\/v2\/media\/213730"}],"wp:attachment":[{"href":"https:\/\/belux.edmo.eu\/de\/wp-json\/wp\/v2\/media?parent=213719"}],"wp:term":[{"taxonomy":"category","embeddable":true,"href":"https:\/\/belux.edmo.eu\/de\/wp-json\/wp\/v2\/categories?post=213719"},{"taxonomy":"post_tag","embeddable":true,"href":"https:\/\/belux.edmo.eu\/de\/wp-json\/wp\/v2\/tags?post=213719"}],"curies":[{"name":"wp","href":"https:\/\/api.w.org\/{rel}","templated":true}]}}