{"id":22128,"date":"2022-03-18T13:22:28","date_gmt":"2022-03-18T13:22:28","guid":{"rendered":"https:\/\/belux.wpengine.com\/?p=22128"},"modified":"2022-06-30T13:12:52","modified_gmt":"2022-06-30T13:12:52","slug":"nein-dieses-foto-beweist-nicht-die-massenhafte-entsorgung-von-ukraine-spenden","status":"publish","type":"post","link":"https:\/\/belux.edmo.eu\/de\/nein-dieses-foto-beweist-nicht-die-massenhafte-entsorgung-von-ukraine-spenden\/","title":{"rendered":"Nein, dieses Foto beweist nicht die massenhafte Entsorgung von Ukraine-Spenden"},"content":{"rendered":"<p><b><strong>Hunderte Facebook-Nutzerinnen und Nutzer haben seit Anfang M\u00e4rz ein Foto verbreitet, das angeblich zeigt, wie Spenden f\u00fcr Menschen in der Ukraine auf einem bayerischen Firmengel\u00e4nde als Abfall entsorgt werden. Das Bild ist irref\u00fchrend. Es zeigt Verpackungsmaterialien und aussortierte Gegenst\u00e4nde, die nicht als Spenden geeignet waren. Tats\u00e4chlich wurden mehr als 200 Tonnen Spenden von den Organisatoren in die Ukraine gebracht.<\/strong><\/b><\/p>\n<p>Hunderte Facebook-User haben seit Anfang M\u00e4rz einen Beitrag geteilt (<a href=\"https:\/\/archive.ph\/yM5F0\" target=\"_blank\" rel=\"noopener\" shape=\"rect\">hier<\/a>, <a href=\"https:\/\/archive.ph\/VJDVg\" target=\"_blank\" rel=\"noopener\" shape=\"rect\">hier<\/a>), in dem behauptet wird, dass Spenden, die f\u00fcr Menschen in der Ukraine bestimmt waren, im gro\u00dfen Stil vernichtet worden seien. Auch auf <a href=\"https:\/\/perma.cc\/59GK-XNVN\" target=\"_blank\" rel=\"noopener\" shape=\"rect\">Telegram<\/a> sahen Tausende die Behauptung. Ein \u00e4hnliches Posting auf <a href=\"https:\/\/archive.ph\/BxbVy\" target=\"_blank\" rel=\"noopener\" shape=\"rect\">Tschechisch<\/a> teilten Tausende User und auch auf <a href=\"https:\/\/perma.cc\/DC4C-BRJU\" target=\"_blank\" rel=\"noopener\" shape=\"rect\">Englisch<\/a> verbreitete sich die Behauptung.<\/p>\n<p><strong>Die Behauptung:<\/strong> Das Bild zeigt einen Haufen aus Pappkartons und M\u00fclls\u00e4cken auf einem eingez\u00e4unten Platz. In der Bildbeschreibung hei\u00dft es: &#8222;Das sind die Dinge die wir nicht sehen sollen. Heute in der Oberpfalz aufgenommen, 6 !!! LKW mit Hilfsg\u00fcter f\u00fcr das Kriegsgebiet Ukraine welche wieder entladen wurden um anschlie\u00dfend in der \u00f6rtlichen M\u00fcllverbrennung zu landen.&#8220; Mit dem Hinweis darauf, dass die Lkw trotzdem in die Ukraine gefahren seien, endet der Text mit der Behauptung: &#8222;So werden Waffen geliefert.&#8220;<\/p>\n<div id=\"wysiwyg\" class=\"ww-item image\"><img class=\"lazyload blur-up\" src=\"https:\/\/belux.wpengine.com\/wp-content\/uploads\/2022\/03\/2022031816-b5fe051863eeebf4cd0af8c097a39853.jpeg\" data-original=\"\" \/><span class=\"legend\">Facebook-Screenshot der Behauptung: 15.03.2022<\/span><\/div>\n<p>In sozialen Netzwerken verbreitet sich derzeit eine Vielzahl falscher oder irref\u00fchrender Bilder und Behauptungen zum Krieg in der Ukraine. AFP widerlegte etwa bereits diese Videos angeblich <a href=\"https:\/\/faktencheck.afp.com\/doc.afp.com.324Q473\" target=\"_blank\" rel=\"noopener\" shape=\"rect\">inszenierter<\/a><a href=\"https:\/\/faktencheck.afp.com\/doc.afp.com.324X7X2\" target=\"_blank\" rel=\"noopener\" shape=\"rect\">Kriegsopfer<\/a>, diesen <a href=\"https:\/\/faktencheck.afp.com\/doc.afp.com.324M7U3\" target=\"_blank\" rel=\"noopener\" shape=\"rect\">gef\u00e4lschten Tweet<\/a> von Karl Lauterbach oder Behauptungen, die <a href=\"https:\/\/faktencheck.afp.com\/doc.afp.com.324G927\" target=\"_blank\" rel=\"noopener\" shape=\"rect\">Grenzen der Ukraine<\/a> seien international nicht anerkannt. AFP sammelt Faktenchecks im Kontext des Kriegs in der Ukraine <a href=\"https:\/\/faktencheck.afp.com\/list\/all\/all\/39405\/all\/tid-39405\" target=\"_blank\" rel=\"noopener\" shape=\"rect\">hier<\/a>.<\/p>\n<p><b>Das Bild stammt von einer Spendenaktion privater Unternehmen<\/b><\/p>\n<p>In den aktuell geteilten Beitr\u00e4gen hei\u00dft es, das Foto des M\u00fcllbergs sei in der Oberpfalz in Ostbayern entstanden und zeige Spenden f\u00fcr die Ukraine. Eine Googlesuche mit den Begriffen &#8222;Spenden&#8220;, &#8222;Ukraine&#8220; und &#8222;Oberpfalz&#8220; f\u00fchrte zu mehreren Treffern: Der M\u00fcnchner &#8222;Merkur&#8220; ver\u00f6ffentlichte am 6. M\u00e4rz 2022 einen <a href=\"https:\/\/perma.cc\/73CY-QGZC\" target=\"_blank\" rel=\"noopener\" shape=\"rect\">Beitrag<\/a> \u00fcber einen Spenden-Konvoi, der Anfang M\u00e4rz von Auerbach in der Oberpfalz in Richtung polnisch-ukrainischer Grenze startete. Auch der regionale Fernsehsender <a href=\"https:\/\/perma.cc\/M9GG-FD3M\" target=\"_blank\" rel=\"noopener\" shape=\"rect\">Oberpfalz TV<\/a> sowie der <a href=\"https:\/\/www.br.de\/mediathek\/video\/krieg-in-der-ukraine-hilfstransport-aus-auerbach-gestartet-av:6222614acd7bcb0008527a8d?fbclid=IwAR1nrvJIGZbuyd8MBuriHQD0ZaSR8y1pKfsm8qTj6NK4sOPQ9eoz4eqH9U8\" target=\"_blank\" rel=\"noopener\" shape=\"rect\">Bayerische Rundfunk<\/a> berichteten \u00fcber den Hilfskonvoi.<\/p>\n<p>In Beitr\u00e4gen ist zu sehen, wie Helferinnen und Helfer gespendete Materialien auf einem Firmengel\u00e4nde sortieren, in Kartons verpacken und auf Lastwagen verladen. Die Szenerie \u00e4hnelt dem Bild aus den aktuell geteilten Beitr\u00e4gen: Auf dem Gel\u00e4nde stehen mehrere Lkw mit roten F\u00fchrerh\u00e4uschen, wie sie auch im Hintergrund des aktuell geteilten Foto zu erkennen sind. Auf einem Luftbild aus dem &#8222;Merkur&#8220;-Artikel ist am Zaun des Firmengel\u00e4ndes zudem ein M\u00fcllhaufen zu sehen, der sich an einer \u00e4hnlichen Position befindet wie der Haufen auf dem aktuell geteilten Foto.<\/p>\n<div id=\"wysiwyg\" class=\"ww-item image\"><img class=\"lazyload blur-up\" src=\"https:\/\/belux.wpengine.com\/wp-content\/uploads\/2022\/03\/2022031816-8cbae94d3feae52392fca316557e8509.jpeg\" data-original=\"\" \/><span class=\"legend\">Screenshot von Merkur.de: 17.03.2022<\/span><\/div>\n<p>Die Lkw, die in den Bildern der Medienbeitr\u00e4ge zu sehen sind, tragen die Aufschrift des Transportunternehmens <a href=\"https:\/\/www.alfredboehm.com\/\" target=\"_blank\" rel=\"noopener\" shape=\"rect\">Alfred B\u00f6hm<\/a>, das seinen Sitz in Auerbach in der Oberpfalz hat. Der Gesch\u00e4ftsf\u00fchrer von Alfred B\u00f6hm, Ilhan Altincik, best\u00e4tigte in einem Telefonat mit AFP am 14. M\u00e4rz 2022, dass es sich bei dem in dem aktuell geteilten Foto gezeigten Ort um das Firmengel\u00e4nde seines Unternehmens handelt. &#8222;Das ist unser Hof. Das Bild muss am 4. M\u00e4rz bei der Abholung der Abf\u00e4lle entstanden sein&#8220;, sagte Altincik gegen\u00fcber AFP.<\/p>\n<p>Nach Angaben von Altincik organisierte das Unternehmen den Hilfstransport gemeinsam mit dem privaten Krankentransportunternehmen <a href=\"https:\/\/rkt.eu\/\" target=\"_blank\" rel=\"noopener\" shape=\"rect\">RKT<\/a>. Die Initiatoren baten zuvor um Lebensmittel- und Medikamentenspenden aus der Bev\u00f6lkerung. &#8222;Die Menschen haben gro\u00dfz\u00fcgig reagiert&#8220;, erkl\u00e4rte Altincik. Sein Unternehmen habe zudem medizinische Produkte im Wert von mehr als 50.000 Euro gespendet und die Transportkosten \u00fcbernommen. Insgesamt seien zw\u00f6lf Lastwagen, beladen mit rund 250 Tonnen Lebensmitteln und medizinischen Hilfsg\u00fctern, am 4. M\u00e4rz an die polnisch-ukrainische Grenze gefahren.<\/p>\n<p><b>Teils unbrauchbare Spenden<\/b><\/p>\n<p>Ein Teil der eingesammelten Spenden sei jedoch nicht f\u00fcr eine Weitergabe geeignet gewesen, sagte Altincik. Zahlreiche Menschen h\u00e4tten Kleidung gespendet, obwohl die Organisatoren ausdr\u00fccklich darum gebeten hatten, <a href=\"https:\/\/archive.ph\/wip\/ltQp6\" target=\"_blank\" rel=\"noopener\" shape=\"rect\">auf Kleiderspenden zu verzichten<\/a>. &#8222;Viele dieser Kleidungsst\u00fccke waren leider nicht als Hilfe f\u00fcr Gefl\u00fcchtete geeignet \u2013 darunter Dinge wie Krawatten, Bikinis oder Strumpfhosen. Einige davon waren in wirklich schlechtem Zustand.&#8220; Auch andere Hilfsorganisationen h\u00e4tten die Kleiderspenden nicht annehmen wollen, weshalb sie letztlich entsorgt werden mussten, erkl\u00e4rte Altincik. Der Unternehmer bezog zu den in sozialen Netzwerken ge\u00e4u\u00dferten Vorw\u00fcrfen auch auf <a href=\"https:\/\/archive.ph\/aaOzc\" target=\"_blank\" rel=\"noopener\" shape=\"rect\">Facebook<\/a> Stellung:<\/p>\n<div class=\"g2web\" style=\"text-align: center;\"><iframe style=\"border: none; overflow: hidden;\" src=\"https:\/\/www.facebook.com\/plugins\/post.php?href=https%3A%2F%2Fwww.facebook.com%2Falfred.boehm.gmbh%2Fposts%2F4789019967873620&amp;show_text=true&amp;width=500\" width=\"500\" height=\"662\" frameborder=\"0\" scrolling=\"no\" allowfullscreen=\"allowfullscreen\" data-mce-fragment=\"1\"><\/iframe><\/div>\n<p>\u00c4hnlich \u00e4u\u00dferte sich Konstantin Steinhauser, Pressesprecher von RKT. &#8222;Das Foto [auf Facebook] ist echt&#8220;, sagte Steinhauser am 14. M\u00e4rz in einem Telefoninterview mit AFP. &#8222;Wir haben viele Dinge erhalten, die nicht geeignet waren, den Menschen vor Ort zu helfen. Oft geben die Leute \u2013 sicher mit den besten Absichten \u2013 ihre alten Kleider und andere Sachen, die wir jedoch nicht gebrauchen k\u00f6nnen.&#8220;<\/p>\n<p>Er best\u00e4tigte, dass zw\u00f6lf Lastwagen mit insgesamt 220 Tonnen Spendenmaterialien beladen wurden und sch\u00e4tzte, dass &#8222;etwa 20 Prozent&#8220; der urspr\u00fcnglichen Spenden als ungeeignet weggeworfen werden mussten. &#8222;Wir haben Brautkleider, Badekleidung oder alte Flip-Flops erhalten.&#8220; Das Unternehmen schilderte die Situation auch in einem Beitrag auf seinem <a href=\"https:\/\/archive.ph\/QNsd0\" target=\"_blank\" rel=\"noopener\" shape=\"rect\">Facebook-Profil<\/a>:<\/p>\n<div class=\"g2web\" style=\"text-align: center;\"><iframe style=\"border: none; overflow: hidden;\" src=\"https:\/\/www.facebook.com\/plugins\/post.php?href=https%3A%2F%2Fwww.facebook.com%2Frktverein%2Fposts%2F1310583102763174&amp;show_text=true&amp;width=500\" width=\"500\" height=\"310\" frameborder=\"0\" scrolling=\"no\" allowfullscreen=\"allowfullscreen\" data-mce-fragment=\"1\"><\/iframe><\/div>\n<p>Die Angaben von Altincik und Steinhauser zur Gesamtmenge der transportierten Spenden unterscheidet sich leicht. W\u00e4hrend Altincik gegen\u00fcber AFP das Volumen auf 250 Tonnen sch\u00e4tzte, sprach RKT-Sprecher Steinhauser von 220 Tonnen. Auf <a href=\"https:\/\/archive.is\/wip\/5YasL\" target=\"_blank\" rel=\"noopener\" shape=\"rect\">Facebook<\/a> gab RKT die Menge ebenfalls mit 220 Tonnen an.<\/p>\n<p><b>Deutsches Rotes Kreuz bevorzugt finanzielle Hilfe<\/b><\/p>\n<p>Den Spendentransport best\u00e4tigte auch Sohrab Taheri-Sohi, Sprecher des Bayerischen Roten Kreuzes: &#8222;Wir wissen von diesem Hilfskonvoi und haben auch die Bilder der abfahrenden Lastwagen gesehen&#8220;, sagte er am 15. M\u00e4rz in einem Telefoninterview mit AFP.<\/p>\n<p>Er f\u00fcgte hinzu, dass trotz der gro\u00dfen Solidarit\u00e4tsbekundungen aus der Bev\u00f6lkerung seiner Erfahrung nach &#8222;einige Menschen solche Situationen nutzen, um ihre alten Sachen loszuwerden&#8220;. Das Rote Kreuz rufe deshalb grunds\u00e4tzlich dazu auf, Geld zu spenden. &#8222;Wenn wir um Sachspenden bitten, kommunizieren wir unseren Bedarf sehr spezifisch und angepasst an die jeweiligen Bed\u00fcrfnisse.&#8220;<\/p>\n<p>Auch Christian Reuter, Generalsekret\u00e4r des Deutschen Roten Kreuzes, rief dazu auf, Geld- statt Sachspenden zu leisten: &#8222;Gut gemeinte, aber nicht abgestimmte Lieferungen f\u00fcllen Lagerh\u00e4user, binden Transport- und Sortierkapazit\u00e4ten. Sie helfen leider nicht, sie behindern vielmehr die humanit\u00e4re Arbeit vor Ort&#8220;, erkl\u00e4rte er in dieser <a href=\"https:\/\/www.drk.de\/presse\/pressemitteilungen\/meldung\/drk-spenden-fuer-wirkungsvolle-humanitaere-hilfe-fuer-die-ukraine\/\" target=\"_blank\" rel=\"noopener\" shape=\"rect\">Pressemitteilung<\/a> vom 3. M\u00e4rz.<\/p>\n<p>Geldspenden seien gegen\u00fcber Sachspenden wesentlich effektiver: &#8222;Damit l\u00e4sst sich die humanit\u00e4re Hilfe gezielter an die jeweiligen Bedarfslagen vor Ort anpassen. Dies ist absolut erforderlich in Situationen, die sich best\u00e4ndig \u00e4ndern und h\u00f6chst unvorhersehbar sind, wie aktuell in der Ukraine und ihren Nachbarl\u00e4ndern&#8220;, f\u00fcgte er hinzu.<\/p>\n<p>Auch das Landratsamt des <a href=\"https:\/\/www.kreis-as.de\/\" target=\"_blank\" rel=\"noopener\" shape=\"rect\">Landkreises Amberg-Sulzbach<\/a>, in dem Auerbach in der Oberpfalz liegt und das die <a href=\"https:\/\/www.z-m-s.de\/\" target=\"_blank\" rel=\"noopener\" shape=\"rect\">M\u00fcllverwertung Schwandorf<\/a> betreibt, best\u00e4tigte gegen\u00fcber AFP, dass ein Teil der Hilfsg\u00fcter aus \u00f6ffentlichen Spenden nicht f\u00fcr die Weiterverwendung geeignet war. Der Kreis organisierte die Abholung des M\u00fclls mit Hilfe eines lokalen M\u00fcllverwerters. &#8222;Der Landkreis folgte dem Hilferuf der Spedition und der Stadt Auerbach, stellte mehrere Container zur Verf\u00fcgung und k\u00fcmmerte sich um die fachgerechte Entsorgung der unbrauchbaren G\u00fcter&#8220;, erkl\u00e4rte Christine Hollederer, Sprecherin des Landkreises Amberg-Sulzbach, in einer E-Mail am 17. M\u00e4rz gegen\u00fcber AFP. Insgesamt seien 14 Abfallcontainer mit Restm\u00fcll gef\u00fcllt und ins <a href=\"https:\/\/www.z-m-s.de\/muellkraftwerk\/index.html\" target=\"_blank\" rel=\"noopener\" shape=\"rect\">M\u00fcllheizkraftwerk Schwandorf<\/a> gebracht worden.<\/p>\n<p><b>Lokalzeitung begleitete den Konvoi an die ukrainische Grenze<\/b><\/p>\n<p>In den aktuell geteilten Beitr\u00e4gen wird weiter behauptet, die angeblich leeren Lkw dienten dazu, Waffen zu liefern, ohne daf\u00fcr jedoch Belege anzuf\u00fchren. Ilhan Altincik wies diese Behauptung gegen\u00fcber AFP zur\u00fcck: &#8222;Ich finde es ehrlich gesagt traurig, dass sich Menschen, die sich f\u00fcr eine Sache engagieren, mit solchen Vorw\u00fcrfen auseinandersetzen m\u00fcssen&#8220;, sagte er gegen\u00fcber AFP am 14. M\u00e4rz 2022.<\/p>\n<p>Tats\u00e4chlich ist die \u00dcbergabe von Spenden an der polnisch-ukrainischen Grenze dokumentiert: Die Organisatoren selbst haben die Fahrt des Hilfskonvois auf ihrer <a href=\"https:\/\/archive.ph\/wip\/aodur\" target=\"_blank\" rel=\"noopener\" shape=\"rect\">Facebook-Seite<\/a> festgehalten. Zudem begleiteten eine Reporterin und ein Reporter der &#8222;Mittelbayerischen Zeitung&#8220; den Konvoi und <a href=\"https:\/\/www.mittelbayerische.de\/panorama-nachrichten\/ukraine-mz-begleitet-hilfskonvoi-21934-art2095169.html\" target=\"_blank\" rel=\"noopener\" shape=\"rect\">berichteten von der Fahrt<\/a>. Auf mehreren Fotos und Videos sind dort Kartons mit Hilfsg\u00fctern zu erkennen. Die Zeitung <a href=\"https:\/\/www.mittelbayerische.de\/region\/neumarkt-nachrichten\/geruecht-ueber-verbrannte-ukraine-spenden-21102-art2098977.html?utm_medium=Social&amp;utm_campaign=Echobox&amp;utm_source=Facebook&amp;fbclid=IwAR2-tMdp9kKVwG7kZruLjM0dK4OGawaduEKN7b5vKExlf0CvCNn2kMQo7s4#Echobox=1647363772\" shape=\"rect\">berichtete<\/a> auch \u00fcber die irref\u00fchrenden Behauptungen in sozialen Netzwerken, die eingesammelten <a href=\"https:\/\/www.mittelbayerische.de\/region\/schwandorf-nachrichten\/abfall-spenden-landen-im-muellkraftwerk-21416-art2099098.html\" target=\"_blank\" rel=\"noopener\" shape=\"rect\">Spenden<\/a> seien s\u00e4mtlich verbrannt worden. AFP konnte keine Hinweise auf Waffenlieferungen durch den Konvoi finden. Auch die Postings selbst liefern daf\u00fcr keine Beweise.<\/p>\n<p><strong>Fazit:<\/strong> Das Bild der weggeworfenen Spenden ist authentisch, die Postings verschweigen aber den Grund der aussortierten Spenden. Es entstand Anfang M\u00e4rz bei einer Spendensammelaktion f\u00fcr die Ukraine in Auerbach in der Oberpfalz in Bayern. Etwa 20 Prozent der gesammelten Spenden waren f\u00fcr die Weitergabe ungeeignet und mussten entsorgt werden, wie die Organisatoren und die Kreisverwaltung gegen\u00fcber AFP erkl\u00e4rten. Dass dieses Vorgehen bei Spendensammlungen \u00fcblich ist, best\u00e4tigten andere Hilfsorganisation. Die Behauptung, in den Lastwagen seien Waffen geliefert worden, ist unbelegt.<\/p>\n","protected":false},"excerpt":{"rendered":"<p>Hunderte Facebook-User haben seit Anfang M\u00e4rz einen Beitrag geteilt (hier, hier), in dem behauptet wird, dass Spenden, die f\u00fcr Menschen in der Ukraine bestimmt waren, im gro\u00dfen Stil vernichtet worden seien. Auch auf Telegram sahen Tausende die Behauptung. Ein \u00e4hnliches Posting auf Tschechisch teilten Tausende User und auch auf Englisch verbreitete sich die Behauptung.<\/p>\n","protected":false},"author":1,"featured_media":53606,"comment_status":"closed","ping_status":"open","sticky":false,"template":"","format":"standard","meta":{"_acf_changed":false,"footnotes":""},"categories":[127,133,215],"tags":[],"class_list":{"0":"post-22128","1":"post","2":"type-post","3":"status-publish","4":"format-standard","5":"has-post-thumbnail","7":"category-fact-check-de","8":"category-politics-de","9":"category-ukraine-de"},"acf":{"show_metatags":true,"id":"50464","authors":"Ladka MORTKOWITZ, Feliks TODTMANN, AFP Tschechien, AFP Deutschland","organization":"AFP","featured_image_copyright":"( AFP \/ ANGELA WEISS)","text_copyright":"\u00a9 AGENCE FRANCE-PRESSE | 2022 | Alle Rechte vorbehalten. Jede Nutzung von AFP-Inhalten auf dieser Website unterliegt den Nutzungsbedingungen auf <a href='https:\/\/www.afp.com\/en\/terms-use' target='_blank'>CGU<\/a>. Durch den Zugriff auf die auf dieser Website verf\u00fcgbaren AFP-Inhalte und\/oder deren Nutzung erkl\u00e4ren Sie sich mit den oben genannten Nutzungsbedingungen einverstanden. Jede Nutzung von AFP-Inhalten erfolgt unter Ihrer alleinigen und vollen Verantwortung.","source":"https:\/\/faktencheck.afp.com\/doc.afp.com.326F22J","fact_checker":"https:\/\/belux.wpengine.com\/wp-content\/uploads\/2021\/12\/afp_logo.png","fact_checker_logo_image":false,"type":"Closed Event","location":"","start_date":"","start_date_event_begins_at":"","start_date_event_ends_at":"","end_date":"","end_date_event_begins_at":"","end_date_event_ends_at":"","organizer":""},"yoast_head":"<!-- This site is optimized with the Yoast SEO plugin v27.0 - https:\/\/yoast.com\/product\/yoast-seo-wordpress\/ -->\n<title>Nein, dieses Foto beweist nicht die massenhafte Entsorgung von Ukraine-Spenden - EDMO Belux<\/title>\n<meta name=\"robots\" content=\"index, follow, max-snippet:-1, max-image-preview:large, max-video-preview:-1\" \/>\n<link rel=\"canonical\" href=\"https:\/\/belux.edmo.eu\/de\/nein-dieses-foto-beweist-nicht-die-massenhafte-entsorgung-von-ukraine-spenden\/\" \/>\n<meta property=\"og:locale\" content=\"de_DE\" \/>\n<meta property=\"og:type\" content=\"article\" \/>\n<meta property=\"og:title\" content=\"Nein, dieses Foto beweist nicht die massenhafte Entsorgung von Ukraine-Spenden - EDMO Belux\" \/>\n<meta property=\"og:description\" content=\"Hunderte Facebook-User haben seit Anfang M\u00e4rz einen Beitrag geteilt (hier, hier), in dem behauptet wird, dass Spenden, die f\u00fcr Menschen in der Ukraine bestimmt waren, im gro\u00dfen Stil vernichtet worden seien. Auch auf Telegram sahen Tausende die Behauptung. Ein \u00e4hnliches Posting auf Tschechisch teilten Tausende User und auch auf Englisch verbreitete sich die Behauptung.\" \/>\n<meta property=\"og:url\" content=\"https:\/\/belux.edmo.eu\/de\/nein-dieses-foto-beweist-nicht-die-massenhafte-entsorgung-von-ukraine-spenden\/\" \/>\n<meta property=\"og:site_name\" content=\"EDMO Belux\" \/>\n<meta property=\"article:published_time\" content=\"2022-03-18T13:22:28+00:00\" \/>\n<meta property=\"article:modified_time\" content=\"2022-06-30T13:12:52+00:00\" \/>\n<meta property=\"og:image\" content=\"https:\/\/belux.edmo.eu\/wp-content\/uploads\/2022\/02\/aa3eb35e74555f525246d6d7640c43bd.jpeg\" \/>\n\t<meta property=\"og:image:width\" content=\"1080\" \/>\n\t<meta property=\"og:image:height\" content=\"719\" \/>\n\t<meta property=\"og:image:type\" content=\"image\/jpeg\" \/>\n<meta name=\"author\" content=\"master\" \/>\n<meta name=\"twitter:card\" content=\"summary_large_image\" \/>\n<meta name=\"twitter:creator\" content=\"@Edmo_Belux\" \/>\n<meta name=\"twitter:site\" content=\"@Edmo_Belux\" \/>\n<meta name=\"twitter:label1\" content=\"Verfasst von\" \/>\n\t<meta name=\"twitter:data1\" content=\"master\" \/>\n\t<meta name=\"twitter:label2\" content=\"Gesch\u00e4tzte Lesezeit\" \/>\n\t<meta name=\"twitter:data2\" content=\"7 Minuten\" \/>\n<script type=\"application\/ld+json\" class=\"yoast-schema-graph\">{\"@context\":\"https:\/\/schema.org\",\"@graph\":[{\"@type\":\"Article\",\"@id\":\"https:\/\/belux.edmo.eu\/de\/nein-dieses-foto-beweist-nicht-die-massenhafte-entsorgung-von-ukraine-spenden\/#article\",\"isPartOf\":{\"@id\":\"https:\/\/belux.edmo.eu\/de\/nein-dieses-foto-beweist-nicht-die-massenhafte-entsorgung-von-ukraine-spenden\/\"},\"author\":{\"name\":\"master\",\"@id\":\"https:\/\/belux.edmo.eu\/#\/schema\/person\/dbe3b252258537fd318f9b5645a30342\"},\"headline\":\"Nein, dieses Foto beweist nicht die massenhafte Entsorgung von Ukraine-Spenden\",\"datePublished\":\"2022-03-18T13:22:28+00:00\",\"dateModified\":\"2022-06-30T13:12:52+00:00\",\"mainEntityOfPage\":{\"@id\":\"https:\/\/belux.edmo.eu\/de\/nein-dieses-foto-beweist-nicht-die-massenhafte-entsorgung-von-ukraine-spenden\/\"},\"wordCount\":1456,\"publisher\":{\"@id\":\"https:\/\/belux.edmo.eu\/#organization\"},\"image\":{\"@id\":\"https:\/\/belux.edmo.eu\/de\/nein-dieses-foto-beweist-nicht-die-massenhafte-entsorgung-von-ukraine-spenden\/#primaryimage\"},\"thumbnailUrl\":\"https:\/\/belux.edmo.eu\/wp-content\/uploads\/2022\/02\/aa3eb35e74555f525246d6d7640c43bd.jpeg\",\"articleSection\":[\"Fact Check\",\"Politik\",\"Ukraine\"],\"inLanguage\":\"de-DE\"},{\"@type\":\"WebPage\",\"@id\":\"https:\/\/belux.edmo.eu\/de\/nein-dieses-foto-beweist-nicht-die-massenhafte-entsorgung-von-ukraine-spenden\/\",\"url\":\"https:\/\/belux.edmo.eu\/de\/nein-dieses-foto-beweist-nicht-die-massenhafte-entsorgung-von-ukraine-spenden\/\",\"name\":\"Nein, dieses Foto beweist nicht die massenhafte Entsorgung von Ukraine-Spenden - EDMO Belux\",\"isPartOf\":{\"@id\":\"https:\/\/belux.edmo.eu\/#website\"},\"primaryImageOfPage\":{\"@id\":\"https:\/\/belux.edmo.eu\/de\/nein-dieses-foto-beweist-nicht-die-massenhafte-entsorgung-von-ukraine-spenden\/#primaryimage\"},\"image\":{\"@id\":\"https:\/\/belux.edmo.eu\/de\/nein-dieses-foto-beweist-nicht-die-massenhafte-entsorgung-von-ukraine-spenden\/#primaryimage\"},\"thumbnailUrl\":\"https:\/\/belux.edmo.eu\/wp-content\/uploads\/2022\/02\/aa3eb35e74555f525246d6d7640c43bd.jpeg\",\"datePublished\":\"2022-03-18T13:22:28+00:00\",\"dateModified\":\"2022-06-30T13:12:52+00:00\",\"breadcrumb\":{\"@id\":\"https:\/\/belux.edmo.eu\/de\/nein-dieses-foto-beweist-nicht-die-massenhafte-entsorgung-von-ukraine-spenden\/#breadcrumb\"},\"inLanguage\":\"de-DE\",\"potentialAction\":[{\"@type\":\"ReadAction\",\"target\":[\"https:\/\/belux.edmo.eu\/de\/nein-dieses-foto-beweist-nicht-die-massenhafte-entsorgung-von-ukraine-spenden\/\"]}]},{\"@type\":\"ImageObject\",\"inLanguage\":\"de-DE\",\"@id\":\"https:\/\/belux.edmo.eu\/de\/nein-dieses-foto-beweist-nicht-die-massenhafte-entsorgung-von-ukraine-spenden\/#primaryimage\",\"url\":\"https:\/\/belux.edmo.eu\/wp-content\/uploads\/2022\/02\/aa3eb35e74555f525246d6d7640c43bd.jpeg\",\"contentUrl\":\"https:\/\/belux.edmo.eu\/wp-content\/uploads\/2022\/02\/aa3eb35e74555f525246d6d7640c43bd.jpeg\",\"width\":1080,\"height\":719},{\"@type\":\"BreadcrumbList\",\"@id\":\"https:\/\/belux.edmo.eu\/de\/nein-dieses-foto-beweist-nicht-die-massenhafte-entsorgung-von-ukraine-spenden\/#breadcrumb\",\"itemListElement\":[{\"@type\":\"ListItem\",\"position\":1,\"name\":\"Home\",\"item\":\"https:\/\/belux.edmo.eu\/de\/\"},{\"@type\":\"ListItem\",\"position\":2,\"name\":\"Nein, dieses Foto beweist nicht die massenhafte Entsorgung von Ukraine-Spenden\"}]},{\"@type\":\"WebSite\",\"@id\":\"https:\/\/belux.edmo.eu\/#website\",\"url\":\"https:\/\/belux.edmo.eu\/\",\"name\":\"EDMO Belux\",\"description\":\"Monitoring Disinformation in Belgium and Luxembourg\",\"publisher\":{\"@id\":\"https:\/\/belux.edmo.eu\/#organization\"},\"potentialAction\":[{\"@type\":\"SearchAction\",\"target\":{\"@type\":\"EntryPoint\",\"urlTemplate\":\"https:\/\/belux.edmo.eu\/?s={search_term_string}\"},\"query-input\":{\"@type\":\"PropertyValueSpecification\",\"valueRequired\":true,\"valueName\":\"search_term_string\"}}],\"inLanguage\":\"de-DE\"},{\"@type\":\"Organization\",\"@id\":\"https:\/\/belux.edmo.eu\/#organization\",\"name\":\"EDMO Belux\",\"url\":\"https:\/\/belux.edmo.eu\/\",\"logo\":{\"@type\":\"ImageObject\",\"inLanguage\":\"de-DE\",\"@id\":\"https:\/\/belux.edmo.eu\/#\/schema\/logo\/image\/\",\"url\":\"https:\/\/belux.edmo.eu\/wp-content\/uploads\/2021\/12\/belux-logo-full-color-rgb.svg\",\"contentUrl\":\"https:\/\/belux.edmo.eu\/wp-content\/uploads\/2021\/12\/belux-logo-full-color-rgb.svg\",\"width\":1,\"height\":1,\"caption\":\"EDMO Belux\"},\"image\":{\"@id\":\"https:\/\/belux.edmo.eu\/#\/schema\/logo\/image\/\"},\"sameAs\":[\"https:\/\/x.com\/Edmo_Belux\"]},{\"@type\":\"Person\",\"@id\":\"https:\/\/belux.edmo.eu\/#\/schema\/person\/dbe3b252258537fd318f9b5645a30342\",\"name\":\"master\",\"sameAs\":[\"https:\/\/belux.wpengine.com\"],\"url\":\"https:\/\/belux.edmo.eu\/de\/author\/master\/\"}]}<\/script>\n<!-- \/ Yoast SEO plugin. -->","yoast_head_json":{"title":"Nein, dieses Foto beweist nicht die massenhafte Entsorgung von Ukraine-Spenden - EDMO Belux","robots":{"index":"index","follow":"follow","max-snippet":"max-snippet:-1","max-image-preview":"max-image-preview:large","max-video-preview":"max-video-preview:-1"},"canonical":"https:\/\/belux.edmo.eu\/de\/nein-dieses-foto-beweist-nicht-die-massenhafte-entsorgung-von-ukraine-spenden\/","og_locale":"de_DE","og_type":"article","og_title":"Nein, dieses Foto beweist nicht die massenhafte Entsorgung von Ukraine-Spenden - EDMO Belux","og_description":"Hunderte Facebook-User haben seit Anfang M\u00e4rz einen Beitrag geteilt (hier, hier), in dem behauptet wird, dass Spenden, die f\u00fcr Menschen in der Ukraine bestimmt waren, im gro\u00dfen Stil vernichtet worden seien. Auch auf Telegram sahen Tausende die Behauptung. Ein \u00e4hnliches Posting auf Tschechisch teilten Tausende User und auch auf Englisch verbreitete sich die Behauptung.","og_url":"https:\/\/belux.edmo.eu\/de\/nein-dieses-foto-beweist-nicht-die-massenhafte-entsorgung-von-ukraine-spenden\/","og_site_name":"EDMO Belux","article_published_time":"2022-03-18T13:22:28+00:00","article_modified_time":"2022-06-30T13:12:52+00:00","og_image":[{"width":1080,"height":719,"url":"https:\/\/belux.edmo.eu\/wp-content\/uploads\/2022\/02\/aa3eb35e74555f525246d6d7640c43bd.jpeg","type":"image\/jpeg"}],"author":"master","twitter_card":"summary_large_image","twitter_creator":"@Edmo_Belux","twitter_site":"@Edmo_Belux","twitter_misc":{"Verfasst von":"master","Gesch\u00e4tzte Lesezeit":"7 Minuten"},"schema":{"@context":"https:\/\/schema.org","@graph":[{"@type":"Article","@id":"https:\/\/belux.edmo.eu\/de\/nein-dieses-foto-beweist-nicht-die-massenhafte-entsorgung-von-ukraine-spenden\/#article","isPartOf":{"@id":"https:\/\/belux.edmo.eu\/de\/nein-dieses-foto-beweist-nicht-die-massenhafte-entsorgung-von-ukraine-spenden\/"},"author":{"name":"master","@id":"https:\/\/belux.edmo.eu\/#\/schema\/person\/dbe3b252258537fd318f9b5645a30342"},"headline":"Nein, dieses Foto beweist nicht die massenhafte Entsorgung von Ukraine-Spenden","datePublished":"2022-03-18T13:22:28+00:00","dateModified":"2022-06-30T13:12:52+00:00","mainEntityOfPage":{"@id":"https:\/\/belux.edmo.eu\/de\/nein-dieses-foto-beweist-nicht-die-massenhafte-entsorgung-von-ukraine-spenden\/"},"wordCount":1456,"publisher":{"@id":"https:\/\/belux.edmo.eu\/#organization"},"image":{"@id":"https:\/\/belux.edmo.eu\/de\/nein-dieses-foto-beweist-nicht-die-massenhafte-entsorgung-von-ukraine-spenden\/#primaryimage"},"thumbnailUrl":"https:\/\/belux.edmo.eu\/wp-content\/uploads\/2022\/02\/aa3eb35e74555f525246d6d7640c43bd.jpeg","articleSection":["Fact Check","Politik","Ukraine"],"inLanguage":"de-DE"},{"@type":"WebPage","@id":"https:\/\/belux.edmo.eu\/de\/nein-dieses-foto-beweist-nicht-die-massenhafte-entsorgung-von-ukraine-spenden\/","url":"https:\/\/belux.edmo.eu\/de\/nein-dieses-foto-beweist-nicht-die-massenhafte-entsorgung-von-ukraine-spenden\/","name":"Nein, dieses Foto beweist nicht die massenhafte Entsorgung von Ukraine-Spenden - EDMO Belux","isPartOf":{"@id":"https:\/\/belux.edmo.eu\/#website"},"primaryImageOfPage":{"@id":"https:\/\/belux.edmo.eu\/de\/nein-dieses-foto-beweist-nicht-die-massenhafte-entsorgung-von-ukraine-spenden\/#primaryimage"},"image":{"@id":"https:\/\/belux.edmo.eu\/de\/nein-dieses-foto-beweist-nicht-die-massenhafte-entsorgung-von-ukraine-spenden\/#primaryimage"},"thumbnailUrl":"https:\/\/belux.edmo.eu\/wp-content\/uploads\/2022\/02\/aa3eb35e74555f525246d6d7640c43bd.jpeg","datePublished":"2022-03-18T13:22:28+00:00","dateModified":"2022-06-30T13:12:52+00:00","breadcrumb":{"@id":"https:\/\/belux.edmo.eu\/de\/nein-dieses-foto-beweist-nicht-die-massenhafte-entsorgung-von-ukraine-spenden\/#breadcrumb"},"inLanguage":"de-DE","potentialAction":[{"@type":"ReadAction","target":["https:\/\/belux.edmo.eu\/de\/nein-dieses-foto-beweist-nicht-die-massenhafte-entsorgung-von-ukraine-spenden\/"]}]},{"@type":"ImageObject","inLanguage":"de-DE","@id":"https:\/\/belux.edmo.eu\/de\/nein-dieses-foto-beweist-nicht-die-massenhafte-entsorgung-von-ukraine-spenden\/#primaryimage","url":"https:\/\/belux.edmo.eu\/wp-content\/uploads\/2022\/02\/aa3eb35e74555f525246d6d7640c43bd.jpeg","contentUrl":"https:\/\/belux.edmo.eu\/wp-content\/uploads\/2022\/02\/aa3eb35e74555f525246d6d7640c43bd.jpeg","width":1080,"height":719},{"@type":"BreadcrumbList","@id":"https:\/\/belux.edmo.eu\/de\/nein-dieses-foto-beweist-nicht-die-massenhafte-entsorgung-von-ukraine-spenden\/#breadcrumb","itemListElement":[{"@type":"ListItem","position":1,"name":"Home","item":"https:\/\/belux.edmo.eu\/de\/"},{"@type":"ListItem","position":2,"name":"Nein, dieses Foto beweist nicht die massenhafte Entsorgung von Ukraine-Spenden"}]},{"@type":"WebSite","@id":"https:\/\/belux.edmo.eu\/#website","url":"https:\/\/belux.edmo.eu\/","name":"EDMO Belux","description":"Monitoring Disinformation in Belgium and Luxembourg","publisher":{"@id":"https:\/\/belux.edmo.eu\/#organization"},"potentialAction":[{"@type":"SearchAction","target":{"@type":"EntryPoint","urlTemplate":"https:\/\/belux.edmo.eu\/?s={search_term_string}"},"query-input":{"@type":"PropertyValueSpecification","valueRequired":true,"valueName":"search_term_string"}}],"inLanguage":"de-DE"},{"@type":"Organization","@id":"https:\/\/belux.edmo.eu\/#organization","name":"EDMO Belux","url":"https:\/\/belux.edmo.eu\/","logo":{"@type":"ImageObject","inLanguage":"de-DE","@id":"https:\/\/belux.edmo.eu\/#\/schema\/logo\/image\/","url":"https:\/\/belux.edmo.eu\/wp-content\/uploads\/2021\/12\/belux-logo-full-color-rgb.svg","contentUrl":"https:\/\/belux.edmo.eu\/wp-content\/uploads\/2021\/12\/belux-logo-full-color-rgb.svg","width":1,"height":1,"caption":"EDMO Belux"},"image":{"@id":"https:\/\/belux.edmo.eu\/#\/schema\/logo\/image\/"},"sameAs":["https:\/\/x.com\/Edmo_Belux"]},{"@type":"Person","@id":"https:\/\/belux.edmo.eu\/#\/schema\/person\/dbe3b252258537fd318f9b5645a30342","name":"master","sameAs":["https:\/\/belux.wpengine.com"],"url":"https:\/\/belux.edmo.eu\/de\/author\/master\/"}]}},"menu_order":0,"_links":{"self":[{"href":"https:\/\/belux.edmo.eu\/de\/wp-json\/wp\/v2\/posts\/22128","targetHints":{"allow":["GET"]}}],"collection":[{"href":"https:\/\/belux.edmo.eu\/de\/wp-json\/wp\/v2\/posts"}],"about":[{"href":"https:\/\/belux.edmo.eu\/de\/wp-json\/wp\/v2\/types\/post"}],"author":[{"embeddable":true,"href":"https:\/\/belux.edmo.eu\/de\/wp-json\/wp\/v2\/users\/1"}],"replies":[{"embeddable":true,"href":"https:\/\/belux.edmo.eu\/de\/wp-json\/wp\/v2\/comments?post=22128"}],"version-history":[{"count":0,"href":"https:\/\/belux.edmo.eu\/de\/wp-json\/wp\/v2\/posts\/22128\/revisions"}],"wp:featuredmedia":[{"embeddable":true,"href":"https:\/\/belux.edmo.eu\/de\/wp-json\/wp\/v2\/media\/53606"}],"wp:attachment":[{"href":"https:\/\/belux.edmo.eu\/de\/wp-json\/wp\/v2\/media?parent=22128"}],"wp:term":[{"taxonomy":"category","embeddable":true,"href":"https:\/\/belux.edmo.eu\/de\/wp-json\/wp\/v2\/categories?post=22128"},{"taxonomy":"post_tag","embeddable":true,"href":"https:\/\/belux.edmo.eu\/de\/wp-json\/wp\/v2\/tags?post=22128"}],"curies":[{"name":"wp","href":"https:\/\/api.w.org\/{rel}","templated":true}]}}