{"id":22791,"date":"2022-03-24T11:15:25","date_gmt":"2022-03-24T11:15:25","guid":{"rendered":"https:\/\/belux.wpengine.com\/?p=22791"},"modified":"2022-06-30T13:45:08","modified_gmt":"2022-06-30T13:45:08","slug":"nein-ukrainische-flchtlinge-haben-keinen-russischsprachigen-teenager-zu-tode-geprgelt","status":"publish","type":"post","link":"https:\/\/belux.edmo.eu\/de\/nein-ukrainische-flchtlinge-haben-keinen-russischsprachigen-teenager-zu-tode-geprgelt\/","title":{"rendered":"Nein, ukrainische Fl\u00fcchtlinge haben keinen russischsprachigen Teenager zu Tode gepr\u00fcgelt"},"content":{"rendered":"<p><b>Nutzerinnen und Nutzer haben Ende M\u00e4rz in sozialen Netzwerken die Behauptung geteilt, wonach ein &#8222;Mob ukrainischer Fl\u00fcchtlinge&#8220; einen 16-j\u00e4hrigen Jungen in Euskirchen in Nordrhein-Westfalen get\u00f6tet haben soll. Die Urheberin der Behauptung hat sich mittlerweile f\u00fcr die Falschinformation entschuldigt. Die Polizei dementierte die angebliche Tat ebenfalls, einen gewaltt\u00e4tigen \u00dcbergriff oder gar Todesfall habe es nicht gegeben. Der Stadt Euskirchen, genauso wenig wie einem Verein Russlanddeutscher ist kein solcher Vorfall bekannt. <\/b><\/p>\n<p>Rund eineinhalb Minuten ist das Video lang, in dem sich eine Frau an die russischsprachige Gemeinschaft in Deutschland wendet, um die Schilderung einer Freundin zu verbreiten. Auf Russisch erz\u00e4hlt sie, dass ein 16-j\u00e4hriger Junge namens Daniel in Euskirchen bei K\u00f6ln von einer Menge ukrainischer Fl\u00fcchtlinge so stark verpr\u00fcgelt worden sei, dass er ins Koma fiel und schlie\u00dflich starb. Hunderttausende sahen die Behauptung auf <a href=\"https:\/\/perma.cc\/NQT2-GGJL?type=image\" target=\"_blank\" rel=\"noopener\" shape=\"rect\">Telegram<\/a>, Dutzende User verbreiteten sie auf <a href=\"https:\/\/perma.cc\/DK7C-3DEM\" target=\"_blank\" rel=\"noopener\" shape=\"rect\">Facebook<\/a>.<\/p>\n<p><strong>Die Behauptung:<\/strong> &#8222;In der deutschen Stadt Euskirchen bei K\u00f6ln hat ein Mob ukrainischer Fl\u00fcchtlinge einen 16-j\u00e4hrigen Freiwilligen zu Tode gepr\u00fcgelt, der in einem Fl\u00fcchtlingsheim aushalf. Der Junge hat sich &#8217;schuldig&#8216; gemacht, Russisch zu sprechen&#8220;, fassen die Postings die Erz\u00e4hlung zusammen. &#8222;Ich f\u00fcrchte, das ist nur der Anfang&#8220;, endet das Posting.<\/p>\n<div id=\"wysiwyg\" class=\"ww-item image\"><img class=\"lazyload blur-up\" src=\"https:\/\/belux.wpengine.com\/wp-content\/uploads\/2022\/03\/2022032213-196d1dffcc484d5b0994222f085c3b07.jpeg\" data-original=\"\" \/><span class=\"legend\">Facebook-Screenshot der Behauptung: 21.03.2022<\/span><\/div>\n<p>Seit dem russischen Angriff auf die Ukraine Ende Februar befinden sich mehr als <a href=\"https:\/\/perma.cc\/3BLR-KESD\" target=\"_blank\" rel=\"noopener\" shape=\"rect\">3,4 Millionen Menschen<\/a> aus der Ukraine auf der Flucht in andere L\u00e4nder, zus\u00e4tzlich zu <a href=\"https:\/\/perma.cc\/FYV7-M74B?type=image\" target=\"_blank\" rel=\"noopener\" shape=\"rect\">Vertriebenen innerhalb<\/a> der Ukraine. In sozialen Netzwerken verbreitet sich seither eine Vielzahl falscher oder irref\u00fchrender Behauptungen zum Krieg in der Ukraine. AFP sammelt Faktenchecks im Kontext des Kriegs in der Ukraine <a href=\"https:\/\/faktencheck.afp.com\/list\/all\/all\/39405\/all\/tid-39405\" target=\"_blank\" rel=\"noopener\" shape=\"rect\">hier<\/a>.<\/p>\n<p><b>Dementis von mehreren Seiten<\/b><\/p>\n<p>Auf das aktuell verbreitete Video reagierte die zust\u00e4ndige Polizei in Bonn am 20. M\u00e4rz 2022 mit einer <a href=\"https:\/\/bonn.polizei.nrw\/presse\/polizei-bonn-warnt-vor-fake-meldung-in-den-sozialen-medien\" target=\"_blank\" rel=\"noopener\" shape=\"rect\">Pressemitteilung<\/a> sowie mit Hinweisen auf <a href=\"https:\/\/archive.ph\/bHpIV\" target=\"_blank\" rel=\"noopener\" shape=\"rect\">Facebook<\/a> und <a href=\"https:\/\/perma.cc\/KM7P-CZR3\" target=\"_blank\" rel=\"noopener\" shape=\"rect\">Twitter<\/a>. Darin hei\u00dft es: &#8222;Der f\u00fcr Kapitalverbrechen im Bereich Euskirchen zust\u00e4ndigen Polizei Bonn liegen keinerlei Informationen \u00fcber einen solchen gewaltt\u00e4tigen \u00dcbergriff oder gar \u00fcber einen Todesfall vor.&#8220;<\/p>\n<div class=\"g2web\" style=\"text-align: center;\"><iframe style=\"border: none; overflow: hidden;\" src=\"https:\/\/www.facebook.com\/plugins\/post.php?href=https%3A%2F%2Fwww.facebook.com%2FPolizei.NRW.BN%2Fphotos%2Fa.763832616967780%2F7524665110884463%2F%3Ftype%3D3&amp;show_text=true&amp;width=500\" width=\"500\" height=\"585\" frameborder=\"0\" scrolling=\"no\" allowfullscreen=\"allowfullscreen\" data-mce-fragment=\"1\"><\/iframe><\/div>\n<p>Auf AFP-Anfrage best\u00e4tigte Frank Piontek von der Polizei Bonn am 21. M\u00e4rz telefonisch, dass auch keine \u00e4hnlichen Vorf\u00e4lle bekannt seien. Auch das <a href=\"https:\/\/perma.cc\/KK66-UVBA\" target=\"_blank\" rel=\"noopener\" shape=\"rect\">Innenministerium<\/a> warnte auf Twitter vor der kursierenden Falschinformation: &#8222;Eine solche Tat ist uns nicht bekannt.&#8220;<\/p>\n<p>AFP hat au\u00dferdem bei der Stadt Euskirchen nachgefragt. Sprecherin Silke Winter schrieb am 21. M\u00e4rz: &#8222;Von einem solchen Vorfall ist mir nichts bekannt, auch nicht von \u00e4hnlichen Vorf\u00e4llen.&#8220;<\/p>\n<p>Die &#8222;<a href=\"https:\/\/nrw.lmdr.de\/landesgruppe-nrw\" target=\"_blank\" rel=\"noopener\" shape=\"rect\">Landsmannschaft der Deutschen aus Russland<\/a>&#8220; ist ein Verein, der sich f\u00fcr die Interessen von Russlanddeutschen in Deutschland einsetzt. Der Vorsitzende der nordrhein-westf\u00e4lischen Landesgruppe, Dietmar Schulmeister, kannte das aktuell verbreitete Video bereits. In einem Telefonat mit AFP am 21. M\u00e4rz erkl\u00e4rte er: &#8222;Das ist einer von vielen F\u00e4llen, wo versucht wird, Einfluss auf die russlanddeutsche und russischsprachige Gemeinschaft zu nehmen.&#8220; Den geschilderten Vorfall habe es aber nicht gegeben. <a href=\"https:\/\/www.tagesschau.de\/investigativ\/report-mainz\/ukraine-russland-auswirkungen-101.html\" target=\"_blank\" rel=\"noopener\" shape=\"rect\">\u00dcbergriffe<\/a> auf russischsprachige oder auch nur vermeintlich Russisch sprechende Menschen habe es in den letzten Wochen aber tats\u00e4chlich gegeben.<\/p>\n<p><b>Urheberin stellt richtig<\/b><\/p>\n<p>Nicht nur offizielle Stellen wiesen die Behauptung als unbelegt zur\u00fcck, auch die Urheberin des geteilten Videos selbst hat sich mittlerweile in einer zweiten Aufnahme zu Wort ge\u00e4u\u00dfert. In einem weiteren <a href=\"https:\/\/archive.ph\/bS6EI\" target=\"_blank\" rel=\"noopener\" shape=\"rect\">Video<\/a> entschuldigte sie sich f\u00fcr das Verbreiten der Falschinformation: &#8222;Ich m\u00f6chte mich bei allen, die mein Video gesehen haben, daf\u00fcr entschuldigen, dass es sich als falsch herausgestellt hat.&#8220; Und weiter: &#8222;Ich habe es selbst einfach geglaubt, so von Herzen geglaubt, dass ich keine Fakten gebraucht habe, keine Fotos, keine Best\u00e4tigungen, verstehen Sie. Ich m\u00f6chte, dass ihr nicht auch solche Fehler macht wie ich.&#8220;<\/p>\n<p>Auch zahlreiche lokale und \u00fcberregionale Medien berichteten \u00fcber die Falschinformation (<a href=\"https:\/\/www.ruhrnachrichten.de\/regionales\/ukrainer-pruegeln-jugendlichen-in-nrw-zu-tode-polizei-warnt-vor-fake-video-w1737591-2000483586\/\" target=\"_blank\" rel=\"noopener\" shape=\"rect\">hier<\/a>, <a href=\"https:\/\/www.tagesspiegel.de\/politik\/staatsschutz-in-bonn-ermittelt-polizei-warnt-vor-fake-videos-zu-angeblichem-verbrechen-durch-ukrainer\/28182842.html\" target=\"_blank\" rel=\"noopener\" shape=\"rect\">hier<\/a>, <a href=\"https:\/\/www.faz.net\/aktuell\/feuilleton\/medien\/russe-von-ukrainer-getoetet-polizei-warnt-vor-fake-video-17894001.html\" target=\"_blank\" rel=\"noopener\" shape=\"rect\">hier<\/a>).<\/p>\n<p><strong>Fazit: <\/strong>F\u00fcr das angebliche Verbrechen ukrainischer Fl\u00fcchtenden in Euskirchen gibt es keine Belege. Der Polizei Bonn liegen keine Informationen zu einem gewaltt\u00e4tigen \u00dcbergriff oder gar Todesfall vor. Die Urheberin der Behauptung entschuldigte sich mittlerweile f\u00fcr die Verbreitung der Falschinformation.<\/p>\n","protected":false},"excerpt":{"rendered":"<p>Rund eineinhalb Minuten ist das Video lang, in dem sich eine Frau an die russischsprachige Gemeinschaft in Deutschland wendet, um die Schilderung einer Freundin zu verbreiten. Auf Russisch erz\u00e4hlt sie, dass ein 16-j\u00e4hriger Junge namens Daniel in Euskirchen bei K\u00f6ln von einer Menge ukrainischer Fl\u00fcchtlinge so stark verpr\u00fcgelt worden sei, dass er ins Koma fiel und schlie\u00dflich starb. Hunderttausende sahen die Behauptung auf Telegram, Dutzende User verbreiteten sie auf Facebook.<\/p>\n","protected":false},"author":1,"featured_media":53697,"comment_status":"closed","ping_status":"open","sticky":false,"template":"","format":"standard","meta":{"_acf_changed":false,"footnotes":""},"categories":[127,215],"tags":[],"class_list":{"0":"post-22791","1":"post","2":"type-post","3":"status-publish","4":"format-standard","5":"has-post-thumbnail","7":"category-fact-check-de","8":"category-ukraine-de"},"acf":{"show_metatags":true,"id":"50798","authors":"Eva Wackenreuther, AFP \u00d6sterreich","organization":"AFP","featured_image_copyright":"","text_copyright":"\u00a9 AGENCE FRANCE-PRESSE | 2022 | Alle Rechte vorbehalten. Jede Nutzung von AFP-Inhalten auf dieser Website unterliegt den Nutzungsbedingungen auf <a href='https:\/\/www.afp.com\/en\/terms-use' target='_blank'>CGU<\/a>. Durch den Zugriff auf die auf dieser Website verf\u00fcgbaren AFP-Inhalte und\/oder deren Nutzung erkl\u00e4ren Sie sich mit den oben genannten Nutzungsbedingungen einverstanden. Jede Nutzung von AFP-Inhalten erfolgt unter Ihrer alleinigen und vollen Verantwortung.","source":"https:\/\/faktencheck.afp.com\/doc.afp.com.326N3WT","fact_checker":"https:\/\/belux.wpengine.com\/wp-content\/uploads\/2021\/12\/afp_logo.png","fact_checker_logo_image":false,"type":"Closed Event","location":"","start_date":"","start_date_event_begins_at":"","start_date_event_ends_at":"","end_date":"","end_date_event_begins_at":"","end_date_event_ends_at":"","organizer":""},"yoast_head":"<!-- This site is optimized with the Yoast SEO plugin v27.0 - https:\/\/yoast.com\/product\/yoast-seo-wordpress\/ -->\n<title>Nein, ukrainische Fl\u00fcchtlinge haben keinen russischsprachigen Teenager zu Tode gepr\u00fcgelt - EDMO Belux<\/title>\n<meta name=\"robots\" content=\"index, follow, max-snippet:-1, max-image-preview:large, max-video-preview:-1\" \/>\n<link rel=\"canonical\" href=\"https:\/\/belux.edmo.eu\/de\/nein-ukrainische-flchtlinge-haben-keinen-russischsprachigen-teenager-zu-tode-geprgelt\/\" \/>\n<meta property=\"og:locale\" content=\"de_DE\" \/>\n<meta property=\"og:type\" content=\"article\" \/>\n<meta property=\"og:title\" content=\"Nein, ukrainische Fl\u00fcchtlinge haben keinen russischsprachigen Teenager zu Tode gepr\u00fcgelt - EDMO Belux\" \/>\n<meta property=\"og:description\" content=\"Rund eineinhalb Minuten ist das Video lang, in dem sich eine Frau an die russischsprachige Gemeinschaft in Deutschland wendet, um die Schilderung einer Freundin zu verbreiten. Auf Russisch erz\u00e4hlt sie, dass ein 16-j\u00e4hriger Junge namens Daniel in Euskirchen bei K\u00f6ln von einer Menge ukrainischer Fl\u00fcchtlinge so stark verpr\u00fcgelt worden sei, dass er ins Koma fiel und schlie\u00dflich starb. Hunderttausende sahen die Behauptung auf Telegram, Dutzende User verbreiteten sie auf Facebook.\" \/>\n<meta property=\"og:url\" content=\"https:\/\/belux.edmo.eu\/de\/nein-ukrainische-flchtlinge-haben-keinen-russischsprachigen-teenager-zu-tode-geprgelt\/\" \/>\n<meta property=\"og:site_name\" content=\"EDMO Belux\" \/>\n<meta property=\"article:published_time\" content=\"2022-03-24T11:15:25+00:00\" \/>\n<meta property=\"article:modified_time\" content=\"2022-06-30T13:45:08+00:00\" \/>\n<meta property=\"og:image\" content=\"https:\/\/belux.edmo.eu\/wp-content\/uploads\/2022\/05\/e7753fcb0c654f85c30264b221c948ed.jpeg\" \/>\n\t<meta property=\"og:image:width\" content=\"1080\" \/>\n\t<meta property=\"og:image:height\" content=\"540\" \/>\n\t<meta property=\"og:image:type\" content=\"image\/jpeg\" \/>\n<meta name=\"author\" content=\"master\" \/>\n<meta name=\"twitter:card\" content=\"summary_large_image\" \/>\n<meta name=\"twitter:creator\" content=\"@Edmo_Belux\" \/>\n<meta name=\"twitter:site\" content=\"@Edmo_Belux\" \/>\n<meta name=\"twitter:label1\" content=\"Verfasst von\" \/>\n\t<meta name=\"twitter:data1\" content=\"master\" \/>\n\t<meta name=\"twitter:label2\" content=\"Gesch\u00e4tzte Lesezeit\" \/>\n\t<meta name=\"twitter:data2\" content=\"3 Minuten\" \/>\n<script type=\"application\/ld+json\" class=\"yoast-schema-graph\">{\"@context\":\"https:\/\/schema.org\",\"@graph\":[{\"@type\":\"Article\",\"@id\":\"https:\/\/belux.edmo.eu\/de\/nein-ukrainische-flchtlinge-haben-keinen-russischsprachigen-teenager-zu-tode-geprgelt\/#article\",\"isPartOf\":{\"@id\":\"https:\/\/belux.edmo.eu\/de\/nein-ukrainische-flchtlinge-haben-keinen-russischsprachigen-teenager-zu-tode-geprgelt\/\"},\"author\":{\"name\":\"master\",\"@id\":\"https:\/\/belux.edmo.eu\/#\/schema\/person\/dbe3b252258537fd318f9b5645a30342\"},\"headline\":\"Nein, ukrainische Fl\u00fcchtlinge haben keinen russischsprachigen Teenager zu Tode gepr\u00fcgelt\",\"datePublished\":\"2022-03-24T11:15:25+00:00\",\"dateModified\":\"2022-06-30T13:45:08+00:00\",\"mainEntityOfPage\":{\"@id\":\"https:\/\/belux.edmo.eu\/de\/nein-ukrainische-flchtlinge-haben-keinen-russischsprachigen-teenager-zu-tode-geprgelt\/\"},\"wordCount\":664,\"publisher\":{\"@id\":\"https:\/\/belux.edmo.eu\/#organization\"},\"image\":{\"@id\":\"https:\/\/belux.edmo.eu\/de\/nein-ukrainische-flchtlinge-haben-keinen-russischsprachigen-teenager-zu-tode-geprgelt\/#primaryimage\"},\"thumbnailUrl\":\"https:\/\/belux.edmo.eu\/wp-content\/uploads\/2022\/05\/e7753fcb0c654f85c30264b221c948ed.jpeg\",\"articleSection\":[\"Fact Check\",\"Ukraine\"],\"inLanguage\":\"de-DE\"},{\"@type\":\"WebPage\",\"@id\":\"https:\/\/belux.edmo.eu\/de\/nein-ukrainische-flchtlinge-haben-keinen-russischsprachigen-teenager-zu-tode-geprgelt\/\",\"url\":\"https:\/\/belux.edmo.eu\/de\/nein-ukrainische-flchtlinge-haben-keinen-russischsprachigen-teenager-zu-tode-geprgelt\/\",\"name\":\"Nein, ukrainische Fl\u00fcchtlinge haben keinen russischsprachigen Teenager zu Tode gepr\u00fcgelt - EDMO Belux\",\"isPartOf\":{\"@id\":\"https:\/\/belux.edmo.eu\/#website\"},\"primaryImageOfPage\":{\"@id\":\"https:\/\/belux.edmo.eu\/de\/nein-ukrainische-flchtlinge-haben-keinen-russischsprachigen-teenager-zu-tode-geprgelt\/#primaryimage\"},\"image\":{\"@id\":\"https:\/\/belux.edmo.eu\/de\/nein-ukrainische-flchtlinge-haben-keinen-russischsprachigen-teenager-zu-tode-geprgelt\/#primaryimage\"},\"thumbnailUrl\":\"https:\/\/belux.edmo.eu\/wp-content\/uploads\/2022\/05\/e7753fcb0c654f85c30264b221c948ed.jpeg\",\"datePublished\":\"2022-03-24T11:15:25+00:00\",\"dateModified\":\"2022-06-30T13:45:08+00:00\",\"breadcrumb\":{\"@id\":\"https:\/\/belux.edmo.eu\/de\/nein-ukrainische-flchtlinge-haben-keinen-russischsprachigen-teenager-zu-tode-geprgelt\/#breadcrumb\"},\"inLanguage\":\"de-DE\",\"potentialAction\":[{\"@type\":\"ReadAction\",\"target\":[\"https:\/\/belux.edmo.eu\/de\/nein-ukrainische-flchtlinge-haben-keinen-russischsprachigen-teenager-zu-tode-geprgelt\/\"]}]},{\"@type\":\"ImageObject\",\"inLanguage\":\"de-DE\",\"@id\":\"https:\/\/belux.edmo.eu\/de\/nein-ukrainische-flchtlinge-haben-keinen-russischsprachigen-teenager-zu-tode-geprgelt\/#primaryimage\",\"url\":\"https:\/\/belux.edmo.eu\/wp-content\/uploads\/2022\/05\/e7753fcb0c654f85c30264b221c948ed.jpeg\",\"contentUrl\":\"https:\/\/belux.edmo.eu\/wp-content\/uploads\/2022\/05\/e7753fcb0c654f85c30264b221c948ed.jpeg\",\"width\":1080,\"height\":540},{\"@type\":\"BreadcrumbList\",\"@id\":\"https:\/\/belux.edmo.eu\/de\/nein-ukrainische-flchtlinge-haben-keinen-russischsprachigen-teenager-zu-tode-geprgelt\/#breadcrumb\",\"itemListElement\":[{\"@type\":\"ListItem\",\"position\":1,\"name\":\"Home\",\"item\":\"https:\/\/belux.edmo.eu\/de\/\"},{\"@type\":\"ListItem\",\"position\":2,\"name\":\"Nein, ukrainische Fl\u00fcchtlinge haben keinen russischsprachigen Teenager zu Tode gepr\u00fcgelt\"}]},{\"@type\":\"WebSite\",\"@id\":\"https:\/\/belux.edmo.eu\/#website\",\"url\":\"https:\/\/belux.edmo.eu\/\",\"name\":\"EDMO Belux\",\"description\":\"Monitoring Disinformation in Belgium and Luxembourg\",\"publisher\":{\"@id\":\"https:\/\/belux.edmo.eu\/#organization\"},\"potentialAction\":[{\"@type\":\"SearchAction\",\"target\":{\"@type\":\"EntryPoint\",\"urlTemplate\":\"https:\/\/belux.edmo.eu\/?s={search_term_string}\"},\"query-input\":{\"@type\":\"PropertyValueSpecification\",\"valueRequired\":true,\"valueName\":\"search_term_string\"}}],\"inLanguage\":\"de-DE\"},{\"@type\":\"Organization\",\"@id\":\"https:\/\/belux.edmo.eu\/#organization\",\"name\":\"EDMO Belux\",\"url\":\"https:\/\/belux.edmo.eu\/\",\"logo\":{\"@type\":\"ImageObject\",\"inLanguage\":\"de-DE\",\"@id\":\"https:\/\/belux.edmo.eu\/#\/schema\/logo\/image\/\",\"url\":\"https:\/\/belux.edmo.eu\/wp-content\/uploads\/2021\/12\/belux-logo-full-color-rgb.svg\",\"contentUrl\":\"https:\/\/belux.edmo.eu\/wp-content\/uploads\/2021\/12\/belux-logo-full-color-rgb.svg\",\"width\":1,\"height\":1,\"caption\":\"EDMO Belux\"},\"image\":{\"@id\":\"https:\/\/belux.edmo.eu\/#\/schema\/logo\/image\/\"},\"sameAs\":[\"https:\/\/x.com\/Edmo_Belux\"]},{\"@type\":\"Person\",\"@id\":\"https:\/\/belux.edmo.eu\/#\/schema\/person\/dbe3b252258537fd318f9b5645a30342\",\"name\":\"master\",\"sameAs\":[\"https:\/\/belux.wpengine.com\"],\"url\":\"https:\/\/belux.edmo.eu\/de\/author\/master\/\"}]}<\/script>\n<!-- \/ Yoast SEO plugin. -->","yoast_head_json":{"title":"Nein, ukrainische Fl\u00fcchtlinge haben keinen russischsprachigen Teenager zu Tode gepr\u00fcgelt - EDMO Belux","robots":{"index":"index","follow":"follow","max-snippet":"max-snippet:-1","max-image-preview":"max-image-preview:large","max-video-preview":"max-video-preview:-1"},"canonical":"https:\/\/belux.edmo.eu\/de\/nein-ukrainische-flchtlinge-haben-keinen-russischsprachigen-teenager-zu-tode-geprgelt\/","og_locale":"de_DE","og_type":"article","og_title":"Nein, ukrainische Fl\u00fcchtlinge haben keinen russischsprachigen Teenager zu Tode gepr\u00fcgelt - EDMO Belux","og_description":"Rund eineinhalb Minuten ist das Video lang, in dem sich eine Frau an die russischsprachige Gemeinschaft in Deutschland wendet, um die Schilderung einer Freundin zu verbreiten. Auf Russisch erz\u00e4hlt sie, dass ein 16-j\u00e4hriger Junge namens Daniel in Euskirchen bei K\u00f6ln von einer Menge ukrainischer Fl\u00fcchtlinge so stark verpr\u00fcgelt worden sei, dass er ins Koma fiel und schlie\u00dflich starb. Hunderttausende sahen die Behauptung auf Telegram, Dutzende User verbreiteten sie auf Facebook.","og_url":"https:\/\/belux.edmo.eu\/de\/nein-ukrainische-flchtlinge-haben-keinen-russischsprachigen-teenager-zu-tode-geprgelt\/","og_site_name":"EDMO Belux","article_published_time":"2022-03-24T11:15:25+00:00","article_modified_time":"2022-06-30T13:45:08+00:00","og_image":[{"width":1080,"height":540,"url":"https:\/\/belux.edmo.eu\/wp-content\/uploads\/2022\/05\/e7753fcb0c654f85c30264b221c948ed.jpeg","type":"image\/jpeg"}],"author":"master","twitter_card":"summary_large_image","twitter_creator":"@Edmo_Belux","twitter_site":"@Edmo_Belux","twitter_misc":{"Verfasst von":"master","Gesch\u00e4tzte Lesezeit":"3 Minuten"},"schema":{"@context":"https:\/\/schema.org","@graph":[{"@type":"Article","@id":"https:\/\/belux.edmo.eu\/de\/nein-ukrainische-flchtlinge-haben-keinen-russischsprachigen-teenager-zu-tode-geprgelt\/#article","isPartOf":{"@id":"https:\/\/belux.edmo.eu\/de\/nein-ukrainische-flchtlinge-haben-keinen-russischsprachigen-teenager-zu-tode-geprgelt\/"},"author":{"name":"master","@id":"https:\/\/belux.edmo.eu\/#\/schema\/person\/dbe3b252258537fd318f9b5645a30342"},"headline":"Nein, ukrainische Fl\u00fcchtlinge haben keinen russischsprachigen Teenager zu Tode gepr\u00fcgelt","datePublished":"2022-03-24T11:15:25+00:00","dateModified":"2022-06-30T13:45:08+00:00","mainEntityOfPage":{"@id":"https:\/\/belux.edmo.eu\/de\/nein-ukrainische-flchtlinge-haben-keinen-russischsprachigen-teenager-zu-tode-geprgelt\/"},"wordCount":664,"publisher":{"@id":"https:\/\/belux.edmo.eu\/#organization"},"image":{"@id":"https:\/\/belux.edmo.eu\/de\/nein-ukrainische-flchtlinge-haben-keinen-russischsprachigen-teenager-zu-tode-geprgelt\/#primaryimage"},"thumbnailUrl":"https:\/\/belux.edmo.eu\/wp-content\/uploads\/2022\/05\/e7753fcb0c654f85c30264b221c948ed.jpeg","articleSection":["Fact Check","Ukraine"],"inLanguage":"de-DE"},{"@type":"WebPage","@id":"https:\/\/belux.edmo.eu\/de\/nein-ukrainische-flchtlinge-haben-keinen-russischsprachigen-teenager-zu-tode-geprgelt\/","url":"https:\/\/belux.edmo.eu\/de\/nein-ukrainische-flchtlinge-haben-keinen-russischsprachigen-teenager-zu-tode-geprgelt\/","name":"Nein, ukrainische Fl\u00fcchtlinge haben keinen russischsprachigen Teenager zu Tode gepr\u00fcgelt - EDMO Belux","isPartOf":{"@id":"https:\/\/belux.edmo.eu\/#website"},"primaryImageOfPage":{"@id":"https:\/\/belux.edmo.eu\/de\/nein-ukrainische-flchtlinge-haben-keinen-russischsprachigen-teenager-zu-tode-geprgelt\/#primaryimage"},"image":{"@id":"https:\/\/belux.edmo.eu\/de\/nein-ukrainische-flchtlinge-haben-keinen-russischsprachigen-teenager-zu-tode-geprgelt\/#primaryimage"},"thumbnailUrl":"https:\/\/belux.edmo.eu\/wp-content\/uploads\/2022\/05\/e7753fcb0c654f85c30264b221c948ed.jpeg","datePublished":"2022-03-24T11:15:25+00:00","dateModified":"2022-06-30T13:45:08+00:00","breadcrumb":{"@id":"https:\/\/belux.edmo.eu\/de\/nein-ukrainische-flchtlinge-haben-keinen-russischsprachigen-teenager-zu-tode-geprgelt\/#breadcrumb"},"inLanguage":"de-DE","potentialAction":[{"@type":"ReadAction","target":["https:\/\/belux.edmo.eu\/de\/nein-ukrainische-flchtlinge-haben-keinen-russischsprachigen-teenager-zu-tode-geprgelt\/"]}]},{"@type":"ImageObject","inLanguage":"de-DE","@id":"https:\/\/belux.edmo.eu\/de\/nein-ukrainische-flchtlinge-haben-keinen-russischsprachigen-teenager-zu-tode-geprgelt\/#primaryimage","url":"https:\/\/belux.edmo.eu\/wp-content\/uploads\/2022\/05\/e7753fcb0c654f85c30264b221c948ed.jpeg","contentUrl":"https:\/\/belux.edmo.eu\/wp-content\/uploads\/2022\/05\/e7753fcb0c654f85c30264b221c948ed.jpeg","width":1080,"height":540},{"@type":"BreadcrumbList","@id":"https:\/\/belux.edmo.eu\/de\/nein-ukrainische-flchtlinge-haben-keinen-russischsprachigen-teenager-zu-tode-geprgelt\/#breadcrumb","itemListElement":[{"@type":"ListItem","position":1,"name":"Home","item":"https:\/\/belux.edmo.eu\/de\/"},{"@type":"ListItem","position":2,"name":"Nein, ukrainische Fl\u00fcchtlinge haben keinen russischsprachigen Teenager zu Tode gepr\u00fcgelt"}]},{"@type":"WebSite","@id":"https:\/\/belux.edmo.eu\/#website","url":"https:\/\/belux.edmo.eu\/","name":"EDMO Belux","description":"Monitoring Disinformation in Belgium and Luxembourg","publisher":{"@id":"https:\/\/belux.edmo.eu\/#organization"},"potentialAction":[{"@type":"SearchAction","target":{"@type":"EntryPoint","urlTemplate":"https:\/\/belux.edmo.eu\/?s={search_term_string}"},"query-input":{"@type":"PropertyValueSpecification","valueRequired":true,"valueName":"search_term_string"}}],"inLanguage":"de-DE"},{"@type":"Organization","@id":"https:\/\/belux.edmo.eu\/#organization","name":"EDMO Belux","url":"https:\/\/belux.edmo.eu\/","logo":{"@type":"ImageObject","inLanguage":"de-DE","@id":"https:\/\/belux.edmo.eu\/#\/schema\/logo\/image\/","url":"https:\/\/belux.edmo.eu\/wp-content\/uploads\/2021\/12\/belux-logo-full-color-rgb.svg","contentUrl":"https:\/\/belux.edmo.eu\/wp-content\/uploads\/2021\/12\/belux-logo-full-color-rgb.svg","width":1,"height":1,"caption":"EDMO Belux"},"image":{"@id":"https:\/\/belux.edmo.eu\/#\/schema\/logo\/image\/"},"sameAs":["https:\/\/x.com\/Edmo_Belux"]},{"@type":"Person","@id":"https:\/\/belux.edmo.eu\/#\/schema\/person\/dbe3b252258537fd318f9b5645a30342","name":"master","sameAs":["https:\/\/belux.wpengine.com"],"url":"https:\/\/belux.edmo.eu\/de\/author\/master\/"}]}},"menu_order":0,"_links":{"self":[{"href":"https:\/\/belux.edmo.eu\/de\/wp-json\/wp\/v2\/posts\/22791","targetHints":{"allow":["GET"]}}],"collection":[{"href":"https:\/\/belux.edmo.eu\/de\/wp-json\/wp\/v2\/posts"}],"about":[{"href":"https:\/\/belux.edmo.eu\/de\/wp-json\/wp\/v2\/types\/post"}],"author":[{"embeddable":true,"href":"https:\/\/belux.edmo.eu\/de\/wp-json\/wp\/v2\/users\/1"}],"replies":[{"embeddable":true,"href":"https:\/\/belux.edmo.eu\/de\/wp-json\/wp\/v2\/comments?post=22791"}],"version-history":[{"count":0,"href":"https:\/\/belux.edmo.eu\/de\/wp-json\/wp\/v2\/posts\/22791\/revisions"}],"wp:featuredmedia":[{"embeddable":true,"href":"https:\/\/belux.edmo.eu\/de\/wp-json\/wp\/v2\/media\/53697"}],"wp:attachment":[{"href":"https:\/\/belux.edmo.eu\/de\/wp-json\/wp\/v2\/media?parent=22791"}],"wp:term":[{"taxonomy":"category","embeddable":true,"href":"https:\/\/belux.edmo.eu\/de\/wp-json\/wp\/v2\/categories?post=22791"},{"taxonomy":"post_tag","embeddable":true,"href":"https:\/\/belux.edmo.eu\/de\/wp-json\/wp\/v2\/tags?post=22791"}],"curies":[{"name":"wp","href":"https:\/\/api.w.org\/{rel}","templated":true}]}}