{"id":238322,"date":"2023-02-10T10:06:52","date_gmt":"2023-02-10T10:06:52","guid":{"rendered":"https:\/\/belux.edmo.eu\/?p=238322"},"modified":"2023-02-10T11:08:38","modified_gmt":"2023-02-10T11:08:38","slug":"dieses-video-zeigt-eine-explosion-in-der-libanesischen-hauptstadt-beirut-im-jahr-2020","status":"publish","type":"post","link":"https:\/\/belux.edmo.eu\/de\/dieses-video-zeigt-eine-explosion-in-der-libanesischen-hauptstadt-beirut-im-jahr-2020\/","title":{"rendered":"Dieses Video zeigt eine Explosion in der libanesischen Hauptstadt Beirut im Jahr 2020"},"content":{"rendered":"<p><b>Anfang Februar 2023 ersch\u00fctterte eines der verheerendsten Erdbeben seit Jahrzehnten das Grenzgebiet zwischen Syrien und der T\u00fcrkei. User verbreiteten kurz darauf in sozialen Medien ein Video, das angeblich die Explosion eines Kernkraftwerkes in der T\u00fcrkei zeigen soll. Tats\u00e4chlich stammt das Video allerdings aus dem Jahr 2020 und zeigt eine Explosion in einem Hafen in der libanesischen Hauptstadt Beirut. Die T\u00fcrkei betreibt aktuell keine Kernkraftwerke.<\/b><\/p>\n<p>User haben AFP Anfang Februar 2023 \u00fcber die <a href=\"https:\/\/t.co\/Bg2sGiC5zV\" shape=\"rect\">Whatsapp Tipline<\/a> auf das Thema hingewiesen. Dort k\u00f6nnen falsche und irref\u00fchrende Behauptungen an AFP gemeldet werden. Das Video kursierte dar\u00fcber hinaus auf <a href=\"https:\/\/www.facebook.com\/iche.wa.92\/posts\/pfbid0MmaPi2q4RBCmY7pGsm3F2phiogWwghdGjvB1N1ufdFJdVb1vscDBJEsm8DreEBfql\" shape=\"rect\">Facebook<\/a> und <a href=\"https:\/\/archive.ph\/5sWan\" shape=\"rect\">Twitter<\/a>. Die gleiche Behauptung kursierte auch auf <a href=\"https:\/\/factcheck.afp.com\/doc.afp.com.338N4LH\" shape=\"rect\">Englisch<\/a> und <a href=\"https:\/\/factual.afp.com\/doc.afp.com.338T6CG\" shape=\"rect\">Spanisch<\/a>.<\/p>\n<p><strong>Die Behauptung: <\/strong>User teilen das Video einer heftigen Explosion und schreiben dazu: &#8222;#Erdbeben in der T\u00fcrkei &#8211; Hier soll angeblich ein Kernkraftwerk explodiert sein..&#8220;<\/p>\n<div id=\"wysiwyg\" class=\"www-item image\"><img class=\"lazyload blur-up\" src=\"https:\/\/belux-edmo.s3-accelerate.amazonaws.com\/wp-content\/uploads\/2023\/02\/9ab4eecdba833e7c2b547ee0ae6799db6184858f-ipad.jpg\" data-original=\"\" \/><span class=\"legend\">Screenshot der Behauptung auf Twitter: 09.02.2023<\/span><\/div>\n<p>Am <a href=\"https:\/\/www.stern.de\/news\/kaum-noch-hoffnung-auf-ueberlebende-des-bebens-im-syrisch-tuerkischen-grenzgebiet-33179324.html\" shape=\"rect\">6. Februar 2023<\/a> bebte die Erde in Teilen der T\u00fcrkei und Syrien. Bis Mittag des 9. Februar meldeten Beh\u00f6rden und Rettungskr\u00e4fte in beiden L\u00e4ndern mehr als 17.500 Todesopfer. Die wirtschaftlichen Sch\u00e4den durch das Erdbeben in Syrien und der T\u00fcrkei k\u00f6nnten sich auf <a href=\"https:\/\/www.nau.ch\/news\/europa\/uber-vier-milliarden-dollar-an-wirtschaftlichen-schaden-durch-erdbeben-moglich-66416793\" shape=\"rect\">vier Milliarden Dollar<\/a> summieren. Die Verluste sind aktuell noch schwer einzusch\u00e4tzen, da sich die Lage st\u00e4ndig \u00e4ndert. Internationale Rettungskr\u00e4fte und erste Hilfslieferungen haben die beiden L\u00e4nder bereits erreicht. Bisher ist das Beben der St\u00e4rke 7,8 weltweit das <a href=\"https:\/\/www.blick.ch\/ausland\/tuerkei-beben-auf-platz-8-das-sind-die-zehn-toedlichsten-erdbeben-des-21-jahrhunderts-id18301979.html\" shape=\"rect\">8. t\u00f6dlichste Erdbeben des 21. Jahrhunderts<\/a>. In der T\u00fcrkei ist es die gr\u00f6\u00dfte Katastrophe seit 1939.<\/p>\n<div class=\"g2web\" style=\"text-align: center;\"><iframe title=\"YouTube video player\" src=\"https:\/\/www.youtube.com\/embed\/if_e4owCxTc\" width=\"560\" height=\"315\" frameborder=\"0\" scrolling=\"auto\" allowfullscreen=\"allowfullscreen\" data-mce-fragment=\"1\"><\/iframe><\/div>\n<p>Zum verheerenden<a href=\"https:\/\/twitter.com\/hashtag\/Erdbeben?src=hashtag_click\" shape=\"rect\"> Erdbeben<\/a> in der<a href=\"https:\/\/twitter.com\/hashtag\/T%C3%BCrkei?src=hashtag_click\" shape=\"rect\"> T\u00fcrkei<\/a> und<a href=\"https:\/\/twitter.com\/hashtag\/Syrien?src=hashtag_click\" shape=\"rect\"> Syrien<\/a> kursieren zahlreiche<a href=\"https:\/\/twitter.com\/hashtag\/Falschinformationen?src=hashtag_click\" shape=\"rect\"> Falschinformationen<\/a>. Alte Aufnahmen werden aus dem Kontext gerissen und unter das echte Material gemischt. So etwa das <a href=\"https:\/\/faktencheck.afp.com\/doc.afp.com.338R8RV\" shape=\"rect\">Foto eines Hundes<\/a>, der vermeintlich neben einer unter Tr\u00fcmmern versch\u00fctteten Person liegt. Weitere Falschinformationen zum Erdbeben in der T\u00fcrkei und in Syrien hat AFP <a href=\"https:\/\/twitter.com\/AFPfaktencheck\/status\/1623327884998856706\" shape=\"rect\">hier<\/a> gesammelt.<\/p>\n<p><b>Video zeigt kein Kernkraftwerk in der T\u00fcrkei<\/b><\/p>\n<p>Eine erste <a href=\"https:\/\/www.youtube.com\/watch?v=l2SbfqF-2Rg&amp;list=PL_tN7HuGt39pbSAghdwArQ2Ij1oPzJfHo&amp;index=2\" shape=\"rect\">Googlesuche<\/a> nach Kernkraftwerken in der T\u00fcrkei hat ergeben, dass das Land erst <a href=\"https:\/\/perma.cc\/932Y-M3PA\" shape=\"rect\">2015<\/a> gemeinsam mit Russland mit dem Bau eines <a href=\"https:\/\/perma.cc\/4HHV-NXML\" shape=\"rect\">ersten Atomkraftwerks<\/a> begonnen hat. Das Atomkraftwerk Akkuyu im soll 2023 im S\u00fcdosten der T\u00fcrkei in Betrieb genommen werden. Es wird im <a href=\"https:\/\/perma.cc\/XQ2Q-C88Q?type=image\" shape=\"rect\">Erdbebengebiet<\/a> gebaut. Bisher ist es auch laut dem <a href=\"https:\/\/perma.cc\/G4L2-4WKY\" shape=\"rect\">&#8222;Power Reactor Information System&#8220;<\/a> (PRIS) der Internationalen Atomenergie-Organisation (IAEA) im Bau und <a href=\"https:\/\/perma.cc\/TQ3M-VDVQ\" shape=\"rect\">nicht im Betrieb<\/a>.<\/p>\n<p>Das Kraftwerk Akkuyu wird in Mersin im S\u00fcdosten der T\u00fcrkei gebaut. Ein Vergleich des auf Twitter geteilten Videos mit <a href=\"https:\/\/www.google.com\/maps\/search\/Restaurants\/@36.1410848,33.5368124,2562m\/data=!3m1!1e3!4m7!2m6!3m5!2sAkkuyu+Nuclear+Power+Plant!3s0x14decd9f1064b639:0xb38089fdf27969cc!4m2!1d33.5402395!2d36.1447796\" shape=\"rect\">Satellitenaufnahmen auf Google Maps<\/a> sowie Fotos von der <a href=\"https:\/\/perma.cc\/QHS9-6PYK?type=image\" shape=\"rect\">Internetseite des Kraftwerks<\/a> zeigt, dass es sich nicht um den gleichen Ort handelt.<\/p>\n<p>Der Baugrund des Kraftwerks in Mersin liegt in keiner Stadt und hat keine Gastronomie in der N\u00e4he.<\/p>\n<div class=\"g2web\" style=\"text-align: center;\"><iframe style=\"border: 0;\" src=\"https:\/\/www.google.com\/maps\/embed?pb=!1m18!1m12!1m3!1d10449.639422965478!2d33.537174194308456!3d36.14182532100245!2m3!1f0!2f0!3f0!3m2!1i1024!2i768!4f13.1!3m3!1m2!1s0x14decd9f1064b639%3A0xb38089fdf27969cc!2sAkkuyu%20Nuclear%20Power%20Plant!5e1!3m2!1sde!2sfr!4v1675956513459!5m2!1sde!2sfr\" width=\"600\" height=\"450\" frameborder=\"1\" scrolling=\"auto\" allowfullscreen=\"allowfullscreen\" data-mce-fragment=\"1\"><\/iframe><\/div>\n<p><b>Explosion in Beirut im Jahr 2020<\/b><\/p>\n<p>Eine <a href=\"https:\/\/www.youtube.com\/watch?v=VMn5DPJTOAQ&amp;list=PL_tN7HuGt39pbSAghdwArQ2Ij1oPzJfHo&amp;index=4\" shape=\"rect\">Video-R\u00fcckw\u00e4rtssuche<\/a> mit Screenshots aus dem Video zeigt, dass die Aufnahme mit Filmmaterial der Medienseite &#8222;<a href=\"https:\/\/archive.is\/ko40A\" shape=\"rect\">Beirut Today&#8220;<\/a> \u00fcbereinstimmt. Am 4. August 2020 ver\u00f6ffentlichte das Medium das Video auf Twitter mit der Beschreibung: &#8222;Aufnahmen von der massiven Explosion im Hafen von Beirut, Libanon.&#8220;<\/p>\n<p><a href=\"https:\/\/www.spiegel.de\/ausland\/beirut-libanon-richter-nimmt-ermittlungen-zur-explosionskatastrophe-wieder-auf-und-plant-anklagen-a-913d90bd-2b3f-4d99-94aa-8b25eb84acf7\" shape=\"rect\">Am 4. August 2020<\/a> explodierten im Hafen von Beirut hunderte Tonnen fahrl\u00e4ssig gelagerte Ammoniumnitrat und machten ganze Stadtteile dem Erdboden gleich. Mehr als 200 Menschen starben, 6500 weitere wurden verletzt und rund 300.000 wurden obdachlos.<\/p>\n<div class=\"g2web\" style=\"text-align: center;\"><iframe title=\"YouTube video player\" src=\"https:\/\/www.youtube.com\/embed\/90oyoQB348A\" width=\"560\" height=\"315\" frameborder=\"0\" scrolling=\"auto\" allowfullscreen=\"allowfullscreen\" data-mce-fragment=\"1\"><\/iframe><\/div>\n<p>AFP hat den <a href=\"https:\/\/www.google.com\/maps\/@33.8984246,35.5082263,3a,75y,72.38h,92.9t\/data=!3m7!1e1!3m5!1sAF1QipNhcJzNvk4KXGTzxj6wosEyo3v-GbC5Lq6JabS!2e10!3e11!7i5376!8i2688\" shape=\"rect\">Ort der Aufnahme<\/a> aus Beirut auf Google Street View <a href=\"https:\/\/www.youtube.com\/watch?v=FJsvS0f2WG4&amp;list=PL_tN7HuGt39pbSAghdwArQ2Ij1oPzJfHo&amp;index=5\" shape=\"rect\">lokalisiert<\/a>.<\/p>\n<div class=\"g2web\" style=\"text-align: center;\"><iframe style=\"border: 0;\" src=\"https:\/\/www.google.com\/maps\/embed?pb=!4v1675958113318!6m8!1m7!1sCAoSLEFGMVFpcE5oY0p6TnZrNEtYR1R6eGo2d29zRXlvM3YtR2JDNUxxNkphaDFT!2m2!1d33.89842464221131!2d35.50822631349014!3f72.38035010169077!4f2.8989609528174327!5f0.7820865974627469\" width=\"600\" height=\"450\" frameborder=\"1\" scrolling=\"auto\" allowfullscreen=\"allowfullscreen\" data-mce-fragment=\"1\"><\/iframe><\/div>\n<p>Auf Google Street View sind die gleichen Geb\u00e4ude (rote Kreise) mit den Balkonen, die gleichen Laternen auf einer Br\u00fccke (orange) und das gleiche Gel\u00e4nder der Br\u00fccke (gr\u00fcn) zu sehen.<\/p>\n<div id=\"wysiwyg\" class=\"www-item image\"><img class=\"lazyload blur-up\" src=\"https:\/\/belux-edmo.s3-accelerate.amazonaws.com\/wp-content\/uploads\/2023\/02\/cff2b4f5bf247e3cbdc7506a9d109cd9a313496b-ipad.jpg\" data-original=\"\" \/><span class=\"legend\">Screenshots des Twittervideos (links) und Google Street View in Beirut: 09.02.2023<\/span><\/div>\n<p><strong>Fazit<\/strong>: Das auf Twitter geteilte Video zeigt keine Explosion in der T\u00fcrkei. Es wurde 2020 in Beirut aufgenommen und zeigt die Explosion eines Chemielagers im Hafen der Stadt. Dar\u00fcber hinaus betreibt die T\u00fcrkei aktuell kein Atomkraftwerk.<\/p>\n","protected":false},"excerpt":{"rendered":"<p>User haben AFP Anfang Februar 2023 \u00fcber die Whatsapp Tipline auf das Thema hingewiesen. Dort k\u00f6nnen falsche und irref\u00fchrende Behauptungen an AFP gemeldet werden. Das Video kursierte dar\u00fcber hinaus auf Facebook und Twitter. Die gleiche Behauptung kursierte auch auf Englisch und Spanisch.<\/p>\n","protected":false},"author":1,"featured_media":238307,"comment_status":"closed","ping_status":"open","sticky":false,"template":"","format":"standard","meta":{"_acf_changed":false,"footnotes":""},"categories":[127,139],"tags":[],"class_list":{"0":"post-238322","1":"post","2":"type-post","3":"status-publish","4":"format-standard","5":"has-post-thumbnail","7":"category-fact-check-de","8":"category-gesellschaft-de"},"acf":{"show_metatags":true,"id":"doc-338w2z7-1","authors":"Jan RUSSEZKI, Bill  MCCARTHY, AFP USA, AFP Deutschland","organization":"AFP","featured_image_copyright":"AFP","text_copyright":"\u00a9 AGENCE FRANCE-PRESSE | 2023 | Alle Rechte vorbehalten. Jede Nutzung von AFP-Inhalten auf dieser Website unterliegt den Nutzungsbedingungen auf <a href='https:\/\/www.afp.com\/en\/terms-use' target='_blank'>CGU<\/a>. Durch den Zugriff auf die auf dieser Website verf\u00fcgbaren AFP-Inhalte und\/oder deren Nutzung erkl\u00e4ren Sie sich mit den oben genannten Nutzungsbedingungen einverstanden. Jede Nutzung von AFP-Inhalten erfolgt unter Ihrer alleinigen und vollen Verantwortung.","source":"https:\/\/faktencheck.afp.com\/doc.afp.com.338W2Z7","fact_checker":"https:\/\/belux.wpengine.com\/wp-content\/uploads\/2021\/12\/afp_logo.png","type":"Closed Event","location":"","start_date":"","start_date_event_begins_at":"","start_date_event_ends_at":"","end_date":"","end_date_event_begins_at":"","end_date_event_ends_at":"","organizer":"","fact_checker_logo_image":false},"yoast_head":"<!-- This site is optimized with the Yoast SEO plugin v27.0 - https:\/\/yoast.com\/product\/yoast-seo-wordpress\/ -->\n<title>Dieses Video zeigt eine Explosion in der libanesischen Hauptstadt Beirut im Jahr 2020 - EDMO Belux<\/title>\n<meta name=\"robots\" content=\"index, follow, max-snippet:-1, max-image-preview:large, max-video-preview:-1\" \/>\n<link rel=\"canonical\" href=\"https:\/\/belux.edmo.eu\/de\/dieses-video-zeigt-eine-explosion-in-der-libanesischen-hauptstadt-beirut-im-jahr-2020\/\" \/>\n<meta property=\"og:locale\" content=\"de_DE\" \/>\n<meta property=\"og:type\" content=\"article\" \/>\n<meta property=\"og:title\" content=\"Dieses Video zeigt eine Explosion in der libanesischen Hauptstadt Beirut im Jahr 2020 - EDMO Belux\" \/>\n<meta property=\"og:description\" content=\"User haben AFP Anfang Februar 2023 \u00fcber die Whatsapp Tipline auf das Thema hingewiesen. Dort k\u00f6nnen falsche und irref\u00fchrende Behauptungen an AFP gemeldet werden. Das Video kursierte dar\u00fcber hinaus auf Facebook und Twitter. Die gleiche Behauptung kursierte auch auf Englisch und Spanisch.\" \/>\n<meta property=\"og:url\" content=\"https:\/\/belux.edmo.eu\/de\/dieses-video-zeigt-eine-explosion-in-der-libanesischen-hauptstadt-beirut-im-jahr-2020\/\" \/>\n<meta property=\"og:site_name\" content=\"EDMO Belux\" \/>\n<meta property=\"article:published_time\" content=\"2023-02-10T10:06:52+00:00\" \/>\n<meta property=\"article:modified_time\" content=\"2023-02-10T11:08:38+00:00\" \/>\n<meta property=\"og:image\" content=\"https:\/\/belux-edmo.s3-accelerate.amazonaws.com\/wp-content\/uploads\/2023\/02\/57a80c7586086d3b900358475e2f8a3c2a9ef522-ipad.jpg\" \/>\n\t<meta property=\"og:image:width\" content=\"1080\" \/>\n\t<meta property=\"og:image:height\" content=\"540\" \/>\n\t<meta property=\"og:image:type\" content=\"image\/jpeg\" \/>\n<meta name=\"author\" content=\"master\" \/>\n<meta name=\"twitter:card\" content=\"summary_large_image\" \/>\n<meta name=\"twitter:creator\" content=\"@Edmo_Belux\" \/>\n<meta name=\"twitter:site\" content=\"@Edmo_Belux\" \/>\n<meta name=\"twitter:label1\" content=\"Verfasst von\" \/>\n\t<meta name=\"twitter:data1\" content=\"master\" \/>\n\t<meta name=\"twitter:label2\" content=\"Gesch\u00e4tzte Lesezeit\" \/>\n\t<meta name=\"twitter:data2\" content=\"3 Minuten\" \/>\n<script type=\"application\/ld+json\" class=\"yoast-schema-graph\">{\"@context\":\"https:\/\/schema.org\",\"@graph\":[{\"@type\":\"Article\",\"@id\":\"https:\/\/belux.edmo.eu\/de\/dieses-video-zeigt-eine-explosion-in-der-libanesischen-hauptstadt-beirut-im-jahr-2020\/#article\",\"isPartOf\":{\"@id\":\"https:\/\/belux.edmo.eu\/de\/dieses-video-zeigt-eine-explosion-in-der-libanesischen-hauptstadt-beirut-im-jahr-2020\/\"},\"author\":{\"name\":\"master\",\"@id\":\"https:\/\/belux.edmo.eu\/#\/schema\/person\/dbe3b252258537fd318f9b5645a30342\"},\"headline\":\"Dieses Video zeigt eine Explosion in der libanesischen Hauptstadt Beirut im Jahr 2020\",\"datePublished\":\"2023-02-10T10:06:52+00:00\",\"dateModified\":\"2023-02-10T11:08:38+00:00\",\"mainEntityOfPage\":{\"@id\":\"https:\/\/belux.edmo.eu\/de\/dieses-video-zeigt-eine-explosion-in-der-libanesischen-hauptstadt-beirut-im-jahr-2020\/\"},\"wordCount\":622,\"publisher\":{\"@id\":\"https:\/\/belux.edmo.eu\/#organization\"},\"image\":{\"@id\":\"https:\/\/belux.edmo.eu\/de\/dieses-video-zeigt-eine-explosion-in-der-libanesischen-hauptstadt-beirut-im-jahr-2020\/#primaryimage\"},\"thumbnailUrl\":\"https:\/\/belux-edmo.s3-accelerate.amazonaws.com\/wp-content\/uploads\/2023\/02\/57a80c7586086d3b900358475e2f8a3c2a9ef522-ipad.jpg\",\"articleSection\":[\"Fact Check\",\"Gesellschaft\"],\"inLanguage\":\"de-DE\"},{\"@type\":\"WebPage\",\"@id\":\"https:\/\/belux.edmo.eu\/de\/dieses-video-zeigt-eine-explosion-in-der-libanesischen-hauptstadt-beirut-im-jahr-2020\/\",\"url\":\"https:\/\/belux.edmo.eu\/de\/dieses-video-zeigt-eine-explosion-in-der-libanesischen-hauptstadt-beirut-im-jahr-2020\/\",\"name\":\"Dieses Video zeigt eine Explosion in der libanesischen Hauptstadt Beirut im Jahr 2020 - EDMO Belux\",\"isPartOf\":{\"@id\":\"https:\/\/belux.edmo.eu\/#website\"},\"primaryImageOfPage\":{\"@id\":\"https:\/\/belux.edmo.eu\/de\/dieses-video-zeigt-eine-explosion-in-der-libanesischen-hauptstadt-beirut-im-jahr-2020\/#primaryimage\"},\"image\":{\"@id\":\"https:\/\/belux.edmo.eu\/de\/dieses-video-zeigt-eine-explosion-in-der-libanesischen-hauptstadt-beirut-im-jahr-2020\/#primaryimage\"},\"thumbnailUrl\":\"https:\/\/belux-edmo.s3-accelerate.amazonaws.com\/wp-content\/uploads\/2023\/02\/57a80c7586086d3b900358475e2f8a3c2a9ef522-ipad.jpg\",\"datePublished\":\"2023-02-10T10:06:52+00:00\",\"dateModified\":\"2023-02-10T11:08:38+00:00\",\"breadcrumb\":{\"@id\":\"https:\/\/belux.edmo.eu\/de\/dieses-video-zeigt-eine-explosion-in-der-libanesischen-hauptstadt-beirut-im-jahr-2020\/#breadcrumb\"},\"inLanguage\":\"de-DE\",\"potentialAction\":[{\"@type\":\"ReadAction\",\"target\":[\"https:\/\/belux.edmo.eu\/de\/dieses-video-zeigt-eine-explosion-in-der-libanesischen-hauptstadt-beirut-im-jahr-2020\/\"]}]},{\"@type\":\"ImageObject\",\"inLanguage\":\"de-DE\",\"@id\":\"https:\/\/belux.edmo.eu\/de\/dieses-video-zeigt-eine-explosion-in-der-libanesischen-hauptstadt-beirut-im-jahr-2020\/#primaryimage\",\"url\":\"https:\/\/belux-edmo.s3-accelerate.amazonaws.com\/wp-content\/uploads\/2023\/02\/57a80c7586086d3b900358475e2f8a3c2a9ef522-ipad.jpg\",\"contentUrl\":\"https:\/\/belux-edmo.s3-accelerate.amazonaws.com\/wp-content\/uploads\/2023\/02\/57a80c7586086d3b900358475e2f8a3c2a9ef522-ipad.jpg\",\"width\":1080,\"height\":540,\"caption\":\"Dieses Video zeigt eine Explosion in der libanesischen Hauptstadt Beirut im Jahr 2020 - Featured image\"},{\"@type\":\"BreadcrumbList\",\"@id\":\"https:\/\/belux.edmo.eu\/de\/dieses-video-zeigt-eine-explosion-in-der-libanesischen-hauptstadt-beirut-im-jahr-2020\/#breadcrumb\",\"itemListElement\":[{\"@type\":\"ListItem\",\"position\":1,\"name\":\"Home\",\"item\":\"https:\/\/belux.edmo.eu\/de\/\"},{\"@type\":\"ListItem\",\"position\":2,\"name\":\"Dieses Video zeigt eine Explosion in der libanesischen Hauptstadt Beirut im Jahr 2020\"}]},{\"@type\":\"WebSite\",\"@id\":\"https:\/\/belux.edmo.eu\/#website\",\"url\":\"https:\/\/belux.edmo.eu\/\",\"name\":\"EDMO Belux\",\"description\":\"Monitoring Disinformation in Belgium and Luxembourg\",\"publisher\":{\"@id\":\"https:\/\/belux.edmo.eu\/#organization\"},\"potentialAction\":[{\"@type\":\"SearchAction\",\"target\":{\"@type\":\"EntryPoint\",\"urlTemplate\":\"https:\/\/belux.edmo.eu\/?s={search_term_string}\"},\"query-input\":{\"@type\":\"PropertyValueSpecification\",\"valueRequired\":true,\"valueName\":\"search_term_string\"}}],\"inLanguage\":\"de-DE\"},{\"@type\":\"Organization\",\"@id\":\"https:\/\/belux.edmo.eu\/#organization\",\"name\":\"EDMO Belux\",\"url\":\"https:\/\/belux.edmo.eu\/\",\"logo\":{\"@type\":\"ImageObject\",\"inLanguage\":\"de-DE\",\"@id\":\"https:\/\/belux.edmo.eu\/#\/schema\/logo\/image\/\",\"url\":\"https:\/\/belux.edmo.eu\/wp-content\/uploads\/2021\/12\/belux-logo-full-color-rgb.svg\",\"contentUrl\":\"https:\/\/belux.edmo.eu\/wp-content\/uploads\/2021\/12\/belux-logo-full-color-rgb.svg\",\"width\":1,\"height\":1,\"caption\":\"EDMO Belux\"},\"image\":{\"@id\":\"https:\/\/belux.edmo.eu\/#\/schema\/logo\/image\/\"},\"sameAs\":[\"https:\/\/x.com\/Edmo_Belux\"]},{\"@type\":\"Person\",\"@id\":\"https:\/\/belux.edmo.eu\/#\/schema\/person\/dbe3b252258537fd318f9b5645a30342\",\"name\":\"master\",\"sameAs\":[\"https:\/\/belux.wpengine.com\"],\"url\":\"https:\/\/belux.edmo.eu\/de\/author\/master\/\"}]}<\/script>\n<!-- \/ Yoast SEO plugin. -->","yoast_head_json":{"title":"Dieses Video zeigt eine Explosion in der libanesischen Hauptstadt Beirut im Jahr 2020 - EDMO Belux","robots":{"index":"index","follow":"follow","max-snippet":"max-snippet:-1","max-image-preview":"max-image-preview:large","max-video-preview":"max-video-preview:-1"},"canonical":"https:\/\/belux.edmo.eu\/de\/dieses-video-zeigt-eine-explosion-in-der-libanesischen-hauptstadt-beirut-im-jahr-2020\/","og_locale":"de_DE","og_type":"article","og_title":"Dieses Video zeigt eine Explosion in der libanesischen Hauptstadt Beirut im Jahr 2020 - EDMO Belux","og_description":"User haben AFP Anfang Februar 2023 \u00fcber die Whatsapp Tipline auf das Thema hingewiesen. Dort k\u00f6nnen falsche und irref\u00fchrende Behauptungen an AFP gemeldet werden. Das Video kursierte dar\u00fcber hinaus auf Facebook und Twitter. Die gleiche Behauptung kursierte auch auf Englisch und Spanisch.","og_url":"https:\/\/belux.edmo.eu\/de\/dieses-video-zeigt-eine-explosion-in-der-libanesischen-hauptstadt-beirut-im-jahr-2020\/","og_site_name":"EDMO Belux","article_published_time":"2023-02-10T10:06:52+00:00","article_modified_time":"2023-02-10T11:08:38+00:00","og_image":[{"width":1080,"height":540,"url":"https:\/\/belux-edmo.s3-accelerate.amazonaws.com\/wp-content\/uploads\/2023\/02\/57a80c7586086d3b900358475e2f8a3c2a9ef522-ipad.jpg","type":"image\/jpeg"}],"author":"master","twitter_card":"summary_large_image","twitter_creator":"@Edmo_Belux","twitter_site":"@Edmo_Belux","twitter_misc":{"Verfasst von":"master","Gesch\u00e4tzte Lesezeit":"3 Minuten"},"schema":{"@context":"https:\/\/schema.org","@graph":[{"@type":"Article","@id":"https:\/\/belux.edmo.eu\/de\/dieses-video-zeigt-eine-explosion-in-der-libanesischen-hauptstadt-beirut-im-jahr-2020\/#article","isPartOf":{"@id":"https:\/\/belux.edmo.eu\/de\/dieses-video-zeigt-eine-explosion-in-der-libanesischen-hauptstadt-beirut-im-jahr-2020\/"},"author":{"name":"master","@id":"https:\/\/belux.edmo.eu\/#\/schema\/person\/dbe3b252258537fd318f9b5645a30342"},"headline":"Dieses Video zeigt eine Explosion in der libanesischen Hauptstadt Beirut im Jahr 2020","datePublished":"2023-02-10T10:06:52+00:00","dateModified":"2023-02-10T11:08:38+00:00","mainEntityOfPage":{"@id":"https:\/\/belux.edmo.eu\/de\/dieses-video-zeigt-eine-explosion-in-der-libanesischen-hauptstadt-beirut-im-jahr-2020\/"},"wordCount":622,"publisher":{"@id":"https:\/\/belux.edmo.eu\/#organization"},"image":{"@id":"https:\/\/belux.edmo.eu\/de\/dieses-video-zeigt-eine-explosion-in-der-libanesischen-hauptstadt-beirut-im-jahr-2020\/#primaryimage"},"thumbnailUrl":"https:\/\/belux-edmo.s3-accelerate.amazonaws.com\/wp-content\/uploads\/2023\/02\/57a80c7586086d3b900358475e2f8a3c2a9ef522-ipad.jpg","articleSection":["Fact Check","Gesellschaft"],"inLanguage":"de-DE"},{"@type":"WebPage","@id":"https:\/\/belux.edmo.eu\/de\/dieses-video-zeigt-eine-explosion-in-der-libanesischen-hauptstadt-beirut-im-jahr-2020\/","url":"https:\/\/belux.edmo.eu\/de\/dieses-video-zeigt-eine-explosion-in-der-libanesischen-hauptstadt-beirut-im-jahr-2020\/","name":"Dieses Video zeigt eine Explosion in der libanesischen Hauptstadt Beirut im Jahr 2020 - EDMO Belux","isPartOf":{"@id":"https:\/\/belux.edmo.eu\/#website"},"primaryImageOfPage":{"@id":"https:\/\/belux.edmo.eu\/de\/dieses-video-zeigt-eine-explosion-in-der-libanesischen-hauptstadt-beirut-im-jahr-2020\/#primaryimage"},"image":{"@id":"https:\/\/belux.edmo.eu\/de\/dieses-video-zeigt-eine-explosion-in-der-libanesischen-hauptstadt-beirut-im-jahr-2020\/#primaryimage"},"thumbnailUrl":"https:\/\/belux-edmo.s3-accelerate.amazonaws.com\/wp-content\/uploads\/2023\/02\/57a80c7586086d3b900358475e2f8a3c2a9ef522-ipad.jpg","datePublished":"2023-02-10T10:06:52+00:00","dateModified":"2023-02-10T11:08:38+00:00","breadcrumb":{"@id":"https:\/\/belux.edmo.eu\/de\/dieses-video-zeigt-eine-explosion-in-der-libanesischen-hauptstadt-beirut-im-jahr-2020\/#breadcrumb"},"inLanguage":"de-DE","potentialAction":[{"@type":"ReadAction","target":["https:\/\/belux.edmo.eu\/de\/dieses-video-zeigt-eine-explosion-in-der-libanesischen-hauptstadt-beirut-im-jahr-2020\/"]}]},{"@type":"ImageObject","inLanguage":"de-DE","@id":"https:\/\/belux.edmo.eu\/de\/dieses-video-zeigt-eine-explosion-in-der-libanesischen-hauptstadt-beirut-im-jahr-2020\/#primaryimage","url":"https:\/\/belux-edmo.s3-accelerate.amazonaws.com\/wp-content\/uploads\/2023\/02\/57a80c7586086d3b900358475e2f8a3c2a9ef522-ipad.jpg","contentUrl":"https:\/\/belux-edmo.s3-accelerate.amazonaws.com\/wp-content\/uploads\/2023\/02\/57a80c7586086d3b900358475e2f8a3c2a9ef522-ipad.jpg","width":1080,"height":540,"caption":"Dieses Video zeigt eine Explosion in der libanesischen Hauptstadt Beirut im Jahr 2020 - Featured image"},{"@type":"BreadcrumbList","@id":"https:\/\/belux.edmo.eu\/de\/dieses-video-zeigt-eine-explosion-in-der-libanesischen-hauptstadt-beirut-im-jahr-2020\/#breadcrumb","itemListElement":[{"@type":"ListItem","position":1,"name":"Home","item":"https:\/\/belux.edmo.eu\/de\/"},{"@type":"ListItem","position":2,"name":"Dieses Video zeigt eine Explosion in der libanesischen Hauptstadt Beirut im Jahr 2020"}]},{"@type":"WebSite","@id":"https:\/\/belux.edmo.eu\/#website","url":"https:\/\/belux.edmo.eu\/","name":"EDMO Belux","description":"Monitoring Disinformation in Belgium and Luxembourg","publisher":{"@id":"https:\/\/belux.edmo.eu\/#organization"},"potentialAction":[{"@type":"SearchAction","target":{"@type":"EntryPoint","urlTemplate":"https:\/\/belux.edmo.eu\/?s={search_term_string}"},"query-input":{"@type":"PropertyValueSpecification","valueRequired":true,"valueName":"search_term_string"}}],"inLanguage":"de-DE"},{"@type":"Organization","@id":"https:\/\/belux.edmo.eu\/#organization","name":"EDMO Belux","url":"https:\/\/belux.edmo.eu\/","logo":{"@type":"ImageObject","inLanguage":"de-DE","@id":"https:\/\/belux.edmo.eu\/#\/schema\/logo\/image\/","url":"https:\/\/belux.edmo.eu\/wp-content\/uploads\/2021\/12\/belux-logo-full-color-rgb.svg","contentUrl":"https:\/\/belux.edmo.eu\/wp-content\/uploads\/2021\/12\/belux-logo-full-color-rgb.svg","width":1,"height":1,"caption":"EDMO Belux"},"image":{"@id":"https:\/\/belux.edmo.eu\/#\/schema\/logo\/image\/"},"sameAs":["https:\/\/x.com\/Edmo_Belux"]},{"@type":"Person","@id":"https:\/\/belux.edmo.eu\/#\/schema\/person\/dbe3b252258537fd318f9b5645a30342","name":"master","sameAs":["https:\/\/belux.wpengine.com"],"url":"https:\/\/belux.edmo.eu\/de\/author\/master\/"}]}},"menu_order":0,"_links":{"self":[{"href":"https:\/\/belux.edmo.eu\/de\/wp-json\/wp\/v2\/posts\/238322","targetHints":{"allow":["GET"]}}],"collection":[{"href":"https:\/\/belux.edmo.eu\/de\/wp-json\/wp\/v2\/posts"}],"about":[{"href":"https:\/\/belux.edmo.eu\/de\/wp-json\/wp\/v2\/types\/post"}],"author":[{"embeddable":true,"href":"https:\/\/belux.edmo.eu\/de\/wp-json\/wp\/v2\/users\/1"}],"replies":[{"embeddable":true,"href":"https:\/\/belux.edmo.eu\/de\/wp-json\/wp\/v2\/comments?post=238322"}],"version-history":[{"count":0,"href":"https:\/\/belux.edmo.eu\/de\/wp-json\/wp\/v2\/posts\/238322\/revisions"}],"wp:featuredmedia":[{"embeddable":true,"href":"https:\/\/belux.edmo.eu\/de\/wp-json\/wp\/v2\/media\/238307"}],"wp:attachment":[{"href":"https:\/\/belux.edmo.eu\/de\/wp-json\/wp\/v2\/media?parent=238322"}],"wp:term":[{"taxonomy":"category","embeddable":true,"href":"https:\/\/belux.edmo.eu\/de\/wp-json\/wp\/v2\/categories?post=238322"},{"taxonomy":"post_tag","embeddable":true,"href":"https:\/\/belux.edmo.eu\/de\/wp-json\/wp\/v2\/tags?post=238322"}],"curies":[{"name":"wp","href":"https:\/\/api.w.org\/{rel}","templated":true}]}}