{"id":24395,"date":"2022-03-30T12:20:20","date_gmt":"2022-03-30T12:20:20","guid":{"rendered":"https:\/\/belux.wpengine.com\/?p=24395"},"modified":"2022-06-30T13:44:53","modified_gmt":"2022-06-30T13:44:53","slug":"es-gab-keinen-angriff-auf-einen-osteuropischen-supermarkt-in-regensburg","status":"publish","type":"post","link":"https:\/\/belux.edmo.eu\/de\/es-gab-keinen-angriff-auf-einen-osteuropischen-supermarkt-in-regensburg\/","title":{"rendered":"Es gab keinen Angriff auf einen osteurop\u00e4ischen Supermarkt in Regensburg"},"content":{"rendered":"<p><b><strong>User haben Mitte M\u00e4rz 2022 ein Video geteilt, das angeblich einen randalierenden Mann im russischen &#8222;Mix Markt&#8220; in Regensburg zeigt. Dieser wirft Produkte aus den Supermarktregalen auf den Boden. In sozialen Netzwerken wird der angeblich aktuelle Vorfall als Hass gegen Russen in Deutschland verstanden. Dem &#8222;Mix Markt&#8220; in Regensburg ist auf AFP-Anfrage allerdings kein solcher Vorfall bekannt. Die Aufnahme stammt wahrscheinlich aus dem Jahr 2019 aus einem Supermarkt in Russland.<\/strong><\/b><\/p>\n<p>Dutzende Nutzerinnen und -Nutzer haben Mitte M\u00e4rz 2022 das Supermarkt-Video auf Facebook geteilt (<a href=\"https:\/\/archive.ph\/KWkP3\" target=\"_blank\" rel=\"noopener\" shape=\"rect\">hier<\/a>, <a href=\"https:\/\/archive.ph\/HOlNY\" target=\"_blank\" rel=\"noopener\" shape=\"rect\">hier<\/a>). Auf Telegram erreichte das Video Zehntausende (<a href=\"https:\/\/perma.cc\/V8G4-VWR8?type=image\" target=\"_blank\" rel=\"noopener\" shape=\"rect\">hier<\/a>, <a href=\"https:\/\/perma.cc\/3KM5-4VYG?type=image\" target=\"_blank\" rel=\"noopener\" shape=\"rect\">hier<\/a>).<\/p>\n<p><strong>Die Behauptung:<\/strong> In dem auf Facebook geteilten Video ist ein randalierender Mann in einem Supermarkt zu sehen. Im Video ist russische Sprache zu h\u00f6ren. Eingeblendet zu sehen sind die Worte &#8222;Mix Markt Regensburg&#8220;. User schreiben im Beitragstext zum Video au\u00dferdem: &#8222;Mix Markt Regensburg. Ein Mann richtet so viel Schaden an, wie er kann. In Mix M\u00e4rkten werden haupts\u00e4chlich russische Produkte verkauft.&#8220;<\/p>\n<div id=\"wysiwyg\" class=\"ww-item image\"><img class=\"lazyload blur-up\" src=\"https:\/\/belux.wpengine.com\/wp-content\/uploads\/2022\/03\/2022033015-43141614d38d674635dbec2629f8a193.jpeg\" data-original=\"\" \/><span class=\"legend\">Screenshot der Behauptung auf Facebook: 29.03.2022<\/span><\/div>\n<p>Einige Facebook-User kommentieren das Video mit den Worten: &#8222;Tja, das sind nun die kausalen Auswirkungen der staatlichen und gesellschaftlichen Hetze&#8220; und auch &#8222;Das ist das Ergebnis der staatlich verordneten Hetze gegen Russland. Immer mehr aggressive Schwachk\u00f6pfe f\u00fchlen sich daher zu so etwas ermutigt!&#8220;<\/p>\n<p>Seit der russischen Invasion in der Ukraine am <a href=\"https:\/\/www.france24.com\/en\/europe\/20220223-ukraine-live-updates-france-urges-citizens-to-leave-zelensky-says-russia-has-approved-offensive\" target=\"_blank\" rel=\"noopener\" shape=\"rect\">24. Februar 2022<\/a> kursieren zahlreiche Falschinformationen \u00fcber den Krieg. AFP sammelt Faktenchecks zu falschen oder irref\u00fchrenden Behauptungen im Zusammenhang des Ukraine-Kriegs <a href=\"https:\/\/faktencheck.afp.com\/list\/all\/all\/39405\/all\/tid-39405\" target=\"_blank\" rel=\"noopener\" shape=\"rect\">hier<\/a>.<\/p>\n<p>In diesem Kontext kommt es laut deutschen Medien (<a href=\"https:\/\/www.ndr.de\/kultur\/Was-Putins-Krieg-mit-der-russlanddeutschen-Community-macht,russlanddeutsche148.html\" target=\"_blank\" rel=\"noopener\" shape=\"rect\">hier<\/a>, <a href=\"https:\/\/www.t-online.de\/region\/frankfurt-am-main\/news\/id_91793430\/russophobie-in-frankfurt-falschinformationen-spielen-putin-in-die-haende-.html\" target=\"_blank\" rel=\"noopener\" shape=\"rect\">hier<\/a>) auch immer wieder zu russophoben Anfeindungen in Deutschland. Neben tats\u00e4chlichen Anfeindungen werden im Internet jedoch auch Falschinformationen \u00fcber Angriffe auf russische Menschen verbreitet. AFP pr\u00fcfte einige dieser Erz\u00e4hlungen bereits <a href=\"https:\/\/faktencheck.afp.com\/doc.afp.com.326N3WT\" target=\"_blank\" rel=\"noopener\" shape=\"rect\">hier<\/a> und <a href=\"https:\/\/faktencheck.afp.com\/doc.afp.com.324X8WY\" target=\"_blank\" rel=\"noopener\" shape=\"rect\">hier<\/a>. Das aktuell auf Facebook geteilte Video reiht sich in diese Serie an falschen Behauptungen ein.<\/p>\n<p><b><strong>Video stammt nicht aus &#8222;Mix Markt&#8220; in Regensburg<\/strong><\/b><\/p>\n<p>Laut dem eingeblendeten Text soll das Video aus dem &#8222;<a href=\"https:\/\/www.mixmarkt.eu\/de\/germany\/ueber-uns\/\" target=\"_blank\" rel=\"noopener\" shape=\"rect\">Mix Markt<\/a>&#8220; in Regensburg stammen, einer Supermarktkette, die osteurop\u00e4ische Produkte anbietet. AFP hat am 25. M\u00e4rz 2022 dort nachgefragt, ob das Video tats\u00e4chlich in ihrer Regensburger Filiale entstanden ist. Maria Weber, Assistentin der Gesch\u00e4ftsf\u00fchrung von &#8222;Mix Markt&#8220;, antwortete in einer E-Mail: &#8222;Aktuell sind uns keine Konflikte zwischen Kunden in Regensburg bekannt.&#8220;<\/p>\n<p>AFP hat auch das f\u00fcr Regensburg zust\u00e4ndige Polizeipr\u00e4sidium Oberpfalz zu dem Video befragt. Am 29. M\u00e4rz schrieb Polizeisprecher Claus Feldmeier in einer E-Mail: &#8222;Uns liegt keine Anzeige eines russischen Supermarktes in oder um Regensburg wegen dieses oder eines \u00e4hnlichen Vorfalles vor. Hierbei handelt es sich offensichtlich um eine Falschmeldung.&#8220;<\/p>\n<p><b><strong>Video wurde 2019 in Russland aufgenommen<\/strong><\/b><\/p>\n<p>Eine <a href=\"https:\/\/www.youtube.com\/watch?v=VMn5DPJTOAQ&amp;list=PL_tN7HuGt39pbSAghdwArQ2Ij1oPzJfHo&amp;index=4\" target=\"_blank\" rel=\"noopener\" shape=\"rect\">R\u00fcckw\u00e4rtssuche<\/a> mit einem Screenshot aus dem Video auf der russischen Suchmaschine Yandex ergab mehrere Treffer von M\u00e4rz 2019 (<a href=\"https:\/\/perma.cc\/65WC-M5QY\" target=\"_blank\" rel=\"noopener\" shape=\"rect\">hier<\/a>, <a href=\"https:\/\/perma.cc\/824U-VVFT?type=image\" target=\"_blank\" rel=\"noopener\" shape=\"rect\">hier<\/a>, <a href=\"https:\/\/archive.ph\/2A2bU\" target=\"_blank\" rel=\"noopener\" shape=\"rect\">hier<\/a>), die bereits zeigen, dass das Video nicht aktuell sein kann. Auch mehrere russischsprachige Nachrichtenseiten (<a href=\"https:\/\/perma.cc\/8TDU-GPDD?type=image\" target=\"_blank\" rel=\"noopener\" shape=\"rect\">hier<\/a>, <a href=\"https:\/\/perma.cc\/LH67-LWWR?type=image\" target=\"_blank\" rel=\"noopener\" shape=\"rect\">hier<\/a>) und der <a href=\"https:\/\/archive.ph\/xrFEJ\" target=\"_blank\" rel=\"noopener\" shape=\"rect\">staatliche Fernsehsender NTV<\/a> berichteten \u00fcbereinstimmend \u00fcber den Vorfall. Demnach hat ein Mann in <a href=\"https:\/\/www.google.com\/maps\/search\/Uljanowsk,+magnit\/@54.3050963,48.3621874,11.25z\" target=\"_blank\" rel=\"noopener\" shape=\"rect\">Uljanowsk in Russland<\/a> in einem Supermarkt der Kette &#8222;Magnit&#8220; randaliert.<\/p>\n<p>AFP hat am 25. M\u00e4rz 2022 bei der Pressestelle der &#8222;Magnit&#8220;-Supermarktkette nach dem Vorfall gefragt. Bis zur Ver\u00f6ffentlichung dieses Faktenchecks blieb die Anfrage jedoch unbeantwortet.<\/p>\n<p>Auf der <a href=\"https:\/\/www.magnit.com\/en\/about-company\/store-formats\/\" target=\"_blank\" rel=\"noopener\" shape=\"rect\">&#8222;Magnit&#8220;-Website<\/a> ist zwar keine Pressemitteilung zu dem Vorfall zu finden, aber eine <a href=\"https:\/\/my.matterport.com\/show\/?m=anBSUTGZk8b&amp;play=1&amp;wh=1&amp;sr=-1.7,-1.17&amp;ss=9\" target=\"_blank\" rel=\"noopener\" shape=\"rect\">3D-Darstellung des \u00fcbergreifenden Supermarkt-Konzepts<\/a>. Das Design, das hier zu sehen ist, deutet darauf hin, dass das Video tats\u00e4chlich in einem &#8222;Magnit&#8220;-Supermarkt gedreht wurde. In vielen &#8222;Magnit\u201d-Superm\u00e4rkten sind gelbe Regale in den Mittelg\u00e4ngen und der gleiche Fliesenboden zu sehen. Dar\u00fcber hinaus sind die Ecken der wei\u00dfen S\u00e4ulen mit silbernen Leisten verkleidet (siehe rote Kreise).<\/p>\n<div id=\"wysiwyg\" class=\"ww-item image\"><img class=\"lazyload blur-up\" src=\"https:\/\/belux.wpengine.com\/wp-content\/uploads\/2022\/03\/2022033015-d2201f406a455d6b6dadd95e78f4b4d4.jpeg\" data-original=\"\" \/><span class=\"legend\">Screenshots aus der 3D-Darstellung des &#8222;Magnit&#8220;-Designs (links) und dem Facebook-Video (Mitte, rechts): 29.03.2022<\/span><\/div>\n<p><strong>Fazit:<\/strong> Die Behauptung, das Video sei aktuell und zeige einen randalierenden Mann in einem Regensburger &#8222;Mix Markt&#8220;, ist falsch. In Regensburg hat es so einen Vorfall aktuell nicht gegeben. Russische Medien berichteten 2019 \u00fcber einen solchen Vorfall in einem Supermarkt in Uljanowsk.<\/p>\n","protected":false},"excerpt":{"rendered":"<p>Dutzende Nutzerinnen und -Nutzer haben Mitte M\u00e4rz 2022 das Supermarkt-Video auf Facebook geteilt (hier, hier). Auf Telegram erreichte das Video Zehntausende (hier, hier).<\/p>\n","protected":false},"author":1,"featured_media":53682,"comment_status":"closed","ping_status":"open","sticky":false,"template":"","format":"standard","meta":{"_acf_changed":false,"footnotes":""},"categories":[127,139,133,215],"tags":[],"class_list":{"0":"post-24395","1":"post","2":"type-post","3":"status-publish","4":"format-standard","5":"has-post-thumbnail","7":"category-fact-check-de","8":"category-gesellschaft-de","9":"category-politics-de","10":"category-ukraine-de"},"acf":{"show_metatags":true,"id":"51945","authors":"Jan Russezki, AFP Deutschland","organization":"AFP","featured_image_copyright":"","text_copyright":"\u00a9 AGENCE FRANCE-PRESSE | 2022 | Alle Rechte vorbehalten. Jede Nutzung von AFP-Inhalten auf dieser Website unterliegt den Nutzungsbedingungen auf <a href='https:\/\/www.afp.com\/en\/terms-use' target='_blank'>CGU<\/a>. Durch den Zugriff auf die auf dieser Website verf\u00fcgbaren AFP-Inhalte und\/oder deren Nutzung erkl\u00e4ren Sie sich mit den oben genannten Nutzungsbedingungen einverstanden. Jede Nutzung von AFP-Inhalten erfolgt unter Ihrer alleinigen und vollen Verantwortung.","source":"https:\/\/faktencheck.afp.com\/doc.afp.com.327A77D","fact_checker":"https:\/\/belux.wpengine.com\/wp-content\/uploads\/2021\/12\/afp_logo.png","fact_checker_logo_image":false,"type":"Closed Event","location":"","start_date":"","start_date_event_begins_at":"","start_date_event_ends_at":"","end_date":"","end_date_event_begins_at":"","end_date_event_ends_at":"","organizer":""},"yoast_head":"<!-- This site is optimized with the Yoast SEO plugin v27.0 - https:\/\/yoast.com\/product\/yoast-seo-wordpress\/ -->\n<title>Es gab keinen Angriff auf einen osteurop\u00e4ischen Supermarkt in Regensburg - EDMO Belux<\/title>\n<meta name=\"robots\" content=\"index, follow, max-snippet:-1, max-image-preview:large, max-video-preview:-1\" \/>\n<link rel=\"canonical\" href=\"https:\/\/belux.edmo.eu\/de\/es-gab-keinen-angriff-auf-einen-osteuropischen-supermarkt-in-regensburg\/\" \/>\n<meta property=\"og:locale\" content=\"de_DE\" \/>\n<meta property=\"og:type\" content=\"article\" \/>\n<meta property=\"og:title\" content=\"Es gab keinen Angriff auf einen osteurop\u00e4ischen Supermarkt in Regensburg - EDMO Belux\" \/>\n<meta property=\"og:description\" content=\"Dutzende Nutzerinnen und -Nutzer haben Mitte M\u00e4rz 2022 das Supermarkt-Video auf Facebook geteilt (hier, hier). Auf Telegram erreichte das Video Zehntausende (hier, hier).\" \/>\n<meta property=\"og:url\" content=\"https:\/\/belux.edmo.eu\/de\/es-gab-keinen-angriff-auf-einen-osteuropischen-supermarkt-in-regensburg\/\" \/>\n<meta property=\"og:site_name\" content=\"EDMO Belux\" \/>\n<meta property=\"article:published_time\" content=\"2022-03-30T12:20:20+00:00\" \/>\n<meta property=\"article:modified_time\" content=\"2022-06-30T13:44:53+00:00\" \/>\n<meta property=\"og:image\" content=\"https:\/\/belux.edmo.eu\/wp-content\/uploads\/2022\/05\/764a1e82e04405b020294dc5881fc183.jpeg\" \/>\n\t<meta property=\"og:image:width\" content=\"1080\" \/>\n\t<meta property=\"og:image:height\" content=\"540\" \/>\n\t<meta property=\"og:image:type\" content=\"image\/jpeg\" \/>\n<meta name=\"author\" content=\"master\" \/>\n<meta name=\"twitter:card\" content=\"summary_large_image\" \/>\n<meta name=\"twitter:creator\" content=\"@Edmo_Belux\" \/>\n<meta name=\"twitter:site\" content=\"@Edmo_Belux\" \/>\n<meta name=\"twitter:label1\" content=\"Verfasst von\" \/>\n\t<meta name=\"twitter:data1\" content=\"master\" \/>\n\t<meta name=\"twitter:label2\" content=\"Gesch\u00e4tzte Lesezeit\" \/>\n\t<meta name=\"twitter:data2\" content=\"3 Minuten\" \/>\n<script type=\"application\/ld+json\" class=\"yoast-schema-graph\">{\"@context\":\"https:\/\/schema.org\",\"@graph\":[{\"@type\":\"Article\",\"@id\":\"https:\/\/belux.edmo.eu\/de\/es-gab-keinen-angriff-auf-einen-osteuropischen-supermarkt-in-regensburg\/#article\",\"isPartOf\":{\"@id\":\"https:\/\/belux.edmo.eu\/de\/es-gab-keinen-angriff-auf-einen-osteuropischen-supermarkt-in-regensburg\/\"},\"author\":{\"name\":\"master\",\"@id\":\"https:\/\/belux.edmo.eu\/#\/schema\/person\/dbe3b252258537fd318f9b5645a30342\"},\"headline\":\"Es gab keinen Angriff auf einen osteurop\u00e4ischen Supermarkt in Regensburg\",\"datePublished\":\"2022-03-30T12:20:20+00:00\",\"dateModified\":\"2022-06-30T13:44:53+00:00\",\"mainEntityOfPage\":{\"@id\":\"https:\/\/belux.edmo.eu\/de\/es-gab-keinen-angriff-auf-einen-osteuropischen-supermarkt-in-regensburg\/\"},\"wordCount\":656,\"publisher\":{\"@id\":\"https:\/\/belux.edmo.eu\/#organization\"},\"image\":{\"@id\":\"https:\/\/belux.edmo.eu\/de\/es-gab-keinen-angriff-auf-einen-osteuropischen-supermarkt-in-regensburg\/#primaryimage\"},\"thumbnailUrl\":\"https:\/\/belux.edmo.eu\/wp-content\/uploads\/2022\/05\/764a1e82e04405b020294dc5881fc183.jpeg\",\"articleSection\":[\"Fact Check\",\"Gesellschaft\",\"Politik\",\"Ukraine\"],\"inLanguage\":\"de-DE\"},{\"@type\":\"WebPage\",\"@id\":\"https:\/\/belux.edmo.eu\/de\/es-gab-keinen-angriff-auf-einen-osteuropischen-supermarkt-in-regensburg\/\",\"url\":\"https:\/\/belux.edmo.eu\/de\/es-gab-keinen-angriff-auf-einen-osteuropischen-supermarkt-in-regensburg\/\",\"name\":\"Es gab keinen Angriff auf einen osteurop\u00e4ischen Supermarkt in Regensburg - EDMO Belux\",\"isPartOf\":{\"@id\":\"https:\/\/belux.edmo.eu\/#website\"},\"primaryImageOfPage\":{\"@id\":\"https:\/\/belux.edmo.eu\/de\/es-gab-keinen-angriff-auf-einen-osteuropischen-supermarkt-in-regensburg\/#primaryimage\"},\"image\":{\"@id\":\"https:\/\/belux.edmo.eu\/de\/es-gab-keinen-angriff-auf-einen-osteuropischen-supermarkt-in-regensburg\/#primaryimage\"},\"thumbnailUrl\":\"https:\/\/belux.edmo.eu\/wp-content\/uploads\/2022\/05\/764a1e82e04405b020294dc5881fc183.jpeg\",\"datePublished\":\"2022-03-30T12:20:20+00:00\",\"dateModified\":\"2022-06-30T13:44:53+00:00\",\"breadcrumb\":{\"@id\":\"https:\/\/belux.edmo.eu\/de\/es-gab-keinen-angriff-auf-einen-osteuropischen-supermarkt-in-regensburg\/#breadcrumb\"},\"inLanguage\":\"de-DE\",\"potentialAction\":[{\"@type\":\"ReadAction\",\"target\":[\"https:\/\/belux.edmo.eu\/de\/es-gab-keinen-angriff-auf-einen-osteuropischen-supermarkt-in-regensburg\/\"]}]},{\"@type\":\"ImageObject\",\"inLanguage\":\"de-DE\",\"@id\":\"https:\/\/belux.edmo.eu\/de\/es-gab-keinen-angriff-auf-einen-osteuropischen-supermarkt-in-regensburg\/#primaryimage\",\"url\":\"https:\/\/belux.edmo.eu\/wp-content\/uploads\/2022\/05\/764a1e82e04405b020294dc5881fc183.jpeg\",\"contentUrl\":\"https:\/\/belux.edmo.eu\/wp-content\/uploads\/2022\/05\/764a1e82e04405b020294dc5881fc183.jpeg\",\"width\":1080,\"height\":540},{\"@type\":\"BreadcrumbList\",\"@id\":\"https:\/\/belux.edmo.eu\/de\/es-gab-keinen-angriff-auf-einen-osteuropischen-supermarkt-in-regensburg\/#breadcrumb\",\"itemListElement\":[{\"@type\":\"ListItem\",\"position\":1,\"name\":\"Home\",\"item\":\"https:\/\/belux.edmo.eu\/de\/\"},{\"@type\":\"ListItem\",\"position\":2,\"name\":\"Es gab keinen Angriff auf einen osteurop\u00e4ischen Supermarkt in Regensburg\"}]},{\"@type\":\"WebSite\",\"@id\":\"https:\/\/belux.edmo.eu\/#website\",\"url\":\"https:\/\/belux.edmo.eu\/\",\"name\":\"EDMO Belux\",\"description\":\"Monitoring Disinformation in Belgium and Luxembourg\",\"publisher\":{\"@id\":\"https:\/\/belux.edmo.eu\/#organization\"},\"potentialAction\":[{\"@type\":\"SearchAction\",\"target\":{\"@type\":\"EntryPoint\",\"urlTemplate\":\"https:\/\/belux.edmo.eu\/?s={search_term_string}\"},\"query-input\":{\"@type\":\"PropertyValueSpecification\",\"valueRequired\":true,\"valueName\":\"search_term_string\"}}],\"inLanguage\":\"de-DE\"},{\"@type\":\"Organization\",\"@id\":\"https:\/\/belux.edmo.eu\/#organization\",\"name\":\"EDMO Belux\",\"url\":\"https:\/\/belux.edmo.eu\/\",\"logo\":{\"@type\":\"ImageObject\",\"inLanguage\":\"de-DE\",\"@id\":\"https:\/\/belux.edmo.eu\/#\/schema\/logo\/image\/\",\"url\":\"https:\/\/belux.edmo.eu\/wp-content\/uploads\/2021\/12\/belux-logo-full-color-rgb.svg\",\"contentUrl\":\"https:\/\/belux.edmo.eu\/wp-content\/uploads\/2021\/12\/belux-logo-full-color-rgb.svg\",\"width\":1,\"height\":1,\"caption\":\"EDMO Belux\"},\"image\":{\"@id\":\"https:\/\/belux.edmo.eu\/#\/schema\/logo\/image\/\"},\"sameAs\":[\"https:\/\/x.com\/Edmo_Belux\"]},{\"@type\":\"Person\",\"@id\":\"https:\/\/belux.edmo.eu\/#\/schema\/person\/dbe3b252258537fd318f9b5645a30342\",\"name\":\"master\",\"sameAs\":[\"https:\/\/belux.wpengine.com\"],\"url\":\"https:\/\/belux.edmo.eu\/de\/author\/master\/\"}]}<\/script>\n<!-- \/ Yoast SEO plugin. -->","yoast_head_json":{"title":"Es gab keinen Angriff auf einen osteurop\u00e4ischen Supermarkt in Regensburg - EDMO Belux","robots":{"index":"index","follow":"follow","max-snippet":"max-snippet:-1","max-image-preview":"max-image-preview:large","max-video-preview":"max-video-preview:-1"},"canonical":"https:\/\/belux.edmo.eu\/de\/es-gab-keinen-angriff-auf-einen-osteuropischen-supermarkt-in-regensburg\/","og_locale":"de_DE","og_type":"article","og_title":"Es gab keinen Angriff auf einen osteurop\u00e4ischen Supermarkt in Regensburg - EDMO Belux","og_description":"Dutzende Nutzerinnen und -Nutzer haben Mitte M\u00e4rz 2022 das Supermarkt-Video auf Facebook geteilt (hier, hier). Auf Telegram erreichte das Video Zehntausende (hier, hier).","og_url":"https:\/\/belux.edmo.eu\/de\/es-gab-keinen-angriff-auf-einen-osteuropischen-supermarkt-in-regensburg\/","og_site_name":"EDMO Belux","article_published_time":"2022-03-30T12:20:20+00:00","article_modified_time":"2022-06-30T13:44:53+00:00","og_image":[{"width":1080,"height":540,"url":"https:\/\/belux.edmo.eu\/wp-content\/uploads\/2022\/05\/764a1e82e04405b020294dc5881fc183.jpeg","type":"image\/jpeg"}],"author":"master","twitter_card":"summary_large_image","twitter_creator":"@Edmo_Belux","twitter_site":"@Edmo_Belux","twitter_misc":{"Verfasst von":"master","Gesch\u00e4tzte Lesezeit":"3 Minuten"},"schema":{"@context":"https:\/\/schema.org","@graph":[{"@type":"Article","@id":"https:\/\/belux.edmo.eu\/de\/es-gab-keinen-angriff-auf-einen-osteuropischen-supermarkt-in-regensburg\/#article","isPartOf":{"@id":"https:\/\/belux.edmo.eu\/de\/es-gab-keinen-angriff-auf-einen-osteuropischen-supermarkt-in-regensburg\/"},"author":{"name":"master","@id":"https:\/\/belux.edmo.eu\/#\/schema\/person\/dbe3b252258537fd318f9b5645a30342"},"headline":"Es gab keinen Angriff auf einen osteurop\u00e4ischen Supermarkt in Regensburg","datePublished":"2022-03-30T12:20:20+00:00","dateModified":"2022-06-30T13:44:53+00:00","mainEntityOfPage":{"@id":"https:\/\/belux.edmo.eu\/de\/es-gab-keinen-angriff-auf-einen-osteuropischen-supermarkt-in-regensburg\/"},"wordCount":656,"publisher":{"@id":"https:\/\/belux.edmo.eu\/#organization"},"image":{"@id":"https:\/\/belux.edmo.eu\/de\/es-gab-keinen-angriff-auf-einen-osteuropischen-supermarkt-in-regensburg\/#primaryimage"},"thumbnailUrl":"https:\/\/belux.edmo.eu\/wp-content\/uploads\/2022\/05\/764a1e82e04405b020294dc5881fc183.jpeg","articleSection":["Fact Check","Gesellschaft","Politik","Ukraine"],"inLanguage":"de-DE"},{"@type":"WebPage","@id":"https:\/\/belux.edmo.eu\/de\/es-gab-keinen-angriff-auf-einen-osteuropischen-supermarkt-in-regensburg\/","url":"https:\/\/belux.edmo.eu\/de\/es-gab-keinen-angriff-auf-einen-osteuropischen-supermarkt-in-regensburg\/","name":"Es gab keinen Angriff auf einen osteurop\u00e4ischen Supermarkt in Regensburg - EDMO Belux","isPartOf":{"@id":"https:\/\/belux.edmo.eu\/#website"},"primaryImageOfPage":{"@id":"https:\/\/belux.edmo.eu\/de\/es-gab-keinen-angriff-auf-einen-osteuropischen-supermarkt-in-regensburg\/#primaryimage"},"image":{"@id":"https:\/\/belux.edmo.eu\/de\/es-gab-keinen-angriff-auf-einen-osteuropischen-supermarkt-in-regensburg\/#primaryimage"},"thumbnailUrl":"https:\/\/belux.edmo.eu\/wp-content\/uploads\/2022\/05\/764a1e82e04405b020294dc5881fc183.jpeg","datePublished":"2022-03-30T12:20:20+00:00","dateModified":"2022-06-30T13:44:53+00:00","breadcrumb":{"@id":"https:\/\/belux.edmo.eu\/de\/es-gab-keinen-angriff-auf-einen-osteuropischen-supermarkt-in-regensburg\/#breadcrumb"},"inLanguage":"de-DE","potentialAction":[{"@type":"ReadAction","target":["https:\/\/belux.edmo.eu\/de\/es-gab-keinen-angriff-auf-einen-osteuropischen-supermarkt-in-regensburg\/"]}]},{"@type":"ImageObject","inLanguage":"de-DE","@id":"https:\/\/belux.edmo.eu\/de\/es-gab-keinen-angriff-auf-einen-osteuropischen-supermarkt-in-regensburg\/#primaryimage","url":"https:\/\/belux.edmo.eu\/wp-content\/uploads\/2022\/05\/764a1e82e04405b020294dc5881fc183.jpeg","contentUrl":"https:\/\/belux.edmo.eu\/wp-content\/uploads\/2022\/05\/764a1e82e04405b020294dc5881fc183.jpeg","width":1080,"height":540},{"@type":"BreadcrumbList","@id":"https:\/\/belux.edmo.eu\/de\/es-gab-keinen-angriff-auf-einen-osteuropischen-supermarkt-in-regensburg\/#breadcrumb","itemListElement":[{"@type":"ListItem","position":1,"name":"Home","item":"https:\/\/belux.edmo.eu\/de\/"},{"@type":"ListItem","position":2,"name":"Es gab keinen Angriff auf einen osteurop\u00e4ischen Supermarkt in Regensburg"}]},{"@type":"WebSite","@id":"https:\/\/belux.edmo.eu\/#website","url":"https:\/\/belux.edmo.eu\/","name":"EDMO Belux","description":"Monitoring Disinformation in Belgium and Luxembourg","publisher":{"@id":"https:\/\/belux.edmo.eu\/#organization"},"potentialAction":[{"@type":"SearchAction","target":{"@type":"EntryPoint","urlTemplate":"https:\/\/belux.edmo.eu\/?s={search_term_string}"},"query-input":{"@type":"PropertyValueSpecification","valueRequired":true,"valueName":"search_term_string"}}],"inLanguage":"de-DE"},{"@type":"Organization","@id":"https:\/\/belux.edmo.eu\/#organization","name":"EDMO Belux","url":"https:\/\/belux.edmo.eu\/","logo":{"@type":"ImageObject","inLanguage":"de-DE","@id":"https:\/\/belux.edmo.eu\/#\/schema\/logo\/image\/","url":"https:\/\/belux.edmo.eu\/wp-content\/uploads\/2021\/12\/belux-logo-full-color-rgb.svg","contentUrl":"https:\/\/belux.edmo.eu\/wp-content\/uploads\/2021\/12\/belux-logo-full-color-rgb.svg","width":1,"height":1,"caption":"EDMO Belux"},"image":{"@id":"https:\/\/belux.edmo.eu\/#\/schema\/logo\/image\/"},"sameAs":["https:\/\/x.com\/Edmo_Belux"]},{"@type":"Person","@id":"https:\/\/belux.edmo.eu\/#\/schema\/person\/dbe3b252258537fd318f9b5645a30342","name":"master","sameAs":["https:\/\/belux.wpengine.com"],"url":"https:\/\/belux.edmo.eu\/de\/author\/master\/"}]}},"menu_order":0,"_links":{"self":[{"href":"https:\/\/belux.edmo.eu\/de\/wp-json\/wp\/v2\/posts\/24395","targetHints":{"allow":["GET"]}}],"collection":[{"href":"https:\/\/belux.edmo.eu\/de\/wp-json\/wp\/v2\/posts"}],"about":[{"href":"https:\/\/belux.edmo.eu\/de\/wp-json\/wp\/v2\/types\/post"}],"author":[{"embeddable":true,"href":"https:\/\/belux.edmo.eu\/de\/wp-json\/wp\/v2\/users\/1"}],"replies":[{"embeddable":true,"href":"https:\/\/belux.edmo.eu\/de\/wp-json\/wp\/v2\/comments?post=24395"}],"version-history":[{"count":0,"href":"https:\/\/belux.edmo.eu\/de\/wp-json\/wp\/v2\/posts\/24395\/revisions"}],"wp:featuredmedia":[{"embeddable":true,"href":"https:\/\/belux.edmo.eu\/de\/wp-json\/wp\/v2\/media\/53682"}],"wp:attachment":[{"href":"https:\/\/belux.edmo.eu\/de\/wp-json\/wp\/v2\/media?parent=24395"}],"wp:term":[{"taxonomy":"category","embeddable":true,"href":"https:\/\/belux.edmo.eu\/de\/wp-json\/wp\/v2\/categories?post=24395"},{"taxonomy":"post_tag","embeddable":true,"href":"https:\/\/belux.edmo.eu\/de\/wp-json\/wp\/v2\/tags?post=24395"}],"curies":[{"name":"wp","href":"https:\/\/api.w.org\/{rel}","templated":true}]}}