{"id":247551,"date":"2023-03-14T09:03:14","date_gmt":"2023-03-14T09:03:14","guid":{"rendered":"https:\/\/belux.edmo.eu\/?p=247551"},"modified":"2023-03-14T09:45:51","modified_gmt":"2023-03-14T09:45:51","slug":"jordan-peterson-kritisiert-in-diesem-video-nicht-die-deutsche-bundesregierung","status":"publish","type":"post","link":"https:\/\/belux.edmo.eu\/de\/jordan-peterson-kritisiert-in-diesem-video-nicht-die-deutsche-bundesregierung\/","title":{"rendered":"Jordan Peterson kritisiert in diesem Video nicht die deutsche Bundesregierung"},"content":{"rendered":"<p><b>In sozialen Netzwerken kursiert ein Video des kanadischen Psychologen und Autoren Jordan Peterson, in dem er angeblich \u00fcber deutsche Regierungspolitikerinnen und -politiker herzieht. Das Video ist eine F\u00e4lschung, ein sogenannter Deepfake, der mit Hilfe k\u00fcnstlicher Intelligenz erstellt wurde. Das best\u00e4tigten der Urheber des Clips sowie Peterson selbst.<\/b><\/p>\n<p>Die vermeintliche Aufnahme des kanadischen Psychologen und Bestsellerautors Jordan Peterson kursiert auf <a href=\"https:\/\/ghostarchive.org\/archive\/mzpCd\" shape=\"rect\">Facebook<\/a>, <a href=\"https:\/\/archive.ph\/6BI36\" shape=\"rect\">Telegram<\/a> und wurde tausendfach auf <a href=\"https:\/\/archive.is\/FlDWW\" shape=\"rect\">Twitter<\/a> geteilt.<\/p>\n<p><strong>Die Behauptung:<\/strong> Das Video zeigt Jordan Peterson, wie er sich vermeintlich kritisch \u00fcber deutsche Regierungsmitglieder \u00e4u\u00dfert. Die Bundesregierung sei eine &#8222;Kakistokratie&#8220;, eine Herrschaft der Schlechtesten und &#8222;eine einzige Freakshow, ein kompletter Zirkus&#8220;, sagt Peterson angeblich. Au\u00dfenministerin Annalena Baerbock (Gr\u00fcne) sei eine &#8222;vollst\u00e4ndige und absolute Blamage&#8220;. Auch Wirtschaftsminister Robert Habeck (Gr\u00fcne) \u2013 &#8222;nicht die geringste \u00f6konomische Erfahrung&#8220; \u2013 und Gesundheitsminister Karl Lauterbach (SPD) \u2013 &#8222;eine merkw\u00fcrdige, zombieartige Kreatur der Nacht&#8220; \u2013 erw\u00e4hnt der angebliche Peterson.<\/p>\n<div class=\"g2image\">\n<figure><img src=\"https:\/\/belux-edmo.s3-accelerate.amazonaws.com\/wp-content\/uploads\/2023\/03\/ba762c49273dca874911cd3eab70a25fe5e634b0-ipad.jpg\" \/><figcaption>Screenshot der Behauptung auf Facebook: 9. M\u00e4rz 2023<\/figcaption><\/figure>\n<\/div>\n<p>Der kanadische Psychologe und ehemalige Professor der Universit\u00e4t Toronto <a href=\"https:\/\/perma.cc\/JDV7-UZTQ\" shape=\"rect\">Jordan Peterson<\/a> hat in den vergangenen Jahren Ber\u00fchmtheit als Youtuber, Podcaster und Buchautor erlangt. Sein 2018 ver\u00f6ffentlichtes Ratgeberbuch &#8222;12 Rules for Life&#8220; wurde mit mehr als <a href=\"https:\/\/web.archive.org\/web\/20211121143901\/https:\/\/global.penguinrandomhouse.com\/announcements\/dr-jordan-b-peterson-announces-the-follow-up-to-his-global-bestseller-12-rules-of-life\/\" shape=\"rect\">f\u00fcnf Millionen verkauften Exemplaren<\/a> ein Bestseller. <a href=\"https:\/\/perma.cc\/6SC2-YPZU\" shape=\"rect\">Kritikerinnen und Kritiker<\/a> werfen Peterson vor, in Bezug auf Gender-Studies, Rollenbilder und politische Korrektheit rechte Positionen zu vertreten.<\/p>\n<p><b>Video stammt von Satireaccount<\/b><\/p>\n<p>Eine Suche auf dem <a href=\"https:\/\/perma.cc\/U5UU-QJ84\" shape=\"rect\">Youtube-Kanal<\/a> von Jordan Peterson f\u00fchrte AFP zum <a href=\"https:\/\/perma.cc\/TXD9-KJKC\" shape=\"rect\">Originalvideo<\/a>. Dieses wurde am 20. Februar 2023 auf der Videoplattform hochgeladen und zeigt Peterson im Gespr\u00e4ch mit dem russisch-britischen Satiriker und Autor <a href=\"https:\/\/perma.cc\/MP9S-ZVWQ\" shape=\"rect\">Konstantin Kisin<\/a>. Das Thema des knapp zweist\u00fcndigen Gespr\u00e4chs lautet: &#8222;Counter-Woke Revolution&#8220;.<\/p>\n<p>Peterson tr\u00e4gt in diesem Video denselben hellbraunen Anzug und dieselbe braun gemusterte Krawatte wie in dem aktuell geteilten Clip. Auch der Hintergrund mit dem Kamin links und der Stehlampe und den Topfpflanzen rechts hinter Peterson gleicht dem in dem Video, das in sozialen Netzwerken kursiert. Die Szene aus dem manipulierten Video beginnt im Originalvideo bei Minute 6:36. Das ist deutlich erkennbar an der Handbewegung, die Peterson mit dem blauen Stift in seiner rechten Hand vollf\u00fchrt. Auch Details wie die Falten seiner Anzugjacke stimmen exakt \u00fcberein.<\/p>\n<div class=\"grid-with-margin\">\n<div class=\"e-afp-col-layout\">\n<div class=\"g2image\">\n<figure><img src=\"https:\/\/belux-edmo.s3-accelerate.amazonaws.com\/wp-content\/uploads\/2023\/03\/fd9ecb34c2968669c0a7c58c3f3b9bca62bf289b-ipad.jpg\" \/><figcaption>Screenshot des manipulierten Videos auf Twitter: 10. M\u00e4rz 2023<\/figcaption><\/figure>\n<\/div>\n<\/div>\n<div class=\"e-afp-col-layout\">\n<div class=\"g2image\">\n<figure><img src=\"https:\/\/belux-edmo.s3-accelerate.amazonaws.com\/wp-content\/uploads\/2023\/03\/14c618dffbdff32b1f25fb1815a3eb611a72b274-ipad.jpg\" \/><figcaption>Screenshot der Originalvideos auf Youtube: 10. M\u00e4rz 2023<\/figcaption><\/figure>\n<\/div>\n<\/div>\n<\/div>\n<p>In der konkreten Szene spricht Peterson in Wahrheit \u00fcber &#8222;apokalyptische Moralisten&#8220;, die einen nachhaltigen Lebensstil forderten. Bei genauem Hinsehen l\u00e4sst sich in dem gef\u00e4lschten Video erkennen, dass Petersons vermeintliche Worte nicht immer hundertprozentig zu den Bewegungen seiner Lippen passen.<\/p>\n<div class=\"g2web\" style=\"text-align: center;\"><iframe title=\"YouTube video player\" src=\"https:\/\/www.youtube.com\/embed\/xnpUFLD_xlw?start=396\" width=\"560\" height=\"315\" frameborder=\"0\" scrolling=\"auto\" allowfullscreen=\"allowfullscreen\" data-mce-fragment=\"1\"><\/iframe><\/div>\n<p>Zuerst geteilt wurde das gef\u00e4lschte Video am <a href=\"https:\/\/archive.is\/7F54f\" shape=\"rect\">27. Februar 2023<\/a> auf dem Twitteraccount <a href=\"https:\/\/archive.is\/wrcOF\" shape=\"rect\">&#8222;Snicklink&#8220;<\/a>, der sich selbst als &#8222;Verschw\u00f6rungs-Komiker&#8220; (&#8222;conspiracy comedian&#8220;) beschreibt. Der Account postet regelm\u00e4\u00dfig <a href=\"https:\/\/archive.is\/sTv82\" shape=\"rect\">satirische Memes<\/a>, <a href=\"https:\/\/archive.is\/bBtPe\" shape=\"rect\">Fotomontagen<\/a> und <a href=\"https:\/\/archive.is\/HuMiK\" shape=\"rect\">manipulierte Videos<\/a> bekannter Politikerinnen und Politiker.<\/p>\n<p>Zu dem Satireaccount geh\u00f6rt auch die Facebookseite <a href=\"https:\/\/perma.cc\/R6YX-R9DP\" shape=\"rect\">&#8222;Snickers f\u00fcr Linksh\u00e4nder&#8220;<\/a>, die im <a href=\"https:\/\/perma.cc\/R445-24N8\" shape=\"rect\">Headerbild<\/a> den Schriftzug &#8222;Deepfakes f\u00fcr Linksschwurbler&#8220; tr\u00e4gt. Eine AFP-Anfrage zu den Hintergr\u00fcnden des Videos lie\u00dfen der oder die Betreiber des Twitter-Accounts unbeantwortet.<\/p>\n<p><b>Peterson verurteilt Deepfake-Video<\/b><\/p>\n<p>Nach der Ver\u00f6ffentlichung des Jordan-Peterson-Videos ver\u00f6ffentlichte &#8222;Snicklink&#8220; mehrere Beitr\u00e4ge auf Twitter, in denen der Clip als Deepfake bezeichnet wird. Am 4. M\u00e4rz 2023 postete der Account etwa einen <a href=\"https:\/\/archive.is\/Hq1rY\" shape=\"rect\">Screenshot einer Beschwerde auf Twitter<\/a> \u00fcber das urspr\u00fcngliche Video mit dem Kommentar: &#8222;Beschwerde von echtem Menschen \u00fcber Inhalt von AI-generierter Stimme auf echtem Promi mit falscher Mundbewegung.&#8220; Einen Tag sp\u00e4ter, am 5. M\u00e4rz 2023, postete &#8222;Snicklink&#8220; erneut ein <a href=\"https:\/\/archive.is\/2kjc9\" shape=\"rect\">Deepfake-Video von Peterson<\/a>, in dem dieser auf das urspr\u00fcngliche Video reagiert, mit den Worten: &#8222;Jordan Peterson reagiert auf Deepfake von sich selbst!&#8220;<\/p>\n<div class=\"g2web\" style=\"text-align: center;\">\n<blockquote class=\"twitter-tweet\">\n<p dir=\"ltr\" lang=\"en\">Jordan Peterson reacts to Deepfake of himself! <a href=\"https:\/\/t.co\/wYWTxObokA\" shape=\"rect\">pic.twitter.com\/wYWTxObokA<\/a><\/p>\n<p>\u2014 Snicklink (@snicklink)<br \/>\n<a href=\"https:\/\/twitter.com\/snicklink\/status\/1632171254311530497?ref_src=twsrc%5Etfw\" shape=\"rect\">March 5, 2023<\/a><\/p><\/blockquote>\n<p><script async=\"\" charset=\"utf-8\" src=\"https:\/\/platform.twitter.com\/widgets.js\" xml:space=\"preserve\"><\/script><\/p>\n<\/div>\n<p>Ein Video Jordan Petersons wurde schon einmal von dem Twitteraccount &#8222;Snicklink&#8220; ver\u00e4ndert. Ein weiteres manipuliertes Video vom 12. Februar 2023 zeigt Peterson, wie er angeblich \u00fcber den \u00f6sterreichischen Rapper Money Boy <a href=\"https:\/\/archive.is\/VKUiW\" shape=\"rect\">spricht<\/a>.<\/p>\n<p>Peterson selbst <a href=\"https:\/\/archive.is\/RmpNT\" shape=\"rect\">verurteilte<\/a> das aktuell gef\u00e4lschte Video am 4. M\u00e4rz 2023 ebenfalls via Twitter. Auch wenn die Stimme nicht ganz synchron sei, erscheine das Video \u00fcberzeugend, schrieb er und <a href=\"https:\/\/archive.is\/FApBU\" shape=\"rect\">f\u00fcgte an<\/a>: &#8222;Die Produktion solcher F\u00e4lschungen sollte eine Straftat sein, die mit zehn Jahren Haft geahndet wird. Diese Technologie ist unvorstellbar gef\u00e4hrlich.&#8220;<\/p>\n<div class=\"g2web\" style=\"text-align: center;\">\n<blockquote class=\"twitter-tweet\">\n<p dir=\"ltr\" lang=\"en\">There is an AI deepfake of me making derogatory comments about the German government circulating. The voice is off but it&#8217;s otherwise moderately convincing.<\/p>\n<p>\u2014 Dr Jordan B Peterson (@jordanbpeterson)<br \/>\n<a href=\"https:\/\/twitter.com\/jordanbpeterson\/status\/1632126666850836481?ref_src=twsrc%5Etfw\" shape=\"rect\">March 4, 2023<\/a><\/p><\/blockquote>\n<p><script async=\"\" charset=\"utf-8\" src=\"https:\/\/platform.twitter.com\/widgets.js\" xml:space=\"preserve\"><\/script><\/p>\n<\/div>\n<p><a href=\"https:\/\/perma.cc\/6MTP-7X3M\" shape=\"rect\">Deepfakes<\/a> sind manipulierte Videos, in denen die Gesichtsz\u00fcge einer Person mit Hilfe k\u00fcnstlicher Intelligenz auf den K\u00f6rper einer anderen Person gelegt werden. Mittlerweile k\u00f6nnen mit Hilfe der Technologie auch <a href=\"https:\/\/perma.cc\/EEY4-H6Q6\" shape=\"rect\">menschliche Stimmen<\/a> t\u00e4uschend echt imitiert werden. In manchen F\u00e4llen lassen sich Deepfakes anhand typischer Merkmale erkennen.<\/p>\n<p>Das \u00f6sterreichische Portal <a href=\"https:\/\/perma.cc\/CM6X-ZZEK\" shape=\"rect\">&#8222;Saferinternet&#8220;<\/a> hat diese Merkmale auf seiner Website zusammengestellt. So k\u00f6nnen etwa unnat\u00fcrliche Mimik oder ein leerer Blick auf eine F\u00e4lschung hindeuten. Oft ist der \u00dcbergang zwischen Gesicht und Haaren oder Gesicht und Bart bei Deepfakes unscharf. Im Fall des Peterson-Videos l\u00e4sst sich erkennen, dass sich dessen Falten um die Mundwinkel trotz der Lippenbewegungen nicht bewegen, was auf eine F\u00e4lschung hindeutet.<\/p>\n<p>In der Vergangenheit haben Deepfakes des ehemaligen US-Pr\u00e4sidenten <a href=\"https:\/\/perma.cc\/98TZ-5YQC\" shape=\"rect\">Barack Obama<\/a> und des Schauspielers <a href=\"https:\/\/perma.cc\/8FW3-ZX7R\" shape=\"rect\">Tom Cruise<\/a> gro\u00dfe Aufmerksamkeit im Netz erregt.<\/p>\n<p><strong>Fazit:<\/strong> Das Video, in dem Jordan Peterson die deutsche Bundesregierung kritisiert, ist eine F\u00e4lschung. Das Originalvideo auf Youtube zeigt ein Gespr\u00e4ch zwischen Peterson und einem Satiriker. Der Urheber des manipulierten Videos bezeichnete es selbst als Deepfake. Peterson selbst verurteilte die F\u00e4lschung auf Twitter.<\/p>\n","protected":false},"excerpt":{"rendered":"<p>Die vermeintliche Aufnahme des kanadischen Psychologen und Bestsellerautors Jordan Peterson kursiert auf Facebook, Telegram und wurde tausendfach auf Twitter geteilt.<\/p>\n","protected":false},"author":1,"featured_media":247531,"comment_status":"closed","ping_status":"open","sticky":false,"template":"","format":"standard","meta":{"_acf_changed":false,"footnotes":""},"categories":[127,139,133,136],"tags":[],"class_list":{"0":"post-247551","1":"post","2":"type-post","3":"status-publish","4":"format-standard","5":"has-post-thumbnail","7":"category-fact-check-de","8":"category-gesellschaft-de","9":"category-politics-de","10":"category-wissenschaft"},"acf":{"show_metatags":true,"id":"http:\/\/doc.afp.com\/33AX7JP","authors":"Feliks TODTMANN \/ AFP Deutschland","organization":"AFP","featured_image_copyright":"","text_copyright":"\u00a9 AGENCE FRANCE-PRESSE | 2023 | Alle Rechte vorbehalten. Jede Nutzung von AFP-Inhalten auf dieser Website unterliegt den Nutzungsbedingungen auf <a href='https:\/\/www.afp.com\/en\/terms-use' target='_blank'>CGU<\/a>. Durch den Zugriff auf die auf dieser Website verf\u00fcgbaren AFP-Inhalte und\/oder deren Nutzung erkl\u00e4ren Sie sich mit den oben genannten Nutzungsbedingungen einverstanden. Jede Nutzung von AFP-Inhalten erfolgt unter Ihrer alleinigen und vollen Verantwortung.","source":"https:\/\/faktencheck.afp.com\/doc.afp.com.33AX7JP","fact_checker":"https:\/\/belux.wpengine.com\/wp-content\/uploads\/2021\/12\/afp_logo.png","type":"Closed Event","location":"","start_date":"","start_date_event_begins_at":"","start_date_event_ends_at":"","end_date":"","end_date_event_begins_at":"","end_date_event_ends_at":"","organizer":"","fact_checker_logo_image":false},"yoast_head":"<!-- This site is optimized with the Yoast SEO plugin v27.0 - https:\/\/yoast.com\/product\/yoast-seo-wordpress\/ -->\n<title>Jordan Peterson kritisiert in diesem Video nicht die deutsche Bundesregierung - EDMO Belux<\/title>\n<meta name=\"robots\" content=\"index, follow, max-snippet:-1, max-image-preview:large, max-video-preview:-1\" \/>\n<link rel=\"canonical\" href=\"https:\/\/belux.edmo.eu\/de\/jordan-peterson-kritisiert-in-diesem-video-nicht-die-deutsche-bundesregierung\/\" \/>\n<meta property=\"og:locale\" content=\"de_DE\" \/>\n<meta property=\"og:type\" content=\"article\" \/>\n<meta property=\"og:title\" content=\"Jordan Peterson kritisiert in diesem Video nicht die deutsche Bundesregierung - EDMO Belux\" \/>\n<meta property=\"og:description\" content=\"Die vermeintliche Aufnahme des kanadischen Psychologen und Bestsellerautors Jordan Peterson kursiert auf Facebook, Telegram und wurde tausendfach auf Twitter geteilt.\" \/>\n<meta property=\"og:url\" content=\"https:\/\/belux.edmo.eu\/de\/jordan-peterson-kritisiert-in-diesem-video-nicht-die-deutsche-bundesregierung\/\" \/>\n<meta property=\"og:site_name\" content=\"EDMO Belux\" \/>\n<meta property=\"article:published_time\" content=\"2023-03-14T09:03:14+00:00\" \/>\n<meta property=\"article:modified_time\" content=\"2023-03-14T09:45:51+00:00\" \/>\n<meta property=\"og:image\" content=\"https:\/\/belux-edmo.s3-accelerate.amazonaws.com\/wp-content\/uploads\/2023\/03\/123b8c04100ffb917f0a47efafa3736f487593f8-ipad.jpg\" \/>\n\t<meta property=\"og:image:width\" content=\"1080\" \/>\n\t<meta property=\"og:image:height\" content=\"540\" \/>\n\t<meta property=\"og:image:type\" content=\"image\/jpeg\" \/>\n<meta name=\"author\" content=\"master\" \/>\n<meta name=\"twitter:card\" content=\"summary_large_image\" \/>\n<meta name=\"twitter:creator\" content=\"@Edmo_Belux\" \/>\n<meta name=\"twitter:site\" content=\"@Edmo_Belux\" \/>\n<meta name=\"twitter:label1\" content=\"Verfasst von\" \/>\n\t<meta name=\"twitter:data1\" content=\"master\" \/>\n\t<meta name=\"twitter:label2\" content=\"Gesch\u00e4tzte Lesezeit\" \/>\n\t<meta name=\"twitter:data2\" content=\"4 Minuten\" \/>\n<script type=\"application\/ld+json\" class=\"yoast-schema-graph\">{\"@context\":\"https:\/\/schema.org\",\"@graph\":[{\"@type\":\"Article\",\"@id\":\"https:\/\/belux.edmo.eu\/de\/jordan-peterson-kritisiert-in-diesem-video-nicht-die-deutsche-bundesregierung\/#article\",\"isPartOf\":{\"@id\":\"https:\/\/belux.edmo.eu\/de\/jordan-peterson-kritisiert-in-diesem-video-nicht-die-deutsche-bundesregierung\/\"},\"author\":{\"name\":\"master\",\"@id\":\"https:\/\/belux.edmo.eu\/#\/schema\/person\/dbe3b252258537fd318f9b5645a30342\"},\"headline\":\"Jordan Peterson kritisiert in diesem Video nicht die deutsche Bundesregierung\",\"datePublished\":\"2023-03-14T09:03:14+00:00\",\"dateModified\":\"2023-03-14T09:45:51+00:00\",\"mainEntityOfPage\":{\"@id\":\"https:\/\/belux.edmo.eu\/de\/jordan-peterson-kritisiert-in-diesem-video-nicht-die-deutsche-bundesregierung\/\"},\"wordCount\":907,\"publisher\":{\"@id\":\"https:\/\/belux.edmo.eu\/#organization\"},\"image\":{\"@id\":\"https:\/\/belux.edmo.eu\/de\/jordan-peterson-kritisiert-in-diesem-video-nicht-die-deutsche-bundesregierung\/#primaryimage\"},\"thumbnailUrl\":\"https:\/\/belux-edmo.s3-accelerate.amazonaws.com\/wp-content\/uploads\/2023\/03\/123b8c04100ffb917f0a47efafa3736f487593f8-ipad.jpg\",\"articleSection\":[\"Fact Check\",\"Gesellschaft\",\"Politik\",\"Wissenschaft\"],\"inLanguage\":\"de-DE\"},{\"@type\":\"WebPage\",\"@id\":\"https:\/\/belux.edmo.eu\/de\/jordan-peterson-kritisiert-in-diesem-video-nicht-die-deutsche-bundesregierung\/\",\"url\":\"https:\/\/belux.edmo.eu\/de\/jordan-peterson-kritisiert-in-diesem-video-nicht-die-deutsche-bundesregierung\/\",\"name\":\"Jordan Peterson kritisiert in diesem Video nicht die deutsche Bundesregierung - EDMO Belux\",\"isPartOf\":{\"@id\":\"https:\/\/belux.edmo.eu\/#website\"},\"primaryImageOfPage\":{\"@id\":\"https:\/\/belux.edmo.eu\/de\/jordan-peterson-kritisiert-in-diesem-video-nicht-die-deutsche-bundesregierung\/#primaryimage\"},\"image\":{\"@id\":\"https:\/\/belux.edmo.eu\/de\/jordan-peterson-kritisiert-in-diesem-video-nicht-die-deutsche-bundesregierung\/#primaryimage\"},\"thumbnailUrl\":\"https:\/\/belux-edmo.s3-accelerate.amazonaws.com\/wp-content\/uploads\/2023\/03\/123b8c04100ffb917f0a47efafa3736f487593f8-ipad.jpg\",\"datePublished\":\"2023-03-14T09:03:14+00:00\",\"dateModified\":\"2023-03-14T09:45:51+00:00\",\"breadcrumb\":{\"@id\":\"https:\/\/belux.edmo.eu\/de\/jordan-peterson-kritisiert-in-diesem-video-nicht-die-deutsche-bundesregierung\/#breadcrumb\"},\"inLanguage\":\"de-DE\",\"potentialAction\":[{\"@type\":\"ReadAction\",\"target\":[\"https:\/\/belux.edmo.eu\/de\/jordan-peterson-kritisiert-in-diesem-video-nicht-die-deutsche-bundesregierung\/\"]}]},{\"@type\":\"ImageObject\",\"inLanguage\":\"de-DE\",\"@id\":\"https:\/\/belux.edmo.eu\/de\/jordan-peterson-kritisiert-in-diesem-video-nicht-die-deutsche-bundesregierung\/#primaryimage\",\"url\":\"https:\/\/belux-edmo.s3-accelerate.amazonaws.com\/wp-content\/uploads\/2023\/03\/123b8c04100ffb917f0a47efafa3736f487593f8-ipad.jpg\",\"contentUrl\":\"https:\/\/belux-edmo.s3-accelerate.amazonaws.com\/wp-content\/uploads\/2023\/03\/123b8c04100ffb917f0a47efafa3736f487593f8-ipad.jpg\",\"width\":1080,\"height\":540,\"caption\":\"Jordan Peterson kritisiert in diesem Video nicht die deutsche Bundesregierung - Featured image\"},{\"@type\":\"BreadcrumbList\",\"@id\":\"https:\/\/belux.edmo.eu\/de\/jordan-peterson-kritisiert-in-diesem-video-nicht-die-deutsche-bundesregierung\/#breadcrumb\",\"itemListElement\":[{\"@type\":\"ListItem\",\"position\":1,\"name\":\"Home\",\"item\":\"https:\/\/belux.edmo.eu\/de\/\"},{\"@type\":\"ListItem\",\"position\":2,\"name\":\"Jordan Peterson kritisiert in diesem Video nicht die deutsche Bundesregierung\"}]},{\"@type\":\"WebSite\",\"@id\":\"https:\/\/belux.edmo.eu\/#website\",\"url\":\"https:\/\/belux.edmo.eu\/\",\"name\":\"EDMO Belux\",\"description\":\"Monitoring Disinformation in Belgium and Luxembourg\",\"publisher\":{\"@id\":\"https:\/\/belux.edmo.eu\/#organization\"},\"potentialAction\":[{\"@type\":\"SearchAction\",\"target\":{\"@type\":\"EntryPoint\",\"urlTemplate\":\"https:\/\/belux.edmo.eu\/?s={search_term_string}\"},\"query-input\":{\"@type\":\"PropertyValueSpecification\",\"valueRequired\":true,\"valueName\":\"search_term_string\"}}],\"inLanguage\":\"de-DE\"},{\"@type\":\"Organization\",\"@id\":\"https:\/\/belux.edmo.eu\/#organization\",\"name\":\"EDMO Belux\",\"url\":\"https:\/\/belux.edmo.eu\/\",\"logo\":{\"@type\":\"ImageObject\",\"inLanguage\":\"de-DE\",\"@id\":\"https:\/\/belux.edmo.eu\/#\/schema\/logo\/image\/\",\"url\":\"https:\/\/belux.edmo.eu\/wp-content\/uploads\/2021\/12\/belux-logo-full-color-rgb.svg\",\"contentUrl\":\"https:\/\/belux.edmo.eu\/wp-content\/uploads\/2021\/12\/belux-logo-full-color-rgb.svg\",\"width\":1,\"height\":1,\"caption\":\"EDMO Belux\"},\"image\":{\"@id\":\"https:\/\/belux.edmo.eu\/#\/schema\/logo\/image\/\"},\"sameAs\":[\"https:\/\/x.com\/Edmo_Belux\"]},{\"@type\":\"Person\",\"@id\":\"https:\/\/belux.edmo.eu\/#\/schema\/person\/dbe3b252258537fd318f9b5645a30342\",\"name\":\"master\",\"sameAs\":[\"https:\/\/belux.wpengine.com\"],\"url\":\"https:\/\/belux.edmo.eu\/de\/author\/master\/\"}]}<\/script>\n<!-- \/ Yoast SEO plugin. -->","yoast_head_json":{"title":"Jordan Peterson kritisiert in diesem Video nicht die deutsche Bundesregierung - EDMO Belux","robots":{"index":"index","follow":"follow","max-snippet":"max-snippet:-1","max-image-preview":"max-image-preview:large","max-video-preview":"max-video-preview:-1"},"canonical":"https:\/\/belux.edmo.eu\/de\/jordan-peterson-kritisiert-in-diesem-video-nicht-die-deutsche-bundesregierung\/","og_locale":"de_DE","og_type":"article","og_title":"Jordan Peterson kritisiert in diesem Video nicht die deutsche Bundesregierung - EDMO Belux","og_description":"Die vermeintliche Aufnahme des kanadischen Psychologen und Bestsellerautors Jordan Peterson kursiert auf Facebook, Telegram und wurde tausendfach auf Twitter geteilt.","og_url":"https:\/\/belux.edmo.eu\/de\/jordan-peterson-kritisiert-in-diesem-video-nicht-die-deutsche-bundesregierung\/","og_site_name":"EDMO Belux","article_published_time":"2023-03-14T09:03:14+00:00","article_modified_time":"2023-03-14T09:45:51+00:00","og_image":[{"width":1080,"height":540,"url":"https:\/\/belux-edmo.s3-accelerate.amazonaws.com\/wp-content\/uploads\/2023\/03\/123b8c04100ffb917f0a47efafa3736f487593f8-ipad.jpg","type":"image\/jpeg"}],"author":"master","twitter_card":"summary_large_image","twitter_creator":"@Edmo_Belux","twitter_site":"@Edmo_Belux","twitter_misc":{"Verfasst von":"master","Gesch\u00e4tzte Lesezeit":"4 Minuten"},"schema":{"@context":"https:\/\/schema.org","@graph":[{"@type":"Article","@id":"https:\/\/belux.edmo.eu\/de\/jordan-peterson-kritisiert-in-diesem-video-nicht-die-deutsche-bundesregierung\/#article","isPartOf":{"@id":"https:\/\/belux.edmo.eu\/de\/jordan-peterson-kritisiert-in-diesem-video-nicht-die-deutsche-bundesregierung\/"},"author":{"name":"master","@id":"https:\/\/belux.edmo.eu\/#\/schema\/person\/dbe3b252258537fd318f9b5645a30342"},"headline":"Jordan Peterson kritisiert in diesem Video nicht die deutsche Bundesregierung","datePublished":"2023-03-14T09:03:14+00:00","dateModified":"2023-03-14T09:45:51+00:00","mainEntityOfPage":{"@id":"https:\/\/belux.edmo.eu\/de\/jordan-peterson-kritisiert-in-diesem-video-nicht-die-deutsche-bundesregierung\/"},"wordCount":907,"publisher":{"@id":"https:\/\/belux.edmo.eu\/#organization"},"image":{"@id":"https:\/\/belux.edmo.eu\/de\/jordan-peterson-kritisiert-in-diesem-video-nicht-die-deutsche-bundesregierung\/#primaryimage"},"thumbnailUrl":"https:\/\/belux-edmo.s3-accelerate.amazonaws.com\/wp-content\/uploads\/2023\/03\/123b8c04100ffb917f0a47efafa3736f487593f8-ipad.jpg","articleSection":["Fact Check","Gesellschaft","Politik","Wissenschaft"],"inLanguage":"de-DE"},{"@type":"WebPage","@id":"https:\/\/belux.edmo.eu\/de\/jordan-peterson-kritisiert-in-diesem-video-nicht-die-deutsche-bundesregierung\/","url":"https:\/\/belux.edmo.eu\/de\/jordan-peterson-kritisiert-in-diesem-video-nicht-die-deutsche-bundesregierung\/","name":"Jordan Peterson kritisiert in diesem Video nicht die deutsche Bundesregierung - EDMO Belux","isPartOf":{"@id":"https:\/\/belux.edmo.eu\/#website"},"primaryImageOfPage":{"@id":"https:\/\/belux.edmo.eu\/de\/jordan-peterson-kritisiert-in-diesem-video-nicht-die-deutsche-bundesregierung\/#primaryimage"},"image":{"@id":"https:\/\/belux.edmo.eu\/de\/jordan-peterson-kritisiert-in-diesem-video-nicht-die-deutsche-bundesregierung\/#primaryimage"},"thumbnailUrl":"https:\/\/belux-edmo.s3-accelerate.amazonaws.com\/wp-content\/uploads\/2023\/03\/123b8c04100ffb917f0a47efafa3736f487593f8-ipad.jpg","datePublished":"2023-03-14T09:03:14+00:00","dateModified":"2023-03-14T09:45:51+00:00","breadcrumb":{"@id":"https:\/\/belux.edmo.eu\/de\/jordan-peterson-kritisiert-in-diesem-video-nicht-die-deutsche-bundesregierung\/#breadcrumb"},"inLanguage":"de-DE","potentialAction":[{"@type":"ReadAction","target":["https:\/\/belux.edmo.eu\/de\/jordan-peterson-kritisiert-in-diesem-video-nicht-die-deutsche-bundesregierung\/"]}]},{"@type":"ImageObject","inLanguage":"de-DE","@id":"https:\/\/belux.edmo.eu\/de\/jordan-peterson-kritisiert-in-diesem-video-nicht-die-deutsche-bundesregierung\/#primaryimage","url":"https:\/\/belux-edmo.s3-accelerate.amazonaws.com\/wp-content\/uploads\/2023\/03\/123b8c04100ffb917f0a47efafa3736f487593f8-ipad.jpg","contentUrl":"https:\/\/belux-edmo.s3-accelerate.amazonaws.com\/wp-content\/uploads\/2023\/03\/123b8c04100ffb917f0a47efafa3736f487593f8-ipad.jpg","width":1080,"height":540,"caption":"Jordan Peterson kritisiert in diesem Video nicht die deutsche Bundesregierung - Featured image"},{"@type":"BreadcrumbList","@id":"https:\/\/belux.edmo.eu\/de\/jordan-peterson-kritisiert-in-diesem-video-nicht-die-deutsche-bundesregierung\/#breadcrumb","itemListElement":[{"@type":"ListItem","position":1,"name":"Home","item":"https:\/\/belux.edmo.eu\/de\/"},{"@type":"ListItem","position":2,"name":"Jordan Peterson kritisiert in diesem Video nicht die deutsche Bundesregierung"}]},{"@type":"WebSite","@id":"https:\/\/belux.edmo.eu\/#website","url":"https:\/\/belux.edmo.eu\/","name":"EDMO Belux","description":"Monitoring Disinformation in Belgium and Luxembourg","publisher":{"@id":"https:\/\/belux.edmo.eu\/#organization"},"potentialAction":[{"@type":"SearchAction","target":{"@type":"EntryPoint","urlTemplate":"https:\/\/belux.edmo.eu\/?s={search_term_string}"},"query-input":{"@type":"PropertyValueSpecification","valueRequired":true,"valueName":"search_term_string"}}],"inLanguage":"de-DE"},{"@type":"Organization","@id":"https:\/\/belux.edmo.eu\/#organization","name":"EDMO Belux","url":"https:\/\/belux.edmo.eu\/","logo":{"@type":"ImageObject","inLanguage":"de-DE","@id":"https:\/\/belux.edmo.eu\/#\/schema\/logo\/image\/","url":"https:\/\/belux.edmo.eu\/wp-content\/uploads\/2021\/12\/belux-logo-full-color-rgb.svg","contentUrl":"https:\/\/belux.edmo.eu\/wp-content\/uploads\/2021\/12\/belux-logo-full-color-rgb.svg","width":1,"height":1,"caption":"EDMO Belux"},"image":{"@id":"https:\/\/belux.edmo.eu\/#\/schema\/logo\/image\/"},"sameAs":["https:\/\/x.com\/Edmo_Belux"]},{"@type":"Person","@id":"https:\/\/belux.edmo.eu\/#\/schema\/person\/dbe3b252258537fd318f9b5645a30342","name":"master","sameAs":["https:\/\/belux.wpengine.com"],"url":"https:\/\/belux.edmo.eu\/de\/author\/master\/"}]}},"menu_order":0,"_links":{"self":[{"href":"https:\/\/belux.edmo.eu\/de\/wp-json\/wp\/v2\/posts\/247551","targetHints":{"allow":["GET"]}}],"collection":[{"href":"https:\/\/belux.edmo.eu\/de\/wp-json\/wp\/v2\/posts"}],"about":[{"href":"https:\/\/belux.edmo.eu\/de\/wp-json\/wp\/v2\/types\/post"}],"author":[{"embeddable":true,"href":"https:\/\/belux.edmo.eu\/de\/wp-json\/wp\/v2\/users\/1"}],"replies":[{"embeddable":true,"href":"https:\/\/belux.edmo.eu\/de\/wp-json\/wp\/v2\/comments?post=247551"}],"version-history":[{"count":0,"href":"https:\/\/belux.edmo.eu\/de\/wp-json\/wp\/v2\/posts\/247551\/revisions"}],"wp:featuredmedia":[{"embeddable":true,"href":"https:\/\/belux.edmo.eu\/de\/wp-json\/wp\/v2\/media\/247531"}],"wp:attachment":[{"href":"https:\/\/belux.edmo.eu\/de\/wp-json\/wp\/v2\/media?parent=247551"}],"wp:term":[{"taxonomy":"category","embeddable":true,"href":"https:\/\/belux.edmo.eu\/de\/wp-json\/wp\/v2\/categories?post=247551"},{"taxonomy":"post_tag","embeddable":true,"href":"https:\/\/belux.edmo.eu\/de\/wp-json\/wp\/v2\/tags?post=247551"}],"curies":[{"name":"wp","href":"https:\/\/api.w.org\/{rel}","templated":true}]}}