{"id":256997,"date":"2023-04-05T14:46:52","date_gmt":"2023-04-05T14:46:52","guid":{"rendered":"https:\/\/belux.edmo.eu\/?p=256997"},"modified":"2023-04-05T17:26:28","modified_gmt":"2023-04-05T17:26:28","slug":"diese-karte-illustriert-den-vorschlag-eines-russischen-politikers-aus-dem-jahr-2014-die-ukraine-zu-teilen","status":"publish","type":"post","link":"https:\/\/belux.edmo.eu\/de\/diese-karte-illustriert-den-vorschlag-eines-russischen-politikers-aus-dem-jahr-2014-die-ukraine-zu-teilen\/","title":{"rendered":"Diese Karte illustriert den Vorschlag eines russischen Politikers aus dem Jahr 2014, die Ukraine zu teilen"},"content":{"rendered":"<p><b>In sozialen Netzwerken kursiert ein Ausschnitt einer angeblich aktuellen polnischen Nachrichtensendung. Demnach planten die Nachbarstaaten der Ukraine, Polen, Ungarn, Rum\u00e4nien und Russland, sich gro\u00dfe Teile des ukrainischen Territoriums untereinander aufzuteilen, hei\u00dft es. Das Video ist echt, stammt allerdings aus dem Jahr 2014 und illustriert den Vorschlag eines rechtsextremen russischen Politikers zur Teilung der Ukraine an die polnische Regierung.\u00a0<\/b><\/p>\n<p>Das Video wurde Ende M\u00e4rz 2023 auf <a href=\"https:\/\/perma.cc\/7GZX-XYQS\" shape=\"rect\">Facebook<\/a> geteilt. Derselbe Clip kursierte allerdings bereits seit M\u00e4rz vergangenen Jahres auf <a href=\"https:\/\/perma.cc\/83QF-3JC6?type=image\" shape=\"rect\">Serbisch<\/a> und wurde von AFP <a href=\"https:\/\/cinjenice.afp.com\/doc.afp.com.32AA42E\" shape=\"rect\">hier <\/a>widerlegt.<\/p>\n<p><strong>Die Behauptung:<\/strong> Das aktuell geteilte Video zeigt eine Karte der Ukraine in den ukrainischen Nationalfarben blau und gelb. Einzelne Teile des ukrainischen Staatsgebietes gehen nach und nach an die Nachbarl\u00e4nder Polen, Ungarn, Rum\u00e4nien und Russland. Im Beitragstext hei\u00dft es dazu: &#8222;Heute im polnischen TV!! Die Karte zeigt, dass der gesamte S\u00fcden und Osten der Ukraine zu Russland geh\u00f6ren wird. Der westliche Teil wird sich Polen anschlie\u00dfen. Kleine Teile des Territoriums werden an Rum\u00e4nien und Ungarn gehen.&#8220;<\/p>\n<div class=\"g2image\">\n<figure><img src=\"https:\/\/belux-edmo.s3-accelerate.amazonaws.com\/wp-content\/uploads\/2023\/04\/1c89e3757dd1b204a5ffb6e3dfa7bd12d9e5d0f0-ipad.jpg\" \/><figcaption>Screenshot der Behauptung auf Facebook: 4. April 2023<\/figcaption><\/figure>\n<\/div>\n<p>Im Zusammenhang mit dem russischen Angriff auf die Ukraine wird Polen, einer der engsten Verb\u00fcndeten der Ukraine, immer wieder zum Ziel von Desinformation. So \u00fcberpr\u00fcfte AFP in der Vergangenheit etwa ein Video, das zeigen soll, wie polnische B\u00fcrgerinnen und B\u00fcrger <a href=\"https:\/\/faktencheck.afp.com\/doc.afp.com.337C639\" shape=\"rect\">vor einer angeblichen Mobilmachung fliehen<\/a> oder eine Wetterkarte, die <a href=\"https:\/\/faktencheck.afp.com\/doc.afp.com.337Z2DT\" shape=\"rect\">angebliche Bestrebungen Polens, Teile der Ukraine zu annektieren<\/a>, belegen soll. In beiden F\u00e4llen handelte es sich um F\u00e4lschungen. Faktenchecks zum Krieg in der Ukraine sammelt AFP <a href=\"https:\/\/faktencheck.afp.com\/list\/all\/all\/39405\/all\/tid-39405\" shape=\"rect\">hier<\/a>.<\/p>\n<p><b>Echter Ausschnitt aus polnischer Nachrichtensendung<\/b><\/p>\n<p>Die aktuell geteilten Beitr\u00e4ge in sozialen Netzwerken suggerieren, dass es sich bei der gezeigten Teilung um aktuelle polnische Pl\u00e4ne handelt, die Ukraine unter ihren Nachbarn aufzuteilen. Der Ausschnitt stammt tats\u00e4chlich aus einer Sendung des polnischen Fernsehens. Die St\u00e4dtenamen und die Namen der Nachbarl\u00e4nder auf der Karte sind in polnischer Sprache gehalten und auch die Off-Stimme spricht Polnisch. In der oberen rechten Ecke des Bildes erscheint zudem das Logo des staatlichen polnischen Senders TVP1.<\/p>\n<p>Eine Google-Suche mit den polnischen Suchbegriffen &#8222;Karte&#8220;, &#8222;Teilung&#8220;und &#8222;Ukraine&#8220; f\u00fchrte AFP zu einem <a href=\"https:\/\/perma.cc\/M9EV-R55Q\" shape=\"rect\">Beitrag<\/a>, der bereits vor neun Jahren, am 23. M\u00e4rz 2014, kurz nach der <a href=\"https:\/\/web.archive.org\/web\/20140322013525\/http:\/\/de.ria.ru\/politics\/20140321\/268085417.html\" shape=\"rect\">russischen Annexion der Krim<\/a> auf der Website von <a href=\"https:\/\/perma.cc\/SQ9X-TAAS\" shape=\"rect\">TVP<\/a> ver\u00f6ffentlicht wurde. Der Bericht tr\u00e4gt den Titel: &#8222;Duma an das polnische Au\u00dfenministerium: Lasst uns die Ukraine spalten&#8220; und behandelt ein Angebot des mittlerweile verstorbenen russischen Abgeordneten <a href=\"https:\/\/perma.cc\/PX3T-LPAW\" shape=\"rect\">Wladimir Schirinowski<\/a> an das polnische Au\u00dfenministerium.<\/p>\n<div class=\"g2image\">\n<figure><img src=\"https:\/\/belux-edmo.s3-accelerate.amazonaws.com\/wp-content\/uploads\/2023\/04\/f249fc3cc03e327eefd78c8fe62cba5dcea3cfc6-ipad.jpg\" \/><figcaption>Screenshot des Originalbeitrags vom 23. M\u00e4rz 2014 auf tvp.info: 5. April 2023 (Hervorhebung durch AFP)<\/figcaption><\/figure>\n<\/div>\n<p>Demnach habe das Au\u00dfenministerium in Warschau ein offizielles Schreiben der russischen Duma mit einem Vorschlag zur Aufteilung der Ukraine erhalten, hei\u00dft es in dem TVP-Beitrag. Die Duma ist das Unterhaus der F\u00f6derationsversammlung Russlands, dem russischen Parlament. Schirinowski <a href=\"https:\/\/perma.cc\/PL3B-J4PF\" shape=\"rect\">verstarb Anfang April 2022<\/a> in Moskau. An seiner Beerdigung am 8. April 2022 nahm auch der russische Pr\u00e4sident Wladimir Putin teil, wie <a href=\"https:\/\/perma.cc\/B545-2GUF\" shape=\"rect\">AFP berichtete<\/a>.<\/p>\n<p>In dem Schreiben schl\u00e4gt der damalige Vorsitzende der ultranationalistischen LDPR-Partei, Wladimir Schirinowski, Polen vor, ein Referendum \u00fcber die Annexion von f\u00fcnf westukrainischen Regionen \u2013 Wolhynien, Lwiw, Iwano-Frankiwsk, Ternopil und Riwne \u2013 abzuhalten, hei\u00dft es in dem Bericht. Ein \u00e4hnliches &#8222;Angebot&#8220; sei demnach an Ungarn und Rum\u00e4nien in Bezug auf die Regionen Transkarpatien, beziehungsweise Czernowitz \u00fcbermittelt worden. Russland sollte den Osten und S\u00fcden der Ukraine annektieren, sodass lediglich der zentrale Teil der Ukraine als Rumpfstaat erhalten bliebe.<\/p>\n<p><b>Dumaabgeordneter schug Teilung der Ukraine vor<\/b><\/p>\n<p>In demselben Bericht best\u00e4tigt der Sprecher des polnischen Au\u00dfenministeriums Marcin Wojciechowski bei Minute 0:44, &#8222;dass die polnische Botschaft in Moskau einen Brief des Abgeordneten Wladimir Schirinowski erhalten hat, in dem dieser wiederholt, was er bereits in der Vergangenheit in der Duma und in den russischen Medien gesagt hat.&#8220;<\/p>\n<p>Zur Veranschaulichung von Schirinowskis Idee zeigt der TVP-Bericht zwischen Minute 1:15 und 1:19 eine sich wandelnde Karte der Ukraine, in der einzelne Regionen des Landes von dessen Nachbarstaaten \u00fcbernommen werden. Es ist dieselbe Karte, die in dem aktuell geteilten Ausschnitt zu sehen ist.<strong><br clear=\"none\" \/><\/strong><\/p>\n<p>Das polnischen Au\u00dfenministerium habe den Brief als &#8222;sehr bizarr&#8220; bezeichnet, hie\u00df es damals in dem Bericht von TVP. In einer <a href=\"https:\/\/perma.cc\/ZY5P-2DDW\" shape=\"rect\">separaten Erkl\u00e4rung<\/a> bezeichnete Wojciechowski das Schreiben als &#8222;sehr seltsam&#8220;. &#8222;Wir werden h\u00f6flich antworten, aber nicht auf den Inhalt des Briefes eingehen&#8220;, sagte Wojciechowski am 24. M\u00e4rz 2014. Wojciechowski bedauerte auch, dass einige Russen &#8222;immer noch im Sinne des Molotow-Ribbentrop-Pakts denken&#8220;, wie <a href=\"https:\/\/perma.cc\/PX3T-LPAW\" shape=\"rect\">Reuters<\/a> damals berichtete. Der <a href=\"https:\/\/perma.cc\/Q2JV-2TUQ\" shape=\"rect\">Pakt zwischen Moskau und Berlin<\/a> aus dem Jahr 1939 beinhaltete die Aufteilung von Interessenszonen in Osteuropa, einschlie\u00dflich der Ukraine.<\/p>\n<p><b>Polen ist einer der engsten Verb\u00fcndeten der Ukraine<\/b><\/p>\n<p>\u0141ukasz Kister vom Institut f\u00fcr internationale Beziehungen am <a href=\"https:\/\/perma.cc\/Q2JV-2TUQ\" shape=\"rect\">Collegium Civitas<\/a>, erkl\u00e4rte in dem Bericht gegen\u00fcber TVP, dass es sich bei dem Brief um eine &#8222;russische Provokation&#8220; handele. \u00dcber Schirinowskis Vorschlag wurde auch in internationalen Medien berichtet. Schirinowski hatte bereits in einem <a href=\"https:\/\/perma.cc\/72FU-GQH7\" shape=\"rect\">Interview<\/a> vom Juli 2014 (bei Minute 12:01) gesagt, dass die &#8222;Spaltung der Ukraine unvermeidlich ist&#8220;.<\/p>\n<p>Einem <a href=\"https:\/\/perma.cc\/N6EN-YJR8\" shape=\"rect\">Bericht<\/a> von Newsweek Poland zufolge wurde dieselbe Karte bereits 2015 von russischen Medien als angeblicher polnischer Plan zur Teilung der Ukraine pr\u00e4sentiert: &#8222;Die Karte der Teilung der Ukraine ist nach den Minsker Vereinbarungen erneut auf die Bildschirme der russischen Medien gekommen&#8220;, hei\u00dft es dort.<\/p>\n<p>Die Vereinigten Staaten und die Europ\u00e4ische Union, einschlie\u00dflich Polen, haben wiederholt <a href=\"https:\/\/perma.cc\/853T-S9WN\" shape=\"rect\">erkl\u00e4rt<\/a>, dass sie die Unabh\u00e4ngigkeit, Souver\u00e4nit\u00e4t und territoriale Integrit\u00e4t der Ukraine unterst\u00fctzen. Polen ist einer der engsten Verb\u00fcndeten der Ukraine und unterst\u00fctzt das Land mit <a href=\"https:\/\/perma.cc\/49DJ-SWFK\" shape=\"rect\">massiven Milit\u00e4rhilfen<\/a> gegen die russische Aggression. Der ukrainische Pr\u00e4sident Wolodymyr Selenskyj besuchte erst am 5. April 2023 Warschau, wo er den polnischen Pr\u00e4sidenten Andrzej Duda und Ministerpr\u00e4sidenten Mateusz Morawiecki zu Gespr\u00e4chen traf, wie <a href=\"https:\/\/perma.cc\/45GV-6P74\" shape=\"rect\">AFP berichtete<\/a>.<\/p>\n<p><strong>Fazit:<\/strong> Die Karte zur Teilung der Ukraine wurde 2014, nicht aktuell, in einer polnischen Nachrichtensendung gezeigt. Sie illustriert den damaligen Vorschlag eines rechtsradikalen russischen Politikers, einen Gro\u00dfteil des ukrainischen Territoriums zwischen Polen, Ungarn, Rum\u00e4nien und Russland aufzuteilen. Polen bekennt sich zur territorialen Integrit\u00e4t der Ukraine und unterst\u00fctzt das Land gegen die russische Aggression.<\/p>\n","protected":false},"excerpt":{"rendered":"<p>Das Video wurde Ende M\u00e4rz 2023 auf Facebook geteilt. Derselbe Clip kursierte allerdings bereits seit M\u00e4rz vergangenen Jahres auf Serbisch und wurde von AFP hier widerlegt.<\/p>\n","protected":false},"author":1,"featured_media":256982,"comment_status":"closed","ping_status":"open","sticky":false,"template":"","format":"standard","meta":{"_acf_changed":false,"footnotes":""},"categories":[127,133,215],"tags":[],"class_list":{"0":"post-256997","1":"post","2":"type-post","3":"status-publish","4":"format-standard","5":"has-post-thumbnail","7":"category-fact-check-de","8":"category-politics-de","9":"category-ukraine-de"},"acf":{"show_metatags":true,"id":"http:\/\/doc.afp.com\/33CP69K","authors":"MAJA CZARNECKA \/ Katarina SUBASIC \/ Feliks TODTMANN \/ AFP Belgrad \/ AFP Polen","organization":"AFP","featured_image_copyright":"","text_copyright":"\u00a9 AGENCE FRANCE-PRESSE | 2023 | Alle Rechte vorbehalten. Jede Nutzung von AFP-Inhalten auf dieser Website unterliegt den Nutzungsbedingungen auf <a href='https:\/\/www.afp.com\/en\/terms-use' target='_blank'>CGU<\/a>. Durch den Zugriff auf die auf dieser Website verf\u00fcgbaren AFP-Inhalte und\/oder deren Nutzung erkl\u00e4ren Sie sich mit den oben genannten Nutzungsbedingungen einverstanden. Jede Nutzung von AFP-Inhalten erfolgt unter Ihrer alleinigen und vollen Verantwortung.","source":"https:\/\/faktencheck.afp.com\/doc.afp.com.33CP69K","fact_checker":"https:\/\/belux.wpengine.com\/wp-content\/uploads\/2021\/12\/afp_logo.png","type":"Closed Event","location":"","start_date":"","start_date_event_begins_at":"","start_date_event_ends_at":"","end_date":"","end_date_event_begins_at":"","end_date_event_ends_at":"","organizer":"","fact_checker_logo_image":false},"yoast_head":"<!-- This site is optimized with the Yoast SEO plugin v27.0 - https:\/\/yoast.com\/product\/yoast-seo-wordpress\/ -->\n<title>Diese Karte illustriert den Vorschlag eines russischen Politikers aus dem Jahr 2014, die Ukraine zu teilen - EDMO Belux<\/title>\n<meta name=\"robots\" content=\"index, follow, max-snippet:-1, max-image-preview:large, max-video-preview:-1\" \/>\n<link rel=\"canonical\" href=\"https:\/\/belux.edmo.eu\/de\/diese-karte-illustriert-den-vorschlag-eines-russischen-politikers-aus-dem-jahr-2014-die-ukraine-zu-teilen\/\" \/>\n<meta property=\"og:locale\" content=\"de_DE\" \/>\n<meta property=\"og:type\" content=\"article\" \/>\n<meta property=\"og:title\" content=\"Diese Karte illustriert den Vorschlag eines russischen Politikers aus dem Jahr 2014, die Ukraine zu teilen - EDMO Belux\" \/>\n<meta property=\"og:description\" content=\"Das Video wurde Ende M\u00e4rz 2023 auf Facebook geteilt. Derselbe Clip kursierte allerdings bereits seit M\u00e4rz vergangenen Jahres auf Serbisch und wurde von AFP hier widerlegt.\" \/>\n<meta property=\"og:url\" content=\"https:\/\/belux.edmo.eu\/de\/diese-karte-illustriert-den-vorschlag-eines-russischen-politikers-aus-dem-jahr-2014-die-ukraine-zu-teilen\/\" \/>\n<meta property=\"og:site_name\" content=\"EDMO Belux\" \/>\n<meta property=\"article:published_time\" content=\"2023-04-05T14:46:52+00:00\" \/>\n<meta property=\"article:modified_time\" content=\"2023-04-05T17:26:28+00:00\" \/>\n<meta property=\"og:image\" content=\"https:\/\/belux-edmo.s3-accelerate.amazonaws.com\/wp-content\/uploads\/2023\/04\/133ae154c9100e144a13dd1db16e4d55f181a32e-ipad.jpg\" \/>\n\t<meta property=\"og:image:width\" content=\"1080\" \/>\n\t<meta property=\"og:image:height\" content=\"540\" \/>\n\t<meta property=\"og:image:type\" content=\"image\/jpeg\" \/>\n<meta name=\"author\" content=\"master\" \/>\n<meta name=\"twitter:card\" content=\"summary_large_image\" \/>\n<meta name=\"twitter:creator\" content=\"@Edmo_Belux\" \/>\n<meta name=\"twitter:site\" content=\"@Edmo_Belux\" \/>\n<meta name=\"twitter:label1\" content=\"Verfasst von\" \/>\n\t<meta name=\"twitter:data1\" content=\"master\" \/>\n\t<meta name=\"twitter:label2\" content=\"Gesch\u00e4tzte Lesezeit\" \/>\n\t<meta name=\"twitter:data2\" content=\"5 Minuten\" \/>\n<script type=\"application\/ld+json\" class=\"yoast-schema-graph\">{\"@context\":\"https:\/\/schema.org\",\"@graph\":[{\"@type\":\"Article\",\"@id\":\"https:\/\/belux.edmo.eu\/de\/diese-karte-illustriert-den-vorschlag-eines-russischen-politikers-aus-dem-jahr-2014-die-ukraine-zu-teilen\/#article\",\"isPartOf\":{\"@id\":\"https:\/\/belux.edmo.eu\/de\/diese-karte-illustriert-den-vorschlag-eines-russischen-politikers-aus-dem-jahr-2014-die-ukraine-zu-teilen\/\"},\"author\":{\"name\":\"master\",\"@id\":\"https:\/\/belux.edmo.eu\/#\/schema\/person\/dbe3b252258537fd318f9b5645a30342\"},\"headline\":\"Diese Karte illustriert den Vorschlag eines russischen Politikers aus dem Jahr 2014, die Ukraine zu teilen\",\"datePublished\":\"2023-04-05T14:46:52+00:00\",\"dateModified\":\"2023-04-05T17:26:28+00:00\",\"mainEntityOfPage\":{\"@id\":\"https:\/\/belux.edmo.eu\/de\/diese-karte-illustriert-den-vorschlag-eines-russischen-politikers-aus-dem-jahr-2014-die-ukraine-zu-teilen\/\"},\"wordCount\":1016,\"publisher\":{\"@id\":\"https:\/\/belux.edmo.eu\/#organization\"},\"image\":{\"@id\":\"https:\/\/belux.edmo.eu\/de\/diese-karte-illustriert-den-vorschlag-eines-russischen-politikers-aus-dem-jahr-2014-die-ukraine-zu-teilen\/#primaryimage\"},\"thumbnailUrl\":\"https:\/\/belux-edmo.s3-accelerate.amazonaws.com\/wp-content\/uploads\/2023\/04\/133ae154c9100e144a13dd1db16e4d55f181a32e-ipad.jpg\",\"articleSection\":[\"Fact Check\",\"Politik\",\"Ukraine\"],\"inLanguage\":\"de-DE\"},{\"@type\":\"WebPage\",\"@id\":\"https:\/\/belux.edmo.eu\/de\/diese-karte-illustriert-den-vorschlag-eines-russischen-politikers-aus-dem-jahr-2014-die-ukraine-zu-teilen\/\",\"url\":\"https:\/\/belux.edmo.eu\/de\/diese-karte-illustriert-den-vorschlag-eines-russischen-politikers-aus-dem-jahr-2014-die-ukraine-zu-teilen\/\",\"name\":\"Diese Karte illustriert den Vorschlag eines russischen Politikers aus dem Jahr 2014, die Ukraine zu teilen - EDMO Belux\",\"isPartOf\":{\"@id\":\"https:\/\/belux.edmo.eu\/#website\"},\"primaryImageOfPage\":{\"@id\":\"https:\/\/belux.edmo.eu\/de\/diese-karte-illustriert-den-vorschlag-eines-russischen-politikers-aus-dem-jahr-2014-die-ukraine-zu-teilen\/#primaryimage\"},\"image\":{\"@id\":\"https:\/\/belux.edmo.eu\/de\/diese-karte-illustriert-den-vorschlag-eines-russischen-politikers-aus-dem-jahr-2014-die-ukraine-zu-teilen\/#primaryimage\"},\"thumbnailUrl\":\"https:\/\/belux-edmo.s3-accelerate.amazonaws.com\/wp-content\/uploads\/2023\/04\/133ae154c9100e144a13dd1db16e4d55f181a32e-ipad.jpg\",\"datePublished\":\"2023-04-05T14:46:52+00:00\",\"dateModified\":\"2023-04-05T17:26:28+00:00\",\"breadcrumb\":{\"@id\":\"https:\/\/belux.edmo.eu\/de\/diese-karte-illustriert-den-vorschlag-eines-russischen-politikers-aus-dem-jahr-2014-die-ukraine-zu-teilen\/#breadcrumb\"},\"inLanguage\":\"de-DE\",\"potentialAction\":[{\"@type\":\"ReadAction\",\"target\":[\"https:\/\/belux.edmo.eu\/de\/diese-karte-illustriert-den-vorschlag-eines-russischen-politikers-aus-dem-jahr-2014-die-ukraine-zu-teilen\/\"]}]},{\"@type\":\"ImageObject\",\"inLanguage\":\"de-DE\",\"@id\":\"https:\/\/belux.edmo.eu\/de\/diese-karte-illustriert-den-vorschlag-eines-russischen-politikers-aus-dem-jahr-2014-die-ukraine-zu-teilen\/#primaryimage\",\"url\":\"https:\/\/belux-edmo.s3-accelerate.amazonaws.com\/wp-content\/uploads\/2023\/04\/133ae154c9100e144a13dd1db16e4d55f181a32e-ipad.jpg\",\"contentUrl\":\"https:\/\/belux-edmo.s3-accelerate.amazonaws.com\/wp-content\/uploads\/2023\/04\/133ae154c9100e144a13dd1db16e4d55f181a32e-ipad.jpg\",\"width\":1080,\"height\":540,\"caption\":\"Diese Karte illustriert den Vorschlag eines russischen Politikers aus dem Jahr 2014, die Ukraine zu teilen - Featured image\"},{\"@type\":\"BreadcrumbList\",\"@id\":\"https:\/\/belux.edmo.eu\/de\/diese-karte-illustriert-den-vorschlag-eines-russischen-politikers-aus-dem-jahr-2014-die-ukraine-zu-teilen\/#breadcrumb\",\"itemListElement\":[{\"@type\":\"ListItem\",\"position\":1,\"name\":\"Home\",\"item\":\"https:\/\/belux.edmo.eu\/de\/\"},{\"@type\":\"ListItem\",\"position\":2,\"name\":\"Diese Karte illustriert den Vorschlag eines russischen Politikers aus dem Jahr 2014, die Ukraine zu teilen\"}]},{\"@type\":\"WebSite\",\"@id\":\"https:\/\/belux.edmo.eu\/#website\",\"url\":\"https:\/\/belux.edmo.eu\/\",\"name\":\"EDMO Belux\",\"description\":\"Monitoring Disinformation in Belgium and Luxembourg\",\"publisher\":{\"@id\":\"https:\/\/belux.edmo.eu\/#organization\"},\"potentialAction\":[{\"@type\":\"SearchAction\",\"target\":{\"@type\":\"EntryPoint\",\"urlTemplate\":\"https:\/\/belux.edmo.eu\/?s={search_term_string}\"},\"query-input\":{\"@type\":\"PropertyValueSpecification\",\"valueRequired\":true,\"valueName\":\"search_term_string\"}}],\"inLanguage\":\"de-DE\"},{\"@type\":\"Organization\",\"@id\":\"https:\/\/belux.edmo.eu\/#organization\",\"name\":\"EDMO Belux\",\"url\":\"https:\/\/belux.edmo.eu\/\",\"logo\":{\"@type\":\"ImageObject\",\"inLanguage\":\"de-DE\",\"@id\":\"https:\/\/belux.edmo.eu\/#\/schema\/logo\/image\/\",\"url\":\"https:\/\/belux.edmo.eu\/wp-content\/uploads\/2021\/12\/belux-logo-full-color-rgb.svg\",\"contentUrl\":\"https:\/\/belux.edmo.eu\/wp-content\/uploads\/2021\/12\/belux-logo-full-color-rgb.svg\",\"width\":1,\"height\":1,\"caption\":\"EDMO Belux\"},\"image\":{\"@id\":\"https:\/\/belux.edmo.eu\/#\/schema\/logo\/image\/\"},\"sameAs\":[\"https:\/\/x.com\/Edmo_Belux\"]},{\"@type\":\"Person\",\"@id\":\"https:\/\/belux.edmo.eu\/#\/schema\/person\/dbe3b252258537fd318f9b5645a30342\",\"name\":\"master\",\"sameAs\":[\"https:\/\/belux.wpengine.com\"],\"url\":\"https:\/\/belux.edmo.eu\/de\/author\/master\/\"}]}<\/script>\n<!-- \/ Yoast SEO plugin. -->","yoast_head_json":{"title":"Diese Karte illustriert den Vorschlag eines russischen Politikers aus dem Jahr 2014, die Ukraine zu teilen - EDMO Belux","robots":{"index":"index","follow":"follow","max-snippet":"max-snippet:-1","max-image-preview":"max-image-preview:large","max-video-preview":"max-video-preview:-1"},"canonical":"https:\/\/belux.edmo.eu\/de\/diese-karte-illustriert-den-vorschlag-eines-russischen-politikers-aus-dem-jahr-2014-die-ukraine-zu-teilen\/","og_locale":"de_DE","og_type":"article","og_title":"Diese Karte illustriert den Vorschlag eines russischen Politikers aus dem Jahr 2014, die Ukraine zu teilen - EDMO Belux","og_description":"Das Video wurde Ende M\u00e4rz 2023 auf Facebook geteilt. Derselbe Clip kursierte allerdings bereits seit M\u00e4rz vergangenen Jahres auf Serbisch und wurde von AFP hier widerlegt.","og_url":"https:\/\/belux.edmo.eu\/de\/diese-karte-illustriert-den-vorschlag-eines-russischen-politikers-aus-dem-jahr-2014-die-ukraine-zu-teilen\/","og_site_name":"EDMO Belux","article_published_time":"2023-04-05T14:46:52+00:00","article_modified_time":"2023-04-05T17:26:28+00:00","og_image":[{"width":1080,"height":540,"url":"https:\/\/belux-edmo.s3-accelerate.amazonaws.com\/wp-content\/uploads\/2023\/04\/133ae154c9100e144a13dd1db16e4d55f181a32e-ipad.jpg","type":"image\/jpeg"}],"author":"master","twitter_card":"summary_large_image","twitter_creator":"@Edmo_Belux","twitter_site":"@Edmo_Belux","twitter_misc":{"Verfasst von":"master","Gesch\u00e4tzte Lesezeit":"5 Minuten"},"schema":{"@context":"https:\/\/schema.org","@graph":[{"@type":"Article","@id":"https:\/\/belux.edmo.eu\/de\/diese-karte-illustriert-den-vorschlag-eines-russischen-politikers-aus-dem-jahr-2014-die-ukraine-zu-teilen\/#article","isPartOf":{"@id":"https:\/\/belux.edmo.eu\/de\/diese-karte-illustriert-den-vorschlag-eines-russischen-politikers-aus-dem-jahr-2014-die-ukraine-zu-teilen\/"},"author":{"name":"master","@id":"https:\/\/belux.edmo.eu\/#\/schema\/person\/dbe3b252258537fd318f9b5645a30342"},"headline":"Diese Karte illustriert den Vorschlag eines russischen Politikers aus dem Jahr 2014, die Ukraine zu teilen","datePublished":"2023-04-05T14:46:52+00:00","dateModified":"2023-04-05T17:26:28+00:00","mainEntityOfPage":{"@id":"https:\/\/belux.edmo.eu\/de\/diese-karte-illustriert-den-vorschlag-eines-russischen-politikers-aus-dem-jahr-2014-die-ukraine-zu-teilen\/"},"wordCount":1016,"publisher":{"@id":"https:\/\/belux.edmo.eu\/#organization"},"image":{"@id":"https:\/\/belux.edmo.eu\/de\/diese-karte-illustriert-den-vorschlag-eines-russischen-politikers-aus-dem-jahr-2014-die-ukraine-zu-teilen\/#primaryimage"},"thumbnailUrl":"https:\/\/belux-edmo.s3-accelerate.amazonaws.com\/wp-content\/uploads\/2023\/04\/133ae154c9100e144a13dd1db16e4d55f181a32e-ipad.jpg","articleSection":["Fact Check","Politik","Ukraine"],"inLanguage":"de-DE"},{"@type":"WebPage","@id":"https:\/\/belux.edmo.eu\/de\/diese-karte-illustriert-den-vorschlag-eines-russischen-politikers-aus-dem-jahr-2014-die-ukraine-zu-teilen\/","url":"https:\/\/belux.edmo.eu\/de\/diese-karte-illustriert-den-vorschlag-eines-russischen-politikers-aus-dem-jahr-2014-die-ukraine-zu-teilen\/","name":"Diese Karte illustriert den Vorschlag eines russischen Politikers aus dem Jahr 2014, die Ukraine zu teilen - EDMO Belux","isPartOf":{"@id":"https:\/\/belux.edmo.eu\/#website"},"primaryImageOfPage":{"@id":"https:\/\/belux.edmo.eu\/de\/diese-karte-illustriert-den-vorschlag-eines-russischen-politikers-aus-dem-jahr-2014-die-ukraine-zu-teilen\/#primaryimage"},"image":{"@id":"https:\/\/belux.edmo.eu\/de\/diese-karte-illustriert-den-vorschlag-eines-russischen-politikers-aus-dem-jahr-2014-die-ukraine-zu-teilen\/#primaryimage"},"thumbnailUrl":"https:\/\/belux-edmo.s3-accelerate.amazonaws.com\/wp-content\/uploads\/2023\/04\/133ae154c9100e144a13dd1db16e4d55f181a32e-ipad.jpg","datePublished":"2023-04-05T14:46:52+00:00","dateModified":"2023-04-05T17:26:28+00:00","breadcrumb":{"@id":"https:\/\/belux.edmo.eu\/de\/diese-karte-illustriert-den-vorschlag-eines-russischen-politikers-aus-dem-jahr-2014-die-ukraine-zu-teilen\/#breadcrumb"},"inLanguage":"de-DE","potentialAction":[{"@type":"ReadAction","target":["https:\/\/belux.edmo.eu\/de\/diese-karte-illustriert-den-vorschlag-eines-russischen-politikers-aus-dem-jahr-2014-die-ukraine-zu-teilen\/"]}]},{"@type":"ImageObject","inLanguage":"de-DE","@id":"https:\/\/belux.edmo.eu\/de\/diese-karte-illustriert-den-vorschlag-eines-russischen-politikers-aus-dem-jahr-2014-die-ukraine-zu-teilen\/#primaryimage","url":"https:\/\/belux-edmo.s3-accelerate.amazonaws.com\/wp-content\/uploads\/2023\/04\/133ae154c9100e144a13dd1db16e4d55f181a32e-ipad.jpg","contentUrl":"https:\/\/belux-edmo.s3-accelerate.amazonaws.com\/wp-content\/uploads\/2023\/04\/133ae154c9100e144a13dd1db16e4d55f181a32e-ipad.jpg","width":1080,"height":540,"caption":"Diese Karte illustriert den Vorschlag eines russischen Politikers aus dem Jahr 2014, die Ukraine zu teilen - Featured image"},{"@type":"BreadcrumbList","@id":"https:\/\/belux.edmo.eu\/de\/diese-karte-illustriert-den-vorschlag-eines-russischen-politikers-aus-dem-jahr-2014-die-ukraine-zu-teilen\/#breadcrumb","itemListElement":[{"@type":"ListItem","position":1,"name":"Home","item":"https:\/\/belux.edmo.eu\/de\/"},{"@type":"ListItem","position":2,"name":"Diese Karte illustriert den Vorschlag eines russischen Politikers aus dem Jahr 2014, die Ukraine zu teilen"}]},{"@type":"WebSite","@id":"https:\/\/belux.edmo.eu\/#website","url":"https:\/\/belux.edmo.eu\/","name":"EDMO Belux","description":"Monitoring Disinformation in Belgium and Luxembourg","publisher":{"@id":"https:\/\/belux.edmo.eu\/#organization"},"potentialAction":[{"@type":"SearchAction","target":{"@type":"EntryPoint","urlTemplate":"https:\/\/belux.edmo.eu\/?s={search_term_string}"},"query-input":{"@type":"PropertyValueSpecification","valueRequired":true,"valueName":"search_term_string"}}],"inLanguage":"de-DE"},{"@type":"Organization","@id":"https:\/\/belux.edmo.eu\/#organization","name":"EDMO Belux","url":"https:\/\/belux.edmo.eu\/","logo":{"@type":"ImageObject","inLanguage":"de-DE","@id":"https:\/\/belux.edmo.eu\/#\/schema\/logo\/image\/","url":"https:\/\/belux.edmo.eu\/wp-content\/uploads\/2021\/12\/belux-logo-full-color-rgb.svg","contentUrl":"https:\/\/belux.edmo.eu\/wp-content\/uploads\/2021\/12\/belux-logo-full-color-rgb.svg","width":1,"height":1,"caption":"EDMO Belux"},"image":{"@id":"https:\/\/belux.edmo.eu\/#\/schema\/logo\/image\/"},"sameAs":["https:\/\/x.com\/Edmo_Belux"]},{"@type":"Person","@id":"https:\/\/belux.edmo.eu\/#\/schema\/person\/dbe3b252258537fd318f9b5645a30342","name":"master","sameAs":["https:\/\/belux.wpengine.com"],"url":"https:\/\/belux.edmo.eu\/de\/author\/master\/"}]}},"menu_order":0,"_links":{"self":[{"href":"https:\/\/belux.edmo.eu\/de\/wp-json\/wp\/v2\/posts\/256997","targetHints":{"allow":["GET"]}}],"collection":[{"href":"https:\/\/belux.edmo.eu\/de\/wp-json\/wp\/v2\/posts"}],"about":[{"href":"https:\/\/belux.edmo.eu\/de\/wp-json\/wp\/v2\/types\/post"}],"author":[{"embeddable":true,"href":"https:\/\/belux.edmo.eu\/de\/wp-json\/wp\/v2\/users\/1"}],"replies":[{"embeddable":true,"href":"https:\/\/belux.edmo.eu\/de\/wp-json\/wp\/v2\/comments?post=256997"}],"version-history":[{"count":0,"href":"https:\/\/belux.edmo.eu\/de\/wp-json\/wp\/v2\/posts\/256997\/revisions"}],"wp:featuredmedia":[{"embeddable":true,"href":"https:\/\/belux.edmo.eu\/de\/wp-json\/wp\/v2\/media\/256982"}],"wp:attachment":[{"href":"https:\/\/belux.edmo.eu\/de\/wp-json\/wp\/v2\/media?parent=256997"}],"wp:term":[{"taxonomy":"category","embeddable":true,"href":"https:\/\/belux.edmo.eu\/de\/wp-json\/wp\/v2\/categories?post=256997"},{"taxonomy":"post_tag","embeddable":true,"href":"https:\/\/belux.edmo.eu\/de\/wp-json\/wp\/v2\/tags?post=256997"}],"curies":[{"name":"wp","href":"https:\/\/api.w.org\/{rel}","templated":true}]}}