{"id":283555,"date":"2023-08-29T13:52:20","date_gmt":"2023-08-29T13:52:20","guid":{"rendered":"https:\/\/belux.edmo.eu\/?p=283555"},"modified":"2023-08-29T14:33:22","modified_gmt":"2023-08-29T14:33:22","slug":"dieses-schneevideo-zeigt-einen-februartag-in-der-trkei-keinen-sommertag-in-deutschland","status":"publish","type":"post","link":"https:\/\/belux.edmo.eu\/de\/dieses-schneevideo-zeigt-einen-februartag-in-der-trkei-keinen-sommertag-in-deutschland\/","title":{"rendered":"Dieses Schneevideo zeigt einen Februartag in der T\u00fcrkei, keinen Sommertag in Deutschland"},"content":{"rendered":"<p><b>Ein Video von einem verschneiten Platz in einer Stadt kursiert seit August 2023 in sozialen Netzwerken, mit der falschen Behauptung, es zeige Schnee im Sommer in Stuttgart. Im Video sind jedoch Schilder eines M\u00f6belunternehmens und eines Postdienstes zu sehen, die darauf hinweisen, dass die Bilder aus der T\u00fcrkei stammen. AFP hat herausgefunden, dass das Video tats\u00e4chlich in Ankara aufgenommen und am 2. Februar 2023 auf Tiktok hochgeladen wurde. Mitte August 2023 war das Wetter sowohl in Stuttgart als auch in Ankara hei\u00df und trocken, wie Wetterdaten zeigen.<\/b><\/p>\n<p>&#8222;Schnee im August&#8220;, hei\u00dft es in bosnischsprachigen <a href=\"https:\/\/archive.is\/UMNpn\" shape=\"rect\">Facebook-Beitr\u00e4gen<\/a>, die ein Video <a href=\"https:\/\/archive.is\/57AJn\" shape=\"rect\">teilen<\/a>, auf dem verschneite Stra\u00dfen zu sehen sind. \u00dcber dem Video liegen das Wort &#8222;Stuttgart&#8220; mit zwei deutschen Flaggen sowie das Datum 18.08.2023. Obwohl viele Nutzerinnen und Nutzer \u2013 die angaben, sich gerade in Stuttgart aufzuhalten \u2013 kommentierten, dass die Behauptung falsch und das Wetter hei\u00df sei, wurden die Beitr\u00e4ge seit dem 18. August 2023 mehr als 30.000 Mal geteilt. Dasselbe Video und dieselbe Behauptung wurden auf einem <a href=\"https:\/\/archive.is\/cIPEa\" shape=\"rect\">Youtube-Kanal<\/a> geteilt, wo es mehr als 2000 Mal angesehen wurde.<\/p>\n<p>AFP fand jedoch heraus, dass das Video in der T\u00fcrkei aufgenommen wurde, w\u00e4hrend die Wetterdaten sowohl f\u00fcr Stuttgart als auch f\u00fcr Ankara zeigen, dass am 18. August 2023 in keiner der beiden St\u00e4dte Schnee lag, sondern sonniges, hei\u00dfes Sommerwetter herrschte.<\/p>\n<div class=\"g2image\">\n<figure><img src=\"https:\/\/belux-edmo.s3-accelerate.amazonaws.com\/wp-content\/uploads\/2023\/08\/f158872579707926f8337b7e7adcde32834c9d39-ipad.jpg\" \/><figcaption>Facebook-Screenshot der Behauptung: 22. August 2023<\/figcaption><\/figure>\n<\/div>\n<p>Eine <a href=\"https:\/\/www.youtube.com\/watch?v=VMn5DPJTOAQ\" shape=\"rect\">umgekehrte Videosuche<\/a> ergab einen <a href=\"https:\/\/archive.is\/bYSDZ\" shape=\"rect\">Tiktok-Beitrag<\/a>, in dem dasselbe Video am 14. August 2023 geteilt wurde, also vier Tage vor dem Datum, das im Video angegeben wird. Einige Nutzerinnen und Nutzer wiesen in den Kommentaren unter dem Beitrag darauf hin.<\/p>\n<p>Wie bei den falschen bosnischsprachigen Facebook-Beitr\u00e4gen gaben Nutzerinnen und Nutzer aus Stuttgart in den Kommentaren an, dass das Wetter am und um den 18. August 2023 hei\u00df und trocken gewesen sei. Einige andere meinten, das Video stamme aus der T\u00fcrkei, da es darauf Schilder von t\u00fcrkischen Unternehmen und der t\u00fcrkischen Post gebe.<\/p>\n<p>Ein Schild, das auf einem Geb\u00e4ude im Video zu sehen ist, tr\u00e4gt die Aufschrift &#8222;Istikbal&#8220;. Eine Google-Suche nach dem Namen ergab ein t\u00fcrkisches <a href=\"https:\/\/perma.cc\/R492-WB9Z?type=image\" shape=\"rect\">M\u00f6belunternehmen<\/a>, das Filialen in der ganzen T\u00fcrkei hat. Davon gibt es nur ein einziges Gesch\u00e4ft in Deutschland, und dieses befindet sich in <a href=\"https:\/\/perma.cc\/T6X8-2B3Q\" shape=\"rect\">M\u00fcnchen<\/a> und nicht in Stuttgart. Die deutsche Filiale sieht au\u00dferdem nicht so aus wie die im Video, das in sozialen Netzwerken geteilt wurde. Einige Nutzerinnen und Nutzer, die den irref\u00fchrenden Tiktok-Beitrag kommentierten, meinten, das Gesch\u00e4ft k\u00f6nne sich in Istanbul befinden, w\u00e4hrend andere sagten, es sei in der t\u00fcrkischen Hauptstadt Ankara. Also konzentrierte sich AFP auf diese beiden Orte. Eine Google-Maps-Suche nach den Filialen des Unternehmens in Ankara f\u00fchrte zu dem <a href=\"https:\/\/www.google.com\/maps\/place\/istikbal\/@39.9999981,32.8717105,3a,75y,33.64h,100.61t\/data=!3m7!1e1!3m5!1s-CVAxqFwokt_oMMQBzP2aA!2e0!6shttps:%2F%2Fstreetviewpixels-pa.googleapis.com%2Fv1%2Fthumbnail%3Fpanoid%3D-CVAxqFwokt_oMMQBzP2aA%26cb_client%3Dmaps_sv.tactile.gps%26w%3D203%26h%3D100%26yaw%3D104.97258%26pitch%3D0%26thumbfov%3D100!7i16384!8i8192!4m13!1m2!2m1!1zSXN0aWtiYWwgS8SxemxhcnDEsW5hcsSxIENk!3m9!1s0x14d34d1215387253:0x17fec7a56dcf65f4!8m2!3d39.9999791!4d32.8717359!10e5!14m1!1BCgIgARICCAI!15sChtJc3Rpa2JhbCBLxLF6bGFycMSxbmFyxLEgQ2QiA4gBAVodIhtpc3Rpa2JhbCBrxLF6bGFycMSxbmFyxLEgY2SSAQ9mdXJuaXR1cmVfc3RvcmXgAQA!16s%2Fg%2F1tcxl_nw?entry=ttu\" shape=\"rect\">Gesch\u00e4ft<\/a> mit der Adresse K\u0131zlarp\u0131nar\u0131 Cd. No:216\/B in Ankaras Stadtteil Kecioren. Die Filiale stimmt mit der \u00fcberein, die im Video zu sehen ist (Link <a href=\"https:\/\/archive.is\/d0lfa\" shape=\"rect\">hier<\/a> archiviert).<\/p>\n<div class=\"g2web\" style=\"text-align: center;\"><iframe style=\"border: 0;\" src=\"https:\/\/www.google.com\/maps\/embed?pb=!4v1692722519299!6m8!1m7!1s-CVAxqFwokt_oMMQBzP2aA!2m2!1d39.99999813258982!2d32.8717104582722!3f33.64!4f10.61!5f0.7820865974627469\" width=\"600\" height=\"450\" frameborder=\"1\" scrolling=\"auto\" allowfullscreen=\"allowfullscreen\" data-mce-fragment=\"1\"><\/iframe><\/div>\n<p>Die Merkmale des Geb\u00e4udes stimmen mit denen im Video \u00fcberein, wie dieser Screenshot-Vergleich zeigt. Beispielsweise die Positionierung des Ladenschilds und die markante Au\u00dfenwandgestaltung dar\u00fcber:<\/p>\n<div class=\"g2image\">\n<figure><img src=\"https:\/\/belux-edmo.s3-accelerate.amazonaws.com\/wp-content\/uploads\/2023\/08\/edf7abe46c9ac10f7af07a9def30d2306fc3aae9-ipad.jpg\" \/><figcaption>Screenshots eines irref\u00fchrenden Facebook-Beitrags (links) und von Google Maps (rechts), erstellt am 22. August 2023. Markierungen eingef\u00fcgt von AFP.<\/figcaption><\/figure>\n<\/div>\n<p>AFP hat daraufhin weitere Details aus dem Video verglichen, wie ein rotes Werbeschild von <a href=\"https:\/\/perma.cc\/BKW2-M5P8?type=image\" shape=\"rect\">Odt\u00fcl\u00fcler<\/a>, einer privaten <a href=\"https:\/\/perma.cc\/LW5G-G6AP?type=image\" shape=\"rect\">Schule<\/a> f\u00fcr Pr\u00fcfungsvorbereitung in Kecioren, und ein gelbes Schild der t\u00fcrkischen <a href=\"https:\/\/perma.cc\/38RN-5GUM?type=image\" shape=\"rect\">Post<\/a>. Auch das lie\u00df sich auf Google Maps finden.<\/p>\n<div class=\"g2image\">\n<figure><img src=\"https:\/\/belux-edmo.s3-accelerate.amazonaws.com\/wp-content\/uploads\/2023\/08\/876226ce33fb596993d8c3676131c9a9a8004832-ipad.jpg\" \/><figcaption>Screenshots der irref\u00fchrenden Facebook-Beitr\u00e4ge (links) und von Google Maps (rechts), erstellt am 22. August 2023. Markierungen eingef\u00fcgt von AFP.<\/figcaption><\/figure>\n<\/div>\n<p>Eine Suche auf Tiktok mit den Stichw\u00f6rtern &#8222;Ankara&#8220; und &#8222;Schnee&#8220; auf T\u00fcrkisch f\u00fchrte zum <a href=\"https:\/\/perma.cc\/9CLJ-ZVHJ?type=standard\" shape=\"rect\">Originalvideo<\/a>, das am 2. Februar 2023 auf Tiktok ver\u00f6ffentlicht wurde, mit den Hashtags &#8222;ankara&#8220; und &#8222;kar&#8220;, dem t\u00fcrkischen Wort f\u00fcr Schnee.<\/p>\n<p>Am 3. Februar 2023, dem Tag, nachdem das Schneevideo auf Tiktok ver\u00f6ffentlicht wurde, <a href=\"https:\/\/www.dha.com.tr\/foto-galeri\/ankarada-kar-yagisi-etkili-oldu-2199911\" shape=\"rect\">berichteten<\/a> t\u00fcrkische Medien \u00fcber den Schneefall in Ankara vom Vortag (Link <a href=\"https:\/\/perma.cc\/JL67-NK2L\" shape=\"rect\">hier<\/a> archiviert). Die Stadtverwaltung von Ankara ver\u00f6ffentlichte am 3. Februar 2023 auch Fotos von der Schneer\u00e4umung auf den Stra\u00dfen und Gehwegen der Stadt: <a href=\"https:\/\/archive.is\/H1hbe\" shape=\"rect\">hier<\/a> und <a href=\"https:\/\/archive.is\/QmzgM\" shape=\"rect\">hier<\/a>.<\/p>\n<p>Laut diesem <a href=\"https:\/\/www.sozcu.com.tr\/2023\/gundem\/mart-sonu-ankarada-kar-surprizi-ne-kadar-surecek-7636276\/\" shape=\"rect\">Bericht<\/a> (Link <a href=\"https:\/\/perma.cc\/3RUX-DACV?type=image\" shape=\"rect\">hier<\/a> archiviert) gab es im M\u00e4rz 2023 in Ankara einen der letzten Schneef\u00e4lle in diesem Jahr.<\/p>\n<p><b>Das Wetter am 18. August 2023<\/b><\/p>\n<p>Wie viele Nutzerinnen und Nutzer in den sozialen Netzwerken in den Kommentaren unter den irref\u00fchrenden Beitr\u00e4gen schrieben, war das Wetter in Stuttgart am 18. August 2023 alles andere als kalt und verschneit.<\/p>\n<p>Laut einer <a href=\"https:\/\/www.bergfex.de\/sommer\/stuttgart\/webcams\/c10694\/\" shape=\"rect\">Kameraaufnahme<\/a> vom Stuttgarter Rathaus in Richtung Stiftskirche am Freitag, 18. August 2023, war das Wetter in Stuttgart an diesem Tag sonnig und trocken (Link <a href=\"https:\/\/archive.is\/9zZ9h\" shape=\"rect\">hier<\/a> archiviert).<\/p>\n<div class=\"g2image\">\n<figure><img src=\"https:\/\/belux-edmo.s3-accelerate.amazonaws.com\/wp-content\/uploads\/2023\/08\/5380eef0043f1d298b05be57e743db4bc54a18ac-ipad.jpg\" \/><figcaption>Screenshot von Kameraaufnahmen aus dem Stuttgarter Rathaus vom 18. August 2023<\/figcaption><\/figure>\n<\/div>\n<p><a href=\"https:\/\/archive.is\/cEVqi\" shape=\"rect\">AccuWeather<\/a>, ein globales <a href=\"https:\/\/web.archive.org\/web\/20230829064711\/https:\/\/corporate.accuweather.com\/company\/about-us\/\" shape=\"rect\">Wettervorhersageunternehmen<\/a>, zeigt, dass die Temperatur in Stuttgart am 18. August 2023 bis zu 32 Grad Celsius betrug.<\/p>\n<p>Carola Grundmann vom <a href=\"https:\/\/perma.cc\/ES2K-J64M\" shape=\"rect\">Freiburger Zentrum f\u00fcr Medizin-Meteorologische Forschung<\/a> teilte AFP in einer E-Mail am 23. August 2023 mit: &#8222;Das Wetter in Stuttgart und Region war am 18.08.2023 hei\u00df, trocken und sonnig. Den ganzen Tag kein Niederschlag, kein Schnee, kein Gewitter mit Hagel oder Graupel.&#8220;<\/p>\n<p>Sie schickte an AFP die Karte des Deutschen Wetterdienstes (<a href=\"https:\/\/archive.ph\/cca5w\" shape=\"rect\">DWD<\/a>) mit den Temperaturen und Niederschl\u00e4gen in Stuttgart an diesem Tag, aus der hervorgeht, dass die Temperatur zwischen 19,7 und 31,7 Grad Celsius lag, w\u00e4hrend die <a href=\"https:\/\/archive.ph\/TDJcc\" shape=\"rect\">Niederschlagsmenge<\/a> 0 Millimeter betrug.<\/p>\n<div class=\"g2image\">\n<figure><img src=\"https:\/\/belux-edmo.s3-accelerate.amazonaws.com\/wp-content\/uploads\/2023\/08\/bcd9f2d9d576c19bcf8093b51bb299b237ae4160-ipad.jpg\" \/><figcaption>Screenshot der DWD-Wetterdatentabelle f\u00fcr Stuttgart vom 18. August 2023<\/figcaption><\/figure>\n<\/div>\n<p>Das letzte Mal wurden in Stuttgart am 26. Februar 2023 zwei Zentimeter Schnee gemessen, so Grundmann. &#8222;Stuttgart ist eine warme Region mit wenig Schnee im Winter. Und im vergangenen Winter gab es sehr, sehr wenig Schnee&#8220;, f\u00fcgte sie hinzu.<\/p>\n<p>Auch in Ankara gab es am fraglichen Tag keinen Schnee.<\/p>\n<p>Laut einem AFP-Korrespondenten gab es in der T\u00fcrkei zu dieser Zeit sogar eine Hitzewelle. Auf der Website des t\u00fcrkischen Wetterdienstes werden die Aufzeichnungen vergangener Tage nicht ver\u00f6ffentlicht, aber laut <a href=\"https:\/\/archive.is\/tTYww\" shape=\"rect\">AccuWeather<\/a> lag die Temperatur an diesem Tag in Ankara bei 39 Grad Celsius. Die Hitzewelle hielt die ganze Woche an und erreichte Spitzenwerte von 41 Grad Celsius.<\/p>\n<div class=\"g2image\">\n<figure><img src=\"https:\/\/belux-edmo.s3-accelerate.amazonaws.com\/wp-content\/uploads\/2023\/08\/dce8a411e0b81673a3db63ebba08c74eb63e9425-ipad.jpg\" \/><figcaption>Screenshot von der Website AccuWeather mit den Temperaturen in Ankara im August 2023, erstellt am 23. August 2023<\/figcaption><\/figure>\n<\/div>\n<p>Auch das <a href=\"https:\/\/archive.is\/j96XA\" shape=\"rect\">X-Konto<\/a> (ehemals Twitter) des t\u00fcrkischen Wetterdienstes best\u00e4tigt, dass der 18. August 2023 in Ankara ein sonniger Tag war.<\/p>\n<p><strong>Fazit: <\/strong>In Stuttgart gab es am 18. August 2023 keinen Schnee. Das best\u00e4tigen die Wetteraufzeichnungen dieses Tages. Das verbreitete Video zeigt eine Stra\u00dfe im Schneegest\u00f6ber in Ankara in der T\u00fcrkei und wurde im Februar 2023 aufgenommen.<\/p>\n","protected":false},"excerpt":{"rendered":"<p>&#8222;Schnee im August&#8220;, hei\u00dft es in bosnischsprachigen Facebook-Beitr\u00e4gen, die ein Video teilen, auf dem verschneite Stra\u00dfen zu sehen sind. \u00dcber dem Video liegen das Wort &#8222;Stuttgart&#8220; mit zwei deutschen Flaggen sowie das Datum 18.08.2023. Obwohl viele Nutzerinnen und Nutzer \u2013 die angaben, sich gerade in Stuttgart aufzuhalten \u2013 kommentierten, dass die Behauptung falsch und das Wetter hei\u00df sei, wurden die Beitr\u00e4ge seit dem 18. August 2023 mehr als 30.000 Mal geteilt. Dasselbe Video und dieselbe Behauptung wurden auf einem Youtube-Kanal geteilt, wo es mehr als 2000 Mal angesehen wurde.<\/p>\n","protected":false},"author":1,"featured_media":283520,"comment_status":"closed","ping_status":"open","sticky":false,"template":"","format":"standard","meta":{"_acf_changed":false,"footnotes":""},"categories":[127,128],"tags":[],"class_list":{"0":"post-283555","1":"post","2":"type-post","3":"status-publish","4":"format-standard","5":"has-post-thumbnail","7":"category-fact-check-de","8":"category-umwelt"},"acf":{"show_metatags":true,"id":"http:\/\/doc.afp.com\/33TY2ZV","authors":"Katarina SUBASIC \/ AFP Belgrad \/ AFP Deutschland","organization":"AFP","featured_image_copyright":"","text_copyright":"\u00a9 AGENCE FRANCE-PRESSE | 2023 | Alle Rechte vorbehalten. Jede Nutzung von AFP-Inhalten auf dieser Website unterliegt den Nutzungsbedingungen auf <a href='https:\/\/www.afp.com\/en\/terms-use' target='_blank'>CGU<\/a>. Durch den Zugriff auf die auf dieser Website verf\u00fcgbaren AFP-Inhalte und\/oder deren Nutzung erkl\u00e4ren Sie sich mit den oben genannten Nutzungsbedingungen einverstanden. Jede Nutzung von AFP-Inhalten erfolgt unter Ihrer alleinigen und vollen Verantwortung.","source":"https:\/\/faktencheck.afp.com\/doc.afp.com.33TY2ZV","fact_checker":"https:\/\/belux.wpengine.com\/wp-content\/uploads\/2021\/12\/afp_logo.png","type":"Closed Event","location":"","start_date":"","start_date_event_begins_at":"","start_date_event_ends_at":"","end_date":"","end_date_event_begins_at":"","end_date_event_ends_at":"","organizer":"","fact_checker_logo_image":false},"yoast_head":"<!-- This site is optimized with the Yoast SEO plugin v27.0 - https:\/\/yoast.com\/product\/yoast-seo-wordpress\/ -->\n<title>Dieses Schneevideo zeigt einen Februartag in der T\u00fcrkei, keinen Sommertag in Deutschland - EDMO Belux<\/title>\n<meta name=\"robots\" content=\"index, follow, max-snippet:-1, max-image-preview:large, max-video-preview:-1\" \/>\n<link rel=\"canonical\" href=\"https:\/\/belux.edmo.eu\/de\/dieses-schneevideo-zeigt-einen-februartag-in-der-trkei-keinen-sommertag-in-deutschland\/\" \/>\n<meta property=\"og:locale\" content=\"de_DE\" \/>\n<meta property=\"og:type\" content=\"article\" \/>\n<meta property=\"og:title\" content=\"Dieses Schneevideo zeigt einen Februartag in der T\u00fcrkei, keinen Sommertag in Deutschland - EDMO Belux\" \/>\n<meta property=\"og:description\" content=\"&quot;Schnee im August&quot;, hei\u00dft es in bosnischsprachigen Facebook-Beitr\u00e4gen, die ein Video teilen, auf dem verschneite Stra\u00dfen zu sehen sind. \u00dcber dem Video liegen das Wort &quot;Stuttgart&quot; mit zwei deutschen Flaggen sowie das Datum 18.08.2023. Obwohl viele Nutzerinnen und Nutzer \u2013 die angaben, sich gerade in Stuttgart aufzuhalten \u2013 kommentierten, dass die Behauptung falsch und das Wetter hei\u00df sei, wurden die Beitr\u00e4ge seit dem 18. August 2023 mehr als 30.000 Mal geteilt. Dasselbe Video und dieselbe Behauptung wurden auf einem Youtube-Kanal geteilt, wo es mehr als 2000 Mal angesehen wurde.\" \/>\n<meta property=\"og:url\" content=\"https:\/\/belux.edmo.eu\/de\/dieses-schneevideo-zeigt-einen-februartag-in-der-trkei-keinen-sommertag-in-deutschland\/\" \/>\n<meta property=\"og:site_name\" content=\"EDMO Belux\" \/>\n<meta property=\"article:published_time\" content=\"2023-08-29T13:52:20+00:00\" \/>\n<meta property=\"article:modified_time\" content=\"2023-08-29T14:33:22+00:00\" \/>\n<meta property=\"og:image\" content=\"https:\/\/belux-edmo.s3-accelerate.amazonaws.com\/wp-content\/uploads\/2023\/08\/6e8cc958469377507e47e0730579756aceea4965-ipad.jpg\" \/>\n\t<meta property=\"og:image:width\" content=\"1080\" \/>\n\t<meta property=\"og:image:height\" content=\"540\" \/>\n\t<meta property=\"og:image:type\" content=\"image\/jpeg\" \/>\n<meta name=\"author\" content=\"master\" \/>\n<meta name=\"twitter:card\" content=\"summary_large_image\" \/>\n<meta name=\"twitter:creator\" content=\"@Edmo_Belux\" \/>\n<meta name=\"twitter:site\" content=\"@Edmo_Belux\" \/>\n<meta name=\"twitter:label1\" content=\"Verfasst von\" \/>\n\t<meta name=\"twitter:data1\" content=\"master\" \/>\n\t<meta name=\"twitter:label2\" content=\"Gesch\u00e4tzte Lesezeit\" \/>\n\t<meta name=\"twitter:data2\" content=\"5 Minuten\" \/>\n<script type=\"application\/ld+json\" class=\"yoast-schema-graph\">{\"@context\":\"https:\/\/schema.org\",\"@graph\":[{\"@type\":\"Article\",\"@id\":\"https:\/\/belux.edmo.eu\/de\/dieses-schneevideo-zeigt-einen-februartag-in-der-trkei-keinen-sommertag-in-deutschland\/#article\",\"isPartOf\":{\"@id\":\"https:\/\/belux.edmo.eu\/de\/dieses-schneevideo-zeigt-einen-februartag-in-der-trkei-keinen-sommertag-in-deutschland\/\"},\"author\":{\"name\":\"master\",\"@id\":\"https:\/\/belux.edmo.eu\/#\/schema\/person\/dbe3b252258537fd318f9b5645a30342\"},\"headline\":\"Dieses Schneevideo zeigt einen Februartag in der T\u00fcrkei, keinen Sommertag in Deutschland\",\"datePublished\":\"2023-08-29T13:52:20+00:00\",\"dateModified\":\"2023-08-29T14:33:22+00:00\",\"mainEntityOfPage\":{\"@id\":\"https:\/\/belux.edmo.eu\/de\/dieses-schneevideo-zeigt-einen-februartag-in-der-trkei-keinen-sommertag-in-deutschland\/\"},\"wordCount\":1056,\"publisher\":{\"@id\":\"https:\/\/belux.edmo.eu\/#organization\"},\"image\":{\"@id\":\"https:\/\/belux.edmo.eu\/de\/dieses-schneevideo-zeigt-einen-februartag-in-der-trkei-keinen-sommertag-in-deutschland\/#primaryimage\"},\"thumbnailUrl\":\"https:\/\/belux-edmo.s3-accelerate.amazonaws.com\/wp-content\/uploads\/2023\/08\/6e8cc958469377507e47e0730579756aceea4965-ipad.jpg\",\"articleSection\":[\"Fact Check\",\"Umwelt\"],\"inLanguage\":\"de-DE\"},{\"@type\":\"WebPage\",\"@id\":\"https:\/\/belux.edmo.eu\/de\/dieses-schneevideo-zeigt-einen-februartag-in-der-trkei-keinen-sommertag-in-deutschland\/\",\"url\":\"https:\/\/belux.edmo.eu\/de\/dieses-schneevideo-zeigt-einen-februartag-in-der-trkei-keinen-sommertag-in-deutschland\/\",\"name\":\"Dieses Schneevideo zeigt einen Februartag in der T\u00fcrkei, keinen Sommertag in Deutschland - EDMO Belux\",\"isPartOf\":{\"@id\":\"https:\/\/belux.edmo.eu\/#website\"},\"primaryImageOfPage\":{\"@id\":\"https:\/\/belux.edmo.eu\/de\/dieses-schneevideo-zeigt-einen-februartag-in-der-trkei-keinen-sommertag-in-deutschland\/#primaryimage\"},\"image\":{\"@id\":\"https:\/\/belux.edmo.eu\/de\/dieses-schneevideo-zeigt-einen-februartag-in-der-trkei-keinen-sommertag-in-deutschland\/#primaryimage\"},\"thumbnailUrl\":\"https:\/\/belux-edmo.s3-accelerate.amazonaws.com\/wp-content\/uploads\/2023\/08\/6e8cc958469377507e47e0730579756aceea4965-ipad.jpg\",\"datePublished\":\"2023-08-29T13:52:20+00:00\",\"dateModified\":\"2023-08-29T14:33:22+00:00\",\"breadcrumb\":{\"@id\":\"https:\/\/belux.edmo.eu\/de\/dieses-schneevideo-zeigt-einen-februartag-in-der-trkei-keinen-sommertag-in-deutschland\/#breadcrumb\"},\"inLanguage\":\"de-DE\",\"potentialAction\":[{\"@type\":\"ReadAction\",\"target\":[\"https:\/\/belux.edmo.eu\/de\/dieses-schneevideo-zeigt-einen-februartag-in-der-trkei-keinen-sommertag-in-deutschland\/\"]}]},{\"@type\":\"ImageObject\",\"inLanguage\":\"de-DE\",\"@id\":\"https:\/\/belux.edmo.eu\/de\/dieses-schneevideo-zeigt-einen-februartag-in-der-trkei-keinen-sommertag-in-deutschland\/#primaryimage\",\"url\":\"https:\/\/belux-edmo.s3-accelerate.amazonaws.com\/wp-content\/uploads\/2023\/08\/6e8cc958469377507e47e0730579756aceea4965-ipad.jpg\",\"contentUrl\":\"https:\/\/belux-edmo.s3-accelerate.amazonaws.com\/wp-content\/uploads\/2023\/08\/6e8cc958469377507e47e0730579756aceea4965-ipad.jpg\",\"width\":1080,\"height\":540,\"caption\":\"Dieses Schneevideo zeigt einen Februartag in der T\u00fcrkei, keinen Sommertag in Deutschland - Featured image\"},{\"@type\":\"BreadcrumbList\",\"@id\":\"https:\/\/belux.edmo.eu\/de\/dieses-schneevideo-zeigt-einen-februartag-in-der-trkei-keinen-sommertag-in-deutschland\/#breadcrumb\",\"itemListElement\":[{\"@type\":\"ListItem\",\"position\":1,\"name\":\"Home\",\"item\":\"https:\/\/belux.edmo.eu\/de\/\"},{\"@type\":\"ListItem\",\"position\":2,\"name\":\"Dieses Schneevideo zeigt einen Februartag in der T\u00fcrkei, keinen Sommertag in Deutschland\"}]},{\"@type\":\"WebSite\",\"@id\":\"https:\/\/belux.edmo.eu\/#website\",\"url\":\"https:\/\/belux.edmo.eu\/\",\"name\":\"EDMO Belux\",\"description\":\"Monitoring Disinformation in Belgium and Luxembourg\",\"publisher\":{\"@id\":\"https:\/\/belux.edmo.eu\/#organization\"},\"potentialAction\":[{\"@type\":\"SearchAction\",\"target\":{\"@type\":\"EntryPoint\",\"urlTemplate\":\"https:\/\/belux.edmo.eu\/?s={search_term_string}\"},\"query-input\":{\"@type\":\"PropertyValueSpecification\",\"valueRequired\":true,\"valueName\":\"search_term_string\"}}],\"inLanguage\":\"de-DE\"},{\"@type\":\"Organization\",\"@id\":\"https:\/\/belux.edmo.eu\/#organization\",\"name\":\"EDMO Belux\",\"url\":\"https:\/\/belux.edmo.eu\/\",\"logo\":{\"@type\":\"ImageObject\",\"inLanguage\":\"de-DE\",\"@id\":\"https:\/\/belux.edmo.eu\/#\/schema\/logo\/image\/\",\"url\":\"https:\/\/belux.edmo.eu\/wp-content\/uploads\/2021\/12\/belux-logo-full-color-rgb.svg\",\"contentUrl\":\"https:\/\/belux.edmo.eu\/wp-content\/uploads\/2021\/12\/belux-logo-full-color-rgb.svg\",\"width\":1,\"height\":1,\"caption\":\"EDMO Belux\"},\"image\":{\"@id\":\"https:\/\/belux.edmo.eu\/#\/schema\/logo\/image\/\"},\"sameAs\":[\"https:\/\/x.com\/Edmo_Belux\"]},{\"@type\":\"Person\",\"@id\":\"https:\/\/belux.edmo.eu\/#\/schema\/person\/dbe3b252258537fd318f9b5645a30342\",\"name\":\"master\",\"sameAs\":[\"https:\/\/belux.wpengine.com\"],\"url\":\"https:\/\/belux.edmo.eu\/de\/author\/master\/\"}]}<\/script>\n<!-- \/ Yoast SEO plugin. -->","yoast_head_json":{"title":"Dieses Schneevideo zeigt einen Februartag in der T\u00fcrkei, keinen Sommertag in Deutschland - EDMO Belux","robots":{"index":"index","follow":"follow","max-snippet":"max-snippet:-1","max-image-preview":"max-image-preview:large","max-video-preview":"max-video-preview:-1"},"canonical":"https:\/\/belux.edmo.eu\/de\/dieses-schneevideo-zeigt-einen-februartag-in-der-trkei-keinen-sommertag-in-deutschland\/","og_locale":"de_DE","og_type":"article","og_title":"Dieses Schneevideo zeigt einen Februartag in der T\u00fcrkei, keinen Sommertag in Deutschland - EDMO Belux","og_description":"\"Schnee im August\", hei\u00dft es in bosnischsprachigen Facebook-Beitr\u00e4gen, die ein Video teilen, auf dem verschneite Stra\u00dfen zu sehen sind. \u00dcber dem Video liegen das Wort \"Stuttgart\" mit zwei deutschen Flaggen sowie das Datum 18.08.2023. Obwohl viele Nutzerinnen und Nutzer \u2013 die angaben, sich gerade in Stuttgart aufzuhalten \u2013 kommentierten, dass die Behauptung falsch und das Wetter hei\u00df sei, wurden die Beitr\u00e4ge seit dem 18. August 2023 mehr als 30.000 Mal geteilt. Dasselbe Video und dieselbe Behauptung wurden auf einem Youtube-Kanal geteilt, wo es mehr als 2000 Mal angesehen wurde.","og_url":"https:\/\/belux.edmo.eu\/de\/dieses-schneevideo-zeigt-einen-februartag-in-der-trkei-keinen-sommertag-in-deutschland\/","og_site_name":"EDMO Belux","article_published_time":"2023-08-29T13:52:20+00:00","article_modified_time":"2023-08-29T14:33:22+00:00","og_image":[{"width":1080,"height":540,"url":"https:\/\/belux-edmo.s3-accelerate.amazonaws.com\/wp-content\/uploads\/2023\/08\/6e8cc958469377507e47e0730579756aceea4965-ipad.jpg","type":"image\/jpeg"}],"author":"master","twitter_card":"summary_large_image","twitter_creator":"@Edmo_Belux","twitter_site":"@Edmo_Belux","twitter_misc":{"Verfasst von":"master","Gesch\u00e4tzte Lesezeit":"5 Minuten"},"schema":{"@context":"https:\/\/schema.org","@graph":[{"@type":"Article","@id":"https:\/\/belux.edmo.eu\/de\/dieses-schneevideo-zeigt-einen-februartag-in-der-trkei-keinen-sommertag-in-deutschland\/#article","isPartOf":{"@id":"https:\/\/belux.edmo.eu\/de\/dieses-schneevideo-zeigt-einen-februartag-in-der-trkei-keinen-sommertag-in-deutschland\/"},"author":{"name":"master","@id":"https:\/\/belux.edmo.eu\/#\/schema\/person\/dbe3b252258537fd318f9b5645a30342"},"headline":"Dieses Schneevideo zeigt einen Februartag in der T\u00fcrkei, keinen Sommertag in Deutschland","datePublished":"2023-08-29T13:52:20+00:00","dateModified":"2023-08-29T14:33:22+00:00","mainEntityOfPage":{"@id":"https:\/\/belux.edmo.eu\/de\/dieses-schneevideo-zeigt-einen-februartag-in-der-trkei-keinen-sommertag-in-deutschland\/"},"wordCount":1056,"publisher":{"@id":"https:\/\/belux.edmo.eu\/#organization"},"image":{"@id":"https:\/\/belux.edmo.eu\/de\/dieses-schneevideo-zeigt-einen-februartag-in-der-trkei-keinen-sommertag-in-deutschland\/#primaryimage"},"thumbnailUrl":"https:\/\/belux-edmo.s3-accelerate.amazonaws.com\/wp-content\/uploads\/2023\/08\/6e8cc958469377507e47e0730579756aceea4965-ipad.jpg","articleSection":["Fact Check","Umwelt"],"inLanguage":"de-DE"},{"@type":"WebPage","@id":"https:\/\/belux.edmo.eu\/de\/dieses-schneevideo-zeigt-einen-februartag-in-der-trkei-keinen-sommertag-in-deutschland\/","url":"https:\/\/belux.edmo.eu\/de\/dieses-schneevideo-zeigt-einen-februartag-in-der-trkei-keinen-sommertag-in-deutschland\/","name":"Dieses Schneevideo zeigt einen Februartag in der T\u00fcrkei, keinen Sommertag in Deutschland - EDMO Belux","isPartOf":{"@id":"https:\/\/belux.edmo.eu\/#website"},"primaryImageOfPage":{"@id":"https:\/\/belux.edmo.eu\/de\/dieses-schneevideo-zeigt-einen-februartag-in-der-trkei-keinen-sommertag-in-deutschland\/#primaryimage"},"image":{"@id":"https:\/\/belux.edmo.eu\/de\/dieses-schneevideo-zeigt-einen-februartag-in-der-trkei-keinen-sommertag-in-deutschland\/#primaryimage"},"thumbnailUrl":"https:\/\/belux-edmo.s3-accelerate.amazonaws.com\/wp-content\/uploads\/2023\/08\/6e8cc958469377507e47e0730579756aceea4965-ipad.jpg","datePublished":"2023-08-29T13:52:20+00:00","dateModified":"2023-08-29T14:33:22+00:00","breadcrumb":{"@id":"https:\/\/belux.edmo.eu\/de\/dieses-schneevideo-zeigt-einen-februartag-in-der-trkei-keinen-sommertag-in-deutschland\/#breadcrumb"},"inLanguage":"de-DE","potentialAction":[{"@type":"ReadAction","target":["https:\/\/belux.edmo.eu\/de\/dieses-schneevideo-zeigt-einen-februartag-in-der-trkei-keinen-sommertag-in-deutschland\/"]}]},{"@type":"ImageObject","inLanguage":"de-DE","@id":"https:\/\/belux.edmo.eu\/de\/dieses-schneevideo-zeigt-einen-februartag-in-der-trkei-keinen-sommertag-in-deutschland\/#primaryimage","url":"https:\/\/belux-edmo.s3-accelerate.amazonaws.com\/wp-content\/uploads\/2023\/08\/6e8cc958469377507e47e0730579756aceea4965-ipad.jpg","contentUrl":"https:\/\/belux-edmo.s3-accelerate.amazonaws.com\/wp-content\/uploads\/2023\/08\/6e8cc958469377507e47e0730579756aceea4965-ipad.jpg","width":1080,"height":540,"caption":"Dieses Schneevideo zeigt einen Februartag in der T\u00fcrkei, keinen Sommertag in Deutschland - Featured image"},{"@type":"BreadcrumbList","@id":"https:\/\/belux.edmo.eu\/de\/dieses-schneevideo-zeigt-einen-februartag-in-der-trkei-keinen-sommertag-in-deutschland\/#breadcrumb","itemListElement":[{"@type":"ListItem","position":1,"name":"Home","item":"https:\/\/belux.edmo.eu\/de\/"},{"@type":"ListItem","position":2,"name":"Dieses Schneevideo zeigt einen Februartag in der T\u00fcrkei, keinen Sommertag in Deutschland"}]},{"@type":"WebSite","@id":"https:\/\/belux.edmo.eu\/#website","url":"https:\/\/belux.edmo.eu\/","name":"EDMO Belux","description":"Monitoring Disinformation in Belgium and Luxembourg","publisher":{"@id":"https:\/\/belux.edmo.eu\/#organization"},"potentialAction":[{"@type":"SearchAction","target":{"@type":"EntryPoint","urlTemplate":"https:\/\/belux.edmo.eu\/?s={search_term_string}"},"query-input":{"@type":"PropertyValueSpecification","valueRequired":true,"valueName":"search_term_string"}}],"inLanguage":"de-DE"},{"@type":"Organization","@id":"https:\/\/belux.edmo.eu\/#organization","name":"EDMO Belux","url":"https:\/\/belux.edmo.eu\/","logo":{"@type":"ImageObject","inLanguage":"de-DE","@id":"https:\/\/belux.edmo.eu\/#\/schema\/logo\/image\/","url":"https:\/\/belux.edmo.eu\/wp-content\/uploads\/2021\/12\/belux-logo-full-color-rgb.svg","contentUrl":"https:\/\/belux.edmo.eu\/wp-content\/uploads\/2021\/12\/belux-logo-full-color-rgb.svg","width":1,"height":1,"caption":"EDMO Belux"},"image":{"@id":"https:\/\/belux.edmo.eu\/#\/schema\/logo\/image\/"},"sameAs":["https:\/\/x.com\/Edmo_Belux"]},{"@type":"Person","@id":"https:\/\/belux.edmo.eu\/#\/schema\/person\/dbe3b252258537fd318f9b5645a30342","name":"master","sameAs":["https:\/\/belux.wpengine.com"],"url":"https:\/\/belux.edmo.eu\/de\/author\/master\/"}]}},"menu_order":0,"_links":{"self":[{"href":"https:\/\/belux.edmo.eu\/de\/wp-json\/wp\/v2\/posts\/283555","targetHints":{"allow":["GET"]}}],"collection":[{"href":"https:\/\/belux.edmo.eu\/de\/wp-json\/wp\/v2\/posts"}],"about":[{"href":"https:\/\/belux.edmo.eu\/de\/wp-json\/wp\/v2\/types\/post"}],"author":[{"embeddable":true,"href":"https:\/\/belux.edmo.eu\/de\/wp-json\/wp\/v2\/users\/1"}],"replies":[{"embeddable":true,"href":"https:\/\/belux.edmo.eu\/de\/wp-json\/wp\/v2\/comments?post=283555"}],"version-history":[{"count":0,"href":"https:\/\/belux.edmo.eu\/de\/wp-json\/wp\/v2\/posts\/283555\/revisions"}],"wp:featuredmedia":[{"embeddable":true,"href":"https:\/\/belux.edmo.eu\/de\/wp-json\/wp\/v2\/media\/283520"}],"wp:attachment":[{"href":"https:\/\/belux.edmo.eu\/de\/wp-json\/wp\/v2\/media?parent=283555"}],"wp:term":[{"taxonomy":"category","embeddable":true,"href":"https:\/\/belux.edmo.eu\/de\/wp-json\/wp\/v2\/categories?post=283555"},{"taxonomy":"post_tag","embeddable":true,"href":"https:\/\/belux.edmo.eu\/de\/wp-json\/wp\/v2\/tags?post=283555"}],"curies":[{"name":"wp","href":"https:\/\/api.w.org\/{rel}","templated":true}]}}