{"id":287476,"date":"2023-09-20T09:17:28","date_gmt":"2023-09-20T09:17:28","guid":{"rendered":"https:\/\/belux.edmo.eu\/?p=287476"},"modified":"2023-09-20T14:30:48","modified_gmt":"2023-09-20T14:30:48","slug":"das-video-einer-berschwemmung-in-der-madrider-u-bahn-stammt-aus-dem-jahr-2017-nicht-2023","status":"publish","type":"post","link":"https:\/\/belux.edmo.eu\/de\/das-video-einer-berschwemmung-in-der-madrider-u-bahn-stammt-aus-dem-jahr-2017-nicht-2023\/","title":{"rendered":"Das Video einer \u00dcberschwemmung in der Madrider U-Bahn stammt aus dem Jahr 2017, nicht 2023"},"content":{"rendered":"<p><b>Ein Video eines heftigen Wasserstroms, der 2017 eine Metrostation in Madrid \u00fcberschwemmte, wurde mit der Behauptung geteilt, es zeige die Auswirkungen des Sturms in der spanischen Hauptstadt im Jahr 2023. Eine umgekehrte Bildsuche ergab jedoch denselben Beitrag, der sechs Jahre zuvor nach einem Unwetter in sozialen Netzwerken ver\u00f6ffentlicht worden war.<\/b><\/p>\n<p>&#8222;Es gibt Tote, und die Madrider Metro sieht so aus, und dann sind da rechte Politikerinnen und Politiker, die l\u00fcgen und die #AEMET der Schwarzmalerei beschuldigen&#8220;, hei\u00dft es in einem <a href=\"https:\/\/archive.ph\/yrn36\" shape=\"rect\">Beitrag<\/a> des Politologen Juan Carlos Monedero, Mitgr\u00fcnder der spanischen linkspopulistischen Partei Podemos, auf X, ehemals Twitter.<\/p>\n<p><a href=\"https:\/\/perma.cc\/RFA8-CVWZ\" shape=\"rect\"><span style=\"vertical-align: inherit;\"><span style=\"vertical-align: inherit;\">Monedero<\/span><\/span><\/a><span style=\"vertical-align: inherit;\"><span style=\"vertical-align: inherit;\"> &#8217;s post <\/span><span style=\"vertical-align: inherit;\">was also shared on <\/span><\/span><a href=\"https:\/\/perma.cc\/N78X-2H6T\" shape=\"rect\"><span style=\"vertical-align: inherit;\"><span style=\"vertical-align: inherit;\">Facebook<\/span><\/span><\/a><span style=\"vertical-align: inherit;\"><span style=\"vertical-align: inherit;\"> . <\/span><span style=\"vertical-align: inherit;\">It includes a 13-second video that shows a stream of water pouring from the platform onto the subway tracks. <\/span><span style=\"vertical-align: inherit;\">The description reads: &#8222;Madrid 4\/9\/2023 00:40h&#8220;. <\/span><span style=\"vertical-align: inherit;\">The recordings also circulated on <\/span><\/span><a href=\"https:\/\/archive.ph\/Euqn9\" shape=\"rect\"><span style=\"vertical-align: inherit;\"><span style=\"vertical-align: inherit;\">Tiktok<\/span><\/span><\/a><span style=\"vertical-align: inherit;\"><span style=\"vertical-align: inherit;\"> .<\/span><\/span><\/p>\n<div class=\"g2image\">\n<figure><img src=\"https:\/\/belux-edmo.s3-accelerate.amazonaws.com\/wp-content\/uploads\/2023\/09\/0ce917082ce3e4930d0b40c162ff1724c17f21ff-ipad.jpg\" \/><figcaption><span style=\"vertical-align: inherit;\"><span style=\"vertical-align: inherit;\">X-Screenshot of claim: September 6, 2023<\/span><\/span><\/figcaption><\/figure>\n<\/div>\n<p><a href=\"https:\/\/archive.ph\/BHPDz\" shape=\"rect\"><span style=\"vertical-align: inherit;\"><span style=\"vertical-align: inherit;\">During the first weekend of September 2023, Spain was hit<\/span><\/span><\/a><span style=\"vertical-align: inherit;\"><span style=\"vertical-align: inherit;\"> by torrential rain and severe weather <\/span><span style=\"vertical-align: inherit;\">caused <\/span><span style=\"vertical-align: inherit;\">by the meteorological phenomenon &#8220; <\/span><\/span><a href=\"https:\/\/archive.ph\/NjAyP\" shape=\"rect\"><span style=\"vertical-align: inherit;\"><span style=\"vertical-align: inherit;\">Dana &#8222;. <\/span><\/span><\/a><span style=\"vertical-align: inherit;\"><span style=\"vertical-align: inherit;\">Dana is the acronym of Depresi\u00f3n Aislada a Niveles Altos, which means &#8222;isolated low in high layers.&#8220; <\/span><span style=\"vertical-align: inherit;\">The storm mainly affected the regions of Madrid and Castile-La Mancha, where heavy rain fell on the night of September 3, 2023.<\/span><\/span><\/p>\n<p><span style=\"vertical-align: inherit;\"><span style=\"vertical-align: inherit;\">The rains meant that rail traffic had to be suspended in several regions, particularly between Madrid and Andalusia and on the Mediterranean coast. <\/span><span style=\"vertical-align: inherit;\">In the Spanish capital, several subway lines had to be temporarily closed due to the bad weather. <\/span><span style=\"vertical-align: inherit;\">Spanish <\/span><\/span><a href=\"https:\/\/archive.ph\/Evj8c\" shape=\"rect\"><span style=\"vertical-align: inherit;\"><span style=\"vertical-align: inherit;\">media<\/span><\/span><\/a><span style=\"vertical-align: inherit;\"><span style=\"vertical-align: inherit;\"> published footage of floods taken by those affected.<\/span><\/span><\/p>\n<p><span style=\"vertical-align: inherit;\"><span style=\"vertical-align: inherit;\">A <\/span><\/span><a href=\"https:\/\/www.youtube.com\/watch?v=W9JkBkOE0TM\" shape=\"rect\"><span style=\"vertical-align: inherit;\"><span style=\"vertical-align: inherit;\">reverse image search using the <\/span><\/span><\/a><a href=\"https:\/\/www.invid-project.eu\/tools-and-services\/invid-verification-plugin\/\" shape=\"rect\"><span style=\"vertical-align: inherit;\"><span style=\"vertical-align: inherit;\">InVid-WeVerify<\/span><\/span><\/a><span style=\"vertical-align: inherit;\"><span style=\"vertical-align: inherit;\"> tool <\/span><span style=\"vertical-align: inherit;\">for still images of key scenes from the widespread sequence in which water pours from the platform onto the tracks revealed a <\/span><\/span><a href=\"https:\/\/archive.ph\/7vt9W\" shape=\"rect\"><span style=\"vertical-align: inherit;\"><span style=\"vertical-align: inherit;\">video<\/span><\/span><\/a><span style=\"vertical-align: inherit;\"><span style=\"vertical-align: inherit;\"> posted on YouTube on July 7, 2017 on the channel of the Spanish daily newspaper &#8222;El Pa\u00eds&#8220; has been published. <\/span><span style=\"vertical-align: inherit;\">&#8222;A construction worker uses his cell phone to record the effects of the rain at Marqu\u00e9s de Vadillo station, closed for renovations on Line 5 of the Madrid Metro,&#8220; the description reads. <\/span><span style=\"vertical-align: inherit;\">The Spanish television station <\/span><\/span><a href=\"https:\/\/archive.ph\/dTV1J\" shape=\"rect\"><span style=\"vertical-align: inherit;\"><span style=\"vertical-align: inherit;\">La Sexta<\/span><\/span><\/a><span style=\"vertical-align: inherit;\"><span style=\"vertical-align: inherit;\"> also broadcast footage of the storm in 2017.<\/span><\/span><\/p>\n<div class=\"g2web\" style=\"text-align: center;\"><iframe title=\"YouTube video player\" src=\"https:\/\/www.youtube.com\/embed\/G-wQRNVaaFY?si=eGthNynZJc1PNc1X\" width=\"560\" height=\"315\" frameborder=\"0\" scrolling=\"auto\" allowfullscreen=\"allowfullscreen\" data-mce-fragment=\"1\"><\/iframe><\/div>\n<p><span style=\"vertical-align: inherit;\"><span style=\"vertical-align: inherit;\">The results also included an <\/span><\/span><a href=\"https:\/\/archive.ph\/JVIiS\" shape=\"rect\"><span style=\"vertical-align: inherit;\"><span style=\"vertical-align: inherit;\">article<\/span><\/span><\/a><span style=\"vertical-align: inherit;\"><span style=\"vertical-align: inherit;\"> from the Spanish news agency Europa Press from 2017. The text shares a still from the video and reports on the work in the metro and the storm.<\/span><\/span><\/p>\n<p><strong><span style=\"vertical-align: inherit;\"><span style=\"vertical-align: inherit;\">Conclusion:<\/span><\/span><\/strong><span style=\"vertical-align: inherit;\"><span style=\"vertical-align: inherit;\"> The distributed video does not show the effects of the Dana storm from the beginning of September 2023. The recordings were taken during a severe storm in Madrid in 2017. <\/span><span style=\"vertical-align: inherit;\">This resulted in a reverse image search using still images of key scenes in the video.<\/span><\/span><\/p>\n","protected":false},"excerpt":{"rendered":"<p>&#8222;Es gibt Tote, und die Madrider Metro sieht so aus, und dann sind da rechte Politikerinnen und Politiker, die l\u00fcgen und die #AEMET der Schwarzmalerei beschuldigen&#8220;, hei\u00dft es in einem Beitrag des Politologen Juan Carlos Monedero, Mitgr\u00fcnder der spanischen linkspopulistischen Partei Podemos, auf X, ehemals Twitter.<\/p>\n","protected":false},"author":1,"featured_media":287466,"comment_status":"closed","ping_status":"open","sticky":false,"template":"","format":"standard","meta":{"_acf_changed":false,"footnotes":""},"categories":[127,139,128],"tags":[],"class_list":{"0":"post-287476","1":"post","2":"type-post","3":"status-publish","4":"format-standard","5":"has-post-thumbnail","7":"category-fact-check-de","8":"category-gesellschaft-de","9":"category-umwelt"},"acf":{"show_metatags":true,"id":"http:\/\/doc.afp.com\/33VF3DG","authors":"Adria LABORDA \/ AFP Deutschland \/ AFP Spanien","organization":"AFP","featured_image_copyright":"","text_copyright":"\u00a9 AGENCE FRANCE-PRESSE | 2023 | Alle Rechte vorbehalten. Jede Nutzung von AFP-Inhalten auf dieser Website unterliegt den Nutzungsbedingungen auf <a href='https:\/\/www.afp.com\/en\/terms-use' target='_blank'>CGU<\/a>. Durch den Zugriff auf die auf dieser Website verf\u00fcgbaren AFP-Inhalte und\/oder deren Nutzung erkl\u00e4ren Sie sich mit den oben genannten Nutzungsbedingungen einverstanden. Jede Nutzung von AFP-Inhalten erfolgt unter Ihrer alleinigen und vollen Verantwortung.","source":"https:\/\/faktencheck.afp.com\/doc.afp.com.33VF3DG","fact_checker":"https:\/\/belux.wpengine.com\/wp-content\/uploads\/2021\/12\/afp_logo.png","type":"Closed Event","location":"","start_date":"","start_date_event_begins_at":"","start_date_event_ends_at":"","end_date":"","end_date_event_begins_at":"","end_date_event_ends_at":"","organizer":"","fact_checker_logo_image":false},"yoast_head":"<!-- This site is optimized with the Yoast SEO plugin v27.0 - https:\/\/yoast.com\/product\/yoast-seo-wordpress\/ -->\n<title>Das Video einer \u00dcberschwemmung in der Madrider U-Bahn stammt aus dem Jahr 2017, nicht 2023 - EDMO Belux<\/title>\n<meta name=\"robots\" content=\"index, follow, max-snippet:-1, max-image-preview:large, max-video-preview:-1\" \/>\n<link rel=\"canonical\" href=\"https:\/\/belux.edmo.eu\/de\/das-video-einer-berschwemmung-in-der-madrider-u-bahn-stammt-aus-dem-jahr-2017-nicht-2023\/\" \/>\n<meta property=\"og:locale\" content=\"de_DE\" \/>\n<meta property=\"og:type\" content=\"article\" \/>\n<meta property=\"og:title\" content=\"Das Video einer \u00dcberschwemmung in der Madrider U-Bahn stammt aus dem Jahr 2017, nicht 2023 - EDMO Belux\" \/>\n<meta property=\"og:description\" content=\"&quot;Es gibt Tote, und die Madrider Metro sieht so aus, und dann sind da rechte Politikerinnen und Politiker, die l\u00fcgen und die #AEMET der Schwarzmalerei beschuldigen&quot;, hei\u00dft es in einem Beitrag des Politologen Juan Carlos Monedero, Mitgr\u00fcnder der spanischen linkspopulistischen Partei Podemos, auf X, ehemals Twitter.\" \/>\n<meta property=\"og:url\" content=\"https:\/\/belux.edmo.eu\/de\/das-video-einer-berschwemmung-in-der-madrider-u-bahn-stammt-aus-dem-jahr-2017-nicht-2023\/\" \/>\n<meta property=\"og:site_name\" content=\"EDMO Belux\" \/>\n<meta property=\"article:published_time\" content=\"2023-09-20T09:17:28+00:00\" \/>\n<meta property=\"article:modified_time\" content=\"2023-09-20T14:30:48+00:00\" \/>\n<meta property=\"og:image\" content=\"https:\/\/belux-edmo.s3-accelerate.amazonaws.com\/wp-content\/uploads\/2023\/09\/422d151f9e05a000bc09efaef61c0def5f2aabf1-ipad.jpg\" \/>\n\t<meta property=\"og:image:width\" content=\"1080\" \/>\n\t<meta property=\"og:image:height\" content=\"540\" \/>\n\t<meta property=\"og:image:type\" content=\"image\/jpeg\" \/>\n<meta name=\"author\" content=\"master\" \/>\n<meta name=\"twitter:card\" content=\"summary_large_image\" \/>\n<meta name=\"twitter:creator\" content=\"@Edmo_Belux\" \/>\n<meta name=\"twitter:site\" content=\"@Edmo_Belux\" \/>\n<meta name=\"twitter:label1\" content=\"Verfasst von\" \/>\n\t<meta name=\"twitter:data1\" content=\"master\" \/>\n\t<meta name=\"twitter:label2\" content=\"Gesch\u00e4tzte Lesezeit\" \/>\n\t<meta name=\"twitter:data2\" content=\"2 Minuten\" \/>\n<script type=\"application\/ld+json\" class=\"yoast-schema-graph\">{\"@context\":\"https:\/\/schema.org\",\"@graph\":[{\"@type\":\"Article\",\"@id\":\"https:\/\/belux.edmo.eu\/de\/das-video-einer-berschwemmung-in-der-madrider-u-bahn-stammt-aus-dem-jahr-2017-nicht-2023\/#article\",\"isPartOf\":{\"@id\":\"https:\/\/belux.edmo.eu\/de\/das-video-einer-berschwemmung-in-der-madrider-u-bahn-stammt-aus-dem-jahr-2017-nicht-2023\/\"},\"author\":{\"name\":\"master\",\"@id\":\"https:\/\/belux.edmo.eu\/#\/schema\/person\/dbe3b252258537fd318f9b5645a30342\"},\"headline\":\"Das Video einer \u00dcberschwemmung in der Madrider U-Bahn stammt aus dem Jahr 2017, nicht 2023\",\"datePublished\":\"2023-09-20T09:17:28+00:00\",\"dateModified\":\"2023-09-20T14:30:48+00:00\",\"mainEntityOfPage\":{\"@id\":\"https:\/\/belux.edmo.eu\/de\/das-video-einer-berschwemmung-in-der-madrider-u-bahn-stammt-aus-dem-jahr-2017-nicht-2023\/\"},\"wordCount\":435,\"publisher\":{\"@id\":\"https:\/\/belux.edmo.eu\/#organization\"},\"image\":{\"@id\":\"https:\/\/belux.edmo.eu\/de\/das-video-einer-berschwemmung-in-der-madrider-u-bahn-stammt-aus-dem-jahr-2017-nicht-2023\/#primaryimage\"},\"thumbnailUrl\":\"https:\/\/belux-edmo.s3-accelerate.amazonaws.com\/wp-content\/uploads\/2023\/09\/422d151f9e05a000bc09efaef61c0def5f2aabf1-ipad.jpg\",\"articleSection\":[\"Fact Check\",\"Gesellschaft\",\"Umwelt\"],\"inLanguage\":\"de-DE\"},{\"@type\":\"WebPage\",\"@id\":\"https:\/\/belux.edmo.eu\/de\/das-video-einer-berschwemmung-in-der-madrider-u-bahn-stammt-aus-dem-jahr-2017-nicht-2023\/\",\"url\":\"https:\/\/belux.edmo.eu\/de\/das-video-einer-berschwemmung-in-der-madrider-u-bahn-stammt-aus-dem-jahr-2017-nicht-2023\/\",\"name\":\"Das Video einer \u00dcberschwemmung in der Madrider U-Bahn stammt aus dem Jahr 2017, nicht 2023 - EDMO Belux\",\"isPartOf\":{\"@id\":\"https:\/\/belux.edmo.eu\/#website\"},\"primaryImageOfPage\":{\"@id\":\"https:\/\/belux.edmo.eu\/de\/das-video-einer-berschwemmung-in-der-madrider-u-bahn-stammt-aus-dem-jahr-2017-nicht-2023\/#primaryimage\"},\"image\":{\"@id\":\"https:\/\/belux.edmo.eu\/de\/das-video-einer-berschwemmung-in-der-madrider-u-bahn-stammt-aus-dem-jahr-2017-nicht-2023\/#primaryimage\"},\"thumbnailUrl\":\"https:\/\/belux-edmo.s3-accelerate.amazonaws.com\/wp-content\/uploads\/2023\/09\/422d151f9e05a000bc09efaef61c0def5f2aabf1-ipad.jpg\",\"datePublished\":\"2023-09-20T09:17:28+00:00\",\"dateModified\":\"2023-09-20T14:30:48+00:00\",\"breadcrumb\":{\"@id\":\"https:\/\/belux.edmo.eu\/de\/das-video-einer-berschwemmung-in-der-madrider-u-bahn-stammt-aus-dem-jahr-2017-nicht-2023\/#breadcrumb\"},\"inLanguage\":\"de-DE\",\"potentialAction\":[{\"@type\":\"ReadAction\",\"target\":[\"https:\/\/belux.edmo.eu\/de\/das-video-einer-berschwemmung-in-der-madrider-u-bahn-stammt-aus-dem-jahr-2017-nicht-2023\/\"]}]},{\"@type\":\"ImageObject\",\"inLanguage\":\"de-DE\",\"@id\":\"https:\/\/belux.edmo.eu\/de\/das-video-einer-berschwemmung-in-der-madrider-u-bahn-stammt-aus-dem-jahr-2017-nicht-2023\/#primaryimage\",\"url\":\"https:\/\/belux-edmo.s3-accelerate.amazonaws.com\/wp-content\/uploads\/2023\/09\/422d151f9e05a000bc09efaef61c0def5f2aabf1-ipad.jpg\",\"contentUrl\":\"https:\/\/belux-edmo.s3-accelerate.amazonaws.com\/wp-content\/uploads\/2023\/09\/422d151f9e05a000bc09efaef61c0def5f2aabf1-ipad.jpg\",\"width\":1080,\"height\":540,\"caption\":\"Das Video einer \u00dcberschwemmung in der Madrider U-Bahn stammt aus dem Jahr 2017, nicht 2023 - Featured image\"},{\"@type\":\"BreadcrumbList\",\"@id\":\"https:\/\/belux.edmo.eu\/de\/das-video-einer-berschwemmung-in-der-madrider-u-bahn-stammt-aus-dem-jahr-2017-nicht-2023\/#breadcrumb\",\"itemListElement\":[{\"@type\":\"ListItem\",\"position\":1,\"name\":\"Home\",\"item\":\"https:\/\/belux.edmo.eu\/de\/\"},{\"@type\":\"ListItem\",\"position\":2,\"name\":\"Das Video einer \u00dcberschwemmung in der Madrider U-Bahn stammt aus dem Jahr 2017, nicht 2023\"}]},{\"@type\":\"WebSite\",\"@id\":\"https:\/\/belux.edmo.eu\/#website\",\"url\":\"https:\/\/belux.edmo.eu\/\",\"name\":\"EDMO Belux\",\"description\":\"Monitoring Disinformation in Belgium and Luxembourg\",\"publisher\":{\"@id\":\"https:\/\/belux.edmo.eu\/#organization\"},\"potentialAction\":[{\"@type\":\"SearchAction\",\"target\":{\"@type\":\"EntryPoint\",\"urlTemplate\":\"https:\/\/belux.edmo.eu\/?s={search_term_string}\"},\"query-input\":{\"@type\":\"PropertyValueSpecification\",\"valueRequired\":true,\"valueName\":\"search_term_string\"}}],\"inLanguage\":\"de-DE\"},{\"@type\":\"Organization\",\"@id\":\"https:\/\/belux.edmo.eu\/#organization\",\"name\":\"EDMO Belux\",\"url\":\"https:\/\/belux.edmo.eu\/\",\"logo\":{\"@type\":\"ImageObject\",\"inLanguage\":\"de-DE\",\"@id\":\"https:\/\/belux.edmo.eu\/#\/schema\/logo\/image\/\",\"url\":\"https:\/\/belux.edmo.eu\/wp-content\/uploads\/2021\/12\/belux-logo-full-color-rgb.svg\",\"contentUrl\":\"https:\/\/belux.edmo.eu\/wp-content\/uploads\/2021\/12\/belux-logo-full-color-rgb.svg\",\"width\":1,\"height\":1,\"caption\":\"EDMO Belux\"},\"image\":{\"@id\":\"https:\/\/belux.edmo.eu\/#\/schema\/logo\/image\/\"},\"sameAs\":[\"https:\/\/x.com\/Edmo_Belux\"]},{\"@type\":\"Person\",\"@id\":\"https:\/\/belux.edmo.eu\/#\/schema\/person\/dbe3b252258537fd318f9b5645a30342\",\"name\":\"master\",\"sameAs\":[\"https:\/\/belux.wpengine.com\"],\"url\":\"https:\/\/belux.edmo.eu\/de\/author\/master\/\"}]}<\/script>\n<!-- \/ Yoast SEO plugin. -->","yoast_head_json":{"title":"Das Video einer \u00dcberschwemmung in der Madrider U-Bahn stammt aus dem Jahr 2017, nicht 2023 - EDMO Belux","robots":{"index":"index","follow":"follow","max-snippet":"max-snippet:-1","max-image-preview":"max-image-preview:large","max-video-preview":"max-video-preview:-1"},"canonical":"https:\/\/belux.edmo.eu\/de\/das-video-einer-berschwemmung-in-der-madrider-u-bahn-stammt-aus-dem-jahr-2017-nicht-2023\/","og_locale":"de_DE","og_type":"article","og_title":"Das Video einer \u00dcberschwemmung in der Madrider U-Bahn stammt aus dem Jahr 2017, nicht 2023 - EDMO Belux","og_description":"\"Es gibt Tote, und die Madrider Metro sieht so aus, und dann sind da rechte Politikerinnen und Politiker, die l\u00fcgen und die #AEMET der Schwarzmalerei beschuldigen\", hei\u00dft es in einem Beitrag des Politologen Juan Carlos Monedero, Mitgr\u00fcnder der spanischen linkspopulistischen Partei Podemos, auf X, ehemals Twitter.","og_url":"https:\/\/belux.edmo.eu\/de\/das-video-einer-berschwemmung-in-der-madrider-u-bahn-stammt-aus-dem-jahr-2017-nicht-2023\/","og_site_name":"EDMO Belux","article_published_time":"2023-09-20T09:17:28+00:00","article_modified_time":"2023-09-20T14:30:48+00:00","og_image":[{"width":1080,"height":540,"url":"https:\/\/belux-edmo.s3-accelerate.amazonaws.com\/wp-content\/uploads\/2023\/09\/422d151f9e05a000bc09efaef61c0def5f2aabf1-ipad.jpg","type":"image\/jpeg"}],"author":"master","twitter_card":"summary_large_image","twitter_creator":"@Edmo_Belux","twitter_site":"@Edmo_Belux","twitter_misc":{"Verfasst von":"master","Gesch\u00e4tzte Lesezeit":"2 Minuten"},"schema":{"@context":"https:\/\/schema.org","@graph":[{"@type":"Article","@id":"https:\/\/belux.edmo.eu\/de\/das-video-einer-berschwemmung-in-der-madrider-u-bahn-stammt-aus-dem-jahr-2017-nicht-2023\/#article","isPartOf":{"@id":"https:\/\/belux.edmo.eu\/de\/das-video-einer-berschwemmung-in-der-madrider-u-bahn-stammt-aus-dem-jahr-2017-nicht-2023\/"},"author":{"name":"master","@id":"https:\/\/belux.edmo.eu\/#\/schema\/person\/dbe3b252258537fd318f9b5645a30342"},"headline":"Das Video einer \u00dcberschwemmung in der Madrider U-Bahn stammt aus dem Jahr 2017, nicht 2023","datePublished":"2023-09-20T09:17:28+00:00","dateModified":"2023-09-20T14:30:48+00:00","mainEntityOfPage":{"@id":"https:\/\/belux.edmo.eu\/de\/das-video-einer-berschwemmung-in-der-madrider-u-bahn-stammt-aus-dem-jahr-2017-nicht-2023\/"},"wordCount":435,"publisher":{"@id":"https:\/\/belux.edmo.eu\/#organization"},"image":{"@id":"https:\/\/belux.edmo.eu\/de\/das-video-einer-berschwemmung-in-der-madrider-u-bahn-stammt-aus-dem-jahr-2017-nicht-2023\/#primaryimage"},"thumbnailUrl":"https:\/\/belux-edmo.s3-accelerate.amazonaws.com\/wp-content\/uploads\/2023\/09\/422d151f9e05a000bc09efaef61c0def5f2aabf1-ipad.jpg","articleSection":["Fact Check","Gesellschaft","Umwelt"],"inLanguage":"de-DE"},{"@type":"WebPage","@id":"https:\/\/belux.edmo.eu\/de\/das-video-einer-berschwemmung-in-der-madrider-u-bahn-stammt-aus-dem-jahr-2017-nicht-2023\/","url":"https:\/\/belux.edmo.eu\/de\/das-video-einer-berschwemmung-in-der-madrider-u-bahn-stammt-aus-dem-jahr-2017-nicht-2023\/","name":"Das Video einer \u00dcberschwemmung in der Madrider U-Bahn stammt aus dem Jahr 2017, nicht 2023 - EDMO Belux","isPartOf":{"@id":"https:\/\/belux.edmo.eu\/#website"},"primaryImageOfPage":{"@id":"https:\/\/belux.edmo.eu\/de\/das-video-einer-berschwemmung-in-der-madrider-u-bahn-stammt-aus-dem-jahr-2017-nicht-2023\/#primaryimage"},"image":{"@id":"https:\/\/belux.edmo.eu\/de\/das-video-einer-berschwemmung-in-der-madrider-u-bahn-stammt-aus-dem-jahr-2017-nicht-2023\/#primaryimage"},"thumbnailUrl":"https:\/\/belux-edmo.s3-accelerate.amazonaws.com\/wp-content\/uploads\/2023\/09\/422d151f9e05a000bc09efaef61c0def5f2aabf1-ipad.jpg","datePublished":"2023-09-20T09:17:28+00:00","dateModified":"2023-09-20T14:30:48+00:00","breadcrumb":{"@id":"https:\/\/belux.edmo.eu\/de\/das-video-einer-berschwemmung-in-der-madrider-u-bahn-stammt-aus-dem-jahr-2017-nicht-2023\/#breadcrumb"},"inLanguage":"de-DE","potentialAction":[{"@type":"ReadAction","target":["https:\/\/belux.edmo.eu\/de\/das-video-einer-berschwemmung-in-der-madrider-u-bahn-stammt-aus-dem-jahr-2017-nicht-2023\/"]}]},{"@type":"ImageObject","inLanguage":"de-DE","@id":"https:\/\/belux.edmo.eu\/de\/das-video-einer-berschwemmung-in-der-madrider-u-bahn-stammt-aus-dem-jahr-2017-nicht-2023\/#primaryimage","url":"https:\/\/belux-edmo.s3-accelerate.amazonaws.com\/wp-content\/uploads\/2023\/09\/422d151f9e05a000bc09efaef61c0def5f2aabf1-ipad.jpg","contentUrl":"https:\/\/belux-edmo.s3-accelerate.amazonaws.com\/wp-content\/uploads\/2023\/09\/422d151f9e05a000bc09efaef61c0def5f2aabf1-ipad.jpg","width":1080,"height":540,"caption":"Das Video einer \u00dcberschwemmung in der Madrider U-Bahn stammt aus dem Jahr 2017, nicht 2023 - Featured image"},{"@type":"BreadcrumbList","@id":"https:\/\/belux.edmo.eu\/de\/das-video-einer-berschwemmung-in-der-madrider-u-bahn-stammt-aus-dem-jahr-2017-nicht-2023\/#breadcrumb","itemListElement":[{"@type":"ListItem","position":1,"name":"Home","item":"https:\/\/belux.edmo.eu\/de\/"},{"@type":"ListItem","position":2,"name":"Das Video einer \u00dcberschwemmung in der Madrider U-Bahn stammt aus dem Jahr 2017, nicht 2023"}]},{"@type":"WebSite","@id":"https:\/\/belux.edmo.eu\/#website","url":"https:\/\/belux.edmo.eu\/","name":"EDMO Belux","description":"Monitoring Disinformation in Belgium and Luxembourg","publisher":{"@id":"https:\/\/belux.edmo.eu\/#organization"},"potentialAction":[{"@type":"SearchAction","target":{"@type":"EntryPoint","urlTemplate":"https:\/\/belux.edmo.eu\/?s={search_term_string}"},"query-input":{"@type":"PropertyValueSpecification","valueRequired":true,"valueName":"search_term_string"}}],"inLanguage":"de-DE"},{"@type":"Organization","@id":"https:\/\/belux.edmo.eu\/#organization","name":"EDMO Belux","url":"https:\/\/belux.edmo.eu\/","logo":{"@type":"ImageObject","inLanguage":"de-DE","@id":"https:\/\/belux.edmo.eu\/#\/schema\/logo\/image\/","url":"https:\/\/belux.edmo.eu\/wp-content\/uploads\/2021\/12\/belux-logo-full-color-rgb.svg","contentUrl":"https:\/\/belux.edmo.eu\/wp-content\/uploads\/2021\/12\/belux-logo-full-color-rgb.svg","width":1,"height":1,"caption":"EDMO Belux"},"image":{"@id":"https:\/\/belux.edmo.eu\/#\/schema\/logo\/image\/"},"sameAs":["https:\/\/x.com\/Edmo_Belux"]},{"@type":"Person","@id":"https:\/\/belux.edmo.eu\/#\/schema\/person\/dbe3b252258537fd318f9b5645a30342","name":"master","sameAs":["https:\/\/belux.wpengine.com"],"url":"https:\/\/belux.edmo.eu\/de\/author\/master\/"}]}},"menu_order":0,"_links":{"self":[{"href":"https:\/\/belux.edmo.eu\/de\/wp-json\/wp\/v2\/posts\/287476","targetHints":{"allow":["GET"]}}],"collection":[{"href":"https:\/\/belux.edmo.eu\/de\/wp-json\/wp\/v2\/posts"}],"about":[{"href":"https:\/\/belux.edmo.eu\/de\/wp-json\/wp\/v2\/types\/post"}],"author":[{"embeddable":true,"href":"https:\/\/belux.edmo.eu\/de\/wp-json\/wp\/v2\/users\/1"}],"replies":[{"embeddable":true,"href":"https:\/\/belux.edmo.eu\/de\/wp-json\/wp\/v2\/comments?post=287476"}],"version-history":[{"count":0,"href":"https:\/\/belux.edmo.eu\/de\/wp-json\/wp\/v2\/posts\/287476\/revisions"}],"wp:featuredmedia":[{"embeddable":true,"href":"https:\/\/belux.edmo.eu\/de\/wp-json\/wp\/v2\/media\/287466"}],"wp:attachment":[{"href":"https:\/\/belux.edmo.eu\/de\/wp-json\/wp\/v2\/media?parent=287476"}],"wp:term":[{"taxonomy":"category","embeddable":true,"href":"https:\/\/belux.edmo.eu\/de\/wp-json\/wp\/v2\/categories?post=287476"},{"taxonomy":"post_tag","embeddable":true,"href":"https:\/\/belux.edmo.eu\/de\/wp-json\/wp\/v2\/tags?post=287476"}],"curies":[{"name":"wp","href":"https:\/\/api.w.org\/{rel}","templated":true}]}}