{"id":288977,"date":"2023-09-27T08:54:23","date_gmt":"2023-09-27T08:54:23","guid":{"rendered":"https:\/\/belux.edmo.eu\/?p=288977"},"modified":"2023-09-27T12:25:44","modified_gmt":"2023-09-27T12:25:44","slug":"seit-beginn-des-russischen-angriffskriegs-bis-zu-baerbocks-rede-vergingen-560-tage","status":"publish","type":"post","link":"https:\/\/belux.edmo.eu\/de\/seit-beginn-des-russischen-angriffskriegs-bis-zu-baerbocks-rede-vergingen-560-tage\/","title":{"rendered":"Seit Beginn des russischen Angriffskriegs bis zu Baerbocks Rede vergingen 560 Tage"},"content":{"rendered":"<p><b>Am 11. September 2023 besuchte die deutsche Au\u00dfenministerin Annalena Baerbock Kiew und hielt dort eine Pressekonferenz ab, bei der sie der Ukraine die anhaltende Unterst\u00fctzung Deutschlands im russischen Angriffskrieg versicherte. In verschiedenen ungarischen Artikeln und Beitr\u00e4gen in sozialen Netzwerken wurde die Behauptung eines russischen UN-Vertreters verbreitet, dass Baerbock auf dieser Pressekonferenz gesagt habe, sie arbeite &#8222;560 Tage im Jahr&#8220;. Allerdings bezog sie sich in ihrem Redebeitrag nicht auf ihre Arbeit. Auch wenn ihre Formulierung zweideutig interpretiert werden k\u00f6nnte, war an anderer Stelle der Pressekonferenz klar, dass sich die Zahl 560 auf die Anzahl der Tage seit Beginn der russischen Invasion bezog, nicht auf die Anzahl der Tage in einem Jahr.<\/b><\/p>\n<p>&#8222;#Eilt: #Baerbock \u00e4ndert Dauer der Umkreisung der Erde um die Sonne von 365 Tage auf 560 Tage&#8220;, hei\u00dft es in einem <a href=\"https:\/\/archive.ph\/DYyCg\" shape=\"rect\">X-Beitrag<\/a> (ehemals Twitter) vom 11. September 2023, der \u00fcber tausend Mal geteilt wurde. Der Beitrag teilt ein 18-sek\u00fcndiges Video, in dem Annalena Baerbock bei einer Pressekonferenz zu sehen ist. Die Beitragsbeschreibung dient anscheinend dazu, sich \u00fcber Baerbocks Rede lustig zu machen.<\/p>\n<p>&#8222;Deutschlands gr\u00fcne Au\u00dfenministerin scherzt nicht: Sie behauptet, 560 Tage im Jahr zu arbeiten&#8220;, lautet der Titel eines <a href=\"https:\/\/perma.cc\/6SMW-N3D6\" shape=\"rect\">Artikels<\/a> des ungarischen Nachrichtenmagazins &#8222;Mandiner&#8220;, der Hunderte von Reaktionen in sozialen Netzwerken hervorrief. Ein Mitglied der regierungsfreundlichen Influencer-Gruppe Megafon ver\u00f6ffentlichte ebenfalls einen <a href=\"https:\/\/perma.cc\/SYJ2-93PW\" shape=\"rect\">Facebook-Beitrag<\/a> mit dieser Behauptung. Andere ungarische <a href=\"https:\/\/archive.ph\/jJBQl\" shape=\"rect\">Medien<\/a> wiederholten die irref\u00fchrende Aussage.<\/p>\n<div class=\"g2image\">\n<figure><img src=\"https:\/\/belux-edmo.s3-accelerate.amazonaws.com\/wp-content\/uploads\/2023\/09\/01a1d2cb76362c3a6fc73515e6f280020d30f642-ipad.jpg\" \/><figcaption>Facebook-Screenshot der Behauptung: 14. September 2023<\/figcaption><\/figure>\n<\/div>\n<p>In dem fraglichen Ausschnitt sagt Baerbock jedoch nicht, dass sie &#8222;560 Tage im Jahr arbeitet&#8220;. Die Suche nach englischen und deutschen Stichw\u00f6rtern ergab nur eine einzige Quelle f\u00fcr dieses Zitat: einen <a href=\"https:\/\/perma.cc\/KW39-FT73\" shape=\"rect\">X-Beitrag<\/a> von Dmitri Polanski, Vertreter Russlands bei den Vereinten Nationen, der in mehreren ungarischsprachigen Beitr\u00e4gen zitiert wird. Auch eine <a href=\"https:\/\/perma.cc\/MP33-SHFG\" shape=\"rect\">Nachrichtensendung<\/a> der ungarischen \u00f6ffentlich-rechtlichen Medien griff das falsche Zitat auf und schrieb es Baerbock zu: &#8222;Die deutsche Au\u00dfenministerin hat behauptet, dass sie 560 Tage im Jahr gearbeitet hat&#8220;, berichtete H\u00edrad\u00f3, die ungarische Hauptnachrichtensendung.<\/p>\n<p>Einige deutschsprachige Beitr\u00e4ge in sozialen Netzwerken machten sich \u00fcber Baerbocks Wortwahl lustig, allerdings ohne es als vermeintliche Angabe zu ihrer Arbeitszeit zu bezeichnen.<\/p>\n<p><b>Baerbocks Ausf\u00fchrungen in Kiew<\/b><\/p>\n<p>Am 11. September 2023 besuchte Annalena Baerbock Kiew <a href=\"https:\/\/perma.cc\/9SB3-TDFP\" shape=\"rect\">zum vierten Mal<\/a> seit dem russischen Angriff auf die Ukraine. W\u00e4hrend ihres Besuchs gab sie zusammen mit ihrem ukrainischen Amtskollegen Dmytro Kuleba eine <a href=\"https:\/\/perma.cc\/X8P8-PL7G?type=standard\" shape=\"rect\">Pressekonferenz<\/a>. W\u00e4hrend der Konferenz verurteilte Baerbock den russischen Angriff und sicherte der Ukraine die bestehende Unterst\u00fctzung Deutschlands zu. In ihrer fast zehnmin\u00fctigen Rede erw\u00e4hnte Baerbock an drei verschiedenen Stellen verschiedene Anzahlen von Tagen.<\/p>\n<div class=\"g2web\" style=\"text-align: center;\"><iframe title=\"YouTube video player\" src=\"https:\/\/www.youtube.com\/embed\/pF0C8JQhITU?si=aQxWmMJ7P_xGuyWu\" width=\"560\" height=\"315\" frameborder=\"0\" scrolling=\"auto\" allowfullscreen=\"allowfullscreen\" data-mce-fragment=\"1\"><\/iframe><\/div>\n<p>Die erste Zahl erw\u00e4hnt sie zu Beginn ihrer Rede, etwa bei Minute 4:13 im Video. Sie sagt: &#8222;Seit Russland seinen brutalen Angriffskrieg begonnen hat, ist dies mein vierter Besuch hier bei euch. Vier Besuche, bei denen ich mir auf ganz kleine Art und Weise die schrecklichen Folgen dieses Krieges aus n\u00e4chster N\u00e4he ein bisschen zumindest ansehen konnte und ein ganz bisschen reinf\u00fchlen konnte. Aber nichts im Vergleich zu den 556 Tagen, an denen f\u00fcr die Menschen in der ganzen Ukraine der Krieg jeden Tag, jede Stunde zum schrecklichen Alltag geworden ist.&#8220;<\/p>\n<p>Zwischen dem Beginn der russischen Invasion in der Ukraine am 24. Februar 2022 und dem Tag ihres Besuchs waren 565 Tage vergangen. Die Zahl, die Baerbock hier nennt, k\u00f6nnte sich aus einem unabsichtlichen Zahlendreher ergeben haben.<\/p>\n<p>Die zweite Stelle, an der Baerbock eine solche Zahl erw\u00e4hnt, beginnt bei Minute 5:07 im Video. Das ist der Ausschnitt, der in den irref\u00fchrenden Beitr\u00e4gen in sozialen Netzwerken mit einem bearbeiteten Teil von Baerbocks Aussagen verbreitet wurde. Sie bezog sich dabei auf den Besuch einer Einrichtung f\u00fcr Kinder, die in die Ukraine zur\u00fcckgebracht wurden, nachdem sie von russischen Streitkr\u00e4ften nach Russland verschleppt worden waren.<\/p>\n<p>Sie sagte: &#8222;Ihre einfache Botschaft in Kindesworten war: &#8218;Helft uns, damit Putin diesen Krieg nicht gewinnt&#8216;. Und ja, meine Botschaft da, aber meine Botschaft auch jeden Tag, in den \u00fcber 560 Tagen, im letzten Jahr, ist: Wir helfen euch nicht nur, sondern wir stehen an eurer Seite solange ihr uns braucht.&#8220;<\/p>\n<p>Die dritte Stelle, an der Baerbock von einer bestimmten Anzahl an Tagen spricht, ist bei Minute 11:32 im Video: &#8222;Lieber Dmytro, auch nach 565 Tagen kann es keine Gew\u00f6hnung an diese Gr\u00e4ueltaten, an diesen furchtbaren Angriffskrieg geben. Deswegen stehen wir euch auch in den n\u00e4chsten Tagen, so lange es braucht, bei.&#8220;<\/p>\n<p><b>\u00a0Statement des Au\u00dfenministeriums<\/b><\/p>\n<p>Anl\u00e4sslich ihrer Ankunft in Kiew ver\u00f6ffentlichte das deutsche Au\u00dfenministerium auch ein Statement auf seiner <a href=\"https:\/\/perma.cc\/4EVR-8ELL\" shape=\"rect\">Website<\/a> und der offiziellen <a href=\"https:\/\/perma.cc\/BRZ7-9VTH\" shape=\"rect\">Facebook-Seite<\/a>: &#8222;565 Tage seit dem Russland seinen Krieg \u00fcber die ganze Ukraine gebracht hat. Jeden Tag neues Grauen, jeden Tag neues Leid und Tod. Das ist Tag f\u00fcr Tag die schonungslose Realit\u00e4t der Menschen in der Ukraine&#8220;, hei\u00dft es auf der Website.<\/p>\n<p>AFP hat das deutsche Au\u00dfenministerium gebeten, die Bedeutung von Baerbocks Bemerkung zu den &#8222;\u00fcber 560 Tagen&#8220; zu erkl\u00e4ren, worauf das Ministerium am 13. September 2023 in einer E-Mail die folgende Antwort gab: &#8222;Au\u00dfenministerin Baerbock hat im Rahmen ihrer Reise nach Kiew zum Ausdruck gebracht, dass Deutschland der Ukraine seit Beginn des russischen Angriffskriegs vor \u00fcber 560 Tagen entschlossen und verl\u00e4sslich zur Seite steht. Am Tag ihres Besuchs in Kiew (11.9.) waren es 565 Tage seit Russland seinen Krieg \u00fcber die ganze Ukraine gebracht hat.&#8220;<\/p>\n<p>Die deutsche Au\u00dfenministerin ist immer wieder Gegenstand von <a href=\"https:\/\/faktencheck.afp.com\/http%253A%252F%252Fdoc.afp.com%252F9MB7P4-1\" shape=\"rect\">Falschinformationen<\/a>. AFP hat mehrere gef\u00e4lschte oder verzerrte <a href=\"https:\/\/faktencheck.afp.com\/doc.afp.com.327N6XJ\" shape=\"rect\">Zitate<\/a>, die Annalena Baerbock zugeschrieben wurden, <a href=\"https:\/\/faktencheck.afp.com\/es-gibt-keine-hinweise-fuer-eine-solche-aussage-von-annalena-baerbock\" shape=\"rect\">widerlegt<\/a>.<\/p>\n<p><strong>Fazit: <\/strong>Annalena Baerbock hat nicht gesagt, 560 Tage im Jahr zu arbeiten und auch nicht behauptet, ein Jahr habe 560 Tage. Die verbreitete Behauptung beruht auf einer \u00c4u\u00dferung bei einer Pressekonferenz der deutschen Au\u00dfenministerin in Kiew. Die Zahl 565 bezog sich auf die Anzahl der Tage, die seit Beginn des russischen Angriffskriegs bis zu ihrer Rede vergangen sind.<\/p>\n","protected":false},"excerpt":{"rendered":"<p>&#8222;#Eilt: #Baerbock \u00e4ndert Dauer der Umkreisung der Erde um die Sonne von 365 Tage auf 560 Tage&#8220;, hei\u00dft es in einem X-Beitrag (ehemals Twitter) vom 11. September 2023, der \u00fcber tausend Mal geteilt wurde. Der Beitrag teilt ein 18-sek\u00fcndiges Video, in dem Annalena Baerbock bei einer Pressekonferenz zu sehen ist. Die Beitragsbeschreibung dient anscheinend dazu, sich \u00fcber Baerbocks Rede lustig zu machen.<\/p>\n","protected":false},"author":1,"featured_media":288967,"comment_status":"closed","ping_status":"open","sticky":false,"template":"","format":"standard","meta":{"_acf_changed":false,"footnotes":""},"categories":[127,133,215],"tags":[],"class_list":{"0":"post-288977","1":"post","2":"type-post","3":"status-publish","4":"format-standard","5":"has-post-thumbnail","7":"category-fact-check-de","8":"category-politics-de","9":"category-ukraine-de"},"acf":{"show_metatags":true,"id":"http:\/\/doc.afp.com\/33WQ3WG","authors":"Ede ZABORSZKY \/ AFP Deutschland \/ AFP Ungarn","organization":"AFP","featured_image_copyright":"","text_copyright":"\u00a9 AGENCE FRANCE-PRESSE | 2023 | Alle Rechte vorbehalten. Jede Nutzung von AFP-Inhalten auf dieser Website unterliegt den Nutzungsbedingungen auf <a href='https:\/\/www.afp.com\/en\/terms-use' target='_blank'>CGU<\/a>. Durch den Zugriff auf die auf dieser Website verf\u00fcgbaren AFP-Inhalte und\/oder deren Nutzung erkl\u00e4ren Sie sich mit den oben genannten Nutzungsbedingungen einverstanden. Jede Nutzung von AFP-Inhalten erfolgt unter Ihrer alleinigen und vollen Verantwortung.","source":"https:\/\/faktencheck.afp.com\/doc.afp.com.33WQ3WG","fact_checker":"https:\/\/belux.wpengine.com\/wp-content\/uploads\/2021\/12\/afp_logo.png","type":"Closed Event","location":"","start_date":"","start_date_event_begins_at":"","start_date_event_ends_at":"","end_date":"","end_date_event_begins_at":"","end_date_event_ends_at":"","organizer":"","fact_checker_logo_image":false},"yoast_head":"<!-- This site is optimized with the Yoast SEO plugin v27.0 - https:\/\/yoast.com\/product\/yoast-seo-wordpress\/ -->\n<title>Seit Beginn des russischen Angriffskriegs bis zu Baerbocks Rede vergingen 560 Tage - EDMO Belux<\/title>\n<meta name=\"robots\" content=\"index, follow, max-snippet:-1, max-image-preview:large, max-video-preview:-1\" \/>\n<link rel=\"canonical\" href=\"https:\/\/belux.edmo.eu\/de\/seit-beginn-des-russischen-angriffskriegs-bis-zu-baerbocks-rede-vergingen-560-tage\/\" \/>\n<meta property=\"og:locale\" content=\"de_DE\" \/>\n<meta property=\"og:type\" content=\"article\" \/>\n<meta property=\"og:title\" content=\"Seit Beginn des russischen Angriffskriegs bis zu Baerbocks Rede vergingen 560 Tage - EDMO Belux\" \/>\n<meta property=\"og:description\" content=\"&quot;#Eilt: #Baerbock \u00e4ndert Dauer der Umkreisung der Erde um die Sonne von 365 Tage auf 560 Tage&quot;, hei\u00dft es in einem X-Beitrag (ehemals Twitter) vom 11. September 2023, der \u00fcber tausend Mal geteilt wurde. Der Beitrag teilt ein 18-sek\u00fcndiges Video, in dem Annalena Baerbock bei einer Pressekonferenz zu sehen ist. Die Beitragsbeschreibung dient anscheinend dazu, sich \u00fcber Baerbocks Rede lustig zu machen.\" \/>\n<meta property=\"og:url\" content=\"https:\/\/belux.edmo.eu\/de\/seit-beginn-des-russischen-angriffskriegs-bis-zu-baerbocks-rede-vergingen-560-tage\/\" \/>\n<meta property=\"og:site_name\" content=\"EDMO Belux\" \/>\n<meta property=\"article:published_time\" content=\"2023-09-27T08:54:23+00:00\" \/>\n<meta property=\"article:modified_time\" content=\"2023-09-27T12:25:44+00:00\" \/>\n<meta property=\"og:image\" content=\"https:\/\/belux-edmo.s3-accelerate.amazonaws.com\/wp-content\/uploads\/2023\/09\/4b046866a6c6d6c5a62d5d06a9235644126eac14-ipad.jpg\" \/>\n\t<meta property=\"og:image:width\" content=\"1080\" \/>\n\t<meta property=\"og:image:height\" content=\"540\" \/>\n\t<meta property=\"og:image:type\" content=\"image\/jpeg\" \/>\n<meta name=\"author\" content=\"master\" \/>\n<meta name=\"twitter:card\" content=\"summary_large_image\" \/>\n<meta name=\"twitter:creator\" content=\"@Edmo_Belux\" \/>\n<meta name=\"twitter:site\" content=\"@Edmo_Belux\" \/>\n<meta name=\"twitter:label1\" content=\"Verfasst von\" \/>\n\t<meta name=\"twitter:data1\" content=\"master\" \/>\n\t<meta name=\"twitter:label2\" content=\"Gesch\u00e4tzte Lesezeit\" \/>\n\t<meta name=\"twitter:data2\" content=\"5 Minuten\" \/>\n<script type=\"application\/ld+json\" class=\"yoast-schema-graph\">{\"@context\":\"https:\/\/schema.org\",\"@graph\":[{\"@type\":\"Article\",\"@id\":\"https:\/\/belux.edmo.eu\/de\/seit-beginn-des-russischen-angriffskriegs-bis-zu-baerbocks-rede-vergingen-560-tage\/#article\",\"isPartOf\":{\"@id\":\"https:\/\/belux.edmo.eu\/de\/seit-beginn-des-russischen-angriffskriegs-bis-zu-baerbocks-rede-vergingen-560-tage\/\"},\"author\":{\"name\":\"master\",\"@id\":\"https:\/\/belux.edmo.eu\/#\/schema\/person\/dbe3b252258537fd318f9b5645a30342\"},\"headline\":\"Seit Beginn des russischen Angriffskriegs bis zu Baerbocks Rede vergingen 560 Tage\",\"datePublished\":\"2023-09-27T08:54:23+00:00\",\"dateModified\":\"2023-09-27T12:25:44+00:00\",\"mainEntityOfPage\":{\"@id\":\"https:\/\/belux.edmo.eu\/de\/seit-beginn-des-russischen-angriffskriegs-bis-zu-baerbocks-rede-vergingen-560-tage\/\"},\"wordCount\":951,\"publisher\":{\"@id\":\"https:\/\/belux.edmo.eu\/#organization\"},\"image\":{\"@id\":\"https:\/\/belux.edmo.eu\/de\/seit-beginn-des-russischen-angriffskriegs-bis-zu-baerbocks-rede-vergingen-560-tage\/#primaryimage\"},\"thumbnailUrl\":\"https:\/\/belux-edmo.s3-accelerate.amazonaws.com\/wp-content\/uploads\/2023\/09\/4b046866a6c6d6c5a62d5d06a9235644126eac14-ipad.jpg\",\"articleSection\":[\"Fact Check\",\"Politik\",\"Ukraine\"],\"inLanguage\":\"de-DE\"},{\"@type\":\"WebPage\",\"@id\":\"https:\/\/belux.edmo.eu\/de\/seit-beginn-des-russischen-angriffskriegs-bis-zu-baerbocks-rede-vergingen-560-tage\/\",\"url\":\"https:\/\/belux.edmo.eu\/de\/seit-beginn-des-russischen-angriffskriegs-bis-zu-baerbocks-rede-vergingen-560-tage\/\",\"name\":\"Seit Beginn des russischen Angriffskriegs bis zu Baerbocks Rede vergingen 560 Tage - EDMO Belux\",\"isPartOf\":{\"@id\":\"https:\/\/belux.edmo.eu\/#website\"},\"primaryImageOfPage\":{\"@id\":\"https:\/\/belux.edmo.eu\/de\/seit-beginn-des-russischen-angriffskriegs-bis-zu-baerbocks-rede-vergingen-560-tage\/#primaryimage\"},\"image\":{\"@id\":\"https:\/\/belux.edmo.eu\/de\/seit-beginn-des-russischen-angriffskriegs-bis-zu-baerbocks-rede-vergingen-560-tage\/#primaryimage\"},\"thumbnailUrl\":\"https:\/\/belux-edmo.s3-accelerate.amazonaws.com\/wp-content\/uploads\/2023\/09\/4b046866a6c6d6c5a62d5d06a9235644126eac14-ipad.jpg\",\"datePublished\":\"2023-09-27T08:54:23+00:00\",\"dateModified\":\"2023-09-27T12:25:44+00:00\",\"breadcrumb\":{\"@id\":\"https:\/\/belux.edmo.eu\/de\/seit-beginn-des-russischen-angriffskriegs-bis-zu-baerbocks-rede-vergingen-560-tage\/#breadcrumb\"},\"inLanguage\":\"de-DE\",\"potentialAction\":[{\"@type\":\"ReadAction\",\"target\":[\"https:\/\/belux.edmo.eu\/de\/seit-beginn-des-russischen-angriffskriegs-bis-zu-baerbocks-rede-vergingen-560-tage\/\"]}]},{\"@type\":\"ImageObject\",\"inLanguage\":\"de-DE\",\"@id\":\"https:\/\/belux.edmo.eu\/de\/seit-beginn-des-russischen-angriffskriegs-bis-zu-baerbocks-rede-vergingen-560-tage\/#primaryimage\",\"url\":\"https:\/\/belux-edmo.s3-accelerate.amazonaws.com\/wp-content\/uploads\/2023\/09\/4b046866a6c6d6c5a62d5d06a9235644126eac14-ipad.jpg\",\"contentUrl\":\"https:\/\/belux-edmo.s3-accelerate.amazonaws.com\/wp-content\/uploads\/2023\/09\/4b046866a6c6d6c5a62d5d06a9235644126eac14-ipad.jpg\",\"width\":1080,\"height\":540,\"caption\":\"Seit Beginn des russischen Angriffskriegs bis zu Baerbocks Rede vergingen 560 Tage - Featured image\"},{\"@type\":\"BreadcrumbList\",\"@id\":\"https:\/\/belux.edmo.eu\/de\/seit-beginn-des-russischen-angriffskriegs-bis-zu-baerbocks-rede-vergingen-560-tage\/#breadcrumb\",\"itemListElement\":[{\"@type\":\"ListItem\",\"position\":1,\"name\":\"Home\",\"item\":\"https:\/\/belux.edmo.eu\/de\/\"},{\"@type\":\"ListItem\",\"position\":2,\"name\":\"Seit Beginn des russischen Angriffskriegs bis zu Baerbocks Rede vergingen 560 Tage\"}]},{\"@type\":\"WebSite\",\"@id\":\"https:\/\/belux.edmo.eu\/#website\",\"url\":\"https:\/\/belux.edmo.eu\/\",\"name\":\"EDMO Belux\",\"description\":\"Monitoring Disinformation in Belgium and Luxembourg\",\"publisher\":{\"@id\":\"https:\/\/belux.edmo.eu\/#organization\"},\"potentialAction\":[{\"@type\":\"SearchAction\",\"target\":{\"@type\":\"EntryPoint\",\"urlTemplate\":\"https:\/\/belux.edmo.eu\/?s={search_term_string}\"},\"query-input\":{\"@type\":\"PropertyValueSpecification\",\"valueRequired\":true,\"valueName\":\"search_term_string\"}}],\"inLanguage\":\"de-DE\"},{\"@type\":\"Organization\",\"@id\":\"https:\/\/belux.edmo.eu\/#organization\",\"name\":\"EDMO Belux\",\"url\":\"https:\/\/belux.edmo.eu\/\",\"logo\":{\"@type\":\"ImageObject\",\"inLanguage\":\"de-DE\",\"@id\":\"https:\/\/belux.edmo.eu\/#\/schema\/logo\/image\/\",\"url\":\"https:\/\/belux.edmo.eu\/wp-content\/uploads\/2021\/12\/belux-logo-full-color-rgb.svg\",\"contentUrl\":\"https:\/\/belux.edmo.eu\/wp-content\/uploads\/2021\/12\/belux-logo-full-color-rgb.svg\",\"width\":1,\"height\":1,\"caption\":\"EDMO Belux\"},\"image\":{\"@id\":\"https:\/\/belux.edmo.eu\/#\/schema\/logo\/image\/\"},\"sameAs\":[\"https:\/\/x.com\/Edmo_Belux\"]},{\"@type\":\"Person\",\"@id\":\"https:\/\/belux.edmo.eu\/#\/schema\/person\/dbe3b252258537fd318f9b5645a30342\",\"name\":\"master\",\"sameAs\":[\"https:\/\/belux.wpengine.com\"],\"url\":\"https:\/\/belux.edmo.eu\/de\/author\/master\/\"}]}<\/script>\n<!-- \/ Yoast SEO plugin. -->","yoast_head_json":{"title":"Seit Beginn des russischen Angriffskriegs bis zu Baerbocks Rede vergingen 560 Tage - EDMO Belux","robots":{"index":"index","follow":"follow","max-snippet":"max-snippet:-1","max-image-preview":"max-image-preview:large","max-video-preview":"max-video-preview:-1"},"canonical":"https:\/\/belux.edmo.eu\/de\/seit-beginn-des-russischen-angriffskriegs-bis-zu-baerbocks-rede-vergingen-560-tage\/","og_locale":"de_DE","og_type":"article","og_title":"Seit Beginn des russischen Angriffskriegs bis zu Baerbocks Rede vergingen 560 Tage - EDMO Belux","og_description":"\"#Eilt: #Baerbock \u00e4ndert Dauer der Umkreisung der Erde um die Sonne von 365 Tage auf 560 Tage\", hei\u00dft es in einem X-Beitrag (ehemals Twitter) vom 11. September 2023, der \u00fcber tausend Mal geteilt wurde. Der Beitrag teilt ein 18-sek\u00fcndiges Video, in dem Annalena Baerbock bei einer Pressekonferenz zu sehen ist. Die Beitragsbeschreibung dient anscheinend dazu, sich \u00fcber Baerbocks Rede lustig zu machen.","og_url":"https:\/\/belux.edmo.eu\/de\/seit-beginn-des-russischen-angriffskriegs-bis-zu-baerbocks-rede-vergingen-560-tage\/","og_site_name":"EDMO Belux","article_published_time":"2023-09-27T08:54:23+00:00","article_modified_time":"2023-09-27T12:25:44+00:00","og_image":[{"width":1080,"height":540,"url":"https:\/\/belux-edmo.s3-accelerate.amazonaws.com\/wp-content\/uploads\/2023\/09\/4b046866a6c6d6c5a62d5d06a9235644126eac14-ipad.jpg","type":"image\/jpeg"}],"author":"master","twitter_card":"summary_large_image","twitter_creator":"@Edmo_Belux","twitter_site":"@Edmo_Belux","twitter_misc":{"Verfasst von":"master","Gesch\u00e4tzte Lesezeit":"5 Minuten"},"schema":{"@context":"https:\/\/schema.org","@graph":[{"@type":"Article","@id":"https:\/\/belux.edmo.eu\/de\/seit-beginn-des-russischen-angriffskriegs-bis-zu-baerbocks-rede-vergingen-560-tage\/#article","isPartOf":{"@id":"https:\/\/belux.edmo.eu\/de\/seit-beginn-des-russischen-angriffskriegs-bis-zu-baerbocks-rede-vergingen-560-tage\/"},"author":{"name":"master","@id":"https:\/\/belux.edmo.eu\/#\/schema\/person\/dbe3b252258537fd318f9b5645a30342"},"headline":"Seit Beginn des russischen Angriffskriegs bis zu Baerbocks Rede vergingen 560 Tage","datePublished":"2023-09-27T08:54:23+00:00","dateModified":"2023-09-27T12:25:44+00:00","mainEntityOfPage":{"@id":"https:\/\/belux.edmo.eu\/de\/seit-beginn-des-russischen-angriffskriegs-bis-zu-baerbocks-rede-vergingen-560-tage\/"},"wordCount":951,"publisher":{"@id":"https:\/\/belux.edmo.eu\/#organization"},"image":{"@id":"https:\/\/belux.edmo.eu\/de\/seit-beginn-des-russischen-angriffskriegs-bis-zu-baerbocks-rede-vergingen-560-tage\/#primaryimage"},"thumbnailUrl":"https:\/\/belux-edmo.s3-accelerate.amazonaws.com\/wp-content\/uploads\/2023\/09\/4b046866a6c6d6c5a62d5d06a9235644126eac14-ipad.jpg","articleSection":["Fact Check","Politik","Ukraine"],"inLanguage":"de-DE"},{"@type":"WebPage","@id":"https:\/\/belux.edmo.eu\/de\/seit-beginn-des-russischen-angriffskriegs-bis-zu-baerbocks-rede-vergingen-560-tage\/","url":"https:\/\/belux.edmo.eu\/de\/seit-beginn-des-russischen-angriffskriegs-bis-zu-baerbocks-rede-vergingen-560-tage\/","name":"Seit Beginn des russischen Angriffskriegs bis zu Baerbocks Rede vergingen 560 Tage - EDMO Belux","isPartOf":{"@id":"https:\/\/belux.edmo.eu\/#website"},"primaryImageOfPage":{"@id":"https:\/\/belux.edmo.eu\/de\/seit-beginn-des-russischen-angriffskriegs-bis-zu-baerbocks-rede-vergingen-560-tage\/#primaryimage"},"image":{"@id":"https:\/\/belux.edmo.eu\/de\/seit-beginn-des-russischen-angriffskriegs-bis-zu-baerbocks-rede-vergingen-560-tage\/#primaryimage"},"thumbnailUrl":"https:\/\/belux-edmo.s3-accelerate.amazonaws.com\/wp-content\/uploads\/2023\/09\/4b046866a6c6d6c5a62d5d06a9235644126eac14-ipad.jpg","datePublished":"2023-09-27T08:54:23+00:00","dateModified":"2023-09-27T12:25:44+00:00","breadcrumb":{"@id":"https:\/\/belux.edmo.eu\/de\/seit-beginn-des-russischen-angriffskriegs-bis-zu-baerbocks-rede-vergingen-560-tage\/#breadcrumb"},"inLanguage":"de-DE","potentialAction":[{"@type":"ReadAction","target":["https:\/\/belux.edmo.eu\/de\/seit-beginn-des-russischen-angriffskriegs-bis-zu-baerbocks-rede-vergingen-560-tage\/"]}]},{"@type":"ImageObject","inLanguage":"de-DE","@id":"https:\/\/belux.edmo.eu\/de\/seit-beginn-des-russischen-angriffskriegs-bis-zu-baerbocks-rede-vergingen-560-tage\/#primaryimage","url":"https:\/\/belux-edmo.s3-accelerate.amazonaws.com\/wp-content\/uploads\/2023\/09\/4b046866a6c6d6c5a62d5d06a9235644126eac14-ipad.jpg","contentUrl":"https:\/\/belux-edmo.s3-accelerate.amazonaws.com\/wp-content\/uploads\/2023\/09\/4b046866a6c6d6c5a62d5d06a9235644126eac14-ipad.jpg","width":1080,"height":540,"caption":"Seit Beginn des russischen Angriffskriegs bis zu Baerbocks Rede vergingen 560 Tage - Featured image"},{"@type":"BreadcrumbList","@id":"https:\/\/belux.edmo.eu\/de\/seit-beginn-des-russischen-angriffskriegs-bis-zu-baerbocks-rede-vergingen-560-tage\/#breadcrumb","itemListElement":[{"@type":"ListItem","position":1,"name":"Home","item":"https:\/\/belux.edmo.eu\/de\/"},{"@type":"ListItem","position":2,"name":"Seit Beginn des russischen Angriffskriegs bis zu Baerbocks Rede vergingen 560 Tage"}]},{"@type":"WebSite","@id":"https:\/\/belux.edmo.eu\/#website","url":"https:\/\/belux.edmo.eu\/","name":"EDMO Belux","description":"Monitoring Disinformation in Belgium and Luxembourg","publisher":{"@id":"https:\/\/belux.edmo.eu\/#organization"},"potentialAction":[{"@type":"SearchAction","target":{"@type":"EntryPoint","urlTemplate":"https:\/\/belux.edmo.eu\/?s={search_term_string}"},"query-input":{"@type":"PropertyValueSpecification","valueRequired":true,"valueName":"search_term_string"}}],"inLanguage":"de-DE"},{"@type":"Organization","@id":"https:\/\/belux.edmo.eu\/#organization","name":"EDMO Belux","url":"https:\/\/belux.edmo.eu\/","logo":{"@type":"ImageObject","inLanguage":"de-DE","@id":"https:\/\/belux.edmo.eu\/#\/schema\/logo\/image\/","url":"https:\/\/belux.edmo.eu\/wp-content\/uploads\/2021\/12\/belux-logo-full-color-rgb.svg","contentUrl":"https:\/\/belux.edmo.eu\/wp-content\/uploads\/2021\/12\/belux-logo-full-color-rgb.svg","width":1,"height":1,"caption":"EDMO Belux"},"image":{"@id":"https:\/\/belux.edmo.eu\/#\/schema\/logo\/image\/"},"sameAs":["https:\/\/x.com\/Edmo_Belux"]},{"@type":"Person","@id":"https:\/\/belux.edmo.eu\/#\/schema\/person\/dbe3b252258537fd318f9b5645a30342","name":"master","sameAs":["https:\/\/belux.wpengine.com"],"url":"https:\/\/belux.edmo.eu\/de\/author\/master\/"}]}},"menu_order":0,"_links":{"self":[{"href":"https:\/\/belux.edmo.eu\/de\/wp-json\/wp\/v2\/posts\/288977","targetHints":{"allow":["GET"]}}],"collection":[{"href":"https:\/\/belux.edmo.eu\/de\/wp-json\/wp\/v2\/posts"}],"about":[{"href":"https:\/\/belux.edmo.eu\/de\/wp-json\/wp\/v2\/types\/post"}],"author":[{"embeddable":true,"href":"https:\/\/belux.edmo.eu\/de\/wp-json\/wp\/v2\/users\/1"}],"replies":[{"embeddable":true,"href":"https:\/\/belux.edmo.eu\/de\/wp-json\/wp\/v2\/comments?post=288977"}],"version-history":[{"count":0,"href":"https:\/\/belux.edmo.eu\/de\/wp-json\/wp\/v2\/posts\/288977\/revisions"}],"wp:featuredmedia":[{"embeddable":true,"href":"https:\/\/belux.edmo.eu\/de\/wp-json\/wp\/v2\/media\/288967"}],"wp:attachment":[{"href":"https:\/\/belux.edmo.eu\/de\/wp-json\/wp\/v2\/media?parent=288977"}],"wp:term":[{"taxonomy":"category","embeddable":true,"href":"https:\/\/belux.edmo.eu\/de\/wp-json\/wp\/v2\/categories?post=288977"},{"taxonomy":"post_tag","embeddable":true,"href":"https:\/\/belux.edmo.eu\/de\/wp-json\/wp\/v2\/tags?post=288977"}],"curies":[{"name":"wp","href":"https:\/\/api.w.org\/{rel}","templated":true}]}}