{"id":290943,"date":"2023-10-11T11:30:28","date_gmt":"2023-10-11T11:30:28","guid":{"rendered":"https:\/\/belux.edmo.eu\/?p=290943"},"modified":"2023-10-19T13:54:24","modified_gmt":"2023-10-19T13:54:24","slug":"tech-firmen-haben-mit-flut-an-falschmeldungen-ber-israel-und-den-gazastreifen-zu-kmpfen","status":"publish","type":"post","link":"https:\/\/belux.edmo.eu\/de\/tech-firmen-haben-mit-flut-an-falschmeldungen-ber-israel-und-den-gazastreifen-zu-kmpfen\/","title":{"rendered":"Tech-Firmen haben mit Flut an Falschmeldungen \u00fcber Israel und den Gazastreifen zu k\u00e4mpfen"},"content":{"rendered":"<p><b>Von Fake-Accounts, die sich als Journalisten ausgeben, bis zu Kriegs-Computerspielen, die Wahrheiten verdrehen: Tech-Plattformen k\u00e4mpfen mit einem Tsunami an Falschinformationen rund um den Nahost-Konflikt zwischen Israel und den Pal\u00e4stinensern, nachdem sie ihre Ma\u00dfnahmen zur Inhaltsmoderation zur\u00fcckgenommen haben.\u00a0<\/b><\/p>\n<p>Fehlinformationen haben sich inmitten des Konflikts zwischen Israel und den Hamas <a href=\"https:\/\/factuel.afp.com\/ar\/doc.afp.com.33XU8U7\" target=\"_blank\" rel=\"noopener\" shape=\"rect\">online<\/a> verbreitet, wie von AFP bereits mehrfach untersucht wurde, zum Beispiel <a href=\"https:\/\/factual.afp.com\/doc.afp.com.33XU8JB\" target=\"_blank\" rel=\"noopener\" shape=\"rect\">hier<\/a>, <a href=\"https:\/\/factcheck.afp.com\/doc.afp.com.33XW4KE\" target=\"_blank\" rel=\"noopener\" shape=\"rect\">hier<\/a>, <a href=\"https:\/\/factuel.afp.com\/ar\/doc.afp.com.33XT7KJ\" target=\"_blank\" rel=\"noopener\" shape=\"rect\">hier<\/a> und <a href=\"https:\/\/factuel.afp.com\/ar\/doc.afp.com.33XX3CX\" target=\"_blank\" rel=\"noopener\" shape=\"rect\">hier<\/a>.<\/p>\n<p>Gro\u00dfe Weltereignisse l\u00f6sen h\u00e4ufig eine Flut an Falschmeldungen aus. Doch Forscher sagen, dass das Ausma\u00df und die Geschwindigkeit der Verbreitung von Fehlinformationen nach dem <a href=\"https:\/\/perma.cc\/E2UF-E3U7\" target=\"_blank\" rel=\"noopener\" shape=\"rect\">t\u00f6dlichen Angriff<\/a> der radikalislamischen Pal\u00e4stinenserorganisation Hamas auf Israel am Wochendende vom 7. und 8. Oktober 2023 beispiellos gewesen sei.<\/p>\n<p>Der Konflikt biete eine d\u00fcstere Fallstudie \u00fcber die verminderten Kapazit\u00e4ten prominenter Plattformen wie Metas Facebook und X, fr\u00fcher als Twitter bekannt, um Falschinformationen zu bek\u00e4mpfen. Ein Klima von Entlassungen und Kosteneinsparungen habe die Sicherheitsteams und das Vertrauen ausgeh\u00f6hlt, so die Forscher.<\/p>\n<p>Vor allem bei X, das <a href=\"https:\/\/perma.cc\/99TN-V4MY\" target=\"_blank\" rel=\"noopener\" shape=\"rect\">Elon Musk<\/a> geh\u00f6rt, versch\u00e4rft sich das Problem durch eine Reihe umstrittener Ma\u00dfnahmen wie die Wiederherstellung von Konten, die falsche Verschw\u00f6rungstheorien verbreiteten, oder ein Programm zur Verteilung von Werbeeinnahmen mit Content-Erstellern, welches laut Forscherinnen und Forschern Anreize f\u00fcr hohe Interaktionszahlen, aber nicht f\u00fcr Genauigkeit schaffe.<\/p>\n<p>Expertinnen und Experten bef\u00fcrchten, diese Ma\u00dfnahmen k\u00f6nnten das Risiko erh\u00f6hen, dass Fehlinformationen in der echten Welt Schaden anrichten und Hass und Gewalt sch\u00fcren \u2013 insbesondere in sich schnell entwickelnden Krisenszenarien wie dem in Israel und dem Gazastreifen.<\/p>\n<p>&#8222;Soziale Medienplattformen haben M\u00fche, mit der st\u00e4ndigen Flut von Fehlinformationen und Aufrufen zur Gewalt Schritt zu halten&#8220;, sagte <a href=\"https:\/\/perma.cc\/J26A-LGUE\" target=\"_blank\" rel=\"noopener\" shape=\"rect\">Andy Carvin<\/a> vom Digital Forensic Research Lab (DFRLab) des Atlantic Council, einer Public Policy Denkfabrik in Washington, USA, gegen\u00fcber AFP.<\/p>\n<p>&#8222;Es ist ein Trend, der sich schon seit einiger Zeit abzeichnet, und er hat sich durch die Entlassungen von Vertrauens- und Sicherheitsteams nur noch verschlimmert, was ihre F\u00e4higkeit, mit dem Chaos Schritt zu halten, beeintr\u00e4chtigt&#8220;, so Carvin.<\/p>\n<p>&#8222;Und im Fall von X haben die \u00c4nderungen an der Plattform eine ihrer gr\u00f6\u00dften St\u00e4rken v\u00f6llig zunichte gemacht \u2013 die \u00dcberwachung von Eilmeldungen und die Unterst\u00fctzung der Nutzerinnen und Nutzer bei der Unterscheidung von Fakten und Fiktion,&#8220; sagte Carvin.<\/p>\n<p><b>&#8222;Flut von Betr\u00fcgern&#8220;\u00a0<\/b><\/p>\n<p>Nutzerinnen und Nutzer von sozialen Medien werden mit gef\u00e4lschten Kampffotos, alten Videos aus Syrien, die so pr\u00e4sentiert werden, als ob sie aus dem Gazastreifen k\u00e4men, und Aufnahmen aus Videospielen, die als Kampfaufnahmen des Hamas-Angriffs ausgegeben werden, bombardiert, so die Desinformationsforscherinnen und -forscher.<\/p>\n<p>Ein Bild, das im Internet kursierte, zeigte angeblich israelische Soldaten, die von der Hamas gefangen genommen wurden. AFP <a href=\"https:\/\/factuel.afp.com\/ar\/doc.afp.com.33XP9UW\" target=\"_blank\" rel=\"noopener\" shape=\"rect\">fand<\/a> jedoch heraus, dass das Bild im Jahr 2022 w\u00e4hrend einer Milit\u00e4r\u00fcbung in Gaza aufgenommen wurde.<\/p>\n<div class=\"g2image\">\n<figure><img src=\"https:\/\/belux-edmo.s3-accelerate.amazonaws.com\/wp-content\/uploads\/2023\/10\/bab99fbe69bc675726c9a6af8723c8e4fa8b33f9-ipad.jpg\" \/><figcaption>Facebook Screenshot vom 8. Oktober 2023<\/figcaption><\/figure>\n<\/div>\n<p>Die AFP fand ebenfalls mehrere Beitr\u00e4ge auf X, Facebook und TikTok, die <a href=\"https:\/\/factcheck.afp.com\/doc.afp.com.33XW4KE\" target=\"_blank\" rel=\"noopener\" shape=\"rect\">ein gef\u00e4lschtes Dokument<\/a> angeblich vom Wei\u00dfen Haus zeigten, in dem Israel acht Milliarden Dollar an Milit\u00e4rhilfe zugesprochen wurden.<\/p>\n<p>&#8222;Die schiere Menge an manipulierten, gef\u00e4lschten, alten Videos und Bildern von Angriffen, die (online) kursieren, macht es schwieriger zu verstehen, was in Israel und Gaza vor sich geht&#8220;, sagte <a href=\"https:\/\/perma.cc\/AV4J-6LFH\" target=\"_blank\" rel=\"noopener\" shape=\"rect\">Alessandro Accorsi<\/a>, ein Senior Analyst bei der Denkfabrik Crisis Group.<\/p>\n<p>Accorsi \u00e4u\u00dferte &#8222;gro\u00dfe Bedenken&#8220;, dass die Fehlinformationen, insbesondere gef\u00e4lschte Bilder von Geiseln, darunter auch Kinder, die Gewalt anheizen k\u00f6nnten.<\/p>\n<p>&#8222;In Krisen wie terroristischen Gr\u00e4ueltaten, Kriegen und Naturkatastrophen neigen die Menschen dazu, sich auf Social-Media-Plattformen zu st\u00fcrzen, um schnell gut zug\u00e4ngliche Informationen zu erhalten&#8220;, sagte <a href=\"https:\/\/perma.cc\/QEW9-23QN\" target=\"_blank\" rel=\"noopener\" shape=\"rect\">Imran Ahmed<\/a>, Gesch\u00e4ftsf\u00fchrer des Center for Countering Digital Hate, gegen\u00fcber AFP.<\/p>\n<p>&#8222;(Aber) die Flut von Betr\u00fcgern, die L\u00fcgen und Hass verbreiten, um Online-Interaktionen und Anh\u00e4nger zu gewinnen, kombiniert mit Algorithmen, die diese extremen und beunruhigenden Inhalte f\u00f6rdern, ist der Grund, warum Social Media tats\u00e4chlich ein so schlechter Ort ist, um an zuverl\u00e4ssige Informationen zu gelangen.&#8220;<\/p>\n<p><b>&#8222;Grundlegend kaputt&#8220;<\/b><\/p>\n<p>Dazu kommt, dass Tech-Firmen ihre Bem\u00fchungen zur Verbesserung der Informationsqualit\u00e4t aufzugeben scheinen.<\/p>\n<p>Die Anzahl an Personen, die \u00fcber soziale Netzwerke wie Facebook und X auf Nachrichtenseiten gelangen, ist im Laufe des vergangenen Jahres <a href=\"https:\/\/perma.cc\/MLJ5-SQGV\" target=\"_blank\" rel=\"noopener\" shape=\"rect\">dramatisch<\/a> abgefallen. Das zeigen Daten des Marktforschungsunternehmens <a href=\"https:\/\/www.similarweb.com\/\" target=\"_blank\" rel=\"noopener\" shape=\"rect\">Similarweb<\/a>, welche in US-Medien zitiert wurden.<\/p>\n<p>Anfang Oktober 2023 traf X die Entscheidung, <a href=\"https:\/\/perma.cc\/BUS6-ZEYH\" target=\"_blank\" rel=\"noopener\" shape=\"rect\">Links k\u00fcnftig nur noch als Bilder<\/a> und ohne Titel anzuzeigen, eine Ver\u00e4nderung, die laut Experten die Besucherzahlen der Nachrichtenseiten noch weiter verringern k\u00f6nnte.<\/p>\n<p>Musk selbst erntete harsche Kritik, als er seine fast 160 Millionen Follower auf X <a href=\"https:\/\/perma.cc\/HJ56-9P7X\" target=\"_blank\" rel=\"noopener\" shape=\"rect\">aufforderte<\/a>, zwei &#8222;guten&#8220; Accounts zu folgen, um sich \u00fcber den Krieg zu informieren \u2013 beide der Konten sind als Verbreiter von Fehlinformationen bekannt.<\/p>\n<div class=\"g2image\">\n<figure><img src=\"https:\/\/belux-edmo.s3-accelerate.amazonaws.com\/wp-content\/uploads\/2023\/10\/84a901caa7fe3a8d46f8b6744555914c82cea45f-ipad.jpg\" \/><figcaption>Screenshot vom inzwischen gel\u00f6schten Post von Elon Musk 10. Oktober 2023reenshot vom 10. Oktober 2023<\/figcaption><\/figure>\n<\/div>\n<p>Musk l\u00f6schte zwar seinen Beitrag sp\u00e4ter wieder, doch wurde er zuvor Millionen Mal gesehen. X reagierte nicht auf eine Anfrage von AFP nach einem Kommentar.<\/p>\n<p>&#8222;Obwohl es immer noch zahllose talentierte Journalisten und Forscher gibt, die X nutzen, um der \u00d6ffentlichkeit zu helfen, besser zu verstehen, was vor sich geht, ist das Signal-Rausch-Verh\u00e4ltnis unertr\u00e4glich geworden&#8220;, sagte Carvin von DFRLab.<\/p>\n<p>&#8222;Der Nutzen als zuverl\u00e4ssiges Recherche- und Berichterstattungsinstrument ist grundlegend kaputt und wird sich m\u00f6glicherweise nie wieder erholen.&#8220;<\/p>\n<p>Dieser Artikel ist eine \u00dcbersetzung eines <a href=\"https:\/\/perma.cc\/9DG8-CRMK\" target=\"_blank\" rel=\"noopener\" shape=\"rect\">englischsprachigen Artikels<\/a> von Anuj Chopra, AFP-Korrespondent f\u00fcr Desinformation in Washington.<\/p>\n","protected":false},"excerpt":{"rendered":"<p>Fehlinformationen haben sich inmitten des Konflikts zwischen Israel und den Hamas online verbreitet, wie von AFP bereits mehrfach untersucht wurde, zum Beispiel hier, hier, hier und hier.\u00a0<\/p>\n","protected":false},"author":1,"featured_media":290928,"comment_status":"closed","ping_status":"open","sticky":false,"template":"","format":"standard","meta":{"_acf_changed":false,"footnotes":""},"categories":[127,401,133,390],"tags":[],"class_list":{"0":"post-290943","1":"post","2":"type-post","3":"status-publish","4":"format-standard","5":"has-post-thumbnail","7":"category-fact-check-de","8":"category-naher-osten","9":"category-politics-de","10":"category-technologie"},"acf":{"show_metatags":true,"id":"http:\/\/doc.afp.com\/33XT8B2","authors":"Anuj CHOPRA \/ AFP Deutschland","organization":"AFP","featured_image_copyright":"","text_copyright":"\u00a9 AGENCE FRANCE-PRESSE | 2023 | Alle Rechte vorbehalten. Jede Nutzung von AFP-Inhalten auf dieser Website unterliegt den Nutzungsbedingungen auf <a href='https:\/\/www.afp.com\/en\/terms-use' target='_blank'>CGU<\/a>. Durch den Zugriff auf die auf dieser Website verf\u00fcgbaren AFP-Inhalte und\/oder deren Nutzung erkl\u00e4ren Sie sich mit den oben genannten Nutzungsbedingungen einverstanden. Jede Nutzung von AFP-Inhalten erfolgt unter Ihrer alleinigen und vollen Verantwortung.","source":"https:\/\/faktencheck.afp.com\/doc.afp.com.33XT8B2","fact_checker":"https:\/\/belux.wpengine.com\/wp-content\/uploads\/2021\/12\/afp_logo.png","type":"Closed Event","location":"","start_date":"","start_date_event_begins_at":"","start_date_event_ends_at":"","end_date":"","end_date_event_begins_at":"","end_date_event_ends_at":"","organizer":"","fact_checker_logo_image":false},"yoast_head":"<!-- This site is optimized with the Yoast SEO plugin v27.0 - https:\/\/yoast.com\/product\/yoast-seo-wordpress\/ -->\n<title>Tech-Firmen haben mit Flut an Falschmeldungen \u00fcber Israel und den Gazastreifen zu k\u00e4mpfen - EDMO Belux<\/title>\n<meta name=\"robots\" content=\"index, follow, max-snippet:-1, max-image-preview:large, max-video-preview:-1\" \/>\n<link rel=\"canonical\" href=\"https:\/\/belux.edmo.eu\/de\/tech-firmen-haben-mit-flut-an-falschmeldungen-ber-israel-und-den-gazastreifen-zu-kmpfen\/\" \/>\n<meta property=\"og:locale\" content=\"de_DE\" \/>\n<meta property=\"og:type\" content=\"article\" \/>\n<meta property=\"og:title\" content=\"Tech-Firmen haben mit Flut an Falschmeldungen \u00fcber Israel und den Gazastreifen zu k\u00e4mpfen - EDMO Belux\" \/>\n<meta property=\"og:description\" content=\"Fehlinformationen haben sich inmitten des Konflikts zwischen Israel und den Hamas online verbreitet, wie von AFP bereits mehrfach untersucht wurde, zum Beispiel hier, hier, hier und hier.\u00a0\" \/>\n<meta property=\"og:url\" content=\"https:\/\/belux.edmo.eu\/de\/tech-firmen-haben-mit-flut-an-falschmeldungen-ber-israel-und-den-gazastreifen-zu-kmpfen\/\" \/>\n<meta property=\"og:site_name\" content=\"EDMO Belux\" \/>\n<meta property=\"article:published_time\" content=\"2023-10-11T11:30:28+00:00\" \/>\n<meta property=\"article:modified_time\" content=\"2023-10-19T13:54:24+00:00\" \/>\n<meta property=\"og:image\" content=\"https:\/\/belux-edmo.s3-accelerate.amazonaws.com\/wp-content\/uploads\/2023\/10\/6b47ae969e4ec66825253c3a7a0f69d1a8cf79dc-ipad.jpg\" \/>\n\t<meta property=\"og:image:width\" content=\"1080\" \/>\n\t<meta property=\"og:image:height\" content=\"742\" \/>\n\t<meta property=\"og:image:type\" content=\"image\/jpeg\" \/>\n<meta name=\"author\" content=\"master\" \/>\n<meta name=\"twitter:card\" content=\"summary_large_image\" \/>\n<meta name=\"twitter:creator\" content=\"@Edmo_Belux\" \/>\n<meta name=\"twitter:site\" content=\"@Edmo_Belux\" \/>\n<meta name=\"twitter:label1\" content=\"Verfasst von\" \/>\n\t<meta name=\"twitter:data1\" content=\"master\" \/>\n\t<meta name=\"twitter:label2\" content=\"Gesch\u00e4tzte Lesezeit\" \/>\n\t<meta name=\"twitter:data2\" content=\"4 Minuten\" \/>\n<script type=\"application\/ld+json\" class=\"yoast-schema-graph\">{\"@context\":\"https:\/\/schema.org\",\"@graph\":[{\"@type\":\"Article\",\"@id\":\"https:\/\/belux.edmo.eu\/de\/tech-firmen-haben-mit-flut-an-falschmeldungen-ber-israel-und-den-gazastreifen-zu-kmpfen\/#article\",\"isPartOf\":{\"@id\":\"https:\/\/belux.edmo.eu\/de\/tech-firmen-haben-mit-flut-an-falschmeldungen-ber-israel-und-den-gazastreifen-zu-kmpfen\/\"},\"author\":{\"name\":\"master\",\"@id\":\"https:\/\/belux.edmo.eu\/#\/schema\/person\/dbe3b252258537fd318f9b5645a30342\"},\"headline\":\"Tech-Firmen haben mit Flut an Falschmeldungen \u00fcber Israel und den Gazastreifen zu k\u00e4mpfen\",\"datePublished\":\"2023-10-11T11:30:28+00:00\",\"dateModified\":\"2023-10-19T13:54:24+00:00\",\"mainEntityOfPage\":{\"@id\":\"https:\/\/belux.edmo.eu\/de\/tech-firmen-haben-mit-flut-an-falschmeldungen-ber-israel-und-den-gazastreifen-zu-kmpfen\/\"},\"wordCount\":898,\"publisher\":{\"@id\":\"https:\/\/belux.edmo.eu\/#organization\"},\"image\":{\"@id\":\"https:\/\/belux.edmo.eu\/de\/tech-firmen-haben-mit-flut-an-falschmeldungen-ber-israel-und-den-gazastreifen-zu-kmpfen\/#primaryimage\"},\"thumbnailUrl\":\"https:\/\/belux-edmo.s3-accelerate.amazonaws.com\/wp-content\/uploads\/2023\/10\/6b47ae969e4ec66825253c3a7a0f69d1a8cf79dc-ipad.jpg\",\"articleSection\":[\"Fact Check\",\"Naher Osten\",\"Politik\",\"Technologie\"],\"inLanguage\":\"de-DE\"},{\"@type\":\"WebPage\",\"@id\":\"https:\/\/belux.edmo.eu\/de\/tech-firmen-haben-mit-flut-an-falschmeldungen-ber-israel-und-den-gazastreifen-zu-kmpfen\/\",\"url\":\"https:\/\/belux.edmo.eu\/de\/tech-firmen-haben-mit-flut-an-falschmeldungen-ber-israel-und-den-gazastreifen-zu-kmpfen\/\",\"name\":\"Tech-Firmen haben mit Flut an Falschmeldungen \u00fcber Israel und den Gazastreifen zu k\u00e4mpfen - EDMO Belux\",\"isPartOf\":{\"@id\":\"https:\/\/belux.edmo.eu\/#website\"},\"primaryImageOfPage\":{\"@id\":\"https:\/\/belux.edmo.eu\/de\/tech-firmen-haben-mit-flut-an-falschmeldungen-ber-israel-und-den-gazastreifen-zu-kmpfen\/#primaryimage\"},\"image\":{\"@id\":\"https:\/\/belux.edmo.eu\/de\/tech-firmen-haben-mit-flut-an-falschmeldungen-ber-israel-und-den-gazastreifen-zu-kmpfen\/#primaryimage\"},\"thumbnailUrl\":\"https:\/\/belux-edmo.s3-accelerate.amazonaws.com\/wp-content\/uploads\/2023\/10\/6b47ae969e4ec66825253c3a7a0f69d1a8cf79dc-ipad.jpg\",\"datePublished\":\"2023-10-11T11:30:28+00:00\",\"dateModified\":\"2023-10-19T13:54:24+00:00\",\"breadcrumb\":{\"@id\":\"https:\/\/belux.edmo.eu\/de\/tech-firmen-haben-mit-flut-an-falschmeldungen-ber-israel-und-den-gazastreifen-zu-kmpfen\/#breadcrumb\"},\"inLanguage\":\"de-DE\",\"potentialAction\":[{\"@type\":\"ReadAction\",\"target\":[\"https:\/\/belux.edmo.eu\/de\/tech-firmen-haben-mit-flut-an-falschmeldungen-ber-israel-und-den-gazastreifen-zu-kmpfen\/\"]}]},{\"@type\":\"ImageObject\",\"inLanguage\":\"de-DE\",\"@id\":\"https:\/\/belux.edmo.eu\/de\/tech-firmen-haben-mit-flut-an-falschmeldungen-ber-israel-und-den-gazastreifen-zu-kmpfen\/#primaryimage\",\"url\":\"https:\/\/belux-edmo.s3-accelerate.amazonaws.com\/wp-content\/uploads\/2023\/10\/6b47ae969e4ec66825253c3a7a0f69d1a8cf79dc-ipad.jpg\",\"contentUrl\":\"https:\/\/belux-edmo.s3-accelerate.amazonaws.com\/wp-content\/uploads\/2023\/10\/6b47ae969e4ec66825253c3a7a0f69d1a8cf79dc-ipad.jpg\",\"width\":1080,\"height\":742,\"caption\":\"Tech-Firmen haben mit Flut an Falschmeldungen \u00fcber Israel und den Gazastreifen zu k\u00e4mpfen - Featured image\"},{\"@type\":\"BreadcrumbList\",\"@id\":\"https:\/\/belux.edmo.eu\/de\/tech-firmen-haben-mit-flut-an-falschmeldungen-ber-israel-und-den-gazastreifen-zu-kmpfen\/#breadcrumb\",\"itemListElement\":[{\"@type\":\"ListItem\",\"position\":1,\"name\":\"Home\",\"item\":\"https:\/\/belux.edmo.eu\/de\/\"},{\"@type\":\"ListItem\",\"position\":2,\"name\":\"Tech-Firmen haben mit Flut an Falschmeldungen \u00fcber Israel und den Gazastreifen zu k\u00e4mpfen\"}]},{\"@type\":\"WebSite\",\"@id\":\"https:\/\/belux.edmo.eu\/#website\",\"url\":\"https:\/\/belux.edmo.eu\/\",\"name\":\"EDMO Belux\",\"description\":\"Monitoring Disinformation in Belgium and Luxembourg\",\"publisher\":{\"@id\":\"https:\/\/belux.edmo.eu\/#organization\"},\"potentialAction\":[{\"@type\":\"SearchAction\",\"target\":{\"@type\":\"EntryPoint\",\"urlTemplate\":\"https:\/\/belux.edmo.eu\/?s={search_term_string}\"},\"query-input\":{\"@type\":\"PropertyValueSpecification\",\"valueRequired\":true,\"valueName\":\"search_term_string\"}}],\"inLanguage\":\"de-DE\"},{\"@type\":\"Organization\",\"@id\":\"https:\/\/belux.edmo.eu\/#organization\",\"name\":\"EDMO Belux\",\"url\":\"https:\/\/belux.edmo.eu\/\",\"logo\":{\"@type\":\"ImageObject\",\"inLanguage\":\"de-DE\",\"@id\":\"https:\/\/belux.edmo.eu\/#\/schema\/logo\/image\/\",\"url\":\"https:\/\/belux.edmo.eu\/wp-content\/uploads\/2021\/12\/belux-logo-full-color-rgb.svg\",\"contentUrl\":\"https:\/\/belux.edmo.eu\/wp-content\/uploads\/2021\/12\/belux-logo-full-color-rgb.svg\",\"width\":1,\"height\":1,\"caption\":\"EDMO Belux\"},\"image\":{\"@id\":\"https:\/\/belux.edmo.eu\/#\/schema\/logo\/image\/\"},\"sameAs\":[\"https:\/\/x.com\/Edmo_Belux\"]},{\"@type\":\"Person\",\"@id\":\"https:\/\/belux.edmo.eu\/#\/schema\/person\/dbe3b252258537fd318f9b5645a30342\",\"name\":\"master\",\"sameAs\":[\"https:\/\/belux.wpengine.com\"],\"url\":\"https:\/\/belux.edmo.eu\/de\/author\/master\/\"}]}<\/script>\n<!-- \/ Yoast SEO plugin. -->","yoast_head_json":{"title":"Tech-Firmen haben mit Flut an Falschmeldungen \u00fcber Israel und den Gazastreifen zu k\u00e4mpfen - EDMO Belux","robots":{"index":"index","follow":"follow","max-snippet":"max-snippet:-1","max-image-preview":"max-image-preview:large","max-video-preview":"max-video-preview:-1"},"canonical":"https:\/\/belux.edmo.eu\/de\/tech-firmen-haben-mit-flut-an-falschmeldungen-ber-israel-und-den-gazastreifen-zu-kmpfen\/","og_locale":"de_DE","og_type":"article","og_title":"Tech-Firmen haben mit Flut an Falschmeldungen \u00fcber Israel und den Gazastreifen zu k\u00e4mpfen - EDMO Belux","og_description":"Fehlinformationen haben sich inmitten des Konflikts zwischen Israel und den Hamas online verbreitet, wie von AFP bereits mehrfach untersucht wurde, zum Beispiel hier, hier, hier und hier.\u00a0","og_url":"https:\/\/belux.edmo.eu\/de\/tech-firmen-haben-mit-flut-an-falschmeldungen-ber-israel-und-den-gazastreifen-zu-kmpfen\/","og_site_name":"EDMO Belux","article_published_time":"2023-10-11T11:30:28+00:00","article_modified_time":"2023-10-19T13:54:24+00:00","og_image":[{"width":1080,"height":742,"url":"https:\/\/belux-edmo.s3-accelerate.amazonaws.com\/wp-content\/uploads\/2023\/10\/6b47ae969e4ec66825253c3a7a0f69d1a8cf79dc-ipad.jpg","type":"image\/jpeg"}],"author":"master","twitter_card":"summary_large_image","twitter_creator":"@Edmo_Belux","twitter_site":"@Edmo_Belux","twitter_misc":{"Verfasst von":"master","Gesch\u00e4tzte Lesezeit":"4 Minuten"},"schema":{"@context":"https:\/\/schema.org","@graph":[{"@type":"Article","@id":"https:\/\/belux.edmo.eu\/de\/tech-firmen-haben-mit-flut-an-falschmeldungen-ber-israel-und-den-gazastreifen-zu-kmpfen\/#article","isPartOf":{"@id":"https:\/\/belux.edmo.eu\/de\/tech-firmen-haben-mit-flut-an-falschmeldungen-ber-israel-und-den-gazastreifen-zu-kmpfen\/"},"author":{"name":"master","@id":"https:\/\/belux.edmo.eu\/#\/schema\/person\/dbe3b252258537fd318f9b5645a30342"},"headline":"Tech-Firmen haben mit Flut an Falschmeldungen \u00fcber Israel und den Gazastreifen zu k\u00e4mpfen","datePublished":"2023-10-11T11:30:28+00:00","dateModified":"2023-10-19T13:54:24+00:00","mainEntityOfPage":{"@id":"https:\/\/belux.edmo.eu\/de\/tech-firmen-haben-mit-flut-an-falschmeldungen-ber-israel-und-den-gazastreifen-zu-kmpfen\/"},"wordCount":898,"publisher":{"@id":"https:\/\/belux.edmo.eu\/#organization"},"image":{"@id":"https:\/\/belux.edmo.eu\/de\/tech-firmen-haben-mit-flut-an-falschmeldungen-ber-israel-und-den-gazastreifen-zu-kmpfen\/#primaryimage"},"thumbnailUrl":"https:\/\/belux-edmo.s3-accelerate.amazonaws.com\/wp-content\/uploads\/2023\/10\/6b47ae969e4ec66825253c3a7a0f69d1a8cf79dc-ipad.jpg","articleSection":["Fact Check","Naher Osten","Politik","Technologie"],"inLanguage":"de-DE"},{"@type":"WebPage","@id":"https:\/\/belux.edmo.eu\/de\/tech-firmen-haben-mit-flut-an-falschmeldungen-ber-israel-und-den-gazastreifen-zu-kmpfen\/","url":"https:\/\/belux.edmo.eu\/de\/tech-firmen-haben-mit-flut-an-falschmeldungen-ber-israel-und-den-gazastreifen-zu-kmpfen\/","name":"Tech-Firmen haben mit Flut an Falschmeldungen \u00fcber Israel und den Gazastreifen zu k\u00e4mpfen - EDMO Belux","isPartOf":{"@id":"https:\/\/belux.edmo.eu\/#website"},"primaryImageOfPage":{"@id":"https:\/\/belux.edmo.eu\/de\/tech-firmen-haben-mit-flut-an-falschmeldungen-ber-israel-und-den-gazastreifen-zu-kmpfen\/#primaryimage"},"image":{"@id":"https:\/\/belux.edmo.eu\/de\/tech-firmen-haben-mit-flut-an-falschmeldungen-ber-israel-und-den-gazastreifen-zu-kmpfen\/#primaryimage"},"thumbnailUrl":"https:\/\/belux-edmo.s3-accelerate.amazonaws.com\/wp-content\/uploads\/2023\/10\/6b47ae969e4ec66825253c3a7a0f69d1a8cf79dc-ipad.jpg","datePublished":"2023-10-11T11:30:28+00:00","dateModified":"2023-10-19T13:54:24+00:00","breadcrumb":{"@id":"https:\/\/belux.edmo.eu\/de\/tech-firmen-haben-mit-flut-an-falschmeldungen-ber-israel-und-den-gazastreifen-zu-kmpfen\/#breadcrumb"},"inLanguage":"de-DE","potentialAction":[{"@type":"ReadAction","target":["https:\/\/belux.edmo.eu\/de\/tech-firmen-haben-mit-flut-an-falschmeldungen-ber-israel-und-den-gazastreifen-zu-kmpfen\/"]}]},{"@type":"ImageObject","inLanguage":"de-DE","@id":"https:\/\/belux.edmo.eu\/de\/tech-firmen-haben-mit-flut-an-falschmeldungen-ber-israel-und-den-gazastreifen-zu-kmpfen\/#primaryimage","url":"https:\/\/belux-edmo.s3-accelerate.amazonaws.com\/wp-content\/uploads\/2023\/10\/6b47ae969e4ec66825253c3a7a0f69d1a8cf79dc-ipad.jpg","contentUrl":"https:\/\/belux-edmo.s3-accelerate.amazonaws.com\/wp-content\/uploads\/2023\/10\/6b47ae969e4ec66825253c3a7a0f69d1a8cf79dc-ipad.jpg","width":1080,"height":742,"caption":"Tech-Firmen haben mit Flut an Falschmeldungen \u00fcber Israel und den Gazastreifen zu k\u00e4mpfen - Featured image"},{"@type":"BreadcrumbList","@id":"https:\/\/belux.edmo.eu\/de\/tech-firmen-haben-mit-flut-an-falschmeldungen-ber-israel-und-den-gazastreifen-zu-kmpfen\/#breadcrumb","itemListElement":[{"@type":"ListItem","position":1,"name":"Home","item":"https:\/\/belux.edmo.eu\/de\/"},{"@type":"ListItem","position":2,"name":"Tech-Firmen haben mit Flut an Falschmeldungen \u00fcber Israel und den Gazastreifen zu k\u00e4mpfen"}]},{"@type":"WebSite","@id":"https:\/\/belux.edmo.eu\/#website","url":"https:\/\/belux.edmo.eu\/","name":"EDMO Belux","description":"Monitoring Disinformation in Belgium and Luxembourg","publisher":{"@id":"https:\/\/belux.edmo.eu\/#organization"},"potentialAction":[{"@type":"SearchAction","target":{"@type":"EntryPoint","urlTemplate":"https:\/\/belux.edmo.eu\/?s={search_term_string}"},"query-input":{"@type":"PropertyValueSpecification","valueRequired":true,"valueName":"search_term_string"}}],"inLanguage":"de-DE"},{"@type":"Organization","@id":"https:\/\/belux.edmo.eu\/#organization","name":"EDMO Belux","url":"https:\/\/belux.edmo.eu\/","logo":{"@type":"ImageObject","inLanguage":"de-DE","@id":"https:\/\/belux.edmo.eu\/#\/schema\/logo\/image\/","url":"https:\/\/belux.edmo.eu\/wp-content\/uploads\/2021\/12\/belux-logo-full-color-rgb.svg","contentUrl":"https:\/\/belux.edmo.eu\/wp-content\/uploads\/2021\/12\/belux-logo-full-color-rgb.svg","width":1,"height":1,"caption":"EDMO Belux"},"image":{"@id":"https:\/\/belux.edmo.eu\/#\/schema\/logo\/image\/"},"sameAs":["https:\/\/x.com\/Edmo_Belux"]},{"@type":"Person","@id":"https:\/\/belux.edmo.eu\/#\/schema\/person\/dbe3b252258537fd318f9b5645a30342","name":"master","sameAs":["https:\/\/belux.wpengine.com"],"url":"https:\/\/belux.edmo.eu\/de\/author\/master\/"}]}},"menu_order":0,"_links":{"self":[{"href":"https:\/\/belux.edmo.eu\/de\/wp-json\/wp\/v2\/posts\/290943","targetHints":{"allow":["GET"]}}],"collection":[{"href":"https:\/\/belux.edmo.eu\/de\/wp-json\/wp\/v2\/posts"}],"about":[{"href":"https:\/\/belux.edmo.eu\/de\/wp-json\/wp\/v2\/types\/post"}],"author":[{"embeddable":true,"href":"https:\/\/belux.edmo.eu\/de\/wp-json\/wp\/v2\/users\/1"}],"replies":[{"embeddable":true,"href":"https:\/\/belux.edmo.eu\/de\/wp-json\/wp\/v2\/comments?post=290943"}],"version-history":[{"count":0,"href":"https:\/\/belux.edmo.eu\/de\/wp-json\/wp\/v2\/posts\/290943\/revisions"}],"wp:featuredmedia":[{"embeddable":true,"href":"https:\/\/belux.edmo.eu\/de\/wp-json\/wp\/v2\/media\/290928"}],"wp:attachment":[{"href":"https:\/\/belux.edmo.eu\/de\/wp-json\/wp\/v2\/media?parent=290943"}],"wp:term":[{"taxonomy":"category","embeddable":true,"href":"https:\/\/belux.edmo.eu\/de\/wp-json\/wp\/v2\/categories?post=290943"},{"taxonomy":"post_tag","embeddable":true,"href":"https:\/\/belux.edmo.eu\/de\/wp-json\/wp\/v2\/tags?post=290943"}],"curies":[{"name":"wp","href":"https:\/\/api.w.org\/{rel}","templated":true}]}}