{"id":292314,"date":"2023-10-17T15:28:50","date_gmt":"2023-10-17T15:28:50","guid":{"rendered":"https:\/\/belux.edmo.eu\/?p=292314"},"modified":"2023-10-17T16:01:03","modified_gmt":"2023-10-17T16:01:03","slug":"dieses-video-zeigt-pilger-nicht-aus-der-republik-moldau-fliehende-juden","status":"publish","type":"post","link":"https:\/\/belux.edmo.eu\/de\/dieses-video-zeigt-pilger-nicht-aus-der-republik-moldau-fliehende-juden\/","title":{"rendered":"Dieses Video zeigt Pilger, nicht aus der Republik Moldau fliehende Juden"},"content":{"rendered":"<p><strong>Jedes Jahr reisen aus aller Welt tausende chassidische Juden in die ukrainische Stadt Uman, um dort das j\u00fcdische Neujahrsfest Rosch Haschana zu feiern. Seit Russlands Invasion der Ukraine hat sich \u00fcber den gr\u00f6\u00dften Flughafen in der benachbarten Republik Moldau eine neue Hauptreiseroute f\u00fcr diese Pilger entwickelt. Ein Video, das Menschenmassen an diesem Flughafen zeigt, wurde im September 2023 in sozialen Netzwerken mit der Falschmeldung verbreitet, es zeige moldawische Juden bei der Flucht, weil ein Krieg unmittelbar bevorst\u00fcnde. Offizielle Stellen und die Direktorin der j\u00fcdischen Gemeinschaft in Moldawien erkl\u00e4rten gegen\u00fcber AFP, es handle sich bei den auf den Aufnahmen zu sehenden Menschen um Pilger auf der Reise. Moldawische Juden seien nicht dabei, in Massen zu fl\u00fcchten, sagten sie. <\/strong><\/p>\n<p>Der <a href=\"https:\/\/perma.cc\/AA7B-ANG7\" shape=\"rect\">ukrainische Luftraum<\/a> ist f\u00fcr zivilen Flugverkehr seit dem Beginn der russischen Invasion im Februar 2022 gesperrt. Das hat dazu gef\u00fchrt, dass der moldauische Flughafen in Chi\u015fin\u0103u nun am n\u00e4chsten zur ostukrainischen Stadt Uman liegt. Die beiden St\u00e4dte liegen rund 300 Kilometer Fahrstrecke voneinander entfernt.<\/p>\n<p>Videos von zahlreichen Pilgern am internationalen Flughafen von Chi\u015fin\u0103u wurden in sozialen Netzwerken hunderte Male mit der Falschmeldung geteilt, sie w\u00fcrden j\u00fcdische Menschen dabei zeigen, wie sie \u00fcberst\u00fcrzt Moldawien zu verlassen versuchten.<\/p>\n<p>&#8222;NATO-VORBEREITUNGEN IN MOLDAWIEN&#8220;, so der Text dieses griechischsprachigen <a href=\"https:\/\/perma.cc\/GH8R-RPDG?type=image\" shape=\"rect\">Facebook-Beitrags<\/a>, der am 23. September 2023 ver\u00f6ffentlicht wurde. Das Video zeigt in traditionell j\u00fcdischem Gewand gekleidete M\u00e4nner, die sich vor einem gl\u00e4sernen Geb\u00e4ude dr\u00e4ngen. Auch Polizei ist inmitten der Menschenmenge zu sehen. Auf das Video gelegt sieht man einen griechischen Text: &#8222;Juden verlassen Moldawien in Eile\u2026 der Dritte beginnt offiziell.&#8220;<\/p>\n<p>Der Beitrag wurde mehr als 600 Mal geteilt. Die Erw\u00e4hnung der Nato sowie &#8222;des Dritten&#8220; k\u00f6nnen als Anspielung auf einen dritten Weltkrieg verstanden werden. Ein weiterer Beitrag mit demselben Video wurde <a href=\"https:\/\/perma.cc\/AC4F-U7QT\" shape=\"rect\">hier<\/a> gemeinsam mit Kommentaren geteilt, die sich vor einem Atomwaffeneinsatz durch den russischen Pr\u00e4sidenten Wladimir Putin sorgen.<\/p>\n<div class=\"g2image\">\n<figure><img src=\"https:\/\/belux-edmo.s3-accelerate.amazonaws.com\/wp-content\/uploads\/2023\/10\/c8310fc930271ea497fb0d0cc7b591314da0d120-ipad.jpg\" \/><figcaption>Screenshot der Behauptung auf Facebook: 28. September 2023<\/figcaption><\/figure>\n<\/div>\n<p>Doch diese Behauptungen stellen die Szenen in dem Video in einen falschen Kontext. Eine Untersuchung von AFP best\u00e4tigte zwar, dass das Video am internationalen Flughafen von Chi\u015fin\u0103u aufgenommen wurde, doch zeigt es internationale Besucher, die nach den Feierlichkeiten zu Rosch Haschana in Uman zur\u00fcck in ihre jeweiligen Heimatl\u00e4nder, haupts\u00e4chlich Israel, zur\u00fcckreisen.\u00a0<strong><br clear=\"none\" \/><\/strong><\/p>\n<p><b>Ein Video von Tiktok\u00a0<\/b><\/p>\n<p>Um das urspr\u00fcngliche Video zu finden, sah sich AFP zun\u00e4chst die Tiktok-Namen, die auf der Facebook-Version des Videos zu sehen waren, an: Diese waren @michelebucatca und @ioannis_paterakis.<\/p>\n<p>AFP fand das Video auf dem <a href=\"https:\/\/perma.cc\/ZJ65-EAYD\" shape=\"rect\">ersten Profil<\/a>, auf dem es am 22. September 2023 ver\u00f6ffentlicht wurde. Der erste und beliebteste Kommentar auf dem Video lautet fehlerhaft auf Franz\u00f6sisch: &#8222;Sie gehen, weil sie wissen, dass der Krieg in Moldawien anfangen wird.&#8220; Mit einem antisemitischen Unterton hei\u00dft es im Kommentar weiter: &#8222;Diese Leute wissen immer als erstes Bescheid.&#8220;<\/p>\n<p>Als AFP auf Tiktok nach den W\u00f6rtern &#8222;Moldawien Flughafen Juden&#8220; suchte, fand es das\u00a0Video auch in anderen Beitr\u00e4gen.<\/p>\n<p>Die fr\u00fcheste Version, die AFP finden konnte, wurde von einem Tiktok-Account mit dem Benutzernamen <a href=\"https:\/\/perma.cc\/7AFG-JDUA\" shape=\"rect\">@marindominte<\/a> am 19. September 2023 geteilt. Dieses Video hatte auch die beste Bildqualit\u00e4t, was darauf schlie\u00dfen lassen k\u00f6nnte, dass es sich hier um das Original oder zumindest eine fr\u00fche Version handeln k\u00f6nnte. Auf dem Video steht der Text &#8222;Flughafen Chi\u015fin\u0103u 19.09.2023,&#8220; was vermuten l\u00e4sst, dass das Video an diesem Tag aufgenommen worden sein k\u00f6nnte.<\/p>\n<p>Wie hier zu sehen ist, stimmt das Video genau mit dem Video \u00fcberein, das gemeinsam mit den griechischen Falschinformationen verbreitet wurde.<\/p>\n<div class=\"g2image\">\n<figure><img src=\"https:\/\/belux-edmo.s3-accelerate.amazonaws.com\/wp-content\/uploads\/2023\/10\/e9e957ccd7cea8053778a409521e6077b56803a1-ipad.jpg\" \/><figcaption>Bildvergleich zwischen dem Video mit den Falschinformationen (links) und der Version des Videos, die auf Tiktok am 19. September 2023 ver\u00f6ffentlicht wurde (rechts). Screenshots: 29. September 2023<\/figcaption><\/figure>\n<\/div>\n<p>AFP fragte bei dem Account, der die fr\u00fche Version des Videos teilte, nach mehr Informationen, erhielt aber bis zur Ver\u00f6ffentlichung dieses Artikels keine klaren Informationen \u00fcber den Urheber oder weiteren Kontext.<\/p>\n<p>Um zu best\u00e4tigen, dass das Video in der Tat am Flughafen von Chi\u015fin\u0103u gefilmt wurde, nutzte AFP <a href=\"https:\/\/archive.ph\/Cohd1\" shape=\"rect\">Google Street View<\/a>. Wie der untenstehende Vergleich zeigt, machen mehrere Elemente klar, dass das Video\u00a0vor dem Abflugbereich des internationalen Flughafens von Chi\u015fin\u0103u aufgenommen wurde.<\/p>\n<div class=\"g2image\">\n<figure><img src=\"https:\/\/belux-edmo.s3-accelerate.amazonaws.com\/wp-content\/uploads\/2023\/10\/17e361d4ec4b3bf2d2fa53621b6002435fe100bb-ipad.jpg\" \/><figcaption>Bildvergleich zwischen zwei Aufnahmen aus dem Video (links) und der Google Street View-Ansicht des Flughafens von Chi\u015fin\u0103u (rechts), Hervorhebungen durch AFP<\/figcaption><\/figure>\n<\/div>\n<p><b>Pilger, die das j\u00fcdische Neujahr in der Ukraine feierten<\/b><\/p>\n<p>Indem AFP den Aufnahmeort bestimmen und das Aufnahmedatum eingrenzen konnte, konnte AFP gezielt mit Begriffen wie &#8222;J\u00fcdisch + Moldawien + Flughafen&#8220; suchen, nach Medienberichte rund um dieses Datum suchen.<\/p>\n<p>Tats\u00e4chlich gab es mehrere Treffer. Dieser <a href=\"https:\/\/perma.cc\/9T8V-QCBR\" shape=\"rect\">Artikel<\/a> der moldauischen Presseagentur IPN, der am 18. September 2023 ver\u00f6ffentlicht wurde, erkl\u00e4rte, dass es aufgrund der erh\u00f6hten Durchreisezahlen von chassidischen Juden rund um den internationalen Flughafen von Chi\u015fin\u0103u zu erh\u00f6hten Sicherheitsma\u00dfnahmen kam.<\/p>\n<p>Im Text steht auch, dass es an dem Flughafen zus\u00e4tzliche Fl\u00fcge gebeben habe, weil die chassidischen Juden aus <a href=\"https:\/\/www.google.com\/maps\/place\/%CE%9F%CF%85%CE%BC%CE%AC%CE%BD,+%CE%A4%CF%83%CE%B5%CF%81%CE%BA%CE%B1%CF%83%CE%BA%CE%AC,+%CE%9F%CF%85%CE%BA%CF%81%CE%B1%CE%BD%CE%AF%CE%B1,+20300\/@48.7630547,30.1745595,13z\/data=!3m1!4b1!4m6!3m5!1s0x40d20dbb89bbb1d7:0x48312c80d42f9951!8m2!3d48.7493927!4d30.2214499!16zL20vMDZqNzc1?entry=ttu\" shape=\"rect\">Uman<\/a> zur\u00fcckkehrten, wo sie das j\u00fcdische Neujahrsfest feierten. Rosch Haschana fand dieses Jahr vom 15. bis 17. September statt.<\/p>\n<p>&#8222;Der Flughafen Chi\u015fin\u0103u ist bereit, mit einem erh\u00f6hten Aufkommen an Fl\u00fcgen und Reisenden zurechtzukommen. Eine Warteplattform f\u00fcr chassidische Juden wurde in der N\u00e4he errichtet. Zelte f\u00fcr Kontrollen wurden errichtet. Spezielle Abl\u00e4ufe wurden ins Leben gerufen, um die Reisedokumente der Pilger zu \u00fcberpr\u00fcfen. Die Zahl der Arbeiter im Schichtbetrieb wurde erh\u00f6ht, um den Prozess zu optimieren&#8220;, so der Nachrichtenbericht.<\/p>\n<p>Uman ist eine <a href=\"https:\/\/perma.cc\/T8R4-9MFP\" shape=\"rect\">wichtige religi\u00f6se St\u00e4tte<\/a>, da es die Ruhest\u00e4tte des Rabbi Nachman von Breslov ist. Er ist Begr\u00fcnder eines Zweigs des chassidischen Judentums.<\/p>\n<p>Wegen des Kriegs ist der Flughafen aktuell der der Stadt n\u00e4chstgelegenste. Chi\u015fin\u0103u empfing aus aller Welt Pilger, die dann \u00fcber Land in die Ukraine weiterreisten. Der israelische Au\u00dfenminister <a href=\"https:\/\/perma.cc\/X9ED-Z83E\" shape=\"rect\">Eli Cohen<\/a> reiste im August 2023 in die Republik Moldau, um f\u00fcr einen sicheren Reiseablauf f\u00fcr die Pilger zu sorgen, von denen die meisten aus Israel kamen.<\/p>\n<p>Obwohl es wegen des Kriegs\u00a0Aufrufe zu Einschr\u00e4nkungen gab, reisten rund 18.000 chassidische Juden w\u00e4hrend Rosch Haschana 2023 nach Uman,\u00a0<a href=\"https:\/\/perma.cc\/N4XJ-QEJC\" shape=\"rect\">berichtete AFP<\/a>.<\/p>\n<div class=\"g2image\">\n<figure><img src=\"https:\/\/belux-edmo.s3-accelerate.amazonaws.com\/wp-content\/uploads\/2023\/10\/6ce4f0e59c05d59ecc4962369256286d58deb1aa-ipad.jpg\" \/><\/figure>\n<\/div>\n<p>Betende Juden in Uman am 15. September 2023 &#8211; GENYA SAVILOV \/ AFP<\/p>\n<p>Laut einem Pressesprecher der <a href=\"https:\/\/perma.cc\/CY3B-7FAH\" shape=\"rect\">moldauischen Grenzschutzbeh\u00f6rde<\/a>, der am 29. September 2023 mit AFP sprach, kamen im Zeitraum vom 6. bis 17. September 2023 17.877 chassidische Juden nach Moldawien, um von dort nach Uman weiterzureisen. Zwischen 18. und 22. September verlie\u00dfen 15.201 Leute Moldawien. Die meisten Pilger waren israelische Staatsb\u00fcrger und etwa drei Prozent hatten P\u00e4sse aus den USA, Frankreich, Deutschland, Kanada, Argentinien, Italien, Irland und Gro\u00dfbritannien, so die Grenzschutzbeh\u00f6rde.<\/p>\n<p>Die gro\u00dfe Durchreise der chassidischen Juden wurde auch von der Direktorin der j\u00fcdischen Gemeinde in Moldawien, <a href=\"https:\/\/perma.cc\/2YCV-WYQB\" shape=\"rect\">Aliona Grossu<\/a>, best\u00e4tigt. &#8222;Es gab einen massiven Durchzug an Pilgern durch Moldawien nach Uman w\u00e4hrend der wichtigen j\u00fcdischen Feiertage dieses Jahrs,&#8220; sagte sie AFP gegen\u00fcber in einer Textnachricht am 28. September 2023.<\/p>\n<p>AFP zeigte\u00a0Grossu das Video. Sie sagte, die Juden auf den Aufnahmen seien nicht auf der Flucht. &#8222;Es gab keinen massiven Exodus von Juden aus Moldawien.&#8220;<\/p>\n<p><b>Extrafl\u00fcge aus Israel<\/b><\/p>\n<p>AFP zeigte das Video Natalia Cojocaru, Pressesprecherin des internationalen Flughafens von Chi\u015fin\u0103u. Sie sagte AFP gegen\u00fcber in einer Nachricht am 27. September 2023: &#8222;Ich kann best\u00e4tigen, dass die chassidischen Juden in dem Video durch den internationalen Flughafen von Chi\u015fin\u0103u reisten.&#8220; Sei seien allerdings &#8222;nicht lokale Moldawier, die das Land verlassen.&#8220;<\/p>\n<p>Die <a href=\"https:\/\/perma.cc\/5QN5-HGF9\" shape=\"rect\">Ank\u00fcnfte und Abfl\u00fcge<\/a> des Flughafens rund um die Daten der erwarteten Pilgerreisen passen dazu. Tats\u00e4chlich gab es eine erh\u00f6hte Zahl an Fl\u00fcgen, die zwischen 11. und 14. September 2023 aus Tel Aviv-Jaffa ankamen, sowie eine zweite Spitze an Flugzahlen in Richtung Tel Aviv-Jaffa zwischen 18. und 19. September 2023.<\/p>\n<p><b>Engere Beziehungen zur EU und Nato<\/b><\/p>\n<p>Die Republik Moldau, die sich zwischen Rum\u00e4nien und der Ukraine befindet, hat seit der Invasion der Ukraine Sorgen vor einem <a href=\"https:\/\/perma.cc\/3XH6-AGAV\" shape=\"rect\">Einmarsch russischer Truppen<\/a> im eigenen Land. Doch bis Oktober 2023 gab es keine Berichte eines Angriffs auf das Land, auch wenn <a href=\"https:\/\/perma.cc\/NL9Q-VHSY\" shape=\"rect\">Tr\u00fcmmer einer Rakete<\/a> im September 2023 nach einem russischen Luftangriff auf die Ukraine in moldawischem Gebiet gefunden wurden.<\/p>\n<p>Der stellvertretende Nato-Generalsekret\u00e4r Mircea Geoan\u0103 besuchte <a href=\"https:\/\/perma.cc\/RL3G-BE8J\" shape=\"rect\">am 14. und 15. September 2023 Chi\u015fin\u0103u<\/a>, um dort die sich <a href=\"https:\/\/perma.cc\/C9WR-GZQQ\" shape=\"rect\">vertiefende Kooperation<\/a> der Allianz mit Moldawien zu besprechen. Moldau trat dem Verteidigungsb\u00fcndnis 1992 bei.<\/p>\n<p><strong>Fazit:<\/strong> Das Video wurde zwar am internationalen Flughafen von Chi\u015fin\u0103u aufgenommen und zeigt auch chassidische Juden, doch sind diese nicht auf der Flucht. Stattdessen handelt es sich um eine Gruppe Pilger, die in die ukrainische Stadt Uman reisten, um dort an den Feierlichkeiten rund um das j\u00fcdische Neujahrsfest teilzunehmen. Uman spielt in einem Zweig des chassidischen Judentums eine bedeutende Rolle als letzte Ruhest\u00e4tte eines wichtigen Rabbis.<\/p>\n","protected":false},"excerpt":{"rendered":"<p>Jedes Jahr reisen aus aller Welt tausende chassidische Juden in die ukrainische Stadt Uman, um dort das j\u00fcdische Neujahrsfest Rosch Haschana zu feiern. Seit Russlands Invasion der Ukraine hat sich \u00fcber den gr\u00f6\u00dften Flughafen in der benachbarten Republik Moldau eine neue Hauptreiseroute f\u00fcr diese Pilger entwickelt. Ein Video, das Menschenmassen an diesem Flughafen zeigt, wurde im September 2023 in sozialen Netzwerken mit der Falschmeldung verbreitet, es zeige moldawische Juden bei der Flucht, weil ein Krieg unmittelbar bevorst\u00fcnde. Offizielle Stellen und die Direktorin der j\u00fcdischen Gemeinschaft in Moldawien erkl\u00e4rten gegen\u00fcber AFP, es handle sich bei den auf den Aufnahmen zu sehenden Menschen um Pilger auf der Reise. Moldawische Juden seien nicht dabei, in Massen zu fl\u00fcchten, sagten sie. <\/p>\n","protected":false},"author":1,"featured_media":292289,"comment_status":"closed","ping_status":"open","sticky":false,"template":"","format":"standard","meta":{"_acf_changed":false,"footnotes":""},"categories":[127,133,215],"tags":[],"class_list":{"0":"post-292314","1":"post","2":"type-post","3":"status-publish","4":"format-standard","5":"has-post-thumbnail","7":"category-fact-check-de","8":"category-politics-de","9":"category-ukraine-de"},"acf":{"show_metatags":true,"id":"http:\/\/doc.afp.com\/33YF9GE","authors":"Petros KONSTANTINIDIS \/ AFP Deutschland \/ AFP Griechenland","organization":"AFP","featured_image_copyright":"","text_copyright":"\u00a9 AGENCE FRANCE-PRESSE | 2023 | Alle Rechte vorbehalten. Jede Nutzung von AFP-Inhalten auf dieser Website unterliegt den Nutzungsbedingungen auf <a href='https:\/\/www.afp.com\/en\/terms-use' target='_blank'>CGU<\/a>. Durch den Zugriff auf die auf dieser Website verf\u00fcgbaren AFP-Inhalte und\/oder deren Nutzung erkl\u00e4ren Sie sich mit den oben genannten Nutzungsbedingungen einverstanden. Jede Nutzung von AFP-Inhalten erfolgt unter Ihrer alleinigen und vollen Verantwortung.","source":"https:\/\/faktencheck.afp.com\/doc.afp.com.33YF9GE","fact_checker":"https:\/\/belux.wpengine.com\/wp-content\/uploads\/2021\/12\/afp_logo.png","type":"Closed Event","location":"","start_date":"","start_date_event_begins_at":"","start_date_event_ends_at":"","end_date":"","end_date_event_begins_at":"","end_date_event_ends_at":"","organizer":"","fact_checker_logo_image":false},"yoast_head":"<!-- This site is optimized with the Yoast SEO plugin v27.0 - https:\/\/yoast.com\/product\/yoast-seo-wordpress\/ -->\n<title>Dieses Video zeigt Pilger, nicht aus der Republik Moldau fliehende Juden - EDMO Belux<\/title>\n<meta name=\"robots\" content=\"index, follow, max-snippet:-1, max-image-preview:large, max-video-preview:-1\" \/>\n<link rel=\"canonical\" href=\"https:\/\/belux.edmo.eu\/de\/dieses-video-zeigt-pilger-nicht-aus-der-republik-moldau-fliehende-juden\/\" \/>\n<meta property=\"og:locale\" content=\"de_DE\" \/>\n<meta property=\"og:type\" content=\"article\" \/>\n<meta property=\"og:title\" content=\"Dieses Video zeigt Pilger, nicht aus der Republik Moldau fliehende Juden - EDMO Belux\" \/>\n<meta property=\"og:description\" content=\"Jedes Jahr reisen aus aller Welt tausende chassidische Juden in die ukrainische Stadt Uman, um dort das j\u00fcdische Neujahrsfest Rosch Haschana zu feiern. Seit Russlands Invasion der Ukraine hat sich \u00fcber den gr\u00f6\u00dften Flughafen in der benachbarten Republik Moldau eine neue Hauptreiseroute f\u00fcr diese Pilger entwickelt. Ein Video, das Menschenmassen an diesem Flughafen zeigt, wurde im September 2023 in sozialen Netzwerken mit der Falschmeldung verbreitet, es zeige moldawische Juden bei der Flucht, weil ein Krieg unmittelbar bevorst\u00fcnde. Offizielle Stellen und die Direktorin der j\u00fcdischen Gemeinschaft in Moldawien erkl\u00e4rten gegen\u00fcber AFP, es handle sich bei den auf den Aufnahmen zu sehenden Menschen um Pilger auf der Reise. Moldawische Juden seien nicht dabei, in Massen zu fl\u00fcchten, sagten sie.\" \/>\n<meta property=\"og:url\" content=\"https:\/\/belux.edmo.eu\/de\/dieses-video-zeigt-pilger-nicht-aus-der-republik-moldau-fliehende-juden\/\" \/>\n<meta property=\"og:site_name\" content=\"EDMO Belux\" \/>\n<meta property=\"article:published_time\" content=\"2023-10-17T15:28:50+00:00\" \/>\n<meta property=\"article:modified_time\" content=\"2023-10-17T16:01:03+00:00\" \/>\n<meta property=\"og:image\" content=\"https:\/\/belux-edmo.s3-accelerate.amazonaws.com\/wp-content\/uploads\/2023\/10\/eb8ae115972b0be5dc5f6d71621ec25c9c4d2f9a-ipad.jpg\" \/>\n\t<meta property=\"og:image:width\" content=\"1080\" \/>\n\t<meta property=\"og:image:height\" content=\"540\" \/>\n\t<meta property=\"og:image:type\" content=\"image\/jpeg\" \/>\n<meta name=\"author\" content=\"master\" \/>\n<meta name=\"twitter:card\" content=\"summary_large_image\" \/>\n<meta name=\"twitter:creator\" content=\"@Edmo_Belux\" \/>\n<meta name=\"twitter:site\" content=\"@Edmo_Belux\" \/>\n<meta name=\"twitter:label1\" content=\"Verfasst von\" \/>\n\t<meta name=\"twitter:data1\" content=\"master\" \/>\n\t<meta name=\"twitter:label2\" content=\"Gesch\u00e4tzte Lesezeit\" \/>\n\t<meta name=\"twitter:data2\" content=\"7 Minuten\" \/>\n<script type=\"application\/ld+json\" class=\"yoast-schema-graph\">{\"@context\":\"https:\/\/schema.org\",\"@graph\":[{\"@type\":\"Article\",\"@id\":\"https:\/\/belux.edmo.eu\/de\/dieses-video-zeigt-pilger-nicht-aus-der-republik-moldau-fliehende-juden\/#article\",\"isPartOf\":{\"@id\":\"https:\/\/belux.edmo.eu\/de\/dieses-video-zeigt-pilger-nicht-aus-der-republik-moldau-fliehende-juden\/\"},\"author\":{\"name\":\"master\",\"@id\":\"https:\/\/belux.edmo.eu\/#\/schema\/person\/dbe3b252258537fd318f9b5645a30342\"},\"headline\":\"Dieses Video zeigt Pilger, nicht aus der Republik Moldau fliehende Juden\",\"datePublished\":\"2023-10-17T15:28:50+00:00\",\"dateModified\":\"2023-10-17T16:01:03+00:00\",\"mainEntityOfPage\":{\"@id\":\"https:\/\/belux.edmo.eu\/de\/dieses-video-zeigt-pilger-nicht-aus-der-republik-moldau-fliehende-juden\/\"},\"wordCount\":1460,\"publisher\":{\"@id\":\"https:\/\/belux.edmo.eu\/#organization\"},\"image\":{\"@id\":\"https:\/\/belux.edmo.eu\/de\/dieses-video-zeigt-pilger-nicht-aus-der-republik-moldau-fliehende-juden\/#primaryimage\"},\"thumbnailUrl\":\"https:\/\/belux-edmo.s3-accelerate.amazonaws.com\/wp-content\/uploads\/2023\/10\/eb8ae115972b0be5dc5f6d71621ec25c9c4d2f9a-ipad.jpg\",\"articleSection\":[\"Fact Check\",\"Politik\",\"Ukraine\"],\"inLanguage\":\"de-DE\"},{\"@type\":\"WebPage\",\"@id\":\"https:\/\/belux.edmo.eu\/de\/dieses-video-zeigt-pilger-nicht-aus-der-republik-moldau-fliehende-juden\/\",\"url\":\"https:\/\/belux.edmo.eu\/de\/dieses-video-zeigt-pilger-nicht-aus-der-republik-moldau-fliehende-juden\/\",\"name\":\"Dieses Video zeigt Pilger, nicht aus der Republik Moldau fliehende Juden - EDMO Belux\",\"isPartOf\":{\"@id\":\"https:\/\/belux.edmo.eu\/#website\"},\"primaryImageOfPage\":{\"@id\":\"https:\/\/belux.edmo.eu\/de\/dieses-video-zeigt-pilger-nicht-aus-der-republik-moldau-fliehende-juden\/#primaryimage\"},\"image\":{\"@id\":\"https:\/\/belux.edmo.eu\/de\/dieses-video-zeigt-pilger-nicht-aus-der-republik-moldau-fliehende-juden\/#primaryimage\"},\"thumbnailUrl\":\"https:\/\/belux-edmo.s3-accelerate.amazonaws.com\/wp-content\/uploads\/2023\/10\/eb8ae115972b0be5dc5f6d71621ec25c9c4d2f9a-ipad.jpg\",\"datePublished\":\"2023-10-17T15:28:50+00:00\",\"dateModified\":\"2023-10-17T16:01:03+00:00\",\"breadcrumb\":{\"@id\":\"https:\/\/belux.edmo.eu\/de\/dieses-video-zeigt-pilger-nicht-aus-der-republik-moldau-fliehende-juden\/#breadcrumb\"},\"inLanguage\":\"de-DE\",\"potentialAction\":[{\"@type\":\"ReadAction\",\"target\":[\"https:\/\/belux.edmo.eu\/de\/dieses-video-zeigt-pilger-nicht-aus-der-republik-moldau-fliehende-juden\/\"]}]},{\"@type\":\"ImageObject\",\"inLanguage\":\"de-DE\",\"@id\":\"https:\/\/belux.edmo.eu\/de\/dieses-video-zeigt-pilger-nicht-aus-der-republik-moldau-fliehende-juden\/#primaryimage\",\"url\":\"https:\/\/belux-edmo.s3-accelerate.amazonaws.com\/wp-content\/uploads\/2023\/10\/eb8ae115972b0be5dc5f6d71621ec25c9c4d2f9a-ipad.jpg\",\"contentUrl\":\"https:\/\/belux-edmo.s3-accelerate.amazonaws.com\/wp-content\/uploads\/2023\/10\/eb8ae115972b0be5dc5f6d71621ec25c9c4d2f9a-ipad.jpg\",\"width\":1080,\"height\":540,\"caption\":\"Dieses Video zeigt Pilger, nicht aus der Republik Moldau fliehende Juden - Featured image\"},{\"@type\":\"BreadcrumbList\",\"@id\":\"https:\/\/belux.edmo.eu\/de\/dieses-video-zeigt-pilger-nicht-aus-der-republik-moldau-fliehende-juden\/#breadcrumb\",\"itemListElement\":[{\"@type\":\"ListItem\",\"position\":1,\"name\":\"Home\",\"item\":\"https:\/\/belux.edmo.eu\/de\/\"},{\"@type\":\"ListItem\",\"position\":2,\"name\":\"Dieses Video zeigt Pilger, nicht aus der Republik Moldau fliehende Juden\"}]},{\"@type\":\"WebSite\",\"@id\":\"https:\/\/belux.edmo.eu\/#website\",\"url\":\"https:\/\/belux.edmo.eu\/\",\"name\":\"EDMO Belux\",\"description\":\"Monitoring Disinformation in Belgium and Luxembourg\",\"publisher\":{\"@id\":\"https:\/\/belux.edmo.eu\/#organization\"},\"potentialAction\":[{\"@type\":\"SearchAction\",\"target\":{\"@type\":\"EntryPoint\",\"urlTemplate\":\"https:\/\/belux.edmo.eu\/?s={search_term_string}\"},\"query-input\":{\"@type\":\"PropertyValueSpecification\",\"valueRequired\":true,\"valueName\":\"search_term_string\"}}],\"inLanguage\":\"de-DE\"},{\"@type\":\"Organization\",\"@id\":\"https:\/\/belux.edmo.eu\/#organization\",\"name\":\"EDMO Belux\",\"url\":\"https:\/\/belux.edmo.eu\/\",\"logo\":{\"@type\":\"ImageObject\",\"inLanguage\":\"de-DE\",\"@id\":\"https:\/\/belux.edmo.eu\/#\/schema\/logo\/image\/\",\"url\":\"https:\/\/belux.edmo.eu\/wp-content\/uploads\/2021\/12\/belux-logo-full-color-rgb.svg\",\"contentUrl\":\"https:\/\/belux.edmo.eu\/wp-content\/uploads\/2021\/12\/belux-logo-full-color-rgb.svg\",\"width\":1,\"height\":1,\"caption\":\"EDMO Belux\"},\"image\":{\"@id\":\"https:\/\/belux.edmo.eu\/#\/schema\/logo\/image\/\"},\"sameAs\":[\"https:\/\/x.com\/Edmo_Belux\"]},{\"@type\":\"Person\",\"@id\":\"https:\/\/belux.edmo.eu\/#\/schema\/person\/dbe3b252258537fd318f9b5645a30342\",\"name\":\"master\",\"sameAs\":[\"https:\/\/belux.wpengine.com\"],\"url\":\"https:\/\/belux.edmo.eu\/de\/author\/master\/\"}]}<\/script>\n<!-- \/ Yoast SEO plugin. -->","yoast_head_json":{"title":"Dieses Video zeigt Pilger, nicht aus der Republik Moldau fliehende Juden - EDMO Belux","robots":{"index":"index","follow":"follow","max-snippet":"max-snippet:-1","max-image-preview":"max-image-preview:large","max-video-preview":"max-video-preview:-1"},"canonical":"https:\/\/belux.edmo.eu\/de\/dieses-video-zeigt-pilger-nicht-aus-der-republik-moldau-fliehende-juden\/","og_locale":"de_DE","og_type":"article","og_title":"Dieses Video zeigt Pilger, nicht aus der Republik Moldau fliehende Juden - EDMO Belux","og_description":"Jedes Jahr reisen aus aller Welt tausende chassidische Juden in die ukrainische Stadt Uman, um dort das j\u00fcdische Neujahrsfest Rosch Haschana zu feiern. Seit Russlands Invasion der Ukraine hat sich \u00fcber den gr\u00f6\u00dften Flughafen in der benachbarten Republik Moldau eine neue Hauptreiseroute f\u00fcr diese Pilger entwickelt. Ein Video, das Menschenmassen an diesem Flughafen zeigt, wurde im September 2023 in sozialen Netzwerken mit der Falschmeldung verbreitet, es zeige moldawische Juden bei der Flucht, weil ein Krieg unmittelbar bevorst\u00fcnde. Offizielle Stellen und die Direktorin der j\u00fcdischen Gemeinschaft in Moldawien erkl\u00e4rten gegen\u00fcber AFP, es handle sich bei den auf den Aufnahmen zu sehenden Menschen um Pilger auf der Reise. Moldawische Juden seien nicht dabei, in Massen zu fl\u00fcchten, sagten sie.","og_url":"https:\/\/belux.edmo.eu\/de\/dieses-video-zeigt-pilger-nicht-aus-der-republik-moldau-fliehende-juden\/","og_site_name":"EDMO Belux","article_published_time":"2023-10-17T15:28:50+00:00","article_modified_time":"2023-10-17T16:01:03+00:00","og_image":[{"width":1080,"height":540,"url":"https:\/\/belux-edmo.s3-accelerate.amazonaws.com\/wp-content\/uploads\/2023\/10\/eb8ae115972b0be5dc5f6d71621ec25c9c4d2f9a-ipad.jpg","type":"image\/jpeg"}],"author":"master","twitter_card":"summary_large_image","twitter_creator":"@Edmo_Belux","twitter_site":"@Edmo_Belux","twitter_misc":{"Verfasst von":"master","Gesch\u00e4tzte Lesezeit":"7 Minuten"},"schema":{"@context":"https:\/\/schema.org","@graph":[{"@type":"Article","@id":"https:\/\/belux.edmo.eu\/de\/dieses-video-zeigt-pilger-nicht-aus-der-republik-moldau-fliehende-juden\/#article","isPartOf":{"@id":"https:\/\/belux.edmo.eu\/de\/dieses-video-zeigt-pilger-nicht-aus-der-republik-moldau-fliehende-juden\/"},"author":{"name":"master","@id":"https:\/\/belux.edmo.eu\/#\/schema\/person\/dbe3b252258537fd318f9b5645a30342"},"headline":"Dieses Video zeigt Pilger, nicht aus der Republik Moldau fliehende Juden","datePublished":"2023-10-17T15:28:50+00:00","dateModified":"2023-10-17T16:01:03+00:00","mainEntityOfPage":{"@id":"https:\/\/belux.edmo.eu\/de\/dieses-video-zeigt-pilger-nicht-aus-der-republik-moldau-fliehende-juden\/"},"wordCount":1460,"publisher":{"@id":"https:\/\/belux.edmo.eu\/#organization"},"image":{"@id":"https:\/\/belux.edmo.eu\/de\/dieses-video-zeigt-pilger-nicht-aus-der-republik-moldau-fliehende-juden\/#primaryimage"},"thumbnailUrl":"https:\/\/belux-edmo.s3-accelerate.amazonaws.com\/wp-content\/uploads\/2023\/10\/eb8ae115972b0be5dc5f6d71621ec25c9c4d2f9a-ipad.jpg","articleSection":["Fact Check","Politik","Ukraine"],"inLanguage":"de-DE"},{"@type":"WebPage","@id":"https:\/\/belux.edmo.eu\/de\/dieses-video-zeigt-pilger-nicht-aus-der-republik-moldau-fliehende-juden\/","url":"https:\/\/belux.edmo.eu\/de\/dieses-video-zeigt-pilger-nicht-aus-der-republik-moldau-fliehende-juden\/","name":"Dieses Video zeigt Pilger, nicht aus der Republik Moldau fliehende Juden - EDMO Belux","isPartOf":{"@id":"https:\/\/belux.edmo.eu\/#website"},"primaryImageOfPage":{"@id":"https:\/\/belux.edmo.eu\/de\/dieses-video-zeigt-pilger-nicht-aus-der-republik-moldau-fliehende-juden\/#primaryimage"},"image":{"@id":"https:\/\/belux.edmo.eu\/de\/dieses-video-zeigt-pilger-nicht-aus-der-republik-moldau-fliehende-juden\/#primaryimage"},"thumbnailUrl":"https:\/\/belux-edmo.s3-accelerate.amazonaws.com\/wp-content\/uploads\/2023\/10\/eb8ae115972b0be5dc5f6d71621ec25c9c4d2f9a-ipad.jpg","datePublished":"2023-10-17T15:28:50+00:00","dateModified":"2023-10-17T16:01:03+00:00","breadcrumb":{"@id":"https:\/\/belux.edmo.eu\/de\/dieses-video-zeigt-pilger-nicht-aus-der-republik-moldau-fliehende-juden\/#breadcrumb"},"inLanguage":"de-DE","potentialAction":[{"@type":"ReadAction","target":["https:\/\/belux.edmo.eu\/de\/dieses-video-zeigt-pilger-nicht-aus-der-republik-moldau-fliehende-juden\/"]}]},{"@type":"ImageObject","inLanguage":"de-DE","@id":"https:\/\/belux.edmo.eu\/de\/dieses-video-zeigt-pilger-nicht-aus-der-republik-moldau-fliehende-juden\/#primaryimage","url":"https:\/\/belux-edmo.s3-accelerate.amazonaws.com\/wp-content\/uploads\/2023\/10\/eb8ae115972b0be5dc5f6d71621ec25c9c4d2f9a-ipad.jpg","contentUrl":"https:\/\/belux-edmo.s3-accelerate.amazonaws.com\/wp-content\/uploads\/2023\/10\/eb8ae115972b0be5dc5f6d71621ec25c9c4d2f9a-ipad.jpg","width":1080,"height":540,"caption":"Dieses Video zeigt Pilger, nicht aus der Republik Moldau fliehende Juden - Featured image"},{"@type":"BreadcrumbList","@id":"https:\/\/belux.edmo.eu\/de\/dieses-video-zeigt-pilger-nicht-aus-der-republik-moldau-fliehende-juden\/#breadcrumb","itemListElement":[{"@type":"ListItem","position":1,"name":"Home","item":"https:\/\/belux.edmo.eu\/de\/"},{"@type":"ListItem","position":2,"name":"Dieses Video zeigt Pilger, nicht aus der Republik Moldau fliehende Juden"}]},{"@type":"WebSite","@id":"https:\/\/belux.edmo.eu\/#website","url":"https:\/\/belux.edmo.eu\/","name":"EDMO Belux","description":"Monitoring Disinformation in Belgium and Luxembourg","publisher":{"@id":"https:\/\/belux.edmo.eu\/#organization"},"potentialAction":[{"@type":"SearchAction","target":{"@type":"EntryPoint","urlTemplate":"https:\/\/belux.edmo.eu\/?s={search_term_string}"},"query-input":{"@type":"PropertyValueSpecification","valueRequired":true,"valueName":"search_term_string"}}],"inLanguage":"de-DE"},{"@type":"Organization","@id":"https:\/\/belux.edmo.eu\/#organization","name":"EDMO Belux","url":"https:\/\/belux.edmo.eu\/","logo":{"@type":"ImageObject","inLanguage":"de-DE","@id":"https:\/\/belux.edmo.eu\/#\/schema\/logo\/image\/","url":"https:\/\/belux.edmo.eu\/wp-content\/uploads\/2021\/12\/belux-logo-full-color-rgb.svg","contentUrl":"https:\/\/belux.edmo.eu\/wp-content\/uploads\/2021\/12\/belux-logo-full-color-rgb.svg","width":1,"height":1,"caption":"EDMO Belux"},"image":{"@id":"https:\/\/belux.edmo.eu\/#\/schema\/logo\/image\/"},"sameAs":["https:\/\/x.com\/Edmo_Belux"]},{"@type":"Person","@id":"https:\/\/belux.edmo.eu\/#\/schema\/person\/dbe3b252258537fd318f9b5645a30342","name":"master","sameAs":["https:\/\/belux.wpengine.com"],"url":"https:\/\/belux.edmo.eu\/de\/author\/master\/"}]}},"menu_order":0,"_links":{"self":[{"href":"https:\/\/belux.edmo.eu\/de\/wp-json\/wp\/v2\/posts\/292314","targetHints":{"allow":["GET"]}}],"collection":[{"href":"https:\/\/belux.edmo.eu\/de\/wp-json\/wp\/v2\/posts"}],"about":[{"href":"https:\/\/belux.edmo.eu\/de\/wp-json\/wp\/v2\/types\/post"}],"author":[{"embeddable":true,"href":"https:\/\/belux.edmo.eu\/de\/wp-json\/wp\/v2\/users\/1"}],"replies":[{"embeddable":true,"href":"https:\/\/belux.edmo.eu\/de\/wp-json\/wp\/v2\/comments?post=292314"}],"version-history":[{"count":0,"href":"https:\/\/belux.edmo.eu\/de\/wp-json\/wp\/v2\/posts\/292314\/revisions"}],"wp:featuredmedia":[{"embeddable":true,"href":"https:\/\/belux.edmo.eu\/de\/wp-json\/wp\/v2\/media\/292289"}],"wp:attachment":[{"href":"https:\/\/belux.edmo.eu\/de\/wp-json\/wp\/v2\/media?parent=292314"}],"wp:term":[{"taxonomy":"category","embeddable":true,"href":"https:\/\/belux.edmo.eu\/de\/wp-json\/wp\/v2\/categories?post=292314"},{"taxonomy":"post_tag","embeddable":true,"href":"https:\/\/belux.edmo.eu\/de\/wp-json\/wp\/v2\/tags?post=292314"}],"curies":[{"name":"wp","href":"https:\/\/api.w.org\/{rel}","templated":true}]}}