{"id":297124,"date":"2023-11-10T09:24:31","date_gmt":"2023-11-10T09:24:31","guid":{"rendered":"https:\/\/belux.edmo.eu\/?p=297124"},"modified":"2023-11-10T10:53:04","modified_gmt":"2023-11-10T10:53:04","slug":"dieses-video-zeigt-fuballfans-in-so-paulo-und-keine-pro-palstinensische-kundgebung-in-frankreich","status":"publish","type":"post","link":"https:\/\/belux.edmo.eu\/de\/dieses-video-zeigt-fuballfans-in-so-paulo-und-keine-pro-palstinensische-kundgebung-in-frankreich\/","title":{"rendered":"Dieses Video zeigt Fu\u00dfballfans in S\u00e3o Paulo und keine pro-pal\u00e4stinensische Kundgebung in Frankreich"},"content":{"rendered":"<p><b>Seit Beginn der intensiven Bombardierung des Gazastreifens durch Israel als Vergeltung f\u00fcr den beispiellosen Angriff der radikalislamischen Hamas am 7. Oktober 2023 gab es zahlreiche Demonstrationen als Reaktion auf den Konflikt. Luftaufnahmen einer gro\u00dfen Menschenmenge zeigen jedoch keine pro-pal\u00e4stinensische Kundgebung in Frankreich. Diese Falschbehauptung wurde seit Ende Oktober 2023 hunderte Male in sozialen Medien geteilt. Das Video zeigt Fans des brasilianischen Fu\u00dfballklubs Palmeiras, die am 5. Oktober 2023 zum Stadion Allianz Parque in S\u00e3o Paulo gehen.<\/b><\/p>\n<p>&#8222;Massive Pro-Pal\u00e4stina-Kundgebung in Frankreich&#8220;, schreibt ein User auf <a href=\"https:\/\/perma.cc\/XB22-EDWE\" target=\"_blank\" rel=\"noopener\" shape=\"rect\">Facebook<\/a> und teilt ein Video, das Hunderte von Menschen zeigt, die eine Stra\u00dfe entlanggehen.<\/p>\n<p>Auf <a href=\"https:\/\/perma.cc\/UBQ2-9MR4\" shape=\"rect\">Telegram<\/a> wurde der Clip \u00fcber 23.000 Mal angesehen. Der Beitrag kursiert auch in anderen Sprachen wie <a href=\"https:\/\/perma.cc\/BM4D-9C7V\" shape=\"rect\">Englisch<\/a>, <a href=\"https:\/\/perma.cc\/5G7C-RKNG?type=image\" shape=\"rect\">Portugiesisch<\/a> und <a href=\"https:\/\/web.archive.org\/web\/20231030172459\/https:\/\/twitter.com\/HoyPalestina\/status\/1718719455667077363?s=20\" target=\"_blank\" rel=\"noopener\" shape=\"rect\">Spanisch<\/a>.<\/p>\n<div class=\"g2image\">\n<figure><img src=\"https:\/\/belux-edmo.s3-accelerate.amazonaws.com\/wp-content\/uploads\/2023\/11\/0328117c188c89d09266909c53ff9b02b6af15a9-ipad.jpg\" \/><figcaption>Screenshot der Behauptung auf Telegram: 3. November 2023<\/figcaption><\/figure>\n<\/div>\n<p>Der Krieg zwischen Israel und der Hamas hat in sozialen Medien <a href=\"https:\/\/faktencheck.afp.com\/list\/all\/all\/38643\/all\/tid-38643\" target=\"_blank\" rel=\"noopener\" shape=\"rect\">eine Welle von Falschinformationen und irref\u00fchrenden Beitragen<\/a>\u00a0ausgel\u00f6st.<\/p>\n<p><span style=\"color: #000000;\">Die im Gazastreifen herrsch<\/span>ende radikalislamische Hamas hatte am 7. Oktober 2023 bei einem Gro\u00dfangriff auf Israel nach\u00a0<a href=\"https:\/\/perma.cc\/8TVW-QGNK\" target=\"_blank\" rel=\"noopener\" shape=\"rect\">israelischen Angaben<\/a> mindestens 1400 Menschen, zumeist Zivilistinnen und Zivilisten, get\u00f6tet und mindestens 240 Menschen als Geiseln in den Gazastreifen verschleppt.<\/p>\n<p><span style=\"color: #000000;\">Als Reaktion auf diese<\/span>n Angriff hat Israel den Gazastreifen unter Dauerbeschuss genommen und das K\u00fcstengebiet komplett abgeriegelt. Durch die israelischen Bombardierungen wurden nach <a href=\"https:\/\/perma.cc\/WXJ7-J9AV\" shape=\"rect\">Angaben der Hamas<\/a> bislang mehr als 10.500 Menschen, haupts\u00e4chlich Zivilistinnen und Zivilisten, get\u00f6tet. Opferzahlen des aktuellen Krieges sind allerdings nicht unabh\u00e4ngig \u00fcberpr\u00fcfbar und werden regelm\u00e4\u00dfig infrage gestellt.<\/p>\n<p><span style=\"color: #000000;\">Weltweit gab es <a href=\"https:\/\/www.youtube.com\/watch?v=W7jAp6Pn4TA\" shape=\"rect\">Solidarit\u00e4tsbekundungen<\/a> mit <a href=\"https:\/\/www.youtube.com\/watch?v=tPwnAVAup1k\" shape=\"rect\">Israel<\/a> und <a href=\"https:\/\/www.youtube.com\/watch?v=6gN8CmyVItc\" shape=\"rect\">Demonstrationen<\/a> zur <a href=\"https:\/\/www.youtube.com\/watch?v=hIkqXi-2mOk\" shape=\"rect\">Unterst\u00fctzung von Pal\u00e4stinensern<\/a>, bei denen mitunter eine <a href=\"https:\/\/www.youtube.com\/watch?v=rnj697Ivesg\" shape=\"rect\">Waffenruhe<\/a> im Gazastreifen <a href=\"https:\/\/perma.cc\/J2HL-LK6B\" shape=\"rect\">gefordert<\/a> wurde, in dem mehr als zwei Millionen Menschen leben.<\/span><\/p>\n<p><b><span style=\"color: #000000;\">Video zeigt Fu\u00dfballfans in Brasilien<\/span><\/b><\/p>\n<p>Die aktuell geteilte Sequenz zeigt jedoch keinen pro-pal\u00e4stinensischen Protest in Frankreich. Durch eine <a href=\"https:\/\/www.youtube.com\/watch?v=W9JkBkOE0TM&amp;list=PL_tN7HuGt39pbSAghdwArQ2Ij1oPzJfHo&amp;index=4\" target=\"_blank\" rel=\"noopener\" shape=\"rect\">R\u00fcckw\u00e4rtssuche<\/a> mit Ausschnitten aus dem Clip fand AFP das Video in einem <a href=\"https:\/\/perma.cc\/694P-QNK5\" shape=\"rect\">Beitrag<\/a> auf X, ehemals Twitter, des Profils &#8222;Planeta do Futebol&#8220; (zu Deutsch: Fu\u00dfballplanet) vom 5. Oktober 2023 Ortszeit, also zwei Tage vor dem Gro\u00dfangriff der Hamas auf Israel. Die Beschreibung besagt, dass die Aufnahme Palmeiras-Fans auf dem Weg zum Stadion Allianz Parque in S\u00e3o Paulo zeigt.<\/p>\n<p>Damals traf der brasilianische Fu\u00dfballverein Palmeiras aus S\u00e3o Paulo im <a href=\"https:\/\/perma.cc\/X9VJ-Z5GR\" shape=\"rect\">Halbfinale<\/a> des s\u00fcdamerikanischen Vereinsfu\u00dfballwettbewerbs <a href=\"https:\/\/perma.cc\/ZAT5-VL9V\" shape=\"rect\">&#8222;Copa Libertadores&#8220;<\/a><span style=\"color: #000000;\">au<\/span>f die argentinische Mannschaft Boca Juniors. Dieses Team zog daraufhin ins <a href=\"https:\/\/perma.cc\/ZAT5-VL9V\" shape=\"rect\">Finale<\/a>\u00a0ein.<\/p>\n<div class=\"g2image\">\n<figure><img src=\"https:\/\/belux-edmo.s3-accelerate.amazonaws.com\/wp-content\/uploads\/2023\/11\/933079a791eff428dabf7f44f8686d946abe68a3-ipad.jpg\" \/><figcaption>Screenshot des X-Postings von &#8222;Planeta do Futebol&#8220;: 9. November 2023<\/figcaption><\/figure>\n<\/div>\n<p>Das Video wurde zu dem Zeitpunkt auch von der brasilianischen Presse verbreitet (etwa <a href=\"https:\/\/perma.cc\/BV9A-6RBB\" shape=\"rect\">hier<\/a> und <a href=\"https:\/\/perma.cc\/BV9A-6RBB\" shape=\"rect\">hier<\/a>).<\/p>\n<p>Aufgrund dieser Informationen sowie einzelner visueller Elemente in der Videoaufnahme konnte AFP best\u00e4tigen, dass das Video auf dem <a href=\"https:\/\/perma.cc\/TEC4-SBRZ\" shape=\"rect\">Pompeia-Viadukt<\/a> in der brasilianischen Stadt S\u00e3o Paulo aufgenommen wurden.<\/p>\n<div class=\"g2image\">\n<figure><img src=\"https:\/\/belux-edmo.s3-accelerate.amazonaws.com\/wp-content\/uploads\/2023\/11\/8ab5d6938db9a68bdb949911f9e6f2d6dcef4987-ipad.jpg\" \/><figcaption>Vergleich zwischen einem Bild von Google Street View und einem Video auf X: 1. November 2023<\/figcaption><\/figure>\n<\/div>\n<p><b>Proteste in Frankreich<\/b><\/p>\n<p>Nach Beginn des Krieges wurden pro-pal\u00e4stinensische Demonstrationen von den <a href=\"https:\/\/perma.cc\/F3EB-6TNK\" shape=\"rect\">franz\u00f6sischen Beh\u00f6rden<\/a> mit dem Hinweis auf das Risiko von Ausschreitungen\u00a0<a href=\"https:\/\/perma.cc\/T4R5-MEFE\" shape=\"rect\">verboten<\/a>. Trotzdem fanden in <a href=\"https:\/\/perma.cc\/N7UQ-3XFL\" shape=\"rect\">Frankreic<\/a><span style=\"color: #000000;\"><a href=\"https:\/\/perma.cc\/N7UQ-3XFL\" shape=\"rect\">h<\/a> etwa am 12. und 28. Oktober 2023 <a href=\"https:\/\/perma.cc\/67ZH-6X24\" shape=\"rect\">Solidarit\u00e4tskundgebungen<\/a>\u00a0f\u00fcr Pal\u00e4stinenserinnen und Pal\u00e4stinenser statt.\u00a0<\/span><\/p>\n<p><span style=\"color: #000000;\">Nach Angaben der Polizei gingen auch am <a href=\"https:\/\/perma.cc\/X4GM-LCAU\" shape=\"rect\">4. November 2023<\/a> rund 19.000 Menschen in Paris auf die Stra\u00dfe. Neben zahlreichen pal\u00e4stinensischen Flaggen waren Schilder mit der Aufschrift &#8222;Free Palestine&#8220; (zu Deutsch: Befreit Pal\u00e4stina) zu sehen. Manche Demonstranten riefen zum Boykott Israels auf.<\/span><\/p>\n<p><span style=\"color: #000000;\">AFP hat mehrere <a href=\"https:\/\/www.youtube.com\/watch?v=_eY1-mZ6qcw\" shape=\"rect\">Videoaufnahmen<\/a> von pro-pal\u00e4stinensischen Kundgebungen in Frankreich ver\u00f6ffentlicht. Ein Clip zeigt zum Beispiel Bilder der Demonstration in Paris am 12. Oktober 2023.<\/span><\/p>\n<div class=\"g2web\" style=\"text-align: center;\"><iframe title=\"YouTube video player\" src=\"https:\/\/www.youtube.com\/embed\/MZuTQpVEiUs?si=drnQhM7Tt4AjRP99\" width=\"560\" height=\"315\" frameborder=\"0\" scrolling=\"auto\" allowfullscreen=\"allowfullscreen\" data-mce-fragment=\"1\"><\/iframe><\/div>\n<p><strong>Fazit: <\/strong><span style=\"color: #000000;\">Online kursieren zahlreiche Falschbehauptungen zum Krieg zwischen Israel und der Hamas. Luftaufnahmen einer gro\u00dfen Menschenmenge zeigen jedoch keine pro-pal\u00e4stinensische Kundgebung in Frankreich. In dem Clip sind Fans des brasilianischen Fu\u00dfballklubs Palmeiras zu sehen, die am 5. Oktober 2023 zum Stadion Allianz Parque in S\u00e3o Paulo gehen.\u00a0<\/span><\/p>\n","protected":false},"excerpt":{"rendered":"<p>&#8222;Massive Pro-Pal\u00e4stina-Kundgebung in Frankreich&#8220;, schreibt ein User auf Facebook und teilt ein Video, das Hunderte von Menschen zeigt, die eine Stra\u00dfe entlanggehen.<\/p>\n","protected":false},"author":1,"featured_media":297104,"comment_status":"closed","ping_status":"open","sticky":false,"template":"","format":"standard","meta":{"_acf_changed":false,"footnotes":""},"categories":[127,401,133],"tags":[],"class_list":{"0":"post-297124","1":"post","2":"type-post","3":"status-publish","4":"format-standard","5":"has-post-thumbnail","7":"category-fact-check-de","8":"category-naher-osten","9":"category-politics-de"},"acf":{"show_metatags":true,"id":"http:\/\/doc.afp.com\/33ZQ6HU","authors":"Katharina ZWINS \/ AFP Brasilien","organization":"AFP","featured_image_copyright":"","text_copyright":"\u00a9 AGENCE FRANCE-PRESSE | 2023 | Alle Rechte vorbehalten. Jede Nutzung von AFP-Inhalten auf dieser Website unterliegt den Nutzungsbedingungen auf <a href='https:\/\/www.afp.com\/en\/terms-use' target='_blank'>CGU<\/a>. Durch den Zugriff auf die auf dieser Website verf\u00fcgbaren AFP-Inhalte und\/oder deren Nutzung erkl\u00e4ren Sie sich mit den oben genannten Nutzungsbedingungen einverstanden. Jede Nutzung von AFP-Inhalten erfolgt unter Ihrer alleinigen und vollen Verantwortung.","source":"https:\/\/faktencheck.afp.com\/doc.afp.com.33ZQ6HU","fact_checker":"https:\/\/belux.wpengine.com\/wp-content\/uploads\/2021\/12\/afp_logo.png","type":"Closed Event","location":"","start_date":"","start_date_event_begins_at":"","start_date_event_ends_at":"","end_date":"","end_date_event_begins_at":"","end_date_event_ends_at":"","organizer":"","fact_checker_logo_image":false},"yoast_head":"<!-- This site is optimized with the Yoast SEO plugin v27.0 - https:\/\/yoast.com\/product\/yoast-seo-wordpress\/ -->\n<title>Dieses Video zeigt Fu\u00dfballfans in S\u00e3o Paulo und keine pro-pal\u00e4stinensische Kundgebung in Frankreich - EDMO Belux<\/title>\n<meta name=\"robots\" content=\"index, follow, max-snippet:-1, max-image-preview:large, max-video-preview:-1\" \/>\n<link rel=\"canonical\" href=\"https:\/\/belux.edmo.eu\/de\/dieses-video-zeigt-fuballfans-in-so-paulo-und-keine-pro-palstinensische-kundgebung-in-frankreich\/\" \/>\n<meta property=\"og:locale\" content=\"de_DE\" \/>\n<meta property=\"og:type\" content=\"article\" \/>\n<meta property=\"og:title\" content=\"Dieses Video zeigt Fu\u00dfballfans in S\u00e3o Paulo und keine pro-pal\u00e4stinensische Kundgebung in Frankreich - EDMO Belux\" \/>\n<meta property=\"og:description\" content=\"&quot;Massive Pro-Pal\u00e4stina-Kundgebung in Frankreich&quot;, schreibt ein User auf Facebook und teilt ein Video, das Hunderte von Menschen zeigt, die eine Stra\u00dfe entlanggehen.\" \/>\n<meta property=\"og:url\" content=\"https:\/\/belux.edmo.eu\/de\/dieses-video-zeigt-fuballfans-in-so-paulo-und-keine-pro-palstinensische-kundgebung-in-frankreich\/\" \/>\n<meta property=\"og:site_name\" content=\"EDMO Belux\" \/>\n<meta property=\"article:published_time\" content=\"2023-11-10T09:24:31+00:00\" \/>\n<meta property=\"article:modified_time\" content=\"2023-11-10T10:53:04+00:00\" \/>\n<meta property=\"og:image\" content=\"https:\/\/belux-edmo.s3-accelerate.amazonaws.com\/wp-content\/uploads\/2023\/11\/a10ddca0f77fb0fee9a7098a9dd546a5dc61c0ab-ipad.jpg\" \/>\n\t<meta property=\"og:image:width\" content=\"1080\" \/>\n\t<meta property=\"og:image:height\" content=\"540\" \/>\n\t<meta property=\"og:image:type\" content=\"image\/jpeg\" \/>\n<meta name=\"author\" content=\"master\" \/>\n<meta name=\"twitter:card\" content=\"summary_large_image\" \/>\n<meta name=\"twitter:creator\" content=\"@Edmo_Belux\" \/>\n<meta name=\"twitter:site\" content=\"@Edmo_Belux\" \/>\n<meta name=\"twitter:label1\" content=\"Verfasst von\" \/>\n\t<meta name=\"twitter:data1\" content=\"master\" \/>\n\t<meta name=\"twitter:label2\" content=\"Gesch\u00e4tzte Lesezeit\" \/>\n\t<meta name=\"twitter:data2\" content=\"4 Minuten\" \/>\n<script type=\"application\/ld+json\" class=\"yoast-schema-graph\">{\"@context\":\"https:\/\/schema.org\",\"@graph\":[{\"@type\":\"Article\",\"@id\":\"https:\/\/belux.edmo.eu\/de\/dieses-video-zeigt-fuballfans-in-so-paulo-und-keine-pro-palstinensische-kundgebung-in-frankreich\/#article\",\"isPartOf\":{\"@id\":\"https:\/\/belux.edmo.eu\/de\/dieses-video-zeigt-fuballfans-in-so-paulo-und-keine-pro-palstinensische-kundgebung-in-frankreich\/\"},\"author\":{\"name\":\"master\",\"@id\":\"https:\/\/belux.edmo.eu\/#\/schema\/person\/dbe3b252258537fd318f9b5645a30342\"},\"headline\":\"Dieses Video zeigt Fu\u00dfballfans in S\u00e3o Paulo und keine pro-pal\u00e4stinensische Kundgebung in Frankreich\",\"datePublished\":\"2023-11-10T09:24:31+00:00\",\"dateModified\":\"2023-11-10T10:53:04+00:00\",\"mainEntityOfPage\":{\"@id\":\"https:\/\/belux.edmo.eu\/de\/dieses-video-zeigt-fuballfans-in-so-paulo-und-keine-pro-palstinensische-kundgebung-in-frankreich\/\"},\"wordCount\":626,\"publisher\":{\"@id\":\"https:\/\/belux.edmo.eu\/#organization\"},\"image\":{\"@id\":\"https:\/\/belux.edmo.eu\/de\/dieses-video-zeigt-fuballfans-in-so-paulo-und-keine-pro-palstinensische-kundgebung-in-frankreich\/#primaryimage\"},\"thumbnailUrl\":\"https:\/\/belux-edmo.s3-accelerate.amazonaws.com\/wp-content\/uploads\/2023\/11\/a10ddca0f77fb0fee9a7098a9dd546a5dc61c0ab-ipad.jpg\",\"articleSection\":[\"Fact Check\",\"Naher Osten\",\"Politik\"],\"inLanguage\":\"de-DE\"},{\"@type\":\"WebPage\",\"@id\":\"https:\/\/belux.edmo.eu\/de\/dieses-video-zeigt-fuballfans-in-so-paulo-und-keine-pro-palstinensische-kundgebung-in-frankreich\/\",\"url\":\"https:\/\/belux.edmo.eu\/de\/dieses-video-zeigt-fuballfans-in-so-paulo-und-keine-pro-palstinensische-kundgebung-in-frankreich\/\",\"name\":\"Dieses Video zeigt Fu\u00dfballfans in S\u00e3o Paulo und keine pro-pal\u00e4stinensische Kundgebung in Frankreich - EDMO Belux\",\"isPartOf\":{\"@id\":\"https:\/\/belux.edmo.eu\/#website\"},\"primaryImageOfPage\":{\"@id\":\"https:\/\/belux.edmo.eu\/de\/dieses-video-zeigt-fuballfans-in-so-paulo-und-keine-pro-palstinensische-kundgebung-in-frankreich\/#primaryimage\"},\"image\":{\"@id\":\"https:\/\/belux.edmo.eu\/de\/dieses-video-zeigt-fuballfans-in-so-paulo-und-keine-pro-palstinensische-kundgebung-in-frankreich\/#primaryimage\"},\"thumbnailUrl\":\"https:\/\/belux-edmo.s3-accelerate.amazonaws.com\/wp-content\/uploads\/2023\/11\/a10ddca0f77fb0fee9a7098a9dd546a5dc61c0ab-ipad.jpg\",\"datePublished\":\"2023-11-10T09:24:31+00:00\",\"dateModified\":\"2023-11-10T10:53:04+00:00\",\"breadcrumb\":{\"@id\":\"https:\/\/belux.edmo.eu\/de\/dieses-video-zeigt-fuballfans-in-so-paulo-und-keine-pro-palstinensische-kundgebung-in-frankreich\/#breadcrumb\"},\"inLanguage\":\"de-DE\",\"potentialAction\":[{\"@type\":\"ReadAction\",\"target\":[\"https:\/\/belux.edmo.eu\/de\/dieses-video-zeigt-fuballfans-in-so-paulo-und-keine-pro-palstinensische-kundgebung-in-frankreich\/\"]}]},{\"@type\":\"ImageObject\",\"inLanguage\":\"de-DE\",\"@id\":\"https:\/\/belux.edmo.eu\/de\/dieses-video-zeigt-fuballfans-in-so-paulo-und-keine-pro-palstinensische-kundgebung-in-frankreich\/#primaryimage\",\"url\":\"https:\/\/belux-edmo.s3-accelerate.amazonaws.com\/wp-content\/uploads\/2023\/11\/a10ddca0f77fb0fee9a7098a9dd546a5dc61c0ab-ipad.jpg\",\"contentUrl\":\"https:\/\/belux-edmo.s3-accelerate.amazonaws.com\/wp-content\/uploads\/2023\/11\/a10ddca0f77fb0fee9a7098a9dd546a5dc61c0ab-ipad.jpg\",\"width\":1080,\"height\":540,\"caption\":\"Dieses Video zeigt Fu\u00dfballfans in S\u00e3o Paulo und keine pro-pal\u00e4stinensische Kundgebung in Frankreich - Featured image\"},{\"@type\":\"BreadcrumbList\",\"@id\":\"https:\/\/belux.edmo.eu\/de\/dieses-video-zeigt-fuballfans-in-so-paulo-und-keine-pro-palstinensische-kundgebung-in-frankreich\/#breadcrumb\",\"itemListElement\":[{\"@type\":\"ListItem\",\"position\":1,\"name\":\"Home\",\"item\":\"https:\/\/belux.edmo.eu\/de\/\"},{\"@type\":\"ListItem\",\"position\":2,\"name\":\"Dieses Video zeigt Fu\u00dfballfans in S\u00e3o Paulo und keine pro-pal\u00e4stinensische Kundgebung in Frankreich\"}]},{\"@type\":\"WebSite\",\"@id\":\"https:\/\/belux.edmo.eu\/#website\",\"url\":\"https:\/\/belux.edmo.eu\/\",\"name\":\"EDMO Belux\",\"description\":\"Monitoring Disinformation in Belgium and Luxembourg\",\"publisher\":{\"@id\":\"https:\/\/belux.edmo.eu\/#organization\"},\"potentialAction\":[{\"@type\":\"SearchAction\",\"target\":{\"@type\":\"EntryPoint\",\"urlTemplate\":\"https:\/\/belux.edmo.eu\/?s={search_term_string}\"},\"query-input\":{\"@type\":\"PropertyValueSpecification\",\"valueRequired\":true,\"valueName\":\"search_term_string\"}}],\"inLanguage\":\"de-DE\"},{\"@type\":\"Organization\",\"@id\":\"https:\/\/belux.edmo.eu\/#organization\",\"name\":\"EDMO Belux\",\"url\":\"https:\/\/belux.edmo.eu\/\",\"logo\":{\"@type\":\"ImageObject\",\"inLanguage\":\"de-DE\",\"@id\":\"https:\/\/belux.edmo.eu\/#\/schema\/logo\/image\/\",\"url\":\"https:\/\/belux.edmo.eu\/wp-content\/uploads\/2021\/12\/belux-logo-full-color-rgb.svg\",\"contentUrl\":\"https:\/\/belux.edmo.eu\/wp-content\/uploads\/2021\/12\/belux-logo-full-color-rgb.svg\",\"width\":1,\"height\":1,\"caption\":\"EDMO Belux\"},\"image\":{\"@id\":\"https:\/\/belux.edmo.eu\/#\/schema\/logo\/image\/\"},\"sameAs\":[\"https:\/\/x.com\/Edmo_Belux\"]},{\"@type\":\"Person\",\"@id\":\"https:\/\/belux.edmo.eu\/#\/schema\/person\/dbe3b252258537fd318f9b5645a30342\",\"name\":\"master\",\"sameAs\":[\"https:\/\/belux.wpengine.com\"],\"url\":\"https:\/\/belux.edmo.eu\/de\/author\/master\/\"}]}<\/script>\n<!-- \/ Yoast SEO plugin. -->","yoast_head_json":{"title":"Dieses Video zeigt Fu\u00dfballfans in S\u00e3o Paulo und keine pro-pal\u00e4stinensische Kundgebung in Frankreich - EDMO Belux","robots":{"index":"index","follow":"follow","max-snippet":"max-snippet:-1","max-image-preview":"max-image-preview:large","max-video-preview":"max-video-preview:-1"},"canonical":"https:\/\/belux.edmo.eu\/de\/dieses-video-zeigt-fuballfans-in-so-paulo-und-keine-pro-palstinensische-kundgebung-in-frankreich\/","og_locale":"de_DE","og_type":"article","og_title":"Dieses Video zeigt Fu\u00dfballfans in S\u00e3o Paulo und keine pro-pal\u00e4stinensische Kundgebung in Frankreich - EDMO Belux","og_description":"\"Massive Pro-Pal\u00e4stina-Kundgebung in Frankreich\", schreibt ein User auf Facebook und teilt ein Video, das Hunderte von Menschen zeigt, die eine Stra\u00dfe entlanggehen.","og_url":"https:\/\/belux.edmo.eu\/de\/dieses-video-zeigt-fuballfans-in-so-paulo-und-keine-pro-palstinensische-kundgebung-in-frankreich\/","og_site_name":"EDMO Belux","article_published_time":"2023-11-10T09:24:31+00:00","article_modified_time":"2023-11-10T10:53:04+00:00","og_image":[{"width":1080,"height":540,"url":"https:\/\/belux-edmo.s3-accelerate.amazonaws.com\/wp-content\/uploads\/2023\/11\/a10ddca0f77fb0fee9a7098a9dd546a5dc61c0ab-ipad.jpg","type":"image\/jpeg"}],"author":"master","twitter_card":"summary_large_image","twitter_creator":"@Edmo_Belux","twitter_site":"@Edmo_Belux","twitter_misc":{"Verfasst von":"master","Gesch\u00e4tzte Lesezeit":"4 Minuten"},"schema":{"@context":"https:\/\/schema.org","@graph":[{"@type":"Article","@id":"https:\/\/belux.edmo.eu\/de\/dieses-video-zeigt-fuballfans-in-so-paulo-und-keine-pro-palstinensische-kundgebung-in-frankreich\/#article","isPartOf":{"@id":"https:\/\/belux.edmo.eu\/de\/dieses-video-zeigt-fuballfans-in-so-paulo-und-keine-pro-palstinensische-kundgebung-in-frankreich\/"},"author":{"name":"master","@id":"https:\/\/belux.edmo.eu\/#\/schema\/person\/dbe3b252258537fd318f9b5645a30342"},"headline":"Dieses Video zeigt Fu\u00dfballfans in S\u00e3o Paulo und keine pro-pal\u00e4stinensische Kundgebung in Frankreich","datePublished":"2023-11-10T09:24:31+00:00","dateModified":"2023-11-10T10:53:04+00:00","mainEntityOfPage":{"@id":"https:\/\/belux.edmo.eu\/de\/dieses-video-zeigt-fuballfans-in-so-paulo-und-keine-pro-palstinensische-kundgebung-in-frankreich\/"},"wordCount":626,"publisher":{"@id":"https:\/\/belux.edmo.eu\/#organization"},"image":{"@id":"https:\/\/belux.edmo.eu\/de\/dieses-video-zeigt-fuballfans-in-so-paulo-und-keine-pro-palstinensische-kundgebung-in-frankreich\/#primaryimage"},"thumbnailUrl":"https:\/\/belux-edmo.s3-accelerate.amazonaws.com\/wp-content\/uploads\/2023\/11\/a10ddca0f77fb0fee9a7098a9dd546a5dc61c0ab-ipad.jpg","articleSection":["Fact Check","Naher Osten","Politik"],"inLanguage":"de-DE"},{"@type":"WebPage","@id":"https:\/\/belux.edmo.eu\/de\/dieses-video-zeigt-fuballfans-in-so-paulo-und-keine-pro-palstinensische-kundgebung-in-frankreich\/","url":"https:\/\/belux.edmo.eu\/de\/dieses-video-zeigt-fuballfans-in-so-paulo-und-keine-pro-palstinensische-kundgebung-in-frankreich\/","name":"Dieses Video zeigt Fu\u00dfballfans in S\u00e3o Paulo und keine pro-pal\u00e4stinensische Kundgebung in Frankreich - EDMO Belux","isPartOf":{"@id":"https:\/\/belux.edmo.eu\/#website"},"primaryImageOfPage":{"@id":"https:\/\/belux.edmo.eu\/de\/dieses-video-zeigt-fuballfans-in-so-paulo-und-keine-pro-palstinensische-kundgebung-in-frankreich\/#primaryimage"},"image":{"@id":"https:\/\/belux.edmo.eu\/de\/dieses-video-zeigt-fuballfans-in-so-paulo-und-keine-pro-palstinensische-kundgebung-in-frankreich\/#primaryimage"},"thumbnailUrl":"https:\/\/belux-edmo.s3-accelerate.amazonaws.com\/wp-content\/uploads\/2023\/11\/a10ddca0f77fb0fee9a7098a9dd546a5dc61c0ab-ipad.jpg","datePublished":"2023-11-10T09:24:31+00:00","dateModified":"2023-11-10T10:53:04+00:00","breadcrumb":{"@id":"https:\/\/belux.edmo.eu\/de\/dieses-video-zeigt-fuballfans-in-so-paulo-und-keine-pro-palstinensische-kundgebung-in-frankreich\/#breadcrumb"},"inLanguage":"de-DE","potentialAction":[{"@type":"ReadAction","target":["https:\/\/belux.edmo.eu\/de\/dieses-video-zeigt-fuballfans-in-so-paulo-und-keine-pro-palstinensische-kundgebung-in-frankreich\/"]}]},{"@type":"ImageObject","inLanguage":"de-DE","@id":"https:\/\/belux.edmo.eu\/de\/dieses-video-zeigt-fuballfans-in-so-paulo-und-keine-pro-palstinensische-kundgebung-in-frankreich\/#primaryimage","url":"https:\/\/belux-edmo.s3-accelerate.amazonaws.com\/wp-content\/uploads\/2023\/11\/a10ddca0f77fb0fee9a7098a9dd546a5dc61c0ab-ipad.jpg","contentUrl":"https:\/\/belux-edmo.s3-accelerate.amazonaws.com\/wp-content\/uploads\/2023\/11\/a10ddca0f77fb0fee9a7098a9dd546a5dc61c0ab-ipad.jpg","width":1080,"height":540,"caption":"Dieses Video zeigt Fu\u00dfballfans in S\u00e3o Paulo und keine pro-pal\u00e4stinensische Kundgebung in Frankreich - Featured image"},{"@type":"BreadcrumbList","@id":"https:\/\/belux.edmo.eu\/de\/dieses-video-zeigt-fuballfans-in-so-paulo-und-keine-pro-palstinensische-kundgebung-in-frankreich\/#breadcrumb","itemListElement":[{"@type":"ListItem","position":1,"name":"Home","item":"https:\/\/belux.edmo.eu\/de\/"},{"@type":"ListItem","position":2,"name":"Dieses Video zeigt Fu\u00dfballfans in S\u00e3o Paulo und keine pro-pal\u00e4stinensische Kundgebung in Frankreich"}]},{"@type":"WebSite","@id":"https:\/\/belux.edmo.eu\/#website","url":"https:\/\/belux.edmo.eu\/","name":"EDMO Belux","description":"Monitoring Disinformation in Belgium and Luxembourg","publisher":{"@id":"https:\/\/belux.edmo.eu\/#organization"},"potentialAction":[{"@type":"SearchAction","target":{"@type":"EntryPoint","urlTemplate":"https:\/\/belux.edmo.eu\/?s={search_term_string}"},"query-input":{"@type":"PropertyValueSpecification","valueRequired":true,"valueName":"search_term_string"}}],"inLanguage":"de-DE"},{"@type":"Organization","@id":"https:\/\/belux.edmo.eu\/#organization","name":"EDMO Belux","url":"https:\/\/belux.edmo.eu\/","logo":{"@type":"ImageObject","inLanguage":"de-DE","@id":"https:\/\/belux.edmo.eu\/#\/schema\/logo\/image\/","url":"https:\/\/belux.edmo.eu\/wp-content\/uploads\/2021\/12\/belux-logo-full-color-rgb.svg","contentUrl":"https:\/\/belux.edmo.eu\/wp-content\/uploads\/2021\/12\/belux-logo-full-color-rgb.svg","width":1,"height":1,"caption":"EDMO Belux"},"image":{"@id":"https:\/\/belux.edmo.eu\/#\/schema\/logo\/image\/"},"sameAs":["https:\/\/x.com\/Edmo_Belux"]},{"@type":"Person","@id":"https:\/\/belux.edmo.eu\/#\/schema\/person\/dbe3b252258537fd318f9b5645a30342","name":"master","sameAs":["https:\/\/belux.wpengine.com"],"url":"https:\/\/belux.edmo.eu\/de\/author\/master\/"}]}},"menu_order":0,"_links":{"self":[{"href":"https:\/\/belux.edmo.eu\/de\/wp-json\/wp\/v2\/posts\/297124","targetHints":{"allow":["GET"]}}],"collection":[{"href":"https:\/\/belux.edmo.eu\/de\/wp-json\/wp\/v2\/posts"}],"about":[{"href":"https:\/\/belux.edmo.eu\/de\/wp-json\/wp\/v2\/types\/post"}],"author":[{"embeddable":true,"href":"https:\/\/belux.edmo.eu\/de\/wp-json\/wp\/v2\/users\/1"}],"replies":[{"embeddable":true,"href":"https:\/\/belux.edmo.eu\/de\/wp-json\/wp\/v2\/comments?post=297124"}],"version-history":[{"count":0,"href":"https:\/\/belux.edmo.eu\/de\/wp-json\/wp\/v2\/posts\/297124\/revisions"}],"wp:featuredmedia":[{"embeddable":true,"href":"https:\/\/belux.edmo.eu\/de\/wp-json\/wp\/v2\/media\/297104"}],"wp:attachment":[{"href":"https:\/\/belux.edmo.eu\/de\/wp-json\/wp\/v2\/media?parent=297124"}],"wp:term":[{"taxonomy":"category","embeddable":true,"href":"https:\/\/belux.edmo.eu\/de\/wp-json\/wp\/v2\/categories?post=297124"},{"taxonomy":"post_tag","embeddable":true,"href":"https:\/\/belux.edmo.eu\/de\/wp-json\/wp\/v2\/tags?post=297124"}],"curies":[{"name":"wp","href":"https:\/\/api.w.org\/{rel}","templated":true}]}}