{"id":301645,"date":"2023-12-05T12:10:52","date_gmt":"2023-12-05T12:10:52","guid":{"rendered":"https:\/\/belux.edmo.eu\/?p=301645"},"modified":"2023-12-05T13:23:22","modified_gmt":"2023-12-05T13:23:22","slug":"online-verbreiten-sich-falschinformationen-zur-weltweiten-vulkanaktivitt","status":"publish","type":"post","link":"https:\/\/belux.edmo.eu\/de\/online-verbreiten-sich-falschinformationen-zur-weltweiten-vulkanaktivitt\/","title":{"rendered":"Online verbreiten sich Falschinformationen zur weltweiten Vulkanaktivit\u00e4t"},"content":{"rendered":"<p><b>Wissenschaftler betonen, das Niveau der derzeitigen Vulkan-Aktivit\u00e4t sei nichts Au\u00dfergew\u00f6hnliches, auch wenn in sozialen Medien in vielen Posts das Gegenteil behauptet wird. Experten erkl\u00e4rten AFP gegen\u00fcber, dass es zwar in einigen L\u00e4ndern bemerkenswerte Eruptionen gegeben habe, im Gro\u00dfen und Ganzen das Jahr aber eher am unteren Ende der typischen globalen Vulkanaktivit\u00e4t liege.\u00a0<\/b><\/p>\n<p>&#8222;Vulkane brechen gleichzeitig in Italien, Island, Japan, Mexiko, Russland, den Philippinen usw. aus. Unten sehen Sie eine Karte der vulkanischen Aktivit\u00e4t von 2013 und 2023. V\u00f6llig normal, oder?&#8220; sagte Internet-Kommentator Kim Dotcom in einem <a href=\"https:\/\/web.archive.org\/web\/20231114203602\/https:\/\/twitter.com\/KimDotcom\/status\/1724329501721804871\" shape=\"rect\">Beitrag<\/a> vom 14. November 2023, der auf X (ehemals Twitter) ver\u00f6ffentlicht wurde. Der Post erreichte Tausende Interaktionen, bevor er entfernt wurde. <a href=\"https:\/\/perma.cc\/Z88Q-577E\" shape=\"rect\">\u00c4hnliche<\/a> Behauptungen <a href=\"https:\/\/perma.cc\/6W5S-7224\" shape=\"rect\">verbreiteten<\/a> sich auch andernorts <a href=\"https:\/\/perma.cc\/7YQ9-7HLA\" shape=\"rect\">auf X<\/a>.<\/p>\n<div class=\"g2image\">\n<figure><img src=\"https:\/\/belux-edmo.s3-accelerate.amazonaws.com\/wp-content\/uploads\/2023\/12\/0e35756fd00d8d52b676a4831d45f6769eed61d8-ipad.jpg\" \/><figcaption>Screenshot des X-Beitrags: 14. November 2023<\/figcaption><\/figure>\n<\/div>\n<p>Bemerkenswerte vulkanische Aktivit\u00e4t wurde im November 2023\u00a0 aus <a href=\"https:\/\/web.archive.org\/web\/20231129095951\/https:\/\/www.fr.de\/panorama\/sizilien-lava-magma-feuer-explosion-asche-aetna-vulkan-ausbruch-italien-catania-92670863.html\" shape=\"rect\">Italien<\/a>, <a href=\"https:\/\/web.archive.org\/web\/20231129100021\/https:\/\/www.zeit.de\/wissen\/umwelt\/2023-11\/vulkanausbruch-island-erdbeben-vulkan-faq\" shape=\"rect\">Island<\/a>, <a href=\"https:\/\/perma.cc\/AT92-TAYZ\" shape=\"rect\">Japan<\/a>, <a href=\"https:\/\/perma.cc\/QEN5-V9DM\" shape=\"rect\">Mexiko<\/a> und <a href=\"https:\/\/web.archive.org\/web\/20231111014202\/https:\/\/apnews.com\/article\/russia-volcano-eruption-0d1808d47e9f499feab5846d392e4ee8\" shape=\"rect\">Russland<\/a> gemeldet. Doch Expertinnen und Experten sagten AFP gegen\u00fcber, <a href=\"https:\/\/perma.cc\/AYJ5-QH9H\" shape=\"rect\">2023<\/a> sei bisher ein <a href=\"https:\/\/perma.cc\/HQ5R-K298\" shape=\"rect\">normales<\/a> Jahr gewesen, was Ausbr\u00fcche anginge.<\/p>\n<p>&#8222;Es gibt in der <a href=\"https:\/\/web.archive.org\/web\/20231129100342\/https:\/\/volcano.si.edu\/faq\/index.cfm?question=historicalactivity\" shape=\"rect\">vulkanischen Aktivit\u00e4t<\/a> nat\u00fcrliche Schwankungen von Jahr zu Jahr, aber es gab keinen allgemeinen Anstieg der vulkanischen Aktivit\u00e4t&#8220;, sagte <a href=\"https:\/\/perma.cc\/9WL6-XVQ5\" shape=\"rect\">Wendy Bohon<\/a>, eine Erdbebengeologin, am 15. November 2023.<\/p>\n<p>Vulkane sind ein <a href=\"https:\/\/factcheck.afp.com\/doc.afp.com.33YL6RV\" shape=\"rect\">h\u00e4ufiges<\/a> Thema von <a href=\"https:\/\/web.archive.org\/web\/20231129100740\/https:\/\/skepticalscience.com\/argument.php\" shape=\"rect\">Klima-Falschinformationen<\/a>. AFP hat unter anderem bereits <a href=\"https:\/\/faktencheck.afp.com\/doc.afp.com.33HM497\" shape=\"rect\">belegt<\/a>, dass Vulkane nicht mehr <a href=\"https:\/\/faktencheck.afp.com\/http%253A%252F%252Fdoc.afp.com%252F9NG338-1\" shape=\"rect\">Kohlenstoffdioxid aussto\u00dfen<\/a>, als von Menschen produziert wird oder <a href=\"https:\/\/faktencheck.afp.com\/doc.afp.com.33JG4NP\" shape=\"rect\">Falschbehauptungen<\/a> widerlegt, dass diese f\u00fcr den <a href=\"https:\/\/faktencheck.afp.com\/doc.afp.com.33ZN4HB\" shape=\"rect\">Klimawandel<\/a> verantwortlich seien.<\/p>\n<p><b>Unterschiedliche Arten der Aktivit\u00e4t<\/b><\/p>\n<p>Die Karten aus dem X-Beitrag geben keinerlei Aufschluss \u00fcber den Zeitrahmen oder die Art der Aktivit\u00e4t. Das ist wichtig, weil nicht alle vulkanischen Aktivit\u00e4ten das gleiche Ausma\u00df oder dieselben Auswirkungen haben.<\/p>\n<p>Der urspr\u00fcngliche Beitrag enthielt auch keine Quelle f\u00fcr die Daten oder Angaben dar\u00fcber, ob die Karte auch andere Ereignisse, wie etwa durch Vulkane ausgel\u00f6ste Erdbeben, enth\u00e4lt.<\/p>\n<p>Eine <a href=\"https:\/\/www.youtube.com\/watch?v=l2SbfqF-2Rg&amp;list=PL_tN7HuGt39pbSAghdwArQ2Ij1oPzJfHo&amp;index=2&amp;t=1s&amp;pp=iAQB\" shape=\"rect\">Stichwortsuche<\/a> legt nahe, dass es sich bei den Bilden um Screenshots einer Website namens <a href=\"https:\/\/web.archive.org\/web\/20231129101440\/https:\/\/earthquakes.volcanodiscovery.com\/\" shape=\"rect\">Volcano Discovery<\/a> handeln k\u00f6nnte, die nach eigenen Angaben mehrere Datenbanken zusammenfasst. Die interaktiven Karten mit Symbolen auf der Seite \u00e4hneln denen in den auf sozialen Medien geteilten Bildern. Die Kreise stellen Erdbeben dar und die Dreiecke zeigen vulkanische Aktivit\u00e4t, so die Legende auf der Webseite.<\/p>\n<div class=\"g2image\">\n<figure><img src=\"https:\/\/belux-edmo.s3-accelerate.amazonaws.com\/wp-content\/uploads\/2023\/12\/f7f8e2068531cdae894560d2a9e774f210f54126-ipad.jpg\" \/><figcaption>Screenshot der Website Volcano Discovery&#8217;s vom 21. November 2023<\/figcaption><\/figure>\n<\/div>\n<p>Ein \u00dcberblick \u00fcber die vulkanische Aktivit\u00e4t allein f\u00fcr den November 2023 zeigt weniger Ergebnisse, als es die X-Beitr\u00e4ge nahelegen. Au\u00dferdem enth\u00e4lt die Karte auch mehrere gelbe Dreiecke, die <a href=\"https:\/\/perma.cc\/4LMY-LMNC\" shape=\"rect\">Unruhen von Vulkanen<\/a> darstellen \u2014 ein Zustand, der Monate oder Jahre andauern kann.<\/p>\n<p><b>Durchschnittliche Zahlen<\/b><\/p>\n<p>Mehrere Experten verwiesen AFP auf das US-amerikanische <a href=\"https:\/\/volcano.si.edu\/\" shape=\"rect\">Smithsonian Global Volcanism Program<\/a> (GVP, <a href=\"https:\/\/web.archive.org\/web\/20231129101923\/https:\/\/volcano.si.edu\/\" shape=\"rect\">hier<\/a> archiviert), um wissenschaftliche Daten \u00fcber j\u00e4hrliche Vulkanereignisse zu finden. &#8222;Die j\u00fcngste Aktivit\u00e4t war nicht h\u00f6her als normal&#8220;, sagte <a href=\"https:\/\/perma.cc\/3GUZ-RVNC\" shape=\"rect\">Edward Venzke<\/a>, ein leitender Datenforscher am Smithsonian, am 15. November 2023.<\/p>\n<div class=\"g2image\">\n<figure><img src=\"https:\/\/belux-edmo.s3-accelerate.amazonaws.com\/wp-content\/uploads\/2023\/12\/2f0810ab9117d479f72ca489fa44384d1b62c948-ipad.jpg\" \/><figcaption>Grafik mit den j\u00e4hrlichen Schwankungen der weltweit registrierten Vulkanausbr\u00fcche &#8211; Corin FAIFE \/ Smithsonian National Museum of Natural History Global Volcanism Program (GVP)<\/figcaption><\/figure>\n<\/div>\n<p>Die verf\u00fcgbaren <a href=\"https:\/\/perma.cc\/HQ5R-K298\" shape=\"rect\">Daten<\/a> des Instituts zeigen, dass es im Jahr 2023 bis zum 11. Oktober 2023 insgesamt 67 Ausbr\u00fcche gegeben hat, darunter 17 neue und 21, die aufh\u00f6rten. Zum gleichen Zeitpunkt im Jahr 2013 sei die Zahl der Ausbr\u00fcche h\u00f6her gewesen: 80 insgesamt, 37 neue und 42 beendete, sagte Venzke.<\/p>\n<p>&#8222;Normalerweise gibt es in einem Kalenderjahr zwischen 70 und 80 Ausbr\u00fcche. Es sieht also so aus, als ob 2023 eher am unteren Ende der Norm liegt&#8220;, sagte er und wies darauf hin, dass bis zum Ende des Jahres noch weitere Aktivit\u00e4t m\u00f6glich sei. Venzke f\u00fcgte hinzu, dass die historischen Durchschnittswerte den technischen Fortschritt und die bessere Berichterstattung nicht ber\u00fccksichtigen.<\/p>\n<p>Das GVP erkl\u00e4rt auf seiner Website, dass der seit den 1990er-Jahren beobachtete <a href=\"https:\/\/perma.cc\/AYJ5-QH9H\" shape=\"rect\">Anstieg der Aktivit\u00e4t<\/a> auf &#8222;neue Meldeeffekte&#8220; zur\u00fcckzuf\u00fchren ist, etwa Internetzugang und verst\u00e4rkten Einsatz von Fernerkundungssatellitendaten.<\/p>\n<p><b>L\u00e4ndervergleiche<\/b><\/p>\n<p>Der mexikanische Vulkan <a href=\"https:\/\/web.archive.org\/web\/20231129102451\/https:\/\/www.nesdis.noaa.gov\/news\/popocatepetl-volcano-erupts-mexico\" shape=\"rect\">Popocatepetl<\/a> \u2014 dessen Aktivit\u00e4t Mitte November 2023 leicht <a href=\"https:\/\/perma.cc\/WN5W-CJBB\" shape=\"rect\">zunahm<\/a> \u2014 hat nach einem jahrzehntelangen Dornr\u00f6schenschlaf verschiedene <a href=\"https:\/\/perma.cc\/6XEN-9X8Q\" shape=\"rect\">Aktivit\u00e4tsphasen<\/a> erlebt.<\/p>\n<p>&#8222;Seit seinem Erwachen im Dezember 1994 hat der Popocatepetl ein breites Spektrum an eruptiven Aktivit\u00e4ten gezeigt, von kleinen Gas- und Ascheemissionen bis hin zu strombolianischen und vulkanischen Ausbr\u00fcchen&#8220;, erkl\u00e4rte <a href=\"https:\/\/perma.cc\/4JJN-DBMU\" shape=\"rect\">Alejandra Arciniega Ceballos<\/a>, Vulkanologin an der Nationalen Autonomen Universit\u00e4t von Mexiko, bereits zu einem fr\u00fcheren Zeitpunkt <a href=\"https:\/\/factcheck.afp.com\/doc.afp.com.343X3AP\" shape=\"rect\">gegen\u00fcber AFP<\/a>. Er bezog sich dabei auf unterschiedliche Eruptionstypen, die sich unter anderem in Explosivit\u00e4t und Flussgeschwindigkeit der Lava unterscheiden.<\/p>\n<div class=\"g2image\">\n<figure><img src=\"https:\/\/belux-edmo.s3-accelerate.amazonaws.com\/wp-content\/uploads\/2023\/12\/3dd476ffadcbc96443ceb7a631e9d2b399350b27-ipad.jpg\" \/><figcaption>Asche- und Rauchwolken des Vulkans Popocatepetl am 18. Oktober 2023 von der Gemeinde Huejotzingo im mexikanischen Bundesstaat Puebla aus gesehen &#8211; ALFREDO ESTRELLA \/ AFP<\/figcaption><\/figure>\n<\/div>\n<p>Auch der <a href=\"https:\/\/web.archive.org\/web\/20231129102653\/https:\/\/volcano.si.edu\/volcano.cfm?vn=273030\" shape=\"rect\">Mount Mayon<\/a> auf den Philippinen bricht seit <a href=\"https:\/\/web.archive.org\/web\/20231129102704\/https:\/\/www.france24.com\/en\/live-news\/20230611-thousands-evacuated-as-philippine-volcano-spews-ash-rocks\" shape=\"rect\">Monaten<\/a> aus.<\/p>\n<p>Auf der <a href=\"https:\/\/web.archive.org\/web\/20231129102826\/https:\/\/volcano.si.edu\/volcanolist_countries.cfm?country=Iceland\" shape=\"rect\">isl\u00e4ndischen<\/a> Halbinsel Reykjanes kam es seit 2021 zu drei Ausbr\u00fcchen, nachdem die Region jahrzehntelang inaktiv war. Sie beheimatet 33 aktive Vulkansysteme \u2014 die h\u00f6chste Zahl in Europa. Nach Ansicht von Vulkanologen k\u00f6nnte die j\u00fcngste starke Aktivit\u00e4t den Beginn einer <a href=\"https:\/\/web.archive.org\/web\/20231129102937\/https:\/\/www.france24.com\/en\/live-news\/20231117-years-of-uncertainty-ahead-for-iceland-volcano-town-1\" shape=\"rect\">neuen \u00c4ra<\/a> andeuten.<\/p>\n<p>Der Vulkanologe und Forscher an der University of California, Berkeley, <a href=\"https:\/\/perma.cc\/WZ4K-B8SY\" shape=\"rect\">Stephen Self<\/a> betonte jedoch, dass nicht alle Vulkanausbr\u00fcche gleich sind. &#8222;Denken Sie daran, dass der n\u00e4chste Ausbruch eines Supervulkans h\u00f6chstwahrscheinlich ein kleiner sein wird, denn Vulkane aller Art haben viel mehr kleine Ausbr\u00fcche als gro\u00dfe&#8220;, sagte er am 15. November 2023 gegen\u00fcber AFP.<\/p>\n<p><strong>Fazit: <\/strong>Weltweit sind aktuell Vulkane aktiv \u2014 doch das ist vollkommen normal. Tats\u00e4chlich k\u00f6nnte 2023 sogar am unteren Ende der typischen Aktivit\u00e4t liegen, sagen Vulkanforscher. Eine in sozialen Medien geteilte Karte zeigt viele unterschiedliche Arten von Aktivit\u00e4t, von kleinen Unruhen \u00fcber Erdbeben bis hin zu aktiven Ausbr\u00fcchen.<\/p>\n","protected":false},"excerpt":{"rendered":"<p>&#8222;Vulkane brechen gleichzeitig in Italien, Island, Japan, Mexiko, Russland, den Philippinen usw. aus. Unten sehen Sie eine Karte der vulkanischen Aktivit\u00e4t von 2013 und 2023. V\u00f6llig normal, oder?&#8220; sagte Internet-Kommentator Kim Dotcom in einem Beitrag vom 14. November 2023, der auf X (ehemals Twitter) ver\u00f6ffentlicht wurde. Der Post erreichte Tausende Interaktionen, bevor er entfernt wurde. \u00c4hnliche Behauptungen verbreiteten sich auch andernorts auf X. <\/p>\n","protected":false},"author":1,"featured_media":301620,"comment_status":"closed","ping_status":"open","sticky":false,"template":"","format":"standard","meta":{"_acf_changed":false,"footnotes":""},"categories":[127,139,136],"tags":[],"class_list":{"0":"post-301645","1":"post","2":"type-post","3":"status-publish","4":"format-standard","5":"has-post-thumbnail","7":"category-fact-check-de","8":"category-gesellschaft-de","9":"category-wissenschaft"},"acf":{"show_metatags":true,"id":"http:\/\/doc.afp.com\/347263Z","authors":"Manon JACOB \/ AFP \u00d6sterreich \/ AFP USA","organization":"AFP","featured_image_copyright":"Fahrzeuge am 13. Nvoember 2023, die w\u00e4hrend der Evakuierung nach dem Erdbeben die Stadt Grindavik im S\u00fcdwesten Islands verlassen - Kjartan TORBJOERNSSON \/ AFP","text_copyright":"\u00a9 AGENCE FRANCE-PRESSE | 2023 | Alle Rechte vorbehalten. Jede Nutzung von AFP-Inhalten auf dieser Website unterliegt den Nutzungsbedingungen auf <a href='https:\/\/www.afp.com\/en\/terms-use' target='_blank'>CGU<\/a>. Durch den Zugriff auf die auf dieser Website verf\u00fcgbaren AFP-Inhalte und\/oder deren Nutzung erkl\u00e4ren Sie sich mit den oben genannten Nutzungsbedingungen einverstanden. Jede Nutzung von AFP-Inhalten erfolgt unter Ihrer alleinigen und vollen Verantwortung.","source":"https:\/\/faktencheck.afp.com\/doc.afp.com.347263Z","fact_checker":"https:\/\/belux.wpengine.com\/wp-content\/uploads\/2021\/12\/afp_logo.png","type":"Closed Event","location":"","start_date":"","start_date_event_begins_at":"","start_date_event_ends_at":"","end_date":"","end_date_event_begins_at":"","end_date_event_ends_at":"","organizer":"","fact_checker_logo_image":false},"yoast_head":"<!-- This site is optimized with the Yoast SEO plugin v27.0 - https:\/\/yoast.com\/product\/yoast-seo-wordpress\/ -->\n<title>Online verbreiten sich Falschinformationen zur weltweiten Vulkanaktivit\u00e4t - EDMO Belux<\/title>\n<meta name=\"robots\" content=\"index, follow, max-snippet:-1, max-image-preview:large, max-video-preview:-1\" \/>\n<link rel=\"canonical\" href=\"https:\/\/belux.edmo.eu\/de\/online-verbreiten-sich-falschinformationen-zur-weltweiten-vulkanaktivitt\/\" \/>\n<meta property=\"og:locale\" content=\"de_DE\" \/>\n<meta property=\"og:type\" content=\"article\" \/>\n<meta property=\"og:title\" content=\"Online verbreiten sich Falschinformationen zur weltweiten Vulkanaktivit\u00e4t - EDMO Belux\" \/>\n<meta property=\"og:description\" content=\"&quot;Vulkane brechen gleichzeitig in Italien, Island, Japan, Mexiko, Russland, den Philippinen usw. aus. Unten sehen Sie eine Karte der vulkanischen Aktivit\u00e4t von 2013 und 2023. V\u00f6llig normal, oder?&quot; sagte Internet-Kommentator Kim Dotcom in einem Beitrag vom 14. November 2023, der auf X (ehemals Twitter) ver\u00f6ffentlicht wurde. Der Post erreichte Tausende Interaktionen, bevor er entfernt wurde. \u00c4hnliche Behauptungen verbreiteten sich auch andernorts auf X.\" \/>\n<meta property=\"og:url\" content=\"https:\/\/belux.edmo.eu\/de\/online-verbreiten-sich-falschinformationen-zur-weltweiten-vulkanaktivitt\/\" \/>\n<meta property=\"og:site_name\" content=\"EDMO Belux\" \/>\n<meta property=\"article:published_time\" content=\"2023-12-05T12:10:52+00:00\" \/>\n<meta property=\"article:modified_time\" content=\"2023-12-05T13:23:22+00:00\" \/>\n<meta property=\"og:image\" content=\"https:\/\/belux-edmo.s3-accelerate.amazonaws.com\/wp-content\/uploads\/2023\/12\/56482d58ebc7cc3448fd23979ef735f5414c2add-ipad.jpg\" \/>\n\t<meta property=\"og:image:width\" content=\"1080\" \/>\n\t<meta property=\"og:image:height\" content=\"720\" \/>\n\t<meta property=\"og:image:type\" content=\"image\/jpeg\" \/>\n<meta name=\"author\" content=\"master\" \/>\n<meta name=\"twitter:card\" content=\"summary_large_image\" \/>\n<meta name=\"twitter:creator\" content=\"@Edmo_Belux\" \/>\n<meta name=\"twitter:site\" content=\"@Edmo_Belux\" \/>\n<meta name=\"twitter:label1\" content=\"Verfasst von\" \/>\n\t<meta name=\"twitter:data1\" content=\"master\" \/>\n\t<meta name=\"twitter:label2\" content=\"Gesch\u00e4tzte Lesezeit\" \/>\n\t<meta name=\"twitter:data2\" content=\"5 Minuten\" \/>\n<script type=\"application\/ld+json\" class=\"yoast-schema-graph\">{\"@context\":\"https:\/\/schema.org\",\"@graph\":[{\"@type\":\"Article\",\"@id\":\"https:\/\/belux.edmo.eu\/de\/online-verbreiten-sich-falschinformationen-zur-weltweiten-vulkanaktivitt\/#article\",\"isPartOf\":{\"@id\":\"https:\/\/belux.edmo.eu\/de\/online-verbreiten-sich-falschinformationen-zur-weltweiten-vulkanaktivitt\/\"},\"author\":{\"name\":\"master\",\"@id\":\"https:\/\/belux.edmo.eu\/#\/schema\/person\/dbe3b252258537fd318f9b5645a30342\"},\"headline\":\"Online verbreiten sich Falschinformationen zur weltweiten Vulkanaktivit\u00e4t\",\"datePublished\":\"2023-12-05T12:10:52+00:00\",\"dateModified\":\"2023-12-05T13:23:22+00:00\",\"mainEntityOfPage\":{\"@id\":\"https:\/\/belux.edmo.eu\/de\/online-verbreiten-sich-falschinformationen-zur-weltweiten-vulkanaktivitt\/\"},\"wordCount\":907,\"publisher\":{\"@id\":\"https:\/\/belux.edmo.eu\/#organization\"},\"image\":{\"@id\":\"https:\/\/belux.edmo.eu\/de\/online-verbreiten-sich-falschinformationen-zur-weltweiten-vulkanaktivitt\/#primaryimage\"},\"thumbnailUrl\":\"https:\/\/belux-edmo.s3-accelerate.amazonaws.com\/wp-content\/uploads\/2023\/12\/56482d58ebc7cc3448fd23979ef735f5414c2add-ipad.jpg\",\"articleSection\":[\"Fact Check\",\"Gesellschaft\",\"Wissenschaft\"],\"inLanguage\":\"de-DE\"},{\"@type\":\"WebPage\",\"@id\":\"https:\/\/belux.edmo.eu\/de\/online-verbreiten-sich-falschinformationen-zur-weltweiten-vulkanaktivitt\/\",\"url\":\"https:\/\/belux.edmo.eu\/de\/online-verbreiten-sich-falschinformationen-zur-weltweiten-vulkanaktivitt\/\",\"name\":\"Online verbreiten sich Falschinformationen zur weltweiten Vulkanaktivit\u00e4t - EDMO Belux\",\"isPartOf\":{\"@id\":\"https:\/\/belux.edmo.eu\/#website\"},\"primaryImageOfPage\":{\"@id\":\"https:\/\/belux.edmo.eu\/de\/online-verbreiten-sich-falschinformationen-zur-weltweiten-vulkanaktivitt\/#primaryimage\"},\"image\":{\"@id\":\"https:\/\/belux.edmo.eu\/de\/online-verbreiten-sich-falschinformationen-zur-weltweiten-vulkanaktivitt\/#primaryimage\"},\"thumbnailUrl\":\"https:\/\/belux-edmo.s3-accelerate.amazonaws.com\/wp-content\/uploads\/2023\/12\/56482d58ebc7cc3448fd23979ef735f5414c2add-ipad.jpg\",\"datePublished\":\"2023-12-05T12:10:52+00:00\",\"dateModified\":\"2023-12-05T13:23:22+00:00\",\"breadcrumb\":{\"@id\":\"https:\/\/belux.edmo.eu\/de\/online-verbreiten-sich-falschinformationen-zur-weltweiten-vulkanaktivitt\/#breadcrumb\"},\"inLanguage\":\"de-DE\",\"potentialAction\":[{\"@type\":\"ReadAction\",\"target\":[\"https:\/\/belux.edmo.eu\/de\/online-verbreiten-sich-falschinformationen-zur-weltweiten-vulkanaktivitt\/\"]}]},{\"@type\":\"ImageObject\",\"inLanguage\":\"de-DE\",\"@id\":\"https:\/\/belux.edmo.eu\/de\/online-verbreiten-sich-falschinformationen-zur-weltweiten-vulkanaktivitt\/#primaryimage\",\"url\":\"https:\/\/belux-edmo.s3-accelerate.amazonaws.com\/wp-content\/uploads\/2023\/12\/56482d58ebc7cc3448fd23979ef735f5414c2add-ipad.jpg\",\"contentUrl\":\"https:\/\/belux-edmo.s3-accelerate.amazonaws.com\/wp-content\/uploads\/2023\/12\/56482d58ebc7cc3448fd23979ef735f5414c2add-ipad.jpg\",\"width\":1080,\"height\":720,\"caption\":\"Online verbreiten sich Falschinformationen zur weltweiten Vulkanaktivit\u00e4t - Featured image\"},{\"@type\":\"BreadcrumbList\",\"@id\":\"https:\/\/belux.edmo.eu\/de\/online-verbreiten-sich-falschinformationen-zur-weltweiten-vulkanaktivitt\/#breadcrumb\",\"itemListElement\":[{\"@type\":\"ListItem\",\"position\":1,\"name\":\"Home\",\"item\":\"https:\/\/belux.edmo.eu\/de\/\"},{\"@type\":\"ListItem\",\"position\":2,\"name\":\"Online verbreiten sich Falschinformationen zur weltweiten Vulkanaktivit\u00e4t\"}]},{\"@type\":\"WebSite\",\"@id\":\"https:\/\/belux.edmo.eu\/#website\",\"url\":\"https:\/\/belux.edmo.eu\/\",\"name\":\"EDMO Belux\",\"description\":\"Monitoring Disinformation in Belgium and Luxembourg\",\"publisher\":{\"@id\":\"https:\/\/belux.edmo.eu\/#organization\"},\"potentialAction\":[{\"@type\":\"SearchAction\",\"target\":{\"@type\":\"EntryPoint\",\"urlTemplate\":\"https:\/\/belux.edmo.eu\/?s={search_term_string}\"},\"query-input\":{\"@type\":\"PropertyValueSpecification\",\"valueRequired\":true,\"valueName\":\"search_term_string\"}}],\"inLanguage\":\"de-DE\"},{\"@type\":\"Organization\",\"@id\":\"https:\/\/belux.edmo.eu\/#organization\",\"name\":\"EDMO Belux\",\"url\":\"https:\/\/belux.edmo.eu\/\",\"logo\":{\"@type\":\"ImageObject\",\"inLanguage\":\"de-DE\",\"@id\":\"https:\/\/belux.edmo.eu\/#\/schema\/logo\/image\/\",\"url\":\"https:\/\/belux.edmo.eu\/wp-content\/uploads\/2021\/12\/belux-logo-full-color-rgb.svg\",\"contentUrl\":\"https:\/\/belux.edmo.eu\/wp-content\/uploads\/2021\/12\/belux-logo-full-color-rgb.svg\",\"width\":1,\"height\":1,\"caption\":\"EDMO Belux\"},\"image\":{\"@id\":\"https:\/\/belux.edmo.eu\/#\/schema\/logo\/image\/\"},\"sameAs\":[\"https:\/\/x.com\/Edmo_Belux\"]},{\"@type\":\"Person\",\"@id\":\"https:\/\/belux.edmo.eu\/#\/schema\/person\/dbe3b252258537fd318f9b5645a30342\",\"name\":\"master\",\"sameAs\":[\"https:\/\/belux.wpengine.com\"],\"url\":\"https:\/\/belux.edmo.eu\/de\/author\/master\/\"}]}<\/script>\n<!-- \/ Yoast SEO plugin. -->","yoast_head_json":{"title":"Online verbreiten sich Falschinformationen zur weltweiten Vulkanaktivit\u00e4t - EDMO Belux","robots":{"index":"index","follow":"follow","max-snippet":"max-snippet:-1","max-image-preview":"max-image-preview:large","max-video-preview":"max-video-preview:-1"},"canonical":"https:\/\/belux.edmo.eu\/de\/online-verbreiten-sich-falschinformationen-zur-weltweiten-vulkanaktivitt\/","og_locale":"de_DE","og_type":"article","og_title":"Online verbreiten sich Falschinformationen zur weltweiten Vulkanaktivit\u00e4t - EDMO Belux","og_description":"\"Vulkane brechen gleichzeitig in Italien, Island, Japan, Mexiko, Russland, den Philippinen usw. aus. Unten sehen Sie eine Karte der vulkanischen Aktivit\u00e4t von 2013 und 2023. V\u00f6llig normal, oder?\" sagte Internet-Kommentator Kim Dotcom in einem Beitrag vom 14. November 2023, der auf X (ehemals Twitter) ver\u00f6ffentlicht wurde. Der Post erreichte Tausende Interaktionen, bevor er entfernt wurde. \u00c4hnliche Behauptungen verbreiteten sich auch andernorts auf X.","og_url":"https:\/\/belux.edmo.eu\/de\/online-verbreiten-sich-falschinformationen-zur-weltweiten-vulkanaktivitt\/","og_site_name":"EDMO Belux","article_published_time":"2023-12-05T12:10:52+00:00","article_modified_time":"2023-12-05T13:23:22+00:00","og_image":[{"width":1080,"height":720,"url":"https:\/\/belux-edmo.s3-accelerate.amazonaws.com\/wp-content\/uploads\/2023\/12\/56482d58ebc7cc3448fd23979ef735f5414c2add-ipad.jpg","type":"image\/jpeg"}],"author":"master","twitter_card":"summary_large_image","twitter_creator":"@Edmo_Belux","twitter_site":"@Edmo_Belux","twitter_misc":{"Verfasst von":"master","Gesch\u00e4tzte Lesezeit":"5 Minuten"},"schema":{"@context":"https:\/\/schema.org","@graph":[{"@type":"Article","@id":"https:\/\/belux.edmo.eu\/de\/online-verbreiten-sich-falschinformationen-zur-weltweiten-vulkanaktivitt\/#article","isPartOf":{"@id":"https:\/\/belux.edmo.eu\/de\/online-verbreiten-sich-falschinformationen-zur-weltweiten-vulkanaktivitt\/"},"author":{"name":"master","@id":"https:\/\/belux.edmo.eu\/#\/schema\/person\/dbe3b252258537fd318f9b5645a30342"},"headline":"Online verbreiten sich Falschinformationen zur weltweiten Vulkanaktivit\u00e4t","datePublished":"2023-12-05T12:10:52+00:00","dateModified":"2023-12-05T13:23:22+00:00","mainEntityOfPage":{"@id":"https:\/\/belux.edmo.eu\/de\/online-verbreiten-sich-falschinformationen-zur-weltweiten-vulkanaktivitt\/"},"wordCount":907,"publisher":{"@id":"https:\/\/belux.edmo.eu\/#organization"},"image":{"@id":"https:\/\/belux.edmo.eu\/de\/online-verbreiten-sich-falschinformationen-zur-weltweiten-vulkanaktivitt\/#primaryimage"},"thumbnailUrl":"https:\/\/belux-edmo.s3-accelerate.amazonaws.com\/wp-content\/uploads\/2023\/12\/56482d58ebc7cc3448fd23979ef735f5414c2add-ipad.jpg","articleSection":["Fact Check","Gesellschaft","Wissenschaft"],"inLanguage":"de-DE"},{"@type":"WebPage","@id":"https:\/\/belux.edmo.eu\/de\/online-verbreiten-sich-falschinformationen-zur-weltweiten-vulkanaktivitt\/","url":"https:\/\/belux.edmo.eu\/de\/online-verbreiten-sich-falschinformationen-zur-weltweiten-vulkanaktivitt\/","name":"Online verbreiten sich Falschinformationen zur weltweiten Vulkanaktivit\u00e4t - EDMO Belux","isPartOf":{"@id":"https:\/\/belux.edmo.eu\/#website"},"primaryImageOfPage":{"@id":"https:\/\/belux.edmo.eu\/de\/online-verbreiten-sich-falschinformationen-zur-weltweiten-vulkanaktivitt\/#primaryimage"},"image":{"@id":"https:\/\/belux.edmo.eu\/de\/online-verbreiten-sich-falschinformationen-zur-weltweiten-vulkanaktivitt\/#primaryimage"},"thumbnailUrl":"https:\/\/belux-edmo.s3-accelerate.amazonaws.com\/wp-content\/uploads\/2023\/12\/56482d58ebc7cc3448fd23979ef735f5414c2add-ipad.jpg","datePublished":"2023-12-05T12:10:52+00:00","dateModified":"2023-12-05T13:23:22+00:00","breadcrumb":{"@id":"https:\/\/belux.edmo.eu\/de\/online-verbreiten-sich-falschinformationen-zur-weltweiten-vulkanaktivitt\/#breadcrumb"},"inLanguage":"de-DE","potentialAction":[{"@type":"ReadAction","target":["https:\/\/belux.edmo.eu\/de\/online-verbreiten-sich-falschinformationen-zur-weltweiten-vulkanaktivitt\/"]}]},{"@type":"ImageObject","inLanguage":"de-DE","@id":"https:\/\/belux.edmo.eu\/de\/online-verbreiten-sich-falschinformationen-zur-weltweiten-vulkanaktivitt\/#primaryimage","url":"https:\/\/belux-edmo.s3-accelerate.amazonaws.com\/wp-content\/uploads\/2023\/12\/56482d58ebc7cc3448fd23979ef735f5414c2add-ipad.jpg","contentUrl":"https:\/\/belux-edmo.s3-accelerate.amazonaws.com\/wp-content\/uploads\/2023\/12\/56482d58ebc7cc3448fd23979ef735f5414c2add-ipad.jpg","width":1080,"height":720,"caption":"Online verbreiten sich Falschinformationen zur weltweiten Vulkanaktivit\u00e4t - Featured image"},{"@type":"BreadcrumbList","@id":"https:\/\/belux.edmo.eu\/de\/online-verbreiten-sich-falschinformationen-zur-weltweiten-vulkanaktivitt\/#breadcrumb","itemListElement":[{"@type":"ListItem","position":1,"name":"Home","item":"https:\/\/belux.edmo.eu\/de\/"},{"@type":"ListItem","position":2,"name":"Online verbreiten sich Falschinformationen zur weltweiten Vulkanaktivit\u00e4t"}]},{"@type":"WebSite","@id":"https:\/\/belux.edmo.eu\/#website","url":"https:\/\/belux.edmo.eu\/","name":"EDMO Belux","description":"Monitoring Disinformation in Belgium and Luxembourg","publisher":{"@id":"https:\/\/belux.edmo.eu\/#organization"},"potentialAction":[{"@type":"SearchAction","target":{"@type":"EntryPoint","urlTemplate":"https:\/\/belux.edmo.eu\/?s={search_term_string}"},"query-input":{"@type":"PropertyValueSpecification","valueRequired":true,"valueName":"search_term_string"}}],"inLanguage":"de-DE"},{"@type":"Organization","@id":"https:\/\/belux.edmo.eu\/#organization","name":"EDMO Belux","url":"https:\/\/belux.edmo.eu\/","logo":{"@type":"ImageObject","inLanguage":"de-DE","@id":"https:\/\/belux.edmo.eu\/#\/schema\/logo\/image\/","url":"https:\/\/belux.edmo.eu\/wp-content\/uploads\/2021\/12\/belux-logo-full-color-rgb.svg","contentUrl":"https:\/\/belux.edmo.eu\/wp-content\/uploads\/2021\/12\/belux-logo-full-color-rgb.svg","width":1,"height":1,"caption":"EDMO Belux"},"image":{"@id":"https:\/\/belux.edmo.eu\/#\/schema\/logo\/image\/"},"sameAs":["https:\/\/x.com\/Edmo_Belux"]},{"@type":"Person","@id":"https:\/\/belux.edmo.eu\/#\/schema\/person\/dbe3b252258537fd318f9b5645a30342","name":"master","sameAs":["https:\/\/belux.wpengine.com"],"url":"https:\/\/belux.edmo.eu\/de\/author\/master\/"}]}},"menu_order":0,"_links":{"self":[{"href":"https:\/\/belux.edmo.eu\/de\/wp-json\/wp\/v2\/posts\/301645","targetHints":{"allow":["GET"]}}],"collection":[{"href":"https:\/\/belux.edmo.eu\/de\/wp-json\/wp\/v2\/posts"}],"about":[{"href":"https:\/\/belux.edmo.eu\/de\/wp-json\/wp\/v2\/types\/post"}],"author":[{"embeddable":true,"href":"https:\/\/belux.edmo.eu\/de\/wp-json\/wp\/v2\/users\/1"}],"replies":[{"embeddable":true,"href":"https:\/\/belux.edmo.eu\/de\/wp-json\/wp\/v2\/comments?post=301645"}],"version-history":[{"count":0,"href":"https:\/\/belux.edmo.eu\/de\/wp-json\/wp\/v2\/posts\/301645\/revisions"}],"wp:featuredmedia":[{"embeddable":true,"href":"https:\/\/belux.edmo.eu\/de\/wp-json\/wp\/v2\/media\/301620"}],"wp:attachment":[{"href":"https:\/\/belux.edmo.eu\/de\/wp-json\/wp\/v2\/media?parent=301645"}],"wp:term":[{"taxonomy":"category","embeddable":true,"href":"https:\/\/belux.edmo.eu\/de\/wp-json\/wp\/v2\/categories?post=301645"},{"taxonomy":"post_tag","embeddable":true,"href":"https:\/\/belux.edmo.eu\/de\/wp-json\/wp\/v2\/tags?post=301645"}],"curies":[{"name":"wp","href":"https:\/\/api.w.org\/{rel}","templated":true}]}}