{"id":302533,"date":"2023-12-11T11:41:41","date_gmt":"2023-12-11T11:41:41","guid":{"rendered":"https:\/\/belux.edmo.eu\/?p=302533"},"modified":"2023-12-11T13:50:13","modified_gmt":"2023-12-11T13:50:13","slug":"pseudoreligise-bewegung-verbreitet-falsche-behauptungen-ber-polarlichter","status":"publish","type":"post","link":"https:\/\/belux.edmo.eu\/de\/pseudoreligise-bewegung-verbreitet-falsche-behauptungen-ber-polarlichter\/","title":{"rendered":"Pseudoreligi\u00f6se Bewegung verbreitet falsche Behauptungen \u00fcber Polarlichter"},"content":{"rendered":"<p><b>Anfang November 2023 wurde der Nachthimmel \u00fcber Mitteleuropa von einem roten und violetten Polarlicht erhellt, das in diesen Breitengraden sonst selten ist. Dies ist ein nat\u00fcrliches Ph\u00e4nomen, das keine Gefahr f\u00fcr die menschliche Gesundheit darstellt. Tausende Nutzerinnen und Nutzer\u00a0 sozialer Medien teilten jedoch Beitr\u00e4ge, in denen f\u00e4lschlich behauptet wird, die roten Farbt\u00f6ne w\u00fcrden bedeuten, dass Sauerstoff in der Atmosph\u00e4re verbrannt w\u00fcrde, dass eine Gefahr f\u00fcr Flugzeuge best\u00fcnde oder dass es sogar ein &#8222;Zeichen f\u00fcr den bevorstehenden Untergang des Planeten&#8220; sei. Nichts davon ist wahr, wie Wissenschaftler gegen\u00fcber AFP erkl\u00e4rten. Es sei zwar selten, dass ein Polarlicht mit solch dramatischer F\u00e4rbung so weit s\u00fcdlich der Polarregionen zu sehen sei, doch bestehe keine Gefahr f\u00fcr den Menschen, so die Wissenschaftler.<\/b><\/p>\n<p>Die falschen Beitr\u00e4ge zu diesem Thema, die auf Slowakisch geteilt wurden, stammen von Konten, die mit einer Gruppe namens Tvoriv\u00e1 spole\u010dnost \u2014 Kreative Gesellschaft \u2014 verbunden sind, deren Inhalte AFP schon in der Vergangenheit wegen der Verbreitung von <a href=\"https:\/\/fakty.afp.com\/doc.afp.com.32N47NA\" shape=\"rect\">Fehlinformationen \u00fcber den Klimawandel<\/a> unter die Lupe genommen hat. Es handelt sich dabei um eine Organisation, die mit der ukrainischen pseudoreligi\u00f6sen Bewegung AllatRa in Verbindung steht. Sie wird von den ukrainischen Geheimdiensten beschuldigt, kremlfreundliche Narrative zu verbreiten. Die Anf\u00fchrer der Bewegung werden strafrechtlich verfolgt. Auch <a href=\"https:\/\/web.archive.org\/web\/20231207104024\/https:\/\/www.facebook.com\/creativesociety.de\" shape=\"rect\">auf Deutsch<\/a> ist die Kreative Gesellschaft auf Facebook aktiv und hat dort mehr als 13.000 Follower.<\/p>\n<p>Anfang November 2023 erschien \u00fcber der <a href=\"https:\/\/perma.cc\/A6WR-NJ86\" shape=\"rect\">Slowakei<\/a>, <a href=\"https:\/\/web.archive.org\/web\/20231207104529\/https:\/\/futurezone.at\/science\/polarlichter-oesterreich-aurora-sonnensturm-november-dezember-2023\/402690208\" shape=\"rect\">Mitteleuropa<\/a> und auch anderen L\u00e4ndern der n\u00f6rdlichen Hemisph\u00e4re wie etwa <a href=\"https:\/\/perma.cc\/V37M-8MNR\" shape=\"rect\">Gro\u00dfbritannien<\/a> und den <a href=\"https:\/\/perma.cc\/5LP4-6LHT\" shape=\"rect\">Vereinigten Staaten<\/a> ein leuchtend rotes Polarlicht \u2014 ein seltenes Ph\u00e4nomen, das normalerweise nicht so weit vom Polarkreis entfernt zu sehen ist.<\/p>\n<p>AFP hat die Polarlichter, auch Aurora genannt, \u00fcber der Ukraine eingefangen:<\/p>\n<div class=\"g2web\" style=\"text-align: center;\"><iframe title=\"YouTube video player\" src=\"https:\/\/www.youtube.com\/embed\/BQspyniqoWM?si=V7Ndj673slgjQufj\" width=\"560\" height=\"315\" frameborder=\"0\" scrolling=\"auto\" allowfullscreen=\"allowfullscreen\" data-mce-fragment=\"1\"><\/iframe><\/div>\n<p>Einer der meistverbreiteten slowakischen Posts, demzufolge das Polarlicht gef\u00e4hrlich sein soll, wurde am 6. November 2023 von der Facebook-Seite &#8222;Tvoriv\u00e1 spole\u010dnost \u2013 Bratislava&#8220; (Kreative Gesellschaft \u2013 Bratislava) <a href=\"https:\/\/perma.cc\/59F9-MHWH\" shape=\"rect\">geteilt<\/a>. Er wurde von mehr als 1700 Nutzern verbreitet und lautete: &#8222;Es ist sch\u00f6n, wenn es gr\u00fcn ist und wenn es im Norden ist. Aber das rote Polarlicht ist ein Problem.&#8220;<\/p>\n<p>&#8222;Die rote Farbe bedeutet, dass die eindringende Strahlung so stark ist, dass sie den Sauerstoff in der Atmosph\u00e4re verbrennt, was dem Polarlicht einen roten Farbton verleiht&#8220; und dass es &#8222;gro\u00dfe Mengen an Sauerstoff verbrennt, den wir einatmen&#8220;, hei\u00dft es in dem Beitrag weiter.<\/p>\n<div class=\"g2image\">\n<figure><img src=\"https:\/\/belux-edmo.s3-accelerate.amazonaws.com\/wp-content\/uploads\/2023\/12\/df1adcd3ffdf27b36e6641778f38210181f2e4fd-ipad.jpg\" \/><figcaption>Screenshot der Behauptung von Facebook: 9. November 2023<\/figcaption><\/figure>\n<\/div>\n<p>In dem Facebook-Post hei\u00dft es auch, dass &#8222;kosmische Strahlen bis zum Kern des Planeten vordringen&#8220; und dass sie &#8222;eine erh\u00f6hte Gefahr f\u00fcr den Flugverkehr darstellen&#8220;.<\/p>\n<p>Die gleichen Inhalte wurden auf den <a href=\"https:\/\/perma.cc\/7H5B-2UTZ?type=image\" shape=\"rect\">Instagram<\/a>&#8211; und <a href=\"https:\/\/perma.cc\/5VJM-K9RE\" shape=\"rect\">Telegram<\/a>-Kan\u00e4len der Kreativen Gesellschaft geteilt. \u00c4hnliche Beitr\u00e4ge wurden auch \u00fcber pers\u00f6nliche Konten auf Social-Media-Plattformen verbreitet, die ihre Zugeh\u00f6rigkeit zur Kreativen Gesellschaft-Bewegung deutlich machen und deren Inhalte regelm\u00e4\u00dfig teilen (<a href=\"https:\/\/perma.cc\/N72F-B5UH\" shape=\"rect\">hier<\/a>, <a href=\"https:\/\/perma.cc\/5ZE3-KN4D\" shape=\"rect\">hier<\/a> und <a href=\"https:\/\/perma.cc\/VED2-YQ42?type=image\" shape=\"rect\">hier<\/a>).<\/p>\n<p>Diese Behauptungen sind jedoch falsch.<\/p>\n<p>Experten, die AFP dazu befragte, best\u00e4tigten, dass das Polarlicht f\u00fcr die menschliche Gesundheit nicht gef\u00e4hrlich ist und trotz seiner roten Farbe nicht den f\u00fcr das Leben notwendigen Sauerstoff verbrennt. Das Ph\u00e4nomen trete so hoch in der Atmosph\u00e4re auf, dass es keine nachweisbaren Auswirkungen auf den Menschen habe, sagten die Experten.<\/p>\n<p>Auch die slowakische Polizei hat diese Behauptungen auf ihrer Seite \u00fcber Falschmeldungen und Betrug <a href=\"https:\/\/perma.cc\/MW2Z-UJ4N?type=image\" shape=\"rect\">widerlegt<\/a>.<\/p>\n<p><b>Sonnenteilchen interagieren mit der Atmosph\u00e4re\u00a0<\/b><\/p>\n<p>Polarlichter <a href=\"https:\/\/web.archive.org\/web\/20231207105523\/https:\/\/www.geo.de\/geolino\/natur-und-umwelt\/1186-rtkl-interview-wie-polarlichter-entstehen\" shape=\"rect\">entstehen<\/a>, wenn energiereiche, geladene Teilchen von der Sonne in Form von <a href=\"https:\/\/web.archive.org\/web\/20231207105738\/https:\/\/www.oeaw.ac.at\/iwf\/forschung\/forschungsgruppen\/weltraumplasmaphysik\/sonnenwind-magnetosphaeren\" shape=\"rect\">Sonnenwind<\/a> die Erde erreichen und mit Gasmolek\u00fclen in der oberen Atmosph\u00e4re wechselwirken.<\/p>\n<p>Wenn die Partikel auf die Erde zufliegen, <a href=\"https:\/\/perma.cc\/UL5V-HB6M\" shape=\"rect\">treffen<\/a> sie auf den Rand der Magnetosph\u00e4re \u2014 des Magnetfeldes des Planeten \u2014 die sie normalerweise zu den Polen lenkt. Dort interagieren sie mit der Erdatmosph\u00e4re und strahlen Licht aus. Dabei entsteht Strahlung verschiedener Wellenl\u00e4ngen, die die Farben des Polarlichts erzeugt.<\/p>\n<p>Die Wechselwirkung tritt zwischen 80 und 250 Kilometer \u00fcber der Erdoberfl\u00e4che auf, am h\u00e4ufigsten um die Arktis und den Polarkreis. Starke Sonnenaktivit\u00e4t kann jedoch dazu f\u00fchren, dass sich das Polarlicht bis in mittlere Breiten ausbreitet. Mitteleuropa und damit auch Deutschland, \u00d6sterreich und die Slowakei, befindet sich in diesen mittleren Breiten.<\/p>\n<p>&#8222;Auroras am slowakischen Himmel sind sehr selten, aber sie kommen vor&#8220;, sagte der Physiker <a href=\"https:\/\/perma.cc\/37SS-HKSL\" shape=\"rect\">J\u00e1n Kuban\u010d\u00e1k<\/a> in einem <a href=\"https:\/\/perma.cc\/7TY9-Q5DB\" shape=\"rect\">Artikel<\/a>, der am 8. November 2023 auf der Website der Slowakischen Akademie der Wissenschaften ver\u00f6ffentlicht wurde.<\/p>\n<p>Die Himmelserscheinung vom 5. November 2023 wurde durch einen Auswurf von Sonnenplasma aus der <a href=\"https:\/\/www.mpifr-bonn.mpg.de\/412899\/christian_bruns\" shape=\"rect\">Sonnenkorona<\/a> verursacht, was als koronaler Massenauswurf (Coronal Mass Ejection, CME) bezeichnet wird und etwas fr\u00fcher am Tag auftrat, so Kuban\u010d\u00e1k. Dieses Ph\u00e4nomen wurde auch mit dem Neutronenmonitor des Lomnicky Peak Observatory <a href=\"https:\/\/perma.cc\/B86H-KUQZ\" shape=\"rect\">gemessen<\/a>.<\/p>\n<div class=\"g2web\" style=\"text-align: center;\"><iframe style=\"border: none; overflow: hidden;\" src=\"https:\/\/www.facebook.com\/plugins\/post.php?href=https%3A%2F%2Fwww.facebook.com%2Fshmu.sk%2Fposts%2Fpfbid0htyWATJkkbeVjaXMazuDFNvaScQgUSq7YDudWqStCuHmiHq2uYDjCtAQpSi4Rogvl&amp;show_text=true&amp;width=500\" width=\"500\" height=\"664\" frameborder=\"0\" scrolling=\"no\" allowfullscreen=\"allowfullscreen\" data-mce-fragment=\"1\"><\/iframe><\/div>\n<p>&#8222;Das Polarlicht, auch Aurora Borealis oder in s\u00fcdlichen Breiten Aurora Australis genannt, ist ein nat\u00fcrliches Ph\u00e4nomen, das auftritt, wenn hochenergetische Teilchen der kosmischen Strahlung in die obere Atmosph\u00e4re (Thermosph\u00e4re\/Exosph\u00e4re) eindringen&#8220;, erkl\u00e4rt Kuban\u010d\u00e1k in dem Artikel.<\/p>\n<p>Dies f\u00fchrt zu einer Anregung oder Ionisierung der Luftmolek\u00fcle in der Atmosph\u00e4re. &#8222;Das Polarlicht selbst entsteht dann durch die Entanregung und Entionisierung der Luftmolek\u00fcle, und seine Intensit\u00e4t h\u00e4ngt vom Fluss der Teilchen ab, die den Schutzschild des Erdmagnetfeldes \u00fcberwinden konnten&#8220;, hei\u00dft es in dem Text weiter.<\/p>\n<div class=\"g2web\" style=\"text-align: center;\"><iframe title=\"YouTube video player\" src=\"https:\/\/www.youtube.com\/embed\/PgIKsuZ3RZU?si=ZhbAWV6jHDgfcS1x\" width=\"560\" height=\"315\" frameborder=\"0\" scrolling=\"auto\" allowfullscreen=\"allowfullscreen\" data-mce-fragment=\"1\"><\/iframe><\/div>\n<p><a href=\"https:\/\/perma.cc\/C2XE-W78Y\" shape=\"rect\">Samuel Kov\u00e1\u010dik<\/a>, ein slowakischer theoretischer Physiker, der sich in sozialen Medien daf\u00fcr einsetzt, die Wissenschaft\u00a0 allgemeinverst\u00e4ndlich aufzubereiten, erkl\u00e4rte gegen\u00fcber AFP: &#8222;Polarlichter entstehen in der oberen Atmosph\u00e4re, wenn sie mit Teilchen im Sonnenwind wechselwirken. Diese werden durch Magnetfelder in Richtung der Pole gezogen, weshalb wir das Leuchten h\u00e4ufig dort beobachten.&#8220;<\/p>\n<p>Kov\u00e1\u010dik widmete dem Polarlichtph\u00e4nomen im M\u00e4rz 2023 auch eine Folge seines <a href=\"https:\/\/www.youtube.com\/watch?v=tnv3erlUS2Y\" shape=\"rect\">Ved\u00e1tor-Podcasts<\/a> (<a href=\"https:\/\/perma.cc\/V43T-FTQY\" shape=\"rect\">hier<\/a> archiviert).<\/p>\n<p><b>Wie entstehen die verschiedenen Farben?\u00a0<\/b><\/p>\n<p>Die Farbe des Nordlichts h\u00e4ngt von der chemischen Zusammensetzung der Erdatmosph\u00e4re und der H\u00f6he ab, in der die Reaktionen stattfinden.<\/p>\n<p>Die gr\u00fcne <a href=\"https:\/\/perma.cc\/WF6C-HRV2\" shape=\"rect\">Farbe<\/a> wird durch die Kollision von Elektronen mit Sauerstoffatomen in einer H\u00f6he von etwa 100 Kilometer verursacht, wo eine relativ hohe Sauerstoffkonzentration herrscht. In Verbindung mit der erh\u00f6hten F\u00e4higkeit des menschlichen Auges, das gr\u00fcne Farbspektrum zu erkennen, wird klar, warum dies die am h\u00e4ufigsten beobachtete Farbe der Aurora ist.<\/p>\n<p>Laut der <a href=\"https:\/\/perma.cc\/B62V-J9MQ\" shape=\"rect\">kanadischen Weltraumbeh\u00f6rde<\/a> und dem <a href=\"https:\/\/perma.cc\/XRT9-NKE5\" shape=\"rect\">United States National Park Service<\/a> sind Polarlichter in mittleren Breitengraden nur selten zu sehen, aber wenn sie auftreten, dann meist w\u00e4hrend der gr\u00f6\u00dften magnetischen St\u00fcrme \u2014 und die vorherrschende Farbe hier ist rot. Diese F\u00e4rbungen erscheinen in der oberen Atmosph\u00e4re, zwischen 200 und 300 Kilometer \u00fcber der Erdoberfl\u00e4che, wo die Sauerstoffkonzentration geringer ist.<\/p>\n<div class=\"g2image\">\n<figure><img src=\"https:\/\/belux-edmo.s3-accelerate.amazonaws.com\/wp-content\/uploads\/2023\/12\/ccb260720ed8be94c1339daaf2919409a7388374-ipad.jpg\" \/><figcaption>Polarlicht \u00fcber der Stadt Akersberga n\u00f6rdlich von Stockholm am 15. M\u00e4rz 2023 &#8211; Maelle LIONS-GEOLLOT \/ AFP<\/figcaption><\/figure>\n<\/div>\n<p><b>Wissenschaftler: Aurora Borealis stellt keine Gefahr dar\u00a0<\/b><\/p>\n<p>AFP befragte Wissenschaftler des Instituts f\u00fcr Experimentalphysik der Slowakischen Akademie der Wissenschaften direkt zu den Behauptungen, die in den Posts in den sozialen Medien aufgestellt wurden. Sie erkl\u00e4rten die verschiedenen Fehlinformationen in den Posts und sagten, dass das Ph\u00e4nomen im Allgemeinen nicht gef\u00e4hrlich f\u00fcr das Leben auf der Erde sei.<\/p>\n<p><b>Polarlichter verbrennen keinen Sauerstoff<\/b><\/p>\n<p>Kuban\u010d\u00e1k und sein Kollege <a href=\"https:\/\/perma.cc\/D3WZ-2RJW\" shape=\"rect\">\u0160imon Mackovjak<\/a> wiesen am 13. November 2023 gegen\u00fcber AFP die Behauptung zur\u00fcck, der rote Farbton des Polarlichts sei ein Zeichen f\u00fcr die &#8222;Verbrennung&#8220; von Sauerstoff und damit gef\u00e4hrlich f\u00fcr den Menschen. Die Farbe des Leuchtens h\u00e4nge stattdessen mit der Wellenl\u00e4nge der <a href=\"https:\/\/web.archive.org\/web\/20231207111436\/https:\/\/www.chemie.de\/lexikon\/Photon.html\" shape=\"rect\">Photonen<\/a> zusammen, die bei der Reaktion entstehen. Verschiedene Wellenl\u00e4ngen der emittierten Photonen erscheinen in <a href=\"https:\/\/perma.cc\/JZ49-3WHC\" shape=\"rect\">unterschiedlichen Farben<\/a>.<\/p>\n<p>&#8222;Die rote Farbe der Aurora ist auf die Emission von Photonen mit einer Wellenl\u00e4nge von 630 Nanometern (nm) zur\u00fcckzuf\u00fchren, die durch die Anregung von atomarem Sauerstoff erzeugt werden&#8220;, so die Forscher. &#8222;Allein durch die Emission der Photonen verliert der erregte Sauerstoff einen Teil seiner von der kosmischen Strahlung gewonnenen Energie, aber seine Menge \u00e4ndert sich nicht. Dieser ganze Prozess findet in einer H\u00f6he von etwa 200 Kilometern statt.&#8220;<\/p>\n<p>&#8222;Molekularer Sauerstoff (O2), dessen Vorkommen bei uns (bis zu zehn Kilometer) am gr\u00f6\u00dften ist, wird von den Prozessen, die die Entstehung und den Verlauf der Aurora begleiten, in keiner Weise beeinflusst&#8220;, so die Forscher.<\/p>\n<p>&#8222;Nein, das Polarlicht verbrennt nichts, es ist das Licht, das ausgestrahlt wird&#8220;, sagte Samuel Kov\u00e1\u010dik und betonte, dass die energetischen Teilchen nach der Reaktion mit der Atmosph\u00e4re in ihren Grundzustand zur\u00fcckkehren.<\/p>\n<p><b>Keine Gefahr f\u00fcr die Luftfahrt<\/b><\/p>\n<p>Wissenschaftler erkl\u00e4rten gegen\u00fcber AFP auch, dass die Polarlichter selbst keine Gefahr f\u00fcr den Flugverkehr darstellen. &#8222;Nein, kommerzielle Flugzeuge fliegen in etwa 10 Kilometer H\u00f6he, einige Milit\u00e4rflugzeuge fliegen etwas h\u00f6her, aber die Aurora entsteht in 100 bis 300 Kilometer H\u00f6he, also in einem extrem d\u00fcnnen Teil der Atmosph\u00e4re&#8220;, sagte Kov\u00e1\u010dik.<\/p>\n<p>&#8222;Die Aurora selbst stellt keine solche Bedrohung dar&#8220;, so auch Kuban\u010d\u00e1k und Mackovjak. Eine Gefahr k\u00f6nne jedoch von dem erh\u00f6hten Fluss kosmischer Strahlung ausgehen, die als Folge von Sonnenst\u00fcrmen und anschlie\u00dfenden geomagnetischen St\u00fcrmen auf die Erde treffen k\u00f6nne, so die Wissenschaftler.<\/p>\n<p>In der Tat k\u00f6nnen einige extreme F\u00e4lle von <a href=\"https:\/\/perma.cc\/YCM8-LX28\" shape=\"rect\">Weltraumwetter<\/a> weitreichende Folgen haben. Hochenergetische Teilchen, die mit gro\u00dfen Sonneneruptionen oder Sonnenst\u00fcrmen einhergehen, k\u00f6nnen in Ausnahmef\u00e4llen Stromleitungen, Computernetzwerke, GPS oder mobile Kommunikationssysteme <a href=\"https:\/\/perma.cc\/H24N-4QJC\" shape=\"rect\">beeintr\u00e4chtigen<\/a>.<\/p>\n<p>&#8222;Daher kann es im Falle eines massiven Sonnenereignisses zu einer Situation kommen, in der Transatlantikfl\u00fcge \u00fcber die Polarregionen umgeleitet werden oder sogar Flugzeuge auf niedrigeren Flugh\u00f6hen fliegen m\u00fcssen&#8220;, so Kuban\u010d\u00e1k und Mackovjak.<\/p>\n<p><b>Sonnenstrahlung dringt nicht bis in den Erdkern\u00a0<\/b><\/p>\n<p>Die Wissenschaftler wiesen auch die Behauptung zur\u00fcck, dass Polarlicht sei gef\u00e4hrlich, weil &#8222;die kosmische Strahlung bis zum Kern des Planeten vordringt&#8220;, wie es in sozialen Medien hie\u00df.<\/p>\n<p><a href=\"https:\/\/perma.cc\/2HGT-57JT\" shape=\"rect\">Kosmische Strahlung<\/a> stammt von der Sonne, der Milchstra\u00dfe oder, im Falle der energiereichsten Teilchen, sogar von au\u00dferhalb unserer Galaxie. Die von der Sonne <a href=\"https:\/\/perma.cc\/5BEB-PPQ9\" shape=\"rect\">stammenden<\/a> Teilchen, die mit der Erdatmosph\u00e4re interagieren und das Polarlicht erzeugen, stellen <a href=\"https:\/\/web.archive.org\/web\/20231207112644\/https:\/\/www.swpc.noaa.gov\/phenomena\/galactic-cosmic-rays\" shape=\"rect\">keine Gefahr<\/a> f\u00fcr die Menschen dar, aber im seltenen Fall eines Protonensturms k\u00f6nnen sie einige elektrische Systeme <a href=\"https:\/\/perma.cc\/R335-39R8\" shape=\"rect\">besch\u00e4digen<\/a>.<\/p>\n<p>&#8222;Die Erdkruste schirmt alle Teilchen der kosmischen Strahlung wirksam ab&#8220;, so Kuban\u010d\u00e1k und Mackovjak, mit einer Ausnahme: dem <a href=\"https:\/\/perma.cc\/CFB6-UEJS\" shape=\"rect\">Neutrino<\/a>, einem elementaren subatomaren Teilchen ohne elektrische Ladung, das nur minimal mit der Materie wechselwirkt.<\/p>\n<p>&#8222;Neutrinos haben die F\u00e4higkeit, nicht nur in den Erdkern einzudringen, sondern auch aus ihm und der Erdkruste herauszufliegen und ihren Flug weiter ins All fortzusetzen.&#8220;<\/p>\n<p>Wie Kuban\u010d\u00e1k in seinem Artikel erkl\u00e4rte, wirkt das Magnetfeld der Erde wie ein Schutzschild gegen kosmische Strahlung.<\/p>\n<p>Das Feld ist in der N\u00e4he der Pole schw\u00e4cher und in der N\u00e4he des \u00c4quators am st\u00e4rksten. &#8222;Das ist der Grund, warum wir in den n\u00f6rdlichsten und s\u00fcdlichsten Regionen der Erde h\u00e4ufig Polarlichter beobachten k\u00f6nnen und warum Polarlichter in Regionen in den mittleren Breiten der Erde selten sind&#8220;, hei\u00dft es in dem Artikel.<\/p>\n<p>&#8222;Das starke Polarlicht Anfang November (2023, Anm. d. Red.) stand im Zusammenhang mit einer leicht erh\u00f6hten Sonnenaktivit\u00e4t, bei der es st\u00e4rkere Eruptionen als normal gab. Unser Magnetfeld ist zwar ver\u00e4nderlich, aber nicht stark genug, um Unterschiede bei den Polarlichtern zu verursachen&#8220;, so Kov\u00e1\u010dik..<\/p>\n<p><b>Die Kreative Gesellschaft und ihre Verbreitung von Falschinformationen\u00a0<\/b><\/p>\n<p>Die Kreative Gesellschaft, jene Gruppe, welche die alarmistischen Botschaften \u00fcber die roten Polarlichter verbreitete, hat sich laut ihrer Website <a href=\"https:\/\/perma.cc\/7H4R-KP74\" shape=\"rect\">zum Ziel gesetzt<\/a>, &#8222;so schnell wie m\u00f6glich auf legale und friedliche Weise zu einer neuen, kreativen Form der Gesellschaft auf der ganzen Welt \u00fcberzugehen, in der das menschliche Leben den h\u00f6chsten Wert darstellt&#8220;.<\/p>\n<p>Die Website ist in mehr als 50 Sprachen verf\u00fcgbar und in vielen L\u00e4ndern aktiv, wo sie auch \u00fcber Social-Media-Konten auf verschiedenen Plattformen pr\u00e4sent ist.<\/p>\n<p>Sie ist mit der ukrainischen pseudoreligi\u00f6sen Bewegung AllatRa verbunden, deren Anf\u00fchrer und Gr\u00fcnder, Igor Mikhailovich Danilov, h\u00e4ufig in Videos beider Gruppen zu sehen ist (etwa <a href=\"https:\/\/perma.cc\/SH43-6BPJ\" shape=\"rect\">hier<\/a> und <a href=\"https:\/\/perma.cc\/KM56-XZ7S\" shape=\"rect\">hier<\/a>). Im Jahr 2020 erkl\u00e4rte die tschechisch-slowakische Facebook-Seite der Kreativen Gesellschaft in einem ihrer <a href=\"https:\/\/perma.cc\/SG5E-FDNK?type=image\" shape=\"rect\">Posts<\/a> direkt: &#8222;Die Kreative Gesellschaft ist ein globales Projekt der internationalen sozialen Bewegung &#8218;ALLATRA&#8216;, das alle angeht!&#8220;<\/p>\n<p>Die Tatsache, dass die Kreative Gesellschaft mit der AllatRa-Bewegung verbunden ist, wurde bis vor kurzem direkt auf ihrer Website angegeben. Laut <a href=\"https:\/\/perma.cc\/Q6DZ-E8EQ\" shape=\"rect\">archivierten Versionen<\/a> des Datenschutzbereichs war der Eigent\u00fcmer der Website die &#8222;Zivilgesellschaft &#8218;ALLATRA INTERNATIONAL PUBLIC MOVEMENT'&#8220; mit Sitz in der Ukraine. Diese Information wurde jedoch irgendwann zwischen dem <a href=\"https:\/\/web.archive.org\/web\/20230701083917\/https:\/\/creativesociety.com\/privacy-agreement\" shape=\"rect\">1. Juli 2023<\/a> und dem <a href=\"https:\/\/web.archive.org\/web\/20230722131706\/https:\/\/creativesociety.com\/privacy-agreement\" shape=\"rect\">22. Juli 2023<\/a> entfernt, wie aus Aufzeichnungen des Online-Archivierungstools Wayback Machine ersichtlich wird.<\/p>\n<p>Die AllatRa-Bewegung wirbt aktiv f\u00fcr unbegr\u00fcndete Pseudowissenschaft und verbreitet wilde Verschw\u00f6rungserz\u00e4hlungen \u00fcber <a href=\"https:\/\/perma.cc\/LWN4-F28F\" shape=\"rect\">Au\u00dferirdische<\/a> oder <a href=\"https:\/\/perma.cc\/PK5A-RM8Z\" shape=\"rect\">Reptilien<\/a>, die angeblich Teil der geheimen Weltelite sind. Die Bewegung verbreitet falsche Inhalte mit alarmistischen bis <a href=\"https:\/\/perma.cc\/2DHC-2AEK\" shape=\"rect\">apokalyptischen<\/a> Botschaften (auch <a href=\"https:\/\/perma.cc\/2VKM-4EZQ\" shape=\"rect\">hier<\/a> und <a href=\"https:\/\/perma.cc\/V8WD-2SV3\" shape=\"rect\">hier<\/a>). So verk\u00fcndet sie beispielsweise seit langem, dass die Welt im Jahr 2036 untergehen wird. Der Bewegung zufolge k\u00f6nnen Katastrophenszenarien nur durch die &#8222;Einigung der gesamten Menschheit&#8220; verhindert werden.<\/p>\n<p>Sowohl die AllatRa- als auch die Kreative Gesellschaft-Bewegung werden seit langem von dem tschechischen Religionswissenschaftler <a href=\"https:\/\/perma.cc\/3C53-KFC7\" shape=\"rect\">Jakub Ludv\u00edk<\/a> analysiert, der f\u00fcr das Internetportal N\u00e1bo\u017eensk\u00fd Infoservis \u00fcber sie schreibt.<\/p>\n<p>In einem <a href=\"https:\/\/perma.cc\/H7R7-QWCZ\" shape=\"rect\">Interview<\/a> mit dem online Nachrichten-Portal Seznam Zpr\u00e1vy im Dezember 2022 beschrieb Ludv\u00edk, wie die Bewegung dazu beitr\u00e4gt, prorussische Narrative zu verbreiten, und wie sie alle Gesellschaften unter einem Anf\u00fchrer namens Nomo &#8222;vereinen&#8220; will. &#8222;AllatRa zufolge soll diese Vereinigung ihren Ursprung in Russland haben, und der Anf\u00fchrer dieser Vereinigung soll der sogenannte Nomo sein, den die Gemeinschaft meist als Wladimir Putin identifiziert.&#8220;<\/p>\n<p>Im April 2022 berichtete die britische <a href=\"https:\/\/perma.cc\/WR9G-RNRP\" shape=\"rect\">BBC<\/a>, dass das Netzwerk Kreative Gesellschaft falsche Informationen \u00fcber den Klimawandel verbreitete.<\/p>\n<p><b>Ukraine: Bewegung unterst\u00fctzt Russlands Interessen\u00a0<\/b><\/p>\n<p>Die ukrainischen Sicherheitskr\u00e4fte haben die AllatRa-&#8222;Sekte&#8220; k\u00fcrzlich als organisierte kriminelle Gruppe eingestuft und ihre F\u00fchrer beschuldigt, im Interesse Russlands zu handeln. In einer <a href=\"https:\/\/perma.cc\/3CAJ-8V6F\" shape=\"rect\">Pressemitteilung<\/a> der ukrainischen Polizei vom 2. November 2023 hie\u00df es, der ukrainische Geheimdienst SBU habe in Zusammenarbeit mit der Polizei Razzien in den R\u00e4umlichkeiten der Bewegung in Kiew, Lemberg und anderen St\u00e4dten durchgef\u00fchrt und 20 solcher Zellen geschlossen.<\/p>\n<p>&#8222;Mitglieder der Gruppe propagierten \u00f6ffentlich die Ideen der Schaffung einer &#8218;Union slawischer Nationen&#8216;, des &#8218;Friedens um jeden Preis&#8216; und anderer kremlfreundlicher Narrative&#8220;, hei\u00dft es in dem Bericht.<\/p>\n<p>Die ukrainische Polizei sagte au\u00dferdem, dass sie \u00fcber Aufzeichnungen privater Gespr\u00e4che zwischen den F\u00fchrern der Bewegung seit Beginn der russischen Invasion im Februar 2022 verf\u00fcge, in denen sie &#8222;die Notwendigkeit von Raketenangriffen auf Zivilisten und Ziele in der Westukraine er\u00f6rtern, um den ukrainischen milit\u00e4rischen Widerstand zu brechen&#8220;.<\/p>\n<p>Der SBU erkl\u00e4rte in einer Pressemitteilung, dass die <a href=\"https:\/\/web.archive.org\/web\/20231102105158\/https:\/\/ssu.gov.ua\/novyny\/sbu-vykryla-na-antyukrainskii-diialnosti-lideriv-psevdorelihiinoi-sekty-allatra-video\" shape=\"rect\">Ermittlungen<\/a> &#8222;die Fakten \u00fcber die subversiven Aktivit\u00e4ten der AllatRa-Bewegung zugunsten des Aggressorlandes best\u00e4tigt haben&#8220;. Die Anf\u00fchrer der Gruppe sollen sich im Fr\u00fchjahr 2022 illegal ins Ausland begeben haben und &#8222;ihre kriminelle Organisation in der Ukraine w\u00e4hrend ihres Aufenthalts in einem der europ\u00e4ischen L\u00e4nder weitergef\u00fchrt&#8220; haben.<\/p>\n<p>&#8222;Nach Angaben des Geheimdienstes rechtfertigten Mitglieder der religi\u00f6sen Sekte unter dem Deckmantel der &#8218;Missionierung&#8216; die russische Milit\u00e4raggression und warben \u00f6ffentlich f\u00fcr die Idee des Kremls, eine &#8218;Union der slawischen Nationen&#8216; unter Moskaus F\u00fchrung zu schaffen&#8220;, <a href=\"https:\/\/perma.cc\/W2D7-78WQ\" shape=\"rect\">berichtete<\/a> die ukrainische Nachrichtenagentur Interfax.<\/p>\n<p>Ukrainischen Quellen zufolge (<a href=\"https:\/\/web.archive.org\/web\/20231119202734\/https:\/\/www.5.ua\/suspilstvo\/prosuvaly-vorozhi-naratyvy-ta-nazyvaly-putina-spasytelem-pravookhorontsi-likviduvaly-sektu-allatra-siuzhet-316521.html\" shape=\"rect\">hier<\/a> und <a href=\"https:\/\/perma.cc\/MVU8-SGBU\" shape=\"rect\">hier<\/a>) werden die Anf\u00fchrer der Bewegung des Hochverrats, der Bildung einer organisierten kriminellen Vereinigung, der Propaganda f\u00fcr ein kommunistisches totalit\u00e4res Regime und der Rechtfertigung oder Leugnung der bewaffneten Aggression der Russischen F\u00f6deration gegen die Ukraine beschuldigt.<\/p>\n<p><strong>Fazit:<\/strong> Polarlichter sind in unseren Breitengraden zwar selten, kommen aber mitunter vor \u2014 und sind dann h\u00e4ufiger rot als an den Polen. Dabei wird kein Sauerstoff verbrannt und besteht keine Gefahr f\u00fcr Menschen. Auch dringen die Sonnenpartikel nicht bis in den Erdkern vor. Die Behauptung, die auf Facebook geteilt wurde, stammt von der Kreative Gesellschaft-Gruppe, die als kremlnahe und extreme Sekte bekannt ist und schon in der Vergangenheit Falschinformationen verbreitet hat.<\/p>\n","protected":false},"excerpt":{"rendered":"<p>Die falschen Beitr\u00e4ge zu diesem Thema, die auf Slowakisch geteilt wurden, stammen von Konten, die mit einer Gruppe namens Tvoriv\u00e1 spole\u010dnost \u2014 Kreative Gesellschaft \u2014 verbunden sind, deren Inhalte AFP schon in der Vergangenheit wegen der Verbreitung von Fehlinformationen \u00fcber den Klimawandel unter die Lupe genommen hat. Es handelt sich dabei um eine Organisation, die mit der ukrainischen pseudoreligi\u00f6sen Bewegung AllatRa in Verbindung steht. Sie wird von den ukrainischen Geheimdiensten beschuldigt, kremlfreundliche Narrative zu verbreiten. Die Anf\u00fchrer der Bewegung werden strafrechtlich verfolgt. Auch auf Deutsch ist die Kreative Gesellschaft auf Facebook aktiv und hat dort mehr als 13.000 Follower.\u00a0<\/p>\n","protected":false},"author":1,"featured_media":302518,"comment_status":"closed","ping_status":"open","sticky":false,"template":"","format":"standard","meta":{"_acf_changed":false,"footnotes":""},"categories":[127,139,130,128,136],"tags":[],"class_list":{"0":"post-302533","1":"post","2":"type-post","3":"status-publish","4":"format-standard","5":"has-post-thumbnail","7":"category-fact-check-de","8":"category-gesellschaft-de","9":"category-gesundheit","10":"category-umwelt","11":"category-wissenschaft"},"acf":{"show_metatags":true,"id":"http:\/\/doc.afp.com\/347E3JQ","authors":"Robert BARCA \/ AFP \u00d6sterreich \/ AFP Slowakei","organization":"AFP","featured_image_copyright":"","text_copyright":"\u00a9 AGENCE FRANCE-PRESSE | 2023 | Alle Rechte vorbehalten. Jede Nutzung von AFP-Inhalten auf dieser Website unterliegt den Nutzungsbedingungen auf <a href='https:\/\/www.afp.com\/en\/terms-use' target='_blank'>CGU<\/a>. Durch den Zugriff auf die auf dieser Website verf\u00fcgbaren AFP-Inhalte und\/oder deren Nutzung erkl\u00e4ren Sie sich mit den oben genannten Nutzungsbedingungen einverstanden. Jede Nutzung von AFP-Inhalten erfolgt unter Ihrer alleinigen und vollen Verantwortung.","source":"https:\/\/faktencheck.afp.com\/doc.afp.com.347E3JQ","fact_checker":"https:\/\/belux.wpengine.com\/wp-content\/uploads\/2021\/12\/afp_logo.png","type":"Closed Event","location":"","start_date":"","start_date_event_begins_at":"","start_date_event_ends_at":"","end_date":"","end_date_event_begins_at":"","end_date_event_ends_at":"","organizer":"","fact_checker_logo_image":false},"yoast_head":"<!-- This site is optimized with the Yoast SEO plugin v27.0 - https:\/\/yoast.com\/product\/yoast-seo-wordpress\/ -->\n<title>Pseudoreligi\u00f6se Bewegung verbreitet falsche Behauptungen \u00fcber Polarlichter - EDMO Belux<\/title>\n<meta name=\"robots\" content=\"index, follow, max-snippet:-1, max-image-preview:large, max-video-preview:-1\" \/>\n<link rel=\"canonical\" href=\"https:\/\/belux.edmo.eu\/de\/pseudoreligise-bewegung-verbreitet-falsche-behauptungen-ber-polarlichter\/\" \/>\n<meta property=\"og:locale\" content=\"de_DE\" \/>\n<meta property=\"og:type\" content=\"article\" \/>\n<meta property=\"og:title\" content=\"Pseudoreligi\u00f6se Bewegung verbreitet falsche Behauptungen \u00fcber Polarlichter - EDMO Belux\" \/>\n<meta property=\"og:description\" content=\"Die falschen Beitr\u00e4ge zu diesem Thema, die auf Slowakisch geteilt wurden, stammen von Konten, die mit einer Gruppe namens Tvoriv\u00e1 spole\u010dnost \u2014 Kreative Gesellschaft \u2014 verbunden sind, deren Inhalte AFP schon in der Vergangenheit wegen der Verbreitung von Fehlinformationen \u00fcber den Klimawandel unter die Lupe genommen hat. Es handelt sich dabei um eine Organisation, die mit der ukrainischen pseudoreligi\u00f6sen Bewegung AllatRa in Verbindung steht. Sie wird von den ukrainischen Geheimdiensten beschuldigt, kremlfreundliche Narrative zu verbreiten. Die Anf\u00fchrer der Bewegung werden strafrechtlich verfolgt. Auch auf Deutsch ist die Kreative Gesellschaft auf Facebook aktiv und hat dort mehr als 13.000 Follower.\u00a0\" \/>\n<meta property=\"og:url\" content=\"https:\/\/belux.edmo.eu\/de\/pseudoreligise-bewegung-verbreitet-falsche-behauptungen-ber-polarlichter\/\" \/>\n<meta property=\"og:site_name\" content=\"EDMO Belux\" \/>\n<meta property=\"article:published_time\" content=\"2023-12-11T11:41:41+00:00\" \/>\n<meta property=\"article:modified_time\" content=\"2023-12-11T13:50:13+00:00\" \/>\n<meta property=\"og:image\" content=\"https:\/\/belux-edmo.s3-accelerate.amazonaws.com\/wp-content\/uploads\/2023\/12\/8d7ebe709697f42e36903d9c3a4c1bf8f21997b8-ipad.jpg\" \/>\n\t<meta property=\"og:image:width\" content=\"1080\" \/>\n\t<meta property=\"og:image:height\" content=\"540\" \/>\n\t<meta property=\"og:image:type\" content=\"image\/jpeg\" \/>\n<meta name=\"author\" content=\"master\" \/>\n<meta name=\"twitter:card\" content=\"summary_large_image\" \/>\n<meta name=\"twitter:creator\" content=\"@Edmo_Belux\" \/>\n<meta name=\"twitter:site\" content=\"@Edmo_Belux\" \/>\n<meta name=\"twitter:label1\" content=\"Verfasst von\" \/>\n\t<meta name=\"twitter:data1\" content=\"master\" \/>\n\t<meta name=\"twitter:label2\" content=\"Gesch\u00e4tzte Lesezeit\" \/>\n\t<meta name=\"twitter:data2\" content=\"11 Minuten\" \/>\n<script type=\"application\/ld+json\" class=\"yoast-schema-graph\">{\"@context\":\"https:\/\/schema.org\",\"@graph\":[{\"@type\":\"Article\",\"@id\":\"https:\/\/belux.edmo.eu\/de\/pseudoreligise-bewegung-verbreitet-falsche-behauptungen-ber-polarlichter\/#article\",\"isPartOf\":{\"@id\":\"https:\/\/belux.edmo.eu\/de\/pseudoreligise-bewegung-verbreitet-falsche-behauptungen-ber-polarlichter\/\"},\"author\":{\"name\":\"master\",\"@id\":\"https:\/\/belux.edmo.eu\/#\/schema\/person\/dbe3b252258537fd318f9b5645a30342\"},\"headline\":\"Pseudoreligi\u00f6se Bewegung verbreitet falsche Behauptungen \u00fcber Polarlichter\",\"datePublished\":\"2023-12-11T11:41:41+00:00\",\"dateModified\":\"2023-12-11T13:50:13+00:00\",\"mainEntityOfPage\":{\"@id\":\"https:\/\/belux.edmo.eu\/de\/pseudoreligise-bewegung-verbreitet-falsche-behauptungen-ber-polarlichter\/\"},\"wordCount\":2614,\"publisher\":{\"@id\":\"https:\/\/belux.edmo.eu\/#organization\"},\"image\":{\"@id\":\"https:\/\/belux.edmo.eu\/de\/pseudoreligise-bewegung-verbreitet-falsche-behauptungen-ber-polarlichter\/#primaryimage\"},\"thumbnailUrl\":\"https:\/\/belux-edmo.s3-accelerate.amazonaws.com\/wp-content\/uploads\/2023\/12\/8d7ebe709697f42e36903d9c3a4c1bf8f21997b8-ipad.jpg\",\"articleSection\":[\"Fact Check\",\"Gesellschaft\",\"Gesundheit\",\"Umwelt\",\"Wissenschaft\"],\"inLanguage\":\"de-DE\"},{\"@type\":\"WebPage\",\"@id\":\"https:\/\/belux.edmo.eu\/de\/pseudoreligise-bewegung-verbreitet-falsche-behauptungen-ber-polarlichter\/\",\"url\":\"https:\/\/belux.edmo.eu\/de\/pseudoreligise-bewegung-verbreitet-falsche-behauptungen-ber-polarlichter\/\",\"name\":\"Pseudoreligi\u00f6se Bewegung verbreitet falsche Behauptungen \u00fcber Polarlichter - EDMO Belux\",\"isPartOf\":{\"@id\":\"https:\/\/belux.edmo.eu\/#website\"},\"primaryImageOfPage\":{\"@id\":\"https:\/\/belux.edmo.eu\/de\/pseudoreligise-bewegung-verbreitet-falsche-behauptungen-ber-polarlichter\/#primaryimage\"},\"image\":{\"@id\":\"https:\/\/belux.edmo.eu\/de\/pseudoreligise-bewegung-verbreitet-falsche-behauptungen-ber-polarlichter\/#primaryimage\"},\"thumbnailUrl\":\"https:\/\/belux-edmo.s3-accelerate.amazonaws.com\/wp-content\/uploads\/2023\/12\/8d7ebe709697f42e36903d9c3a4c1bf8f21997b8-ipad.jpg\",\"datePublished\":\"2023-12-11T11:41:41+00:00\",\"dateModified\":\"2023-12-11T13:50:13+00:00\",\"breadcrumb\":{\"@id\":\"https:\/\/belux.edmo.eu\/de\/pseudoreligise-bewegung-verbreitet-falsche-behauptungen-ber-polarlichter\/#breadcrumb\"},\"inLanguage\":\"de-DE\",\"potentialAction\":[{\"@type\":\"ReadAction\",\"target\":[\"https:\/\/belux.edmo.eu\/de\/pseudoreligise-bewegung-verbreitet-falsche-behauptungen-ber-polarlichter\/\"]}]},{\"@type\":\"ImageObject\",\"inLanguage\":\"de-DE\",\"@id\":\"https:\/\/belux.edmo.eu\/de\/pseudoreligise-bewegung-verbreitet-falsche-behauptungen-ber-polarlichter\/#primaryimage\",\"url\":\"https:\/\/belux-edmo.s3-accelerate.amazonaws.com\/wp-content\/uploads\/2023\/12\/8d7ebe709697f42e36903d9c3a4c1bf8f21997b8-ipad.jpg\",\"contentUrl\":\"https:\/\/belux-edmo.s3-accelerate.amazonaws.com\/wp-content\/uploads\/2023\/12\/8d7ebe709697f42e36903d9c3a4c1bf8f21997b8-ipad.jpg\",\"width\":1080,\"height\":540,\"caption\":\"Pseudoreligi\u00f6se Bewegung verbreitet falsche Behauptungen \u00fcber Polarlichter - Featured image\"},{\"@type\":\"BreadcrumbList\",\"@id\":\"https:\/\/belux.edmo.eu\/de\/pseudoreligise-bewegung-verbreitet-falsche-behauptungen-ber-polarlichter\/#breadcrumb\",\"itemListElement\":[{\"@type\":\"ListItem\",\"position\":1,\"name\":\"Home\",\"item\":\"https:\/\/belux.edmo.eu\/de\/\"},{\"@type\":\"ListItem\",\"position\":2,\"name\":\"Pseudoreligi\u00f6se Bewegung verbreitet falsche Behauptungen \u00fcber Polarlichter\"}]},{\"@type\":\"WebSite\",\"@id\":\"https:\/\/belux.edmo.eu\/#website\",\"url\":\"https:\/\/belux.edmo.eu\/\",\"name\":\"EDMO Belux\",\"description\":\"Monitoring Disinformation in Belgium and Luxembourg\",\"publisher\":{\"@id\":\"https:\/\/belux.edmo.eu\/#organization\"},\"potentialAction\":[{\"@type\":\"SearchAction\",\"target\":{\"@type\":\"EntryPoint\",\"urlTemplate\":\"https:\/\/belux.edmo.eu\/?s={search_term_string}\"},\"query-input\":{\"@type\":\"PropertyValueSpecification\",\"valueRequired\":true,\"valueName\":\"search_term_string\"}}],\"inLanguage\":\"de-DE\"},{\"@type\":\"Organization\",\"@id\":\"https:\/\/belux.edmo.eu\/#organization\",\"name\":\"EDMO Belux\",\"url\":\"https:\/\/belux.edmo.eu\/\",\"logo\":{\"@type\":\"ImageObject\",\"inLanguage\":\"de-DE\",\"@id\":\"https:\/\/belux.edmo.eu\/#\/schema\/logo\/image\/\",\"url\":\"https:\/\/belux.edmo.eu\/wp-content\/uploads\/2021\/12\/belux-logo-full-color-rgb.svg\",\"contentUrl\":\"https:\/\/belux.edmo.eu\/wp-content\/uploads\/2021\/12\/belux-logo-full-color-rgb.svg\",\"width\":1,\"height\":1,\"caption\":\"EDMO Belux\"},\"image\":{\"@id\":\"https:\/\/belux.edmo.eu\/#\/schema\/logo\/image\/\"},\"sameAs\":[\"https:\/\/x.com\/Edmo_Belux\"]},{\"@type\":\"Person\",\"@id\":\"https:\/\/belux.edmo.eu\/#\/schema\/person\/dbe3b252258537fd318f9b5645a30342\",\"name\":\"master\",\"sameAs\":[\"https:\/\/belux.wpengine.com\"],\"url\":\"https:\/\/belux.edmo.eu\/de\/author\/master\/\"}]}<\/script>\n<!-- \/ Yoast SEO plugin. -->","yoast_head_json":{"title":"Pseudoreligi\u00f6se Bewegung verbreitet falsche Behauptungen \u00fcber Polarlichter - EDMO Belux","robots":{"index":"index","follow":"follow","max-snippet":"max-snippet:-1","max-image-preview":"max-image-preview:large","max-video-preview":"max-video-preview:-1"},"canonical":"https:\/\/belux.edmo.eu\/de\/pseudoreligise-bewegung-verbreitet-falsche-behauptungen-ber-polarlichter\/","og_locale":"de_DE","og_type":"article","og_title":"Pseudoreligi\u00f6se Bewegung verbreitet falsche Behauptungen \u00fcber Polarlichter - EDMO Belux","og_description":"Die falschen Beitr\u00e4ge zu diesem Thema, die auf Slowakisch geteilt wurden, stammen von Konten, die mit einer Gruppe namens Tvoriv\u00e1 spole\u010dnost \u2014 Kreative Gesellschaft \u2014 verbunden sind, deren Inhalte AFP schon in der Vergangenheit wegen der Verbreitung von Fehlinformationen \u00fcber den Klimawandel unter die Lupe genommen hat. Es handelt sich dabei um eine Organisation, die mit der ukrainischen pseudoreligi\u00f6sen Bewegung AllatRa in Verbindung steht. Sie wird von den ukrainischen Geheimdiensten beschuldigt, kremlfreundliche Narrative zu verbreiten. Die Anf\u00fchrer der Bewegung werden strafrechtlich verfolgt. Auch auf Deutsch ist die Kreative Gesellschaft auf Facebook aktiv und hat dort mehr als 13.000 Follower.\u00a0","og_url":"https:\/\/belux.edmo.eu\/de\/pseudoreligise-bewegung-verbreitet-falsche-behauptungen-ber-polarlichter\/","og_site_name":"EDMO Belux","article_published_time":"2023-12-11T11:41:41+00:00","article_modified_time":"2023-12-11T13:50:13+00:00","og_image":[{"width":1080,"height":540,"url":"https:\/\/belux-edmo.s3-accelerate.amazonaws.com\/wp-content\/uploads\/2023\/12\/8d7ebe709697f42e36903d9c3a4c1bf8f21997b8-ipad.jpg","type":"image\/jpeg"}],"author":"master","twitter_card":"summary_large_image","twitter_creator":"@Edmo_Belux","twitter_site":"@Edmo_Belux","twitter_misc":{"Verfasst von":"master","Gesch\u00e4tzte Lesezeit":"11 Minuten"},"schema":{"@context":"https:\/\/schema.org","@graph":[{"@type":"Article","@id":"https:\/\/belux.edmo.eu\/de\/pseudoreligise-bewegung-verbreitet-falsche-behauptungen-ber-polarlichter\/#article","isPartOf":{"@id":"https:\/\/belux.edmo.eu\/de\/pseudoreligise-bewegung-verbreitet-falsche-behauptungen-ber-polarlichter\/"},"author":{"name":"master","@id":"https:\/\/belux.edmo.eu\/#\/schema\/person\/dbe3b252258537fd318f9b5645a30342"},"headline":"Pseudoreligi\u00f6se Bewegung verbreitet falsche Behauptungen \u00fcber Polarlichter","datePublished":"2023-12-11T11:41:41+00:00","dateModified":"2023-12-11T13:50:13+00:00","mainEntityOfPage":{"@id":"https:\/\/belux.edmo.eu\/de\/pseudoreligise-bewegung-verbreitet-falsche-behauptungen-ber-polarlichter\/"},"wordCount":2614,"publisher":{"@id":"https:\/\/belux.edmo.eu\/#organization"},"image":{"@id":"https:\/\/belux.edmo.eu\/de\/pseudoreligise-bewegung-verbreitet-falsche-behauptungen-ber-polarlichter\/#primaryimage"},"thumbnailUrl":"https:\/\/belux-edmo.s3-accelerate.amazonaws.com\/wp-content\/uploads\/2023\/12\/8d7ebe709697f42e36903d9c3a4c1bf8f21997b8-ipad.jpg","articleSection":["Fact Check","Gesellschaft","Gesundheit","Umwelt","Wissenschaft"],"inLanguage":"de-DE"},{"@type":"WebPage","@id":"https:\/\/belux.edmo.eu\/de\/pseudoreligise-bewegung-verbreitet-falsche-behauptungen-ber-polarlichter\/","url":"https:\/\/belux.edmo.eu\/de\/pseudoreligise-bewegung-verbreitet-falsche-behauptungen-ber-polarlichter\/","name":"Pseudoreligi\u00f6se Bewegung verbreitet falsche Behauptungen \u00fcber Polarlichter - EDMO Belux","isPartOf":{"@id":"https:\/\/belux.edmo.eu\/#website"},"primaryImageOfPage":{"@id":"https:\/\/belux.edmo.eu\/de\/pseudoreligise-bewegung-verbreitet-falsche-behauptungen-ber-polarlichter\/#primaryimage"},"image":{"@id":"https:\/\/belux.edmo.eu\/de\/pseudoreligise-bewegung-verbreitet-falsche-behauptungen-ber-polarlichter\/#primaryimage"},"thumbnailUrl":"https:\/\/belux-edmo.s3-accelerate.amazonaws.com\/wp-content\/uploads\/2023\/12\/8d7ebe709697f42e36903d9c3a4c1bf8f21997b8-ipad.jpg","datePublished":"2023-12-11T11:41:41+00:00","dateModified":"2023-12-11T13:50:13+00:00","breadcrumb":{"@id":"https:\/\/belux.edmo.eu\/de\/pseudoreligise-bewegung-verbreitet-falsche-behauptungen-ber-polarlichter\/#breadcrumb"},"inLanguage":"de-DE","potentialAction":[{"@type":"ReadAction","target":["https:\/\/belux.edmo.eu\/de\/pseudoreligise-bewegung-verbreitet-falsche-behauptungen-ber-polarlichter\/"]}]},{"@type":"ImageObject","inLanguage":"de-DE","@id":"https:\/\/belux.edmo.eu\/de\/pseudoreligise-bewegung-verbreitet-falsche-behauptungen-ber-polarlichter\/#primaryimage","url":"https:\/\/belux-edmo.s3-accelerate.amazonaws.com\/wp-content\/uploads\/2023\/12\/8d7ebe709697f42e36903d9c3a4c1bf8f21997b8-ipad.jpg","contentUrl":"https:\/\/belux-edmo.s3-accelerate.amazonaws.com\/wp-content\/uploads\/2023\/12\/8d7ebe709697f42e36903d9c3a4c1bf8f21997b8-ipad.jpg","width":1080,"height":540,"caption":"Pseudoreligi\u00f6se Bewegung verbreitet falsche Behauptungen \u00fcber Polarlichter - Featured image"},{"@type":"BreadcrumbList","@id":"https:\/\/belux.edmo.eu\/de\/pseudoreligise-bewegung-verbreitet-falsche-behauptungen-ber-polarlichter\/#breadcrumb","itemListElement":[{"@type":"ListItem","position":1,"name":"Home","item":"https:\/\/belux.edmo.eu\/de\/"},{"@type":"ListItem","position":2,"name":"Pseudoreligi\u00f6se Bewegung verbreitet falsche Behauptungen \u00fcber Polarlichter"}]},{"@type":"WebSite","@id":"https:\/\/belux.edmo.eu\/#website","url":"https:\/\/belux.edmo.eu\/","name":"EDMO Belux","description":"Monitoring Disinformation in Belgium and Luxembourg","publisher":{"@id":"https:\/\/belux.edmo.eu\/#organization"},"potentialAction":[{"@type":"SearchAction","target":{"@type":"EntryPoint","urlTemplate":"https:\/\/belux.edmo.eu\/?s={search_term_string}"},"query-input":{"@type":"PropertyValueSpecification","valueRequired":true,"valueName":"search_term_string"}}],"inLanguage":"de-DE"},{"@type":"Organization","@id":"https:\/\/belux.edmo.eu\/#organization","name":"EDMO Belux","url":"https:\/\/belux.edmo.eu\/","logo":{"@type":"ImageObject","inLanguage":"de-DE","@id":"https:\/\/belux.edmo.eu\/#\/schema\/logo\/image\/","url":"https:\/\/belux.edmo.eu\/wp-content\/uploads\/2021\/12\/belux-logo-full-color-rgb.svg","contentUrl":"https:\/\/belux.edmo.eu\/wp-content\/uploads\/2021\/12\/belux-logo-full-color-rgb.svg","width":1,"height":1,"caption":"EDMO Belux"},"image":{"@id":"https:\/\/belux.edmo.eu\/#\/schema\/logo\/image\/"},"sameAs":["https:\/\/x.com\/Edmo_Belux"]},{"@type":"Person","@id":"https:\/\/belux.edmo.eu\/#\/schema\/person\/dbe3b252258537fd318f9b5645a30342","name":"master","sameAs":["https:\/\/belux.wpengine.com"],"url":"https:\/\/belux.edmo.eu\/de\/author\/master\/"}]}},"menu_order":0,"_links":{"self":[{"href":"https:\/\/belux.edmo.eu\/de\/wp-json\/wp\/v2\/posts\/302533","targetHints":{"allow":["GET"]}}],"collection":[{"href":"https:\/\/belux.edmo.eu\/de\/wp-json\/wp\/v2\/posts"}],"about":[{"href":"https:\/\/belux.edmo.eu\/de\/wp-json\/wp\/v2\/types\/post"}],"author":[{"embeddable":true,"href":"https:\/\/belux.edmo.eu\/de\/wp-json\/wp\/v2\/users\/1"}],"replies":[{"embeddable":true,"href":"https:\/\/belux.edmo.eu\/de\/wp-json\/wp\/v2\/comments?post=302533"}],"version-history":[{"count":0,"href":"https:\/\/belux.edmo.eu\/de\/wp-json\/wp\/v2\/posts\/302533\/revisions"}],"wp:featuredmedia":[{"embeddable":true,"href":"https:\/\/belux.edmo.eu\/de\/wp-json\/wp\/v2\/media\/302518"}],"wp:attachment":[{"href":"https:\/\/belux.edmo.eu\/de\/wp-json\/wp\/v2\/media?parent=302533"}],"wp:term":[{"taxonomy":"category","embeddable":true,"href":"https:\/\/belux.edmo.eu\/de\/wp-json\/wp\/v2\/categories?post=302533"},{"taxonomy":"post_tag","embeddable":true,"href":"https:\/\/belux.edmo.eu\/de\/wp-json\/wp\/v2\/tags?post=302533"}],"curies":[{"name":"wp","href":"https:\/\/api.w.org\/{rel}","templated":true}]}}