{"id":310116,"date":"2023-12-20T15:43:13","date_gmt":"2023-12-20T15:43:13","guid":{"rendered":"https:\/\/belux.edmo.eu\/?p=310116"},"modified":"2023-12-20T17:21:07","modified_gmt":"2023-12-20T17:21:07","slug":"ki-generiertes-video-nicht-gegen-modegiganten-zara-gerichtet","status":"publish","type":"post","link":"https:\/\/belux.edmo.eu\/de\/ki-generiertes-video-nicht-gegen-modegiganten-zara-gerichtet\/","title":{"rendered":"KI-generiertes Video nicht gegen Modegiganten Zara gerichtet"},"content":{"rendered":"<p><b>Vestiaire Collective, ein franz\u00f6sischer Spezialist f\u00fcr den Wiederverkauf von Luxusartikeln, ver\u00f6ffentlichte im November 2023 ein KI-generiertes Video, um ein Zeichen gegen Fast Fashion zu setzen. Doch das Video wurde in sozialen Netzwerken aus dem Kontext gerissen. Einige Nutzerinnen und Nutzer teilten es f\u00e4lschlicherweise mit der Behauptung, es zeige die Folgen einer pro-pal\u00e4stinensischen Demonstration gegen Zara, nachdem eine Werbekampagne der Modekette in die Kritik geraten war. Das stimmt aber nicht.\u00a0<\/b><\/p>\n<p>&#8222;Nachdem Zara eine respektlose Werbung \u00fcber den Gaza-Konflikt gemacht hat, werfen Amerikaner alle ihre Zara-Kleider vor dem Unternehmen weg&#8220;, schrieb Anastasia Maria Loupis, eine d\u00e4nische \u00c4rztin, die schon <a href=\"https:\/\/factcheck.afp.com\/doc.afp.com.347Q476\" shape=\"rect\">fr\u00fcher Fehlinformationen<\/a> \u00fcber den Krieg zwischen Israel und der Hamas verbreitet hat, in einem <a href=\"https:\/\/perma.cc\/AK9X-TLU4\" shape=\"rect\">Beitrag<\/a> vom 12. Dezember 2023 auf X.<\/p>\n<p><span style=\"list-style-type: none;\">In dem Beitrag wird ein Tiktok-Clip geteilt, der den Times Square mit Kleiderstapeln auf dem Boden zeigen soll.\u00a0<\/span><\/p>\n<p>&nbsp;<\/p>\n<div class=\"g2image\">\n<figure><img src=\"https:\/\/belux-edmo.s3-accelerate.amazonaws.com\/wp-content\/uploads\/2023\/12\/rDTHXhKQ-c50457fb69999db8a3a92059a064044f5fe66d9a-ipad.jpg\" \/><figcaption>Screenshot der Behauptung von X: 13. Dezember 2023<\/figcaption><\/figure>\n<\/div>\n<p>&nbsp;<\/p>\n<p>Die <a href=\"https:\/\/perma.cc\/X9FC-MD8G\" shape=\"rect\">Behauptung<\/a> wurde auch <a href=\"https:\/\/perma.cc\/59J6-UA4B\" shape=\"rect\">anderswo<\/a> in sozialen Netzwerken <a href=\"https:\/\/perma.cc\/59J6-UA4B\" shape=\"rect\">geteilt<\/a> \u2014 unter anderem auf <a href=\"https:\/\/perma.cc\/Z2T4-S5V7\" shape=\"rect\">Thai<\/a>, <a href=\"https:\/\/perma.cc\/E6H3-QLLX\" shape=\"rect\">Spanisch<\/a> und <a href=\"https:\/\/perma.cc\/3L94-T2YU\" shape=\"rect\">Franz\u00f6sisch<\/a> \u2014, nachdem Zara eine Kampagne mit einem Bild <a href=\"https:\/\/web.archive.org\/web\/20231219105751\/https:\/\/www.thecut.com\/2023\/12\/zaras-new-campaign-is-under-fire-for-parallels-to-gaza.html\" shape=\"rect\">ver\u00f6ffentlicht<\/a> hatte, auf dem ein Model anscheinend eine in Plastik eingewickelte Leiche h\u00e4lt.<\/p>\n<p>Zara, Teil des spanischen Unternehmens Inditex, erkl\u00e4rte, dass die Bilder im September 2023 aufgenommen wurden und dass die eingewickelten Figuren unfertige Skulpturen darstellen sollten. Inditex ist der gr\u00f6\u00dfte Modeeinzelh\u00e4ndler der Welt.<\/p>\n<p>&#8222;Leider f\u00fchlten sich einige Kunden durch diese Bilder, die nun entfernt wurden, beleidigt und sahen in ihnen etwas, das weit von dem entfernt war, was bei ihrer Erstellung beabsichtigt war&#8220;, schrieb das Unternehmen in einer am 12. Dezember 2023 ver\u00f6ffentlichten\u00a0<a href=\"https:\/\/perma.cc\/47BY-LDJ6\" shape=\"rect\">Erkl\u00e4rung<\/a>.<\/p>\n<p>Der Einzelh\u00e4ndler\u00a0<a href=\"https:\/\/web.archive.org\/web\/20231219110152\/https:\/\/timesofindia.indiatimes.com\/world\/middle-east\/zara-drops-clothing-ad-after-gaza-war-uproar\/articleshow\/105952758.cms?from=mdr\" shape=\"rect\">stoppte<\/a> die Werbekampagne, nachdem sich Aufrufe zum Boykott und die Online-Wut \u00fcber die \u00c4hnlichkeiten der Bilder mit denen aus dem vom Krieg ersch\u00fctterten Gazastreifen h\u00e4uften.<\/p>\n<p>Die israelischen Angriffe auf das pal\u00e4stinensische Gebiet haben ganze Stadtviertel in Schutt und Asche gelegt und mehr als 19.400 Menschen\u00a0<a href=\"https:\/\/web.archive.org\/web\/20231219110356\/https:\/\/www.theaustralian.com.au\/news\/latest-news\/israel-bombs-gaza-as-rift-with-us-grows\/news-story\/962c26c639df4578af0c2da5f9d1df68\" shape=\"rect\">get\u00f6tet<\/a> \u2014 nach Angaben des Gesundheitsministeriums der Hamas-Regierung rund 70 Prozent davon Frauen, Kinder und Jugendliche.<\/p>\n<p>Israels Luft- und Bodenkampagne im Gazastreifen begann, nachdem militante Hamas-K\u00e4mpfer am 7. Oktober 2023 einen Angriff gestartet hatten, bei dem nach offiziellen israelischen Zahlen rund 1140 Menschen \u2014 vor allem Zivilisten \u2014 get\u00f6tet und etwa 250 als Geiseln genommen wurden.<\/p>\n<p>Israels Bombardierung des Gazastreifens hat die seit langem\u00a0<a href=\"https:\/\/perma.cc\/GW5Z-6H94\" shape=\"rect\">bestehenden<\/a> Aufrufe zum Boykott von Marken, die das Land unterst\u00fctzen, verst\u00e4rkt und pro-pal\u00e4stinensische <a href=\"https:\/\/web.archive.org\/web\/20231213220836\/https:\/\/twitter.com\/AJEnglish\/status\/1734962632220704895?s=20\" shape=\"rect\">Proteste<\/a> in Zara-Filialen ausgel\u00f6st.<\/p>\n<p>Das im Internet kursierende Video zeigt jedoch keine solche Demonstration.<\/p>\n<p>Eine\u00a0<a href=\"https:\/\/www.youtube.com\/watch?v=GBX1N-3GyEI&amp;list=PL_tN7HuGt39pbSAghdwArQ2Ij1oPzJfHo&amp;index=1&amp;pp=iAQB\" shape=\"rect\">Stichwortsuche<\/a> auf Social-Media-Plattformen ergab, dass Vestiaire Collective den Originalclip am 16. November 2023 auf <a href=\"https:\/\/perma.cc\/4MT2-4WJB\" shape=\"rect\">Instagram<\/a> und <a href=\"https:\/\/perma.cc\/6LBU-AQW3\" shape=\"rect\">Tiktok<\/a> ver\u00f6ffentlichte.<\/p>\n<p>&#8222;Angesichts von 92 Millionen Tonnen Textilien, die jedes Jahr auf M\u00fclldeponien landen, ist es jetzt an der Zeit zu handeln. Deshalb verbannen wir ab heute weitere 30 Fast-Fashion-Marken aus dem Vestiaire Collective, darunter Zara, H&amp;M, Gap, Abercrombie &amp; Fitch, Mango, Urban Outfitters und Uniqlo&#8220;, hei\u00dft es in der Bildunterschrift.<\/p>\n<div class=\"g2web\" style=\"text-align: center;\">\n<blockquote class=\"tiktok-embed\" style=\"max-width: 605px; min-width: 325px;\" cite=\"https:\/\/www.tiktok.com\/@vestiairecollective\/video\/7301987999565253920\" data-video-id=\"7301987999565253920\">\n<section><a href=\"https:\/\/www.tiktok.com\/@vestiairecollective?refer=embed\" target=\"_blank\" rel=\"noopener\" shape=\"rect\">@vestiairecollective<\/a> With 92 million tons of textiles sent to landfill every year, now\u2019s the time to act. That\u2019s why, from today, we\u2019re banning another 30 fast fashion brands from Vestiaire Collective, including Zara, H&amp;M, Gap, Abercrombie &amp; Fitch, Mango, Urban Outfitters, and Uniqlo. Ready to join the movement?<br \/>\n<a href=\"https:\/\/www.tiktok.com\/tag\/thinkfirstbuysecond?refer=embed\" target=\"_blank\" rel=\"noopener\" shape=\"rect\">#thinkfirstbuysecond<\/a><a href=\"https:\/\/www.tiktok.com\/music\/original-sound-Vestiaire-Collective-7301988021153418017?refer=embed\" target=\"_blank\" rel=\"noopener\" shape=\"rect\">\u266c original sound &#8211; Vestiaire Collective<\/a><\/section>\n<\/blockquote>\n<p><script async=\"\" src=\"https:\/\/www.tiktok.com\/embed.js\" type=\"text\/javascript\" xml:space=\"preserve\"><\/script><\/p>\n<\/div>\n<p>Die Sprecherin von Vestiaire Collective, <a href=\"https:\/\/www.linkedin.com\/in\/marie-tobaly-792a1281\/\" shape=\"rect\">Marie Tobaly<\/a> (<a href=\"https:\/\/web.archive.org\/web\/20231220143056\/https:\/\/www.linkedin.com\/in\/marie-tobaly-792a1281\/\" shape=\"rect\">hier<\/a> archiviert), teilte AFP in einer E-Mail vom 13. Dezember 2023 mit, dass eine franz\u00f6sische Agentur, die sich auf k\u00fcnstliche Intelligenz spezialisiert hat, das Video erstellte.<\/p>\n<p>Sie sagte, der Clip wurde am 16. November 2023 als Teil einer\u00a0<a href=\"https:\/\/us.vestiairecollective.com\/journal\/think-first-buy-second\/\" shape=\"rect\">Unternehmensinitiative<\/a> gegen Fast Fashion und Abfall ver\u00f6ffentlicht und damit &#8222;fast einen Monat&#8220; vor der Zara-Werbung (<a href=\"https:\/\/perma.cc\/EAR8-5MSD\" shape=\"rect\">hier<\/a> archiviert).<\/p>\n<p><strong>Fazit:<\/strong> Die Zara-Kampagne l\u00f6ste zwar weltweit Kritik und Boykottaufrufe aus, doch zeigt das in sozialen Medien geteilte Video keine Protestaktion gegen den spanischen Einzelh\u00e4ndler. Stattdessen ist es ein KI-generiertes Video, das als Zeichen gegen Fast Fashion ver\u00f6ffentlicht wurde.<\/p>\n","protected":false},"excerpt":{"rendered":"<p>&#8222;Nachdem Zara eine respektlose Werbung \u00fcber den Gaza-Konflikt gemacht hat, werfen Amerikaner alle ihre Zara-Kleider vor dem Unternehmen weg&#8220;, schrieb Anastasia Maria Loupis, eine d\u00e4nische \u00c4rztin, die schon fr\u00fcher Fehlinformationen \u00fcber den Krieg zwischen Israel und der Hamas verbreitet hat, in einem Beitrag vom 12. Dezember 2023 auf X.\u00a0<\/p>\n","protected":false},"author":1,"featured_media":310106,"comment_status":"closed","ping_status":"open","sticky":false,"template":"","format":"standard","meta":{"_acf_changed":false,"footnotes":""},"categories":[127,139,401,133,390,128],"tags":[],"class_list":{"0":"post-310116","1":"post","2":"type-post","3":"status-publish","4":"format-standard","5":"has-post-thumbnail","7":"category-fact-check-de","8":"category-gesellschaft-de","9":"category-naher-osten","10":"category-politics-de","11":"category-technologie","12":"category-umwelt"},"acf":{"show_metatags":true,"id":"http:\/\/doc.afp.com\/348J68J","authors":"AFP USA \/ AFP Deutschland","organization":"AFP","featured_image_copyright":"","text_copyright":"\u00a9 AGENCE FRANCE-PRESSE | 2023 | Alle Rechte vorbehalten. Jede Nutzung von AFP-Inhalten auf dieser Website unterliegt den Nutzungsbedingungen auf <a href='https:\/\/www.afp.com\/en\/terms-use' target='_blank'>CGU<\/a>. Durch den Zugriff auf die auf dieser Website verf\u00fcgbaren AFP-Inhalte und\/oder deren Nutzung erkl\u00e4ren Sie sich mit den oben genannten Nutzungsbedingungen einverstanden. Jede Nutzung von AFP-Inhalten erfolgt unter Ihrer alleinigen und vollen Verantwortung.","source":"https:\/\/faktencheck.afp.com\/doc.afp.com.348J68J","fact_checker":"https:\/\/belux.wpengine.com\/wp-content\/uploads\/2021\/12\/afp_logo.png","type":"Closed Event","location":"","start_date":"","start_date_event_begins_at":"","start_date_event_ends_at":"","end_date":"","end_date_event_begins_at":"","end_date_event_ends_at":"","organizer":"","fact_checker_logo_image":false},"yoast_head":"<!-- This site is optimized with the Yoast SEO plugin v27.0 - https:\/\/yoast.com\/product\/yoast-seo-wordpress\/ -->\n<title>KI-generiertes Video nicht gegen Modegiganten Zara gerichtet - EDMO Belux<\/title>\n<meta name=\"robots\" content=\"index, follow, max-snippet:-1, max-image-preview:large, max-video-preview:-1\" \/>\n<link rel=\"canonical\" href=\"https:\/\/belux.edmo.eu\/de\/ki-generiertes-video-nicht-gegen-modegiganten-zara-gerichtet\/\" \/>\n<meta property=\"og:locale\" content=\"de_DE\" \/>\n<meta property=\"og:type\" content=\"article\" \/>\n<meta property=\"og:title\" content=\"KI-generiertes Video nicht gegen Modegiganten Zara gerichtet - EDMO Belux\" \/>\n<meta property=\"og:description\" content=\"&quot;Nachdem Zara eine respektlose Werbung \u00fcber den Gaza-Konflikt gemacht hat, werfen Amerikaner alle ihre Zara-Kleider vor dem Unternehmen weg&quot;, schrieb Anastasia Maria Loupis, eine d\u00e4nische \u00c4rztin, die schon fr\u00fcher Fehlinformationen \u00fcber den Krieg zwischen Israel und der Hamas verbreitet hat, in einem Beitrag vom 12. Dezember 2023 auf X.\u00a0\" \/>\n<meta property=\"og:url\" content=\"https:\/\/belux.edmo.eu\/de\/ki-generiertes-video-nicht-gegen-modegiganten-zara-gerichtet\/\" \/>\n<meta property=\"og:site_name\" content=\"EDMO Belux\" \/>\n<meta property=\"article:published_time\" content=\"2023-12-20T15:43:13+00:00\" \/>\n<meta property=\"article:modified_time\" content=\"2023-12-20T17:21:07+00:00\" \/>\n<meta property=\"og:image\" content=\"https:\/\/belux-edmo.s3-accelerate.amazonaws.com\/wp-content\/uploads\/2023\/12\/1d70e393404fd5f12ffa735931c9bef99c976eda-ipad.jpg\" \/>\n\t<meta property=\"og:image:width\" content=\"1080\" \/>\n\t<meta property=\"og:image:height\" content=\"540\" \/>\n\t<meta property=\"og:image:type\" content=\"image\/jpeg\" \/>\n<meta name=\"author\" content=\"master\" \/>\n<meta name=\"twitter:card\" content=\"summary_large_image\" \/>\n<meta name=\"twitter:creator\" content=\"@Edmo_Belux\" \/>\n<meta name=\"twitter:site\" content=\"@Edmo_Belux\" \/>\n<meta name=\"twitter:label1\" content=\"Verfasst von\" \/>\n\t<meta name=\"twitter:data1\" content=\"master\" \/>\n\t<meta name=\"twitter:label2\" content=\"Gesch\u00e4tzte Lesezeit\" \/>\n\t<meta name=\"twitter:data2\" content=\"3 Minuten\" \/>\n<script type=\"application\/ld+json\" class=\"yoast-schema-graph\">{\"@context\":\"https:\/\/schema.org\",\"@graph\":[{\"@type\":\"Article\",\"@id\":\"https:\/\/belux.edmo.eu\/de\/ki-generiertes-video-nicht-gegen-modegiganten-zara-gerichtet\/#article\",\"isPartOf\":{\"@id\":\"https:\/\/belux.edmo.eu\/de\/ki-generiertes-video-nicht-gegen-modegiganten-zara-gerichtet\/\"},\"author\":{\"name\":\"master\",\"@id\":\"https:\/\/belux.edmo.eu\/#\/schema\/person\/dbe3b252258537fd318f9b5645a30342\"},\"headline\":\"KI-generiertes Video nicht gegen Modegiganten Zara gerichtet\",\"datePublished\":\"2023-12-20T15:43:13+00:00\",\"dateModified\":\"2023-12-20T17:21:07+00:00\",\"mainEntityOfPage\":{\"@id\":\"https:\/\/belux.edmo.eu\/de\/ki-generiertes-video-nicht-gegen-modegiganten-zara-gerichtet\/\"},\"wordCount\":637,\"publisher\":{\"@id\":\"https:\/\/belux.edmo.eu\/#organization\"},\"image\":{\"@id\":\"https:\/\/belux.edmo.eu\/de\/ki-generiertes-video-nicht-gegen-modegiganten-zara-gerichtet\/#primaryimage\"},\"thumbnailUrl\":\"https:\/\/belux-edmo.s3-accelerate.amazonaws.com\/wp-content\/uploads\/2023\/12\/1d70e393404fd5f12ffa735931c9bef99c976eda-ipad.jpg\",\"articleSection\":[\"Fact Check\",\"Gesellschaft\",\"Naher Osten\",\"Politik\",\"Technologie\",\"Umwelt\"],\"inLanguage\":\"de-DE\"},{\"@type\":\"WebPage\",\"@id\":\"https:\/\/belux.edmo.eu\/de\/ki-generiertes-video-nicht-gegen-modegiganten-zara-gerichtet\/\",\"url\":\"https:\/\/belux.edmo.eu\/de\/ki-generiertes-video-nicht-gegen-modegiganten-zara-gerichtet\/\",\"name\":\"KI-generiertes Video nicht gegen Modegiganten Zara gerichtet - EDMO Belux\",\"isPartOf\":{\"@id\":\"https:\/\/belux.edmo.eu\/#website\"},\"primaryImageOfPage\":{\"@id\":\"https:\/\/belux.edmo.eu\/de\/ki-generiertes-video-nicht-gegen-modegiganten-zara-gerichtet\/#primaryimage\"},\"image\":{\"@id\":\"https:\/\/belux.edmo.eu\/de\/ki-generiertes-video-nicht-gegen-modegiganten-zara-gerichtet\/#primaryimage\"},\"thumbnailUrl\":\"https:\/\/belux-edmo.s3-accelerate.amazonaws.com\/wp-content\/uploads\/2023\/12\/1d70e393404fd5f12ffa735931c9bef99c976eda-ipad.jpg\",\"datePublished\":\"2023-12-20T15:43:13+00:00\",\"dateModified\":\"2023-12-20T17:21:07+00:00\",\"breadcrumb\":{\"@id\":\"https:\/\/belux.edmo.eu\/de\/ki-generiertes-video-nicht-gegen-modegiganten-zara-gerichtet\/#breadcrumb\"},\"inLanguage\":\"de-DE\",\"potentialAction\":[{\"@type\":\"ReadAction\",\"target\":[\"https:\/\/belux.edmo.eu\/de\/ki-generiertes-video-nicht-gegen-modegiganten-zara-gerichtet\/\"]}]},{\"@type\":\"ImageObject\",\"inLanguage\":\"de-DE\",\"@id\":\"https:\/\/belux.edmo.eu\/de\/ki-generiertes-video-nicht-gegen-modegiganten-zara-gerichtet\/#primaryimage\",\"url\":\"https:\/\/belux-edmo.s3-accelerate.amazonaws.com\/wp-content\/uploads\/2023\/12\/1d70e393404fd5f12ffa735931c9bef99c976eda-ipad.jpg\",\"contentUrl\":\"https:\/\/belux-edmo.s3-accelerate.amazonaws.com\/wp-content\/uploads\/2023\/12\/1d70e393404fd5f12ffa735931c9bef99c976eda-ipad.jpg\",\"width\":1080,\"height\":540,\"caption\":\"KI-generiertes Video nicht gegen Modegiganten Zara gerichtet - Featured image\"},{\"@type\":\"BreadcrumbList\",\"@id\":\"https:\/\/belux.edmo.eu\/de\/ki-generiertes-video-nicht-gegen-modegiganten-zara-gerichtet\/#breadcrumb\",\"itemListElement\":[{\"@type\":\"ListItem\",\"position\":1,\"name\":\"Home\",\"item\":\"https:\/\/belux.edmo.eu\/de\/\"},{\"@type\":\"ListItem\",\"position\":2,\"name\":\"KI-generiertes Video nicht gegen Modegiganten Zara gerichtet\"}]},{\"@type\":\"WebSite\",\"@id\":\"https:\/\/belux.edmo.eu\/#website\",\"url\":\"https:\/\/belux.edmo.eu\/\",\"name\":\"EDMO Belux\",\"description\":\"Monitoring Disinformation in Belgium and Luxembourg\",\"publisher\":{\"@id\":\"https:\/\/belux.edmo.eu\/#organization\"},\"potentialAction\":[{\"@type\":\"SearchAction\",\"target\":{\"@type\":\"EntryPoint\",\"urlTemplate\":\"https:\/\/belux.edmo.eu\/?s={search_term_string}\"},\"query-input\":{\"@type\":\"PropertyValueSpecification\",\"valueRequired\":true,\"valueName\":\"search_term_string\"}}],\"inLanguage\":\"de-DE\"},{\"@type\":\"Organization\",\"@id\":\"https:\/\/belux.edmo.eu\/#organization\",\"name\":\"EDMO Belux\",\"url\":\"https:\/\/belux.edmo.eu\/\",\"logo\":{\"@type\":\"ImageObject\",\"inLanguage\":\"de-DE\",\"@id\":\"https:\/\/belux.edmo.eu\/#\/schema\/logo\/image\/\",\"url\":\"https:\/\/belux.edmo.eu\/wp-content\/uploads\/2021\/12\/belux-logo-full-color-rgb.svg\",\"contentUrl\":\"https:\/\/belux.edmo.eu\/wp-content\/uploads\/2021\/12\/belux-logo-full-color-rgb.svg\",\"width\":1,\"height\":1,\"caption\":\"EDMO Belux\"},\"image\":{\"@id\":\"https:\/\/belux.edmo.eu\/#\/schema\/logo\/image\/\"},\"sameAs\":[\"https:\/\/x.com\/Edmo_Belux\"]},{\"@type\":\"Person\",\"@id\":\"https:\/\/belux.edmo.eu\/#\/schema\/person\/dbe3b252258537fd318f9b5645a30342\",\"name\":\"master\",\"sameAs\":[\"https:\/\/belux.wpengine.com\"],\"url\":\"https:\/\/belux.edmo.eu\/de\/author\/master\/\"}]}<\/script>\n<!-- \/ Yoast SEO plugin. -->","yoast_head_json":{"title":"KI-generiertes Video nicht gegen Modegiganten Zara gerichtet - EDMO Belux","robots":{"index":"index","follow":"follow","max-snippet":"max-snippet:-1","max-image-preview":"max-image-preview:large","max-video-preview":"max-video-preview:-1"},"canonical":"https:\/\/belux.edmo.eu\/de\/ki-generiertes-video-nicht-gegen-modegiganten-zara-gerichtet\/","og_locale":"de_DE","og_type":"article","og_title":"KI-generiertes Video nicht gegen Modegiganten Zara gerichtet - EDMO Belux","og_description":"\"Nachdem Zara eine respektlose Werbung \u00fcber den Gaza-Konflikt gemacht hat, werfen Amerikaner alle ihre Zara-Kleider vor dem Unternehmen weg\", schrieb Anastasia Maria Loupis, eine d\u00e4nische \u00c4rztin, die schon fr\u00fcher Fehlinformationen \u00fcber den Krieg zwischen Israel und der Hamas verbreitet hat, in einem Beitrag vom 12. Dezember 2023 auf X.\u00a0","og_url":"https:\/\/belux.edmo.eu\/de\/ki-generiertes-video-nicht-gegen-modegiganten-zara-gerichtet\/","og_site_name":"EDMO Belux","article_published_time":"2023-12-20T15:43:13+00:00","article_modified_time":"2023-12-20T17:21:07+00:00","og_image":[{"width":1080,"height":540,"url":"https:\/\/belux-edmo.s3-accelerate.amazonaws.com\/wp-content\/uploads\/2023\/12\/1d70e393404fd5f12ffa735931c9bef99c976eda-ipad.jpg","type":"image\/jpeg"}],"author":"master","twitter_card":"summary_large_image","twitter_creator":"@Edmo_Belux","twitter_site":"@Edmo_Belux","twitter_misc":{"Verfasst von":"master","Gesch\u00e4tzte Lesezeit":"3 Minuten"},"schema":{"@context":"https:\/\/schema.org","@graph":[{"@type":"Article","@id":"https:\/\/belux.edmo.eu\/de\/ki-generiertes-video-nicht-gegen-modegiganten-zara-gerichtet\/#article","isPartOf":{"@id":"https:\/\/belux.edmo.eu\/de\/ki-generiertes-video-nicht-gegen-modegiganten-zara-gerichtet\/"},"author":{"name":"master","@id":"https:\/\/belux.edmo.eu\/#\/schema\/person\/dbe3b252258537fd318f9b5645a30342"},"headline":"KI-generiertes Video nicht gegen Modegiganten Zara gerichtet","datePublished":"2023-12-20T15:43:13+00:00","dateModified":"2023-12-20T17:21:07+00:00","mainEntityOfPage":{"@id":"https:\/\/belux.edmo.eu\/de\/ki-generiertes-video-nicht-gegen-modegiganten-zara-gerichtet\/"},"wordCount":637,"publisher":{"@id":"https:\/\/belux.edmo.eu\/#organization"},"image":{"@id":"https:\/\/belux.edmo.eu\/de\/ki-generiertes-video-nicht-gegen-modegiganten-zara-gerichtet\/#primaryimage"},"thumbnailUrl":"https:\/\/belux-edmo.s3-accelerate.amazonaws.com\/wp-content\/uploads\/2023\/12\/1d70e393404fd5f12ffa735931c9bef99c976eda-ipad.jpg","articleSection":["Fact Check","Gesellschaft","Naher Osten","Politik","Technologie","Umwelt"],"inLanguage":"de-DE"},{"@type":"WebPage","@id":"https:\/\/belux.edmo.eu\/de\/ki-generiertes-video-nicht-gegen-modegiganten-zara-gerichtet\/","url":"https:\/\/belux.edmo.eu\/de\/ki-generiertes-video-nicht-gegen-modegiganten-zara-gerichtet\/","name":"KI-generiertes Video nicht gegen Modegiganten Zara gerichtet - EDMO Belux","isPartOf":{"@id":"https:\/\/belux.edmo.eu\/#website"},"primaryImageOfPage":{"@id":"https:\/\/belux.edmo.eu\/de\/ki-generiertes-video-nicht-gegen-modegiganten-zara-gerichtet\/#primaryimage"},"image":{"@id":"https:\/\/belux.edmo.eu\/de\/ki-generiertes-video-nicht-gegen-modegiganten-zara-gerichtet\/#primaryimage"},"thumbnailUrl":"https:\/\/belux-edmo.s3-accelerate.amazonaws.com\/wp-content\/uploads\/2023\/12\/1d70e393404fd5f12ffa735931c9bef99c976eda-ipad.jpg","datePublished":"2023-12-20T15:43:13+00:00","dateModified":"2023-12-20T17:21:07+00:00","breadcrumb":{"@id":"https:\/\/belux.edmo.eu\/de\/ki-generiertes-video-nicht-gegen-modegiganten-zara-gerichtet\/#breadcrumb"},"inLanguage":"de-DE","potentialAction":[{"@type":"ReadAction","target":["https:\/\/belux.edmo.eu\/de\/ki-generiertes-video-nicht-gegen-modegiganten-zara-gerichtet\/"]}]},{"@type":"ImageObject","inLanguage":"de-DE","@id":"https:\/\/belux.edmo.eu\/de\/ki-generiertes-video-nicht-gegen-modegiganten-zara-gerichtet\/#primaryimage","url":"https:\/\/belux-edmo.s3-accelerate.amazonaws.com\/wp-content\/uploads\/2023\/12\/1d70e393404fd5f12ffa735931c9bef99c976eda-ipad.jpg","contentUrl":"https:\/\/belux-edmo.s3-accelerate.amazonaws.com\/wp-content\/uploads\/2023\/12\/1d70e393404fd5f12ffa735931c9bef99c976eda-ipad.jpg","width":1080,"height":540,"caption":"KI-generiertes Video nicht gegen Modegiganten Zara gerichtet - Featured image"},{"@type":"BreadcrumbList","@id":"https:\/\/belux.edmo.eu\/de\/ki-generiertes-video-nicht-gegen-modegiganten-zara-gerichtet\/#breadcrumb","itemListElement":[{"@type":"ListItem","position":1,"name":"Home","item":"https:\/\/belux.edmo.eu\/de\/"},{"@type":"ListItem","position":2,"name":"KI-generiertes Video nicht gegen Modegiganten Zara gerichtet"}]},{"@type":"WebSite","@id":"https:\/\/belux.edmo.eu\/#website","url":"https:\/\/belux.edmo.eu\/","name":"EDMO Belux","description":"Monitoring Disinformation in Belgium and Luxembourg","publisher":{"@id":"https:\/\/belux.edmo.eu\/#organization"},"potentialAction":[{"@type":"SearchAction","target":{"@type":"EntryPoint","urlTemplate":"https:\/\/belux.edmo.eu\/?s={search_term_string}"},"query-input":{"@type":"PropertyValueSpecification","valueRequired":true,"valueName":"search_term_string"}}],"inLanguage":"de-DE"},{"@type":"Organization","@id":"https:\/\/belux.edmo.eu\/#organization","name":"EDMO Belux","url":"https:\/\/belux.edmo.eu\/","logo":{"@type":"ImageObject","inLanguage":"de-DE","@id":"https:\/\/belux.edmo.eu\/#\/schema\/logo\/image\/","url":"https:\/\/belux.edmo.eu\/wp-content\/uploads\/2021\/12\/belux-logo-full-color-rgb.svg","contentUrl":"https:\/\/belux.edmo.eu\/wp-content\/uploads\/2021\/12\/belux-logo-full-color-rgb.svg","width":1,"height":1,"caption":"EDMO Belux"},"image":{"@id":"https:\/\/belux.edmo.eu\/#\/schema\/logo\/image\/"},"sameAs":["https:\/\/x.com\/Edmo_Belux"]},{"@type":"Person","@id":"https:\/\/belux.edmo.eu\/#\/schema\/person\/dbe3b252258537fd318f9b5645a30342","name":"master","sameAs":["https:\/\/belux.wpengine.com"],"url":"https:\/\/belux.edmo.eu\/de\/author\/master\/"}]}},"menu_order":0,"_links":{"self":[{"href":"https:\/\/belux.edmo.eu\/de\/wp-json\/wp\/v2\/posts\/310116","targetHints":{"allow":["GET"]}}],"collection":[{"href":"https:\/\/belux.edmo.eu\/de\/wp-json\/wp\/v2\/posts"}],"about":[{"href":"https:\/\/belux.edmo.eu\/de\/wp-json\/wp\/v2\/types\/post"}],"author":[{"embeddable":true,"href":"https:\/\/belux.edmo.eu\/de\/wp-json\/wp\/v2\/users\/1"}],"replies":[{"embeddable":true,"href":"https:\/\/belux.edmo.eu\/de\/wp-json\/wp\/v2\/comments?post=310116"}],"version-history":[{"count":0,"href":"https:\/\/belux.edmo.eu\/de\/wp-json\/wp\/v2\/posts\/310116\/revisions"}],"wp:featuredmedia":[{"embeddable":true,"href":"https:\/\/belux.edmo.eu\/de\/wp-json\/wp\/v2\/media\/310106"}],"wp:attachment":[{"href":"https:\/\/belux.edmo.eu\/de\/wp-json\/wp\/v2\/media?parent=310116"}],"wp:term":[{"taxonomy":"category","embeddable":true,"href":"https:\/\/belux.edmo.eu\/de\/wp-json\/wp\/v2\/categories?post=310116"},{"taxonomy":"post_tag","embeddable":true,"href":"https:\/\/belux.edmo.eu\/de\/wp-json\/wp\/v2\/tags?post=310116"}],"curies":[{"name":"wp","href":"https:\/\/api.w.org\/{rel}","templated":true}]}}