{"id":312440,"date":"2024-01-08T16:40:09","date_gmt":"2024-01-08T16:40:09","guid":{"rendered":"https:\/\/belux.edmo.eu\/?p=312440"},"modified":"2024-01-09T12:54:58","modified_gmt":"2024-01-09T12:54:58","slug":"vertrag-ber-selenskyjs-kauf-der-goebbels-villa-nahe-berlin-ist-geflscht","status":"publish","type":"post","link":"https:\/\/belux.edmo.eu\/de\/vertrag-ber-selenskyjs-kauf-der-goebbels-villa-nahe-berlin-ist-geflscht\/","title":{"rendered":"Vertrag \u00fcber Selenskyjs Kauf der Goebbels-Villa nahe Berlin ist gef\u00e4lscht"},"content":{"rendered":"<p><b>Nahe Berlin befindet sich die Villa Bogensee, in der einst Reichspropagandaminister Joseph Goebbels zur Zeit des Dritten Reichs wohnte. In sozialen Medien wird nun die Behauptung verbreitet, der ukrainische Pr\u00e4sident Wolodymyr Selenskyj habe die Villa im Oktober 2023 gekauft. Das ist jedoch erfunden. Der angebliche Kaufvertrag ist gef\u00e4lscht, erkl\u00e4rte die Notarin, die ihn beurkundet haben soll. Das Grundst\u00fcck sei der Berliner Senatsverwaltung zufolge zuletzt vor etwa zehn Jahren zum Kauf angeboten, aber nicht verkauft worden.\u00a0<\/b><\/p>\n<p>&#8222;Selensky hat ein Haus gekauft, das dem Propagandaminister des Dritten Reiches geh\u00f6rte&#8220;, hei\u00dft es in zahlreichen Beitr\u00e4gen in sozialen Medien von Ende Dezember 2023 in sozialen Medien. Dazu werden Au\u00dfenaufnahmen der Villa Bogensee geteilt, ebenso wie Fotos eines angeblichen Kaufvertrages \u00fcber das Grundst\u00fcck beim brandenburgischen Wandlitz nahe Berlin.<\/p>\n<p>Die Behauptung wird vielfach auf <a href=\"https:\/\/perma.cc\/2YBP-G96M?type=standard\" target=\"_blank\" rel=\"noopener\" shape=\"rect\">Facebook<\/a> und <a href=\"https:\/\/perma.cc\/ZXG8-VNX9\" target=\"_blank\" rel=\"noopener\" shape=\"rect\">X<\/a> geteilt. Auch auf <a href=\"https:\/\/perma.cc\/2JZM-KWU9\" target=\"_blank\" rel=\"noopener\" shape=\"rect\">Telegram<\/a> findet sie sich in zahlreichen Kan\u00e4len, unter anderem im <a href=\"https:\/\/perma.cc\/3582-JCG4\" target=\"_blank\" rel=\"noopener\" shape=\"rect\">Kanal<\/a> der pro-russischen Bloggerin Alina Lipp. <a href=\"https:\/\/faktencheck.afp.com\/doc.afp.com.33WT863\" target=\"_blank\" rel=\"noopener\" shape=\"rect\">Falschinformationen<\/a> von ihr wurden in der Vergangenheit von AFP bereits widerlegt.<\/p>\n<p>Einige der Beitr\u00e4ge teilen ein Video eines Accounts namens &#8222;Sabine Mels&#8220;. Mels beschreibt sich \u2013\u00a0auch auf anderen <a href=\"https:\/\/perma.cc\/UW8L-EXZA\" target=\"_blank\" rel=\"noopener\" shape=\"rect\">Kan\u00e4len<\/a> \u2013 selbst als Antifa-Mitglied und erz\u00e4hlt eine Geschichte, die sie von ihrem &#8222;ehemaligen Kollegen bei der BIM&#8220; (Berliner Immobilienmanagement GmbH) geh\u00f6rt haben will. Die BIM ist eine Berliner Landestochter, die sich um \u00f6ffentliche Liegenschaften in Landesbesitz k\u00fcmmert. Das <a href=\"https:\/\/perma.cc\/AW92-Y5L7?type=standard\" target=\"_blank\" rel=\"noopener\" shape=\"rect\">Video<\/a> wurde am 24. Dezember 2023 auf Youtube hochgeladen und inzwischen \u00fcber 14.000 Mal aufgerufen. Auch die russische Website &#8222;Komsomolskaya Pravda&#8220; ver\u00f6ffentlichte einen <a href=\"https:\/\/perma.cc\/8GP7-UHKF?type=image\" target=\"_blank\" rel=\"noopener\" shape=\"rect\">Artikel<\/a> \u00fcber den angeblichen Kauf.<\/p>\n<p>Die Behauptung kursiert auch auf anderen Sprachen in sozialen Medien, darunter <a href=\"https:\/\/perma.cc\/9A7Q-C6KS\" target=\"_blank\" rel=\"noopener\" shape=\"rect\">Ungarisch<\/a>, <a href=\"https:\/\/perma.cc\/6SBH-7VZ6\" target=\"_blank\" rel=\"noopener\" shape=\"rect\">Franz\u00f6sisch<\/a>, <a href=\"https:\/\/perma.cc\/F6BY-4WB4\" target=\"_blank\" rel=\"noopener\" shape=\"rect\">Bulgarisch<\/a> oder auch <a href=\"https:\/\/perma.cc\/MZ7Z-9N3A\" target=\"_blank\" rel=\"noopener\" shape=\"rect\">Slowakisch<\/a> und <a href=\"https:\/\/perma.cc\/HKA3-ZCA3\" target=\"_blank\" rel=\"noopener\" shape=\"rect\">Polnisch<\/a>.<\/p>\n<p>Im Video erz\u00e4hlt die Frau mit nicht zuzuordnendem Akzent, ein ehemaliger Kollege\u00a0habe ihr den Kaufvertrag f\u00fcr die Villa zukommen lassen. Nach kurzen Erl\u00e4uterungen zur Geschichte der Immobilie erkl\u00e4rt sie, das Land Berlin versuche seit 20 Jahren, sie zu verkaufen. Schlie\u00dflich wird der angebliche Kaufvertrag eingeblendet, der auf den 11. Oktober 2023 datiert ist und mit dem die BIM das Grundst\u00fcck mit der Adresse Platz der Freundschaft 1A in Wandlitz an die Firma Film Heritage Inc. f\u00fcr 8,12 Millionen Euro verkauft habe. Besitzer von Film Heritage Inc. sei Wolodymyr Selenskyj, der Pr\u00e4sident der Ukraine.<\/p>\n<div class=\"g2image\">\n<figure><img src=\"https:\/\/belux-edmo.s3-accelerate.amazonaws.com\/wp-content\/uploads\/2024\/01\/f9f41fa1f0cdde0bf3f7407df01c3ee83d6b20c5-ipad.jpg\" \/><figcaption>Screenshots der Behauptung auf Facebook (links) und Telegram (rechts): 3. Januar 2024<\/figcaption><\/figure>\n<\/div>\n<p>Bei dem angeblichen Kauf handelt es sich jedoch um eine Falschbehauptung.<\/p>\n<p><b>Angeblicher Kaufvertrag weist Fehler auf<\/b><\/p>\n<p>Der Kaufvertrag f\u00fcr das Grundst\u00fcck der Villa Bogensee ist allerdings eine F\u00e4lschung. Beurkundet haben soll den Verkauf eine Notarin namens Friederike Schulenburg. Zuerst erkl\u00e4rte sie gegen\u00fcber <a href=\"https:\/\/perma.cc\/5D49-R3KR\" target=\"_blank\" rel=\"noopener\" shape=\"rect\">&#8222;t-online&#8220;<\/a>, dass es sich um einen gef\u00e4lschten Kaufvertrag handele. Auf Anfrage von AFP erkl\u00e4rte Schulenburg am 3. Januar 2024 in einem Telefongespr\u00e4ch, dass sie seit \u00fcber zehn Jahren nicht mehr als Notarin t\u00e4tig sei, da dieser Dienst nur bis zum\u00a0<a href=\"https:\/\/perma.cc\/77TH-7PQT\" target=\"_blank\" rel=\"noopener\" shape=\"rect\">70. Lebensjahr<\/a> ausge\u00fcbt werden d\u00fcrfe, sie inzwischen aber \u00fcber 80 Jahre alt sei. Diese <a href=\"https:\/\/perma.cc\/96BV-SKSR\" target=\"_blank\" rel=\"noopener\" shape=\"rect\">Altersgrenze<\/a> schreibt die <a href=\"https:\/\/perma.cc\/DLB5-KQMR\" target=\"_blank\" rel=\"noopener\" shape=\"rect\">Bundesnotarordnung<\/a> vor. Demnach k\u00f6nne Schulenburg keinen Kaufvertrag am 11. Oktober 2023 beurkundet haben. Auch auf der <a href=\"https:\/\/perma.cc\/P7BN-MVMF\" target=\"_blank\" rel=\"noopener\" shape=\"rect\">Website<\/a> der Rechtsanwaltskammer Berlin wird sie als Notarin au\u00dfer Dienst gef\u00fchrt.<\/p>\n<p>&#8222;Das ist eine total d\u00fcmmliche F\u00e4lschung&#8220;, sagte Schulenburg. &#8222;Weder das \u00e4u\u00dfere Bild noch der Inhalt passen.&#8220; So sei beispielsweise eine Schw\u00e4rzung oben rechts auf der ersten Seite nicht \u00fcblich, auch &#8222;die \u00dcberschrift &#8218;Kaufvertrag&#8216; ist v\u00f6lliger Bl\u00f6dsinn&#8220;. Auf dem sogenannten Vorblatt m\u00fcsse &#8222;verhandelt&#8220; stehen, darunter der Name und die Anschrift des Notars oder der Notarin. &#8222;Hier steht nur &#8218;Amtssitz'&#8220;, erkl\u00e4rte sie. Auch dass auf dieser Seite die Verhandlungspartner genannt werden sei un\u00fcblich. Ebenso sei ihre Unterschrift nicht korrekt, da sie stets mit &#8222;Dr. Schulenburg&#8220; und nicht wie in dem gef\u00e4lschten Dokument mit &#8222;F. Schulenburg&#8220; unterschreibe. Aufgrund der Urkundenf\u00e4lschung habe sie &#8222;die Absicht, rechtliche Schritte einzuleiten&#8220;.<\/p>\n<div class=\"g2image\">\n<figure><img src=\"https:\/\/belux-edmo.s3-accelerate.amazonaws.com\/wp-content\/uploads\/2024\/01\/a97f12dbc7322ba8c9b61b9233678f38cdc4867c-ipad.jpg\" \/><figcaption>Screenshot des Kaufvertrags aus dem Youtube-Video, Hervorhebungen der angesprochenen Hinweise auf eine F\u00e4lschung durch AFP: 3. Januar 2023<\/figcaption><\/figure>\n<\/div>\n<p>Eine Verbindung zwischen der Firma Film Heritage Inc. und dem ukrainischen Pr\u00e4sidenten besteht hingegen tats\u00e4chlich: Die im Oktober 2021 ver\u00f6ffentlichten\u00a0<a href=\"https:\/\/perma.cc\/3TVR-KLD8\" target=\"_blank\" rel=\"noopener\" shape=\"rect\">Pandora Papers<\/a> \u00fcber\u00a0Steuervermeidung wohlhabender Pers\u00f6nlichkeiten belegen, dass Film Heritage Inc. Selenskyj <a href=\"https:\/\/perma.cc\/9C5Z-345K\" target=\"_blank\" rel=\"noopener\" shape=\"rect\">geh\u00f6rte<\/a> und im Jahr 2019 seiner Frau Olena Selenska \u00fcberschrieben wurde.<\/p>\n<p><b>Villa Bogensee geh\u00f6rt dem Land Berlin\u00a0<\/b><\/p>\n<p>Auch die BIM erkl\u00e4rte auf Anfrage von AFP in einer E-Mail vom 3. Januar 2024: &#8222;Es handelt sich um eine Falschmeldung.&#8220; Die <a href=\"https:\/\/perma.cc\/DFY2-RW8T\" target=\"_blank\" rel=\"noopener\" shape=\"rect\">BIM<\/a> ist eine Berliner Landestochter und tr\u00e4gt unter anderem Sorge f\u00fcr die <a href=\"https:\/\/perma.cc\/8858-A59Y\" target=\"_blank\" rel=\"noopener\" shape=\"rect\">Bewirtschaftung<\/a> \u00f6ffentlicher Geb\u00e4ude, die dem Land Berlin geh\u00f6ren. Eine Sprecherin der zust\u00e4ndigen Senatsverwaltung f\u00fcr Finanzen Berlin best\u00e4tigte in einer E-Mail vom 4. Januar 2024: &#8222;Das Objekt befindet sich im Eigentum des Landes Berlin.&#8220;<\/p>\n<p>Das Gel\u00e4nde der Villa Bogensee hat eine wechselvolle Geschichte. Seit\u00a0<a href=\"https:\/\/perma.cc\/2ND2-JWYQ\" target=\"_blank\" rel=\"noopener\" shape=\"rect\">1913<\/a> ist das Grundst\u00fcck im Berliner Eigentum, ab <a href=\"https:\/\/perma.cc\/QL4X-9DJR\" target=\"_blank\" rel=\"noopener\" shape=\"rect\">1936<\/a> diente es NS-Propagandaminister Goebbels auf Lebenszeit als zweiter Wohn- und Dienstsitz sowie als Veranstaltungsort, wie das <a href=\"https:\/\/perma.cc\/J7L7-66MG\" target=\"_blank\" rel=\"noopener\" shape=\"rect\">Leibniz-Zentrum f\u00fcr Zeithistorische Forschung Potsdam<\/a> in einem <a href=\"https:\/\/perma.cc\/JM6K-ZA7D\" target=\"_blank\" rel=\"noopener\" shape=\"rect\">digitalen Projekt<\/a> zum Areal erl\u00e4utert. Nachdem die Rote Armee es nach dem Zweiten Weltkrieg kurzzeitig als <a href=\"https:\/\/perma.cc\/QA58-HC6L\" target=\"_blank\" rel=\"noopener\" shape=\"rect\">Lazarett<\/a> nutzte, zog im <a href=\"https:\/\/perma.cc\/KJC9-ADY3\" target=\"_blank\" rel=\"noopener\" shape=\"rect\">M\u00e4rz 1946<\/a> die kommunistische Freie Deutsche Jugend (FDJ) mit ihrer sogenannten &#8222;Zentralen Jugendleiterschule&#8220; in die als &#8222;Waldhof&#8220; bezeichnete Villa Bogensee. Ab den <a href=\"https:\/\/perma.cc\/6RNC-VGE5\" target=\"_blank\" rel=\"noopener\" shape=\"rect\">1950er-Jahren<\/a> wurden weitere Unterrichts- und Wohngeb\u00e4ude f\u00fcr die FDJ-Hochschule auf dem Grundst\u00fcck erbaut, nach der <a href=\"https:\/\/perma.cc\/UM37-XYSU\" target=\"_blank\" rel=\"noopener\" shape=\"rect\">Wiedervereinigung<\/a> zog das Internationale Bildungszentrum des Internationalen Bundes f\u00fcr Sozialarbeit in eines der Geb\u00e4ude. Seit 1999 stehen die Immobilien leer. 2021 flogen laut <a href=\"https:\/\/perma.cc\/YDL2-9QX4\" target=\"_blank\" rel=\"noopener\" shape=\"rect\">Medienberichten<\/a> Pl\u00e4ne der Reichsb\u00fcrger des &#8222;K\u00f6nigreichs Deutschland&#8220; auf, das Areal getarnt als Verein zu nutzen.<\/p>\n<p>Zuletzt habe die BIM vor rund zehn Jahren versucht, das Grundst\u00fcck zu verkaufen, erkl\u00e4rte BIM-Sprecherin Johanna Steinke. Das best\u00e4tigte auch die Senatsverwaltung. &#8222;Dies wurde durch ein aufwendiges Verfahren begleitet, welches allerdings nach einigen Jahren erfolglos beendet wurde&#8220;, erkl\u00e4rte Steinke. Es habe &#8222;keine tragf\u00e4higen Angebote&#8220; gegeben.<\/p>\n<p>Heute sei die Berliner Liegenschaftspolitik eine andere. &#8222;Landeseigene Grundst\u00fccke werden schon seit vielen Jahren nicht mehr verkauft.&#8220; Im Falle des Grundst\u00fccks am Bogensee erkl\u00e4rte Steinke: &#8222;Wir sind im Austausch mit dem Bund, der Gemeinde Wandlitz und dem Land Brandenburg und sprechen gemeinsam \u00fcber m\u00f6glichen Entwicklungspotentiale f\u00fcr das gesamte Gel\u00e4nde.&#8220; Da es leer stehe und &#8222;stark sanierungsbed\u00fcrftig sei&#8220;, sei das &#8222;ein langwieriger Prozess&#8220;.<\/p>\n<p>Auch die Sprecherin der Senatsverwaltung best\u00e4tigt, dass &#8222;ein Verkauf des Areals oder einzelner Teile der Immobilie&#8220; nicht erfolgt sei. &#8222;Seit 2001 ist die Liegenschaft nutzungsfrei.&#8220; Gem\u00e4\u00df Brandenburgischem Denkmalschutzgesetz sei die Liegenschaft zudem als Denkmal eingetragen.<\/p>\n<p><b>Sabine Mels ist bei der BIM unbekannt<\/b><\/p>\n<p>Zus\u00e4tzlich zum Kaufvertrag widerlegt die BIM auch die Behauptung der Frau im Video, eine ehemalige Mitarbeiterin der BIM zu sein. &#8222;Wir hatten und haben auch keine Mitarbeiterin mit dem Namen Sabine Mels&#8220;, erkl\u00e4rte Steinke. &#8222;Der Name ist also ebenfalls erfunden.&#8220;<\/p>\n<p>Angebliche Villen und Verm\u00f6gen des ukrainischen Pr\u00e4sidenten Selenskyj waren bereits h\u00e4ufiger Gegenstand von Falschinformationen seit dem Angriff Russlands auf die Ukraine im Februar 2022. So <a href=\"https:\/\/factcheck.afp.com\/doc.afp.com.33A99GQ\" target=\"_blank\" rel=\"noopener\" shape=\"rect\">hie\u00df<\/a> es beispielsweise f\u00e4lschlich, er verdiene elf Millionen US-Dollar pro Monat und habe eine Villa in Florida. Falschinformationen im Zusammenhang mit dem <a href=\"https:\/\/faktencheck.afp.com\/doc.afp.com.339P94M\" target=\"_blank\" rel=\"noopener\" shape=\"rect\">Ukrainekrieg<\/a> sammelt AFP <a href=\"https:\/\/faktencheck.afp.com\/list\/all\/all\/39405\/all\/tid-39405\" target=\"_blank\" rel=\"noopener\" shape=\"rect\">hier<\/a>.<\/p>\n<p><strong>Fazit:<\/strong> Die Villa Bogensee, die zur Zeit des Nationalsozialismus Joseph Goebbels geh\u00f6rte, befindet sich nach wie vor im Eigentum des Landes Berlin. Sowohl die Notarin, die auf dem gef\u00e4lschten Kaufvertrag aufgef\u00fchrt ist, als auch die BIM widerlegten die Falschmeldung \u00fcber einen angeblichen Verkauf an die Firma Film Heritage Inc. Den letzten erfolglosen Versuch, das Grundst\u00fcck zu verkaufen, habe die BIM vor rund zehn Jahren unternommen.<\/p>\n","protected":false},"excerpt":{"rendered":"<p>&#8222;Selensky hat ein Haus gekauft, das dem Propagandaminister des Dritten Reiches geh\u00f6rte&#8220;, hei\u00dft es in zahlreichen Beitr\u00e4gen in sozialen Medien von Ende Dezember 2023 in sozialen Medien. Dazu werden Au\u00dfenaufnahmen der Villa Bogensee geteilt, ebenso wie Fotos eines angeblichen Kaufvertrages \u00fcber das Grundst\u00fcck beim brandenburgischen Wandlitz nahe Berlin.\u00a0<\/p>\n","protected":false},"author":1,"featured_media":312425,"comment_status":"closed","ping_status":"open","sticky":false,"template":"","format":"standard","meta":{"_acf_changed":false,"footnotes":""},"categories":[127,133,215],"tags":[],"class_list":{"0":"post-312440","1":"post","2":"type-post","3":"status-publish","4":"format-standard","5":"has-post-thumbnail","7":"category-fact-check-de","8":"category-politics-de","9":"category-ukraine-de"},"acf":{"show_metatags":true,"id":"http:\/\/doc.afp.com\/349G2FU","authors":"Johanna LEHN \/ AFP Deutschland","organization":"AFP","featured_image_copyright":"","text_copyright":"\u00a9 AGENCE FRANCE-PRESSE | 2024 | Alle Rechte vorbehalten. Jede Nutzung von AFP-Inhalten auf dieser Website unterliegt den Nutzungsbedingungen auf <a href='https:\/\/www.afp.com\/en\/terms-use' target='_blank'>CGU<\/a>. Durch den Zugriff auf die auf dieser Website verf\u00fcgbaren AFP-Inhalte und\/oder deren Nutzung erkl\u00e4ren Sie sich mit den oben genannten Nutzungsbedingungen einverstanden. Jede Nutzung von AFP-Inhalten erfolgt unter Ihrer alleinigen und vollen Verantwortung.","source":"https:\/\/faktencheck.afp.com\/doc.afp.com.349G2FU","fact_checker":"https:\/\/belux.wpengine.com\/wp-content\/uploads\/2021\/12\/afp_logo.png","type":"Closed Event","location":"","start_date":"","start_date_event_begins_at":"","start_date_event_ends_at":"","end_date":"","end_date_event_begins_at":"","end_date_event_ends_at":"","organizer":"","fact_checker_logo_image":false},"yoast_head":"<!-- This site is optimized with the Yoast SEO plugin v27.0 - https:\/\/yoast.com\/product\/yoast-seo-wordpress\/ -->\n<title>Vertrag \u00fcber Selenskyjs Kauf der Goebbels-Villa nahe Berlin ist gef\u00e4lscht - EDMO Belux<\/title>\n<meta name=\"robots\" content=\"index, follow, max-snippet:-1, max-image-preview:large, max-video-preview:-1\" \/>\n<link rel=\"canonical\" href=\"https:\/\/belux.edmo.eu\/de\/vertrag-ber-selenskyjs-kauf-der-goebbels-villa-nahe-berlin-ist-geflscht\/\" \/>\n<meta property=\"og:locale\" content=\"de_DE\" \/>\n<meta property=\"og:type\" content=\"article\" \/>\n<meta property=\"og:title\" content=\"Vertrag \u00fcber Selenskyjs Kauf der Goebbels-Villa nahe Berlin ist gef\u00e4lscht - EDMO Belux\" \/>\n<meta property=\"og:description\" content=\"&quot;Selensky hat ein Haus gekauft, das dem Propagandaminister des Dritten Reiches geh\u00f6rte&quot;, hei\u00dft es in zahlreichen Beitr\u00e4gen in sozialen Medien von Ende Dezember 2023 in sozialen Medien. Dazu werden Au\u00dfenaufnahmen der Villa Bogensee geteilt, ebenso wie Fotos eines angeblichen Kaufvertrages \u00fcber das Grundst\u00fcck beim brandenburgischen Wandlitz nahe Berlin.\u00a0\" \/>\n<meta property=\"og:url\" content=\"https:\/\/belux.edmo.eu\/de\/vertrag-ber-selenskyjs-kauf-der-goebbels-villa-nahe-berlin-ist-geflscht\/\" \/>\n<meta property=\"og:site_name\" content=\"EDMO Belux\" \/>\n<meta property=\"article:published_time\" content=\"2024-01-08T16:40:09+00:00\" \/>\n<meta property=\"article:modified_time\" content=\"2024-01-09T12:54:58+00:00\" \/>\n<meta property=\"og:image\" content=\"https:\/\/belux-edmo.s3-accelerate.amazonaws.com\/wp-content\/uploads\/2024\/01\/9ee46a7c576d8da005c49f132d0bd51989ce7d14-ipad.jpg\" \/>\n\t<meta property=\"og:image:width\" content=\"1080\" \/>\n\t<meta property=\"og:image:height\" content=\"540\" \/>\n\t<meta property=\"og:image:type\" content=\"image\/jpeg\" \/>\n<meta name=\"author\" content=\"master\" \/>\n<meta name=\"twitter:card\" content=\"summary_large_image\" \/>\n<meta name=\"twitter:creator\" content=\"@Edmo_Belux\" \/>\n<meta name=\"twitter:site\" content=\"@Edmo_Belux\" \/>\n<meta name=\"twitter:label1\" content=\"Verfasst von\" \/>\n\t<meta name=\"twitter:data1\" content=\"master\" \/>\n\t<meta name=\"twitter:label2\" content=\"Gesch\u00e4tzte Lesezeit\" \/>\n\t<meta name=\"twitter:data2\" content=\"6 Minuten\" \/>\n<script type=\"application\/ld+json\" class=\"yoast-schema-graph\">{\"@context\":\"https:\/\/schema.org\",\"@graph\":[{\"@type\":\"Article\",\"@id\":\"https:\/\/belux.edmo.eu\/de\/vertrag-ber-selenskyjs-kauf-der-goebbels-villa-nahe-berlin-ist-geflscht\/#article\",\"isPartOf\":{\"@id\":\"https:\/\/belux.edmo.eu\/de\/vertrag-ber-selenskyjs-kauf-der-goebbels-villa-nahe-berlin-ist-geflscht\/\"},\"author\":{\"name\":\"master\",\"@id\":\"https:\/\/belux.edmo.eu\/#\/schema\/person\/dbe3b252258537fd318f9b5645a30342\"},\"headline\":\"Vertrag \u00fcber Selenskyjs Kauf der Goebbels-Villa nahe Berlin ist gef\u00e4lscht\",\"datePublished\":\"2024-01-08T16:40:09+00:00\",\"dateModified\":\"2024-01-09T12:54:58+00:00\",\"mainEntityOfPage\":{\"@id\":\"https:\/\/belux.edmo.eu\/de\/vertrag-ber-selenskyjs-kauf-der-goebbels-villa-nahe-berlin-ist-geflscht\/\"},\"wordCount\":1255,\"publisher\":{\"@id\":\"https:\/\/belux.edmo.eu\/#organization\"},\"image\":{\"@id\":\"https:\/\/belux.edmo.eu\/de\/vertrag-ber-selenskyjs-kauf-der-goebbels-villa-nahe-berlin-ist-geflscht\/#primaryimage\"},\"thumbnailUrl\":\"https:\/\/belux-edmo.s3-accelerate.amazonaws.com\/wp-content\/uploads\/2024\/01\/9ee46a7c576d8da005c49f132d0bd51989ce7d14-ipad.jpg\",\"articleSection\":[\"Fact Check\",\"Politik\",\"Ukraine\"],\"inLanguage\":\"de-DE\"},{\"@type\":\"WebPage\",\"@id\":\"https:\/\/belux.edmo.eu\/de\/vertrag-ber-selenskyjs-kauf-der-goebbels-villa-nahe-berlin-ist-geflscht\/\",\"url\":\"https:\/\/belux.edmo.eu\/de\/vertrag-ber-selenskyjs-kauf-der-goebbels-villa-nahe-berlin-ist-geflscht\/\",\"name\":\"Vertrag \u00fcber Selenskyjs Kauf der Goebbels-Villa nahe Berlin ist gef\u00e4lscht - EDMO Belux\",\"isPartOf\":{\"@id\":\"https:\/\/belux.edmo.eu\/#website\"},\"primaryImageOfPage\":{\"@id\":\"https:\/\/belux.edmo.eu\/de\/vertrag-ber-selenskyjs-kauf-der-goebbels-villa-nahe-berlin-ist-geflscht\/#primaryimage\"},\"image\":{\"@id\":\"https:\/\/belux.edmo.eu\/de\/vertrag-ber-selenskyjs-kauf-der-goebbels-villa-nahe-berlin-ist-geflscht\/#primaryimage\"},\"thumbnailUrl\":\"https:\/\/belux-edmo.s3-accelerate.amazonaws.com\/wp-content\/uploads\/2024\/01\/9ee46a7c576d8da005c49f132d0bd51989ce7d14-ipad.jpg\",\"datePublished\":\"2024-01-08T16:40:09+00:00\",\"dateModified\":\"2024-01-09T12:54:58+00:00\",\"breadcrumb\":{\"@id\":\"https:\/\/belux.edmo.eu\/de\/vertrag-ber-selenskyjs-kauf-der-goebbels-villa-nahe-berlin-ist-geflscht\/#breadcrumb\"},\"inLanguage\":\"de-DE\",\"potentialAction\":[{\"@type\":\"ReadAction\",\"target\":[\"https:\/\/belux.edmo.eu\/de\/vertrag-ber-selenskyjs-kauf-der-goebbels-villa-nahe-berlin-ist-geflscht\/\"]}]},{\"@type\":\"ImageObject\",\"inLanguage\":\"de-DE\",\"@id\":\"https:\/\/belux.edmo.eu\/de\/vertrag-ber-selenskyjs-kauf-der-goebbels-villa-nahe-berlin-ist-geflscht\/#primaryimage\",\"url\":\"https:\/\/belux-edmo.s3-accelerate.amazonaws.com\/wp-content\/uploads\/2024\/01\/9ee46a7c576d8da005c49f132d0bd51989ce7d14-ipad.jpg\",\"contentUrl\":\"https:\/\/belux-edmo.s3-accelerate.amazonaws.com\/wp-content\/uploads\/2024\/01\/9ee46a7c576d8da005c49f132d0bd51989ce7d14-ipad.jpg\",\"width\":1080,\"height\":540,\"caption\":\"Vertrag \u00fcber Selenskyjs Kauf der Goebbels-Villa nahe Berlin ist gef\u00e4lscht - Featured image\"},{\"@type\":\"BreadcrumbList\",\"@id\":\"https:\/\/belux.edmo.eu\/de\/vertrag-ber-selenskyjs-kauf-der-goebbels-villa-nahe-berlin-ist-geflscht\/#breadcrumb\",\"itemListElement\":[{\"@type\":\"ListItem\",\"position\":1,\"name\":\"Home\",\"item\":\"https:\/\/belux.edmo.eu\/de\/\"},{\"@type\":\"ListItem\",\"position\":2,\"name\":\"Vertrag \u00fcber Selenskyjs Kauf der Goebbels-Villa nahe Berlin ist gef\u00e4lscht\"}]},{\"@type\":\"WebSite\",\"@id\":\"https:\/\/belux.edmo.eu\/#website\",\"url\":\"https:\/\/belux.edmo.eu\/\",\"name\":\"EDMO Belux\",\"description\":\"Monitoring Disinformation in Belgium and Luxembourg\",\"publisher\":{\"@id\":\"https:\/\/belux.edmo.eu\/#organization\"},\"potentialAction\":[{\"@type\":\"SearchAction\",\"target\":{\"@type\":\"EntryPoint\",\"urlTemplate\":\"https:\/\/belux.edmo.eu\/?s={search_term_string}\"},\"query-input\":{\"@type\":\"PropertyValueSpecification\",\"valueRequired\":true,\"valueName\":\"search_term_string\"}}],\"inLanguage\":\"de-DE\"},{\"@type\":\"Organization\",\"@id\":\"https:\/\/belux.edmo.eu\/#organization\",\"name\":\"EDMO Belux\",\"url\":\"https:\/\/belux.edmo.eu\/\",\"logo\":{\"@type\":\"ImageObject\",\"inLanguage\":\"de-DE\",\"@id\":\"https:\/\/belux.edmo.eu\/#\/schema\/logo\/image\/\",\"url\":\"https:\/\/belux.edmo.eu\/wp-content\/uploads\/2021\/12\/belux-logo-full-color-rgb.svg\",\"contentUrl\":\"https:\/\/belux.edmo.eu\/wp-content\/uploads\/2021\/12\/belux-logo-full-color-rgb.svg\",\"width\":1,\"height\":1,\"caption\":\"EDMO Belux\"},\"image\":{\"@id\":\"https:\/\/belux.edmo.eu\/#\/schema\/logo\/image\/\"},\"sameAs\":[\"https:\/\/x.com\/Edmo_Belux\"]},{\"@type\":\"Person\",\"@id\":\"https:\/\/belux.edmo.eu\/#\/schema\/person\/dbe3b252258537fd318f9b5645a30342\",\"name\":\"master\",\"sameAs\":[\"https:\/\/belux.wpengine.com\"],\"url\":\"https:\/\/belux.edmo.eu\/de\/author\/master\/\"}]}<\/script>\n<!-- \/ Yoast SEO plugin. -->","yoast_head_json":{"title":"Vertrag \u00fcber Selenskyjs Kauf der Goebbels-Villa nahe Berlin ist gef\u00e4lscht - EDMO Belux","robots":{"index":"index","follow":"follow","max-snippet":"max-snippet:-1","max-image-preview":"max-image-preview:large","max-video-preview":"max-video-preview:-1"},"canonical":"https:\/\/belux.edmo.eu\/de\/vertrag-ber-selenskyjs-kauf-der-goebbels-villa-nahe-berlin-ist-geflscht\/","og_locale":"de_DE","og_type":"article","og_title":"Vertrag \u00fcber Selenskyjs Kauf der Goebbels-Villa nahe Berlin ist gef\u00e4lscht - EDMO Belux","og_description":"\"Selensky hat ein Haus gekauft, das dem Propagandaminister des Dritten Reiches geh\u00f6rte\", hei\u00dft es in zahlreichen Beitr\u00e4gen in sozialen Medien von Ende Dezember 2023 in sozialen Medien. Dazu werden Au\u00dfenaufnahmen der Villa Bogensee geteilt, ebenso wie Fotos eines angeblichen Kaufvertrages \u00fcber das Grundst\u00fcck beim brandenburgischen Wandlitz nahe Berlin.\u00a0","og_url":"https:\/\/belux.edmo.eu\/de\/vertrag-ber-selenskyjs-kauf-der-goebbels-villa-nahe-berlin-ist-geflscht\/","og_site_name":"EDMO Belux","article_published_time":"2024-01-08T16:40:09+00:00","article_modified_time":"2024-01-09T12:54:58+00:00","og_image":[{"width":1080,"height":540,"url":"https:\/\/belux-edmo.s3-accelerate.amazonaws.com\/wp-content\/uploads\/2024\/01\/9ee46a7c576d8da005c49f132d0bd51989ce7d14-ipad.jpg","type":"image\/jpeg"}],"author":"master","twitter_card":"summary_large_image","twitter_creator":"@Edmo_Belux","twitter_site":"@Edmo_Belux","twitter_misc":{"Verfasst von":"master","Gesch\u00e4tzte Lesezeit":"6 Minuten"},"schema":{"@context":"https:\/\/schema.org","@graph":[{"@type":"Article","@id":"https:\/\/belux.edmo.eu\/de\/vertrag-ber-selenskyjs-kauf-der-goebbels-villa-nahe-berlin-ist-geflscht\/#article","isPartOf":{"@id":"https:\/\/belux.edmo.eu\/de\/vertrag-ber-selenskyjs-kauf-der-goebbels-villa-nahe-berlin-ist-geflscht\/"},"author":{"name":"master","@id":"https:\/\/belux.edmo.eu\/#\/schema\/person\/dbe3b252258537fd318f9b5645a30342"},"headline":"Vertrag \u00fcber Selenskyjs Kauf der Goebbels-Villa nahe Berlin ist gef\u00e4lscht","datePublished":"2024-01-08T16:40:09+00:00","dateModified":"2024-01-09T12:54:58+00:00","mainEntityOfPage":{"@id":"https:\/\/belux.edmo.eu\/de\/vertrag-ber-selenskyjs-kauf-der-goebbels-villa-nahe-berlin-ist-geflscht\/"},"wordCount":1255,"publisher":{"@id":"https:\/\/belux.edmo.eu\/#organization"},"image":{"@id":"https:\/\/belux.edmo.eu\/de\/vertrag-ber-selenskyjs-kauf-der-goebbels-villa-nahe-berlin-ist-geflscht\/#primaryimage"},"thumbnailUrl":"https:\/\/belux-edmo.s3-accelerate.amazonaws.com\/wp-content\/uploads\/2024\/01\/9ee46a7c576d8da005c49f132d0bd51989ce7d14-ipad.jpg","articleSection":["Fact Check","Politik","Ukraine"],"inLanguage":"de-DE"},{"@type":"WebPage","@id":"https:\/\/belux.edmo.eu\/de\/vertrag-ber-selenskyjs-kauf-der-goebbels-villa-nahe-berlin-ist-geflscht\/","url":"https:\/\/belux.edmo.eu\/de\/vertrag-ber-selenskyjs-kauf-der-goebbels-villa-nahe-berlin-ist-geflscht\/","name":"Vertrag \u00fcber Selenskyjs Kauf der Goebbels-Villa nahe Berlin ist gef\u00e4lscht - EDMO Belux","isPartOf":{"@id":"https:\/\/belux.edmo.eu\/#website"},"primaryImageOfPage":{"@id":"https:\/\/belux.edmo.eu\/de\/vertrag-ber-selenskyjs-kauf-der-goebbels-villa-nahe-berlin-ist-geflscht\/#primaryimage"},"image":{"@id":"https:\/\/belux.edmo.eu\/de\/vertrag-ber-selenskyjs-kauf-der-goebbels-villa-nahe-berlin-ist-geflscht\/#primaryimage"},"thumbnailUrl":"https:\/\/belux-edmo.s3-accelerate.amazonaws.com\/wp-content\/uploads\/2024\/01\/9ee46a7c576d8da005c49f132d0bd51989ce7d14-ipad.jpg","datePublished":"2024-01-08T16:40:09+00:00","dateModified":"2024-01-09T12:54:58+00:00","breadcrumb":{"@id":"https:\/\/belux.edmo.eu\/de\/vertrag-ber-selenskyjs-kauf-der-goebbels-villa-nahe-berlin-ist-geflscht\/#breadcrumb"},"inLanguage":"de-DE","potentialAction":[{"@type":"ReadAction","target":["https:\/\/belux.edmo.eu\/de\/vertrag-ber-selenskyjs-kauf-der-goebbels-villa-nahe-berlin-ist-geflscht\/"]}]},{"@type":"ImageObject","inLanguage":"de-DE","@id":"https:\/\/belux.edmo.eu\/de\/vertrag-ber-selenskyjs-kauf-der-goebbels-villa-nahe-berlin-ist-geflscht\/#primaryimage","url":"https:\/\/belux-edmo.s3-accelerate.amazonaws.com\/wp-content\/uploads\/2024\/01\/9ee46a7c576d8da005c49f132d0bd51989ce7d14-ipad.jpg","contentUrl":"https:\/\/belux-edmo.s3-accelerate.amazonaws.com\/wp-content\/uploads\/2024\/01\/9ee46a7c576d8da005c49f132d0bd51989ce7d14-ipad.jpg","width":1080,"height":540,"caption":"Vertrag \u00fcber Selenskyjs Kauf der Goebbels-Villa nahe Berlin ist gef\u00e4lscht - Featured image"},{"@type":"BreadcrumbList","@id":"https:\/\/belux.edmo.eu\/de\/vertrag-ber-selenskyjs-kauf-der-goebbels-villa-nahe-berlin-ist-geflscht\/#breadcrumb","itemListElement":[{"@type":"ListItem","position":1,"name":"Home","item":"https:\/\/belux.edmo.eu\/de\/"},{"@type":"ListItem","position":2,"name":"Vertrag \u00fcber Selenskyjs Kauf der Goebbels-Villa nahe Berlin ist gef\u00e4lscht"}]},{"@type":"WebSite","@id":"https:\/\/belux.edmo.eu\/#website","url":"https:\/\/belux.edmo.eu\/","name":"EDMO Belux","description":"Monitoring Disinformation in Belgium and Luxembourg","publisher":{"@id":"https:\/\/belux.edmo.eu\/#organization"},"potentialAction":[{"@type":"SearchAction","target":{"@type":"EntryPoint","urlTemplate":"https:\/\/belux.edmo.eu\/?s={search_term_string}"},"query-input":{"@type":"PropertyValueSpecification","valueRequired":true,"valueName":"search_term_string"}}],"inLanguage":"de-DE"},{"@type":"Organization","@id":"https:\/\/belux.edmo.eu\/#organization","name":"EDMO Belux","url":"https:\/\/belux.edmo.eu\/","logo":{"@type":"ImageObject","inLanguage":"de-DE","@id":"https:\/\/belux.edmo.eu\/#\/schema\/logo\/image\/","url":"https:\/\/belux.edmo.eu\/wp-content\/uploads\/2021\/12\/belux-logo-full-color-rgb.svg","contentUrl":"https:\/\/belux.edmo.eu\/wp-content\/uploads\/2021\/12\/belux-logo-full-color-rgb.svg","width":1,"height":1,"caption":"EDMO Belux"},"image":{"@id":"https:\/\/belux.edmo.eu\/#\/schema\/logo\/image\/"},"sameAs":["https:\/\/x.com\/Edmo_Belux"]},{"@type":"Person","@id":"https:\/\/belux.edmo.eu\/#\/schema\/person\/dbe3b252258537fd318f9b5645a30342","name":"master","sameAs":["https:\/\/belux.wpengine.com"],"url":"https:\/\/belux.edmo.eu\/de\/author\/master\/"}]}},"menu_order":0,"_links":{"self":[{"href":"https:\/\/belux.edmo.eu\/de\/wp-json\/wp\/v2\/posts\/312440","targetHints":{"allow":["GET"]}}],"collection":[{"href":"https:\/\/belux.edmo.eu\/de\/wp-json\/wp\/v2\/posts"}],"about":[{"href":"https:\/\/belux.edmo.eu\/de\/wp-json\/wp\/v2\/types\/post"}],"author":[{"embeddable":true,"href":"https:\/\/belux.edmo.eu\/de\/wp-json\/wp\/v2\/users\/1"}],"replies":[{"embeddable":true,"href":"https:\/\/belux.edmo.eu\/de\/wp-json\/wp\/v2\/comments?post=312440"}],"version-history":[{"count":0,"href":"https:\/\/belux.edmo.eu\/de\/wp-json\/wp\/v2\/posts\/312440\/revisions"}],"wp:featuredmedia":[{"embeddable":true,"href":"https:\/\/belux.edmo.eu\/de\/wp-json\/wp\/v2\/media\/312425"}],"wp:attachment":[{"href":"https:\/\/belux.edmo.eu\/de\/wp-json\/wp\/v2\/media?parent=312440"}],"wp:term":[{"taxonomy":"category","embeddable":true,"href":"https:\/\/belux.edmo.eu\/de\/wp-json\/wp\/v2\/categories?post=312440"},{"taxonomy":"post_tag","embeddable":true,"href":"https:\/\/belux.edmo.eu\/de\/wp-json\/wp\/v2\/tags?post=312440"}],"curies":[{"name":"wp","href":"https:\/\/api.w.org\/{rel}","templated":true}]}}