{"id":315287,"date":"2024-01-23T12:23:52","date_gmt":"2024-01-23T12:23:52","guid":{"rendered":"https:\/\/belux.edmo.eu\/?p=315287"},"modified":"2024-01-23T14:41:13","modified_gmt":"2024-01-23T14:41:13","slug":"nein-das-europische-parlament-hat-das-vetorecht-in-der-eu-nicht-abgeschafft","status":"publish","type":"post","link":"https:\/\/belux.edmo.eu\/de\/nein-das-europische-parlament-hat-das-vetorecht-in-der-eu-nicht-abgeschafft\/","title":{"rendered":"Nein, das Europ\u00e4ische Parlament hat das Vetorecht in der EU nicht abgeschafft"},"content":{"rendered":"<p><b>Auch im Vorfeld der Europawahlen im Juni 2024 kursiert Desinformation \u00fcber die EU in Br\u00fcssel, deren Machtverh\u00e4ltnisse und die Gesetzgebungsverfahren der 27 \u2013 gleichberechtigten \u2013 Mitgliedstaaten. Ein Beispiel ist das sogenannte Vetorecht \u2013 der Mechanismus, mit dem zum Beispiel selbst ein verh\u00e4ltnism\u00e4\u00dfig kleiner Mitgliedstaat innerhalb der Union gegen Vorschl\u00e4ge wirtschaftlich st\u00e4rkerer Nachbarn stimmen und diese verhindern kann. Seit Ende 2023 wird eine Falschbehauptung verbreitet, wonach das Europ\u00e4ische Parlament dieses &#8222;Vetorecht&#8220; abgeschafft habe. Die Aussage bezieht sich auf eine Ende November 2023 vom Europ\u00e4ischen Parlament verabschiedete Entschlie\u00dfung, die Zahl der Bereiche, f\u00fcr die eine qualifizierte Mehrheitsentscheidung gen\u00fcgt, zu erweitern. Damit w\u00e4re eine Blockade von Entscheidungen durch ein einzelnes Land nicht mehr m\u00f6glich. Eine solche Resolution ist jedoch nicht bindend, wie mehrere Fachleute gegen\u00fcber AFP erkl\u00e4rten. Am Abstimmungsverfahren in der EU hat sich daher bisher nichts ge\u00e4ndert. Hierf\u00fcr bed\u00fcrfte es einer \u00c4nderung der EU-Vertr\u00e4ge, die einstimmig von den Mitgliedstaaten beschlossen werden m\u00fcsste. Das Europ\u00e4ische Parlament kann eine solche \u00c4nderung nicht einfach alleine bestimmen.<\/b><\/p>\n<p>&#8222;291 Abgeordnete stimmten f\u00fcr eine \u00c4nderung der Europ\u00e4ischen Vertr\u00e4ge, um das Veto-Recht der Mitgliedstaaten abzuschaffen und den EU-Institutionen mehr Macht zuzuschanzen&#8220;, schrieb ein User auf <a href=\"https:\/\/perma.cc\/F7NP-3RMY\" target=\"_blank\" rel=\"noopener\" shape=\"rect\">Facebook<\/a>.\u00a0Die Aussage kursiert seit Ende November 2023 in <a href=\"https:\/\/perma.cc\/5T5N-GXSB\" shape=\"rect\">sozialen Medien<\/a>.\u00a0&#8222;Die europ\u00e4ischen Gesetzgeber stimmten (&#8230;) Pl\u00e4nen zu, das nationale Vetorecht f\u00fcr EU-Mitgliedstaaten aufzuheben&#8220;, hei\u00dft es etwa in einem anderen <a href=\"https:\/\/perma.cc\/7PMH-C3HL\" target=\"_blank\" rel=\"noopener\" shape=\"rect\">Beitrag<\/a>.<\/p>\n<p>Auch auf anderen Plattformen wie\u00a0<a href=\"https:\/\/perma.cc\/7XP4-NL6G\" target=\"_blank\" rel=\"noopener\" shape=\"rect\">Telegram<\/a> wird die Behauptung vielfach verbreitet. Auf\u00a0<a href=\"https:\/\/perma.cc\/JH74-CQLA?type=standard\" target=\"_blank\" rel=\"noopener\" shape=\"rect\">Franz\u00f6sisch<\/a> wurde\u00a0die Aussage ebenfalls geteilt \u2013 unter anderem auch von <a href=\"https:\/\/perma.cc\/4ZBX-ZL45\" target=\"_blank\" rel=\"noopener\" shape=\"rect\">franz\u00f6sischen Politikern<\/a>.<\/p>\n<p>H\u00e4ufig teilen Nutzerinnen und Nutzer zudem Artikel des \u00f6sterreichischen Online-Senders &#8222;<a href=\"https:\/\/perma.cc\/M5CD-XPGF\" target=\"_blank\" rel=\"noopener\" shape=\"rect\">AUF1<\/a>&#8220; und des \u00f6sterreichischen Blogs &#8222;<a href=\"https:\/\/perma.cc\/7BEL-8HNH\" target=\"_blank\" rel=\"noopener\" shape=\"rect\">tkp<\/a>&#8220; zu diesem Thema. Diese haben bereits in der Vergangenheit mehrfach Falschinformationen verbreitet, die AFP etwa <a href=\"https:\/\/faktencheck.afp.com\/doc.afp.com.33ZL3RV\" target=\"_blank\" rel=\"noopener\" shape=\"rect\">hier<\/a> oder <a href=\"https:\/\/faktencheck.afp.com\/doc.afp.com.33QQ6WT\" target=\"_blank\" rel=\"noopener\" shape=\"rect\">hier<\/a> \u00fcberpr\u00fcft hat.<\/p>\n<div class=\"g2image\">\n<figure><img src=\"https:\/\/belux-edmo.s3-accelerate.amazonaws.com\/wp-content\/uploads\/2024\/01\/c145b8c90b178bee9ddd95469da32464a6ef6b91-ipad.jpg\" \/><figcaption>Facebook-Screenshot der Behauptung: 15. Januar 2024<\/figcaption><\/figure>\n<\/div>\n<p>Die n\u00e4chste <a href=\"https:\/\/perma.cc\/4L8H-WU97\" shape=\"rect\">Wahl zum Europ\u00e4ischen Parlament<\/a> findet im <a href=\"https:\/\/perma.cc\/GPH5-5DYG\" target=\"_blank\" rel=\"noopener\" shape=\"rect\">Juni 2024<\/a> statt. Immer wieder ist die Europ\u00e4ische Union \u2013 auch im Vorfeld der Wahlen \u2013 Gegenstand von Falschbehauptungen in sozialen Medien. AFP hat diese in der Vergangenheit etwa <a href=\"https:\/\/faktencheck.afp.com\/doc.afp.com.33WR3Z4\" shape=\"rect\">hier<\/a> \u00fcberpr\u00fcft.<\/p>\n<p>Die aktuell geteilten Ver\u00f6ffentlichungen beziehen sich auf eine\u00a0<a href=\"https:\/\/www.europarl.europa.eu\/doceo\/document\/TA-9-2023-0427_DE.html\" target=\"_blank\" rel=\"noopener\" shape=\"rect\">Entschlie\u00dfung des Europ\u00e4ischen Parlaments vom 22. November 2023<\/a> &#8222;zu Entw\u00fcrfen des Europ\u00e4ischen Parlaments zur \u00c4nderung der Vertr\u00e4ge&#8220; (<a href=\"https:\/\/perma.cc\/H3GX-AHAN\" target=\"_blank\" rel=\"noopener\" shape=\"rect\">hier<\/a> archiviert), die von der EU-Institution angenommen wurde. Dieser nicht bindende Text \u00e4ndert in seiner jetzigen Form jedoch nichts an der derzeitigen Abstimmungspraxis der EU-Mitgliedstaaten, wie mehrere Fachleute f\u00fcr Europarecht gegen\u00fcber AFP erkl\u00e4rten.<\/p>\n<p>&#8222;Die Behauptung ist aus mehreren Gr\u00fcnden, die mit der Natur des vom Europ\u00e4ischen Parlament verabschiedeten Rechtsakts, dem f\u00fcr die \u00c4nderung der Vertr\u00e4ge erforderlichen Verfahren und der Realit\u00e4t der Entscheidungsprozesse in der Europ\u00e4ischen Union zusammenh\u00e4ngen, falsch&#8220;, erkl\u00e4rte etwa <a href=\"https:\/\/perma.cc\/D9JL-5F5A\" target=\"_blank\" rel=\"noopener\" shape=\"rect\">Fran\u00e7ois-Vivien Guiot<\/a>, Dozent am <a href=\"https:\/\/perma.cc\/6FDQ-RGQU\" shape=\"rect\">Coll\u00e8ge d&#8217;\u00c9tudes Europ\u00e9ennes et Internationales<\/a> der franz\u00f6sischen Universit\u00e4t Pau am 29. November 2023 gegen\u00fcber AFP.<\/p>\n<p>&#8222;Das Europ\u00e4ische Parlament hat eine Entschlie\u00dfung verabschiedet. Aber es ist ein Text, der keine Rechtskraft hat. Es ist einfach eine Meinung, in der zum Ausdruck gebracht wird, wie es die Zukunft der europ\u00e4ischen Institutionen sieht&#8220;, erl\u00e4uterte\u00a0<a href=\"https:\/\/perma.cc\/EXB7-SPY5\" target=\"_blank\" rel=\"noopener\" shape=\"rect\">Christine Verger<\/a>, Vizepr\u00e4sidentin des <a href=\"https:\/\/perma.cc\/G2QH-PYPX\" target=\"_blank\" rel=\"noopener\" shape=\"rect\">europ\u00e4ischen Forschungsinstituts Jacques Delors<\/a>, am 28. November 2023 gegen\u00fcber AFP.<\/p>\n<p>In der Resolution wird vorgeschlagen, die Anzahl der Bereiche zu erweitern, in denen gemeinschaftliche Entscheidungen der Mitgliedstaaten mit <a href=\"https:\/\/web.archive.org\/web\/20240122195848\/https:\/\/www.consilium.europa.eu\/de\/council-eu\/voting-system\/qualified-majority\/#:~:text=Verst%C3%A4rkte%20qualifizierte%20Mehrheit&amp;amp;text=Mindestens%2072%20%25%20der%20Mitgliedstaaten%20stimmen,der%20Gesamtbev%C3%B6lkerung%20der%20EU%20ausmachen.\" shape=\"rect\">qualifizierter Mehrheit<\/a> statt einstimmig getroffen werden sollen \u2013 was in sozialen Medien mitunter als eine effektive Abschaffung des &#8222;Vetorechts&#8220; der einzelnen Staaten dargestellt wird.<\/p>\n<p>&nbsp;<\/p>\n<div class=\"g2image\">\n<figure><img src=\"https:\/\/belux-edmo.s3-accelerate.amazonaws.com\/wp-content\/uploads\/2024\/01\/4518d46fd0b25c2d3151c687514cb546ad47d6b7-ipad.jpg\" \/><figcaption>Abgeordnete bei einer Abstimmungssitzung im Europ\u00e4ischen Parlament in Stra\u00dfburg am 22. November 2023 &#8211; FREDERICK FLORIN \/ AFP<\/figcaption><\/figure>\n<\/div>\n<p><b>Abstimmung der Mitgliedstaaten \u00fcber EU-Ma\u00dfnahmen<\/b><\/p>\n<p>Der\u00a0<a href=\"https:\/\/perma.cc\/8H8B-Z2BC\" target=\"_blank\" rel=\"noopener\" shape=\"rect\">Rat der Europ\u00e4ischen Union<\/a> besteht aus den Ministerinnen und Ministern der Mitgliedstaaten, die sich mehrmals im Jahr in ihren jeweiligen Politikbereichen treffen, um die Gesetzesentw\u00fcrfe der Europ\u00e4ischen Kommission anzunehmen, abzulehnen oder zu \u00e4ndern. Der Rat der EU vertritt die Mitgliedstaaten der Europ\u00e4ischen Union und \u00fcbt die gesetzgebende Rolle der EU mit dem Europ\u00e4ischen Parlament (das die B\u00fcrgerinnen und B\u00fcrger vertritt) aus.<\/p>\n<p>Je nach Bereich stimmt der Rat der Europ\u00e4ischen Union in den \u00fcberwiegenden F\u00e4llen entweder mit qualifizierter Mehrheit oder einstimmig ab. Wie der Rat der Europ\u00e4ischen Union auf seiner <a href=\"https:\/\/web.archive.org\/web\/20230310152300\/https:\/\/www.consilium.europa.eu\/de\/council-eu\/voting-system\/unanimity\/\" target=\"_blank\" rel=\"noopener\" shape=\"rect\">Website<\/a> ausf\u00fchrlich erl\u00e4utert, betrifft die Einstimmigkeit eine begrenzte Anzahl von Angelegenheiten, die von den Mitgliedstaaten als &#8222;<a href=\"https:\/\/perma.cc\/8H8B-Z2BC\" target=\"_blank\" rel=\"noopener\" shape=\"rect\">sensibel<\/a>&#8220; betrachtet werden, wie die gemeinsame Au\u00dfen- und Sicherheitspolitik, B\u00fcrgerrechte, die EU-Mitgliedschaft oder EU-Finanzen. In diesen Bereichen kann bei fehlender Einstimmigkeit \u2013 also wenn nur einer der Mitgliedstaaten dagegen stimmt, wobei eine Stimmenthaltung nicht als &#8222;Gegenstimme&#8220; z\u00e4hlt \u2013 keine Entscheidung getroffen werden: Auf diese Art von &#8222;Vetorecht&#8220; beziehen sich die aktuell geteilten Behauptungen.<\/p>\n<p>Der Rat der Europ\u00e4ischen Union stimmt \u2013 abgesehen von diesen wenigen konkreten Bereichen \u2013 bei rund 80 Prozent der EU-Gesetzgebung mit\u00a0<a href=\"https:\/\/web.archive.org\/web\/2\/https:\/\/www.consilium.europa.eu\/de\/council-eu\/voting-system\/qualified-majority\/#:~:text=Verst%C3%A4rkte%20qualifizierte%20Mehrheit&amp;text=Mindestens%2072%20%25%20der%20Mitgliedstaaten%20stimmen,der%20Gesamtbev%C3%B6lkerung%20der%20EU%20ausmachen.\" target=\"_blank\" rel=\"noopener\" shape=\"rect\">qualifizierter Mehrheit<\/a> ab, die unter zwei Bedingungen erreicht wird: wenn 55 Prozent der Mitgliedstaaten, also 15 von 27, f\u00fcr den Vorschlag gestimmt haben und wenn dieser von Mitgliedstaaten unterst\u00fctzt wird, die zusammen mindestens 65 Prozent der Gesamtbev\u00f6lkerung der EU ausmachen.<\/p>\n<p><b>Einstimmigkeitsprinzip ist umstritten<\/b><\/p>\n<p>Die Idee, das Einstimmigkeitsprinzip in bestimmten Bereichen durch Abstimmungen mit qualifizierter Mehrheit (kurzfristig) zu ersetzen, wird von <a href=\"https:\/\/perma.cc\/ZB32-Q32T\" target=\"_blank\" rel=\"noopener\" shape=\"rect\">einigen Politikerinnen und Politikern<\/a> mit der Hoffnung bef\u00fcrwortet, auf diese Weise politische Blockaden bei bestimmten Themen zu vermeiden und den Entscheidungsprozess der Mitgliedstaaten fl\u00fcssiger zu gestalten. Das Argument einer gr\u00f6\u00dferen Effizienz der EU wurde beispielsweise vom franz\u00f6sischen Pr\u00e4sidenten Emmanuel Macron im\u00a0<a href=\"https:\/\/perma.cc\/MQ3T-QAGG\" target=\"_blank\" rel=\"noopener\" shape=\"rect\">Mai 2022<\/a> vorgebracht, als er\u00a0die M\u00f6glichkeit einer &#8222;<a href=\"https:\/\/perma.cc\/7U9J-ELFC\" target=\"_blank\" rel=\"noopener\" shape=\"rect\">Verallgemeinerung der Abstimmung mit qualifizierter Mehrheit<\/a>&#8220; erw\u00e4hnte.<\/p>\n<p>Bef\u00fcrworterinnen und Bef\u00fcrworter einer solchen \u00c4nderung sind der Meinung, dass dadurch die systematischen Blockaden, die durch die Einstimmigkeit erm\u00f6glicht werden, vermieden werden k\u00f6nnten. Dies ist etwa vor dem Hintergrund der wiederkehrenden Spannungen mit Ungarn unter <a href=\"https:\/\/perma.cc\/76H2-K7ZB\" target=\"_blank\" rel=\"noopener\" shape=\"rect\">Ministerpr\u00e4sident Viktor Orb\u00e1n<\/a> zu sehen, die insbesondere die Unabh\u00e4ngigkeit der Justiz, die Migrationspolitik oder die <a href=\"https:\/\/faktencheck.afp.com\/doc.afp.com.336X73B\" target=\"_blank\" rel=\"noopener\" shape=\"rect\">Rechte der LGBTQ-Gemeinschaft<\/a> betreffen.<\/p>\n<p><span style=\"color: #000000;\">&#8222;Die M\u00f6glichkeit der Blockade Ungarns angesichts der Bereitschaft anderer Staaten, Russland zu sanktionieren, hat das Gef\u00fchl einer notwendigen Reform hervorgerufen. Die Ausweitung einer Abstimmung mit qualifizierter Mehrheit in diesem Bereich kann zwar formal als Verlust einer Vetomacht verstanden werden \u2013 aber ist es aus demokratischer Sicht normal, dass Vertreter von 26 Staaten durch die Vertreter eines einzigen Staates am Handeln gehindert <\/span>werden?&#8220;, analysierte Fran\u00e7ois-Vivien Guiot.\u00a0&#8222;In der Praxis wird ein einzelner Staat im Rat n\u00e4mlich immer sehr stark unter Druck gesetzt, was ihn meistens dazu bringt, seine Position aufzugeben. Die Staaten verhandeln immer \u00fcber mehrere Fragen gleichzeitig und es werden \u00fcbergreifende Abw\u00e4gungen getroffen. Es ist au\u00dferdem anzumerken, dass bei einer m\u00f6glichen Abschaffung der Einstimmigkeit die Praxis dennoch dazu f\u00fchrt, dass die Staaten es vorziehen, einen Konsens zu finden, anstatt mit Gewalt vorzugehen&#8220;, fuhr er fort.<\/p>\n<p>Im Gegensatz dazu verteidigen Bef\u00fcrworterinnen und Bef\u00fcrworter einer Beibehaltung des Einstimmigkeitsprinzips in den von diesem Abstimmungsmodus betroffenen Bereichen das Prinzip der Gleichheit, das dadurch zwischen jedem EU-Mitgliedstaat hergestellt w\u00fcrde \u2013 unabh\u00e4ngig von seinem demographischen Gewicht. Bei der Abstimmung mit qualifizierter Mehrheit wird zum Teil die Bev\u00f6lkerungszahl ber\u00fccksichtigt.<\/p>\n<div class=\"g2image\">\n<figure><img src=\"https:\/\/belux-edmo.s3-accelerate.amazonaws.com\/wp-content\/uploads\/2024\/01\/2ee2d26f3ffa5cda0dd216cafc7e32560f0d99b9-ipad.jpg\" \/><figcaption>Abgeordnete bei einer Abstimmungssitzung im Europ\u00e4ischen Parlament in Stra\u00dfburg am 22. November 2023 &#8211; FREDERICK FLORIN \/ AFP<\/figcaption><\/figure>\n<\/div>\n<p><b>Entschlie\u00dfung vom 22. November 2023<\/b><\/p>\n<p><span style=\"color: #000000;\">F\u00fcr H\u00e9l\u00e8ne Gaudin steht die am 22. November 2023 vom Europ\u00e4ischen Parlament verabschiedete <a href=\"https:\/\/perma.cc\/H3GX-AHAN\" target=\"_blank\" rel=\"noopener\" shape=\"rect\">Entschlie\u00dfung<\/a> &#8222;f\u00fcr eine bestimmte Vision von Europa&#8220;, die von den Staaten unabh\u00e4ngiger sei und &#8222;in gewisser Weise eine f\u00f6deralistischere Vision von Europa vertritt&#8220;.\u00a0<\/span><\/p>\n<p>Die Entschlie\u00dfung schl\u00e4gt in ihrem Abschnitt \u00fcber Vorschl\u00e4ge f\u00fcr institutionelle Reformen vor, dass &#8222;die Zahl der Bereiche, in denen Ma\u00dfnahmen im Wege der Beschlussfassung mit qualifizierter Mehrheit (BQM) und im Rahmen des ordentlichen Gesetzgebungsverfahrens beschlossen werden, erheblich erh\u00f6ht wird&#8220;. Im Bereich der Au\u00dfen-, Sicherheits- und Verteidigungspolitik wird in der Entschlie\u00dfung vorgeschlagen, dass &#8222;Beschl\u00fcsse \u00fcber Sanktionen, Zwischenschritte im Erweiterungsprozess und andere au\u00dfenpolitische Entscheidungen&#8220; mit qualifizierter Mehrheit gefasst werden.<\/p>\n<p>Vor allem aber pl\u00e4diert die Resolution f\u00fcr eine \u00dcberarbeitung der EU-Vertr\u00e4ge und fordert den <a href=\"https:\/\/web.archive.org\/web\/20230615235812\/https:\/\/www.consilium.europa.eu\/de\/european-council\/\" target=\"_blank\" rel=\"noopener\" shape=\"rect\">Europ\u00e4ischen Rat<\/a> \u2013 der sich aus den Regierungschefs der einzelnen Mitgliedstaaten zusammensetzt und die politischen Leitlinien und Priorit\u00e4ten der EU festlegt (<a href=\"https:\/\/web.archive.org\/web\/20230611123425\/https:\/\/www.consilium.europa.eu\/de\/council-eu\/what-is-the-council\/\" target=\"_blank\" rel=\"noopener\" shape=\"rect\">nicht zu verwechseln mit dem Rat der EU<\/a>) \u2013 auf, einen\u00a0Konvent zu diesem Thema einzuberufen.<\/p>\n<p><b>Entschlie\u00dfung hat keine bindende Wirkung<\/b><\/p>\n<p>Dieser Text ist jedoch nicht bindend, betonte Fran\u00e7ois-Vivien Guiot: &#8222;Die verabschiedete Entschlie\u00dfung ist kein normativer Akt. Sie hat keine rechtliche Wirkung, sondern manifestiert eine politische Position des Organs. Mit dieser Resolution fordert das Europ\u00e4ische Parlament eine \u00dcberarbeitung der Vertr\u00e4ge und schl\u00e4gt \u00c4nderungen an den geltenden Vertr\u00e4gen vor.&#8220;<\/p>\n<p>H\u00e9l\u00e8ne Gaudin stimmte zu: &#8222;Das Europ\u00e4ische Parlament hat lediglich vorgeschlagen, das Einstimmigkeitsprinzip abzuschaffen, also die qualifizierte Mehrheit zur Regel (&#8230;) zu machen.&#8220; Die Behauptungen in sozialen Medien liegen &#8222;sehr weitgehend in der Fantasie, denn es ist nur ein Vorschlag&#8220;.<\/p>\n<p>&nbsp;<\/p>\n<div class=\"g2image\">\n<figure><img src=\"https:\/\/belux-edmo.s3-accelerate.amazonaws.com\/wp-content\/uploads\/2024\/01\/f514620486f6c39eb1cbd36806f5d8d2f66c33a8-ipad.jpg\" \/><figcaption>Abgeordnete bei einer Abstimmungssitzung im Europ\u00e4ischen Parlament in Stra\u00dfburg am 22. November 2023 &#8211; FREDERICK FLORIN \/ AFP<\/figcaption><\/figure>\n<\/div>\n<p><b>Schwerer Prozess der \u00dcberarbeitung der EU-Vertr\u00e4ge<\/b><\/p>\n<p>Damit die\u00a0Vorschl\u00e4ge wirksam werden k\u00f6nnten, ist eine <a href=\"https:\/\/perma.cc\/DMK5-7935\" target=\"_blank\" rel=\"noopener\" shape=\"rect\">\u00c4nderung der EU-Vertr\u00e4ge<\/a> erforderlich. Hierbei handelt es sich um ein langes und kompliziertes Verfahren, das in <a href=\"https:\/\/eur-lex.europa.eu\/legal-content\/DE\/TXT\/HTML\/?uri=CELEX:12012M\/TXT\" target=\"_blank\" rel=\"noopener\" shape=\"rect\">Artikel 48<\/a> des Vertrags \u00fcber die Europ\u00e4ische Union festgelegt ist (<a href=\"https:\/\/perma.cc\/DN34-8TZE\" target=\"_blank\" rel=\"noopener\" shape=\"rect\">hier<\/a> archiviert).<\/p>\n<p><span style=\"color: #e03e2d;\"><span style=\"color: #000000;\">&#8222;Dieses ordentliche \u00c4nderungsverfahren beruht auf einem sehr schwerf\u00e4lligen Prozess, bei dem die Staaten das letzte Wort haben&#8220;, best\u00e4tigte Fran\u00e7ois-Vivien Guiot. <\/span><\/span><span style=\"color: #000000;\">Um angenommen zu werden, muss ein Entwurf zur \u00c4nderung der Vertr\u00e4ge, der vom Europ\u00e4ischen Parlament, der Europ\u00e4ischen Kommission oder nationalen Regierungen vorgelegt wird, dem Europ\u00e4ischen Rat und den nationalen Parlamenten \u00fcbermittelt werden. Dem Europ\u00e4ischen Rat steht es dann frei, diesen Entwurf abzulehnen oder die Initiative fortzusetzen.<\/span><\/p>\n<p>Im zweiten Szenario muss er einen Konvent einberufen, in dem Vertreter des Europ\u00e4ischen Parlaments, der Europ\u00e4ischen Kommission, der nationalen Parlamente und Regierungen zusammenkommen, um den Entwurf zu pr\u00fcfen und zu \u00e4ndern. Der Text wird dann einer Konferenz der Vertreter der Regierungen der Mitgliedstaaten vorgelegt, die sich auf die \u00c4nderungen des Vertrags einigen m\u00fcssen. Die\u00a0<span style=\"color: #e03e2d;\"><span style=\"color: #000000;\">Regierungskonferenz muss die \u00c4nderungsvorschl\u00e4ge einvernehmlich annehmen: Es w\u00fcrde also f\u00fcr die Ablehnung des Entwurfs gen\u00fcgen, wenn ein einziger Staat dagegen w\u00e4re. <\/span><\/span>Die \u00c4nderungen treten schlie\u00dflich erst in Kraft, nachdem sie von allen Mitgliedstaaten ratifiziert worden sind.<\/p>\n<p><b>Einstimmigkeit der Mitgliedstaaten bei Vertrags\u00e4nderung<\/b><\/p>\n<p>Die Postings in sozialen Medien vergessen laut\u00a0Christine Verger auf die &#8222;nationale Souver\u00e4nit\u00e4t&#8220;, die f\u00fcr die Vornahme dieser Art von \u00c4nderungen gelte. &#8222;Es sind die Staaten, die entscheiden. Jedes Mal, wenn es eine institutionelle \u00c4nderung gibt, ist sie Gegenstand eines Vertrags, der von allen Mitgliedstaaten unterzeichnet und von den Parlamenten aller Mitgliedstaaten ratifiziert werden muss. Es ist rechtlich und sogar politisch unm\u00f6glich, dass das Europ\u00e4ische Parlament in dieser Angelegenheit irgendetwas beschlie\u00dft&#8220;, erl\u00e4uterte sie weiter.<\/p>\n<p>F\u00fcr eine solche \u00c4nderung &#8222;m\u00fcssen die Staaten auf allen Ebenen und einstimmig zustimmen&#8220;, meinte auch H\u00e9l\u00e8ne Gaudin. &#8222;Das ist der Schl\u00fcssel zur Tatsache, dass die Europ\u00e4ische Union kein Staat ist, denn die Staaten k\u00f6nnen immer blockieren: Im deutschen Recht sagt man, dass die Staaten die Herren der Vertr\u00e4ge sind, weil sie entscheiden, ob sie diese annehmen wollen oder nicht.&#8220;<\/p>\n<p>Fran\u00e7ois-Vivien Guiot stimmte ebenfalls zu: &#8222;Die Umsetzung der vom Europ\u00e4ischen Parlament (in seiner Entschlie\u00dfung vom 22. November 2023, Anm. d. Red.) angeregten Entwicklungen ist eine noch ferne Perspektive, und sie kann ohne eine einstimmige und wiederholte Zustimmung der Staaten nicht Realit\u00e4t werden.&#8220;<\/p>\n<p>Im Mai 2022, nach dem Pl\u00e4doyer des franz\u00f6sischen Pr\u00e4sidenten Macron f\u00fcr eine allgemeine Abstimmung mit qualifizierter Mehrheit, hatten etwa 13 Mitgliedstaaten in einer <a href=\"https:\/\/perma.cc\/9MTY-Y79C\" target=\"_blank\" rel=\"noopener\" shape=\"rect\">gemeinsamen Erkl\u00e4rung<\/a> Widerstand gegen eine derartige Reform sowie auch gegen eine \u00c4nderung der Vertr\u00e4ge angek\u00fcndigt. Das veranschaulicht, dass es nicht einfach m\u00f6glich\u00a0ist, dass eine solche \u00c4nderung in Kraft treten wird.<\/p>\n<p><span style=\"color: #000000;\"><strong>Fazit: <\/strong>Online hei\u00dft es f\u00e4lschlich, das Europ\u00e4ische Parlament habe das &#8222;Vetorecht&#8220; der EU-L\u00e4nder abgeschafft, indem es in mehreren Bereichen das Einstimmigkeitsprinzip durch Abstimmungen mit qualifizierter Mehrheit ersetzt habe. In einer Ende 2023 vom Europ\u00e4ischen Parlament verabschiedeten Entschlie\u00dfung wird allerdings nur vorgeschlagen, die Zahl der Bereiche mit Mehrheitsentscheidungen zu erweitern. Eine solche Resolution ist jedoch nicht bindend. F\u00fcr eine \u00c4nderung des Abstimmungsverfahren br\u00e4uchte es eine \u00c4nderung der EU-Vertr\u00e4ge, die einstimmig von den Mitgliedstaaten beschlossen werden m\u00fcsste. Das Europ\u00e4ische Parlament kann eine solche \u00c4nderung nicht einfach alleine bestimmen.<\/span><\/p>\n","protected":false},"excerpt":{"rendered":"<p>&#8222;291 Abgeordnete stimmten f\u00fcr eine \u00c4nderung der Europ\u00e4ischen Vertr\u00e4ge, um das Veto-Recht der Mitgliedstaaten abzuschaffen und den EU-Institutionen mehr Macht zuzuschanzen&#8220;, schrieb ein User auf Facebook.\u00a0Die Aussage kursiert seit Ende November 2023 in sozialen Medien.\u00a0&#8222;Die europ\u00e4ischen Gesetzgeber stimmten (&#8230;) Pl\u00e4nen zu, das nationale Vetorecht f\u00fcr EU-Mitgliedstaaten aufzuheben&#8220;, hei\u00dft es etwa in einem anderen Beitrag.<\/p>\n","protected":false},"author":1,"featured_media":315262,"comment_status":"closed","ping_status":"open","sticky":false,"template":"","format":"standard","meta":{"_acf_changed":false,"footnotes":""},"categories":[127,133],"tags":[],"class_list":{"0":"post-315287","1":"post","2":"type-post","3":"status-publish","4":"format-standard","5":"has-post-thumbnail","7":"category-fact-check-de","8":"category-politics-de"},"acf":{"show_metatags":true,"id":"http:\/\/doc.afp.com\/34F69YB","authors":"Alexis ORSINI \/ Katharina ZWINS \/ AFP Frankreich","organization":"AFP","featured_image_copyright":"","text_copyright":"\u00a9 AGENCE FRANCE-PRESSE | 2024 | Alle Rechte vorbehalten. Jede Nutzung von AFP-Inhalten auf dieser Website unterliegt den Nutzungsbedingungen auf <a href='https:\/\/www.afp.com\/en\/terms-use' target='_blank'>CGU<\/a>. Durch den Zugriff auf die auf dieser Website verf\u00fcgbaren AFP-Inhalte und\/oder deren Nutzung erkl\u00e4ren Sie sich mit den oben genannten Nutzungsbedingungen einverstanden. Jede Nutzung von AFP-Inhalten erfolgt unter Ihrer alleinigen und vollen Verantwortung.","source":"https:\/\/faktencheck.afp.com\/doc.afp.com.34F69YB","fact_checker":"https:\/\/belux.wpengine.com\/wp-content\/uploads\/2021\/12\/afp_logo.png","type":"Closed Event","location":"","start_date":"","start_date_event_begins_at":"","start_date_event_ends_at":"","end_date":"","end_date_event_begins_at":"","end_date_event_ends_at":"","organizer":"","fact_checker_logo_image":false},"yoast_head":"<!-- This site is optimized with the Yoast SEO plugin v27.0 - https:\/\/yoast.com\/product\/yoast-seo-wordpress\/ -->\n<title>Nein, das Europ\u00e4ische Parlament hat das Vetorecht in der EU nicht abgeschafft - EDMO Belux<\/title>\n<meta name=\"robots\" content=\"index, follow, max-snippet:-1, max-image-preview:large, max-video-preview:-1\" \/>\n<link rel=\"canonical\" href=\"https:\/\/belux.edmo.eu\/de\/nein-das-europische-parlament-hat-das-vetorecht-in-der-eu-nicht-abgeschafft\/\" \/>\n<meta property=\"og:locale\" content=\"de_DE\" \/>\n<meta property=\"og:type\" content=\"article\" \/>\n<meta property=\"og:title\" content=\"Nein, das Europ\u00e4ische Parlament hat das Vetorecht in der EU nicht abgeschafft - EDMO Belux\" \/>\n<meta property=\"og:description\" content=\"&quot;291 Abgeordnete stimmten f\u00fcr eine \u00c4nderung der Europ\u00e4ischen Vertr\u00e4ge, um das Veto-Recht der Mitgliedstaaten abzuschaffen und den EU-Institutionen mehr Macht zuzuschanzen&quot;, schrieb ein User auf Facebook.\u00a0Die Aussage kursiert seit Ende November 2023 in sozialen Medien.\u00a0&quot;Die europ\u00e4ischen Gesetzgeber stimmten (...) Pl\u00e4nen zu, das nationale Vetorecht f\u00fcr EU-Mitgliedstaaten aufzuheben&quot;, hei\u00dft es etwa in einem anderen Beitrag.\" \/>\n<meta property=\"og:url\" content=\"https:\/\/belux.edmo.eu\/de\/nein-das-europische-parlament-hat-das-vetorecht-in-der-eu-nicht-abgeschafft\/\" \/>\n<meta property=\"og:site_name\" content=\"EDMO Belux\" \/>\n<meta property=\"article:published_time\" content=\"2024-01-23T12:23:52+00:00\" \/>\n<meta property=\"article:modified_time\" content=\"2024-01-23T14:41:13+00:00\" \/>\n<meta property=\"og:image\" content=\"https:\/\/belux-edmo.s3-accelerate.amazonaws.com\/wp-content\/uploads\/2024\/01\/f8463e270f91feee221e23be8b830ba9945bd525-ipad.jpg\" \/>\n\t<meta property=\"og:image:width\" content=\"1080\" \/>\n\t<meta property=\"og:image:height\" content=\"540\" \/>\n\t<meta property=\"og:image:type\" content=\"image\/jpeg\" \/>\n<meta name=\"author\" content=\"master\" \/>\n<meta name=\"twitter:card\" content=\"summary_large_image\" \/>\n<meta name=\"twitter:creator\" content=\"@Edmo_Belux\" \/>\n<meta name=\"twitter:site\" content=\"@Edmo_Belux\" \/>\n<meta name=\"twitter:label1\" content=\"Verfasst von\" \/>\n\t<meta name=\"twitter:data1\" content=\"master\" \/>\n\t<meta name=\"twitter:label2\" content=\"Gesch\u00e4tzte Lesezeit\" \/>\n\t<meta name=\"twitter:data2\" content=\"9 Minuten\" \/>\n<script type=\"application\/ld+json\" class=\"yoast-schema-graph\">{\"@context\":\"https:\/\/schema.org\",\"@graph\":[{\"@type\":\"Article\",\"@id\":\"https:\/\/belux.edmo.eu\/de\/nein-das-europische-parlament-hat-das-vetorecht-in-der-eu-nicht-abgeschafft\/#article\",\"isPartOf\":{\"@id\":\"https:\/\/belux.edmo.eu\/de\/nein-das-europische-parlament-hat-das-vetorecht-in-der-eu-nicht-abgeschafft\/\"},\"author\":{\"name\":\"master\",\"@id\":\"https:\/\/belux.edmo.eu\/#\/schema\/person\/dbe3b252258537fd318f9b5645a30342\"},\"headline\":\"Nein, das Europ\u00e4ische Parlament hat das Vetorecht in der EU nicht abgeschafft\",\"datePublished\":\"2024-01-23T12:23:52+00:00\",\"dateModified\":\"2024-01-23T14:41:13+00:00\",\"mainEntityOfPage\":{\"@id\":\"https:\/\/belux.edmo.eu\/de\/nein-das-europische-parlament-hat-das-vetorecht-in-der-eu-nicht-abgeschafft\/\"},\"wordCount\":2062,\"publisher\":{\"@id\":\"https:\/\/belux.edmo.eu\/#organization\"},\"image\":{\"@id\":\"https:\/\/belux.edmo.eu\/de\/nein-das-europische-parlament-hat-das-vetorecht-in-der-eu-nicht-abgeschafft\/#primaryimage\"},\"thumbnailUrl\":\"https:\/\/belux-edmo.s3-accelerate.amazonaws.com\/wp-content\/uploads\/2024\/01\/f8463e270f91feee221e23be8b830ba9945bd525-ipad.jpg\",\"articleSection\":[\"Fact Check\",\"Politik\"],\"inLanguage\":\"de-DE\"},{\"@type\":\"WebPage\",\"@id\":\"https:\/\/belux.edmo.eu\/de\/nein-das-europische-parlament-hat-das-vetorecht-in-der-eu-nicht-abgeschafft\/\",\"url\":\"https:\/\/belux.edmo.eu\/de\/nein-das-europische-parlament-hat-das-vetorecht-in-der-eu-nicht-abgeschafft\/\",\"name\":\"Nein, das Europ\u00e4ische Parlament hat das Vetorecht in der EU nicht abgeschafft - EDMO Belux\",\"isPartOf\":{\"@id\":\"https:\/\/belux.edmo.eu\/#website\"},\"primaryImageOfPage\":{\"@id\":\"https:\/\/belux.edmo.eu\/de\/nein-das-europische-parlament-hat-das-vetorecht-in-der-eu-nicht-abgeschafft\/#primaryimage\"},\"image\":{\"@id\":\"https:\/\/belux.edmo.eu\/de\/nein-das-europische-parlament-hat-das-vetorecht-in-der-eu-nicht-abgeschafft\/#primaryimage\"},\"thumbnailUrl\":\"https:\/\/belux-edmo.s3-accelerate.amazonaws.com\/wp-content\/uploads\/2024\/01\/f8463e270f91feee221e23be8b830ba9945bd525-ipad.jpg\",\"datePublished\":\"2024-01-23T12:23:52+00:00\",\"dateModified\":\"2024-01-23T14:41:13+00:00\",\"breadcrumb\":{\"@id\":\"https:\/\/belux.edmo.eu\/de\/nein-das-europische-parlament-hat-das-vetorecht-in-der-eu-nicht-abgeschafft\/#breadcrumb\"},\"inLanguage\":\"de-DE\",\"potentialAction\":[{\"@type\":\"ReadAction\",\"target\":[\"https:\/\/belux.edmo.eu\/de\/nein-das-europische-parlament-hat-das-vetorecht-in-der-eu-nicht-abgeschafft\/\"]}]},{\"@type\":\"ImageObject\",\"inLanguage\":\"de-DE\",\"@id\":\"https:\/\/belux.edmo.eu\/de\/nein-das-europische-parlament-hat-das-vetorecht-in-der-eu-nicht-abgeschafft\/#primaryimage\",\"url\":\"https:\/\/belux-edmo.s3-accelerate.amazonaws.com\/wp-content\/uploads\/2024\/01\/f8463e270f91feee221e23be8b830ba9945bd525-ipad.jpg\",\"contentUrl\":\"https:\/\/belux-edmo.s3-accelerate.amazonaws.com\/wp-content\/uploads\/2024\/01\/f8463e270f91feee221e23be8b830ba9945bd525-ipad.jpg\",\"width\":1080,\"height\":540,\"caption\":\"Nein, das Europ\u00e4ische Parlament hat das Vetorecht in der EU nicht abgeschafft - Featured image\"},{\"@type\":\"BreadcrumbList\",\"@id\":\"https:\/\/belux.edmo.eu\/de\/nein-das-europische-parlament-hat-das-vetorecht-in-der-eu-nicht-abgeschafft\/#breadcrumb\",\"itemListElement\":[{\"@type\":\"ListItem\",\"position\":1,\"name\":\"Home\",\"item\":\"https:\/\/belux.edmo.eu\/de\/\"},{\"@type\":\"ListItem\",\"position\":2,\"name\":\"Nein, das Europ\u00e4ische Parlament hat das Vetorecht in der EU nicht abgeschafft\"}]},{\"@type\":\"WebSite\",\"@id\":\"https:\/\/belux.edmo.eu\/#website\",\"url\":\"https:\/\/belux.edmo.eu\/\",\"name\":\"EDMO Belux\",\"description\":\"Monitoring Disinformation in Belgium and Luxembourg\",\"publisher\":{\"@id\":\"https:\/\/belux.edmo.eu\/#organization\"},\"potentialAction\":[{\"@type\":\"SearchAction\",\"target\":{\"@type\":\"EntryPoint\",\"urlTemplate\":\"https:\/\/belux.edmo.eu\/?s={search_term_string}\"},\"query-input\":{\"@type\":\"PropertyValueSpecification\",\"valueRequired\":true,\"valueName\":\"search_term_string\"}}],\"inLanguage\":\"de-DE\"},{\"@type\":\"Organization\",\"@id\":\"https:\/\/belux.edmo.eu\/#organization\",\"name\":\"EDMO Belux\",\"url\":\"https:\/\/belux.edmo.eu\/\",\"logo\":{\"@type\":\"ImageObject\",\"inLanguage\":\"de-DE\",\"@id\":\"https:\/\/belux.edmo.eu\/#\/schema\/logo\/image\/\",\"url\":\"https:\/\/belux.edmo.eu\/wp-content\/uploads\/2021\/12\/belux-logo-full-color-rgb.svg\",\"contentUrl\":\"https:\/\/belux.edmo.eu\/wp-content\/uploads\/2021\/12\/belux-logo-full-color-rgb.svg\",\"width\":1,\"height\":1,\"caption\":\"EDMO Belux\"},\"image\":{\"@id\":\"https:\/\/belux.edmo.eu\/#\/schema\/logo\/image\/\"},\"sameAs\":[\"https:\/\/x.com\/Edmo_Belux\"]},{\"@type\":\"Person\",\"@id\":\"https:\/\/belux.edmo.eu\/#\/schema\/person\/dbe3b252258537fd318f9b5645a30342\",\"name\":\"master\",\"sameAs\":[\"https:\/\/belux.wpengine.com\"],\"url\":\"https:\/\/belux.edmo.eu\/de\/author\/master\/\"}]}<\/script>\n<!-- \/ Yoast SEO plugin. -->","yoast_head_json":{"title":"Nein, das Europ\u00e4ische Parlament hat das Vetorecht in der EU nicht abgeschafft - EDMO Belux","robots":{"index":"index","follow":"follow","max-snippet":"max-snippet:-1","max-image-preview":"max-image-preview:large","max-video-preview":"max-video-preview:-1"},"canonical":"https:\/\/belux.edmo.eu\/de\/nein-das-europische-parlament-hat-das-vetorecht-in-der-eu-nicht-abgeschafft\/","og_locale":"de_DE","og_type":"article","og_title":"Nein, das Europ\u00e4ische Parlament hat das Vetorecht in der EU nicht abgeschafft - EDMO Belux","og_description":"\"291 Abgeordnete stimmten f\u00fcr eine \u00c4nderung der Europ\u00e4ischen Vertr\u00e4ge, um das Veto-Recht der Mitgliedstaaten abzuschaffen und den EU-Institutionen mehr Macht zuzuschanzen\", schrieb ein User auf Facebook.\u00a0Die Aussage kursiert seit Ende November 2023 in sozialen Medien.\u00a0\"Die europ\u00e4ischen Gesetzgeber stimmten (...) Pl\u00e4nen zu, das nationale Vetorecht f\u00fcr EU-Mitgliedstaaten aufzuheben\", hei\u00dft es etwa in einem anderen Beitrag.","og_url":"https:\/\/belux.edmo.eu\/de\/nein-das-europische-parlament-hat-das-vetorecht-in-der-eu-nicht-abgeschafft\/","og_site_name":"EDMO Belux","article_published_time":"2024-01-23T12:23:52+00:00","article_modified_time":"2024-01-23T14:41:13+00:00","og_image":[{"width":1080,"height":540,"url":"https:\/\/belux-edmo.s3-accelerate.amazonaws.com\/wp-content\/uploads\/2024\/01\/f8463e270f91feee221e23be8b830ba9945bd525-ipad.jpg","type":"image\/jpeg"}],"author":"master","twitter_card":"summary_large_image","twitter_creator":"@Edmo_Belux","twitter_site":"@Edmo_Belux","twitter_misc":{"Verfasst von":"master","Gesch\u00e4tzte Lesezeit":"9 Minuten"},"schema":{"@context":"https:\/\/schema.org","@graph":[{"@type":"Article","@id":"https:\/\/belux.edmo.eu\/de\/nein-das-europische-parlament-hat-das-vetorecht-in-der-eu-nicht-abgeschafft\/#article","isPartOf":{"@id":"https:\/\/belux.edmo.eu\/de\/nein-das-europische-parlament-hat-das-vetorecht-in-der-eu-nicht-abgeschafft\/"},"author":{"name":"master","@id":"https:\/\/belux.edmo.eu\/#\/schema\/person\/dbe3b252258537fd318f9b5645a30342"},"headline":"Nein, das Europ\u00e4ische Parlament hat das Vetorecht in der EU nicht abgeschafft","datePublished":"2024-01-23T12:23:52+00:00","dateModified":"2024-01-23T14:41:13+00:00","mainEntityOfPage":{"@id":"https:\/\/belux.edmo.eu\/de\/nein-das-europische-parlament-hat-das-vetorecht-in-der-eu-nicht-abgeschafft\/"},"wordCount":2062,"publisher":{"@id":"https:\/\/belux.edmo.eu\/#organization"},"image":{"@id":"https:\/\/belux.edmo.eu\/de\/nein-das-europische-parlament-hat-das-vetorecht-in-der-eu-nicht-abgeschafft\/#primaryimage"},"thumbnailUrl":"https:\/\/belux-edmo.s3-accelerate.amazonaws.com\/wp-content\/uploads\/2024\/01\/f8463e270f91feee221e23be8b830ba9945bd525-ipad.jpg","articleSection":["Fact Check","Politik"],"inLanguage":"de-DE"},{"@type":"WebPage","@id":"https:\/\/belux.edmo.eu\/de\/nein-das-europische-parlament-hat-das-vetorecht-in-der-eu-nicht-abgeschafft\/","url":"https:\/\/belux.edmo.eu\/de\/nein-das-europische-parlament-hat-das-vetorecht-in-der-eu-nicht-abgeschafft\/","name":"Nein, das Europ\u00e4ische Parlament hat das Vetorecht in der EU nicht abgeschafft - EDMO Belux","isPartOf":{"@id":"https:\/\/belux.edmo.eu\/#website"},"primaryImageOfPage":{"@id":"https:\/\/belux.edmo.eu\/de\/nein-das-europische-parlament-hat-das-vetorecht-in-der-eu-nicht-abgeschafft\/#primaryimage"},"image":{"@id":"https:\/\/belux.edmo.eu\/de\/nein-das-europische-parlament-hat-das-vetorecht-in-der-eu-nicht-abgeschafft\/#primaryimage"},"thumbnailUrl":"https:\/\/belux-edmo.s3-accelerate.amazonaws.com\/wp-content\/uploads\/2024\/01\/f8463e270f91feee221e23be8b830ba9945bd525-ipad.jpg","datePublished":"2024-01-23T12:23:52+00:00","dateModified":"2024-01-23T14:41:13+00:00","breadcrumb":{"@id":"https:\/\/belux.edmo.eu\/de\/nein-das-europische-parlament-hat-das-vetorecht-in-der-eu-nicht-abgeschafft\/#breadcrumb"},"inLanguage":"de-DE","potentialAction":[{"@type":"ReadAction","target":["https:\/\/belux.edmo.eu\/de\/nein-das-europische-parlament-hat-das-vetorecht-in-der-eu-nicht-abgeschafft\/"]}]},{"@type":"ImageObject","inLanguage":"de-DE","@id":"https:\/\/belux.edmo.eu\/de\/nein-das-europische-parlament-hat-das-vetorecht-in-der-eu-nicht-abgeschafft\/#primaryimage","url":"https:\/\/belux-edmo.s3-accelerate.amazonaws.com\/wp-content\/uploads\/2024\/01\/f8463e270f91feee221e23be8b830ba9945bd525-ipad.jpg","contentUrl":"https:\/\/belux-edmo.s3-accelerate.amazonaws.com\/wp-content\/uploads\/2024\/01\/f8463e270f91feee221e23be8b830ba9945bd525-ipad.jpg","width":1080,"height":540,"caption":"Nein, das Europ\u00e4ische Parlament hat das Vetorecht in der EU nicht abgeschafft - Featured image"},{"@type":"BreadcrumbList","@id":"https:\/\/belux.edmo.eu\/de\/nein-das-europische-parlament-hat-das-vetorecht-in-der-eu-nicht-abgeschafft\/#breadcrumb","itemListElement":[{"@type":"ListItem","position":1,"name":"Home","item":"https:\/\/belux.edmo.eu\/de\/"},{"@type":"ListItem","position":2,"name":"Nein, das Europ\u00e4ische Parlament hat das Vetorecht in der EU nicht abgeschafft"}]},{"@type":"WebSite","@id":"https:\/\/belux.edmo.eu\/#website","url":"https:\/\/belux.edmo.eu\/","name":"EDMO Belux","description":"Monitoring Disinformation in Belgium and Luxembourg","publisher":{"@id":"https:\/\/belux.edmo.eu\/#organization"},"potentialAction":[{"@type":"SearchAction","target":{"@type":"EntryPoint","urlTemplate":"https:\/\/belux.edmo.eu\/?s={search_term_string}"},"query-input":{"@type":"PropertyValueSpecification","valueRequired":true,"valueName":"search_term_string"}}],"inLanguage":"de-DE"},{"@type":"Organization","@id":"https:\/\/belux.edmo.eu\/#organization","name":"EDMO Belux","url":"https:\/\/belux.edmo.eu\/","logo":{"@type":"ImageObject","inLanguage":"de-DE","@id":"https:\/\/belux.edmo.eu\/#\/schema\/logo\/image\/","url":"https:\/\/belux.edmo.eu\/wp-content\/uploads\/2021\/12\/belux-logo-full-color-rgb.svg","contentUrl":"https:\/\/belux.edmo.eu\/wp-content\/uploads\/2021\/12\/belux-logo-full-color-rgb.svg","width":1,"height":1,"caption":"EDMO Belux"},"image":{"@id":"https:\/\/belux.edmo.eu\/#\/schema\/logo\/image\/"},"sameAs":["https:\/\/x.com\/Edmo_Belux"]},{"@type":"Person","@id":"https:\/\/belux.edmo.eu\/#\/schema\/person\/dbe3b252258537fd318f9b5645a30342","name":"master","sameAs":["https:\/\/belux.wpengine.com"],"url":"https:\/\/belux.edmo.eu\/de\/author\/master\/"}]}},"menu_order":0,"_links":{"self":[{"href":"https:\/\/belux.edmo.eu\/de\/wp-json\/wp\/v2\/posts\/315287","targetHints":{"allow":["GET"]}}],"collection":[{"href":"https:\/\/belux.edmo.eu\/de\/wp-json\/wp\/v2\/posts"}],"about":[{"href":"https:\/\/belux.edmo.eu\/de\/wp-json\/wp\/v2\/types\/post"}],"author":[{"embeddable":true,"href":"https:\/\/belux.edmo.eu\/de\/wp-json\/wp\/v2\/users\/1"}],"replies":[{"embeddable":true,"href":"https:\/\/belux.edmo.eu\/de\/wp-json\/wp\/v2\/comments?post=315287"}],"version-history":[{"count":0,"href":"https:\/\/belux.edmo.eu\/de\/wp-json\/wp\/v2\/posts\/315287\/revisions"}],"wp:featuredmedia":[{"embeddable":true,"href":"https:\/\/belux.edmo.eu\/de\/wp-json\/wp\/v2\/media\/315262"}],"wp:attachment":[{"href":"https:\/\/belux.edmo.eu\/de\/wp-json\/wp\/v2\/media?parent=315287"}],"wp:term":[{"taxonomy":"category","embeddable":true,"href":"https:\/\/belux.edmo.eu\/de\/wp-json\/wp\/v2\/categories?post=315287"},{"taxonomy":"post_tag","embeddable":true,"href":"https:\/\/belux.edmo.eu\/de\/wp-json\/wp\/v2\/tags?post=315287"}],"curies":[{"name":"wp","href":"https:\/\/api.w.org\/{rel}","templated":true}]}}