{"id":318130,"date":"2024-02-07T10:47:46","date_gmt":"2024-02-07T10:47:46","guid":{"rendered":"https:\/\/belux.edmo.eu\/?p=318130"},"modified":"2024-02-07T11:19:07","modified_gmt":"2024-02-07T11:19:07","slug":"nein-in-hamburg-wurden-nicht-alle-kameras-wegen-der-bauernproteste-ausgeschaltet","status":"publish","type":"post","link":"https:\/\/belux.edmo.eu\/de\/nein-in-hamburg-wurden-nicht-alle-kameras-wegen-der-bauernproteste-ausgeschaltet\/","title":{"rendered":"Nein, in Hamburg wurden nicht alle Kameras wegen der Bauernproteste ausgeschaltet"},"content":{"rendered":"<p><b><strong>Im Januar 2024 kam es in zahlreichen deutschen St\u00e4dten zu gro\u00dfen Protesten von Landwirtinnen und Landwirten. In sozialen Medien hei\u00dft es dazu f\u00e4lschlich, in Hamburg seien &#8222;alle Kameras&#8220; ausgeschaltet worden, damit die Demonstrationen online nicht mitverfolgt werden k\u00f6nnten. Tats\u00e4chlich bittet das Verkehrsministerium bereits seit M\u00e4rz 2022 aufgrund des Krieges in der Ukraine, die \u00dcbertragung von Videoaufnahmen von Hauptverkehrsrouten in Deutschland zu unterlassen.\u00a0Mit den Bauernprotesten hat das nichts zu tun. Das best\u00e4tigten sowohl die Hamburger Verkehrsbeh\u00f6rde als auch das Verkehrsministerium, das die Ma\u00dfnahme anordnete. Auch aus archivierten Versionen von Verkehrswebsites geht das hervor.<\/strong><\/b><\/p>\n<p>&#8222;Hamburg \u2013 meine Perle. Alle Kameras sind deaktiviert \u2013 keiner soll sehen, was in der Hansestadt abl\u00e4uft&#8220;, hei\u00dft es in einem Posting auf <a href=\"https:\/\/perma.cc\/TUN5-BRY4\" target=\"_blank\" rel=\"noopener\" shape=\"rect\">Facebook<\/a> von Ende Januar 2024. Userinnen und User teilen einen Screenshot, auf dem die Namen von Standorten mehrerer Verkehrskameras in Hamburg aufgelistet sind. Daneben steht \u2013 jeweils gelb markiert \u2013 &#8222;Kamera offline&#8220;. In den Beitr\u00e4gen wird Bezug auf die aktuellen Demonstrationen von Landwirtinnen und Landwirten in Deutschland genommen. &#8222;#Ampel muss weg #Landwirtschaft erhalten #Bin kein Bauer trotzdem sauer&#8220;, hei\u00dft es etwa. In anderen <a href=\"https:\/\/perma.cc\/62AC-CA2U\" target=\"_blank\" rel=\"noopener\" shape=\"rect\">Postings<\/a> mit derselben Behauptung steht wiederum: &#8222;Bauernproteste: Hamburg ist dicht! (&#8230;) Ihr sollt auf den Kameras nichts sehen, damit euch die Tagesschau die Hucke volll\u00fcgen kann!&#8220;<\/p>\n<p>Auf Plattformen wie <a href=\"https:\/\/perma.cc\/9QDE-DRMR\" shape=\"rect\">X<\/a> und\u00a0<a href=\"https:\/\/www.tiktok.com\/@schaedulator\/video\/7329567496174849312\" shape=\"rect\">Tiktok<\/a> wurde die Behauptung ebenfalls tausendfach verbreitet. Sie kursiert zudem auch auf\u00a0<a href=\"https:\/\/perma.cc\/THF7-NAM7\" shape=\"rect\">Telegram<\/a>. Auf <a href=\"https:\/\/perma.cc\/E5DW-CJVZ\" shape=\"rect\">Englisch<\/a> wird die Aussage ebenfalls geteilt.<\/p>\n<div class=\"g2picture\">\n<figure><img src=\"https:\/\/belux-edmo.s3-accelerate.amazonaws.com\/wp-content\/uploads\/2024\/02\/102529024c263ebaffb774070bfe4b0ad0708d86-ipad.jpg\" \/><figcaption>Facebook-Screenshot der Behauptung: 5. Februar 2024<\/figcaption><\/figure>\n<\/div>\n<p>Wegen des mittlerweile teilweise zur\u00fcckgenommenen Vorhabens der deutschen Bundesregierung zu Subventionsk\u00fcrzungen f\u00fcr Agrarbetriebe riefen Landwirtinnen und Landwirte in ganz Deutschland zu\u00a0<a href=\"https:\/\/perma.cc\/3R7E-NMQB\" shape=\"rect\">Protesten<\/a> Anfang Januar 2024 auf. <a href=\"https:\/\/perma.cc\/K484-V6ND\" shape=\"rect\">Tausende<\/a> nahmen mit ihren Traktoren teil und demonstrierten in St\u00e4dten und auf Autobahnauffahrten.<\/p>\n<p>\u00dcber die Falschbehauptung, dass aufgrund der aktuellen Proteste Kameras in Hamburg abgeschaltet wurden, wird in <a href=\"https:\/\/perma.cc\/Z3JU-R5KY\" target=\"_blank\" rel=\"noopener\" shape=\"rect\">sozialen Medien<\/a> heftig diskutiert. AFP hat in der Vergangenheit bereits\u00a0<a href=\"https:\/\/factcheck.afp.com\/doc.afp.com.9XA7RF\" target=\"_blank\" rel=\"noopener\" shape=\"rect\">hier<\/a> eine \u00e4hnliche Aussage \u00fcberpr\u00fcft.<\/p>\n<p><b>Hinweis zu deaktivierten Kameras bereits seit 2022 auf Website<\/b><\/p>\n<p>Eine <a href=\"https:\/\/www.youtube.com\/watch?v=W9JkBkOE0TM\" shape=\"rect\">umgekehrte Bildersuche<\/a> des geteilten Screenshots f\u00fchrte AFP zu der Website\u00a0Hamburg Webcams, von welcher der Screenshot stammt. Dort sind tats\u00e4chlich <a href=\"https:\/\/perma.cc\/3YWR-AQ79\" target=\"_blank\" rel=\"noopener\" shape=\"rect\">23 Hamburger Verkehrskameras<\/a> aufgelistet, neben denen sich jeweils der Hinweis &#8222;Kamera offline&#8220; findet.<\/p>\n<p>Aus archivierten Versionen der Seite geht jedoch hervor, dass sich dort bereits im\u00a0<a href=\"https:\/\/web.archive.org\/web\/20220724122918\/https:\/\/hamburg-webcams.de\/verkehrskameras-hamburg\/\" target=\"_blank\" rel=\"noopener\" shape=\"rect\">Juli 2022<\/a> derselbe Hinweis fand, der sich auch aktuell auf der Website befindet. Verkehrskameras seien f\u00fcr die \u00d6ffentlichkeit &#8222;nicht zug\u00e4nglich&#8220;, hei\u00dft es schon lange vor den Bauernprotesten. &#8222;Grund daf\u00fcr ist wohl die Spionagegefahr w\u00e4hrend des Angriffskrieges Russlands auf die Ukraine.&#8220; Verwiesen wird dabei auf einen\u00a0<a href=\"https:\/\/perma.cc\/2FHZ-7BFT\" target=\"_blank\" rel=\"noopener\" shape=\"rect\">Medienbericht vom 15. M\u00e4rz 2022<\/a> zum Thema. Im <a href=\"https:\/\/web.archive.org\/web\/20231007232402\/https:\/\/hamburg-webcams.de\/verkehrskameras-hamburg\/\" target=\"_blank\" rel=\"noopener\" shape=\"rect\">Oktober 2023<\/a> waren die Kameras ebenfalls offline und mit demselben Hinweis versehen. Auch aktuell ist der Hinweis online.<\/p>\n<p>Auf Anfrage von AFP schrieb der Betreiber von Hamburg Webcams, Christian H\u00e4nsel, am 6. Februar 2024 zun\u00e4chst, dass es sich bei der Seite um ein &#8222;rein privates Projekt&#8220; handle. &#8222;Ich bin weder bei der Stadt oder dem Land Hamburg angestellt, noch betreibe ich selbst Webcams. Die Website listet lediglich Webcams im Hamburger Stadtgebiet auf&#8220;, erkl\u00e4rte er. Aktuell ausgeschaltete Webcams st\u00fcnden seinen Recherchen zufolge allerdings &#8222;in keinem Zusammenhang mit den Protesten&#8220;. Zudem verwies H\u00e4nsel auf einen <a href=\"https:\/\/perma.cc\/3XN8-TUWJ\" target=\"_blank\" rel=\"noopener\" shape=\"rect\">Faktencheck<\/a> der Plattform &#8222;Correctiv&#8220;, die sich bereits mit Falschmeldungen zu Verkehrskameras in ganz Deutschland im Zusammenhang mit den Bauernprotesten auseinandersetzte.<\/p>\n<p><b>Videoaufnahmen aufgrund des Krieges in der Ukraine nicht \u00f6ffentlich<\/b><\/p>\n<p>Eine\u00a0<a href=\"https:\/\/www.youtube.com\/watch?v=l2SbfqF-2Rg&amp;list=PL_tN7HuGt39pbSAghdwArQ2Ij1oPzJfHo&amp;index=2\" shape=\"rect\">Stichwortsuche<\/a> f\u00fchrte AFP zu einem <a href=\"https:\/\/perma.cc\/FY3J-4BQ3\" target=\"_blank\" rel=\"noopener\" shape=\"rect\">Medienbericht<\/a>, aus dem hervorgeht, dass aufgrund einer Bitte des deutschen <a href=\"https:\/\/perma.cc\/53KR-J4JU\" target=\"_blank\" rel=\"noopener\" shape=\"rect\">Verkehrsministeriums (BMDV)<\/a> seit M\u00e4rz 2022 Kameras von Autobahnen sowie von wichtigen Verkehrsrouten nicht mehr \u00f6ffentlich einsehbar sind. Diese Zeitangabe deckt sich auch mit den archivierten Versionen der Seite &#8222;Hamburg Webcams&#8220;.<\/p>\n<p><span style=\"color: #000000;\">Auf AFP-Anfrage hie\u00df es von einer Sprecherin des Verkehrsministeriums am 5. Februar 2024, dass der Bund n<\/span>ach dem russischen Angriff auf die Ukraine entschieden habe, bis auf Weiteres davon abzusehen, Webcam-Bilder im Internet zu \u00fcbertragen, die&#8220; Verkehrsbewegungen auf den Verkehrsmagistralen&#8220; zeigen. &#8222;Daher hat das BMDV mit Schreiben vom 1. M\u00e4rz 2022 die Obersten Stra\u00dfenbaubeh\u00f6rden der L\u00e4nder und die Autobahn GmbH des Bundes um Aussetzung der Ver\u00f6ffentlichung der Webcam-Bilder gebeten.&#8220; Eine beh\u00f6rdeninterne Nutzung von Videobildern sei jedoch weiterhin m\u00f6glich, hie\u00df es. An Betreiber privater Webcams war die Aufforderung nicht explizit gerichtet.\u00a0Zum Ende der Ma\u00dfnahme wurden von Seiten der Beh\u00f6rde keine Angaben gemacht.<\/p>\n<p>Auf AFP-Anfrage best\u00e4tigte auch ein\u00a0<a href=\"https:\/\/perma.cc\/7CM8-J6BJ\" target=\"_blank\" rel=\"noopener\" shape=\"rect\">Sprecher<\/a> der <a href=\"https:\/\/perma.cc\/D92L-MKMK\" target=\"_blank\" rel=\"noopener\" shape=\"rect\">Autobahn GmbH des Bundes<\/a> am 5. Februar 2024: &#8222;Die Verkehrskameras der Autobahn GmbH des Bundes stehen weiterhin aufgrund der aktuellen sicherheitspolitischen Entwicklungen in Europa leider nicht zur Verf\u00fcgung.&#8220;<\/p>\n<p>Auch auf der <a href=\"https:\/\/perma.cc\/3RXY-QA8L\" target=\"_blank\" rel=\"noopener\" shape=\"rect\">Website der Stadt Hamburg<\/a> ist zu Verkehrskameras zu lesen: &#8222;Aufgrund von rechtlichen Vorgaben stehen die Kamerabilder aktuell nicht zur Verf\u00fcgung. Wann wieder Kamerabilder zur Verf\u00fcgung stehen werden, ist noch nicht absehbar.&#8220;<\/p>\n<p>Am 5. Februar 2024 hie\u00df es von der\u00a0<a href=\"https:\/\/perma.cc\/2EQT-X4PV\" target=\"_blank\" rel=\"noopener\" shape=\"rect\">Hamburger Beh\u00f6rde f\u00fcr Verkehr und Mobilit\u00e4tswende<\/a> gegen\u00fcber AFP, dass Verkehrskameras von der \u00d6ffentlichkeit insbesondere dazu genutzt w\u00fcrden, einen Blick auf das aktuelle Verkehrsgeschehen zu werfen. Mit dem Beginn des \u00dcberfalls von Russland auf die Ukraine wurde der Livestream der Verkehrskameras f\u00fcr die \u00d6ffentlichkeit jedoch bundesweit Anfang M\u00e4rz 2022 abgeschaltet, &#8222;um zu verhindern, dass etwaige Truppenbewegungen des Milit\u00e4rs weltweit im Internet ersichtlich&#8220; seien, so die Erkl\u00e4rung. Zu den geteilten Behauptungen hie\u00df es explizit: &#8222;Die Abschaltung des Livestreams hat somit deutlich vor den Protesten der Bauern stattgefunden und ist vollkommen unabh\u00e4ngig davon erfolgt.&#8220;<\/p>\n<p>Auch andere Portale f\u00fcr Verkehrsinformationen wie etwa die Seite &#8222;<a href=\"https:\/\/web.archive.org\/web\/20240205081106\/https:\/\/www.bayerninfo.de\/de\/verkehrskameras?\" target=\"_blank\" rel=\"noopener\" shape=\"rect\">BayernInfo<\/a>&#8222;, die vom <a href=\"https:\/\/perma.cc\/G9CK-KFM6\" target=\"_blank\" rel=\"noopener\" shape=\"rect\">Bayerischen Staatsministerium f\u00fcr Wohnen, Bau und Verkehr<\/a> betrieben wird, verweisen bei Verkehrskameras auf einen eingeschr\u00e4nkten Service aufgrund der &#8222;aktuellen Entwicklungen in Europa&#8220;.<\/p>\n<p>Auf AFP-Anfrage mit der Bitte um n\u00e4here Informationen schrieb eine Sprecherin des <a href=\"https:\/\/perma.cc\/LZY9-29KW\" target=\"_blank\" rel=\"noopener\" shape=\"rect\">deutschen Verteidigungsministeriums<\/a> am 5. Februar 2024, dass die Beh\u00f6rde f\u00fcr derartige Sachverhalte &#8222;nicht zust\u00e4ndig&#8220; sei.<\/p>\n<div class=\"g2picture\">\n<figure><img src=\"https:\/\/belux-edmo.s3-accelerate.amazonaws.com\/wp-content\/uploads\/2024\/02\/000_34H62N3-ipad.jpg\" \/><figcaption>Protestierende Landwirtinnen und Landwirte blockieren Stra\u00dfen in der Hamburger Innenstadt am 29. Januar 2024 &#8211; MORRIS MAC MATZEN \/ AFP<\/figcaption><\/figure>\n<\/div>\n<p><b>Andere Kameras und Medienberichte zu Bauerndemo in Hamburg<\/b><\/p>\n<p>Liveaufnahmen von St\u00e4dten wie Hamburg \u00fcber <a href=\"https:\/\/www.hamburg.de\/webcam\/3062044\/webcam-mundsburgtower-artikel\/\" target=\"_blank\" rel=\"noopener\" shape=\"rect\">St\u00e4dtekameras<\/a> (<a href=\"https:\/\/perma.cc\/7MCU-F4HW\" target=\"_blank\" rel=\"noopener\" shape=\"rect\">hier<\/a> archiviert) sowie <a href=\"https:\/\/www.feratel.com\/webcams\/deutschland\/hamburg-empire-riverside-hotel.html\" target=\"_blank\" rel=\"noopener\" shape=\"rect\">Wetterkameras<\/a> (<a href=\"https:\/\/perma.cc\/6LZF-5J97\" target=\"_blank\" rel=\"noopener\" shape=\"rect\">hier<\/a> archiviert) sind online jedoch weiterhin ohne Einschr\u00e4nkungen abrufbar. Zum Teil sind im Internet auch <a href=\"https:\/\/www.ventusky.com\/webcam-189157520\" target=\"_blank\" rel=\"noopener\" shape=\"rect\">\u00e4ltere Aufnahmen<\/a> (<a href=\"https:\/\/perma.cc\/KP4C-SMR3\" shape=\"rect\">hier<\/a> archiviert) gewisser Orte in Hamburg zu finden. Dementsprechend sind auch nicht &#8222;alle Kameras&#8220; in Hamburg, wie in sozialen Medien mitunter behauptet, deaktiviert.<\/p>\n<p>Zudem gibt es zahlreiche <a href=\"https:\/\/perma.cc\/55VZ-3V8N\" target=\"_blank\" rel=\"noopener\" shape=\"rect\">Artikel<\/a> und auch Videos (etwa <a href=\"https:\/\/perma.cc\/SKQ2-4M64\" shape=\"rect\">hier<\/a>, <a href=\"https:\/\/perma.cc\/688L-LXMV\" shape=\"rect\">hier<\/a> und <a href=\"https:\/\/perma.cc\/688L-LXMV\" shape=\"rect\">hier<\/a>) von den Protesten von Landwirtinnen und Landwirten in Hamburg. Am 29. Januar 2024 z\u00e4hlte die Polizei laut <a href=\"https:\/\/perma.cc\/2TX7-TZNJ\" target=\"_blank\" rel=\"noopener\" shape=\"rect\">Medienberichten<\/a>\u00a0zum Beispiel etwa 550 Traktoren rund um den Bahnhof Hamburg Dammtor.<\/p>\n<p><strong>Fazit: <\/strong>In sozialen Medien hei\u00dft es f\u00e4lschlich, in Hamburg seien &#8222;alle Kameras&#8220; ausgeschaltet worden, damit die Bauerndemonstrationen online nicht mitverfolgt werden k\u00f6nnten. Tats\u00e4chlich senden bereits seit M\u00e4rz 2022 viele Verkehrskameras aufgrund des Krieges in der Ukraine keine \u00f6ffentlichen Aufnahmen mehr. Mit den Bauernprotesten hat das nichts zu tun. Das best\u00e4tigten sowohl die Hamburger Verkehrsbeh\u00f6rde als auch das Verkehrsministerium, das die Ma\u00dfnahme f\u00fcr Hauptverkehrsrouten anordnete. Auch aus archivierten Versionen von Verkehrswebsites geht das hervor. Andere Kameras blieben au\u00dferdem verf\u00fcgbar.<\/p>\n","protected":false},"excerpt":{"rendered":"<p>&#8222;Hamburg \u2013 meine Perle. Alle Kameras sind deaktiviert \u2013 keiner soll sehen, was in der Hansestadt abl\u00e4uft&#8220;, hei\u00dft es in einem Posting auf Facebook von Ende Januar 2024. Userinnen und User teilen einen Screenshot, auf dem die Namen von Standorten mehrerer Verkehrskameras in Hamburg aufgelistet sind. Daneben steht \u2013 jeweils gelb markiert \u2013 &#8222;Kamera offline&#8220;. In den Beitr\u00e4gen wird Bezug auf die aktuellen Demonstrationen von Landwirtinnen und Landwirten in Deutschland genommen. &#8222;#Ampel muss weg #Landwirtschaft erhalten #Bin kein Bauer trotzdem sauer&#8220;, hei\u00dft es etwa. In anderen Postings mit derselben Behauptung steht wiederum: &#8222;Bauernproteste: Hamburg ist dicht! (&#8230;) Ihr sollt auf den Kameras nichts sehen, damit euch die Tagesschau die Hucke volll\u00fcgen kann!&#8220;<\/p>\n","protected":false},"author":1,"featured_media":318115,"comment_status":"closed","ping_status":"open","sticky":false,"template":"","format":"standard","meta":{"_acf_changed":false,"footnotes":""},"categories":[127,139,133,215],"tags":[],"class_list":{"0":"post-318130","1":"post","2":"type-post","3":"status-publish","4":"format-standard","5":"has-post-thumbnail","7":"category-fact-check-de","8":"category-gesellschaft-de","9":"category-politics-de","10":"category-ukraine-de"},"acf":{"show_metatags":true,"id":"http:\/\/doc.afp.com\/34HQ3KD","authors":"Katharina ZWINS \/ AFP \u00d6sterreich","organization":"AFP","featured_image_copyright":"","text_copyright":"\u00a9 AGENCE FRANCE-PRESSE | 2024 | Alle Rechte vorbehalten. Jede Nutzung von AFP-Inhalten auf dieser Website unterliegt den Nutzungsbedingungen auf <a href='https:\/\/www.afp.com\/en\/terms-use' target='_blank'>CGU<\/a>. Durch den Zugriff auf die auf dieser Website verf\u00fcgbaren AFP-Inhalte und\/oder deren Nutzung erkl\u00e4ren Sie sich mit den oben genannten Nutzungsbedingungen einverstanden. Jede Nutzung von AFP-Inhalten erfolgt unter Ihrer alleinigen und vollen Verantwortung.","source":"https:\/\/faktencheck.afp.com\/doc.afp.com.34HQ3KD","fact_checker":"https:\/\/belux.wpengine.com\/wp-content\/uploads\/2021\/12\/afp_logo.png","type":"Closed Event","location":"","start_date":"","start_date_event_begins_at":"","start_date_event_ends_at":"","end_date":"","end_date_event_begins_at":"","end_date_event_ends_at":"","organizer":"","fact_checker_logo_image":false},"yoast_head":"<!-- This site is optimized with the Yoast SEO plugin v27.0 - https:\/\/yoast.com\/product\/yoast-seo-wordpress\/ -->\n<title>Nein, in Hamburg wurden nicht alle Kameras wegen der Bauernproteste ausgeschaltet - EDMO Belux<\/title>\n<meta name=\"robots\" content=\"index, follow, max-snippet:-1, max-image-preview:large, max-video-preview:-1\" \/>\n<link rel=\"canonical\" href=\"https:\/\/belux.edmo.eu\/de\/nein-in-hamburg-wurden-nicht-alle-kameras-wegen-der-bauernproteste-ausgeschaltet\/\" \/>\n<meta property=\"og:locale\" content=\"de_DE\" \/>\n<meta property=\"og:type\" content=\"article\" \/>\n<meta property=\"og:title\" content=\"Nein, in Hamburg wurden nicht alle Kameras wegen der Bauernproteste ausgeschaltet - EDMO Belux\" \/>\n<meta property=\"og:description\" content=\"&quot;Hamburg \u2013 meine Perle. Alle Kameras sind deaktiviert \u2013 keiner soll sehen, was in der Hansestadt abl\u00e4uft&quot;, hei\u00dft es in einem Posting auf Facebook von Ende Januar 2024. Userinnen und User teilen einen Screenshot, auf dem die Namen von Standorten mehrerer Verkehrskameras in Hamburg aufgelistet sind. Daneben steht \u2013 jeweils gelb markiert \u2013 &quot;Kamera offline&quot;. In den Beitr\u00e4gen wird Bezug auf die aktuellen Demonstrationen von Landwirtinnen und Landwirten in Deutschland genommen. &quot;#Ampel muss weg #Landwirtschaft erhalten #Bin kein Bauer trotzdem sauer&quot;, hei\u00dft es etwa. In anderen Postings mit derselben Behauptung steht wiederum: &quot;Bauernproteste: Hamburg ist dicht! (...) Ihr sollt auf den Kameras nichts sehen, damit euch die Tagesschau die Hucke volll\u00fcgen kann!&quot;\" \/>\n<meta property=\"og:url\" content=\"https:\/\/belux.edmo.eu\/de\/nein-in-hamburg-wurden-nicht-alle-kameras-wegen-der-bauernproteste-ausgeschaltet\/\" \/>\n<meta property=\"og:site_name\" content=\"EDMO Belux\" \/>\n<meta property=\"article:published_time\" content=\"2024-02-07T10:47:46+00:00\" \/>\n<meta property=\"article:modified_time\" content=\"2024-02-07T11:19:07+00:00\" \/>\n<meta property=\"og:image\" content=\"https:\/\/belux-edmo.s3-accelerate.amazonaws.com\/wp-content\/uploads\/2024\/02\/045462773b6462df08adf098eb78d0fb5e777765-ipad.jpg\" \/>\n\t<meta property=\"og:image:width\" content=\"1080\" \/>\n\t<meta property=\"og:image:height\" content=\"540\" \/>\n\t<meta property=\"og:image:type\" content=\"image\/jpeg\" \/>\n<meta name=\"author\" content=\"master\" \/>\n<meta name=\"twitter:card\" content=\"summary_large_image\" \/>\n<meta name=\"twitter:creator\" content=\"@Edmo_Belux\" \/>\n<meta name=\"twitter:site\" content=\"@Edmo_Belux\" \/>\n<meta name=\"twitter:label1\" content=\"Verfasst von\" \/>\n\t<meta name=\"twitter:data1\" content=\"master\" \/>\n\t<meta name=\"twitter:label2\" content=\"Gesch\u00e4tzte Lesezeit\" \/>\n\t<meta name=\"twitter:data2\" content=\"6 Minuten\" \/>\n<script type=\"application\/ld+json\" class=\"yoast-schema-graph\">{\"@context\":\"https:\/\/schema.org\",\"@graph\":[{\"@type\":\"Article\",\"@id\":\"https:\/\/belux.edmo.eu\/de\/nein-in-hamburg-wurden-nicht-alle-kameras-wegen-der-bauernproteste-ausgeschaltet\/#article\",\"isPartOf\":{\"@id\":\"https:\/\/belux.edmo.eu\/de\/nein-in-hamburg-wurden-nicht-alle-kameras-wegen-der-bauernproteste-ausgeschaltet\/\"},\"author\":{\"name\":\"master\",\"@id\":\"https:\/\/belux.edmo.eu\/#\/schema\/person\/dbe3b252258537fd318f9b5645a30342\"},\"headline\":\"Nein, in Hamburg wurden nicht alle Kameras wegen der Bauernproteste ausgeschaltet\",\"datePublished\":\"2024-02-07T10:47:46+00:00\",\"dateModified\":\"2024-02-07T11:19:07+00:00\",\"mainEntityOfPage\":{\"@id\":\"https:\/\/belux.edmo.eu\/de\/nein-in-hamburg-wurden-nicht-alle-kameras-wegen-der-bauernproteste-ausgeschaltet\/\"},\"wordCount\":1166,\"publisher\":{\"@id\":\"https:\/\/belux.edmo.eu\/#organization\"},\"image\":{\"@id\":\"https:\/\/belux.edmo.eu\/de\/nein-in-hamburg-wurden-nicht-alle-kameras-wegen-der-bauernproteste-ausgeschaltet\/#primaryimage\"},\"thumbnailUrl\":\"https:\/\/belux-edmo.s3-accelerate.amazonaws.com\/wp-content\/uploads\/2024\/02\/045462773b6462df08adf098eb78d0fb5e777765-ipad.jpg\",\"articleSection\":[\"Fact Check\",\"Gesellschaft\",\"Politik\",\"Ukraine\"],\"inLanguage\":\"de-DE\"},{\"@type\":\"WebPage\",\"@id\":\"https:\/\/belux.edmo.eu\/de\/nein-in-hamburg-wurden-nicht-alle-kameras-wegen-der-bauernproteste-ausgeschaltet\/\",\"url\":\"https:\/\/belux.edmo.eu\/de\/nein-in-hamburg-wurden-nicht-alle-kameras-wegen-der-bauernproteste-ausgeschaltet\/\",\"name\":\"Nein, in Hamburg wurden nicht alle Kameras wegen der Bauernproteste ausgeschaltet - EDMO Belux\",\"isPartOf\":{\"@id\":\"https:\/\/belux.edmo.eu\/#website\"},\"primaryImageOfPage\":{\"@id\":\"https:\/\/belux.edmo.eu\/de\/nein-in-hamburg-wurden-nicht-alle-kameras-wegen-der-bauernproteste-ausgeschaltet\/#primaryimage\"},\"image\":{\"@id\":\"https:\/\/belux.edmo.eu\/de\/nein-in-hamburg-wurden-nicht-alle-kameras-wegen-der-bauernproteste-ausgeschaltet\/#primaryimage\"},\"thumbnailUrl\":\"https:\/\/belux-edmo.s3-accelerate.amazonaws.com\/wp-content\/uploads\/2024\/02\/045462773b6462df08adf098eb78d0fb5e777765-ipad.jpg\",\"datePublished\":\"2024-02-07T10:47:46+00:00\",\"dateModified\":\"2024-02-07T11:19:07+00:00\",\"breadcrumb\":{\"@id\":\"https:\/\/belux.edmo.eu\/de\/nein-in-hamburg-wurden-nicht-alle-kameras-wegen-der-bauernproteste-ausgeschaltet\/#breadcrumb\"},\"inLanguage\":\"de-DE\",\"potentialAction\":[{\"@type\":\"ReadAction\",\"target\":[\"https:\/\/belux.edmo.eu\/de\/nein-in-hamburg-wurden-nicht-alle-kameras-wegen-der-bauernproteste-ausgeschaltet\/\"]}]},{\"@type\":\"ImageObject\",\"inLanguage\":\"de-DE\",\"@id\":\"https:\/\/belux.edmo.eu\/de\/nein-in-hamburg-wurden-nicht-alle-kameras-wegen-der-bauernproteste-ausgeschaltet\/#primaryimage\",\"url\":\"https:\/\/belux-edmo.s3-accelerate.amazonaws.com\/wp-content\/uploads\/2024\/02\/045462773b6462df08adf098eb78d0fb5e777765-ipad.jpg\",\"contentUrl\":\"https:\/\/belux-edmo.s3-accelerate.amazonaws.com\/wp-content\/uploads\/2024\/02\/045462773b6462df08adf098eb78d0fb5e777765-ipad.jpg\",\"width\":1080,\"height\":540,\"caption\":\"Nein, in Hamburg wurden nicht alle Kameras wegen der Bauernproteste ausgeschaltet - Featured image\"},{\"@type\":\"BreadcrumbList\",\"@id\":\"https:\/\/belux.edmo.eu\/de\/nein-in-hamburg-wurden-nicht-alle-kameras-wegen-der-bauernproteste-ausgeschaltet\/#breadcrumb\",\"itemListElement\":[{\"@type\":\"ListItem\",\"position\":1,\"name\":\"Home\",\"item\":\"https:\/\/belux.edmo.eu\/de\/\"},{\"@type\":\"ListItem\",\"position\":2,\"name\":\"Nein, in Hamburg wurden nicht alle Kameras wegen der Bauernproteste ausgeschaltet\"}]},{\"@type\":\"WebSite\",\"@id\":\"https:\/\/belux.edmo.eu\/#website\",\"url\":\"https:\/\/belux.edmo.eu\/\",\"name\":\"EDMO Belux\",\"description\":\"Monitoring Disinformation in Belgium and Luxembourg\",\"publisher\":{\"@id\":\"https:\/\/belux.edmo.eu\/#organization\"},\"potentialAction\":[{\"@type\":\"SearchAction\",\"target\":{\"@type\":\"EntryPoint\",\"urlTemplate\":\"https:\/\/belux.edmo.eu\/?s={search_term_string}\"},\"query-input\":{\"@type\":\"PropertyValueSpecification\",\"valueRequired\":true,\"valueName\":\"search_term_string\"}}],\"inLanguage\":\"de-DE\"},{\"@type\":\"Organization\",\"@id\":\"https:\/\/belux.edmo.eu\/#organization\",\"name\":\"EDMO Belux\",\"url\":\"https:\/\/belux.edmo.eu\/\",\"logo\":{\"@type\":\"ImageObject\",\"inLanguage\":\"de-DE\",\"@id\":\"https:\/\/belux.edmo.eu\/#\/schema\/logo\/image\/\",\"url\":\"https:\/\/belux.edmo.eu\/wp-content\/uploads\/2021\/12\/belux-logo-full-color-rgb.svg\",\"contentUrl\":\"https:\/\/belux.edmo.eu\/wp-content\/uploads\/2021\/12\/belux-logo-full-color-rgb.svg\",\"width\":1,\"height\":1,\"caption\":\"EDMO Belux\"},\"image\":{\"@id\":\"https:\/\/belux.edmo.eu\/#\/schema\/logo\/image\/\"},\"sameAs\":[\"https:\/\/x.com\/Edmo_Belux\"]},{\"@type\":\"Person\",\"@id\":\"https:\/\/belux.edmo.eu\/#\/schema\/person\/dbe3b252258537fd318f9b5645a30342\",\"name\":\"master\",\"sameAs\":[\"https:\/\/belux.wpengine.com\"],\"url\":\"https:\/\/belux.edmo.eu\/de\/author\/master\/\"}]}<\/script>\n<!-- \/ Yoast SEO plugin. -->","yoast_head_json":{"title":"Nein, in Hamburg wurden nicht alle Kameras wegen der Bauernproteste ausgeschaltet - EDMO Belux","robots":{"index":"index","follow":"follow","max-snippet":"max-snippet:-1","max-image-preview":"max-image-preview:large","max-video-preview":"max-video-preview:-1"},"canonical":"https:\/\/belux.edmo.eu\/de\/nein-in-hamburg-wurden-nicht-alle-kameras-wegen-der-bauernproteste-ausgeschaltet\/","og_locale":"de_DE","og_type":"article","og_title":"Nein, in Hamburg wurden nicht alle Kameras wegen der Bauernproteste ausgeschaltet - EDMO Belux","og_description":"\"Hamburg \u2013 meine Perle. Alle Kameras sind deaktiviert \u2013 keiner soll sehen, was in der Hansestadt abl\u00e4uft\", hei\u00dft es in einem Posting auf Facebook von Ende Januar 2024. Userinnen und User teilen einen Screenshot, auf dem die Namen von Standorten mehrerer Verkehrskameras in Hamburg aufgelistet sind. Daneben steht \u2013 jeweils gelb markiert \u2013 \"Kamera offline\". In den Beitr\u00e4gen wird Bezug auf die aktuellen Demonstrationen von Landwirtinnen und Landwirten in Deutschland genommen. \"#Ampel muss weg #Landwirtschaft erhalten #Bin kein Bauer trotzdem sauer\", hei\u00dft es etwa. In anderen Postings mit derselben Behauptung steht wiederum: \"Bauernproteste: Hamburg ist dicht! (...) Ihr sollt auf den Kameras nichts sehen, damit euch die Tagesschau die Hucke volll\u00fcgen kann!\"","og_url":"https:\/\/belux.edmo.eu\/de\/nein-in-hamburg-wurden-nicht-alle-kameras-wegen-der-bauernproteste-ausgeschaltet\/","og_site_name":"EDMO Belux","article_published_time":"2024-02-07T10:47:46+00:00","article_modified_time":"2024-02-07T11:19:07+00:00","og_image":[{"width":1080,"height":540,"url":"https:\/\/belux-edmo.s3-accelerate.amazonaws.com\/wp-content\/uploads\/2024\/02\/045462773b6462df08adf098eb78d0fb5e777765-ipad.jpg","type":"image\/jpeg"}],"author":"master","twitter_card":"summary_large_image","twitter_creator":"@Edmo_Belux","twitter_site":"@Edmo_Belux","twitter_misc":{"Verfasst von":"master","Gesch\u00e4tzte Lesezeit":"6 Minuten"},"schema":{"@context":"https:\/\/schema.org","@graph":[{"@type":"Article","@id":"https:\/\/belux.edmo.eu\/de\/nein-in-hamburg-wurden-nicht-alle-kameras-wegen-der-bauernproteste-ausgeschaltet\/#article","isPartOf":{"@id":"https:\/\/belux.edmo.eu\/de\/nein-in-hamburg-wurden-nicht-alle-kameras-wegen-der-bauernproteste-ausgeschaltet\/"},"author":{"name":"master","@id":"https:\/\/belux.edmo.eu\/#\/schema\/person\/dbe3b252258537fd318f9b5645a30342"},"headline":"Nein, in Hamburg wurden nicht alle Kameras wegen der Bauernproteste ausgeschaltet","datePublished":"2024-02-07T10:47:46+00:00","dateModified":"2024-02-07T11:19:07+00:00","mainEntityOfPage":{"@id":"https:\/\/belux.edmo.eu\/de\/nein-in-hamburg-wurden-nicht-alle-kameras-wegen-der-bauernproteste-ausgeschaltet\/"},"wordCount":1166,"publisher":{"@id":"https:\/\/belux.edmo.eu\/#organization"},"image":{"@id":"https:\/\/belux.edmo.eu\/de\/nein-in-hamburg-wurden-nicht-alle-kameras-wegen-der-bauernproteste-ausgeschaltet\/#primaryimage"},"thumbnailUrl":"https:\/\/belux-edmo.s3-accelerate.amazonaws.com\/wp-content\/uploads\/2024\/02\/045462773b6462df08adf098eb78d0fb5e777765-ipad.jpg","articleSection":["Fact Check","Gesellschaft","Politik","Ukraine"],"inLanguage":"de-DE"},{"@type":"WebPage","@id":"https:\/\/belux.edmo.eu\/de\/nein-in-hamburg-wurden-nicht-alle-kameras-wegen-der-bauernproteste-ausgeschaltet\/","url":"https:\/\/belux.edmo.eu\/de\/nein-in-hamburg-wurden-nicht-alle-kameras-wegen-der-bauernproteste-ausgeschaltet\/","name":"Nein, in Hamburg wurden nicht alle Kameras wegen der Bauernproteste ausgeschaltet - EDMO Belux","isPartOf":{"@id":"https:\/\/belux.edmo.eu\/#website"},"primaryImageOfPage":{"@id":"https:\/\/belux.edmo.eu\/de\/nein-in-hamburg-wurden-nicht-alle-kameras-wegen-der-bauernproteste-ausgeschaltet\/#primaryimage"},"image":{"@id":"https:\/\/belux.edmo.eu\/de\/nein-in-hamburg-wurden-nicht-alle-kameras-wegen-der-bauernproteste-ausgeschaltet\/#primaryimage"},"thumbnailUrl":"https:\/\/belux-edmo.s3-accelerate.amazonaws.com\/wp-content\/uploads\/2024\/02\/045462773b6462df08adf098eb78d0fb5e777765-ipad.jpg","datePublished":"2024-02-07T10:47:46+00:00","dateModified":"2024-02-07T11:19:07+00:00","breadcrumb":{"@id":"https:\/\/belux.edmo.eu\/de\/nein-in-hamburg-wurden-nicht-alle-kameras-wegen-der-bauernproteste-ausgeschaltet\/#breadcrumb"},"inLanguage":"de-DE","potentialAction":[{"@type":"ReadAction","target":["https:\/\/belux.edmo.eu\/de\/nein-in-hamburg-wurden-nicht-alle-kameras-wegen-der-bauernproteste-ausgeschaltet\/"]}]},{"@type":"ImageObject","inLanguage":"de-DE","@id":"https:\/\/belux.edmo.eu\/de\/nein-in-hamburg-wurden-nicht-alle-kameras-wegen-der-bauernproteste-ausgeschaltet\/#primaryimage","url":"https:\/\/belux-edmo.s3-accelerate.amazonaws.com\/wp-content\/uploads\/2024\/02\/045462773b6462df08adf098eb78d0fb5e777765-ipad.jpg","contentUrl":"https:\/\/belux-edmo.s3-accelerate.amazonaws.com\/wp-content\/uploads\/2024\/02\/045462773b6462df08adf098eb78d0fb5e777765-ipad.jpg","width":1080,"height":540,"caption":"Nein, in Hamburg wurden nicht alle Kameras wegen der Bauernproteste ausgeschaltet - Featured image"},{"@type":"BreadcrumbList","@id":"https:\/\/belux.edmo.eu\/de\/nein-in-hamburg-wurden-nicht-alle-kameras-wegen-der-bauernproteste-ausgeschaltet\/#breadcrumb","itemListElement":[{"@type":"ListItem","position":1,"name":"Home","item":"https:\/\/belux.edmo.eu\/de\/"},{"@type":"ListItem","position":2,"name":"Nein, in Hamburg wurden nicht alle Kameras wegen der Bauernproteste ausgeschaltet"}]},{"@type":"WebSite","@id":"https:\/\/belux.edmo.eu\/#website","url":"https:\/\/belux.edmo.eu\/","name":"EDMO Belux","description":"Monitoring Disinformation in Belgium and Luxembourg","publisher":{"@id":"https:\/\/belux.edmo.eu\/#organization"},"potentialAction":[{"@type":"SearchAction","target":{"@type":"EntryPoint","urlTemplate":"https:\/\/belux.edmo.eu\/?s={search_term_string}"},"query-input":{"@type":"PropertyValueSpecification","valueRequired":true,"valueName":"search_term_string"}}],"inLanguage":"de-DE"},{"@type":"Organization","@id":"https:\/\/belux.edmo.eu\/#organization","name":"EDMO Belux","url":"https:\/\/belux.edmo.eu\/","logo":{"@type":"ImageObject","inLanguage":"de-DE","@id":"https:\/\/belux.edmo.eu\/#\/schema\/logo\/image\/","url":"https:\/\/belux.edmo.eu\/wp-content\/uploads\/2021\/12\/belux-logo-full-color-rgb.svg","contentUrl":"https:\/\/belux.edmo.eu\/wp-content\/uploads\/2021\/12\/belux-logo-full-color-rgb.svg","width":1,"height":1,"caption":"EDMO Belux"},"image":{"@id":"https:\/\/belux.edmo.eu\/#\/schema\/logo\/image\/"},"sameAs":["https:\/\/x.com\/Edmo_Belux"]},{"@type":"Person","@id":"https:\/\/belux.edmo.eu\/#\/schema\/person\/dbe3b252258537fd318f9b5645a30342","name":"master","sameAs":["https:\/\/belux.wpengine.com"],"url":"https:\/\/belux.edmo.eu\/de\/author\/master\/"}]}},"menu_order":0,"_links":{"self":[{"href":"https:\/\/belux.edmo.eu\/de\/wp-json\/wp\/v2\/posts\/318130","targetHints":{"allow":["GET"]}}],"collection":[{"href":"https:\/\/belux.edmo.eu\/de\/wp-json\/wp\/v2\/posts"}],"about":[{"href":"https:\/\/belux.edmo.eu\/de\/wp-json\/wp\/v2\/types\/post"}],"author":[{"embeddable":true,"href":"https:\/\/belux.edmo.eu\/de\/wp-json\/wp\/v2\/users\/1"}],"replies":[{"embeddable":true,"href":"https:\/\/belux.edmo.eu\/de\/wp-json\/wp\/v2\/comments?post=318130"}],"version-history":[{"count":0,"href":"https:\/\/belux.edmo.eu\/de\/wp-json\/wp\/v2\/posts\/318130\/revisions"}],"wp:featuredmedia":[{"embeddable":true,"href":"https:\/\/belux.edmo.eu\/de\/wp-json\/wp\/v2\/media\/318115"}],"wp:attachment":[{"href":"https:\/\/belux.edmo.eu\/de\/wp-json\/wp\/v2\/media?parent=318130"}],"wp:term":[{"taxonomy":"category","embeddable":true,"href":"https:\/\/belux.edmo.eu\/de\/wp-json\/wp\/v2\/categories?post=318130"},{"taxonomy":"post_tag","embeddable":true,"href":"https:\/\/belux.edmo.eu\/de\/wp-json\/wp\/v2\/tags?post=318130"}],"curies":[{"name":"wp","href":"https:\/\/api.w.org\/{rel}","templated":true}]}}