{"id":318938,"date":"2024-02-13T12:31:44","date_gmt":"2024-02-13T12:31:44","guid":{"rendered":"https:\/\/belux.edmo.eu\/?p=318938"},"modified":"2024-02-13T14:06:32","modified_gmt":"2024-02-13T14:06:32","slug":"dieses-bild-von-einer-demo-gegen-rechts-ist-manipuliert","status":"publish","type":"post","link":"https:\/\/belux.edmo.eu\/de\/dieses-bild-von-einer-demo-gegen-rechts-ist-manipuliert\/","title":{"rendered":"Dieses Bild von einer Demo gegen Rechts ist manipuliert"},"content":{"rendered":"<p><b>Demonstrationen gegen Rechts halten deutschlandweit seit Mitte Januar 2024 an. In sozialen Medien kursiert nun ein Bild zweier Personen mit Protestschildern, die sich angeblich widersprechen und das Demonstrierende diskreditieren soll. Die Botschaften auf den Schildern sind jedoch ver\u00e4ndert worden, wie eine umgekehrte Bildsuche zeigte.\u00a0<\/b><\/p>\n<p>&#8222;Die #DemosGegenRechts \u00a0der Lemminge stecken voller Widerspr\u00fcche und Idiotie\/Idioten&#8220;, hei\u00dft es in einem rund 400 Mal\u00a0geteilten <a href=\"https:\/\/perma.cc\/JQX2-C8ZQ\" target=\"_blank\" rel=\"noopener\" shape=\"rect\">Beitrag<\/a> vom 25. Januar 2024 auf X. Darunter ist ein Bild zweier unkenntlich gemachten Demonstrierenden zu sehen, die Protestschilder um den Hals tragen. W\u00e4hrend auf einem &#8222;Ganz Deutschland hasst die AfD&#8220; zu lesen ist, steht auf dem anderen &#8222;Hass ist keine Meinung&#8220;. Das Bild wird von Userinnen und Usern ebenfalls auf\u00a0<a href=\"https:\/\/perma.cc\/2PX4-GR43\" target=\"_blank\" rel=\"noopener\" shape=\"rect\">Facebook<\/a> verbreitet \u2013 darunter sind auch ein\u00a0<a href=\"https:\/\/perma.cc\/7TSM-GCB8\" target=\"_blank\" rel=\"noopener\" shape=\"rect\">Beitrag<\/a> des stellvertretenden AfD-Fraktionsvorsitzenden in Nordrhein-Westfalen Sven Tritschler und ein\u00a0<a href=\"https:\/\/perma.cc\/CT5A-74LC\" target=\"_blank\" rel=\"noopener\" shape=\"rect\">Post<\/a> des AfD-Stadtverbands Hagen. Sie am\u00fcsieren sich \u00fcber den Widerspruch der beiden Plakate, so schreibt beispielsweise der Hagener AfD-Stadtverband: &#8222;Besser kann man den Irrsinn nicht darstellen. Herzlichen Gl\u00fcckwunsch.&#8220;<\/p>\n<div class=\"g2picture\">\n<figure><img src=\"https:\/\/belux-edmo.s3-accelerate.amazonaws.com\/wp-content\/uploads\/2024\/02\/9290d3f21fd82bd0ad0a409d09e52d09be3c4d73-ipad.jpg\" \/><figcaption>X-Screenshot der Behauptung: 8. Februar 2024<\/figcaption><\/figure>\n<\/div>\n<p>Das Bild wurde jedoch manipuliert. Die Protestschilder der beiden Demonstrierenden zeigen eigentlich andere Slogans.<\/p>\n<p>Durch eine <a href=\"https:\/\/www.youtube.com\/watch?v=W9JkBkOE0TM\" target=\"_blank\" rel=\"noopener\" shape=\"rect\">umgekehrte Bildsuche<\/a> stie\u00df AFP auf einen <a href=\"https:\/\/web.archive.org\/web\/20240120032156\/https:\/\/www.ruhrnachrichten.de\/castrop-rauxel\/bilder-demonstration-castrop-rauxel-gegen-rechts-afd-kravanja-rathaus-w833322-p-2001074347\/\" target=\"_blank\" rel=\"noopener\" shape=\"rect\">Artikel<\/a> der &#8222;Ruhr Nachrichten&#8220; vom 19. Januar 2024 \u00fcber eine Demonstration gegen Rechts in Castrop-Rauxel am 18. Januar 2024. Ein Bild des Artikels zeigt eindeutig die beiden Personen, die auf dem Foto in den Beitr\u00e4gen zu sehen sind. Als Urheberin ist die Autorin des Artikels angegeben.<\/p>\n<div class=\"g2picture\">\n<figure><img src=\"https:\/\/belux-edmo.s3-accelerate.amazonaws.com\/wp-content\/uploads\/2024\/02\/8714615a50e6c14a205f379be5a4b9df82f51d77-ipad.jpg\" \/><figcaption>Screenshot des Artikels der &#8222;Ruhr Nachrichten&#8220;: 9. Februar 2024<\/figcaption><\/figure>\n<\/div>\n<p>Dort steht auf ihren Schildern allerdings &#8222;Aufstehen f\u00fcr die Demokratie&#8220; und &#8222;Stille Helfer f\u00fcr die Demokratie couragiert gegen Rechts!&#8220;. Laut Informationen auf der <a href=\"https:\/\/web.archive.org\/web\/20240120091158\/https:\/\/www.castrop-rauxel.de\/Inhalte\/index.php?form=detail&amp;db=325&amp;id=2820\" target=\"_blank\" rel=\"noopener\" shape=\"rect\">Website<\/a> der Stadt Castrop-Rauxel kamen an diesem Tag rund 1500 Personen zur Demonstration &#8222;Laut sein \u2013 jetzt! Gemeinsam gegen Rechts&#8220; in der Stadtmitte.<\/p>\n<p>Auf Anfrage von AFP best\u00e4tigte Nora Varga, die Autorin des Artikels, in einer E-Mail vom 12. Februar 2024, die Aufnahme aus dem Artikel selbst gemacht zu haben. &#8222;Das Foto ist am 18. Januar um 16.15 Uhr auf dem Castrop-Rauxeler Marktplatz entstanden&#8220;, erkl\u00e4rte sie. Es zeige ein Blumengesch\u00e4ft im Hintergrund mit der Adresse Am Markt 7. Varga best\u00e4tigte zudem die Originalaufschriften der Plakate: &#8222;Auf den Schildern stand &#8218;Aufstehen f\u00fcr die Demokratie&#8216; und &#8218;Stille Helfer f\u00fcr Demokratie, Couragiert gegen Rechts&#8216;.&#8220; Die &#8222;Ruhr Nachrichten&#8220; <a href=\"https:\/\/perma.cc\/9LQE-4HBL\" target=\"_blank\" rel=\"noopener\" shape=\"rect\">berichteten<\/a> selbst ebenfalls \u00fcber die Manipulation des Fotos.<\/p>\n<p>Deutschlandweit finden Demonstrationen f\u00fcr die Demokratie und gegen Rechts statt, seit die Investigativplattform &#8222;Correctiv&#8220; am 10. Januar 2024 eine\u00a0<a href=\"https:\/\/perma.cc\/A8RU-6MXN\" target=\"_blank\" rel=\"noopener\" shape=\"rect\">Recherche<\/a> zu einem geheimen Treffen in einem Landhaus in Potsdam ver\u00f6ffentlichte, bei dem Rechtsextreme, AfD-Mitglieder und Mitglieder der Werteunion sowie Unternehmer einen Plan zur Vertreibung von Millionen Menschen aus Deutschland gefasst haben sollen. Am 5. Februar 2024 sprach das Innenministerium von \u00fcber <a href=\"https:\/\/perma.cc\/QCM7-K456\" target=\"_blank\" rel=\"noopener\" shape=\"rect\">450.000 Demonstrierenden<\/a> auf 128 Veranstaltungen.<\/p>\n<p>Zu diesen Demonstrationen brachten Menschen tats\u00e4chlich Schilder mit der <a href=\"https:\/\/perma.cc\/48WW-B7RQ\" target=\"_blank\" rel=\"noopener\" shape=\"rect\">Aufschrift<\/a> &#8222;Hass ist keine Meinung&#8220; mit, w\u00e4hrend aber auch beispielsweise &#8222;Ganz Berlin hasst die AfD&#8220; skandiert wurde, wie <a href=\"https:\/\/perma.cc\/KR52-NEWJ\" target=\"_blank\" rel=\"noopener\" shape=\"rect\">Medien<\/a> zuletzt <a href=\"https:\/\/perma.cc\/2ZUG-X9VV\" target=\"_blank\" rel=\"noopener\" shape=\"rect\">berichteten<\/a>.<\/p>\n<p><strong>Fazit:<\/strong> Das Foto stammt von einer Demonstration gegen Rechts in Castrop-Rauxel am 18. Januar 2024, wie eine umgekehrte Bildsuche zeigte. Auf dem Originalbild haben die Schilder jedoch andere Aufschriften als auf dem manipulierten Foto.<\/p>\n","protected":false},"excerpt":{"rendered":"<p>&#8222;Die #DemosGegenRechts \u00a0der Lemminge stecken voller Widerspr\u00fcche und Idiotie\/Idioten&#8220;, hei\u00dft es in einem rund 400 Mal\u00a0geteilten Beitrag vom 25. Januar 2024 auf X. Darunter ist ein Bild zweier unkenntlich gemachten Demonstrierenden zu sehen, die Protestschilder um den Hals tragen. W\u00e4hrend auf einem &#8222;Ganz Deutschland hasst die AfD&#8220; zu lesen ist, steht auf dem anderen &#8222;Hass ist keine Meinung&#8220;. Das Bild wird von Userinnen und Usern ebenfalls auf\u00a0Facebook verbreitet \u2013 darunter sind auch ein\u00a0Beitrag des stellvertretenden AfD-Fraktionsvorsitzenden in Nordrhein-Westfalen Sven Tritschler und ein\u00a0Post des AfD-Stadtverbands Hagen. Sie am\u00fcsieren sich \u00fcber den Widerspruch der beiden Plakate, so schreibt beispielsweise der Hagener AfD-Stadtverband: &#8222;Besser kann man den Irrsinn nicht darstellen. Herzlichen Gl\u00fcckwunsch.&#8220;<\/p>\n","protected":false},"author":1,"featured_media":318923,"comment_status":"closed","ping_status":"open","sticky":false,"template":"","format":"standard","meta":{"_acf_changed":false,"footnotes":""},"categories":[127,139,133,390],"tags":[],"class_list":{"0":"post-318938","1":"post","2":"type-post","3":"status-publish","4":"format-standard","5":"has-post-thumbnail","7":"category-fact-check-de","8":"category-gesellschaft-de","9":"category-politics-de","10":"category-technologie"},"acf":{"show_metatags":true,"id":"http:\/\/doc.afp.com\/34HX886","authors":"Johanna LEHN \/ AFP Deutschland","organization":"AFP","featured_image_copyright":"","text_copyright":"\u00a9 AGENCE FRANCE-PRESSE | 2024 | Alle Rechte vorbehalten. Jede Nutzung von AFP-Inhalten auf dieser Website unterliegt den Nutzungsbedingungen auf <a href='https:\/\/www.afp.com\/en\/terms-use' target='_blank'>CGU<\/a>. Durch den Zugriff auf die auf dieser Website verf\u00fcgbaren AFP-Inhalte und\/oder deren Nutzung erkl\u00e4ren Sie sich mit den oben genannten Nutzungsbedingungen einverstanden. Jede Nutzung von AFP-Inhalten erfolgt unter Ihrer alleinigen und vollen Verantwortung.","source":"https:\/\/faktencheck.afp.com\/doc.afp.com.34HX886","fact_checker":"https:\/\/belux.wpengine.com\/wp-content\/uploads\/2021\/12\/afp_logo.png","type":"Closed Event","location":"","start_date":"","start_date_event_begins_at":"","start_date_event_ends_at":"","end_date":"","end_date_event_begins_at":"","end_date_event_ends_at":"","organizer":"","fact_checker_logo_image":false},"yoast_head":"<!-- This site is optimized with the Yoast SEO plugin v27.0 - https:\/\/yoast.com\/product\/yoast-seo-wordpress\/ -->\n<title>Dieses Bild von einer Demo gegen Rechts ist manipuliert - EDMO Belux<\/title>\n<meta name=\"robots\" content=\"index, follow, max-snippet:-1, max-image-preview:large, max-video-preview:-1\" \/>\n<link rel=\"canonical\" href=\"https:\/\/belux.edmo.eu\/de\/dieses-bild-von-einer-demo-gegen-rechts-ist-manipuliert\/\" \/>\n<meta property=\"og:locale\" content=\"de_DE\" \/>\n<meta property=\"og:type\" content=\"article\" \/>\n<meta property=\"og:title\" content=\"Dieses Bild von einer Demo gegen Rechts ist manipuliert - EDMO Belux\" \/>\n<meta property=\"og:description\" content=\"&quot;Die #DemosGegenRechts \u00a0der Lemminge stecken voller Widerspr\u00fcche und Idiotie\/Idioten&quot;, hei\u00dft es in einem rund 400 Mal\u00a0geteilten Beitrag vom 25. Januar 2024 auf X. Darunter ist ein Bild zweier unkenntlich gemachten Demonstrierenden zu sehen, die Protestschilder um den Hals tragen. W\u00e4hrend auf einem &quot;Ganz Deutschland hasst die AfD&quot; zu lesen ist, steht auf dem anderen &quot;Hass ist keine Meinung&quot;. Das Bild wird von Userinnen und Usern ebenfalls auf\u00a0Facebook verbreitet \u2013 darunter sind auch ein\u00a0Beitrag des stellvertretenden AfD-Fraktionsvorsitzenden in Nordrhein-Westfalen Sven Tritschler und ein\u00a0Post des AfD-Stadtverbands Hagen. Sie am\u00fcsieren sich \u00fcber den Widerspruch der beiden Plakate, so schreibt beispielsweise der Hagener AfD-Stadtverband: &quot;Besser kann man den Irrsinn nicht darstellen. Herzlichen Gl\u00fcckwunsch.&quot;\" \/>\n<meta property=\"og:url\" content=\"https:\/\/belux.edmo.eu\/de\/dieses-bild-von-einer-demo-gegen-rechts-ist-manipuliert\/\" \/>\n<meta property=\"og:site_name\" content=\"EDMO Belux\" \/>\n<meta property=\"article:published_time\" content=\"2024-02-13T12:31:44+00:00\" \/>\n<meta property=\"article:modified_time\" content=\"2024-02-13T14:06:32+00:00\" \/>\n<meta property=\"og:image\" content=\"https:\/\/belux-edmo.s3-accelerate.amazonaws.com\/wp-content\/uploads\/2024\/02\/c872a0bf33c0356ee7120421f78b5bf796e55fcf-ipad.jpg\" \/>\n\t<meta property=\"og:image:width\" content=\"1080\" \/>\n\t<meta property=\"og:image:height\" content=\"540\" \/>\n\t<meta property=\"og:image:type\" content=\"image\/jpeg\" \/>\n<meta name=\"author\" content=\"master\" \/>\n<meta name=\"twitter:card\" content=\"summary_large_image\" \/>\n<meta name=\"twitter:creator\" content=\"@Edmo_Belux\" \/>\n<meta name=\"twitter:site\" content=\"@Edmo_Belux\" \/>\n<meta name=\"twitter:label1\" content=\"Verfasst von\" \/>\n\t<meta name=\"twitter:data1\" content=\"master\" \/>\n\t<meta name=\"twitter:label2\" content=\"Gesch\u00e4tzte Lesezeit\" \/>\n\t<meta name=\"twitter:data2\" content=\"3 Minuten\" \/>\n<script type=\"application\/ld+json\" class=\"yoast-schema-graph\">{\"@context\":\"https:\/\/schema.org\",\"@graph\":[{\"@type\":\"Article\",\"@id\":\"https:\/\/belux.edmo.eu\/de\/dieses-bild-von-einer-demo-gegen-rechts-ist-manipuliert\/#article\",\"isPartOf\":{\"@id\":\"https:\/\/belux.edmo.eu\/de\/dieses-bild-von-einer-demo-gegen-rechts-ist-manipuliert\/\"},\"author\":{\"name\":\"master\",\"@id\":\"https:\/\/belux.edmo.eu\/#\/schema\/person\/dbe3b252258537fd318f9b5645a30342\"},\"headline\":\"Dieses Bild von einer Demo gegen Rechts ist manipuliert\",\"datePublished\":\"2024-02-13T12:31:44+00:00\",\"dateModified\":\"2024-02-13T14:06:32+00:00\",\"mainEntityOfPage\":{\"@id\":\"https:\/\/belux.edmo.eu\/de\/dieses-bild-von-einer-demo-gegen-rechts-ist-manipuliert\/\"},\"wordCount\":506,\"publisher\":{\"@id\":\"https:\/\/belux.edmo.eu\/#organization\"},\"image\":{\"@id\":\"https:\/\/belux.edmo.eu\/de\/dieses-bild-von-einer-demo-gegen-rechts-ist-manipuliert\/#primaryimage\"},\"thumbnailUrl\":\"https:\/\/belux-edmo.s3-accelerate.amazonaws.com\/wp-content\/uploads\/2024\/02\/c872a0bf33c0356ee7120421f78b5bf796e55fcf-ipad.jpg\",\"articleSection\":[\"Fact Check\",\"Gesellschaft\",\"Politik\",\"Technologie\"],\"inLanguage\":\"de-DE\"},{\"@type\":\"WebPage\",\"@id\":\"https:\/\/belux.edmo.eu\/de\/dieses-bild-von-einer-demo-gegen-rechts-ist-manipuliert\/\",\"url\":\"https:\/\/belux.edmo.eu\/de\/dieses-bild-von-einer-demo-gegen-rechts-ist-manipuliert\/\",\"name\":\"Dieses Bild von einer Demo gegen Rechts ist manipuliert - EDMO Belux\",\"isPartOf\":{\"@id\":\"https:\/\/belux.edmo.eu\/#website\"},\"primaryImageOfPage\":{\"@id\":\"https:\/\/belux.edmo.eu\/de\/dieses-bild-von-einer-demo-gegen-rechts-ist-manipuliert\/#primaryimage\"},\"image\":{\"@id\":\"https:\/\/belux.edmo.eu\/de\/dieses-bild-von-einer-demo-gegen-rechts-ist-manipuliert\/#primaryimage\"},\"thumbnailUrl\":\"https:\/\/belux-edmo.s3-accelerate.amazonaws.com\/wp-content\/uploads\/2024\/02\/c872a0bf33c0356ee7120421f78b5bf796e55fcf-ipad.jpg\",\"datePublished\":\"2024-02-13T12:31:44+00:00\",\"dateModified\":\"2024-02-13T14:06:32+00:00\",\"breadcrumb\":{\"@id\":\"https:\/\/belux.edmo.eu\/de\/dieses-bild-von-einer-demo-gegen-rechts-ist-manipuliert\/#breadcrumb\"},\"inLanguage\":\"de-DE\",\"potentialAction\":[{\"@type\":\"ReadAction\",\"target\":[\"https:\/\/belux.edmo.eu\/de\/dieses-bild-von-einer-demo-gegen-rechts-ist-manipuliert\/\"]}]},{\"@type\":\"ImageObject\",\"inLanguage\":\"de-DE\",\"@id\":\"https:\/\/belux.edmo.eu\/de\/dieses-bild-von-einer-demo-gegen-rechts-ist-manipuliert\/#primaryimage\",\"url\":\"https:\/\/belux-edmo.s3-accelerate.amazonaws.com\/wp-content\/uploads\/2024\/02\/c872a0bf33c0356ee7120421f78b5bf796e55fcf-ipad.jpg\",\"contentUrl\":\"https:\/\/belux-edmo.s3-accelerate.amazonaws.com\/wp-content\/uploads\/2024\/02\/c872a0bf33c0356ee7120421f78b5bf796e55fcf-ipad.jpg\",\"width\":1080,\"height\":540,\"caption\":\"Dieses Bild von einer Demo gegen Rechts ist manipuliert - Featured image\"},{\"@type\":\"BreadcrumbList\",\"@id\":\"https:\/\/belux.edmo.eu\/de\/dieses-bild-von-einer-demo-gegen-rechts-ist-manipuliert\/#breadcrumb\",\"itemListElement\":[{\"@type\":\"ListItem\",\"position\":1,\"name\":\"Home\",\"item\":\"https:\/\/belux.edmo.eu\/de\/\"},{\"@type\":\"ListItem\",\"position\":2,\"name\":\"Dieses Bild von einer Demo gegen Rechts ist manipuliert\"}]},{\"@type\":\"WebSite\",\"@id\":\"https:\/\/belux.edmo.eu\/#website\",\"url\":\"https:\/\/belux.edmo.eu\/\",\"name\":\"EDMO Belux\",\"description\":\"Monitoring Disinformation in Belgium and Luxembourg\",\"publisher\":{\"@id\":\"https:\/\/belux.edmo.eu\/#organization\"},\"potentialAction\":[{\"@type\":\"SearchAction\",\"target\":{\"@type\":\"EntryPoint\",\"urlTemplate\":\"https:\/\/belux.edmo.eu\/?s={search_term_string}\"},\"query-input\":{\"@type\":\"PropertyValueSpecification\",\"valueRequired\":true,\"valueName\":\"search_term_string\"}}],\"inLanguage\":\"de-DE\"},{\"@type\":\"Organization\",\"@id\":\"https:\/\/belux.edmo.eu\/#organization\",\"name\":\"EDMO Belux\",\"url\":\"https:\/\/belux.edmo.eu\/\",\"logo\":{\"@type\":\"ImageObject\",\"inLanguage\":\"de-DE\",\"@id\":\"https:\/\/belux.edmo.eu\/#\/schema\/logo\/image\/\",\"url\":\"https:\/\/belux.edmo.eu\/wp-content\/uploads\/2021\/12\/belux-logo-full-color-rgb.svg\",\"contentUrl\":\"https:\/\/belux.edmo.eu\/wp-content\/uploads\/2021\/12\/belux-logo-full-color-rgb.svg\",\"width\":1,\"height\":1,\"caption\":\"EDMO Belux\"},\"image\":{\"@id\":\"https:\/\/belux.edmo.eu\/#\/schema\/logo\/image\/\"},\"sameAs\":[\"https:\/\/x.com\/Edmo_Belux\"]},{\"@type\":\"Person\",\"@id\":\"https:\/\/belux.edmo.eu\/#\/schema\/person\/dbe3b252258537fd318f9b5645a30342\",\"name\":\"master\",\"sameAs\":[\"https:\/\/belux.wpengine.com\"],\"url\":\"https:\/\/belux.edmo.eu\/de\/author\/master\/\"}]}<\/script>\n<!-- \/ Yoast SEO plugin. -->","yoast_head_json":{"title":"Dieses Bild von einer Demo gegen Rechts ist manipuliert - EDMO Belux","robots":{"index":"index","follow":"follow","max-snippet":"max-snippet:-1","max-image-preview":"max-image-preview:large","max-video-preview":"max-video-preview:-1"},"canonical":"https:\/\/belux.edmo.eu\/de\/dieses-bild-von-einer-demo-gegen-rechts-ist-manipuliert\/","og_locale":"de_DE","og_type":"article","og_title":"Dieses Bild von einer Demo gegen Rechts ist manipuliert - EDMO Belux","og_description":"\"Die #DemosGegenRechts \u00a0der Lemminge stecken voller Widerspr\u00fcche und Idiotie\/Idioten\", hei\u00dft es in einem rund 400 Mal\u00a0geteilten Beitrag vom 25. Januar 2024 auf X. Darunter ist ein Bild zweier unkenntlich gemachten Demonstrierenden zu sehen, die Protestschilder um den Hals tragen. W\u00e4hrend auf einem \"Ganz Deutschland hasst die AfD\" zu lesen ist, steht auf dem anderen \"Hass ist keine Meinung\". Das Bild wird von Userinnen und Usern ebenfalls auf\u00a0Facebook verbreitet \u2013 darunter sind auch ein\u00a0Beitrag des stellvertretenden AfD-Fraktionsvorsitzenden in Nordrhein-Westfalen Sven Tritschler und ein\u00a0Post des AfD-Stadtverbands Hagen. Sie am\u00fcsieren sich \u00fcber den Widerspruch der beiden Plakate, so schreibt beispielsweise der Hagener AfD-Stadtverband: \"Besser kann man den Irrsinn nicht darstellen. Herzlichen Gl\u00fcckwunsch.\"","og_url":"https:\/\/belux.edmo.eu\/de\/dieses-bild-von-einer-demo-gegen-rechts-ist-manipuliert\/","og_site_name":"EDMO Belux","article_published_time":"2024-02-13T12:31:44+00:00","article_modified_time":"2024-02-13T14:06:32+00:00","og_image":[{"width":1080,"height":540,"url":"https:\/\/belux-edmo.s3-accelerate.amazonaws.com\/wp-content\/uploads\/2024\/02\/c872a0bf33c0356ee7120421f78b5bf796e55fcf-ipad.jpg","type":"image\/jpeg"}],"author":"master","twitter_card":"summary_large_image","twitter_creator":"@Edmo_Belux","twitter_site":"@Edmo_Belux","twitter_misc":{"Verfasst von":"master","Gesch\u00e4tzte Lesezeit":"3 Minuten"},"schema":{"@context":"https:\/\/schema.org","@graph":[{"@type":"Article","@id":"https:\/\/belux.edmo.eu\/de\/dieses-bild-von-einer-demo-gegen-rechts-ist-manipuliert\/#article","isPartOf":{"@id":"https:\/\/belux.edmo.eu\/de\/dieses-bild-von-einer-demo-gegen-rechts-ist-manipuliert\/"},"author":{"name":"master","@id":"https:\/\/belux.edmo.eu\/#\/schema\/person\/dbe3b252258537fd318f9b5645a30342"},"headline":"Dieses Bild von einer Demo gegen Rechts ist manipuliert","datePublished":"2024-02-13T12:31:44+00:00","dateModified":"2024-02-13T14:06:32+00:00","mainEntityOfPage":{"@id":"https:\/\/belux.edmo.eu\/de\/dieses-bild-von-einer-demo-gegen-rechts-ist-manipuliert\/"},"wordCount":506,"publisher":{"@id":"https:\/\/belux.edmo.eu\/#organization"},"image":{"@id":"https:\/\/belux.edmo.eu\/de\/dieses-bild-von-einer-demo-gegen-rechts-ist-manipuliert\/#primaryimage"},"thumbnailUrl":"https:\/\/belux-edmo.s3-accelerate.amazonaws.com\/wp-content\/uploads\/2024\/02\/c872a0bf33c0356ee7120421f78b5bf796e55fcf-ipad.jpg","articleSection":["Fact Check","Gesellschaft","Politik","Technologie"],"inLanguage":"de-DE"},{"@type":"WebPage","@id":"https:\/\/belux.edmo.eu\/de\/dieses-bild-von-einer-demo-gegen-rechts-ist-manipuliert\/","url":"https:\/\/belux.edmo.eu\/de\/dieses-bild-von-einer-demo-gegen-rechts-ist-manipuliert\/","name":"Dieses Bild von einer Demo gegen Rechts ist manipuliert - EDMO Belux","isPartOf":{"@id":"https:\/\/belux.edmo.eu\/#website"},"primaryImageOfPage":{"@id":"https:\/\/belux.edmo.eu\/de\/dieses-bild-von-einer-demo-gegen-rechts-ist-manipuliert\/#primaryimage"},"image":{"@id":"https:\/\/belux.edmo.eu\/de\/dieses-bild-von-einer-demo-gegen-rechts-ist-manipuliert\/#primaryimage"},"thumbnailUrl":"https:\/\/belux-edmo.s3-accelerate.amazonaws.com\/wp-content\/uploads\/2024\/02\/c872a0bf33c0356ee7120421f78b5bf796e55fcf-ipad.jpg","datePublished":"2024-02-13T12:31:44+00:00","dateModified":"2024-02-13T14:06:32+00:00","breadcrumb":{"@id":"https:\/\/belux.edmo.eu\/de\/dieses-bild-von-einer-demo-gegen-rechts-ist-manipuliert\/#breadcrumb"},"inLanguage":"de-DE","potentialAction":[{"@type":"ReadAction","target":["https:\/\/belux.edmo.eu\/de\/dieses-bild-von-einer-demo-gegen-rechts-ist-manipuliert\/"]}]},{"@type":"ImageObject","inLanguage":"de-DE","@id":"https:\/\/belux.edmo.eu\/de\/dieses-bild-von-einer-demo-gegen-rechts-ist-manipuliert\/#primaryimage","url":"https:\/\/belux-edmo.s3-accelerate.amazonaws.com\/wp-content\/uploads\/2024\/02\/c872a0bf33c0356ee7120421f78b5bf796e55fcf-ipad.jpg","contentUrl":"https:\/\/belux-edmo.s3-accelerate.amazonaws.com\/wp-content\/uploads\/2024\/02\/c872a0bf33c0356ee7120421f78b5bf796e55fcf-ipad.jpg","width":1080,"height":540,"caption":"Dieses Bild von einer Demo gegen Rechts ist manipuliert - Featured image"},{"@type":"BreadcrumbList","@id":"https:\/\/belux.edmo.eu\/de\/dieses-bild-von-einer-demo-gegen-rechts-ist-manipuliert\/#breadcrumb","itemListElement":[{"@type":"ListItem","position":1,"name":"Home","item":"https:\/\/belux.edmo.eu\/de\/"},{"@type":"ListItem","position":2,"name":"Dieses Bild von einer Demo gegen Rechts ist manipuliert"}]},{"@type":"WebSite","@id":"https:\/\/belux.edmo.eu\/#website","url":"https:\/\/belux.edmo.eu\/","name":"EDMO Belux","description":"Monitoring Disinformation in Belgium and Luxembourg","publisher":{"@id":"https:\/\/belux.edmo.eu\/#organization"},"potentialAction":[{"@type":"SearchAction","target":{"@type":"EntryPoint","urlTemplate":"https:\/\/belux.edmo.eu\/?s={search_term_string}"},"query-input":{"@type":"PropertyValueSpecification","valueRequired":true,"valueName":"search_term_string"}}],"inLanguage":"de-DE"},{"@type":"Organization","@id":"https:\/\/belux.edmo.eu\/#organization","name":"EDMO Belux","url":"https:\/\/belux.edmo.eu\/","logo":{"@type":"ImageObject","inLanguage":"de-DE","@id":"https:\/\/belux.edmo.eu\/#\/schema\/logo\/image\/","url":"https:\/\/belux.edmo.eu\/wp-content\/uploads\/2021\/12\/belux-logo-full-color-rgb.svg","contentUrl":"https:\/\/belux.edmo.eu\/wp-content\/uploads\/2021\/12\/belux-logo-full-color-rgb.svg","width":1,"height":1,"caption":"EDMO Belux"},"image":{"@id":"https:\/\/belux.edmo.eu\/#\/schema\/logo\/image\/"},"sameAs":["https:\/\/x.com\/Edmo_Belux"]},{"@type":"Person","@id":"https:\/\/belux.edmo.eu\/#\/schema\/person\/dbe3b252258537fd318f9b5645a30342","name":"master","sameAs":["https:\/\/belux.wpengine.com"],"url":"https:\/\/belux.edmo.eu\/de\/author\/master\/"}]}},"menu_order":0,"_links":{"self":[{"href":"https:\/\/belux.edmo.eu\/de\/wp-json\/wp\/v2\/posts\/318938","targetHints":{"allow":["GET"]}}],"collection":[{"href":"https:\/\/belux.edmo.eu\/de\/wp-json\/wp\/v2\/posts"}],"about":[{"href":"https:\/\/belux.edmo.eu\/de\/wp-json\/wp\/v2\/types\/post"}],"author":[{"embeddable":true,"href":"https:\/\/belux.edmo.eu\/de\/wp-json\/wp\/v2\/users\/1"}],"replies":[{"embeddable":true,"href":"https:\/\/belux.edmo.eu\/de\/wp-json\/wp\/v2\/comments?post=318938"}],"version-history":[{"count":0,"href":"https:\/\/belux.edmo.eu\/de\/wp-json\/wp\/v2\/posts\/318938\/revisions"}],"wp:featuredmedia":[{"embeddable":true,"href":"https:\/\/belux.edmo.eu\/de\/wp-json\/wp\/v2\/media\/318923"}],"wp:attachment":[{"href":"https:\/\/belux.edmo.eu\/de\/wp-json\/wp\/v2\/media?parent=318938"}],"wp:term":[{"taxonomy":"category","embeddable":true,"href":"https:\/\/belux.edmo.eu\/de\/wp-json\/wp\/v2\/categories?post=318938"},{"taxonomy":"post_tag","embeddable":true,"href":"https:\/\/belux.edmo.eu\/de\/wp-json\/wp\/v2\/tags?post=318938"}],"curies":[{"name":"wp","href":"https:\/\/api.w.org\/{rel}","templated":true}]}}