{"id":33734,"date":"2022-04-29T12:29:38","date_gmt":"2022-04-29T12:29:38","guid":{"rendered":"https:\/\/belux.wpengine.com\/?p=33734"},"modified":"2022-06-30T13:43:51","modified_gmt":"2022-06-30T13:43:51","slug":"der-bundestag-hat-vor-der-corona-pandemie-keinen-lastenausgleich-fr-impfschden-beschlossen","status":"publish","type":"post","link":"https:\/\/belux.edmo.eu\/de\/der-bundestag-hat-vor-der-corona-pandemie-keinen-lastenausgleich-fr-impfschden-beschlossen\/","title":{"rendered":"Der Bundestag hat vor der Corona-Pandemie keinen Lastenausgleich f\u00fcr Impfsch\u00e4den beschlossen"},"content":{"rendered":"<p><b>Hunderte Facebook-User haben seit Anfang April ein Video geteilt, in dem behauptet wird, deutsche B\u00fcrgerinnen und B\u00fcrger k\u00f6nnten durch eine 2019 beschlossene Reform des Lastenausgleichsgesetz f\u00fcr die Entsch\u00e4digung von Impffolgen &#8222;enteignet&#8220; werden. Die Behauptung ist falsch. Das im Dezember 2019 beschlossene Gesetz reformiert die Regelungen zur sozialen Entsch\u00e4digung. Mit einem Lastenausgleich hat das nichts zu tun.<\/b><\/p>\n<p>Hunderte Nutzerinnen und Nutzer haben seit Anfang April ein Video auf Facebook geteilt (<a href=\"https:\/\/perma.cc\/GQZ4-MF9M\" target=\"_blank\" rel=\"noopener\" shape=\"rect\">hier<\/a>, <a href=\"https:\/\/perma.cc\/HCL3-BMQX\" target=\"_blank\" rel=\"noopener\" shape=\"rect\">hier<\/a>), in dem verschiedene Behauptungen \u00fcber eine angeblich im Dezember 2019 beschlossene Reform des Lastenausgleichsgesetz aufgestellt werden. Die Behauptungen aus dem Video wurden auch in Form von <a href=\"https:\/\/perma.cc\/3W8N-7EYZ\" target=\"_blank\" rel=\"noopener\" shape=\"rect\">Screenshots<\/a> und Textbeitr\u00e4gen verbreitet. Auch auf Telegram erreichten die Behauptungen Hunderttausende (<a href=\"https:\/\/perma.cc\/9JHC-J8NV\" target=\"_blank\" rel=\"noopener\" shape=\"rect\">hier<\/a>, <a href=\"https:\/\/perma.cc\/U7WK-TL3A\" target=\"_blank\" rel=\"noopener\" shape=\"rect\">hier<\/a>). \u00c4hnliche <a href=\"https:\/\/perma.cc\/22YG-VEWE\" target=\"_blank\" rel=\"noopener\" shape=\"rect\">Behauptungen<\/a> zu einem angeblichen Lastenausgleich f\u00fcr die Folgen von Corona-Impfungen kursierten bereits im Januar dieses Jahres in sozialen Netzwerken.<\/p>\n<p><strong>Die Behauptung:<\/strong> In dem aktuell geteilten Video hei\u00dft es, der Bundestag habe am 12. Dezember 2019 \u2013 kurz vor Beginn der Corona-Pandemie \u2013 eine Reform des Lastenausgleichsgesetz beschlossen. Mit dem neuen Gesetz zur Regelung des sozialen Entsch\u00e4digungsrechts, das ab 1. Januar 2024 gelte, k\u00f6nnten &#8222;alle deutschen B\u00fcrger f\u00fcr Schadensersatzforderungen zur Kasse gebeten werden&#8220;.<\/p>\n<p>Das Gesetz erm\u00f6gliche es der Bundesregierung angeblich, &#8222;von allen in Deutschland lebenden Menschen, die ein gewisses Verm\u00f6gen besitzen&#8220;, einen Ausgleich f\u00fcr Menschen mit Impfsch\u00e4den zu fordern. Dabei mache das Gesetz selbst vor Enteignungen nicht Halt. Am Ende des Beitrags fragt die Sprecherin mit Blick auf das Inkrafttreten des Gesetzes ab 2024: &#8222;Wird etwa eine riesige Welle an Impfsch\u00e4den erwartet?&#8220;<\/p>\n<div id=\"wysiwyg\" class=\"ww-item image\"><img class=\"lazyload blur-up\" src=\"https:\/\/belux.wpengine.com\/wp-content\/uploads\/2022\/04\/2022042915-4fd9296d1695c41518fd699406349afb.jpeg\" data-original=\"\" \/><span class=\"legend\">Facebook-Screenshot der Behauptung: 26.04.2022<\/span><\/div>\n<p>Das knapp f\u00fcnf Minuten lange Video wurde am 4. April auf dem <a href=\"https:\/\/www.br.de\/nachricht\/verschwoerung-sekte-klagemauer-tv-100.html\" target=\"_blank\" rel=\"noopener\" shape=\"rect\">verschw\u00f6rungserz\u00e4hlerischen Portal &#8222;kla.tv&#8220;<\/a><a href=\"https:\/\/perma.cc\/9USP-A338\" target=\"_blank\" rel=\"noopener\" shape=\"rect\">ver\u00f6ffentlicht<\/a>. Der Clip ist im Stil einer Nachrichtensendung gehalten und wurde anscheinend in einem Fernsehstudio aufgenommen. Eine Sprecherin berichtet darin von einer angeblichen Reform des Lastenausgleichsgesetzes, die im Dezember 2019 vom Bundestag beschlossen worden sein soll. AFP hat in der Vergangenheit mehrfach Beitr\u00e4ge von &#8222;kla.tv&#8220; widerlegt (<a href=\"https:\/\/faktencheck.afp.com\/http%253A%252F%252Fdoc.afp.com%252F9Q83PE-1\" target=\"_blank\" rel=\"noopener\" shape=\"rect\">hier<\/a>, <a href=\"https:\/\/faktencheck.afp.com\/nein-5g-strahlung-verursacht-keine-covid-19-symptome\" target=\"_blank\" rel=\"noopener\" shape=\"rect\">hier<\/a>). Zu Behauptungen im Zusammenhang mit der Haftung f\u00fcr Impffolgesch\u00e4den hat AFP ebenfalls bereits Faktenchecks ver\u00f6ffentlicht (<a href=\"https:\/\/faktencheck.afp.com\/die-techniker-krankenkasse-uebernimmt-behandlungskosten-von-impfschaeden\" target=\"_blank\" rel=\"noopener\" shape=\"rect\">hier<\/a>, <a href=\"https:\/\/faktencheck.afp.com\/http%253A%252F%252Fdoc.afp.com%252F9M38UW-1\" target=\"_blank\" rel=\"noopener\" shape=\"rect\">hier<\/a>).<\/p>\n<p><b>Kein Lastenausgleich f\u00fcr Impfsch\u00e4den beschlossen<\/b><\/p>\n<p>Die Behauptungen in dem aktuell geteilten Video in Bezug auf einen Lastenausgleich f\u00fcr Menschen mit Impfsch\u00e4den sind falsch. Die Kosten f\u00fcr Entsch\u00e4digungszahlungen im Zusammenhang mit einer Schutzimpfung wird aus staatlichen Mitteln bezahlt, nicht von den B\u00fcrgerinnen und B\u00fcrgern direkt. Der Deutsche Bundestag <a href=\"https:\/\/dip.bundestag.de\/vorgang\/gesetz-zur-regelung-des-sozialen-entsch%C3%A4digungsrechts\/251749?f.deskriptor=Gesetz%20zur%20Regelung%20des%20Sozialen%20Entsch%C3%A4digungsrechts&amp;rows=25&amp;pos=4\" target=\"_blank\" rel=\"noopener\" shape=\"rect\">beschloss<\/a> am 12. Dezember 2019 eine Reform des sozialen Entsch\u00e4digungsrechts, die am 1. Januar 2024 in Kraft tritt. Einen Bezug zum Lastenausgleichsgesetz hat diese Reform jedoch nicht. Andere Entscheidungen mit Bezug zu Impfungen gab es an diesem Tag laut amtlichem <a href=\"https:\/\/www.bundestag.de\/dokumente\/protokolle\/amtlicheprotokolle#url=L2Rva3VtZW50ZS9wcm90b2tvbGxlL2FtdGxpY2hlcHJvdG9rb2xsZS9hcDE5MTM0LTY3MzU4MA==&amp;mod=mod442098\" shape=\"rect\">Sitzungsprotokoll<\/a> nicht.<\/p>\n<p>Das <a href=\"https:\/\/www.gesetze-im-internet.de\/lag\/index.html\" target=\"_blank\" rel=\"noopener\" shape=\"rect\">Lastenausgleichsgesetz<\/a>, auf das in dem aktuell geteilten Beitrag Bezug genommen wird, stammt aus der Zeit nach dem Zweiten Weltkrieg. Mit Hilfe des Gesetzes, das 1952 in Kraft trat, sollten Menschen, die besondere finanzielle oder materielle Einbu\u00dfen infolge des Krieges erlitten hatten, entsch\u00e4digt werden. Zu diesem Zweck wurden diejenigen, die \u00fcber ein erhebliches Verm\u00f6gen verf\u00fcgten, zur Zahlung einer Lastenausgleichsabgabe verpflichtet.<\/p>\n<p><b>Der Bundestag reformierte 2019 das soziale Entsch\u00e4digungsrecht <\/b><\/p>\n<p>Die 2019 beschlossene <a href=\"https:\/\/www.bgbl.de\/xaver\/bgbl\/text.xav?SID=&amp;tf=xaver.component.Text_0&amp;tocf=&amp;qmf=&amp;hlf=xaver.component.Hitlist_0&amp;bk=bgbl&amp;start=%2F%2F*%5B%40node_id%3D%27941576%27%5D&amp;skin=pdf&amp;tlevel=-2&amp;nohist=1&amp;sinst=1CB6E203#page=49\" shape=\"rect\">Reform des sozialen Entsch\u00e4digungsrechts<\/a> hat den Zweck, das bisherige soziale Entsch\u00e4digungsrecht zu modernisieren und zusammenfassen, wie <a href=\"https:\/\/www.mpisoc.mpg.de\/sozialrecht\/staff-detail\/staff\/ulrich-becker-1\/\" target=\"_blank\" rel=\"noopener\" shape=\"rect\">Ulrich Becker<\/a>, Direktor am <a href=\"https:\/\/www.mpisoc.mpg.de\/\" target=\"_blank\" rel=\"noopener\" shape=\"rect\">Max-Planck-Institut f\u00fcr Sozialrecht und Sozialpolitik<\/a>, in einem Telefoninterview mit AFP am 28. April 2022 erkl\u00e4rte. Becker ist zudem Honorarprofessor f\u00fcr Sozialrecht und Sozialpolitik an der <a href=\"https:\/\/www.jura.uni-muenchen.de\/personen\/b\/becker_ulrich\/index.html\" target=\"_blank\" rel=\"noopener\" shape=\"rect\">Ludwigs-Maximilians-Universit\u00e4t M\u00fcnchen<\/a> und Autor eines <a href=\"https:\/\/www.nomos-shop.de\/nomos\/titel\/soziales-entschaedigungsrecht-id-68545\/\" target=\"_blank\" rel=\"noopener\" shape=\"rect\">Standardwerks zum sozialen Entsch\u00e4digungsrecht<\/a>.<\/p>\n<p>&#8222;Die Reform war seit Jahren geplant und verfolgt drei wichtige Ziele: Damit sollen die auf verschiedene einzelne Gesetze verstreuten Entsch\u00e4digungstatbest\u00e4nde zusammengefasst und in das neu geschaffene 14. Sozialgesetzbuch (SGB XIV) \u00fcberf\u00fchrt werden&#8220;, sagte Becker. Die Entsch\u00e4digungsleistungen seien zudem verbessert und die Verwaltung vereinfacht worden.<\/p>\n<p>Da Opfer der beiden Weltkriege aus demografischen Gr\u00fcnden nicht mehr die vorrangige Zielgruppe von Regelungen zu sozialen Entsch\u00e4digungen seien, h\u00e4tten die gesetzlichen Regelungen angepasst werden m\u00fcssen, hei\u00dft es auf der <a href=\"https:\/\/www.bmas.de\/DE\/Service\/Presse\/Meldungen\/2020\/neue-gesetze-soziales-entschaedigungsrecht.html\" target=\"_blank\" rel=\"noopener\" shape=\"rect\">Website<\/a> des Bundesministeriums f\u00fcr Arbeit und Soziales (BMAS). Beispielsweise sollen k\u00fcnftig Opfer sexueller Gewalt besser gestellt werden, schreibt das Ministerium. Durch das neue <a href=\"https:\/\/www.bgbl.de\/xaver\/bgbl\/text.xav?SID=&amp;tf=xaver.component.Text_0&amp;tocf=&amp;qmf=&amp;hlf=xaver.component.Hitlist_0&amp;bk=bgbl&amp;start=%2F%2F*%5B%40node_id%3D%27941576%27%5D&amp;skin=pdf&amp;tlevel=-2&amp;nohist=1&amp;sinst=1CB6E203#page=49\" shape=\"rect\">Gesetz<\/a> \u00e4ndern sich im Lastenausgleichsgesetz jedoch lediglich einzelne Formulierungen und Verweise. So wird etwa in \u00a7 292 des Lastenausgleichsgesetz &#8222;das Wort &#8218;Kriegsopferf\u00fcrsorge&#8216; durch die W\u00f6rter &#8218;Sozialen Entsch\u00e4digung&#8216; ersetzt&#8220;. Anstelle von Verweisen auf das Bundesversorgungsgesetz wird auf das neu geschaffene SGB XIV verwiesen.<\/p>\n<p><b>Entsch\u00e4digungen f\u00fcr Impffolgesch\u00e4den tr\u00e4gt der Staat<\/b><\/p>\n<p>In dem aktuell geteilten Video wird aus dieser Reform die falsche Schlussfolgerung gezogen, es gebe k\u00fcnftig einen Lastenausgleich f\u00fcr die Entsch\u00e4digung von Impffolgesch\u00e4den. Tats\u00e4chlich \u00e4ndert sich die bestehende Rechtslage nicht, wie Ulrich Becker erkl\u00e4rte: &#8222;Es gibt keine neuen Entsch\u00e4digungstatbest\u00e4nde, das ist ganz wichtig zu betonen.&#8220;<\/p>\n<p>Schadensersatzforderungen, die in Folge einer Corona-Schutzimpfung oder einer anderen &#8222;\u00f6ffentlich empfohlenen&#8220; Impfung erhoben werden, tr\u00e4gt laut <a href=\"https:\/\/www.gesetze-im-internet.de\/ifsg\/__60.html\" target=\"_blank\" rel=\"noopener\" shape=\"rect\">\u00a7 60 Infektionsschutzgesetz<\/a> (IfSG) der Staat entsprechend den Regelungen des Bundesversorgungsgesetzes. Das galt auch f\u00fcr Impfungen gegen andere Krankheiten, zum Beispiel gegen <a href=\"https:\/\/www.manching.de\/masern-infoblatt-eltern-2020-02\" target=\"_blank\" rel=\"noopener\" shape=\"rect\">Masern<\/a>. Auch nach dem 1. Januar 2024 kommt der Staat f\u00fcr etwaige Schadensersatzforderungen im Zusammenhang mit empfohlenen Impfungen auf, allerdings findet sich der entsprechende Paragraph nach der Reform des sozialen Entsch\u00e4digungsrechts k\u00fcnftig als <a href=\"https:\/\/www.bgbl.de\/xaver\/bgbl\/text.xav?SID=&amp;tf=xaver.component.Text_0&amp;tocf=&amp;qmf=&amp;hlf=xaver.component.Hitlist_0&amp;bk=bgbl&amp;start=%2F%2F*%5B%40node_id%3D%27941576%27%5D&amp;skin=pdf&amp;tlevel=-2&amp;nohist=1&amp;sinst=1CB6E203#page=49\" shape=\"rect\">\u00a7 24 im neu geschaffenen SGB XIV<\/a>.<\/p>\n<p>Das best\u00e4tigte eine Sprecherin des BMAS am 28. April 2022 in einer E-Mail an AFP: &#8222;\u00a7 24 SGB XIV regelt den Entsch\u00e4digungsanspruch f\u00fcr Menschen, die durch eine Schutzimpfung oder eine andere Ma\u00dfnahme der spezifischen Prophylaxe einen gesundheitliche Sch\u00e4digung erlitten haben.&#8220; Das gelte auch f\u00fcr die m\u00f6glichen Folgen einer Covid-19-Schutzimpfung.<\/p>\n<p>Die Kosten f\u00fcr m\u00f6gliche Entsch\u00e4digungszahlungen tr\u00e4gt dabei jedoch der Staat. B\u00fcrgerinnen und B\u00fcrger k\u00f6nnen nicht, wie in dem aktuell geteilten Video behauptet, zu Zwangsabgaben verpflichtet oder gar enteignet werden. Die Frage der Kosten\u00fcbernahme sei in <a href=\"https:\/\/www.bgbl.de\/xaver\/bgbl\/text.xav?SID=&amp;tf=xaver.component.Text_0&amp;tocf=&amp;qmf=&amp;hlf=xaver.component.Hitlist_0&amp;bk=bgbl&amp;start=%2F%2F*%5B%40node_id%3D%27941576%27%5D&amp;skin=pdf&amp;tlevel=-2&amp;nohist=1&amp;sinst=1CB6E203#page=49\" shape=\"rect\">\u00a7 135 SGB XIV<\/a> geregelt, erkl\u00e4rte die Sprecherin des BMAS. &#8222;Nach dieser Vorschrift werden diese Kosten von den L\u00e4ndern in voller H\u00f6he getragen.&#8220;<\/p>\n<p><b>Debatte um Lastenausgleich f\u00fcr die Folgen der Corona-Pandemie<\/b><\/p>\n<p>In dem aktuell geteilten Video wird zudem indirekt behauptet, das Gesetz trete deshalb erst 2024 in Kraft, weil wom\u00f6glich &#8222;eine riesige Welle an Impfsch\u00e4den erwartet&#8220; werde. Tats\u00e4chlich dient die relativ lange Vorlaufzeit dazu, die organisatorischen und verwaltungstechnischen Voraussetzungen f\u00fcr die Reform zu schaffen, wie die Sprecherin des BMAS gegen\u00fcber AFP erkl\u00e4rte: &#8222;Die Umsetzung der Reform stellt die L\u00e4nder, deren Beh\u00f6rden f\u00fcr die Durchf\u00fchrung des SGB XIV zust\u00e4ndig sind, vor strukturelle und organisatorische Herausforderungen. Der Gesetzgeber hat das Inkrafttreten des SGB XIV auf den 1. Januar 2024 festgelegt, damit gen\u00fcgend Zeit verbleibt, um die erforderlichen Vorbereitungen und Ma\u00dfnahmen vorzunehmen.&#8220; Mit einer angeblichen Erwartung, dass es zu zahlreichen Impfsch\u00e4den kommen k\u00f6nnte, hat der Termin also nichts zu tun. Vielmehr empfiehlt die Bundesregierung die in der Europ\u00e4ischen Union zugelassenen Corona-Impfstoffe und h\u00e4lt sie f\u00fcr <a href=\"https:\/\/www.bundesgesundheitsministerium.de\/coronavirus\/faq-covid-19-impfung.html#:~:text=Folgende%20Covid%2D19%2DImpfstoffe%20stehen,Janssen%C2%AE%20von%20Johnson%20%26%20Johnson\" shape=\"rect\">sicher<\/a>.<\/p>\n<p>Tats\u00e4chlich gab es im Zusammenhang mit der Corona-Pandemie eine gesellschaftliche <a href=\"https:\/\/blog.handelsblatt.com\/steuerboard\/2021\/05\/26\/die-kosten-der-pandemie-muessen-die-reichen-fuer-die-krise-zahlen\/\" target=\"_blank\" rel=\"noopener\" shape=\"rect\">Debatte um einen Lastenausgleich<\/a> in Form einer Verm\u00f6gensabgabe. Hierbei ging es jedoch um den Ausgleich finanzieller Einbu\u00dfen und nicht um etwaige Schadensersatzforderungen aus Corona-Impfungen. So forderte <a href=\"https:\/\/www.die-linke.de\/themen\/steuern\/faq-vermoegensabgabe-zur-finanzierung-der-kosten-der-corona-krise\/\" target=\"_blank\" rel=\"noopener\" shape=\"rect\">die Linke<\/a> entsprechende gesetzliche Ma\u00dfnahmen zur Finanzierung der Kosten der Corona-Krise. Auch der Pr\u00e4sident des Kieler Instituts f\u00fcr Weltwirtschaft, <a href=\"https:\/\/www.ifw-kiel.de\/de\/publikationen\/medieninformationen\/2020\/felbermayr-corona-lasten-sind-unfair-verteilt-ausgleich-notwendig\/\" target=\"_blank\" rel=\"noopener\" shape=\"rect\">Gabriel Felbermayr<\/a>, sprach sich im Fr\u00fchjahr 2020 f\u00fcr einen &#8222;fairen Ausgleich der Lasten&#8220; in der Pandemie aus. Das Bundesfinanzministerium ver\u00f6ffentlichte allerdings im Oktober 2021 eine <a href=\"https:\/\/www.bundesfinanzministerium.de\/Content\/DE\/Downloads\/Ministerium\/Wissenschaftlicher-Beirat\/Gutachten\/Vermoegensabgabe-Corona.html\" target=\"_blank\" rel=\"noopener\" shape=\"rect\">Stellungnahme<\/a> seines wissenschaftlichen Beirats, in der dieser &#8222;erhebliche Zweifel&#8220; an der Verfassungskonformit\u00e4t eines solchen Vorhabens \u00e4u\u00dferte.<\/p>\n<p><strong>Fazit:<\/strong> Die im Dezember 2019 beschlossene Reform des sozialen Entsch\u00e4digungsrechts erm\u00f6glicht keinen Lastenausgleich zugunsten von Menschen mit Impffolgesch\u00e4den. Schadensersatzforderungen im Zusammenhang mit Impfsch\u00e4den tr\u00e4gt wie bisher auch der Staat. Der entsprechende Paragraph findet sich ab 1. Januar 2024 nicht mehr im Infektionsschutzgesetz, sondern im neu geschaffenen SGB XIV.<\/p>\n","protected":false},"excerpt":{"rendered":"<p>Hunderte Nutzerinnen und Nutzer haben seit Anfang April ein Video auf Facebook geteilt (hier, hier), in dem verschiedene Behauptungen \u00fcber eine angeblich im Dezember 2019 beschlossene Reform des Lastenausgleichsgesetz aufgestellt werden. Die Behauptungen aus dem Video wurden auch in Form von Screenshots und Textbeitr\u00e4gen verbreitet. Auch auf Telegram erreichten die Behauptungen Hunderttausende (hier, hier). \u00c4hnliche Behauptungen zu einem angeblichen Lastenausgleich f\u00fcr die Folgen von Corona-Impfungen kursierten bereits im Januar dieses Jahres in sozialen Netzwerken.<\/p>\n","protected":false},"author":1,"featured_media":53687,"comment_status":"closed","ping_status":"open","sticky":false,"template":"","format":"standard","meta":{"_acf_changed":false,"footnotes":""},"categories":[175,127,130,172],"tags":[],"class_list":{"0":"post-33734","1":"post","2":"type-post","3":"status-publish","4":"format-standard","5":"has-post-thumbnail","7":"category-covid-19-de","8":"category-fact-check-de","9":"category-gesundheit","10":"category-wirtschaft-de"},"acf":{"show_metatags":true,"id":"56104","authors":"Feliks TODTMANN, AFP Deutschland","organization":"AFP","featured_image_copyright":"","text_copyright":"\u00a9 AGENCE FRANCE-PRESSE | 2022 | Alle Rechte vorbehalten. Jede Nutzung von AFP-Inhalten auf dieser Website unterliegt den Nutzungsbedingungen auf <a href='https:\/\/www.afp.com\/en\/terms-use' target='_blank'>CGU<\/a>. Durch den Zugriff auf die auf dieser Website verf\u00fcgbaren AFP-Inhalte und\/oder deren Nutzung erkl\u00e4ren Sie sich mit den oben genannten Nutzungsbedingungen einverstanden. Jede Nutzung von AFP-Inhalten erfolgt unter Ihrer alleinigen und vollen Verantwortung.","source":"https:\/\/faktencheck.afp.com\/doc.afp.com.32982VA","fact_checker":"https:\/\/belux.wpengine.com\/wp-content\/uploads\/2021\/12\/afp_logo.png","fact_checker_logo_image":false,"type":"Closed Event","location":"","start_date":"","start_date_event_begins_at":"","start_date_event_ends_at":"","end_date":"","end_date_event_begins_at":"","end_date_event_ends_at":"","organizer":""},"yoast_head":"<!-- This site is optimized with the Yoast SEO plugin v27.0 - https:\/\/yoast.com\/product\/yoast-seo-wordpress\/ -->\n<title>Der Bundestag hat vor der Corona-Pandemie keinen Lastenausgleich f\u00fcr Impfsch\u00e4den beschlossen - EDMO Belux<\/title>\n<meta name=\"robots\" content=\"index, follow, max-snippet:-1, max-image-preview:large, max-video-preview:-1\" \/>\n<link rel=\"canonical\" href=\"https:\/\/belux.edmo.eu\/de\/der-bundestag-hat-vor-der-corona-pandemie-keinen-lastenausgleich-fr-impfschden-beschlossen\/\" \/>\n<meta property=\"og:locale\" content=\"de_DE\" \/>\n<meta property=\"og:type\" content=\"article\" \/>\n<meta property=\"og:title\" content=\"Der Bundestag hat vor der Corona-Pandemie keinen Lastenausgleich f\u00fcr Impfsch\u00e4den beschlossen - EDMO Belux\" \/>\n<meta property=\"og:description\" content=\"Hunderte Nutzerinnen und Nutzer haben seit Anfang April ein Video auf Facebook geteilt (hier, hier), in dem verschiedene Behauptungen \u00fcber eine angeblich im Dezember 2019 beschlossene Reform des Lastenausgleichsgesetz aufgestellt werden. Die Behauptungen aus dem Video wurden auch in Form von Screenshots und Textbeitr\u00e4gen verbreitet. Auch auf Telegram erreichten die Behauptungen Hunderttausende (hier, hier). \u00c4hnliche Behauptungen zu einem angeblichen Lastenausgleich f\u00fcr die Folgen von Corona-Impfungen kursierten bereits im Januar dieses Jahres in sozialen Netzwerken.\" \/>\n<meta property=\"og:url\" content=\"https:\/\/belux.edmo.eu\/de\/der-bundestag-hat-vor-der-corona-pandemie-keinen-lastenausgleich-fr-impfschden-beschlossen\/\" \/>\n<meta property=\"og:site_name\" content=\"EDMO Belux\" \/>\n<meta property=\"article:published_time\" content=\"2022-04-29T12:29:38+00:00\" \/>\n<meta property=\"article:modified_time\" content=\"2022-06-30T13:43:51+00:00\" \/>\n<meta property=\"og:image\" content=\"https:\/\/belux.edmo.eu\/wp-content\/uploads\/2022\/05\/a73a8ad4dfda50158ec1d9b29f8f6490.jpeg\" \/>\n\t<meta property=\"og:image:width\" content=\"1080\" \/>\n\t<meta property=\"og:image:height\" content=\"540\" \/>\n\t<meta property=\"og:image:type\" content=\"image\/jpeg\" \/>\n<meta name=\"author\" content=\"master\" \/>\n<meta name=\"twitter:card\" content=\"summary_large_image\" \/>\n<meta name=\"twitter:creator\" content=\"@Edmo_Belux\" \/>\n<meta name=\"twitter:site\" content=\"@Edmo_Belux\" \/>\n<meta name=\"twitter:label1\" content=\"Verfasst von\" \/>\n\t<meta name=\"twitter:data1\" content=\"master\" \/>\n\t<meta name=\"twitter:label2\" content=\"Gesch\u00e4tzte Lesezeit\" \/>\n\t<meta name=\"twitter:data2\" content=\"6 Minuten\" \/>\n<script type=\"application\/ld+json\" class=\"yoast-schema-graph\">{\"@context\":\"https:\/\/schema.org\",\"@graph\":[{\"@type\":\"Article\",\"@id\":\"https:\/\/belux.edmo.eu\/de\/der-bundestag-hat-vor-der-corona-pandemie-keinen-lastenausgleich-fr-impfschden-beschlossen\/#article\",\"isPartOf\":{\"@id\":\"https:\/\/belux.edmo.eu\/de\/der-bundestag-hat-vor-der-corona-pandemie-keinen-lastenausgleich-fr-impfschden-beschlossen\/\"},\"author\":{\"name\":\"master\",\"@id\":\"https:\/\/belux.edmo.eu\/#\/schema\/person\/dbe3b252258537fd318f9b5645a30342\"},\"headline\":\"Der Bundestag hat vor der Corona-Pandemie keinen Lastenausgleich f\u00fcr Impfsch\u00e4den beschlossen\",\"datePublished\":\"2022-04-29T12:29:38+00:00\",\"dateModified\":\"2022-06-30T13:43:51+00:00\",\"mainEntityOfPage\":{\"@id\":\"https:\/\/belux.edmo.eu\/de\/der-bundestag-hat-vor-der-corona-pandemie-keinen-lastenausgleich-fr-impfschden-beschlossen\/\"},\"wordCount\":1301,\"publisher\":{\"@id\":\"https:\/\/belux.edmo.eu\/#organization\"},\"image\":{\"@id\":\"https:\/\/belux.edmo.eu\/de\/der-bundestag-hat-vor-der-corona-pandemie-keinen-lastenausgleich-fr-impfschden-beschlossen\/#primaryimage\"},\"thumbnailUrl\":\"https:\/\/belux.edmo.eu\/wp-content\/uploads\/2022\/05\/a73a8ad4dfda50158ec1d9b29f8f6490.jpeg\",\"articleSection\":[\"COVID-19\",\"Fact Check\",\"Gesundheit\",\"Wirtschaft\"],\"inLanguage\":\"de-DE\"},{\"@type\":\"WebPage\",\"@id\":\"https:\/\/belux.edmo.eu\/de\/der-bundestag-hat-vor-der-corona-pandemie-keinen-lastenausgleich-fr-impfschden-beschlossen\/\",\"url\":\"https:\/\/belux.edmo.eu\/de\/der-bundestag-hat-vor-der-corona-pandemie-keinen-lastenausgleich-fr-impfschden-beschlossen\/\",\"name\":\"Der Bundestag hat vor der Corona-Pandemie keinen Lastenausgleich f\u00fcr Impfsch\u00e4den beschlossen - EDMO Belux\",\"isPartOf\":{\"@id\":\"https:\/\/belux.edmo.eu\/#website\"},\"primaryImageOfPage\":{\"@id\":\"https:\/\/belux.edmo.eu\/de\/der-bundestag-hat-vor-der-corona-pandemie-keinen-lastenausgleich-fr-impfschden-beschlossen\/#primaryimage\"},\"image\":{\"@id\":\"https:\/\/belux.edmo.eu\/de\/der-bundestag-hat-vor-der-corona-pandemie-keinen-lastenausgleich-fr-impfschden-beschlossen\/#primaryimage\"},\"thumbnailUrl\":\"https:\/\/belux.edmo.eu\/wp-content\/uploads\/2022\/05\/a73a8ad4dfda50158ec1d9b29f8f6490.jpeg\",\"datePublished\":\"2022-04-29T12:29:38+00:00\",\"dateModified\":\"2022-06-30T13:43:51+00:00\",\"breadcrumb\":{\"@id\":\"https:\/\/belux.edmo.eu\/de\/der-bundestag-hat-vor-der-corona-pandemie-keinen-lastenausgleich-fr-impfschden-beschlossen\/#breadcrumb\"},\"inLanguage\":\"de-DE\",\"potentialAction\":[{\"@type\":\"ReadAction\",\"target\":[\"https:\/\/belux.edmo.eu\/de\/der-bundestag-hat-vor-der-corona-pandemie-keinen-lastenausgleich-fr-impfschden-beschlossen\/\"]}]},{\"@type\":\"ImageObject\",\"inLanguage\":\"de-DE\",\"@id\":\"https:\/\/belux.edmo.eu\/de\/der-bundestag-hat-vor-der-corona-pandemie-keinen-lastenausgleich-fr-impfschden-beschlossen\/#primaryimage\",\"url\":\"https:\/\/belux.edmo.eu\/wp-content\/uploads\/2022\/05\/a73a8ad4dfda50158ec1d9b29f8f6490.jpeg\",\"contentUrl\":\"https:\/\/belux.edmo.eu\/wp-content\/uploads\/2022\/05\/a73a8ad4dfda50158ec1d9b29f8f6490.jpeg\",\"width\":1080,\"height\":540},{\"@type\":\"BreadcrumbList\",\"@id\":\"https:\/\/belux.edmo.eu\/de\/der-bundestag-hat-vor-der-corona-pandemie-keinen-lastenausgleich-fr-impfschden-beschlossen\/#breadcrumb\",\"itemListElement\":[{\"@type\":\"ListItem\",\"position\":1,\"name\":\"Home\",\"item\":\"https:\/\/belux.edmo.eu\/de\/\"},{\"@type\":\"ListItem\",\"position\":2,\"name\":\"Der Bundestag hat vor der Corona-Pandemie keinen Lastenausgleich f\u00fcr Impfsch\u00e4den beschlossen\"}]},{\"@type\":\"WebSite\",\"@id\":\"https:\/\/belux.edmo.eu\/#website\",\"url\":\"https:\/\/belux.edmo.eu\/\",\"name\":\"EDMO Belux\",\"description\":\"Monitoring Disinformation in Belgium and Luxembourg\",\"publisher\":{\"@id\":\"https:\/\/belux.edmo.eu\/#organization\"},\"potentialAction\":[{\"@type\":\"SearchAction\",\"target\":{\"@type\":\"EntryPoint\",\"urlTemplate\":\"https:\/\/belux.edmo.eu\/?s={search_term_string}\"},\"query-input\":{\"@type\":\"PropertyValueSpecification\",\"valueRequired\":true,\"valueName\":\"search_term_string\"}}],\"inLanguage\":\"de-DE\"},{\"@type\":\"Organization\",\"@id\":\"https:\/\/belux.edmo.eu\/#organization\",\"name\":\"EDMO Belux\",\"url\":\"https:\/\/belux.edmo.eu\/\",\"logo\":{\"@type\":\"ImageObject\",\"inLanguage\":\"de-DE\",\"@id\":\"https:\/\/belux.edmo.eu\/#\/schema\/logo\/image\/\",\"url\":\"https:\/\/belux.edmo.eu\/wp-content\/uploads\/2021\/12\/belux-logo-full-color-rgb.svg\",\"contentUrl\":\"https:\/\/belux.edmo.eu\/wp-content\/uploads\/2021\/12\/belux-logo-full-color-rgb.svg\",\"width\":1,\"height\":1,\"caption\":\"EDMO Belux\"},\"image\":{\"@id\":\"https:\/\/belux.edmo.eu\/#\/schema\/logo\/image\/\"},\"sameAs\":[\"https:\/\/x.com\/Edmo_Belux\"]},{\"@type\":\"Person\",\"@id\":\"https:\/\/belux.edmo.eu\/#\/schema\/person\/dbe3b252258537fd318f9b5645a30342\",\"name\":\"master\",\"sameAs\":[\"https:\/\/belux.wpengine.com\"],\"url\":\"https:\/\/belux.edmo.eu\/de\/author\/master\/\"}]}<\/script>\n<!-- \/ Yoast SEO plugin. -->","yoast_head_json":{"title":"Der Bundestag hat vor der Corona-Pandemie keinen Lastenausgleich f\u00fcr Impfsch\u00e4den beschlossen - EDMO Belux","robots":{"index":"index","follow":"follow","max-snippet":"max-snippet:-1","max-image-preview":"max-image-preview:large","max-video-preview":"max-video-preview:-1"},"canonical":"https:\/\/belux.edmo.eu\/de\/der-bundestag-hat-vor-der-corona-pandemie-keinen-lastenausgleich-fr-impfschden-beschlossen\/","og_locale":"de_DE","og_type":"article","og_title":"Der Bundestag hat vor der Corona-Pandemie keinen Lastenausgleich f\u00fcr Impfsch\u00e4den beschlossen - EDMO Belux","og_description":"Hunderte Nutzerinnen und Nutzer haben seit Anfang April ein Video auf Facebook geteilt (hier, hier), in dem verschiedene Behauptungen \u00fcber eine angeblich im Dezember 2019 beschlossene Reform des Lastenausgleichsgesetz aufgestellt werden. Die Behauptungen aus dem Video wurden auch in Form von Screenshots und Textbeitr\u00e4gen verbreitet. Auch auf Telegram erreichten die Behauptungen Hunderttausende (hier, hier). \u00c4hnliche Behauptungen zu einem angeblichen Lastenausgleich f\u00fcr die Folgen von Corona-Impfungen kursierten bereits im Januar dieses Jahres in sozialen Netzwerken.","og_url":"https:\/\/belux.edmo.eu\/de\/der-bundestag-hat-vor-der-corona-pandemie-keinen-lastenausgleich-fr-impfschden-beschlossen\/","og_site_name":"EDMO Belux","article_published_time":"2022-04-29T12:29:38+00:00","article_modified_time":"2022-06-30T13:43:51+00:00","og_image":[{"width":1080,"height":540,"url":"https:\/\/belux.edmo.eu\/wp-content\/uploads\/2022\/05\/a73a8ad4dfda50158ec1d9b29f8f6490.jpeg","type":"image\/jpeg"}],"author":"master","twitter_card":"summary_large_image","twitter_creator":"@Edmo_Belux","twitter_site":"@Edmo_Belux","twitter_misc":{"Verfasst von":"master","Gesch\u00e4tzte Lesezeit":"6 Minuten"},"schema":{"@context":"https:\/\/schema.org","@graph":[{"@type":"Article","@id":"https:\/\/belux.edmo.eu\/de\/der-bundestag-hat-vor-der-corona-pandemie-keinen-lastenausgleich-fr-impfschden-beschlossen\/#article","isPartOf":{"@id":"https:\/\/belux.edmo.eu\/de\/der-bundestag-hat-vor-der-corona-pandemie-keinen-lastenausgleich-fr-impfschden-beschlossen\/"},"author":{"name":"master","@id":"https:\/\/belux.edmo.eu\/#\/schema\/person\/dbe3b252258537fd318f9b5645a30342"},"headline":"Der Bundestag hat vor der Corona-Pandemie keinen Lastenausgleich f\u00fcr Impfsch\u00e4den beschlossen","datePublished":"2022-04-29T12:29:38+00:00","dateModified":"2022-06-30T13:43:51+00:00","mainEntityOfPage":{"@id":"https:\/\/belux.edmo.eu\/de\/der-bundestag-hat-vor-der-corona-pandemie-keinen-lastenausgleich-fr-impfschden-beschlossen\/"},"wordCount":1301,"publisher":{"@id":"https:\/\/belux.edmo.eu\/#organization"},"image":{"@id":"https:\/\/belux.edmo.eu\/de\/der-bundestag-hat-vor-der-corona-pandemie-keinen-lastenausgleich-fr-impfschden-beschlossen\/#primaryimage"},"thumbnailUrl":"https:\/\/belux.edmo.eu\/wp-content\/uploads\/2022\/05\/a73a8ad4dfda50158ec1d9b29f8f6490.jpeg","articleSection":["COVID-19","Fact Check","Gesundheit","Wirtschaft"],"inLanguage":"de-DE"},{"@type":"WebPage","@id":"https:\/\/belux.edmo.eu\/de\/der-bundestag-hat-vor-der-corona-pandemie-keinen-lastenausgleich-fr-impfschden-beschlossen\/","url":"https:\/\/belux.edmo.eu\/de\/der-bundestag-hat-vor-der-corona-pandemie-keinen-lastenausgleich-fr-impfschden-beschlossen\/","name":"Der Bundestag hat vor der Corona-Pandemie keinen Lastenausgleich f\u00fcr Impfsch\u00e4den beschlossen - EDMO Belux","isPartOf":{"@id":"https:\/\/belux.edmo.eu\/#website"},"primaryImageOfPage":{"@id":"https:\/\/belux.edmo.eu\/de\/der-bundestag-hat-vor-der-corona-pandemie-keinen-lastenausgleich-fr-impfschden-beschlossen\/#primaryimage"},"image":{"@id":"https:\/\/belux.edmo.eu\/de\/der-bundestag-hat-vor-der-corona-pandemie-keinen-lastenausgleich-fr-impfschden-beschlossen\/#primaryimage"},"thumbnailUrl":"https:\/\/belux.edmo.eu\/wp-content\/uploads\/2022\/05\/a73a8ad4dfda50158ec1d9b29f8f6490.jpeg","datePublished":"2022-04-29T12:29:38+00:00","dateModified":"2022-06-30T13:43:51+00:00","breadcrumb":{"@id":"https:\/\/belux.edmo.eu\/de\/der-bundestag-hat-vor-der-corona-pandemie-keinen-lastenausgleich-fr-impfschden-beschlossen\/#breadcrumb"},"inLanguage":"de-DE","potentialAction":[{"@type":"ReadAction","target":["https:\/\/belux.edmo.eu\/de\/der-bundestag-hat-vor-der-corona-pandemie-keinen-lastenausgleich-fr-impfschden-beschlossen\/"]}]},{"@type":"ImageObject","inLanguage":"de-DE","@id":"https:\/\/belux.edmo.eu\/de\/der-bundestag-hat-vor-der-corona-pandemie-keinen-lastenausgleich-fr-impfschden-beschlossen\/#primaryimage","url":"https:\/\/belux.edmo.eu\/wp-content\/uploads\/2022\/05\/a73a8ad4dfda50158ec1d9b29f8f6490.jpeg","contentUrl":"https:\/\/belux.edmo.eu\/wp-content\/uploads\/2022\/05\/a73a8ad4dfda50158ec1d9b29f8f6490.jpeg","width":1080,"height":540},{"@type":"BreadcrumbList","@id":"https:\/\/belux.edmo.eu\/de\/der-bundestag-hat-vor-der-corona-pandemie-keinen-lastenausgleich-fr-impfschden-beschlossen\/#breadcrumb","itemListElement":[{"@type":"ListItem","position":1,"name":"Home","item":"https:\/\/belux.edmo.eu\/de\/"},{"@type":"ListItem","position":2,"name":"Der Bundestag hat vor der Corona-Pandemie keinen Lastenausgleich f\u00fcr Impfsch\u00e4den beschlossen"}]},{"@type":"WebSite","@id":"https:\/\/belux.edmo.eu\/#website","url":"https:\/\/belux.edmo.eu\/","name":"EDMO Belux","description":"Monitoring Disinformation in Belgium and Luxembourg","publisher":{"@id":"https:\/\/belux.edmo.eu\/#organization"},"potentialAction":[{"@type":"SearchAction","target":{"@type":"EntryPoint","urlTemplate":"https:\/\/belux.edmo.eu\/?s={search_term_string}"},"query-input":{"@type":"PropertyValueSpecification","valueRequired":true,"valueName":"search_term_string"}}],"inLanguage":"de-DE"},{"@type":"Organization","@id":"https:\/\/belux.edmo.eu\/#organization","name":"EDMO Belux","url":"https:\/\/belux.edmo.eu\/","logo":{"@type":"ImageObject","inLanguage":"de-DE","@id":"https:\/\/belux.edmo.eu\/#\/schema\/logo\/image\/","url":"https:\/\/belux.edmo.eu\/wp-content\/uploads\/2021\/12\/belux-logo-full-color-rgb.svg","contentUrl":"https:\/\/belux.edmo.eu\/wp-content\/uploads\/2021\/12\/belux-logo-full-color-rgb.svg","width":1,"height":1,"caption":"EDMO Belux"},"image":{"@id":"https:\/\/belux.edmo.eu\/#\/schema\/logo\/image\/"},"sameAs":["https:\/\/x.com\/Edmo_Belux"]},{"@type":"Person","@id":"https:\/\/belux.edmo.eu\/#\/schema\/person\/dbe3b252258537fd318f9b5645a30342","name":"master","sameAs":["https:\/\/belux.wpengine.com"],"url":"https:\/\/belux.edmo.eu\/de\/author\/master\/"}]}},"menu_order":0,"_links":{"self":[{"href":"https:\/\/belux.edmo.eu\/de\/wp-json\/wp\/v2\/posts\/33734","targetHints":{"allow":["GET"]}}],"collection":[{"href":"https:\/\/belux.edmo.eu\/de\/wp-json\/wp\/v2\/posts"}],"about":[{"href":"https:\/\/belux.edmo.eu\/de\/wp-json\/wp\/v2\/types\/post"}],"author":[{"embeddable":true,"href":"https:\/\/belux.edmo.eu\/de\/wp-json\/wp\/v2\/users\/1"}],"replies":[{"embeddable":true,"href":"https:\/\/belux.edmo.eu\/de\/wp-json\/wp\/v2\/comments?post=33734"}],"version-history":[{"count":0,"href":"https:\/\/belux.edmo.eu\/de\/wp-json\/wp\/v2\/posts\/33734\/revisions"}],"wp:featuredmedia":[{"embeddable":true,"href":"https:\/\/belux.edmo.eu\/de\/wp-json\/wp\/v2\/media\/53687"}],"wp:attachment":[{"href":"https:\/\/belux.edmo.eu\/de\/wp-json\/wp\/v2\/media?parent=33734"}],"wp:term":[{"taxonomy":"category","embeddable":true,"href":"https:\/\/belux.edmo.eu\/de\/wp-json\/wp\/v2\/categories?post=33734"},{"taxonomy":"post_tag","embeddable":true,"href":"https:\/\/belux.edmo.eu\/de\/wp-json\/wp\/v2\/tags?post=33734"}],"curies":[{"name":"wp","href":"https:\/\/api.w.org\/{rel}","templated":true}]}}