{"id":397283,"date":"2025-06-13T06:42:56","date_gmt":"2025-06-13T06:42:56","guid":{"rendered":"https:\/\/belux.edmo.eu\/?p=397283"},"modified":"2025-06-13T15:02:56","modified_gmt":"2025-06-13T15:02:56","slug":"ministerin-depraetere-wird-aussage-ber-thermostate-in-den-mund-gelegt","status":"publish","type":"post","link":"https:\/\/belux.edmo.eu\/de\/ministerin-depraetere-wird-aussage-ber-thermostate-in-den-mund-gelegt\/","title":{"rendered":"Ministerin Depraetere wird Aussage \u00fcber Thermostate in den Mund gelegt"},"content":{"rendered":"<section>Die fl\u00e4mische Ministerin Melissa Depraetere ist f\u00fcr Wohnen, Energie und Klima zust\u00e4ndig. Sparsames Heizen f\u00e4llt also durchaus in ihr Ressort. Doch kann stimmen, was <a href=\"https:\/\/archive.today\/YAvDa\" target=\"_blank\" rel=\"noopener\">Menschen<\/a> in <a href=\"https:\/\/archive.today\/sot5i\" target=\"_blank\" rel=\"noopener\">sozialen Netzwerken<\/a> derzeit \u00fcber sie verbreiten? \u00abMelissa Depraetere will die Maximumtemperatur aller Zimmerthermostate in Flandern auf 15\u00b0C senken\u00bb, hei\u00dft es in der \u00dcberschrift eines scheinbaren Medienartikels \u00fcber die Vooruit-Politikerin. Auch <a href=\"https:\/\/megalodon.jp\/2025-0604-2234-31\/https:\/\/www.facebook.com:443\/plugins\/post.php?href=https%3A%2F%2Fwww.facebook.com%2Ftalktimtubbax%2Fposts%2Fpfbid0T3QPcmE66zcdq7tAteXXF3ntj8JWuUnxnNz2isxJBCGy9Z5RTR4wd1bYYpZcXPrtl&amp;show_text=true&amp;width=500\" target=\"_blank\" rel=\"noopener\">einige fl\u00e4mische Politiker<\/a> teilen den Bericht, ohne zu erw\u00e4hnen, dass er eine F\u00e4lschung ist.<\/p>\n<div><b>Bewertung<\/b><\/div>\n<p>Ministerin Depraetere hat keinem Nachrichtenmedium etwas \u00fcber eine Drosselung von Thermostaten auf eine H\u00f6chsttemperatur von 15 Grad erz\u00e4hlt. Die \u00dcberschrift ist nicht echt. Das best\u00e4tigte ein Sprecher der Ministerin der Deutschen Presse-Agentur (dpa).<\/p>\n<div><b>Fakten<\/b><\/div>\n<p>Was nach einer Zeitungs\u00fcberschrift aussieht, ist keine: Eine <a href=\"https:\/\/archive.ph\/fztkL\" target=\"_blank\" rel=\"noopener\">Googlesuche<\/a> mit den entsprechenden W\u00f6rtern ergibt keine Ergebnisse bei den wichtigsten fl\u00e4mischen Zeitungen. Der Bericht macht also nur auf sozialen Netzwerken die Runde.<\/p>\n<p>Aus einem echten Bericht des <a href=\"https:\/\/archive.today\/VkKSe\" target=\"_blank\" rel=\"noopener\">Nieuwsblad<\/a> stammt allerdings das Foto unter der erfundenen \u00dcberschrift. In dem Artikel spricht Depraetere allerdings nicht \u00fcber Thermostate, sondern \u00fcber das Kinderkriegen.<\/p>\n<p>Auf dpa-Anfrage lie\u00df ein Sprecher von Depraetere wissen, dass die Ministerin nie in den Medien eine Absicht zur Drosselung von Heizungsw\u00e4rme ge\u00e4u\u00dfert habe und es sich also um eine F\u00e4lschung handle.<\/p>\n<p>Der erfundene Vorschlag findet sich auch nicht in den <a href=\"https:\/\/publicaties.vlaanderen.be\/view-file\/70827\" target=\"_blank\" rel=\"noopener\">politischen Zielsetzungen<\/a> der Ministerin. Was in Sachen Energie tats\u00e4chlich auf ihrer Liste steht, sind Steuererleichterungen, die <a href=\"https:\/\/www.vrt.be\/vrtnws\/nl\/2024\/10\/01\/elektriciteit-interessanter-maken-dan-aardgas-mission-impossibl\/\" target=\"_blank\" rel=\"noopener\">Strom g\u00fcnstiger<\/a> und W\u00e4rmepumpen damit attraktiver machen sollen.<\/p>\n<p><strong>Satire<\/strong><\/p>\n<p>Urspr\u00fcnglich wurde das Sharepic vor allem satirisch verwendet. Auf <a href=\"https:\/\/archive.today\/iFeMs#70%\" target=\"_blank\" rel=\"noopener\">X<\/a> wurde es beispielsweise mit einer anderen Idee verbunden, die tats\u00e4chlich von der Ministerin lanciert wurde. Sie hatte k\u00fcrzlich vorgeschlagen, die <a href=\"https:\/\/www.tijd.be\/politiek-economie\/belgie\/vlaanderen\/vlaams-minister-van-klimaat-depraetere-wil-hooguit-100-kilometer-per-uur-op-snelweg\/10609332.html\" target=\"_blank\" rel=\"noopener\">H\u00f6chstgeschwindigkeit<\/a> auf fl\u00e4mischen Autobahnen auf 100 Kilometer pro Stunden zu senken, um so den CO2-Aussto\u00df und die Zahl der Unf\u00e4lle zu verringern.<\/p>\n<p>Die <a href=\"https:\/\/archive.ph\/mlWGc\" target=\"_blank\" rel=\"noopener\">falsche \u00dcberschrift<\/a> wurde auch von einigen Politikern des Vlaams Belang <a href=\"https:\/\/archive.ph\/bHTUc\" target=\"_blank\" rel=\"noopener\">aufgegriffen<\/a>.<\/p>\n<p>(Stand: 10.6.2025)<\/p>\n<div><b>Hinweis<\/b><\/div>\n<p>Dieser Faktencheck wurde ohne inhaltliche \u00c4nderung<br \/>\naus technischen Gr\u00fcnden wiederholt.<\/p>\n<\/section>\n","protected":false},"excerpt":{"rendered":"<p>Politiker und Politikerinnen, die sich f\u00fcr bestimmte Themen engagieren, werden immer wieder mit Falschnachrichten konfrontiert. Das erlebte j\u00fcngst auch Melissa Depraetere.<\/p>\n","protected":false},"author":1,"featured_media":397278,"comment_status":"closed","ping_status":"closed","sticky":false,"template":"","format":"standard","meta":{"_acf_changed":false,"footnotes":""},"categories":[453,127,133,128],"tags":[529,640,641,639,544],"class_list":{"0":"post-397283","1":"post","2":"type-post","3":"status-publish","4":"format-standard","5":"has-post-thumbnail","7":"category-editors-choice-de-de","8":"category-fact-check-de","9":"category-politics-de","10":"category-umwelt","11":"tag-energie","12":"tag-flandern","13":"tag-heizung","14":"tag-klima","15":"tag-umwelt"},"acf":{"show_metatags":true,"id":"urn:newsml:dpa.com:20090101:250610-99-116794","authors":"dpa","organization":"DPA","featured_image_copyright":"Benoit Doppagne\/Belga\/dpa","text_copyright":"Copyright 2025, dpa (www.dpa.de). Alle Rechte vorbehalten","source":"https:\/\/dpa-factchecking.com\/belgium\/250610-99-116794\/","fact_checker":"https:\/\/belux-edmo.s3-accelerate.amazonaws.com\/wp-content\/uploads\/2024\/06\/DPA_FC_LOGO.png","share_this_post_to_edmo_website":false,"affiliation":"ADMO","type":"Closed Event","location":"","start_date":"","start_date_event_begins_at":"","start_date_event_ends_at":"","end_date":"","end_date_event_begins_at":"","end_date_event_ends_at":"","organizer":"","fact_checker_logo_image":false},"yoast_head":"<!-- This site is optimized with the Yoast SEO plugin v27.0 - https:\/\/yoast.com\/product\/yoast-seo-wordpress\/ -->\n<title>Ministerin Depraetere wird Aussage \u00fcber Thermostate in den Mund gelegt - EDMO Belux<\/title>\n<meta name=\"robots\" content=\"index, follow, max-snippet:-1, max-image-preview:large, max-video-preview:-1\" \/>\n<link rel=\"canonical\" href=\"https:\/\/belux.edmo.eu\/de\/ministerin-depraetere-wird-aussage-ber-thermostate-in-den-mund-gelegt\/\" \/>\n<meta property=\"og:locale\" content=\"de_DE\" \/>\n<meta property=\"og:type\" content=\"article\" \/>\n<meta property=\"og:title\" content=\"Ministerin Depraetere wird Aussage \u00fcber Thermostate in den Mund gelegt - EDMO Belux\" \/>\n<meta property=\"og:description\" content=\"Politiker und Politikerinnen, die sich f\u00fcr bestimmte Themen engagieren, werden immer wieder mit Falschnachrichten konfrontiert. Das erlebte j\u00fcngst auch Melissa Depraetere.\" \/>\n<meta property=\"og:url\" content=\"https:\/\/belux.edmo.eu\/de\/ministerin-depraetere-wird-aussage-ber-thermostate-in-den-mund-gelegt\/\" \/>\n<meta property=\"og:site_name\" content=\"EDMO Belux\" \/>\n<meta property=\"article:published_time\" content=\"2025-06-13T06:42:56+00:00\" \/>\n<meta property=\"article:modified_time\" content=\"2025-06-13T15:02:56+00:00\" \/>\n<meta property=\"og:image\" content=\"https:\/\/belux-edmo.s3-accelerate.amazonaws.com\/wp-content\/uploads\/2025\/06\/250610-99-117009-v2-s2048.jpeg\" \/>\n\t<meta property=\"og:image:width\" content=\"1080\" \/>\n\t<meta property=\"og:image:height\" content=\"687\" \/>\n\t<meta property=\"og:image:type\" content=\"image\/jpeg\" \/>\n<meta name=\"author\" content=\"master\" \/>\n<meta name=\"twitter:card\" content=\"summary_large_image\" \/>\n<meta name=\"twitter:creator\" content=\"@Edmo_Belux\" \/>\n<meta name=\"twitter:site\" content=\"@Edmo_Belux\" \/>\n<meta name=\"twitter:label1\" content=\"Verfasst von\" \/>\n\t<meta name=\"twitter:data1\" content=\"master\" \/>\n\t<meta name=\"twitter:label2\" content=\"Gesch\u00e4tzte Lesezeit\" \/>\n\t<meta name=\"twitter:data2\" content=\"2 Minuten\" \/>\n<script type=\"application\/ld+json\" class=\"yoast-schema-graph\">{\"@context\":\"https:\/\/schema.org\",\"@graph\":[{\"@type\":\"Article\",\"@id\":\"https:\/\/belux.edmo.eu\/de\/ministerin-depraetere-wird-aussage-ber-thermostate-in-den-mund-gelegt\/#article\",\"isPartOf\":{\"@id\":\"https:\/\/belux.edmo.eu\/de\/ministerin-depraetere-wird-aussage-ber-thermostate-in-den-mund-gelegt\/\"},\"author\":{\"name\":\"master\",\"@id\":\"https:\/\/belux.edmo.eu\/#\/schema\/person\/dbe3b252258537fd318f9b5645a30342\"},\"headline\":\"Ministerin Depraetere wird Aussage \u00fcber Thermostate in den Mund gelegt\",\"datePublished\":\"2025-06-13T06:42:56+00:00\",\"dateModified\":\"2025-06-13T15:02:56+00:00\",\"mainEntityOfPage\":{\"@id\":\"https:\/\/belux.edmo.eu\/de\/ministerin-depraetere-wird-aussage-ber-thermostate-in-den-mund-gelegt\/\"},\"wordCount\":341,\"publisher\":{\"@id\":\"https:\/\/belux.edmo.eu\/#organization\"},\"image\":{\"@id\":\"https:\/\/belux.edmo.eu\/de\/ministerin-depraetere-wird-aussage-ber-thermostate-in-den-mund-gelegt\/#primaryimage\"},\"thumbnailUrl\":\"https:\/\/belux-edmo.s3-accelerate.amazonaws.com\/wp-content\/uploads\/2025\/06\/250610-99-117009-v2-s2048.jpeg\",\"keywords\":[\"Energie\",\"Flandern\",\"Heizung\",\"Klima\",\"Umwelt\"],\"articleSection\":[\"Editor\u2019s Choice Slider DE\",\"Fact Check\",\"Politik\",\"Umwelt\"],\"inLanguage\":\"de-DE\"},{\"@type\":\"WebPage\",\"@id\":\"https:\/\/belux.edmo.eu\/de\/ministerin-depraetere-wird-aussage-ber-thermostate-in-den-mund-gelegt\/\",\"url\":\"https:\/\/belux.edmo.eu\/de\/ministerin-depraetere-wird-aussage-ber-thermostate-in-den-mund-gelegt\/\",\"name\":\"Ministerin Depraetere wird Aussage \u00fcber Thermostate in den Mund gelegt - EDMO Belux\",\"isPartOf\":{\"@id\":\"https:\/\/belux.edmo.eu\/#website\"},\"primaryImageOfPage\":{\"@id\":\"https:\/\/belux.edmo.eu\/de\/ministerin-depraetere-wird-aussage-ber-thermostate-in-den-mund-gelegt\/#primaryimage\"},\"image\":{\"@id\":\"https:\/\/belux.edmo.eu\/de\/ministerin-depraetere-wird-aussage-ber-thermostate-in-den-mund-gelegt\/#primaryimage\"},\"thumbnailUrl\":\"https:\/\/belux-edmo.s3-accelerate.amazonaws.com\/wp-content\/uploads\/2025\/06\/250610-99-117009-v2-s2048.jpeg\",\"datePublished\":\"2025-06-13T06:42:56+00:00\",\"dateModified\":\"2025-06-13T15:02:56+00:00\",\"breadcrumb\":{\"@id\":\"https:\/\/belux.edmo.eu\/de\/ministerin-depraetere-wird-aussage-ber-thermostate-in-den-mund-gelegt\/#breadcrumb\"},\"inLanguage\":\"de-DE\",\"potentialAction\":[{\"@type\":\"ReadAction\",\"target\":[\"https:\/\/belux.edmo.eu\/de\/ministerin-depraetere-wird-aussage-ber-thermostate-in-den-mund-gelegt\/\"]}]},{\"@type\":\"ImageObject\",\"inLanguage\":\"de-DE\",\"@id\":\"https:\/\/belux.edmo.eu\/de\/ministerin-depraetere-wird-aussage-ber-thermostate-in-den-mund-gelegt\/#primaryimage\",\"url\":\"https:\/\/belux-edmo.s3-accelerate.amazonaws.com\/wp-content\/uploads\/2025\/06\/250610-99-117009-v2-s2048.jpeg\",\"contentUrl\":\"https:\/\/belux-edmo.s3-accelerate.amazonaws.com\/wp-content\/uploads\/2025\/06\/250610-99-117009-v2-s2048.jpeg\",\"width\":1080,\"height\":687,\"caption\":\"Ministerin Depraetere wird Aussage \u00fcber Thermostate in den Mund gelegt - Featured image\"},{\"@type\":\"BreadcrumbList\",\"@id\":\"https:\/\/belux.edmo.eu\/de\/ministerin-depraetere-wird-aussage-ber-thermostate-in-den-mund-gelegt\/#breadcrumb\",\"itemListElement\":[{\"@type\":\"ListItem\",\"position\":1,\"name\":\"Home\",\"item\":\"https:\/\/belux.edmo.eu\/de\/\"},{\"@type\":\"ListItem\",\"position\":2,\"name\":\"Ministerin Depraetere wird Aussage \u00fcber Thermostate in den Mund gelegt\"}]},{\"@type\":\"WebSite\",\"@id\":\"https:\/\/belux.edmo.eu\/#website\",\"url\":\"https:\/\/belux.edmo.eu\/\",\"name\":\"EDMO Belux\",\"description\":\"Monitoring Disinformation in Belgium and Luxembourg\",\"publisher\":{\"@id\":\"https:\/\/belux.edmo.eu\/#organization\"},\"potentialAction\":[{\"@type\":\"SearchAction\",\"target\":{\"@type\":\"EntryPoint\",\"urlTemplate\":\"https:\/\/belux.edmo.eu\/?s={search_term_string}\"},\"query-input\":{\"@type\":\"PropertyValueSpecification\",\"valueRequired\":true,\"valueName\":\"search_term_string\"}}],\"inLanguage\":\"de-DE\"},{\"@type\":\"Organization\",\"@id\":\"https:\/\/belux.edmo.eu\/#organization\",\"name\":\"EDMO Belux\",\"url\":\"https:\/\/belux.edmo.eu\/\",\"logo\":{\"@type\":\"ImageObject\",\"inLanguage\":\"de-DE\",\"@id\":\"https:\/\/belux.edmo.eu\/#\/schema\/logo\/image\/\",\"url\":\"https:\/\/belux.edmo.eu\/wp-content\/uploads\/2021\/12\/belux-logo-full-color-rgb.svg\",\"contentUrl\":\"https:\/\/belux.edmo.eu\/wp-content\/uploads\/2021\/12\/belux-logo-full-color-rgb.svg\",\"width\":1,\"height\":1,\"caption\":\"EDMO Belux\"},\"image\":{\"@id\":\"https:\/\/belux.edmo.eu\/#\/schema\/logo\/image\/\"},\"sameAs\":[\"https:\/\/x.com\/Edmo_Belux\"]},{\"@type\":\"Person\",\"@id\":\"https:\/\/belux.edmo.eu\/#\/schema\/person\/dbe3b252258537fd318f9b5645a30342\",\"name\":\"master\",\"sameAs\":[\"https:\/\/belux.wpengine.com\"],\"url\":\"https:\/\/belux.edmo.eu\/de\/author\/master\/\"}]}<\/script>\n<!-- \/ Yoast SEO plugin. -->","yoast_head_json":{"title":"Ministerin Depraetere wird Aussage \u00fcber Thermostate in den Mund gelegt - EDMO Belux","robots":{"index":"index","follow":"follow","max-snippet":"max-snippet:-1","max-image-preview":"max-image-preview:large","max-video-preview":"max-video-preview:-1"},"canonical":"https:\/\/belux.edmo.eu\/de\/ministerin-depraetere-wird-aussage-ber-thermostate-in-den-mund-gelegt\/","og_locale":"de_DE","og_type":"article","og_title":"Ministerin Depraetere wird Aussage \u00fcber Thermostate in den Mund gelegt - EDMO Belux","og_description":"Politiker und Politikerinnen, die sich f\u00fcr bestimmte Themen engagieren, werden immer wieder mit Falschnachrichten konfrontiert. Das erlebte j\u00fcngst auch Melissa Depraetere.","og_url":"https:\/\/belux.edmo.eu\/de\/ministerin-depraetere-wird-aussage-ber-thermostate-in-den-mund-gelegt\/","og_site_name":"EDMO Belux","article_published_time":"2025-06-13T06:42:56+00:00","article_modified_time":"2025-06-13T15:02:56+00:00","og_image":[{"width":1080,"height":687,"url":"https:\/\/belux-edmo.s3-accelerate.amazonaws.com\/wp-content\/uploads\/2025\/06\/250610-99-117009-v2-s2048.jpeg","type":"image\/jpeg"}],"author":"master","twitter_card":"summary_large_image","twitter_creator":"@Edmo_Belux","twitter_site":"@Edmo_Belux","twitter_misc":{"Verfasst von":"master","Gesch\u00e4tzte Lesezeit":"2 Minuten"},"schema":{"@context":"https:\/\/schema.org","@graph":[{"@type":"Article","@id":"https:\/\/belux.edmo.eu\/de\/ministerin-depraetere-wird-aussage-ber-thermostate-in-den-mund-gelegt\/#article","isPartOf":{"@id":"https:\/\/belux.edmo.eu\/de\/ministerin-depraetere-wird-aussage-ber-thermostate-in-den-mund-gelegt\/"},"author":{"name":"master","@id":"https:\/\/belux.edmo.eu\/#\/schema\/person\/dbe3b252258537fd318f9b5645a30342"},"headline":"Ministerin Depraetere wird Aussage \u00fcber Thermostate in den Mund gelegt","datePublished":"2025-06-13T06:42:56+00:00","dateModified":"2025-06-13T15:02:56+00:00","mainEntityOfPage":{"@id":"https:\/\/belux.edmo.eu\/de\/ministerin-depraetere-wird-aussage-ber-thermostate-in-den-mund-gelegt\/"},"wordCount":341,"publisher":{"@id":"https:\/\/belux.edmo.eu\/#organization"},"image":{"@id":"https:\/\/belux.edmo.eu\/de\/ministerin-depraetere-wird-aussage-ber-thermostate-in-den-mund-gelegt\/#primaryimage"},"thumbnailUrl":"https:\/\/belux-edmo.s3-accelerate.amazonaws.com\/wp-content\/uploads\/2025\/06\/250610-99-117009-v2-s2048.jpeg","keywords":["Energie","Flandern","Heizung","Klima","Umwelt"],"articleSection":["Editor\u2019s Choice Slider DE","Fact Check","Politik","Umwelt"],"inLanguage":"de-DE"},{"@type":"WebPage","@id":"https:\/\/belux.edmo.eu\/de\/ministerin-depraetere-wird-aussage-ber-thermostate-in-den-mund-gelegt\/","url":"https:\/\/belux.edmo.eu\/de\/ministerin-depraetere-wird-aussage-ber-thermostate-in-den-mund-gelegt\/","name":"Ministerin Depraetere wird Aussage \u00fcber Thermostate in den Mund gelegt - EDMO Belux","isPartOf":{"@id":"https:\/\/belux.edmo.eu\/#website"},"primaryImageOfPage":{"@id":"https:\/\/belux.edmo.eu\/de\/ministerin-depraetere-wird-aussage-ber-thermostate-in-den-mund-gelegt\/#primaryimage"},"image":{"@id":"https:\/\/belux.edmo.eu\/de\/ministerin-depraetere-wird-aussage-ber-thermostate-in-den-mund-gelegt\/#primaryimage"},"thumbnailUrl":"https:\/\/belux-edmo.s3-accelerate.amazonaws.com\/wp-content\/uploads\/2025\/06\/250610-99-117009-v2-s2048.jpeg","datePublished":"2025-06-13T06:42:56+00:00","dateModified":"2025-06-13T15:02:56+00:00","breadcrumb":{"@id":"https:\/\/belux.edmo.eu\/de\/ministerin-depraetere-wird-aussage-ber-thermostate-in-den-mund-gelegt\/#breadcrumb"},"inLanguage":"de-DE","potentialAction":[{"@type":"ReadAction","target":["https:\/\/belux.edmo.eu\/de\/ministerin-depraetere-wird-aussage-ber-thermostate-in-den-mund-gelegt\/"]}]},{"@type":"ImageObject","inLanguage":"de-DE","@id":"https:\/\/belux.edmo.eu\/de\/ministerin-depraetere-wird-aussage-ber-thermostate-in-den-mund-gelegt\/#primaryimage","url":"https:\/\/belux-edmo.s3-accelerate.amazonaws.com\/wp-content\/uploads\/2025\/06\/250610-99-117009-v2-s2048.jpeg","contentUrl":"https:\/\/belux-edmo.s3-accelerate.amazonaws.com\/wp-content\/uploads\/2025\/06\/250610-99-117009-v2-s2048.jpeg","width":1080,"height":687,"caption":"Ministerin Depraetere wird Aussage \u00fcber Thermostate in den Mund gelegt - Featured image"},{"@type":"BreadcrumbList","@id":"https:\/\/belux.edmo.eu\/de\/ministerin-depraetere-wird-aussage-ber-thermostate-in-den-mund-gelegt\/#breadcrumb","itemListElement":[{"@type":"ListItem","position":1,"name":"Home","item":"https:\/\/belux.edmo.eu\/de\/"},{"@type":"ListItem","position":2,"name":"Ministerin Depraetere wird Aussage \u00fcber Thermostate in den Mund gelegt"}]},{"@type":"WebSite","@id":"https:\/\/belux.edmo.eu\/#website","url":"https:\/\/belux.edmo.eu\/","name":"EDMO Belux","description":"Monitoring Disinformation in Belgium and Luxembourg","publisher":{"@id":"https:\/\/belux.edmo.eu\/#organization"},"potentialAction":[{"@type":"SearchAction","target":{"@type":"EntryPoint","urlTemplate":"https:\/\/belux.edmo.eu\/?s={search_term_string}"},"query-input":{"@type":"PropertyValueSpecification","valueRequired":true,"valueName":"search_term_string"}}],"inLanguage":"de-DE"},{"@type":"Organization","@id":"https:\/\/belux.edmo.eu\/#organization","name":"EDMO Belux","url":"https:\/\/belux.edmo.eu\/","logo":{"@type":"ImageObject","inLanguage":"de-DE","@id":"https:\/\/belux.edmo.eu\/#\/schema\/logo\/image\/","url":"https:\/\/belux.edmo.eu\/wp-content\/uploads\/2021\/12\/belux-logo-full-color-rgb.svg","contentUrl":"https:\/\/belux.edmo.eu\/wp-content\/uploads\/2021\/12\/belux-logo-full-color-rgb.svg","width":1,"height":1,"caption":"EDMO Belux"},"image":{"@id":"https:\/\/belux.edmo.eu\/#\/schema\/logo\/image\/"},"sameAs":["https:\/\/x.com\/Edmo_Belux"]},{"@type":"Person","@id":"https:\/\/belux.edmo.eu\/#\/schema\/person\/dbe3b252258537fd318f9b5645a30342","name":"master","sameAs":["https:\/\/belux.wpengine.com"],"url":"https:\/\/belux.edmo.eu\/de\/author\/master\/"}]}},"menu_order":0,"_links":{"self":[{"href":"https:\/\/belux.edmo.eu\/de\/wp-json\/wp\/v2\/posts\/397283","targetHints":{"allow":["GET"]}}],"collection":[{"href":"https:\/\/belux.edmo.eu\/de\/wp-json\/wp\/v2\/posts"}],"about":[{"href":"https:\/\/belux.edmo.eu\/de\/wp-json\/wp\/v2\/types\/post"}],"author":[{"embeddable":true,"href":"https:\/\/belux.edmo.eu\/de\/wp-json\/wp\/v2\/users\/1"}],"replies":[{"embeddable":true,"href":"https:\/\/belux.edmo.eu\/de\/wp-json\/wp\/v2\/comments?post=397283"}],"version-history":[{"count":0,"href":"https:\/\/belux.edmo.eu\/de\/wp-json\/wp\/v2\/posts\/397283\/revisions"}],"wp:featuredmedia":[{"embeddable":true,"href":"https:\/\/belux.edmo.eu\/de\/wp-json\/wp\/v2\/media\/397278"}],"wp:attachment":[{"href":"https:\/\/belux.edmo.eu\/de\/wp-json\/wp\/v2\/media?parent=397283"}],"wp:term":[{"taxonomy":"category","embeddable":true,"href":"https:\/\/belux.edmo.eu\/de\/wp-json\/wp\/v2\/categories?post=397283"},{"taxonomy":"post_tag","embeddable":true,"href":"https:\/\/belux.edmo.eu\/de\/wp-json\/wp\/v2\/tags?post=397283"}],"curies":[{"name":"wp","href":"https:\/\/api.w.org\/{rel}","templated":true}]}}