{"id":400275,"date":"2025-08-21T09:04:20","date_gmt":"2025-08-21T09:04:20","guid":{"rendered":"https:\/\/belux.edmo.eu\/?p=400275"},"modified":"2025-08-21T09:29:12","modified_gmt":"2025-08-21T09:29:12","slug":"die-iss-kreist-seit-mehr-als-25-jahren-um-die-erde","status":"publish","type":"post","link":"https:\/\/belux.edmo.eu\/de\/die-iss-kreist-seit-mehr-als-25-jahren-um-die-erde\/","title":{"rendered":"Die ISS kreist seit mehr als 25 Jahren um die Erde"},"content":{"rendered":"<section>Sollte die Wahrheit \u00fcber die Internationale Raumstation (ISS) ans Licht gekommen sein? In sozialen Netzwerken teilen <a href=\"https:\/\/archive.today\/6tHek\" target=\"_blank\" rel=\"noopener\">Nutzer<\/a> zwei Fotos, die beweisen sollen, dass die ISS-Astronauten nicht im Weltraum, sondern in einem riesigen Schwimmbecken unterwegs sind. Die US-Raumfahrtbeh\u00f6rde Nasa nutze Technologien wie die \u00aberweiterte Realit\u00e4t\u00bb, um die Menschen zu t\u00e4uschen, schreiben sie auf Facebook. Dabei zeigen die beiden Bilder nichts dergleichen.<\/p>\n<div><b>Bewertung<\/b><\/div>\n<p>Die geposteten Fotos geben das Neutral Buoyancy Laboratory (NBL) wieder, ein Trainingsbecken der Nasa, das ein verkleinertes ISS-Modell enth\u00e4lt.<\/p>\n<div><b>Fakten<\/b><\/div>\n<p>Eine <a href=\"https:\/\/www.medienanstalt-nrw.de\/fileadmin\/user_upload\/NeueWebsite_0120\/Presse\/Pressemitteilung\/230303-HandbuchVerifikation_final\" target=\"_blank\" rel=\"noopener\">Bilderr\u00fcckw\u00e4rtssuche<\/a> ergibt Hinweise auf die Herkunft der beiden Abbildungen. Wie die Bildtexte (<a href=\"https:\/\/www.artbasel.com\/catalog\/artwork\/61866\/Thomas-Struth-Neutral-Buoyancy-Lab-JSC-Houston#:~:text=Neutral%20Buoyancy%20Lab%2C%20JSC%2C%20Houston%2C%202017\" target=\"_blank\" rel=\"noopener\">hier<\/a> und <a href=\"https:\/\/gsas.harvard.edu\/news\/below-so-above#:~:text=Akusobi%20helped%20evaluate%20the%20usefulness%20of%20tests%20on%20astronauts%20who%20trained%20for%20extravehicular%20activity%20at%20NASA%E2%80%99s%20neutral%20buoyancy%20lab.\" target=\"_blank\" rel=\"noopener\">hier<\/a>) angeben, wurden die Fotos im <a href=\"https:\/\/www.nasa.gov\/johnson\/neutral-buoyancy-laboratory\/\" target=\"_blank\" rel=\"noopener\">Neutral Buoyancy Laboratory<\/a> (NBL), einem der gr\u00f6\u00dften Schwimmbecken der Welt, aufgenommen. Es geh\u00f6rt zum Trainingszentrum der Nasa in Houston, Texas.<\/p>\n<p>Dieses riesige Becken von 61,5 Metern L\u00e4nge, 31,1 Metern Breite und 12,2 Metern Tiefe enth\u00e4lt ein <a href=\"https:\/\/youtu.be\/NqeC0AnU-Ng?si=1FFbhG44ok4uHW8S&amp;t=47\" target=\"_blank\" rel=\"noopener\">Modell<\/a> der ISS. Die Astronauten trainieren hier f\u00fcr ihre <a href=\"https:\/\/www.oceaneering.com\/space-systems\/nbl-facilities\/#:~:text=Providing%20a%20safe%20environment%20that%20enables%20astronauts%20to%20train%2C%20execute%20project%20activities%20pre%2Dspace%20flight%2C%20and%20interact%20with%20a%20mock%20International%20Space%20Station%20set%2Dup.\" target=\"_blank\" rel=\"noopener\">Aufgaben<\/a>, die sie anschlie\u00dfend im Weltraum ausf\u00fchren. \u00abDas Training unter Wasser kommt dem Gef\u00fchl von Schwerelosigkeit auf der Erde sehr nahe\u00bb, erl\u00e4utert die Europ\u00e4ische Raumfahrt-Agentur <a href=\"https:\/\/www.esa.int\/Space_in_Member_States\/Germany\/Unterwassertraining_fuer_die_ISS\" target=\"_blank\" rel=\"noopener\">ESA<\/a> das Vorgehen.<\/p>\n<p><strong>Bekannte Verschw\u00f6rungstheorie<\/strong><\/p>\n<p>Die in sozialen Netzwerken verbreiteten Bilder des Trainingszentrums belegen also keineswegs, dass die Astronauten auf der Erde bleiben. Sie sind nur eine weitere Variante der altbekannten Behauptung, dass die Nasa die Fl\u00fcge zur ISS und zum Mond blo\u00df vorget\u00e4uscht habe. Die Deutsche Presse-Agentur hat dar\u00fcber schon zahlreiche <a href=\"https:\/\/dpa-factchecking.com\/germany\/250424-99-628446\/\" target=\"_blank\" rel=\"noopener\">Faktencheck<\/a>s recherchiert und <a href=\"https:\/\/dpa-factchecking.com\/germany\/230706-99-305329\/\" target=\"_blank\" rel=\"noopener\">ver\u00f6ffentlicht<\/a>.<\/p>\n<p>Das Weltraumlabor ISS ist das Ergebnis einer <a href=\"https:\/\/www.nasa.gov\/reference\/international-space-station\/#hds-sidebar-nav-5:~:text=Harmony%2C%20and%20Unity%2C-,International%20Cooperation,-The%20International%20Space\" target=\"_blank\" rel=\"noopener\">internationalen<\/a> Zusammenarbeit der amerikanischen, russischen, europ\u00e4ischen, japanischen und kanadischen Weltraumbeh\u00f6rden. Mit dem <a href=\"https:\/\/www.esa.int\/kids\/en\/learn\/Life_in_Space\/Space_Stations\/The_International_Space_Station\" target=\"_blank\" rel=\"noopener\">Bau der ISS<\/a> im Weltall wurde 1998 begonnen. Die Umlaufbahn der ISS in 400 Kilometern Entfernung von der Erde kann man \u00fcbrigens auf einer ESA-Webseite in Echtzeit <a href=\"https:\/\/www.esa.int\/Science_Exploration\/Human_and_Robotic_Exploration\/International_Space_Station\/Where_is_the_International_Space_Station\" target=\"_blank\" rel=\"noopener\">verfolgen<\/a>.<\/p>\n<p>(Stand: 21.8.2025)<\/p>\n<\/section>\n","protected":false},"excerpt":{"rendered":"<p>Zweifel s\u00e4en, Verwirrung stiften &#8211; das scheint das Ziel vieler Nutzerinnen und Nutzer in sozialen Netzwerken zu sein. Auch ein Beitrag \u00fcber die Internationale Raumstation geht in diese Richtung.<\/p>\n","protected":false},"author":1,"featured_media":400270,"comment_status":"closed","ping_status":"closed","sticky":false,"template":"","format":"standard","meta":{"_acf_changed":false,"footnotes":""},"categories":[453,127,390,560,136],"tags":[679,680,678,677,676],"class_list":{"0":"post-400275","1":"post","2":"type-post","3":"status-publish","4":"format-standard","5":"has-post-thumbnail","7":"category-editors-choice-de-de","8":"category-fact-check-de","9":"category-technologie","10":"category-verschwoerungstheorie","11":"category-wissenschaft","12":"tag-astronauten","13":"tag-ausbildung","14":"tag-iss","15":"tag-nasa","16":"tag-raumfahrt"},"acf":{"show_metatags":true,"id":"urn:newsml:dpa.com:20090101:250820-99-782130","authors":"dpa","organization":"DPA","featured_image_copyright":"NASA\/ESA\/dpa","text_copyright":"Copyright 2025, dpa (www.dpa.de). Alle Rechte vorbehalten","source":"https:\/\/dpa-factchecking.com\/belgium\/250820-99-782130\/","fact_checker":"https:\/\/belux-edmo.s3-accelerate.amazonaws.com\/wp-content\/uploads\/2024\/06\/DPA_FC_LOGO.png","share_this_post_to_edmo_website":false,"affiliation":"BELUX","type":"Closed Event","location":"","start_date":"","start_date_event_begins_at":"","start_date_event_ends_at":"","end_date":"","end_date_event_begins_at":"","end_date_event_ends_at":"","organizer":"","fact_checker_logo_image":false},"yoast_head":"<!-- This site is optimized with the Yoast SEO plugin v27.0 - https:\/\/yoast.com\/product\/yoast-seo-wordpress\/ -->\n<title>Die ISS kreist seit mehr als 25 Jahren um die Erde - EDMO Belux<\/title>\n<meta name=\"robots\" content=\"index, follow, max-snippet:-1, max-image-preview:large, max-video-preview:-1\" \/>\n<link rel=\"canonical\" href=\"https:\/\/belux.edmo.eu\/de\/die-iss-kreist-seit-mehr-als-25-jahren-um-die-erde\/\" \/>\n<meta property=\"og:locale\" content=\"de_DE\" \/>\n<meta property=\"og:type\" content=\"article\" \/>\n<meta property=\"og:title\" content=\"Die ISS kreist seit mehr als 25 Jahren um die Erde - EDMO Belux\" \/>\n<meta property=\"og:description\" content=\"Zweifel s\u00e4en, Verwirrung stiften - das scheint das Ziel vieler Nutzerinnen und Nutzer in sozialen Netzwerken zu sein. Auch ein Beitrag \u00fcber die Internationale Raumstation geht in diese Richtung.\" \/>\n<meta property=\"og:url\" content=\"https:\/\/belux.edmo.eu\/de\/die-iss-kreist-seit-mehr-als-25-jahren-um-die-erde\/\" \/>\n<meta property=\"og:site_name\" content=\"EDMO Belux\" \/>\n<meta property=\"article:published_time\" content=\"2025-08-21T09:04:20+00:00\" \/>\n<meta property=\"article:modified_time\" content=\"2025-08-21T09:29:12+00:00\" \/>\n<meta property=\"og:image\" content=\"https:\/\/belux-edmo.s3-accelerate.amazonaws.com\/wp-content\/uploads\/2025\/08\/250820-99-782150-v2-w800h450_resized.jpeg\" \/>\n\t<meta property=\"og:image:width\" content=\"800\" \/>\n\t<meta property=\"og:image:height\" content=\"450\" \/>\n\t<meta property=\"og:image:type\" content=\"image\/jpeg\" \/>\n<meta name=\"author\" content=\"master\" \/>\n<meta name=\"twitter:card\" content=\"summary_large_image\" \/>\n<meta name=\"twitter:creator\" content=\"@Edmo_Belux\" \/>\n<meta name=\"twitter:site\" content=\"@Edmo_Belux\" \/>\n<meta name=\"twitter:label1\" content=\"Verfasst von\" \/>\n\t<meta name=\"twitter:data1\" content=\"master\" \/>\n\t<meta name=\"twitter:label2\" content=\"Gesch\u00e4tzte Lesezeit\" \/>\n\t<meta name=\"twitter:data2\" content=\"2 Minuten\" \/>\n<script type=\"application\/ld+json\" class=\"yoast-schema-graph\">{\"@context\":\"https:\/\/schema.org\",\"@graph\":[{\"@type\":\"Article\",\"@id\":\"https:\/\/belux.edmo.eu\/de\/die-iss-kreist-seit-mehr-als-25-jahren-um-die-erde\/#article\",\"isPartOf\":{\"@id\":\"https:\/\/belux.edmo.eu\/de\/die-iss-kreist-seit-mehr-als-25-jahren-um-die-erde\/\"},\"author\":{\"name\":\"master\",\"@id\":\"https:\/\/belux.edmo.eu\/#\/schema\/person\/dbe3b252258537fd318f9b5645a30342\"},\"headline\":\"Die ISS kreist seit mehr als 25 Jahren um die Erde\",\"datePublished\":\"2025-08-21T09:04:20+00:00\",\"dateModified\":\"2025-08-21T09:29:12+00:00\",\"mainEntityOfPage\":{\"@id\":\"https:\/\/belux.edmo.eu\/de\/die-iss-kreist-seit-mehr-als-25-jahren-um-die-erde\/\"},\"wordCount\":304,\"publisher\":{\"@id\":\"https:\/\/belux.edmo.eu\/#organization\"},\"image\":{\"@id\":\"https:\/\/belux.edmo.eu\/de\/die-iss-kreist-seit-mehr-als-25-jahren-um-die-erde\/#primaryimage\"},\"thumbnailUrl\":\"https:\/\/belux-edmo.s3-accelerate.amazonaws.com\/wp-content\/uploads\/2025\/08\/250820-99-782150-v2-w800h450_resized.jpeg\",\"keywords\":[\"Astronauten\",\"Ausbildung\",\"ISS\",\"Nasa\",\"Raumfahrt\"],\"articleSection\":[\"Editor\u2019s Choice Slider DE\",\"Fact Check\",\"Technologie\",\"Verschw\u00f6rungstheorie\",\"Wissenschaft\"],\"inLanguage\":\"de-DE\"},{\"@type\":\"WebPage\",\"@id\":\"https:\/\/belux.edmo.eu\/de\/die-iss-kreist-seit-mehr-als-25-jahren-um-die-erde\/\",\"url\":\"https:\/\/belux.edmo.eu\/de\/die-iss-kreist-seit-mehr-als-25-jahren-um-die-erde\/\",\"name\":\"Die ISS kreist seit mehr als 25 Jahren um die Erde - EDMO Belux\",\"isPartOf\":{\"@id\":\"https:\/\/belux.edmo.eu\/#website\"},\"primaryImageOfPage\":{\"@id\":\"https:\/\/belux.edmo.eu\/de\/die-iss-kreist-seit-mehr-als-25-jahren-um-die-erde\/#primaryimage\"},\"image\":{\"@id\":\"https:\/\/belux.edmo.eu\/de\/die-iss-kreist-seit-mehr-als-25-jahren-um-die-erde\/#primaryimage\"},\"thumbnailUrl\":\"https:\/\/belux-edmo.s3-accelerate.amazonaws.com\/wp-content\/uploads\/2025\/08\/250820-99-782150-v2-w800h450_resized.jpeg\",\"datePublished\":\"2025-08-21T09:04:20+00:00\",\"dateModified\":\"2025-08-21T09:29:12+00:00\",\"breadcrumb\":{\"@id\":\"https:\/\/belux.edmo.eu\/de\/die-iss-kreist-seit-mehr-als-25-jahren-um-die-erde\/#breadcrumb\"},\"inLanguage\":\"de-DE\",\"potentialAction\":[{\"@type\":\"ReadAction\",\"target\":[\"https:\/\/belux.edmo.eu\/de\/die-iss-kreist-seit-mehr-als-25-jahren-um-die-erde\/\"]}]},{\"@type\":\"ImageObject\",\"inLanguage\":\"de-DE\",\"@id\":\"https:\/\/belux.edmo.eu\/de\/die-iss-kreist-seit-mehr-als-25-jahren-um-die-erde\/#primaryimage\",\"url\":\"https:\/\/belux-edmo.s3-accelerate.amazonaws.com\/wp-content\/uploads\/2025\/08\/250820-99-782150-v2-w800h450_resized.jpeg\",\"contentUrl\":\"https:\/\/belux-edmo.s3-accelerate.amazonaws.com\/wp-content\/uploads\/2025\/08\/250820-99-782150-v2-w800h450_resized.jpeg\",\"width\":800,\"height\":450,\"caption\":\"Die ISS kreist seit mehr als 25 Jahren um die Erde - Featured image\"},{\"@type\":\"BreadcrumbList\",\"@id\":\"https:\/\/belux.edmo.eu\/de\/die-iss-kreist-seit-mehr-als-25-jahren-um-die-erde\/#breadcrumb\",\"itemListElement\":[{\"@type\":\"ListItem\",\"position\":1,\"name\":\"Home\",\"item\":\"https:\/\/belux.edmo.eu\/de\/\"},{\"@type\":\"ListItem\",\"position\":2,\"name\":\"Die ISS kreist seit mehr als 25 Jahren um die Erde\"}]},{\"@type\":\"WebSite\",\"@id\":\"https:\/\/belux.edmo.eu\/#website\",\"url\":\"https:\/\/belux.edmo.eu\/\",\"name\":\"EDMO Belux\",\"description\":\"Monitoring Disinformation in Belgium and Luxembourg\",\"publisher\":{\"@id\":\"https:\/\/belux.edmo.eu\/#organization\"},\"potentialAction\":[{\"@type\":\"SearchAction\",\"target\":{\"@type\":\"EntryPoint\",\"urlTemplate\":\"https:\/\/belux.edmo.eu\/?s={search_term_string}\"},\"query-input\":{\"@type\":\"PropertyValueSpecification\",\"valueRequired\":true,\"valueName\":\"search_term_string\"}}],\"inLanguage\":\"de-DE\"},{\"@type\":\"Organization\",\"@id\":\"https:\/\/belux.edmo.eu\/#organization\",\"name\":\"EDMO Belux\",\"url\":\"https:\/\/belux.edmo.eu\/\",\"logo\":{\"@type\":\"ImageObject\",\"inLanguage\":\"de-DE\",\"@id\":\"https:\/\/belux.edmo.eu\/#\/schema\/logo\/image\/\",\"url\":\"https:\/\/belux.edmo.eu\/wp-content\/uploads\/2021\/12\/belux-logo-full-color-rgb.svg\",\"contentUrl\":\"https:\/\/belux.edmo.eu\/wp-content\/uploads\/2021\/12\/belux-logo-full-color-rgb.svg\",\"width\":1,\"height\":1,\"caption\":\"EDMO Belux\"},\"image\":{\"@id\":\"https:\/\/belux.edmo.eu\/#\/schema\/logo\/image\/\"},\"sameAs\":[\"https:\/\/x.com\/Edmo_Belux\"]},{\"@type\":\"Person\",\"@id\":\"https:\/\/belux.edmo.eu\/#\/schema\/person\/dbe3b252258537fd318f9b5645a30342\",\"name\":\"master\",\"sameAs\":[\"https:\/\/belux.wpengine.com\"],\"url\":\"https:\/\/belux.edmo.eu\/de\/author\/master\/\"}]}<\/script>\n<!-- \/ Yoast SEO plugin. -->","yoast_head_json":{"title":"Die ISS kreist seit mehr als 25 Jahren um die Erde - EDMO Belux","robots":{"index":"index","follow":"follow","max-snippet":"max-snippet:-1","max-image-preview":"max-image-preview:large","max-video-preview":"max-video-preview:-1"},"canonical":"https:\/\/belux.edmo.eu\/de\/die-iss-kreist-seit-mehr-als-25-jahren-um-die-erde\/","og_locale":"de_DE","og_type":"article","og_title":"Die ISS kreist seit mehr als 25 Jahren um die Erde - EDMO Belux","og_description":"Zweifel s\u00e4en, Verwirrung stiften - das scheint das Ziel vieler Nutzerinnen und Nutzer in sozialen Netzwerken zu sein. Auch ein Beitrag \u00fcber die Internationale Raumstation geht in diese Richtung.","og_url":"https:\/\/belux.edmo.eu\/de\/die-iss-kreist-seit-mehr-als-25-jahren-um-die-erde\/","og_site_name":"EDMO Belux","article_published_time":"2025-08-21T09:04:20+00:00","article_modified_time":"2025-08-21T09:29:12+00:00","og_image":[{"width":800,"height":450,"url":"https:\/\/belux-edmo.s3-accelerate.amazonaws.com\/wp-content\/uploads\/2025\/08\/250820-99-782150-v2-w800h450_resized.jpeg","type":"image\/jpeg"}],"author":"master","twitter_card":"summary_large_image","twitter_creator":"@Edmo_Belux","twitter_site":"@Edmo_Belux","twitter_misc":{"Verfasst von":"master","Gesch\u00e4tzte Lesezeit":"2 Minuten"},"schema":{"@context":"https:\/\/schema.org","@graph":[{"@type":"Article","@id":"https:\/\/belux.edmo.eu\/de\/die-iss-kreist-seit-mehr-als-25-jahren-um-die-erde\/#article","isPartOf":{"@id":"https:\/\/belux.edmo.eu\/de\/die-iss-kreist-seit-mehr-als-25-jahren-um-die-erde\/"},"author":{"name":"master","@id":"https:\/\/belux.edmo.eu\/#\/schema\/person\/dbe3b252258537fd318f9b5645a30342"},"headline":"Die ISS kreist seit mehr als 25 Jahren um die Erde","datePublished":"2025-08-21T09:04:20+00:00","dateModified":"2025-08-21T09:29:12+00:00","mainEntityOfPage":{"@id":"https:\/\/belux.edmo.eu\/de\/die-iss-kreist-seit-mehr-als-25-jahren-um-die-erde\/"},"wordCount":304,"publisher":{"@id":"https:\/\/belux.edmo.eu\/#organization"},"image":{"@id":"https:\/\/belux.edmo.eu\/de\/die-iss-kreist-seit-mehr-als-25-jahren-um-die-erde\/#primaryimage"},"thumbnailUrl":"https:\/\/belux-edmo.s3-accelerate.amazonaws.com\/wp-content\/uploads\/2025\/08\/250820-99-782150-v2-w800h450_resized.jpeg","keywords":["Astronauten","Ausbildung","ISS","Nasa","Raumfahrt"],"articleSection":["Editor\u2019s Choice Slider DE","Fact Check","Technologie","Verschw\u00f6rungstheorie","Wissenschaft"],"inLanguage":"de-DE"},{"@type":"WebPage","@id":"https:\/\/belux.edmo.eu\/de\/die-iss-kreist-seit-mehr-als-25-jahren-um-die-erde\/","url":"https:\/\/belux.edmo.eu\/de\/die-iss-kreist-seit-mehr-als-25-jahren-um-die-erde\/","name":"Die ISS kreist seit mehr als 25 Jahren um die Erde - EDMO Belux","isPartOf":{"@id":"https:\/\/belux.edmo.eu\/#website"},"primaryImageOfPage":{"@id":"https:\/\/belux.edmo.eu\/de\/die-iss-kreist-seit-mehr-als-25-jahren-um-die-erde\/#primaryimage"},"image":{"@id":"https:\/\/belux.edmo.eu\/de\/die-iss-kreist-seit-mehr-als-25-jahren-um-die-erde\/#primaryimage"},"thumbnailUrl":"https:\/\/belux-edmo.s3-accelerate.amazonaws.com\/wp-content\/uploads\/2025\/08\/250820-99-782150-v2-w800h450_resized.jpeg","datePublished":"2025-08-21T09:04:20+00:00","dateModified":"2025-08-21T09:29:12+00:00","breadcrumb":{"@id":"https:\/\/belux.edmo.eu\/de\/die-iss-kreist-seit-mehr-als-25-jahren-um-die-erde\/#breadcrumb"},"inLanguage":"de-DE","potentialAction":[{"@type":"ReadAction","target":["https:\/\/belux.edmo.eu\/de\/die-iss-kreist-seit-mehr-als-25-jahren-um-die-erde\/"]}]},{"@type":"ImageObject","inLanguage":"de-DE","@id":"https:\/\/belux.edmo.eu\/de\/die-iss-kreist-seit-mehr-als-25-jahren-um-die-erde\/#primaryimage","url":"https:\/\/belux-edmo.s3-accelerate.amazonaws.com\/wp-content\/uploads\/2025\/08\/250820-99-782150-v2-w800h450_resized.jpeg","contentUrl":"https:\/\/belux-edmo.s3-accelerate.amazonaws.com\/wp-content\/uploads\/2025\/08\/250820-99-782150-v2-w800h450_resized.jpeg","width":800,"height":450,"caption":"Die ISS kreist seit mehr als 25 Jahren um die Erde - Featured image"},{"@type":"BreadcrumbList","@id":"https:\/\/belux.edmo.eu\/de\/die-iss-kreist-seit-mehr-als-25-jahren-um-die-erde\/#breadcrumb","itemListElement":[{"@type":"ListItem","position":1,"name":"Home","item":"https:\/\/belux.edmo.eu\/de\/"},{"@type":"ListItem","position":2,"name":"Die ISS kreist seit mehr als 25 Jahren um die Erde"}]},{"@type":"WebSite","@id":"https:\/\/belux.edmo.eu\/#website","url":"https:\/\/belux.edmo.eu\/","name":"EDMO Belux","description":"Monitoring Disinformation in Belgium and Luxembourg","publisher":{"@id":"https:\/\/belux.edmo.eu\/#organization"},"potentialAction":[{"@type":"SearchAction","target":{"@type":"EntryPoint","urlTemplate":"https:\/\/belux.edmo.eu\/?s={search_term_string}"},"query-input":{"@type":"PropertyValueSpecification","valueRequired":true,"valueName":"search_term_string"}}],"inLanguage":"de-DE"},{"@type":"Organization","@id":"https:\/\/belux.edmo.eu\/#organization","name":"EDMO Belux","url":"https:\/\/belux.edmo.eu\/","logo":{"@type":"ImageObject","inLanguage":"de-DE","@id":"https:\/\/belux.edmo.eu\/#\/schema\/logo\/image\/","url":"https:\/\/belux.edmo.eu\/wp-content\/uploads\/2021\/12\/belux-logo-full-color-rgb.svg","contentUrl":"https:\/\/belux.edmo.eu\/wp-content\/uploads\/2021\/12\/belux-logo-full-color-rgb.svg","width":1,"height":1,"caption":"EDMO Belux"},"image":{"@id":"https:\/\/belux.edmo.eu\/#\/schema\/logo\/image\/"},"sameAs":["https:\/\/x.com\/Edmo_Belux"]},{"@type":"Person","@id":"https:\/\/belux.edmo.eu\/#\/schema\/person\/dbe3b252258537fd318f9b5645a30342","name":"master","sameAs":["https:\/\/belux.wpengine.com"],"url":"https:\/\/belux.edmo.eu\/de\/author\/master\/"}]}},"menu_order":0,"_links":{"self":[{"href":"https:\/\/belux.edmo.eu\/de\/wp-json\/wp\/v2\/posts\/400275","targetHints":{"allow":["GET"]}}],"collection":[{"href":"https:\/\/belux.edmo.eu\/de\/wp-json\/wp\/v2\/posts"}],"about":[{"href":"https:\/\/belux.edmo.eu\/de\/wp-json\/wp\/v2\/types\/post"}],"author":[{"embeddable":true,"href":"https:\/\/belux.edmo.eu\/de\/wp-json\/wp\/v2\/users\/1"}],"replies":[{"embeddable":true,"href":"https:\/\/belux.edmo.eu\/de\/wp-json\/wp\/v2\/comments?post=400275"}],"version-history":[{"count":0,"href":"https:\/\/belux.edmo.eu\/de\/wp-json\/wp\/v2\/posts\/400275\/revisions"}],"wp:featuredmedia":[{"embeddable":true,"href":"https:\/\/belux.edmo.eu\/de\/wp-json\/wp\/v2\/media\/400270"}],"wp:attachment":[{"href":"https:\/\/belux.edmo.eu\/de\/wp-json\/wp\/v2\/media?parent=400275"}],"wp:term":[{"taxonomy":"category","embeddable":true,"href":"https:\/\/belux.edmo.eu\/de\/wp-json\/wp\/v2\/categories?post=400275"},{"taxonomy":"post_tag","embeddable":true,"href":"https:\/\/belux.edmo.eu\/de\/wp-json\/wp\/v2\/tags?post=400275"}],"curies":[{"name":"wp","href":"https:\/\/api.w.org\/{rel}","templated":true}]}}