{"id":400742,"date":"2025-08-28T15:00:35","date_gmt":"2025-08-28T15:00:35","guid":{"rendered":"https:\/\/belux.edmo.eu\/?p=400742"},"modified":"2025-08-29T15:13:24","modified_gmt":"2025-08-29T15:13:24","slug":"viele-hrden-in-der-eu-fr-die-verhaftung-von-journalisten","status":"publish","type":"post","link":"https:\/\/belux.edmo.eu\/de\/viele-hrden-in-der-eu-fr-die-verhaftung-von-journalisten\/","title":{"rendered":"Viele H\u00fcrden in der EU f\u00fcr die Verhaftung von Journalisten"},"content":{"rendered":"<section>In einem in Luxemburg verbreiteten <a href=\"https:\/\/archive.today\/ZKRiN\" target=\"_blank\" rel=\"noopener\">Facebook-Post<\/a> wird behauptet, die EU setze ein neues \u00abMedienfreiheitsgesetz\u00bb im Kampf gegen die freie Presse ein. Dieses Gesetz erlaube die Verhaftung von Journalisten, \u00abwenn es das &#8222;Allgemeininteresse&#8220; rechtfertigt\u00bb, hei\u00dft es.<\/p>\n<div><b>Bewertung<\/b><\/div>\n<p>Die Behauptung ist falsch, die Darstellung der Fakten unvollst\u00e4ndig. Tats\u00e4chlich ist das \u00abAllgemeininteresse\u00bb nur eine von mehreren Voraussetzungen, die laut dem Text der Verordnung f\u00fcr eine Verhaftung erf\u00fcllt sein m\u00fcssen.<\/p>\n<div><b>Fakten<\/b><\/div>\n<p>Die Behauptung \u00fcber die nach einem neuen EU-Gesetz erlaubte Verhaftung von Journalisten beruht auf einem Bericht der Website <a href=\"https:\/\/archive.today\/x3B1A\" target=\"_blank\" rel=\"noopener\">\u00abApollo News\u00bb<\/a> vom 9. August 2025. Dieser tr\u00e4gt die \u00dcberschrift: \u00abEU-Medienfreiheitsgesetz erlaubt Verhaftung von Journalisten, wenn es das &#8222;Allgemeininteresse&#8220; rechtfertigt\u00bb. Er befasst sich mit dem seit dem 8. August 2025 geltenden <a href=\"https:\/\/commission.europa.eu\/strategy-and-policy\/priorities-2019-2024\/new-push-european-democracy\/protecting-democracy\/european-media-freedom-act_de\" target=\"_blank\" rel=\"noopener\">Europ\u00e4ischen Medienfreiheitsgesetz<\/a>. Dabei handelt es sich um die <a href=\"https:\/\/eur-lex.europa.eu\/legal-content\/DE\/TXT\/HTML\/?uri=OJ:L_202401083\" target=\"_blank\" rel=\"noopener\">EU-Verordnung 2024\/1083<\/a>, die im April 2024 vom Ministerrat und vom EU-Parlament beschlossen wurde. Eine Verordnung von EU-Parlament und Rat muss von allen EU-Mitgliedstaaten in nationales Recht umgesetzt werden.<\/p>\n<p>Das Medienfreiheitsgesetz soll nach Angaben der EU-Kommission Teil einer \u00abReihe von Ma\u00dfnahmen zum Schutz der Medienfreiheit und des Medienpluralismus und dar\u00fcber hinaus zur Verbesserung des freien Dienstleistungsverkehrs in der EU\u00bb sein. In dem Artikel von \u00abApollo News\u00bb wird berichtet, dass das Gesetz nach Meinung von Kommissionspr\u00e4sidentin Ursula von der Leyen den Schutz der Medienfreiheit verbessern solle. Journalisten sollten nicht zur Preisgabe ihrer Quellen durch Spionagesoftware oder Verhaftungen gedr\u00e4ngt werden d\u00fcrfen.<\/p>\n<p><strong>EU-Vorgabe sieht weitere Bedingungen vor<\/strong><\/p>\n<p>Der Bericht behauptet dann: \u00abAllerdings erlaubt die EU auch Ausnahmen von diesem Verbot: So hei\u00dft es, dass Verhaftungen, Sanktionierungen oder das Abfangen von Journalisten erlaubt sind, wenn es &#8222;nach Unionsrecht oder nationalem Recht vorgesehen&#8220; sei und &#8222;im Einzelfall durch einen \u00fcberwiegenden Grund des Allgemeininteresses gerechtfertigt und [&#8230;] verh\u00e4ltnism\u00e4\u00dfig&#8220; sei.\u00bb<\/p>\n<p>Diese Darstellung ist unvollst\u00e4ndig und daher irref\u00fchrend. Zutreffend ist, dass Artikel 4 der Verordnung verlangt, dass die Mitgliedstaaten auf eine Verpflichtung zur Offenlegung von Quellen sowie auf die Inhaftierung, Sanktionierung, das Abfangen oder die Untersuchung von Medien mit dem Ziel der Aufdeckung von Quellen verzichten. In Absatz 4 des Artikels 4 werden dann m\u00f6gliche Ausnahmen von diesem Verzicht festgelegt &#8211; und zwar \u00abunter den folgenden Voraussetzungen\u00bb.<\/p>\n<p>Das Gesetz listet diese Voraussetzungen auf, die allesamt beispielsweise f\u00fcr Inhaftierungen oder Sanktionierungen erf\u00fcllt sein m\u00fcssen. Diese Bedingungen sind deutlich umfassender als in dem Artikel von Apollo News geschildert. Sie lauten f\u00fcr das Vorgehen der EU-L\u00e4nder n\u00e4mlich: \u00aba) Es ist nach Unionsrecht oder nationalem Recht vorgesehen, b) es steht mit Artikel 52 Absatz 1 der Charta und anderem Unionsrecht im Einklang, c) es ist im Einzelfall durch einen \u00fcberwiegenden Grund des Allgemeininteresses gerechtfertigt und ist verh\u00e4ltnism\u00e4\u00dfig, und d) ihr ist vorab von einer Justizbeh\u00f6rde oder einem unabh\u00e4ngigen und unparteiischen Entscheidungsgremium zugestimmt worden oder, in hinreichend gerechtfertigten und dringenden Ausnahmef\u00e4llen, nachtr\u00e4glich unverz\u00fcglich durch eine solche Beh\u00f6rde oder ein solches Gremium genehmigt worden.\u00bb<\/p>\n<p><strong>Verweis auf Pr\u00fcfung durch Justiz fehlt<\/strong><\/p>\n<p>Der in diesen Bedingungen erw\u00e4hnte Text in Artikel 52 der <a href=\"https:\/\/www.europarl.europa.eu\/charter\/pdf\/text_de.pdf\" target=\"_blank\" rel=\"noopener\">Charta der Grundrechte der Europ\u00e4ischen Union<\/a> lautet: \u00abJede Einschr\u00e4nkung der Aus\u00fcbung der in dieser Charta anerkannten Rechte und Freiheiten muss gesetzlich vorgesehen sein und den Wesensgehalt dieser Rechte und Freiheiten achten. Unter Wahrung des Grundsatzes der Verh\u00e4ltnism\u00e4\u00dfigkeit d\u00fcrfen Einschr\u00e4nkungen nur vorgenommen werden, wenn sie notwendig sind und den von der Union anerkannten dem Gemeinwohl dienenden Zielsetzungen oder den Erfordernissen des Schutzes der Rechte und Freiheiten anderer tats\u00e4chlich entsprechen.\u00bb<\/p>\n<p>Die Behauptung von Apollo News, dass \u00abdie Verhaftung von Journalisten gerechtfertigt (wird), wenn das im &#8222;Allgemeininteresse&#8220; liegt\u00bb, ist unzutreffend. Es wird verschwiegen, dass eine Verhaftung nur m\u00f6glich ist, wenn ihre eine Justizbeh\u00f6rde oder ein anderes daf\u00fcr vorgesehenes Entscheidungsgremium zugestimmt hat. Mit dieser Formulierung nimmt die Verordnung auf unterschiedliches nationales Recht in der EU R\u00fccksicht. Verschwiegen wird auch die Bindung an das Gebot der Verh\u00e4ltnism\u00e4\u00dfigkeit in der EU-Grundrechtecharta.<\/p>\n<p><strong>Auslassung sorgt f\u00fcr falschen Eindruck von EU-Willk\u00fcr<\/strong><\/p>\n<p>Nicht erw\u00e4hnt wird zudem, dass Absatz 6 des Artikels 4 ausdr\u00fccklich festlegt, dass Haft, Bestrafung oder \u00dcberwachung \u00abregelm\u00e4\u00dfig durch eine Justizbeh\u00f6rde oder ein unabh\u00e4ngiges und unparteiisches Entscheidungsgremium \u00fcberpr\u00fcft werden, um festzustellen, ob die Bedingungen, die den Einsatz rechtfertigen, weiterhin bestehen\u00bb.<\/p>\n<p>Die Verordnung erlaubt also eine Verhaftung von Journalisten nur dann, wenn eine ganze Reihe von Voraussetzungen erf\u00fcllt und wenn rechtsstaatliche Kontrollen sichergestellt sind. Es trifft nicht zu, dass eine Verhaftung schon dann m\u00f6glich sei, \u00abwenn das im &#8222;Allgemeininteresse&#8220; liegt\u00bb. Dieser Hinweis ist wichtig, weil der Bericht offensichtlich den Eindruck erweckt, als k\u00f6nne die EU willk\u00fcrlich Journalisten verhaften lassen.<\/p>\n<p>So wird unter Berufung auf die Webseite von Apollo News in einem unter anderem <a href=\"https:\/\/archive.today\/RdcVz\" target=\"_blank\" rel=\"noopener\">in Luxemburg<\/a> geteilten <a href=\"https:\/\/web.archive.org\/web\/20250813091252\/https:\/r4---sn-4g5ednsz.googlevideo.com\/videoplayback?expire=1755097954&amp;ei=AlecaLGcIbnRp-oPxMO2gAE&amp;ip=2001%3Abc8%3A2163%3A1d1%3A548%3Aedae%3Aa64%3A8908&amp;id=o-ANYQ5M6ppqkRcgC_eGg8SVDIHcIDIVgYymPL9nmvXj5U&amp;itag=18&amp;source=youtube&amp;requiressl=yes&amp;xpc=EgVo2aDSNQ%3D%3D&amp;rms=au%2Cau&amp;bui=AY1jyLOiRevMDjyn2S3QydS8rK_9FPcbsIiQGU97KPVxmln_YPGWl9In9GyNijpc5y0ikEupws3sCzcc&amp;vprv=1&amp;svpuc=1&amp;mime=video%2Fmp4&amp;ns=by7KWwdrl_WfeFPkgaQQ7bIQ&amp;rqh=1&amp;gir=yes&amp;clen=26990517&amp;ratebypass=yes&amp;dur=557.000&amp;lmt=1754808221485349&amp;lmw=1&amp;fexp=51548755%2C51557446&amp;c=TVHTML5&amp;sefc=1&amp;txp=5538534&amp;n=RRYxcvPMjB4-vw&amp;sparams=expire%2Cei%2Cip%2Cid%2Citag%2Csource%2Crequiressl%2Cxpc%2Cbui%2Cvprv%2Csvpuc%2Cmime%2Cns%2Crqh%2Cgir%2Cclen%2Cratebypass%2Cdur%2Clmt&amp;sig=AJfQdSswRQIhAJo-RJSsgbERdMuTWaN1dLC7jKgEeO-6GrtfP7dM3m24AiAB_bUqOaHABXs7oPTDjF1XbAxt8s7hk6MGRt0V0V1OSA%3D%3D&amp;title=%F0%9F%92%A5EU%20darf%20Journalisten%20EINSPERREN!%20Medienfreiheitsgesetz&amp;cms_redirect=yes&amp;met=1755076361,&amp;mh=Pj&amp;mip=194.77.48.141&amp;mm=31&amp;mn=sn-4g5ednsz&amp;ms=au&amp;mt=1755075899&amp;mv=m&amp;mvi=4&amp;pl=22&amp;lsparams=met,mh,mip,mm,mn,ms,mv,mvi,pl,rms&amp;lsig=APaTxxMwRgIhAN6wYcqyJHQGiBLCzVeezPVN7YXFDuSLW7D6Owz_ODGaAiEA9H9A3sV-bocbhwd_rduQby3M0Wz0OqC2IXw7OIbD9uk%3D\" target=\"_blank\" rel=\"noopener\">Video<\/a> verbreitet, in dem die Behauptung aufgestellt wird: \u00abEU darf Journalisten EINSPERREN! Medienfreiheitsgesetz.\u00bb Doch nirgendwo, auch in dem neuen Medienfreiheitsgesetz nicht, ist vorgesehen, dass die EU Journalisten einsperren kann.<\/p>\n<p><strong>Video aus Finnland hat anderen Hintergrund<\/strong><\/p>\n<p>Der Eindruck von totaler Willk\u00fcr der EU wird vom Pr\u00e4sentator des Videos verbreitet: \u00abEs wird immer \u00fcbergriffiger, immer gef\u00e4hrlicher, wenn man seine Meinung frei \u00e4u\u00dfern m\u00f6chte, mit welchen Repressalien man zu rechnen hat.\u00bb Nun erlaube also die EU die Verhaftung von Journalisten, wenn dies das Allgemeininteresse rechtfertige. \u00abUnd wer bestimmt, was das Allgemeininteresse ist? Nat\u00fcrlich, wir wissen\u2019s: Die \u00fcblichen Kandidaten, wer auch sonst?\u00bb Ebenso wie im Beitrag von \u00abApollo News\u00bb wird die vorgesehene rechtsstaatliche und gerichtliche Kontrolle der nationalen Entscheidungen \u00fcberhaupt nicht erw\u00e4hnt.<\/p>\n<p>Die selektive Wahrnehmung wird durch ein weiteres Video verst\u00e4rkt, das vom Moderator auf dem eigenen Smartphone ins Bild gehalten wird. In diesem <a href=\"https:\/\/www.tiktok.com\/@helsinginsanomat\/video\/7376623291508870433\" target=\"_blank\" rel=\"noopener\">Video<\/a> wird ein kurzer Ausschnitt aus dem Europawahlkampf in Finnland im Jahr 2024 gezeigt. Es zeigt von der Leyen, die von einem Kandidaten &#8211; keinem Journalisten &#8211; mehrfach durch Zwischenrufe gest\u00f6rt wurde und diesem dann zurief, er k\u00f6nne in Finnland ja seine Meinung frei sagen. \u00abIn Russland w\u00fcrden Sie verhaftet, wenn Sie Ihre Meinung sagen\u00bb, f\u00fcgte sie hinzu, w\u00e4hrend der Mann von einem Polizisten ergriffen und abgef\u00fchrt wurde.<\/p>\n<p>Der Mann wurde am 11. August 2025 zu einer Geldstrafe von 110 Euro wegen St\u00f6rung einer \u00f6ffentlichen Person <a href=\"https:\/\/brusselssignal.eu\/2025\/08\/former-ep-candidate-fined-for-heckling-von-der-leyen-at-rally-in-finland\/\" target=\"_blank\" rel=\"noopener\">verurteilt<\/a>. \u00abEs ist an Ironie nicht mehr zu \u00fcbertreffen\u00bb, sagt der Pr\u00e4sentator des Videos zu der Szene (Minute 0:35). Seine Behauptung, \u00abdass Journalisten verhaftet werden d\u00fcrfen, wenn es um das Allgemeininteresse geht\u00bb, bleibt eine unvollst\u00e4ndige Version der Fakten.<\/p>\n<p>(Stand: 15.8.2025)<\/p>\n<\/section>\n","protected":false},"excerpt":{"rendered":"<p>EU-Verordnungen sind Vorgaben f\u00fcr nationale Gesetze. Sie geben der EU kein Recht, Journalisten zu verhaften. Denn die Vorgaben sind deutlich komplizierter, als manche Online-Beitr\u00e4ge behaupten.<\/p>\n","protected":false},"author":1,"featured_media":400737,"comment_status":"closed","ping_status":"closed","sticky":false,"template":"","format":"standard","meta":{"_acf_changed":false,"footnotes":""},"categories":[424,127,139,133],"tags":[681,682,500,683,684],"class_list":{"0":"post-400742","1":"post","2":"type-post","3":"status-publish","4":"format-standard","5":"has-post-thumbnail","7":"category-eu-de-fact-check-de","8":"category-fact-check-de","9":"category-gesellschaft-de","10":"category-politics-de","11":"tag-journalismus","12":"tag-justiz","13":"tag-medien","14":"tag-pressefreiheit","15":"tag-presserecht"},"acf":{"show_metatags":true,"id":"urn:newsml:dpa.com:20090101:250813-99-725415","authors":"dpa","organization":"DPA","featured_image_copyright":"David-Wolfgang Ebener\/dpa","text_copyright":"Copyright 2025, dpa (www.dpa.de). Alle Rechte vorbehalten","source":"https:\/\/dpa-factchecking.com\/luxembourg\/250813-99-725415\/","fact_checker":"https:\/\/belux-edmo.s3-accelerate.amazonaws.com\/wp-content\/uploads\/2024\/06\/DPA_FC_LOGO.png","share_this_post_to_edmo_website":false,"affiliation":"BELUX","type":"Closed Event","location":"","start_date":"","start_date_event_begins_at":"","start_date_event_ends_at":"","end_date":"","end_date_event_begins_at":"","end_date_event_ends_at":"","organizer":"","fact_checker_logo_image":false},"yoast_head":"<!-- This site is optimized with the Yoast SEO plugin v27.0 - https:\/\/yoast.com\/product\/yoast-seo-wordpress\/ -->\n<title>Viele H\u00fcrden in der EU f\u00fcr die Verhaftung von Journalisten - EDMO Belux<\/title>\n<meta name=\"robots\" content=\"index, follow, max-snippet:-1, max-image-preview:large, max-video-preview:-1\" \/>\n<link rel=\"canonical\" href=\"https:\/\/belux.edmo.eu\/de\/viele-hrden-in-der-eu-fr-die-verhaftung-von-journalisten\/\" \/>\n<meta property=\"og:locale\" content=\"de_DE\" \/>\n<meta property=\"og:type\" content=\"article\" \/>\n<meta property=\"og:title\" content=\"Viele H\u00fcrden in der EU f\u00fcr die Verhaftung von Journalisten - EDMO Belux\" \/>\n<meta property=\"og:description\" content=\"EU-Verordnungen sind Vorgaben f\u00fcr nationale Gesetze. Sie geben der EU kein Recht, Journalisten zu verhaften. Denn die Vorgaben sind deutlich komplizierter, als manche Online-Beitr\u00e4ge behaupten.\" \/>\n<meta property=\"og:url\" content=\"https:\/\/belux.edmo.eu\/de\/viele-hrden-in-der-eu-fr-die-verhaftung-von-journalisten\/\" \/>\n<meta property=\"og:site_name\" content=\"EDMO Belux\" \/>\n<meta property=\"article:published_time\" content=\"2025-08-28T15:00:35+00:00\" \/>\n<meta property=\"article:modified_time\" content=\"2025-08-29T15:13:24+00:00\" \/>\n<meta property=\"og:image\" content=\"https:\/\/belux-edmo.s3-accelerate.amazonaws.com\/wp-content\/uploads\/2025\/08\/250815-99-744494-v2-w800h450_resized.jpeg\" \/>\n\t<meta property=\"og:image:width\" content=\"800\" \/>\n\t<meta property=\"og:image:height\" content=\"450\" \/>\n\t<meta property=\"og:image:type\" content=\"image\/jpeg\" \/>\n<meta name=\"author\" content=\"master\" \/>\n<meta name=\"twitter:card\" content=\"summary_large_image\" \/>\n<meta name=\"twitter:creator\" content=\"@Edmo_Belux\" \/>\n<meta name=\"twitter:site\" content=\"@Edmo_Belux\" \/>\n<meta name=\"twitter:label1\" content=\"Verfasst von\" \/>\n\t<meta name=\"twitter:data1\" content=\"master\" \/>\n\t<meta name=\"twitter:label2\" content=\"Gesch\u00e4tzte Lesezeit\" \/>\n\t<meta name=\"twitter:data2\" content=\"5 Minuten\" \/>\n<script type=\"application\/ld+json\" class=\"yoast-schema-graph\">{\"@context\":\"https:\/\/schema.org\",\"@graph\":[{\"@type\":\"Article\",\"@id\":\"https:\/\/belux.edmo.eu\/de\/viele-hrden-in-der-eu-fr-die-verhaftung-von-journalisten\/#article\",\"isPartOf\":{\"@id\":\"https:\/\/belux.edmo.eu\/de\/viele-hrden-in-der-eu-fr-die-verhaftung-von-journalisten\/\"},\"author\":{\"name\":\"master\",\"@id\":\"https:\/\/belux.edmo.eu\/#\/schema\/person\/dbe3b252258537fd318f9b5645a30342\"},\"headline\":\"Viele H\u00fcrden in der EU f\u00fcr die Verhaftung von Journalisten\",\"datePublished\":\"2025-08-28T15:00:35+00:00\",\"dateModified\":\"2025-08-29T15:13:24+00:00\",\"mainEntityOfPage\":{\"@id\":\"https:\/\/belux.edmo.eu\/de\/viele-hrden-in-der-eu-fr-die-verhaftung-von-journalisten\/\"},\"wordCount\":1063,\"publisher\":{\"@id\":\"https:\/\/belux.edmo.eu\/#organization\"},\"image\":{\"@id\":\"https:\/\/belux.edmo.eu\/de\/viele-hrden-in-der-eu-fr-die-verhaftung-von-journalisten\/#primaryimage\"},\"thumbnailUrl\":\"https:\/\/belux-edmo.s3-accelerate.amazonaws.com\/wp-content\/uploads\/2025\/08\/250815-99-744494-v2-w800h450_resized.jpeg\",\"keywords\":[\"Journalismus\",\"Justiz\",\"Medien\",\"Pressefreiheit\",\"Presserecht\"],\"articleSection\":[\"EU\",\"Fact Check\",\"Gesellschaft\",\"Politik\"],\"inLanguage\":\"de-DE\"},{\"@type\":\"WebPage\",\"@id\":\"https:\/\/belux.edmo.eu\/de\/viele-hrden-in-der-eu-fr-die-verhaftung-von-journalisten\/\",\"url\":\"https:\/\/belux.edmo.eu\/de\/viele-hrden-in-der-eu-fr-die-verhaftung-von-journalisten\/\",\"name\":\"Viele H\u00fcrden in der EU f\u00fcr die Verhaftung von Journalisten - EDMO Belux\",\"isPartOf\":{\"@id\":\"https:\/\/belux.edmo.eu\/#website\"},\"primaryImageOfPage\":{\"@id\":\"https:\/\/belux.edmo.eu\/de\/viele-hrden-in-der-eu-fr-die-verhaftung-von-journalisten\/#primaryimage\"},\"image\":{\"@id\":\"https:\/\/belux.edmo.eu\/de\/viele-hrden-in-der-eu-fr-die-verhaftung-von-journalisten\/#primaryimage\"},\"thumbnailUrl\":\"https:\/\/belux-edmo.s3-accelerate.amazonaws.com\/wp-content\/uploads\/2025\/08\/250815-99-744494-v2-w800h450_resized.jpeg\",\"datePublished\":\"2025-08-28T15:00:35+00:00\",\"dateModified\":\"2025-08-29T15:13:24+00:00\",\"breadcrumb\":{\"@id\":\"https:\/\/belux.edmo.eu\/de\/viele-hrden-in-der-eu-fr-die-verhaftung-von-journalisten\/#breadcrumb\"},\"inLanguage\":\"de-DE\",\"potentialAction\":[{\"@type\":\"ReadAction\",\"target\":[\"https:\/\/belux.edmo.eu\/de\/viele-hrden-in-der-eu-fr-die-verhaftung-von-journalisten\/\"]}]},{\"@type\":\"ImageObject\",\"inLanguage\":\"de-DE\",\"@id\":\"https:\/\/belux.edmo.eu\/de\/viele-hrden-in-der-eu-fr-die-verhaftung-von-journalisten\/#primaryimage\",\"url\":\"https:\/\/belux-edmo.s3-accelerate.amazonaws.com\/wp-content\/uploads\/2025\/08\/250815-99-744494-v2-w800h450_resized.jpeg\",\"contentUrl\":\"https:\/\/belux-edmo.s3-accelerate.amazonaws.com\/wp-content\/uploads\/2025\/08\/250815-99-744494-v2-w800h450_resized.jpeg\",\"width\":800,\"height\":450,\"caption\":\"Viele H\u00fcrden in der EU f\u00fcr die Verhaftung von Journalisten - Featured image\"},{\"@type\":\"BreadcrumbList\",\"@id\":\"https:\/\/belux.edmo.eu\/de\/viele-hrden-in-der-eu-fr-die-verhaftung-von-journalisten\/#breadcrumb\",\"itemListElement\":[{\"@type\":\"ListItem\",\"position\":1,\"name\":\"Home\",\"item\":\"https:\/\/belux.edmo.eu\/de\/\"},{\"@type\":\"ListItem\",\"position\":2,\"name\":\"Viele H\u00fcrden in der EU f\u00fcr die Verhaftung von Journalisten\"}]},{\"@type\":\"WebSite\",\"@id\":\"https:\/\/belux.edmo.eu\/#website\",\"url\":\"https:\/\/belux.edmo.eu\/\",\"name\":\"EDMO Belux\",\"description\":\"Monitoring Disinformation in Belgium and Luxembourg\",\"publisher\":{\"@id\":\"https:\/\/belux.edmo.eu\/#organization\"},\"potentialAction\":[{\"@type\":\"SearchAction\",\"target\":{\"@type\":\"EntryPoint\",\"urlTemplate\":\"https:\/\/belux.edmo.eu\/?s={search_term_string}\"},\"query-input\":{\"@type\":\"PropertyValueSpecification\",\"valueRequired\":true,\"valueName\":\"search_term_string\"}}],\"inLanguage\":\"de-DE\"},{\"@type\":\"Organization\",\"@id\":\"https:\/\/belux.edmo.eu\/#organization\",\"name\":\"EDMO Belux\",\"url\":\"https:\/\/belux.edmo.eu\/\",\"logo\":{\"@type\":\"ImageObject\",\"inLanguage\":\"de-DE\",\"@id\":\"https:\/\/belux.edmo.eu\/#\/schema\/logo\/image\/\",\"url\":\"https:\/\/belux.edmo.eu\/wp-content\/uploads\/2021\/12\/belux-logo-full-color-rgb.svg\",\"contentUrl\":\"https:\/\/belux.edmo.eu\/wp-content\/uploads\/2021\/12\/belux-logo-full-color-rgb.svg\",\"width\":1,\"height\":1,\"caption\":\"EDMO Belux\"},\"image\":{\"@id\":\"https:\/\/belux.edmo.eu\/#\/schema\/logo\/image\/\"},\"sameAs\":[\"https:\/\/x.com\/Edmo_Belux\"]},{\"@type\":\"Person\",\"@id\":\"https:\/\/belux.edmo.eu\/#\/schema\/person\/dbe3b252258537fd318f9b5645a30342\",\"name\":\"master\",\"sameAs\":[\"https:\/\/belux.wpengine.com\"],\"url\":\"https:\/\/belux.edmo.eu\/de\/author\/master\/\"}]}<\/script>\n<!-- \/ Yoast SEO plugin. -->","yoast_head_json":{"title":"Viele H\u00fcrden in der EU f\u00fcr die Verhaftung von Journalisten - EDMO Belux","robots":{"index":"index","follow":"follow","max-snippet":"max-snippet:-1","max-image-preview":"max-image-preview:large","max-video-preview":"max-video-preview:-1"},"canonical":"https:\/\/belux.edmo.eu\/de\/viele-hrden-in-der-eu-fr-die-verhaftung-von-journalisten\/","og_locale":"de_DE","og_type":"article","og_title":"Viele H\u00fcrden in der EU f\u00fcr die Verhaftung von Journalisten - EDMO Belux","og_description":"EU-Verordnungen sind Vorgaben f\u00fcr nationale Gesetze. Sie geben der EU kein Recht, Journalisten zu verhaften. Denn die Vorgaben sind deutlich komplizierter, als manche Online-Beitr\u00e4ge behaupten.","og_url":"https:\/\/belux.edmo.eu\/de\/viele-hrden-in-der-eu-fr-die-verhaftung-von-journalisten\/","og_site_name":"EDMO Belux","article_published_time":"2025-08-28T15:00:35+00:00","article_modified_time":"2025-08-29T15:13:24+00:00","og_image":[{"width":800,"height":450,"url":"https:\/\/belux-edmo.s3-accelerate.amazonaws.com\/wp-content\/uploads\/2025\/08\/250815-99-744494-v2-w800h450_resized.jpeg","type":"image\/jpeg"}],"author":"master","twitter_card":"summary_large_image","twitter_creator":"@Edmo_Belux","twitter_site":"@Edmo_Belux","twitter_misc":{"Verfasst von":"master","Gesch\u00e4tzte Lesezeit":"5 Minuten"},"schema":{"@context":"https:\/\/schema.org","@graph":[{"@type":"Article","@id":"https:\/\/belux.edmo.eu\/de\/viele-hrden-in-der-eu-fr-die-verhaftung-von-journalisten\/#article","isPartOf":{"@id":"https:\/\/belux.edmo.eu\/de\/viele-hrden-in-der-eu-fr-die-verhaftung-von-journalisten\/"},"author":{"name":"master","@id":"https:\/\/belux.edmo.eu\/#\/schema\/person\/dbe3b252258537fd318f9b5645a30342"},"headline":"Viele H\u00fcrden in der EU f\u00fcr die Verhaftung von Journalisten","datePublished":"2025-08-28T15:00:35+00:00","dateModified":"2025-08-29T15:13:24+00:00","mainEntityOfPage":{"@id":"https:\/\/belux.edmo.eu\/de\/viele-hrden-in-der-eu-fr-die-verhaftung-von-journalisten\/"},"wordCount":1063,"publisher":{"@id":"https:\/\/belux.edmo.eu\/#organization"},"image":{"@id":"https:\/\/belux.edmo.eu\/de\/viele-hrden-in-der-eu-fr-die-verhaftung-von-journalisten\/#primaryimage"},"thumbnailUrl":"https:\/\/belux-edmo.s3-accelerate.amazonaws.com\/wp-content\/uploads\/2025\/08\/250815-99-744494-v2-w800h450_resized.jpeg","keywords":["Journalismus","Justiz","Medien","Pressefreiheit","Presserecht"],"articleSection":["EU","Fact Check","Gesellschaft","Politik"],"inLanguage":"de-DE"},{"@type":"WebPage","@id":"https:\/\/belux.edmo.eu\/de\/viele-hrden-in-der-eu-fr-die-verhaftung-von-journalisten\/","url":"https:\/\/belux.edmo.eu\/de\/viele-hrden-in-der-eu-fr-die-verhaftung-von-journalisten\/","name":"Viele H\u00fcrden in der EU f\u00fcr die Verhaftung von Journalisten - EDMO Belux","isPartOf":{"@id":"https:\/\/belux.edmo.eu\/#website"},"primaryImageOfPage":{"@id":"https:\/\/belux.edmo.eu\/de\/viele-hrden-in-der-eu-fr-die-verhaftung-von-journalisten\/#primaryimage"},"image":{"@id":"https:\/\/belux.edmo.eu\/de\/viele-hrden-in-der-eu-fr-die-verhaftung-von-journalisten\/#primaryimage"},"thumbnailUrl":"https:\/\/belux-edmo.s3-accelerate.amazonaws.com\/wp-content\/uploads\/2025\/08\/250815-99-744494-v2-w800h450_resized.jpeg","datePublished":"2025-08-28T15:00:35+00:00","dateModified":"2025-08-29T15:13:24+00:00","breadcrumb":{"@id":"https:\/\/belux.edmo.eu\/de\/viele-hrden-in-der-eu-fr-die-verhaftung-von-journalisten\/#breadcrumb"},"inLanguage":"de-DE","potentialAction":[{"@type":"ReadAction","target":["https:\/\/belux.edmo.eu\/de\/viele-hrden-in-der-eu-fr-die-verhaftung-von-journalisten\/"]}]},{"@type":"ImageObject","inLanguage":"de-DE","@id":"https:\/\/belux.edmo.eu\/de\/viele-hrden-in-der-eu-fr-die-verhaftung-von-journalisten\/#primaryimage","url":"https:\/\/belux-edmo.s3-accelerate.amazonaws.com\/wp-content\/uploads\/2025\/08\/250815-99-744494-v2-w800h450_resized.jpeg","contentUrl":"https:\/\/belux-edmo.s3-accelerate.amazonaws.com\/wp-content\/uploads\/2025\/08\/250815-99-744494-v2-w800h450_resized.jpeg","width":800,"height":450,"caption":"Viele H\u00fcrden in der EU f\u00fcr die Verhaftung von Journalisten - Featured image"},{"@type":"BreadcrumbList","@id":"https:\/\/belux.edmo.eu\/de\/viele-hrden-in-der-eu-fr-die-verhaftung-von-journalisten\/#breadcrumb","itemListElement":[{"@type":"ListItem","position":1,"name":"Home","item":"https:\/\/belux.edmo.eu\/de\/"},{"@type":"ListItem","position":2,"name":"Viele H\u00fcrden in der EU f\u00fcr die Verhaftung von Journalisten"}]},{"@type":"WebSite","@id":"https:\/\/belux.edmo.eu\/#website","url":"https:\/\/belux.edmo.eu\/","name":"EDMO Belux","description":"Monitoring Disinformation in Belgium and Luxembourg","publisher":{"@id":"https:\/\/belux.edmo.eu\/#organization"},"potentialAction":[{"@type":"SearchAction","target":{"@type":"EntryPoint","urlTemplate":"https:\/\/belux.edmo.eu\/?s={search_term_string}"},"query-input":{"@type":"PropertyValueSpecification","valueRequired":true,"valueName":"search_term_string"}}],"inLanguage":"de-DE"},{"@type":"Organization","@id":"https:\/\/belux.edmo.eu\/#organization","name":"EDMO Belux","url":"https:\/\/belux.edmo.eu\/","logo":{"@type":"ImageObject","inLanguage":"de-DE","@id":"https:\/\/belux.edmo.eu\/#\/schema\/logo\/image\/","url":"https:\/\/belux.edmo.eu\/wp-content\/uploads\/2021\/12\/belux-logo-full-color-rgb.svg","contentUrl":"https:\/\/belux.edmo.eu\/wp-content\/uploads\/2021\/12\/belux-logo-full-color-rgb.svg","width":1,"height":1,"caption":"EDMO Belux"},"image":{"@id":"https:\/\/belux.edmo.eu\/#\/schema\/logo\/image\/"},"sameAs":["https:\/\/x.com\/Edmo_Belux"]},{"@type":"Person","@id":"https:\/\/belux.edmo.eu\/#\/schema\/person\/dbe3b252258537fd318f9b5645a30342","name":"master","sameAs":["https:\/\/belux.wpengine.com"],"url":"https:\/\/belux.edmo.eu\/de\/author\/master\/"}]}},"menu_order":0,"_links":{"self":[{"href":"https:\/\/belux.edmo.eu\/de\/wp-json\/wp\/v2\/posts\/400742","targetHints":{"allow":["GET"]}}],"collection":[{"href":"https:\/\/belux.edmo.eu\/de\/wp-json\/wp\/v2\/posts"}],"about":[{"href":"https:\/\/belux.edmo.eu\/de\/wp-json\/wp\/v2\/types\/post"}],"author":[{"embeddable":true,"href":"https:\/\/belux.edmo.eu\/de\/wp-json\/wp\/v2\/users\/1"}],"replies":[{"embeddable":true,"href":"https:\/\/belux.edmo.eu\/de\/wp-json\/wp\/v2\/comments?post=400742"}],"version-history":[{"count":0,"href":"https:\/\/belux.edmo.eu\/de\/wp-json\/wp\/v2\/posts\/400742\/revisions"}],"wp:featuredmedia":[{"embeddable":true,"href":"https:\/\/belux.edmo.eu\/de\/wp-json\/wp\/v2\/media\/400737"}],"wp:attachment":[{"href":"https:\/\/belux.edmo.eu\/de\/wp-json\/wp\/v2\/media?parent=400742"}],"wp:term":[{"taxonomy":"category","embeddable":true,"href":"https:\/\/belux.edmo.eu\/de\/wp-json\/wp\/v2\/categories?post=400742"},{"taxonomy":"post_tag","embeddable":true,"href":"https:\/\/belux.edmo.eu\/de\/wp-json\/wp\/v2\/tags?post=400742"}],"curies":[{"name":"wp","href":"https:\/\/api.w.org\/{rel}","templated":true}]}}