{"id":401085,"date":"2025-09-11T07:11:03","date_gmt":"2025-09-11T07:11:03","guid":{"rendered":"https:\/\/belux.edmo.eu\/?p=401085"},"modified":"2025-09-11T09:07:45","modified_gmt":"2025-09-11T09:07:45","slug":"us-patentantrag-zu-mikronadeln-wurde-aufgegeben","status":"publish","type":"post","link":"https:\/\/belux.edmo.eu\/de\/us-patentantrag-zu-mikronadeln-wurde-aufgegeben\/","title":{"rendered":"US-Patentantrag zu Mikronadeln wurde aufgegeben"},"content":{"rendered":"<section><strong>In den PCR-Tests, die w\u00e4hrend der Corona-Pandemie verwendet wurden, seien Mikronadeln enthalten gewesen, wird in einem <a href=\"https:\/\/archive.ph\/pCYZj\" target=\"_blank\" rel=\"noopener noreferrer\">Facebook-Post<\/a> aus Luxemburg behauptet. Der Beweis daf\u00fcr sei ein in den USA ver\u00f6ffentlichter Patentantrag. Mit den Nadeln sei eine vom Milit\u00e4r entwickelte Fl\u00fcssigkeit in die Nase injiziert worden.<\/strong><\/p>\n<div><strong>Bewertung<\/strong><\/div>\n<p><strong>Die Behauptung ist falsch. Zwischen dem &#8211; aufgegebenen &#8211; Patentantrag f\u00fcr Mikronadeln, der Covid-19-Pandemie und den Corona-Tests gibt es keinen Zusammenhang.<\/strong><\/p>\n<div><b>Fakten<\/b><\/div>\n<p>\u00abMikronadeln waren \u2013 oder besser: sind \u2013 die PCR-Tests, mit denen sich jeder testen lassen musste. Dies hier ist das offizielle Patent\u00bb, hei\u00dft es in dem Facebook-Post in luxemburgischer Sprache. Dazu wird ein offiziell wirkendes Dokument abgebildet.<\/p>\n<p>Wenn man diese Testst\u00e4bchen in die Nase einf\u00fchre und herumdrehe, br\u00e4chen die Nadeln ab und eine darin enthaltene Fl\u00fcssigkeit k\u00f6nne in den K\u00f6rper laufen, erkl\u00e4rt der Post weiter. Die Fl\u00fcssigkeit sei \u00abvon der DARPA entwickelt worden und sie bewirkt nichts Gutes\u00bb. Mit DARPA ist die Defense Advanced Research Projects Agency gemeint, eine Beh\u00f6rde f\u00fcr Hightech-Forschungsprojekte des US-Kriegsministeriums, das fr\u00fcher als Verteidigungsministerium firmierte.<\/p>\n<p><strong>Firma lie\u00df Patentantrag fallen<\/strong><\/p>\n<p>In dem Post wird zu einem <a href=\"https:\/\/patents.google.com\/patent\/US20130085472A1\/en\" target=\"_blank\" rel=\"noopener noreferrer\">Patentantrag<\/a> verlinkt, mit dem die Erfindung einer Vorrichtung zur Verabreichung von Medikamenten \u00fcber die Nase (Microneedle nasal delivery device) beantragt wurde. Dieses Patent wurde im M\u00e4rz 2011 beantragt und im April 2013 mit der Patentnummer US20130085472A1 ver\u00f6ffentlicht. Der Antrag wurde jedoch, wie die Webseite ebenfalls vermerkt, \u00abaufgegeben\u00bb (abandoned).<\/p>\n<p>\u00abAbandoned\u00bb bedeutet laut <a href=\"https:\/\/www.uspto.gov\/web\/offices\/pac\/mpep\/s711.html?utm_source=chatgpt.com\" target=\"_blank\" rel=\"noopener noreferrer\">US-Patentamt<\/a>, dass der Antragsteller \u2013 eine Firma namens Toxcure aus New Jersey \u2013 die weiteren Schritte zum Patentschutz nicht mehr unternommen hat. Damit mag zusammenh\u00e4ngen, dass ein Unternehmen dieses Namens derzeit nicht mehr in New Jersey <a href=\"https:\/\/www.njportal.com\/DOR\/BusinessNameSearch\/Search\/BusinessName\" target=\"_blank\" rel=\"noopener noreferrer\">registriert<\/a> ist.<\/p>\n<p><strong>Synthetiktupfer f\u00fcr PCR-Tests empfohlen<\/strong><\/p>\n<p>Es fehlt im \u00dcbrigen jeder Hinweis darauf, dass die f\u00fcr PCR-Tests benutzten Tupfer (Swabs) irgendetwas mit Mikronadeln zu tun gehabt h\u00e4tten. Es gibt keinen einzigen Bericht dar\u00fcber, dass sich irgendwo auf der Welt ein PCR-Test als Mikronadel herausgestellt h\u00e4tte. Die Tupfer, die w\u00e4hrend der Corona-Pandemie verwendet wurden, bestanden \u00fcberwiegend aus Kunststoffst\u00e4bchen mit Kunstfasermaterial am Ende. W\u00e4hrend der Pandemie wurde\u00a0wegen der zeitweiligen Knappheit auch mit Testst\u00e4bchen aus Holz und Baumwolle experimentoert.<\/p>\n<p>Das deutsche Robert Koch Institut (RKI) <a href=\"https:\/\/www.rki.de\/DE\/Themen\/Forschung-und-Forschungsdaten\/Nationale-Referenzzentren-und-Konsiliarlabore\/Influenza\/Probenentnahme.html\" target=\"_blank\" rel=\"noopener noreferrer\">empfahl<\/a> \u00abbeflockte Synthetiktupfer\u00bb in einem fl\u00fcssigen Transportmedium. Beflockt bedeutet, dass die Nylonfasern so angeordnet sind, dass sie\u00a0Probenmaterial besser binden k\u00f6nnen.\u00a0St\u00fcnden solche Synthetiktupfernicht zur Verf\u00fcgung, k\u00f6nne man auch mit trockenen Tupfern arbeiten, die aber feucht gehalten werden m\u00fcssten.<\/p>\n<p>Beim Test unterschiedlicher Materialien stellte sich heraus, dass Tupfer mit einem Holzst\u00e4bchen und Baumwollmaterial die schlechtesten Ergebnisse lieferten. Deshalb sind nach <a href=\"https:\/\/www.chenyanglobal.com\/flocking-swab-vs-other-swab.html\" target=\"_blank\" rel=\"noopener noreferrer\">Angaben<\/a> des chinesischen Herstellers Huanchenyang die allermeisten Tupfer aus Kunstsoff mit Synthetikstoffen wie Nylon, Dacron oder Rayon ausgestattet.<\/p>\n<p><strong>M\u00f6gliche Anwendungen f\u00fcr Mikronadeln<\/strong><\/p>\n<p>Es gibt Forschungen zu der Frage, ob und unter welchen Voraussetzungen Mikronadeln zu massenhaften Imfungen eingesetzt werden k\u00f6nnten, etwa gegen Covid-19. In einer <a href=\"https:\/\/pmc.ncbi.nlm.nih.gov\/articles\/PMC9144974\/\" target=\"_blank\" rel=\"noopener noreferrer\">Studie<\/a> vom\u00a0Mai 2022 untersuchen Wissenschaftler die M\u00f6glichkeit, sich selbst aufl\u00f6sende Mikronadeln zu konstruieren, mit denen Impfstoffe verabreicht werden k\u00f6nnen. Sie weisen aber auf erhebliche technische, finanzielle und regulatorische Hindernisse hin. Auf jeden Fall geht es dabei nicht um die Tarnung von Impfungen als Corona-Test.<\/p>\n<p>In dem (aufgegebenen) Patentantrag ging es um eine Vorrichtung, die dazu dienen sollte, Arzneimittel mit Hilfe von Mikronadeln \u00fcber die Nase in den menschlichen K\u00f6rper zu bringen. Mikronadeln sind kleine, kurze Nadeln mit einer Dicke von 7 bis 100 Mikrometern. Ein Mikrometer ist ein Tausendstel Millimeter. Sie k\u00f6nnen also d\u00fcnner als ein menschliches Haar sein. \u00dcber verschiedenen Arten von Mikronadeln f\u00fcr unterschiedliche medizinische Zwecke informiert beispielsweise ein <a href=\"https:\/\/pmc.ncbi.nlm.nih.gov\/articles\/PMC8400269\/\" target=\"_blank\" rel=\"noopener noreferrer\">Papier<\/a> von Faisal Khaled Aldawood aus dem Jahr 2021.<\/p>\n<p>Wesentlich ist, dass Mikronadeln in der Lage sind, die Haut zu durchsto\u00dfen, ohne dass dies zu Schmerzen f\u00fchrt. Diese bedeutet, dass nicht nur Medikamente sozusagen schmerzfrei in den K\u00f6rper geleitet werden k\u00f6nnen. Es k\u00f6nnen auch am K\u00f6rper Sensoren angebracht werden \u2013 beispielsweise bei Diabetikern zur st\u00e4ndigen Messung des Glukosespiegels. Detaillierter ist dies in einer <a href=\"https:\/\/www.sciencedirect.com\/science\/article\/abs\/pii\/S0956566324002859\" target=\"_blank\" rel=\"noopener noreferrer\">Studie<\/a> von Yong Yang von 2024 dargestellt.<\/p>\n<p>Mikronadeln spielen mittlerweile f\u00fcr Augen\u00e4rzte eine wichtige Rolle. Sie werden auch bei Gehirnkranken eingesetzt, wenn ein Medikament \u00fcber die Nase verabreicht werden muss, weil herk\u00f6mmliche Injektionen in der Nase als schwierig und risikoreich gelten.<\/p>\n<p><strong>Bei Kosmetik viel verwendet<\/strong><\/p>\n<p>Mikronadeln werden heute auch im Kosmetikbereich st\u00e4ndig verwendet. Es gibt zahlreiche Produkte, beispielsweise \u00abDermaroller\u00bb, die zur Hautpflege eingesetzt werden k\u00f6nnen. Eine <a href=\"https:\/\/www.sciencedirect.com\/science\/article\/pii\/S2590093524000419\" target=\"_blank\" rel=\"noopener noreferrer\">Studie<\/a> von Amarjitsing Rajput von Ende 2024 spricht davon, dass Mikronadeln k\u00fcnftig in der Kosmetik eine \u00abentscheidende Rolle\u00bb spielen d\u00fcrften.<\/p>\n<p>Der Patentantrag von 2011, der im Facebook-Post verlinkt ist, stellt vor allem auf die Schwierigkeiten von Injektionen in die Nase ab und sieht d<strong>ort<\/strong> eine zentrale Anwendungsm\u00f6glichkeit von Mikronadeln. Mittlerweile sind Forschung und Entwicklung rasch vorangeschritten: Eine Suchanfrage bei Google Scholar mit dem Begriff \u00abmicroneedles\u00bb ergibt alleine seit 2024 rund 16.200 Ergebnisse f\u00fcr wissenschaftliche Studien und Berichte, in denen diese Nadeln eine Rolle spielen.<\/p>\n<p>F\u00fcr die Behauptung, die Tests h\u00e4tten eine im Auftrag des US-Verteidigungsministeriums entwickelte obskure Fl\u00fcssigkeit verabreicht, fehlt ebenfalls jeder Anhaltspunkt.<\/p>\n<p>(Stand: 9.9.2025)<\/p>\n<\/section>\n","protected":false},"excerpt":{"rendered":"<p>Die Corona-Pandemie besch\u00e4ftigt weiterhin manche Menschen in den Sozialen Netzwerken. Und immer noch werden falsche Behauptungen zu einzelnen Aspekten des Geschehens verbreitet.<\/p>\n","protected":false},"author":1,"featured_media":401080,"comment_status":"closed","ping_status":"closed","sticky":false,"template":"","format":"standard","meta":{"_acf_changed":false,"footnotes":""},"categories":[175,453,127,390,560,136],"tags":[622,583,698,699,697,696],"class_list":{"0":"post-401085","1":"post","2":"type-post","3":"status-publish","4":"format-standard","5":"has-post-thumbnail","7":"category-covid-19-de","8":"category-editors-choice-de-de","9":"category-fact-check-de","10":"category-technologie","11":"category-verschwoerungstheorie","12":"category-wissenschaft","13":"tag-covid-19","14":"tag-gesundheit","15":"tag-mikronadeln","16":"tag-pandemie","17":"tag-patente","18":"tag-pcr-tests"},"acf":{"show_metatags":true,"id":"urn:newsml:dpa.com:20090101:250909-99-972403","authors":"dpa","organization":"DPA","featured_image_copyright":"Britta Pedersen\/dpa-Zentralbild\/dpa","text_copyright":"Copyright 2025, dpa (www.dpa.de). Alle Rechte vorbehalten","source":"https:\/\/dpa-factchecking.com\/luxembourg\/250909-99-972403\/","fact_checker":"https:\/\/belux-edmo.s3-accelerate.amazonaws.com\/wp-content\/uploads\/2024\/06\/DPA_FC_LOGO.png","share_this_post_to_edmo_website":false,"affiliation":"BELUX","type":"Closed Event","location":"","start_date":"","start_date_event_begins_at":"","start_date_event_ends_at":"","end_date":"","end_date_event_begins_at":"","end_date_event_ends_at":"","organizer":"","fact_checker_logo_image":false},"yoast_head":"<!-- This site is optimized with the Yoast SEO plugin v27.0 - https:\/\/yoast.com\/product\/yoast-seo-wordpress\/ -->\n<title>US-Patentantrag zu Mikronadeln wurde aufgegeben - EDMO Belux<\/title>\n<meta name=\"robots\" content=\"index, follow, max-snippet:-1, max-image-preview:large, max-video-preview:-1\" \/>\n<link rel=\"canonical\" href=\"https:\/\/belux.edmo.eu\/de\/us-patentantrag-zu-mikronadeln-wurde-aufgegeben\/\" \/>\n<meta property=\"og:locale\" content=\"de_DE\" \/>\n<meta property=\"og:type\" content=\"article\" \/>\n<meta property=\"og:title\" content=\"US-Patentantrag zu Mikronadeln wurde aufgegeben - EDMO Belux\" \/>\n<meta property=\"og:description\" content=\"Die Corona-Pandemie besch\u00e4ftigt weiterhin manche Menschen in den Sozialen Netzwerken. Und immer noch werden falsche Behauptungen zu einzelnen Aspekten des Geschehens verbreitet.\" \/>\n<meta property=\"og:url\" content=\"https:\/\/belux.edmo.eu\/de\/us-patentantrag-zu-mikronadeln-wurde-aufgegeben\/\" \/>\n<meta property=\"og:site_name\" content=\"EDMO Belux\" \/>\n<meta property=\"article:published_time\" content=\"2025-09-11T07:11:03+00:00\" \/>\n<meta property=\"article:modified_time\" content=\"2025-09-11T09:07:45+00:00\" \/>\n<meta property=\"og:image\" content=\"https:\/\/belux-edmo.s3-accelerate.amazonaws.com\/wp-content\/uploads\/2025\/09\/250910-99-984592-v2-w800h450_resized.jpeg\" \/>\n\t<meta property=\"og:image:width\" content=\"800\" \/>\n\t<meta property=\"og:image:height\" content=\"450\" \/>\n\t<meta property=\"og:image:type\" content=\"image\/jpeg\" \/>\n<meta name=\"author\" content=\"master\" \/>\n<meta name=\"twitter:card\" content=\"summary_large_image\" \/>\n<meta name=\"twitter:creator\" content=\"@Edmo_Belux\" \/>\n<meta name=\"twitter:site\" content=\"@Edmo_Belux\" \/>\n<meta name=\"twitter:label1\" content=\"Verfasst von\" \/>\n\t<meta name=\"twitter:data1\" content=\"master\" \/>\n\t<meta name=\"twitter:label2\" content=\"Gesch\u00e4tzte Lesezeit\" \/>\n\t<meta name=\"twitter:data2\" content=\"4 Minuten\" \/>\n<script type=\"application\/ld+json\" class=\"yoast-schema-graph\">{\"@context\":\"https:\/\/schema.org\",\"@graph\":[{\"@type\":\"Article\",\"@id\":\"https:\/\/belux.edmo.eu\/de\/us-patentantrag-zu-mikronadeln-wurde-aufgegeben\/#article\",\"isPartOf\":{\"@id\":\"https:\/\/belux.edmo.eu\/de\/us-patentantrag-zu-mikronadeln-wurde-aufgegeben\/\"},\"author\":{\"name\":\"master\",\"@id\":\"https:\/\/belux.edmo.eu\/#\/schema\/person\/dbe3b252258537fd318f9b5645a30342\"},\"headline\":\"US-Patentantrag zu Mikronadeln wurde aufgegeben\",\"datePublished\":\"2025-09-11T07:11:03+00:00\",\"dateModified\":\"2025-09-11T09:07:45+00:00\",\"mainEntityOfPage\":{\"@id\":\"https:\/\/belux.edmo.eu\/de\/us-patentantrag-zu-mikronadeln-wurde-aufgegeben\/\"},\"wordCount\":853,\"publisher\":{\"@id\":\"https:\/\/belux.edmo.eu\/#organization\"},\"image\":{\"@id\":\"https:\/\/belux.edmo.eu\/de\/us-patentantrag-zu-mikronadeln-wurde-aufgegeben\/#primaryimage\"},\"thumbnailUrl\":\"https:\/\/belux-edmo.s3-accelerate.amazonaws.com\/wp-content\/uploads\/2025\/09\/250910-99-984592-v2-w800h450_resized.jpeg\",\"keywords\":[\"Covid-19\",\"Gesundheit\",\"Mikronadeln\",\"Pandemie\",\"Patente\",\"PCR-Tests\"],\"articleSection\":[\"COVID-19\",\"Editor\u2019s Choice Slider DE\",\"Fact Check\",\"Technologie\",\"Verschw\u00f6rungstheorie\",\"Wissenschaft\"],\"inLanguage\":\"de-DE\"},{\"@type\":\"WebPage\",\"@id\":\"https:\/\/belux.edmo.eu\/de\/us-patentantrag-zu-mikronadeln-wurde-aufgegeben\/\",\"url\":\"https:\/\/belux.edmo.eu\/de\/us-patentantrag-zu-mikronadeln-wurde-aufgegeben\/\",\"name\":\"US-Patentantrag zu Mikronadeln wurde aufgegeben - EDMO Belux\",\"isPartOf\":{\"@id\":\"https:\/\/belux.edmo.eu\/#website\"},\"primaryImageOfPage\":{\"@id\":\"https:\/\/belux.edmo.eu\/de\/us-patentantrag-zu-mikronadeln-wurde-aufgegeben\/#primaryimage\"},\"image\":{\"@id\":\"https:\/\/belux.edmo.eu\/de\/us-patentantrag-zu-mikronadeln-wurde-aufgegeben\/#primaryimage\"},\"thumbnailUrl\":\"https:\/\/belux-edmo.s3-accelerate.amazonaws.com\/wp-content\/uploads\/2025\/09\/250910-99-984592-v2-w800h450_resized.jpeg\",\"datePublished\":\"2025-09-11T07:11:03+00:00\",\"dateModified\":\"2025-09-11T09:07:45+00:00\",\"breadcrumb\":{\"@id\":\"https:\/\/belux.edmo.eu\/de\/us-patentantrag-zu-mikronadeln-wurde-aufgegeben\/#breadcrumb\"},\"inLanguage\":\"de-DE\",\"potentialAction\":[{\"@type\":\"ReadAction\",\"target\":[\"https:\/\/belux.edmo.eu\/de\/us-patentantrag-zu-mikronadeln-wurde-aufgegeben\/\"]}]},{\"@type\":\"ImageObject\",\"inLanguage\":\"de-DE\",\"@id\":\"https:\/\/belux.edmo.eu\/de\/us-patentantrag-zu-mikronadeln-wurde-aufgegeben\/#primaryimage\",\"url\":\"https:\/\/belux-edmo.s3-accelerate.amazonaws.com\/wp-content\/uploads\/2025\/09\/250910-99-984592-v2-w800h450_resized.jpeg\",\"contentUrl\":\"https:\/\/belux-edmo.s3-accelerate.amazonaws.com\/wp-content\/uploads\/2025\/09\/250910-99-984592-v2-w800h450_resized.jpeg\",\"width\":800,\"height\":450,\"caption\":\"US-Patentantrag zu Mikronadeln wurde aufgegeben - Featured image\"},{\"@type\":\"BreadcrumbList\",\"@id\":\"https:\/\/belux.edmo.eu\/de\/us-patentantrag-zu-mikronadeln-wurde-aufgegeben\/#breadcrumb\",\"itemListElement\":[{\"@type\":\"ListItem\",\"position\":1,\"name\":\"Home\",\"item\":\"https:\/\/belux.edmo.eu\/de\/\"},{\"@type\":\"ListItem\",\"position\":2,\"name\":\"US-Patentantrag zu Mikronadeln wurde aufgegeben\"}]},{\"@type\":\"WebSite\",\"@id\":\"https:\/\/belux.edmo.eu\/#website\",\"url\":\"https:\/\/belux.edmo.eu\/\",\"name\":\"EDMO Belux\",\"description\":\"Monitoring Disinformation in Belgium and Luxembourg\",\"publisher\":{\"@id\":\"https:\/\/belux.edmo.eu\/#organization\"},\"potentialAction\":[{\"@type\":\"SearchAction\",\"target\":{\"@type\":\"EntryPoint\",\"urlTemplate\":\"https:\/\/belux.edmo.eu\/?s={search_term_string}\"},\"query-input\":{\"@type\":\"PropertyValueSpecification\",\"valueRequired\":true,\"valueName\":\"search_term_string\"}}],\"inLanguage\":\"de-DE\"},{\"@type\":\"Organization\",\"@id\":\"https:\/\/belux.edmo.eu\/#organization\",\"name\":\"EDMO Belux\",\"url\":\"https:\/\/belux.edmo.eu\/\",\"logo\":{\"@type\":\"ImageObject\",\"inLanguage\":\"de-DE\",\"@id\":\"https:\/\/belux.edmo.eu\/#\/schema\/logo\/image\/\",\"url\":\"https:\/\/belux.edmo.eu\/wp-content\/uploads\/2021\/12\/belux-logo-full-color-rgb.svg\",\"contentUrl\":\"https:\/\/belux.edmo.eu\/wp-content\/uploads\/2021\/12\/belux-logo-full-color-rgb.svg\",\"width\":1,\"height\":1,\"caption\":\"EDMO Belux\"},\"image\":{\"@id\":\"https:\/\/belux.edmo.eu\/#\/schema\/logo\/image\/\"},\"sameAs\":[\"https:\/\/x.com\/Edmo_Belux\"]},{\"@type\":\"Person\",\"@id\":\"https:\/\/belux.edmo.eu\/#\/schema\/person\/dbe3b252258537fd318f9b5645a30342\",\"name\":\"master\",\"sameAs\":[\"https:\/\/belux.wpengine.com\"],\"url\":\"https:\/\/belux.edmo.eu\/de\/author\/master\/\"}]}<\/script>\n<!-- \/ Yoast SEO plugin. -->","yoast_head_json":{"title":"US-Patentantrag zu Mikronadeln wurde aufgegeben - EDMO Belux","robots":{"index":"index","follow":"follow","max-snippet":"max-snippet:-1","max-image-preview":"max-image-preview:large","max-video-preview":"max-video-preview:-1"},"canonical":"https:\/\/belux.edmo.eu\/de\/us-patentantrag-zu-mikronadeln-wurde-aufgegeben\/","og_locale":"de_DE","og_type":"article","og_title":"US-Patentantrag zu Mikronadeln wurde aufgegeben - EDMO Belux","og_description":"Die Corona-Pandemie besch\u00e4ftigt weiterhin manche Menschen in den Sozialen Netzwerken. Und immer noch werden falsche Behauptungen zu einzelnen Aspekten des Geschehens verbreitet.","og_url":"https:\/\/belux.edmo.eu\/de\/us-patentantrag-zu-mikronadeln-wurde-aufgegeben\/","og_site_name":"EDMO Belux","article_published_time":"2025-09-11T07:11:03+00:00","article_modified_time":"2025-09-11T09:07:45+00:00","og_image":[{"width":800,"height":450,"url":"https:\/\/belux-edmo.s3-accelerate.amazonaws.com\/wp-content\/uploads\/2025\/09\/250910-99-984592-v2-w800h450_resized.jpeg","type":"image\/jpeg"}],"author":"master","twitter_card":"summary_large_image","twitter_creator":"@Edmo_Belux","twitter_site":"@Edmo_Belux","twitter_misc":{"Verfasst von":"master","Gesch\u00e4tzte Lesezeit":"4 Minuten"},"schema":{"@context":"https:\/\/schema.org","@graph":[{"@type":"Article","@id":"https:\/\/belux.edmo.eu\/de\/us-patentantrag-zu-mikronadeln-wurde-aufgegeben\/#article","isPartOf":{"@id":"https:\/\/belux.edmo.eu\/de\/us-patentantrag-zu-mikronadeln-wurde-aufgegeben\/"},"author":{"name":"master","@id":"https:\/\/belux.edmo.eu\/#\/schema\/person\/dbe3b252258537fd318f9b5645a30342"},"headline":"US-Patentantrag zu Mikronadeln wurde aufgegeben","datePublished":"2025-09-11T07:11:03+00:00","dateModified":"2025-09-11T09:07:45+00:00","mainEntityOfPage":{"@id":"https:\/\/belux.edmo.eu\/de\/us-patentantrag-zu-mikronadeln-wurde-aufgegeben\/"},"wordCount":853,"publisher":{"@id":"https:\/\/belux.edmo.eu\/#organization"},"image":{"@id":"https:\/\/belux.edmo.eu\/de\/us-patentantrag-zu-mikronadeln-wurde-aufgegeben\/#primaryimage"},"thumbnailUrl":"https:\/\/belux-edmo.s3-accelerate.amazonaws.com\/wp-content\/uploads\/2025\/09\/250910-99-984592-v2-w800h450_resized.jpeg","keywords":["Covid-19","Gesundheit","Mikronadeln","Pandemie","Patente","PCR-Tests"],"articleSection":["COVID-19","Editor\u2019s Choice Slider DE","Fact Check","Technologie","Verschw\u00f6rungstheorie","Wissenschaft"],"inLanguage":"de-DE"},{"@type":"WebPage","@id":"https:\/\/belux.edmo.eu\/de\/us-patentantrag-zu-mikronadeln-wurde-aufgegeben\/","url":"https:\/\/belux.edmo.eu\/de\/us-patentantrag-zu-mikronadeln-wurde-aufgegeben\/","name":"US-Patentantrag zu Mikronadeln wurde aufgegeben - EDMO Belux","isPartOf":{"@id":"https:\/\/belux.edmo.eu\/#website"},"primaryImageOfPage":{"@id":"https:\/\/belux.edmo.eu\/de\/us-patentantrag-zu-mikronadeln-wurde-aufgegeben\/#primaryimage"},"image":{"@id":"https:\/\/belux.edmo.eu\/de\/us-patentantrag-zu-mikronadeln-wurde-aufgegeben\/#primaryimage"},"thumbnailUrl":"https:\/\/belux-edmo.s3-accelerate.amazonaws.com\/wp-content\/uploads\/2025\/09\/250910-99-984592-v2-w800h450_resized.jpeg","datePublished":"2025-09-11T07:11:03+00:00","dateModified":"2025-09-11T09:07:45+00:00","breadcrumb":{"@id":"https:\/\/belux.edmo.eu\/de\/us-patentantrag-zu-mikronadeln-wurde-aufgegeben\/#breadcrumb"},"inLanguage":"de-DE","potentialAction":[{"@type":"ReadAction","target":["https:\/\/belux.edmo.eu\/de\/us-patentantrag-zu-mikronadeln-wurde-aufgegeben\/"]}]},{"@type":"ImageObject","inLanguage":"de-DE","@id":"https:\/\/belux.edmo.eu\/de\/us-patentantrag-zu-mikronadeln-wurde-aufgegeben\/#primaryimage","url":"https:\/\/belux-edmo.s3-accelerate.amazonaws.com\/wp-content\/uploads\/2025\/09\/250910-99-984592-v2-w800h450_resized.jpeg","contentUrl":"https:\/\/belux-edmo.s3-accelerate.amazonaws.com\/wp-content\/uploads\/2025\/09\/250910-99-984592-v2-w800h450_resized.jpeg","width":800,"height":450,"caption":"US-Patentantrag zu Mikronadeln wurde aufgegeben - Featured image"},{"@type":"BreadcrumbList","@id":"https:\/\/belux.edmo.eu\/de\/us-patentantrag-zu-mikronadeln-wurde-aufgegeben\/#breadcrumb","itemListElement":[{"@type":"ListItem","position":1,"name":"Home","item":"https:\/\/belux.edmo.eu\/de\/"},{"@type":"ListItem","position":2,"name":"US-Patentantrag zu Mikronadeln wurde aufgegeben"}]},{"@type":"WebSite","@id":"https:\/\/belux.edmo.eu\/#website","url":"https:\/\/belux.edmo.eu\/","name":"EDMO Belux","description":"Monitoring Disinformation in Belgium and Luxembourg","publisher":{"@id":"https:\/\/belux.edmo.eu\/#organization"},"potentialAction":[{"@type":"SearchAction","target":{"@type":"EntryPoint","urlTemplate":"https:\/\/belux.edmo.eu\/?s={search_term_string}"},"query-input":{"@type":"PropertyValueSpecification","valueRequired":true,"valueName":"search_term_string"}}],"inLanguage":"de-DE"},{"@type":"Organization","@id":"https:\/\/belux.edmo.eu\/#organization","name":"EDMO Belux","url":"https:\/\/belux.edmo.eu\/","logo":{"@type":"ImageObject","inLanguage":"de-DE","@id":"https:\/\/belux.edmo.eu\/#\/schema\/logo\/image\/","url":"https:\/\/belux.edmo.eu\/wp-content\/uploads\/2021\/12\/belux-logo-full-color-rgb.svg","contentUrl":"https:\/\/belux.edmo.eu\/wp-content\/uploads\/2021\/12\/belux-logo-full-color-rgb.svg","width":1,"height":1,"caption":"EDMO Belux"},"image":{"@id":"https:\/\/belux.edmo.eu\/#\/schema\/logo\/image\/"},"sameAs":["https:\/\/x.com\/Edmo_Belux"]},{"@type":"Person","@id":"https:\/\/belux.edmo.eu\/#\/schema\/person\/dbe3b252258537fd318f9b5645a30342","name":"master","sameAs":["https:\/\/belux.wpengine.com"],"url":"https:\/\/belux.edmo.eu\/de\/author\/master\/"}]}},"menu_order":0,"_links":{"self":[{"href":"https:\/\/belux.edmo.eu\/de\/wp-json\/wp\/v2\/posts\/401085","targetHints":{"allow":["GET"]}}],"collection":[{"href":"https:\/\/belux.edmo.eu\/de\/wp-json\/wp\/v2\/posts"}],"about":[{"href":"https:\/\/belux.edmo.eu\/de\/wp-json\/wp\/v2\/types\/post"}],"author":[{"embeddable":true,"href":"https:\/\/belux.edmo.eu\/de\/wp-json\/wp\/v2\/users\/1"}],"replies":[{"embeddable":true,"href":"https:\/\/belux.edmo.eu\/de\/wp-json\/wp\/v2\/comments?post=401085"}],"version-history":[{"count":0,"href":"https:\/\/belux.edmo.eu\/de\/wp-json\/wp\/v2\/posts\/401085\/revisions"}],"wp:featuredmedia":[{"embeddable":true,"href":"https:\/\/belux.edmo.eu\/de\/wp-json\/wp\/v2\/media\/401080"}],"wp:attachment":[{"href":"https:\/\/belux.edmo.eu\/de\/wp-json\/wp\/v2\/media?parent=401085"}],"wp:term":[{"taxonomy":"category","embeddable":true,"href":"https:\/\/belux.edmo.eu\/de\/wp-json\/wp\/v2\/categories?post=401085"},{"taxonomy":"post_tag","embeddable":true,"href":"https:\/\/belux.edmo.eu\/de\/wp-json\/wp\/v2\/tags?post=401085"}],"curies":[{"name":"wp","href":"https:\/\/api.w.org\/{rel}","templated":true}]}}