{"id":401926,"date":"2025-09-23T10:39:29","date_gmt":"2025-09-23T10:39:29","guid":{"rendered":"https:\/\/belux.edmo.eu\/?p=401926"},"modified":"2025-09-23T11:23:27","modified_gmt":"2025-09-23T11:23:27","slug":"ki-prsentator-verbreitet-erfundene-geschichte-ber-macron","status":"publish","type":"post","link":"https:\/\/belux.edmo.eu\/de\/ki-prsentator-verbreitet-erfundene-geschichte-ber-macron\/","title":{"rendered":"KI-Pr\u00e4sentator verbreitet erfundene Geschichte \u00fcber Macron"},"content":{"rendered":"<section><strong>In sozialen Netzwerken kursieren Behauptungen, die franz\u00f6sische Armee drohe angesichts der Lage im Land mit Widerstand oder gar einem Putsch gegen Frankreichs Pr\u00e4sident Emmanuel Macron. Ein <a href=\"https:\/\/archive.ph\/XQEws\" target=\"_blank\" rel=\"noopener noreferrer\">Facebook-Post<\/a> aus Luxemburg verbreitet ein Sharepic mit den Worten \u00abEilmeldung\u00bb und \u00abVor 5 Minute\u00bb. Die Grafik zeigt einen fassungslos in die Kamera starrenden Macron und eine Gruppe schwer bewaffneter Soldaten in Kampfanz\u00fcgen. In diesem Sharepic wird mit der Behauptung \u00abMacron auf der Flucht! Franz\u00f6sische Armee erhebt sich gegen ihn \u2013 Revolution in Paris!\u00bb zu einem <a href=\"https:\/\/www.youtube.com\/watch?v=iZzOGLkPQT4\" target=\"_blank\" rel=\"noopener noreferrer\">YouTube-Video<\/a> verlinkt.<\/strong><\/p>\n<div><b>Bewertung<\/b><\/div>\n<p>Diese Behauptungen sind falsch. Frankreichs Pr\u00e4sident ist nicht auf der Flucht und es gibt auch keine Revolution in Paris. Die franz\u00f6sische Armee hat sich nicht gegen ihn erhoben.<\/p>\n<div><b>Fakten<\/b><\/div>\n<p>Zun\u00e4chst einmal ist das Foto der maskierten Soldaten schon mehr als sechs Jahre alt und stammt aus Afrika. Es taugt also nicht, einen angeblichen aktuellen Aufstand der Armee in Frankreich in irgendeiner Form zu belegen. Eine <a href=\"https:\/\/www.fragzebra.de\/antwort\/wie-funktioniert-die-bilder-r%C3%BCckw%C3%A4rtssuche\" target=\"_blank\" rel=\"noopener noreferrer\">Bilderr\u00fcckw\u00e4rtssuche<\/a> zeigt, dass exakt diese Aufnahme schon im <a href=\"https:\/\/www.radiofrance.fr\/franceinter\/podcasts\/la-chronique-de-jean-marc-four\/le-terrorisme-islamiste-est-moribond-en-syrie-mais-vivace-au-sahel-5818245\" target=\"_blank\" rel=\"noopener noreferrer\">Fr\u00fchjahr 2019<\/a> auf einer Webseite von Radio France verwendet wurde. Es zeigt dem Sender zufolge franz\u00f6sische Soldaten bei einem Besuch des damaligen Premierministers Edouard Philippe in der Sahelzone im Februar 2019.<\/p>\n<p><strong>Verlinktes Video widerspricht der Ank\u00fcndigung<\/strong><\/p>\n<p>Der Link hinter dem Bild f\u00fchrt zu einem Video des YouTube-Kanals \u00abWeisheit der Alten\u00bb. Der bietet nach eigenen Angaben nicht nur \u00abwertvolle Tipps und Ratschl\u00e4ge, damit Senioren ein erf\u00fclltes und gl\u00fcckliches Leben f\u00fchren k\u00f6nnen\u00bb, sondern will auch \u00abin einfacher Sprache \u00fcber aktuelle Ereignisse in Politik und Gesellschaft in Deutschland und in der Welt\u00bb berichten.<\/p>\n<p>In dem Video werden die falschen Behauptungen des Sharepics nicht in der gleichen rei\u00dferischen Weise wiederholt, sie bleiben dennoch weit von den Fakten entfernt. Dort sagt zun\u00e4chst ein Pr\u00e4sentator mit ernster Stimme, Pr\u00e4sident Macron habe \u00abdie Verbindung zu seinem Volk verloren\u00bb und sich hinter den Mauern des Elysee-Palasts \u00abverschanzt\u00bb (0:12). Damit widerspricht das Video der Ank\u00fcndigung, der zufolge Macron ja \u00abauf der Flucht\u00bb sei.<\/p>\n<p>Nicht nur diese Aussage ist eine Fiktion, auch der Pr\u00e4sentator wurde mit K\u00fcnstlicher Intelligenz (KI) geschaffen: W\u00e4hrend der fast zehn Minuten, die das Video dauert, bewegt sich der Oberk\u00f6rper des angeblichen Sprechers nicht einen Millimeter, die gefalteten H\u00e4nde bleiben ebenfalls regungslos. Auch dass die monotone Stimme etliche Namen falsch ausspricht und S\u00e4tze seltsam betont, kommt bei <a href=\"https:\/\/dpa-factchecking.com\/austria\/250303-99-102655\/\" target=\"_blank\" rel=\"noopener noreferrer\">k\u00fcnstlich geschaffen<\/a>en Sprechern h\u00e4ufig vor.<\/p>\n<p>Dieser KI-Pr\u00e4sentator stellt die Frage: \u00abSteht die franz\u00f6sische Armee kurz davor, ihrem Oberfeldbefehlshaber die Gefolgschaft zu verweigern?\u00bb (0:30) Der Grund sei Macrons \u00abirrwitzige Ank\u00fcndigung, notfalls franz\u00f6sische Bodentruppen in die Ukraine zu entsenden\u00bb. Dies sei ein Spiel mit dem Feuer eines m\u00f6glichen dritten Weltkriegs, das \u00abauch die eigenen Streitkr\u00e4fte an den Rand der Meuterei dr\u00e4ngt\u00bb (1:10).<\/p>\n<p><strong>26 L\u00e4nder w\u00fcrden Frieden in der Ukraine absichern<\/strong><\/p>\n<p>Zutreffend ist, dass sich 26 westliche L\u00e4nder am 4. September 2025 bei einer von Macron einberufenen <a href=\"https:\/\/www.grenzecho.net\/128429\/artikel\/2025-09-04\/26-lander-wollen-truppen-fur-ukraine-frieden-bereitstellen\" target=\"_blank\" rel=\"noopener noreferrer\">Konferenz in Paris<\/a> bereit erkl\u00e4rt haben, Truppen zur Absicherung eines Waffenstillstands oder Friedens zwischen Russland und der Ukraine zu entsenden. Nach Angaben von EU-Kommissionspr\u00e4sidentin Ursula von der Leyen sind die 26 L\u00e4nder bereit, Bodentruppen oder Kr\u00e4fte in der Luft oder auf See einzusetzen. \u00abDiese Streitmacht hat weder den Willen noch das Ziel, Kriege gegen Russland zu f\u00fchren, sondern soll den Frieden sichern und ein klares strategisches Signal setzen\u00bb, sagte\u00a0Macron.<\/p>\n<p>Wenig sp\u00e4ter gab es in sozialen Medien eine Reihe von Posts \u00fcber angebliche Widerst\u00e4nde in der franz\u00f6sischen Armee. So wurde am 7. September 2025 auf der <a href=\"https:\/\/x.com\/yannlbone\/status\/1964660275711541562\" target=\"_blank\" rel=\"noopener noreferrer\">Plattform X<\/a> ein Foto des Chefs des franz\u00f6sischen Heeres, General Pierre Schill, mit dem angeblichen Zitat \u00abFranz\u00f6sische Soldaten gehen nicht in die Ukraine\u00bb verbreitet. Im Internet findet sich allerdings kein einziger Beleg daf\u00fcr, dass Schill dies tats\u00e4chlich gesagt hat.<\/p>\n<p>Vielmehr ver\u00f6ffentlichte das franz\u00f6sische Verteidigungsministerium am 13. September 2025 auf der Plattform X ein klares <a href=\"https:\/\/x.com\/Armees_Gouv\/status\/1965725989658399182\" target=\"_blank\" rel=\"noopener noreferrer\">Dementi<\/a>. \u00abDem Chef des Heeres wurde ein falsches Zitat untergeschoben\u00bb, hei\u00dft es dort. Ein \u00abl\u00fcgnerisches Video\u00bb sei auf X und YouTube im Umlauf. Das von Briten und Franzosen organisierte und von den USA unterst\u00fctzte Treffen in Paris habe ein klares Signal der Unterst\u00fctzung f\u00fcr die Ukraine durch den Westen gegeben: \u00abEin Signal, das dieses l\u00fcgnerische Video ungeschickt zu \u00fcbert\u00f6nen versucht\u00bb.<\/p>\n<p>Schon am 9. September 2025 hatte das Verteidigungsministerium auf seiner <a href=\"https:\/\/www.defense.gouv.fr\/desinformation\/actualites\/decryptage-dune-attaque-informationnelle-ciblant-cohesion-nationale-travers-son-armee\" target=\"_blank\" rel=\"noopener noreferrer\">Webseite<\/a> die Entstehung eines Videos mit der angeblichen \u00c4u\u00dferung Schills analysiert. Die F\u00e4lscher h\u00e4tten ein Video vom Dezember 2023 benutzt und mit einem anderen Ton unterlegt. In Wirklichkeit habe Schill niemals gesagt, dass keine franz\u00f6sischen Soldaten in der Ukraine eingesetzt w\u00fcrden.<\/p>\n<p>Die F\u00e4lschung sei zu einem 2018 registrierten YouTube-Konto zur\u00fcckverfolgt worden, dass erst seit August 2025 aktiv genutzt werde. Dies sei eine \u00fcbliche Vorgehensweise bei F\u00e4lschungen, die bei \u00e4lteren Konten nicht so rasch entdeckt werden k\u00f6nnten. Das Ministerium wies auf \u00e4hnliche Aktionen von russischer Seite hin. Ziel sei es, Zweifel an der Milit\u00e4rf\u00fchrung zu s\u00e4en und das Vertrauen der Bev\u00f6lkerung in die Streitkr\u00e4fte zu zerst\u00f6ren.<\/p>\n<p><strong>Neueres Video kn\u00fcpft an F\u00e4lschung an<\/strong><\/p>\n<p>Das in Luxemburg verbreitete Video schl\u00e4gt in die gleiche Kerbe. Der falsche Pr\u00e4sentator spricht darin von \u00abimmer mehr Signalen\u00bb, die an die \u00d6ffentlichkeit k\u00e4men: Hohe Offiziere, \u00abdie aus Angst vor der politischen Justiz anonym bleiben m\u00fcssen\u00bb, spr\u00e4chen Klartext. Von \u00abinternen Schreiben\u00bb und \u00abgeleakten Chats\u00bb ist die Rede, deren Existenz aber in keiner Weise belegt wird.<\/p>\n<p>\u00abW\u00e4hrend die Armee diese Fragen stellt, flieht Macron nicht k\u00f6rperlich aus dem Land, sondern vor der Realit\u00e4t\u00bb, hei\u00dft es dann weiter (2:55). Damit wird die Behauptung \u00fcber die \u00abFlucht\u00bb Macrons wieder zur\u00fcckgenommen und zu einer \u00abFlucht vor dem Chaos, das er selbst geschaffen hat\u00bb, verkleinert.<\/p>\n<p>Die wesentlichere Behauptung ist jedoch, dass es \u00abeine Revolte der franz\u00f6sischen Armee\u00bb (8:47) gebe, die \u00abein Fanal\u00bb auch f\u00fcr Deutschland sei. Tats\u00e4chlich gibt es weder eine \u00abRevolution in Paris\u00bb, wie im Sharepic behauptet, noch der im Video beschworene Aufstand der Armee.<\/p>\n<p>In dem Video wird auf erhebliche soziale und wirtschaftliche Probleme in Frankreich hingewiesen, die zu gro\u00dfen Protesten auf den Stra\u00dfen des Landes gef\u00fchrt haben. Das entspricht den <a href=\"https:\/\/www.wort.lu\/international\/proteste-in-frankreich-%E2%80%93-schwieriger-start-fuer-neuen-premier\/89314613.html\" target=\"_blank\" rel=\"noopener noreferrer\">Tatsachen<\/a>. Von einer Revolution in Paris oder von einer Erhebung der franz\u00f6sischen Armee gegen den Pr\u00e4sidenten kann jedoch keine Rede sein<\/p>\n<p>(Stand: 22.9.2025)<\/p>\n<\/section>\n","protected":false},"excerpt":{"rendered":"<p>Manchmal lassen Menschen in den sozialen Netzwerken ihrer Fantasie freien Lauf. So entstehen k\u00fcnstlich animierte Pr\u00e4sentatoren, die \u00fcber erfundene Revolutionen sprechen, als g\u00e4be es sie wirklich.<\/p>\n","protected":false},"author":1,"featured_media":401921,"comment_status":"closed","ping_status":"closed","sticky":false,"template":"","format":"standard","meta":{"_acf_changed":false,"footnotes":""},"categories":[453,127,133],"tags":[710,706,525,521,709,580,707,708,489],"class_list":{"0":"post-401926","1":"post","2":"type-post","3":"status-publish","4":"format-standard","5":"has-post-thumbnail","7":"category-editors-choice-de-de","8":"category-fact-check-de","9":"category-politics-de","10":"tag-ai-de","11":"tag-armee","12":"tag-frankreich","13":"tag-ki","14":"tag-kuenstliche-intelligenz","15":"tag-praesident","16":"tag-revolte","17":"tag-revolution","18":"tag-ukraine-de"},"acf":{"show_metatags":true,"id":"urn:newsml:dpa.com:20090101:250922-99-113320","authors":"dpa","organization":"DPA","featured_image_copyright":"Thibault Camus\/AP\/dpa","text_copyright":"Copyright 2025, dpa (www.dpa.de). Alle Rechte vorbehalten","source":"https:\/\/dpa-factchecking.com\/luxembourg\/250922-99-113320\/","fact_checker":"https:\/\/belux-edmo.s3-accelerate.amazonaws.com\/wp-content\/uploads\/2024\/06\/DPA_FC_LOGO.png","share_this_post_to_edmo_website":false,"affiliation":"BELUX","type":"Closed Event","location":"","start_date":"","start_date_event_begins_at":"","start_date_event_ends_at":"","end_date":"","end_date_event_begins_at":"","end_date_event_ends_at":"","organizer":"","fact_checker_logo_image":false},"yoast_head":"<!-- This site is optimized with the Yoast SEO plugin v27.0 - https:\/\/yoast.com\/product\/yoast-seo-wordpress\/ -->\n<title>KI-Pr\u00e4sentator verbreitet erfundene Geschichte \u00fcber Macron - EDMO Belux<\/title>\n<meta name=\"robots\" content=\"index, follow, max-snippet:-1, max-image-preview:large, max-video-preview:-1\" \/>\n<link rel=\"canonical\" href=\"https:\/\/belux.edmo.eu\/de\/ki-prsentator-verbreitet-erfundene-geschichte-ber-macron\/\" \/>\n<meta property=\"og:locale\" content=\"de_DE\" \/>\n<meta property=\"og:type\" content=\"article\" \/>\n<meta property=\"og:title\" content=\"KI-Pr\u00e4sentator verbreitet erfundene Geschichte \u00fcber Macron - EDMO Belux\" \/>\n<meta property=\"og:description\" content=\"Manchmal lassen Menschen in den sozialen Netzwerken ihrer Fantasie freien Lauf. So entstehen k\u00fcnstlich animierte Pr\u00e4sentatoren, die \u00fcber erfundene Revolutionen sprechen, als g\u00e4be es sie wirklich.\" \/>\n<meta property=\"og:url\" content=\"https:\/\/belux.edmo.eu\/de\/ki-prsentator-verbreitet-erfundene-geschichte-ber-macron\/\" \/>\n<meta property=\"og:site_name\" content=\"EDMO Belux\" \/>\n<meta property=\"article:published_time\" content=\"2025-09-23T10:39:29+00:00\" \/>\n<meta property=\"article:modified_time\" content=\"2025-09-23T11:23:27+00:00\" \/>\n<meta property=\"og:image\" content=\"https:\/\/belux-edmo.s3-accelerate.amazonaws.com\/wp-content\/uploads\/2025\/09\/250922-99-116300-v2-w800h450_resized.jpeg\" \/>\n\t<meta property=\"og:image:width\" content=\"800\" \/>\n\t<meta property=\"og:image:height\" content=\"450\" \/>\n\t<meta property=\"og:image:type\" content=\"image\/jpeg\" \/>\n<meta name=\"author\" content=\"master\" \/>\n<meta name=\"twitter:card\" content=\"summary_large_image\" \/>\n<meta name=\"twitter:creator\" content=\"@Edmo_Belux\" \/>\n<meta name=\"twitter:site\" content=\"@Edmo_Belux\" \/>\n<meta name=\"twitter:label1\" content=\"Verfasst von\" \/>\n\t<meta name=\"twitter:data1\" content=\"master\" \/>\n\t<meta name=\"twitter:label2\" content=\"Gesch\u00e4tzte Lesezeit\" \/>\n\t<meta name=\"twitter:data2\" content=\"5 Minuten\" \/>\n<script type=\"application\/ld+json\" class=\"yoast-schema-graph\">{\"@context\":\"https:\/\/schema.org\",\"@graph\":[{\"@type\":\"Article\",\"@id\":\"https:\/\/belux.edmo.eu\/de\/ki-prsentator-verbreitet-erfundene-geschichte-ber-macron\/#article\",\"isPartOf\":{\"@id\":\"https:\/\/belux.edmo.eu\/de\/ki-prsentator-verbreitet-erfundene-geschichte-ber-macron\/\"},\"author\":{\"name\":\"master\",\"@id\":\"https:\/\/belux.edmo.eu\/#\/schema\/person\/dbe3b252258537fd318f9b5645a30342\"},\"headline\":\"KI-Pr\u00e4sentator verbreitet erfundene Geschichte \u00fcber Macron\",\"datePublished\":\"2025-09-23T10:39:29+00:00\",\"dateModified\":\"2025-09-23T11:23:27+00:00\",\"mainEntityOfPage\":{\"@id\":\"https:\/\/belux.edmo.eu\/de\/ki-prsentator-verbreitet-erfundene-geschichte-ber-macron\/\"},\"wordCount\":1053,\"publisher\":{\"@id\":\"https:\/\/belux.edmo.eu\/#organization\"},\"image\":{\"@id\":\"https:\/\/belux.edmo.eu\/de\/ki-prsentator-verbreitet-erfundene-geschichte-ber-macron\/#primaryimage\"},\"thumbnailUrl\":\"https:\/\/belux-edmo.s3-accelerate.amazonaws.com\/wp-content\/uploads\/2025\/09\/250922-99-116300-v2-w800h450_resized.jpeg\",\"keywords\":[\"AI\",\"Armee\",\"Frankreich\",\"KI\",\"K\u00fcnstliche Intelligenz\",\"Pr\u00e4sident\",\"Revolte\",\"Revolution\",\"Ukraine\"],\"articleSection\":[\"Editor\u2019s Choice Slider DE\",\"Fact Check\",\"Politik\"],\"inLanguage\":\"de-DE\"},{\"@type\":\"WebPage\",\"@id\":\"https:\/\/belux.edmo.eu\/de\/ki-prsentator-verbreitet-erfundene-geschichte-ber-macron\/\",\"url\":\"https:\/\/belux.edmo.eu\/de\/ki-prsentator-verbreitet-erfundene-geschichte-ber-macron\/\",\"name\":\"KI-Pr\u00e4sentator verbreitet erfundene Geschichte \u00fcber Macron - EDMO Belux\",\"isPartOf\":{\"@id\":\"https:\/\/belux.edmo.eu\/#website\"},\"primaryImageOfPage\":{\"@id\":\"https:\/\/belux.edmo.eu\/de\/ki-prsentator-verbreitet-erfundene-geschichte-ber-macron\/#primaryimage\"},\"image\":{\"@id\":\"https:\/\/belux.edmo.eu\/de\/ki-prsentator-verbreitet-erfundene-geschichte-ber-macron\/#primaryimage\"},\"thumbnailUrl\":\"https:\/\/belux-edmo.s3-accelerate.amazonaws.com\/wp-content\/uploads\/2025\/09\/250922-99-116300-v2-w800h450_resized.jpeg\",\"datePublished\":\"2025-09-23T10:39:29+00:00\",\"dateModified\":\"2025-09-23T11:23:27+00:00\",\"breadcrumb\":{\"@id\":\"https:\/\/belux.edmo.eu\/de\/ki-prsentator-verbreitet-erfundene-geschichte-ber-macron\/#breadcrumb\"},\"inLanguage\":\"de-DE\",\"potentialAction\":[{\"@type\":\"ReadAction\",\"target\":[\"https:\/\/belux.edmo.eu\/de\/ki-prsentator-verbreitet-erfundene-geschichte-ber-macron\/\"]}]},{\"@type\":\"ImageObject\",\"inLanguage\":\"de-DE\",\"@id\":\"https:\/\/belux.edmo.eu\/de\/ki-prsentator-verbreitet-erfundene-geschichte-ber-macron\/#primaryimage\",\"url\":\"https:\/\/belux-edmo.s3-accelerate.amazonaws.com\/wp-content\/uploads\/2025\/09\/250922-99-116300-v2-w800h450_resized.jpeg\",\"contentUrl\":\"https:\/\/belux-edmo.s3-accelerate.amazonaws.com\/wp-content\/uploads\/2025\/09\/250922-99-116300-v2-w800h450_resized.jpeg\",\"width\":800,\"height\":450,\"caption\":\"KI-Pr\u00e4sentator verbreitet erfundene Geschichte \u00fcber Macron - Featured image\"},{\"@type\":\"BreadcrumbList\",\"@id\":\"https:\/\/belux.edmo.eu\/de\/ki-prsentator-verbreitet-erfundene-geschichte-ber-macron\/#breadcrumb\",\"itemListElement\":[{\"@type\":\"ListItem\",\"position\":1,\"name\":\"Home\",\"item\":\"https:\/\/belux.edmo.eu\/de\/\"},{\"@type\":\"ListItem\",\"position\":2,\"name\":\"KI-Pr\u00e4sentator verbreitet erfundene Geschichte \u00fcber Macron\"}]},{\"@type\":\"WebSite\",\"@id\":\"https:\/\/belux.edmo.eu\/#website\",\"url\":\"https:\/\/belux.edmo.eu\/\",\"name\":\"EDMO Belux\",\"description\":\"Monitoring Disinformation in Belgium and Luxembourg\",\"publisher\":{\"@id\":\"https:\/\/belux.edmo.eu\/#organization\"},\"potentialAction\":[{\"@type\":\"SearchAction\",\"target\":{\"@type\":\"EntryPoint\",\"urlTemplate\":\"https:\/\/belux.edmo.eu\/?s={search_term_string}\"},\"query-input\":{\"@type\":\"PropertyValueSpecification\",\"valueRequired\":true,\"valueName\":\"search_term_string\"}}],\"inLanguage\":\"de-DE\"},{\"@type\":\"Organization\",\"@id\":\"https:\/\/belux.edmo.eu\/#organization\",\"name\":\"EDMO Belux\",\"url\":\"https:\/\/belux.edmo.eu\/\",\"logo\":{\"@type\":\"ImageObject\",\"inLanguage\":\"de-DE\",\"@id\":\"https:\/\/belux.edmo.eu\/#\/schema\/logo\/image\/\",\"url\":\"https:\/\/belux.edmo.eu\/wp-content\/uploads\/2021\/12\/belux-logo-full-color-rgb.svg\",\"contentUrl\":\"https:\/\/belux.edmo.eu\/wp-content\/uploads\/2021\/12\/belux-logo-full-color-rgb.svg\",\"width\":1,\"height\":1,\"caption\":\"EDMO Belux\"},\"image\":{\"@id\":\"https:\/\/belux.edmo.eu\/#\/schema\/logo\/image\/\"},\"sameAs\":[\"https:\/\/x.com\/Edmo_Belux\"]},{\"@type\":\"Person\",\"@id\":\"https:\/\/belux.edmo.eu\/#\/schema\/person\/dbe3b252258537fd318f9b5645a30342\",\"name\":\"master\",\"sameAs\":[\"https:\/\/belux.wpengine.com\"],\"url\":\"https:\/\/belux.edmo.eu\/de\/author\/master\/\"}]}<\/script>\n<!-- \/ Yoast SEO plugin. -->","yoast_head_json":{"title":"KI-Pr\u00e4sentator verbreitet erfundene Geschichte \u00fcber Macron - EDMO Belux","robots":{"index":"index","follow":"follow","max-snippet":"max-snippet:-1","max-image-preview":"max-image-preview:large","max-video-preview":"max-video-preview:-1"},"canonical":"https:\/\/belux.edmo.eu\/de\/ki-prsentator-verbreitet-erfundene-geschichte-ber-macron\/","og_locale":"de_DE","og_type":"article","og_title":"KI-Pr\u00e4sentator verbreitet erfundene Geschichte \u00fcber Macron - EDMO Belux","og_description":"Manchmal lassen Menschen in den sozialen Netzwerken ihrer Fantasie freien Lauf. So entstehen k\u00fcnstlich animierte Pr\u00e4sentatoren, die \u00fcber erfundene Revolutionen sprechen, als g\u00e4be es sie wirklich.","og_url":"https:\/\/belux.edmo.eu\/de\/ki-prsentator-verbreitet-erfundene-geschichte-ber-macron\/","og_site_name":"EDMO Belux","article_published_time":"2025-09-23T10:39:29+00:00","article_modified_time":"2025-09-23T11:23:27+00:00","og_image":[{"width":800,"height":450,"url":"https:\/\/belux-edmo.s3-accelerate.amazonaws.com\/wp-content\/uploads\/2025\/09\/250922-99-116300-v2-w800h450_resized.jpeg","type":"image\/jpeg"}],"author":"master","twitter_card":"summary_large_image","twitter_creator":"@Edmo_Belux","twitter_site":"@Edmo_Belux","twitter_misc":{"Verfasst von":"master","Gesch\u00e4tzte Lesezeit":"5 Minuten"},"schema":{"@context":"https:\/\/schema.org","@graph":[{"@type":"Article","@id":"https:\/\/belux.edmo.eu\/de\/ki-prsentator-verbreitet-erfundene-geschichte-ber-macron\/#article","isPartOf":{"@id":"https:\/\/belux.edmo.eu\/de\/ki-prsentator-verbreitet-erfundene-geschichte-ber-macron\/"},"author":{"name":"master","@id":"https:\/\/belux.edmo.eu\/#\/schema\/person\/dbe3b252258537fd318f9b5645a30342"},"headline":"KI-Pr\u00e4sentator verbreitet erfundene Geschichte \u00fcber Macron","datePublished":"2025-09-23T10:39:29+00:00","dateModified":"2025-09-23T11:23:27+00:00","mainEntityOfPage":{"@id":"https:\/\/belux.edmo.eu\/de\/ki-prsentator-verbreitet-erfundene-geschichte-ber-macron\/"},"wordCount":1053,"publisher":{"@id":"https:\/\/belux.edmo.eu\/#organization"},"image":{"@id":"https:\/\/belux.edmo.eu\/de\/ki-prsentator-verbreitet-erfundene-geschichte-ber-macron\/#primaryimage"},"thumbnailUrl":"https:\/\/belux-edmo.s3-accelerate.amazonaws.com\/wp-content\/uploads\/2025\/09\/250922-99-116300-v2-w800h450_resized.jpeg","keywords":["AI","Armee","Frankreich","KI","K\u00fcnstliche Intelligenz","Pr\u00e4sident","Revolte","Revolution","Ukraine"],"articleSection":["Editor\u2019s Choice Slider DE","Fact Check","Politik"],"inLanguage":"de-DE"},{"@type":"WebPage","@id":"https:\/\/belux.edmo.eu\/de\/ki-prsentator-verbreitet-erfundene-geschichte-ber-macron\/","url":"https:\/\/belux.edmo.eu\/de\/ki-prsentator-verbreitet-erfundene-geschichte-ber-macron\/","name":"KI-Pr\u00e4sentator verbreitet erfundene Geschichte \u00fcber Macron - EDMO Belux","isPartOf":{"@id":"https:\/\/belux.edmo.eu\/#website"},"primaryImageOfPage":{"@id":"https:\/\/belux.edmo.eu\/de\/ki-prsentator-verbreitet-erfundene-geschichte-ber-macron\/#primaryimage"},"image":{"@id":"https:\/\/belux.edmo.eu\/de\/ki-prsentator-verbreitet-erfundene-geschichte-ber-macron\/#primaryimage"},"thumbnailUrl":"https:\/\/belux-edmo.s3-accelerate.amazonaws.com\/wp-content\/uploads\/2025\/09\/250922-99-116300-v2-w800h450_resized.jpeg","datePublished":"2025-09-23T10:39:29+00:00","dateModified":"2025-09-23T11:23:27+00:00","breadcrumb":{"@id":"https:\/\/belux.edmo.eu\/de\/ki-prsentator-verbreitet-erfundene-geschichte-ber-macron\/#breadcrumb"},"inLanguage":"de-DE","potentialAction":[{"@type":"ReadAction","target":["https:\/\/belux.edmo.eu\/de\/ki-prsentator-verbreitet-erfundene-geschichte-ber-macron\/"]}]},{"@type":"ImageObject","inLanguage":"de-DE","@id":"https:\/\/belux.edmo.eu\/de\/ki-prsentator-verbreitet-erfundene-geschichte-ber-macron\/#primaryimage","url":"https:\/\/belux-edmo.s3-accelerate.amazonaws.com\/wp-content\/uploads\/2025\/09\/250922-99-116300-v2-w800h450_resized.jpeg","contentUrl":"https:\/\/belux-edmo.s3-accelerate.amazonaws.com\/wp-content\/uploads\/2025\/09\/250922-99-116300-v2-w800h450_resized.jpeg","width":800,"height":450,"caption":"KI-Pr\u00e4sentator verbreitet erfundene Geschichte \u00fcber Macron - Featured image"},{"@type":"BreadcrumbList","@id":"https:\/\/belux.edmo.eu\/de\/ki-prsentator-verbreitet-erfundene-geschichte-ber-macron\/#breadcrumb","itemListElement":[{"@type":"ListItem","position":1,"name":"Home","item":"https:\/\/belux.edmo.eu\/de\/"},{"@type":"ListItem","position":2,"name":"KI-Pr\u00e4sentator verbreitet erfundene Geschichte \u00fcber Macron"}]},{"@type":"WebSite","@id":"https:\/\/belux.edmo.eu\/#website","url":"https:\/\/belux.edmo.eu\/","name":"EDMO Belux","description":"Monitoring Disinformation in Belgium and Luxembourg","publisher":{"@id":"https:\/\/belux.edmo.eu\/#organization"},"potentialAction":[{"@type":"SearchAction","target":{"@type":"EntryPoint","urlTemplate":"https:\/\/belux.edmo.eu\/?s={search_term_string}"},"query-input":{"@type":"PropertyValueSpecification","valueRequired":true,"valueName":"search_term_string"}}],"inLanguage":"de-DE"},{"@type":"Organization","@id":"https:\/\/belux.edmo.eu\/#organization","name":"EDMO Belux","url":"https:\/\/belux.edmo.eu\/","logo":{"@type":"ImageObject","inLanguage":"de-DE","@id":"https:\/\/belux.edmo.eu\/#\/schema\/logo\/image\/","url":"https:\/\/belux.edmo.eu\/wp-content\/uploads\/2021\/12\/belux-logo-full-color-rgb.svg","contentUrl":"https:\/\/belux.edmo.eu\/wp-content\/uploads\/2021\/12\/belux-logo-full-color-rgb.svg","width":1,"height":1,"caption":"EDMO Belux"},"image":{"@id":"https:\/\/belux.edmo.eu\/#\/schema\/logo\/image\/"},"sameAs":["https:\/\/x.com\/Edmo_Belux"]},{"@type":"Person","@id":"https:\/\/belux.edmo.eu\/#\/schema\/person\/dbe3b252258537fd318f9b5645a30342","name":"master","sameAs":["https:\/\/belux.wpengine.com"],"url":"https:\/\/belux.edmo.eu\/de\/author\/master\/"}]}},"menu_order":0,"_links":{"self":[{"href":"https:\/\/belux.edmo.eu\/de\/wp-json\/wp\/v2\/posts\/401926","targetHints":{"allow":["GET"]}}],"collection":[{"href":"https:\/\/belux.edmo.eu\/de\/wp-json\/wp\/v2\/posts"}],"about":[{"href":"https:\/\/belux.edmo.eu\/de\/wp-json\/wp\/v2\/types\/post"}],"author":[{"embeddable":true,"href":"https:\/\/belux.edmo.eu\/de\/wp-json\/wp\/v2\/users\/1"}],"replies":[{"embeddable":true,"href":"https:\/\/belux.edmo.eu\/de\/wp-json\/wp\/v2\/comments?post=401926"}],"version-history":[{"count":0,"href":"https:\/\/belux.edmo.eu\/de\/wp-json\/wp\/v2\/posts\/401926\/revisions"}],"wp:featuredmedia":[{"embeddable":true,"href":"https:\/\/belux.edmo.eu\/de\/wp-json\/wp\/v2\/media\/401921"}],"wp:attachment":[{"href":"https:\/\/belux.edmo.eu\/de\/wp-json\/wp\/v2\/media?parent=401926"}],"wp:term":[{"taxonomy":"category","embeddable":true,"href":"https:\/\/belux.edmo.eu\/de\/wp-json\/wp\/v2\/categories?post=401926"},{"taxonomy":"post_tag","embeddable":true,"href":"https:\/\/belux.edmo.eu\/de\/wp-json\/wp\/v2\/tags?post=401926"}],"curies":[{"name":"wp","href":"https:\/\/api.w.org\/{rel}","templated":true}]}}