{"id":403590,"date":"2025-10-23T09:21:32","date_gmt":"2025-10-23T09:21:32","guid":{"rendered":"https:\/\/belux.edmo.eu\/?p=403590"},"modified":"2025-10-23T09:31:17","modified_gmt":"2025-10-23T09:31:17","slug":"forscher-haben-viren-nachgewiesen-und-auch-fotografiert","status":"publish","type":"post","link":"https:\/\/belux.edmo.eu\/de\/forscher-haben-viren-nachgewiesen-und-auch-fotografiert\/","title":{"rendered":"Forscher haben Viren nachgewiesen &#8211; und auch fotografiert"},"content":{"rendered":"<section><strong>Viren sind angeblich sogenannte Exosomen, die gar nicht \u00fcbertragbar seien. Und angeblich handelt es sich auch bei Viren um \u00abtote Zelltr\u00fcmmerhaufen\u00bb, die wiederum von Bakterien vernichtet w\u00fcrden. Dies jedenfalls wird in einem bei Facebook verbreiteten <a href=\"https:\/\/www.facebook.com\/reel\/1526593438479611\" target=\"_blank\" rel=\"noopener noreferrer\">Video<\/a> behauptet. Es kursiert in mehreren L\u00e4ndern, unter anderem in einem <a href=\"https:\/\/www.facebook.com\/rouden.roby\/posts\/pfbid0EMjWHRdrKQLF5s9ghA74Cb73GXX5UAoqikqyijrBe7jiTtn9qf1NLQEu9eT5huJ4l\" target=\"_blank\" rel=\"noopener noreferrer\">Post<\/a> aus Luxemburg.<\/strong><\/p>\n<div><b>Bewertung<\/b><\/div>\n<p>Die Behauptung ist falsch. Die Existenz von Viren ist zweifelsfrei bewiesen. Exosomen sind keine Viren, Viren sind keine Exosomen.<\/p>\n<div><b>Fakten<\/b><\/div>\n<p>Das Video und sein Begleittext enthalten eine ganze Reihe verkehrter Behauptungen \u00fcber relativ komplizierte mikrobiologische Zusammenh\u00e4nge. \u00abVom Virus gibt es kein einziges Foto und keinen Nachweis. Gar keinen\u00bb, wird etwa (1:34) behauptet. \u00abVirus und Ansteckung gibt es nicht und Bakterien k\u00f6nnen nicht krank machen.\u00bb<\/p>\n<p>Tats\u00e4chlich existieren\u00a0dank Elektronenmikroskopen durchaus Fotos von Viren. Beispielsweise gibt es vom Robert-Koch-Institut (RKI) ver\u00f6ffentlichte <a href=\"https:\/\/archive.ph\/v2IFl\" target=\"_blank\" rel=\"noopener noreferrer\">Fotos<\/a> des Corona-Virus. Das RKI hat auch <a href=\"https:\/\/www.rki.de\/SharedDocs\/Bilder\/InfAZ\/Influenza\/NRZ_Bilderstrecke\/NRZ_Influenza_Diagnostik.html\" target=\"_blank\" rel=\"noopener noreferrer\">Fotos des Influenza-Virus<\/a> ver\u00f6ffentlicht \u2013 von dem \u00fcbrigens im Video behauptet wird, dass es ebenfalls nicht existiert.<\/p>\n<p>In Deutschland wurde die Existenz des Masernvirus sogar gerichtlich best\u00e4tigt. Das <a href=\"https:\/\/openjur.de\/u\/892340.html\" target=\"_blank\" rel=\"noopener noreferrer\">Oberlandesgericht Stuttgart<\/a> hatte in einem Urteil vom Februar 2016 erkl\u00e4rt, dass ein Kl\u00e4ger den \u00abNachweis f\u00fcr die Existenz und die Erregereigenschaft des Masernvirus\u00bb geliefert habe.<\/p>\n<p>Das <a href=\"https:\/\/www.ncbi.nlm.nih.gov\/\" target=\"_blank\" rel=\"noopener noreferrer\">National Center for Biotechnology Information<\/a> der USA verf\u00fcgt \u00fcber eine Datenbank, in der 15.179 Virusarten detailliert aufgelistet sind.<\/p>\n<p><strong>Viren sind Eindringlinge<\/strong><\/p>\n<p>Auch die andere zentrale Behauptung des Videos, Viren seien in Wirklichkeit Exosomen, h\u00e4lt einer \u00dcberpr\u00fcfung nicht stand. Viren und Exosome sind zwei unterschiedliche Dinge.<\/p>\n<p>Viren sind nach g\u00e4ngiger <a href=\"https:\/\/www.infektionsschutz.de\/infektionen\/erregerarten\/viren\/\" target=\"_blank\" rel=\"noopener noreferrer\">Definition<\/a> infekti\u00f6se Partikel, die aus Nukleins\u00e4uren bestehen. Viren vermehren sich in einer Wirtszelle, in die sie eindringen und deren Strukturen sie nutzen und ver\u00e4ndern k\u00f6nnen. Es sind also keine \u00abtoten Zelltr\u00fcmmer\u00bb. Das geht unter anderem aus einer leicht verst\u00e4ndlichen Darstellung des deutschen Bundesinstituts f\u00fcr \u00f6ffentliche Gesundheit hervor.<\/p>\n<p>Das <a href=\"https:\/\/www.cancer.gov\/publications\/dictionaries\/cancer-terms\/def\/exosome\" target=\"_blank\" rel=\"noopener noreferrer\">National Cancer Institute<\/a> der USA definiert ein Exosom als winzige Struktur, die sich im Inneren einer Zelle bildet und einen Teil der Proteine, DNA und RNA der Zelle enth\u00e4lt. Exosome\u00a0werden von vielen Zelltypen, darunter auch Krebszellen, ins Blut abgegeben und gelangen \u00fcber das Blut in andere Teile des K\u00f6rpers. Sie sind in der Lage, die in ihnen enthaltenen Proteine, DNA und RNA in andere Zellen zu \u00fcbertragen.<\/p>\n<p>Im Gegensatz zu Viren k\u00f6nnen sich Exosome nicht vermehren. Die erst in den 1980er-Jahren entdeckten Exosome\u00a0werden dem Cancer Institute zufolge seit einigen Jahren intensiv erforscht, weil sie auch bei Impfstoffen und unter anderem bei der Krebsbek\u00e4mpfung eine wichtige Rolle spielen k\u00f6nnten. Beispielsweise k\u00f6nnen sie Immunzellen daran hindern, Krebszellen abzut\u00f6ten. Wenn es gelingt, Exosomen so zu \u00abprogrammieren\u00bb, dass sie Immunzellen nicht mehr abt\u00f6ten, k\u00f6nnte das die Ausbreitung von Krebszellen im K\u00f6rper bremsen oder verhindern.<\/p>\n<p>Auch die Behauptung, Exosome\u00a0seien \u00abAusscheidungen vergifteter Zellen\u00bb, ist so nicht richtig. Zutreffend ist vielmehr, dass Exosome\u00a0dazu dienen, mit anderen Zellen zu kommunizieren und \u00abphysiologische Prozesse wie Gerinnung, interzellul\u00e4re Signal\u00fcbertragung und Abfallmanagement steuern\u00bb, schreibt das in \u00abexperimenteller Medizin\u00bb t\u00e4tige deutsche Unternehmen <a href=\"https:\/\/anova-irm.com\/de\/medien\/blog-und-news\/das-potential-von-exosomen\" target=\"_blank\" rel=\"noopener noreferrer\">Anova<\/a>.<\/p>\n<p>(Stand: 22.10.2025)<\/p>\n<\/section>\n","protected":false},"excerpt":{"rendered":"<p>Die falsche Behauptung, dass es Viren gar nicht gebe, wird immer wieder verbreitet. In sozialen Netzwerken geht nun die Aussage herum, dass Viren eigentlich etwas ganz anderes seien.<\/p>\n","protected":false},"author":1,"featured_media":403585,"comment_status":"closed","ping_status":"closed","sticky":false,"template":"","format":"standard","meta":{"_acf_changed":false,"footnotes":""},"categories":[175,453,127,130,136],"tags":[721,722,573,716,670,720,723],"class_list":{"0":"post-403590","1":"post","2":"type-post","3":"status-publish","4":"format-standard","5":"has-post-thumbnail","7":"category-covid-19-de","8":"category-editors-choice-de-de","9":"category-fact-check-de","10":"category-gesundheit","11":"category-wissenschaft","12":"tag-bakterien","13":"tag-exosome","14":"tag-forschung","15":"tag-medizin","16":"tag-rki","17":"tag-viren","18":"tag-zellen"},"acf":{"show_metatags":true,"id":"urn:newsml:dpa.com:20090101:251022-99-405923","authors":"dpa","organization":"DPA","featured_image_copyright":"Cynthia Goldsmith\/CENTERS FOR DISEASE CONTROL\/EPA\/dpa","text_copyright":"Copyright 2025, dpa (www.dpa.de). Alle Rechte vorbehalten","source":"https:\/\/dpa-factchecking.com\/luxembourg\/251022-99-405923\/","fact_checker":"https:\/\/belux-edmo.s3-accelerate.amazonaws.com\/wp-content\/uploads\/2024\/06\/DPA_FC_LOGO.png","share_this_post_to_edmo_website":false,"affiliation":"BELUX","type":"Closed Event","location":"","start_date":"","start_date_event_begins_at":"","start_date_event_ends_at":"","end_date":"","end_date_event_begins_at":"","end_date_event_ends_at":"","organizer":"","fact_checker_logo_image":false},"yoast_head":"<!-- This site is optimized with the Yoast SEO plugin v27.0 - https:\/\/yoast.com\/product\/yoast-seo-wordpress\/ -->\n<title>Forscher haben Viren nachgewiesen - und auch fotografiert - EDMO Belux<\/title>\n<meta name=\"robots\" content=\"index, follow, max-snippet:-1, max-image-preview:large, max-video-preview:-1\" \/>\n<link rel=\"canonical\" href=\"https:\/\/belux.edmo.eu\/de\/forscher-haben-viren-nachgewiesen-und-auch-fotografiert\/\" \/>\n<meta property=\"og:locale\" content=\"de_DE\" \/>\n<meta property=\"og:type\" content=\"article\" \/>\n<meta property=\"og:title\" content=\"Forscher haben Viren nachgewiesen - und auch fotografiert - EDMO Belux\" \/>\n<meta property=\"og:description\" content=\"Die falsche Behauptung, dass es Viren gar nicht gebe, wird immer wieder verbreitet. In sozialen Netzwerken geht nun die Aussage herum, dass Viren eigentlich etwas ganz anderes seien.\" \/>\n<meta property=\"og:url\" content=\"https:\/\/belux.edmo.eu\/de\/forscher-haben-viren-nachgewiesen-und-auch-fotografiert\/\" \/>\n<meta property=\"og:site_name\" content=\"EDMO Belux\" \/>\n<meta property=\"article:published_time\" content=\"2025-10-23T09:21:32+00:00\" \/>\n<meta property=\"article:modified_time\" content=\"2025-10-23T09:31:17+00:00\" \/>\n<meta property=\"og:image\" content=\"https:\/\/belux-edmo.s3-accelerate.amazonaws.com\/wp-content\/uploads\/2025\/10\/251022-99-407216-v2-w800h450_resized.jpeg\" \/>\n\t<meta property=\"og:image:width\" content=\"800\" \/>\n\t<meta property=\"og:image:height\" content=\"450\" \/>\n\t<meta property=\"og:image:type\" content=\"image\/jpeg\" \/>\n<meta name=\"author\" content=\"master\" \/>\n<meta name=\"twitter:card\" content=\"summary_large_image\" \/>\n<meta name=\"twitter:creator\" content=\"@Edmo_Belux\" \/>\n<meta name=\"twitter:site\" content=\"@Edmo_Belux\" \/>\n<meta name=\"twitter:label1\" content=\"Verfasst von\" \/>\n\t<meta name=\"twitter:data1\" content=\"master\" \/>\n\t<meta name=\"twitter:label2\" content=\"Gesch\u00e4tzte Lesezeit\" \/>\n\t<meta name=\"twitter:data2\" content=\"3 Minuten\" \/>\n<script type=\"application\/ld+json\" class=\"yoast-schema-graph\">{\"@context\":\"https:\/\/schema.org\",\"@graph\":[{\"@type\":\"Article\",\"@id\":\"https:\/\/belux.edmo.eu\/de\/forscher-haben-viren-nachgewiesen-und-auch-fotografiert\/#article\",\"isPartOf\":{\"@id\":\"https:\/\/belux.edmo.eu\/de\/forscher-haben-viren-nachgewiesen-und-auch-fotografiert\/\"},\"author\":{\"name\":\"master\",\"@id\":\"https:\/\/belux.edmo.eu\/#\/schema\/person\/dbe3b252258537fd318f9b5645a30342\"},\"headline\":\"Forscher haben Viren nachgewiesen &#8211; und auch fotografiert\",\"datePublished\":\"2025-10-23T09:21:32+00:00\",\"dateModified\":\"2025-10-23T09:31:17+00:00\",\"mainEntityOfPage\":{\"@id\":\"https:\/\/belux.edmo.eu\/de\/forscher-haben-viren-nachgewiesen-und-auch-fotografiert\/\"},\"wordCount\":513,\"publisher\":{\"@id\":\"https:\/\/belux.edmo.eu\/#organization\"},\"image\":{\"@id\":\"https:\/\/belux.edmo.eu\/de\/forscher-haben-viren-nachgewiesen-und-auch-fotografiert\/#primaryimage\"},\"thumbnailUrl\":\"https:\/\/belux-edmo.s3-accelerate.amazonaws.com\/wp-content\/uploads\/2025\/10\/251022-99-407216-v2-w800h450_resized.jpeg\",\"keywords\":[\"Bakterien\",\"Exosome\",\"Forschung\",\"Medizin\",\"RKI\",\"Viren\",\"Zellen\"],\"articleSection\":[\"COVID-19\",\"Editor\u2019s Choice Slider DE\",\"Fact Check\",\"Gesundheit\",\"Wissenschaft\"],\"inLanguage\":\"de-DE\"},{\"@type\":\"WebPage\",\"@id\":\"https:\/\/belux.edmo.eu\/de\/forscher-haben-viren-nachgewiesen-und-auch-fotografiert\/\",\"url\":\"https:\/\/belux.edmo.eu\/de\/forscher-haben-viren-nachgewiesen-und-auch-fotografiert\/\",\"name\":\"Forscher haben Viren nachgewiesen - und auch fotografiert - EDMO Belux\",\"isPartOf\":{\"@id\":\"https:\/\/belux.edmo.eu\/#website\"},\"primaryImageOfPage\":{\"@id\":\"https:\/\/belux.edmo.eu\/de\/forscher-haben-viren-nachgewiesen-und-auch-fotografiert\/#primaryimage\"},\"image\":{\"@id\":\"https:\/\/belux.edmo.eu\/de\/forscher-haben-viren-nachgewiesen-und-auch-fotografiert\/#primaryimage\"},\"thumbnailUrl\":\"https:\/\/belux-edmo.s3-accelerate.amazonaws.com\/wp-content\/uploads\/2025\/10\/251022-99-407216-v2-w800h450_resized.jpeg\",\"datePublished\":\"2025-10-23T09:21:32+00:00\",\"dateModified\":\"2025-10-23T09:31:17+00:00\",\"breadcrumb\":{\"@id\":\"https:\/\/belux.edmo.eu\/de\/forscher-haben-viren-nachgewiesen-und-auch-fotografiert\/#breadcrumb\"},\"inLanguage\":\"de-DE\",\"potentialAction\":[{\"@type\":\"ReadAction\",\"target\":[\"https:\/\/belux.edmo.eu\/de\/forscher-haben-viren-nachgewiesen-und-auch-fotografiert\/\"]}]},{\"@type\":\"ImageObject\",\"inLanguage\":\"de-DE\",\"@id\":\"https:\/\/belux.edmo.eu\/de\/forscher-haben-viren-nachgewiesen-und-auch-fotografiert\/#primaryimage\",\"url\":\"https:\/\/belux-edmo.s3-accelerate.amazonaws.com\/wp-content\/uploads\/2025\/10\/251022-99-407216-v2-w800h450_resized.jpeg\",\"contentUrl\":\"https:\/\/belux-edmo.s3-accelerate.amazonaws.com\/wp-content\/uploads\/2025\/10\/251022-99-407216-v2-w800h450_resized.jpeg\",\"width\":800,\"height\":450,\"caption\":\"Forscher haben Viren nachgewiesen - und auch fotografiert - Featured image\"},{\"@type\":\"BreadcrumbList\",\"@id\":\"https:\/\/belux.edmo.eu\/de\/forscher-haben-viren-nachgewiesen-und-auch-fotografiert\/#breadcrumb\",\"itemListElement\":[{\"@type\":\"ListItem\",\"position\":1,\"name\":\"Home\",\"item\":\"https:\/\/belux.edmo.eu\/de\/\"},{\"@type\":\"ListItem\",\"position\":2,\"name\":\"Forscher haben Viren nachgewiesen &#8211; und auch fotografiert\"}]},{\"@type\":\"WebSite\",\"@id\":\"https:\/\/belux.edmo.eu\/#website\",\"url\":\"https:\/\/belux.edmo.eu\/\",\"name\":\"EDMO Belux\",\"description\":\"Monitoring Disinformation in Belgium and Luxembourg\",\"publisher\":{\"@id\":\"https:\/\/belux.edmo.eu\/#organization\"},\"potentialAction\":[{\"@type\":\"SearchAction\",\"target\":{\"@type\":\"EntryPoint\",\"urlTemplate\":\"https:\/\/belux.edmo.eu\/?s={search_term_string}\"},\"query-input\":{\"@type\":\"PropertyValueSpecification\",\"valueRequired\":true,\"valueName\":\"search_term_string\"}}],\"inLanguage\":\"de-DE\"},{\"@type\":\"Organization\",\"@id\":\"https:\/\/belux.edmo.eu\/#organization\",\"name\":\"EDMO Belux\",\"url\":\"https:\/\/belux.edmo.eu\/\",\"logo\":{\"@type\":\"ImageObject\",\"inLanguage\":\"de-DE\",\"@id\":\"https:\/\/belux.edmo.eu\/#\/schema\/logo\/image\/\",\"url\":\"https:\/\/belux.edmo.eu\/wp-content\/uploads\/2021\/12\/belux-logo-full-color-rgb.svg\",\"contentUrl\":\"https:\/\/belux.edmo.eu\/wp-content\/uploads\/2021\/12\/belux-logo-full-color-rgb.svg\",\"width\":1,\"height\":1,\"caption\":\"EDMO Belux\"},\"image\":{\"@id\":\"https:\/\/belux.edmo.eu\/#\/schema\/logo\/image\/\"},\"sameAs\":[\"https:\/\/x.com\/Edmo_Belux\"]},{\"@type\":\"Person\",\"@id\":\"https:\/\/belux.edmo.eu\/#\/schema\/person\/dbe3b252258537fd318f9b5645a30342\",\"name\":\"master\",\"sameAs\":[\"https:\/\/belux.wpengine.com\"],\"url\":\"https:\/\/belux.edmo.eu\/de\/author\/master\/\"}]}<\/script>\n<!-- \/ Yoast SEO plugin. -->","yoast_head_json":{"title":"Forscher haben Viren nachgewiesen - und auch fotografiert - EDMO Belux","robots":{"index":"index","follow":"follow","max-snippet":"max-snippet:-1","max-image-preview":"max-image-preview:large","max-video-preview":"max-video-preview:-1"},"canonical":"https:\/\/belux.edmo.eu\/de\/forscher-haben-viren-nachgewiesen-und-auch-fotografiert\/","og_locale":"de_DE","og_type":"article","og_title":"Forscher haben Viren nachgewiesen - und auch fotografiert - EDMO Belux","og_description":"Die falsche Behauptung, dass es Viren gar nicht gebe, wird immer wieder verbreitet. In sozialen Netzwerken geht nun die Aussage herum, dass Viren eigentlich etwas ganz anderes seien.","og_url":"https:\/\/belux.edmo.eu\/de\/forscher-haben-viren-nachgewiesen-und-auch-fotografiert\/","og_site_name":"EDMO Belux","article_published_time":"2025-10-23T09:21:32+00:00","article_modified_time":"2025-10-23T09:31:17+00:00","og_image":[{"width":800,"height":450,"url":"https:\/\/belux-edmo.s3-accelerate.amazonaws.com\/wp-content\/uploads\/2025\/10\/251022-99-407216-v2-w800h450_resized.jpeg","type":"image\/jpeg"}],"author":"master","twitter_card":"summary_large_image","twitter_creator":"@Edmo_Belux","twitter_site":"@Edmo_Belux","twitter_misc":{"Verfasst von":"master","Gesch\u00e4tzte Lesezeit":"3 Minuten"},"schema":{"@context":"https:\/\/schema.org","@graph":[{"@type":"Article","@id":"https:\/\/belux.edmo.eu\/de\/forscher-haben-viren-nachgewiesen-und-auch-fotografiert\/#article","isPartOf":{"@id":"https:\/\/belux.edmo.eu\/de\/forscher-haben-viren-nachgewiesen-und-auch-fotografiert\/"},"author":{"name":"master","@id":"https:\/\/belux.edmo.eu\/#\/schema\/person\/dbe3b252258537fd318f9b5645a30342"},"headline":"Forscher haben Viren nachgewiesen &#8211; und auch fotografiert","datePublished":"2025-10-23T09:21:32+00:00","dateModified":"2025-10-23T09:31:17+00:00","mainEntityOfPage":{"@id":"https:\/\/belux.edmo.eu\/de\/forscher-haben-viren-nachgewiesen-und-auch-fotografiert\/"},"wordCount":513,"publisher":{"@id":"https:\/\/belux.edmo.eu\/#organization"},"image":{"@id":"https:\/\/belux.edmo.eu\/de\/forscher-haben-viren-nachgewiesen-und-auch-fotografiert\/#primaryimage"},"thumbnailUrl":"https:\/\/belux-edmo.s3-accelerate.amazonaws.com\/wp-content\/uploads\/2025\/10\/251022-99-407216-v2-w800h450_resized.jpeg","keywords":["Bakterien","Exosome","Forschung","Medizin","RKI","Viren","Zellen"],"articleSection":["COVID-19","Editor\u2019s Choice Slider DE","Fact Check","Gesundheit","Wissenschaft"],"inLanguage":"de-DE"},{"@type":"WebPage","@id":"https:\/\/belux.edmo.eu\/de\/forscher-haben-viren-nachgewiesen-und-auch-fotografiert\/","url":"https:\/\/belux.edmo.eu\/de\/forscher-haben-viren-nachgewiesen-und-auch-fotografiert\/","name":"Forscher haben Viren nachgewiesen - und auch fotografiert - EDMO Belux","isPartOf":{"@id":"https:\/\/belux.edmo.eu\/#website"},"primaryImageOfPage":{"@id":"https:\/\/belux.edmo.eu\/de\/forscher-haben-viren-nachgewiesen-und-auch-fotografiert\/#primaryimage"},"image":{"@id":"https:\/\/belux.edmo.eu\/de\/forscher-haben-viren-nachgewiesen-und-auch-fotografiert\/#primaryimage"},"thumbnailUrl":"https:\/\/belux-edmo.s3-accelerate.amazonaws.com\/wp-content\/uploads\/2025\/10\/251022-99-407216-v2-w800h450_resized.jpeg","datePublished":"2025-10-23T09:21:32+00:00","dateModified":"2025-10-23T09:31:17+00:00","breadcrumb":{"@id":"https:\/\/belux.edmo.eu\/de\/forscher-haben-viren-nachgewiesen-und-auch-fotografiert\/#breadcrumb"},"inLanguage":"de-DE","potentialAction":[{"@type":"ReadAction","target":["https:\/\/belux.edmo.eu\/de\/forscher-haben-viren-nachgewiesen-und-auch-fotografiert\/"]}]},{"@type":"ImageObject","inLanguage":"de-DE","@id":"https:\/\/belux.edmo.eu\/de\/forscher-haben-viren-nachgewiesen-und-auch-fotografiert\/#primaryimage","url":"https:\/\/belux-edmo.s3-accelerate.amazonaws.com\/wp-content\/uploads\/2025\/10\/251022-99-407216-v2-w800h450_resized.jpeg","contentUrl":"https:\/\/belux-edmo.s3-accelerate.amazonaws.com\/wp-content\/uploads\/2025\/10\/251022-99-407216-v2-w800h450_resized.jpeg","width":800,"height":450,"caption":"Forscher haben Viren nachgewiesen - und auch fotografiert - Featured image"},{"@type":"BreadcrumbList","@id":"https:\/\/belux.edmo.eu\/de\/forscher-haben-viren-nachgewiesen-und-auch-fotografiert\/#breadcrumb","itemListElement":[{"@type":"ListItem","position":1,"name":"Home","item":"https:\/\/belux.edmo.eu\/de\/"},{"@type":"ListItem","position":2,"name":"Forscher haben Viren nachgewiesen &#8211; und auch fotografiert"}]},{"@type":"WebSite","@id":"https:\/\/belux.edmo.eu\/#website","url":"https:\/\/belux.edmo.eu\/","name":"EDMO Belux","description":"Monitoring Disinformation in Belgium and Luxembourg","publisher":{"@id":"https:\/\/belux.edmo.eu\/#organization"},"potentialAction":[{"@type":"SearchAction","target":{"@type":"EntryPoint","urlTemplate":"https:\/\/belux.edmo.eu\/?s={search_term_string}"},"query-input":{"@type":"PropertyValueSpecification","valueRequired":true,"valueName":"search_term_string"}}],"inLanguage":"de-DE"},{"@type":"Organization","@id":"https:\/\/belux.edmo.eu\/#organization","name":"EDMO Belux","url":"https:\/\/belux.edmo.eu\/","logo":{"@type":"ImageObject","inLanguage":"de-DE","@id":"https:\/\/belux.edmo.eu\/#\/schema\/logo\/image\/","url":"https:\/\/belux.edmo.eu\/wp-content\/uploads\/2021\/12\/belux-logo-full-color-rgb.svg","contentUrl":"https:\/\/belux.edmo.eu\/wp-content\/uploads\/2021\/12\/belux-logo-full-color-rgb.svg","width":1,"height":1,"caption":"EDMO Belux"},"image":{"@id":"https:\/\/belux.edmo.eu\/#\/schema\/logo\/image\/"},"sameAs":["https:\/\/x.com\/Edmo_Belux"]},{"@type":"Person","@id":"https:\/\/belux.edmo.eu\/#\/schema\/person\/dbe3b252258537fd318f9b5645a30342","name":"master","sameAs":["https:\/\/belux.wpengine.com"],"url":"https:\/\/belux.edmo.eu\/de\/author\/master\/"}]}},"menu_order":0,"_links":{"self":[{"href":"https:\/\/belux.edmo.eu\/de\/wp-json\/wp\/v2\/posts\/403590","targetHints":{"allow":["GET"]}}],"collection":[{"href":"https:\/\/belux.edmo.eu\/de\/wp-json\/wp\/v2\/posts"}],"about":[{"href":"https:\/\/belux.edmo.eu\/de\/wp-json\/wp\/v2\/types\/post"}],"author":[{"embeddable":true,"href":"https:\/\/belux.edmo.eu\/de\/wp-json\/wp\/v2\/users\/1"}],"replies":[{"embeddable":true,"href":"https:\/\/belux.edmo.eu\/de\/wp-json\/wp\/v2\/comments?post=403590"}],"version-history":[{"count":0,"href":"https:\/\/belux.edmo.eu\/de\/wp-json\/wp\/v2\/posts\/403590\/revisions"}],"wp:featuredmedia":[{"embeddable":true,"href":"https:\/\/belux.edmo.eu\/de\/wp-json\/wp\/v2\/media\/403585"}],"wp:attachment":[{"href":"https:\/\/belux.edmo.eu\/de\/wp-json\/wp\/v2\/media?parent=403590"}],"wp:term":[{"taxonomy":"category","embeddable":true,"href":"https:\/\/belux.edmo.eu\/de\/wp-json\/wp\/v2\/categories?post=403590"},{"taxonomy":"post_tag","embeddable":true,"href":"https:\/\/belux.edmo.eu\/de\/wp-json\/wp\/v2\/tags?post=403590"}],"curies":[{"name":"wp","href":"https:\/\/api.w.org\/{rel}","templated":true}]}}