{"id":11390,"date":"2022-02-10T23:13:37","date_gmt":"2022-02-10T23:13:37","guid":{"rendered":"https:\/\/belux-staging.eu\/?p=11390"},"modified":"2022-02-14T14:34:04","modified_gmt":"2022-02-14T14:34:04","slug":"attention-ces-dclarations-dun-responsable-de-lema-sur-la-vaccination-et-limmunit","status":"publish","type":"post","link":"https:\/\/belux.edmo.eu\/fr\/attention-ces-dclarations-dun-responsable-de-lema-sur-la-vaccination-et-limmunit\/","title":{"rendered":"Attention \u00e0 ces d\u00e9clarations d&rsquo;un responsable de l&rsquo;EMA sur la vaccination et l&rsquo;immunit\u00e9"},"content":{"rendered":"<p><b>Un responsable de l&rsquo;Agence europ\u00e9enne des m\u00e9dicaments (\u00ab\u00a0<em>European Medicines Agency<\/em>\u00ab\u00a0, ou EMA en anglais) aurait pr\u00e9venu le 11 janvier que les rappels \u00e0 r\u00e9p\u00e9tition de vaccin contre le Covid-19 pourraient \u00ab\u00a0<em>affaiblir le syst\u00e8me immunitaire<\/em>\u00ab\u00a0, affirment des publications tr\u00e8s partag\u00e9es sur les r\u00e9seaux sociaux. Mais il s&rsquo;agit d&rsquo;une mauvaise compr\u00e9hension de ses propos, a fait valoir l&rsquo;EMA aupr\u00e8s de l&rsquo;AFP. Pour l&rsquo;heure, les donn\u00e9es ne permettent pas d&rsquo;affirmer que la multiplication de rappels de vaccin pourrait avoir un impact n\u00e9gatif sur l&rsquo;immunit\u00e9, c&rsquo;est m\u00eame plut\u00f4t l&rsquo;inverse, selon les experts interrog\u00e9s par l&rsquo;AFP. <\/b><\/p>\n<p>\u00ab\u00a0<em>L&rsquo;UE pr\u00e9vient que les boosters r\u00e9p\u00e9t\u00e9s pourraient affaiblir le syst\u00e8me immunitaire<\/em>\u00ab\u00a0, affirment des publications partag\u00e9es des milliers de fois sur Facebook (<a href=\"https:\/\/archive.is\/T0G44\" target=\"_blank\" rel=\"noopener\" shape=\"rect\">ici<\/a>, <a href=\"https:\/\/archive.is\/Di2wA\/image\" target=\"_blank\" rel=\"noopener\" shape=\"rect\">ici<\/a>, <a href=\"https:\/\/archive.ph\/8mK6C\/image\" target=\"_blank\" rel=\"noopener\" shape=\"rect\">ici<\/a>, <a href=\"https:\/\/archive.ph\/pl4l4\" target=\"_blank\" rel=\"noopener\" shape=\"rect\">l\u00e0<\/a>), Twitter (<a href=\"https:\/\/perma.cc\/7SDM-M9KX\" target=\"_blank\" rel=\"noopener\" shape=\"rect\">ici<\/a>, <a href=\"https:\/\/perma.cc\/5NMU-9C68\" target=\"_blank\" rel=\"noopener\" shape=\"rect\">ici<\/a>, <a href=\"https:\/\/perma.cc\/U6T6-2VPA\" target=\"_blank\" rel=\"noopener\" shape=\"rect\">ici<\/a>) et vues des dizaines de milliers de fois sur Telegram (<a href=\"https:\/\/perma.cc\/EA59-GSHF\" target=\"_blank\" rel=\"noopener\" shape=\"rect\">ici<\/a>, <a href=\"https:\/\/perma.cc\/EFS5-R7D6\" target=\"_blank\" rel=\"noopener\" shape=\"rect\">l\u00e0<\/a>) depuis le 11 janvier 2022.<\/p>\n<p>Cette affirmation a \u00e9t\u00e9 reprise par le site <a href=\"https:\/\/perma.cc\/GSH5-EWEG\" target=\"_blank\" rel=\"noopener\" shape=\"rect\">France Soir<\/a> et par d&rsquo;autres blogs (<a href=\"https:\/\/perma.cc\/7EXU-GXG9\" target=\"_blank\" rel=\"noopener\" shape=\"rect\">ici<\/a>, <a href=\"\/\/perma.cc\/W46K-CZWW\" target=\"_blank\" rel=\"noopener\" shape=\"rect\">ici<\/a>). Les candidats \u00e0 la pr\u00e9sidentielle Florian <a href=\"https:\/\/perma.cc\/5SAP-LQMM\" target=\"_blank\" rel=\"noopener\" shape=\"rect\">Philippot<\/a> et Fran\u00e7ois <a href=\"https:\/\/archive.is\/lHBMx\" target=\"_blank\" rel=\"noopener\" shape=\"rect\">Asselineau<\/a> s&rsquo;en sont \u00e9galement fait le relais via leurs comptes sur les r\u00e9seaux sociaux.<\/p>\n<div class=\"grid-with-margin\">\n<div id=\"wysiwyg\" class=\"ww-item image\"><img class=\"lazyload blur-up\" src=\"https:\/\/factuel.afp.com\/sites\/default\/files\/styles\/list_xs\/public\/medias\/factchecking\/g2\/2022-01\/eb95b44414655202d48e4a5a2d971936.jpeg?itok=tIlncI2J\" data-original=\"\" \/><span class=\"legend\">Capture d&rsquo;\u00e9cran Facebook, prise le 18\/1\/2022<\/span><\/div>\n<div id=\"wysiwyg\" class=\"ww-item image\"><img class=\"lazyload blur-up\" src=\"https:\/\/factuel.afp.com\/sites\/default\/files\/styles\/list_xs\/public\/medias\/factchecking\/g2\/2022-01\/89f531e721b27e466096c79dbc459d40.jpeg?itok=DHKShCEz\" data-original=\"\" \/><span class=\"legend\">Capture d&rsquo;\u00e9cran Twitter, prise le 18\/1\/2022<\/span><\/div>\n<\/div>\n<div class=\"grid-with-margin\">\n<div id=\"wysiwyg\" class=\"ww-item image\"><img class=\"lazyload blur-up\" src=\"https:\/\/factuel.afp.com\/sites\/default\/files\/styles\/list_xs\/public\/medias\/factchecking\/g2\/2022-01\/9064cf2ea64f9f93678e58e0ec0e5d1b.jpeg?itok=PkRawRlb\" data-original=\"\" \/><span class=\"legend\">Capture d&rsquo;\u00e9cran Facebook, prise le 18\/1\/2022<\/span><\/div>\n<div id=\"wysiwyg\" class=\"ww-item image\"><img class=\"lazyload blur-up\" src=\"https:\/\/factuel.afp.com\/sites\/default\/files\/styles\/list_xs\/public\/medias\/factchecking\/g2\/2022-01\/817d65f11c1e44802d370418566de3c0.jpeg?itok=5Em0IBSe\" data-original=\"\" \/><span class=\"legend\">Capture d&rsquo;\u00e9cran du site \u00ab\u00a0France Soir\u00a0\u00bb, prise le 18\/1\/2022<\/span><\/div>\n<\/div>\n<p><b>Qu&rsquo;a dit le responsable de l&rsquo;EMA ?<\/b><\/p>\n<p>Ces affirmations font suite \u00e0 <a href=\"https:\/\/www.ema.europa.eu\/en\/events\/ema-regular-press-briefing-covid-19-11\" target=\"_blank\" rel=\"noopener\" shape=\"rect\">une conf\u00e9rence de presse de l&rsquo;EMA<\/a> (\u00ab\u00a0<em>European Medicines Agency<\/em>\u00ab\u00a0, l&rsquo;Agence europ\u00e9enne des m\u00e9dicaments) au sujet de l&rsquo;\u00e9volution de la pand\u00e9mie de Covid-19 et aux possibles r\u00e9ponses sanitaires \u00e0 mettre en place, tenue le 11 janvier.<\/p>\n<p>Marco Cavaleri, le chef de la strat\u00e9gie vaccinale de l&rsquo;EMA, s&rsquo;est exprim\u00e9 \u00e0 propos des doses de rappel de vaccin anti-Covid au d\u00e9but de la conf\u00e9rence.<\/p>\n<p>\u00ab\u00a0<em>Des discussions \u00e9mergent au sujet de donner une deuxi\u00e8me dose de rappel <\/em>[ce qui le plus souvent correspondrait \u00e0 une quatri\u00e8me dose, NDLR]<em> avec les vaccins utilis\u00e9s actuellement. <strong>Aucune donn\u00e9e n&rsquo;a pour le moment \u00e9t\u00e9 g\u00e9n\u00e9r\u00e9e pour soutenir cette approche. Alors que la mise en place d&rsquo;un rappel suppl\u00e9mentaire pourrait \u00eatre consid\u00e9r\u00e9e dans le cadre d&rsquo;une strat\u00e9gie d&rsquo;urgence temporaire, des vaccinations r\u00e9p\u00e9t\u00e9es dans un intervalle de temps restreint ne repr\u00e9senteraient pas une strat\u00e9gie durable sur le long terme<\/strong><\/em>\u00ab\u00a0, a-t-il notamment affirm\u00e9.<\/p>\n<div id=\"wysiwyg\" class=\"ww-item image\"><img class=\"lazyload blur-up\" src=\"https:\/\/factuel.afp.com\/sites\/default\/files\/styles\/list_xs\/public\/medias\/factchecking\/g2\/2022-01\/9976a5203098b3b7dd1414c3e5cb599b.jpeg?itok=ltbhEY0\" data-original=\"\" \/><span class=\"legend\">Capture d&rsquo;\u00e9cran Youtube de la conf\u00e9rence de presse de l&rsquo;EMA du 11 janvier 2022, prise le 17 janvier 2022<\/span><\/div>\n<p>Marco Cavaleri a <a href=\"https:\/\/www.youtube.com\/watch?v=c_bdtDczwK0&amp;t=1324s\" target=\"_blank\" rel=\"noopener\" shape=\"rect\">ensuite \u00e9t\u00e9 \u00e0 nouveau interrog\u00e9<\/a> sur ce dernier point par une journaliste, qui lui a demand\u00e9 si cela pouvait signifier que \u00ab\u00a0<em>nous pourrions d\u00e9velopper une r\u00e9sistance \u00e0 un trop grand nombre de rappels effectu\u00e9s sur une p\u00e9riode de temps restreinte<\/em>\u00ab\u00a0.<\/p>\n<p>Ce \u00e0 quoi Marco Cavaleri a r\u00e9pondu : \u00ab\u00a0<em>Il y a deux pr\u00e9occupations ici. <\/em><em><strong>Si nous avons une strat\u00e9gie dans laquelle nous donnons des rappels, disons tous les quatre mois environ, nous finirons, potentiellement, par avoir des probl\u00e8mes avec la r\u00e9ponse immunitaire, et la r\u00e9ponse immunitaire pourrait finir par ne pas \u00eatre aussi bonne que nous le voudrions.<\/strong> Il faut donc veiller \u00e0 ne pas surcharger le syst\u00e8me immunitaire par des vaccinations r\u00e9p\u00e9t\u00e9es. Et deuxi\u00e8mement, bien s\u00fbr, il y a le risque de lassitude dans la population avec l&rsquo;administration continue de rappels<\/em>\u00ab\u00a0.<\/p>\n<p><b>\u00ab\u00a0R\u00e9ponse immunitaire\u00a0\u00bb et \u00ab\u00a0syst\u00e8me immunitaire\u00a0\u00bb<\/b><\/p>\n<p>C&rsquo;est la premi\u00e8re partie de cette r\u00e9ponse qui a suscit\u00e9 de nombreuses r\u00e9actions sur les r\u00e9seaux sociaux, certains affirmant ainsi que les rappels pourraient \u00ab\u00a0<em>affaiblir<\/em>\u00a0\u00bb ou \u00ab\u00a0<em>d\u00e9truire le syst\u00e8me immunitaire<\/em>\u00ab\u00a0.<\/p>\n<p>Une d\u00e9p\u00eache de l&rsquo;agence Bloomberg, d&rsquo;abord incorrectement titr\u00e9e \u00ab\u00a0<em>L&rsquo;UE met en garde contre le risque d&rsquo;affaiblissement du syst\u00e8me immunitaire en cas d&rsquo;administration de doses de rappel<\/em>\u00a0\u00bb a vraisemblablement suscit\u00e9 la confusion. Elle a depuis \u00e9t\u00e9 corrig\u00e9e, mais des <a href=\"https:\/\/archive.fo\/zMKCD\" target=\"_blank\" rel=\"noopener\" shape=\"rect\">versions archiv\u00e9es<\/a> montrant son premier titre sont toujours consultables en ligne. Ci-dessous une comparaison du premier titre de Bloomberg, et du titre modifi\u00e9, au 18 janvier.<\/p>\n<div class=\"grid-with-margin\">\n<div id=\"wysiwyg\" class=\"ww-item image\"><img class=\"lazyload blur-up\" src=\"https:\/\/factuel.afp.com\/sites\/default\/files\/styles\/list_xs\/public\/medias\/factchecking\/g2\/2022-01\/c32d18e63ef4d33baab26b09453621c2.jpeg?itok=9vr83_q_\" data-original=\"\" \/><span class=\"legend\">Premi\u00e8re version de la d\u00e9p\u00eache de Bloomberg, capture d&rsquo;\u00e9cran de l&rsquo;archive prise le 18\/01\/2022<\/span><\/div>\n<div id=\"wysiwyg\" class=\"ww-item image\"><img class=\"lazyload blur-up\" src=\"https:\/\/factuel.afp.com\/sites\/default\/files\/styles\/list_xs\/public\/medias\/factchecking\/g2\/2022-01\/49fd7d27b1972d8dfac0d4d5a5b2517e.jpeg?itok=dq36oAyi\" data-original=\"\" \/><span class=\"legend\">Capture d&rsquo;\u00e9cran de l&rsquo;article corrig\u00e9 de Bloomberg, prise le 18\/01\/2022<\/span><\/div>\n<\/div>\n<p>En fait, <strong>Marco Cavaleri n&rsquo;a pas fait r\u00e9f\u00e9rence \u00e0 un affaiblissement g\u00e9n\u00e9ral du syst\u00e8me immunitaire li\u00e9 \u00e0 un nombre de rappels rapproch\u00e9s, mais \u00e0 une possible baisse de la r\u00e9ponse immunitaire provoqu\u00e9e par le vaccin contre le virus du SARS-CoV-2<\/strong>, c&rsquo;est-\u00e0-dire la fa\u00e7on dont laquelle le corps pourrait r\u00e9agir en cas d&rsquo;infection.<\/p>\n<p>\u00ab\u00a0<em>Il semble qu&rsquo;un journaliste ait mal compris les commentaires du Dr Cavaleri et, par cons\u00e9quent, ait malheureusement publi\u00e9 des informations erron\u00e9es. <strong>Le Dr Cavaleri n&rsquo;a jamais dit ou laiss\u00e9 entendre que l&rsquo;administration r\u00e9p\u00e9t\u00e9e de rappels pourrait &lsquo;affaiblir le syst\u00e8me immunitaire&rsquo;. Ce qu&rsquo;il a dit, c&rsquo;est que l&rsquo;administration r\u00e9p\u00e9t\u00e9e de rappels pourrait entra\u00eener une baisse de la r\u00e9ponse immunitaire (&#8230;) ce qui signifie que les vaccins pourraient devenir moins efficaces<\/strong>\u00ab\u00a0, <\/em>s&rsquo;est ainsi d\u00e9fendue l&rsquo;EMA aupr\u00e8s de l&rsquo;AFP le 13 janvier.<\/p>\n<p>Bloomberg a d&rsquo;ailleurs pr\u00e9cis\u00e9 la nuance entre une possible baisse de la r\u00e9ponse immunitaire face au virus, bien mentionn\u00e9e par Marco Cavaleri, et un affaiblissement du syst\u00e8me immunitaire, pas abord\u00e9e par le responsable de l&rsquo;EMA, dans <a href=\"https:\/\/perma.cc\/QC9D-8BHL\" target=\"_blank\" rel=\"noopener\" shape=\"rect\">la correction<\/a> de son article. On peut ainsi lire, au bas de l&rsquo;article, dans une note de correction : \u00ab\u00a0<em>changement r\u00e9alis\u00e9 dans le titre et les deux premi\u00e8res phrases, pour clarifier que l&rsquo;EMA fait r\u00e9f\u00e9rence \u00e0 la r\u00e9ponse immunitaire et non au syst\u00e8me immunitaire<\/em>\u00ab\u00a0.<\/p>\n<div class=\"grid-with-margin\">\n<div id=\"wysiwyg\" class=\"ww-item image\"><img class=\"lazyload blur-up\" src=\"https:\/\/factuel.afp.com\/sites\/default\/files\/styles\/list_xs\/public\/medias\/factchecking\/g2\/2022-01\/6a27c9068eae7d394f571026545d4a8f.jpeg?itok=Ppv62tRp\" data-original=\"\" \/><span class=\"legend\">Capture d&rsquo;\u00e9cran de l&rsquo;article de Bloomberg, prise le 17\/01\/2022<\/span><\/div>\n<div id=\"wysiwyg\" class=\"ww-item image\"><img class=\"lazyload blur-up\" src=\"https:\/\/factuel.afp.com\/sites\/default\/files\/styles\/list_xs\/public\/medias\/factchecking\/g2\/2022-01\/59d635c1210ada7101a7e21632d4bd8c.jpeg?itok=zaMRH-b9\" data-original=\"\" \/><span class=\"legend\">Capture d&rsquo;\u00e9cran de l&rsquo;article de Bloomberg, prise le 17\/01\/2022<\/span><\/div>\n<\/div>\n<p><b>Quel m\u00e9canisme pourrait expliquer une \u00ab\u00a0diminution de la r\u00e9ponse immunitaire\u00a0\u00bb ?<\/b><\/p>\n<p>Interrog\u00e9e au sujet du m\u00e9canisme physiologique qui pourrait faire que la r\u00e9ponse immunitaire ne soit \u00ab\u00a0<em>pas aussi bonne qu&rsquo;elle pourrait l&rsquo;\u00eatre<\/em>\u00a0\u00bb en cas d&rsquo;injections de rappel trop fr\u00e9quentes, l&rsquo;EMA a pr\u00e9cis\u00e9 le 13 janvier que \u00ab\u00a0<em><strong>des vaccinations fr\u00e9quentes et r\u00e9p\u00e9t\u00e9es avec le m\u00eame antig\u00e8ne pourraient limiter la maturation de la r\u00e9ponse immunitaire et donner lieu \u00e0 une r\u00e9ponse immunitaire qui ne serait pas optimale<\/strong>, y compris par les <a href=\"https:\/\/lejournal.cnrs.fr\/billets\/les-cellules-a-memoire-alliees-des-vaccins-face-aux-variants-du-sars-cov-2\" target=\"_blank\" rel=\"noopener\" shape=\"rect\">cellules m\u00e9moires<\/a><\/em>\u00ab\u00a0.<\/p>\n<p>En d&rsquo;autres termes, \u00e0 force de rappels r\u00e9p\u00e9t\u00e9s de vaccination exposant au m\u00eame antig\u00e8ne, le corps pourrait, potentiellement, y \u00eatre \u00ab\u00a0<em>d\u00e9sensibilis\u00e9<\/em>\u00ab\u00a0, c&rsquo;est-\u00e0-dire s&rsquo;y habituer et ne pas le reconna\u00eetre comme \u00e9tant \u00e9tranger et dangereux, comme l&rsquo;a d\u00e9taill\u00e9 <a href=\"https:\/\/perma.cc\/J6MN-CCF7\" target=\"_blank\" rel=\"noopener\" shape=\"rect\">Fr\u00e9d\u00e9ric Altare<\/a>, directeur de recherche \u00e0 l&rsquo;Inserm, aupr\u00e8s de l&rsquo;AFP le 12 janvier.<\/p>\n<p>\u00ab\u00a0<em>Tout d&rsquo;abord, il faut se rappeler que <strong>le syst\u00e8me immunitaire est l\u00e0 pour faire la diff\u00e9rence entre le &lsquo;soi&rsquo; et le &lsquo;non soi&rsquo;.<\/strong> Le soi, ce sont toutes les cellules de notre corps auxquelles il ne doit surtout pas s&rsquo;attaquer et qu&rsquo;il a donc appris \u00e0 reconna\u00eetre comme telles depuis notre naissance. Lorsqu&rsquo;il les attaque, c&rsquo;est qu&rsquo;il y a un probl\u00e8me dans cette reconnaissance erron\u00e9e, on appelle cela une maladie &lsquo;auto-immune'\u00a0\u00bb<\/em>, explique le chercheur en immunologie.<\/p>\n<p>\u00ab\u00a0<em>Face \u00e0 toutes les autres choses que le syst\u00e8me immunitaire rencontre et qu&rsquo;il consid\u00e8re comme ne pas faire partie du &lsquo;soi&rsquo;, il d\u00e9clenche une attaque pour en d\u00e9barrasser notre corps<\/em>\u00ab\u00a0. Parmi elles, se trouvent \u00ab\u00a0<em>toutes les cellules de notre corps qui deviendraient anormales, comme les cellules canc\u00e9reuses par exemple, et dont il faut donc se d\u00e9barrasser, et tous les agents infectieux ou les allerg\u00e8nes<\/em>\u00ab\u00a0, poursuit le chercheur en immunologie.<\/p>\n<p>Traditionnellement, les vaccins ont ainsi pour objectif d&rsquo;entra\u00eener le corps \u00e0 se d\u00e9fendre face \u00e0 ces agents infectieux, en administrant une forme att\u00e9nu\u00e9e ou inactiv\u00e9e de ceux-ci ou certains de leurs composants rendus moins dangereux, dans l&rsquo;organisme pour le pr\u00e9parer \u00e0 un contact ult\u00e9rieur avec le virus. Ils fonctionnent en quelque sorte comme un \u00ab\u00a0<em>leurre<\/em>\u00a0\u00bb pour le syst\u00e8me immunitaire, lui permettant de d\u00e9velopper des anticorps et des cellules immunitaires qu&rsquo;il gardera en m\u00e9moire pour pouvoir se prot\u00e9ger plus efficacement lors d&rsquo;une confrontation \u00ab\u00a0<em>r\u00e9elle<\/em>\u00a0\u00bb avec le virus, comme l&rsquo;indique <a href=\"https:\/\/presse.inserm.fr\/les-vaccins-a-arnm-susceptibles-de-modifier-notre-genome-vraiment\/41781\/\" target=\"_blank\" rel=\"noopener\" shape=\"rect\">cette page<\/a> du site de l&rsquo;Inserm.<\/p>\n<p>Le cas des vaccins \u00e0 ARN messager (ARNm), comme ceux de Pfizer et de Moderna, fonctionne diff\u00e9remment. Avec cette technique, ce n&rsquo;est pas le virus dans sa forme att\u00e9nu\u00e9e qui est inject\u00e9 mais seulement l&rsquo;information, sous la forme de mol\u00e9cules d&rsquo;ARN, permettant de produire les antig\u00e8nes (prot\u00e9ines) de l&rsquo;agent pathog\u00e8ne. Ainsi, les vaccins permettent de produire ces fragments -inoffensifs sous cette forme-, directement par les cellules de l&rsquo;individu vaccin\u00e9. Mais l&rsquo;objectif reste le m\u00eame qu&rsquo;avec les autres vaccins : entrainer le corps \u00e0 pr\u00e9parer une r\u00e9ponse immunitaire, en vue d&rsquo;une rencontre ult\u00e9rieure avec le virus.<\/p>\n<div class=\"g2web\" style=\"text-align: center;\"><iframe title=\"YouTube video player\" src=\"https:\/\/www.youtube.com\/embed\/9qd5kwp0Fvc\" width=\"560\" height=\"315\" frameborder=\"0\" scrolling=\"auto\" allowfullscreen=\"allowfullscreen\" data-mce-fragment=\"1\"><\/iframe><\/div>\n<p>\u00ab\u00a0<em><strong>Ce qui permet au syst\u00e8me immunitaire d&rsquo;apprendre \u00e0 distinguer du &lsquo;soi&rsquo; et du &lsquo;non soi&rsquo;, c&rsquo;est, entre autres, la fr\u00e9quence \u00e0 laquelle il croise cette chose ou cellule dans notre corps<\/strong>. En effet, nos propres cellules, il les croise tout le temps et finit par se &lsquo;d\u00e9sensibiliser&rsquo; et perdre toute vell\u00e9it\u00e9 de les combattre d\u00e8s son d\u00e9veloppement<\/em>\u00ab\u00a0, d\u00e9taille encore le sp\u00e9cialiste de l&rsquo;immunit\u00e9 Fr\u00e9d\u00e9ric Altare.<\/p>\n<p>Ce principe de \u00ab\u00a0<em>d\u00e9sensibilisation<\/em>\u00a0\u00bb est notamment utilis\u00e9 dans le traitement des personnes allergiques, qui sont soumises \u00e0 des contacts r\u00e9p\u00e9t\u00e9s avec l&rsquo;allerg\u00e8ne auquel ils sont sensible. \u00ab\u00a0<em>A force de le voir r\u00e9guli\u00e8rement, le syst\u00e8me immunitaire de cet individu va finir par penser que cet allerg\u00e8ne fait partie du &lsquo;soi&rsquo; et ne plus s&rsquo;activer \u00e0 sa rencontre<\/em>\u00ab\u00a0, d\u00e9taille Fr\u00e9d\u00e9ric Altare.<\/p>\n<p>Selon lui, c&rsquo;est un ph\u00e9nom\u00e8ne de ce genre qu&rsquo;a voulu mentionner Marco Cavaleri lors de son intervention. \u00ab\u00a0<em>La crainte soulev\u00e9e par l&rsquo;EMA r\u00e9side \u00e0 mon avis dans ce risque potentiel si ces intervalles de rappels continuent \u00e0 se raccourcir. Pour qu&rsquo;un rappel demeure un rappel et ne se transforme pas en &lsquo;d\u00e9sensibilisation&rsquo;, il ne faut pas qu&rsquo;il revienne trop vite apr\u00e8s la dose pr\u00e9c\u00e9dente<\/em>\u00ab\u00a0, d\u00e9veloppe le chercheur.<\/p>\n<p>Il estime cependant \u00ab\u00a0<em>qu&rsquo;on en est encore loin<\/em>\u00a0\u00bb et dit \u00ab\u00a0<em>regrette[r] que l&rsquo;EMA n&rsquo;ait pas plus pr\u00e9cis\u00e9 sa pens\u00e9e, laissant ainsi la porte grand ouverte<\/em>\u00a0\u00bb aux mauvaises interpr\u00e9tations, dont celles qui indiqueraient que \u00ab\u00a0<em>le vaccin affaiblit la r\u00e9ponse immunitaire<\/em>\u00ab\u00a0.<\/p>\n<p><b>Une supposition pas confirm\u00e9e \u00e0 ce jour<\/b><\/p>\n<p>En effet, cette hypoth\u00e8se n&rsquo;est, \u00e0 ce jour, pas confirm\u00e9e. A l&rsquo;inverse, les donn\u00e9es concernant les rappels de vaccination ont jusqu&rsquo;ici, comme l&rsquo;a d&rsquo;ailleurs rappel\u00e9 Marco Cavaleri lors de la conf\u00e9rence de presse, plut\u00f4t montr\u00e9 que chaque rappel du vaccin effectu\u00e9 permettait de d\u00e9velopper plus d&rsquo;anticorps que les pr\u00e9c\u00e9dents.<\/p>\n<p>\u00ab\u00a0<em>Il devient de plus en plus clair que les rappels sont n\u00e9cessaires pour obtenir une meilleure protection et efficacit\u00e9 du vaccin, car la protection baisse avec le temps (&#8230;)<\/em><em><strong>Les donn\u00e9es en vie r\u00e9elle montrent que des doses de rappel augmentent la r\u00e9ponse immunitaire, m\u00eame plus que cela \u00e9tait observ\u00e9 avec la premi\u00e8re dose, et restaurent ou \u00e9tendent la protection<\/strong><\/em>\u00ab\u00a0, a affirm\u00e9 Marco Cavaleri le 11 janvier.<\/p>\n<p><a href=\"http:\/\/www.ciml.univ-mrs.fr\/sandrine-sarrazin-chevalier-de-lordre-national-au-merite\" target=\"_blank\" rel=\"noopener\" shape=\"rect\">Sandrine Sarrazin<\/a>, chercheuse au Centre d&rsquo;immunologie de Marseille-Luminy, confirme : \u00ab\u00a0<em>ce que l&rsquo;on voit <strong>avec la troisi\u00e8me dose, c&rsquo;est que l&rsquo;on multiplie la r\u00e9ponse immunitaire, encore plus qu&rsquo;avec la deuxi\u00e8me<\/strong><\/em>\u00ab\u00a0.<\/p>\n<p>\u00ab\u00a0<em>Les vaccins jusqu&rsquo;ici ont \u00e9t\u00e9 g\u00e9n\u00e9r\u00e9s contre la souche originale de Wuhan. Or, au fur et \u00e0 mesure, la prot\u00e9ine dite &lsquo;spicule&rsquo; <\/em>[aussi appel\u00e9e &lsquo;prot\u00e9ine spike&rsquo; ou &lsquo;prot\u00e9ine S&rsquo;, NDLR]<em>, vers laquelle la r\u00e9ponse est dirig\u00e9e, mute, et les anticorps la reconnaissent moins bien. <strong>On peut compenser cette perte d&rsquo;efficacit\u00e9 de la reconnaissance, qu&rsquo;on appelle &lsquo;perte d&rsquo;affinit\u00e9&rsquo;, en augmentant le taux d&rsquo;anticorps. <\/strong><\/em><em><strong>C&rsquo;est pour cela qu&rsquo;on effectue le rappel<\/strong>. Et selon les donn\u00e9es qu&rsquo;on a, cela fonctionne<\/em>\u00ab\u00a0, d\u00e9veloppe la chercheuse.<\/p>\n<p>En effet, <a href=\"https:\/\/presse.inserm.fr\/une-troisieme-dose-de-vaccin-anti-covid-vraiment\/44003\/\" target=\"_blank\" rel=\"noopener\" shape=\"rect\">cette page<\/a> du site de l&rsquo;Inserm indique que<strong> les donn\u00e9es recens\u00e9es, au 9 d\u00e9cembre, montrent l&rsquo;efficacit\u00e9 de la troisi\u00e8me dose de vaccin<\/strong>. Selon les auteurs d&rsquo;une large \u00e9tude publi\u00e9e le 8 d\u00e9cembre 2021 <a href=\"https:\/\/www.nejm.org\/doi\/10.1056\/NEJMoa2115624\" target=\"_blank\" rel=\"noopener\" shape=\"rect\">dans le <em>New England Journal of Medicine<\/em><\/a> portant sur plus de 850.000 personnes \u00e2g\u00e9es de plus de 50 ans en Isra\u00ebl, une troisi\u00e8me dose du vaccin de Pfizer-BioNTech pr\u00e9viendrait ainsi \u00e0 90 % la mortalit\u00e9 li\u00e9e au variant Delta.<\/p>\n<p>Selon Sandrine Sarrazin du Centre d&rsquo;immunologie de Marseille-Luminy, \u00ab\u00a0<em>il faut donc \u00eatre prudent dans les deux sens<\/em>\u00ab\u00a0, puisqu&rsquo;<strong>il serait ainsi probable qu&rsquo;augmenter les rappels augmenterait aussi le taux d&rsquo;anticorps, et ainsi la protection face au virus<\/strong>, au regard des donn\u00e9es connues sur les premiers rappels.<\/p>\n<p>C&rsquo;est pourquoi, pour la chercheuse, avant de mentionner la possibilit\u00e9 que des rappels \u00e0 r\u00e9p\u00e9tition puissent affaiblir la r\u00e9ponse immunitaire, Marco Cavaleri \u00ab\u00a0<em>aurait du ajouter, ou dire en premier qu&rsquo;on se sait pas si les rappels r\u00e9p\u00e9t\u00e9s peuvent voir un impact sur la r\u00e9ponse immunitaire aux vaccins, et donc qu&rsquo;il vaut mieux \u00eatre prudent avant de le recommander \u00e0 grande \u00e9chelle, et attendre les r\u00e9sultat des essais cliniques et donn\u00e9es de la vie r\u00e9elle comme \u00e0 Isra\u00ebl qui a commenc\u00e9 la campagne des 4\u00e8mes doses, pour d\u00e9cider de le faire largement<\/em>\u00ab\u00a0.<\/p>\n<p>L&rsquo;EMA a en effet pr\u00e9cis\u00e9 le 13 janvier aupr\u00e8s de l&rsquo;AFP les propos de Marco Cavaleri, ajoutant qu'\u00a0\u00bb<em>outre la lassitude anticip\u00e9e de la population, d&rsquo;un point de vue scientifique, <strong>le rappel r\u00e9p\u00e9t\u00e9 est une approche pour laquelle il n&rsquo;y a pas beaucoup d&rsquo;exp\u00e9rience avec d&rsquo;autres vaccins et, par cons\u00e9quent, certaines consid\u00e9rations doivent \u00eatre prises en compte<\/strong>. Les strat\u00e9gies de vaccination \u00e0 venir devront \u00eatre con\u00e7ues avec soin, avec la participation de toutes les parties concern\u00e9es \u00e0 l&rsquo;\u00e9chelle mondiale et en tenant compte de toutes les nouvelles preuves qui sont constamment g\u00e9n\u00e9r\u00e9es<\/em>\u00ab\u00a0.<\/p>\n<p>\u00ab\u00a0<em>Il n&rsquo;y a aucune \u00e9tude chez l&rsquo;homme sur des rappels rapproch\u00e9s. Jusqu&rsquo;\u00e0 pr\u00e9sent, il n&rsquo;y avait pas de raison de tester cette hypoth\u00e8se-l\u00e0<\/em>\u00ab\u00a0, compl\u00e8te Sandrine Sarrazin. Cependant, elle ajoute qu'\u00a0\u00bb<em><strong>il n&rsquo;y a aucun fondement immunologique exp\u00e9rimental qui permet \u00e0 ce jour d&rsquo;affirmer que le syst\u00e8me immunitaire peut \u00eatre affaibli par des doses de rappel. <\/strong>Rien ne fonctionne moins bien avec des rappels r\u00e9p\u00e9t\u00e9s<\/em>.<em> Le syst\u00e8me immunitaire est constamment stimul\u00e9, \u00e0 chaque instant, le vaccin n&rsquo;est qu&rsquo;une stimulation parmi des milliers<\/em>\u00ab\u00a0.<\/p>\n<p><b>Possibilit\u00e9 d&rsquo;un nouveau vaccin adapt\u00e9 aux variants<\/b><\/p>\n<p>Lors de la conf\u00e9rence de presse, Marco Cavaleri a aussi d\u00e9velopp\u00e9 l&rsquo;id\u00e9e d&rsquo;une possible \u00e9volution du Covid-19 qui pourrait, \u00e0 terme, passer \u00e0 un stade \u00ab\u00a0<em>end\u00e9mique<\/em>\u00ab\u00a0, ce qui signifierait qu&rsquo;il resterait pr\u00e9sent sur certains territoires, mais que sa circulation serait contr\u00f4l\u00e9e.<\/p>\n<p>Le chef de la strat\u00e9gie vaccinale de l&rsquo;EMA a aussi abord\u00e9 la question de strat\u00e9gies diff\u00e9rentes \u00e0 adopter dans cette perspective. Parmi elles, le d\u00e9veloppement d&rsquo;un vaccin adapt\u00e9 aux nouveaux variants, dont Omicron, qui seraient ainsi diff\u00e9rents des vaccins utilis\u00e9s actuellement.<\/p>\n<p>Marco Cavaleri a ainsi estim\u00e9 que \u00ab\u00a0<em>d&rsquo;ici \u00e0 ce qu&rsquo;un vaccin adapt\u00e9 \u00e0 Omicron soit d\u00e9velopp\u00e9, il est possible que la situation \u00e9pid\u00e9miologique dans l&rsquo;Union Europ\u00e9enne ait consid\u00e9rablement \u00e9volu\u00e9 en termes de variants qui circulent et d&rsquo;exposition naturelle \u00e0 Omicron<\/em>\u00ab\u00a0, ajoutant cependant que \u00ab\u00a0<em>davantage de donn\u00e9es sur l&rsquo;impact d&rsquo;Omicron sur l&rsquo;efficacit\u00e9 des vaccins autoris\u00e9s, et une meilleure compr\u00e9hension de l&rsquo;\u00e9volution \u00e9pid\u00e9miologique de la vague actuelle<\/em>\u00a0\u00bb \u00e9taient n\u00e9cessaires pour se prononcer sur l&rsquo;\u00e9ventuelle utilit\u00e9 d&rsquo;un vaccin adapt\u00e9 au variant.<\/p>\n<p>La mise en place d&rsquo;un nouveau vaccin de ce type est en effet envisageable et, \u00e0 terme, m\u00eame souhaitable, selon Sandrine Sarrazin. \u00ab\u00a0<em>A un moment, le virus aura suffisamment mut\u00e9 pour que les anticorps ne reconnaissent plus du tout la prot\u00e9ine &lsquo;spicule&rsquo;. Alors, on aura une nouvelle souche. Avec un nouveau vaccin, qui permettra de d\u00e9velopper des anticorps bien ajust\u00e9s \u00e0 cette nouvelle souche, on pourrait emp\u00eacher l&rsquo;entr\u00e9e du virus dans les voies respiratoires, et augmenter l&rsquo;efficacit\u00e9 du vaccin<\/em>\u00ab\u00a0, explique-t-elle.<\/p>\n<p>\u00ab\u00a0<em>A terme, on pourra avoir un nouveau vaccin chaque ann\u00e9e, c&rsquo;est ce qu&rsquo;il se passe avec la grippe : ce n&rsquo;est pas un rappel, mais un nouveau vaccin adapt\u00e9 \u00e0 chaque nouvelle souche. Dans ce sens, des doses de rappel \u00e0 long terme sont inutiles parce que les variants vont diff\u00e9rer de la souche originelle<\/em>\u00ab\u00a0, conclut-elle.<\/p>\n<div class=\"g2web\" style=\"text-align: center;\"><iframe title=\"YouTube video player\" src=\"https:\/\/www.youtube.com\/embed\/0u9CbX3Z0Vw\" width=\"560\" height=\"315\" frameborder=\"0\" scrolling=\"auto\" allowfullscreen=\"allowfullscreen\" data-mce-fragment=\"1\"><\/iframe><\/div>\n<p>Dans <a href=\"https:\/\/perma.cc\/GX33-8NBB\" target=\"_blank\" rel=\"noopener\" shape=\"rect\">un communiqu\u00e9<\/a> publi\u00e9 le 11 janvier, le \u00ab\u00a0<em>groupe consultatif technique de l&rsquo;OMS sur la composition des vaccins<\/em>\u00a0\u00bb anti-Covid, compos\u00e9 d&rsquo;experts supervisant le d\u00e9ploiement des vaccins, avait \u00e9galement indiqu\u00e9 qu\u00a0\u00bb<em>il est peu probable qu&rsquo;une strat\u00e9gie de vaccination fond\u00e9e sur une multiplication des doses de rappel du vaccin sous sa forme d&rsquo;origine soit adapt\u00e9e ou durable<\/em>\u00ab\u00a0.<\/p>\n<p>Ces sp\u00e9cialistes ont consid\u00e9r\u00e9 \u00ab\u00a0<em>que des vaccins contre le Covid-19 ayant un impact \u00e9lev\u00e9 en mati\u00e8re de transmission et de pr\u00e9vention de l&rsquo;infection, en plus de pr\u00e9venir les formes graves de la maladie et la mort, sont n\u00e9cessaires et doivent \u00eatre d\u00e9velopp\u00e9s<\/em>\u00ab\u00a0.<\/p>\n<p>\u00ab\u00a0<em>En attendant que de tels vaccins soient disponibles, et au fur et \u00e0 mesure de l&rsquo;\u00e9volution du virus SARS-CoV-2, il faudra peut-\u00eatre mettre \u00e0 jour la composition des vaccins anti-Covid actuels, afin de s&rsquo;assurer qu'[ils] continuent de fournir les niveaux de protection recommand\u00e9s par l&rsquo;OMS contre l&rsquo;infection et la maladie<\/em>\u00a0\u00bb caus\u00e9e par les variants, y compris Omicron, estime encore le groupe d&rsquo;experts.<\/p>\n<p>La pand\u00e9mie de Covid-19 a fait au moins 5.537.051 morts dans le monde depuis fin d\u00e9cembre 2019, selon un bilan \u00e9tabli par l&rsquo;AFP \u00e0 partir de sources officielles et arr\u00eat\u00e9 le 17 janvier 2022.<\/p>\n<div id=\"wysiwyg\" class=\"ww-item image\"><img class=\"lazyload blur-up\" src=\"https:\/\/factuel.afp.com\/sites\/default\/files\/styles\/list_xs\/public\/medias\/factchecking\/g2\/2022-01\/975bc5666c2f485d178c58e2387b4f30.jpeg?itok=bxvWDkSO\" data-original=\"\" \/><span class=\"legend\">Nombre de morts li\u00e9s au coronavirus officiellement annonc\u00e9s par pays, au 18 janvier \u00e0 11H00 GMT ( AFP \/ Simon MALFATTO, Sabrina BLANCHARD)<\/span><\/div>\n<pre>18 janvier 2022 Ajout captures d'\u00e9cran apr\u00e8s le 2\u00e8me paragraphe<\/pre>\n","protected":false},"excerpt":{"rendered":"<p>Un responsable de l&rsquo;Agence europ\u00e9enne des m\u00e9dicaments (\u00ab\u00a0European Medicines Agency\u00a0\u00bb, ou EMA en anglais) aurait pr\u00e9venu le 11 janvier que les rappels \u00e0 r\u00e9p\u00e9tition de vaccin contre le Covid-19 pourraient \u00ab\u00a0affaiblir le syst\u00e8me immunitaire\u00a0\u00bb, affirment des publications tr\u00e8s partag\u00e9es sur les r\u00e9seaux sociaux. Mais il s&rsquo;agit d&rsquo;une mauvaise compr\u00e9hension de ses propos, a fait valoir l&rsquo;EMA aupr\u00e8s de l&rsquo;AFP. Pour l&rsquo;heure, les donn\u00e9es ne permettent pas d&rsquo;affirmer que la multiplication de rappels de vaccin pourrait avoir un impact n\u00e9gatif sur l&rsquo;immunit\u00e9, c&rsquo;est m\u00eame plut\u00f4t l&rsquo;inverse, selon les experts interrog\u00e9s par l&rsquo;AFP. <\/p>\n","protected":false},"author":1,"featured_media":11456,"comment_status":"closed","ping_status":"open","sticky":false,"template":"","format":"standard","meta":{"_acf_changed":false,"footnotes":""},"categories":[174,125,132,129,138],"tags":[],"class_list":{"0":"post-11390","1":"post","2":"type-post","3":"status-publish","4":"format-standard","5":"has-post-thumbnail","7":"category-covid-19-fr","8":"category-fact-check-fr","9":"category-politique","10":"category-sante","11":"category-societe"},"acf":{"show_metatags":true,"id":"","authors":"Claire Line NASS, AFP France, AFP Pays-Bas","organization":"AFP","featured_image_copyright":"The logo of the European Medicines Agency is seen inside their offices after the visit of Spanish Health Secretary, Dolors Montserrat in Canary Wharf, east London on May 2, 2017. ( AFP \/ Daniel LEAL)","text_copyright":"\u00a9 AGENCE FRANCE-PRESSE | 2022 | Tous droits r\u00e9serv\u00e9s. L\u2019acc\u00e8s aux contenus de l'AFP publi\u00e9s sur ce site et, le cas \u00e9ch\u00e9ant, leur utilisation sont soumis aux conditions g\u00e9n\u00e9rales d'utilisation disponibles sur <a href='https:\/\/www.afp.com\/fr\/cgu' target='_blank'>CGU<\/a>. Par cons\u00e9quent, en acc\u00e9dant aux contenus de l\u2019AFP publi\u00e9s sur ce site, et en les utilisant, le cas \u00e9ch\u00e9ant, vous acceptez d'\u00eatre li\u00e9 par les conditions g\u00e9n\u00e9rales d'utilisation susmentionn\u00e9es. L\u2019utilisation de contenus de l'AFP se fait sous votre seule et enti\u00e8re responsabilit\u00e9.","source":"https:\/\/factuel.afp.com\/http%253A%252F%252Fdoc.afp.com%252F9W739C","fact_checker":"https:\/\/belux.wpengine.com\/wp-content\/uploads\/2021\/12\/afp_logo.png","fact_checker_logo_image":false},"yoast_head":"<!-- This site is optimized with the Yoast SEO plugin v27.0 - https:\/\/yoast.com\/product\/yoast-seo-wordpress\/ -->\n<title>Attention \u00e0 ces d\u00e9clarations d&#039;un responsable de l&#039;EMA sur la vaccination et l&#039;immunit\u00e9 - EDMO Belux<\/title>\n<meta name=\"robots\" content=\"index, follow, max-snippet:-1, max-image-preview:large, max-video-preview:-1\" \/>\n<link rel=\"canonical\" href=\"https:\/\/belux.edmo.eu\/fr\/attention-ces-dclarations-dun-responsable-de-lema-sur-la-vaccination-et-limmunit\/\" \/>\n<meta property=\"og:locale\" content=\"fr_FR\" \/>\n<meta property=\"og:type\" content=\"article\" \/>\n<meta property=\"og:title\" content=\"Attention \u00e0 ces d\u00e9clarations d&#039;un responsable de l&#039;EMA sur la vaccination et l&#039;immunit\u00e9 - EDMO Belux\" \/>\n<meta property=\"og:description\" content=\"Un responsable de l&#039;Agence europ\u00e9enne des m\u00e9dicaments (&quot;European Medicines Agency&quot;, ou EMA en anglais) aurait pr\u00e9venu le 11 janvier que les rappels \u00e0 r\u00e9p\u00e9tition de vaccin contre le Covid-19 pourraient &quot;affaiblir le syst\u00e8me immunitaire&quot;, affirment des publications tr\u00e8s partag\u00e9es sur les r\u00e9seaux sociaux. Mais il s&#039;agit d&#039;une mauvaise compr\u00e9hension de ses propos, a fait valoir l&#039;EMA aupr\u00e8s de l&#039;AFP. Pour l&#039;heure, les donn\u00e9es ne permettent pas d&#039;affirmer que la multiplication de rappels de vaccin pourrait avoir un impact n\u00e9gatif sur l&#039;immunit\u00e9, c&#039;est m\u00eame plut\u00f4t l&#039;inverse, selon les experts interrog\u00e9s par l&#039;AFP.\" \/>\n<meta property=\"og:url\" content=\"https:\/\/belux.edmo.eu\/fr\/attention-ces-dclarations-dun-responsable-de-lema-sur-la-vaccination-et-limmunit\/\" \/>\n<meta property=\"og:site_name\" content=\"EDMO Belux\" \/>\n<meta property=\"article:published_time\" content=\"2022-02-10T23:13:37+00:00\" \/>\n<meta property=\"article:modified_time\" content=\"2022-02-14T14:34:04+00:00\" \/>\n<meta property=\"og:image\" content=\"https:\/\/belux.edmo.eu\/wp-content\/uploads\/2022\/02\/ebd4057806bd3629b32a58d9cacde62c.jpeg\" \/>\n\t<meta property=\"og:image:width\" content=\"1920\" \/>\n\t<meta property=\"og:image:height\" content=\"1280\" \/>\n\t<meta property=\"og:image:type\" content=\"image\/jpeg\" \/>\n<meta name=\"author\" content=\"master\" \/>\n<meta name=\"twitter:card\" content=\"summary_large_image\" \/>\n<meta name=\"twitter:creator\" content=\"@Edmo_Belux\" \/>\n<meta name=\"twitter:site\" content=\"@Edmo_Belux\" \/>\n<meta name=\"twitter:label1\" content=\"\u00c9crit par\" \/>\n\t<meta name=\"twitter:data1\" content=\"master\" \/>\n\t<meta name=\"twitter:label2\" content=\"Dur\u00e9e de lecture estim\u00e9e\" \/>\n\t<meta name=\"twitter:data2\" content=\"15 minutes\" \/>\n<script type=\"application\/ld+json\" class=\"yoast-schema-graph\">{\"@context\":\"https:\/\/schema.org\",\"@graph\":[{\"@type\":\"Article\",\"@id\":\"https:\/\/belux.edmo.eu\/fr\/attention-ces-dclarations-dun-responsable-de-lema-sur-la-vaccination-et-limmunit\/#article\",\"isPartOf\":{\"@id\":\"https:\/\/belux.edmo.eu\/fr\/attention-ces-dclarations-dun-responsable-de-lema-sur-la-vaccination-et-limmunit\/\"},\"author\":{\"name\":\"master\",\"@id\":\"https:\/\/belux.edmo.eu\/#\/schema\/person\/dbe3b252258537fd318f9b5645a30342\"},\"headline\":\"Attention \u00e0 ces d\u00e9clarations d&rsquo;un responsable de l&rsquo;EMA sur la vaccination et l&rsquo;immunit\u00e9\",\"datePublished\":\"2022-02-10T23:13:37+00:00\",\"dateModified\":\"2022-02-14T14:34:04+00:00\",\"mainEntityOfPage\":{\"@id\":\"https:\/\/belux.edmo.eu\/fr\/attention-ces-dclarations-dun-responsable-de-lema-sur-la-vaccination-et-limmunit\/\"},\"wordCount\":3136,\"publisher\":{\"@id\":\"https:\/\/belux.edmo.eu\/#organization\"},\"image\":{\"@id\":\"https:\/\/belux.edmo.eu\/fr\/attention-ces-dclarations-dun-responsable-de-lema-sur-la-vaccination-et-limmunit\/#primaryimage\"},\"thumbnailUrl\":\"https:\/\/belux.edmo.eu\/wp-content\/uploads\/2022\/02\/ebd4057806bd3629b32a58d9cacde62c.jpeg\",\"articleSection\":[\"COVID-19\",\"Fact-Check\",\"Politique\",\"Sante\",\"Societe\"],\"inLanguage\":\"fr-FR\"},{\"@type\":\"WebPage\",\"@id\":\"https:\/\/belux.edmo.eu\/fr\/attention-ces-dclarations-dun-responsable-de-lema-sur-la-vaccination-et-limmunit\/\",\"url\":\"https:\/\/belux.edmo.eu\/fr\/attention-ces-dclarations-dun-responsable-de-lema-sur-la-vaccination-et-limmunit\/\",\"name\":\"Attention \u00e0 ces d\u00e9clarations d'un responsable de l'EMA sur la vaccination et l'immunit\u00e9 - EDMO Belux\",\"isPartOf\":{\"@id\":\"https:\/\/belux.edmo.eu\/#website\"},\"primaryImageOfPage\":{\"@id\":\"https:\/\/belux.edmo.eu\/fr\/attention-ces-dclarations-dun-responsable-de-lema-sur-la-vaccination-et-limmunit\/#primaryimage\"},\"image\":{\"@id\":\"https:\/\/belux.edmo.eu\/fr\/attention-ces-dclarations-dun-responsable-de-lema-sur-la-vaccination-et-limmunit\/#primaryimage\"},\"thumbnailUrl\":\"https:\/\/belux.edmo.eu\/wp-content\/uploads\/2022\/02\/ebd4057806bd3629b32a58d9cacde62c.jpeg\",\"datePublished\":\"2022-02-10T23:13:37+00:00\",\"dateModified\":\"2022-02-14T14:34:04+00:00\",\"breadcrumb\":{\"@id\":\"https:\/\/belux.edmo.eu\/fr\/attention-ces-dclarations-dun-responsable-de-lema-sur-la-vaccination-et-limmunit\/#breadcrumb\"},\"inLanguage\":\"fr-FR\",\"potentialAction\":[{\"@type\":\"ReadAction\",\"target\":[\"https:\/\/belux.edmo.eu\/fr\/attention-ces-dclarations-dun-responsable-de-lema-sur-la-vaccination-et-limmunit\/\"]}]},{\"@type\":\"ImageObject\",\"inLanguage\":\"fr-FR\",\"@id\":\"https:\/\/belux.edmo.eu\/fr\/attention-ces-dclarations-dun-responsable-de-lema-sur-la-vaccination-et-limmunit\/#primaryimage\",\"url\":\"https:\/\/belux.edmo.eu\/wp-content\/uploads\/2022\/02\/ebd4057806bd3629b32a58d9cacde62c.jpeg\",\"contentUrl\":\"https:\/\/belux.edmo.eu\/wp-content\/uploads\/2022\/02\/ebd4057806bd3629b32a58d9cacde62c.jpeg\",\"width\":1920,\"height\":1280},{\"@type\":\"BreadcrumbList\",\"@id\":\"https:\/\/belux.edmo.eu\/fr\/attention-ces-dclarations-dun-responsable-de-lema-sur-la-vaccination-et-limmunit\/#breadcrumb\",\"itemListElement\":[{\"@type\":\"ListItem\",\"position\":1,\"name\":\"Home\",\"item\":\"https:\/\/belux.edmo.eu\/fr\/\"},{\"@type\":\"ListItem\",\"position\":2,\"name\":\"Attention \u00e0 ces d\u00e9clarations d&#8217;un responsable de l&#8217;EMA sur la vaccination et l&#8217;immunit\u00e9\"}]},{\"@type\":\"WebSite\",\"@id\":\"https:\/\/belux.edmo.eu\/#website\",\"url\":\"https:\/\/belux.edmo.eu\/\",\"name\":\"EDMO Belux\",\"description\":\"Monitoring Disinformation in Belgium and Luxembourg\",\"publisher\":{\"@id\":\"https:\/\/belux.edmo.eu\/#organization\"},\"potentialAction\":[{\"@type\":\"SearchAction\",\"target\":{\"@type\":\"EntryPoint\",\"urlTemplate\":\"https:\/\/belux.edmo.eu\/?s={search_term_string}\"},\"query-input\":{\"@type\":\"PropertyValueSpecification\",\"valueRequired\":true,\"valueName\":\"search_term_string\"}}],\"inLanguage\":\"fr-FR\"},{\"@type\":\"Organization\",\"@id\":\"https:\/\/belux.edmo.eu\/#organization\",\"name\":\"EDMO Belux\",\"url\":\"https:\/\/belux.edmo.eu\/\",\"logo\":{\"@type\":\"ImageObject\",\"inLanguage\":\"fr-FR\",\"@id\":\"https:\/\/belux.edmo.eu\/#\/schema\/logo\/image\/\",\"url\":\"https:\/\/belux.edmo.eu\/wp-content\/uploads\/2021\/12\/belux-logo-full-color-rgb.svg\",\"contentUrl\":\"https:\/\/belux.edmo.eu\/wp-content\/uploads\/2021\/12\/belux-logo-full-color-rgb.svg\",\"width\":1,\"height\":1,\"caption\":\"EDMO Belux\"},\"image\":{\"@id\":\"https:\/\/belux.edmo.eu\/#\/schema\/logo\/image\/\"},\"sameAs\":[\"https:\/\/x.com\/Edmo_Belux\"]},{\"@type\":\"Person\",\"@id\":\"https:\/\/belux.edmo.eu\/#\/schema\/person\/dbe3b252258537fd318f9b5645a30342\",\"name\":\"master\",\"sameAs\":[\"https:\/\/belux.wpengine.com\"],\"url\":\"https:\/\/belux.edmo.eu\/fr\/author\/master\/\"}]}<\/script>\n<!-- \/ Yoast SEO plugin. -->","yoast_head_json":{"title":"Attention \u00e0 ces d\u00e9clarations d'un responsable de l'EMA sur la vaccination et l'immunit\u00e9 - EDMO Belux","robots":{"index":"index","follow":"follow","max-snippet":"max-snippet:-1","max-image-preview":"max-image-preview:large","max-video-preview":"max-video-preview:-1"},"canonical":"https:\/\/belux.edmo.eu\/fr\/attention-ces-dclarations-dun-responsable-de-lema-sur-la-vaccination-et-limmunit\/","og_locale":"fr_FR","og_type":"article","og_title":"Attention \u00e0 ces d\u00e9clarations d'un responsable de l'EMA sur la vaccination et l'immunit\u00e9 - EDMO Belux","og_description":"Un responsable de l'Agence europ\u00e9enne des m\u00e9dicaments (\"European Medicines Agency\", ou EMA en anglais) aurait pr\u00e9venu le 11 janvier que les rappels \u00e0 r\u00e9p\u00e9tition de vaccin contre le Covid-19 pourraient \"affaiblir le syst\u00e8me immunitaire\", affirment des publications tr\u00e8s partag\u00e9es sur les r\u00e9seaux sociaux. Mais il s'agit d'une mauvaise compr\u00e9hension de ses propos, a fait valoir l'EMA aupr\u00e8s de l'AFP. Pour l'heure, les donn\u00e9es ne permettent pas d'affirmer que la multiplication de rappels de vaccin pourrait avoir un impact n\u00e9gatif sur l'immunit\u00e9, c'est m\u00eame plut\u00f4t l'inverse, selon les experts interrog\u00e9s par l'AFP.","og_url":"https:\/\/belux.edmo.eu\/fr\/attention-ces-dclarations-dun-responsable-de-lema-sur-la-vaccination-et-limmunit\/","og_site_name":"EDMO Belux","article_published_time":"2022-02-10T23:13:37+00:00","article_modified_time":"2022-02-14T14:34:04+00:00","og_image":[{"width":1920,"height":1280,"url":"https:\/\/belux.edmo.eu\/wp-content\/uploads\/2022\/02\/ebd4057806bd3629b32a58d9cacde62c.jpeg","type":"image\/jpeg"}],"author":"master","twitter_card":"summary_large_image","twitter_creator":"@Edmo_Belux","twitter_site":"@Edmo_Belux","twitter_misc":{"\u00c9crit par":"master","Dur\u00e9e de lecture estim\u00e9e":"15 minutes"},"schema":{"@context":"https:\/\/schema.org","@graph":[{"@type":"Article","@id":"https:\/\/belux.edmo.eu\/fr\/attention-ces-dclarations-dun-responsable-de-lema-sur-la-vaccination-et-limmunit\/#article","isPartOf":{"@id":"https:\/\/belux.edmo.eu\/fr\/attention-ces-dclarations-dun-responsable-de-lema-sur-la-vaccination-et-limmunit\/"},"author":{"name":"master","@id":"https:\/\/belux.edmo.eu\/#\/schema\/person\/dbe3b252258537fd318f9b5645a30342"},"headline":"Attention \u00e0 ces d\u00e9clarations d&rsquo;un responsable de l&rsquo;EMA sur la vaccination et l&rsquo;immunit\u00e9","datePublished":"2022-02-10T23:13:37+00:00","dateModified":"2022-02-14T14:34:04+00:00","mainEntityOfPage":{"@id":"https:\/\/belux.edmo.eu\/fr\/attention-ces-dclarations-dun-responsable-de-lema-sur-la-vaccination-et-limmunit\/"},"wordCount":3136,"publisher":{"@id":"https:\/\/belux.edmo.eu\/#organization"},"image":{"@id":"https:\/\/belux.edmo.eu\/fr\/attention-ces-dclarations-dun-responsable-de-lema-sur-la-vaccination-et-limmunit\/#primaryimage"},"thumbnailUrl":"https:\/\/belux.edmo.eu\/wp-content\/uploads\/2022\/02\/ebd4057806bd3629b32a58d9cacde62c.jpeg","articleSection":["COVID-19","Fact-Check","Politique","Sante","Societe"],"inLanguage":"fr-FR"},{"@type":"WebPage","@id":"https:\/\/belux.edmo.eu\/fr\/attention-ces-dclarations-dun-responsable-de-lema-sur-la-vaccination-et-limmunit\/","url":"https:\/\/belux.edmo.eu\/fr\/attention-ces-dclarations-dun-responsable-de-lema-sur-la-vaccination-et-limmunit\/","name":"Attention \u00e0 ces d\u00e9clarations d'un responsable de l'EMA sur la vaccination et l'immunit\u00e9 - EDMO Belux","isPartOf":{"@id":"https:\/\/belux.edmo.eu\/#website"},"primaryImageOfPage":{"@id":"https:\/\/belux.edmo.eu\/fr\/attention-ces-dclarations-dun-responsable-de-lema-sur-la-vaccination-et-limmunit\/#primaryimage"},"image":{"@id":"https:\/\/belux.edmo.eu\/fr\/attention-ces-dclarations-dun-responsable-de-lema-sur-la-vaccination-et-limmunit\/#primaryimage"},"thumbnailUrl":"https:\/\/belux.edmo.eu\/wp-content\/uploads\/2022\/02\/ebd4057806bd3629b32a58d9cacde62c.jpeg","datePublished":"2022-02-10T23:13:37+00:00","dateModified":"2022-02-14T14:34:04+00:00","breadcrumb":{"@id":"https:\/\/belux.edmo.eu\/fr\/attention-ces-dclarations-dun-responsable-de-lema-sur-la-vaccination-et-limmunit\/#breadcrumb"},"inLanguage":"fr-FR","potentialAction":[{"@type":"ReadAction","target":["https:\/\/belux.edmo.eu\/fr\/attention-ces-dclarations-dun-responsable-de-lema-sur-la-vaccination-et-limmunit\/"]}]},{"@type":"ImageObject","inLanguage":"fr-FR","@id":"https:\/\/belux.edmo.eu\/fr\/attention-ces-dclarations-dun-responsable-de-lema-sur-la-vaccination-et-limmunit\/#primaryimage","url":"https:\/\/belux.edmo.eu\/wp-content\/uploads\/2022\/02\/ebd4057806bd3629b32a58d9cacde62c.jpeg","contentUrl":"https:\/\/belux.edmo.eu\/wp-content\/uploads\/2022\/02\/ebd4057806bd3629b32a58d9cacde62c.jpeg","width":1920,"height":1280},{"@type":"BreadcrumbList","@id":"https:\/\/belux.edmo.eu\/fr\/attention-ces-dclarations-dun-responsable-de-lema-sur-la-vaccination-et-limmunit\/#breadcrumb","itemListElement":[{"@type":"ListItem","position":1,"name":"Home","item":"https:\/\/belux.edmo.eu\/fr\/"},{"@type":"ListItem","position":2,"name":"Attention \u00e0 ces d\u00e9clarations d&#8217;un responsable de l&#8217;EMA sur la vaccination et l&#8217;immunit\u00e9"}]},{"@type":"WebSite","@id":"https:\/\/belux.edmo.eu\/#website","url":"https:\/\/belux.edmo.eu\/","name":"EDMO Belux","description":"Monitoring Disinformation in Belgium and Luxembourg","publisher":{"@id":"https:\/\/belux.edmo.eu\/#organization"},"potentialAction":[{"@type":"SearchAction","target":{"@type":"EntryPoint","urlTemplate":"https:\/\/belux.edmo.eu\/?s={search_term_string}"},"query-input":{"@type":"PropertyValueSpecification","valueRequired":true,"valueName":"search_term_string"}}],"inLanguage":"fr-FR"},{"@type":"Organization","@id":"https:\/\/belux.edmo.eu\/#organization","name":"EDMO Belux","url":"https:\/\/belux.edmo.eu\/","logo":{"@type":"ImageObject","inLanguage":"fr-FR","@id":"https:\/\/belux.edmo.eu\/#\/schema\/logo\/image\/","url":"https:\/\/belux.edmo.eu\/wp-content\/uploads\/2021\/12\/belux-logo-full-color-rgb.svg","contentUrl":"https:\/\/belux.edmo.eu\/wp-content\/uploads\/2021\/12\/belux-logo-full-color-rgb.svg","width":1,"height":1,"caption":"EDMO Belux"},"image":{"@id":"https:\/\/belux.edmo.eu\/#\/schema\/logo\/image\/"},"sameAs":["https:\/\/x.com\/Edmo_Belux"]},{"@type":"Person","@id":"https:\/\/belux.edmo.eu\/#\/schema\/person\/dbe3b252258537fd318f9b5645a30342","name":"master","sameAs":["https:\/\/belux.wpengine.com"],"url":"https:\/\/belux.edmo.eu\/fr\/author\/master\/"}]}},"menu_order":0,"_links":{"self":[{"href":"https:\/\/belux.edmo.eu\/fr\/wp-json\/wp\/v2\/posts\/11390","targetHints":{"allow":["GET"]}}],"collection":[{"href":"https:\/\/belux.edmo.eu\/fr\/wp-json\/wp\/v2\/posts"}],"about":[{"href":"https:\/\/belux.edmo.eu\/fr\/wp-json\/wp\/v2\/types\/post"}],"author":[{"embeddable":true,"href":"https:\/\/belux.edmo.eu\/fr\/wp-json\/wp\/v2\/users\/1"}],"replies":[{"embeddable":true,"href":"https:\/\/belux.edmo.eu\/fr\/wp-json\/wp\/v2\/comments?post=11390"}],"version-history":[{"count":0,"href":"https:\/\/belux.edmo.eu\/fr\/wp-json\/wp\/v2\/posts\/11390\/revisions"}],"wp:featuredmedia":[{"embeddable":true,"href":"https:\/\/belux.edmo.eu\/fr\/wp-json\/wp\/v2\/media\/11456"}],"wp:attachment":[{"href":"https:\/\/belux.edmo.eu\/fr\/wp-json\/wp\/v2\/media?parent=11390"}],"wp:term":[{"taxonomy":"category","embeddable":true,"href":"https:\/\/belux.edmo.eu\/fr\/wp-json\/wp\/v2\/categories?post=11390"},{"taxonomy":"post_tag","embeddable":true,"href":"https:\/\/belux.edmo.eu\/fr\/wp-json\/wp\/v2\/tags?post=11390"}],"curies":[{"name":"wp","href":"https:\/\/api.w.org\/{rel}","templated":true}]}}