{"id":123008,"date":"2022-09-04T00:00:00","date_gmt":"2022-09-04T00:00:00","guid":{"rendered":"https:\/\/belux.edmo.eu\/?p=123008"},"modified":"2022-09-05T14:51:20","modified_gmt":"2022-09-05T14:51:20","slug":"manger-de-la-viande-ne-dpend-pas-uniquement-de-ce-que-lon-a-dans-le-porte-monnaie","status":"publish","type":"post","link":"https:\/\/belux.edmo.eu\/fr\/manger-de-la-viande-ne-dpend-pas-uniquement-de-ce-que-lon-a-dans-le-porte-monnaie\/","title":{"rendered":"Manger de la viande ne d\u00e9pend pas uniquement de \u00ab\u00a0ce que l\u2019on a dans le porte-monnaie\u00a0\u00bb"},"content":{"rendered":"<p><strong>Contrairement \u00e0 ce qu&rsquo;a affirm\u00e9 le d\u00e9put\u00e9 communiste fran\u00e7ais Fabien Roussel, la consommation de viande, en France tout comme en Belgique, n\u2019est pas seulement d\u00e9termin\u00e9e par le niveau de revenu. Les classes sociales les plus pr\u00e9caires consomment d\u2019ailleurs davantage de viande que les plus ais\u00e9es. Les comportements alimentaires, dont la consommation de viande, sont aussi d\u00e9termin\u00e9s par une pluralit\u00e9 de facteurs qui vont au-del\u00e0 du revenu, tels que le genre ou l\u2019\u00e2ge.<\/strong><\/p>\n<p>\u00ab\u00a0Vous n\u2019avez pas honte ?\u00a0\u00bb. C\u2019est par ces mots que la journaliste fran\u00e7aise, Sonia Mabrouk,\u00a0<a href=\"https:\/\/twitter.com\/Europe1\/status\/1564503427895394304\">a interpell\u00e9 le 30\u00a0ao\u00fbt dernier sur Europe 1<\/a>, le d\u00e9put\u00e9 Fabien Roussel (Parti Communiste Fran\u00e7ais \u2013 PCF) \u00e0\u00a0propos de sa consommation de viande, alors qu\u2019il\u00a0avait plusieurs fois fait l\u2019\u00e9loge\u00a0<a href=\"https:\/\/www.bfmtv.com\/politique\/fabien-roussel-pcf-je-prefere-que-l-on-mange-moins-de-viande-mais-que-l-on-mange-de-la-bonne-viande_VN-202201180232.html\">\u00ab\u00a0<em>de la bonne viande<\/em>\u00ab\u00a0<\/a> pendant la campagne pr\u00e9sidentielle.<\/p>\n<p>Cette interview\u00a0s\u2019inscrit dans le cadre d\u2019une <a href=\"https:\/\/www.lalibre.be\/international\/europe\/2022\/08\/30\/le-barbecue-un-symbole-de-virilite-la-sortie-de-sandrine-rousseau-provoque-la-polemique-5TMWTCKZBJEN7ECZ3GQMRAWDUM\/\">vive pol\u00e9mique au sein de\u00a0la classe politique fran\u00e7aise<\/a>\u00a0provoqu\u00e9e par\u00a0la d\u00e9put\u00e9e \u00ab\u00a0Europe Ecologie Les Verts\u00a0\u00bb,\u00a0Sandrine Rousseau, quelques jours plus t\u00f4t \u00e0 Grenoble, lorsqu\u2019elle a d\u00e9clar\u00e9\u00a0qu\u2019il \u00ab\u00a0<em>faut\u00a0changer de mentalit\u00e9 pour que manger une entrec\u00f4te cuite sur un barbecue ne soit plus un symbole de virilit\u00e9<\/em>\u00ab\u00a0.\u00a0<a href=\"https:\/\/www.ledauphine.com\/politique\/2022\/08\/27\/sandrine-rousseau-repond-aux-chasseurs-oui-tuer-des-animaux-pour-le-loisir-c-est-violent\">Une phrase d\u00e9clar\u00e9e alors que l\u2019\u00e9lue participait\u00a0\u00e0 un d\u00e9bat avec Brigitte Gothi\u00e8re, directrice de l\u2019association L214, \u00e0 propos du\u00a0bien-\u00eatre animal et l\u2019impact des exc\u00e8s de la\u00a0consommation de viande sur le d\u00e9r\u00e8glement climatique<\/a>.<\/p>\n<div class=\"box-border flex w-full max-w-row flex-wrap justify-center bg-background-light dark:bg-background-dark py-6 sm:py-8 md:py-12\">\n<div class=\"container box-border max-w-container max-w-[720px] py-10 px-6 sm:py-8 sm:px-8 md:py-12 md:px-12\">\n<div class=\"max-w-none text-content-900 prose leading-loose dark:text-content-100 dark:prose-headings:text-content-100 dark:prose-a:bg-navy-blue-700 dark:prose-a:text-navy-blue-100 dark:prose-a:visited:bg-navy-blue-700 dark:prose-a:visited:text-teal-200 dark:prose-a:hover:bg-navy-blue-500 dark:prose-a:hover:text-navy-blue-100 dark:prose-a:focus:outline-focus dark:prose-blockquote:text-sand-100 dark:prose-code:text-sand-100 dark:prose-pre:bg-[#1f2227] dark:prose-pre:text-[#639bee] dark:prose-li:before:text-primary dark:prose-thead:bg-purple-500 dark:prose-thead:text-primary dark:prose-tr:border-b-purple-500 dark:prose-hr:border-navy-blue-800 md:prose-md lg:prose-lg lg:prose-h1:text-36 lg:prose-h1:leading-[2.75rem] lg:prose-h2:text-28 lg:prose-h2:leading-[2.125rem] lg:prose-h3:text-24 lg:prose-h3:leading-[1.8125rem] lg:prose-p:text-16 lg:prose-p:leading-32 lg:prose-blockquote:py-60 lg:prose-blockquote:pr-[5rem] lg:prose-blockquote:pl-[6rem]\">\n<p>Et le pr\u00e9sident du PCF de r\u00e9agir, au micro de Sonia Mabrouk\u00a0: \u00ab\u00a0<em>on mange de la viande en fonction de ce que l\u2019on a dans le porte-monnaie et pas dans la culotte ou dans le slip<\/em>\u00ab\u00a0. Fabien Roussel sous-entend ici que la consommation de viande serait proportionnelle au niveau de\u00a0revenu.<\/p>\n<p>Or cette all\u00e9gation est fausse.\u00a0\u00ab\u00a0<em>La consommation de viande est en effet plus \u00e9lev\u00e9e parmi les groupes sociaux qui ont des revenus plus bas<\/em>\u00a0\u00bb explique ainsi\u00a0Nicolas Guggenb\u00fchl, professeur de nutrition\u00a0\u00e0 la Haute Ecole L\u00e9onard de Vinci. De mani\u00e8re g\u00e9n\u00e9rale, \u00ab\u00a0<em>on ne peut pas dire si vous avez tel revenu, vous allez manger telle quantit\u00e9 de viande<\/em>\u00ab\u00a0.<\/p>\n<p>Et pour cause : loin d\u2019\u00eatre le seul facteur, le niveau de revenu n\u2019influence que de mani\u00e8re limit\u00e9e la consommation de viande des deux c\u00f4t\u00e9s de la fronti\u00e8re. Parmi les facteurs qui jouent un r\u00f4le dans les r\u00e9gimes carnivores fran\u00e7ais ou belges, figurent notamment le genre ou l\u2019\u00e2ge, mais pas seulement.<\/p>\n<\/div>\n<\/div>\n<\/div>\n<div class=\"box-border flex w-full max-w-row flex-wrap justify-center bg-background-light dark:bg-background-dark py-6 sm:py-8 md:py-12\">\n<div class=\"container box-border max-w-container max-w-[720px] py-10 px-6 sm:py-8 sm:px-8 md:py-12 md:px-12\">\n<div class=\"relative flex w-full justify-center\">\n<div class=\"w-full\">\n<div class=\"article-html-object_html-container___qi25\">\n<div class=\"twitter-tweet twitter-tweet-rendered\"><iframe id=\"twitter-widget-0\" class=\"\" title=\"Twitter Tweet\" src=\"https:\/\/platform.twitter.com\/embed\/Tweet.html?dnt=false&amp;embedId=twitter-widget-0&amp;features=eyJ0ZndfdGltZWxpbmVfbGlzdCI6eyJidWNrZXQiOlsibGlua3RyLmVlIiwidHIuZWUiXSwidmVyc2lvbiI6bnVsbH0sInRmd19ob3Jpem9uX3RpbWVsaW5lXzEyMDM0Ijp7ImJ1Y2tldCI6InRyZWF0bWVudCIsInZlcnNpb24iOm51bGx9LCJ0ZndfdHdlZXRfZWRpdF9iYWNrZW5kIjp7ImJ1Y2tldCI6Im9uIiwidmVyc2lvbiI6bnVsbH0sInRmd19yZWZzcmNfc2Vzc2lvbiI6eyJidWNrZXQiOiJvbiIsInZlcnNpb24iOm51bGx9LCJ0ZndfY2hpbl9waWxsc18xNDc0MSI6eyJidWNrZXQiOiJjb2xvcl9pY29ucyIsInZlcnNpb24iOm51bGx9LCJ0ZndfdHdlZXRfcmVzdWx0X21pZ3JhdGlvbl8xMzk3OSI6eyJidWNrZXQiOiJ0d2VldF9yZXN1bHQiLCJ2ZXJzaW9uIjpudWxsfSwidGZ3X3NlbnNpdGl2ZV9tZWRpYV9pbnRlcnN0aXRpYWxfMTM5NjMiOnsiYnVja2V0IjoiaW50ZXJzdGl0aWFsIiwidmVyc2lvbiI6bnVsbH0sInRmd19leHBlcmltZW50c19jb29raWVfZXhwaXJhdGlvbiI6eyJidWNrZXQiOjEyMDk2MDAsInZlcnNpb24iOm51bGx9LCJ0ZndfZHVwbGljYXRlX3NjcmliZXNfdG9fc2V0dGluZ3MiOnsiYnVja2V0Ijoib24iLCJ2ZXJzaW9uIjpudWxsfSwidGZ3X3R3ZWV0X2VkaXRfZnJvbnRlbmQiOnsiYnVja2V0Ijoib2ZmIiwidmVyc2lvbiI6bnVsbH19&amp;frame=false&amp;hideCard=false&amp;hideThread=false&amp;id=1564503427895394304&amp;lang=fr&amp;origin=https%3A%2F%2Fwww.rtbf.be%2Farticle%2Fmanger-de-la-viande-ne-depend-pas-uniquement-de-ce-que-lon-a-dans-le-porte-monnaie-11057893&amp;sessionId=1b0ee77e77fd5836b917955cb77e4e023f16f628&amp;siteScreenName=RTBF&amp;theme=dark&amp;widgetsVersion=1bfeb5c3714e8%3A1661975971032&amp;width=550px\" frameborder=\"0\" scrolling=\"no\" allowfullscreen=\"allowfullscreen\" data-tweet-id=\"1564503427895394304\" data-mce-fragment=\"1\"><\/iframe><\/div>\n<div><\/div>\n<\/div>\n<\/div>\n<\/div>\n<\/div>\n<\/div>\n<h2>Les classes sociales plus basses consomment davantage de viande<\/h2>\n<p>Si le revenu stricto sensu n\u2019est pas utilis\u00e9 comme variable dans les \u00e9tudes statistiques pour\u00a0comprendre les comportements alimentaires des Belges, le niveau d\u2019\u00e9ducation, davantage utilis\u00e9, offre des r\u00e9ponses\u00a0tout aussi pertinentes sur la consommation de viande selon la classe \u00e9conomique et sociale. En effet, comme le confirment\u00a0<a href=\"https:\/\/www.nbb.be\/fr\/articles\/differenciation-des-salaires-en-belgique-sur-la-base-des-donnees-silc\">les derni\u00e8res donn\u00e9es de la Banque Nationale de Belgique<\/a>, le niveau d\u2019\u00e9ducation, et a fortiori la profession, d\u00e9termine fortement le niveau de revenu.<\/p>\n<p>Suivant cet\u00a0indicateur,\u00a0<a href=\"https:\/\/fcs.wiv-isp.be\/nl\/Gedeelde%20%20documenten\/FRANS\/Rapport%204\/2_protein_FR_finaal.pdf\">la derni\u00e8re enqu\u00eate de consommation alimentaire men\u00e9e aupr\u00e8s de la population belge\u00a0en\u00a02014<\/a>\u00a0(la prochaine enqu\u00eate devrait \u00eatre publi\u00e9e fin\u00a02023) a ainsi montr\u00e9\u00a0qu\u00a0\u00bb<em>il existe bien un gradient d\u00e9croissant entre la consommation de viande et le niveau d\u2019\u00e9ducation. Les personnes avec le niveau d\u2019\u00e9ducation le plus faible (sans dipl\u00f4me, dipl\u00f4me de primaire ou de secondaire) consomment significativement plus de viande (119\u00a0g par jour) que les personnes dipl\u00f4m\u00e9es de l\u2019enseignement sup\u00e9rieur de type long (98\u00a0g par jour)<\/em>\u00ab\u00a0.<\/p>\n<p>Concernant la viande de b\u0153uf en particulier, \u00ab\u00a0<span class=\"BCX0 SCXW261885542 TextRun\"><span class=\"BCX0 NormalTextRun SCXW261885542\"><em>les personnes relativement peu dipl\u00f4m\u00e9es sont plus nombreuses (4,6%) que les personnes dipl\u00f4m\u00e9es de l\u2019enseignement sup\u00e9rieur de type court (2,3%) ou long (1,0%) \u00e0 consommer ce type de viande cinq fois par semaine ou plus<\/em>\u00ab\u00a0.<\/span><\/span><\/p>\n<p>La conclusion de\u00a0<a href=\"https:\/\/www.gaia.be\/sites\/default\/files\/campaigns\/attachments\/ipsos_enquete_2019_gaia_viande_cultivee_fr.pdf\">l\u2019enqu\u00eate<\/a>\u00a0de l\u2019association de d\u00e9fense des animaux Gaia de\u00a02019 est identique\u00a0: le pourcentage\u00a0des personnes qui s\u2019identifient comme \u00ab\u00a0<em>mangeurs de viande<\/em>\u00a0\u00bb entre la classe sociale la moins favoris\u00e9e d\u2019un c\u00f4t\u00e9 et la plus favoris\u00e9e\u00a0de l\u2019autre\u00a0&#8211; suivant le niveau d\u2019\u00e9ducation et la profession du chef de m\u00e9nage \u2013 passe de 70% \u00e0 61% (les autres r\u00e9ponses \u00e9tant\u00a0<a href=\"https:\/\/www.futura-sciences.com\/sante\/questions-reponses\/nutrition-vegetarien-vegetalien-vegan-differences-8344\/\">\u00ab\u00a0<em>je suis flexitarien<\/em>\u00ab\u00a0, \u00ab\u00a0<em>je suis pesco-v\u00e9g\u00e9tarien<\/em>\u00ab\u00a0, \u00ab\u00a0<em>je suis v\u00e9g\u00e9tarien<\/em>\u00a0\u00bb ou \u00ab\u00a0<em>je suis v\u00e9g\u00e9talien<\/em>\u00ab\u00a0<\/a>).<\/p>\n<blockquote><p>Avec un niveau d\u2019\u00e9ducation plus \u00e9lev\u00e9, on apprend qu\u2019il n\u2019y a pas que la viande qui permet de faire du muscle.<\/p><\/blockquote>\n<p>Conjointement avec le revenu et le dipl\u00f4me, la cat\u00e9gorie socioprofessionnelle a un impact direct sur\u00a0la consommation de viande. Les auteurs d\u2019<a href=\"https:\/\/agriculture.gouv.fr\/telecharger\/59841?token=f10056a71c3c1a821212badf5db59cbc1d7fe5314fc8cc653bd781fe2a744844\">une \u00e9tude du Minist\u00e8re fran\u00e7ais de l\u2019Agriculture de\u00a02013<\/a>\u00a0arrivent ainsi \u00e0 la conclusion que\u00a0\u00ab\u00a0<span class=\"BCX0 SCXW165434860 TextRun\"><span class=\"BCX0 NormalTextRun SCXW165434860\"><em>la part de la viande de b\u0153uf et de porc, de m\u00eame que la charcuterie est plus \u00e9lev\u00e9e chez les moins ais\u00e9s, tandis que les cat\u00e9gories sup\u00e9rieures consomment davantage d\u2019agneau et de volaille<\/em>\u00ab\u00a0.<\/span><\/span><\/p>\n<p>L\u2019explication \u00e0 ces diff\u00e9rences socio-\u00e9conomiques vis-\u00e0-vis d\u2019une alimentation carn\u00e9e\u00a0se trouve du c\u00f4t\u00e9 du\u00a0\u00ab\u00a0<em>mythe<\/em>\u00a0\u00bb autour de la viande, comme le souligne\u00a0Nicolas Guggenb\u00fchl de\u00a0la Haute Ecole L\u00e9onard de Vinci\u00a0:\u00a0\u00ab\u00a0<em>Pr\u00e9existe encore l\u2019id\u00e9e simpliste\u00a0que l\u2019on retrouve beaucoup chez les personnes qui exercent des\u00a0m\u00e9tiers qui sollicitent de la force physique, selon laquelle uniquement la viande permet de cr\u00e9er du muscle. Avec un niveau d\u2019<\/em><em>\u00e9ducation plus \u00e9lev\u00e9, on apprend qu\u2019il n\u2019y a pas que la viande qui permet de faire du muscle, \u00e0 l\u2019image du\u00a0cheval de trait qui tire des p\u00e9niches ou des wagons entiers en ne mangeant\u00a0que de l\u2019avoine. D\u2019un point de vue scientifique, le lien entre\u00a0force physique et\u00a0alimentation carn\u00e9e s\u2019estompe \u00e0 mesure que le niveau d\u2019\u00e9ducation s\u2019\u00e9l\u00e8ve<\/em>\u00ab\u00a0.<\/p>\n<h2>Une augmentation du revenu n\u2019a qu\u2019une influence limit\u00e9e dans la consommation de viande<\/h2>\n<div class=\"box-border flex w-full max-w-row flex-wrap justify-center bg-background-light dark:bg-background-dark py-6 sm:py-8 md:py-12\">\n<div class=\"container box-border max-w-container max-w-[720px] py-10 px-6 sm:py-8 sm:px-8 md:py-12 md:px-12\">\n<div class=\"max-w-none text-content-900 prose leading-loose dark:text-content-100 dark:prose-headings:text-content-100 dark:prose-a:bg-navy-blue-700 dark:prose-a:text-navy-blue-100 dark:prose-a:visited:bg-navy-blue-700 dark:prose-a:visited:text-teal-200 dark:prose-a:hover:bg-navy-blue-500 dark:prose-a:hover:text-navy-blue-100 dark:prose-a:focus:outline-focus dark:prose-blockquote:text-sand-100 dark:prose-code:text-sand-100 dark:prose-pre:bg-[#1f2227] dark:prose-pre:text-[#639bee] dark:prose-li:before:text-primary dark:prose-thead:bg-purple-500 dark:prose-thead:text-primary dark:prose-tr:border-b-purple-500 dark:prose-hr:border-navy-blue-800 md:prose-md lg:prose-lg lg:prose-h1:text-36 lg:prose-h1:leading-[2.75rem] lg:prose-h2:text-28 lg:prose-h2:leading-[2.125rem] lg:prose-h3:text-24 lg:prose-h3:leading-[1.8125rem] lg:prose-p:text-16 lg:prose-p:leading-32 lg:prose-blockquote:py-60 lg:prose-blockquote:pr-[5rem] lg:prose-blockquote:pl-[6rem]\">\n<div>\n<p>Une \u00e9volution du revenu a par ailleurs une influence \u00ab\u00a0limit\u00e9e\u00a0\u00bb\u00a0sur les comportements alimentaires des Belges vis-\u00e0-vis de la viande, comme le soulignent les auteurs d\u2019une <a href=\"https:\/\/www.gembloux.ulg.ac.be\/economie-et-developpement-rural\/wp-content\/uploads\/sites\/34\/2018\/10\/2013_PALM_CLAUSTRIAUX_FERRANDIS_LEBAILLY_WINANDY_COMPS_Analyse-de-la-consommation-de-viande-en-belgique-sur-base-de-l-ebm.pdf\">\u00e9tude de\u00a02018<\/a>\u00a0de l\u2019Universit\u00e9 de Gembloux Agro-Bio Tech Universit\u00e9 de Li\u00e8ge.<\/p>\n<p>Ils ont ainsi montr\u00e9 que multiplier par quatre le revenu n\u2019augmente le pourcentage de consommateurs que de 2% environ de b\u0153uf et le porc. En revanche, pour la charcuterie,\u00a0<a href=\"https:\/\/m.uneseuleplanete.org\/IMG\/pdf\/la-consommation-alimentaire.pdf\">une \u00e9tude fran\u00e7aise de\u00a02013<\/a>\u00a0a ainsi montr\u00e9 que lorsque\u00a0le revenu des 20% les plus pr\u00e9caires augmente, la quantit\u00e9 demand\u00e9e de ce produit est\u00a0plus que proportionnelle \u00e0 celle de leur\u00a0budget.<\/p>\n<p>En ce qui concerne la consommation de volaille, elle semble \u00eatre plus directement\u00a0li\u00e9e au niveau de revenu, comme l\u2019ont montr\u00e9 les auteurs de plusieurs \u00e9tudes,\u00a0<a href=\"https:\/\/www.gembloux.ulg.ac.be\/economie-et-developpement-rural\/wp-content\/uploads\/sites\/34\/2018\/10\/2013_PALM_CLAUSTRIAUX_FERRANDIS_LEBAILLY_WINANDY_COMPS_Analyse-de-la-consommation-de-viande-en-belgique-sur-base-de-l-ebm.pdf\">celle de l\u2019Universit\u00e9 de Gembloux de\u00a02018<\/a>\u00a0et\u00a0<a href=\"https:\/\/orbi.uliege.be\/bitstream\/2268\/104639\/2\/d%C3%A9penses%20des%20m%C3%A9nages%20en%20viandes%20en%20fonction%20de%20facteurs%20sociod%C3%A9mographiques_ppt.pdf\">l\u2019enqu\u00eate men\u00e9e par l\u2019Observatoire de la Consommation alimentaire entre\u00a02000 et\u00a02008<\/a><strong>.<\/strong>\u00a0Celles-ci montrent notamment que doubler le revenu n\u2019augmenterait les d\u00e9penses en viande de volaille de moins de 6%.<\/p>\n<p>Il n\u2019en demeure pas moins que la viande constitue le premier poste du budget alimentaire des m\u00e9nages \u2013 quasiment un quart &#8211; et ce quel que soit leur revenu.<\/p>\n<\/div>\n<\/div>\n<\/div>\n<\/div>\n<div class=\"box-border flex w-full max-w-row flex-wrap justify-center bg-background-light dark:bg-background-dark py-6 sm:py-8 md:py-12\">\n<div class=\"container box-border max-w-container max-w-[720px] py-10 px-6 sm:py-8 sm:px-8 md:py-12 md:px-12\">\n<div class=\"relative flex w-full justify-center\">\n<div class=\"w-full\">\n<h2>Les m\u00e9nages pr\u00e9caires fortement d\u00e9pendants du prix de la viande<\/h2>\n<p>Toutefois, sachant que le pouvoir d\u2019achat d\u00e9pend aussi du niveau du revenu et du niveau des prix, les m\u00e9nages les plus modestes sont plus sensibles\u00a0aux prix de la viande, surtout\u00a0bovine,\u00a0<a href=\"https:\/\/m.uneseuleplanete.org\/IMG\/pdf\/la-consommation-alimentaire.pdf\">a r\u00e9v\u00e9l\u00e9 cette \u00e9tude de\u00a02013<\/a>.<\/p>\n<blockquote><p>Si les groupes \u00e0 faibles revenus n\u2019ach\u00e8tent pas moins de viande que les groupes \u00e0 revenus plus \u00e9lev\u00e9s, ils ach\u00e8tent des morceaux moins chers et plus gras.<\/p><\/blockquote>\n<p>Avec l\u2019augmentation du prix de la viande, les classes les plus pr\u00e9caires vont \u00e9galement consommer des produits carn\u00e9s \u00e0 plus faibles valeurs nutritives. C\u2019est qu\u2019ont montr\u00e9 les auteurs de cette\u00a0<a href=\"https:\/\/www.ncbi.nlm.nih.gov\/pmc\/articles\/PMC4586446\/\">\u00e9tude<\/a>\u00a0publi\u00e9e dans Nutrition Reviews en\u00a02015\u00a0:<span class=\"BCX0 SCXW167536383 TextRun\"><span class=\"BCX0 NormalTextRun SCXW167536383\">\u00a0<\/span><span class=\"BCX0 NormalTextRun SCXW167536383 SpellingErrorV2Themed\">\u00ab\u00a0<em>si les groupes \u00e0 faibles revenus n\u2019ach\u00e8tent pas moins de viande que les groupes \u00e0 revenus plus \u00e9lev\u00e9s, ils\u00a0ach\u00e8tent\u00a0des morceaux moins chers et plus gras<\/em>\u00ab\u00a0.<\/span><\/span><\/p>\n<p><span class=\"BCX0 SCXW167536383 TextRun\"><span class=\"BCX0 NormalTextRun SCXW167536383 SpellingErrorV2Themed\">De mani\u00e8re g\u00e9n\u00e9rale en Belgique, \u00ab\u00a0<\/span><\/span><em>il a \u00e9t\u00e9 d\u00e9montr\u00e9 que les r\u00e9gimes alimentaires plus sains (c\u2019est-\u00e0-dire plus proches des recommandations alimentaires) \u00e9taient en moyenne plus co\u00fbteux<\/em>\u00a0\u00bb lit-on dans une\u00a0<a href=\"https:\/\/www.sciencedirect.com\/science\/article\/abs\/pii\/S2212267221003749\">\u00e9tude<\/a>\u00a0publi\u00e9e en novembre\u00a02021 dans le\u00a0Journal de l\u2019Acad\u00e9mie de nutrition et de di\u00e9t\u00e9tique.<\/p>\n<h2>Les comportements alimentaires genr\u00e9s ne sont pas un mythe<\/h2>\n<p>L\u2019hypoth\u00e8se, notamment avanc\u00e9e par Sandrine Rousseau et r\u00e9fut\u00e9e par Fabien Roussel, selon laquelle la consommation de la viande varierait selon le genre, se v\u00e9rifie pourtant bel et bien dans les statistiques.<\/p>\n<div class=\"box-border flex w-full max-w-row flex-wrap justify-center bg-background-light dark:bg-background-dark py-6 sm:py-8 md:py-12\">\n<div class=\"container box-border max-w-container max-w-[720px] py-10 px-6 sm:py-8 sm:px-8 md:py-12 md:px-12\">\n<div class=\"max-w-none text-content-900 prose leading-loose dark:text-content-100 dark:prose-headings:text-content-100 dark:prose-a:bg-navy-blue-700 dark:prose-a:text-navy-blue-100 dark:prose-a:visited:bg-navy-blue-700 dark:prose-a:visited:text-teal-200 dark:prose-a:hover:bg-navy-blue-500 dark:prose-a:hover:text-navy-blue-100 dark:prose-a:focus:outline-focus dark:prose-blockquote:text-sand-100 dark:prose-code:text-sand-100 dark:prose-pre:bg-[#1f2227] dark:prose-pre:text-[#639bee] dark:prose-li:before:text-primary dark:prose-thead:bg-purple-500 dark:prose-thead:text-primary dark:prose-tr:border-b-purple-500 dark:prose-hr:border-navy-blue-800 md:prose-md lg:prose-lg lg:prose-h1:text-36 lg:prose-h1:leading-[2.75rem] lg:prose-h2:text-28 lg:prose-h2:leading-[2.125rem] lg:prose-h3:text-24 lg:prose-h3:leading-[1.8125rem] lg:prose-p:text-16 lg:prose-p:leading-32 lg:prose-blockquote:py-60 lg:prose-blockquote:pr-[5rem] lg:prose-blockquote:pl-[6rem]\">\n<p>Ainsi en\u00a02019,\u00a0<a href=\"https:\/\/www.gaia.be\/sites\/default\/files\/campaigns\/attachments\/ipsos_enquete_2019_gaia_viande_cultivee_fr.pdf\">l\u2019enqu\u00eate men\u00e9e par Gaia<\/a>\u00a0en\u00a02019 r\u00e9v\u00e8le que\u00a072% des hommes se consid\u00e8rent comme de \u00ab\u00a0<em>vrais carnivores<\/em>\u00ab\u00a0, contre 61% des femmes. En d\u2019autres termes, dans ce sondage, les hommes optent davantage pour la r\u00e9ponse \u00ab\u00a0<em>je mange de la viande<\/em>\u00a0\u00bb\u00a0que les femmes, qui r\u00e9pondent plus fr\u00e9quemment\u00a0\u00ab\u00a0<em>je suis flexitarienne<\/em>\u00ab\u00a0.<\/p>\n<p>Cette\u00a0perception genr\u00e9e \u00e0 l\u2019\u00e9gard de la viande se confirme \u00e9galement dans les quantit\u00e9s consomm\u00e9es\u00a0: selon\u00a0<a href=\"https:\/\/fcs.wiv-isp.be\/nl\/Gedeelde%20%20documenten\/FRANS\/Rapport%204\/2_protein_FR_finaal.pdf\">l\u2019enqu\u00eate de consommation alimentaire men\u00e9e aupr\u00e8s de la population belge\u00a0entre\u00a02014 et\u00a02015<\/a>, les hommes mangeraient 44 grammes de viande de plus chaque jour\u00a0par rapport aux\u00a0femmes.<\/p>\n<p>Parmi les types de viande\u00a0davantage consomm\u00e9s\u00a0par les hommes figure surtout\u00a0la viande rouge. En France, les hommes consomment deux fois plus de viande rouge\u00a0que les femmes,\u00a0<a href=\"https:\/\/www.youtube.com\/watch?v=Hs72NWc82MQ\">selon Nora\u00a0Bouazzouni, l\u2019autrice de \u00ab\u00a0Steaksisme\u00a0: En finir avec le mythe de la v\u00e9g\u00e9 et du viandard\u00a0\u00bb<\/a>.<\/p>\n<p>Pour Nicolas Berger,\u00a0scientifique au d\u00e9partement Nutrition et Sant\u00e9 de Sciensano, cette diff\u00e9rence de consommation de la viande, en particulier rouge, serait\u00a0li\u00e9e aux d\u00e9finitions de la masculinit\u00e9 et aux r\u00f4les de genre traditionnels. Il fait r\u00e9f\u00e9rence \u00e0 une\u00a0<a href=\"https:\/\/www.sciencedirect.com\/science\/article\/abs\/pii\/S0195666321003822\">\u00e9tude<\/a>\u00a0de la revue Appetite de novembre\u00a02021, qui indique qu'\u00a0\u00bb<em>une plus grande conformit\u00e9 aux r\u00f4les traditionnels des sexes permettrait de pr\u00e9dire une consommation plus fr\u00e9quente de b\u0153uf et de poulet et une plus faible ouverture au v\u00e9g\u00e9tarisme chez les hommes<\/em>\u00ab\u00a0.<\/p>\n<\/div>\n<\/div>\n<\/div>\n<div class=\"box-border flex w-full max-w-row flex-wrap justify-center bg-background-light dark:bg-background-dark py-6 sm:py-8 md:py-12\">\n<div class=\"container box-border max-w-container max-w-[720px] py-10 px-6 sm:py-8 sm:px-8 md:py-12 md:px-12\">\n<div class=\"grid w-full grid-cols-1 rounded-md bg-card-light p-16 shadow-base dark:bg-card-dark md:p-20\">\n<div class=\"relative w-full undefined\">\n<div class=\"image_img-container--responsive-auto__gEj1I\"><img class=\"image_img--responsive-auto__4s6x1\" src=\"https:\/\/ds.static.rtbf.be\/article\/image\/1920xAuto\/0\/c\/b\/ede7e2b6d13a41ddf9f4bdef84fdc737-1662117640.png\" sizes=\"(min-width: 760px) 656px, calc(90.91vw - 17px)\" srcset=\"https:\/\/ds.static.rtbf.be\/article\/image\/180xAuto\/0\/c\/b\/ede7e2b6d13a41ddf9f4bdef84fdc737-1662117640.png 180w, https:\/\/ds.static.rtbf.be\/article\/image\/370xAuto\/0\/c\/b\/ede7e2b6d13a41ddf9f4bdef84fdc737-1662117640.png 370w, https:\/\/ds.static.rtbf.be\/article\/image\/770xAuto\/0\/c\/b\/ede7e2b6d13a41ddf9f4bdef84fdc737-1662117640.png 770w, https:\/\/ds.static.rtbf.be\/article\/image\/1248xAuto\/0\/c\/b\/ede7e2b6d13a41ddf9f4bdef84fdc737-1662117640.png 1248w, https:\/\/ds.static.rtbf.be\/article\/image\/1920xAuto\/0\/c\/b\/ede7e2b6d13a41ddf9f4bdef84fdc737-1662117640.png 1920w\" alt=\"\" data-nimg=\"fill\" \/><\/div>\n<\/div>\n<div class=\"pt-16 dark:text-white\"><em><span class=\"text-14 font-normal italic leading-normal\">Romane Bonnem\u00e9 d\u2019apr\u00e8s les chiffres de l\u2019enqu\u00eate Gaia, 2019<\/span><\/em><\/div>\n<div><\/div>\n<\/div>\n<\/div>\n<\/div>\n<div class=\"box-border flex w-full max-w-row flex-wrap justify-center bg-background-light dark:bg-background-dark py-6 sm:py-8 md:py-12\">\n<div class=\"container box-border max-w-container max-w-[720px] py-10 px-6 sm:py-8 sm:px-8 md:py-12 md:px-12\">\n<div class=\"max-w-none text-content-900 prose leading-loose dark:text-content-100 dark:prose-headings:text-content-100 dark:prose-a:bg-navy-blue-700 dark:prose-a:text-navy-blue-100 dark:prose-a:visited:bg-navy-blue-700 dark:prose-a:visited:text-teal-200 dark:prose-a:hover:bg-navy-blue-500 dark:prose-a:hover:text-navy-blue-100 dark:prose-a:focus:outline-focus dark:prose-blockquote:text-sand-100 dark:prose-code:text-sand-100 dark:prose-pre:bg-[#1f2227] dark:prose-pre:text-[#639bee] dark:prose-li:before:text-primary dark:prose-thead:bg-purple-500 dark:prose-thead:text-primary dark:prose-tr:border-b-purple-500 dark:prose-hr:border-navy-blue-800 md:prose-md lg:prose-lg lg:prose-h1:text-36 lg:prose-h1:leading-[2.75rem] lg:prose-h2:text-28 lg:prose-h2:leading-[2.125rem] lg:prose-h3:text-24 lg:prose-h3:leading-[1.8125rem] lg:prose-p:text-16 lg:prose-p:leading-32 lg:prose-blockquote:py-60 lg:prose-blockquote:pr-[5rem] lg:prose-blockquote:pl-[6rem]\">\n<div>\n<p>Cette diff\u00e9rence\u00a0de consommation s\u2019explique-t-elle par des besoins naturels et nutritionnels diff\u00e9rents entre hommes et femmes\u00a0? Il n\u2019en est rien selon la communaut\u00e9 scientifique.<\/p>\n<p>L\u2019apport journalier recommand\u00e9 en prot\u00e9ines par poids de corps est identique entre deux adultes du m\u00eame sexe (0.66 grammes) selon\u00a0<a href=\"https:\/\/efsa.onlinelibrary.wiley.com\/doi\/abs\/10.2903\/j.efsa.2012.2557\" rel=\"nofollow\">un rapport<\/a>\u00a0de l\u2019Autorit\u00e9 europ\u00e9enne de s\u00e9curit\u00e9 des aliments,\u00a0et \u00ab\u00a0<em>les quelques diff\u00e9rences de besoin en nutrition, notamment de fer, ne justifient pas les diff\u00e9rences observ\u00e9es dans la consommation de viande rouge<\/em>\u00a0\u00bb r\u00e9pond Nicolas Berger.<\/p>\n<p><a href=\"https:\/\/www.health.belgium.be\/sites\/default\/files\/uploads\/fields\/fpshealth_theme_file\/20190902_shc-9284_fbdg_vweb.pdf\">Les recommandations belges du Conseil Sup\u00e9rieur de la sant\u00e9<\/a>\u00a0concernant la consommation de viande rouge sont d\u2019ailleurs tr\u00e8s claires \u00e0 cet \u00e9gard pour diminuer\u00a0les risques de maladies cardiovasculaires par exemple\u00a0: limiter sa\u00a0consommation de viande rouge \u00e0 un maximum de 300 grammes par semaine. Et ce quel que soit le sexe.<\/p>\n<h2>Le profil type du consommateur belge de viande<\/h2>\n<p>Au-del\u00e0 du fait que les hommes mangent davantage de viande que les femmes, d\u2019autres variables viennent pr\u00e9ciser le\u00a0profil type du consommateur belge de viande.<\/p>\n<div>\n<p>Ce consommateur \u00ab\u00a0type\u00a0\u00bb est a minima cinquantenaire comme l\u2019a montr\u00e9\u00a0<span class=\"BCX0 EOP SCXW165434860\"><a href=\"https:\/\/www.gaia.be\/sites\/default\/files\/campaigns\/attachments\/ipsos_enquete_2019_gaia_viande_cultivee_fr.pdf\">l\u2019enqu\u00eate de Gaia<\/a>\u00a0en\u00a02019\u00a0: \u00ab\u00a0<\/span><em>les Belges de plus de 55 ans sont \u00e9galement plus souvent carnivores (70% carnivores versus 64% des personnes de moins de 55 ans) que ceux des classes d\u2019\u00e2ge inf\u00e9rieures<\/em>\u00ab\u00a0.<\/p>\n<p>Par ailleurs, les consommateurs de viande en Belgique ont souvent des indices de masse corporelle plus \u00e9lev\u00e9e que la moyenne. C\u2019est la conclusion de\u00a0<a href=\"https:\/\/fcs.wiv-isp.be\/nl\/Gedeelde%20%20documenten\/FRANS\/Rapport%204\/2_protein_FR_finaal.pdf\">l\u2019enqu\u00eate de consommation de\u00a02014<\/a>\u00a0: \u00ab\u00a0<em>les personnes souffrant d\u2019ob\u00e9sit\u00e9 consomment ainsi significativement plus de viande que les personnes avec un statut pond\u00e9ral normal (+\u00a017\u00a0g par jour)<\/em>\u00a0\u00bb peut-on lire dans l\u2019\u00e9tude.<\/p>\n<p>Enfin, en Belgique, les Wallons consomment davantage de viande de b\u0153uf que les Flamands a montr\u00e9\u00a0<a href=\"https:\/\/fcs.wiv-isp.be\/nl\/Gedeelde%20%20documenten\/FRANS\/Rapport%204\/2_protein_FR_finaal.pdf\">l\u2019enqu\u00eate de consommation de\u00a02014<\/a>. En regardant plus en d\u00e9tail les r\u00e9sultats de l\u2019enqu\u00eate, il appara\u00eet toutefois que\u00a0\u00ab\u00a0<em>davantage de personnes r\u00e9sidant en Flandre (68,5%) qu\u2019en Wallonie (62,0%) consomment de la viande de porc entre une et quatre fois par semaine<\/em>\u00ab\u00a0.<\/p>\n<h2>Une consommation multifactorielle nocive pour la plan\u00e8te<\/h2>\n<p>En r\u00e9sum\u00e9, Fabien Roussel a tort\u00a0lorsqu\u2019il affirme \u00ab\u00a0<em>on mange de la viande en fonction de ce que l\u2019on a dans le porte-monnaie\u00a0<\/em><em>et pas dans la culotte ou dans le slip<\/em>\u00ab\u00a0. Pour preuve\u00a0: les plus pr\u00e9caires consomment plus de viande que les plus favoris\u00e9s, sachant que la qualit\u00e9 de la viande qu\u2019ils mangent\u00a0est inf\u00e9rieure \u00e0 celle des autres classes sociales.<\/p>\n<p>Quant au\u00a0genre, c\u2019est une variable\u00a0sociologique d\u00e9terminante dans la consommation de viande, comme le soutiennent plusieurs \u00e9tudes. Par ailleurs, la liste des facteurs qui influent sur une alimentation carn\u00e9e est\u00a0tr\u00e8s longue.\u00a0\u00ab\u00a0<em>Les comportements alimentaires sont extr\u00eamement\u00a0complexes, ils d\u00e9pendent d\u2019une pluralit\u00e9 de facteurs sociaux, \u00e9conomiques, \u00e9nerg\u00e9tiques, moraux, culturels ou religieux<\/em>\u00a0\u00bb conclut\u00a0ainsi\u00a0l\u2019expert en nutrition\u00a0Nicolas Guggenb\u00fchl.<\/p>\n<p>Dans le contexte du d\u00e9r\u00e8glement\u00a0climatique\u00a0actuel, les Belges seraient de plus en plus enclins \u00e0 adopter un r\u00e9gime excluant la viande,\u00a0<a href=\"https:\/\/www.rtbf.be\/article\/le-vegetarisme-augmente-chez-les-jeunes-quen-pense-une-dieteticienne-10865052\">en particulier chez les plus jeunes<\/a>.<\/p>\n<p>Tandis que l\u2019impact de la viande\u00a0sur le r\u00e9chauffement, la d\u00e9forestation et la consommation d\u2019eau est d\u00e9sormais ind\u00e9niable,\u00a0<a href=\"https:\/\/www.lemonde.fr\/les-decodeurs\/article\/2018\/12\/11\/pourquoi-la-viande-est-elle-si-nocive-pour-la-planete_5395914_4355770.html\">sa production ne cesse de\u00a0cro\u00eetre sur l\u2019ensemble du globe<\/a>, notamment dans les pays \u00e9mergents.<\/p>\n<\/div>\n<\/div>\n<\/div>\n<\/div>\n<\/div>\n<\/div>\n<\/div>\n<\/div>\n<\/div>\n","protected":false},"excerpt":{"rendered":"<p>Contrairement \u00e0 ce qu&rsquo;a affirm\u00e9 le d\u00e9put\u00e9 communiste fran\u00e7ais Fabien Roussel, la consommation de viande, en France&#8230;<\/p>\n","protected":false},"author":1,"featured_media":123003,"comment_status":"closed","ping_status":"open","sticky":false,"template":"","format":"standard","meta":{"_acf_changed":false,"footnotes":""},"categories":[171,126,132,138],"tags":[],"class_list":{"0":"post-123008","1":"post","2":"type-post","3":"status-publish","4":"format-standard","5":"has-post-thumbnail","7":"category-economie","8":"category-environnement","9":"category-politique","10":"category-societe"},"acf":{"show_metatags":true,"authors":"Romane Bonnem\u00e9","organization":"RTBF","featured_image_copyright":"","text_copyright":"Copyright: (C)RTBF Radio, Television Belge Francophone, plus d'infos: https:\/\/www.rtbf.be\/cgu\/","source":"https:\/\/www.rtbf.be\/article\/manger-de-la-viande-ne-depend-pas-uniquement-de-ce-que-l-on-a-dans-le-porte-monnaie-11057893","fact_checker":"https:\/\/belux.wpengine.com\/wp-content\/uploads\/2022\/01\/rtbf-logo.jpg","type":"\u00c9v\u00e9nement ferm\u00e9","location":"","start_date":"","start_date_event_begins_at":"","start_date_event_ends_at":"","end_date":"","end_date_event_begins_at":"","end_date_event_ends_at":"","organizer":"","id":"","fact_checker_logo_image":false},"yoast_head":"<!-- This site is optimized with the Yoast SEO plugin v27.0 - https:\/\/yoast.com\/product\/yoast-seo-wordpress\/ -->\n<title>Manger de la viande ne d\u00e9pend pas uniquement de &quot;ce que l\u2019on a dans le porte-monnaie&quot; - EDMO Belux<\/title>\n<meta name=\"robots\" content=\"index, follow, max-snippet:-1, max-image-preview:large, max-video-preview:-1\" \/>\n<link rel=\"canonical\" href=\"https:\/\/belux.edmo.eu\/fr\/manger-de-la-viande-ne-dpend-pas-uniquement-de-ce-que-lon-a-dans-le-porte-monnaie\/\" \/>\n<meta property=\"og:locale\" content=\"fr_FR\" \/>\n<meta property=\"og:type\" content=\"article\" \/>\n<meta property=\"og:title\" content=\"Manger de la viande ne d\u00e9pend pas uniquement de &quot;ce que l\u2019on a dans le porte-monnaie&quot; - EDMO Belux\" \/>\n<meta property=\"og:description\" content=\"Contrairement \u00e0 ce qu&#039;a affirm\u00e9 le d\u00e9put\u00e9 communiste fran\u00e7ais Fabien Roussel, la consommation de viande, en France...\" \/>\n<meta property=\"og:url\" content=\"https:\/\/belux.edmo.eu\/fr\/manger-de-la-viande-ne-dpend-pas-uniquement-de-ce-que-lon-a-dans-le-porte-monnaie\/\" \/>\n<meta property=\"og:site_name\" content=\"EDMO Belux\" \/>\n<meta property=\"article:published_time\" content=\"2022-09-04T00:00:00+00:00\" \/>\n<meta property=\"article:modified_time\" content=\"2022-09-05T14:51:20+00:00\" \/>\n<meta property=\"og:image\" content=\"https:\/\/belux.edmo.eu\/wp-content\/uploads\/2022\/09\/ef8f94395be9fd78b7d0aeecf7864a03-1662123426.jpg\" \/>\n\t<meta property=\"og:image:width\" content=\"770\" \/>\n\t<meta property=\"og:image:height\" content=\"433\" \/>\n\t<meta property=\"og:image:type\" content=\"image\/jpeg\" \/>\n<meta name=\"author\" content=\"master\" \/>\n<meta name=\"twitter:card\" content=\"summary_large_image\" \/>\n<meta name=\"twitter:creator\" content=\"@Edmo_Belux\" \/>\n<meta name=\"twitter:site\" content=\"@Edmo_Belux\" \/>\n<meta name=\"twitter:label1\" content=\"\u00c9crit par\" \/>\n\t<meta name=\"twitter:data1\" content=\"master\" \/>\n\t<meta name=\"twitter:label2\" content=\"Dur\u00e9e de lecture estim\u00e9e\" \/>\n\t<meta name=\"twitter:data2\" content=\"12 minutes\" \/>\n<script type=\"application\/ld+json\" class=\"yoast-schema-graph\">{\"@context\":\"https:\/\/schema.org\",\"@graph\":[{\"@type\":\"Article\",\"@id\":\"https:\/\/belux.edmo.eu\/fr\/manger-de-la-viande-ne-dpend-pas-uniquement-de-ce-que-lon-a-dans-le-porte-monnaie\/#article\",\"isPartOf\":{\"@id\":\"https:\/\/belux.edmo.eu\/fr\/manger-de-la-viande-ne-dpend-pas-uniquement-de-ce-que-lon-a-dans-le-porte-monnaie\/\"},\"author\":{\"name\":\"master\",\"@id\":\"https:\/\/belux.edmo.eu\/#\/schema\/person\/dbe3b252258537fd318f9b5645a30342\"},\"headline\":\"Manger de la viande ne d\u00e9pend pas uniquement de \u00ab\u00a0ce que l\u2019on a dans le porte-monnaie\u00a0\u00bb\",\"datePublished\":\"2022-09-04T00:00:00+00:00\",\"dateModified\":\"2022-09-05T14:51:20+00:00\",\"mainEntityOfPage\":{\"@id\":\"https:\/\/belux.edmo.eu\/fr\/manger-de-la-viande-ne-dpend-pas-uniquement-de-ce-que-lon-a-dans-le-porte-monnaie\/\"},\"wordCount\":2319,\"publisher\":{\"@id\":\"https:\/\/belux.edmo.eu\/#organization\"},\"image\":{\"@id\":\"https:\/\/belux.edmo.eu\/fr\/manger-de-la-viande-ne-dpend-pas-uniquement-de-ce-que-lon-a-dans-le-porte-monnaie\/#primaryimage\"},\"thumbnailUrl\":\"https:\/\/belux.edmo.eu\/wp-content\/uploads\/2022\/09\/ef8f94395be9fd78b7d0aeecf7864a03-1662123426.jpg\",\"articleSection\":[\"Economie\",\"Environnement\",\"Politique\",\"Societe\"],\"inLanguage\":\"fr-FR\"},{\"@type\":\"WebPage\",\"@id\":\"https:\/\/belux.edmo.eu\/fr\/manger-de-la-viande-ne-dpend-pas-uniquement-de-ce-que-lon-a-dans-le-porte-monnaie\/\",\"url\":\"https:\/\/belux.edmo.eu\/fr\/manger-de-la-viande-ne-dpend-pas-uniquement-de-ce-que-lon-a-dans-le-porte-monnaie\/\",\"name\":\"Manger de la viande ne d\u00e9pend pas uniquement de \\\"ce que l\u2019on a dans le porte-monnaie\\\" - EDMO Belux\",\"isPartOf\":{\"@id\":\"https:\/\/belux.edmo.eu\/#website\"},\"primaryImageOfPage\":{\"@id\":\"https:\/\/belux.edmo.eu\/fr\/manger-de-la-viande-ne-dpend-pas-uniquement-de-ce-que-lon-a-dans-le-porte-monnaie\/#primaryimage\"},\"image\":{\"@id\":\"https:\/\/belux.edmo.eu\/fr\/manger-de-la-viande-ne-dpend-pas-uniquement-de-ce-que-lon-a-dans-le-porte-monnaie\/#primaryimage\"},\"thumbnailUrl\":\"https:\/\/belux.edmo.eu\/wp-content\/uploads\/2022\/09\/ef8f94395be9fd78b7d0aeecf7864a03-1662123426.jpg\",\"datePublished\":\"2022-09-04T00:00:00+00:00\",\"dateModified\":\"2022-09-05T14:51:20+00:00\",\"breadcrumb\":{\"@id\":\"https:\/\/belux.edmo.eu\/fr\/manger-de-la-viande-ne-dpend-pas-uniquement-de-ce-que-lon-a-dans-le-porte-monnaie\/#breadcrumb\"},\"inLanguage\":\"fr-FR\",\"potentialAction\":[{\"@type\":\"ReadAction\",\"target\":[\"https:\/\/belux.edmo.eu\/fr\/manger-de-la-viande-ne-dpend-pas-uniquement-de-ce-que-lon-a-dans-le-porte-monnaie\/\"]}]},{\"@type\":\"ImageObject\",\"inLanguage\":\"fr-FR\",\"@id\":\"https:\/\/belux.edmo.eu\/fr\/manger-de-la-viande-ne-dpend-pas-uniquement-de-ce-que-lon-a-dans-le-porte-monnaie\/#primaryimage\",\"url\":\"https:\/\/belux.edmo.eu\/wp-content\/uploads\/2022\/09\/ef8f94395be9fd78b7d0aeecf7864a03-1662123426.jpg\",\"contentUrl\":\"https:\/\/belux.edmo.eu\/wp-content\/uploads\/2022\/09\/ef8f94395be9fd78b7d0aeecf7864a03-1662123426.jpg\",\"width\":770,\"height\":433,\"caption\":\"Manger de la viande ne d\u00e9pend pas uniquement de \\\"ce que l\u2019on a dans le porte-monnaie\\\" - Featured image\"},{\"@type\":\"BreadcrumbList\",\"@id\":\"https:\/\/belux.edmo.eu\/fr\/manger-de-la-viande-ne-dpend-pas-uniquement-de-ce-que-lon-a-dans-le-porte-monnaie\/#breadcrumb\",\"itemListElement\":[{\"@type\":\"ListItem\",\"position\":1,\"name\":\"Home\",\"item\":\"https:\/\/belux.edmo.eu\/fr\/\"},{\"@type\":\"ListItem\",\"position\":2,\"name\":\"Manger de la viande ne d\u00e9pend pas uniquement de &#8220;ce que l\u2019on a dans le porte-monnaie&#8221;\"}]},{\"@type\":\"WebSite\",\"@id\":\"https:\/\/belux.edmo.eu\/#website\",\"url\":\"https:\/\/belux.edmo.eu\/\",\"name\":\"EDMO Belux\",\"description\":\"Monitoring Disinformation in Belgium and Luxembourg\",\"publisher\":{\"@id\":\"https:\/\/belux.edmo.eu\/#organization\"},\"potentialAction\":[{\"@type\":\"SearchAction\",\"target\":{\"@type\":\"EntryPoint\",\"urlTemplate\":\"https:\/\/belux.edmo.eu\/?s={search_term_string}\"},\"query-input\":{\"@type\":\"PropertyValueSpecification\",\"valueRequired\":true,\"valueName\":\"search_term_string\"}}],\"inLanguage\":\"fr-FR\"},{\"@type\":\"Organization\",\"@id\":\"https:\/\/belux.edmo.eu\/#organization\",\"name\":\"EDMO Belux\",\"url\":\"https:\/\/belux.edmo.eu\/\",\"logo\":{\"@type\":\"ImageObject\",\"inLanguage\":\"fr-FR\",\"@id\":\"https:\/\/belux.edmo.eu\/#\/schema\/logo\/image\/\",\"url\":\"https:\/\/belux.edmo.eu\/wp-content\/uploads\/2021\/12\/belux-logo-full-color-rgb.svg\",\"contentUrl\":\"https:\/\/belux.edmo.eu\/wp-content\/uploads\/2021\/12\/belux-logo-full-color-rgb.svg\",\"width\":1,\"height\":1,\"caption\":\"EDMO Belux\"},\"image\":{\"@id\":\"https:\/\/belux.edmo.eu\/#\/schema\/logo\/image\/\"},\"sameAs\":[\"https:\/\/x.com\/Edmo_Belux\"]},{\"@type\":\"Person\",\"@id\":\"https:\/\/belux.edmo.eu\/#\/schema\/person\/dbe3b252258537fd318f9b5645a30342\",\"name\":\"master\",\"sameAs\":[\"https:\/\/belux.wpengine.com\"],\"url\":\"https:\/\/belux.edmo.eu\/fr\/author\/master\/\"}]}<\/script>\n<!-- \/ Yoast SEO plugin. -->","yoast_head_json":{"title":"Manger de la viande ne d\u00e9pend pas uniquement de \"ce que l\u2019on a dans le porte-monnaie\" - EDMO Belux","robots":{"index":"index","follow":"follow","max-snippet":"max-snippet:-1","max-image-preview":"max-image-preview:large","max-video-preview":"max-video-preview:-1"},"canonical":"https:\/\/belux.edmo.eu\/fr\/manger-de-la-viande-ne-dpend-pas-uniquement-de-ce-que-lon-a-dans-le-porte-monnaie\/","og_locale":"fr_FR","og_type":"article","og_title":"Manger de la viande ne d\u00e9pend pas uniquement de \"ce que l\u2019on a dans le porte-monnaie\" - EDMO Belux","og_description":"Contrairement \u00e0 ce qu'a affirm\u00e9 le d\u00e9put\u00e9 communiste fran\u00e7ais Fabien Roussel, la consommation de viande, en France...","og_url":"https:\/\/belux.edmo.eu\/fr\/manger-de-la-viande-ne-dpend-pas-uniquement-de-ce-que-lon-a-dans-le-porte-monnaie\/","og_site_name":"EDMO Belux","article_published_time":"2022-09-04T00:00:00+00:00","article_modified_time":"2022-09-05T14:51:20+00:00","og_image":[{"width":770,"height":433,"url":"https:\/\/belux.edmo.eu\/wp-content\/uploads\/2022\/09\/ef8f94395be9fd78b7d0aeecf7864a03-1662123426.jpg","type":"image\/jpeg"}],"author":"master","twitter_card":"summary_large_image","twitter_creator":"@Edmo_Belux","twitter_site":"@Edmo_Belux","twitter_misc":{"\u00c9crit par":"master","Dur\u00e9e de lecture estim\u00e9e":"12 minutes"},"schema":{"@context":"https:\/\/schema.org","@graph":[{"@type":"Article","@id":"https:\/\/belux.edmo.eu\/fr\/manger-de-la-viande-ne-dpend-pas-uniquement-de-ce-que-lon-a-dans-le-porte-monnaie\/#article","isPartOf":{"@id":"https:\/\/belux.edmo.eu\/fr\/manger-de-la-viande-ne-dpend-pas-uniquement-de-ce-que-lon-a-dans-le-porte-monnaie\/"},"author":{"name":"master","@id":"https:\/\/belux.edmo.eu\/#\/schema\/person\/dbe3b252258537fd318f9b5645a30342"},"headline":"Manger de la viande ne d\u00e9pend pas uniquement de \u00ab\u00a0ce que l\u2019on a dans le porte-monnaie\u00a0\u00bb","datePublished":"2022-09-04T00:00:00+00:00","dateModified":"2022-09-05T14:51:20+00:00","mainEntityOfPage":{"@id":"https:\/\/belux.edmo.eu\/fr\/manger-de-la-viande-ne-dpend-pas-uniquement-de-ce-que-lon-a-dans-le-porte-monnaie\/"},"wordCount":2319,"publisher":{"@id":"https:\/\/belux.edmo.eu\/#organization"},"image":{"@id":"https:\/\/belux.edmo.eu\/fr\/manger-de-la-viande-ne-dpend-pas-uniquement-de-ce-que-lon-a-dans-le-porte-monnaie\/#primaryimage"},"thumbnailUrl":"https:\/\/belux.edmo.eu\/wp-content\/uploads\/2022\/09\/ef8f94395be9fd78b7d0aeecf7864a03-1662123426.jpg","articleSection":["Economie","Environnement","Politique","Societe"],"inLanguage":"fr-FR"},{"@type":"WebPage","@id":"https:\/\/belux.edmo.eu\/fr\/manger-de-la-viande-ne-dpend-pas-uniquement-de-ce-que-lon-a-dans-le-porte-monnaie\/","url":"https:\/\/belux.edmo.eu\/fr\/manger-de-la-viande-ne-dpend-pas-uniquement-de-ce-que-lon-a-dans-le-porte-monnaie\/","name":"Manger de la viande ne d\u00e9pend pas uniquement de \"ce que l\u2019on a dans le porte-monnaie\" - EDMO Belux","isPartOf":{"@id":"https:\/\/belux.edmo.eu\/#website"},"primaryImageOfPage":{"@id":"https:\/\/belux.edmo.eu\/fr\/manger-de-la-viande-ne-dpend-pas-uniquement-de-ce-que-lon-a-dans-le-porte-monnaie\/#primaryimage"},"image":{"@id":"https:\/\/belux.edmo.eu\/fr\/manger-de-la-viande-ne-dpend-pas-uniquement-de-ce-que-lon-a-dans-le-porte-monnaie\/#primaryimage"},"thumbnailUrl":"https:\/\/belux.edmo.eu\/wp-content\/uploads\/2022\/09\/ef8f94395be9fd78b7d0aeecf7864a03-1662123426.jpg","datePublished":"2022-09-04T00:00:00+00:00","dateModified":"2022-09-05T14:51:20+00:00","breadcrumb":{"@id":"https:\/\/belux.edmo.eu\/fr\/manger-de-la-viande-ne-dpend-pas-uniquement-de-ce-que-lon-a-dans-le-porte-monnaie\/#breadcrumb"},"inLanguage":"fr-FR","potentialAction":[{"@type":"ReadAction","target":["https:\/\/belux.edmo.eu\/fr\/manger-de-la-viande-ne-dpend-pas-uniquement-de-ce-que-lon-a-dans-le-porte-monnaie\/"]}]},{"@type":"ImageObject","inLanguage":"fr-FR","@id":"https:\/\/belux.edmo.eu\/fr\/manger-de-la-viande-ne-dpend-pas-uniquement-de-ce-que-lon-a-dans-le-porte-monnaie\/#primaryimage","url":"https:\/\/belux.edmo.eu\/wp-content\/uploads\/2022\/09\/ef8f94395be9fd78b7d0aeecf7864a03-1662123426.jpg","contentUrl":"https:\/\/belux.edmo.eu\/wp-content\/uploads\/2022\/09\/ef8f94395be9fd78b7d0aeecf7864a03-1662123426.jpg","width":770,"height":433,"caption":"Manger de la viande ne d\u00e9pend pas uniquement de \"ce que l\u2019on a dans le porte-monnaie\" - Featured image"},{"@type":"BreadcrumbList","@id":"https:\/\/belux.edmo.eu\/fr\/manger-de-la-viande-ne-dpend-pas-uniquement-de-ce-que-lon-a-dans-le-porte-monnaie\/#breadcrumb","itemListElement":[{"@type":"ListItem","position":1,"name":"Home","item":"https:\/\/belux.edmo.eu\/fr\/"},{"@type":"ListItem","position":2,"name":"Manger de la viande ne d\u00e9pend pas uniquement de &#8220;ce que l\u2019on a dans le porte-monnaie&#8221;"}]},{"@type":"WebSite","@id":"https:\/\/belux.edmo.eu\/#website","url":"https:\/\/belux.edmo.eu\/","name":"EDMO Belux","description":"Monitoring Disinformation in Belgium and Luxembourg","publisher":{"@id":"https:\/\/belux.edmo.eu\/#organization"},"potentialAction":[{"@type":"SearchAction","target":{"@type":"EntryPoint","urlTemplate":"https:\/\/belux.edmo.eu\/?s={search_term_string}"},"query-input":{"@type":"PropertyValueSpecification","valueRequired":true,"valueName":"search_term_string"}}],"inLanguage":"fr-FR"},{"@type":"Organization","@id":"https:\/\/belux.edmo.eu\/#organization","name":"EDMO Belux","url":"https:\/\/belux.edmo.eu\/","logo":{"@type":"ImageObject","inLanguage":"fr-FR","@id":"https:\/\/belux.edmo.eu\/#\/schema\/logo\/image\/","url":"https:\/\/belux.edmo.eu\/wp-content\/uploads\/2021\/12\/belux-logo-full-color-rgb.svg","contentUrl":"https:\/\/belux.edmo.eu\/wp-content\/uploads\/2021\/12\/belux-logo-full-color-rgb.svg","width":1,"height":1,"caption":"EDMO Belux"},"image":{"@id":"https:\/\/belux.edmo.eu\/#\/schema\/logo\/image\/"},"sameAs":["https:\/\/x.com\/Edmo_Belux"]},{"@type":"Person","@id":"https:\/\/belux.edmo.eu\/#\/schema\/person\/dbe3b252258537fd318f9b5645a30342","name":"master","sameAs":["https:\/\/belux.wpengine.com"],"url":"https:\/\/belux.edmo.eu\/fr\/author\/master\/"}]}},"menu_order":0,"_links":{"self":[{"href":"https:\/\/belux.edmo.eu\/fr\/wp-json\/wp\/v2\/posts\/123008","targetHints":{"allow":["GET"]}}],"collection":[{"href":"https:\/\/belux.edmo.eu\/fr\/wp-json\/wp\/v2\/posts"}],"about":[{"href":"https:\/\/belux.edmo.eu\/fr\/wp-json\/wp\/v2\/types\/post"}],"author":[{"embeddable":true,"href":"https:\/\/belux.edmo.eu\/fr\/wp-json\/wp\/v2\/users\/1"}],"replies":[{"embeddable":true,"href":"https:\/\/belux.edmo.eu\/fr\/wp-json\/wp\/v2\/comments?post=123008"}],"version-history":[{"count":0,"href":"https:\/\/belux.edmo.eu\/fr\/wp-json\/wp\/v2\/posts\/123008\/revisions"}],"wp:featuredmedia":[{"embeddable":true,"href":"https:\/\/belux.edmo.eu\/fr\/wp-json\/wp\/v2\/media\/123003"}],"wp:attachment":[{"href":"https:\/\/belux.edmo.eu\/fr\/wp-json\/wp\/v2\/media?parent=123008"}],"wp:term":[{"taxonomy":"category","embeddable":true,"href":"https:\/\/belux.edmo.eu\/fr\/wp-json\/wp\/v2\/categories?post=123008"},{"taxonomy":"post_tag","embeddable":true,"href":"https:\/\/belux.edmo.eu\/fr\/wp-json\/wp\/v2\/tags?post=123008"}],"curies":[{"name":"wp","href":"https:\/\/api.w.org\/{rel}","templated":true}]}}