{"id":150761,"date":"2022-09-23T07:00:53","date_gmt":"2022-09-23T07:00:53","guid":{"rendered":"https:\/\/belux.edmo.eu\/?p=150761"},"modified":"2022-09-30T08:27:57","modified_gmt":"2022-09-30T08:27:57","slug":"arn-messager-retrouve-dans-du-lait-maternel-linquietude-de-certains-anti-vaccins-est-infondee","status":"publish","type":"post","link":"https:\/\/belux.edmo.eu\/fr\/arn-messager-retrouve-dans-du-lait-maternel-linquietude-de-certains-anti-vaccins-est-infondee\/","title":{"rendered":"ARN messager retrouv\u00e9 dans du lait maternel : \u00ab\u00a0l\u2019inqui\u00e9tude\u00a0\u00bb de certains anti-vaccins est infond\u00e9e"},"content":{"rendered":"<p><strong>Suite \u00e0 la publication d\u2019un article scientifique\u00a0mettant en \u00e9vidence\u00a0la pr\u00e9sence d\u2019ARN messager des vaccins contre le Covid-19\u00a0dans certains \u00e9chantillons de\u00a0lait maternel, de nombreux messages d\u2019alerte de\u00a0personnalit\u00e9s ouvertement anti-vaccins\u00a0se multiplient sur les r\u00e9seaux sociaux. L\u2019\u00e9ventuel\u00a0\u00ab\u00a0danger\u00a0\u00bb sur la sant\u00e9 du nourrisson qu\u2019ils d\u00e9noncent est pourtant\u00a0\u00e9cart\u00e9 tant\u00a0par les auteurs de ce\u00a0m\u00eame article\u00a0que par la communaut\u00e9 scientifique.<\/strong><\/p>\n<div class=\"box-border flex w-full max-w-row flex-wrap justify-center bg-background-light dark:bg-background-dark py-6 sm:py-8 md:py-12\">\n<div class=\"container box-border max-w-container max-w-[720px] py-10 px-6 sm:py-8 sm:px-8 md:py-12 md:px-12\">\n<div class=\"max-w-none text-content-900 prose leading-loose dark:text-content-100 dark:prose-headings:text-content-100 dark:prose-a:bg-navy-blue-700 dark:prose-a:text-navy-blue-100 dark:prose-a:visited:bg-navy-blue-700 dark:prose-a:visited:text-teal-200 dark:prose-a:hover:bg-navy-blue-500 dark:prose-a:hover:text-navy-blue-100 dark:prose-a:focus:outline-focus dark:prose-blockquote:text-sand-100 dark:prose-code:text-sand-100 dark:prose-pre:bg-[#1f2227] dark:prose-pre:text-[#639bee] dark:prose-li:before:text-primary dark:prose-thead:bg-purple-500 dark:prose-thead:text-primary dark:prose-tr:border-b-purple-500 dark:prose-hr:border-navy-blue-800 md:prose-md lg:prose-lg lg:prose-h1:text-36 lg:prose-h1:leading-[2.75rem] lg:prose-h2:text-28 lg:prose-h2:leading-[2.125rem] lg:prose-h3:text-24 lg:prose-h3:leading-[1.8125rem] lg:prose-p:text-16 lg:prose-p:leading-32 lg:prose-blockquote:py-60 lg:prose-blockquote:pr-[5rem] lg:prose-blockquote:pl-[6rem]\">\n<div>\n<p>Face \u00e0 la\u00a0nouvelle vague de Covid-19\u00a0<a href=\"https:\/\/www.rtbf.be\/article\/sciensano-s-attend-a-une-nouvelle-vague-de-covid-19-mi-octobre-dont-l-ampleur-dependra-du-succes-de-la-vaccination-11072563\">pr\u00e9vue par certains experts pour mi-octobre en Belgique<\/a>, la vaccination reste selon eux, l\u2019arme la plus efficace pour limiter son ampleur, \u00e0 ce stade. Pourtant, les r\u00e9fractaires aux vaccins restent mobilis\u00e9s, notamment sur les r\u00e9seaux sociaux, pointant du doigt les d\u00e9rives que ces injections\u00a0pourraient engendrer sur la sant\u00e9 humaine, et en particulier celle des nouveau-n\u00e9s.<\/p>\n<p>A ce titre, plusieurs personnalit\u00e9s covido-spectiques ont massivement relay\u00e9 sur internet (<a href=\"https:\/\/archive.ph\/aMCms\">ici<\/a>,\u00a0<a href=\"https:\/\/archive.ph\/zyfRn\">ici<\/a>,\u00a0<a href=\"https:\/\/archive.ph\/PjVZS\">l\u00e0<\/a>\u00a0ou\u00a0<a href=\"https:\/\/archive.ph\/tRfDi\">l\u00e0<\/a>) les r\u00e9sultats d\u2019<a href=\"https:\/\/jamanetwork.com\/journals\/jamapediatrics\/fullarticle\/2796427?guestAccessKey=1c13d17c-1c25-4828-b261-9f321e5126a1&amp;utm_source=twitter&amp;utm_medium=social_jamapeds&amp;utm_term=7701881843&amp;utm_campaign=article_alert&amp;linkId=183092079\">une \u00e9tude scientifique publi\u00e9e le 26\u00a0septembre dernier dans la revue am\u00e9ricaine Jama Pediatrics<\/a>\u00a0qui r\u00e9v\u00e8le pour la premi\u00e8re fois la pr\u00e9sence de trace d\u2019ARN messager (ARNm) dans le lait maternel de femmes r\u00e9cemment vaccin\u00e9es.<\/p>\n<p>Parmi eux, Alexandra Henrion-Caude, ancienne\u00a0g\u00e9n\u00e9ticienne \u00e0\u00a0l\u2019Institut national de la sant\u00e9 et de la recherche m\u00e9dicale (France), d\u00e9sormais\u00a0<a href=\"https:\/\/www.lemonde.fr\/societe\/article\/2021\/06\/14\/alexandra-henrion-caude-caution-scientifique-des-covido-sceptiques_6084016_3224.html\">figure de proue du mouvement antivaccin<\/a>, partage cette \u00e9tude sur son compte Twitter, suivi\u00a0par plus de 107.000 abonn\u00e9s, avec\u00a0ce message\u00a0: \u00ab\u00a0<em>Je continuerai \u00e0 ALERTER les femmes enceintes &amp; celles qui allaitent\u00a0!<\/em>\u00ab\u00a0.<\/p>\n<p>Qu\u2019en est-il dans les faits\u00a0: cette \u00e9tude met-elle vraiment en garde les m\u00e8res d\u2019allaiter\u00a0leurs nouveau-n\u00e9s\u00a0? Ce ne sont pas les conclusions tir\u00e9es\u00a0par les auteurs de cette m\u00eame \u00e9tude, comme celles du\u00a0reste de la communaut\u00e9 scientifique.<\/p>\n<\/div>\n<\/div>\n<\/div>\n<\/div>\n<div class=\"box-border flex w-full max-w-row flex-wrap justify-center bg-background-light dark:bg-background-dark py-6 sm:py-8 md:py-12\">\n<div class=\"container box-border max-w-container max-w-[720px] py-10 px-6 sm:py-8 sm:px-8 md:py-12 md:px-12\">\n<div class=\"grid w-full grid-cols-1 rounded-md bg-card-light p-16 shadow-base dark:bg-card-dark md:p-20\">\n<div class=\"relative w-full undefined\">\n<div class=\"image_img-container--responsive-auto__gEj1I\"><img class=\"image_img--responsive-auto__4s6x1\" src=\"https:\/\/ds.static.rtbf.be\/article\/image\/1920xAuto\/e\/5\/b\/e9d36f808f1dda1039aa9b194ba12104-1664461460.png\" sizes=\"(min-width: 760px) 656px, calc(90.91vw - 17px)\" srcset=\"https:\/\/ds.static.rtbf.be\/article\/image\/180xAuto\/e\/5\/b\/e9d36f808f1dda1039aa9b194ba12104-1664461460.png 180w, https:\/\/ds.static.rtbf.be\/article\/image\/370xAuto\/e\/5\/b\/e9d36f808f1dda1039aa9b194ba12104-1664461460.png 370w, https:\/\/ds.static.rtbf.be\/article\/image\/770xAuto\/e\/5\/b\/e9d36f808f1dda1039aa9b194ba12104-1664461460.png 770w, https:\/\/ds.static.rtbf.be\/article\/image\/1248xAuto\/e\/5\/b\/e9d36f808f1dda1039aa9b194ba12104-1664461460.png 1248w, https:\/\/ds.static.rtbf.be\/article\/image\/1920xAuto\/e\/5\/b\/e9d36f808f1dda1039aa9b194ba12104-1664461460.png 1920w\" alt=\"\" data-nimg=\"fill\" \/><\/div>\n<\/div>\n<div class=\"pt-16 dark:text-white\"><em><span class=\"text-14 font-normal italic leading-normal\">Capture d\u2019\u00e9cran Twitter<\/span><\/em><\/div>\n<\/div>\n<h2>Que dit cette \u00e9tude ?<\/h2>\n<p><span class=\"BCX0 SCXW69662608 TextRun\"><span class=\"BCX0 NormalTextRun SCXW69662608\"><a href=\"https:\/\/jamanetwork.com\/journals\/jamapediatrics\/fullarticle\/2796427?guestAccessKey=1c13d17c-1c25-4828-b261-9f321e5126a1&amp;utm_source=twitter&amp;utm_medium=social_jamapeds&amp;utm_term=7701881843&amp;utm_campaign=article_alert&amp;linkId=183092079\">L\u2019\u00e9tude de Jama Pediatrics<\/a>\u00a0porte sur onze\u00a0jeunes m\u00e8res allaitantes qui ont re\u00e7u soit le vaccin Moderna soit celui de\u00a0Pfizer, et avaient pour consigne de pr\u00e9lever leur\u00a0lait\u00a0un jour avant puis durant\u00a0les cinq jours post-vaccination.\u00a0<\/span><span class=\"BCX0 NormalTextRun SCXW69662608\">Sur les 131 \u00e9chantillons de lait maternel recueillis,\u00a0<\/span><span class=\"BCX0 NormalTextRun SCXW69662608\">sept d\u2019entre eux ont r\u00e9v\u00e9l\u00e9 la pr\u00e9sence de l\u2019ARNm, appartenant<strong>\u00a0<\/strong>\u00e0 cinq des participantes.<\/span><\/span><\/p>\n<p><span class=\"BCX0 SCXW69662608 TextRun\"><span class=\"BCX0 NormalTextRun SCXW69662608\">Pour rappel, l\u2019ARNm est \u00ab\u00a0<em>l<\/em><\/span><\/span><em><span class=\"BCX0 SCXW13074814 TextRun\"><span class=\"BCX0 NormalTextRun SCXW13074814\">\u2019information g\u00e9n\u00e9tique qui permet \u00e0 la personne vaccin\u00e9e de produire la prot\u00e9ine Spike du vaccin.\u00a0<\/span><\/span>Cette prot\u00e9ine est la cible du vaccin et va activer la production d\u2019anticorps (anti-Spike)\u00a0<span class=\"BCX0 SCXW13074814 TextRun\"><span class=\"BCX0 NormalTextRun SCXW13074814\">une fois arriv\u00e9e dans les ganglions\u00a0<\/span><\/span><span class=\"BCX0 SCXW13074814 TextRun\"><span class=\"BCX0 NormalTextRun SCXW13074814\">gr\u00e2ce aux<\/span><\/span><\/em><em>\u00a0cellules du syst\u00e8me immunitaire<\/em>\u00ab\u00a0, explique l\u2019immunologue \u00e0 l\u2019Universit\u00e9 libre de Bruxelles (ULB), Muriel Moser.<\/p>\n<p>Par ailleurs, cette \u00e9tude montre que l<span class=\"BCX0 SCXW126770922 TextRun\"><span class=\"BCX0 NormalTextRun SCXW126770922\">es d\u00e9tections de l\u2019ARNm sont circonscrites dans le temps\u00a0: \u00ab\u00a0<em>aucun ARNm du vaccin n\u2019a \u00e9t\u00e9 d\u00e9tect\u00e9 dans les \u00e9chantillons<\/em>\u00a0[<\/span><span class=\"BCX0 NormalTextRun SCXW126770922 SpellingErrorV2Themed\">pr\u00e9lev\u00e9s<\/span><span class=\"BCX0 NormalTextRun SCXW126770922\">]\u00a0<em>pr\u00e9vaccination ou post-vaccination au-del\u00e0 de 48\u00a0heures de collecte<\/em>\u00ab\u00a0.<\/span><\/span><\/p>\n<p><span class=\"BCX0 SCXW122526362 TextRun\"><span class=\"BCX0 NormalTextRun SCXW122526362\">Les auteurs de cette \u00e9tude font ainsi preuve de\u00a0prudence\u00a0en insistant sur ce d\u00e9lai de deux jours post-vaccination\u00a0:\u00a0<\/span><\/span><span class=\"BCX0 SCXW58045868 TextRun\"><span class=\"BCX0 NormalTextRun SCXW58045868\">\u00ab\u00a0<em>il convient d\u2019\u00eatre prudent quant \u00e0 l\u2019allaitement d\u2019enfants de moins de 6 mois dans les 48\u00a0heures suivant la vaccination maternelle, jusqu\u2019\u00e0 ce que d\u2019autres \u00e9tudes de s\u00e9curit\u00e9 soient men\u00e9es<\/em>\u00ab\u00a0.<\/span><\/span><\/p>\n<p><span class=\"BCX0 SCXW58045868 TextRun\"><span class=\"BCX0 NormalTextRun SCXW58045868\">Il n\u2019en fallait pas moins pour que certains internautes anti-vaccins fassent de cette phrase la conclusion g\u00e9n\u00e9rale de l\u2019\u00e9tude.<\/span><\/span><\/p>\n<h2>Allaitement post-vaccination \u00ab\u00a0sans danger\u00a0\u00bb selon cette \u00e9tude<\/h2>\n<p>Doit-on s\u2019inqui\u00e9ter de la pr\u00e9sence de l\u2019ARNm dans le lait maternel pour la sant\u00e9 du nourrisson allait\u00e9, comme le pr\u00e9tendent ces internautes covido-spectiques\u00a0? \u00ab\u00a0<em>Pas du tout<\/em>, r\u00e9pond Muriel Mosel,\u00a0<em>et ce pour deux raisons<\/em>\u00ab\u00a0.<\/p>\n<p>D\u2019abord, les quantit\u00e9s d\u2019ARNm retrouv\u00e9es dans le lait maternel sont trop infimes pour que celui-ci puisse produire une quelconque prot\u00e9ine \u00ab\u00a0Spike\u00a0\u00bb chez le nouveau-n\u00e9 allait\u00e9 et ainsi entra\u00eener une r\u00e9ponse immunitaire. En effet, la quantit\u00e9 moyenne d\u2019ARNm retrouv\u00e9 dans le lait est de l\u2019ordre de 9.1 picogrammes par millilitres comme l\u2019indique l\u2019\u00e9tude. \u00ab\u00a0<em>Cela<\/em><em>\u00a0fait 9 nanogrammes par litre de lait par jour<\/em>, soit<em>\u00a0entre\u00a03000 et\u00a010.000 fois moins que la quantit\u00e9 inject\u00e9e pour la vaccination avec Pfizer ou\u00a0Moderna<\/em>\u00a0\u00bb a calcul\u00e9\u00a0Muriel Moser. Elle ajoute\u00a0qu'\u00a0\u00bb<em>a<\/em><em>vec cette \u00e9chelle de grandeur,\u00a0<\/em><span class=\"BCX0 SCXW223375084 TextRun\"><em><span class=\"BCX0 ContextualSpellingAndGrammarErrorV2Themed NormalTextRun SCXW223375084\">on<\/span><span class=\"BCX0 NormalTextRun SCXW223375084\">\u00a0ne voit pas tr\u00e8s\u00a0<\/span><span class=\"BCX0 NormalTextRun SCXW223375084 SpellingErrorV2Themed\">tr\u00e8s<\/span><\/em><span class=\"BCX0 NormalTextRun SCXW223375084\"><em>\u00a0bien comment il pourrait y avoir une prot\u00e9ine exprim\u00e9e<\/em>\u00ab\u00a0.<\/span><\/span><\/p>\n<p>Une\u00a0immunologue de l\u2019Imperial College de Londres\u00a0<a href=\"https:\/\/twitter.com\/VikiLovesFACS\/status\/1574663804801388547?ref_src=twsrc%5Etfw%7Ctwcamp%5Etweetembed%7Ctwterm%5E1574663804801388547%7Ctwgr%5Ef2a7bc8411d329ce57811b557c2b70cbd06dd4a3%7Ctwcon%5Es1_&amp;ref_url=https%3A%2F%2Fpublish.twitter.com%2F%3FhideConversation%3Donquery%3Dhttps3A2F2Ftwitter.com2FVikiLovesFACS2Fstatus2F1574663804801388547theme%3Ddarkwidget%3DTweet\" target=\"_blank\" rel=\"noopener\">indique<\/a>\u00a0par\u00a0ailleurs que ces microtraces d\u2019ARNm dans le lait maternel \u00e9quivalent \u00e0 \u00ab\u00a0<em>une seule larme dans une piscine olympique<\/em>\u00ab\u00a0.<\/p>\n<p>Outre les quantit\u00e9s infimes d\u2019ARNm retrouv\u00e9es dans le lait maternel, la seconde raison de ne pas s\u2019inqui\u00e9ter\u00a0tient \u00e0\u00a0l\u2019acidit\u00e9 du syst\u00e8me digestif du nourrisson. En effet, une fois ing\u00e9r\u00e9e le lait traverse le tube digestif du nouveau-n\u00e9 dont le pH\u00a0(\u00ab\u00a0Potentiel hydrog\u00e8ne\u00a0\u00bb) est tr\u00e8s acide, \u00ab\u00a0<em>de l\u2019ordre de 1,5 \u00e0 2<\/em>\u00a0\u00bb d\u2019apr\u00e8s Muriel Moser. \u00ab\u00a0<em>En arrivant dans l\u2019estomac du nourrisson, l\u2019ARNm sera donc compl\u00e8tement d\u00e9grad\u00e9<\/em>\u00a0\u00bb ajoute l\u2019immunologue de l\u2019ULB.<\/p>\n<p><span class=\"BCX0 SCXW122526362 TextRun\"><span class=\"BCX0 NormalTextRun SCXW122526362\">Au vu de<\/span><span class=\"BCX0 NormalTextRun SCXW122526362\">\u00a0ces r\u00e9sultats, les\u00a0<\/span><span class=\"BCX0 NormalTextRun SCXW122526362\">auteurs de l\u2019<a href=\"https:\/\/jamanetwork.com\/journals\/jamapediatrics\/fullarticle\/2796427?guestAccessKey=1c13d17c-1c25-4828-b261-9f321e5126a1&amp;utm_source=twitter&amp;utm_medium=social_jamapeds&amp;utm_term=7701881843&amp;utm_campaign=article_alert&amp;linkId=183092079\">\u00e9tude de Jama Pediatrics<\/a>\u00a0esti<\/span><span class=\"BCX0 NormalTextRun SCXW122526362\">ment que,\u00a0<\/span><span class=\"BCX0 NormalTextRun SCXW122526362\">contrairement \u00e0 l\u2019interpr\u00e9tation faite par ces internautes antivaccins, la pr\u00e9sence potentielle d\u2019ARNm dans le lait maternel n\u2019est pas consid\u00e9r\u00e9e comme inqui\u00e9tante\u00a0pour la sant\u00e9 de l\u2019enfant allait\u00e9<\/span><span class=\"BCX0 NormalTextRun SCXW122526362\">.<\/span><\/span><\/p>\n<p><span class=\"BCX0 SCXW122526362 TextRun\"><span class=\"BCX0 NormalTextRun SCXW122526362\">Les auteurs \u00e9crivent clairement dans la conclusion de leur \u00e9tude\u00a0:\u00a0<\/span><span class=\"BCX0 NormalTextRun SCXW122526362\">\u00ab\u00a0<em>La pr\u00e9sence sporadique et les quantit\u00e9s infimes d\u2019ARNm du vaccin Covid-19 d\u00e9tect\u00e9es dans les<\/em>\u00a0[\u00e9chantillons]\u00a0<em>sugg\u00e8rent que l\u2019allaitement apr\u00e8s une vaccination \u00e0 l\u2019ARNm du Covid-19 est sans danger, en particulier au-del\u00e0 de 48\u00a0heures apr\u00e8s la vaccination<\/em>\u00ab\u00a0<\/span><span class=\"BCX0 NormalTextRun SCXW122526362\">.<\/span><\/span><\/p>\n<h2 class=\"text-purple-900 dark:text-white\">Un consensus scientifique en faveur de l\u2019allaitement post-vaccination<\/h2>\n<\/div>\n<div>\n<p><span class=\"BCX0 SCXW76156034 TextRun\"><span class=\"BCX0 NormalTextRun SCXW76156034\">Bien avant la publication de cet article, l\u2019hypoth\u00e8se d\u2019une pr\u00e9sence de l\u2019ARN messager dans le lait maternel n\u2019\u00e9tait pourtant pas exclue, sans pour autant inqui\u00e9ter les\u00a0experts<\/span><span class=\"BCX0 NormalTextRun SCXW76156034\">. En effet, comme on peut le lire dans\u00a0<\/span><\/span><a class=\"Hyperlink SCXW76156034 BCX0\" href=\"https:\/\/www.health.belgium.be\/sites\/default\/files\/uploads\/fields\/fpshealth_theme_file\/20210623_css-9622_vaccination_femme_enceinte_allaitante_vweb.pdf\" target=\"_blank\" rel=\"noreferrer noopener\"><span class=\"BCX0 SCXW76156034 TextRun Underlined\"><span class=\"BCX0 NormalTextRun SCXW76156034\">l\u2019avis 9622 du SPF Sant\u00e9 publique de\u00a0<\/span><span class=\"BCX0 NormalTextRun SCXW76156034\">d\u00e9cembre\u00a02020<\/span><\/span><\/a><span class=\"BCX0 SCXW76156034 TextRun\"><span class=\"BCX0 NormalTextRun SCXW76156034\">\u00a0: \u00ab\u00a0<em>si\u00a0<\/em><\/span><em><span class=\"BCX0 NormalTextRun SCXW76156034\">l\u2019ARNm ou<\/span><\/em><span class=\"BCX0 NormalTextRun SCXW76156034\">\u00a0[les]\u00a0<\/span><em><span class=\"BCX0 NormalTextRun SCXW76156034\">prot\u00e9ines Spike vaccinaux<\/span><span class=\"BCX0 NormalTextRun SCXW76156034\">\u00a0devaient passer dans le lait maternel,<\/span><\/em><span class=\"BCX0 NormalTextRun SCXW76156034\">\u00a0[ils]\u00a0<\/span><span class=\"BCX0 NormalTextRun SCXW76156034\"><em>seraient vraisemblablement d\u00e9truits dans le tube digestif du nouveau-n\u00e9 (ARNm) et\/ou n\u2019y auraient aucun effet d\u00e9l\u00e9t\u00e8re (prot\u00e9ine Spike)<\/em>\u00ab\u00a0.<\/span><\/span><\/p>\n<p><span class=\"BCX0 SCXW76156034 TextRun\"><span class=\"BCX0 NormalTextRun SCXW76156034\">En France \u00e9galement,\u00a0<a href=\"https:\/\/sfpt-fr.org\/faq-vaccins#article-id-1511\">la Haute Autorit\u00e9 de Sant\u00e9<\/a>\u00a0(HAS)\u00a0<\/span><\/span>stipulait avant la parution de cette \u00e9tude\u00a0que \u00ab\u00a0<em>la vaccination par un vaccin \u00e0 ARNm est envisageable chez une femme qui allaite<\/em>\u00ab\u00a0. La HAS\u00a0se basait\u00a0notamment\u00a0sur les r\u00e9sultats d\u2019une\u00a0<a href=\"https:\/\/pubmed.ncbi.nlm.nih.gov\/35087517\/\">\u00e9tude singapourienne<\/a>\u00a0publi\u00e9e en janvier\u00a02022 qui\u00a0r\u00e9v\u00e8le qu'\u00a0\u00bb<em>aucun des enfants<\/em>\u00a0<span class=\"BCX0 SCXW76156034 TextRun\"><span class=\"BCX0 NormalTextRun SCXW76156034\">[allait\u00e9s\u00a0<\/span><\/span>par les 35 femmes participantes<span class=\"BCX0 SCXW76156034 TextRun\"><span class=\"BCX0 NormalTextRun SCXW76156034\">]<\/span><\/span>\u00a0<em>ne pr\u00e9sentait d\u2019ARNm dans le sang, probablement gr\u00e2ce \u00e0 une d\u00e9gradation dans le syst\u00e8me digestif<\/em>\u00ab\u00a0.<\/p>\n<p>Quid des autres vaccins\u00a0? La conclusion est la m\u00eame pour les vaccins dits \u00e0 ad\u00e9novirus, tels que le Vaxzeria (ex-AstraZeneca). \u00ab\u00a0<em>L<\/em><em>\u2019ad\u00e9novirus recombinant\u00a0serait aussi d\u00e9grad\u00e9 dans le syst\u00e8me digestif<\/em>\u00a0\u00bb indique ainsi Muriel Moser.<\/p>\n<div class=\"box-border flex w-full max-w-row flex-wrap justify-center bg-background-light dark:bg-background-dark py-6 sm:py-8 md:py-12\">\n<div class=\"container box-border max-w-container max-w-[720px] py-10 px-6 sm:py-8 sm:px-8 md:py-12 md:px-12\">\n<div class=\"max-w-none text-content-900 prose leading-loose dark:text-content-100 dark:prose-headings:text-content-100 dark:prose-a:bg-navy-blue-700 dark:prose-a:text-navy-blue-100 dark:prose-a:visited:bg-navy-blue-700 dark:prose-a:visited:text-teal-200 dark:prose-a:hover:bg-navy-blue-500 dark:prose-a:hover:text-navy-blue-100 dark:prose-a:focus:outline-focus dark:prose-blockquote:text-sand-100 dark:prose-code:text-sand-100 dark:prose-pre:bg-[#1f2227] dark:prose-pre:text-[#639bee] dark:prose-li:before:text-primary dark:prose-thead:bg-purple-500 dark:prose-thead:text-primary dark:prose-tr:border-b-purple-500 dark:prose-hr:border-navy-blue-800 md:prose-md lg:prose-lg lg:prose-h1:text-36 lg:prose-h1:leading-[2.75rem] lg:prose-h2:text-28 lg:prose-h2:leading-[2.125rem] lg:prose-h3:text-24 lg:prose-h3:leading-[1.8125rem] lg:prose-p:text-16 lg:prose-p:leading-32 lg:prose-blockquote:py-60 lg:prose-blockquote:pr-[5rem] lg:prose-blockquote:pl-[6rem]\">\n<h2 class=\"text-purple-900 dark:text-white\">L\u2019immunit\u00e9 au SARS-COV 2 via le lait maternel<\/h2>\n<\/div>\n<\/div>\n<\/div>\n<div class=\"box-border flex w-full max-w-row flex-wrap justify-center bg-background-light dark:bg-background-dark py-6 sm:py-8 md:py-12\">\n<div class=\"container box-border max-w-container max-w-[720px] py-10 px-6 sm:py-8 sm:px-8 md:py-12 md:px-12\">\n<div class=\"max-w-none text-content-900 prose leading-loose dark:text-content-100 dark:prose-headings:text-content-100 dark:prose-a:bg-navy-blue-700 dark:prose-a:text-navy-blue-100 dark:prose-a:visited:bg-navy-blue-700 dark:prose-a:visited:text-teal-200 dark:prose-a:hover:bg-navy-blue-500 dark:prose-a:hover:text-navy-blue-100 dark:prose-a:focus:outline-focus dark:prose-blockquote:text-sand-100 dark:prose-code:text-sand-100 dark:prose-pre:bg-[#1f2227] dark:prose-pre:text-[#639bee] dark:prose-li:before:text-primary dark:prose-thead:bg-purple-500 dark:prose-thead:text-primary dark:prose-tr:border-b-purple-500 dark:prose-hr:border-navy-blue-800 md:prose-md lg:prose-lg lg:prose-h1:text-36 lg:prose-h1:leading-[2.75rem] lg:prose-h2:text-28 lg:prose-h2:leading-[2.125rem] lg:prose-h3:text-24 lg:prose-h3:leading-[1.8125rem] lg:prose-p:text-16 lg:prose-p:leading-32 lg:prose-blockquote:py-60 lg:prose-blockquote:pr-[5rem] lg:prose-blockquote:pl-[6rem]\">\n<div>\n<p>Au vu des quantit\u00e9s infimes d\u2019ARNm d\u00e9tect\u00e9es dans le lait et de sa d\u00e9gradation dans le syst\u00e8me digestif du nourrisson, un effet biologique du vaccin sur le nourrisson est donc extr\u00eamement improbable.\u00a0En revanche, allaiter son enfant en p\u00e9riode de\u00a0pand\u00e9mie est non seulement sans-danger, mais hautement recommand\u00e9 par les experts scientifiques.<\/p>\n<p>Ce sont les conclusions\u00a0de plusieurs \u00e9tudes dont une\u00a0<a class=\"Hyperlink SCXW52807315 BCX0\" href=\"https:\/\/www.bmj.com\/content\/378\/bmj-2022-071416\" target=\"_blank\" rel=\"noreferrer noopener\"><span class=\"BCX0 SCXW52807315 TextRun Underlined\"><span class=\"BCX0 NormalTextRun SCXW52807315\">norv\u00e9gienne parue en juin\u00a02022<\/span><\/span><\/a><span class=\"BCX0 SCXW52807315 TextRun\"><span class=\"BCX0 NormalTextRun SCXW52807315\">\u00a0r<\/span><\/span><span class=\"BCX0 SCXW52807315 TextRun\"><span class=\"BCX0 NormalTextRun SCXW52807315\">\u00e9alis\u00e9e durant la\u00a0pr\u00e9dominance des variants Delta puis Omicron, chez plus de 21.000 enfants durant les quatre premiers mois de leur vie. Elle r\u00e9v\u00e8le ainsi \u00ab\u00a0<em>un\u00a0<\/em><\/span><\/span><span class=\"BCX0 SCXW237851662 TextRun\"><span class=\"BCX0 NormalTextRun SCXW237851662\"><em>taux de contamination par le coronavirus inf\u00e9rieur chez les nouveau-n\u00e9s de m\u00e8re vaccin\u00e9e par vaccin \u00e0 ARNm<\/em>\u00ab\u00a0.<\/span><\/span><\/p>\n<p>Selon la HAS en France, le r\u00e9sultat de cette \u00e9tude norv\u00e9gienne \u00ab\u00a0<em>est important puisqu\u2019il sugg\u00e8re un effet protecteur passif du nouveau-n\u00e9 par la vaccination maternelle, alors que ces enfants pr\u00e9sentent des infections plus s\u00e9v\u00e8res que les enfants plus \u00e2g\u00e9s et qu\u2019il n\u2019existe pas encore de vaccin pour les moins de 5 ans<\/em>\u00ab\u00a0.<\/p>\n<p>Une\u00a0<a href=\"https:\/\/jamanetwork.com\/journals\/jamainternalmedicine\/fullarticle\/2793109\">autre \u00e9tude parue en juillet\u00a02022 dans la revue Jama Internal Medicines<\/a>, confirme ces donn\u00e9es en pr\u00e9cisant que le nombre et la gravit\u00e9 des infections\u00a0au coronavirus sont moindres (moins de recours aux soins intensifs) chez les nouveau-n\u00e9s de m\u00e8res vaccin\u00e9es avec deux doses.<\/p>\n<p>Selon Muriel Moser, la protection via le lait maternel s\u2019explique effectivement par le fait qu'\u00a0\u00bb<em>une\u00a0m\u00e8re immunis\u00e9e\u00a0gr\u00e2ce \u00e0 la vaccination ou \u00e0 une infection au SARS-COV 2\u00a0<\/em><em>transmet cette immunit\u00e9 \u00e0 son enfant via ses anticorps \u00e0 travers le placenta, le\u00a0sang du cordon, puis dans le lait<\/em>\u00ab\u00a0.<\/p>\n<p>Par ailleurs, \u00e0\u00a0ce jour, aucune transmission du virus de la Covid-19 par le lait maternel ou l\u2019allaitement n\u2019a \u00e9t\u00e9 observ\u00e9e,\u00a0<a href=\"https:\/\/www.who.int\/fr\/news-room\/questions-and-answers\/item\/coronavirus-disease-covid-19-breastfeeding#:~:text=La%20COVID%2D19%20peut%2Delle,d'arr%C3%AAter%20l'allaitement.\">selon l\u2019Organisation Mondiale de la Sant\u00e9<\/a>, qui recommande de continuer \u00e0 allaiter son enfant m\u00eame en cas de contraction\u00a0de la maladie par la m\u00e8re.<\/p>\n<div class=\"box-border flex w-full max-w-row flex-wrap justify-center bg-background-light dark:bg-background-dark py-6 sm:py-8 md:py-12\">\n<div class=\"container box-border max-w-container max-w-[720px] py-10 px-6 sm:py-8 sm:px-8 md:py-12 md:px-12\">\n<div class=\"max-w-none text-content-900 prose leading-loose dark:text-content-100 dark:prose-headings:text-content-100 dark:prose-a:bg-navy-blue-700 dark:prose-a:text-navy-blue-100 dark:prose-a:visited:bg-navy-blue-700 dark:prose-a:visited:text-teal-200 dark:prose-a:hover:bg-navy-blue-500 dark:prose-a:hover:text-navy-blue-100 dark:prose-a:focus:outline-focus dark:prose-blockquote:text-sand-100 dark:prose-code:text-sand-100 dark:prose-pre:bg-[#1f2227] dark:prose-pre:text-[#639bee] dark:prose-li:before:text-primary dark:prose-thead:bg-purple-500 dark:prose-thead:text-primary dark:prose-tr:border-b-purple-500 dark:prose-hr:border-navy-blue-800 md:prose-md lg:prose-lg lg:prose-h1:text-36 lg:prose-h1:leading-[2.75rem] lg:prose-h2:text-28 lg:prose-h2:leading-[2.125rem] lg:prose-h3:text-24 lg:prose-h3:leading-[1.8125rem] lg:prose-p:text-16 lg:prose-p:leading-32 lg:prose-blockquote:py-60 lg:prose-blockquote:pr-[5rem] lg:prose-blockquote:pl-[6rem]\">\n<h2 class=\"text-purple-900 dark:text-white\">Le double avantage de la vaccination des femmes enceintes et allaitantes<\/h2>\n<\/div>\n<\/div>\n<\/div>\n<div class=\"box-border flex w-full max-w-row flex-wrap justify-center bg-background-light dark:bg-background-dark py-6 sm:py-8 md:py-12\">\n<div class=\"container box-border max-w-container max-w-[720px] py-10 px-6 sm:py-8 sm:px-8 md:py-12 md:px-12\">\n<div class=\"max-w-none text-content-900 prose leading-loose dark:text-content-100 dark:prose-headings:text-content-100 dark:prose-a:bg-navy-blue-700 dark:prose-a:text-navy-blue-100 dark:prose-a:visited:bg-navy-blue-700 dark:prose-a:visited:text-teal-200 dark:prose-a:hover:bg-navy-blue-500 dark:prose-a:hover:text-navy-blue-100 dark:prose-a:focus:outline-focus dark:prose-blockquote:text-sand-100 dark:prose-code:text-sand-100 dark:prose-pre:bg-[#1f2227] dark:prose-pre:text-[#639bee] dark:prose-li:before:text-primary dark:prose-thead:bg-purple-500 dark:prose-thead:text-primary dark:prose-tr:border-b-purple-500 dark:prose-hr:border-navy-blue-800 md:prose-md lg:prose-lg lg:prose-h1:text-36 lg:prose-h1:leading-[2.75rem] lg:prose-h2:text-28 lg:prose-h2:leading-[2.125rem] lg:prose-h3:text-24 lg:prose-h3:leading-[1.8125rem] lg:prose-p:text-16 lg:prose-p:leading-32 lg:prose-blockquote:py-60 lg:prose-blockquote:pr-[5rem] lg:prose-blockquote:pl-[6rem]\">\n<div>\n<p>Contrairement \u00e0 ce que certains internautes affirment, l\u2019\u00e9tude de Jama Pediatrics ne met pas en garde les femmes r\u00e9cemment vaccin\u00e9es d\u2019allaiter leur\u00a0enfant. Au contraire, le lait maternel peut contenir des anticorps utiles pour immuniser le nourrisson face au virus du SARS-COV 2. L\u2019ARNm pr\u00e9sent dans certains \u00e9chantillons de\u00a0lait n\u2019est, quant \u00e0 lui, pas alarmant tant par sa quantit\u00e9 infime, que sa destruction par les\u00a0sucs gastriques acides du nourrisson.<\/p>\n<p>La vaccination contre le Covid-19 pr\u00e9sente donc un double avantage, pour l\u2019enfant et pour la femme enceinte et allaitante. Comme l\u2019indique \u00e9galement\u00a0<a href=\"https:\/\/www.jemevaccine.be\/fake-news\/vaccination-et-femme-enceinte\/\">la plateforme jemevaccine.be<\/a>, les vaccins permettent de prot\u00e9ger\u00a0les femmes \u00e0 pr\u00e8s de 90% contre une forme s\u00e9v\u00e8re de la maladie, \u00e9vitant ainsi des accouchements pr\u00e9matur\u00e9s.<\/p>\n<\/div>\n<\/div>\n<\/div>\n<\/div>\n<\/div>\n<\/div>\n<\/div>\n<\/div>\n<\/div>\n<\/div>\n","protected":false},"excerpt":{"rendered":"<p>Suite \u00e0 la publication d\u2019un article scientifique\u00a0mettant en \u00e9vidence\u00a0la pr\u00e9sence d\u2019ARN messager des vaccins contre le Covid-19\u00a0dans certains \u00e9chantillons de\u00a0lait&#8230;<\/p>\n","protected":false},"author":4,"featured_media":150762,"comment_status":"closed","ping_status":"open","sticky":false,"template":"","format":"standard","meta":{"_acf_changed":false,"footnotes":""},"categories":[174,125,129,135,138],"tags":[],"class_list":{"0":"post-150761","1":"post","2":"type-post","3":"status-publish","4":"format-standard","5":"has-post-thumbnail","7":"category-covid-19-fr","8":"category-fact-check-fr","9":"category-sante","10":"category-science-fr","11":"category-societe"},"acf":{"type":"\u00c9v\u00e9nement ferm\u00e9","location":"","start_date":"","start_date_event_begins_at":"","start_date_event_ends_at":"","end_date":"","end_date_event_begins_at":"","end_date_event_ends_at":"","organizer":"","show_metatags":false,"id":"","authors":"Romane Bonnem\u00e9","organization":"RTBF","featured_image_copyright":"Getty Images","text_copyright":"Copyright: (C)RTBF Radio, Television Belge Francophone, plus d'infos: https:\/\/www.rtbf.be\/cgu\/","source":"https:\/\/www.rtbf.be\/article\/arn-messager-retrouve-dans-du-lait-maternel-linquietude-de-certains-anti-vaccins-est-infondee-11075178","fact_checker":"https:\/\/belux.wpengine.com\/wp-content\/uploads\/2022\/01\/rtbf-logo.jpg","fact_checker_logo_image":false},"yoast_head":"<!-- This site is optimized with the Yoast SEO plugin v27.0 - https:\/\/yoast.com\/product\/yoast-seo-wordpress\/ -->\n<title>ARN messager retrouv\u00e9 dans du lait maternel : &quot;l\u2019inqui\u00e9tude&quot; de certains anti-vaccins est infond\u00e9e - EDMO Belux<\/title>\n<meta name=\"robots\" content=\"index, follow, max-snippet:-1, max-image-preview:large, max-video-preview:-1\" \/>\n<link rel=\"canonical\" href=\"https:\/\/belux.edmo.eu\/fr\/arn-messager-retrouve-dans-du-lait-maternel-linquietude-de-certains-anti-vaccins-est-infondee\/\" \/>\n<meta property=\"og:locale\" content=\"fr_FR\" \/>\n<meta property=\"og:type\" content=\"article\" \/>\n<meta property=\"og:title\" content=\"ARN messager retrouv\u00e9 dans du lait maternel : &quot;l\u2019inqui\u00e9tude&quot; de certains anti-vaccins est infond\u00e9e - EDMO Belux\" \/>\n<meta property=\"og:description\" content=\"Suite \u00e0 la publication d\u2019un article scientifique\u00a0mettant en \u00e9vidence\u00a0la pr\u00e9sence d\u2019ARN messager des vaccins contre le Covid-19\u00a0dans certains \u00e9chantillons de\u00a0lait...\" \/>\n<meta property=\"og:url\" content=\"https:\/\/belux.edmo.eu\/fr\/arn-messager-retrouve-dans-du-lait-maternel-linquietude-de-certains-anti-vaccins-est-infondee\/\" \/>\n<meta property=\"og:site_name\" content=\"EDMO Belux\" \/>\n<meta property=\"article:published_time\" content=\"2022-09-23T07:00:53+00:00\" \/>\n<meta property=\"article:modified_time\" content=\"2022-09-30T08:27:57+00:00\" \/>\n<meta name=\"author\" content=\"Gregoire Ryckmans\" \/>\n<meta name=\"twitter:card\" content=\"summary_large_image\" \/>\n<meta name=\"twitter:creator\" content=\"@Edmo_Belux\" \/>\n<meta name=\"twitter:site\" content=\"@Edmo_Belux\" \/>\n<meta name=\"twitter:label1\" content=\"\u00c9crit par\" \/>\n\t<meta name=\"twitter:data1\" content=\"Gregoire Ryckmans\" \/>\n\t<meta name=\"twitter:label2\" content=\"Dur\u00e9e de lecture estim\u00e9e\" \/>\n\t<meta name=\"twitter:data2\" content=\"8 minutes\" \/>\n<script type=\"application\/ld+json\" class=\"yoast-schema-graph\">{\"@context\":\"https:\/\/schema.org\",\"@graph\":[{\"@type\":\"Article\",\"@id\":\"https:\/\/belux.edmo.eu\/fr\/arn-messager-retrouve-dans-du-lait-maternel-linquietude-de-certains-anti-vaccins-est-infondee\/#article\",\"isPartOf\":{\"@id\":\"https:\/\/belux.edmo.eu\/fr\/arn-messager-retrouve-dans-du-lait-maternel-linquietude-de-certains-anti-vaccins-est-infondee\/\"},\"author\":{\"name\":\"Gregoire Ryckmans\",\"@id\":\"https:\/\/belux.edmo.eu\/#\/schema\/person\/aecb7e82ab587cb5bd83356cce6d626b\"},\"headline\":\"ARN messager retrouv\u00e9 dans du lait maternel : \u00ab\u00a0l\u2019inqui\u00e9tude\u00a0\u00bb de certains anti-vaccins est infond\u00e9e\",\"datePublished\":\"2022-09-23T07:00:53+00:00\",\"dateModified\":\"2022-09-30T08:27:57+00:00\",\"mainEntityOfPage\":{\"@id\":\"https:\/\/belux.edmo.eu\/fr\/arn-messager-retrouve-dans-du-lait-maternel-linquietude-de-certains-anti-vaccins-est-infondee\/\"},\"wordCount\":1670,\"publisher\":{\"@id\":\"https:\/\/belux.edmo.eu\/#organization\"},\"image\":{\"@id\":\"https:\/\/belux.edmo.eu\/fr\/arn-messager-retrouve-dans-du-lait-maternel-linquietude-de-certains-anti-vaccins-est-infondee\/#primaryimage\"},\"thumbnailUrl\":\"\",\"articleSection\":[\"COVID-19\",\"Fact-Check\",\"Sante\",\"Science\",\"Societe\"],\"inLanguage\":\"fr-FR\"},{\"@type\":\"WebPage\",\"@id\":\"https:\/\/belux.edmo.eu\/fr\/arn-messager-retrouve-dans-du-lait-maternel-linquietude-de-certains-anti-vaccins-est-infondee\/\",\"url\":\"https:\/\/belux.edmo.eu\/fr\/arn-messager-retrouve-dans-du-lait-maternel-linquietude-de-certains-anti-vaccins-est-infondee\/\",\"name\":\"ARN messager retrouv\u00e9 dans du lait maternel : \\\"l\u2019inqui\u00e9tude\\\" de certains anti-vaccins est infond\u00e9e - EDMO Belux\",\"isPartOf\":{\"@id\":\"https:\/\/belux.edmo.eu\/#website\"},\"primaryImageOfPage\":{\"@id\":\"https:\/\/belux.edmo.eu\/fr\/arn-messager-retrouve-dans-du-lait-maternel-linquietude-de-certains-anti-vaccins-est-infondee\/#primaryimage\"},\"image\":{\"@id\":\"https:\/\/belux.edmo.eu\/fr\/arn-messager-retrouve-dans-du-lait-maternel-linquietude-de-certains-anti-vaccins-est-infondee\/#primaryimage\"},\"thumbnailUrl\":\"\",\"datePublished\":\"2022-09-23T07:00:53+00:00\",\"dateModified\":\"2022-09-30T08:27:57+00:00\",\"breadcrumb\":{\"@id\":\"https:\/\/belux.edmo.eu\/fr\/arn-messager-retrouve-dans-du-lait-maternel-linquietude-de-certains-anti-vaccins-est-infondee\/#breadcrumb\"},\"inLanguage\":\"fr-FR\",\"potentialAction\":[{\"@type\":\"ReadAction\",\"target\":[\"https:\/\/belux.edmo.eu\/fr\/arn-messager-retrouve-dans-du-lait-maternel-linquietude-de-certains-anti-vaccins-est-infondee\/\"]}]},{\"@type\":\"ImageObject\",\"inLanguage\":\"fr-FR\",\"@id\":\"https:\/\/belux.edmo.eu\/fr\/arn-messager-retrouve-dans-du-lait-maternel-linquietude-de-certains-anti-vaccins-est-infondee\/#primaryimage\",\"url\":\"\",\"contentUrl\":\"\"},{\"@type\":\"BreadcrumbList\",\"@id\":\"https:\/\/belux.edmo.eu\/fr\/arn-messager-retrouve-dans-du-lait-maternel-linquietude-de-certains-anti-vaccins-est-infondee\/#breadcrumb\",\"itemListElement\":[{\"@type\":\"ListItem\",\"position\":1,\"name\":\"Home\",\"item\":\"https:\/\/belux.edmo.eu\/fr\/\"},{\"@type\":\"ListItem\",\"position\":2,\"name\":\"ARN messager retrouv\u00e9 dans du lait maternel : &#8220;l\u2019inqui\u00e9tude&#8221; de certains anti-vaccins est infond\u00e9e\"}]},{\"@type\":\"WebSite\",\"@id\":\"https:\/\/belux.edmo.eu\/#website\",\"url\":\"https:\/\/belux.edmo.eu\/\",\"name\":\"EDMO Belux\",\"description\":\"Monitoring Disinformation in Belgium and Luxembourg\",\"publisher\":{\"@id\":\"https:\/\/belux.edmo.eu\/#organization\"},\"potentialAction\":[{\"@type\":\"SearchAction\",\"target\":{\"@type\":\"EntryPoint\",\"urlTemplate\":\"https:\/\/belux.edmo.eu\/?s={search_term_string}\"},\"query-input\":{\"@type\":\"PropertyValueSpecification\",\"valueRequired\":true,\"valueName\":\"search_term_string\"}}],\"inLanguage\":\"fr-FR\"},{\"@type\":\"Organization\",\"@id\":\"https:\/\/belux.edmo.eu\/#organization\",\"name\":\"EDMO Belux\",\"url\":\"https:\/\/belux.edmo.eu\/\",\"logo\":{\"@type\":\"ImageObject\",\"inLanguage\":\"fr-FR\",\"@id\":\"https:\/\/belux.edmo.eu\/#\/schema\/logo\/image\/\",\"url\":\"https:\/\/belux.edmo.eu\/wp-content\/uploads\/2021\/12\/belux-logo-full-color-rgb.svg\",\"contentUrl\":\"https:\/\/belux.edmo.eu\/wp-content\/uploads\/2021\/12\/belux-logo-full-color-rgb.svg\",\"width\":1,\"height\":1,\"caption\":\"EDMO Belux\"},\"image\":{\"@id\":\"https:\/\/belux.edmo.eu\/#\/schema\/logo\/image\/\"},\"sameAs\":[\"https:\/\/x.com\/Edmo_Belux\"]},{\"@type\":\"Person\",\"@id\":\"https:\/\/belux.edmo.eu\/#\/schema\/person\/aecb7e82ab587cb5bd83356cce6d626b\",\"name\":\"Gregoire Ryckmans\",\"url\":\"https:\/\/belux.edmo.eu\/fr\/author\/gryckmans\/\"}]}<\/script>\n<!-- \/ Yoast SEO plugin. -->","yoast_head_json":{"title":"ARN messager retrouv\u00e9 dans du lait maternel : \"l\u2019inqui\u00e9tude\" de certains anti-vaccins est infond\u00e9e - EDMO Belux","robots":{"index":"index","follow":"follow","max-snippet":"max-snippet:-1","max-image-preview":"max-image-preview:large","max-video-preview":"max-video-preview:-1"},"canonical":"https:\/\/belux.edmo.eu\/fr\/arn-messager-retrouve-dans-du-lait-maternel-linquietude-de-certains-anti-vaccins-est-infondee\/","og_locale":"fr_FR","og_type":"article","og_title":"ARN messager retrouv\u00e9 dans du lait maternel : \"l\u2019inqui\u00e9tude\" de certains anti-vaccins est infond\u00e9e - EDMO Belux","og_description":"Suite \u00e0 la publication d\u2019un article scientifique\u00a0mettant en \u00e9vidence\u00a0la pr\u00e9sence d\u2019ARN messager des vaccins contre le Covid-19\u00a0dans certains \u00e9chantillons de\u00a0lait...","og_url":"https:\/\/belux.edmo.eu\/fr\/arn-messager-retrouve-dans-du-lait-maternel-linquietude-de-certains-anti-vaccins-est-infondee\/","og_site_name":"EDMO Belux","article_published_time":"2022-09-23T07:00:53+00:00","article_modified_time":"2022-09-30T08:27:57+00:00","author":"Gregoire Ryckmans","twitter_card":"summary_large_image","twitter_creator":"@Edmo_Belux","twitter_site":"@Edmo_Belux","twitter_misc":{"\u00c9crit par":"Gregoire Ryckmans","Dur\u00e9e de lecture estim\u00e9e":"8 minutes"},"schema":{"@context":"https:\/\/schema.org","@graph":[{"@type":"Article","@id":"https:\/\/belux.edmo.eu\/fr\/arn-messager-retrouve-dans-du-lait-maternel-linquietude-de-certains-anti-vaccins-est-infondee\/#article","isPartOf":{"@id":"https:\/\/belux.edmo.eu\/fr\/arn-messager-retrouve-dans-du-lait-maternel-linquietude-de-certains-anti-vaccins-est-infondee\/"},"author":{"name":"Gregoire Ryckmans","@id":"https:\/\/belux.edmo.eu\/#\/schema\/person\/aecb7e82ab587cb5bd83356cce6d626b"},"headline":"ARN messager retrouv\u00e9 dans du lait maternel : \u00ab\u00a0l\u2019inqui\u00e9tude\u00a0\u00bb de certains anti-vaccins est infond\u00e9e","datePublished":"2022-09-23T07:00:53+00:00","dateModified":"2022-09-30T08:27:57+00:00","mainEntityOfPage":{"@id":"https:\/\/belux.edmo.eu\/fr\/arn-messager-retrouve-dans-du-lait-maternel-linquietude-de-certains-anti-vaccins-est-infondee\/"},"wordCount":1670,"publisher":{"@id":"https:\/\/belux.edmo.eu\/#organization"},"image":{"@id":"https:\/\/belux.edmo.eu\/fr\/arn-messager-retrouve-dans-du-lait-maternel-linquietude-de-certains-anti-vaccins-est-infondee\/#primaryimage"},"thumbnailUrl":"","articleSection":["COVID-19","Fact-Check","Sante","Science","Societe"],"inLanguage":"fr-FR"},{"@type":"WebPage","@id":"https:\/\/belux.edmo.eu\/fr\/arn-messager-retrouve-dans-du-lait-maternel-linquietude-de-certains-anti-vaccins-est-infondee\/","url":"https:\/\/belux.edmo.eu\/fr\/arn-messager-retrouve-dans-du-lait-maternel-linquietude-de-certains-anti-vaccins-est-infondee\/","name":"ARN messager retrouv\u00e9 dans du lait maternel : \"l\u2019inqui\u00e9tude\" de certains anti-vaccins est infond\u00e9e - EDMO Belux","isPartOf":{"@id":"https:\/\/belux.edmo.eu\/#website"},"primaryImageOfPage":{"@id":"https:\/\/belux.edmo.eu\/fr\/arn-messager-retrouve-dans-du-lait-maternel-linquietude-de-certains-anti-vaccins-est-infondee\/#primaryimage"},"image":{"@id":"https:\/\/belux.edmo.eu\/fr\/arn-messager-retrouve-dans-du-lait-maternel-linquietude-de-certains-anti-vaccins-est-infondee\/#primaryimage"},"thumbnailUrl":"","datePublished":"2022-09-23T07:00:53+00:00","dateModified":"2022-09-30T08:27:57+00:00","breadcrumb":{"@id":"https:\/\/belux.edmo.eu\/fr\/arn-messager-retrouve-dans-du-lait-maternel-linquietude-de-certains-anti-vaccins-est-infondee\/#breadcrumb"},"inLanguage":"fr-FR","potentialAction":[{"@type":"ReadAction","target":["https:\/\/belux.edmo.eu\/fr\/arn-messager-retrouve-dans-du-lait-maternel-linquietude-de-certains-anti-vaccins-est-infondee\/"]}]},{"@type":"ImageObject","inLanguage":"fr-FR","@id":"https:\/\/belux.edmo.eu\/fr\/arn-messager-retrouve-dans-du-lait-maternel-linquietude-de-certains-anti-vaccins-est-infondee\/#primaryimage","url":"","contentUrl":""},{"@type":"BreadcrumbList","@id":"https:\/\/belux.edmo.eu\/fr\/arn-messager-retrouve-dans-du-lait-maternel-linquietude-de-certains-anti-vaccins-est-infondee\/#breadcrumb","itemListElement":[{"@type":"ListItem","position":1,"name":"Home","item":"https:\/\/belux.edmo.eu\/fr\/"},{"@type":"ListItem","position":2,"name":"ARN messager retrouv\u00e9 dans du lait maternel : &#8220;l\u2019inqui\u00e9tude&#8221; de certains anti-vaccins est infond\u00e9e"}]},{"@type":"WebSite","@id":"https:\/\/belux.edmo.eu\/#website","url":"https:\/\/belux.edmo.eu\/","name":"EDMO Belux","description":"Monitoring Disinformation in Belgium and Luxembourg","publisher":{"@id":"https:\/\/belux.edmo.eu\/#organization"},"potentialAction":[{"@type":"SearchAction","target":{"@type":"EntryPoint","urlTemplate":"https:\/\/belux.edmo.eu\/?s={search_term_string}"},"query-input":{"@type":"PropertyValueSpecification","valueRequired":true,"valueName":"search_term_string"}}],"inLanguage":"fr-FR"},{"@type":"Organization","@id":"https:\/\/belux.edmo.eu\/#organization","name":"EDMO Belux","url":"https:\/\/belux.edmo.eu\/","logo":{"@type":"ImageObject","inLanguage":"fr-FR","@id":"https:\/\/belux.edmo.eu\/#\/schema\/logo\/image\/","url":"https:\/\/belux.edmo.eu\/wp-content\/uploads\/2021\/12\/belux-logo-full-color-rgb.svg","contentUrl":"https:\/\/belux.edmo.eu\/wp-content\/uploads\/2021\/12\/belux-logo-full-color-rgb.svg","width":1,"height":1,"caption":"EDMO Belux"},"image":{"@id":"https:\/\/belux.edmo.eu\/#\/schema\/logo\/image\/"},"sameAs":["https:\/\/x.com\/Edmo_Belux"]},{"@type":"Person","@id":"https:\/\/belux.edmo.eu\/#\/schema\/person\/aecb7e82ab587cb5bd83356cce6d626b","name":"Gregoire Ryckmans","url":"https:\/\/belux.edmo.eu\/fr\/author\/gryckmans\/"}]}},"menu_order":0,"_links":{"self":[{"href":"https:\/\/belux.edmo.eu\/fr\/wp-json\/wp\/v2\/posts\/150761","targetHints":{"allow":["GET"]}}],"collection":[{"href":"https:\/\/belux.edmo.eu\/fr\/wp-json\/wp\/v2\/posts"}],"about":[{"href":"https:\/\/belux.edmo.eu\/fr\/wp-json\/wp\/v2\/types\/post"}],"author":[{"embeddable":true,"href":"https:\/\/belux.edmo.eu\/fr\/wp-json\/wp\/v2\/users\/4"}],"replies":[{"embeddable":true,"href":"https:\/\/belux.edmo.eu\/fr\/wp-json\/wp\/v2\/comments?post=150761"}],"version-history":[{"count":0,"href":"https:\/\/belux.edmo.eu\/fr\/wp-json\/wp\/v2\/posts\/150761\/revisions"}],"wp:featuredmedia":[{"embeddable":true,"href":"https:\/\/belux.edmo.eu\/fr\/wp-json\/"}],"wp:attachment":[{"href":"https:\/\/belux.edmo.eu\/fr\/wp-json\/wp\/v2\/media?parent=150761"}],"wp:term":[{"taxonomy":"category","embeddable":true,"href":"https:\/\/belux.edmo.eu\/fr\/wp-json\/wp\/v2\/categories?post=150761"},{"taxonomy":"post_tag","embeddable":true,"href":"https:\/\/belux.edmo.eu\/fr\/wp-json\/wp\/v2\/tags?post=150761"}],"curies":[{"name":"wp","href":"https:\/\/api.w.org\/{rel}","templated":true}]}}