{"id":15742,"date":"2022-02-22T16:35:58","date_gmt":"2022-02-22T16:35:58","guid":{"rendered":"https:\/\/belux.wpengine.com\/?p=15742"},"modified":"2022-06-30T12:58:18","modified_gmt":"2022-06-30T12:58:18","slug":"non-la-protine-spike-induite-par-les-vaccins-anti-covid-nest-pas-sexuellement-transmissible","status":"publish","type":"post","link":"https:\/\/belux.edmo.eu\/fr\/non-la-protine-spike-induite-par-les-vaccins-anti-covid-nest-pas-sexuellement-transmissible\/","title":{"rendered":"Non, la prot\u00e9ine \u00ab\u00a0spike\u00a0\u00bb induite par les vaccins anti-Covid n&rsquo;est pas sexuellement transmissible"},"content":{"rendered":"<p><b>Sur les r\u00e9seaux sociaux, un m\u00e9decin luxembourgeois soutient que la prot\u00e9ine \u00ab\u00a0spike\u00a0\u00bb produite par l&rsquo;organisme apr\u00e8s une injection de vaccin anti-Covid \u00e0 ARN messager serait \u00ab\u00a0sexuellement transmissible\u00a0\u00bb. C&rsquo;est faux, r\u00e9futent les sp\u00e9cialistes interrog\u00e9s par l&rsquo;AFP, expliquant qu&rsquo;un spermatozo\u00efde ne peut en aucun cas interagir avec l&rsquo;ARN messager, inject\u00e9 dans le muscle de l&rsquo;\u00e9paule, et se retrouver porteur de la prot\u00e9ine spike vaccinale.<\/b><\/p>\n<p>Cet extrait vid\u00e9o fait le tour des r\u00e9seaux sociaux depuis la mi-f\u00e9vrier: on y voit J\u00e9r\u00e9mie Mercier, un internaute qui assure <a href=\"https:\/\/perma.cc\/T4XD-JFYN\" target=\"_blank\" rel=\"noopener\" shape=\"rect\">sur son site internet <\/a>pouvoir <em>\u00ab\u00a0aider \u00e0 retrouver la pleine sant\u00e9 gr\u00e2ce \u00e0 des strat\u00e9gies naturelles\u00a0\u00bb,<\/em> questionner Beno\u00eet Ochs, m\u00e9decin g\u00e9n\u00e9raliste au Luxembourg<a href=\"https:\/\/www.wort.lu\/fr\/luxembourg\/le-medecin-controverse-dr-ochs-devant-la-justice-61f26ae3de135b9236c3ebce\" target=\"_blank\" rel=\"noopener\" shape=\"rect\"> condamn\u00e9 en premi\u00e8re instance<\/a> \u00e0 une interdiction d&rsquo;exercer pendant un an pour avoir enfreint 13 articles du code de d\u00e9ontologie m\u00e9dicale.<\/p>\n<p><em>\u00ab\u00a0Une question qui revient souvent: est-ce que la prot\u00e9ine &lsquo;spike&rsquo; se transmet sexuellement, d&rsquo;un vaccin\u00e9 \u00e0 un non-vaccin\u00e9?\u00a0\u00bb,<\/em> interroge, face cam\u00e9ra, J\u00e9r\u00e9mie Mercier.<\/p>\n<p><em>\u00ab\u00a0Obligatoirement oui !\u00a0\u00bb<\/em>, r\u00e9pond le Dr Beno\u00eet Ochs.<em> \u00ab\u00a0Sur le plan sexuel, obligatoirement les spermatozo\u00efdes peuvent transporter la &lsquo;spike&rsquo; (&#8230;) les cellules de Sertoli <\/em>[cellules essentielles \u00e0 la formation et au bon fonctionnement des testicules, NDLR]<em> , qui sont tr\u00e8s tr\u00e8s importantes peuvent transporter non seulement la &lsquo;spike&rsquo; mais aussi l&rsquo;ARN qui est transmis par le vaccin\u00a0\u00bb.<\/em><\/p>\n<p>Si cet extrait vid\u00e9o a \u00e9t\u00e9 partag\u00e9 depuis le 16 f\u00e9vrier plusieurs milliers de fois<a href=\"https:\/\/perma.cc\/KF4C-WVH3\" target=\"_blank\" rel=\"noopener\" shape=\"rect\"> sur Twitter<\/a>, Odysee, YouTube, Tik Tok ou des sites comme <a href=\"https:\/\/perma.cc\/QR9U-YL85\" target=\"_blank\" rel=\"noopener\" shape=\"rect\">Plan\u00e8tes 360<\/a>, <a href=\"https:\/\/perma.cc\/588H-4WPP\" target=\"_blank\" rel=\"noopener\" shape=\"rect\">l&rsquo;interview compl\u00e8te,<\/a> longue d&rsquo;une heure et quatorze minutes, est plus ancienne : elle date du 1er novembre 2021.<\/p>\n<div class=\"grid-with-margin\">\n<div id=\"wysiwyg\" class=\"ww-item image\"><img class=\"lazyload blur-up\" src=\"https:\/\/belux.wpengine.com\/wp-content\/uploads\/2022\/02\/2022022219-88c7edc094bf174128903ecde526371e.jpeg\" data-original=\"\" \/><span class=\"legend\">Capture d&rsquo;\u00e9cran prise le 22\/02\/2022<\/span><\/div>\n<div id=\"wysiwyg\" class=\"ww-item image\"><img class=\"lazyload blur-up\" src=\"https:\/\/belux.wpengine.com\/wp-content\/uploads\/2022\/02\/2022022219-b6cec922f02049dfe71a9aff8d5faefb.jpeg\" data-original=\"\" \/><span class=\"legend\">Capture d&rsquo;\u00e9cran prise le 22\/02\/2022<\/span><\/div>\n<\/div>\n<div id=\"wysiwyg\" class=\"ww-item image\"><img class=\"lazyload blur-up\" src=\"https:\/\/belux.wpengine.com\/wp-content\/uploads\/2022\/02\/2022022219-0992e3b03691faf139582c8eb88a1eba.jpeg\" data-original=\"\" \/><span class=\"legend\">Capture d&rsquo;\u00e9cran prise le 22\/02\/2022<\/span><\/div>\n<p><b>Prot\u00e9ine \u00ab\u00a0spike\u00a0\u00bb et vaccins \u00e0 ARNm<\/b><\/p>\n<p>Beno\u00eet Ochs parle ici de l&rsquo;ARN messager, une technologie utilis\u00e9e pour les vaccins de Pfizer\/BioNTech et Moderna contre le Covid-19.<\/p>\n<p>Cette <a href=\"https:\/\/perma.cc\/3T58-H6DW\" target=\"_blank\" rel=\"noopener\" shape=\"rect\">technologie est diff\u00e9rente <\/a>de celle des pr\u00e9c\u00e9dents vaccins. Au lieu de confronter le syst\u00e8me immunitaire \u00e0 une partie d&rsquo;un virus affaibli ou d&rsquo;une forme inactiv\u00e9e du virus pour susciter des anticorps, ces vaccins<a href=\"https:\/\/www.inserm.fr\/c-est-quoi\/secret-fabrication-c-est-quoi-arn-messager-%F0%9F%93%83-%F0%9F%8F%AD\/\" target=\"_blank\" rel=\"noopener\" shape=\"rect\"> donnent aux cellules un mode d&#8217;emploi g\u00e9n\u00e9tique <\/a>indiquant au corps comment produire-<strong> sur une dur\u00e9e limit\u00e9e <\/strong>&#8211; une partie du virus : la prot\u00e9ine \u00ab\u00a0spike\u00a0\u00bb (\u00ab\u00a0pointe\u00a0\u00bb en anglais).<\/p>\n<p>Les vaccins ne contiennent donc pas la prot\u00e9ine elle-m\u00eame, mais ils transmettent des instructions contenues dans l&rsquo;ARN messager.<\/p>\n<div id=\"wysiwyg\" class=\"ww-item image\"><img class=\"lazyload blur-up\" src=\"https:\/\/belux.wpengine.com\/wp-content\/uploads\/2022\/02\/2022022219-f2deb2535985fe078d401ff881f737c6.jpeg\" data-original=\"\" \/><span class=\"legend\">Pr\u00e9sentation de la technologie des vaccins \u00e0 ARN messager ( AFP \/ John SAEKI, Laurence CHU)<\/span><\/div>\n<p><em>\u00ab\u00a0L\u2019ARNm du vaccin est donc d\u00e9pos\u00e9 dans le muscle au moment de l\u2019injection. L\u00e0, l\u2019ARNm vaccinal va \u00eatre pr\u00e9lev\u00e9, pris en charge par des cellules immunitaires, qui vont fabriquer la prot\u00e9ine &lsquo;spike&rsquo; pour l\u2019exposer aux autres cellules immunitaires situ\u00e9e sur place ou dans un ganglion juste \u00e0 c\u00f4t\u00e9 du site d\u2019injection, et d\u00e9clencher une r\u00e9ponse immunitaire protectrice contre une infection ult\u00e9rieure\u00a0\u00bb, <\/em>d\u00e9taille <a href=\"https:\/\/uclouvain.be\/fr\/decouvrir\/actualites\/sophie-lucas-nous-dit-tout-sur-le-vaccin.html\" target=\"_blank\" rel=\"noopener\" shape=\"rect\">Sophie Lucas<\/a>, immunologiste et pr\u00e9sidente de l&rsquo;institut de Duve de l&rsquo;Universit\u00e9 catholique de Louvain, interrog\u00e9e par l&rsquo;AFP le 22 f\u00e9vrier.<\/p>\n<p>En d&rsquo;autres termes, cette r\u00e9action immunitaire permet \u00e0<strong> l&rsquo;organisme d&rsquo;\u00eatre entra\u00een\u00e9 afin de pouvoir combattre efficacement et imm\u00e9diatement le Sars-Cov-2<\/strong> en cas d&rsquo;infection.<\/p>\n<div class=\"g2web\" style=\"text-align: center;\"><iframe title=\"YouTube video player\" src=\"https:\/\/www.youtube.com\/embed\/9qd5kwp0Fvc\" width=\"560\" height=\"315\" frameborder=\"0\" scrolling=\"auto\" allowfullscreen=\"allowfullscreen\" data-mce-fragment=\"1\"><\/iframe><\/div>\n<p><b>Une transmission \u00ab\u00a0impossible\u00a0\u00bb via les spermatozo\u00efdes<\/b><\/p>\n<p>Mais alors, une personne vaccin\u00e9e contre le Covid peut-elle transmettre sexuellement cette prot\u00e9ine \u00e0 quelqu&rsquo;un de non-vaccin\u00e9, comme l&rsquo;affirme le Dr Beno\u00eet Ochs? <em>\u00ab\u00a0Impossible\u00a0\u00bb<\/em>, r\u00e9pondent, unanimes, les experts interrog\u00e9s par l&rsquo;AFP.<\/p>\n<p><em>\u00ab\u00a0L&rsquo;ARN messager du vaccin est inject\u00e9 dans des cellules musculaires et y est d\u00e9truit tr\u00e8s rapidement ensuite. Il a juste le temps de permettre \u00e0 ces cellules musculaire de fabriquer un peu de la prot\u00e9ine &lsquo;spike&rsquo; qui va ensuite stimuler le syst\u00e8me immunitaire, donc<strong> il n&rsquo;est pas possible \u00e0 un spermatozo\u00efde qui n&rsquo;aura jamais vu l&rsquo;ARN messager, inject\u00e9 dans le muscle de l&rsquo;\u00e9paule, de produire et donc d&rsquo;\u00eatre porteur de la prot\u00e9ine &lsquo;spike&rsquo; vaccinale<\/strong>, ni m\u00eame de &lsquo;porter&rsquo; la prot\u00e9ine &lsquo;spike&rsquo; qui a \u00e9t\u00e9 produite par les cellules musculaires\u00a0\u00bb<\/em>, a expliqu\u00e9 le 22 f\u00e9vrier \u00e0 l&rsquo;AFP<a href=\"https:\/\/www.univ-nantes.fr\/frederic-altare\" target=\"_blank\" rel=\"noopener\" shape=\"rect\"> Fr\u00e9d\u00e9ric Altare<\/a>, immunologue et directeur de recherche \u00e0 l&rsquo;Institut national de la sant\u00e9 et de la recherche m\u00e9dicale (Inserm).<\/p>\n<div id=\"wysiwyg\" class=\"ww-item image\"><img class=\"lazyload blur-up\" src=\"https:\/\/belux.wpengine.com\/wp-content\/uploads\/2022\/02\/2022022219-6b49394baacbcd39870ec53db354bafd.jpeg\" data-original=\"\" \/><span class=\"legend\">Des v\u00e9hicules font la queue devant le drive-in d&rsquo;un centre de vaccination contre le Covid au Hustler Club de Larry Flynt, le 21 d\u00e9cembre 2021 \u00e0 Las Vegas. ( GETTY IMAGES NORTH AMERICA \/ Ethan Miller)<\/span><\/div>\n<p><em>\u00ab\u00a0L\u2019ARN reste au site d\u2019injection et est tr\u00e8s rapidement d\u00e9grad\u00e9. Il ne va pas dans la circulation sanguine et n\u2019arrive pas au niveau des organes sexuels. Les cellules de Sertoli ne bougent pas, elles ne peuvent pas transporter quoi que ce soit\u00a0\u00bb, <\/em>abonde<a href=\"https:\/\/www.infinity.inserm.fr\/emd_person\/daniel-dunia\/\" target=\"_blank\" rel=\"noopener\" shape=\"rect\"> Daniel Dunia<\/a>, directeur de recherche au CNRS, interrog\u00e9 le m\u00eame jour.<\/p>\n<p>L&rsquo;immunologue Sophie Lucas tire, elle aussi, la m\u00eame conclusion : <em>\u00ab\u00a0Les spermatozo\u00efdes ne sont pas pr\u00e9sents sur le site d\u2019injection du vaccin, dans le muscle du bras, et l\u2019ARNm du vaccin n\u2019est pas transport\u00e9 vers les testicules o\u00f9 se trouvent les spermatozo\u00efdes. Donc (&#8230;) ni l\u2019ARNm vaccinal ni la prot\u00e9ine &lsquo;spike&rsquo; vaccinale ne peuvent \u00eatre &lsquo;transmis&rsquo; par les spermatozo\u00efdes, ni par les autres \u00e9l\u00e9ments pr\u00e9sents dans le sperme, ou dans les s\u00e9cr\u00e9tions vaginales\u00a0\u00bb. <\/em>Elle insiste en outre sur le fait que <em>\u00ab\u00a0<strong>la prot\u00e9ine &lsquo;spike&rsquo; toute seule (en dehors du virus, ndlr) ne cause pas d\u2019infection\u00a0\u00bb.<\/strong><\/em><\/p>\n<p>L&rsquo;AFP a d\u00e9j\u00e0 v\u00e9rifi\u00e9 des affirmations similaires pr\u00e9tendant que <a href=\"\/non-les-personnes-qui-ont-recu-le-vaccin-anti-covid-de-pfizer-ne-peuvent-pas-excreter-des-proteines\" target=\"_blank\" rel=\"noopener\" shape=\"rect\">les personnes ayant re\u00e7u le vaccin anti-Covid de Pfizer pourrait excr\u00e9ter la prot\u00e9ine \u00ab\u00a0spike\u00a0\u00bb<\/a> et \u00eatre dangereuses pour les non-vaccin\u00e9s, ou encore que cette prot\u00e9ine <a href=\"\/http%253A%252F%252Fdoc.afp.com%252F9TT6V9-3\" target=\"_blank\" rel=\"noopener\" shape=\"rect\">pourrait se multiplier dans le corps des vaccin\u00e9s <\/a>pour les \u00ab\u00a0<em>empoisonner lentement<\/em>\u00ab\u00a0.<\/p>\n<p>A ce jour en France, 53 millions de personnes sont compl\u00e8tement vaccin\u00e9es contre le Covid, et le pays compte 92,8 % de personnes majeures compl\u00e8tement vaccin\u00e9es, <a href=\"https:\/\/www.gouvernement.fr\/info-coronavirus\/vaccins\" target=\"_blank\" rel=\"noopener\" shape=\"rect\">selon les donn\u00e9es<\/a> du gouvernement.<\/p>\n","protected":false},"excerpt":{"rendered":"<p>Cet extrait vid\u00e9o fait le tour des r\u00e9seaux sociaux depuis la mi-f\u00e9vrier: on y voit J\u00e9r\u00e9mie Mercier, un internaute qui assure sur son site internet pouvoir \u00ab\u00a0aider \u00e0 retrouver la pleine sant\u00e9 gr\u00e2ce \u00e0 des strat\u00e9gies naturelles\u00a0\u00bb, questionner Beno\u00eet Ochs, m\u00e9decin g\u00e9n\u00e9raliste au Luxembourg condamn\u00e9 en premi\u00e8re instance \u00e0 une interdiction d&rsquo;exercer pendant un an pour avoir enfreint 13 articles du code de d\u00e9ontologie m\u00e9dicale.<\/p>\n","protected":false},"author":1,"featured_media":53545,"comment_status":"closed","ping_status":"open","sticky":false,"template":"","format":"standard","meta":{"_acf_changed":false,"footnotes":""},"categories":[174,125,129,135,138],"tags":[],"class_list":{"0":"post-15742","1":"post","2":"type-post","3":"status-publish","4":"format-standard","5":"has-post-thumbnail","7":"category-covid-19-fr","8":"category-fact-check-fr","9":"category-sante","10":"category-science-fr","11":"category-societe"},"acf":{"show_metatags":true,"id":"46549","authors":"Juliette Mansour, AFP France","organization":"AFP","featured_image_copyright":" Une soignante administre une dose de rappel de vaccin anti-Covid de Pfizer\/BioNtech \u00e0 Jakarta, le 14 janvier 2022. ( AFP \/ BAY ISMOYO)","text_copyright":"\u00a9 AGENCE FRANCE-PRESSE | 2022 | Tous droits r\u00e9serv\u00e9s. L\u2019acc\u00e8s aux contenus de l'AFP publi\u00e9s sur ce site et, le cas \u00e9ch\u00e9ant, leur utilisation sont soumis aux conditions g\u00e9n\u00e9rales d'utilisation disponibles sur <a href='https:\/\/www.afp.com\/fr\/cgu' target='_blank'>CGU<\/a>. Par cons\u00e9quent, en acc\u00e9dant aux contenus de l\u2019AFP publi\u00e9s sur ce site, et en les utilisant, le cas \u00e9ch\u00e9ant, vous acceptez d'\u00eatre li\u00e9 par les conditions g\u00e9n\u00e9rales d'utilisation susmentionn\u00e9es. L\u2019utilisation de contenus de l'AFP se fait sous votre seule et enti\u00e8re responsabilit\u00e9.","source":"https:\/\/factuel.afp.com\/doc.afp.com.323N6M2","fact_checker":"https:\/\/belux.wpengine.com\/wp-content\/uploads\/2021\/12\/afp_logo.png","fact_checker_logo_image":false,"type":"\u00c9v\u00e9nement ferm\u00e9","location":"","start_date":"","start_date_event_begins_at":"","start_date_event_ends_at":"","end_date":"","end_date_event_begins_at":"","end_date_event_ends_at":"","organizer":""},"yoast_head":"<!-- This site is optimized with the Yoast SEO plugin v27.0 - https:\/\/yoast.com\/product\/yoast-seo-wordpress\/ -->\n<title>Non, la prot\u00e9ine &quot;spike&quot; induite par les vaccins anti-Covid n&#039;est pas sexuellement transmissible - EDMO Belux<\/title>\n<meta name=\"robots\" content=\"index, follow, max-snippet:-1, max-image-preview:large, max-video-preview:-1\" \/>\n<link rel=\"canonical\" href=\"https:\/\/belux.edmo.eu\/fr\/non-la-protine-spike-induite-par-les-vaccins-anti-covid-nest-pas-sexuellement-transmissible\/\" \/>\n<meta property=\"og:locale\" content=\"fr_FR\" \/>\n<meta property=\"og:type\" content=\"article\" \/>\n<meta property=\"og:title\" content=\"Non, la prot\u00e9ine &quot;spike&quot; induite par les vaccins anti-Covid n&#039;est pas sexuellement transmissible - EDMO Belux\" \/>\n<meta property=\"og:description\" content=\"Cet extrait vid\u00e9o fait le tour des r\u00e9seaux sociaux depuis la mi-f\u00e9vrier: on y voit J\u00e9r\u00e9mie Mercier, un internaute qui assure sur son site internet pouvoir &quot;aider \u00e0 retrouver la pleine sant\u00e9 gr\u00e2ce \u00e0 des strat\u00e9gies naturelles&quot;, questionner Beno\u00eet Ochs, m\u00e9decin g\u00e9n\u00e9raliste au Luxembourg condamn\u00e9 en premi\u00e8re instance \u00e0 une interdiction d&#039;exercer pendant un an pour avoir enfreint 13 articles du code de d\u00e9ontologie m\u00e9dicale.\" \/>\n<meta property=\"og:url\" content=\"https:\/\/belux.edmo.eu\/fr\/non-la-protine-spike-induite-par-les-vaccins-anti-covid-nest-pas-sexuellement-transmissible\/\" \/>\n<meta property=\"og:site_name\" content=\"EDMO Belux\" \/>\n<meta property=\"article:published_time\" content=\"2022-02-22T16:35:58+00:00\" \/>\n<meta property=\"article:modified_time\" content=\"2022-06-30T12:58:18+00:00\" \/>\n<meta property=\"og:image\" content=\"https:\/\/belux.edmo.eu\/wp-content\/uploads\/2022\/02\/4686dcaa553740bc1171c0583ebe66c4-1.jpeg\" \/>\n\t<meta property=\"og:image:width\" content=\"1080\" \/>\n\t<meta property=\"og:image:height\" content=\"720\" \/>\n\t<meta property=\"og:image:type\" content=\"image\/jpeg\" \/>\n<meta name=\"author\" content=\"master\" \/>\n<meta name=\"twitter:card\" content=\"summary_large_image\" \/>\n<meta name=\"twitter:creator\" content=\"@Edmo_Belux\" \/>\n<meta name=\"twitter:site\" content=\"@Edmo_Belux\" \/>\n<meta name=\"twitter:label1\" content=\"\u00c9crit par\" \/>\n\t<meta name=\"twitter:data1\" content=\"master\" \/>\n\t<meta name=\"twitter:label2\" content=\"Dur\u00e9e de lecture estim\u00e9e\" \/>\n\t<meta name=\"twitter:data2\" content=\"5 minutes\" \/>\n<script type=\"application\/ld+json\" class=\"yoast-schema-graph\">{\"@context\":\"https:\/\/schema.org\",\"@graph\":[{\"@type\":\"Article\",\"@id\":\"https:\/\/belux.edmo.eu\/fr\/non-la-protine-spike-induite-par-les-vaccins-anti-covid-nest-pas-sexuellement-transmissible\/#article\",\"isPartOf\":{\"@id\":\"https:\/\/belux.edmo.eu\/fr\/non-la-protine-spike-induite-par-les-vaccins-anti-covid-nest-pas-sexuellement-transmissible\/\"},\"author\":{\"name\":\"master\",\"@id\":\"https:\/\/belux.edmo.eu\/#\/schema\/person\/dbe3b252258537fd318f9b5645a30342\"},\"headline\":\"Non, la prot\u00e9ine \u00ab\u00a0spike\u00a0\u00bb induite par les vaccins anti-Covid n&rsquo;est pas sexuellement transmissible\",\"datePublished\":\"2022-02-22T16:35:58+00:00\",\"dateModified\":\"2022-06-30T12:58:18+00:00\",\"mainEntityOfPage\":{\"@id\":\"https:\/\/belux.edmo.eu\/fr\/non-la-protine-spike-induite-par-les-vaccins-anti-covid-nest-pas-sexuellement-transmissible\/\"},\"wordCount\":1050,\"publisher\":{\"@id\":\"https:\/\/belux.edmo.eu\/#organization\"},\"image\":{\"@id\":\"https:\/\/belux.edmo.eu\/fr\/non-la-protine-spike-induite-par-les-vaccins-anti-covid-nest-pas-sexuellement-transmissible\/#primaryimage\"},\"thumbnailUrl\":\"https:\/\/belux.edmo.eu\/wp-content\/uploads\/2022\/02\/4686dcaa553740bc1171c0583ebe66c4-1.jpeg\",\"articleSection\":[\"COVID-19\",\"Fact-Check\",\"Sante\",\"Science\",\"Societe\"],\"inLanguage\":\"fr-FR\"},{\"@type\":\"WebPage\",\"@id\":\"https:\/\/belux.edmo.eu\/fr\/non-la-protine-spike-induite-par-les-vaccins-anti-covid-nest-pas-sexuellement-transmissible\/\",\"url\":\"https:\/\/belux.edmo.eu\/fr\/non-la-protine-spike-induite-par-les-vaccins-anti-covid-nest-pas-sexuellement-transmissible\/\",\"name\":\"Non, la prot\u00e9ine \\\"spike\\\" induite par les vaccins anti-Covid n'est pas sexuellement transmissible - EDMO Belux\",\"isPartOf\":{\"@id\":\"https:\/\/belux.edmo.eu\/#website\"},\"primaryImageOfPage\":{\"@id\":\"https:\/\/belux.edmo.eu\/fr\/non-la-protine-spike-induite-par-les-vaccins-anti-covid-nest-pas-sexuellement-transmissible\/#primaryimage\"},\"image\":{\"@id\":\"https:\/\/belux.edmo.eu\/fr\/non-la-protine-spike-induite-par-les-vaccins-anti-covid-nest-pas-sexuellement-transmissible\/#primaryimage\"},\"thumbnailUrl\":\"https:\/\/belux.edmo.eu\/wp-content\/uploads\/2022\/02\/4686dcaa553740bc1171c0583ebe66c4-1.jpeg\",\"datePublished\":\"2022-02-22T16:35:58+00:00\",\"dateModified\":\"2022-06-30T12:58:18+00:00\",\"breadcrumb\":{\"@id\":\"https:\/\/belux.edmo.eu\/fr\/non-la-protine-spike-induite-par-les-vaccins-anti-covid-nest-pas-sexuellement-transmissible\/#breadcrumb\"},\"inLanguage\":\"fr-FR\",\"potentialAction\":[{\"@type\":\"ReadAction\",\"target\":[\"https:\/\/belux.edmo.eu\/fr\/non-la-protine-spike-induite-par-les-vaccins-anti-covid-nest-pas-sexuellement-transmissible\/\"]}]},{\"@type\":\"ImageObject\",\"inLanguage\":\"fr-FR\",\"@id\":\"https:\/\/belux.edmo.eu\/fr\/non-la-protine-spike-induite-par-les-vaccins-anti-covid-nest-pas-sexuellement-transmissible\/#primaryimage\",\"url\":\"https:\/\/belux.edmo.eu\/wp-content\/uploads\/2022\/02\/4686dcaa553740bc1171c0583ebe66c4-1.jpeg\",\"contentUrl\":\"https:\/\/belux.edmo.eu\/wp-content\/uploads\/2022\/02\/4686dcaa553740bc1171c0583ebe66c4-1.jpeg\",\"width\":1080,\"height\":720},{\"@type\":\"BreadcrumbList\",\"@id\":\"https:\/\/belux.edmo.eu\/fr\/non-la-protine-spike-induite-par-les-vaccins-anti-covid-nest-pas-sexuellement-transmissible\/#breadcrumb\",\"itemListElement\":[{\"@type\":\"ListItem\",\"position\":1,\"name\":\"Home\",\"item\":\"https:\/\/belux.edmo.eu\/fr\/\"},{\"@type\":\"ListItem\",\"position\":2,\"name\":\"Non, la prot\u00e9ine &#8220;spike&#8221; induite par les vaccins anti-Covid n&#8217;est pas sexuellement transmissible\"}]},{\"@type\":\"WebSite\",\"@id\":\"https:\/\/belux.edmo.eu\/#website\",\"url\":\"https:\/\/belux.edmo.eu\/\",\"name\":\"EDMO Belux\",\"description\":\"Monitoring Disinformation in Belgium and Luxembourg\",\"publisher\":{\"@id\":\"https:\/\/belux.edmo.eu\/#organization\"},\"potentialAction\":[{\"@type\":\"SearchAction\",\"target\":{\"@type\":\"EntryPoint\",\"urlTemplate\":\"https:\/\/belux.edmo.eu\/?s={search_term_string}\"},\"query-input\":{\"@type\":\"PropertyValueSpecification\",\"valueRequired\":true,\"valueName\":\"search_term_string\"}}],\"inLanguage\":\"fr-FR\"},{\"@type\":\"Organization\",\"@id\":\"https:\/\/belux.edmo.eu\/#organization\",\"name\":\"EDMO Belux\",\"url\":\"https:\/\/belux.edmo.eu\/\",\"logo\":{\"@type\":\"ImageObject\",\"inLanguage\":\"fr-FR\",\"@id\":\"https:\/\/belux.edmo.eu\/#\/schema\/logo\/image\/\",\"url\":\"https:\/\/belux.edmo.eu\/wp-content\/uploads\/2021\/12\/belux-logo-full-color-rgb.svg\",\"contentUrl\":\"https:\/\/belux.edmo.eu\/wp-content\/uploads\/2021\/12\/belux-logo-full-color-rgb.svg\",\"width\":1,\"height\":1,\"caption\":\"EDMO Belux\"},\"image\":{\"@id\":\"https:\/\/belux.edmo.eu\/#\/schema\/logo\/image\/\"},\"sameAs\":[\"https:\/\/x.com\/Edmo_Belux\"]},{\"@type\":\"Person\",\"@id\":\"https:\/\/belux.edmo.eu\/#\/schema\/person\/dbe3b252258537fd318f9b5645a30342\",\"name\":\"master\",\"sameAs\":[\"https:\/\/belux.wpengine.com\"],\"url\":\"https:\/\/belux.edmo.eu\/fr\/author\/master\/\"}]}<\/script>\n<!-- \/ Yoast SEO plugin. -->","yoast_head_json":{"title":"Non, la prot\u00e9ine \"spike\" induite par les vaccins anti-Covid n'est pas sexuellement transmissible - EDMO Belux","robots":{"index":"index","follow":"follow","max-snippet":"max-snippet:-1","max-image-preview":"max-image-preview:large","max-video-preview":"max-video-preview:-1"},"canonical":"https:\/\/belux.edmo.eu\/fr\/non-la-protine-spike-induite-par-les-vaccins-anti-covid-nest-pas-sexuellement-transmissible\/","og_locale":"fr_FR","og_type":"article","og_title":"Non, la prot\u00e9ine \"spike\" induite par les vaccins anti-Covid n'est pas sexuellement transmissible - EDMO Belux","og_description":"Cet extrait vid\u00e9o fait le tour des r\u00e9seaux sociaux depuis la mi-f\u00e9vrier: on y voit J\u00e9r\u00e9mie Mercier, un internaute qui assure sur son site internet pouvoir \"aider \u00e0 retrouver la pleine sant\u00e9 gr\u00e2ce \u00e0 des strat\u00e9gies naturelles\", questionner Beno\u00eet Ochs, m\u00e9decin g\u00e9n\u00e9raliste au Luxembourg condamn\u00e9 en premi\u00e8re instance \u00e0 une interdiction d'exercer pendant un an pour avoir enfreint 13 articles du code de d\u00e9ontologie m\u00e9dicale.","og_url":"https:\/\/belux.edmo.eu\/fr\/non-la-protine-spike-induite-par-les-vaccins-anti-covid-nest-pas-sexuellement-transmissible\/","og_site_name":"EDMO Belux","article_published_time":"2022-02-22T16:35:58+00:00","article_modified_time":"2022-06-30T12:58:18+00:00","og_image":[{"width":1080,"height":720,"url":"https:\/\/belux.edmo.eu\/wp-content\/uploads\/2022\/02\/4686dcaa553740bc1171c0583ebe66c4-1.jpeg","type":"image\/jpeg"}],"author":"master","twitter_card":"summary_large_image","twitter_creator":"@Edmo_Belux","twitter_site":"@Edmo_Belux","twitter_misc":{"\u00c9crit par":"master","Dur\u00e9e de lecture estim\u00e9e":"5 minutes"},"schema":{"@context":"https:\/\/schema.org","@graph":[{"@type":"Article","@id":"https:\/\/belux.edmo.eu\/fr\/non-la-protine-spike-induite-par-les-vaccins-anti-covid-nest-pas-sexuellement-transmissible\/#article","isPartOf":{"@id":"https:\/\/belux.edmo.eu\/fr\/non-la-protine-spike-induite-par-les-vaccins-anti-covid-nest-pas-sexuellement-transmissible\/"},"author":{"name":"master","@id":"https:\/\/belux.edmo.eu\/#\/schema\/person\/dbe3b252258537fd318f9b5645a30342"},"headline":"Non, la prot\u00e9ine \u00ab\u00a0spike\u00a0\u00bb induite par les vaccins anti-Covid n&rsquo;est pas sexuellement transmissible","datePublished":"2022-02-22T16:35:58+00:00","dateModified":"2022-06-30T12:58:18+00:00","mainEntityOfPage":{"@id":"https:\/\/belux.edmo.eu\/fr\/non-la-protine-spike-induite-par-les-vaccins-anti-covid-nest-pas-sexuellement-transmissible\/"},"wordCount":1050,"publisher":{"@id":"https:\/\/belux.edmo.eu\/#organization"},"image":{"@id":"https:\/\/belux.edmo.eu\/fr\/non-la-protine-spike-induite-par-les-vaccins-anti-covid-nest-pas-sexuellement-transmissible\/#primaryimage"},"thumbnailUrl":"https:\/\/belux.edmo.eu\/wp-content\/uploads\/2022\/02\/4686dcaa553740bc1171c0583ebe66c4-1.jpeg","articleSection":["COVID-19","Fact-Check","Sante","Science","Societe"],"inLanguage":"fr-FR"},{"@type":"WebPage","@id":"https:\/\/belux.edmo.eu\/fr\/non-la-protine-spike-induite-par-les-vaccins-anti-covid-nest-pas-sexuellement-transmissible\/","url":"https:\/\/belux.edmo.eu\/fr\/non-la-protine-spike-induite-par-les-vaccins-anti-covid-nest-pas-sexuellement-transmissible\/","name":"Non, la prot\u00e9ine \"spike\" induite par les vaccins anti-Covid n'est pas sexuellement transmissible - EDMO Belux","isPartOf":{"@id":"https:\/\/belux.edmo.eu\/#website"},"primaryImageOfPage":{"@id":"https:\/\/belux.edmo.eu\/fr\/non-la-protine-spike-induite-par-les-vaccins-anti-covid-nest-pas-sexuellement-transmissible\/#primaryimage"},"image":{"@id":"https:\/\/belux.edmo.eu\/fr\/non-la-protine-spike-induite-par-les-vaccins-anti-covid-nest-pas-sexuellement-transmissible\/#primaryimage"},"thumbnailUrl":"https:\/\/belux.edmo.eu\/wp-content\/uploads\/2022\/02\/4686dcaa553740bc1171c0583ebe66c4-1.jpeg","datePublished":"2022-02-22T16:35:58+00:00","dateModified":"2022-06-30T12:58:18+00:00","breadcrumb":{"@id":"https:\/\/belux.edmo.eu\/fr\/non-la-protine-spike-induite-par-les-vaccins-anti-covid-nest-pas-sexuellement-transmissible\/#breadcrumb"},"inLanguage":"fr-FR","potentialAction":[{"@type":"ReadAction","target":["https:\/\/belux.edmo.eu\/fr\/non-la-protine-spike-induite-par-les-vaccins-anti-covid-nest-pas-sexuellement-transmissible\/"]}]},{"@type":"ImageObject","inLanguage":"fr-FR","@id":"https:\/\/belux.edmo.eu\/fr\/non-la-protine-spike-induite-par-les-vaccins-anti-covid-nest-pas-sexuellement-transmissible\/#primaryimage","url":"https:\/\/belux.edmo.eu\/wp-content\/uploads\/2022\/02\/4686dcaa553740bc1171c0583ebe66c4-1.jpeg","contentUrl":"https:\/\/belux.edmo.eu\/wp-content\/uploads\/2022\/02\/4686dcaa553740bc1171c0583ebe66c4-1.jpeg","width":1080,"height":720},{"@type":"BreadcrumbList","@id":"https:\/\/belux.edmo.eu\/fr\/non-la-protine-spike-induite-par-les-vaccins-anti-covid-nest-pas-sexuellement-transmissible\/#breadcrumb","itemListElement":[{"@type":"ListItem","position":1,"name":"Home","item":"https:\/\/belux.edmo.eu\/fr\/"},{"@type":"ListItem","position":2,"name":"Non, la prot\u00e9ine &#8220;spike&#8221; induite par les vaccins anti-Covid n&#8217;est pas sexuellement transmissible"}]},{"@type":"WebSite","@id":"https:\/\/belux.edmo.eu\/#website","url":"https:\/\/belux.edmo.eu\/","name":"EDMO Belux","description":"Monitoring Disinformation in Belgium and Luxembourg","publisher":{"@id":"https:\/\/belux.edmo.eu\/#organization"},"potentialAction":[{"@type":"SearchAction","target":{"@type":"EntryPoint","urlTemplate":"https:\/\/belux.edmo.eu\/?s={search_term_string}"},"query-input":{"@type":"PropertyValueSpecification","valueRequired":true,"valueName":"search_term_string"}}],"inLanguage":"fr-FR"},{"@type":"Organization","@id":"https:\/\/belux.edmo.eu\/#organization","name":"EDMO Belux","url":"https:\/\/belux.edmo.eu\/","logo":{"@type":"ImageObject","inLanguage":"fr-FR","@id":"https:\/\/belux.edmo.eu\/#\/schema\/logo\/image\/","url":"https:\/\/belux.edmo.eu\/wp-content\/uploads\/2021\/12\/belux-logo-full-color-rgb.svg","contentUrl":"https:\/\/belux.edmo.eu\/wp-content\/uploads\/2021\/12\/belux-logo-full-color-rgb.svg","width":1,"height":1,"caption":"EDMO Belux"},"image":{"@id":"https:\/\/belux.edmo.eu\/#\/schema\/logo\/image\/"},"sameAs":["https:\/\/x.com\/Edmo_Belux"]},{"@type":"Person","@id":"https:\/\/belux.edmo.eu\/#\/schema\/person\/dbe3b252258537fd318f9b5645a30342","name":"master","sameAs":["https:\/\/belux.wpengine.com"],"url":"https:\/\/belux.edmo.eu\/fr\/author\/master\/"}]}},"menu_order":0,"_links":{"self":[{"href":"https:\/\/belux.edmo.eu\/fr\/wp-json\/wp\/v2\/posts\/15742","targetHints":{"allow":["GET"]}}],"collection":[{"href":"https:\/\/belux.edmo.eu\/fr\/wp-json\/wp\/v2\/posts"}],"about":[{"href":"https:\/\/belux.edmo.eu\/fr\/wp-json\/wp\/v2\/types\/post"}],"author":[{"embeddable":true,"href":"https:\/\/belux.edmo.eu\/fr\/wp-json\/wp\/v2\/users\/1"}],"replies":[{"embeddable":true,"href":"https:\/\/belux.edmo.eu\/fr\/wp-json\/wp\/v2\/comments?post=15742"}],"version-history":[{"count":0,"href":"https:\/\/belux.edmo.eu\/fr\/wp-json\/wp\/v2\/posts\/15742\/revisions"}],"wp:featuredmedia":[{"embeddable":true,"href":"https:\/\/belux.edmo.eu\/fr\/wp-json\/wp\/v2\/media\/53545"}],"wp:attachment":[{"href":"https:\/\/belux.edmo.eu\/fr\/wp-json\/wp\/v2\/media?parent=15742"}],"wp:term":[{"taxonomy":"category","embeddable":true,"href":"https:\/\/belux.edmo.eu\/fr\/wp-json\/wp\/v2\/categories?post=15742"},{"taxonomy":"post_tag","embeddable":true,"href":"https:\/\/belux.edmo.eu\/fr\/wp-json\/wp\/v2\/tags?post=15742"}],"curies":[{"name":"wp","href":"https:\/\/api.w.org\/{rel}","templated":true}]}}