{"id":16435,"date":"2022-02-24T14:19:33","date_gmt":"2022-02-24T14:19:33","guid":{"rendered":"https:\/\/belux.wpengine.com\/?p=16435"},"modified":"2022-03-03T14:44:45","modified_gmt":"2022-03-03T14:44:45","slug":"attention-cette-vido-affirmant-montrer-des-avions-russes-dans-le-ciel-ukrainien","status":"publish","type":"post","link":"https:\/\/belux.edmo.eu\/fr\/attention-cette-vido-affirmant-montrer-des-avions-russes-dans-le-ciel-ukrainien\/","title":{"rendered":"Attention \u00e0 cette vid\u00e9o affirmant montrer des avions russes dans le ciel ukrainien"},"content":{"rendered":"<p><b>Une publication vue plusieurs milliers de fois jeudi affirme montrer des avions russes dans le ciel ukrainien apr\u00e8s l&rsquo;annonce par le pr\u00e9sident russe Vladimir Poutine d&rsquo;une intervention militaire en Ukraine. Attention : la vid\u00e9o relay\u00e9e n&rsquo;a pas de lien avec la situation actuelle. Il s&rsquo;agit d&rsquo;un extrait d&rsquo;une vid\u00e9o plus longue diffus\u00e9e en 2020 et montrant la r\u00e9p\u00e9tition de la parade militaire du \u00ab\u00a0jour de la victoire\u00a0\u00bb c\u00e9l\u00e9br\u00e9 chaque 9 mai en Russie pour comm\u00e9morer la victoire sur l&rsquo;Allemagne nazie et la fin de la Seconde Guerre mondiale.<\/b><\/p>\n<p>Depuis l&rsquo;annonce jeudi \u00e0 l&rsquo;aube d&rsquo;une op\u00e9ration militaire russe en Ukraine, les vid\u00e9os et publications se multiplient sur les r\u00e9seaux sociaux o\u00f9 se m\u00ealent informations v\u00e9rifi\u00e9es de journalistes sur le terrain et r\u00e9surgence d&rsquo;images trompeuses, qui ont \u00e9t\u00e9 prises il y a plusieurs ann\u00e9es, parfois sur d&rsquo;autres th\u00e9\u00e2tres et dans d&rsquo;autres contextes.<\/p>\n<p>Parmi ces vid\u00e9os, celle montrant des avions de chasse fr\u00f4ler des immeubles d&rsquo;habitation est rapidement devenue virale et a \u00e9t\u00e9 vue plusieurs milliers de fois en l&rsquo;espace de quelques heures. <em>\u00ab\u00a0Urgent Ukraine : Des avions de combat et des bombardiers russes survolant une ville ukrainienne\u00a0\u00bb<\/em>, peut-on lire sur <a href=\"https:\/\/perma.cc\/L3V6-TGBY\" target=\"_blank\" rel=\"noopener\" shape=\"rect\">une publication <\/a>Facebook en fran\u00e7ais. <em>\u00ab\u00a0Urgent urgent les avions Russes en haut d&rsquo;Ukraine\u00a0\u00bb, <\/em><a href=\"https:\/\/perma.cc\/S2Y6-T6XK\" target=\"_blank\" rel=\"noopener\" shape=\"rect\">indique<\/a> une autre.<em> \u00ab\u00a0Des avions russes dans le ciel Ukrainien. La guerre en Europe vient de commencer.\u2026\u00a0\u00bb, <\/em><a href=\"https:\/\/www.facebook.com\/watch\/?ref=search&amp;v=1089457818280813&amp;external_log_id=24234eee-5a59-4069-a555-34af0ebad339&amp;q=la%20guerre%20en%20europe%20vient%20de%20commencer\" target=\"_blank\" rel=\"noopener\" shape=\"rect\">commente<\/a> un autre internaute.<\/p>\n<div class=\"g2web\" style=\"text-align: center;\"><iframe style=\"border: none; overflow: hidden;\" src=\"https:\/\/www.facebook.com\/plugins\/video.php?height=476&amp;href=https%3A%2F%2Fwww.facebook.com%2FClickOInfos%2Fvideos%2F655157838962732%2F&amp;show_text=false&amp;width=352&amp;t=0\" width=\"352\" height=\"476\" frameborder=\"0\" scrolling=\"no\" allowfullscreen=\"allowfullscreen\" data-mce-fragment=\"1\"><\/iframe><\/div>\n<p>D&rsquo;autres contenus similaires (<a href=\"https:\/\/perma.cc\/PV4W-D3Y8\" target=\"_blank\" rel=\"noopener\" shape=\"rect\">ici<\/a> ou encore <a href=\"https:\/\/perma.cc\/UH3E-HM96\" target=\"_blank\" rel=\"noopener\" shape=\"rect\">ici<\/a>) ont \u00e9galement \u00e9t\u00e9 vus plusieurs milliers de fois depuis leur mise en ligne jeudi matin. La vid\u00e9o est \u00e9galement reprise par des m\u00e9dias indiens, comme Times Now qui l&rsquo;a relay\u00e9e sur<a href=\"https:\/\/twitter.com\/TimesNow\/status\/1496759526548144130\" target=\"_blank\" rel=\"noopener\" shape=\"rect\"> son compte Twitter<\/a>.<\/p>\n<div class=\"g2web\" style=\"text-align: center;\">\n<blockquote class=\"twitter-tweet\"><p><a href=\"https:\/\/twitter.com\/hashtag\/RussiaUkraineCrisis?src=hash&amp;ref_src=twsrc%5Etfw\" target=\"_blank\" rel=\"noopener\" shape=\"rect\">#RussiaUkraineCrisis<\/a>: Ukraine says 5 Russian planes, 1 helicopter shot down in Luhansk<a href=\"https:\/\/twitter.com\/hashtag\/PutinOnTheMarch?src=hash&amp;ref_src=twsrc%5Etfw\" target=\"_blank\" rel=\"noopener\" shape=\"rect\">#PutinOnTheMarch<\/a><a href=\"https:\/\/twitter.com\/hashtag\/Russia?src=hash&amp;ref_src=twsrc%5Etfw\" target=\"_blank\" rel=\"noopener\" shape=\"rect\">#Russia<\/a><a href=\"https:\/\/twitter.com\/hashtag\/Ukraine?src=hash&amp;ref_src=twsrc%5Etfw\" target=\"_blank\" rel=\"noopener\" shape=\"rect\">#Ukraine<\/a><a href=\"https:\/\/t.co\/yl1SR70lhc\" target=\"_blank\" rel=\"noopener\" shape=\"rect\">pic.twitter.com\/yl1SR70lhc<\/a><\/p>\n<p>\u2014 TIMES NOW (@TimesNow) <a href=\"https:\/\/twitter.com\/TimesNow\/status\/1496759526548144130?ref_src=twsrc%5Etfw\" target=\"_blank\" rel=\"noopener\" shape=\"rect\">February 24, 2022<\/a><\/p><\/blockquote>\n<p><script async=\"\" charset=\"utf-8\" src=\"https:\/\/platform.twitter.com\/widgets.js\" xml:space=\"preserve\"><\/script><\/p>\n<\/div>\n<p>Attention : si des <a href=\"https:\/\/www.lapresse.ca\/international\/europe\/2022-02-24\/guerre-en-ukraine\/l-invasion-russe-aurait-deja-fait-50-morts-selon-kiev.php#:~:text=(Kiev)%20Vladimir%20Poutine%20a%20lanc%C3%A9,dont%20une%20dizaine%20de%20civils.\" target=\"_blank\" rel=\"noopener\" shape=\"rect\">frappes a\u00e9riennes russes ont bien \u00e9t\u00e9 men\u00e9es <\/a>jeudi matin dans le sillage de l&rsquo;allocution de Vladimir Poutine, <strong>la vid\u00e9o elle n&rsquo;a aucun lien avec la situation actuelle en Ukraine. <\/strong><\/p>\n<p><strong>Une rapide recherche par image invers\u00e9e sur Yandex, le moteur de recherche russe, renvoie sur une vid\u00e9o plus longue diffus\u00e9e en 2020 et montrant<\/strong><strong> une r\u00e9p\u00e9tition g\u00e9n\u00e9rale de la \u00ab\u00a0parade de la victoire\u00a0\u00bb organis\u00e9e chaque ann\u00e9e le 9 mai en Russie <\/strong>pour comm\u00e9morer la fin de la Seconde Guerre mondiale.<\/p>\n<p>On la retrouve \u00e9galement sur <a href=\"https:\/\/www.youtube.com\/watch?v=JQkO5XsQMag\" target=\"_blank\" rel=\"noopener\" shape=\"rect\">Youtube<\/a> avec pour l\u00e9gende, en russe, <em>\u00ab\u00a0r\u00e9p\u00e9tition de la Parade de la Victoire 2020. Partie a\u00e9rienne. Vol d&rsquo;avions au-dessus de Moscou, Touchino (04.05.2020)\u00a0\u00bb<\/em>. L&rsquo;extrait publi\u00e9 sur les r\u00e9seaux sociaux jeudi matin est visible \u00e0 partir de 1&rsquo;14.<\/p>\n<div class=\"g2web\" style=\"text-align: center;\"><iframe title=\"YouTube video player\" src=\"https:\/\/www.youtube.com\/embed\/JQkO5XsQMag\" width=\"560\" height=\"315\" frameborder=\"0\" scrolling=\"auto\" allowfullscreen=\"allowfullscreen\" data-mce-fragment=\"1\"><\/iframe><\/div>\n<p>Dans les banques d&rsquo;images des agences de photos et de presse, on retrouve \u00e9galement trace de cette r\u00e9p\u00e9tition de parade a\u00e9rienne, <a href=\"https:\/\/www.alamy.com\/moscow-russia-may-4-2020-sukhoi-su-30sm-fighter-jets-of-the-russkiye-vityazi-russian-knights-aerobatic-team-and-mikoyan-mig-29-fighter-jets-of-the-strizhi-swifts-aerobatic-team-fly-in-formation-over-lesnaya-street-in-moscow-during-a-rehearsal-for-the-forthcoming-9-may-victory-day-air-show-despite-the-ongoing-covid-19-pandemic-victory-day-air-shows-featuring-russian-military-aircraft-are-to-take-place-in-cities-across-russia-this-year-russia-is-celebrating-the-75th-anniversary-of-soviet-victory-in-the-great-patriotic-war-part-of-wwii-artyom-geodakyantass-image356224666.html\" target=\"_blank\" rel=\"noopener\" shape=\"rect\">ici<\/a> ou encore <a href=\"https:\/\/www.alamy.com\/moscow-russia-may-4-2020-sukhoi-su-30sm-fighter-jets-of-the-russkiye-vityazi-russian-knights-aerobatic-team-and-mikoyan-mig-29-fighter-jets-of-the-strizhi-swifts-aerobatic-team-fly-in-formation-over-lesnaya-street-in-moscow-during-a-rehearsal-for-the-forthcoming-9-may-victory-day-air-show-despite-the-ongoing-covid-19-pandemic-victory-day-air-shows-featuring-russian-military-aircraft-are-to-take-place-in-cities-across-russia-this-year-russia-is-celebrating-the-75th-anniversary-of-soviet-victory-in-the-great-patriotic-war-part-of-wwii-artyom-geodakyantass-image356224967.html\" target=\"_blank\" rel=\"noopener\" shape=\"rect\">ici<\/a> avec notamment les avions de chasse Sukhoi Su-30SM des Chevaliers russes, patrouille acrobatique de l&rsquo;arm\u00e9e de l&rsquo;air russe.<\/p>\n<div id=\"wysiwyg\" class=\"ww-item image\"><img class=\"lazyload blur-up\" src=\"https:\/\/belux.wpengine.com\/wp-content\/uploads\/2022\/02\/2022022417-284c0d3eb0ebd7e975686d52b0a27827-1.jpeg\" data-original=\"\" \/><\/div>\n<p>Le jour J, le 9 mai 2020, l&rsquo;AFP avait <a href=\"https:\/\/www.cnews.fr\/monde\/2020-05-09\/poutine-celebre-la-russie-invincible-lors-de-modestes-commemorations-de-1945-955124\" target=\"_blank\" rel=\"noopener\" shape=\"rect\">fait \u00e9tat <\/a>du volet a\u00e9rien du traditionnel d\u00e9fil\u00e9 militaire, \u00e9voquant des <em>\u00ab\u00a0dizaines d&rsquo;avions de chasse, de reconnaissance et de ravitaillement ainsi que des h\u00e9licopt\u00e8res\u00a0\u00bb<\/em> survolant Moscou. Un photographe avait notamment immortalis\u00e9, des avions de chasse Sukhoi Su-57 de cinqui\u00e8me g\u00e9n\u00e9ration au-dessus du Kremlin et de la place Rouge.<\/p>\n<div id=\"wysiwyg\" class=\"ww-item image\"><img class=\"lazyload blur-up\" src=\"https:\/\/belux.wpengine.com\/wp-content\/uploads\/2022\/02\/2022022417-3308e1b4e36935b8b394379521d27e64.jpeg\" data-original=\"\" \/><span class=\"legend\"> ( AFP \/ YURI KADOBNOV)<\/span><\/div>\n<p>Le recyclage et la diffusion de cette vid\u00e9o, par erreur ou \u00e0 dessein, s&rsquo;inscrit dans une vague de d\u00e9sinformation qui s&rsquo;est consid\u00e9rablement intensifi\u00e9e ces derni\u00e8res semaines au rythme des tensions diplomatiques et militaires entre la Russie et l&rsquo;Ukraine. L&rsquo;AFP factuel a <a href=\"\/doc.afp.com.323Q7N9\" target=\"_blank\" rel=\"noopener\" shape=\"rect\">v\u00e9rifi\u00e9 <\/a>plusieurs de ces infox contre lesquelles l&rsquo;Union europ\u00e9enne a r\u00e9cemment <a href=\"https:\/\/www.lavenir.net\/cnt\/dmf20220220_01665864\/ukraine-l-ue-met-en-garde-contre-une-manipulation-de-l-information-zelensky-ne-ripostera-pas-aux-provocations-russes\" target=\"_blank\" rel=\"noopener\" shape=\"rect\">mis en garde<\/a>, s&rsquo;inqui\u00e9tant d&rsquo;une <em>\u00ab\u00a0intensification des efforts de manipulation de l&rsquo;information\u00a0\u00bb. <\/em><\/p>\n","protected":false},"excerpt":{"rendered":"<p>Depuis l&rsquo;annonce jeudi \u00e0 l&rsquo;aube d&rsquo;une op\u00e9ration militaire russe en Ukraine, les vid\u00e9os et publications se multiplient sur les r\u00e9seaux sociaux o\u00f9 se m\u00ealent informations v\u00e9rifi\u00e9es de journalistes sur le terrain et r\u00e9surgence d&rsquo;images trompeuses, qui ont \u00e9t\u00e9 prises il y a plusieurs ann\u00e9es, parfois sur d&rsquo;autres th\u00e9\u00e2tres et dans d&rsquo;autres contextes.<\/p>\n","protected":false},"author":1,"featured_media":16430,"comment_status":"closed","ping_status":"open","sticky":false,"template":"","format":"standard","meta":{"_acf_changed":false,"footnotes":""},"categories":[125,132,214],"tags":[],"class_list":{"0":"post-16435","1":"post","2":"type-post","3":"status-publish","4":"format-standard","5":"has-post-thumbnail","7":"category-fact-check-fr","8":"category-politique","9":"category-ukraine-fr"},"acf":{"show_metatags":true,"id":"46941","authors":"Marine PENNETIER, AFP France","organization":"AFP","featured_image_copyright":"","text_copyright":"\u00a9 AGENCE FRANCE-PRESSE | 2022 | Tous droits r\u00e9serv\u00e9s. L\u2019acc\u00e8s aux contenus de l'AFP publi\u00e9s sur ce site et, le cas \u00e9ch\u00e9ant, leur utilisation sont soumis aux conditions g\u00e9n\u00e9rales d'utilisation disponibles sur <a href='https:\/\/www.afp.com\/fr\/cgu' target='_blank'>CGU<\/a>. Par cons\u00e9quent, en acc\u00e9dant aux contenus de l\u2019AFP publi\u00e9s sur ce site, et en les utilisant, le cas \u00e9ch\u00e9ant, vous acceptez d'\u00eatre li\u00e9 par les conditions g\u00e9n\u00e9rales d'utilisation susmentionn\u00e9es. L\u2019utilisation de contenus de l'AFP se fait sous votre seule et enti\u00e8re responsabilit\u00e9.","source":"https:\/\/factuel.afp.com\/doc.afp.com.323U2KR","fact_checker":"https:\/\/belux.wpengine.com\/wp-content\/uploads\/2021\/12\/afp_logo.png","fact_checker_logo_image":false},"yoast_head":"<!-- This site is optimized with the Yoast SEO plugin v27.0 - https:\/\/yoast.com\/product\/yoast-seo-wordpress\/ -->\n<title>Attention \u00e0 cette vid\u00e9o affirmant montrer des avions russes dans le ciel ukrainien - EDMO Belux<\/title>\n<meta name=\"robots\" content=\"index, follow, max-snippet:-1, max-image-preview:large, max-video-preview:-1\" \/>\n<link rel=\"canonical\" href=\"https:\/\/belux.edmo.eu\/fr\/attention-cette-vido-affirmant-montrer-des-avions-russes-dans-le-ciel-ukrainien\/\" \/>\n<meta property=\"og:locale\" content=\"fr_FR\" \/>\n<meta property=\"og:type\" content=\"article\" \/>\n<meta property=\"og:title\" content=\"Attention \u00e0 cette vid\u00e9o affirmant montrer des avions russes dans le ciel ukrainien - EDMO Belux\" \/>\n<meta property=\"og:description\" content=\"Depuis l&#039;annonce jeudi \u00e0 l&#039;aube d&#039;une op\u00e9ration militaire russe en Ukraine, les vid\u00e9os et publications se multiplient sur les r\u00e9seaux sociaux o\u00f9 se m\u00ealent informations v\u00e9rifi\u00e9es de journalistes sur le terrain et r\u00e9surgence d&#039;images trompeuses, qui ont \u00e9t\u00e9 prises il y a plusieurs ann\u00e9es, parfois sur d&#039;autres th\u00e9\u00e2tres et dans d&#039;autres contextes.\" \/>\n<meta property=\"og:url\" content=\"https:\/\/belux.edmo.eu\/fr\/attention-cette-vido-affirmant-montrer-des-avions-russes-dans-le-ciel-ukrainien\/\" \/>\n<meta property=\"og:site_name\" content=\"EDMO Belux\" \/>\n<meta property=\"article:published_time\" content=\"2022-02-24T14:19:33+00:00\" \/>\n<meta property=\"article:modified_time\" content=\"2022-03-03T14:44:45+00:00\" \/>\n<meta property=\"og:image\" content=\"https:\/\/belux.edmo.eu\/wp-content\/uploads\/2022\/02\/b0321d80d11be81d8daf65782868963b.jpeg\" \/>\n\t<meta property=\"og:image:width\" content=\"1080\" \/>\n\t<meta property=\"og:image:height\" content=\"540\" \/>\n\t<meta property=\"og:image:type\" content=\"image\/jpeg\" \/>\n<meta name=\"author\" content=\"master\" \/>\n<meta name=\"twitter:card\" content=\"summary_large_image\" \/>\n<meta name=\"twitter:creator\" content=\"@Edmo_Belux\" \/>\n<meta name=\"twitter:site\" content=\"@Edmo_Belux\" \/>\n<meta name=\"twitter:label1\" content=\"\u00c9crit par\" \/>\n\t<meta name=\"twitter:data1\" content=\"master\" \/>\n\t<meta name=\"twitter:label2\" content=\"Dur\u00e9e de lecture estim\u00e9e\" \/>\n\t<meta name=\"twitter:data2\" content=\"3 minutes\" \/>\n<script type=\"application\/ld+json\" class=\"yoast-schema-graph\">{\"@context\":\"https:\/\/schema.org\",\"@graph\":[{\"@type\":\"Article\",\"@id\":\"https:\/\/belux.edmo.eu\/fr\/attention-cette-vido-affirmant-montrer-des-avions-russes-dans-le-ciel-ukrainien\/#article\",\"isPartOf\":{\"@id\":\"https:\/\/belux.edmo.eu\/fr\/attention-cette-vido-affirmant-montrer-des-avions-russes-dans-le-ciel-ukrainien\/\"},\"author\":{\"name\":\"master\",\"@id\":\"https:\/\/belux.edmo.eu\/#\/schema\/person\/dbe3b252258537fd318f9b5645a30342\"},\"headline\":\"Attention \u00e0 cette vid\u00e9o affirmant montrer des avions russes dans le ciel ukrainien\",\"datePublished\":\"2022-02-24T14:19:33+00:00\",\"dateModified\":\"2022-03-03T14:44:45+00:00\",\"mainEntityOfPage\":{\"@id\":\"https:\/\/belux.edmo.eu\/fr\/attention-cette-vido-affirmant-montrer-des-avions-russes-dans-le-ciel-ukrainien\/\"},\"wordCount\":676,\"publisher\":{\"@id\":\"https:\/\/belux.edmo.eu\/#organization\"},\"image\":{\"@id\":\"https:\/\/belux.edmo.eu\/fr\/attention-cette-vido-affirmant-montrer-des-avions-russes-dans-le-ciel-ukrainien\/#primaryimage\"},\"thumbnailUrl\":\"https:\/\/belux.edmo.eu\/wp-content\/uploads\/2022\/02\/b0321d80d11be81d8daf65782868963b.jpeg\",\"articleSection\":[\"Fact-Check\",\"Politique\",\"Ukraine\"],\"inLanguage\":\"fr-FR\"},{\"@type\":\"WebPage\",\"@id\":\"https:\/\/belux.edmo.eu\/fr\/attention-cette-vido-affirmant-montrer-des-avions-russes-dans-le-ciel-ukrainien\/\",\"url\":\"https:\/\/belux.edmo.eu\/fr\/attention-cette-vido-affirmant-montrer-des-avions-russes-dans-le-ciel-ukrainien\/\",\"name\":\"Attention \u00e0 cette vid\u00e9o affirmant montrer des avions russes dans le ciel ukrainien - EDMO Belux\",\"isPartOf\":{\"@id\":\"https:\/\/belux.edmo.eu\/#website\"},\"primaryImageOfPage\":{\"@id\":\"https:\/\/belux.edmo.eu\/fr\/attention-cette-vido-affirmant-montrer-des-avions-russes-dans-le-ciel-ukrainien\/#primaryimage\"},\"image\":{\"@id\":\"https:\/\/belux.edmo.eu\/fr\/attention-cette-vido-affirmant-montrer-des-avions-russes-dans-le-ciel-ukrainien\/#primaryimage\"},\"thumbnailUrl\":\"https:\/\/belux.edmo.eu\/wp-content\/uploads\/2022\/02\/b0321d80d11be81d8daf65782868963b.jpeg\",\"datePublished\":\"2022-02-24T14:19:33+00:00\",\"dateModified\":\"2022-03-03T14:44:45+00:00\",\"breadcrumb\":{\"@id\":\"https:\/\/belux.edmo.eu\/fr\/attention-cette-vido-affirmant-montrer-des-avions-russes-dans-le-ciel-ukrainien\/#breadcrumb\"},\"inLanguage\":\"fr-FR\",\"potentialAction\":[{\"@type\":\"ReadAction\",\"target\":[\"https:\/\/belux.edmo.eu\/fr\/attention-cette-vido-affirmant-montrer-des-avions-russes-dans-le-ciel-ukrainien\/\"]}]},{\"@type\":\"ImageObject\",\"inLanguage\":\"fr-FR\",\"@id\":\"https:\/\/belux.edmo.eu\/fr\/attention-cette-vido-affirmant-montrer-des-avions-russes-dans-le-ciel-ukrainien\/#primaryimage\",\"url\":\"https:\/\/belux.edmo.eu\/wp-content\/uploads\/2022\/02\/b0321d80d11be81d8daf65782868963b.jpeg\",\"contentUrl\":\"https:\/\/belux.edmo.eu\/wp-content\/uploads\/2022\/02\/b0321d80d11be81d8daf65782868963b.jpeg\",\"width\":1080,\"height\":540,\"caption\":\"Attention \u00e0 cette vid\u00e9o affirmant montrer des avions russes dans le ciel ukrainien - Featured image\"},{\"@type\":\"BreadcrumbList\",\"@id\":\"https:\/\/belux.edmo.eu\/fr\/attention-cette-vido-affirmant-montrer-des-avions-russes-dans-le-ciel-ukrainien\/#breadcrumb\",\"itemListElement\":[{\"@type\":\"ListItem\",\"position\":1,\"name\":\"Home\",\"item\":\"https:\/\/belux.edmo.eu\/fr\/\"},{\"@type\":\"ListItem\",\"position\":2,\"name\":\"Attention \u00e0 cette vid\u00e9o affirmant montrer des avions russes dans le ciel ukrainien\"}]},{\"@type\":\"WebSite\",\"@id\":\"https:\/\/belux.edmo.eu\/#website\",\"url\":\"https:\/\/belux.edmo.eu\/\",\"name\":\"EDMO Belux\",\"description\":\"Monitoring Disinformation in Belgium and Luxembourg\",\"publisher\":{\"@id\":\"https:\/\/belux.edmo.eu\/#organization\"},\"potentialAction\":[{\"@type\":\"SearchAction\",\"target\":{\"@type\":\"EntryPoint\",\"urlTemplate\":\"https:\/\/belux.edmo.eu\/?s={search_term_string}\"},\"query-input\":{\"@type\":\"PropertyValueSpecification\",\"valueRequired\":true,\"valueName\":\"search_term_string\"}}],\"inLanguage\":\"fr-FR\"},{\"@type\":\"Organization\",\"@id\":\"https:\/\/belux.edmo.eu\/#organization\",\"name\":\"EDMO Belux\",\"url\":\"https:\/\/belux.edmo.eu\/\",\"logo\":{\"@type\":\"ImageObject\",\"inLanguage\":\"fr-FR\",\"@id\":\"https:\/\/belux.edmo.eu\/#\/schema\/logo\/image\/\",\"url\":\"https:\/\/belux.edmo.eu\/wp-content\/uploads\/2021\/12\/belux-logo-full-color-rgb.svg\",\"contentUrl\":\"https:\/\/belux.edmo.eu\/wp-content\/uploads\/2021\/12\/belux-logo-full-color-rgb.svg\",\"width\":1,\"height\":1,\"caption\":\"EDMO Belux\"},\"image\":{\"@id\":\"https:\/\/belux.edmo.eu\/#\/schema\/logo\/image\/\"},\"sameAs\":[\"https:\/\/x.com\/Edmo_Belux\"]},{\"@type\":\"Person\",\"@id\":\"https:\/\/belux.edmo.eu\/#\/schema\/person\/dbe3b252258537fd318f9b5645a30342\",\"name\":\"master\",\"sameAs\":[\"https:\/\/belux.wpengine.com\"],\"url\":\"https:\/\/belux.edmo.eu\/fr\/author\/master\/\"}]}<\/script>\n<!-- \/ Yoast SEO plugin. -->","yoast_head_json":{"title":"Attention \u00e0 cette vid\u00e9o affirmant montrer des avions russes dans le ciel ukrainien - EDMO Belux","robots":{"index":"index","follow":"follow","max-snippet":"max-snippet:-1","max-image-preview":"max-image-preview:large","max-video-preview":"max-video-preview:-1"},"canonical":"https:\/\/belux.edmo.eu\/fr\/attention-cette-vido-affirmant-montrer-des-avions-russes-dans-le-ciel-ukrainien\/","og_locale":"fr_FR","og_type":"article","og_title":"Attention \u00e0 cette vid\u00e9o affirmant montrer des avions russes dans le ciel ukrainien - EDMO Belux","og_description":"Depuis l'annonce jeudi \u00e0 l'aube d'une op\u00e9ration militaire russe en Ukraine, les vid\u00e9os et publications se multiplient sur les r\u00e9seaux sociaux o\u00f9 se m\u00ealent informations v\u00e9rifi\u00e9es de journalistes sur le terrain et r\u00e9surgence d'images trompeuses, qui ont \u00e9t\u00e9 prises il y a plusieurs ann\u00e9es, parfois sur d'autres th\u00e9\u00e2tres et dans d'autres contextes.","og_url":"https:\/\/belux.edmo.eu\/fr\/attention-cette-vido-affirmant-montrer-des-avions-russes-dans-le-ciel-ukrainien\/","og_site_name":"EDMO Belux","article_published_time":"2022-02-24T14:19:33+00:00","article_modified_time":"2022-03-03T14:44:45+00:00","og_image":[{"width":1080,"height":540,"url":"https:\/\/belux.edmo.eu\/wp-content\/uploads\/2022\/02\/b0321d80d11be81d8daf65782868963b.jpeg","type":"image\/jpeg"}],"author":"master","twitter_card":"summary_large_image","twitter_creator":"@Edmo_Belux","twitter_site":"@Edmo_Belux","twitter_misc":{"\u00c9crit par":"master","Dur\u00e9e de lecture estim\u00e9e":"3 minutes"},"schema":{"@context":"https:\/\/schema.org","@graph":[{"@type":"Article","@id":"https:\/\/belux.edmo.eu\/fr\/attention-cette-vido-affirmant-montrer-des-avions-russes-dans-le-ciel-ukrainien\/#article","isPartOf":{"@id":"https:\/\/belux.edmo.eu\/fr\/attention-cette-vido-affirmant-montrer-des-avions-russes-dans-le-ciel-ukrainien\/"},"author":{"name":"master","@id":"https:\/\/belux.edmo.eu\/#\/schema\/person\/dbe3b252258537fd318f9b5645a30342"},"headline":"Attention \u00e0 cette vid\u00e9o affirmant montrer des avions russes dans le ciel ukrainien","datePublished":"2022-02-24T14:19:33+00:00","dateModified":"2022-03-03T14:44:45+00:00","mainEntityOfPage":{"@id":"https:\/\/belux.edmo.eu\/fr\/attention-cette-vido-affirmant-montrer-des-avions-russes-dans-le-ciel-ukrainien\/"},"wordCount":676,"publisher":{"@id":"https:\/\/belux.edmo.eu\/#organization"},"image":{"@id":"https:\/\/belux.edmo.eu\/fr\/attention-cette-vido-affirmant-montrer-des-avions-russes-dans-le-ciel-ukrainien\/#primaryimage"},"thumbnailUrl":"https:\/\/belux.edmo.eu\/wp-content\/uploads\/2022\/02\/b0321d80d11be81d8daf65782868963b.jpeg","articleSection":["Fact-Check","Politique","Ukraine"],"inLanguage":"fr-FR"},{"@type":"WebPage","@id":"https:\/\/belux.edmo.eu\/fr\/attention-cette-vido-affirmant-montrer-des-avions-russes-dans-le-ciel-ukrainien\/","url":"https:\/\/belux.edmo.eu\/fr\/attention-cette-vido-affirmant-montrer-des-avions-russes-dans-le-ciel-ukrainien\/","name":"Attention \u00e0 cette vid\u00e9o affirmant montrer des avions russes dans le ciel ukrainien - EDMO Belux","isPartOf":{"@id":"https:\/\/belux.edmo.eu\/#website"},"primaryImageOfPage":{"@id":"https:\/\/belux.edmo.eu\/fr\/attention-cette-vido-affirmant-montrer-des-avions-russes-dans-le-ciel-ukrainien\/#primaryimage"},"image":{"@id":"https:\/\/belux.edmo.eu\/fr\/attention-cette-vido-affirmant-montrer-des-avions-russes-dans-le-ciel-ukrainien\/#primaryimage"},"thumbnailUrl":"https:\/\/belux.edmo.eu\/wp-content\/uploads\/2022\/02\/b0321d80d11be81d8daf65782868963b.jpeg","datePublished":"2022-02-24T14:19:33+00:00","dateModified":"2022-03-03T14:44:45+00:00","breadcrumb":{"@id":"https:\/\/belux.edmo.eu\/fr\/attention-cette-vido-affirmant-montrer-des-avions-russes-dans-le-ciel-ukrainien\/#breadcrumb"},"inLanguage":"fr-FR","potentialAction":[{"@type":"ReadAction","target":["https:\/\/belux.edmo.eu\/fr\/attention-cette-vido-affirmant-montrer-des-avions-russes-dans-le-ciel-ukrainien\/"]}]},{"@type":"ImageObject","inLanguage":"fr-FR","@id":"https:\/\/belux.edmo.eu\/fr\/attention-cette-vido-affirmant-montrer-des-avions-russes-dans-le-ciel-ukrainien\/#primaryimage","url":"https:\/\/belux.edmo.eu\/wp-content\/uploads\/2022\/02\/b0321d80d11be81d8daf65782868963b.jpeg","contentUrl":"https:\/\/belux.edmo.eu\/wp-content\/uploads\/2022\/02\/b0321d80d11be81d8daf65782868963b.jpeg","width":1080,"height":540,"caption":"Attention \u00e0 cette vid\u00e9o affirmant montrer des avions russes dans le ciel ukrainien - Featured image"},{"@type":"BreadcrumbList","@id":"https:\/\/belux.edmo.eu\/fr\/attention-cette-vido-affirmant-montrer-des-avions-russes-dans-le-ciel-ukrainien\/#breadcrumb","itemListElement":[{"@type":"ListItem","position":1,"name":"Home","item":"https:\/\/belux.edmo.eu\/fr\/"},{"@type":"ListItem","position":2,"name":"Attention \u00e0 cette vid\u00e9o affirmant montrer des avions russes dans le ciel ukrainien"}]},{"@type":"WebSite","@id":"https:\/\/belux.edmo.eu\/#website","url":"https:\/\/belux.edmo.eu\/","name":"EDMO Belux","description":"Monitoring Disinformation in Belgium and Luxembourg","publisher":{"@id":"https:\/\/belux.edmo.eu\/#organization"},"potentialAction":[{"@type":"SearchAction","target":{"@type":"EntryPoint","urlTemplate":"https:\/\/belux.edmo.eu\/?s={search_term_string}"},"query-input":{"@type":"PropertyValueSpecification","valueRequired":true,"valueName":"search_term_string"}}],"inLanguage":"fr-FR"},{"@type":"Organization","@id":"https:\/\/belux.edmo.eu\/#organization","name":"EDMO Belux","url":"https:\/\/belux.edmo.eu\/","logo":{"@type":"ImageObject","inLanguage":"fr-FR","@id":"https:\/\/belux.edmo.eu\/#\/schema\/logo\/image\/","url":"https:\/\/belux.edmo.eu\/wp-content\/uploads\/2021\/12\/belux-logo-full-color-rgb.svg","contentUrl":"https:\/\/belux.edmo.eu\/wp-content\/uploads\/2021\/12\/belux-logo-full-color-rgb.svg","width":1,"height":1,"caption":"EDMO Belux"},"image":{"@id":"https:\/\/belux.edmo.eu\/#\/schema\/logo\/image\/"},"sameAs":["https:\/\/x.com\/Edmo_Belux"]},{"@type":"Person","@id":"https:\/\/belux.edmo.eu\/#\/schema\/person\/dbe3b252258537fd318f9b5645a30342","name":"master","sameAs":["https:\/\/belux.wpengine.com"],"url":"https:\/\/belux.edmo.eu\/fr\/author\/master\/"}]}},"menu_order":0,"_links":{"self":[{"href":"https:\/\/belux.edmo.eu\/fr\/wp-json\/wp\/v2\/posts\/16435","targetHints":{"allow":["GET"]}}],"collection":[{"href":"https:\/\/belux.edmo.eu\/fr\/wp-json\/wp\/v2\/posts"}],"about":[{"href":"https:\/\/belux.edmo.eu\/fr\/wp-json\/wp\/v2\/types\/post"}],"author":[{"embeddable":true,"href":"https:\/\/belux.edmo.eu\/fr\/wp-json\/wp\/v2\/users\/1"}],"replies":[{"embeddable":true,"href":"https:\/\/belux.edmo.eu\/fr\/wp-json\/wp\/v2\/comments?post=16435"}],"version-history":[{"count":0,"href":"https:\/\/belux.edmo.eu\/fr\/wp-json\/wp\/v2\/posts\/16435\/revisions"}],"wp:featuredmedia":[{"embeddable":true,"href":"https:\/\/belux.edmo.eu\/fr\/wp-json\/wp\/v2\/media\/16430"}],"wp:attachment":[{"href":"https:\/\/belux.edmo.eu\/fr\/wp-json\/wp\/v2\/media?parent=16435"}],"wp:term":[{"taxonomy":"category","embeddable":true,"href":"https:\/\/belux.edmo.eu\/fr\/wp-json\/wp\/v2\/categories?post=16435"},{"taxonomy":"post_tag","embeddable":true,"href":"https:\/\/belux.edmo.eu\/fr\/wp-json\/wp\/v2\/tags?post=16435"}],"curies":[{"name":"wp","href":"https:\/\/api.w.org\/{rel}","templated":true}]}}