{"id":193804,"date":"2022-11-10T13:56:34","date_gmt":"2022-11-10T13:56:34","guid":{"rendered":"https:\/\/belux.edmo.eu\/?p=193804"},"modified":"2022-11-12T14:14:18","modified_gmt":"2022-11-12T14:14:18","slug":"un-faux-compte-twitter-annonce-tort-la-mort-de-lancien-prsident-amricain-jimmy-carter","status":"publish","type":"post","link":"https:\/\/belux.edmo.eu\/fr\/un-faux-compte-twitter-annonce-tort-la-mort-de-lancien-prsident-amricain-jimmy-carter\/","title":{"rendered":"Un faux compte Twitter annonce, \u00e0 tort, la mort de l\u2019ancien pr\u00e9sident am\u00e9ricain Jimmy Carter"},"content":{"rendered":"<p><strong>Contrairement \u00e0 ce qu&rsquo;a annonc\u00e9 ce matin le compte Twitter @CarterCenterUS, l&rsquo;ancien pr\u00e9sident des \u00c9tats-Unis, Jimmy Carter, n\u2019est pas mort. Ce compte est un faux et n&rsquo;\u00e9tait pas certifi\u00e9, et a ainsi pu \u00eatre rapidement\u00a0suspendu.\u00a0Mais les derniers changements sur Twitter pourraient compliquer la d\u00e9tection des fausses informations, la mod\u00e9ration ou\u00a0la suspension de certaines sources de d\u00e9sinformation sur le r\u00e9seau social.<\/strong><\/p>\n<div>\n<div>\n<div>\n<div>\n<p>\u00ab\u00a0Urgent. Le Centre Carter annonce la mort de Jimmy Carter, le 39e\u00a0pr\u00e9sident des Etats-Unis\u00a0\u00bb. Le tweet a \u00e9t\u00e9 publi\u00e9 peu avant 9\u00a0heures (CET \u2013 heure de Bruxelles) ce 10\u00a0novembre 2022 par le compte\u00a0@CarterCenterUS, suivi par pr\u00e8s de 14.000 abonn\u00e9s.<\/p>\n<p>Tr\u00e8s rapidement, des messages de condol\u00e9ances affluent sur le r\u00e9seau social \u00e0 l\u2019oiseau bleu, notamment de personnalit\u00e9s politiques telles que\u00a0<a href=\"https:\/\/perma.cc\/KW87-W7M2\">la parlementaire\u00a0\u00e9cossaise\u00a0Joanna Cherry<\/a>\u00a0ou\u00a0<a href=\"https:\/\/perma.cc\/C5SM-ECHG\">le diplomate irlandais Bobby McDonagh<\/a>.<\/p>\n<\/div>\n<\/div>\n<\/div>\n<\/div>\n<div>\n<div>\n<div>\n<div>\n<div><img src=\"https:\/\/ds.static.rtbf.be\/article\/image\/1920xAuto\/2\/2\/0\/3328bdf9a4b9504b9398284244fe97c2-1668082706.png\" sizes=\"(min-width: 760px) 656px, calc(90.91vw - 17px)\" srcset=\"https:\/\/ds.static.rtbf.be\/article\/image\/180xAuto\/2\/2\/0\/3328bdf9a4b9504b9398284244fe97c2-1668082706.png 180w, https:\/\/ds.static.rtbf.be\/article\/image\/370xAuto\/2\/2\/0\/3328bdf9a4b9504b9398284244fe97c2-1668082706.png 370w, https:\/\/ds.static.rtbf.be\/article\/image\/770xAuto\/2\/2\/0\/3328bdf9a4b9504b9398284244fe97c2-1668082706.png 770w, https:\/\/ds.static.rtbf.be\/article\/image\/1248xAuto\/2\/2\/0\/3328bdf9a4b9504b9398284244fe97c2-1668082706.png 1248w, https:\/\/ds.static.rtbf.be\/article\/image\/1920xAuto\/2\/2\/0\/3328bdf9a4b9504b9398284244fe97c2-1668082706.png 1920w\" alt=\"\" data-nimg=\"fill\" \/><\/div>\n<\/div>\n<div>Capture d\u2019\u00e9cran Twitter<\/div>\n<\/div>\n<\/div>\n<\/div>\n<div>\n<div>\n<div>\n<h2>Un faux compte Twitter\u00a0: plus facile \u00e0 rep\u00e9rer car non-certifi\u00e9<\/h2>\n<\/div>\n<\/div>\n<\/div>\n<div>\n<div>\n<div>\n<div>\n<p>Sauf qu\u2019il n\u2019en est rien.\u00a0Le compte @CarterCenterUS est en r\u00e9alit\u00e9 un\u00a0faux duplicata\u00a0du compte de\u00a0la fondation Carter, intitul\u00e9\u00a0@CarterCenter.<\/p>\n<p>D\u00e9sormais suspendu, ce compte\u00a0reprenait les m\u00eames codes typologiques et la m\u00eame image de profil que celui du compte officiel du pr\u00e9sident Carter et de\u00a0<a href=\"https:\/\/www.cartercenter.org\/about\/index.html\" target=\"_blank\" rel=\"noopener\">sa fondation<\/a>\u00a0cr\u00e9\u00e9e avec sa femme\u00a0Rosalynn Carter en 1982,\u00a0dont l\u2019une des\u00a0missions est la pr\u00e9vention et la r\u00e9solution des conflits \u00e0 travers le monde.<\/p>\n<p>Jusque tr\u00e8s r\u00e9cemment, il \u00e9tait facile de rep\u00e9rer ces faux comptes, comme cela a \u00e9t\u00e9\u00a0le cas pour @CarterCenterUS.<\/p>\n<p>Le\u00a0badge bleu de certification Twitter \u00e9tait per\u00e7u comme un crit\u00e8re de fiabilit\u00e9, car pour l\u2019obtenir, le\u00a0compte\u00a0devait\u00a0respecter un ensemble d\u2019exigences\u00a0: \u00ab\u00a0le compte\u00a0doit \u00eatre\u00a0authentique, notoire\u00a0et\u00a0actif\u00a0\u00bb,\u00a0<a href=\"https:\/\/help.twitter.com\/fr\/managing-your-account\/about-twitter-verified-accounts#how-to-apply\">peut-on lire dans le centre d\u2019assistance de Twitter.<\/a><\/p>\n<p><a href=\"https:\/\/help.twitter.com\/fr\/managing-your-account\/about-twitter-verified-accounts#how-to-apply\">\u00c9taient exclus\u00a0de la\u00a0liste des comptes pouvant \u00eatre certifi\u00e9s par Twitter<\/a>, entre autres,\u00a0<a href=\"https:\/\/help.twitter.com\/fr\/rules-and-policies\/parody-account-policy.html\" target=\"_blank\" rel=\"noopener\">les comptes parodiques, de flux d\u2019actualit\u00e9s, de commentaires et de fans non officiels<\/a>\u00a0ou les comptes d\u2019animaux de compagnie et de personnages fictifs.<\/p>\n<p>Ainsi, un compte sans\u00a0ce badge bleu, qui plus est lorsqu\u2019il s\u2019agit d\u2019une organisation internationale, de l\u2019ampleur et de la notori\u00e9t\u00e9 de celle de la Fondation Carter \u2013\u00a0<a href=\"https:\/\/www.cartercenter.org\/resources\/pdfs\/news\/annual_reports\/annual-report-21.pdf\">3100 employ\u00e9s \u00e0 travers le monde, 292\u00a0millions de dollars de dons re\u00e7us en\u00a02020-2021 pour des missions dans plus de 80 pays<\/a>\u00a0&#8211;\u00a0devait ainsi \u00e9veiller les soup\u00e7ons ou du moins soulever des questions.<\/p>\n<p>Sauf que\u00a0<a href=\"https:\/\/www.blogdumoderateur.com\/elon-musk-lance-twitter-blue-changement-coche-bleue\/\">depuis le 9\u00a0novembre 2022\u00a0<\/a>, il est possible d\u2019obtenir une\u00a0certification d\u2019une autre mani\u00e8re que celle du respect\u00a0des trois crit\u00e8res d\u2019authenticit\u00e9, de notori\u00e9t\u00e9\u00a0et d\u2019activit\u00e9, mentionn\u00e9s ci-dessus.<\/p>\n<\/div>\n<\/div>\n<\/div>\n<\/div>\n<div>\n<div>\n<div>\n<h2>Des faux comptes certifi\u00e9s, plus difficiles \u00e0 d\u00e9masquer<\/h2>\n<\/div>\n<\/div>\n<\/div>\n<div>\n<div>\n<div>\n<div>\n<p><a href=\"https:\/\/www.rtbf.be\/article\/twitter-elon-musk-annonce-un-abonnement-a-8-dollars-par-mois-pour-ceux-qui-souhaitent-certifier-leur-compte-11096711\">Il est en effet possible de payer pour \u00eatre certifi\u00e9<\/a>. Et ce, depuis\u00a0<a href=\"https:\/\/help.twitter.com\/fr\/using-twitter\/twitter-blue#tbwhat\">l\u2019introduction par le nouveau patron de Twitter, Elon Musk, de la fonctionnalit\u00e9, Twitter Blue, le 9\u00a0novembre 2022 aux\u00a0\u00c9tats\u2011Unis, au Canada, en Australie et en Nouvelle\u2011Z\u00e9lande<\/a>.<\/p>\n<p>Il s\u2019agit d\u2019un abonnement \u00e0 7,99\u00a0dollars par mois (+- 8\u00a0euros), qui permet de b\u00e9n\u00e9ficier d'\u00a0\u00bbun acc\u00e8s exclusif \u00e0 des fonctionnalit\u00e9s premium\u00a0\u00bb,\u00a0<a href=\"https:\/\/help.twitter.com\/fr\/using-twitter\/twitter-blue\">selon le Centre d\u2019Assistance de Twitter<\/a>, telles que la r\u00e9ception du fameux \u00ab\u00a0V\u00a0\u00bb bleu sur son compte.<\/p>\n<\/div>\n<\/div>\n<\/div>\n<\/div>\n<div>\n<div>\n<div>\n<div>\n<p>L\u2019obtention automatique du \u00ab\u00a0macaron bleu\u00a0\u00bb pour\u00a0tous les comptes abonn\u00e9s de\u00a0<a href=\"https:\/\/help.twitter.com\/fr\/using-twitter\/twitter-blue\" target=\"_blank\" rel=\"noopener\">Twitter Blue<\/a>\u00a0(la version payante de Twitter) sans forc\u00e9ment\u00a0r\u00e9pondre aux crit\u00e8res d\u2019exigence pr\u00e9alablement exig\u00e9s, n&rsquo;est\u00a0donc pas sans cons\u00e9quence sur la fiabilit\u00e9 des informations qui circulent sur Twitter.<\/p>\n<p>Le badge bleu n\u2019est, en effet,\u00a0plus un\u00a0gage ultime de l\u2019authenticit\u00e9 d\u2019un compte Twitter. Depuis l\u2019introduction de Twitter Blue, le r\u00e9seau social a vu \u00e9merger\u00a0un nombre important de faux comptes, pourtant certifi\u00e9s gr\u00e2ce au fameux macaron bleu, qui r\u00e9pandent des fausses informations ou th\u00e9ories farfelues.<\/p>\n<p>Illustration concr\u00e8te du ph\u00e9nom\u00e8ne\u00a0: des\u00a0faux\u00a0comptes de l\u2019ancien pr\u00e9sident am\u00e9ricain George W. Bush ou de l\u2019ancien Premier ministre britannique Tony Blair ont \u00e9t\u00e9 utilis\u00e9s pour tenter de les discr\u00e9diter en leur faisant tenir des propos fallacieux ou hasardeux.<\/p>\n<\/div>\n<\/div>\n<\/div>\n<\/div>\n<div>\n<div>\n<div>\n<div>\n<div>\n<div><iframe id=\"twitter-widget-0\" class=\"\" title=\"Twitter Tweet\" src=\"https:\/\/platform.twitter.com\/embed\/Tweet.html?dnt=false&amp;embedId=twitter-widget-0&amp;features=eyJ0ZndfdGltZWxpbmVfbGlzdCI6eyJidWNrZXQiOlsibGlua3RyLmVlIiwidHIuZWUiLCJ0ZXJyYS5jb20uYnIiLCJ3d3cubGlua3RyLmVlIiwid3d3LnRyLmVlIiwid3d3LnRlcnJhLmNvbS5iciJdLCJ2ZXJzaW9uIjpudWxsfSwidGZ3X2hvcml6b25fdGltZWxpbmVfMTIwMzQiOnsiYnVja2V0IjoidHJlYXRtZW50IiwidmVyc2lvbiI6bnVsbH0sInRmd190d2VldF9lZGl0X2JhY2tlbmQiOnsiYnVja2V0Ijoib24iLCJ2ZXJzaW9uIjpudWxsfSwidGZ3X3JlZnNyY19zZXNzaW9uIjp7ImJ1Y2tldCI6Im9uIiwidmVyc2lvbiI6bnVsbH0sInRmd19jaGluX3BpbGxzXzE0NzQxIjp7ImJ1Y2tldCI6ImNvbG9yX2ljb25zIiwidmVyc2lvbiI6bnVsbH0sInRmd190d2VldF9yZXN1bHRfbWlncmF0aW9uXzEzOTc5Ijp7ImJ1Y2tldCI6InR3ZWV0X3Jlc3VsdCIsInZlcnNpb24iOm51bGx9LCJ0Zndfc2Vuc2l0aXZlX21lZGlhX2ludGVyc3RpdGlhbF8xMzk2MyI6eyJidWNrZXQiOiJpbnRlcnN0aXRpYWwiLCJ2ZXJzaW9uIjpudWxsfSwidGZ3X2V4cGVyaW1lbnRzX2Nvb2tpZV9leHBpcmF0aW9uIjp7ImJ1Y2tldCI6MTIwOTYwMCwidmVyc2lvbiI6bnVsbH0sInRmd19kdXBsaWNhdGVfc2NyaWJlc190b19zZXR0aW5ncyI6eyJidWNrZXQiOiJvbiIsInZlcnNpb24iOm51bGx9LCJ0ZndfdmlkZW9faGxzX2R5bmFtaWNfbWFuaWZlc3RzXzE1MDgyIjp7ImJ1Y2tldCI6InRydWVfYml0cmF0ZSIsInZlcnNpb24iOm51bGx9LCJ0Zndfc2hvd19ibHVlX3ZlcmlmaWVkX2JhZGdlIjp7ImJ1Y2tldCI6Im9uIiwidmVyc2lvbiI6bnVsbH0sInRmd19yZWxhdGVkX3ZpZGVvc18xNTEyOCI6eyJidWNrZXQiOiJmZXdfdmlkcyIsInZlcnNpb24iOjJ9LCJ0ZndfdHdlZXRfZWRpdF9mcm9udGVuZCI6eyJidWNrZXQiOiJvbiIsInZlcnNpb24iOm51bGx9fQ%3D%3D&amp;frame=false&amp;hideCard=false&amp;hideThread=false&amp;id=1590617492296454144&amp;lang=fr&amp;origin=https%3A%2F%2Fwww.rtbf.be%2Farticle%2Fun-faux-compte-twitter-annonce-a-tort-la-mort-de-lancien-president-americain-jimmy-carter-11101925&amp;sessionId=789edd09c0d2cb413014f0dbd9e4d788c40c0c20&amp;siteScreenName=RTBF&amp;theme=light&amp;widgetsVersion=a3525f077c700%3A1667415560940&amp;width=550px\" frameborder=\"0\" scrolling=\"no\" allowfullscreen=\"allowfullscreen\" data-tweet-id=\"1590617492296454144\" data-mce-fragment=\"1\"><\/iframe><\/div>\n<\/div>\n<\/div>\n<\/div>\n<\/div>\n<\/div>\n<div>\n<div>\n<div>\n<div>\n<p>Ces faux comptes officiels ont n\u00e9anmoins\u00a0\u00e9t\u00e9 suspendus par le r\u00e9seau social peu apr\u00e8s ces publications.<\/p>\n<\/div>\n<\/div>\n<\/div>\n<\/div>\n<div>\n<div>\n<div>\n<h2>Des changements sur Twitter qui soul\u00e8vent de nombreuses questions<\/h2>\n<\/div>\n<\/div>\n<\/div>\n<div>\n<div>\n<div>\n<div>\n<p>L\u2019annonce de la mort de Jimmy Carter, via le faux compte de sa fondation, a pu rapidement \u00eatre r\u00e9fut\u00e9e, notamment car ce compte n\u2019\u00e9tait pas certifi\u00e9, contrairement \u00e0 l\u2019officiel. Recoup\u00e9e avec d\u2019autres sources, cette non-certification du compte fait office de preuve\u00a0tangible, s\u2019il en fallait, que l\u2019annonce\u00a0\u00e9tait fausse.<\/p>\n<p>La possibilit\u00e9 de rep\u00e9rer ce type de compte et de contenu gr\u00e2ce \u00e0 leur macaron bleu, se heurte cependant d\u00e9sormais \u00e0 la possibilit\u00e9 pour tous les comptes abonn\u00e9s \u00e0 Twitter Blue d\u2019obtenir ce m\u00eame macaron de\u00a0certification en raison de changements dans la politique de la plateforme rachet\u00e9e le 27 octobre dernier par le milliardaire Elon Musk.<\/p>\n<p>Actuellement, l&rsquo;indication \u00ab\u00a0compte certifi\u00e9\u00a0\u00bb n&rsquo;est plus gage de l&rsquo;authenticit\u00e9 de celui-ci. Cette probl\u00e9matique s&rsquo;ajoute aux questions pos\u00e9es par le r\u00e9cent rachat de la plateforme de l&rsquo;oiseau bleu par Elon Musk.<\/p>\n<\/div>\n<\/div>\n<\/div>\n<\/div>\n","protected":false},"excerpt":{"rendered":"<p>Contrairement \u00e0 ce qu&rsquo;a annonc\u00e9 ce matin le compte Twitter @CarterCenterUS, l&rsquo;ancien pr\u00e9sident des \u00c9tats-Unis, Jimmy&#8230;<\/p>\n","protected":false},"author":1,"featured_media":193799,"comment_status":"closed","ping_status":"open","sticky":false,"template":"","format":"standard","meta":{"_acf_changed":false,"footnotes":""},"categories":[132,138],"tags":[],"class_list":{"0":"post-193804","1":"post","2":"type-post","3":"status-publish","4":"format-standard","5":"has-post-thumbnail","7":"category-politique","8":"category-societe"},"acf":{"show_metatags":true,"authors":"Romane Bonnem\u00e9","organization":"RTBF","featured_image_copyright":"","text_copyright":"Copyright: (C)RTBF Radio, Television Belge Francophone, plus d'infos: https:\/\/www.rtbf.be\/cgu\/","source":"https:\/\/www.rtbf.be\/article\/un-faux-compte-twitter-annonce-a-tort-la-mort-de-l-ancien-president-americain-jimmy-carter-11101925","fact_checker":"https:\/\/belux.wpengine.com\/wp-content\/uploads\/2022\/01\/rtbf-logo.jpg","type":"\u00c9v\u00e9nement ferm\u00e9","location":"","start_date":"","start_date_event_begins_at":"","start_date_event_ends_at":"","end_date":"","end_date_event_begins_at":"","end_date_event_ends_at":"","organizer":"","id":"","fact_checker_logo_image":false},"yoast_head":"<!-- This site is optimized with the Yoast SEO plugin v27.0 - https:\/\/yoast.com\/product\/yoast-seo-wordpress\/ -->\n<title>Un faux compte Twitter annonce, \u00e0 tort, la mort de l\u2019ancien pr\u00e9sident am\u00e9ricain Jimmy Carter - EDMO Belux<\/title>\n<meta name=\"robots\" content=\"index, follow, max-snippet:-1, max-image-preview:large, max-video-preview:-1\" \/>\n<link rel=\"canonical\" href=\"https:\/\/belux.edmo.eu\/fr\/un-faux-compte-twitter-annonce-tort-la-mort-de-lancien-prsident-amricain-jimmy-carter\/\" \/>\n<meta property=\"og:locale\" content=\"fr_FR\" \/>\n<meta property=\"og:type\" content=\"article\" \/>\n<meta property=\"og:title\" content=\"Un faux compte Twitter annonce, \u00e0 tort, la mort de l\u2019ancien pr\u00e9sident am\u00e9ricain Jimmy Carter - EDMO Belux\" \/>\n<meta property=\"og:description\" content=\"Contrairement \u00e0 ce qu&#039;a annonc\u00e9 ce matin le compte Twitter @CarterCenterUS, l&#039;ancien pr\u00e9sident des \u00c9tats-Unis, Jimmy...\" \/>\n<meta property=\"og:url\" content=\"https:\/\/belux.edmo.eu\/fr\/un-faux-compte-twitter-annonce-tort-la-mort-de-lancien-prsident-amricain-jimmy-carter\/\" \/>\n<meta property=\"og:site_name\" content=\"EDMO Belux\" \/>\n<meta property=\"article:published_time\" content=\"2022-11-10T13:56:34+00:00\" \/>\n<meta property=\"article:modified_time\" content=\"2022-11-12T14:14:18+00:00\" \/>\n<meta property=\"og:image\" content=\"https:\/\/belux.edmo.eu\/wp-content\/uploads\/2022\/11\/cf77e1f8490495e9f8dedceaf372f969-1668082599.jpg\" \/>\n\t<meta property=\"og:image:width\" content=\"770\" \/>\n\t<meta property=\"og:image:height\" content=\"433\" \/>\n\t<meta property=\"og:image:type\" content=\"image\/jpeg\" \/>\n<meta name=\"author\" content=\"master\" \/>\n<meta name=\"twitter:card\" content=\"summary_large_image\" \/>\n<meta name=\"twitter:creator\" content=\"@Edmo_Belux\" \/>\n<meta name=\"twitter:site\" content=\"@Edmo_Belux\" \/>\n<meta name=\"twitter:label1\" content=\"\u00c9crit par\" \/>\n\t<meta name=\"twitter:data1\" content=\"master\" \/>\n\t<meta name=\"twitter:label2\" content=\"Dur\u00e9e de lecture estim\u00e9e\" \/>\n\t<meta name=\"twitter:data2\" content=\"4 minutes\" \/>\n<script type=\"application\/ld+json\" class=\"yoast-schema-graph\">{\"@context\":\"https:\/\/schema.org\",\"@graph\":[{\"@type\":\"Article\",\"@id\":\"https:\/\/belux.edmo.eu\/fr\/un-faux-compte-twitter-annonce-tort-la-mort-de-lancien-prsident-amricain-jimmy-carter\/#article\",\"isPartOf\":{\"@id\":\"https:\/\/belux.edmo.eu\/fr\/un-faux-compte-twitter-annonce-tort-la-mort-de-lancien-prsident-amricain-jimmy-carter\/\"},\"author\":{\"name\":\"master\",\"@id\":\"https:\/\/belux.edmo.eu\/#\/schema\/person\/dbe3b252258537fd318f9b5645a30342\"},\"headline\":\"Un faux compte Twitter annonce, \u00e0 tort, la mort de l\u2019ancien pr\u00e9sident am\u00e9ricain Jimmy Carter\",\"datePublished\":\"2022-11-10T13:56:34+00:00\",\"dateModified\":\"2022-11-12T14:14:18+00:00\",\"mainEntityOfPage\":{\"@id\":\"https:\/\/belux.edmo.eu\/fr\/un-faux-compte-twitter-annonce-tort-la-mort-de-lancien-prsident-amricain-jimmy-carter\/\"},\"wordCount\":903,\"publisher\":{\"@id\":\"https:\/\/belux.edmo.eu\/#organization\"},\"image\":{\"@id\":\"https:\/\/belux.edmo.eu\/fr\/un-faux-compte-twitter-annonce-tort-la-mort-de-lancien-prsident-amricain-jimmy-carter\/#primaryimage\"},\"thumbnailUrl\":\"https:\/\/belux.edmo.eu\/wp-content\/uploads\/2022\/11\/cf77e1f8490495e9f8dedceaf372f969-1668082599.jpg\",\"articleSection\":[\"Politique\",\"Societe\"],\"inLanguage\":\"fr-FR\"},{\"@type\":\"WebPage\",\"@id\":\"https:\/\/belux.edmo.eu\/fr\/un-faux-compte-twitter-annonce-tort-la-mort-de-lancien-prsident-amricain-jimmy-carter\/\",\"url\":\"https:\/\/belux.edmo.eu\/fr\/un-faux-compte-twitter-annonce-tort-la-mort-de-lancien-prsident-amricain-jimmy-carter\/\",\"name\":\"Un faux compte Twitter annonce, \u00e0 tort, la mort de l\u2019ancien pr\u00e9sident am\u00e9ricain Jimmy Carter - EDMO Belux\",\"isPartOf\":{\"@id\":\"https:\/\/belux.edmo.eu\/#website\"},\"primaryImageOfPage\":{\"@id\":\"https:\/\/belux.edmo.eu\/fr\/un-faux-compte-twitter-annonce-tort-la-mort-de-lancien-prsident-amricain-jimmy-carter\/#primaryimage\"},\"image\":{\"@id\":\"https:\/\/belux.edmo.eu\/fr\/un-faux-compte-twitter-annonce-tort-la-mort-de-lancien-prsident-amricain-jimmy-carter\/#primaryimage\"},\"thumbnailUrl\":\"https:\/\/belux.edmo.eu\/wp-content\/uploads\/2022\/11\/cf77e1f8490495e9f8dedceaf372f969-1668082599.jpg\",\"datePublished\":\"2022-11-10T13:56:34+00:00\",\"dateModified\":\"2022-11-12T14:14:18+00:00\",\"breadcrumb\":{\"@id\":\"https:\/\/belux.edmo.eu\/fr\/un-faux-compte-twitter-annonce-tort-la-mort-de-lancien-prsident-amricain-jimmy-carter\/#breadcrumb\"},\"inLanguage\":\"fr-FR\",\"potentialAction\":[{\"@type\":\"ReadAction\",\"target\":[\"https:\/\/belux.edmo.eu\/fr\/un-faux-compte-twitter-annonce-tort-la-mort-de-lancien-prsident-amricain-jimmy-carter\/\"]}]},{\"@type\":\"ImageObject\",\"inLanguage\":\"fr-FR\",\"@id\":\"https:\/\/belux.edmo.eu\/fr\/un-faux-compte-twitter-annonce-tort-la-mort-de-lancien-prsident-amricain-jimmy-carter\/#primaryimage\",\"url\":\"https:\/\/belux.edmo.eu\/wp-content\/uploads\/2022\/11\/cf77e1f8490495e9f8dedceaf372f969-1668082599.jpg\",\"contentUrl\":\"https:\/\/belux.edmo.eu\/wp-content\/uploads\/2022\/11\/cf77e1f8490495e9f8dedceaf372f969-1668082599.jpg\",\"width\":770,\"height\":433,\"caption\":\"Un faux compte Twitter annonce, \u00e0 tort, la mort de l\u2019ancien pr\u00e9sident am\u00e9ricain Jimmy Carter - Featured image\"},{\"@type\":\"BreadcrumbList\",\"@id\":\"https:\/\/belux.edmo.eu\/fr\/un-faux-compte-twitter-annonce-tort-la-mort-de-lancien-prsident-amricain-jimmy-carter\/#breadcrumb\",\"itemListElement\":[{\"@type\":\"ListItem\",\"position\":1,\"name\":\"Home\",\"item\":\"https:\/\/belux.edmo.eu\/fr\/\"},{\"@type\":\"ListItem\",\"position\":2,\"name\":\"Un faux compte Twitter annonce, \u00e0 tort, la mort de l\u2019ancien pr\u00e9sident am\u00e9ricain Jimmy Carter\"}]},{\"@type\":\"WebSite\",\"@id\":\"https:\/\/belux.edmo.eu\/#website\",\"url\":\"https:\/\/belux.edmo.eu\/\",\"name\":\"EDMO Belux\",\"description\":\"Monitoring Disinformation in Belgium and Luxembourg\",\"publisher\":{\"@id\":\"https:\/\/belux.edmo.eu\/#organization\"},\"potentialAction\":[{\"@type\":\"SearchAction\",\"target\":{\"@type\":\"EntryPoint\",\"urlTemplate\":\"https:\/\/belux.edmo.eu\/?s={search_term_string}\"},\"query-input\":{\"@type\":\"PropertyValueSpecification\",\"valueRequired\":true,\"valueName\":\"search_term_string\"}}],\"inLanguage\":\"fr-FR\"},{\"@type\":\"Organization\",\"@id\":\"https:\/\/belux.edmo.eu\/#organization\",\"name\":\"EDMO Belux\",\"url\":\"https:\/\/belux.edmo.eu\/\",\"logo\":{\"@type\":\"ImageObject\",\"inLanguage\":\"fr-FR\",\"@id\":\"https:\/\/belux.edmo.eu\/#\/schema\/logo\/image\/\",\"url\":\"https:\/\/belux.edmo.eu\/wp-content\/uploads\/2021\/12\/belux-logo-full-color-rgb.svg\",\"contentUrl\":\"https:\/\/belux.edmo.eu\/wp-content\/uploads\/2021\/12\/belux-logo-full-color-rgb.svg\",\"width\":1,\"height\":1,\"caption\":\"EDMO Belux\"},\"image\":{\"@id\":\"https:\/\/belux.edmo.eu\/#\/schema\/logo\/image\/\"},\"sameAs\":[\"https:\/\/x.com\/Edmo_Belux\"]},{\"@type\":\"Person\",\"@id\":\"https:\/\/belux.edmo.eu\/#\/schema\/person\/dbe3b252258537fd318f9b5645a30342\",\"name\":\"master\",\"sameAs\":[\"https:\/\/belux.wpengine.com\"],\"url\":\"https:\/\/belux.edmo.eu\/fr\/author\/master\/\"}]}<\/script>\n<!-- \/ Yoast SEO plugin. -->","yoast_head_json":{"title":"Un faux compte Twitter annonce, \u00e0 tort, la mort de l\u2019ancien pr\u00e9sident am\u00e9ricain Jimmy Carter - EDMO Belux","robots":{"index":"index","follow":"follow","max-snippet":"max-snippet:-1","max-image-preview":"max-image-preview:large","max-video-preview":"max-video-preview:-1"},"canonical":"https:\/\/belux.edmo.eu\/fr\/un-faux-compte-twitter-annonce-tort-la-mort-de-lancien-prsident-amricain-jimmy-carter\/","og_locale":"fr_FR","og_type":"article","og_title":"Un faux compte Twitter annonce, \u00e0 tort, la mort de l\u2019ancien pr\u00e9sident am\u00e9ricain Jimmy Carter - EDMO Belux","og_description":"Contrairement \u00e0 ce qu'a annonc\u00e9 ce matin le compte Twitter @CarterCenterUS, l'ancien pr\u00e9sident des \u00c9tats-Unis, Jimmy...","og_url":"https:\/\/belux.edmo.eu\/fr\/un-faux-compte-twitter-annonce-tort-la-mort-de-lancien-prsident-amricain-jimmy-carter\/","og_site_name":"EDMO Belux","article_published_time":"2022-11-10T13:56:34+00:00","article_modified_time":"2022-11-12T14:14:18+00:00","og_image":[{"width":770,"height":433,"url":"https:\/\/belux.edmo.eu\/wp-content\/uploads\/2022\/11\/cf77e1f8490495e9f8dedceaf372f969-1668082599.jpg","type":"image\/jpeg"}],"author":"master","twitter_card":"summary_large_image","twitter_creator":"@Edmo_Belux","twitter_site":"@Edmo_Belux","twitter_misc":{"\u00c9crit par":"master","Dur\u00e9e de lecture estim\u00e9e":"4 minutes"},"schema":{"@context":"https:\/\/schema.org","@graph":[{"@type":"Article","@id":"https:\/\/belux.edmo.eu\/fr\/un-faux-compte-twitter-annonce-tort-la-mort-de-lancien-prsident-amricain-jimmy-carter\/#article","isPartOf":{"@id":"https:\/\/belux.edmo.eu\/fr\/un-faux-compte-twitter-annonce-tort-la-mort-de-lancien-prsident-amricain-jimmy-carter\/"},"author":{"name":"master","@id":"https:\/\/belux.edmo.eu\/#\/schema\/person\/dbe3b252258537fd318f9b5645a30342"},"headline":"Un faux compte Twitter annonce, \u00e0 tort, la mort de l\u2019ancien pr\u00e9sident am\u00e9ricain Jimmy Carter","datePublished":"2022-11-10T13:56:34+00:00","dateModified":"2022-11-12T14:14:18+00:00","mainEntityOfPage":{"@id":"https:\/\/belux.edmo.eu\/fr\/un-faux-compte-twitter-annonce-tort-la-mort-de-lancien-prsident-amricain-jimmy-carter\/"},"wordCount":903,"publisher":{"@id":"https:\/\/belux.edmo.eu\/#organization"},"image":{"@id":"https:\/\/belux.edmo.eu\/fr\/un-faux-compte-twitter-annonce-tort-la-mort-de-lancien-prsident-amricain-jimmy-carter\/#primaryimage"},"thumbnailUrl":"https:\/\/belux.edmo.eu\/wp-content\/uploads\/2022\/11\/cf77e1f8490495e9f8dedceaf372f969-1668082599.jpg","articleSection":["Politique","Societe"],"inLanguage":"fr-FR"},{"@type":"WebPage","@id":"https:\/\/belux.edmo.eu\/fr\/un-faux-compte-twitter-annonce-tort-la-mort-de-lancien-prsident-amricain-jimmy-carter\/","url":"https:\/\/belux.edmo.eu\/fr\/un-faux-compte-twitter-annonce-tort-la-mort-de-lancien-prsident-amricain-jimmy-carter\/","name":"Un faux compte Twitter annonce, \u00e0 tort, la mort de l\u2019ancien pr\u00e9sident am\u00e9ricain Jimmy Carter - EDMO Belux","isPartOf":{"@id":"https:\/\/belux.edmo.eu\/#website"},"primaryImageOfPage":{"@id":"https:\/\/belux.edmo.eu\/fr\/un-faux-compte-twitter-annonce-tort-la-mort-de-lancien-prsident-amricain-jimmy-carter\/#primaryimage"},"image":{"@id":"https:\/\/belux.edmo.eu\/fr\/un-faux-compte-twitter-annonce-tort-la-mort-de-lancien-prsident-amricain-jimmy-carter\/#primaryimage"},"thumbnailUrl":"https:\/\/belux.edmo.eu\/wp-content\/uploads\/2022\/11\/cf77e1f8490495e9f8dedceaf372f969-1668082599.jpg","datePublished":"2022-11-10T13:56:34+00:00","dateModified":"2022-11-12T14:14:18+00:00","breadcrumb":{"@id":"https:\/\/belux.edmo.eu\/fr\/un-faux-compte-twitter-annonce-tort-la-mort-de-lancien-prsident-amricain-jimmy-carter\/#breadcrumb"},"inLanguage":"fr-FR","potentialAction":[{"@type":"ReadAction","target":["https:\/\/belux.edmo.eu\/fr\/un-faux-compte-twitter-annonce-tort-la-mort-de-lancien-prsident-amricain-jimmy-carter\/"]}]},{"@type":"ImageObject","inLanguage":"fr-FR","@id":"https:\/\/belux.edmo.eu\/fr\/un-faux-compte-twitter-annonce-tort-la-mort-de-lancien-prsident-amricain-jimmy-carter\/#primaryimage","url":"https:\/\/belux.edmo.eu\/wp-content\/uploads\/2022\/11\/cf77e1f8490495e9f8dedceaf372f969-1668082599.jpg","contentUrl":"https:\/\/belux.edmo.eu\/wp-content\/uploads\/2022\/11\/cf77e1f8490495e9f8dedceaf372f969-1668082599.jpg","width":770,"height":433,"caption":"Un faux compte Twitter annonce, \u00e0 tort, la mort de l\u2019ancien pr\u00e9sident am\u00e9ricain Jimmy Carter - Featured image"},{"@type":"BreadcrumbList","@id":"https:\/\/belux.edmo.eu\/fr\/un-faux-compte-twitter-annonce-tort-la-mort-de-lancien-prsident-amricain-jimmy-carter\/#breadcrumb","itemListElement":[{"@type":"ListItem","position":1,"name":"Home","item":"https:\/\/belux.edmo.eu\/fr\/"},{"@type":"ListItem","position":2,"name":"Un faux compte Twitter annonce, \u00e0 tort, la mort de l\u2019ancien pr\u00e9sident am\u00e9ricain Jimmy Carter"}]},{"@type":"WebSite","@id":"https:\/\/belux.edmo.eu\/#website","url":"https:\/\/belux.edmo.eu\/","name":"EDMO Belux","description":"Monitoring Disinformation in Belgium and Luxembourg","publisher":{"@id":"https:\/\/belux.edmo.eu\/#organization"},"potentialAction":[{"@type":"SearchAction","target":{"@type":"EntryPoint","urlTemplate":"https:\/\/belux.edmo.eu\/?s={search_term_string}"},"query-input":{"@type":"PropertyValueSpecification","valueRequired":true,"valueName":"search_term_string"}}],"inLanguage":"fr-FR"},{"@type":"Organization","@id":"https:\/\/belux.edmo.eu\/#organization","name":"EDMO Belux","url":"https:\/\/belux.edmo.eu\/","logo":{"@type":"ImageObject","inLanguage":"fr-FR","@id":"https:\/\/belux.edmo.eu\/#\/schema\/logo\/image\/","url":"https:\/\/belux.edmo.eu\/wp-content\/uploads\/2021\/12\/belux-logo-full-color-rgb.svg","contentUrl":"https:\/\/belux.edmo.eu\/wp-content\/uploads\/2021\/12\/belux-logo-full-color-rgb.svg","width":1,"height":1,"caption":"EDMO Belux"},"image":{"@id":"https:\/\/belux.edmo.eu\/#\/schema\/logo\/image\/"},"sameAs":["https:\/\/x.com\/Edmo_Belux"]},{"@type":"Person","@id":"https:\/\/belux.edmo.eu\/#\/schema\/person\/dbe3b252258537fd318f9b5645a30342","name":"master","sameAs":["https:\/\/belux.wpengine.com"],"url":"https:\/\/belux.edmo.eu\/fr\/author\/master\/"}]}},"menu_order":0,"_links":{"self":[{"href":"https:\/\/belux.edmo.eu\/fr\/wp-json\/wp\/v2\/posts\/193804","targetHints":{"allow":["GET"]}}],"collection":[{"href":"https:\/\/belux.edmo.eu\/fr\/wp-json\/wp\/v2\/posts"}],"about":[{"href":"https:\/\/belux.edmo.eu\/fr\/wp-json\/wp\/v2\/types\/post"}],"author":[{"embeddable":true,"href":"https:\/\/belux.edmo.eu\/fr\/wp-json\/wp\/v2\/users\/1"}],"replies":[{"embeddable":true,"href":"https:\/\/belux.edmo.eu\/fr\/wp-json\/wp\/v2\/comments?post=193804"}],"version-history":[{"count":0,"href":"https:\/\/belux.edmo.eu\/fr\/wp-json\/wp\/v2\/posts\/193804\/revisions"}],"wp:featuredmedia":[{"embeddable":true,"href":"https:\/\/belux.edmo.eu\/fr\/wp-json\/wp\/v2\/media\/193799"}],"wp:attachment":[{"href":"https:\/\/belux.edmo.eu\/fr\/wp-json\/wp\/v2\/media?parent=193804"}],"wp:term":[{"taxonomy":"category","embeddable":true,"href":"https:\/\/belux.edmo.eu\/fr\/wp-json\/wp\/v2\/categories?post=193804"},{"taxonomy":"post_tag","embeddable":true,"href":"https:\/\/belux.edmo.eu\/fr\/wp-json\/wp\/v2\/tags?post=193804"}],"curies":[{"name":"wp","href":"https:\/\/api.w.org\/{rel}","templated":true}]}}