{"id":20924,"date":"2022-03-15T17:26:16","date_gmt":"2022-03-15T17:26:16","guid":{"rendered":"https:\/\/belux.wpengine.com\/?p=20924"},"modified":"2022-03-16T16:33:29","modified_gmt":"2022-03-16T16:33:29","slug":"attention-cette-vido-de-blinds-ukrainiens-date-de-mai-2014","status":"publish","type":"post","link":"https:\/\/belux.edmo.eu\/fr\/attention-cette-vido-de-blinds-ukrainiens-date-de-mai-2014\/","title":{"rendered":"Attention, cette vid\u00e9o de blind\u00e9s ukrainiens date de mai 2014"},"content":{"rendered":"<p><b style=\"text-align: justify;\">Une publication partag\u00e9e plusieurs milliers de fois sur Facebook depuis le 8 mars, montrerait, vid\u00e9o \u00e0 l\u2019appui, \u00ab\u00a0l\u2019arm\u00e9e ukrainienne en fuite\u00a0\u00bb. Mais cette vid\u00e9o, ancienne, n\u2019a pas de rapport avec l&rsquo;invasion russe en cours de l&rsquo;Ukraine: elle a \u00e9t\u00e9 film\u00e9e en mai 2014 \u00e0 Marioupol, ville portuaire du sud-est du pays, lors d&rsquo;affrontements meurtriers entre les troupes ukrainiennes et des s\u00e9paratistes pro-russes.\u00a0\u00a0<\/b><\/p>\n<p style=\"text-align: justify;\">La\u00a0<a href=\"https:\/\/archive.ph\/P4nqs\" target=\"_blank\" rel=\"noopener\" shape=\"rect\">s\u00e9quence vid\u00e9o<\/a> de 38 secondes montre un char d\u2019assaut qui fonce sur une barricade de fortune et surgit dans une rue devant un groupe de civils. \u00ab\u00a0<em>L&rsquo;arm\u00e9e Ukraine en fuite et la population d\u00e9sesp\u00e9r\u00e9e s&rsquo;en prend \u00e0 leur arm\u00e9e\u00a0\u00bb<\/em>, croit savoir l\u2019auteur d\u2019une publication partag\u00e9e 3.200 fois sur Facebook depuis le 8 mars 2022. <em>\u00ab\u00a0L&rsquo;arm\u00e9e ukrainienne en fuite devant la puissance du feu de l&rsquo;arm\u00e9e russe\u00a0\u00bb<\/em>, lit-on dans la l\u00e9gende d&rsquo;une autre publication.<\/p>\n<div id=\"wysiwyg\" class=\"ww-item image\"><img class=\"lazyload blur-up\" src=\"https:\/\/belux.wpengine.com\/wp-content\/uploads\/2022\/03\/2022031420-ed49efc6de069388e81c4a9fe07fca24.jpeg\" data-original=\"\" \/><span class=\"legend\">Capture d&rsquo;\u00e9cran d&rsquo;une publication Facebook, r\u00e9alis\u00e9e le 14 mars 2022<\/span><\/div>\n<p style=\"text-align: justify;\">Cette vid\u00e9o est apparue environ deux semaines apr\u00e8s le d\u00e9but de l&rsquo;invasion de l&rsquo;Ukraine par la Russie. Elle est virale en Afrique francophone, notamment en R\u00e9publique d\u00e9mocratique du Congo, en C\u00f4te d\u2019Ivoire et au Cameroun (<a href=\"https:\/\/perma.cc\/4RBM-U27E\" target=\"_blank\" rel=\"noopener\" shape=\"rect\">1<\/a>,<a href=\"https:\/\/archive.ph\/PG0eR\" target=\"_blank\" rel=\"noopener\" shape=\"rect\">2<\/a>,<a href=\"https:\/\/archive.ph\/LOqYo\" target=\"_blank\" rel=\"noopener\" shape=\"rect\">3<\/a>).<\/p>\n<p style=\"text-align: justify;\">Mais cette vid\u00e9o, qui montre un tank qui d\u00e9molit une barricade, ne concerne pas les \u00e9v\u00e8nements en cours en Ukraine.<\/p>\n<p><b style=\"text-align: justify;\">Une vid\u00e9o de mai 2014<\/b><\/p>\n<p style=\"text-align: justify;\">Une recherche invers\u00e9e gr\u00e2ce \u00e0 l&rsquo;extension <a href=\"https:\/\/www.invid-project.eu\/tools-and-services\/invid-verification-plugin\/\" target=\"_blank\" rel=\"noopener\" shape=\"rect\">InVID-WeVerify<\/a> (dont le principe est d\u00e9taill\u00e9 dans <a href=\"https:\/\/www.youtube.com\/watch?v=9ERM1aOZzIc&amp;feature=emb_imp_woyt\" target=\"_blank\" rel=\"noopener\" shape=\"rect\">cette vid\u00e9o<\/a>) permet de retrouver une version plus longue de la vid\u00e9o virale, <a href=\"https:\/\/www.youtube.com\/watch?v=0obc0EyWtw8\" target=\"_blank\" rel=\"noopener\" shape=\"rect\">publi\u00e9e le 11 mai 2014<\/a> sur YouTube, avec une l\u00e9gende en russe. Il est question d&rsquo;une barricade d\u00e9molie par un BMP (v\u00e9hicule de combat, Ndlr) \u00e0 Marioupol le 9 mai 2014.<\/p>\n<p style=\"text-align: justify;\">En f\u00e9vrier 2014, un soul\u00e8vement pro-europ\u00e9en s&rsquo;\u00e9tait concentr\u00e9 sur la place Ma\u00efdan, \u00e0 Kiev, et avait \u00e9t\u00e9 r\u00e9prim\u00e9 dans le sang. Ce mouvement avait conduit \u00e0 la fuite du pr\u00e9sident prorusse Viktor Ianoukovitch et \u00e0 une crise sans pr\u00e9c\u00e9dent entre l&rsquo;Ukraine et la Russie voisine, conduisant \u00e0 l&rsquo;annexion russe de la p\u00e9ninsule de <a href=\"https:\/\/www.francetvinfo.fr\/monde\/europe\/manifestations-en-ukraine\/le-kremlin-annonce-le-rattachement-de-la-crimee-a-la-russie-a-compter-d-aujourd-hui_555291.html\" target=\"_blank\" rel=\"noopener\" shape=\"rect\">Crim\u00e9e<\/a> et \u00e0 l&rsquo;auto-proclamation de deux r\u00e9publiques dans l&rsquo;est de l&rsquo;Ukraine, soutenue par Moscou.<\/p>\n<p style=\"text-align: justify;\">Le conflit a fait plus de 14.000 morts depuis son lancement, mais avait diminu\u00e9 en intensit\u00e9 \u00e0 partir de 2015 et la signature des accords de paix de Minsk.<\/p>\n<p style=\"text-align: justify;\">Le 9 mai 2014, l&rsquo;AFP \u00e9crivait dans une <a href=\"https:\/\/www.lexpress.fr\/actualites\/1\/actualite\/russie-poutine-salue-le-patriotisme-russe-en-pleine-crise-sur-l-ukraine_1536778.html\" target=\"_blank\" rel=\"noopener\" shape=\"rect\">d\u00e9p\u00eache<\/a> \u00ab\u00a0<em>L&rsquo;Ukraine s&rsquo;enfonce dans la violence\u00a0\u00bb<\/em>. Il \u00e9tait question dans cet article de <em>\u00ab\u00a0plus de vingt morts dans des affrontements\u00a0\u00bb <\/em>entre l&rsquo;arm\u00e9e ukrainienne et des s\u00e9paratistes \u00e0 Marioupol, o\u00f9 a \u00e9t\u00e9 tourn\u00e9e la vid\u00e9o partag\u00e9e dans les publications virales.<\/p>\n<div id=\"wysiwyg\" class=\"ww-item image\"><img class=\"lazyload blur-up\" src=\"https:\/\/belux.wpengine.com\/wp-content\/uploads\/2022\/03\/2022031420-243fbdc7a291f6a565e951942e19c114.jpeg\" data-original=\"\" \/><span class=\"legend\">G\u00e9olocalisation de la ville de Marioupol sur Google Maps, r\u00e9alis\u00e9e le 14 mars 2022<\/span><\/div>\n<p style=\"text-align: justify;\">Dans des vid\u00e9os publi\u00e9es entre le 9 et le 11 mai 2014 sur le m\u00eame sujet, on voit \u00e0 <a href=\"https:\/\/www.youtube.com\/watch?v=0obc0EyWtw8\" target=\"_blank\" rel=\"noopener\" shape=\"rect\">chaque fois<\/a>, le m\u00eame tank arborant le drapeau ukrainien, foncer dans des barricades dress\u00e9es sur la route.<\/p>\n<div id=\"wysiwyg\" class=\"ww-item image\"><img class=\"lazyload blur-up\" src=\"https:\/\/belux.wpengine.com\/wp-content\/uploads\/2022\/03\/2022031420-a2147cec6bc893e084fcff15554ec9da.jpeg\" data-original=\"\" \/><span class=\"legend\">Capture d&rsquo;\u00e9cran r\u00e9alis\u00e9e sur YouTube le 11 mars 2022<\/span><\/div>\n<p style=\"text-align: justify;\">La vid\u00e9o virale a \u00e9t\u00e9 <a href=\"https:\/\/perma.cc\/KA93-3DBS?type=image\" target=\"_blank\" rel=\"noopener\" shape=\"rect\">diffus\u00e9e<\/a>\u00a0le 10 mai 2014 sur la cha\u00eene YouTube du m\u00e9dia d&rsquo;\u00c9tat russe RT.<\/p>\n<p style=\"text-align: justify;\">Les r\u00e9sultats d\u2019une recherche restreinte entre le 9 et le 10 mai 2014 sur Google avec les mots cl\u00e9s \u00ab\u00a0<em>Mariupol<\/em>\u00a0\u00bb en anglais et \u00ab\u00a0<em>Marioupol<\/em>\u00a0\u00bb en fran\u00e7ais, d\u00e9roule de nombreux articles et vid\u00e9os sur des faits dramatiques qui ont eu lieu dans cette ville portuaire situ\u00e9e dans le sud-est de l\u2019Ukraine.<\/p>\n<p style=\"text-align: justify;\">On reconna\u00eet par exemple une sc\u00e8ne de la vid\u00e9o virale dans un\u00a0<a href=\"https:\/\/bglobal.bg\/14324-%D0%91%D1%8A%D1%80%D0%B7%D0%B8-%D0%B8-%D1%8F%D1%80%D0%BE%D1%81%D1%82%D0%BD%D0%B8-%D0%B2-%D0%A3%D0%BA%D1%80%D0%B0%D0%B9%D0%BD%D0%B0-%D0%B1%D1%80%D0%BE%D0%BD%D0%B5%D1%82%D1%80%D0%B0%D0%BD%D1%81%D0%BF%D0%BE%D1%80%D1%82%D1%8C%D0%BE%D1%80%D0%B8-%D1%80%D1%83%D1%88%D0%B0%D1%82-%D0%B1%D0%B0%D1%80%D0%B8%D0%BA%D0%B0%D0%B4%D0%B8\" target=\"_blank\" rel=\"noopener\" shape=\"rect\">article<\/a> publi\u00e9 le 10 mai 2014 sur un site internet bulgare. La vid\u00e9o (non disponible) qui l\u2019accompagne est d\u00e9crite comme suit : \u00ab\u00a0<em>des s\u00e9quences vid\u00e9o amateurs montrent des BMP ukrainiens brisant des barricades construites par des habitants de Marioupol, dans l&rsquo;est de l&rsquo;Ukraine<\/em>\u00ab\u00a0.<\/p>\n<p style=\"text-align: justify;\">Nous retrouvons des informations similaires dans un<a href=\"https:\/\/www.bbc.com\/news\/av\/world-europe-27342458\" target=\"_blank\" rel=\"noopener\" shape=\"rect\">\u00a0reportage vid\u00e9o<\/a> du 9 mai 2014 de la cha\u00eene britannique BBC. Celui-ci est incrust\u00e9 de vid\u00e9os amateurs dont des \u00e9l\u00e9ments rappellent la vid\u00e9o que nous recherchons; notamment la pr\u00e9sence d&rsquo;un char roulant pr\u00e8s d\u2019une banque du nom de \u00ab\u00a0<em>PlatinumBank<\/em>\u00ab\u00a0.<\/p>\n<div class=\"grid-left\">\n<div id=\"wysiwyg\" class=\"ww-item image\"><img class=\"lazyload blur-up\" src=\"https:\/\/belux.wpengine.com\/wp-content\/uploads\/2022\/03\/2022031420-10c378e42e69d12d6ed240b05f678918.jpeg\" data-original=\"\" \/><span class=\"legend\">Capture d&rsquo;\u00e9cran d&rsquo;une publication Facebook, r\u00e9alis\u00e9e le 11 mars 2022<\/span><\/div>\n<div id=\"wysiwyg\" class=\"ww-item image\"><img class=\"lazyload blur-up\" src=\"https:\/\/belux.wpengine.com\/wp-content\/uploads\/2022\/03\/2022031420-51e8a0be4f4754e6ef67ef0a859ac4bb.jpeg\" data-original=\"\" \/><span class=\"legend\">Capture d&rsquo;\u00e9cran sur bbc.com, r\u00e9alis\u00e9e le 11 mars 2022<\/span><\/div>\n<\/div>\n<p style=\"text-align: justify;\">On retrouve ces m\u00eames \u00e9l\u00e9ments dans une vid\u00e9o amateur mont\u00e9e dans un <a href=\"https:\/\/www.youtube.com\/watch?v=Q_UiZG4ZO5c\" target=\"_blank\" rel=\"noopener\" shape=\"rect\">reportage<\/a>\u00a0de la cha\u00eene de t\u00e9l\u00e9vision qatari, Al Jazeera, diffus\u00e9 le 9 mai 2014.<\/p>\n<div id=\"wysiwyg\" class=\"ww-item image\"><img class=\"lazyload blur-up\" src=\"https:\/\/belux.wpengine.com\/wp-content\/uploads\/2022\/03\/2022031420-5932b1a8742a9e2beb9aabf63fdefebb.jpeg\" data-original=\"\" \/><span class=\"legend\">Capture d&rsquo;\u00e9cran sur la cha\u00eene Youtube Al Jazeera English, r\u00e9alis\u00e9e le 14 mars 2022<\/span><\/div>\n<p style=\"text-align: justify;\">Selon Al Jazeera, les affrontements ont eu lieu \u00e0 Marioupol le jour o\u00f9 Vladimir Poutine, le pr\u00e9sident russe, a <a href=\"https:\/\/www.france24.com\/fr\/20140509-vladimir-poutine-crimee-ukraine-rattachement-russie-referendum\" target=\"_blank\" rel=\"noopener\" shape=\"rect\">effectu\u00e9<\/a> sa premi\u00e8re visite en Crim\u00e9e apr\u00e8s que Moscou l&rsquo;a annex\u00e9e en mars.<\/p>\n<p style=\"text-align: justify;\">Faisant le point sur une guerre qui a secou\u00e9 Marioupol entre mai et juin 2014, une d\u00e9p\u00eache de l\u2019AFP\u00a0<a href=\"https:\/\/fr.style.yahoo.com\/dr%C3%B4le-guerre-%C3%A0-marioupol-sud-lukraine-163705960.html\" target=\"_blank\" rel=\"noopener\" shape=\"rect\">explique<\/a> que <em>\u00ab\u00a0le 9 Mai, des rebelles prorusses avaient attaqu\u00e9 le si\u00e8ge de la police de cette cit\u00e9. Les affrontements, qui avaient fait une vingtaine de morts, avaient \u00e9t\u00e9 suivis par quelques jours d&rsquo;anarchie marqu\u00e9s par des pillages de magasins et des vols de voiture<\/em>\u00ab\u00a0.<\/p>\n<p style=\"text-align: justify;\">La vid\u00e9o actuellement virale est donc ant\u00e9rieure au conflit en cours en Ukraine. Elle a d\u00e9j\u00e0 fait l&rsquo;objet d&rsquo;un article de v\u00e9rification par l&rsquo;AFP en <a href=\"https:\/\/factcheck.afp.com\/doc.afp.com.9XQ2LG\" target=\"_blank\" rel=\"noopener\" shape=\"rect\">anglais <\/a>et en\u00a0 <a href=\"https:\/\/factual.afp.com\/doc.afp.com.324N77R\" target=\"_blank\" rel=\"noopener\" shape=\"rect\">espagnol<\/a>.<\/p>\n<p><b>Le point sur la situation en Ukraine\u00a0<\/b><\/p>\n<p style=\"text-align: justify;\">La <a href=\"https:\/\/www.sudouest.fr\/international\/russie\/guerre-en-ukraine-reprise-des-pourparlers-alors-que-la-guerre-touche-l-ouest-ukrainien-9914782.php\" target=\"_blank\" rel=\"noopener\" shape=\"rect\">guerre<\/a> d\u00e9clench\u00e9e le 24 f\u00e9vrier par l&rsquo;invasion russe de l&rsquo;Ukraine a fait des milliers de morts, militaires comme civils. Kiev faisait \u00e9tat le 12 mars d'\u00a0\u00bbenviron 1.300&Prime; soldats ukrainiens tu\u00e9s, et Moscou de 498 morts dans ses rangs (unique bilan c\u00f4t\u00e9 russe, annonc\u00e9 le 2 mars), alors que le Pentagone parlait de 2.000 \u00e0 4.000 morts russes en 14 jours.<\/p>\n<p style=\"text-align: justify;\">C\u00f4t\u00e9 civils, aucun bilan n&rsquo;est disponible. Au moins 596 personnes ont p\u00e9ri, selon un d\u00e9compte de l&rsquo;ONU qu&rsquo;elle estime sans doute tr\u00e8s inf\u00e9rieur \u00e0 la r\u00e9alit\u00e9.<\/p>\n<p style=\"text-align: justify;\">A Marioupol, assi\u00e9g\u00e9e par les Russes, la situation restait dramatique le 14 mars, m\u00eame si, pour la premi\u00e8re fois depuis des jours, quelque 160 voitures ont pu quitter la ville via un couloir humanitaire. Des milliers d&rsquo;habitants vivent terr\u00e9s dans des caves dans cette ville, priv\u00e9s d&rsquo;eau, d&rsquo;\u00e9lectricit\u00e9, de chauffage. Selon la municipalit\u00e9, 2.187 habitants ont p\u00e9ri dans la ville depuis le 24 f\u00e9vrier.<\/p>\n<p style=\"text-align: justify;\">L&rsquo;arm\u00e9e russe <a href=\"https:\/\/www.lesoir.be\/429846\/article\/2022-03-14\/larmee-russe-nexclut-pas-de-prendre-le-controle-total-des-grandes-villes?\" target=\"_blank\" rel=\"noopener\" shape=\"rect\">n&rsquo;exclut pas<\/a> de lancer des assauts pour prendre le \u00ab\u00a0contr\u00f4le total\u00a0\u00bb des grandes villes ukrainiennes, a pr\u00e9venu le Kremlin alors que de nombreux centres urbains sont, comme Kiev, encercl\u00e9s.<\/p>\n","protected":false},"excerpt":{"rendered":"<p>La\u00a0s\u00e9quence vid\u00e9o de 38 secondes montre un char d\u2019assaut qui fonce sur une barricade de fortune et surgit dans une rue devant un groupe de civils. \u00ab\u00a0L&rsquo;arm\u00e9e Ukraine en fuite et la population d\u00e9sesp\u00e9r\u00e9e s&rsquo;en prend \u00e0 leur arm\u00e9e\u00a0\u00bb, croit savoir l\u2019auteur d\u2019une publication partag\u00e9e 3.200 fois sur Facebook depuis le 8 mars 2022. \u00ab\u00a0L&rsquo;arm\u00e9e ukrainienne en fuite devant la puissance du feu de l&rsquo;arm\u00e9e russe\u00a0\u00bb, lit-on dans la l\u00e9gende d&rsquo;une autre publication.<\/p>\n","protected":false},"author":1,"featured_media":20919,"comment_status":"closed","ping_status":"open","sticky":false,"template":"","format":"standard","meta":{"_acf_changed":false,"footnotes":""},"categories":[125,132,214],"tags":[],"class_list":{"0":"post-20924","1":"post","2":"type-post","3":"status-publish","4":"format-standard","5":"has-post-thumbnail","7":"category-fact-check-fr","8":"category-politique","9":"category-ukraine-fr"},"acf":{"show_metatags":true,"id":"49705","authors":"Monique  Ngo Mayag","organization":"AFP","featured_image_copyright":"","text_copyright":"\u00a9 AGENCE FRANCE-PRESSE | 2022 | Tous droits r\u00e9serv\u00e9s. L\u2019acc\u00e8s aux contenus de l'AFP publi\u00e9s sur ce site et, le cas \u00e9ch\u00e9ant, leur utilisation sont soumis aux conditions g\u00e9n\u00e9rales d'utilisation disponibles sur <a href='https:\/\/www.afp.com\/fr\/cgu' target='_blank'>CGU<\/a>. Par cons\u00e9quent, en acc\u00e9dant aux contenus de l\u2019AFP publi\u00e9s sur ce site, et en les utilisant, le cas \u00e9ch\u00e9ant, vous acceptez d'\u00eatre li\u00e9 par les conditions g\u00e9n\u00e9rales d'utilisation susmentionn\u00e9es. L\u2019utilisation de contenus de l'AFP se fait sous votre seule et enti\u00e8re responsabilit\u00e9.","source":"https:\/\/factuel.afp.com\/doc.afp.com.32648QQ","fact_checker":"https:\/\/belux.wpengine.com\/wp-content\/uploads\/2021\/12\/afp_logo.png","fact_checker_logo_image":false},"yoast_head":"<!-- This site is optimized with the Yoast SEO plugin v27.0 - https:\/\/yoast.com\/product\/yoast-seo-wordpress\/ -->\n<title>Attention, cette vid\u00e9o de blind\u00e9s ukrainiens date de mai 2014 - EDMO Belux<\/title>\n<meta name=\"robots\" content=\"index, follow, max-snippet:-1, max-image-preview:large, max-video-preview:-1\" \/>\n<link rel=\"canonical\" href=\"https:\/\/belux.edmo.eu\/fr\/attention-cette-vido-de-blinds-ukrainiens-date-de-mai-2014\/\" \/>\n<meta property=\"og:locale\" content=\"fr_FR\" \/>\n<meta property=\"og:type\" content=\"article\" \/>\n<meta property=\"og:title\" content=\"Attention, cette vid\u00e9o de blind\u00e9s ukrainiens date de mai 2014 - EDMO Belux\" \/>\n<meta property=\"og:description\" content=\"La\u00a0s\u00e9quence vid\u00e9o de 38 secondes montre un char d\u2019assaut qui fonce sur une barricade de fortune et surgit dans une rue devant un groupe de civils. &quot;L&#039;arm\u00e9e Ukraine en fuite et la population d\u00e9sesp\u00e9r\u00e9e s&#039;en prend \u00e0 leur arm\u00e9e&quot;, croit savoir l\u2019auteur d\u2019une publication partag\u00e9e 3.200 fois sur Facebook depuis le 8 mars 2022. &quot;L&#039;arm\u00e9e ukrainienne en fuite devant la puissance du feu de l&#039;arm\u00e9e russe&quot;, lit-on dans la l\u00e9gende d&#039;une autre publication.\" \/>\n<meta property=\"og:url\" content=\"https:\/\/belux.edmo.eu\/fr\/attention-cette-vido-de-blinds-ukrainiens-date-de-mai-2014\/\" \/>\n<meta property=\"og:site_name\" content=\"EDMO Belux\" \/>\n<meta property=\"article:published_time\" content=\"2022-03-15T17:26:16+00:00\" \/>\n<meta property=\"article:modified_time\" content=\"2022-03-16T16:33:29+00:00\" \/>\n<meta property=\"og:image\" content=\"https:\/\/belux.edmo.eu\/wp-content\/uploads\/2022\/03\/d7a7bf9a89fcf77e8f86caa97d3da98c.jpeg\" \/>\n\t<meta property=\"og:image:width\" content=\"1080\" \/>\n\t<meta property=\"og:image:height\" content=\"540\" \/>\n\t<meta property=\"og:image:type\" content=\"image\/jpeg\" \/>\n<meta name=\"author\" content=\"master\" \/>\n<meta name=\"twitter:card\" content=\"summary_large_image\" \/>\n<meta name=\"twitter:creator\" content=\"@Edmo_Belux\" \/>\n<meta name=\"twitter:site\" content=\"@Edmo_Belux\" \/>\n<meta name=\"twitter:label1\" content=\"\u00c9crit par\" \/>\n\t<meta name=\"twitter:data1\" content=\"master\" \/>\n\t<meta name=\"twitter:label2\" content=\"Dur\u00e9e de lecture estim\u00e9e\" \/>\n\t<meta name=\"twitter:data2\" content=\"5 minutes\" \/>\n<script type=\"application\/ld+json\" class=\"yoast-schema-graph\">{\"@context\":\"https:\/\/schema.org\",\"@graph\":[{\"@type\":\"Article\",\"@id\":\"https:\/\/belux.edmo.eu\/fr\/attention-cette-vido-de-blinds-ukrainiens-date-de-mai-2014\/#article\",\"isPartOf\":{\"@id\":\"https:\/\/belux.edmo.eu\/fr\/attention-cette-vido-de-blinds-ukrainiens-date-de-mai-2014\/\"},\"author\":{\"name\":\"master\",\"@id\":\"https:\/\/belux.edmo.eu\/#\/schema\/person\/dbe3b252258537fd318f9b5645a30342\"},\"headline\":\"Attention, cette vid\u00e9o de blind\u00e9s ukrainiens date de mai 2014\",\"datePublished\":\"2022-03-15T17:26:16+00:00\",\"dateModified\":\"2022-03-16T16:33:29+00:00\",\"mainEntityOfPage\":{\"@id\":\"https:\/\/belux.edmo.eu\/fr\/attention-cette-vido-de-blinds-ukrainiens-date-de-mai-2014\/\"},\"wordCount\":1147,\"publisher\":{\"@id\":\"https:\/\/belux.edmo.eu\/#organization\"},\"image\":{\"@id\":\"https:\/\/belux.edmo.eu\/fr\/attention-cette-vido-de-blinds-ukrainiens-date-de-mai-2014\/#primaryimage\"},\"thumbnailUrl\":\"https:\/\/belux.edmo.eu\/wp-content\/uploads\/2022\/03\/d7a7bf9a89fcf77e8f86caa97d3da98c.jpeg\",\"articleSection\":[\"Fact-Check\",\"Politique\",\"Ukraine\"],\"inLanguage\":\"fr-FR\"},{\"@type\":\"WebPage\",\"@id\":\"https:\/\/belux.edmo.eu\/fr\/attention-cette-vido-de-blinds-ukrainiens-date-de-mai-2014\/\",\"url\":\"https:\/\/belux.edmo.eu\/fr\/attention-cette-vido-de-blinds-ukrainiens-date-de-mai-2014\/\",\"name\":\"Attention, cette vid\u00e9o de blind\u00e9s ukrainiens date de mai 2014 - EDMO Belux\",\"isPartOf\":{\"@id\":\"https:\/\/belux.edmo.eu\/#website\"},\"primaryImageOfPage\":{\"@id\":\"https:\/\/belux.edmo.eu\/fr\/attention-cette-vido-de-blinds-ukrainiens-date-de-mai-2014\/#primaryimage\"},\"image\":{\"@id\":\"https:\/\/belux.edmo.eu\/fr\/attention-cette-vido-de-blinds-ukrainiens-date-de-mai-2014\/#primaryimage\"},\"thumbnailUrl\":\"https:\/\/belux.edmo.eu\/wp-content\/uploads\/2022\/03\/d7a7bf9a89fcf77e8f86caa97d3da98c.jpeg\",\"datePublished\":\"2022-03-15T17:26:16+00:00\",\"dateModified\":\"2022-03-16T16:33:29+00:00\",\"breadcrumb\":{\"@id\":\"https:\/\/belux.edmo.eu\/fr\/attention-cette-vido-de-blinds-ukrainiens-date-de-mai-2014\/#breadcrumb\"},\"inLanguage\":\"fr-FR\",\"potentialAction\":[{\"@type\":\"ReadAction\",\"target\":[\"https:\/\/belux.edmo.eu\/fr\/attention-cette-vido-de-blinds-ukrainiens-date-de-mai-2014\/\"]}]},{\"@type\":\"ImageObject\",\"inLanguage\":\"fr-FR\",\"@id\":\"https:\/\/belux.edmo.eu\/fr\/attention-cette-vido-de-blinds-ukrainiens-date-de-mai-2014\/#primaryimage\",\"url\":\"https:\/\/belux.edmo.eu\/wp-content\/uploads\/2022\/03\/d7a7bf9a89fcf77e8f86caa97d3da98c.jpeg\",\"contentUrl\":\"https:\/\/belux.edmo.eu\/wp-content\/uploads\/2022\/03\/d7a7bf9a89fcf77e8f86caa97d3da98c.jpeg\",\"width\":1080,\"height\":540,\"caption\":\"Attention, cette vid\u00e9o de blind\u00e9s ukrainiens date de mai 2014 - Featured image\"},{\"@type\":\"BreadcrumbList\",\"@id\":\"https:\/\/belux.edmo.eu\/fr\/attention-cette-vido-de-blinds-ukrainiens-date-de-mai-2014\/#breadcrumb\",\"itemListElement\":[{\"@type\":\"ListItem\",\"position\":1,\"name\":\"Home\",\"item\":\"https:\/\/belux.edmo.eu\/fr\/\"},{\"@type\":\"ListItem\",\"position\":2,\"name\":\"Attention, cette vid\u00e9o de blind\u00e9s ukrainiens date de mai 2014\"}]},{\"@type\":\"WebSite\",\"@id\":\"https:\/\/belux.edmo.eu\/#website\",\"url\":\"https:\/\/belux.edmo.eu\/\",\"name\":\"EDMO Belux\",\"description\":\"Monitoring Disinformation in Belgium and Luxembourg\",\"publisher\":{\"@id\":\"https:\/\/belux.edmo.eu\/#organization\"},\"potentialAction\":[{\"@type\":\"SearchAction\",\"target\":{\"@type\":\"EntryPoint\",\"urlTemplate\":\"https:\/\/belux.edmo.eu\/?s={search_term_string}\"},\"query-input\":{\"@type\":\"PropertyValueSpecification\",\"valueRequired\":true,\"valueName\":\"search_term_string\"}}],\"inLanguage\":\"fr-FR\"},{\"@type\":\"Organization\",\"@id\":\"https:\/\/belux.edmo.eu\/#organization\",\"name\":\"EDMO Belux\",\"url\":\"https:\/\/belux.edmo.eu\/\",\"logo\":{\"@type\":\"ImageObject\",\"inLanguage\":\"fr-FR\",\"@id\":\"https:\/\/belux.edmo.eu\/#\/schema\/logo\/image\/\",\"url\":\"https:\/\/belux.edmo.eu\/wp-content\/uploads\/2021\/12\/belux-logo-full-color-rgb.svg\",\"contentUrl\":\"https:\/\/belux.edmo.eu\/wp-content\/uploads\/2021\/12\/belux-logo-full-color-rgb.svg\",\"width\":1,\"height\":1,\"caption\":\"EDMO Belux\"},\"image\":{\"@id\":\"https:\/\/belux.edmo.eu\/#\/schema\/logo\/image\/\"},\"sameAs\":[\"https:\/\/x.com\/Edmo_Belux\"]},{\"@type\":\"Person\",\"@id\":\"https:\/\/belux.edmo.eu\/#\/schema\/person\/dbe3b252258537fd318f9b5645a30342\",\"name\":\"master\",\"sameAs\":[\"https:\/\/belux.wpengine.com\"],\"url\":\"https:\/\/belux.edmo.eu\/fr\/author\/master\/\"}]}<\/script>\n<!-- \/ Yoast SEO plugin. -->","yoast_head_json":{"title":"Attention, cette vid\u00e9o de blind\u00e9s ukrainiens date de mai 2014 - EDMO Belux","robots":{"index":"index","follow":"follow","max-snippet":"max-snippet:-1","max-image-preview":"max-image-preview:large","max-video-preview":"max-video-preview:-1"},"canonical":"https:\/\/belux.edmo.eu\/fr\/attention-cette-vido-de-blinds-ukrainiens-date-de-mai-2014\/","og_locale":"fr_FR","og_type":"article","og_title":"Attention, cette vid\u00e9o de blind\u00e9s ukrainiens date de mai 2014 - EDMO Belux","og_description":"La\u00a0s\u00e9quence vid\u00e9o de 38 secondes montre un char d\u2019assaut qui fonce sur une barricade de fortune et surgit dans une rue devant un groupe de civils. \"L'arm\u00e9e Ukraine en fuite et la population d\u00e9sesp\u00e9r\u00e9e s'en prend \u00e0 leur arm\u00e9e\", croit savoir l\u2019auteur d\u2019une publication partag\u00e9e 3.200 fois sur Facebook depuis le 8 mars 2022. \"L'arm\u00e9e ukrainienne en fuite devant la puissance du feu de l'arm\u00e9e russe\", lit-on dans la l\u00e9gende d'une autre publication.","og_url":"https:\/\/belux.edmo.eu\/fr\/attention-cette-vido-de-blinds-ukrainiens-date-de-mai-2014\/","og_site_name":"EDMO Belux","article_published_time":"2022-03-15T17:26:16+00:00","article_modified_time":"2022-03-16T16:33:29+00:00","og_image":[{"width":1080,"height":540,"url":"https:\/\/belux.edmo.eu\/wp-content\/uploads\/2022\/03\/d7a7bf9a89fcf77e8f86caa97d3da98c.jpeg","type":"image\/jpeg"}],"author":"master","twitter_card":"summary_large_image","twitter_creator":"@Edmo_Belux","twitter_site":"@Edmo_Belux","twitter_misc":{"\u00c9crit par":"master","Dur\u00e9e de lecture estim\u00e9e":"5 minutes"},"schema":{"@context":"https:\/\/schema.org","@graph":[{"@type":"Article","@id":"https:\/\/belux.edmo.eu\/fr\/attention-cette-vido-de-blinds-ukrainiens-date-de-mai-2014\/#article","isPartOf":{"@id":"https:\/\/belux.edmo.eu\/fr\/attention-cette-vido-de-blinds-ukrainiens-date-de-mai-2014\/"},"author":{"name":"master","@id":"https:\/\/belux.edmo.eu\/#\/schema\/person\/dbe3b252258537fd318f9b5645a30342"},"headline":"Attention, cette vid\u00e9o de blind\u00e9s ukrainiens date de mai 2014","datePublished":"2022-03-15T17:26:16+00:00","dateModified":"2022-03-16T16:33:29+00:00","mainEntityOfPage":{"@id":"https:\/\/belux.edmo.eu\/fr\/attention-cette-vido-de-blinds-ukrainiens-date-de-mai-2014\/"},"wordCount":1147,"publisher":{"@id":"https:\/\/belux.edmo.eu\/#organization"},"image":{"@id":"https:\/\/belux.edmo.eu\/fr\/attention-cette-vido-de-blinds-ukrainiens-date-de-mai-2014\/#primaryimage"},"thumbnailUrl":"https:\/\/belux.edmo.eu\/wp-content\/uploads\/2022\/03\/d7a7bf9a89fcf77e8f86caa97d3da98c.jpeg","articleSection":["Fact-Check","Politique","Ukraine"],"inLanguage":"fr-FR"},{"@type":"WebPage","@id":"https:\/\/belux.edmo.eu\/fr\/attention-cette-vido-de-blinds-ukrainiens-date-de-mai-2014\/","url":"https:\/\/belux.edmo.eu\/fr\/attention-cette-vido-de-blinds-ukrainiens-date-de-mai-2014\/","name":"Attention, cette vid\u00e9o de blind\u00e9s ukrainiens date de mai 2014 - EDMO Belux","isPartOf":{"@id":"https:\/\/belux.edmo.eu\/#website"},"primaryImageOfPage":{"@id":"https:\/\/belux.edmo.eu\/fr\/attention-cette-vido-de-blinds-ukrainiens-date-de-mai-2014\/#primaryimage"},"image":{"@id":"https:\/\/belux.edmo.eu\/fr\/attention-cette-vido-de-blinds-ukrainiens-date-de-mai-2014\/#primaryimage"},"thumbnailUrl":"https:\/\/belux.edmo.eu\/wp-content\/uploads\/2022\/03\/d7a7bf9a89fcf77e8f86caa97d3da98c.jpeg","datePublished":"2022-03-15T17:26:16+00:00","dateModified":"2022-03-16T16:33:29+00:00","breadcrumb":{"@id":"https:\/\/belux.edmo.eu\/fr\/attention-cette-vido-de-blinds-ukrainiens-date-de-mai-2014\/#breadcrumb"},"inLanguage":"fr-FR","potentialAction":[{"@type":"ReadAction","target":["https:\/\/belux.edmo.eu\/fr\/attention-cette-vido-de-blinds-ukrainiens-date-de-mai-2014\/"]}]},{"@type":"ImageObject","inLanguage":"fr-FR","@id":"https:\/\/belux.edmo.eu\/fr\/attention-cette-vido-de-blinds-ukrainiens-date-de-mai-2014\/#primaryimage","url":"https:\/\/belux.edmo.eu\/wp-content\/uploads\/2022\/03\/d7a7bf9a89fcf77e8f86caa97d3da98c.jpeg","contentUrl":"https:\/\/belux.edmo.eu\/wp-content\/uploads\/2022\/03\/d7a7bf9a89fcf77e8f86caa97d3da98c.jpeg","width":1080,"height":540,"caption":"Attention, cette vid\u00e9o de blind\u00e9s ukrainiens date de mai 2014 - Featured image"},{"@type":"BreadcrumbList","@id":"https:\/\/belux.edmo.eu\/fr\/attention-cette-vido-de-blinds-ukrainiens-date-de-mai-2014\/#breadcrumb","itemListElement":[{"@type":"ListItem","position":1,"name":"Home","item":"https:\/\/belux.edmo.eu\/fr\/"},{"@type":"ListItem","position":2,"name":"Attention, cette vid\u00e9o de blind\u00e9s ukrainiens date de mai 2014"}]},{"@type":"WebSite","@id":"https:\/\/belux.edmo.eu\/#website","url":"https:\/\/belux.edmo.eu\/","name":"EDMO Belux","description":"Monitoring Disinformation in Belgium and Luxembourg","publisher":{"@id":"https:\/\/belux.edmo.eu\/#organization"},"potentialAction":[{"@type":"SearchAction","target":{"@type":"EntryPoint","urlTemplate":"https:\/\/belux.edmo.eu\/?s={search_term_string}"},"query-input":{"@type":"PropertyValueSpecification","valueRequired":true,"valueName":"search_term_string"}}],"inLanguage":"fr-FR"},{"@type":"Organization","@id":"https:\/\/belux.edmo.eu\/#organization","name":"EDMO Belux","url":"https:\/\/belux.edmo.eu\/","logo":{"@type":"ImageObject","inLanguage":"fr-FR","@id":"https:\/\/belux.edmo.eu\/#\/schema\/logo\/image\/","url":"https:\/\/belux.edmo.eu\/wp-content\/uploads\/2021\/12\/belux-logo-full-color-rgb.svg","contentUrl":"https:\/\/belux.edmo.eu\/wp-content\/uploads\/2021\/12\/belux-logo-full-color-rgb.svg","width":1,"height":1,"caption":"EDMO Belux"},"image":{"@id":"https:\/\/belux.edmo.eu\/#\/schema\/logo\/image\/"},"sameAs":["https:\/\/x.com\/Edmo_Belux"]},{"@type":"Person","@id":"https:\/\/belux.edmo.eu\/#\/schema\/person\/dbe3b252258537fd318f9b5645a30342","name":"master","sameAs":["https:\/\/belux.wpengine.com"],"url":"https:\/\/belux.edmo.eu\/fr\/author\/master\/"}]}},"menu_order":0,"_links":{"self":[{"href":"https:\/\/belux.edmo.eu\/fr\/wp-json\/wp\/v2\/posts\/20924","targetHints":{"allow":["GET"]}}],"collection":[{"href":"https:\/\/belux.edmo.eu\/fr\/wp-json\/wp\/v2\/posts"}],"about":[{"href":"https:\/\/belux.edmo.eu\/fr\/wp-json\/wp\/v2\/types\/post"}],"author":[{"embeddable":true,"href":"https:\/\/belux.edmo.eu\/fr\/wp-json\/wp\/v2\/users\/1"}],"replies":[{"embeddable":true,"href":"https:\/\/belux.edmo.eu\/fr\/wp-json\/wp\/v2\/comments?post=20924"}],"version-history":[{"count":0,"href":"https:\/\/belux.edmo.eu\/fr\/wp-json\/wp\/v2\/posts\/20924\/revisions"}],"wp:featuredmedia":[{"embeddable":true,"href":"https:\/\/belux.edmo.eu\/fr\/wp-json\/wp\/v2\/media\/20919"}],"wp:attachment":[{"href":"https:\/\/belux.edmo.eu\/fr\/wp-json\/wp\/v2\/media?parent=20924"}],"wp:term":[{"taxonomy":"category","embeddable":true,"href":"https:\/\/belux.edmo.eu\/fr\/wp-json\/wp\/v2\/categories?post=20924"},{"taxonomy":"post_tag","embeddable":true,"href":"https:\/\/belux.edmo.eu\/fr\/wp-json\/wp\/v2\/tags?post=20924"}],"curies":[{"name":"wp","href":"https:\/\/api.w.org\/{rel}","templated":true}]}}