{"id":21373,"date":"2022-03-16T16:28:16","date_gmt":"2022-03-16T16:28:16","guid":{"rendered":"https:\/\/belux.wpengine.com\/?p=21373"},"modified":"2022-06-30T14:07:51","modified_gmt":"2022-06-30T14:07:51","slug":"cette-photo-dune-explosion-en-ukraine-date-bien-de-2022-et-a-t-manipule","status":"publish","type":"post","link":"https:\/\/belux.edmo.eu\/fr\/cette-photo-dune-explosion-en-ukraine-date-bien-de-2022-et-a-t-manipule\/","title":{"rendered":"Cette photo d&rsquo;une explosion en Ukraine date bien de 2022 et a \u00e9t\u00e9 manipul\u00e9e"},"content":{"rendered":"<p><b>Des publications partag\u00e9es sur Facebook et Twitter depuis le 25 f\u00e9vrier 2022 affirment que CNN a diffus\u00e9, au d\u00e9but de l&rsquo;invasion russe en Ukraine, l&rsquo;image d&rsquo;une explosion datant en fait de 2015. Mais la photo de l&rsquo;explosion a \u00e9t\u00e9 fournie le 24 f\u00e9vrier 2022 par le gouvernement ukrainien et n&rsquo;appara\u00eet pas avant cette date. Par ailleurs, l&rsquo;image partag\u00e9e sur les r\u00e9seaux sociaux avec cette fausse affirmation s&rsquo;av\u00e8re \u00eatre un photomontage.<\/b><\/p>\n<p><em>\u00ab\u00a0<\/em><em>\u00c0 gauche, image diffus\u00e9e actuellement par CNN\/Conflit Ukraine. \u00c0 droite, explosion en Ukraine, 2015. [sarcasme]\u00a0\u00bb, <\/em>\u00e9crit une internaute belge dans <a href=\"https:\/\/archive.ph\/p0a0Z\" target=\"_blank\" rel=\"noopener\" shape=\"rect\">une publication<\/a> dat\u00e9e du 25 f\u00e9vrier 2022. Elle partage un montage de plusieurs photos: \u00e0 gauche, une image pr\u00e9tendument diffus\u00e9e par la cha\u00eene de t\u00e9l\u00e9vision am\u00e9ricaine CNN, sur laquelle on voit deux personnes et un chien devant un gigantesque incendie. Sur le bandeau est \u00e9crit en anglais:<em> \u00ab\u00a0explosion incendiaire mais surtout paisible en Ukraine\u00a0\u00bb. <\/em>A droite, deux photos de la m\u00eame explosion vue de plus pr\u00e8s, l&rsquo;une avec ces mots en italien:<em> \u00ab\u00a0explosion Ukraine 2015\u00a0\u00bb. <\/em><\/p>\n<div id=\"wysiwyg\" class=\"ww-item image\"><img class=\"lazyload blur-up\" src=\"https:\/\/belux.wpengine.com\/wp-content\/uploads\/2022\/03\/2022031717-1c817f7a3cdef24165f5c8f4d19eb8f2.jpeg\" data-original=\"\" \/><span class=\"legend\">Capture d&rsquo;\u00e9cran r\u00e9alis\u00e9e le 16\/03\/2022 sur Facebook<\/span><\/div>\n<p>Une <a href=\"https:\/\/archive.ph\/MjUFW\" target=\"_blank\" rel=\"noopener\" shape=\"rect\">autre internaute<\/a> a partag\u00e9 le 28 f\u00e9vrier un montage similaire, s&rsquo;indignant que <em>\u00ab\u00a0Les Medias POUR DRAMATISER la situation au MAXIMUM re utilisent des photos d&rsquo; explosion d&rsquo;il y a 7 ans\u00a0\u00bb. <\/em><\/p>\n<p>Les deux photos de droite ont \u00e9galement \u00e9t\u00e9 relay\u00e9es sur Twitter le 25 f\u00e9vrier, au lendemain du d\u00e9but de l&rsquo;invasion russe en Ukraine, <a href=\"https:\/\/archive.ph\/JpiPh\" target=\"_blank\" rel=\"noopener\" shape=\"rect\">par cet internaute<\/a> qui \u00e9crit: <em>\u00ab\u00a0Rien ne vous choque ? Explosion en 2015 et explosion il y a une heure, relay\u00e9e par @CNN\u00a0\u00bb. <\/em>L&rsquo;auteur r\u00e9pond <a href=\"https:\/\/archive.ph\/nMnbY\" target=\"_blank\" rel=\"noopener\" shape=\"rect\">\u00e0 un tweet<\/a> sur lequel on voit une capture d&rsquo;\u00e9cran de la cha\u00eene am\u00e9ricaine CNN: cette fois-ci, les personnages ont disparu, ainsi que le bandeau blanc.<\/p>\n<p>L&rsquo;AFP n&rsquo;a pas retrouv\u00e9 l&rsquo;origine de cette capture d&rsquo;\u00e9cran, mais la photo a \u00e9t\u00e9 reprise au cours d&rsquo;une \u00e9mission partag\u00e9e par CNN <a href=\"https:\/\/twitter.com\/CNN\/status\/1496967107162091533\" target=\"_blank\" rel=\"noopener\" shape=\"rect\">sur Twitter<\/a> le 24 f\u00e9vrier 2022 (\u00e0 0&rsquo;31).<\/p>\n<div id=\"wysiwyg\" class=\"ww-item image\"><img class=\"lazyload blur-up\" src=\"https:\/\/belux.wpengine.com\/wp-content\/uploads\/2022\/03\/2022031717-052068db055bf1d150884ee30903b5db.jpeg\" data-original=\"\" \/><span class=\"legend\">Capture d&rsquo;\u00e9cran r\u00e9alis\u00e9e le 16\/03\/2022 sur Twitter<\/span><\/div>\n<p>Selon ces internautes, l&rsquo;image diffus\u00e9e par CNN le 24 f\u00e9vrier 2022 date donc en r\u00e9alit\u00e9 de 2015. Cette affirmation a \u00e9galement \u00e9t\u00e9 partag\u00e9e en anglais et <a href=\"https:\/\/factcheck.afp.com\/doc.afp.com.324F2GL\" target=\"_blank\" rel=\"noopener\" shape=\"rect\">v\u00e9rifi\u00e9e par l&rsquo;AFP<\/a> dans cette langue.<\/p>\n<p>L&rsquo;invasion russe de l&rsquo;Ukraine s&rsquo;est accompagn\u00e9e ces derni\u00e8res semaines d&rsquo;une <a href=\"\/doc.afp.com.323Q7N9\" target=\"_blank\" rel=\"noopener\" shape=\"rect\">intense campagne de d\u00e9sinformation<\/a> en ligne: <a href=\"\/doc.afp.com.32486MV\" target=\"_blank\" rel=\"noopener\" shape=\"rect\">CNN<\/a> et d&rsquo;autres m\u00e9dias ont \u00e9t\u00e9 \u00e0 plusieurs reprises accus\u00e9s \u00e0 tort de diffuser des images d\u00e9tourn\u00e9es des \u00e9v\u00e8nements en Ukraine.<\/p>\n<p><b>Une photo diffus\u00e9e par le gouvernement ukrainien en f\u00e9vrier 2022<\/b><\/p>\n<p>Une recherche invers\u00e9e d&rsquo;image avec Google permet de retrouver <a href=\"https:\/\/edition.cnn.com\/europe\/live-news\/ukraine-russia-news-02-23-22\/h_416cfbb0c15d0d28b9d6cf6ba7276d75\" target=\"_blank\" rel=\"noopener\" shape=\"rect\">la page de CNN<\/a> d\u00e9di\u00e9e \u00e0 l&rsquo;actualit\u00e9 ukrainienne du 24 f\u00e9vrier 2022, <a href=\"https:\/\/www.lavenir.net\/cnt\/dmf20220224_01667374\/poutine-et-la-russie-declarent-la-guerre-a-l-ukraine-ce-24-fevrier-2022-ce-qu-on-sait-ce-jeudi-matin\" target=\"_blank\" rel=\"noopener\" shape=\"rect\">premier jour<\/a> de l&rsquo;invasion russe dans le pays. On y retrouve la photo qui nous int\u00e9resse, accompagn\u00e9e de cette l\u00e9gende:<em> \u00ab\u00a0une photo fournie par le bureau du pr\u00e9sident ukrainien semble montrer une explosion dans la capitale du pays, Kiev, t\u00f4t jeudi matin\u00a0\u00bb. <\/em><\/p>\n<p>&nbsp;<\/p>\n<div id=\"wysiwyg\" class=\"ww-item image\"><img class=\"lazyload blur-up\" src=\"https:\/\/belux.wpengine.com\/wp-content\/uploads\/2022\/03\/2022031717-27b93c585e8d731c5a91768cf1770fa9.jpeg\" data-original=\"\" \/><span class=\"legend\">Capture d&rsquo;\u00e9cran r\u00e9alis\u00e9e sur le site de la cha\u00eene am\u00e9ricaine CNN le 16\/03\/2022<\/span><\/div>\n<p>&nbsp;<\/p>\n<p>Le 24 f\u00e9vrier, des journalistes de l&rsquo;AFP ont en effet <a href=\"https:\/\/www.lapresse.ca\/international\/europe\/2022-02-23\/guerre-en-ukraine\/des-explosions-a-kiev-et-dans-plusieurs-villes-du-pays.php\" target=\"_blank\" rel=\"noopener\" shape=\"rect\">rapport\u00e9<\/a> avoir entendu de puissantes explosions \u00e0 Kiev et dans d&rsquo;autres villes ukrainiennes dont Odessa. Des explosions <a href=\"https:\/\/www.reuters.com\/world\/europe\/explosion-heard-ukrainian-capital-kyiv-reuters-witness-2022-02-24\/\" target=\"_blank\" rel=\"noopener\" shape=\"rect\">\u00e9galement rapport\u00e9es<\/a> le m\u00eame jour par les journalistes de l&rsquo;agence de presse am\u00e9ricaine Reuters.<\/p>\n<p>D&rsquo;autres recherches d&rsquo;images invers\u00e9es avec l&rsquo;outil Tineye permettent de retrouver plusieurs occurrences de cette photo, avec la mention qu&rsquo;elle provient du bureau du pr\u00e9sident ukrainien Volodymyr Zelensky &#8211;<a href=\"https:\/\/www.nbcnews.com\/slideshow\/photos-show-scenes-fear-chaos-ukraine-after-russian-missile-strikes-n1289770\" target=\"_blank\" rel=\"noopener\" shape=\"rect\">ici<\/a> ou <a href=\"https:\/\/www.alamy.com\/kyiv-ukraine-24th-feb-2022-explosion-in-the-capital-city-of-kyiv-early-thursday-russia-is-bombing-the-borders-of-ukraine-with-poland-act-same-time-credit-image-ukrainian-presidents-office-via-zuma-press-credit-zuma-press-incalamy-live-news-image461658903.html?irclickid=Tp1QUNWhRxyIRGQwCMxnNR36UkGTBdTNNUsVTM0&amp;irgwc=1&amp;utm_source=77643&amp;utm_campaign=Shop%20Royalty%20Free%20at%20Alamy&amp;utm_medium=impact\" target=\"_blank\" rel=\"noopener\" shape=\"rect\">ici<\/a> par exemple. L&rsquo;AFP n&rsquo;a pas retrouv\u00e9 la trace de cette image avant le 24 f\u00e9vrier 2022, alors que les auteurs des publications que nous v\u00e9rifions affirment qu&rsquo;elle date de 2015.<\/p>\n<p>En juin 2015, <a href=\"https:\/\/www.france24.com\/fr\/20150609-video-ukraine-incendie-plusieurs-morts-gigantesque-incendie-depot-petrolier-kiev-pompiers\" target=\"_blank\" rel=\"noopener\" shape=\"rect\">un gigantesque incendie<\/a> dans un d\u00e9p\u00f4t p\u00e9trolier pr\u00e8s de Kiev a fait plusieurs morts. En ao\u00fbt de la m\u00eame ann\u00e9e, <a href=\"https:\/\/www.lemonde.fr\/europe\/article\/2015\/08\/31\/forte-explosion-devant-le-parlement-ukrainien-apres-le-vote-d-une-reforme-controversee_4741475_3214.html\" target=\"_blank\" rel=\"noopener\" shape=\"rect\">une explosion<\/a> devant le parlement ukrainien, situ\u00e9 dans la capitale, a fait plusieurs bless\u00e9s et au moins un mort. Les m\u00e9dias qui ont couvert ces \u00e9v\u00e8nements n&rsquo;ont pas partag\u00e9 la photo que nous recherchons.<\/p>\n<p><b>Une image manipul\u00e9e<\/b><\/p>\n<p>Contact\u00e9e le 3 mars 2022, Lauren Bobek, porte-parole de CNN, a d\u00e9clar\u00e9 \u00e0 l&rsquo;AFP par e-mail que l&rsquo;image de l&rsquo;explosion avec les deux personnes et le chien, partag\u00e9e dans les publications Facebook que nous v\u00e9rifions, \u00e9tait \u00ab\u00a0<em>trafiqu\u00e9e<\/em>\u00a0\u00bb et n&rsquo;est \u00ab\u00a0<em>pas r\u00e9elle\u00a0\u00bb.<\/em><\/p>\n<p>La phrase \u00ab\u00a0Firey but mostly peaceful explosion\u00a0\u00bb est une r\u00e9f\u00e9rence \u00e0 un v\u00e9ritable bandeau de la cha\u00eene CNN, diffus\u00e9 <a href=\"https:\/\/archive.org\/details\/CNNW_20200825_090000_Early_Start_With_Christine_Romans_and_Laura_Jarrett\/start\/360\/end\/420\" target=\"_blank\" rel=\"noopener\" shape=\"rect\">le 25 ao\u00fbt 2020<\/a> lors d&rsquo;un reportage sur les <a href=\"https:\/\/www.france24.com\/fr\/20200826-%C3%A9tats-unis-nouvelle-nuit-de-violences-%C3%A0-kenosha-malgr%C3%A9-les-appels-au-calme-de-la-famille-blake\" target=\"_blank\" rel=\"noopener\" shape=\"rect\">violentes manifestations<\/a> \u00e0 Kenosha ( Wisconsin) aux Etats-Unis, qui se sont d\u00e9roul\u00e9es apr\u00e8s qu&rsquo;un policier blanc a tir\u00e9 sur un homme noir, Jacob Blake, le laissant paralys\u00e9.<\/p>\n<p>Sur l&rsquo;image partag\u00e9e par certains internautes, trois silhouettes apparaissent devant l&rsquo;incendie. Ces personnes n&rsquo;apparaissent pas sur la photo utilis\u00e9e par CNN. En utilisant l&rsquo;outil Google Lens pour isoler cette partie de la photo, on s&rsquo;aper\u00e7oit qu&rsquo;il s&rsquo;agit du pr\u00e9sident am\u00e9ricain Joe Biden, de sa femme Jill Biden et de leur chien, <a href=\"https:\/\/www.apimages.com\/metadata\/Index\/Biden\/171574ec9cd242589b625d6662b8c3f8\/1\/0\" target=\"_blank\" rel=\"noopener\" shape=\"rect\">pris en photo<\/a> le 28 d\u00e9cembre 2021 par l&rsquo;agence AP. Leurs silhouettes ont \u00e9t\u00e9 ajout\u00e9es a posteriori sur la photo de l&rsquo;explosion.<\/p>\n<div class=\"grid-with-margin\">\n<div id=\"wysiwyg\" class=\"ww-item image\"><img class=\"lazyload blur-up\" src=\"https:\/\/belux.wpengine.com\/wp-content\/uploads\/2022\/03\/2022031717-2a56030de37319413ce556a4d62d6abf.jpeg\" data-original=\"\" \/><span class=\"legend\">Capture d&rsquo;\u00e9cran r\u00e9alis\u00e9e sur Facebook le 16\/03\/2022<\/span><\/div>\n<div id=\"wysiwyg\" class=\"ww-item image\"><img class=\"lazyload blur-up\" src=\"https:\/\/belux.wpengine.com\/wp-content\/uploads\/2022\/03\/2022031717-bf938c6eb29177290f8032e1bcb22ad6.jpeg\" data-original=\"\" \/><span class=\"legend\">Capture d&rsquo;\u00e9cran r\u00e9alis\u00e9e sur le site de l&rsquo;agence AP le 16\/03\/2022 ( AP \/ Patrick Semansky)<\/span><\/div>\n<\/div>\n<p>Mercredi 16 mars 2022, <a href=\"https:\/\/www.lalibre.be\/dernieres-depeches\/afp\/2022\/03\/16\/le-point-sur-linvasion-de-lukraine-par-la-russie-ROL7UGMGAFHZVJKS4B2NWIFVEY\/\" target=\"_blank\" rel=\"noopener\" shape=\"rect\">plusieurs fortes explosions<\/a> ont retenti dans l&rsquo;ouest de Kiev, suivies d&rsquo;\u00e9paisses colonnes de fum\u00e9es noire dans le ciel de la capitale, plac\u00e9e la veille sous couvre-feu. Mardi 15 mars, plusieurs frappes russes avaient touch\u00e9 des immeubles r\u00e9sidentiels, causant la mort d&rsquo;au moins quatre personnes, selon le maire de Kiev, capitale encercl\u00e9e par les forces russes et vid\u00e9e d&rsquo;au moins la moiti\u00e9 de ses 3,5 millions d&rsquo;habitants.<\/p>\n<p>La quatri\u00e8me session de pourparlers entre d\u00e9l\u00e9gations russes et ukrainiennes, se poursuivait le 16 mars 2022. Le pr\u00e9sident ukrainien a apport\u00e9 mardi un peu d&rsquo;espoir, jugeant que les positions \u00e9taient d\u00e9sormais <em>\u00ab\u00a0plus r\u00e9alistes<\/em>\u00ab\u00a0. Dans un geste fort de compromis, il a estim\u00e9 qu&rsquo;il fallait <em>\u00ab\u00a0reconna\u00eetre\u00a0\u00bb<\/em> que l&rsquo;Ukraine ne pourrait pas adh\u00e9rer \u00e0 l&rsquo;Otan, ce que r\u00e9clamait Moscou avant son invasion.<\/p>\n","protected":false},"excerpt":{"rendered":"<p>\u00ab\u00a0\u00c0 gauche, image diffus\u00e9e actuellement par CNN\/Conflit Ukraine. \u00c0 droite, explosion en Ukraine, 2015. [sarcasme]\u00a0\u00bb, \u00e9crit une internaute belge dans une publication dat\u00e9e du 25 f\u00e9vrier 2022. Elle partage un montage de plusieurs photos: \u00e0 gauche, une image pr\u00e9tendument diffus\u00e9e par la cha\u00eene de t\u00e9l\u00e9vision am\u00e9ricaine CNN, sur laquelle on voit deux personnes et un chien devant un gigantesque incendie. Sur le bandeau est \u00e9crit en anglais: \u00ab\u00a0explosion incendiaire mais surtout paisible en Ukraine\u00a0\u00bb. A droite, deux photos de la m\u00eame explosion vue de plus pr\u00e8s, l&rsquo;une avec ces mots en italien: \u00ab\u00a0explosion Ukraine 2015\u00a0\u00bb. <\/p>\n","protected":false},"author":1,"featured_media":54048,"comment_status":"closed","ping_status":"open","sticky":false,"template":"","format":"standard","meta":{"_acf_changed":false,"footnotes":""},"categories":[125,214],"tags":[],"class_list":{"0":"post-21373","1":"post","2":"type-post","3":"status-publish","4":"format-standard","5":"has-post-thumbnail","7":"category-fact-check-fr","8":"category-ukraine-fr"},"acf":{"show_metatags":true,"id":"50110","authors":"AFP Belgique, AFP Etats-Unis","organization":"AFP","featured_image_copyright":"","text_copyright":"\u00a9 AGENCE FRANCE-PRESSE | 2022 | Tous droits r\u00e9serv\u00e9s. L\u2019acc\u00e8s aux contenus de l'AFP publi\u00e9s sur ce site et, le cas \u00e9ch\u00e9ant, leur utilisation sont soumis aux conditions g\u00e9n\u00e9rales d'utilisation disponibles sur <a href='https:\/\/www.afp.com\/fr\/cgu' target='_blank'>CGU<\/a>. Par cons\u00e9quent, en acc\u00e9dant aux contenus de l\u2019AFP publi\u00e9s sur ce site, et en les utilisant, le cas \u00e9ch\u00e9ant, vous acceptez d'\u00eatre li\u00e9 par les conditions g\u00e9n\u00e9rales d'utilisation susmentionn\u00e9es. L\u2019utilisation de contenus de l'AFP se fait sous votre seule et enti\u00e8re responsabilit\u00e9.","source":"https:\/\/factuel.afp.com\/doc.afp.com.3268929","fact_checker":"https:\/\/belux.wpengine.com\/wp-content\/uploads\/2021\/12\/afp_logo.png","fact_checker_logo_image":false,"type":"\u00c9v\u00e9nement ferm\u00e9","location":"","start_date":"","start_date_event_begins_at":"","start_date_event_ends_at":"","end_date":"","end_date_event_begins_at":"","end_date_event_ends_at":"","organizer":""},"yoast_head":"<!-- This site is optimized with the Yoast SEO plugin v27.0 - https:\/\/yoast.com\/product\/yoast-seo-wordpress\/ -->\n<title>Cette photo d&#039;une explosion en Ukraine date bien de 2022 et a \u00e9t\u00e9 manipul\u00e9e - EDMO Belux<\/title>\n<meta name=\"robots\" content=\"index, follow, max-snippet:-1, max-image-preview:large, max-video-preview:-1\" \/>\n<link rel=\"canonical\" href=\"https:\/\/belux.edmo.eu\/fr\/cette-photo-dune-explosion-en-ukraine-date-bien-de-2022-et-a-t-manipule\/\" \/>\n<meta property=\"og:locale\" content=\"fr_FR\" \/>\n<meta property=\"og:type\" content=\"article\" \/>\n<meta property=\"og:title\" content=\"Cette photo d&#039;une explosion en Ukraine date bien de 2022 et a \u00e9t\u00e9 manipul\u00e9e - EDMO Belux\" \/>\n<meta property=\"og:description\" content=\"&quot;\u00c0 gauche, image diffus\u00e9e actuellement par CNN\/Conflit Ukraine. \u00c0 droite, explosion en Ukraine, 2015. [sarcasme]&quot;, \u00e9crit une internaute belge dans une publication dat\u00e9e du 25 f\u00e9vrier 2022. Elle partage un montage de plusieurs photos: \u00e0 gauche, une image pr\u00e9tendument diffus\u00e9e par la cha\u00eene de t\u00e9l\u00e9vision am\u00e9ricaine CNN, sur laquelle on voit deux personnes et un chien devant un gigantesque incendie. Sur le bandeau est \u00e9crit en anglais: &quot;explosion incendiaire mais surtout paisible en Ukraine&quot;. A droite, deux photos de la m\u00eame explosion vue de plus pr\u00e8s, l&#039;une avec ces mots en italien: &quot;explosion Ukraine 2015&quot;.\" \/>\n<meta property=\"og:url\" content=\"https:\/\/belux.edmo.eu\/fr\/cette-photo-dune-explosion-en-ukraine-date-bien-de-2022-et-a-t-manipule\/\" \/>\n<meta property=\"og:site_name\" content=\"EDMO Belux\" \/>\n<meta property=\"article:published_time\" content=\"2022-03-16T16:28:16+00:00\" \/>\n<meta property=\"article:modified_time\" content=\"2022-06-30T14:07:51+00:00\" \/>\n<meta property=\"og:image\" content=\"https:\/\/belux.edmo.eu\/wp-content\/uploads\/2022\/03\/6ac5442f9a475745b5f418352b493a4e-1.jpeg\" \/>\n\t<meta property=\"og:image:width\" content=\"1080\" \/>\n\t<meta property=\"og:image:height\" content=\"540\" \/>\n\t<meta property=\"og:image:type\" content=\"image\/jpeg\" \/>\n<meta name=\"author\" content=\"master\" \/>\n<meta name=\"twitter:card\" content=\"summary_large_image\" \/>\n<meta name=\"twitter:creator\" content=\"@Edmo_Belux\" \/>\n<meta name=\"twitter:site\" content=\"@Edmo_Belux\" \/>\n<meta name=\"twitter:label1\" content=\"\u00c9crit par\" \/>\n\t<meta name=\"twitter:data1\" content=\"master\" \/>\n\t<meta name=\"twitter:label2\" content=\"Dur\u00e9e de lecture estim\u00e9e\" \/>\n\t<meta name=\"twitter:data2\" content=\"5 minutes\" \/>\n<script type=\"application\/ld+json\" class=\"yoast-schema-graph\">{\"@context\":\"https:\/\/schema.org\",\"@graph\":[{\"@type\":\"Article\",\"@id\":\"https:\/\/belux.edmo.eu\/fr\/cette-photo-dune-explosion-en-ukraine-date-bien-de-2022-et-a-t-manipule\/#article\",\"isPartOf\":{\"@id\":\"https:\/\/belux.edmo.eu\/fr\/cette-photo-dune-explosion-en-ukraine-date-bien-de-2022-et-a-t-manipule\/\"},\"author\":{\"name\":\"master\",\"@id\":\"https:\/\/belux.edmo.eu\/#\/schema\/person\/dbe3b252258537fd318f9b5645a30342\"},\"headline\":\"Cette photo d&rsquo;une explosion en Ukraine date bien de 2022 et a \u00e9t\u00e9 manipul\u00e9e\",\"datePublished\":\"2022-03-16T16:28:16+00:00\",\"dateModified\":\"2022-06-30T14:07:51+00:00\",\"mainEntityOfPage\":{\"@id\":\"https:\/\/belux.edmo.eu\/fr\/cette-photo-dune-explosion-en-ukraine-date-bien-de-2022-et-a-t-manipule\/\"},\"wordCount\":1099,\"publisher\":{\"@id\":\"https:\/\/belux.edmo.eu\/#organization\"},\"image\":{\"@id\":\"https:\/\/belux.edmo.eu\/fr\/cette-photo-dune-explosion-en-ukraine-date-bien-de-2022-et-a-t-manipule\/#primaryimage\"},\"thumbnailUrl\":\"https:\/\/belux.edmo.eu\/wp-content\/uploads\/2022\/03\/6ac5442f9a475745b5f418352b493a4e-1.jpeg\",\"articleSection\":[\"Fact-Check\",\"Ukraine\"],\"inLanguage\":\"fr-FR\"},{\"@type\":\"WebPage\",\"@id\":\"https:\/\/belux.edmo.eu\/fr\/cette-photo-dune-explosion-en-ukraine-date-bien-de-2022-et-a-t-manipule\/\",\"url\":\"https:\/\/belux.edmo.eu\/fr\/cette-photo-dune-explosion-en-ukraine-date-bien-de-2022-et-a-t-manipule\/\",\"name\":\"Cette photo d'une explosion en Ukraine date bien de 2022 et a \u00e9t\u00e9 manipul\u00e9e - EDMO Belux\",\"isPartOf\":{\"@id\":\"https:\/\/belux.edmo.eu\/#website\"},\"primaryImageOfPage\":{\"@id\":\"https:\/\/belux.edmo.eu\/fr\/cette-photo-dune-explosion-en-ukraine-date-bien-de-2022-et-a-t-manipule\/#primaryimage\"},\"image\":{\"@id\":\"https:\/\/belux.edmo.eu\/fr\/cette-photo-dune-explosion-en-ukraine-date-bien-de-2022-et-a-t-manipule\/#primaryimage\"},\"thumbnailUrl\":\"https:\/\/belux.edmo.eu\/wp-content\/uploads\/2022\/03\/6ac5442f9a475745b5f418352b493a4e-1.jpeg\",\"datePublished\":\"2022-03-16T16:28:16+00:00\",\"dateModified\":\"2022-06-30T14:07:51+00:00\",\"breadcrumb\":{\"@id\":\"https:\/\/belux.edmo.eu\/fr\/cette-photo-dune-explosion-en-ukraine-date-bien-de-2022-et-a-t-manipule\/#breadcrumb\"},\"inLanguage\":\"fr-FR\",\"potentialAction\":[{\"@type\":\"ReadAction\",\"target\":[\"https:\/\/belux.edmo.eu\/fr\/cette-photo-dune-explosion-en-ukraine-date-bien-de-2022-et-a-t-manipule\/\"]}]},{\"@type\":\"ImageObject\",\"inLanguage\":\"fr-FR\",\"@id\":\"https:\/\/belux.edmo.eu\/fr\/cette-photo-dune-explosion-en-ukraine-date-bien-de-2022-et-a-t-manipule\/#primaryimage\",\"url\":\"https:\/\/belux.edmo.eu\/wp-content\/uploads\/2022\/03\/6ac5442f9a475745b5f418352b493a4e-1.jpeg\",\"contentUrl\":\"https:\/\/belux.edmo.eu\/wp-content\/uploads\/2022\/03\/6ac5442f9a475745b5f418352b493a4e-1.jpeg\",\"width\":1080,\"height\":540},{\"@type\":\"BreadcrumbList\",\"@id\":\"https:\/\/belux.edmo.eu\/fr\/cette-photo-dune-explosion-en-ukraine-date-bien-de-2022-et-a-t-manipule\/#breadcrumb\",\"itemListElement\":[{\"@type\":\"ListItem\",\"position\":1,\"name\":\"Home\",\"item\":\"https:\/\/belux.edmo.eu\/fr\/\"},{\"@type\":\"ListItem\",\"position\":2,\"name\":\"Cette photo d&#8217;une explosion en Ukraine date bien de 2022 et a \u00e9t\u00e9 manipul\u00e9e\"}]},{\"@type\":\"WebSite\",\"@id\":\"https:\/\/belux.edmo.eu\/#website\",\"url\":\"https:\/\/belux.edmo.eu\/\",\"name\":\"EDMO Belux\",\"description\":\"Monitoring Disinformation in Belgium and Luxembourg\",\"publisher\":{\"@id\":\"https:\/\/belux.edmo.eu\/#organization\"},\"potentialAction\":[{\"@type\":\"SearchAction\",\"target\":{\"@type\":\"EntryPoint\",\"urlTemplate\":\"https:\/\/belux.edmo.eu\/?s={search_term_string}\"},\"query-input\":{\"@type\":\"PropertyValueSpecification\",\"valueRequired\":true,\"valueName\":\"search_term_string\"}}],\"inLanguage\":\"fr-FR\"},{\"@type\":\"Organization\",\"@id\":\"https:\/\/belux.edmo.eu\/#organization\",\"name\":\"EDMO Belux\",\"url\":\"https:\/\/belux.edmo.eu\/\",\"logo\":{\"@type\":\"ImageObject\",\"inLanguage\":\"fr-FR\",\"@id\":\"https:\/\/belux.edmo.eu\/#\/schema\/logo\/image\/\",\"url\":\"https:\/\/belux.edmo.eu\/wp-content\/uploads\/2021\/12\/belux-logo-full-color-rgb.svg\",\"contentUrl\":\"https:\/\/belux.edmo.eu\/wp-content\/uploads\/2021\/12\/belux-logo-full-color-rgb.svg\",\"width\":1,\"height\":1,\"caption\":\"EDMO Belux\"},\"image\":{\"@id\":\"https:\/\/belux.edmo.eu\/#\/schema\/logo\/image\/\"},\"sameAs\":[\"https:\/\/x.com\/Edmo_Belux\"]},{\"@type\":\"Person\",\"@id\":\"https:\/\/belux.edmo.eu\/#\/schema\/person\/dbe3b252258537fd318f9b5645a30342\",\"name\":\"master\",\"sameAs\":[\"https:\/\/belux.wpengine.com\"],\"url\":\"https:\/\/belux.edmo.eu\/fr\/author\/master\/\"}]}<\/script>\n<!-- \/ Yoast SEO plugin. -->","yoast_head_json":{"title":"Cette photo d'une explosion en Ukraine date bien de 2022 et a \u00e9t\u00e9 manipul\u00e9e - EDMO Belux","robots":{"index":"index","follow":"follow","max-snippet":"max-snippet:-1","max-image-preview":"max-image-preview:large","max-video-preview":"max-video-preview:-1"},"canonical":"https:\/\/belux.edmo.eu\/fr\/cette-photo-dune-explosion-en-ukraine-date-bien-de-2022-et-a-t-manipule\/","og_locale":"fr_FR","og_type":"article","og_title":"Cette photo d'une explosion en Ukraine date bien de 2022 et a \u00e9t\u00e9 manipul\u00e9e - EDMO Belux","og_description":"\"\u00c0 gauche, image diffus\u00e9e actuellement par CNN\/Conflit Ukraine. \u00c0 droite, explosion en Ukraine, 2015. [sarcasme]\", \u00e9crit une internaute belge dans une publication dat\u00e9e du 25 f\u00e9vrier 2022. Elle partage un montage de plusieurs photos: \u00e0 gauche, une image pr\u00e9tendument diffus\u00e9e par la cha\u00eene de t\u00e9l\u00e9vision am\u00e9ricaine CNN, sur laquelle on voit deux personnes et un chien devant un gigantesque incendie. Sur le bandeau est \u00e9crit en anglais: \"explosion incendiaire mais surtout paisible en Ukraine\". A droite, deux photos de la m\u00eame explosion vue de plus pr\u00e8s, l'une avec ces mots en italien: \"explosion Ukraine 2015\".","og_url":"https:\/\/belux.edmo.eu\/fr\/cette-photo-dune-explosion-en-ukraine-date-bien-de-2022-et-a-t-manipule\/","og_site_name":"EDMO Belux","article_published_time":"2022-03-16T16:28:16+00:00","article_modified_time":"2022-06-30T14:07:51+00:00","og_image":[{"width":1080,"height":540,"url":"https:\/\/belux.edmo.eu\/wp-content\/uploads\/2022\/03\/6ac5442f9a475745b5f418352b493a4e-1.jpeg","type":"image\/jpeg"}],"author":"master","twitter_card":"summary_large_image","twitter_creator":"@Edmo_Belux","twitter_site":"@Edmo_Belux","twitter_misc":{"\u00c9crit par":"master","Dur\u00e9e de lecture estim\u00e9e":"5 minutes"},"schema":{"@context":"https:\/\/schema.org","@graph":[{"@type":"Article","@id":"https:\/\/belux.edmo.eu\/fr\/cette-photo-dune-explosion-en-ukraine-date-bien-de-2022-et-a-t-manipule\/#article","isPartOf":{"@id":"https:\/\/belux.edmo.eu\/fr\/cette-photo-dune-explosion-en-ukraine-date-bien-de-2022-et-a-t-manipule\/"},"author":{"name":"master","@id":"https:\/\/belux.edmo.eu\/#\/schema\/person\/dbe3b252258537fd318f9b5645a30342"},"headline":"Cette photo d&rsquo;une explosion en Ukraine date bien de 2022 et a \u00e9t\u00e9 manipul\u00e9e","datePublished":"2022-03-16T16:28:16+00:00","dateModified":"2022-06-30T14:07:51+00:00","mainEntityOfPage":{"@id":"https:\/\/belux.edmo.eu\/fr\/cette-photo-dune-explosion-en-ukraine-date-bien-de-2022-et-a-t-manipule\/"},"wordCount":1099,"publisher":{"@id":"https:\/\/belux.edmo.eu\/#organization"},"image":{"@id":"https:\/\/belux.edmo.eu\/fr\/cette-photo-dune-explosion-en-ukraine-date-bien-de-2022-et-a-t-manipule\/#primaryimage"},"thumbnailUrl":"https:\/\/belux.edmo.eu\/wp-content\/uploads\/2022\/03\/6ac5442f9a475745b5f418352b493a4e-1.jpeg","articleSection":["Fact-Check","Ukraine"],"inLanguage":"fr-FR"},{"@type":"WebPage","@id":"https:\/\/belux.edmo.eu\/fr\/cette-photo-dune-explosion-en-ukraine-date-bien-de-2022-et-a-t-manipule\/","url":"https:\/\/belux.edmo.eu\/fr\/cette-photo-dune-explosion-en-ukraine-date-bien-de-2022-et-a-t-manipule\/","name":"Cette photo d'une explosion en Ukraine date bien de 2022 et a \u00e9t\u00e9 manipul\u00e9e - EDMO Belux","isPartOf":{"@id":"https:\/\/belux.edmo.eu\/#website"},"primaryImageOfPage":{"@id":"https:\/\/belux.edmo.eu\/fr\/cette-photo-dune-explosion-en-ukraine-date-bien-de-2022-et-a-t-manipule\/#primaryimage"},"image":{"@id":"https:\/\/belux.edmo.eu\/fr\/cette-photo-dune-explosion-en-ukraine-date-bien-de-2022-et-a-t-manipule\/#primaryimage"},"thumbnailUrl":"https:\/\/belux.edmo.eu\/wp-content\/uploads\/2022\/03\/6ac5442f9a475745b5f418352b493a4e-1.jpeg","datePublished":"2022-03-16T16:28:16+00:00","dateModified":"2022-06-30T14:07:51+00:00","breadcrumb":{"@id":"https:\/\/belux.edmo.eu\/fr\/cette-photo-dune-explosion-en-ukraine-date-bien-de-2022-et-a-t-manipule\/#breadcrumb"},"inLanguage":"fr-FR","potentialAction":[{"@type":"ReadAction","target":["https:\/\/belux.edmo.eu\/fr\/cette-photo-dune-explosion-en-ukraine-date-bien-de-2022-et-a-t-manipule\/"]}]},{"@type":"ImageObject","inLanguage":"fr-FR","@id":"https:\/\/belux.edmo.eu\/fr\/cette-photo-dune-explosion-en-ukraine-date-bien-de-2022-et-a-t-manipule\/#primaryimage","url":"https:\/\/belux.edmo.eu\/wp-content\/uploads\/2022\/03\/6ac5442f9a475745b5f418352b493a4e-1.jpeg","contentUrl":"https:\/\/belux.edmo.eu\/wp-content\/uploads\/2022\/03\/6ac5442f9a475745b5f418352b493a4e-1.jpeg","width":1080,"height":540},{"@type":"BreadcrumbList","@id":"https:\/\/belux.edmo.eu\/fr\/cette-photo-dune-explosion-en-ukraine-date-bien-de-2022-et-a-t-manipule\/#breadcrumb","itemListElement":[{"@type":"ListItem","position":1,"name":"Home","item":"https:\/\/belux.edmo.eu\/fr\/"},{"@type":"ListItem","position":2,"name":"Cette photo d&#8217;une explosion en Ukraine date bien de 2022 et a \u00e9t\u00e9 manipul\u00e9e"}]},{"@type":"WebSite","@id":"https:\/\/belux.edmo.eu\/#website","url":"https:\/\/belux.edmo.eu\/","name":"EDMO Belux","description":"Monitoring Disinformation in Belgium and Luxembourg","publisher":{"@id":"https:\/\/belux.edmo.eu\/#organization"},"potentialAction":[{"@type":"SearchAction","target":{"@type":"EntryPoint","urlTemplate":"https:\/\/belux.edmo.eu\/?s={search_term_string}"},"query-input":{"@type":"PropertyValueSpecification","valueRequired":true,"valueName":"search_term_string"}}],"inLanguage":"fr-FR"},{"@type":"Organization","@id":"https:\/\/belux.edmo.eu\/#organization","name":"EDMO Belux","url":"https:\/\/belux.edmo.eu\/","logo":{"@type":"ImageObject","inLanguage":"fr-FR","@id":"https:\/\/belux.edmo.eu\/#\/schema\/logo\/image\/","url":"https:\/\/belux.edmo.eu\/wp-content\/uploads\/2021\/12\/belux-logo-full-color-rgb.svg","contentUrl":"https:\/\/belux.edmo.eu\/wp-content\/uploads\/2021\/12\/belux-logo-full-color-rgb.svg","width":1,"height":1,"caption":"EDMO Belux"},"image":{"@id":"https:\/\/belux.edmo.eu\/#\/schema\/logo\/image\/"},"sameAs":["https:\/\/x.com\/Edmo_Belux"]},{"@type":"Person","@id":"https:\/\/belux.edmo.eu\/#\/schema\/person\/dbe3b252258537fd318f9b5645a30342","name":"master","sameAs":["https:\/\/belux.wpengine.com"],"url":"https:\/\/belux.edmo.eu\/fr\/author\/master\/"}]}},"menu_order":0,"_links":{"self":[{"href":"https:\/\/belux.edmo.eu\/fr\/wp-json\/wp\/v2\/posts\/21373","targetHints":{"allow":["GET"]}}],"collection":[{"href":"https:\/\/belux.edmo.eu\/fr\/wp-json\/wp\/v2\/posts"}],"about":[{"href":"https:\/\/belux.edmo.eu\/fr\/wp-json\/wp\/v2\/types\/post"}],"author":[{"embeddable":true,"href":"https:\/\/belux.edmo.eu\/fr\/wp-json\/wp\/v2\/users\/1"}],"replies":[{"embeddable":true,"href":"https:\/\/belux.edmo.eu\/fr\/wp-json\/wp\/v2\/comments?post=21373"}],"version-history":[{"count":0,"href":"https:\/\/belux.edmo.eu\/fr\/wp-json\/wp\/v2\/posts\/21373\/revisions"}],"wp:featuredmedia":[{"embeddable":true,"href":"https:\/\/belux.edmo.eu\/fr\/wp-json\/wp\/v2\/media\/54048"}],"wp:attachment":[{"href":"https:\/\/belux.edmo.eu\/fr\/wp-json\/wp\/v2\/media?parent=21373"}],"wp:term":[{"taxonomy":"category","embeddable":true,"href":"https:\/\/belux.edmo.eu\/fr\/wp-json\/wp\/v2\/categories?post=21373"},{"taxonomy":"post_tag","embeddable":true,"href":"https:\/\/belux.edmo.eu\/fr\/wp-json\/wp\/v2\/tags?post=21373"}],"curies":[{"name":"wp","href":"https:\/\/api.w.org\/{rel}","templated":true}]}}