{"id":21575,"date":"2022-03-16T06:00:25","date_gmt":"2022-03-16T06:00:25","guid":{"rendered":"https:\/\/belux.wpengine.com\/?p=21575"},"modified":"2022-03-18T10:31:28","modified_gmt":"2022-03-18T10:31:28","slug":"fact-check-est-ce-que-seules-les-personnes-non-vaccines-meurent-encore-du-covid","status":"publish","type":"post","link":"https:\/\/belux.edmo.eu\/fr\/fact-check-est-ce-que-seules-les-personnes-non-vaccines-meurent-encore-du-covid\/","title":{"rendered":"Fact check: Est-ce que seules les personnes non-vaccin\u00e9es meurent encore du Covid?"},"content":{"rendered":"<article>\n<div>\n<div>\n<p><b>&copy;    AFP \/ Montage RTL<\/b><\/p>\n<\/p><\/div>\n<div>\n<p>                Un journaliste de RTL s&rsquo;est pench\u00e9 sur une d\u00e9claration du Professeur en m\u00e9decine Claude P. Muller \u00e0 propos de la vaccination contre le coronavirus.             <\/p>\n<p>Mourir du Covid ou avec le Covid? Une question maintes fois discut\u00e9e depuis le d\u00e9but de la pand\u00e9mie. Dans une interview au Tageblatt, le Professeur en m\u00e9decine Claude P. Muller a fait la d\u00e9claration suivante:<em> \u00ab\u00a0Ceux qui meurent encore du Covid maintenant sont ceux qui se sont prononc\u00e9s contre la vaccination.\u00a0\u00bb<\/em><\/p>\n<p>Un auditeur a demand\u00e9 \u00e0 nos coll\u00e8gues de RTL si on peut le dire ainsi. Ils ont v\u00e9rifi\u00e9 les faits.<\/p>\n<p class=\"article-title\">LES VACCIN\u00c9S NE PEUVENT-ILS PLUS MOURIR DU CORONAVIRUS?<\/p>\n<p>Si on observe les statistiques officielles de la Sant\u00e9, on voit que des personnes pr\u00e9sentant un sch\u00e9ma vaccinal complet, sont aussi d\u00e9c\u00e9d\u00e9es du Covid-19.<\/p>\n<p>        <img src=\"https:\/\/belux.wpengine.com\/wp-content\/uploads\/2022\/03\/4308b9dea1561139d19895ad577dfe91.jpeg\" alt=\"RTL\">                    &copy;    Sant\u00e9    <\/p>\n<p>Au Luxembourg, plus de 80% de la population pr\u00e9sente un sch\u00e9ma vaccinal complet. Le risque de mourir du Covid-19 est extr\u00eamement r\u00e9duit par la vaccination, c&rsquo;est ce qui ressort aussi de ces chiffres.<\/p>\n<p>Dans le Podcast RTL \u00ab\u00a0Wellebriecher\u00a0\u00bb, le Docteur Thomas Dentzer, virologue \u00e0 la Direction de la Sant\u00e9, a dit ce qui suit: <em>\u00ab\u00a0Il y aura aussi des gens qui sont vaccin\u00e9s, des personnes vuln\u00e9rables, pour lesquelles le vaccin n&rsquo;a pas agi ou qui ont un autre probl\u00e8me, qui pourront en mourir. Mais on voit cependant que les gens sont davantage malades quand ils ne sont pas vaccin\u00e9s et aussi qu&rsquo;ils meurent plus t\u00f4t.\u00a0\u00bb<\/em><\/p>\n<p>Pour le virologue de la Direction de la Sant\u00e9, il y a une r\u00e8gle: <em>\u00ab\u00a0S&rsquo;il existe un vaccin, il est toujours pr\u00e9f\u00e9rable de prendre le vaccin plut\u00f4t que d&rsquo;esp\u00e9rer surmonter la maladie et ne pas tomber malade.\u00a0\u00bb<\/em><\/p>\n<p>Interrog\u00e9, le Professeur en m\u00e9decine Claude P. Muller, expert en virologie, nous a dit que prise ainsi, la d\u00e9claration serait effectivement un peu sch\u00e9matique. La d\u00e9claration aurait fait r\u00e9f\u00e9rence \u00e0 des personnes qui seraient en bonne sant\u00e9, hors Covid. Des explications suppl\u00e9mentaires auraient \u00e9t\u00e9 n\u00e9cessaires pour pr\u00e9ciser sa pens\u00e9e. Cela n&rsquo;aurait cependant pas \u00e9t\u00e9 possible dans cet article. Pour les personnes ayant des ant\u00e9c\u00e9dents de maladie chronique, il serait appropri\u00e9 de leur donner une quatri\u00e8me dose de vaccin. Ces personnes doivent en parler avec leur m\u00e9decin.<\/p>\n<p class=\"article-title\">LE VARIANT OMICRON A-T-IL CHANG\u00c9 LA SITUATION?<\/p>\n<p>Interrog\u00e9 sur ce point, le minist\u00e8re de la Sant\u00e9 nous a fait savoir que des analyses \u00e9taient encore en cours et qu&rsquo;il ne dispose d&rsquo;aucune donn\u00e9e pour le moment.<\/p>\n<p class=\"article-title\">MOURIR DU COVID OU AVEC LE COVID?<\/p>\n<p>L&rsquo;une des plus importantes \u00e9tudes r\u00e9alis\u00e9es sur cette question, a \u00e9t\u00e9 publi\u00e9e r\u00e9cemment dans la c\u00e9l\u00e8bre revue scientifique<a href=\"https:\/\/www.thelancet.com\/journals\/lanepe\/article\/PIIS2666-7762(22)00023-0\/fulltext#%20\" target=\"_blank\" rel=\"noopener\"> <em>The Lancet<\/em>.<\/a> Pour chercher \u00e0 d\u00e9terminer si les patients sont d\u00e9c\u00e9d\u00e9s du ou avec le Covid-19, 1.095 autopsies ont \u00e9t\u00e9 pratiqu\u00e9es en Allemagne jusqu&rsquo;en octobre 2021. Dans 86% des cas, les patients sont morts du Covid-19 et dans 14%, l&rsquo;infection au coronavirus \u00e9tait une comorbidit\u00e9.<\/p>\n<p class=\"article-title\">SEULS LES NON VACCIN\u00c9S MEURENT DU COVID?<\/p>\n<p>On ne peut pas le dire ainsi. Malgr\u00e9 la vaccination, on peut encore attraper le Covid-19 et m\u00eame en mourir. Cependant le risque de tomber gravement malade ou de mourir est r\u00e9duit par la vaccination. Mais cette derni\u00e8re ne donne toutefois pas une protection \u00e0 100%.<\/p>\n<\/p><\/div><\/div>\n<\/article>\n","protected":false},"excerpt":{"rendered":"<p>&copy; AFP \/ Montage RTL Un journaliste de RTL s&rsquo;est pench\u00e9 sur une d\u00e9claration du Professeur en m\u00e9decine Claude P&#8230;.<\/p>\n","protected":false},"author":1,"featured_media":21570,"comment_status":"closed","ping_status":"open","sticky":false,"template":"","format":"standard","meta":{"_acf_changed":false,"footnotes":""},"categories":[174],"tags":[],"class_list":{"0":"post-21575","1":"post","2":"type-post","3":"status-publish","4":"format-standard","5":"has-post-thumbnail","7":"category-covid-19-fr"},"acf":{"show_metatags":true,"id":"1881138","authors":"RTL L\u00ebtzebuerg","organization":"RTL","featured_image_copyright":"","text_copyright":"Copyright RTL \/ CLT-UFA S.A.","source":"http:\/\/5minutes.rtl.lu\/actu\/luxembourg\/a\/1881138.html","fact_checker":"https:\/\/belux.wpengine.com\/wp-content\/uploads\/2021\/12\/rtl_logo.png","fact_checker_logo_image":false},"yoast_head":"<!-- This site is optimized with the Yoast SEO plugin v27.0 - https:\/\/yoast.com\/product\/yoast-seo-wordpress\/ -->\n<title>Fact check: Est-ce que seules les personnes non-vaccin\u00e9es meurent encore du Covid? - EDMO Belux<\/title>\n<meta name=\"robots\" content=\"index, follow, max-snippet:-1, max-image-preview:large, max-video-preview:-1\" \/>\n<link rel=\"canonical\" href=\"https:\/\/belux.edmo.eu\/fr\/fact-check-est-ce-que-seules-les-personnes-non-vaccines-meurent-encore-du-covid\/\" \/>\n<meta property=\"og:locale\" content=\"fr_FR\" \/>\n<meta property=\"og:type\" content=\"article\" \/>\n<meta property=\"og:title\" content=\"Fact check: Est-ce que seules les personnes non-vaccin\u00e9es meurent encore du Covid? - EDMO Belux\" \/>\n<meta property=\"og:description\" content=\"&copy; AFP \/ Montage RTL Un journaliste de RTL s&rsquo;est pench\u00e9 sur une d\u00e9claration du Professeur en m\u00e9decine Claude P....\" \/>\n<meta property=\"og:url\" content=\"https:\/\/belux.edmo.eu\/fr\/fact-check-est-ce-que-seules-les-personnes-non-vaccines-meurent-encore-du-covid\/\" \/>\n<meta property=\"og:site_name\" content=\"EDMO Belux\" \/>\n<meta property=\"article:published_time\" content=\"2022-03-16T06:00:25+00:00\" \/>\n<meta property=\"article:modified_time\" content=\"2022-03-18T10:31:28+00:00\" \/>\n<meta property=\"og:image\" content=\"https:\/\/belux.edmo.eu\/wp-content\/uploads\/2022\/03\/2c3d728ca4b80b0cdce6c34e62d1edb8.jpeg\" \/>\n\t<meta property=\"og:image:width\" content=\"1024\" \/>\n\t<meta property=\"og:image:height\" content=\"576\" \/>\n\t<meta property=\"og:image:type\" content=\"image\/jpeg\" \/>\n<meta name=\"author\" content=\"master\" \/>\n<meta name=\"twitter:card\" content=\"summary_large_image\" \/>\n<meta name=\"twitter:creator\" content=\"@Edmo_Belux\" \/>\n<meta name=\"twitter:site\" content=\"@Edmo_Belux\" \/>\n<meta name=\"twitter:label1\" content=\"\u00c9crit par\" \/>\n\t<meta name=\"twitter:data1\" content=\"master\" \/>\n\t<meta name=\"twitter:label2\" content=\"Dur\u00e9e de lecture estim\u00e9e\" \/>\n\t<meta name=\"twitter:data2\" content=\"3 minutes\" \/>\n<script type=\"application\/ld+json\" class=\"yoast-schema-graph\">{\"@context\":\"https:\/\/schema.org\",\"@graph\":[{\"@type\":\"Article\",\"@id\":\"https:\/\/belux.edmo.eu\/fr\/fact-check-est-ce-que-seules-les-personnes-non-vaccines-meurent-encore-du-covid\/#article\",\"isPartOf\":{\"@id\":\"https:\/\/belux.edmo.eu\/fr\/fact-check-est-ce-que-seules-les-personnes-non-vaccines-meurent-encore-du-covid\/\"},\"author\":{\"name\":\"master\",\"@id\":\"https:\/\/belux.edmo.eu\/#\/schema\/person\/dbe3b252258537fd318f9b5645a30342\"},\"headline\":\"Fact check: Est-ce que seules les personnes non-vaccin\u00e9es meurent encore du Covid?\",\"datePublished\":\"2022-03-16T06:00:25+00:00\",\"dateModified\":\"2022-03-18T10:31:28+00:00\",\"mainEntityOfPage\":{\"@id\":\"https:\/\/belux.edmo.eu\/fr\/fact-check-est-ce-que-seules-les-personnes-non-vaccines-meurent-encore-du-covid\/\"},\"wordCount\":594,\"publisher\":{\"@id\":\"https:\/\/belux.edmo.eu\/#organization\"},\"image\":{\"@id\":\"https:\/\/belux.edmo.eu\/fr\/fact-check-est-ce-que-seules-les-personnes-non-vaccines-meurent-encore-du-covid\/#primaryimage\"},\"thumbnailUrl\":\"https:\/\/belux.edmo.eu\/wp-content\/uploads\/2022\/03\/2c3d728ca4b80b0cdce6c34e62d1edb8.jpeg\",\"articleSection\":[\"COVID-19\"],\"inLanguage\":\"fr-FR\"},{\"@type\":\"WebPage\",\"@id\":\"https:\/\/belux.edmo.eu\/fr\/fact-check-est-ce-que-seules-les-personnes-non-vaccines-meurent-encore-du-covid\/\",\"url\":\"https:\/\/belux.edmo.eu\/fr\/fact-check-est-ce-que-seules-les-personnes-non-vaccines-meurent-encore-du-covid\/\",\"name\":\"Fact check: Est-ce que seules les personnes non-vaccin\u00e9es meurent encore du Covid? - EDMO Belux\",\"isPartOf\":{\"@id\":\"https:\/\/belux.edmo.eu\/#website\"},\"primaryImageOfPage\":{\"@id\":\"https:\/\/belux.edmo.eu\/fr\/fact-check-est-ce-que-seules-les-personnes-non-vaccines-meurent-encore-du-covid\/#primaryimage\"},\"image\":{\"@id\":\"https:\/\/belux.edmo.eu\/fr\/fact-check-est-ce-que-seules-les-personnes-non-vaccines-meurent-encore-du-covid\/#primaryimage\"},\"thumbnailUrl\":\"https:\/\/belux.edmo.eu\/wp-content\/uploads\/2022\/03\/2c3d728ca4b80b0cdce6c34e62d1edb8.jpeg\",\"datePublished\":\"2022-03-16T06:00:25+00:00\",\"dateModified\":\"2022-03-18T10:31:28+00:00\",\"breadcrumb\":{\"@id\":\"https:\/\/belux.edmo.eu\/fr\/fact-check-est-ce-que-seules-les-personnes-non-vaccines-meurent-encore-du-covid\/#breadcrumb\"},\"inLanguage\":\"fr-FR\",\"potentialAction\":[{\"@type\":\"ReadAction\",\"target\":[\"https:\/\/belux.edmo.eu\/fr\/fact-check-est-ce-que-seules-les-personnes-non-vaccines-meurent-encore-du-covid\/\"]}]},{\"@type\":\"ImageObject\",\"inLanguage\":\"fr-FR\",\"@id\":\"https:\/\/belux.edmo.eu\/fr\/fact-check-est-ce-que-seules-les-personnes-non-vaccines-meurent-encore-du-covid\/#primaryimage\",\"url\":\"https:\/\/belux.edmo.eu\/wp-content\/uploads\/2022\/03\/2c3d728ca4b80b0cdce6c34e62d1edb8.jpeg\",\"contentUrl\":\"https:\/\/belux.edmo.eu\/wp-content\/uploads\/2022\/03\/2c3d728ca4b80b0cdce6c34e62d1edb8.jpeg\",\"width\":1024,\"height\":576,\"caption\":\"Fact check: Est-ce que seules les personnes non-vaccin\u00e9es meurent encore du Covid? - Featured image\"},{\"@type\":\"BreadcrumbList\",\"@id\":\"https:\/\/belux.edmo.eu\/fr\/fact-check-est-ce-que-seules-les-personnes-non-vaccines-meurent-encore-du-covid\/#breadcrumb\",\"itemListElement\":[{\"@type\":\"ListItem\",\"position\":1,\"name\":\"Home\",\"item\":\"https:\/\/belux.edmo.eu\/fr\/\"},{\"@type\":\"ListItem\",\"position\":2,\"name\":\"Fact check: Est-ce que seules les personnes non-vaccin\u00e9es meurent encore du Covid?\"}]},{\"@type\":\"WebSite\",\"@id\":\"https:\/\/belux.edmo.eu\/#website\",\"url\":\"https:\/\/belux.edmo.eu\/\",\"name\":\"EDMO Belux\",\"description\":\"Monitoring Disinformation in Belgium and Luxembourg\",\"publisher\":{\"@id\":\"https:\/\/belux.edmo.eu\/#organization\"},\"potentialAction\":[{\"@type\":\"SearchAction\",\"target\":{\"@type\":\"EntryPoint\",\"urlTemplate\":\"https:\/\/belux.edmo.eu\/?s={search_term_string}\"},\"query-input\":{\"@type\":\"PropertyValueSpecification\",\"valueRequired\":true,\"valueName\":\"search_term_string\"}}],\"inLanguage\":\"fr-FR\"},{\"@type\":\"Organization\",\"@id\":\"https:\/\/belux.edmo.eu\/#organization\",\"name\":\"EDMO Belux\",\"url\":\"https:\/\/belux.edmo.eu\/\",\"logo\":{\"@type\":\"ImageObject\",\"inLanguage\":\"fr-FR\",\"@id\":\"https:\/\/belux.edmo.eu\/#\/schema\/logo\/image\/\",\"url\":\"https:\/\/belux.edmo.eu\/wp-content\/uploads\/2021\/12\/belux-logo-full-color-rgb.svg\",\"contentUrl\":\"https:\/\/belux.edmo.eu\/wp-content\/uploads\/2021\/12\/belux-logo-full-color-rgb.svg\",\"width\":1,\"height\":1,\"caption\":\"EDMO Belux\"},\"image\":{\"@id\":\"https:\/\/belux.edmo.eu\/#\/schema\/logo\/image\/\"},\"sameAs\":[\"https:\/\/x.com\/Edmo_Belux\"]},{\"@type\":\"Person\",\"@id\":\"https:\/\/belux.edmo.eu\/#\/schema\/person\/dbe3b252258537fd318f9b5645a30342\",\"name\":\"master\",\"sameAs\":[\"https:\/\/belux.wpengine.com\"],\"url\":\"https:\/\/belux.edmo.eu\/fr\/author\/master\/\"}]}<\/script>\n<!-- \/ Yoast SEO plugin. -->","yoast_head_json":{"title":"Fact check: Est-ce que seules les personnes non-vaccin\u00e9es meurent encore du Covid? - EDMO Belux","robots":{"index":"index","follow":"follow","max-snippet":"max-snippet:-1","max-image-preview":"max-image-preview:large","max-video-preview":"max-video-preview:-1"},"canonical":"https:\/\/belux.edmo.eu\/fr\/fact-check-est-ce-que-seules-les-personnes-non-vaccines-meurent-encore-du-covid\/","og_locale":"fr_FR","og_type":"article","og_title":"Fact check: Est-ce que seules les personnes non-vaccin\u00e9es meurent encore du Covid? - EDMO Belux","og_description":"&copy; AFP \/ Montage RTL Un journaliste de RTL s&rsquo;est pench\u00e9 sur une d\u00e9claration du Professeur en m\u00e9decine Claude P....","og_url":"https:\/\/belux.edmo.eu\/fr\/fact-check-est-ce-que-seules-les-personnes-non-vaccines-meurent-encore-du-covid\/","og_site_name":"EDMO Belux","article_published_time":"2022-03-16T06:00:25+00:00","article_modified_time":"2022-03-18T10:31:28+00:00","og_image":[{"width":1024,"height":576,"url":"https:\/\/belux.edmo.eu\/wp-content\/uploads\/2022\/03\/2c3d728ca4b80b0cdce6c34e62d1edb8.jpeg","type":"image\/jpeg"}],"author":"master","twitter_card":"summary_large_image","twitter_creator":"@Edmo_Belux","twitter_site":"@Edmo_Belux","twitter_misc":{"\u00c9crit par":"master","Dur\u00e9e de lecture estim\u00e9e":"3 minutes"},"schema":{"@context":"https:\/\/schema.org","@graph":[{"@type":"Article","@id":"https:\/\/belux.edmo.eu\/fr\/fact-check-est-ce-que-seules-les-personnes-non-vaccines-meurent-encore-du-covid\/#article","isPartOf":{"@id":"https:\/\/belux.edmo.eu\/fr\/fact-check-est-ce-que-seules-les-personnes-non-vaccines-meurent-encore-du-covid\/"},"author":{"name":"master","@id":"https:\/\/belux.edmo.eu\/#\/schema\/person\/dbe3b252258537fd318f9b5645a30342"},"headline":"Fact check: Est-ce que seules les personnes non-vaccin\u00e9es meurent encore du Covid?","datePublished":"2022-03-16T06:00:25+00:00","dateModified":"2022-03-18T10:31:28+00:00","mainEntityOfPage":{"@id":"https:\/\/belux.edmo.eu\/fr\/fact-check-est-ce-que-seules-les-personnes-non-vaccines-meurent-encore-du-covid\/"},"wordCount":594,"publisher":{"@id":"https:\/\/belux.edmo.eu\/#organization"},"image":{"@id":"https:\/\/belux.edmo.eu\/fr\/fact-check-est-ce-que-seules-les-personnes-non-vaccines-meurent-encore-du-covid\/#primaryimage"},"thumbnailUrl":"https:\/\/belux.edmo.eu\/wp-content\/uploads\/2022\/03\/2c3d728ca4b80b0cdce6c34e62d1edb8.jpeg","articleSection":["COVID-19"],"inLanguage":"fr-FR"},{"@type":"WebPage","@id":"https:\/\/belux.edmo.eu\/fr\/fact-check-est-ce-que-seules-les-personnes-non-vaccines-meurent-encore-du-covid\/","url":"https:\/\/belux.edmo.eu\/fr\/fact-check-est-ce-que-seules-les-personnes-non-vaccines-meurent-encore-du-covid\/","name":"Fact check: Est-ce que seules les personnes non-vaccin\u00e9es meurent encore du Covid? - EDMO Belux","isPartOf":{"@id":"https:\/\/belux.edmo.eu\/#website"},"primaryImageOfPage":{"@id":"https:\/\/belux.edmo.eu\/fr\/fact-check-est-ce-que-seules-les-personnes-non-vaccines-meurent-encore-du-covid\/#primaryimage"},"image":{"@id":"https:\/\/belux.edmo.eu\/fr\/fact-check-est-ce-que-seules-les-personnes-non-vaccines-meurent-encore-du-covid\/#primaryimage"},"thumbnailUrl":"https:\/\/belux.edmo.eu\/wp-content\/uploads\/2022\/03\/2c3d728ca4b80b0cdce6c34e62d1edb8.jpeg","datePublished":"2022-03-16T06:00:25+00:00","dateModified":"2022-03-18T10:31:28+00:00","breadcrumb":{"@id":"https:\/\/belux.edmo.eu\/fr\/fact-check-est-ce-que-seules-les-personnes-non-vaccines-meurent-encore-du-covid\/#breadcrumb"},"inLanguage":"fr-FR","potentialAction":[{"@type":"ReadAction","target":["https:\/\/belux.edmo.eu\/fr\/fact-check-est-ce-que-seules-les-personnes-non-vaccines-meurent-encore-du-covid\/"]}]},{"@type":"ImageObject","inLanguage":"fr-FR","@id":"https:\/\/belux.edmo.eu\/fr\/fact-check-est-ce-que-seules-les-personnes-non-vaccines-meurent-encore-du-covid\/#primaryimage","url":"https:\/\/belux.edmo.eu\/wp-content\/uploads\/2022\/03\/2c3d728ca4b80b0cdce6c34e62d1edb8.jpeg","contentUrl":"https:\/\/belux.edmo.eu\/wp-content\/uploads\/2022\/03\/2c3d728ca4b80b0cdce6c34e62d1edb8.jpeg","width":1024,"height":576,"caption":"Fact check: Est-ce que seules les personnes non-vaccin\u00e9es meurent encore du Covid? - Featured image"},{"@type":"BreadcrumbList","@id":"https:\/\/belux.edmo.eu\/fr\/fact-check-est-ce-que-seules-les-personnes-non-vaccines-meurent-encore-du-covid\/#breadcrumb","itemListElement":[{"@type":"ListItem","position":1,"name":"Home","item":"https:\/\/belux.edmo.eu\/fr\/"},{"@type":"ListItem","position":2,"name":"Fact check: Est-ce que seules les personnes non-vaccin\u00e9es meurent encore du Covid?"}]},{"@type":"WebSite","@id":"https:\/\/belux.edmo.eu\/#website","url":"https:\/\/belux.edmo.eu\/","name":"EDMO Belux","description":"Monitoring Disinformation in Belgium and Luxembourg","publisher":{"@id":"https:\/\/belux.edmo.eu\/#organization"},"potentialAction":[{"@type":"SearchAction","target":{"@type":"EntryPoint","urlTemplate":"https:\/\/belux.edmo.eu\/?s={search_term_string}"},"query-input":{"@type":"PropertyValueSpecification","valueRequired":true,"valueName":"search_term_string"}}],"inLanguage":"fr-FR"},{"@type":"Organization","@id":"https:\/\/belux.edmo.eu\/#organization","name":"EDMO Belux","url":"https:\/\/belux.edmo.eu\/","logo":{"@type":"ImageObject","inLanguage":"fr-FR","@id":"https:\/\/belux.edmo.eu\/#\/schema\/logo\/image\/","url":"https:\/\/belux.edmo.eu\/wp-content\/uploads\/2021\/12\/belux-logo-full-color-rgb.svg","contentUrl":"https:\/\/belux.edmo.eu\/wp-content\/uploads\/2021\/12\/belux-logo-full-color-rgb.svg","width":1,"height":1,"caption":"EDMO Belux"},"image":{"@id":"https:\/\/belux.edmo.eu\/#\/schema\/logo\/image\/"},"sameAs":["https:\/\/x.com\/Edmo_Belux"]},{"@type":"Person","@id":"https:\/\/belux.edmo.eu\/#\/schema\/person\/dbe3b252258537fd318f9b5645a30342","name":"master","sameAs":["https:\/\/belux.wpengine.com"],"url":"https:\/\/belux.edmo.eu\/fr\/author\/master\/"}]}},"menu_order":0,"_links":{"self":[{"href":"https:\/\/belux.edmo.eu\/fr\/wp-json\/wp\/v2\/posts\/21575","targetHints":{"allow":["GET"]}}],"collection":[{"href":"https:\/\/belux.edmo.eu\/fr\/wp-json\/wp\/v2\/posts"}],"about":[{"href":"https:\/\/belux.edmo.eu\/fr\/wp-json\/wp\/v2\/types\/post"}],"author":[{"embeddable":true,"href":"https:\/\/belux.edmo.eu\/fr\/wp-json\/wp\/v2\/users\/1"}],"replies":[{"embeddable":true,"href":"https:\/\/belux.edmo.eu\/fr\/wp-json\/wp\/v2\/comments?post=21575"}],"version-history":[{"count":0,"href":"https:\/\/belux.edmo.eu\/fr\/wp-json\/wp\/v2\/posts\/21575\/revisions"}],"wp:featuredmedia":[{"embeddable":true,"href":"https:\/\/belux.edmo.eu\/fr\/wp-json\/wp\/v2\/media\/21570"}],"wp:attachment":[{"href":"https:\/\/belux.edmo.eu\/fr\/wp-json\/wp\/v2\/media?parent=21575"}],"wp:term":[{"taxonomy":"category","embeddable":true,"href":"https:\/\/belux.edmo.eu\/fr\/wp-json\/wp\/v2\/categories?post=21575"},{"taxonomy":"post_tag","embeddable":true,"href":"https:\/\/belux.edmo.eu\/fr\/wp-json\/wp\/v2\/tags?post=21575"}],"curies":[{"name":"wp","href":"https:\/\/api.w.org\/{rel}","templated":true}]}}