{"id":21589,"date":"2022-03-25T09:30:48","date_gmt":"2022-03-25T09:30:48","guid":{"rendered":"https:\/\/belux.wpengine.com\/?p=21589"},"modified":"2022-03-23T12:10:22","modified_gmt":"2022-03-23T12:10:22","slug":"ce-faux-discours-de-vladimir-poutine-annonant-la-paix-avec-lukraine-est-un-deepfake","status":"publish","type":"post","link":"https:\/\/belux.edmo.eu\/fr\/ce-faux-discours-de-vladimir-poutine-annonant-la-paix-avec-lukraine-est-un-deepfake\/","title":{"rendered":"Ce faux discours de Vladimir Poutine annon\u00e7ant \u00ab\u00a0la paix\u00a0\u00bb avec l\u2019Ukraine est un deepfake"},"content":{"rendered":"<div class=\"wpb-content-wrapper\"><p>[vc_row][vc_column][vc_column_text]Une vid\u00e9o dans laquelle Vladimir Poutine annonce \u00ab\u00a0la paix\u00a0\u00bb avec l\u2019Ukraine a \u00e9t\u00e9 publi\u00e9e ce mercredi 16 mars 2022 par Serhii Sternenko, un activiste politique ukrainien nationaliste, sur les r\u00e9seaux sociaux. Dans cette vid\u00e9o, devenue rapidement virale, le pr\u00e9sident russe annonce que des n\u00e9gociations ont \u00e9t\u00e9 men\u00e9es \u00ab\u00a0<em>avec la partie ukrainienne<\/em>\u00a0\u00bb et qu\u2019il reconna\u00eet \u00ab\u00a0<em>l\u2019Ukraine dans ses fronti\u00e8res internationalement reconnues avec les r\u00e9gions de Donetsk et de Lougansk<\/em>\u00a0\u00bb ainsi que \u00ab\u00a0<em>l\u2019ind\u00e9pendance de la Crim\u00e9e en tant que r\u00e9publique au sein de l\u2019Ukraine<\/em>\u00ab\u00a0. Cette vid\u00e9o est un deepfake, un montage vid\u00e9o fallacieux utilisant des techniques sophistiqu\u00e9es pour superposer des fichiers vid\u00e9o et audio.<\/p>\n<p>L\u2019activiste ukrainien Serhii Sternenko a diffus\u00e9 sur Twitter et via son compte Telegram une vid\u00e9o d\u2019un faux discours de Vladimir Poutine.<\/p>\n<p>Sur\u00a0<a href=\"https:\/\/perma.cc\/263E-XFBD\" target=\"_blank\" rel=\"noopener\">Twitter<\/a>, il a\u00a0accompagn\u00e9\u00a0la vid\u00e9o de ce commentaire en russe\u00a0: \u00ab\u00a0<em>Le pr\u00e9sident de la F\u00e9d\u00e9ration de Russie a annonc\u00e9 la capitulation de la Russie. Soldats russes, l\u00e2chez vos armes et rentrez chez vous de votre vivant\u00a0<\/em>!\u00a0\u00bb. La vid\u00e9o a \u00e9t\u00e9 vue plus de 60.000 fois en quelques heures sur Twitter, sa publication sur Telegram, plus de 140.000 fois.<\/p>\n<p>Dans cette vid\u00e9o, Vladimir Poutine ne prononce pas le mot\u00a0\u00ab\u00a0<em>capitulation<\/em>\u00ab\u00a0, mais\u00a0le pr\u00e9sident russe \u00e9voque \u00ab\u00a0<em>la paix<\/em>\u00a0\u00bb avec l\u2019Ukraine et le renoncement \u00e0\u00a0<a href=\"https:\/\/www.lesoir.be\/428849\/article\/2022-03-09\/guerre-en-ukraine-voici-les-exigences-de-la-russie-pour-arreter-son-offensive\" target=\"_blank\" rel=\"noopener\">plusieurs exigences russes<\/a>\u00a0comme\u00a0la reconnaissance de l\u2019annexion de la p\u00e9ninsule de Crim\u00e9e par la Russie et la \u00ab\u00a0<em>souverainet\u00e9<\/em>\u00a0\u00bb des r\u00e9gions s\u00e9paratistes prorusses de l\u2019est ukrainien, Donetsk et Lougansk, dans leurs territoires administratifs.[\/vc_column_text][vc_single_image image=\u00a0\u00bb22922&Prime; img_size=\u00a0\u00bblarge\u00a0\u00bb add_caption=\u00a0\u00bbyes\u00a0\u00bb alignment=\u00a0\u00bbcenter\u00a0\u00bb][vc_column_text]<strong>Le pr\u00e9tendu discours du pr\u00e9sident Poutine<\/strong><\/p>\n<p>Publi\u00e9 en russe, voici une traduction des propos mis dans la bouche de Vladimir Poutine dans la vid\u00e9o\u00a0:<\/p>\n<p>\u00ab\u00a0<em>Mes chers compatriotes. Le sujet de mon intervention est la situation en Ukraine. Des n\u00e9gociations viennent d\u2019avoir lieu avec la partie ukrainienne et elles ont \u00e9t\u00e9 absolument fructueuses pour la partie russe. Je vous informe bri\u00e8vement. Nous avons atteint la paix avec l\u2019Ukraine dans ses fronti\u00e8res internationalement reconnues avec les r\u00e9gions de Donetsk et de Lougansk.<\/em><\/p>\n<p><em>Nous avons convenu de mettre en place conjointement un grand fonds avec la participation de l\u2019UE et des \u00c9tats-Unis pour reconstruire les infrastructures dans ces r\u00e9gions ukrainiennes. Nous avons \u00e9galement sign\u00e9 une feuille de route de cinq ans pour le r\u00e9tablissement de l\u2019ind\u00e9pendance de la Crim\u00e9e en tant que r\u00e9publique au sein de l\u2019Ukraine.<\/em><\/p>\n<p><em>Dans les n\u00e9gociations, j\u2019ai \u00e9t\u00e9 guid\u00e9 par un principe\u00a0: pr\u00e9server la paix et la vie des peuples slaves. La langue russe en Ukraine sera maintenue et il n\u2019y aura pas d\u2019oppression de la population russe. Les accords de paix le stipulent clairement et sans \u00e9quivoque.<\/em><\/p>\n<p><em>La vie et la paix continuent. Merci de votre attention et de votre travail, chers habitants de la Russie<\/em>.<em>\u00ab\u00a0<\/em><\/p>\n<p><strong>Propos incoh\u00e9rents et r\u00e9utilisation d\u2019un vieux discours<\/strong><\/p>\n<p>La vid\u00e9o publi\u00e9e est clairement un \u00ab\u00a0deepfake\u00a0\u00bb.<\/p>\n<p>Un\u00a0<a href=\"https:\/\/www.rtbf.be\/article\/quand-les-escrocs-utilisent-la-technologie-deepfake-pour-imiter-votre-voix-10308744\">\u00ab\u00a0deepfake\u00a0\u00bb est un montage vid\u00e9o utilisant une technique de synth\u00e8se multim\u00e9dia reposant sur l\u2019intelligence artificielle<\/a>. Cette technologie permet de truquer des vid\u00e9os et permet, par exemple, de faire tenir des propos \u00e0 un dirigeant ou\u00a0\u00e0 une personnalit\u00e9 alors qu\u2019elle ne les a pas tenus. L\u2019un des deepfakes c\u00e9l\u00e8bre est celui de\u00a0l\u2019ancien pr\u00e9sident Barack Obama. Dans\u00a0<a href=\"https:\/\/www.youtube.com\/watch?v=cQ54GDm1eL0\" target=\"_blank\" rel=\"noopener\">cette vid\u00e9o visant \u00e0 pr\u00e9venir de l\u2019impact des deepfakes<\/a>, il\u00a0affirmait que l\u2019autre ancien pr\u00e9sident Donald Trump\u00a0\u00ab\u00a0<em>est un idiot total et absolu\u00a0!<\/em>\u00ab\u00a0.<\/p>\n<p>Plusieurs \u00e9l\u00e9ments permettent de d\u00e9tecter les deepfakes m\u00eame s\u2019ils sont parfois tr\u00e8s r\u00e9alistes. Dans cette vid\u00e9o, nous avons analys\u00e9 plusieurs \u00e9l\u00e9ments. Le contexte et la vid\u00e9o en tant que telle.<\/p>\n<p>Premi\u00e8rement, les propos tenus par Vladimir Poutine sont\u00a0incoh\u00e9rents avec les derniers \u00e9l\u00e9ments factuels venus du terrain qui indiquent que l<a href=\"https:\/\/www.rtbf.be\/article\/guerre-en-ukraine-le-president-zelensky-devant-le-congres-americain-tandis-que-les-tirs-russes-contre-plusieurs-villes-se-sont-intensifies-10955969\" target=\"_blank\" rel=\"noopener\">es\u00a0tirs russes contre plusieurs villes ukrainiennes\u00a0se sont intensifi\u00e9s<\/a>.<\/p>\n<p>Un revirement aussi soudain du\u00a0pr\u00e9sident russe\u00a0sur des points de n\u00e9gociations jug\u00e9s essentiels avec la reconnaissance de l\u2019Ukraine dans ses \u00ab\u00a0<em>fronti\u00e8res internationalement reconnues<\/em>\u00a0\u00bb semble \u00e9galement tr\u00e8s improbable \u00e0 l\u2019heure actuelle.<\/p>\n<p>Enfin, si Vladimir Poutine avait r\u00e9ellement prononc\u00e9 ce discours officiel, les m\u00e9dias russes et internationaux s\u2019en seraient d\u00e9j\u00e0 fait l\u2019\u00e9cho. Une information aussi capitale que l\u2019annonce d\u2019un accord de paix dans le conflit qui oppose la Russie \u00e0 l\u2019Ukraine aurait un retentissement mondial.<\/p>\n<p><strong>Des images issues d\u2019un discours diffus\u00e9 le 21 f\u00e9vrier<\/strong><\/p>\n<p>Pour ce qui est de l\u2019analyse de la vid\u00e9o elle-m\u00eame il s\u2019av\u00e8re que le montage utilise les images d\u2019un discours de Vladimir Poutine, d\u00e9j\u00e0 diffus\u00e9 par le Kremlin mais dont le contenu est totalement diff\u00e9rent.<\/p>\n<p>Le d\u00e9cor, la tenue, la position de Vladimir Poutine \u00e0 son bureau\u2026 tout se retrouve dans la vid\u00e9o du discours au cours duquel il a reconnu\u00a0<a href=\"https:\/\/www.rtbf.be\/article\/vladimir-poutine-reconnait-lindependance-des-deux-regions-separatistes-pro-russes-en-ukraine-et-ordonne-a-son-armee-d-entrer-dans-ces-territoires-10940151\">l\u2019ind\u00e9pendance des deux r\u00e9gions s\u00e9paratistes pro-russes en Ukraine le 21\u00a0f\u00e9vrier dernier<\/a>.<\/p>\n<p>Nous avons compar\u00e9 la s\u00e9quence deepfake avec la vid\u00e9o originale\u00a0<a href=\"https:\/\/www.youtube.com\/watch?v=X5-ZdTGLmZo&amp;t=215s\" target=\"_blank\" rel=\"noopener\">disponible sur YouTube<\/a>. Sur l\u2019un des plans larges, le mouvement de la main et l\u2019orientation de la cravate du pr\u00e9sident ne laissent pas de doute sur la r\u00e9utilisation des images, comme on peut le voir dans l\u2019extrait au ralenti ci-dessous. Les propos tenus \u00e0 ce moment pr\u00e9cis dans la vid\u00e9o originale ne sont pas les m\u00eames que dans la vid\u00e9o manipul\u00e9e.[\/vc_column_text][vc_single_image image=\u00a0\u00bb22927&Prime; img_size=\u00a0\u00bbfull\u00a0\u00bb alignment=\u00a0\u00bbcenter\u00a0\u00bb][vc_column_text]Nous avons \u00e9galement soumis le clip \u00e0 l\u2019analyse de \u00ab\u00a0Deepware\u00a0\u00bb, un outil \u00ab\u00a0open source\u00a0\u00bb de d\u00e9tection de ces vid\u00e9os \u00ab\u00a0deepfakes\u00a0\u00bb.\u00a0\u00ab\u00a0Deepware\u00a0\u00bb est accessible au grand public dans sa version \u00ab\u00a0beta\u00a0\u00bb et permet d\u2019aider \u00e0 authentifier des vid\u00e9os potentiellement manipul\u00e9es.<\/p>\n<p>Lorsqu\u2019on lui soumet le lien post\u00e9 sur Twitter\u00a0par\u00a0Serhii Sternenko,\u00a0<a href=\"https:\/\/scanner.deepware.ai\/result\/fd9da20a3ee158dd7a5ce83f8cf3979436518fac-1647448556\/\" target=\"_blank\" rel=\"noopener\">l\u2019outil d\u00e9tecte \u00e0 l\u2019aide d\u2019intelligence artificielle\u00a0qu\u2019il s\u2019agit d\u2019un deepfake<\/a>.[\/vc_column_text][vc_single_image image=\u00a0\u00bb22932&Prime; img_size=\u00a0\u00bbfull\u00a0\u00bb add_caption=\u00a0\u00bbyes\u00a0\u00bb alignment=\u00a0\u00bbcenter\u00a0\u00bb][vc_column_text]<strong>Une vid\u00e9o diffus\u00e9e par l\u2019activiste de droite ukrainien\u00a0Serhii Sternenko<\/strong><\/p>\n<p>Par ailleurs, le profil de celui qui a publi\u00e9 la vid\u00e9o est \u00e9galement un \u00e9l\u00e9ment qui sugg\u00e8re une manipulation potentielle.<\/p>\n<p>\u00c2g\u00e9 de 26 ans, l\u2019<a title=\"https:\/\/en.wikipedia.org\/wiki\/serhii_sternenko\" href=\"https:\/\/en.wikipedia.org\/wiki\/Serhii_Sternenko\" target=\"_blank\" rel=\"noopener noreferrer\">activiste de droite ukrainien<\/a>\u00a0Serhii Sternenko dirigeait autrefois le groupe\u00a0Secteur Droit dans la ville d\u2019Odessa.\u00a0<a href=\"https:\/\/www.bbc.com\/news\/world-europe-27173857\" target=\"_blank\" rel=\"noopener\">Selon la BBC<\/a>, le Secteur Droit est\u00a0\u00ab\u00a0<em>l\u2019aile la plus radicale du mouvement de protestation de la place\u00a0Maidan<\/em>\u00ab\u00a0, qui a renvers\u00e9 le pr\u00e9sident Viktor Yanukovych en f\u00e9vrier\u00a02014.<\/p>\n<p>Le mouvement est parfois situ\u00e9 au niveau\u00a0politique \u00e0\u00a0<a href=\"https:\/\/www.bbc.com\/news\/world-europe-27275383\" target=\"_blank\" rel=\"noopener\">droite<\/a>, parfois aussi \u00e0 l\u2019extr\u00eame droite, notamment au vu de son soutien au candidat du parti ultranationaliste\u00a0<a href=\"https:\/\/www.rtbf.be\/article\/quest-ce-que-le-regiment-azov-ce-groupe-militaire-ukrainien-dultra-droite-influence-par-lideologie-neonazie-10947866\" target=\"_blank\" rel=\"noopener\">Svoboda<\/a>, lors l\u2019\u00e9lection pr\u00e9sidentielle de\u00a02019.<\/p>\n<p>Sur ses r\u00e9seaux sociaux, ce participant actif de la r\u00e9volution de\u00a02014 se revendique comme n\u2019\u00e9tant \u00ab\u00a0<em>pas un citoyen d\u2019Ukraine indiff\u00e9rent<\/em>\u00ab\u00a0. Serhii Sternenko\u00a0comptabilise plus de 52.000 abonn\u00e9s sur\u00a0<a title=\"https:\/\/twitter.com\/sternenko\" href=\"https:\/\/twitter.com\/sternenko\" target=\"_blank\" rel=\"noopener noreferrer\">Twitter<\/a>, ainsi que pr\u00e8s de 150.000 sur la messagerie crypt\u00e9e\u00a0<a title=\"https:\/\/t.me\/ssternenko\" href=\"https:\/\/t.me\/ssternenko\" target=\"_blank\" rel=\"noopener noreferrer\">Telegram<\/a>.<\/p>\n<p>Serhii Sternenko, qui est\u00a0aussi avocat et Youtubeur,\u00a0<a title=\"https:\/\/twitter.com\/sternenko\/status\/1503629741227708418\" href=\"https:\/\/twitter.com\/sternenko\/status\/1503629741227708418\" target=\"_blank\" rel=\"noopener noreferrer\">d\u00e9nonce<\/a>\u00a0ouvertement dans ses publications l\u2019offensive russe en Ukraine\u00a0et\u00a0<a title=\"https:\/\/twitter.com\/sternenko\/status\/1500117310543220744\" href=\"https:\/\/twitter.com\/sternenko\/status\/1500117310543220744\" target=\"_blank\" rel=\"noopener noreferrer\">critique<\/a>\u00a0les d\u00e9clarations de Vladimir Poutine.<\/p>\n<p><strong>Une vid\u00e9o de bonne facture, mais pas authentique<\/strong><\/p>\n<p>La vid\u00e9o du pr\u00e9sident russe annon\u00e7ant \u00ab\u00a0<em>la paix<\/em>\u00a0\u00bb et des renoncements importants par rapport aux exigences russes lors des n\u00e9gociations pour tenter de mettre fin \u00e0 la guerre en Ukraine est devenue rapidement virale.<\/p>\n<p>Ce discours de Vladimir Poutine, diffus\u00e9 par un activiste nationaliste ukrainien et \u00e9voquant une \u00ab\u00a0<em>capitulation<\/em>\u00a0\u00bb de Moscou est saisissant de r\u00e9alisme.\u00a0Il\u00a0n\u2019a cependant pas surpris tout le monde puisque de nombreux internautes ont rapidement identifi\u00e9 la vid\u00e9o comme \u00e9tant une manipulation.<\/p>\n<p>De bonne facture, le montage vid\u00e9o est effectivement fallacieux et plusieurs \u00e9l\u00e9ments indiquent de mani\u00e8re claire qu\u2019il s\u2019agit d\u2019un deepfake.<\/p>\n<p>La publication fait \u00e9galement \u00e9cho \u00e0\u00a0<a href=\"https:\/\/perma.cc\/3W9K-2ZBV\" target=\"_blank\" rel=\"noopener\">un autre deepfake<\/a>,\u00a0<a href=\"https:\/\/www.snopes.com\/news\/2022\/03\/16\/zelenskyy-deepfake-shared\/\" target=\"_blank\" rel=\"noopener\">moins r\u00e9aliste<\/a>, qui met\u00a0en sc\u00e8ne le pr\u00e9sident ukrainien\u00a0Volodymyr Zelensky invitant ses compatriotes \u00e0 \u00ab\u00a0<em>rendre les armes<\/em>\u00ab\u00a0.\u00a0<a href=\"https:\/\/edition.cnn.com\/2022\/03\/16\/tech\/deepfake-zelensky-facebook-meta\/index.html\" target=\"_blank\" rel=\"noopener\">Facebook et Youtube ont annonc\u00e9 ce mercredi qu\u2019ils avaient supprim\u00e9 ce montage en question de leurs plateformes<\/a>.<\/p>\n<p>La vid\u00e9o manipul\u00e9e de Vladimir Poutine est un \u00e9l\u00e9ment de plus dans la guerre de communication qui oppose Moscou \u00e0 Kiev depuis le d\u00e9but du conflit arm\u00e9, le 24\u00a0f\u00e9vrier 2022.<br \/>\n[\/vc_column_text][\/vc_column][\/vc_row]<\/p>\n<\/div>","protected":false},"excerpt":{"rendered":"<p>Une vid\u00e9o dans laquelle Vladimir Poutine annonce\u00a0\u00ab\u00a0la paix\u00a0\u00bb avec l&rsquo;Ukraine a \u00e9t\u00e9\u00a0publi\u00e9e ce mercredi 16\u00a0mars 2022&#8230;<\/p>\n","protected":false},"author":1,"featured_media":21584,"comment_status":"closed","ping_status":"open","sticky":false,"template":"","format":"standard","meta":{"_acf_changed":false,"footnotes":""},"categories":[125,132,214],"tags":[],"class_list":{"0":"post-21589","1":"post","2":"type-post","3":"status-publish","4":"format-standard","5":"has-post-thumbnail","7":"category-fact-check-fr","8":"category-politique","9":"category-ukraine-fr"},"acf":{"show_metatags":true,"authors":"Gr\u00e9goire Ryckmans avec Ambroise Carton et Hugo Payen, RTBF","organization":"RTBF","featured_image_copyright":"","text_copyright":"Copyright: (C)RTBF Radio, Television Belge Francophone, plus d'infos: https:\/\/www.rtbf.be\/cgu\/","source":"https:\/\/www.rtbf.be\/article\/ce-faux-discours-de-vladimir-poutine-annoncant-la-paix-avec-lukraine-est-un-deepfake-10956360","fact_checker":"https:\/\/belux.wpengine.com\/wp-content\/uploads\/2022\/01\/rtbf-logo.jpg","id":"","fact_checker_logo_image":false},"yoast_head":"<!-- This site is optimized with the Yoast SEO plugin v27.0 - https:\/\/yoast.com\/product\/yoast-seo-wordpress\/ -->\n<title>Ce faux discours de Vladimir Poutine annon\u00e7ant &quot;la paix&quot; avec l\u2019Ukraine est un deepfake - EDMO Belux<\/title>\n<meta name=\"robots\" content=\"index, follow, max-snippet:-1, max-image-preview:large, max-video-preview:-1\" \/>\n<link rel=\"canonical\" href=\"https:\/\/belux.edmo.eu\/fr\/ce-faux-discours-de-vladimir-poutine-annonant-la-paix-avec-lukraine-est-un-deepfake\/\" \/>\n<meta property=\"og:locale\" content=\"fr_FR\" \/>\n<meta property=\"og:type\" content=\"article\" \/>\n<meta property=\"og:title\" content=\"Ce faux discours de Vladimir Poutine annon\u00e7ant &quot;la paix&quot; avec l\u2019Ukraine est un deepfake - EDMO Belux\" \/>\n<meta property=\"og:description\" content=\"Une vid\u00e9o dans laquelle Vladimir Poutine annonce\u00a0&quot;la paix&quot; avec l&#039;Ukraine a \u00e9t\u00e9\u00a0publi\u00e9e ce mercredi 16\u00a0mars 2022...\" \/>\n<meta property=\"og:url\" content=\"https:\/\/belux.edmo.eu\/fr\/ce-faux-discours-de-vladimir-poutine-annonant-la-paix-avec-lukraine-est-un-deepfake\/\" \/>\n<meta property=\"og:site_name\" content=\"EDMO Belux\" \/>\n<meta property=\"article:published_time\" content=\"2022-03-25T09:30:48+00:00\" \/>\n<meta property=\"og:image\" content=\"https:\/\/belux.edmo.eu\/wp-content\/uploads\/2022\/03\/a9b7ba70783b617e9998dc4dd82eb3c5-1647449471.jpg\" \/>\n\t<meta property=\"og:image:width\" content=\"770\" \/>\n\t<meta property=\"og:image:height\" content=\"433\" \/>\n\t<meta property=\"og:image:type\" content=\"image\/jpeg\" \/>\n<meta name=\"author\" content=\"master\" \/>\n<meta name=\"twitter:card\" content=\"summary_large_image\" \/>\n<meta name=\"twitter:creator\" content=\"@Edmo_Belux\" \/>\n<meta name=\"twitter:site\" content=\"@Edmo_Belux\" \/>\n<meta name=\"twitter:label1\" content=\"\u00c9crit par\" \/>\n\t<meta name=\"twitter:data1\" content=\"master\" \/>\n\t<meta name=\"twitter:label2\" content=\"Dur\u00e9e de lecture estim\u00e9e\" \/>\n\t<meta name=\"twitter:data2\" content=\"7 minutes\" \/>\n<script type=\"application\/ld+json\" class=\"yoast-schema-graph\">{\"@context\":\"https:\/\/schema.org\",\"@graph\":[{\"@type\":\"Article\",\"@id\":\"https:\/\/belux.edmo.eu\/fr\/ce-faux-discours-de-vladimir-poutine-annonant-la-paix-avec-lukraine-est-un-deepfake\/#article\",\"isPartOf\":{\"@id\":\"https:\/\/belux.edmo.eu\/fr\/ce-faux-discours-de-vladimir-poutine-annonant-la-paix-avec-lukraine-est-un-deepfake\/\"},\"author\":{\"name\":\"master\",\"@id\":\"https:\/\/belux.edmo.eu\/#\/schema\/person\/dbe3b252258537fd318f9b5645a30342\"},\"headline\":\"Ce faux discours de Vladimir Poutine annon\u00e7ant \u00ab\u00a0la paix\u00a0\u00bb avec l\u2019Ukraine est un deepfake\",\"datePublished\":\"2022-03-25T09:30:48+00:00\",\"mainEntityOfPage\":{\"@id\":\"https:\/\/belux.edmo.eu\/fr\/ce-faux-discours-de-vladimir-poutine-annonant-la-paix-avec-lukraine-est-un-deepfake\/\"},\"wordCount\":1487,\"publisher\":{\"@id\":\"https:\/\/belux.edmo.eu\/#organization\"},\"image\":{\"@id\":\"https:\/\/belux.edmo.eu\/fr\/ce-faux-discours-de-vladimir-poutine-annonant-la-paix-avec-lukraine-est-un-deepfake\/#primaryimage\"},\"thumbnailUrl\":\"https:\/\/belux.edmo.eu\/wp-content\/uploads\/2022\/03\/a9b7ba70783b617e9998dc4dd82eb3c5-1647449471.jpg\",\"articleSection\":[\"Fact-Check\",\"Politique\",\"Ukraine\"],\"inLanguage\":\"fr-FR\"},{\"@type\":\"WebPage\",\"@id\":\"https:\/\/belux.edmo.eu\/fr\/ce-faux-discours-de-vladimir-poutine-annonant-la-paix-avec-lukraine-est-un-deepfake\/\",\"url\":\"https:\/\/belux.edmo.eu\/fr\/ce-faux-discours-de-vladimir-poutine-annonant-la-paix-avec-lukraine-est-un-deepfake\/\",\"name\":\"Ce faux discours de Vladimir Poutine annon\u00e7ant \\\"la paix\\\" avec l\u2019Ukraine est un deepfake - EDMO Belux\",\"isPartOf\":{\"@id\":\"https:\/\/belux.edmo.eu\/#website\"},\"primaryImageOfPage\":{\"@id\":\"https:\/\/belux.edmo.eu\/fr\/ce-faux-discours-de-vladimir-poutine-annonant-la-paix-avec-lukraine-est-un-deepfake\/#primaryimage\"},\"image\":{\"@id\":\"https:\/\/belux.edmo.eu\/fr\/ce-faux-discours-de-vladimir-poutine-annonant-la-paix-avec-lukraine-est-un-deepfake\/#primaryimage\"},\"thumbnailUrl\":\"https:\/\/belux.edmo.eu\/wp-content\/uploads\/2022\/03\/a9b7ba70783b617e9998dc4dd82eb3c5-1647449471.jpg\",\"datePublished\":\"2022-03-25T09:30:48+00:00\",\"breadcrumb\":{\"@id\":\"https:\/\/belux.edmo.eu\/fr\/ce-faux-discours-de-vladimir-poutine-annonant-la-paix-avec-lukraine-est-un-deepfake\/#breadcrumb\"},\"inLanguage\":\"fr-FR\",\"potentialAction\":[{\"@type\":\"ReadAction\",\"target\":[\"https:\/\/belux.edmo.eu\/fr\/ce-faux-discours-de-vladimir-poutine-annonant-la-paix-avec-lukraine-est-un-deepfake\/\"]}]},{\"@type\":\"ImageObject\",\"inLanguage\":\"fr-FR\",\"@id\":\"https:\/\/belux.edmo.eu\/fr\/ce-faux-discours-de-vladimir-poutine-annonant-la-paix-avec-lukraine-est-un-deepfake\/#primaryimage\",\"url\":\"https:\/\/belux.edmo.eu\/wp-content\/uploads\/2022\/03\/a9b7ba70783b617e9998dc4dd82eb3c5-1647449471.jpg\",\"contentUrl\":\"https:\/\/belux.edmo.eu\/wp-content\/uploads\/2022\/03\/a9b7ba70783b617e9998dc4dd82eb3c5-1647449471.jpg\",\"width\":770,\"height\":433,\"caption\":\"Ce faux discours de Vladimir Poutine annon\u00e7ant \\\"la paix\\\" avec l\u2019Ukraine est un deepfake - Featured image\"},{\"@type\":\"BreadcrumbList\",\"@id\":\"https:\/\/belux.edmo.eu\/fr\/ce-faux-discours-de-vladimir-poutine-annonant-la-paix-avec-lukraine-est-un-deepfake\/#breadcrumb\",\"itemListElement\":[{\"@type\":\"ListItem\",\"position\":1,\"name\":\"Home\",\"item\":\"https:\/\/belux.edmo.eu\/fr\/\"},{\"@type\":\"ListItem\",\"position\":2,\"name\":\"Ce faux discours de Vladimir Poutine annon\u00e7ant &#8220;la paix&#8221; avec l\u2019Ukraine est un deepfake\"}]},{\"@type\":\"WebSite\",\"@id\":\"https:\/\/belux.edmo.eu\/#website\",\"url\":\"https:\/\/belux.edmo.eu\/\",\"name\":\"EDMO Belux\",\"description\":\"Monitoring Disinformation in Belgium and Luxembourg\",\"publisher\":{\"@id\":\"https:\/\/belux.edmo.eu\/#organization\"},\"potentialAction\":[{\"@type\":\"SearchAction\",\"target\":{\"@type\":\"EntryPoint\",\"urlTemplate\":\"https:\/\/belux.edmo.eu\/?s={search_term_string}\"},\"query-input\":{\"@type\":\"PropertyValueSpecification\",\"valueRequired\":true,\"valueName\":\"search_term_string\"}}],\"inLanguage\":\"fr-FR\"},{\"@type\":\"Organization\",\"@id\":\"https:\/\/belux.edmo.eu\/#organization\",\"name\":\"EDMO Belux\",\"url\":\"https:\/\/belux.edmo.eu\/\",\"logo\":{\"@type\":\"ImageObject\",\"inLanguage\":\"fr-FR\",\"@id\":\"https:\/\/belux.edmo.eu\/#\/schema\/logo\/image\/\",\"url\":\"https:\/\/belux.edmo.eu\/wp-content\/uploads\/2021\/12\/belux-logo-full-color-rgb.svg\",\"contentUrl\":\"https:\/\/belux.edmo.eu\/wp-content\/uploads\/2021\/12\/belux-logo-full-color-rgb.svg\",\"width\":1,\"height\":1,\"caption\":\"EDMO Belux\"},\"image\":{\"@id\":\"https:\/\/belux.edmo.eu\/#\/schema\/logo\/image\/\"},\"sameAs\":[\"https:\/\/x.com\/Edmo_Belux\"]},{\"@type\":\"Person\",\"@id\":\"https:\/\/belux.edmo.eu\/#\/schema\/person\/dbe3b252258537fd318f9b5645a30342\",\"name\":\"master\",\"sameAs\":[\"https:\/\/belux.wpengine.com\"],\"url\":\"https:\/\/belux.edmo.eu\/fr\/author\/master\/\"}]}<\/script>\n<!-- \/ Yoast SEO plugin. -->","yoast_head_json":{"title":"Ce faux discours de Vladimir Poutine annon\u00e7ant \"la paix\" avec l\u2019Ukraine est un deepfake - EDMO Belux","robots":{"index":"index","follow":"follow","max-snippet":"max-snippet:-1","max-image-preview":"max-image-preview:large","max-video-preview":"max-video-preview:-1"},"canonical":"https:\/\/belux.edmo.eu\/fr\/ce-faux-discours-de-vladimir-poutine-annonant-la-paix-avec-lukraine-est-un-deepfake\/","og_locale":"fr_FR","og_type":"article","og_title":"Ce faux discours de Vladimir Poutine annon\u00e7ant \"la paix\" avec l\u2019Ukraine est un deepfake - EDMO Belux","og_description":"Une vid\u00e9o dans laquelle Vladimir Poutine annonce\u00a0\"la paix\" avec l'Ukraine a \u00e9t\u00e9\u00a0publi\u00e9e ce mercredi 16\u00a0mars 2022...","og_url":"https:\/\/belux.edmo.eu\/fr\/ce-faux-discours-de-vladimir-poutine-annonant-la-paix-avec-lukraine-est-un-deepfake\/","og_site_name":"EDMO Belux","article_published_time":"2022-03-25T09:30:48+00:00","og_image":[{"width":770,"height":433,"url":"https:\/\/belux.edmo.eu\/wp-content\/uploads\/2022\/03\/a9b7ba70783b617e9998dc4dd82eb3c5-1647449471.jpg","type":"image\/jpeg"}],"author":"master","twitter_card":"summary_large_image","twitter_creator":"@Edmo_Belux","twitter_site":"@Edmo_Belux","twitter_misc":{"\u00c9crit par":"master","Dur\u00e9e de lecture estim\u00e9e":"7 minutes"},"schema":{"@context":"https:\/\/schema.org","@graph":[{"@type":"Article","@id":"https:\/\/belux.edmo.eu\/fr\/ce-faux-discours-de-vladimir-poutine-annonant-la-paix-avec-lukraine-est-un-deepfake\/#article","isPartOf":{"@id":"https:\/\/belux.edmo.eu\/fr\/ce-faux-discours-de-vladimir-poutine-annonant-la-paix-avec-lukraine-est-un-deepfake\/"},"author":{"name":"master","@id":"https:\/\/belux.edmo.eu\/#\/schema\/person\/dbe3b252258537fd318f9b5645a30342"},"headline":"Ce faux discours de Vladimir Poutine annon\u00e7ant \u00ab\u00a0la paix\u00a0\u00bb avec l\u2019Ukraine est un deepfake","datePublished":"2022-03-25T09:30:48+00:00","mainEntityOfPage":{"@id":"https:\/\/belux.edmo.eu\/fr\/ce-faux-discours-de-vladimir-poutine-annonant-la-paix-avec-lukraine-est-un-deepfake\/"},"wordCount":1487,"publisher":{"@id":"https:\/\/belux.edmo.eu\/#organization"},"image":{"@id":"https:\/\/belux.edmo.eu\/fr\/ce-faux-discours-de-vladimir-poutine-annonant-la-paix-avec-lukraine-est-un-deepfake\/#primaryimage"},"thumbnailUrl":"https:\/\/belux.edmo.eu\/wp-content\/uploads\/2022\/03\/a9b7ba70783b617e9998dc4dd82eb3c5-1647449471.jpg","articleSection":["Fact-Check","Politique","Ukraine"],"inLanguage":"fr-FR"},{"@type":"WebPage","@id":"https:\/\/belux.edmo.eu\/fr\/ce-faux-discours-de-vladimir-poutine-annonant-la-paix-avec-lukraine-est-un-deepfake\/","url":"https:\/\/belux.edmo.eu\/fr\/ce-faux-discours-de-vladimir-poutine-annonant-la-paix-avec-lukraine-est-un-deepfake\/","name":"Ce faux discours de Vladimir Poutine annon\u00e7ant \"la paix\" avec l\u2019Ukraine est un deepfake - EDMO Belux","isPartOf":{"@id":"https:\/\/belux.edmo.eu\/#website"},"primaryImageOfPage":{"@id":"https:\/\/belux.edmo.eu\/fr\/ce-faux-discours-de-vladimir-poutine-annonant-la-paix-avec-lukraine-est-un-deepfake\/#primaryimage"},"image":{"@id":"https:\/\/belux.edmo.eu\/fr\/ce-faux-discours-de-vladimir-poutine-annonant-la-paix-avec-lukraine-est-un-deepfake\/#primaryimage"},"thumbnailUrl":"https:\/\/belux.edmo.eu\/wp-content\/uploads\/2022\/03\/a9b7ba70783b617e9998dc4dd82eb3c5-1647449471.jpg","datePublished":"2022-03-25T09:30:48+00:00","breadcrumb":{"@id":"https:\/\/belux.edmo.eu\/fr\/ce-faux-discours-de-vladimir-poutine-annonant-la-paix-avec-lukraine-est-un-deepfake\/#breadcrumb"},"inLanguage":"fr-FR","potentialAction":[{"@type":"ReadAction","target":["https:\/\/belux.edmo.eu\/fr\/ce-faux-discours-de-vladimir-poutine-annonant-la-paix-avec-lukraine-est-un-deepfake\/"]}]},{"@type":"ImageObject","inLanguage":"fr-FR","@id":"https:\/\/belux.edmo.eu\/fr\/ce-faux-discours-de-vladimir-poutine-annonant-la-paix-avec-lukraine-est-un-deepfake\/#primaryimage","url":"https:\/\/belux.edmo.eu\/wp-content\/uploads\/2022\/03\/a9b7ba70783b617e9998dc4dd82eb3c5-1647449471.jpg","contentUrl":"https:\/\/belux.edmo.eu\/wp-content\/uploads\/2022\/03\/a9b7ba70783b617e9998dc4dd82eb3c5-1647449471.jpg","width":770,"height":433,"caption":"Ce faux discours de Vladimir Poutine annon\u00e7ant \"la paix\" avec l\u2019Ukraine est un deepfake - Featured image"},{"@type":"BreadcrumbList","@id":"https:\/\/belux.edmo.eu\/fr\/ce-faux-discours-de-vladimir-poutine-annonant-la-paix-avec-lukraine-est-un-deepfake\/#breadcrumb","itemListElement":[{"@type":"ListItem","position":1,"name":"Home","item":"https:\/\/belux.edmo.eu\/fr\/"},{"@type":"ListItem","position":2,"name":"Ce faux discours de Vladimir Poutine annon\u00e7ant &#8220;la paix&#8221; avec l\u2019Ukraine est un deepfake"}]},{"@type":"WebSite","@id":"https:\/\/belux.edmo.eu\/#website","url":"https:\/\/belux.edmo.eu\/","name":"EDMO Belux","description":"Monitoring Disinformation in Belgium and Luxembourg","publisher":{"@id":"https:\/\/belux.edmo.eu\/#organization"},"potentialAction":[{"@type":"SearchAction","target":{"@type":"EntryPoint","urlTemplate":"https:\/\/belux.edmo.eu\/?s={search_term_string}"},"query-input":{"@type":"PropertyValueSpecification","valueRequired":true,"valueName":"search_term_string"}}],"inLanguage":"fr-FR"},{"@type":"Organization","@id":"https:\/\/belux.edmo.eu\/#organization","name":"EDMO Belux","url":"https:\/\/belux.edmo.eu\/","logo":{"@type":"ImageObject","inLanguage":"fr-FR","@id":"https:\/\/belux.edmo.eu\/#\/schema\/logo\/image\/","url":"https:\/\/belux.edmo.eu\/wp-content\/uploads\/2021\/12\/belux-logo-full-color-rgb.svg","contentUrl":"https:\/\/belux.edmo.eu\/wp-content\/uploads\/2021\/12\/belux-logo-full-color-rgb.svg","width":1,"height":1,"caption":"EDMO Belux"},"image":{"@id":"https:\/\/belux.edmo.eu\/#\/schema\/logo\/image\/"},"sameAs":["https:\/\/x.com\/Edmo_Belux"]},{"@type":"Person","@id":"https:\/\/belux.edmo.eu\/#\/schema\/person\/dbe3b252258537fd318f9b5645a30342","name":"master","sameAs":["https:\/\/belux.wpengine.com"],"url":"https:\/\/belux.edmo.eu\/fr\/author\/master\/"}]}},"menu_order":0,"_links":{"self":[{"href":"https:\/\/belux.edmo.eu\/fr\/wp-json\/wp\/v2\/posts\/21589","targetHints":{"allow":["GET"]}}],"collection":[{"href":"https:\/\/belux.edmo.eu\/fr\/wp-json\/wp\/v2\/posts"}],"about":[{"href":"https:\/\/belux.edmo.eu\/fr\/wp-json\/wp\/v2\/types\/post"}],"author":[{"embeddable":true,"href":"https:\/\/belux.edmo.eu\/fr\/wp-json\/wp\/v2\/users\/1"}],"replies":[{"embeddable":true,"href":"https:\/\/belux.edmo.eu\/fr\/wp-json\/wp\/v2\/comments?post=21589"}],"version-history":[{"count":0,"href":"https:\/\/belux.edmo.eu\/fr\/wp-json\/wp\/v2\/posts\/21589\/revisions"}],"wp:featuredmedia":[{"embeddable":true,"href":"https:\/\/belux.edmo.eu\/fr\/wp-json\/wp\/v2\/media\/21584"}],"wp:attachment":[{"href":"https:\/\/belux.edmo.eu\/fr\/wp-json\/wp\/v2\/media?parent=21589"}],"wp:term":[{"taxonomy":"category","embeddable":true,"href":"https:\/\/belux.edmo.eu\/fr\/wp-json\/wp\/v2\/categories?post=21589"},{"taxonomy":"post_tag","embeddable":true,"href":"https:\/\/belux.edmo.eu\/fr\/wp-json\/wp\/v2\/tags?post=21589"}],"curies":[{"name":"wp","href":"https:\/\/api.w.org\/{rel}","templated":true}]}}