{"id":217240,"date":"2022-12-19T08:00:33","date_gmt":"2022-12-19T08:00:33","guid":{"rendered":"https:\/\/belux.edmo.eu\/?p=217240"},"modified":"2022-12-19T10:55:01","modified_gmt":"2022-12-19T10:55:01","slug":"le-forum-de-davos-na-pas-appel-abattre-des-millions-danimaux-de-compagnie-pour-lutter-contre-le-changement-climatique","status":"publish","type":"post","link":"https:\/\/belux.edmo.eu\/fr\/le-forum-de-davos-na-pas-appel-abattre-des-millions-danimaux-de-compagnie-pour-lutter-contre-le-changement-climatique\/","title":{"rendered":"Le Forum de Davos n&rsquo;a pas appel\u00e9 \u00e0 \u00ab\u00a0abattre des millions\u00a0\u00bb d&rsquo;animaux de compagnie pour lutter contre le changement climatique"},"content":{"rendered":"<p><b>Le Forum \u00e9conomique mondial (WEF) n&rsquo;a pas publiquement appel\u00e9 \u00e0 \u00ab\u00a0abattre des millions de chats et de chiens de compagnie pour lutter contre le changement climatique\u00a0\u00bb, contrairement \u00e0 ce qu&rsquo;affirme un article en anglais relay\u00e9 plusieurs milliers de fois sur internet en d\u00e9cembre. L&rsquo;AFP n&rsquo;a retrouv\u00e9 aucune trace d&rsquo;une telle initiative, d\u00e9mentie \u00e9galement par un porte-parole du WEF. L&rsquo;article erron\u00e9 cite par ailleurs Bloomberg et CNN en affirmant que ces m\u00e9dias relaient ledit appel \u00e0 tuer les animaux, mais ce n&rsquo;est pas le cas.<\/b><\/p>\n<p><em>\u00ab\u00a0Dans <\/em><em>cet article ils disent que le WEF veut abattre des millions de chats et de chiens de compagnie pour lutter contre le changement climatique\u00a0\u00bb,<\/em> affirment des internautes, relayant le lien ou une capture d&rsquo;\u00e9cran d&rsquo;un <a href=\"https:\/\/perma.cc\/4WAD-ZDQX\" target=\"_blank\" rel=\"noopener\" shape=\"rect\">article<\/a> en anglais publi\u00e9 par le site NewsPunch.<\/p>\n<p>Depuis mi-d\u00e9cembre, cette affirmation a \u00e9t\u00e9 partag\u00e9e plusieurs centaines de fois en fran\u00e7ais sur <a href=\"https:\/\/perma.cc\/8R2S-FRM3?type=image\" target=\"_blank\" rel=\"noopener\" shape=\"rect\">Facebook<\/a>,\u00a0<a href=\"https:\/\/perma.cc\/5DPF-VCRZ\" target=\"_blank\" rel=\"noopener\" shape=\"rect\">Twitter<\/a> et <a href=\"https:\/\/perma.cc\/CX8C-MZVQ\" target=\"_blank\" rel=\"noopener\" shape=\"rect\">Telegram<\/a>. Des publications similaires ont \u00e9t\u00e9 relay\u00e9es plusieurs milliers de fois <a href=\"https:\/\/perma.cc\/52KQ-9L6Y\" target=\"_blank\" rel=\"noopener\" shape=\"rect\">en anglais<\/a>.<\/p>\n<p>Certains <a href=\"https:\/\/archive.ph\/L1IOJ\" target=\"_blank\" rel=\"noopener\" shape=\"rect\">internautes<\/a> traduisent le contenu de l&rsquo;article, affirmant que<em> \u00ab\u00a0le Forum \u00e9conomique mondial a r\u00e9cemment lanc\u00e9 une nouvelle initiative controvers\u00e9e\u00a0\u00bb, <\/em>consistant \u00e0<em> \u00ab\u00a0introduire une politique internationale qui obligerait la majorit\u00e9 des propri\u00e9taires d&rsquo;animaux de compagnie \u00e0 euthanasier leurs animaux\u00a0\u00bb.\u00a0<\/em><\/p>\n<p>L&rsquo;image d&rsquo;illustration de l&rsquo;article montre <a href=\"https:\/\/perma.cc\/ZPC2-MW7L\" target=\"_blank\" rel=\"noopener\" shape=\"rect\">Klaus Schwab<\/a>, fondateur du Forum \u00e9conomique mondial de Davos (en anglais World Economic Forum, WEF).<\/p>\n<div id=\"wysiwyg\" class=\"www-item image\"><img class=\"lazyload blur-up\" src=\"https:\/\/belux-edmo.s3-accelerate.amazonaws.com\/wp-content\/uploads\/2022\/12\/325af11949311fd7bc720f648589db4a2e122c08-ipad.jpg\" data-original=\"\" \/><span class=\"legend\">Capture d&rsquo;\u00e9cran r\u00e9alis\u00e9e sur Twitter le 15\/12\/2022<\/span><\/div>\n<p>Le WEF est une organisation internationale non-gouvernementale qui accueille tous les ans \u00e0 Davos, en Suisse, des rencontres entre responsables politiques, dirigeants d&rsquo;entreprises et acteurs de l&rsquo;\u00e9conomie mondiale.<\/p>\n<p>Klaus Schwab, son fondateur et pr\u00e9sident ex\u00e9cutif, est au c\u0153ur de nombreuses fausses informations, l&rsquo;accusant par exemple d&rsquo;avoir <a href=\"https:\/\/factuel.afp.com\/doc.afp.com.32BZ9TQ\" target=\"_blank\" rel=\"noopener\" shape=\"rect\">pr\u00e9dit la pand\u00e9mie<\/a> de Covid-19 ou de vouloir \u00ab\u00a0<a href=\"https:\/\/factuel.afp.com\/doc.afp.com.32M94T2\" target=\"_blank\" rel=\"noopener\" shape=\"rect\">implanter des puces<\/a>\u00a0\u00bb dans la population.<\/p>\n<p>Le WEF a relay\u00e9 ces derni\u00e8res ann\u00e9es plusieurs articles ou vid\u00e9os sur l&#8217;empreinte carbone engendr\u00e9 par la nourriture pour chiens et chats domestiques. Mais l&rsquo;AFP n&rsquo;a trouv\u00e9 aucune trace d&rsquo;une quelconque initiative publique ou d\u00e9claration visant \u00e0 encourager les propri\u00e9taires d&rsquo;animaux domestiques \u00e0 les \u00ab\u00a0abattre\u00a0\u00bb et un porte-parole a d\u00e9menti cette affirmation aupr\u00e8s de l&rsquo;AFP.<\/p>\n<p>Par ailleurs, les articles cit\u00e9s par NewsPunch \u00e0 l&rsquo;appui de ses all\u00e9gations\u00a0n&rsquo;appellent pas non plus les propri\u00e9taires \u00e0 tuer leurs animaux.<\/p>\n<p><b>Le WEF n&rsquo;a pas publiquement appel\u00e9 \u00e0 abattre des millions d&rsquo;animaux de compagnie<\/b><\/p>\n<p>NewsPunch est le <a href=\"https:\/\/www.conspiracywatch.info\/notice\/newspunch-com\" target=\"_blank\" rel=\"noopener\" shape=\"rect\">nouveau nom<\/a>\u00a0du site YourNewswire dont plusieurs articles ont d\u00e9j\u00e0 \u00e9t\u00e9 v\u00e9rifi\u00e9s par l&rsquo;AFP,\u00a0<a href=\"https:\/\/factuel.afp.com\/doc.afp.com.32ZV2NC\" target=\"_blank\" rel=\"noopener\" shape=\"rect\">ici<\/a> ou <a href=\"https:\/\/factuel.afp.com\/non-un-ancien-agent-de-la-cia-na-pas-confesse-lassassinat-de-bob-marley\" target=\"_blank\" rel=\"noopener\" shape=\"rect\">ici<\/a> par exemple.<\/p>\n<p><em>\u00ab\u00a0Le Forum \u00e9conomique mondial appelle d\u00e9sormais \u00e0 l&rsquo;abattage de millions de chats et de chiens dans le monde afin de r\u00e9duire &lsquo;l&#8217;empreinte carbone&rsquo; qu&rsquo;ils produisent en mangeant de la viande\u00a0\u00bb,<\/em> affirme l&rsquo;article erron\u00e9, qui \u00e9crit plus loin que <em>\u00ab\u00a0cette politique a \u00e9t\u00e9 accueillie avec indignation par les groupes de d\u00e9fense des droits des animaux et les propri\u00e9taires d&rsquo;animaux de compagnie\u00a0\u00bb.<\/em><\/p>\n<p>D&rsquo;apr\u00e8s NewsPunch, malgr\u00e9 ces suppos\u00e9es critiques, <em>\u00ab\u00a0<\/em><em>le WEF maintient que cette mesure est n\u00e9cessaire car il estime que <\/em><em>la r\u00e9duction du nombre d&rsquo;animaux de compagnie dans le monde contribuera \u00e0 r\u00e9duire le r\u00e9chauffement climatique et d&rsquo;autres probl\u00e8mes environnementaux caus\u00e9s par la surpopulation\u00a0\u00bb.\u00a0<\/em><\/p>\n<p>Une recherche sur Google ne donne pourtant aucun r\u00e9sultat permettant d&rsquo;affirmer que le Forum \u00e9conomique mondial a appel\u00e9 \u00e0 abattre des millions de chats et chiens, ou que des groupes de d\u00e9fense des droits des animaux ont r\u00e9agi \u00e0 ladite annonce.<\/p>\n<p>L&rsquo;article partage \u00e9galement <a href=\"https:\/\/perma.cc\/UX3L-DG34\" target=\"_blank\" rel=\"noopener\" shape=\"rect\">une vid\u00e9o<\/a> de la cha\u00eene anglaise <a href=\"https:\/\/www.independent.co.uk\/news\/uk\/home-news\/david-icke-launches-internet-tv-station-the-people-s-voice-8962731.html\" target=\"_blank\" rel=\"noopener\" shape=\"rect\">The People&rsquo;s Voice<\/a>, fond\u00e9e par le th\u00e9oricien du complot britannique <a href=\"https:\/\/factcheck.afp.com\/david-icke-interview-resurfaces-multiple-false-claims-about-covid-19\" target=\"_blank\" rel=\"noopener\" shape=\"rect\">David Icke<\/a>, qui relaie des affirmations similaires. Sur la miniature de la vid\u00e9o, on voit la capture d&rsquo;\u00e9cran d&rsquo;un pr\u00e9tendu tweet du WEF, qui aurait \u00e9crit:<em> \u00ab\u00a0Eliminer la possession d&rsquo;animaux de compagnie r\u00e9duira les dangereuses empreintes carbone qui contribuent au changement climatique\u00a0\u00bb.\u00a0<\/em><\/p>\n<p>Une recherche sur <a href=\"https:\/\/twitter.com\/wef\" target=\"_blank\" rel=\"noopener\" shape=\"rect\">le compte Twitter<\/a> du Forum de Davos ne donne aucune occurrence de ce tweet ou d&rsquo;un tweet similaire. On peut, gr\u00e2ce \u00e0 l&rsquo;outil <a href=\"https:\/\/www.facebook.com\/afpfactuel\/videos\/955033015901497\" target=\"_blank\" rel=\"noopener\" shape=\"rect\">Wayback Machine<\/a>, effectuer une recherche du compte tel qu&rsquo;il se pr\u00e9sentait le jour de la publication de l&rsquo;article de NewsPunch et de la vid\u00e9o de The People&rsquo;s Voice, <a href=\"https:\/\/web.archive.org\/web\/20221209120347\/https:\/\/twitter.com\/wef\" target=\"_blank\" rel=\"noopener\" shape=\"rect\">le 9 d\u00e9cembre<\/a>, ou les jours pr\u00e9c\u00e9dents (par exemple, <a href=\"https:\/\/web.archive.org\/web\/20221208231505\/https:\/\/twitter.com\/wef\" target=\"_blank\" rel=\"noopener\" shape=\"rect\">le 8<\/a>). On ne trouve aucun tweet appelant \u00e0 \u00ab\u00a0\u00e9liminer\u00a0\u00bb les animaux de compagnie.<\/p>\n<p><a href=\"https:\/\/www.facebook.com\/search\/posts\/?q=pets&amp;filters=eyJycF9hdXRob3IiOiJ7XCJuYW1lXCI6XCJhdXRob3JcIixcImFyZ3NcIjpcIjc3NDY4NDE0NzhcIn0ifQ%3D%3D&amp;epa=FILTERS\" target=\"_blank\" rel=\"noopener\" shape=\"rect\">Une recherche similaire<\/a> sur le compte Facebook du WEF ne renvoie vers aucune publication appelant \u00e0 \u00ab\u00a0abattre\u00a0\u00bb les animaux de compagnie. En octobre 2021, le WEF a publi\u00e9 <a href=\"https:\/\/perma.cc\/9L7M-FQ5T\" target=\"_blank\" rel=\"noopener\" shape=\"rect\">une vid\u00e9o<\/a> d\u00e9di\u00e9e \u00e0 l&rsquo;impact positif des animaux de compagnie sur la sant\u00e9 mentale de leurs propri\u00e9taires pendant la pand\u00e9mie. En ao\u00fbt 2019, <a href=\"https:\/\/archive.ph\/gzYK3\" target=\"_blank\" rel=\"noopener\" shape=\"rect\">une autre vid\u00e9o<\/a> a \u00e9t\u00e9 diffus\u00e9e sur le compte Facebook du Forum, relayant les travaux d&rsquo;experts et d&rsquo;entreprises pour produire de la nourriture \u00e0 base d&rsquo;insectes pour les animaux de compagnie, dans un souci de r\u00e9duire la production de viande tr\u00e8s polluante.<\/p>\n<p>Sur le site du WEF, les articles les plus r\u00e9cents concernant l&rsquo;impact environnemental des animaux de compagnie ont \u00e9t\u00e9 publi\u00e9s en <a href=\"https:\/\/perma.cc\/V5X4-LHM5\" target=\"_blank\" rel=\"noopener\" shape=\"rect\">2017<\/a>, <a href=\"https:\/\/perma.cc\/7ESA-Y3LJ\" target=\"_blank\" rel=\"noopener\" shape=\"rect\">2019 <\/a>et <a href=\"https:\/\/perma.cc\/5BL5-PRWR\" target=\"_blank\" rel=\"noopener\" shape=\"rect\">2020<\/a>. Ils expliquent que la prise de conscience de l&rsquo;impact climatique de la production de viande peut pousser certaines entreprises et les propri\u00e9taires \u00e0 revoir le r\u00e9gime de leurs chiens et de leurs chats, en diminuant leurs portions ou en privil\u00e9giant des alternatives v\u00e9g\u00e9tariennes \u00e0 certains repas.<\/p>\n<p>Aucun de ces articles n&rsquo;\u00e9voque l&rsquo;id\u00e9e \u00ab\u00a0d&rsquo;abattre\u00a0\u00bb ces animaux.<\/p>\n<p>Contact\u00e9 le 13 d\u00e9cembre 2022, un porte-parole du Forum \u00e9conomique mondial a confirm\u00e9 \u00e0 l&rsquo;AFP que cette information \u00e9tait <em>\u00ab\u00a0fausse\u00a0\u00bb. \u00ab\u00a0Le WEF n&rsquo;a jamais fait une telle d\u00e9claration\u00a0\u00bb<\/em> ou pris une telle initiative, a-t-il d\u00e9clar\u00e9.<\/p>\n<p><b>Des articles qui n&rsquo;appellent pas \u00e0 tuer les animaux et ne citent pas le WEF<\/b><\/p>\n<p>L&rsquo;article de NewsPunch affirme aussi que le WEF a <em>\u00ab\u00a0ordonn\u00e9\u00a0\u00bb<\/em> aux m\u00e9dias de<em> \u00ab\u00a0commencer \u00e0 pousser le r\u00e9cit\u00a0\u00bb,\u00a0<\/em>citant deux articles de Bloomberg et CNN.<\/p>\n<p><a href=\"https:\/\/perma.cc\/V7NE-9Y9C?type=image\" target=\"_blank\" rel=\"noopener\" shape=\"rect\">Celui de l&rsquo;agence Bloomberg<\/a>, cit\u00e9 par un site d&rsquo;extr\u00eame droite \u00e0 1&rsquo;19 dans la vid\u00e9o de The People&rsquo;s Voice, a \u00e9t\u00e9 publi\u00e9 en mars 2022. Cet article (sous paywall &#8211; l&rsquo;AFP a eu acc\u00e8s \u00e0 son enti\u00e8ret\u00e9) ne parle pas du changement climatique, mais de l&rsquo;inflation aux Etats-Unis. L&rsquo;auteur y aborde, dans un court paragraphe, le co\u00fbt de la prise en charge m\u00e9dicale des animaux de compagnie, expliquant notamment que<em>\u00a0\u00ab\u00a0les chercheurs ne recommandent pas la chimioth\u00e9rapie pour animaux de compagnie &#8211; qui peut co\u00fbter jusqu&rsquo;\u00e0 10 000 dollars &#8211; pour des raisons \u00e9thiques\u00a0\u00bb,<\/em> li\u00e9es \u00e0 l&rsquo;utilisation d&rsquo;un traitement aux effets secondaires douloureux et au risque pour les animaux de passer le reste de leurs vies souffrants.<\/p>\n<p><a href=\"https:\/\/perma.cc\/7UVJ-K5Q8?type=image\" target=\"_blank\" rel=\"noopener\" shape=\"rect\">Le deuxi\u00e8me article<\/a>, publi\u00e9 en septembre 2022 par la cha\u00eene am\u00e9ricaine CNN, d\u00e9taille l&#8217;empreinte carbone engendr\u00e9e par la nourriture destin\u00e9e aux chats et chiens, en citant une <a href=\"https:\/\/perma.cc\/Z5JX-UJ7W\" target=\"_blank\" rel=\"noopener\" shape=\"rect\">\u00e9tude<\/a>\u00a0de 2017.<\/p>\n<p>CNN explique que <em>\u00ab\u00a0les animaux de compagnie ont un impact positif mesurable sur notre sant\u00e9 physique et notre bien-\u00eatre mental\u00a0\u00bb<\/em> et donne des conseils pour les citoyens d\u00e9sireux de diminuer leur impact climatique: <em>\u00ab\u00a0En r\u00e8gle g\u00e9n\u00e9rale, les grands animaux de compagnie ont un impact climatique plus important que les petits, principalement parce qu&rsquo;ils ont besoin de plus de nourriture. Vous pouvez donc envisager des races ou des esp\u00e8ces plus petites si vous cherchez \u00e0 minimiser votre impact sur la plan\u00e8te. L&#8217;empreinte carbone d&rsquo;un chihuahua sera beaucoup plus faible que celle d&rsquo;un saint-bernard, par exemple\u00a0\u00bb.\u00a0<\/em><\/p>\n<p>Aucun de ces deux articles ne cite le Forum \u00e9conomique mondial ou ne conseille aux propri\u00e9taires d&rsquo;animaux de compagnie de <em>\u00ab\u00a0les abattre\u00a0\u00bb.\u00a0 \u00ab\u00a0Ne paniquez pas. Faire vos adieux \u00e0 vos meilleurs amis n&rsquo;est pas la solution\u00a0\u00bb<\/em>, dit d&rsquo;ailleurs CNN dans son article.<\/p>\n<p>NewsPunch recycle en r\u00e9alit\u00e9 <a href=\"https:\/\/perma.cc\/W9DH-DNV9\" target=\"_blank\" rel=\"noopener\" shape=\"rect\">un autre article<\/a>, publi\u00e9 sur son site le 26 novembre 2022, dans lequel l&rsquo;auteur assurait qu<em>e \u00ab\u00a0les activistes du climat appellent d\u00e9sormais \u00e0 l&rsquo;abattage de millions de chiens dans le monde afin de r\u00e9duire &lsquo;l&#8217;empreinte carbone&rsquo; qu&rsquo;ils produisent en mangeant de la viande\u00a0\u00bb &#8211;\u00a0<\/em>une affirmation tr\u00e8s proche de celle relay\u00e9e dans les publications que nous v\u00e9rifions, et l\u00e0 encore bas\u00e9e sur l&rsquo;article de CNN.<\/p>\n<p>Cette fausse affirmation avait alors \u00e9t\u00e9 fact-check\u00e9e par plusieurs sites de v\u00e9rification comme ceux de <a href=\"https:\/\/eu.usatoday.com\/story\/news\/factcheck\/2022\/12\/09\/fact-check-false-claim-activists-want-kill-dogs-lower-emissions\/10807102002\/\" target=\"_blank\" rel=\"noopener\" shape=\"rect\">USA Today<\/a>\u00a0et de l&rsquo;<a href=\"https:\/\/apnews.com\/article\/fact-check-dog-killing-climate-change-904289194639\" target=\"_blank\" rel=\"noopener\" shape=\"rect\">Associated Press<\/a> ainsi que par <a href=\"https:\/\/www.politifact.com\/factchecks\/2022\/dec\/06\/instagram-posts\/no-climate-activists-have-not-vowed-slaughter-mill\/\" target=\"_blank\" rel=\"noopener\" shape=\"rect\">PolitiFact<\/a>, qui a discut\u00e9 avec plusieurs organisations de d\u00e9fense des droits des animaux ainsi qu&rsquo;avec l&rsquo;auteur de l&rsquo;\u00e9tude cit\u00e9e par CNN, qui ont jug\u00e9 ces affirmations \u00ab\u00a0ridicules\u00a0\u00bb.<\/p>\n","protected":false},"excerpt":{"rendered":"<p>\u00ab\u00a0Dans cet article ils disent que le WEF veut abattre des millions de chats et de chiens de compagnie pour lutter contre le changement climatique\u00a0\u00bb, affirment des internautes, relayant le lien ou une capture d&rsquo;\u00e9cran d&rsquo;un article en anglais publi\u00e9 par le site NewsPunch.<\/p>\n","protected":false},"author":1,"featured_media":217230,"comment_status":"closed","ping_status":"open","sticky":false,"template":"","format":"standard","meta":{"_acf_changed":false,"footnotes":""},"categories":[126,125,132,138],"tags":[],"class_list":{"0":"post-217240","1":"post","2":"type-post","3":"status-publish","4":"format-standard","5":"has-post-thumbnail","7":"category-environnement","8":"category-fact-check-fr","9":"category-politique","10":"category-societe"},"acf":{"show_metatags":true,"id":"doc-333n7wb-3","authors":"Marie GENRIES, AFP Belgique","organization":"AFP","featured_image_copyright":"AFP","text_copyright":"\u00a9 AGENCE FRANCE-PRESSE | 2022 | Tous droits r\u00e9serv\u00e9s. L\u2019acc\u00e8s aux contenus de l'AFP publi\u00e9s sur ce site et, le cas \u00e9ch\u00e9ant, leur utilisation sont soumis aux conditions g\u00e9n\u00e9rales d'utilisation disponibles sur <a href='https:\/\/www.afp.com\/fr\/cgu' target='_blank'>CGU<\/a>. Par cons\u00e9quent, en acc\u00e9dant aux contenus de l\u2019AFP publi\u00e9s sur ce site, et en les utilisant, le cas \u00e9ch\u00e9ant, vous acceptez d'\u00eatre li\u00e9 par les conditions g\u00e9n\u00e9rales d'utilisation susmentionn\u00e9es. L\u2019utilisation de contenus de l'AFP se fait sous votre seule et enti\u00e8re responsabilit\u00e9.","source":"https:\/\/factuel.afp.com\/doc.afp.com.333N7WB","fact_checker":"https:\/\/belux.wpengine.com\/wp-content\/uploads\/2021\/12\/afp_logo.png","type":"\u00c9v\u00e9nement ferm\u00e9","location":"","start_date":"","start_date_event_begins_at":"","start_date_event_ends_at":"","end_date":"","end_date_event_begins_at":"","end_date_event_ends_at":"","organizer":"","fact_checker_logo_image":false},"yoast_head":"<!-- This site is optimized with the Yoast SEO plugin v27.0 - https:\/\/yoast.com\/product\/yoast-seo-wordpress\/ -->\n<title>Le Forum de Davos n&#039;a pas appel\u00e9 \u00e0 &quot;abattre des millions&quot; d&#039;animaux de compagnie pour lutter contre le changement climatique - EDMO Belux<\/title>\n<meta name=\"robots\" content=\"index, follow, max-snippet:-1, max-image-preview:large, max-video-preview:-1\" \/>\n<link rel=\"canonical\" href=\"https:\/\/belux.edmo.eu\/fr\/le-forum-de-davos-na-pas-appel-abattre-des-millions-danimaux-de-compagnie-pour-lutter-contre-le-changement-climatique\/\" \/>\n<meta property=\"og:locale\" content=\"fr_FR\" \/>\n<meta property=\"og:type\" content=\"article\" \/>\n<meta property=\"og:title\" content=\"Le Forum de Davos n&#039;a pas appel\u00e9 \u00e0 &quot;abattre des millions&quot; d&#039;animaux de compagnie pour lutter contre le changement climatique - EDMO Belux\" \/>\n<meta property=\"og:description\" content=\"&quot;Dans cet article ils disent que le WEF veut abattre des millions de chats et de chiens de compagnie pour lutter contre le changement climatique&quot;, affirment des internautes, relayant le lien ou une capture d&#039;\u00e9cran d&#039;un article en anglais publi\u00e9 par le site NewsPunch.\" \/>\n<meta property=\"og:url\" content=\"https:\/\/belux.edmo.eu\/fr\/le-forum-de-davos-na-pas-appel-abattre-des-millions-danimaux-de-compagnie-pour-lutter-contre-le-changement-climatique\/\" \/>\n<meta property=\"og:site_name\" content=\"EDMO Belux\" \/>\n<meta property=\"article:published_time\" content=\"2022-12-19T08:00:33+00:00\" \/>\n<meta property=\"article:modified_time\" content=\"2022-12-19T10:55:01+00:00\" \/>\n<meta property=\"og:image\" content=\"https:\/\/belux-edmo.s3-accelerate.amazonaws.com\/wp-content\/uploads\/2022\/12\/ae25437f2050cd1a7d2170a78337bf3c7b5667b5-ipad.jpg\" \/>\n\t<meta property=\"og:image:width\" content=\"1080\" \/>\n\t<meta property=\"og:image:height\" content=\"540\" \/>\n\t<meta property=\"og:image:type\" content=\"image\/jpeg\" \/>\n<meta name=\"author\" content=\"master\" \/>\n<meta name=\"twitter:card\" content=\"summary_large_image\" \/>\n<meta name=\"twitter:creator\" content=\"@Edmo_Belux\" \/>\n<meta name=\"twitter:site\" content=\"@Edmo_Belux\" \/>\n<meta name=\"twitter:label1\" content=\"\u00c9crit par\" \/>\n\t<meta name=\"twitter:data1\" content=\"master\" \/>\n\t<meta name=\"twitter:label2\" content=\"Dur\u00e9e de lecture estim\u00e9e\" \/>\n\t<meta name=\"twitter:data2\" content=\"7 minutes\" \/>\n<script type=\"application\/ld+json\" class=\"yoast-schema-graph\">{\"@context\":\"https:\/\/schema.org\",\"@graph\":[{\"@type\":\"Article\",\"@id\":\"https:\/\/belux.edmo.eu\/fr\/le-forum-de-davos-na-pas-appel-abattre-des-millions-danimaux-de-compagnie-pour-lutter-contre-le-changement-climatique\/#article\",\"isPartOf\":{\"@id\":\"https:\/\/belux.edmo.eu\/fr\/le-forum-de-davos-na-pas-appel-abattre-des-millions-danimaux-de-compagnie-pour-lutter-contre-le-changement-climatique\/\"},\"author\":{\"name\":\"master\",\"@id\":\"https:\/\/belux.edmo.eu\/#\/schema\/person\/dbe3b252258537fd318f9b5645a30342\"},\"headline\":\"Le Forum de Davos n&rsquo;a pas appel\u00e9 \u00e0 \u00ab\u00a0abattre des millions\u00a0\u00bb d&rsquo;animaux de compagnie pour lutter contre le changement climatique\",\"datePublished\":\"2022-12-19T08:00:33+00:00\",\"dateModified\":\"2022-12-19T10:55:01+00:00\",\"mainEntityOfPage\":{\"@id\":\"https:\/\/belux.edmo.eu\/fr\/le-forum-de-davos-na-pas-appel-abattre-des-millions-danimaux-de-compagnie-pour-lutter-contre-le-changement-climatique\/\"},\"wordCount\":1502,\"publisher\":{\"@id\":\"https:\/\/belux.edmo.eu\/#organization\"},\"image\":{\"@id\":\"https:\/\/belux.edmo.eu\/fr\/le-forum-de-davos-na-pas-appel-abattre-des-millions-danimaux-de-compagnie-pour-lutter-contre-le-changement-climatique\/#primaryimage\"},\"thumbnailUrl\":\"https:\/\/belux-edmo.s3-accelerate.amazonaws.com\/wp-content\/uploads\/2022\/12\/ae25437f2050cd1a7d2170a78337bf3c7b5667b5-ipad.jpg\",\"articleSection\":[\"Environnement\",\"Fact-Check\",\"Politique\",\"Societe\"],\"inLanguage\":\"fr-FR\"},{\"@type\":\"WebPage\",\"@id\":\"https:\/\/belux.edmo.eu\/fr\/le-forum-de-davos-na-pas-appel-abattre-des-millions-danimaux-de-compagnie-pour-lutter-contre-le-changement-climatique\/\",\"url\":\"https:\/\/belux.edmo.eu\/fr\/le-forum-de-davos-na-pas-appel-abattre-des-millions-danimaux-de-compagnie-pour-lutter-contre-le-changement-climatique\/\",\"name\":\"Le Forum de Davos n'a pas appel\u00e9 \u00e0 \\\"abattre des millions\\\" d'animaux de compagnie pour lutter contre le changement climatique - EDMO Belux\",\"isPartOf\":{\"@id\":\"https:\/\/belux.edmo.eu\/#website\"},\"primaryImageOfPage\":{\"@id\":\"https:\/\/belux.edmo.eu\/fr\/le-forum-de-davos-na-pas-appel-abattre-des-millions-danimaux-de-compagnie-pour-lutter-contre-le-changement-climatique\/#primaryimage\"},\"image\":{\"@id\":\"https:\/\/belux.edmo.eu\/fr\/le-forum-de-davos-na-pas-appel-abattre-des-millions-danimaux-de-compagnie-pour-lutter-contre-le-changement-climatique\/#primaryimage\"},\"thumbnailUrl\":\"https:\/\/belux-edmo.s3-accelerate.amazonaws.com\/wp-content\/uploads\/2022\/12\/ae25437f2050cd1a7d2170a78337bf3c7b5667b5-ipad.jpg\",\"datePublished\":\"2022-12-19T08:00:33+00:00\",\"dateModified\":\"2022-12-19T10:55:01+00:00\",\"breadcrumb\":{\"@id\":\"https:\/\/belux.edmo.eu\/fr\/le-forum-de-davos-na-pas-appel-abattre-des-millions-danimaux-de-compagnie-pour-lutter-contre-le-changement-climatique\/#breadcrumb\"},\"inLanguage\":\"fr-FR\",\"potentialAction\":[{\"@type\":\"ReadAction\",\"target\":[\"https:\/\/belux.edmo.eu\/fr\/le-forum-de-davos-na-pas-appel-abattre-des-millions-danimaux-de-compagnie-pour-lutter-contre-le-changement-climatique\/\"]}]},{\"@type\":\"ImageObject\",\"inLanguage\":\"fr-FR\",\"@id\":\"https:\/\/belux.edmo.eu\/fr\/le-forum-de-davos-na-pas-appel-abattre-des-millions-danimaux-de-compagnie-pour-lutter-contre-le-changement-climatique\/#primaryimage\",\"url\":\"https:\/\/belux-edmo.s3-accelerate.amazonaws.com\/wp-content\/uploads\/2022\/12\/ae25437f2050cd1a7d2170a78337bf3c7b5667b5-ipad.jpg\",\"contentUrl\":\"https:\/\/belux-edmo.s3-accelerate.amazonaws.com\/wp-content\/uploads\/2022\/12\/ae25437f2050cd1a7d2170a78337bf3c7b5667b5-ipad.jpg\",\"width\":1080,\"height\":540,\"caption\":\"Le Forum de Davos n'a pas appel\u00e9 \u00e0 \\\"abattre des millions\\\" d'animaux de compagnie pour lutter contre le changement climatique - Featured image\"},{\"@type\":\"BreadcrumbList\",\"@id\":\"https:\/\/belux.edmo.eu\/fr\/le-forum-de-davos-na-pas-appel-abattre-des-millions-danimaux-de-compagnie-pour-lutter-contre-le-changement-climatique\/#breadcrumb\",\"itemListElement\":[{\"@type\":\"ListItem\",\"position\":1,\"name\":\"Home\",\"item\":\"https:\/\/belux.edmo.eu\/fr\/\"},{\"@type\":\"ListItem\",\"position\":2,\"name\":\"Le Forum de Davos n&#8217;a pas appel\u00e9 \u00e0 &#8220;abattre des millions&#8221; d&#8217;animaux de compagnie pour lutter contre le changement climatique\"}]},{\"@type\":\"WebSite\",\"@id\":\"https:\/\/belux.edmo.eu\/#website\",\"url\":\"https:\/\/belux.edmo.eu\/\",\"name\":\"EDMO Belux\",\"description\":\"Monitoring Disinformation in Belgium and Luxembourg\",\"publisher\":{\"@id\":\"https:\/\/belux.edmo.eu\/#organization\"},\"potentialAction\":[{\"@type\":\"SearchAction\",\"target\":{\"@type\":\"EntryPoint\",\"urlTemplate\":\"https:\/\/belux.edmo.eu\/?s={search_term_string}\"},\"query-input\":{\"@type\":\"PropertyValueSpecification\",\"valueRequired\":true,\"valueName\":\"search_term_string\"}}],\"inLanguage\":\"fr-FR\"},{\"@type\":\"Organization\",\"@id\":\"https:\/\/belux.edmo.eu\/#organization\",\"name\":\"EDMO Belux\",\"url\":\"https:\/\/belux.edmo.eu\/\",\"logo\":{\"@type\":\"ImageObject\",\"inLanguage\":\"fr-FR\",\"@id\":\"https:\/\/belux.edmo.eu\/#\/schema\/logo\/image\/\",\"url\":\"https:\/\/belux.edmo.eu\/wp-content\/uploads\/2021\/12\/belux-logo-full-color-rgb.svg\",\"contentUrl\":\"https:\/\/belux.edmo.eu\/wp-content\/uploads\/2021\/12\/belux-logo-full-color-rgb.svg\",\"width\":1,\"height\":1,\"caption\":\"EDMO Belux\"},\"image\":{\"@id\":\"https:\/\/belux.edmo.eu\/#\/schema\/logo\/image\/\"},\"sameAs\":[\"https:\/\/x.com\/Edmo_Belux\"]},{\"@type\":\"Person\",\"@id\":\"https:\/\/belux.edmo.eu\/#\/schema\/person\/dbe3b252258537fd318f9b5645a30342\",\"name\":\"master\",\"sameAs\":[\"https:\/\/belux.wpengine.com\"],\"url\":\"https:\/\/belux.edmo.eu\/fr\/author\/master\/\"}]}<\/script>\n<!-- \/ Yoast SEO plugin. -->","yoast_head_json":{"title":"Le Forum de Davos n'a pas appel\u00e9 \u00e0 \"abattre des millions\" d'animaux de compagnie pour lutter contre le changement climatique - EDMO Belux","robots":{"index":"index","follow":"follow","max-snippet":"max-snippet:-1","max-image-preview":"max-image-preview:large","max-video-preview":"max-video-preview:-1"},"canonical":"https:\/\/belux.edmo.eu\/fr\/le-forum-de-davos-na-pas-appel-abattre-des-millions-danimaux-de-compagnie-pour-lutter-contre-le-changement-climatique\/","og_locale":"fr_FR","og_type":"article","og_title":"Le Forum de Davos n'a pas appel\u00e9 \u00e0 \"abattre des millions\" d'animaux de compagnie pour lutter contre le changement climatique - EDMO Belux","og_description":"\"Dans cet article ils disent que le WEF veut abattre des millions de chats et de chiens de compagnie pour lutter contre le changement climatique\", affirment des internautes, relayant le lien ou une capture d'\u00e9cran d'un article en anglais publi\u00e9 par le site NewsPunch.","og_url":"https:\/\/belux.edmo.eu\/fr\/le-forum-de-davos-na-pas-appel-abattre-des-millions-danimaux-de-compagnie-pour-lutter-contre-le-changement-climatique\/","og_site_name":"EDMO Belux","article_published_time":"2022-12-19T08:00:33+00:00","article_modified_time":"2022-12-19T10:55:01+00:00","og_image":[{"width":1080,"height":540,"url":"https:\/\/belux-edmo.s3-accelerate.amazonaws.com\/wp-content\/uploads\/2022\/12\/ae25437f2050cd1a7d2170a78337bf3c7b5667b5-ipad.jpg","type":"image\/jpeg"}],"author":"master","twitter_card":"summary_large_image","twitter_creator":"@Edmo_Belux","twitter_site":"@Edmo_Belux","twitter_misc":{"\u00c9crit par":"master","Dur\u00e9e de lecture estim\u00e9e":"7 minutes"},"schema":{"@context":"https:\/\/schema.org","@graph":[{"@type":"Article","@id":"https:\/\/belux.edmo.eu\/fr\/le-forum-de-davos-na-pas-appel-abattre-des-millions-danimaux-de-compagnie-pour-lutter-contre-le-changement-climatique\/#article","isPartOf":{"@id":"https:\/\/belux.edmo.eu\/fr\/le-forum-de-davos-na-pas-appel-abattre-des-millions-danimaux-de-compagnie-pour-lutter-contre-le-changement-climatique\/"},"author":{"name":"master","@id":"https:\/\/belux.edmo.eu\/#\/schema\/person\/dbe3b252258537fd318f9b5645a30342"},"headline":"Le Forum de Davos n&rsquo;a pas appel\u00e9 \u00e0 \u00ab\u00a0abattre des millions\u00a0\u00bb d&rsquo;animaux de compagnie pour lutter contre le changement climatique","datePublished":"2022-12-19T08:00:33+00:00","dateModified":"2022-12-19T10:55:01+00:00","mainEntityOfPage":{"@id":"https:\/\/belux.edmo.eu\/fr\/le-forum-de-davos-na-pas-appel-abattre-des-millions-danimaux-de-compagnie-pour-lutter-contre-le-changement-climatique\/"},"wordCount":1502,"publisher":{"@id":"https:\/\/belux.edmo.eu\/#organization"},"image":{"@id":"https:\/\/belux.edmo.eu\/fr\/le-forum-de-davos-na-pas-appel-abattre-des-millions-danimaux-de-compagnie-pour-lutter-contre-le-changement-climatique\/#primaryimage"},"thumbnailUrl":"https:\/\/belux-edmo.s3-accelerate.amazonaws.com\/wp-content\/uploads\/2022\/12\/ae25437f2050cd1a7d2170a78337bf3c7b5667b5-ipad.jpg","articleSection":["Environnement","Fact-Check","Politique","Societe"],"inLanguage":"fr-FR"},{"@type":"WebPage","@id":"https:\/\/belux.edmo.eu\/fr\/le-forum-de-davos-na-pas-appel-abattre-des-millions-danimaux-de-compagnie-pour-lutter-contre-le-changement-climatique\/","url":"https:\/\/belux.edmo.eu\/fr\/le-forum-de-davos-na-pas-appel-abattre-des-millions-danimaux-de-compagnie-pour-lutter-contre-le-changement-climatique\/","name":"Le Forum de Davos n'a pas appel\u00e9 \u00e0 \"abattre des millions\" d'animaux de compagnie pour lutter contre le changement climatique - EDMO Belux","isPartOf":{"@id":"https:\/\/belux.edmo.eu\/#website"},"primaryImageOfPage":{"@id":"https:\/\/belux.edmo.eu\/fr\/le-forum-de-davos-na-pas-appel-abattre-des-millions-danimaux-de-compagnie-pour-lutter-contre-le-changement-climatique\/#primaryimage"},"image":{"@id":"https:\/\/belux.edmo.eu\/fr\/le-forum-de-davos-na-pas-appel-abattre-des-millions-danimaux-de-compagnie-pour-lutter-contre-le-changement-climatique\/#primaryimage"},"thumbnailUrl":"https:\/\/belux-edmo.s3-accelerate.amazonaws.com\/wp-content\/uploads\/2022\/12\/ae25437f2050cd1a7d2170a78337bf3c7b5667b5-ipad.jpg","datePublished":"2022-12-19T08:00:33+00:00","dateModified":"2022-12-19T10:55:01+00:00","breadcrumb":{"@id":"https:\/\/belux.edmo.eu\/fr\/le-forum-de-davos-na-pas-appel-abattre-des-millions-danimaux-de-compagnie-pour-lutter-contre-le-changement-climatique\/#breadcrumb"},"inLanguage":"fr-FR","potentialAction":[{"@type":"ReadAction","target":["https:\/\/belux.edmo.eu\/fr\/le-forum-de-davos-na-pas-appel-abattre-des-millions-danimaux-de-compagnie-pour-lutter-contre-le-changement-climatique\/"]}]},{"@type":"ImageObject","inLanguage":"fr-FR","@id":"https:\/\/belux.edmo.eu\/fr\/le-forum-de-davos-na-pas-appel-abattre-des-millions-danimaux-de-compagnie-pour-lutter-contre-le-changement-climatique\/#primaryimage","url":"https:\/\/belux-edmo.s3-accelerate.amazonaws.com\/wp-content\/uploads\/2022\/12\/ae25437f2050cd1a7d2170a78337bf3c7b5667b5-ipad.jpg","contentUrl":"https:\/\/belux-edmo.s3-accelerate.amazonaws.com\/wp-content\/uploads\/2022\/12\/ae25437f2050cd1a7d2170a78337bf3c7b5667b5-ipad.jpg","width":1080,"height":540,"caption":"Le Forum de Davos n'a pas appel\u00e9 \u00e0 \"abattre des millions\" d'animaux de compagnie pour lutter contre le changement climatique - Featured image"},{"@type":"BreadcrumbList","@id":"https:\/\/belux.edmo.eu\/fr\/le-forum-de-davos-na-pas-appel-abattre-des-millions-danimaux-de-compagnie-pour-lutter-contre-le-changement-climatique\/#breadcrumb","itemListElement":[{"@type":"ListItem","position":1,"name":"Home","item":"https:\/\/belux.edmo.eu\/fr\/"},{"@type":"ListItem","position":2,"name":"Le Forum de Davos n&#8217;a pas appel\u00e9 \u00e0 &#8220;abattre des millions&#8221; d&#8217;animaux de compagnie pour lutter contre le changement climatique"}]},{"@type":"WebSite","@id":"https:\/\/belux.edmo.eu\/#website","url":"https:\/\/belux.edmo.eu\/","name":"EDMO Belux","description":"Monitoring Disinformation in Belgium and Luxembourg","publisher":{"@id":"https:\/\/belux.edmo.eu\/#organization"},"potentialAction":[{"@type":"SearchAction","target":{"@type":"EntryPoint","urlTemplate":"https:\/\/belux.edmo.eu\/?s={search_term_string}"},"query-input":{"@type":"PropertyValueSpecification","valueRequired":true,"valueName":"search_term_string"}}],"inLanguage":"fr-FR"},{"@type":"Organization","@id":"https:\/\/belux.edmo.eu\/#organization","name":"EDMO Belux","url":"https:\/\/belux.edmo.eu\/","logo":{"@type":"ImageObject","inLanguage":"fr-FR","@id":"https:\/\/belux.edmo.eu\/#\/schema\/logo\/image\/","url":"https:\/\/belux.edmo.eu\/wp-content\/uploads\/2021\/12\/belux-logo-full-color-rgb.svg","contentUrl":"https:\/\/belux.edmo.eu\/wp-content\/uploads\/2021\/12\/belux-logo-full-color-rgb.svg","width":1,"height":1,"caption":"EDMO Belux"},"image":{"@id":"https:\/\/belux.edmo.eu\/#\/schema\/logo\/image\/"},"sameAs":["https:\/\/x.com\/Edmo_Belux"]},{"@type":"Person","@id":"https:\/\/belux.edmo.eu\/#\/schema\/person\/dbe3b252258537fd318f9b5645a30342","name":"master","sameAs":["https:\/\/belux.wpengine.com"],"url":"https:\/\/belux.edmo.eu\/fr\/author\/master\/"}]}},"menu_order":0,"_links":{"self":[{"href":"https:\/\/belux.edmo.eu\/fr\/wp-json\/wp\/v2\/posts\/217240","targetHints":{"allow":["GET"]}}],"collection":[{"href":"https:\/\/belux.edmo.eu\/fr\/wp-json\/wp\/v2\/posts"}],"about":[{"href":"https:\/\/belux.edmo.eu\/fr\/wp-json\/wp\/v2\/types\/post"}],"author":[{"embeddable":true,"href":"https:\/\/belux.edmo.eu\/fr\/wp-json\/wp\/v2\/users\/1"}],"replies":[{"embeddable":true,"href":"https:\/\/belux.edmo.eu\/fr\/wp-json\/wp\/v2\/comments?post=217240"}],"version-history":[{"count":0,"href":"https:\/\/belux.edmo.eu\/fr\/wp-json\/wp\/v2\/posts\/217240\/revisions"}],"wp:featuredmedia":[{"embeddable":true,"href":"https:\/\/belux.edmo.eu\/fr\/wp-json\/wp\/v2\/media\/217230"}],"wp:attachment":[{"href":"https:\/\/belux.edmo.eu\/fr\/wp-json\/wp\/v2\/media?parent=217240"}],"wp:term":[{"taxonomy":"category","embeddable":true,"href":"https:\/\/belux.edmo.eu\/fr\/wp-json\/wp\/v2\/categories?post=217240"},{"taxonomy":"post_tag","embeddable":true,"href":"https:\/\/belux.edmo.eu\/fr\/wp-json\/wp\/v2\/tags?post=217240"}],"curies":[{"name":"wp","href":"https:\/\/api.w.org\/{rel}","templated":true}]}}