{"id":220595,"date":"2022-12-22T11:24:02","date_gmt":"2022-12-22T11:24:02","guid":{"rendered":"https:\/\/belux.edmo.eu\/who-is-susceptible-to-political-disinformation-evidence-from-flanders-belgium\/"},"modified":"2022-12-22T15:59:37","modified_gmt":"2022-12-22T15:59:37","slug":"qui-est-vulnerable-a-la-desinformation-politique-resultats-obtenus-en-flandre-belgique-resume-de-d3-2-1","status":"publish","type":"post","link":"https:\/\/belux.edmo.eu\/fr\/qui-est-vulnerable-a-la-desinformation-politique-resultats-obtenus-en-flandre-belgique-resume-de-d3-2-1\/","title":{"rendered":"Qui est vuln\u00e9rable \u00e0 la d\u00e9sinformation (politique)\u00a0? R\u00e9sultats obtenus en Flandre, Belgique &#8211; R\u00e9sum\u00e9 de D3.2.1"},"content":{"rendered":"<div class=\"wpb-content-wrapper\"><p>[vc_row][vc_column][vc_column_text]<strong>EDMO\u00a0BELUX est le hub belge et luxembourgeois consacr\u00e9 \u00e0 la recherche sur les m\u00e9dias num\u00e9riques et la d\u00e9sinformation (EDMO\u00a0BELUX)<\/strong>. Il r\u00e9unit un r\u00e9seau \u00e9tendu et exp\u00e9riment\u00e9 de fact-checkers, de m\u00e9dias, d\u2019analystes de la d\u00e9sinformation, d\u2019organisations d\u2019\u00e9ducation aux m\u00e9dias et d\u2019universitaires charg\u00e9s de d\u00e9tecter, d\u2019analyser et de mettre au jour les campagnes de d\u00e9sinformation nocives \u00e9mergentes. Au moyen d\u2019alertes rapides via son r\u00e9seau, EDMO BELUX transmet ses fact-checks et ses rapports d\u2019enqu\u00eate aux premiers intervenants en mati\u00e8re de d\u00e9sinformation (m\u00e9dias, soci\u00e9t\u00e9 civile, gouvernement) afin de minimiser l\u2019impact des campagnes de d\u00e9sinformation. En outre, EDMO BELUX organise des campagnes d\u2019\u00e9ducation aux m\u00e9dias destin\u00e9es \u00e0 sensibiliser les citoyens et les m\u00e9dias et \u00e0 renforcer leur r\u00e9silience en vue de lutter contre la d\u00e9sinformation. Enfin, le hub inscrit le contr\u00f4le, l\u2019analyse et la sensibilisation \u00e0 la d\u00e9sinformation dans un cadre de recherche multidisciplinaire visant \u00e0 surveiller l\u2019impact de la d\u00e9sinformation et des r\u00e9actions des plateformes sur les processus d\u00e9mocratiques.<\/p>\n<p><strong>Au sein d\u2019EDMO\u00a0BELUX, le pilier de recherche cherche \u00e0 \u00e9valuer l\u2019impact de la d\u00e9sinformation<\/strong> et des r\u00e9actions \u00e0 la d\u00e9sinformation.<\/p>\n<p>Quels citoyens sont les plus vuln\u00e9rables \u00e0 la d\u00e9sinformation en ligne ? Dans ce rapport, nous examinons les profils de vuln\u00e9rabilit\u00e9 \u00e0 la d\u00e9sinformation parmi les citoyens de Flandre, la plus grande r\u00e9gion de Belgique. Nous nous penchons tout d\u2019abord sur la mesure dans laquelle les caract\u00e9ristiques sociod\u00e9mographiques et les attitudes sociopolitiques des citoyens nous aident \u00e0 d\u00e9couvrir lesquels, parmi eux, sont plus (ou moins) enclins \u00e0 croire de fausses informations. Ensuite, nous nous concentrons sur l\u2019effet de l\u2019exposition \u00e0 la d\u00e9sinformation en ligne : dans quelle mesure porte-t-elle les citoyens \u00e0 accorder de plus en plus de cr\u00e9dit \u00e0 ces fausses informations ? D\u2019apr\u00e8s nos constatations, ce sont surtout les citoyens qui s\u2019informent sur des canaux en ligne, comme des agr\u00e9gateurs de nouvelles, qui tendent \u00e0 \u00eatre plus expos\u00e9s \u00e0 la d\u00e9sinformation et \u00e0 croire plus facilement les fausses informations. Dans le m\u00eame ordre d\u2019id\u00e9es, les citoyens plus jeunes ont tendance \u00e0 attribuer davantage de cr\u00e9dit \u00e0 la d\u00e9sinformation, tout comme les citoyens qui se revendiquent de droite dans le spectre politique. Nous disposons \u00e9galement de preuves s\u00e9rieuses indiquant que les citoyens qui croient aux th\u00e9ories complotistes en g\u00e9n\u00e9ral affichent une forte propension \u00e0 se laisser influencer par des campagnes de d\u00e9sinformation sp\u00e9cifiques. Par ailleurs, et c\u2019est une constatation assez pr\u00e9occupante, il ressort des preuves exp\u00e9rimentales dont nous disposons que l\u2019exposition aux messages de d\u00e9sinformation v\u00e9hicul\u00e9s sur les m\u00e9dias sociaux augmente la cr\u00e9dulit\u00e9 des citoyens face \u00e0 la d\u00e9sinformation. Enfin, nous d\u00e9montrons que les messages d\u2019alerte diffus\u00e9s par les plateformes de m\u00e9dias sociaux ne compensent que partiellement l\u2019impact des campagnes de d\u00e9sinformation.[\/vc_column_text][vc_column_text]T\u00e9l\u00e9chargez la version PDF <a href=\"https:\/\/belux.edmo.eu\/wp-content\/uploads\/2022\/12\/Exec-summary-3.2.1_FR.pdf\" target=\"_blank\" rel=\"noopener\">ici<\/a>.[\/vc_column_text][\/vc_column][\/vc_row]<\/p>\n<\/div>","protected":false},"excerpt":{"rendered":"<p>[vc_row][vc_column][vc_column_text]EDMO\u00a0BELUX est le hub belge et luxembourgeois consacr\u00e9 \u00e0 la recherche sur les m\u00e9dias num\u00e9riques et la d\u00e9sinformation (EDMO\u00a0BELUX). Il&#8230;<\/p>\n","protected":false},"author":1,"featured_media":220545,"comment_status":"closed","ping_status":"open","sticky":false,"template":"","format":"standard","meta":{"_acf_changed":false,"footnotes":""},"categories":[232],"tags":[],"class_list":{"0":"post-220595","1":"post","2":"type-post","3":"status-publish","4":"format-standard","5":"has-post-thumbnail","7":"category-recherche-etudes"},"acf":{"type":"\u00c9v\u00e9nement ferm\u00e9","location":"","start_date":"","start_date_event_begins_at":"","start_date_event_ends_at":"","end_date":"","end_date_event_begins_at":"","end_date_event_ends_at":"","organizer":"","show_metatags":false,"id":"","authors":"","organization":"","featured_image_copyright":"","text_copyright":"","source":"","fact_checker":"https:\/\/belux.wpengine.com\/wp-content\/uploads\/2021\/12\/afp_logo.png","fact_checker_logo_image":false},"yoast_head":"<!-- This site is optimized with the Yoast SEO plugin v27.0 - https:\/\/yoast.com\/product\/yoast-seo-wordpress\/ -->\n<title>Qui est vuln\u00e9rable \u00e0 la d\u00e9sinformation (politique)\u00a0? R\u00e9sultats obtenus en Flandre, Belgique - R\u00e9sum\u00e9 de D3.2.1 - EDMO Belux<\/title>\n<meta name=\"robots\" content=\"index, follow, max-snippet:-1, max-image-preview:large, max-video-preview:-1\" \/>\n<link rel=\"canonical\" href=\"https:\/\/belux.edmo.eu\/fr\/qui-est-vulnerable-a-la-desinformation-politique-resultats-obtenus-en-flandre-belgique-resume-de-d3-2-1\/\" \/>\n<meta property=\"og:locale\" content=\"fr_FR\" \/>\n<meta property=\"og:type\" content=\"article\" \/>\n<meta property=\"og:title\" content=\"Qui est vuln\u00e9rable \u00e0 la d\u00e9sinformation (politique)\u00a0? R\u00e9sultats obtenus en Flandre, Belgique - R\u00e9sum\u00e9 de D3.2.1 - EDMO Belux\" \/>\n<meta property=\"og:description\" content=\"[vc_row][vc_column][vc_column_text]EDMO\u00a0BELUX est le hub belge et luxembourgeois consacr\u00e9 \u00e0 la recherche sur les m\u00e9dias num\u00e9riques et la d\u00e9sinformation (EDMO\u00a0BELUX). Il...\" \/>\n<meta property=\"og:url\" content=\"https:\/\/belux.edmo.eu\/fr\/qui-est-vulnerable-a-la-desinformation-politique-resultats-obtenus-en-flandre-belgique-resume-de-d3-2-1\/\" \/>\n<meta property=\"og:site_name\" content=\"EDMO Belux\" \/>\n<meta property=\"article:published_time\" content=\"2022-12-22T11:24:02+00:00\" \/>\n<meta property=\"article:modified_time\" content=\"2022-12-22T15:59:37+00:00\" \/>\n<meta property=\"og:image\" content=\"https:\/\/belux.edmo.eu\/wp-content\/uploads\/2022\/12\/books-g0819964bf_1920.jpg\" \/>\n\t<meta property=\"og:image:width\" content=\"1920\" \/>\n\t<meta property=\"og:image:height\" content=\"1280\" \/>\n\t<meta property=\"og:image:type\" content=\"image\/jpeg\" \/>\n<meta name=\"author\" content=\"master\" \/>\n<meta name=\"twitter:card\" content=\"summary_large_image\" \/>\n<meta name=\"twitter:creator\" content=\"@Edmo_Belux\" \/>\n<meta name=\"twitter:site\" content=\"@Edmo_Belux\" \/>\n<meta name=\"twitter:label1\" content=\"\u00c9crit par\" \/>\n\t<meta name=\"twitter:data1\" content=\"master\" \/>\n\t<meta name=\"twitter:label2\" content=\"Dur\u00e9e de lecture estim\u00e9e\" \/>\n\t<meta name=\"twitter:data2\" content=\"3 minutes\" \/>\n<script type=\"application\/ld+json\" class=\"yoast-schema-graph\">{\"@context\":\"https:\/\/schema.org\",\"@graph\":[{\"@type\":\"Article\",\"@id\":\"https:\/\/belux.edmo.eu\/fr\/qui-est-vulnerable-a-la-desinformation-politique-resultats-obtenus-en-flandre-belgique-resume-de-d3-2-1\/#article\",\"isPartOf\":{\"@id\":\"https:\/\/belux.edmo.eu\/fr\/qui-est-vulnerable-a-la-desinformation-politique-resultats-obtenus-en-flandre-belgique-resume-de-d3-2-1\/\"},\"author\":{\"name\":\"master\",\"@id\":\"https:\/\/belux.edmo.eu\/#\/schema\/person\/dbe3b252258537fd318f9b5645a30342\"},\"headline\":\"Qui est vuln\u00e9rable \u00e0 la d\u00e9sinformation (politique)\u00a0? R\u00e9sultats obtenus en Flandre, Belgique &#8211; R\u00e9sum\u00e9 de D3.2.1\",\"datePublished\":\"2022-12-22T11:24:02+00:00\",\"dateModified\":\"2022-12-22T15:59:37+00:00\",\"mainEntityOfPage\":{\"@id\":\"https:\/\/belux.edmo.eu\/fr\/qui-est-vulnerable-a-la-desinformation-politique-resultats-obtenus-en-flandre-belgique-resume-de-d3-2-1\/\"},\"wordCount\":554,\"publisher\":{\"@id\":\"https:\/\/belux.edmo.eu\/#organization\"},\"image\":{\"@id\":\"https:\/\/belux.edmo.eu\/fr\/qui-est-vulnerable-a-la-desinformation-politique-resultats-obtenus-en-flandre-belgique-resume-de-d3-2-1\/#primaryimage\"},\"thumbnailUrl\":\"https:\/\/belux.edmo.eu\/wp-content\/uploads\/2022\/12\/books-g0819964bf_1920.jpg\",\"articleSection\":[\"Recherche &amp; Etudes\"],\"inLanguage\":\"fr-FR\"},{\"@type\":\"WebPage\",\"@id\":\"https:\/\/belux.edmo.eu\/fr\/qui-est-vulnerable-a-la-desinformation-politique-resultats-obtenus-en-flandre-belgique-resume-de-d3-2-1\/\",\"url\":\"https:\/\/belux.edmo.eu\/fr\/qui-est-vulnerable-a-la-desinformation-politique-resultats-obtenus-en-flandre-belgique-resume-de-d3-2-1\/\",\"name\":\"Qui est vuln\u00e9rable \u00e0 la d\u00e9sinformation (politique)\u00a0? R\u00e9sultats obtenus en Flandre, Belgique - R\u00e9sum\u00e9 de D3.2.1 - EDMO Belux\",\"isPartOf\":{\"@id\":\"https:\/\/belux.edmo.eu\/#website\"},\"primaryImageOfPage\":{\"@id\":\"https:\/\/belux.edmo.eu\/fr\/qui-est-vulnerable-a-la-desinformation-politique-resultats-obtenus-en-flandre-belgique-resume-de-d3-2-1\/#primaryimage\"},\"image\":{\"@id\":\"https:\/\/belux.edmo.eu\/fr\/qui-est-vulnerable-a-la-desinformation-politique-resultats-obtenus-en-flandre-belgique-resume-de-d3-2-1\/#primaryimage\"},\"thumbnailUrl\":\"https:\/\/belux.edmo.eu\/wp-content\/uploads\/2022\/12\/books-g0819964bf_1920.jpg\",\"datePublished\":\"2022-12-22T11:24:02+00:00\",\"dateModified\":\"2022-12-22T15:59:37+00:00\",\"breadcrumb\":{\"@id\":\"https:\/\/belux.edmo.eu\/fr\/qui-est-vulnerable-a-la-desinformation-politique-resultats-obtenus-en-flandre-belgique-resume-de-d3-2-1\/#breadcrumb\"},\"inLanguage\":\"fr-FR\",\"potentialAction\":[{\"@type\":\"ReadAction\",\"target\":[\"https:\/\/belux.edmo.eu\/fr\/qui-est-vulnerable-a-la-desinformation-politique-resultats-obtenus-en-flandre-belgique-resume-de-d3-2-1\/\"]}]},{\"@type\":\"ImageObject\",\"inLanguage\":\"fr-FR\",\"@id\":\"https:\/\/belux.edmo.eu\/fr\/qui-est-vulnerable-a-la-desinformation-politique-resultats-obtenus-en-flandre-belgique-resume-de-d3-2-1\/#primaryimage\",\"url\":\"https:\/\/belux.edmo.eu\/wp-content\/uploads\/2022\/12\/books-g0819964bf_1920.jpg\",\"contentUrl\":\"https:\/\/belux.edmo.eu\/wp-content\/uploads\/2022\/12\/books-g0819964bf_1920.jpg\",\"width\":1920,\"height\":1280},{\"@type\":\"BreadcrumbList\",\"@id\":\"https:\/\/belux.edmo.eu\/fr\/qui-est-vulnerable-a-la-desinformation-politique-resultats-obtenus-en-flandre-belgique-resume-de-d3-2-1\/#breadcrumb\",\"itemListElement\":[{\"@type\":\"ListItem\",\"position\":1,\"name\":\"Home\",\"item\":\"https:\/\/belux.edmo.eu\/fr\/\"},{\"@type\":\"ListItem\",\"position\":2,\"name\":\"Qui est vuln\u00e9rable \u00e0 la d\u00e9sinformation (politique)\u00a0? R\u00e9sultats obtenus en Flandre, Belgique &#8211; R\u00e9sum\u00e9 de D3.2.1\"}]},{\"@type\":\"WebSite\",\"@id\":\"https:\/\/belux.edmo.eu\/#website\",\"url\":\"https:\/\/belux.edmo.eu\/\",\"name\":\"EDMO Belux\",\"description\":\"Monitoring Disinformation in Belgium and Luxembourg\",\"publisher\":{\"@id\":\"https:\/\/belux.edmo.eu\/#organization\"},\"potentialAction\":[{\"@type\":\"SearchAction\",\"target\":{\"@type\":\"EntryPoint\",\"urlTemplate\":\"https:\/\/belux.edmo.eu\/?s={search_term_string}\"},\"query-input\":{\"@type\":\"PropertyValueSpecification\",\"valueRequired\":true,\"valueName\":\"search_term_string\"}}],\"inLanguage\":\"fr-FR\"},{\"@type\":\"Organization\",\"@id\":\"https:\/\/belux.edmo.eu\/#organization\",\"name\":\"EDMO Belux\",\"url\":\"https:\/\/belux.edmo.eu\/\",\"logo\":{\"@type\":\"ImageObject\",\"inLanguage\":\"fr-FR\",\"@id\":\"https:\/\/belux.edmo.eu\/#\/schema\/logo\/image\/\",\"url\":\"https:\/\/belux.edmo.eu\/wp-content\/uploads\/2021\/12\/belux-logo-full-color-rgb.svg\",\"contentUrl\":\"https:\/\/belux.edmo.eu\/wp-content\/uploads\/2021\/12\/belux-logo-full-color-rgb.svg\",\"width\":1,\"height\":1,\"caption\":\"EDMO Belux\"},\"image\":{\"@id\":\"https:\/\/belux.edmo.eu\/#\/schema\/logo\/image\/\"},\"sameAs\":[\"https:\/\/x.com\/Edmo_Belux\"]},{\"@type\":\"Person\",\"@id\":\"https:\/\/belux.edmo.eu\/#\/schema\/person\/dbe3b252258537fd318f9b5645a30342\",\"name\":\"master\",\"sameAs\":[\"https:\/\/belux.wpengine.com\"],\"url\":\"https:\/\/belux.edmo.eu\/fr\/author\/master\/\"}]}<\/script>\n<!-- \/ Yoast SEO plugin. -->","yoast_head_json":{"title":"Qui est vuln\u00e9rable \u00e0 la d\u00e9sinformation (politique)\u00a0? R\u00e9sultats obtenus en Flandre, Belgique - R\u00e9sum\u00e9 de D3.2.1 - EDMO Belux","robots":{"index":"index","follow":"follow","max-snippet":"max-snippet:-1","max-image-preview":"max-image-preview:large","max-video-preview":"max-video-preview:-1"},"canonical":"https:\/\/belux.edmo.eu\/fr\/qui-est-vulnerable-a-la-desinformation-politique-resultats-obtenus-en-flandre-belgique-resume-de-d3-2-1\/","og_locale":"fr_FR","og_type":"article","og_title":"Qui est vuln\u00e9rable \u00e0 la d\u00e9sinformation (politique)\u00a0? R\u00e9sultats obtenus en Flandre, Belgique - R\u00e9sum\u00e9 de D3.2.1 - EDMO Belux","og_description":"[vc_row][vc_column][vc_column_text]EDMO\u00a0BELUX est le hub belge et luxembourgeois consacr\u00e9 \u00e0 la recherche sur les m\u00e9dias num\u00e9riques et la d\u00e9sinformation (EDMO\u00a0BELUX). Il...","og_url":"https:\/\/belux.edmo.eu\/fr\/qui-est-vulnerable-a-la-desinformation-politique-resultats-obtenus-en-flandre-belgique-resume-de-d3-2-1\/","og_site_name":"EDMO Belux","article_published_time":"2022-12-22T11:24:02+00:00","article_modified_time":"2022-12-22T15:59:37+00:00","og_image":[{"width":1920,"height":1280,"url":"https:\/\/belux.edmo.eu\/wp-content\/uploads\/2022\/12\/books-g0819964bf_1920.jpg","type":"image\/jpeg"}],"author":"master","twitter_card":"summary_large_image","twitter_creator":"@Edmo_Belux","twitter_site":"@Edmo_Belux","twitter_misc":{"\u00c9crit par":"master","Dur\u00e9e de lecture estim\u00e9e":"3 minutes"},"schema":{"@context":"https:\/\/schema.org","@graph":[{"@type":"Article","@id":"https:\/\/belux.edmo.eu\/fr\/qui-est-vulnerable-a-la-desinformation-politique-resultats-obtenus-en-flandre-belgique-resume-de-d3-2-1\/#article","isPartOf":{"@id":"https:\/\/belux.edmo.eu\/fr\/qui-est-vulnerable-a-la-desinformation-politique-resultats-obtenus-en-flandre-belgique-resume-de-d3-2-1\/"},"author":{"name":"master","@id":"https:\/\/belux.edmo.eu\/#\/schema\/person\/dbe3b252258537fd318f9b5645a30342"},"headline":"Qui est vuln\u00e9rable \u00e0 la d\u00e9sinformation (politique)\u00a0? R\u00e9sultats obtenus en Flandre, Belgique &#8211; R\u00e9sum\u00e9 de D3.2.1","datePublished":"2022-12-22T11:24:02+00:00","dateModified":"2022-12-22T15:59:37+00:00","mainEntityOfPage":{"@id":"https:\/\/belux.edmo.eu\/fr\/qui-est-vulnerable-a-la-desinformation-politique-resultats-obtenus-en-flandre-belgique-resume-de-d3-2-1\/"},"wordCount":554,"publisher":{"@id":"https:\/\/belux.edmo.eu\/#organization"},"image":{"@id":"https:\/\/belux.edmo.eu\/fr\/qui-est-vulnerable-a-la-desinformation-politique-resultats-obtenus-en-flandre-belgique-resume-de-d3-2-1\/#primaryimage"},"thumbnailUrl":"https:\/\/belux.edmo.eu\/wp-content\/uploads\/2022\/12\/books-g0819964bf_1920.jpg","articleSection":["Recherche &amp; Etudes"],"inLanguage":"fr-FR"},{"@type":"WebPage","@id":"https:\/\/belux.edmo.eu\/fr\/qui-est-vulnerable-a-la-desinformation-politique-resultats-obtenus-en-flandre-belgique-resume-de-d3-2-1\/","url":"https:\/\/belux.edmo.eu\/fr\/qui-est-vulnerable-a-la-desinformation-politique-resultats-obtenus-en-flandre-belgique-resume-de-d3-2-1\/","name":"Qui est vuln\u00e9rable \u00e0 la d\u00e9sinformation (politique)\u00a0? R\u00e9sultats obtenus en Flandre, Belgique - R\u00e9sum\u00e9 de D3.2.1 - EDMO Belux","isPartOf":{"@id":"https:\/\/belux.edmo.eu\/#website"},"primaryImageOfPage":{"@id":"https:\/\/belux.edmo.eu\/fr\/qui-est-vulnerable-a-la-desinformation-politique-resultats-obtenus-en-flandre-belgique-resume-de-d3-2-1\/#primaryimage"},"image":{"@id":"https:\/\/belux.edmo.eu\/fr\/qui-est-vulnerable-a-la-desinformation-politique-resultats-obtenus-en-flandre-belgique-resume-de-d3-2-1\/#primaryimage"},"thumbnailUrl":"https:\/\/belux.edmo.eu\/wp-content\/uploads\/2022\/12\/books-g0819964bf_1920.jpg","datePublished":"2022-12-22T11:24:02+00:00","dateModified":"2022-12-22T15:59:37+00:00","breadcrumb":{"@id":"https:\/\/belux.edmo.eu\/fr\/qui-est-vulnerable-a-la-desinformation-politique-resultats-obtenus-en-flandre-belgique-resume-de-d3-2-1\/#breadcrumb"},"inLanguage":"fr-FR","potentialAction":[{"@type":"ReadAction","target":["https:\/\/belux.edmo.eu\/fr\/qui-est-vulnerable-a-la-desinformation-politique-resultats-obtenus-en-flandre-belgique-resume-de-d3-2-1\/"]}]},{"@type":"ImageObject","inLanguage":"fr-FR","@id":"https:\/\/belux.edmo.eu\/fr\/qui-est-vulnerable-a-la-desinformation-politique-resultats-obtenus-en-flandre-belgique-resume-de-d3-2-1\/#primaryimage","url":"https:\/\/belux.edmo.eu\/wp-content\/uploads\/2022\/12\/books-g0819964bf_1920.jpg","contentUrl":"https:\/\/belux.edmo.eu\/wp-content\/uploads\/2022\/12\/books-g0819964bf_1920.jpg","width":1920,"height":1280},{"@type":"BreadcrumbList","@id":"https:\/\/belux.edmo.eu\/fr\/qui-est-vulnerable-a-la-desinformation-politique-resultats-obtenus-en-flandre-belgique-resume-de-d3-2-1\/#breadcrumb","itemListElement":[{"@type":"ListItem","position":1,"name":"Home","item":"https:\/\/belux.edmo.eu\/fr\/"},{"@type":"ListItem","position":2,"name":"Qui est vuln\u00e9rable \u00e0 la d\u00e9sinformation (politique)\u00a0? R\u00e9sultats obtenus en Flandre, Belgique &#8211; R\u00e9sum\u00e9 de D3.2.1"}]},{"@type":"WebSite","@id":"https:\/\/belux.edmo.eu\/#website","url":"https:\/\/belux.edmo.eu\/","name":"EDMO Belux","description":"Monitoring Disinformation in Belgium and Luxembourg","publisher":{"@id":"https:\/\/belux.edmo.eu\/#organization"},"potentialAction":[{"@type":"SearchAction","target":{"@type":"EntryPoint","urlTemplate":"https:\/\/belux.edmo.eu\/?s={search_term_string}"},"query-input":{"@type":"PropertyValueSpecification","valueRequired":true,"valueName":"search_term_string"}}],"inLanguage":"fr-FR"},{"@type":"Organization","@id":"https:\/\/belux.edmo.eu\/#organization","name":"EDMO Belux","url":"https:\/\/belux.edmo.eu\/","logo":{"@type":"ImageObject","inLanguage":"fr-FR","@id":"https:\/\/belux.edmo.eu\/#\/schema\/logo\/image\/","url":"https:\/\/belux.edmo.eu\/wp-content\/uploads\/2021\/12\/belux-logo-full-color-rgb.svg","contentUrl":"https:\/\/belux.edmo.eu\/wp-content\/uploads\/2021\/12\/belux-logo-full-color-rgb.svg","width":1,"height":1,"caption":"EDMO Belux"},"image":{"@id":"https:\/\/belux.edmo.eu\/#\/schema\/logo\/image\/"},"sameAs":["https:\/\/x.com\/Edmo_Belux"]},{"@type":"Person","@id":"https:\/\/belux.edmo.eu\/#\/schema\/person\/dbe3b252258537fd318f9b5645a30342","name":"master","sameAs":["https:\/\/belux.wpengine.com"],"url":"https:\/\/belux.edmo.eu\/fr\/author\/master\/"}]}},"menu_order":0,"_links":{"self":[{"href":"https:\/\/belux.edmo.eu\/fr\/wp-json\/wp\/v2\/posts\/220595","targetHints":{"allow":["GET"]}}],"collection":[{"href":"https:\/\/belux.edmo.eu\/fr\/wp-json\/wp\/v2\/posts"}],"about":[{"href":"https:\/\/belux.edmo.eu\/fr\/wp-json\/wp\/v2\/types\/post"}],"author":[{"embeddable":true,"href":"https:\/\/belux.edmo.eu\/fr\/wp-json\/wp\/v2\/users\/1"}],"replies":[{"embeddable":true,"href":"https:\/\/belux.edmo.eu\/fr\/wp-json\/wp\/v2\/comments?post=220595"}],"version-history":[{"count":0,"href":"https:\/\/belux.edmo.eu\/fr\/wp-json\/wp\/v2\/posts\/220595\/revisions"}],"wp:featuredmedia":[{"embeddable":true,"href":"https:\/\/belux.edmo.eu\/fr\/wp-json\/wp\/v2\/media\/220545"}],"wp:attachment":[{"href":"https:\/\/belux.edmo.eu\/fr\/wp-json\/wp\/v2\/media?parent=220595"}],"wp:term":[{"taxonomy":"category","embeddable":true,"href":"https:\/\/belux.edmo.eu\/fr\/wp-json\/wp\/v2\/categories?post=220595"},{"taxonomy":"post_tag","embeddable":true,"href":"https:\/\/belux.edmo.eu\/fr\/wp-json\/wp\/v2\/tags?post=220595"}],"curies":[{"name":"wp","href":"https:\/\/api.w.org\/{rel}","templated":true}]}}