{"id":236373,"date":"2023-02-01T08:33:40","date_gmt":"2023-02-01T08:33:40","guid":{"rendered":"https:\/\/belux.edmo.eu\/?p=236373"},"modified":"2023-03-09T12:15:46","modified_gmt":"2023-03-09T12:15:46","slug":"le-groupe-antivax-americain-childrens-health-defense-etend-ses-tentacules-en-europe","status":"publish","type":"post","link":"https:\/\/belux.edmo.eu\/fr\/le-groupe-antivax-americain-childrens-health-defense-etend-ses-tentacules-en-europe\/","title":{"rendered":"Le groupe antivax am\u00e9ricain Children\u2019s Health Defense \u00e9tend ses tentacules en Europe"},"content":{"rendered":"<div class=\"wpb-content-wrapper\"><p>[vc_row][vc_column][vc_column_text]<\/p>\n<p class=\"p1\">Cette nouvelle enqu\u00eate d\u2019EDMO BELUX analyse les efforts d\u00e9ploy\u00e9s par le mouvement antivax de Robert Kennedy\u00a0Jr, Children\u2019s Health Defense, pour \u00e9tendre ses activit\u00e9s en Europe. Depuis ao\u00fbt\u00a02020, le groupe antivax am\u00e9ricain a consid\u00e9rablement renforc\u00e9 sa pr\u00e9sence en Europe, en cr\u00e9ant une structure juridique en Belgique et en organisant plusieurs \u00e9v\u00e9nements destin\u00e9s \u00e0 diffuser de fausses informations sur la sant\u00e9 et contre les vaccins sur l\u2019ensemble du continent. Que faut-il faire pour limiter les possibilit\u00e9s, pour les groupes antivax, de manipuler le d\u00e9bat public sur les vaccins au sein de l\u2019UE et pour les emp\u00eacher de contribuer \u00e0 l\u2019av\u00e8nement de nouvelles crises sanitaires, susceptibles de mettre la sant\u00e9 de certaines communaut\u00e9s en p\u00e9ril\u00a0? En savoir plus <a href=\"https:\/\/belux-edmo.s3-accelerate.amazonaws.com\/wp-content\/uploads\/2023\/03\/20230131-Childrens-Health-Defense-Europe-updated.pdf\" target=\"_blank\" rel=\"noopener\"><span class=\"s1\">ici<\/span><\/a> (\u00e9tude en anglais).<\/p>\n<p>[\/vc_column_text][\/vc_column][\/vc_row]<\/p>\n<\/div>","protected":false},"excerpt":{"rendered":"<p>[vc_row][vc_column][vc_column_text] Cette nouvelle enqu\u00eate d\u2019EDMO BELUX analyse les efforts d\u00e9ploy\u00e9s par le mouvement antivax de Robert Kennedy\u00a0Jr, Children\u2019s Health Defense,&#8230;<\/p>\n","protected":false},"author":14,"featured_media":236379,"comment_status":"closed","ping_status":"closed","sticky":false,"template":"","format":"standard","meta":{"_acf_changed":false,"footnotes":""},"categories":[232],"tags":[],"class_list":{"0":"post-236373","1":"post","2":"type-post","3":"status-publish","4":"format-standard","5":"has-post-thumbnail","7":"category-recherche-etudes"},"acf":{"source":"","show_metatags":false,"authors":"","organization":"","featured_image_copyright":"","text_copyright":"","fact_checker_logo_image":false,"fact_checker":"https:\/\/belux.wpengine.com\/wp-content\/uploads\/2021\/12\/afp_logo.png","id":"","type":"\u00c9v\u00e9nement ferm\u00e9","location":"","start_date":"","start_date_event_begins_at":"","start_date_event_ends_at":"","end_date":"","end_date_event_begins_at":"","end_date_event_ends_at":"","organizer":""},"yoast_head":"<!-- This site is optimized with the Yoast SEO plugin v27.0 - https:\/\/yoast.com\/product\/yoast-seo-wordpress\/ -->\n<title>Le groupe antivax am\u00e9ricain Children\u2019s Health Defense \u00e9tend ses tentacules en Europe - EDMO Belux<\/title>\n<meta name=\"robots\" content=\"index, follow, max-snippet:-1, max-image-preview:large, max-video-preview:-1\" \/>\n<link rel=\"canonical\" href=\"https:\/\/belux.edmo.eu\/fr\/le-groupe-antivax-americain-childrens-health-defense-etend-ses-tentacules-en-europe\/\" \/>\n<meta property=\"og:locale\" content=\"fr_FR\" \/>\n<meta property=\"og:type\" content=\"article\" \/>\n<meta property=\"og:title\" content=\"Le groupe antivax am\u00e9ricain Children\u2019s Health Defense \u00e9tend ses tentacules en Europe - EDMO Belux\" \/>\n<meta property=\"og:description\" content=\"[vc_row][vc_column][vc_column_text] Cette nouvelle enqu\u00eate d\u2019EDMO BELUX analyse les efforts d\u00e9ploy\u00e9s par le mouvement antivax de Robert Kennedy\u00a0Jr, Children\u2019s Health Defense,...\" \/>\n<meta property=\"og:url\" content=\"https:\/\/belux.edmo.eu\/fr\/le-groupe-antivax-americain-childrens-health-defense-etend-ses-tentacules-en-europe\/\" \/>\n<meta property=\"og:site_name\" content=\"EDMO Belux\" \/>\n<meta property=\"article:published_time\" content=\"2023-02-01T08:33:40+00:00\" \/>\n<meta property=\"article:modified_time\" content=\"2023-03-09T12:15:46+00:00\" \/>\n<meta property=\"og:image\" content=\"https:\/\/belux-edmo.s3-accelerate.amazonaws.com\/wp-content\/uploads\/2023\/02\/jmTCwpcO-EDMO-BeLux-CHD-visual_FR.jpg\" \/>\n\t<meta property=\"og:image:width\" content=\"1600\" \/>\n\t<meta property=\"og:image:height\" content=\"900\" \/>\n\t<meta property=\"og:image:type\" content=\"image\/jpeg\" \/>\n<meta name=\"author\" content=\"Panagiotis Ntatzis\" \/>\n<meta name=\"twitter:card\" content=\"summary_large_image\" \/>\n<meta name=\"twitter:creator\" content=\"@Edmo_Belux\" \/>\n<meta name=\"twitter:site\" content=\"@Edmo_Belux\" \/>\n<meta name=\"twitter:label1\" content=\"\u00c9crit par\" \/>\n\t<meta name=\"twitter:data1\" content=\"Panagiotis Ntatzis\" \/>\n\t<meta name=\"twitter:label2\" content=\"Dur\u00e9e de lecture estim\u00e9e\" \/>\n\t<meta name=\"twitter:data2\" content=\"1 minute\" \/>\n<script type=\"application\/ld+json\" class=\"yoast-schema-graph\">{\"@context\":\"https:\/\/schema.org\",\"@graph\":[{\"@type\":\"Article\",\"@id\":\"https:\/\/belux.edmo.eu\/fr\/le-groupe-antivax-americain-childrens-health-defense-etend-ses-tentacules-en-europe\/#article\",\"isPartOf\":{\"@id\":\"https:\/\/belux.edmo.eu\/fr\/le-groupe-antivax-americain-childrens-health-defense-etend-ses-tentacules-en-europe\/\"},\"author\":{\"name\":\"Panagiotis Ntatzis\",\"@id\":\"https:\/\/belux.edmo.eu\/#\/schema\/person\/68d8de82b536bab3214628ccabe4d14d\"},\"headline\":\"Le groupe antivax am\u00e9ricain Children\u2019s Health Defense \u00e9tend ses tentacules en Europe\",\"datePublished\":\"2023-02-01T08:33:40+00:00\",\"dateModified\":\"2023-03-09T12:15:46+00:00\",\"mainEntityOfPage\":{\"@id\":\"https:\/\/belux.edmo.eu\/fr\/le-groupe-antivax-americain-childrens-health-defense-etend-ses-tentacules-en-europe\/\"},\"wordCount\":168,\"publisher\":{\"@id\":\"https:\/\/belux.edmo.eu\/#organization\"},\"image\":{\"@id\":\"https:\/\/belux.edmo.eu\/fr\/le-groupe-antivax-americain-childrens-health-defense-etend-ses-tentacules-en-europe\/#primaryimage\"},\"thumbnailUrl\":\"https:\/\/belux-edmo.s3-accelerate.amazonaws.com\/wp-content\/uploads\/2023\/02\/jmTCwpcO-EDMO-BeLux-CHD-visual_FR.jpg\",\"articleSection\":[\"Recherche &amp; Etudes\"],\"inLanguage\":\"fr-FR\"},{\"@type\":\"WebPage\",\"@id\":\"https:\/\/belux.edmo.eu\/fr\/le-groupe-antivax-americain-childrens-health-defense-etend-ses-tentacules-en-europe\/\",\"url\":\"https:\/\/belux.edmo.eu\/fr\/le-groupe-antivax-americain-childrens-health-defense-etend-ses-tentacules-en-europe\/\",\"name\":\"Le groupe antivax am\u00e9ricain Children\u2019s Health Defense \u00e9tend ses tentacules en Europe - EDMO Belux\",\"isPartOf\":{\"@id\":\"https:\/\/belux.edmo.eu\/#website\"},\"primaryImageOfPage\":{\"@id\":\"https:\/\/belux.edmo.eu\/fr\/le-groupe-antivax-americain-childrens-health-defense-etend-ses-tentacules-en-europe\/#primaryimage\"},\"image\":{\"@id\":\"https:\/\/belux.edmo.eu\/fr\/le-groupe-antivax-americain-childrens-health-defense-etend-ses-tentacules-en-europe\/#primaryimage\"},\"thumbnailUrl\":\"https:\/\/belux-edmo.s3-accelerate.amazonaws.com\/wp-content\/uploads\/2023\/02\/jmTCwpcO-EDMO-BeLux-CHD-visual_FR.jpg\",\"datePublished\":\"2023-02-01T08:33:40+00:00\",\"dateModified\":\"2023-03-09T12:15:46+00:00\",\"breadcrumb\":{\"@id\":\"https:\/\/belux.edmo.eu\/fr\/le-groupe-antivax-americain-childrens-health-defense-etend-ses-tentacules-en-europe\/#breadcrumb\"},\"inLanguage\":\"fr-FR\",\"potentialAction\":[{\"@type\":\"ReadAction\",\"target\":[\"https:\/\/belux.edmo.eu\/fr\/le-groupe-antivax-americain-childrens-health-defense-etend-ses-tentacules-en-europe\/\"]}]},{\"@type\":\"ImageObject\",\"inLanguage\":\"fr-FR\",\"@id\":\"https:\/\/belux.edmo.eu\/fr\/le-groupe-antivax-americain-childrens-health-defense-etend-ses-tentacules-en-europe\/#primaryimage\",\"url\":\"https:\/\/belux-edmo.s3-accelerate.amazonaws.com\/wp-content\/uploads\/2023\/02\/jmTCwpcO-EDMO-BeLux-CHD-visual_FR.jpg\",\"contentUrl\":\"https:\/\/belux-edmo.s3-accelerate.amazonaws.com\/wp-content\/uploads\/2023\/02\/jmTCwpcO-EDMO-BeLux-CHD-visual_FR.jpg\",\"width\":1600,\"height\":900},{\"@type\":\"BreadcrumbList\",\"@id\":\"https:\/\/belux.edmo.eu\/fr\/le-groupe-antivax-americain-childrens-health-defense-etend-ses-tentacules-en-europe\/#breadcrumb\",\"itemListElement\":[{\"@type\":\"ListItem\",\"position\":1,\"name\":\"Home\",\"item\":\"https:\/\/belux.edmo.eu\/fr\/\"},{\"@type\":\"ListItem\",\"position\":2,\"name\":\"Le groupe antivax am\u00e9ricain Children\u2019s Health Defense \u00e9tend ses tentacules en Europe\"}]},{\"@type\":\"WebSite\",\"@id\":\"https:\/\/belux.edmo.eu\/#website\",\"url\":\"https:\/\/belux.edmo.eu\/\",\"name\":\"EDMO Belux\",\"description\":\"Monitoring Disinformation in Belgium and Luxembourg\",\"publisher\":{\"@id\":\"https:\/\/belux.edmo.eu\/#organization\"},\"potentialAction\":[{\"@type\":\"SearchAction\",\"target\":{\"@type\":\"EntryPoint\",\"urlTemplate\":\"https:\/\/belux.edmo.eu\/?s={search_term_string}\"},\"query-input\":{\"@type\":\"PropertyValueSpecification\",\"valueRequired\":true,\"valueName\":\"search_term_string\"}}],\"inLanguage\":\"fr-FR\"},{\"@type\":\"Organization\",\"@id\":\"https:\/\/belux.edmo.eu\/#organization\",\"name\":\"EDMO Belux\",\"url\":\"https:\/\/belux.edmo.eu\/\",\"logo\":{\"@type\":\"ImageObject\",\"inLanguage\":\"fr-FR\",\"@id\":\"https:\/\/belux.edmo.eu\/#\/schema\/logo\/image\/\",\"url\":\"https:\/\/belux.edmo.eu\/wp-content\/uploads\/2021\/12\/belux-logo-full-color-rgb.svg\",\"contentUrl\":\"https:\/\/belux.edmo.eu\/wp-content\/uploads\/2021\/12\/belux-logo-full-color-rgb.svg\",\"width\":1,\"height\":1,\"caption\":\"EDMO Belux\"},\"image\":{\"@id\":\"https:\/\/belux.edmo.eu\/#\/schema\/logo\/image\/\"},\"sameAs\":[\"https:\/\/x.com\/Edmo_Belux\"]},{\"@type\":\"Person\",\"@id\":\"https:\/\/belux.edmo.eu\/#\/schema\/person\/68d8de82b536bab3214628ccabe4d14d\",\"name\":\"Panagiotis Ntatzis\",\"url\":\"https:\/\/belux.edmo.eu\/fr\/author\/pntatzis\/\"}]}<\/script>\n<!-- \/ Yoast SEO plugin. -->","yoast_head_json":{"title":"Le groupe antivax am\u00e9ricain Children\u2019s Health Defense \u00e9tend ses tentacules en Europe - EDMO Belux","robots":{"index":"index","follow":"follow","max-snippet":"max-snippet:-1","max-image-preview":"max-image-preview:large","max-video-preview":"max-video-preview:-1"},"canonical":"https:\/\/belux.edmo.eu\/fr\/le-groupe-antivax-americain-childrens-health-defense-etend-ses-tentacules-en-europe\/","og_locale":"fr_FR","og_type":"article","og_title":"Le groupe antivax am\u00e9ricain Children\u2019s Health Defense \u00e9tend ses tentacules en Europe - EDMO Belux","og_description":"[vc_row][vc_column][vc_column_text] Cette nouvelle enqu\u00eate d\u2019EDMO BELUX analyse les efforts d\u00e9ploy\u00e9s par le mouvement antivax de Robert Kennedy\u00a0Jr, Children\u2019s Health Defense,...","og_url":"https:\/\/belux.edmo.eu\/fr\/le-groupe-antivax-americain-childrens-health-defense-etend-ses-tentacules-en-europe\/","og_site_name":"EDMO Belux","article_published_time":"2023-02-01T08:33:40+00:00","article_modified_time":"2023-03-09T12:15:46+00:00","og_image":[{"width":1600,"height":900,"url":"https:\/\/belux-edmo.s3-accelerate.amazonaws.com\/wp-content\/uploads\/2023\/02\/jmTCwpcO-EDMO-BeLux-CHD-visual_FR.jpg","type":"image\/jpeg"}],"author":"Panagiotis Ntatzis","twitter_card":"summary_large_image","twitter_creator":"@Edmo_Belux","twitter_site":"@Edmo_Belux","twitter_misc":{"\u00c9crit par":"Panagiotis Ntatzis","Dur\u00e9e de lecture estim\u00e9e":"1 minute"},"schema":{"@context":"https:\/\/schema.org","@graph":[{"@type":"Article","@id":"https:\/\/belux.edmo.eu\/fr\/le-groupe-antivax-americain-childrens-health-defense-etend-ses-tentacules-en-europe\/#article","isPartOf":{"@id":"https:\/\/belux.edmo.eu\/fr\/le-groupe-antivax-americain-childrens-health-defense-etend-ses-tentacules-en-europe\/"},"author":{"name":"Panagiotis Ntatzis","@id":"https:\/\/belux.edmo.eu\/#\/schema\/person\/68d8de82b536bab3214628ccabe4d14d"},"headline":"Le groupe antivax am\u00e9ricain Children\u2019s Health Defense \u00e9tend ses tentacules en Europe","datePublished":"2023-02-01T08:33:40+00:00","dateModified":"2023-03-09T12:15:46+00:00","mainEntityOfPage":{"@id":"https:\/\/belux.edmo.eu\/fr\/le-groupe-antivax-americain-childrens-health-defense-etend-ses-tentacules-en-europe\/"},"wordCount":168,"publisher":{"@id":"https:\/\/belux.edmo.eu\/#organization"},"image":{"@id":"https:\/\/belux.edmo.eu\/fr\/le-groupe-antivax-americain-childrens-health-defense-etend-ses-tentacules-en-europe\/#primaryimage"},"thumbnailUrl":"https:\/\/belux-edmo.s3-accelerate.amazonaws.com\/wp-content\/uploads\/2023\/02\/jmTCwpcO-EDMO-BeLux-CHD-visual_FR.jpg","articleSection":["Recherche &amp; Etudes"],"inLanguage":"fr-FR"},{"@type":"WebPage","@id":"https:\/\/belux.edmo.eu\/fr\/le-groupe-antivax-americain-childrens-health-defense-etend-ses-tentacules-en-europe\/","url":"https:\/\/belux.edmo.eu\/fr\/le-groupe-antivax-americain-childrens-health-defense-etend-ses-tentacules-en-europe\/","name":"Le groupe antivax am\u00e9ricain Children\u2019s Health Defense \u00e9tend ses tentacules en Europe - EDMO Belux","isPartOf":{"@id":"https:\/\/belux.edmo.eu\/#website"},"primaryImageOfPage":{"@id":"https:\/\/belux.edmo.eu\/fr\/le-groupe-antivax-americain-childrens-health-defense-etend-ses-tentacules-en-europe\/#primaryimage"},"image":{"@id":"https:\/\/belux.edmo.eu\/fr\/le-groupe-antivax-americain-childrens-health-defense-etend-ses-tentacules-en-europe\/#primaryimage"},"thumbnailUrl":"https:\/\/belux-edmo.s3-accelerate.amazonaws.com\/wp-content\/uploads\/2023\/02\/jmTCwpcO-EDMO-BeLux-CHD-visual_FR.jpg","datePublished":"2023-02-01T08:33:40+00:00","dateModified":"2023-03-09T12:15:46+00:00","breadcrumb":{"@id":"https:\/\/belux.edmo.eu\/fr\/le-groupe-antivax-americain-childrens-health-defense-etend-ses-tentacules-en-europe\/#breadcrumb"},"inLanguage":"fr-FR","potentialAction":[{"@type":"ReadAction","target":["https:\/\/belux.edmo.eu\/fr\/le-groupe-antivax-americain-childrens-health-defense-etend-ses-tentacules-en-europe\/"]}]},{"@type":"ImageObject","inLanguage":"fr-FR","@id":"https:\/\/belux.edmo.eu\/fr\/le-groupe-antivax-americain-childrens-health-defense-etend-ses-tentacules-en-europe\/#primaryimage","url":"https:\/\/belux-edmo.s3-accelerate.amazonaws.com\/wp-content\/uploads\/2023\/02\/jmTCwpcO-EDMO-BeLux-CHD-visual_FR.jpg","contentUrl":"https:\/\/belux-edmo.s3-accelerate.amazonaws.com\/wp-content\/uploads\/2023\/02\/jmTCwpcO-EDMO-BeLux-CHD-visual_FR.jpg","width":1600,"height":900},{"@type":"BreadcrumbList","@id":"https:\/\/belux.edmo.eu\/fr\/le-groupe-antivax-americain-childrens-health-defense-etend-ses-tentacules-en-europe\/#breadcrumb","itemListElement":[{"@type":"ListItem","position":1,"name":"Home","item":"https:\/\/belux.edmo.eu\/fr\/"},{"@type":"ListItem","position":2,"name":"Le groupe antivax am\u00e9ricain Children\u2019s Health Defense \u00e9tend ses tentacules en Europe"}]},{"@type":"WebSite","@id":"https:\/\/belux.edmo.eu\/#website","url":"https:\/\/belux.edmo.eu\/","name":"EDMO Belux","description":"Monitoring Disinformation in Belgium and Luxembourg","publisher":{"@id":"https:\/\/belux.edmo.eu\/#organization"},"potentialAction":[{"@type":"SearchAction","target":{"@type":"EntryPoint","urlTemplate":"https:\/\/belux.edmo.eu\/?s={search_term_string}"},"query-input":{"@type":"PropertyValueSpecification","valueRequired":true,"valueName":"search_term_string"}}],"inLanguage":"fr-FR"},{"@type":"Organization","@id":"https:\/\/belux.edmo.eu\/#organization","name":"EDMO Belux","url":"https:\/\/belux.edmo.eu\/","logo":{"@type":"ImageObject","inLanguage":"fr-FR","@id":"https:\/\/belux.edmo.eu\/#\/schema\/logo\/image\/","url":"https:\/\/belux.edmo.eu\/wp-content\/uploads\/2021\/12\/belux-logo-full-color-rgb.svg","contentUrl":"https:\/\/belux.edmo.eu\/wp-content\/uploads\/2021\/12\/belux-logo-full-color-rgb.svg","width":1,"height":1,"caption":"EDMO Belux"},"image":{"@id":"https:\/\/belux.edmo.eu\/#\/schema\/logo\/image\/"},"sameAs":["https:\/\/x.com\/Edmo_Belux"]},{"@type":"Person","@id":"https:\/\/belux.edmo.eu\/#\/schema\/person\/68d8de82b536bab3214628ccabe4d14d","name":"Panagiotis Ntatzis","url":"https:\/\/belux.edmo.eu\/fr\/author\/pntatzis\/"}]}},"menu_order":0,"_links":{"self":[{"href":"https:\/\/belux.edmo.eu\/fr\/wp-json\/wp\/v2\/posts\/236373","targetHints":{"allow":["GET"]}}],"collection":[{"href":"https:\/\/belux.edmo.eu\/fr\/wp-json\/wp\/v2\/posts"}],"about":[{"href":"https:\/\/belux.edmo.eu\/fr\/wp-json\/wp\/v2\/types\/post"}],"author":[{"embeddable":true,"href":"https:\/\/belux.edmo.eu\/fr\/wp-json\/wp\/v2\/users\/14"}],"replies":[{"embeddable":true,"href":"https:\/\/belux.edmo.eu\/fr\/wp-json\/wp\/v2\/comments?post=236373"}],"version-history":[{"count":0,"href":"https:\/\/belux.edmo.eu\/fr\/wp-json\/wp\/v2\/posts\/236373\/revisions"}],"wp:featuredmedia":[{"embeddable":true,"href":"https:\/\/belux.edmo.eu\/fr\/wp-json\/wp\/v2\/media\/236379"}],"wp:attachment":[{"href":"https:\/\/belux.edmo.eu\/fr\/wp-json\/wp\/v2\/media?parent=236373"}],"wp:term":[{"taxonomy":"category","embeddable":true,"href":"https:\/\/belux.edmo.eu\/fr\/wp-json\/wp\/v2\/categories?post=236373"},{"taxonomy":"post_tag","embeddable":true,"href":"https:\/\/belux.edmo.eu\/fr\/wp-json\/wp\/v2\/tags?post=236373"}],"curies":[{"name":"wp","href":"https:\/\/api.w.org\/{rel}","templated":true}]}}