{"id":237244,"date":"2023-02-06T06:54:06","date_gmt":"2023-02-06T06:54:06","guid":{"rendered":"https:\/\/belux.edmo.eu\/?p=237244"},"modified":"2023-02-06T15:02:50","modified_gmt":"2023-02-06T15:02:50","slug":"aucune-trace-duvres-de-street-art-anti-zelensky-prtendument-apparues-dans-plusieurs-villes-du-monde","status":"publish","type":"post","link":"https:\/\/belux.edmo.eu\/fr\/aucune-trace-duvres-de-street-art-anti-zelensky-prtendument-apparues-dans-plusieurs-villes-du-monde\/","title":{"rendered":"Aucune trace d&rsquo;\u0153uvres de street-art anti-Zelensky pr\u00e9tendument apparues dans plusieurs villes du monde"},"content":{"rendered":"<p><b>Depuis fin 2022, une s\u00e9rie de photos pr\u00e9tendant montrer des oeuvres de street art caricaturant Volodymyr Zelensky ont circul\u00e9 sur les r\u00e9seaux sociaux dans plusieurs pays. Ces dessins, qui repr\u00e9sentent le pr\u00e9sident ukrainien en train d&rsquo;engloutir l&rsquo;Europe ou de l&rsquo;argent envoy\u00e9 par ses alli\u00e9s europ\u00e9ens dans le but de combattre l&rsquo;invasion militaire russe, auraient \u00e9t\u00e9 r\u00e9alis\u00e9s dans des villes allant de New York \u00e0 Varsovie en passant par Madrid et Paris. Ils y sont pourtant introuvables : aucun des journalistes et des dizaines de personnes pr\u00e9sentes sur les diff\u00e9rents lieux o\u00f9 auraient \u00e9t\u00e9 d\u00e9ploy\u00e9es ces oeuvres que nous avons pu interroger ne les ont jamais vus. La diffusion de ces publications s&rsquo;inscrit dans le cadre de la propagande anti-ukrainienne, visant \u00e0 r\u00e9duire le soutien des pays occidentaux aux aides envoy\u00e9es \u00e0 l&rsquo;Ukraine, selon deux chercheurs interrog\u00e9s par l&rsquo;AFP.<\/b><\/p>\n<p>Des immenses caricatures du pr\u00e9sident ukrainien, grim\u00e9 en parasite engloutissant l&rsquo;Europe ou en ogre avalant des billets de banque, auraient \u00e9t\u00e9 dessin\u00e9es dans les rues de Paris, de Madrid ou encore de Varsovie, ont assur\u00e9 des publications relay\u00e9es sur les r\u00e9seaux sociaux ces derni\u00e8res semaines dans plusieurs langues, pr\u00e9tendues photos desdits dessins \u00e0 l&rsquo;appui.<\/p>\n<p>\u00ab\u00a0<em>Le parasite Zelensky : tel qu&rsquo;illustr\u00e9 dans un brillant graffiti de Madrid, en Espagne, aspirant l&rsquo;argent de l&rsquo;Europe et envoyant ses citoyens dans le d\u00e9sespoir<\/em>\u00ab\u00a0, commente ainsi un internaute dans <a href=\"https:\/\/perma.cc\/VCN4-JMMP\" target=\"_blank\" rel=\"noopener\" shape=\"rect\">un tweet<\/a> en fran\u00e7ais relay\u00e9 plus de 200 fois depuis le 15 d\u00e9cembre, partageant une image montrant une caricature du pr\u00e9sident ukrainien repr\u00e9sent\u00e9 en criquet croquant un drapeau europ\u00e9en. La m\u00eame photo avec une description identique a rassembl\u00e9 plus d&rsquo;une centaine de partages dans d&rsquo;autres tweets (<a href=\"https:\/\/perma.cc\/A2H5-PUHP\" target=\"_blank\" rel=\"noopener\" shape=\"rect\">1<\/a>, <a href=\"https:\/\/perma.cc\/E85H-N5YB\" target=\"_blank\" rel=\"noopener\" shape=\"rect\">2<\/a>, <a href=\"https:\/\/perma.cc\/DLV7-7ARS\" target=\"_blank\" rel=\"noopener\" shape=\"rect\">3<\/a>, <a href=\"https:\/\/perma.cc\/DHD6-6892\" target=\"_blank\" rel=\"noopener\" shape=\"rect\">4<\/a>).<\/p>\n<p>\u00ab\u00a0<em>Ces dessins en trompe-l&rsquo;oeil int\u00e9ressants sont apparus r\u00e9cemment en Pologne, en Espagne et en France. Le peuple ne peut \u00eatre longtemps tromp\u00e9 par les discours mielleux des politiciens occidentaux. Il voit tout<\/em>\u00ab\u00a0, rench\u00e9rit <a href=\"https:\/\/perma.cc\/EMV7-2NG5\" target=\"_blank\" rel=\"noopener\" shape=\"rect\">un post Telegram<\/a> vu pr\u00e8s de 9.000 fois depuis le 25 d\u00e9cembre, ajoutant \u00e0 la caricature de Zelensky en insecte deux autres dessins repr\u00e9sentant le pr\u00e9sident ukrainien en sorte d&rsquo;ogre sortant du sol pour d\u00e9vorer des billets et des lingots d&rsquo;or. Cette m\u00eame publication a aussi \u00e9t\u00e9 partag\u00e9e sur Twitter et sur Facebook.<\/p>\n<p>Certaines de ces photos ont \u00e9galement circul\u00e9 individuellement avec des all\u00e9gations analogues, ajoutant que ces \u00ab\u00a0<em>graffitis<\/em>\u00a0\u00bb auraient \u00e9t\u00e9 <a href=\"https:\/\/perma.cc\/9RKN-FJ2H\" target=\"_blank\" rel=\"noopener\" shape=\"rect\">r\u00e9alis\u00e9s par des \u00ab\u00a0<em>artistes polonais<\/em>\u00ab\u00a0<\/a>.<\/p>\n<div class=\"grid-with-margin\">\n<div class=\"e-afp-col-layout\">\n<div id=\"wysiwyg\" class=\"www-item image\"><img class=\"lazyload blur-up\" src=\"https:\/\/belux-edmo.s3-accelerate.amazonaws.com\/wp-content\/uploads\/2023\/02\/8b528844ec4c7671bd25da534092e16ac3b9ee40-ipad.jpg\" data-original=\"\" \/><span class=\"legend\">Capture d&rsquo;\u00e9cran prise sur Telegram, le 02\/02\/2023<\/span><\/div>\n<\/div>\n<div class=\"e-afp-col-layout\">\n<div id=\"wysiwyg\" class=\"www-item image\"><img class=\"lazyload blur-up\" src=\"https:\/\/belux-edmo.s3-accelerate.amazonaws.com\/wp-content\/uploads\/2023\/02\/9012f7133fae7dae02526214483fb38d6087968f-ipad.jpg\" data-original=\"\" \/><span class=\"legend\">Capture d&rsquo;\u00e9cran prise sur Twitter, le 02\/02\/2023<\/span><\/div>\n<\/div>\n<\/div>\n<p>D&rsquo;autres caricatures semblables, pr\u00e9tendument dessin\u00e9es \u00e0 Berlin, Londres ou encore <a href=\"https:\/\/sprawdzam.afp.com\/doc.afp.com.33797R8\" target=\"_blank\" rel=\"noopener\" shape=\"rect\">New York<\/a> ont \u00e9t\u00e9 relay\u00e9es avec des all\u00e9gations similaires dans d&rsquo;autres langues, dont <a href=\"https:\/\/sprawdzam.afp.com\/doc.afp.com.337Q7NX\" target=\"_blank\" rel=\"noopener\" shape=\"rect\">le polonais<\/a>, depuis d\u00e9but novembre 2022.<\/p>\n<p>C&rsquo;est pourtant infond\u00e9 : il n&rsquo;y a aucune preuve que ces graffitis aient un jour \u00e9t\u00e9 dessin\u00e9s sur les diff\u00e9rents lieux pr\u00e9sent\u00e9s. Il s&rsquo;agit en r\u00e9alit\u00e9 de l&rsquo;un des nombreux exemples de propagande visant \u00e0 \u00e9roder le soutien de pays europ\u00e9ens et occidentaux \u00e0 l&rsquo;Ukraine dans son combat face \u00e0 l&rsquo;invasion militaire russe, ont soulign\u00e9 deux chercheurs aupr\u00e8s de l&rsquo;AFP.<\/p>\n<p>Depuis le d\u00e9but de l&rsquo;invasion russe de l&rsquo;Ukraine en f\u00e9vrier 2022, un flot de d\u00e9sinformation visant \u00e0 d\u00e9cr\u00e9dibiliser l&rsquo;un ou l&rsquo;autre des camps abonde sur les r\u00e9seaux sociaux, ce qui a donn\u00e9 lieu \u00e0 <a href=\"https:\/\/factuel.afp.com\/list\/all\/all\/39405\/all\/1814\" target=\"_blank\" rel=\"noopener\" shape=\"rect\">de nombreux articles de v\u00e9rification<\/a> de l&rsquo;AFP en fran\u00e7ais.<\/p>\n<p><b>Une critique du co\u00fbt de la guerre<\/b><\/p>\n<p>Certaines descriptions des publications font directement r\u00e9f\u00e9rence aux dons des pays occidentaux \u00e0 l&rsquo;Ukraine.<\/p>\n<p>Depuis f\u00e9vrier 2022, Volodymyr Zelensky <a href=\"https:\/\/perma.cc\/Q4DQ-J2ND\" target=\"_blank\" rel=\"noopener\" shape=\"rect\">appelle<\/a> en effet r\u00e9guli\u00e8rement ses alli\u00e9s occidentaux \u00e0 fournir plus d&rsquo;aides aux efforts de l&rsquo;Ukraine pour combattre l&rsquo;arm\u00e9e russe.<\/p>\n<p>Ces derni\u00e8res semaines, plusieurs pays occidentaux ont annonc\u00e9 envoyer des armes \u00e0 l&rsquo;Ukraine. La France a par exemple annonc\u00e9 le 31 janvier qu&rsquo;elle allait <a href=\"https:\/\/perma.cc\/99L2-LUH4\" target=\"_blank\" rel=\"noopener\" shape=\"rect\">fournir<\/a> \u00e0 l&rsquo;Ukraine 12 canons Caesar de 155 mm suppl\u00e9mentaires, en plus des 18 pi\u00e8ces d\u00e9j\u00e0 livr\u00e9es, ainsi que des moyens antia\u00e9riens.<\/p>\n<p>Le 3 f\u00e9vrier, les Etats-Unis ont aussi <a href=\"https:\/\/perma.cc\/QCY3-RFWK\" target=\"_blank\" rel=\"noopener\" shape=\"rect\">promis<\/a> l&rsquo;envoi d&rsquo;une nouvelle aide militaire d&rsquo;un montant de 2,2 milliards de dollars, ainsi que des roquettes de plus longue port\u00e9e.<\/p>\n<p>Pour v\u00e9rifier si les photographies partag\u00e9es dans les publications diffus\u00e9es sur les r\u00e9seaux sociaux repr\u00e9sentent de r\u00e9elles oeuvres de street art, nous avons commenc\u00e9 par effectuer des <a href=\"https:\/\/www.youtube.com\/watch?v=-HdgPykVWps\" target=\"_blank\" rel=\"noopener\" shape=\"rect\">recherches avanc\u00e9es<\/a> \u00e0 partir de mots-cl\u00e9s (dont \u00ab\u00a0<em>Zelensky<\/em>\u00ab\u00a0, \u00ab\u00a0<em>street art<\/em>\u00ab\u00a0, \u00ab\u00a0<em>graffitis<\/em>\u00ab\u00a0, le nom des villes pr\u00e9tendument concern\u00e9es&#8230;) sur plusieurs moteurs de recherches, dont Google, Bing et Yandex. Nous ne sommes n\u00e9anmoins pas parvenus \u00e0 retrouver avec certitude l&rsquo;origine de ces images, ou de retrouver d&rsquo;autres images des m\u00eames sc\u00e8nes.<\/p>\n<p>Des journalistes de l&rsquo;AFP et d&rsquo;autres organisations et m\u00e9dias de fact-checking se sont \u00e9galement rendus sur les lieux o\u00f9 les graffitis auraient d\u00fb \u00eatre install\u00e9s, mais n&rsquo;en ont trouv\u00e9 <strong>aucune trace<\/strong>. Aucune des personnes travaillant ou s&rsquo;\u00e9tant rendu sur les lieux concern\u00e9s avec qui nous avons pu parler n&rsquo;a par ailleurs dit avoir un jour vu de telles oeuvres.<\/p>\n<p>Selon un street-artiste polonais, il serait impossible de r\u00e9aliser des oeuvres aussi imposantes dans des lieux publics sans que personne ne le remarque.<\/p>\n<p><strong>Rein ne permet donc d&rsquo;attester que ces dessins aient un jour exist\u00e9 dans les lieux o\u00f9 ils auraient pr\u00e9tendument \u00e9t\u00e9 r\u00e9alis\u00e9s<\/strong>. <strong>Les \u00e9l\u00e9ments que nous avons r\u00e9colt\u00e9s semblent plut\u00f4t indiquer que ces publications relaient des montages photo visant \u00e0 diffuser des messages anti-Zelensky.<\/strong><\/p>\n<p><b>A Varsovie, un premier \u00ab\u00a0ogre Zelensky\u00a0\u00bb introuvable<\/b><\/p>\n<p>La premi\u00e8re publication de la s\u00e9rie rep\u00e9r\u00e9e par l&rsquo;AFP a \u00e9t\u00e9 diffus\u00e9e le 3 novembre 2022, sur plusieurs r\u00e9seaux sociaux, dont un <a href=\"https:\/\/web.archive.org\/web\/20220501000000*\/https:\/\/www.instagram.com\/p\/CkdqicuDUVS\/\" target=\"_blank\" rel=\"noopener\" shape=\"rect\">compte Instagram<\/a> qui a depuis \u00e9t\u00e9 supprim\u00e9, la <a href=\"https:\/\/perma.cc\/4ABQ-5W7X\" target=\"_blank\" rel=\"noopener\" shape=\"rect\">cha\u00eene Telegram<\/a> d&rsquo;un journaliste russe tr\u00e8s suivi, o\u00f9 la publication a collect\u00e9 plus de 360.800 vues. Le m\u00eame jour, elle a aussi circul\u00e9 en polonais sur Facebook (<a href=\"https:\/\/ghostarchive.org\/archive\/xvMvf\" target=\"_blank\" rel=\"noopener\" shape=\"rect\">1<\/a>, <a href=\"https:\/\/ghostarchive.org\/archive\/6cszX\" target=\"_blank\" rel=\"noopener\" shape=\"rect\">2<\/a>, <a href=\"https:\/\/ghostarchive.org\/archive\/6WIr0\" target=\"_blank\" rel=\"noopener\" shape=\"rect\">3<\/a>) et <a href=\"https:\/\/perma.cc\/H943-ATS3\" target=\"_blank\" rel=\"noopener\" shape=\"rect\">Telegram<\/a>.<\/p>\n<p>Selon les descriptions qui l&rsquo;accompagnent, elle aurait \u00e9t\u00e9 prise en Pologne, \u00e0 Varsovie.<\/p>\n<div id=\"wysiwyg\" class=\"www-item image\"><img class=\"lazyload blur-up\" src=\"https:\/\/belux-edmo.s3-accelerate.amazonaws.com\/wp-content\/uploads\/2023\/02\/1387b488c9cc5fe5841c5e2e0fa9db55ab971922-ipad.jpg\" data-original=\"\" \/><span class=\"legend\">Capture d&rsquo;\u00e9cran d&rsquo;une publication Faceboook diffusant une capture d&rsquo;\u00e9cran d&rsquo;un post Instagram<\/span><\/div>\n<p>Quelques jours apr\u00e8s la publication de ce post, l&rsquo;\u00e9quipe de l&rsquo;AFP en Pologne s&rsquo;est rendue sur <a href=\"https:\/\/archive.is\/7RvPa\" target=\"_blank\" rel=\"noopener\" shape=\"rect\">les lieux<\/a> repr\u00e9sent\u00e9s sur l&rsquo;image : le coin des rues Jana Pawla II et Zlota, \u00e0 Varsovie, que nous avons pu identifier gr\u00e2ce notamment au b\u00e2timent visible au fond de l&rsquo;image. Nous n&rsquo;y avons retrouv\u00e9 aucune trace de ce graffiti.<\/p>\n<p>Nous avons \u00e9galement interrog\u00e9 des commer\u00e7ants, employ\u00e9s de banque et habitants pr\u00e9sents sur ce lieu : <strong>tous ont confirm\u00e9 n&rsquo;avoir jamais vu de tel dessin \u00e0 Varsovie<\/strong>.<\/p>\n<p>Nous avons ensuite essay\u00e9 de trouver plus de photos de l&rsquo;oeuvre, vue sous d&rsquo;autres angles, sur les r\u00e9seaux sociaux, mais nous n&rsquo;avons pu retrouver aucune autre image que celle qui a \u00e9t\u00e9 diffus\u00e9e dans les publications.<\/p>\n<p>Les diff\u00e9rentes photos diffus\u00e9es semblent par ailleurs partager un point commun : elles ont \u00e9t\u00e9 post\u00e9es sur des <a href=\"https:\/\/archive.is\/PxS4s\" target=\"_blank\" rel=\"noopener\" shape=\"rect\">comptes<\/a> Instagram et Telegram nomm\u00e9s \u00ab\u00a0<em>Typical Optical<\/em>\u00ab\u00a0, dont les descriptions indiquent qu&rsquo;ils sont tenus par un \u00ab\u00a0<em>groupe d&rsquo;artistes pas encore connus en PL [Pologne, NDLR]<\/em>\u00ab\u00a0.<\/p>\n<p>Nous avons donc interrog\u00e9 ce groupe, afin d&rsquo;obtenir plus de pr\u00e9cisions sur les dessins ou d&rsquo;avoir d&rsquo;autres photos de ces derniers. \u00ab\u00a0<em>Nous n&rsquo;avons pas pris beaucoup de photos. Tout comme Banksy le fait. Nous ne sommes pas des photographes<\/em>\u00ab\u00a0, a r\u00e9pondu le groupe \u00e0 l&rsquo;AFP le 5 d\u00e9cembre 2022 via Instagram.<\/p>\n<p>Nous leur avons \u00e9galement demand\u00e9 combien de temps ils ont mis pour cr\u00e9er l&rsquo;image. \u00ab\u00a0<em>Cela a pris autant de temps que n\u00e9cessaire<\/em>\u00ab\u00a0, ont-ils r\u00e9pondu. Lorsque nous avons demand\u00e9 si le graffiti a r\u00e9ellement exist\u00e9, nous n&rsquo;avons eu aucune r\u00e9ponse.<\/p>\n<p>L&rsquo;organisation de fact-checking polonaise <a href=\"https:\/\/perma.cc\/N59S-HE3H\" target=\"_blank\" rel=\"noopener\" shape=\"rect\">Konkret 24<\/a> est \u00e9galement parvenue \u00e0 la conclusion que ce dessin n&rsquo;a jamais exist\u00e9 \u00e0 cet endroit de Varsovie.<\/p>\n<p><b>Aucun signe de graffiti \u00e0 c\u00f4t\u00e9 d&rsquo;une station du m\u00e9tro parisien<\/b><\/p>\n<p>Fin novembre 2022, des <a href=\"https:\/\/perma.cc\/KDB7-AUNP?type=image\" target=\"_blank\" rel=\"noopener\" shape=\"rect\">internautes russes<\/a> ont aussi partag\u00e9 une image pr\u00e9tendant montrer un autre graffiti \u00e0 la sortie d&rsquo;une bouche de m\u00e9tro parisien. L&rsquo;image a \u00e9galement \u00e9t\u00e9 diffus\u00e9e \u00e0 la <a href=\"https:\/\/ghostarchive.org\/archive\/E19wM\" target=\"_blank\" rel=\"noopener\" shape=\"rect\">t\u00e9l\u00e9vision publique russe<\/a>, dans un reportage au cours duquel un journaliste a affirm\u00e9 que les Fran\u00e7ais commen\u00e7aient \u00e0 s&rsquo;inqui\u00e9ter des co\u00fbts de la guerre pour leur pays, ainsi que du nombre de r\u00e9fugi\u00e9s ukrainiens arrivant en France.<\/p>\n<p>Il n&rsquo;y a n\u00e9anmoins encore une fois <strong>aucune preuve que cette oeuvre ait bien exist\u00e9 pr\u00e8s d&rsquo;une bouche de m\u00e9tro parisien<\/strong>.<\/p>\n<p>Plusieurs d\u00e9tails sur l&rsquo;image ont permis de l&rsquo;identifier comme \u00e9tant la station de m\u00e9tro de Saint-Mand\u00e9, situ\u00e9e sur la ligne 1 (dont le logo est visible au fond de l&rsquo;image partag\u00e9e dans certaines des publications).<\/p>\n<div id=\"wysiwyg\" class=\"www-item image\"><img class=\"lazyload blur-up\" src=\"https:\/\/belux-edmo.s3-accelerate.amazonaws.com\/wp-content\/uploads\/2023\/02\/7aeb4e608505167d106dc4000b79fefb0981f47b-ipad.jpg\" data-original=\"\" \/><span class=\"legend\">Capture d&rsquo;\u00e9cran prise sur Facebook, le 04\/02\/2023<\/span><\/div>\n<p>Nous avons contact\u00e9 plusieurs commer\u00e7ants des alentours de la station, ainsi que l&rsquo;h\u00f4tel qui se trouve devant la bouche de m\u00e9tro, et des habitants de Saint-Mand\u00e9 via un groupe Facebook. <strong>Aucun d&rsquo;entre eux ne nous a dit avoir vu le graffiti <\/strong>en novembre dernier.<\/p>\n<p>\u00ab\u00a0<em>Nous n&rsquo;avons rien vu pr\u00e8s de notre \u00e9tablissement<\/em>\u00ab\u00a0, a assur\u00e9 un repr\u00e9sentant de l&rsquo;<a href=\"https:\/\/www.leruisseau.fr\/\" target=\"_blank\" rel=\"noopener\" shape=\"rect\">H\u00f4tel\/Restaurant Le Ruisseau<\/a> aupr\u00e8s de l&rsquo;AFP le 5 d\u00e9cembre 2022.<\/p>\n<p>L&rsquo;\u00e9quipe de fact-checking des Observateurs de France 24, qui s&rsquo;est \u00e9galement rendue sur place quelques jours apr\u00e8s que l&rsquo;image a apparu sur les r\u00e9seaux sociaux, a \u00e9galement <a href=\"https:\/\/perma.cc\/E4LD-NK3V\" target=\"_blank\" rel=\"noopener\" shape=\"rect\">conclu<\/a> que tous les indices laissent \u00e0 penser qu&rsquo;il n&rsquo;y a en r\u00e9alit\u00e9 jamais eu de tel dessin \u00e0 cet endroit.<\/p>\n<p><b>Une autre version d&rsquo;un \u00ab\u00a0parasite Zelensky\u00a0\u00bb introuvable \u00e0 Madrid<\/b><\/p>\n<p>Dans une autre publication, relay\u00e9e depuis d\u00e9but d\u00e9cembre en plusieurs langues, et notamment par le <a href=\"https:\/\/ghostarchive.org\/archive\/A17jN\" target=\"_blank\" rel=\"noopener\" shape=\"rect\">compte Twitter<\/a> de l&rsquo;ambassade de Russie \u00e0 Madrid, figure un dessin du pr\u00e9sident ukrainien caricatur\u00e9 en parasite d\u00e9vorant l&rsquo;Europe.<\/p>\n<p>Un journaliste de l&rsquo;\u00e9quipe espagnole de l&rsquo;AFP a pu reconna\u00eetre le lieu figurant sur l&rsquo;image : il s&rsquo;agit de la <a href=\"https:\/\/archive.is\/4gBVE\" shape=\"rect\">plaza de las Cortes<\/a>, \u00e0 Madrid.<\/p>\n<div id=\"wysiwyg\" class=\"www-item image\"><img class=\"lazyload blur-up\" src=\"https:\/\/belux-edmo.s3-accelerate.amazonaws.com\/wp-content\/uploads\/2023\/02\/b7fe103ace38b439bae22adc7c7f1c619c360d26-ipad.jpg\" data-original=\"\" \/><span class=\"legend\">Capture d&rsquo;\u00e9cran du compte Twitter de l&rsquo;ambassade de Russie \u00e0 Madrid<\/span><\/div>\n<p>L&rsquo;image aurait \u00e9t\u00e9 prise juste devant les b\u00e2timents abritant la chambre basse du Parlement. Mais nous n&rsquo;avons pu retrouver aucune mention de cette oeuvre dans des m\u00e9dias.<\/p>\n<p>Comme pour les autres caricatures, nous n&rsquo;avons pas non plus trouv\u00e9 d&rsquo;autres plans de ce dessin diffus\u00e9s sur les r\u00e9seaux sociaux.<\/p>\n<p>Les sites de fact-checking <a href=\"https:\/\/perma.cc\/MV5G-3W74\" target=\"_blank\" rel=\"noopener\" shape=\"rect\">Open<\/a> et <a href=\"https:\/\/perma.cc\/8AYG-UVDQ\" target=\"_blank\" rel=\"noopener\" shape=\"rect\">Myth Detector<\/a> sont aussi parvenus \u00e0 la conclusion que l&rsquo;oeuvre n&rsquo;a en r\u00e9alit\u00e9 jamais exist\u00e9 \u00e0 Madrid.<\/p>\n<p><b>Aucune trace de dessin \u00e0 Central Park<\/b><\/p>\n<p>La diffusion des dessins s&rsquo;est poursuivie dans d&rsquo;autres villes en janvier 2023 : le 10 janvier, c&rsquo;est \u00e0 Central Park, au coeur de Manhattan, qu&rsquo;un dessin caricaturant le pr\u00e9sident ukrainien aurait \u00e9t\u00e9 diffus\u00e9, selon les comptes <a href=\"https:\/\/www.evernote.com\/shard\/s602\/client\/snv?noteGuid=7c2f308b-0d55-43d1-a0dc-bbc5ebf70d31&amp;noteKey=cb438763452bb2a9835894630c4841aa&amp;sn=https%3A%2F%2Fwww.evernote.com%2Fshard%2Fs602%2Fsh%2F7c2f308b-0d55-43d1-a0dc-bbc5ebf70d31%2Fcb438763452bb2a9835894630c4841aa&amp;title=%2540typicaloptical%2B%25E2%2580%25A2%2BInstagram%2Bphotos%2Band%2Bvideos\" target=\"_blank\" rel=\"noopener\" shape=\"rect\">Instagram<\/a> et <a href=\"https:\/\/perma.cc\/L7VT-HHY7?type=standard\" target=\"_blank\" rel=\"noopener\" shape=\"rect\">Telegram<\/a> de \u00ab\u00a0<em>Typtical Optical<\/em>\u00ab\u00a0.<\/p>\n<div id=\"wysiwyg\" class=\"www-item image\"><img class=\"lazyload blur-up\" src=\"https:\/\/belux-edmo.s3-accelerate.amazonaws.com\/wp-content\/uploads\/2023\/02\/7ddb29b36fbda42c2d79fd74b04e6fdf70691b97-ipad.jpg\" data-original=\"\" \/><span class=\"legend\">Capture d&rsquo;\u00e9cran prise sur Instagram le 16 janvier 2023<\/span><\/div>\n<p>Cependant, encore une fois, des personnes pr\u00e9sentes sur place ont confirm\u00e9 \u00e0 l&rsquo;AFP n&rsquo;avoir jamais vu le graffiti.<\/p>\n<p>\u00ab\u00a0<strong><em>Le conducteur de la cal\u00e8che blanche et rouge visible dans l&rsquo;image a dit qu&rsquo;il n&rsquo;avait jamais vu ce dessin<\/em><\/strong>\u00ab\u00a0, a indiqu\u00e9 Christian Hansen, une porte-parole des op\u00e9rateurs de tours en cal\u00e8che du parc, aupr\u00e8s de l&rsquo;AFP le 12 janvier.<\/p>\n<p>Sur des photos r\u00e9alis\u00e9es pour l&rsquo;AFP le m\u00eame jour de la publication du post, \u00e0 quelques heures pr\u00e8s, ont aussi montr\u00e9 qu&rsquo;il n&rsquo;y avait aucune trace du dessin, comme d\u00e9taill\u00e9 dans <a href=\"https:\/\/sprawdzam.afp.com\/doc.afp.com.33797R8\" target=\"_blank\" rel=\"noopener\" shape=\"rect\">notre article<\/a> de v\u00e9rification sur cette image en polonais.<\/p>\n<p><b>Pr\u00e9tendument \u00e0 Londres, en r\u00e9alit\u00e9 \u00e0 Zurich<\/b><\/p>\n<p>L&rsquo;image la plus r\u00e9cente de la s\u00e9rie a circul\u00e9 sur les r\u00e9seaux sociaux \u00e0 partir du 18 janvier, o\u00f9 elle est notamment apparue sur les comptes <a href=\"https:\/\/ghostarchive.org\/iarchive\/instagram\/typicaloptical\/3018546929331169198\" target=\"_blank\" rel=\"noopener\" shape=\"rect\">Instagram<\/a> et <a href=\"https:\/\/perma.cc\/N44W-KKLK\" target=\"_blank\" rel=\"noopener\" shape=\"rect\">Telegram<\/a> de \u00ab\u00a0<em>Typical Optical<\/em>\u00ab\u00a0, assurant repr\u00e9senter des rues de <a href=\"https:\/\/perma.cc\/BTJ7-TSMN?type=image\" target=\"_blank\" rel=\"noopener\" shape=\"rect\">Londres<\/a>.<\/p>\n<p>L&rsquo;image a ensuite \u00e9t\u00e9 relay\u00e9e sur\u00a0<a href=\"https:\/\/ghostarchive.org\/archive\/2wgq1\" target=\"_blank\" rel=\"noopener\" shape=\"rect\">Twitter<\/a>, notamment par des internautes russophones avec un commentaire indiquant \u00ab\u00a0<em>\u00e0 travers l&rsquo;Europe, des chefs d&rsquo;oeuvres d&rsquo;artistes polonais continuent d&rsquo;appara\u00eetre<\/em>\u00ab\u00a0.<\/p>\n<div id=\"wysiwyg\" class=\"www-item image\"><img class=\"lazyload blur-up\" src=\"https:\/\/belux-edmo.s3-accelerate.amazonaws.com\/wp-content\/uploads\/2023\/02\/feed61208aba7d5ca511f65bfba7e1816227c756-ipad.jpg\" data-original=\"\" \/><span class=\"legend\">Capture d&rsquo;\u00e9cran prise sur Instagram le 19 janvier 2023<\/span><\/div>\n<p>Des <a href=\"https:\/\/www.youtube.com\/watch?v=-9z-zQJSUL4\" target=\"_blank\" rel=\"noopener\" shape=\"rect\">recherches d&rsquo;images invers\u00e9es<\/a> associ\u00e9es \u00e0 des mots-cl\u00e9s en plusieurs langues ne nous ont permis de retrouver d&rsquo;autres photos de ce pr\u00e9tendu \u00e9v\u00e9nement. En revanche, une recherche avec <a href=\"https:\/\/lens.google\/\" target=\"_blank\" rel=\"noopener\" shape=\"rect\">Google Lens<\/a> d&rsquo;une capture d&rsquo;\u00e9cran de pierres figurant au fond de l&rsquo;image nous ont permis de retrouver un lieu avec un b\u00e2timent similaire <a href=\"https:\/\/perma.cc\/444T-XUFU\" target=\"_blank\" rel=\"noopener\" shape=\"rect\">\u00e0 Zurich<\/a>, en Suisse.<\/p>\n<p>Le b\u00e2timent en question le \u00ab\u00a0<em>Lindt Home of Chocolate<\/em>\u00ab\u00a0, un mus\u00e9e d\u00e9di\u00e9 au chocolat, <a href=\"https:\/\/archive.is\/Nwakl\" target=\"_blank\" rel=\"noopener\" shape=\"rect\">situ\u00e9 \u00e0 Zurich<\/a>, et non \u00e0 Londres comme le pr\u00e9tendent les publications sur les r\u00e9seaux sociaux.<\/p>\n<div id=\"wysiwyg\" class=\"www-item image\"><img class=\"lazyload blur-up\" src=\"https:\/\/belux-edmo.s3-accelerate.amazonaws.com\/wp-content\/uploads\/2023\/02\/fcc48fc4b0c32919ea6ff81db432fc2cff2df233-ipad.jpg\" data-original=\"\" \/><span class=\"legend\">Comparaison d&rsquo;une capture d&rsquo;\u00e9cran d&rsquo;un post Telegram (\u00e0 gauche) et du mus\u00e9e du chocolat visible sur Google maps, prise le 20 janvier 2023<\/span><\/div>\n<p>Nous avons demand\u00e9 \u00e0 un repr\u00e9sentant du mus\u00e9e du chocolat si l&rsquo;image avait \u00e9t\u00e9 prise devant l&rsquo;\u00e9tablissement, et il nous a r\u00e9pondu le 19 janvier : \u00ab\u00a0<em>c&rsquo;est un fake<\/em>\u00ab\u00a0.<\/p>\n<p>\u00ab\u00a0<em><strong>Ce dessin n&rsquo;a jamais \u00e9t\u00e9 r\u00e9alis\u00e9 devant notre Lindt Home of Chocolate<\/strong>. Nous sommes ouverts presque tous les jours, et aucun membre du personnel n&rsquo;a jamais vu ce dessin. De plus, cette place est tr\u00e8s passante<\/em>\u00ab\u00a0, a indiqu\u00e9 le responsable des relations publiques du mus\u00e9e Daniel Huggenberger \u00e0 l&rsquo;AFP.<\/p>\n<p>\u00ab\u00a0<em>La photo \u00e0 laquelle le dessin a \u00e9t\u00e9 ajout\u00e9 artificiellement a probablement \u00e9t\u00e9 prise en d\u00e9cembre ou tout d\u00e9but janvier, puisque l&rsquo;on y voir une d\u00e9coration de No\u00ebl qui a \u00e9t\u00e9 retir\u00e9e la premi\u00e8re semaine de janvier<\/em>\u00ab\u00a0, a-t-il ajout\u00e9.<\/p>\n<p><b>D\u00e9j\u00e0 \u00e0 Zurich, et non \u00e0 Berlin, d\u00e9but janvier<\/b><\/p>\n<p>D\u00e9but janvier, d&rsquo;autres publications avaient d\u00e9j\u00e0 circul\u00e9, montrant pr\u00e9tendument un autre graffiti \u00e0 Berlin, mais que plusieurs \u00e9l\u00e9ments avaient permis de g\u00e9olocaliser \u00e0 Z\u00fcrich.<\/p>\n<p>Le 6 janvier, des publications, notamment en polonais sur Facebook (<a href=\"https:\/\/ghostarchive.org\/archive\/3g6HQ\" target=\"_blank\" rel=\"noopener\" shape=\"rect\">1,<\/a><a href=\"https:\/\/ghostarchive.org\/archive\/KWqZX\" target=\"_blank\" rel=\"noopener\" shape=\"rect\"> 2<\/a>, <a href=\"https:\/\/ghostarchive.org\/archive\/CKchb\" target=\"_blank\" rel=\"noopener\" shape=\"rect\">3<\/a>) et <a href=\"https:\/\/ghostarchive.org\/archive\/5rDwt\" target=\"_blank\" rel=\"noopener\" shape=\"rect\">Twitter<\/a>, assuraient \u00ab\u00a0<em>Zelensky est le plus gros bouton du monde. Nous devons le percer pour l&rsquo;\u00e9radiquer en 2023<\/em>\u00ab\u00a0.<\/p>\n<p>L&rsquo;organisation allemande de fact-checking <a href=\"https:\/\/correctiv.org\/faktencheck\/2023\/01\/09\/fotos-von-angeblichen-selenskyj-graffitis-in-europaeischen-staedten-sind-manipuliert\/\" target=\"_blank\" rel=\"noopener\" shape=\"rect\">Correctiv<\/a> avait d\u00e9termin\u00e9 \u00e0 l&rsquo;aide de plusieurs \u00e9l\u00e9ments visuels pr\u00e9sents sur l&rsquo;image qu&rsquo;elle repr\u00e9sentait une rue de <a href=\"https:\/\/www.google.com\/maps\/@47.375782,8.539102,3a,75y,234.22h,97.18t\/data=!3m6!1e1!3m4!1s4KBZDMJUfMt0PpoG2_rS4A!2e0!7i16384!8i8192\" target=\"_blank\" rel=\"noopener\" shape=\"rect\">Zurich<\/a>, et non Berlin.<\/p>\n<p>Une journaliste de l&rsquo;AFP s&rsquo;est rendue dans <a href=\"https:\/\/archive.is\/37r59\" target=\"_blank\" rel=\"noopener\" shape=\"rect\">cette rue<\/a> de Zurich le 12 janvier, quelques jours apr\u00e8s la publication de l&rsquo;image sur les r\u00e9seaux sociaux, mais elle n&rsquo;a pu retrouver <strong>aucune trace du dessin, ou de restes de peinture sur le bitume<\/strong>.<\/p>\n<p>Elle a contact\u00e9 l&rsquo;homme responsable du stand de vente de marrons chauds visible sur l&rsquo;image, qui a assur\u00e9 qu&rsquo;il n&rsquo;y a jamais eu de telle oeuvre de street art install\u00e9 devant son stand.<\/p>\n<p>Il a n\u00e9anmoins dit se souvenir du jour o\u00f9 la photo a pu \u00eatre prise. \u00ab\u00a0<em>Un homme s&rsquo;est assis et a dessin\u00e9 quelques lignes sur le sol, mais rien \u00e0 voir avec le dessin sur la photo [diffus\u00e9e sur les r\u00e9seaux sociaux, NDLR]. Ce dessin n&rsquo;a jamais exist\u00e9 ici. C&rsquo;est un montage<\/em>\u00ab\u00a0, a-t-il expliqu\u00e9, demandant \u00e0 ne pas \u00eatre identifi\u00e9 nomm\u00e9ment dans notre article.<\/p>\n<div id=\"wysiwyg\" class=\"www-item image\"><img class=\"lazyload blur-up\" src=\"https:\/\/belux-edmo.s3-accelerate.amazonaws.com\/wp-content\/uploads\/2023\/02\/dd166effd53748470d525dd55ca86103c4635766-ipad.jpg\" data-original=\"\" \/><span class=\"legend\">Comparaison d&rsquo;une capture d&rsquo;\u00e9cran prise sur Telegram (\u00e0 gauche) et d&rsquo;une capture d&rsquo;\u00e9cran de Google maps, r\u00e9alis\u00e9e le 20 janvier 2023<\/span><\/div>\n<p>Une photo prise au m\u00eame endroit le 12 janvier par l&rsquo;AFP montre le m\u00eame stand, sans aucune caricature au sol.<\/p>\n<div id=\"wysiwyg\" class=\"www-item image\"><img class=\"lazyload blur-up\" src=\"https:\/\/belux-edmo.s3-accelerate.amazonaws.com\/wp-content\/uploads\/2023\/02\/116580be58c0cae3132fc9de0a5a3c611058fd1e-ipad.jpg\" data-original=\"\" \/><span class=\"legend\">La rue de Z\u00fcrich, photographi\u00e9e par une journaliste de l&rsquo;AFP le 12 janvier 2023<\/span><\/div>\n<p>Les informations fournies par le vendeur de marrons chauds \u00e0 l&rsquo;AFP permettent de comprendre comment ces photos mensong\u00e8res ont pu \u00eatre r\u00e9alis\u00e9es. Il est possible qu&rsquo;une personne ait pos\u00e9 dans plusieurs lieux publics, pr\u00e9tendant dessiner quelque chose au sol, tandis qu&rsquo;une deuxi\u00e8me personne l&rsquo;accompagne pour photographier la sc\u00e8ne.<\/p>\n<p>Pourtant, il n&rsquo;y a jamais de dessin peint au sol. L&rsquo;image est par la suite manipul\u00e9e avec des outils num\u00e9riques afin d&rsquo;y faire appara\u00eetre une caricature de Zelensky, r\u00e9alis\u00e9e de fa\u00e7on ind\u00e9pendante.<\/p>\n<p>Dans <a href=\"https:\/\/perma.cc\/E4LD-NK3V\" target=\"_blank\" rel=\"noopener\" shape=\"rect\">leur article de v\u00e9rification<\/a> concernant l&rsquo;image du m\u00e9tro parisien, Les Observateurs avaient \u00e9galement conclu \u00e0 une probable alt\u00e9ration num\u00e9rique de l&rsquo;image.<\/p>\n<p><b>Une op\u00e9ration impossible \u00e0 r\u00e9aliser, selon un autre street-artiste<\/b><\/p>\n<p>La photo pr\u00e9tendument prise \u00e0 Varsovie montre, \u00e0 c\u00f4t\u00e9 de l&rsquo;oeuvre, une personne accroupie, cens\u00e9e \u00eatre l&rsquo;artiste qui travaillerait avec de la peinture en spray. Sur d&rsquo;autres photos, la personne semble utiliser de la craie.<\/p>\n<p>\u00ab\u00a0<em><strong>C&rsquo;est tout simplement impossible de r\u00e9aliser un tel dessin au sol avec une bombe en spray<\/strong>, qui est plut\u00f4t utilis\u00e9e pour des oeuvres d&rsquo;art verticales<\/em>\u00ab\u00a0, a estim\u00e9 le street-artiste polonais Lukasz Polak du Donut Studio aupr\u00e8s de l&rsquo;AFP le 16 janvier 2023.<\/p>\n<p>Au sujet de l&rsquo;utilisation de la craie pour r\u00e9aliser les images, Lukasz Polak est par ailleurs cat\u00e9gorique : \u00ab\u00a0<strong><em>il n&rsquo;est pas possible d&rsquo;obtenir un graffiti en 3D aussi d\u00e9taill\u00e9 avec une simple craie sur un support tel que l&rsquo;asphalte<\/em><\/strong>\u00ab\u00a0.<\/p>\n<p>\u00ab\u00a0<em>La sc\u00e8ne [sur la photo de Varsovie] ressemble \u00e0 une mise en sc\u00e8ne. <strong>Ni la fa\u00e7on dont se tient l&rsquo;artiste ni le placement des sprays ne semblent naturels<\/strong>. Ils ressemblent \u00e0 un d\u00e9cor de cin\u00e9ma plut\u00f4t qu&rsquo;\u00e0 un r\u00e9el travail<\/em>\u00ab\u00a0, a-t-il estim\u00e9.<\/p>\n<p>Selon lui, il est impossible que quelqu&rsquo;un ait pu r\u00e9aliser une oeuvre aussi \u00e9labor\u00e9e dans des rues centrales de Varsovie sans que personne ne le remarque. \u00ab\u00a0<em>Un tel dessin est complexe \u00e0 r\u00e9aliser, et aurait pris au moins deux \u00e0 trois jours de travail, avec des conditions m\u00e9t\u00e9os favorables<\/em>\u00ab\u00a0.<\/p>\n<p>Il en va de m\u00eame pour les autres lieux passants o\u00f9 auraient \u00e9t\u00e9 r\u00e9alis\u00e9es ces oeuvres, selon lui. \u00ab\u00a0<strong><em>Dans tous les cas, les situations semblent mises en sc\u00e8ne<\/em><\/strong>\u00ab\u00a0, a-t-il conclu.<\/p>\n<p>\u00ab\u00a0<em>Pour r\u00e9aliser un tel travail, il faudrait fermer l&rsquo;endroit du passage pi\u00e9ton ou le bord de la route, pour que d&rsquo;autres personnes ou des animaux comme les chiens ne viennent pas marcher sur le dessin en cours. Il faudrait aussi avoir obtenu la permission de la part des autorit\u00e9s responsables de l&rsquo;espace public<\/em>\u00ab\u00a0, a d\u00e9velopp\u00e9 l&rsquo;artiste.<\/p>\n<p><b>S&rsquo;appuyer sur des peurs<\/b><\/p>\n<p>Repr\u00e9senter Zelensky en train de d\u00e9vorer de l&rsquo;argent ou de d\u00e9vorer l&rsquo;Europe a pour but de s&rsquo;appuyer sur des craintes et d\u00e9velopper des peurs au sein des populations occidentales, qui peuvent avoir l&rsquo;impression que les richesses de leurs pays sont accapar\u00e9es par le conflit en Ukraine, a soulign\u00e9 <a href=\"https:\/\/perma.cc\/246R-CGXD\" target=\"_blank\" rel=\"noopener\" shape=\"rect\">Lena Frischlich<\/a>, chercheuse \u00e0 l&rsquo;universit\u00e9 de M\u00fcnster, sp\u00e9cialiste de l&rsquo;\u00e9tude de la propagande et des fausses informations, aupr\u00e8s de l&rsquo;AFP le 20 janvier.<\/p>\n<p>\u00ab\u00a0<em>Ainsi, l&rsquo;un des objectifs pourrait \u00eatre de r\u00e9duire le soutien \u00e0 l&rsquo;Ukraine en d\u00e9peignant (litt\u00e9ralement) l&rsquo;apocalypse \u00e9conomique, afin que les gens ne pensent qu&rsquo;\u00e0 eux et r\u00e9duisent le soutien \u00e0 d&rsquo;autres personnes en Ukraine<\/em>\u00ab\u00a0, a-t-elle explicit\u00e9. \u00ab\u00a0<em>R\u00e9duire le soutien \u00e0 l&rsquo;ennemi est une autre cl\u00e9 de la propagande de guerre<\/em>\u00ab\u00a0, a conclu la chercheuse.<\/p>\n<p>\u00ab\u00a0<em>Il s&rsquo;agit d&rsquo;une tentative de d\u00e9tournement d&rsquo;informations<\/em>\u00a0\u00bb \u00e0 des fins politiques, a \u00e9galement d\u00e9clar\u00e9 \u00e0 l&rsquo;AFP le 19 janvier le chercheur ind\u00e9pendant en s\u00e9curit\u00e9 <a href=\"https:\/\/perma.cc\/3SBB-9GWG\" target=\"_blank\" rel=\"noopener\" shape=\"rect\">Lukasz Olejnik<\/a>. Alors que le soutien financier international \u00e0 l&rsquo;Ukraine est devenu essentiel au pays dans la guerre, \u00ab\u00a0<em>la cl\u00e9 du soutien occidental est l&rsquo;adh\u00e9sion des populations<\/em>\u00ab\u00a0, a ajout\u00e9 le chercheur.<\/p>\n<p>\u00ab\u00a0<em>Une telle op\u00e9ration pourrait en cons\u00e9quence inciter les soci\u00e9t\u00e9s occidentales \u00e0 s&rsquo;opposer aux subventions et au soutien<\/em>\u00a0\u00bb \u00e0 l&rsquo;Ukraine, a-t-il conclu.<\/p>\n","protected":false},"excerpt":{"rendered":"<p>Des immenses caricatures du pr\u00e9sident ukrainien, grim\u00e9 en parasite engloutissant l&rsquo;Europe ou en ogre avalant des billets de banque, auraient \u00e9t\u00e9 dessin\u00e9es dans les rues de Paris, de Madrid ou encore de Varsovie, ont assur\u00e9 des publications relay\u00e9es sur les r\u00e9seaux sociaux ces derni\u00e8res semaines dans plusieurs langues, pr\u00e9tendues photos desdits dessins \u00e0 l&rsquo;appui.<\/p>\n","protected":false},"author":1,"featured_media":237189,"comment_status":"closed","ping_status":"open","sticky":false,"template":"","format":"standard","meta":{"_acf_changed":false,"footnotes":""},"categories":[125,132,138,214],"tags":[],"class_list":{"0":"post-237244","1":"post","2":"type-post","3":"status-publish","4":"format-standard","5":"has-post-thumbnail","7":"category-fact-check-fr","8":"category-politique","9":"category-societe","10":"category-ukraine-fr"},"acf":{"show_metatags":true,"id":"doc-338b2dl-1","authors":"Claire Line NASS, MAJA CZARNECKA, AFP Pologne, AFP France","organization":"AFP","featured_image_copyright":"AFP","text_copyright":"\u00a9 AGENCE FRANCE-PRESSE | 2023 | Tous droits r\u00e9serv\u00e9s. L\u2019acc\u00e8s aux contenus de l'AFP publi\u00e9s sur ce site et, le cas \u00e9ch\u00e9ant, leur utilisation sont soumis aux conditions g\u00e9n\u00e9rales d'utilisation disponibles sur <a href='https:\/\/www.afp.com\/fr\/cgu' target='_blank'>CGU<\/a>. Par cons\u00e9quent, en acc\u00e9dant aux contenus de l\u2019AFP publi\u00e9s sur ce site, et en les utilisant, le cas \u00e9ch\u00e9ant, vous acceptez d'\u00eatre li\u00e9 par les conditions g\u00e9n\u00e9rales d'utilisation susmentionn\u00e9es. L\u2019utilisation de contenus de l'AFP se fait sous votre seule et enti\u00e8re responsabilit\u00e9.","source":"https:\/\/factuel.afp.com\/doc.afp.com.338B2DL","fact_checker":"https:\/\/belux.wpengine.com\/wp-content\/uploads\/2021\/12\/afp_logo.png","type":"\u00c9v\u00e9nement ferm\u00e9","location":"","start_date":"","start_date_event_begins_at":"","start_date_event_ends_at":"","end_date":"","end_date_event_begins_at":"","end_date_event_ends_at":"","organizer":"","fact_checker_logo_image":false},"yoast_head":"<!-- This site is optimized with the Yoast SEO plugin v27.0 - https:\/\/yoast.com\/product\/yoast-seo-wordpress\/ -->\n<title>Aucune trace d&#039;\u0153uvres de street-art anti-Zelensky pr\u00e9tendument apparues dans plusieurs villes du monde - EDMO Belux<\/title>\n<meta name=\"robots\" content=\"index, follow, max-snippet:-1, max-image-preview:large, max-video-preview:-1\" \/>\n<link rel=\"canonical\" href=\"https:\/\/belux.edmo.eu\/fr\/aucune-trace-duvres-de-street-art-anti-zelensky-prtendument-apparues-dans-plusieurs-villes-du-monde\/\" \/>\n<meta property=\"og:locale\" content=\"fr_FR\" \/>\n<meta property=\"og:type\" content=\"article\" \/>\n<meta property=\"og:title\" content=\"Aucune trace d&#039;\u0153uvres de street-art anti-Zelensky pr\u00e9tendument apparues dans plusieurs villes du monde - EDMO Belux\" \/>\n<meta property=\"og:description\" content=\"Des immenses caricatures du pr\u00e9sident ukrainien, grim\u00e9 en parasite engloutissant l&#039;Europe ou en ogre avalant des billets de banque, auraient \u00e9t\u00e9 dessin\u00e9es dans les rues de Paris, de Madrid ou encore de Varsovie, ont assur\u00e9 des publications relay\u00e9es sur les r\u00e9seaux sociaux ces derni\u00e8res semaines dans plusieurs langues, pr\u00e9tendues photos desdits dessins \u00e0 l&#039;appui.\" \/>\n<meta property=\"og:url\" content=\"https:\/\/belux.edmo.eu\/fr\/aucune-trace-duvres-de-street-art-anti-zelensky-prtendument-apparues-dans-plusieurs-villes-du-monde\/\" \/>\n<meta property=\"og:site_name\" content=\"EDMO Belux\" \/>\n<meta property=\"article:published_time\" content=\"2023-02-06T06:54:06+00:00\" \/>\n<meta property=\"article:modified_time\" content=\"2023-02-06T15:02:50+00:00\" \/>\n<meta property=\"og:image\" content=\"https:\/\/belux-edmo.s3-accelerate.amazonaws.com\/wp-content\/uploads\/2023\/02\/b9c4fb17562998409143fc396e29aceb25f9641d-ipad.jpg\" \/>\n\t<meta property=\"og:image:width\" content=\"1080\" \/>\n\t<meta property=\"og:image:height\" content=\"540\" \/>\n\t<meta property=\"og:image:type\" content=\"image\/jpeg\" \/>\n<meta name=\"author\" content=\"master\" \/>\n<meta name=\"twitter:card\" content=\"summary_large_image\" \/>\n<meta name=\"twitter:creator\" content=\"@Edmo_Belux\" \/>\n<meta name=\"twitter:site\" content=\"@Edmo_Belux\" \/>\n<meta name=\"twitter:label1\" content=\"\u00c9crit par\" \/>\n\t<meta name=\"twitter:data1\" content=\"master\" \/>\n\t<meta name=\"twitter:label2\" content=\"Dur\u00e9e de lecture estim\u00e9e\" \/>\n\t<meta name=\"twitter:data2\" content=\"16 minutes\" \/>\n<script type=\"application\/ld+json\" class=\"yoast-schema-graph\">{\"@context\":\"https:\/\/schema.org\",\"@graph\":[{\"@type\":\"Article\",\"@id\":\"https:\/\/belux.edmo.eu\/fr\/aucune-trace-duvres-de-street-art-anti-zelensky-prtendument-apparues-dans-plusieurs-villes-du-monde\/#article\",\"isPartOf\":{\"@id\":\"https:\/\/belux.edmo.eu\/fr\/aucune-trace-duvres-de-street-art-anti-zelensky-prtendument-apparues-dans-plusieurs-villes-du-monde\/\"},\"author\":{\"name\":\"master\",\"@id\":\"https:\/\/belux.edmo.eu\/#\/schema\/person\/dbe3b252258537fd318f9b5645a30342\"},\"headline\":\"Aucune trace d&rsquo;\u0153uvres de street-art anti-Zelensky pr\u00e9tendument apparues dans plusieurs villes du monde\",\"datePublished\":\"2023-02-06T06:54:06+00:00\",\"dateModified\":\"2023-02-06T15:02:50+00:00\",\"mainEntityOfPage\":{\"@id\":\"https:\/\/belux.edmo.eu\/fr\/aucune-trace-duvres-de-street-art-anti-zelensky-prtendument-apparues-dans-plusieurs-villes-du-monde\/\"},\"wordCount\":3377,\"publisher\":{\"@id\":\"https:\/\/belux.edmo.eu\/#organization\"},\"image\":{\"@id\":\"https:\/\/belux.edmo.eu\/fr\/aucune-trace-duvres-de-street-art-anti-zelensky-prtendument-apparues-dans-plusieurs-villes-du-monde\/#primaryimage\"},\"thumbnailUrl\":\"https:\/\/belux-edmo.s3-accelerate.amazonaws.com\/wp-content\/uploads\/2023\/02\/b9c4fb17562998409143fc396e29aceb25f9641d-ipad.jpg\",\"articleSection\":[\"Fact-Check\",\"Politique\",\"Societe\",\"Ukraine\"],\"inLanguage\":\"fr-FR\"},{\"@type\":\"WebPage\",\"@id\":\"https:\/\/belux.edmo.eu\/fr\/aucune-trace-duvres-de-street-art-anti-zelensky-prtendument-apparues-dans-plusieurs-villes-du-monde\/\",\"url\":\"https:\/\/belux.edmo.eu\/fr\/aucune-trace-duvres-de-street-art-anti-zelensky-prtendument-apparues-dans-plusieurs-villes-du-monde\/\",\"name\":\"Aucune trace d'\u0153uvres de street-art anti-Zelensky pr\u00e9tendument apparues dans plusieurs villes du monde - EDMO Belux\",\"isPartOf\":{\"@id\":\"https:\/\/belux.edmo.eu\/#website\"},\"primaryImageOfPage\":{\"@id\":\"https:\/\/belux.edmo.eu\/fr\/aucune-trace-duvres-de-street-art-anti-zelensky-prtendument-apparues-dans-plusieurs-villes-du-monde\/#primaryimage\"},\"image\":{\"@id\":\"https:\/\/belux.edmo.eu\/fr\/aucune-trace-duvres-de-street-art-anti-zelensky-prtendument-apparues-dans-plusieurs-villes-du-monde\/#primaryimage\"},\"thumbnailUrl\":\"https:\/\/belux-edmo.s3-accelerate.amazonaws.com\/wp-content\/uploads\/2023\/02\/b9c4fb17562998409143fc396e29aceb25f9641d-ipad.jpg\",\"datePublished\":\"2023-02-06T06:54:06+00:00\",\"dateModified\":\"2023-02-06T15:02:50+00:00\",\"breadcrumb\":{\"@id\":\"https:\/\/belux.edmo.eu\/fr\/aucune-trace-duvres-de-street-art-anti-zelensky-prtendument-apparues-dans-plusieurs-villes-du-monde\/#breadcrumb\"},\"inLanguage\":\"fr-FR\",\"potentialAction\":[{\"@type\":\"ReadAction\",\"target\":[\"https:\/\/belux.edmo.eu\/fr\/aucune-trace-duvres-de-street-art-anti-zelensky-prtendument-apparues-dans-plusieurs-villes-du-monde\/\"]}]},{\"@type\":\"ImageObject\",\"inLanguage\":\"fr-FR\",\"@id\":\"https:\/\/belux.edmo.eu\/fr\/aucune-trace-duvres-de-street-art-anti-zelensky-prtendument-apparues-dans-plusieurs-villes-du-monde\/#primaryimage\",\"url\":\"https:\/\/belux-edmo.s3-accelerate.amazonaws.com\/wp-content\/uploads\/2023\/02\/b9c4fb17562998409143fc396e29aceb25f9641d-ipad.jpg\",\"contentUrl\":\"https:\/\/belux-edmo.s3-accelerate.amazonaws.com\/wp-content\/uploads\/2023\/02\/b9c4fb17562998409143fc396e29aceb25f9641d-ipad.jpg\",\"width\":1080,\"height\":540,\"caption\":\"Aucune trace d'\u0153uvres de street-art anti-Zelensky pr\u00e9tendument apparues dans plusieurs villes du monde - Featured image\"},{\"@type\":\"BreadcrumbList\",\"@id\":\"https:\/\/belux.edmo.eu\/fr\/aucune-trace-duvres-de-street-art-anti-zelensky-prtendument-apparues-dans-plusieurs-villes-du-monde\/#breadcrumb\",\"itemListElement\":[{\"@type\":\"ListItem\",\"position\":1,\"name\":\"Home\",\"item\":\"https:\/\/belux.edmo.eu\/fr\/\"},{\"@type\":\"ListItem\",\"position\":2,\"name\":\"Aucune trace d&#8217;\u0153uvres de street-art anti-Zelensky pr\u00e9tendument apparues dans plusieurs villes du monde\"}]},{\"@type\":\"WebSite\",\"@id\":\"https:\/\/belux.edmo.eu\/#website\",\"url\":\"https:\/\/belux.edmo.eu\/\",\"name\":\"EDMO Belux\",\"description\":\"Monitoring Disinformation in Belgium and Luxembourg\",\"publisher\":{\"@id\":\"https:\/\/belux.edmo.eu\/#organization\"},\"potentialAction\":[{\"@type\":\"SearchAction\",\"target\":{\"@type\":\"EntryPoint\",\"urlTemplate\":\"https:\/\/belux.edmo.eu\/?s={search_term_string}\"},\"query-input\":{\"@type\":\"PropertyValueSpecification\",\"valueRequired\":true,\"valueName\":\"search_term_string\"}}],\"inLanguage\":\"fr-FR\"},{\"@type\":\"Organization\",\"@id\":\"https:\/\/belux.edmo.eu\/#organization\",\"name\":\"EDMO Belux\",\"url\":\"https:\/\/belux.edmo.eu\/\",\"logo\":{\"@type\":\"ImageObject\",\"inLanguage\":\"fr-FR\",\"@id\":\"https:\/\/belux.edmo.eu\/#\/schema\/logo\/image\/\",\"url\":\"https:\/\/belux.edmo.eu\/wp-content\/uploads\/2021\/12\/belux-logo-full-color-rgb.svg\",\"contentUrl\":\"https:\/\/belux.edmo.eu\/wp-content\/uploads\/2021\/12\/belux-logo-full-color-rgb.svg\",\"width\":1,\"height\":1,\"caption\":\"EDMO Belux\"},\"image\":{\"@id\":\"https:\/\/belux.edmo.eu\/#\/schema\/logo\/image\/\"},\"sameAs\":[\"https:\/\/x.com\/Edmo_Belux\"]},{\"@type\":\"Person\",\"@id\":\"https:\/\/belux.edmo.eu\/#\/schema\/person\/dbe3b252258537fd318f9b5645a30342\",\"name\":\"master\",\"sameAs\":[\"https:\/\/belux.wpengine.com\"],\"url\":\"https:\/\/belux.edmo.eu\/fr\/author\/master\/\"}]}<\/script>\n<!-- \/ Yoast SEO plugin. -->","yoast_head_json":{"title":"Aucune trace d'\u0153uvres de street-art anti-Zelensky pr\u00e9tendument apparues dans plusieurs villes du monde - EDMO Belux","robots":{"index":"index","follow":"follow","max-snippet":"max-snippet:-1","max-image-preview":"max-image-preview:large","max-video-preview":"max-video-preview:-1"},"canonical":"https:\/\/belux.edmo.eu\/fr\/aucune-trace-duvres-de-street-art-anti-zelensky-prtendument-apparues-dans-plusieurs-villes-du-monde\/","og_locale":"fr_FR","og_type":"article","og_title":"Aucune trace d'\u0153uvres de street-art anti-Zelensky pr\u00e9tendument apparues dans plusieurs villes du monde - EDMO Belux","og_description":"Des immenses caricatures du pr\u00e9sident ukrainien, grim\u00e9 en parasite engloutissant l'Europe ou en ogre avalant des billets de banque, auraient \u00e9t\u00e9 dessin\u00e9es dans les rues de Paris, de Madrid ou encore de Varsovie, ont assur\u00e9 des publications relay\u00e9es sur les r\u00e9seaux sociaux ces derni\u00e8res semaines dans plusieurs langues, pr\u00e9tendues photos desdits dessins \u00e0 l'appui.","og_url":"https:\/\/belux.edmo.eu\/fr\/aucune-trace-duvres-de-street-art-anti-zelensky-prtendument-apparues-dans-plusieurs-villes-du-monde\/","og_site_name":"EDMO Belux","article_published_time":"2023-02-06T06:54:06+00:00","article_modified_time":"2023-02-06T15:02:50+00:00","og_image":[{"width":1080,"height":540,"url":"https:\/\/belux-edmo.s3-accelerate.amazonaws.com\/wp-content\/uploads\/2023\/02\/b9c4fb17562998409143fc396e29aceb25f9641d-ipad.jpg","type":"image\/jpeg"}],"author":"master","twitter_card":"summary_large_image","twitter_creator":"@Edmo_Belux","twitter_site":"@Edmo_Belux","twitter_misc":{"\u00c9crit par":"master","Dur\u00e9e de lecture estim\u00e9e":"16 minutes"},"schema":{"@context":"https:\/\/schema.org","@graph":[{"@type":"Article","@id":"https:\/\/belux.edmo.eu\/fr\/aucune-trace-duvres-de-street-art-anti-zelensky-prtendument-apparues-dans-plusieurs-villes-du-monde\/#article","isPartOf":{"@id":"https:\/\/belux.edmo.eu\/fr\/aucune-trace-duvres-de-street-art-anti-zelensky-prtendument-apparues-dans-plusieurs-villes-du-monde\/"},"author":{"name":"master","@id":"https:\/\/belux.edmo.eu\/#\/schema\/person\/dbe3b252258537fd318f9b5645a30342"},"headline":"Aucune trace d&rsquo;\u0153uvres de street-art anti-Zelensky pr\u00e9tendument apparues dans plusieurs villes du monde","datePublished":"2023-02-06T06:54:06+00:00","dateModified":"2023-02-06T15:02:50+00:00","mainEntityOfPage":{"@id":"https:\/\/belux.edmo.eu\/fr\/aucune-trace-duvres-de-street-art-anti-zelensky-prtendument-apparues-dans-plusieurs-villes-du-monde\/"},"wordCount":3377,"publisher":{"@id":"https:\/\/belux.edmo.eu\/#organization"},"image":{"@id":"https:\/\/belux.edmo.eu\/fr\/aucune-trace-duvres-de-street-art-anti-zelensky-prtendument-apparues-dans-plusieurs-villes-du-monde\/#primaryimage"},"thumbnailUrl":"https:\/\/belux-edmo.s3-accelerate.amazonaws.com\/wp-content\/uploads\/2023\/02\/b9c4fb17562998409143fc396e29aceb25f9641d-ipad.jpg","articleSection":["Fact-Check","Politique","Societe","Ukraine"],"inLanguage":"fr-FR"},{"@type":"WebPage","@id":"https:\/\/belux.edmo.eu\/fr\/aucune-trace-duvres-de-street-art-anti-zelensky-prtendument-apparues-dans-plusieurs-villes-du-monde\/","url":"https:\/\/belux.edmo.eu\/fr\/aucune-trace-duvres-de-street-art-anti-zelensky-prtendument-apparues-dans-plusieurs-villes-du-monde\/","name":"Aucune trace d'\u0153uvres de street-art anti-Zelensky pr\u00e9tendument apparues dans plusieurs villes du monde - EDMO Belux","isPartOf":{"@id":"https:\/\/belux.edmo.eu\/#website"},"primaryImageOfPage":{"@id":"https:\/\/belux.edmo.eu\/fr\/aucune-trace-duvres-de-street-art-anti-zelensky-prtendument-apparues-dans-plusieurs-villes-du-monde\/#primaryimage"},"image":{"@id":"https:\/\/belux.edmo.eu\/fr\/aucune-trace-duvres-de-street-art-anti-zelensky-prtendument-apparues-dans-plusieurs-villes-du-monde\/#primaryimage"},"thumbnailUrl":"https:\/\/belux-edmo.s3-accelerate.amazonaws.com\/wp-content\/uploads\/2023\/02\/b9c4fb17562998409143fc396e29aceb25f9641d-ipad.jpg","datePublished":"2023-02-06T06:54:06+00:00","dateModified":"2023-02-06T15:02:50+00:00","breadcrumb":{"@id":"https:\/\/belux.edmo.eu\/fr\/aucune-trace-duvres-de-street-art-anti-zelensky-prtendument-apparues-dans-plusieurs-villes-du-monde\/#breadcrumb"},"inLanguage":"fr-FR","potentialAction":[{"@type":"ReadAction","target":["https:\/\/belux.edmo.eu\/fr\/aucune-trace-duvres-de-street-art-anti-zelensky-prtendument-apparues-dans-plusieurs-villes-du-monde\/"]}]},{"@type":"ImageObject","inLanguage":"fr-FR","@id":"https:\/\/belux.edmo.eu\/fr\/aucune-trace-duvres-de-street-art-anti-zelensky-prtendument-apparues-dans-plusieurs-villes-du-monde\/#primaryimage","url":"https:\/\/belux-edmo.s3-accelerate.amazonaws.com\/wp-content\/uploads\/2023\/02\/b9c4fb17562998409143fc396e29aceb25f9641d-ipad.jpg","contentUrl":"https:\/\/belux-edmo.s3-accelerate.amazonaws.com\/wp-content\/uploads\/2023\/02\/b9c4fb17562998409143fc396e29aceb25f9641d-ipad.jpg","width":1080,"height":540,"caption":"Aucune trace d'\u0153uvres de street-art anti-Zelensky pr\u00e9tendument apparues dans plusieurs villes du monde - Featured image"},{"@type":"BreadcrumbList","@id":"https:\/\/belux.edmo.eu\/fr\/aucune-trace-duvres-de-street-art-anti-zelensky-prtendument-apparues-dans-plusieurs-villes-du-monde\/#breadcrumb","itemListElement":[{"@type":"ListItem","position":1,"name":"Home","item":"https:\/\/belux.edmo.eu\/fr\/"},{"@type":"ListItem","position":2,"name":"Aucune trace d&#8217;\u0153uvres de street-art anti-Zelensky pr\u00e9tendument apparues dans plusieurs villes du monde"}]},{"@type":"WebSite","@id":"https:\/\/belux.edmo.eu\/#website","url":"https:\/\/belux.edmo.eu\/","name":"EDMO Belux","description":"Monitoring Disinformation in Belgium and Luxembourg","publisher":{"@id":"https:\/\/belux.edmo.eu\/#organization"},"potentialAction":[{"@type":"SearchAction","target":{"@type":"EntryPoint","urlTemplate":"https:\/\/belux.edmo.eu\/?s={search_term_string}"},"query-input":{"@type":"PropertyValueSpecification","valueRequired":true,"valueName":"search_term_string"}}],"inLanguage":"fr-FR"},{"@type":"Organization","@id":"https:\/\/belux.edmo.eu\/#organization","name":"EDMO Belux","url":"https:\/\/belux.edmo.eu\/","logo":{"@type":"ImageObject","inLanguage":"fr-FR","@id":"https:\/\/belux.edmo.eu\/#\/schema\/logo\/image\/","url":"https:\/\/belux.edmo.eu\/wp-content\/uploads\/2021\/12\/belux-logo-full-color-rgb.svg","contentUrl":"https:\/\/belux.edmo.eu\/wp-content\/uploads\/2021\/12\/belux-logo-full-color-rgb.svg","width":1,"height":1,"caption":"EDMO Belux"},"image":{"@id":"https:\/\/belux.edmo.eu\/#\/schema\/logo\/image\/"},"sameAs":["https:\/\/x.com\/Edmo_Belux"]},{"@type":"Person","@id":"https:\/\/belux.edmo.eu\/#\/schema\/person\/dbe3b252258537fd318f9b5645a30342","name":"master","sameAs":["https:\/\/belux.wpengine.com"],"url":"https:\/\/belux.edmo.eu\/fr\/author\/master\/"}]}},"menu_order":0,"_links":{"self":[{"href":"https:\/\/belux.edmo.eu\/fr\/wp-json\/wp\/v2\/posts\/237244","targetHints":{"allow":["GET"]}}],"collection":[{"href":"https:\/\/belux.edmo.eu\/fr\/wp-json\/wp\/v2\/posts"}],"about":[{"href":"https:\/\/belux.edmo.eu\/fr\/wp-json\/wp\/v2\/types\/post"}],"author":[{"embeddable":true,"href":"https:\/\/belux.edmo.eu\/fr\/wp-json\/wp\/v2\/users\/1"}],"replies":[{"embeddable":true,"href":"https:\/\/belux.edmo.eu\/fr\/wp-json\/wp\/v2\/comments?post=237244"}],"version-history":[{"count":0,"href":"https:\/\/belux.edmo.eu\/fr\/wp-json\/wp\/v2\/posts\/237244\/revisions"}],"wp:featuredmedia":[{"embeddable":true,"href":"https:\/\/belux.edmo.eu\/fr\/wp-json\/wp\/v2\/media\/237189"}],"wp:attachment":[{"href":"https:\/\/belux.edmo.eu\/fr\/wp-json\/wp\/v2\/media?parent=237244"}],"wp:term":[{"taxonomy":"category","embeddable":true,"href":"https:\/\/belux.edmo.eu\/fr\/wp-json\/wp\/v2\/categories?post=237244"},{"taxonomy":"post_tag","embeddable":true,"href":"https:\/\/belux.edmo.eu\/fr\/wp-json\/wp\/v2\/tags?post=237244"}],"curies":[{"name":"wp","href":"https:\/\/api.w.org\/{rel}","templated":true}]}}