{"id":23892,"date":"2022-03-29T08:30:41","date_gmt":"2022-03-29T08:30:41","guid":{"rendered":"https:\/\/belux.wpengine.com\/?p=23892"},"modified":"2022-03-29T14:49:21","modified_gmt":"2022-03-29T14:49:21","slug":"cette-vido-ne-montre-pas-le-prsident-zelensky-et-sa-femme-chanter-ensemble","status":"publish","type":"post","link":"https:\/\/belux.edmo.eu\/fr\/cette-vido-ne-montre-pas-le-prsident-zelensky-et-sa-femme-chanter-ensemble\/","title":{"rendered":"Cette vid\u00e9o ne montre pas le pr\u00e9sident Zelensky et sa femme chanter ensemble"},"content":{"rendered":"<p><b>Une vid\u00e9o partag\u00e9e plusieurs milliers de fois sur Facebook mi-mars pr\u00e9tend montrer le pr\u00e9sident ukrainien Volodymyr Zelensky et sa femme Olena Zelenska chanter ensemble. C&rsquo;est faux: il s&rsquo;agit d&rsquo;une reprise de la chanson \u00ab\u00a0Endless Love\u00a0\u00bb par la chanteuse britannique Connie Talbot et l&rsquo;un des membres du groupe de rock Boyce Avenue, Alejandro Manzano. <\/b><\/p>\n<p>Un moment <em>\u00ab\u00a0plus fort que les Bombes\u00a0\u00bb,<\/em> s&rsquo;\u00e9meut cet internaute, <a href=\"https:\/\/archive.ph\/qpKwJ\" target=\"_blank\" rel=\"noopener\" shape=\"rect\">qui partage la vid\u00e9o<\/a> d&rsquo;un homme et d&rsquo;une femme en train de chanter ensemble. <em>\u00ab\u00a0Le pr\u00e9sident ukrainien chante avec son \u00e9pouse\u00a0\u00bb, <\/em>poursuit<em>\u00a0<\/em>l&rsquo;auteur de la publication belge, relay\u00e9e plus de 500 fois depuis le 18 mars 2022.<\/p>\n<div id=\"wysiwyg\" class=\"ww-item image\"><img class=\"lazyload blur-up\" src=\"https:\/\/belux.wpengine.com\/wp-content\/uploads\/2022\/03\/2022032819-20a3775383419467a24506a5a8ea372f.jpeg\" data-original=\"\" \/><span class=\"legend\">Capture d&rsquo;\u00e9cran r\u00e9alis\u00e9e le 28\/03\/2022 sur Facebook<\/span><\/div>\n<p><em>\u00ab\u00a0J&rsquo;esp\u00e8re qu&rsquo;il pourra continuer \u00e0 r\u00e9sister\u00a0\u00bb<\/em>, commente une internaute, en r\u00e9f\u00e9rence \u00e0 la guerre en cours en Ukraine.<\/p>\n<p>La m\u00eame vid\u00e9o a \u00e9t\u00e9 partag\u00e9e <a href=\"https:\/\/archive.ph\/2toQ5\" target=\"_blank\" rel=\"noopener\" shape=\"rect\">plus de 8 000 fois en France<\/a> depuis le 12 mars avec l&rsquo;affirmation qu&rsquo;il s&rsquo;agit d&rsquo;une \u00ab\u00a0chanson pour la paix chant\u00e9e par le pr\u00e9sident d&rsquo;Ukraine et sa femme\u00a0\u00bb. Elle a \u00e9galement \u00e9t\u00e9 relay\u00e9e avec une affirmation similaire en anglais et <a href=\"https:\/\/factcheck.afp.com\/doc.afp.com.324V7TN\" target=\"_blank\" rel=\"noopener\" shape=\"rect\">v\u00e9rifi\u00e9e par l&rsquo;AFP<\/a> dans cette langue.<\/p>\n<p>Mais une recherche invers\u00e9e de vid\u00e9o gr\u00e2ce \u00e0 l&rsquo;outil InVid &#8211; voir <a href=\"https:\/\/www.facebook.com\/afpfactuel\/videos\/180065540752054\" target=\"_blank\" rel=\"noopener\" shape=\"rect\">ici<\/a> comment proc\u00e9der &#8211; renvoie vers de nombreux articles en plusieurs langues (<a href=\"https:\/\/www.vishwadha.news\/fact-check-no-this-video-doesnt-show-ukraine-president-volodymyr-zelensky-and-his-wife-heres-the-truth\/\" target=\"_blank\" rel=\"noopener\" shape=\"rect\">1<\/a>,<a href=\"https:\/\/www.femmeactuelle.fr\/actu\/news-actu\/volodymyr-zelensky-cette-fake-news-avec-sa-femme-olena-zelenska-qui-fait-le-buzz-2130958\" target=\"_blank\" rel=\"noopener\" shape=\"rect\">2<\/a>,<a href=\"https:\/\/www.tjekdet.dk\/faktatjek\/det-her-er-ikke-volodymyr-zelenskyj-og-hustru-der-synger-om-uendelig-kaerlighed\" target=\"_blank\" rel=\"noopener\" shape=\"rect\">3<\/a>,<a href=\"https:\/\/gerente.com\/es-us\/new-rss\/el-supuesto-video-viral-de-zelenski-y-su-mujer-cantando-endless-love-que-resulto-ser-falso\/\" target=\"_blank\" rel=\"noopener\" shape=\"rect\">4<\/a>) d\u00e9mentant que les deux interpr\u00e8tes soient le pr\u00e9sident Volodymyr Zelensky et son \u00e9pouse.<\/p>\n<p>La vid\u00e9o s&rsquo;av\u00e8re \u00eatre une reprise du <a href=\"https:\/\/www.youtube.com\/watch?v=7Bwwo7ctG10&amp;ab_channel=RETROVISOR\" target=\"_blank\" rel=\"noopener\" shape=\"rect\">titre de 1981 \u00ab\u00a0Endless Love\u00a0\u00bb<\/a>, chant\u00e9 \u00e0 l&rsquo;origine par Diana Ross et Lionel Richie. Dans les publications que nous v\u00e9rifions, la chanson est interpr\u00e9t\u00e9e par la chanteuse britannique <a href=\"https:\/\/www.connietalbot.com\/\" target=\"_blank\" rel=\"noopener\" shape=\"rect\">Connie Talbot<\/a> et le chanteur du groupe de pop rock am\u00e9ricain <a href=\"https:\/\/open.spotify.com\/artist\/7CQwac16i1W5ej8YpuL3dv\" target=\"_blank\" rel=\"noopener\" shape=\"rect\">Boyce Avenue<\/a>, <a href=\"https:\/\/www.instagram.com\/alejandroluismanzano\/\" target=\"_blank\" rel=\"noopener\" shape=\"rect\">Alejandro Manzano<\/a>.<\/p>\n<p>La vid\u00e9o a \u00e9t\u00e9 publi\u00e9e sur le 20 f\u00e9vrier 2022 sur <a href=\"https:\/\/www.youtube.com\/watch?v=Sv8XHiTkDYg\" target=\"_blank\" rel=\"noopener\" shape=\"rect\">la cha\u00eene Youtube<\/a> de Boyce Avenue et sur <a href=\"https:\/\/www.facebook.com\/BoyceAvenue\/posts\/495058508653796\" target=\"_blank\" rel=\"noopener\" shape=\"rect\">la page Facebook<\/a> du groupe, plusieurs jours avant <a href=\"https:\/\/www.la-croix.com\/Vladimir-Poutine-annonce-operation-militaire-Ukraine-2022-02-24-1301201895\" target=\"_blank\" rel=\"noopener\" shape=\"rect\">l&rsquo;invasion de l&rsquo;Ukraine<\/a> par la Russie le 24 f\u00e9vrier.<\/p>\n<div class=\"g2web\" style=\"text-align: center;\"><iframe title=\"YouTube video player\" src=\"https:\/\/www.youtube.com\/embed\/VCpestRLXNs\" width=\"560\" height=\"315\" frameborder=\"0\" scrolling=\"auto\" allowfullscreen=\"allowfullscreen\" data-mce-fragment=\"1\"><\/iframe><\/div>\n<p>Elle a \u00e9galement \u00e9t\u00e9 relay\u00e9e sur <a href=\"https:\/\/www.youtube.com\/watch?v=VCpestRLXNs&amp;ab_channel=ConnieTalbotOfficial\" target=\"_blank\" rel=\"noopener\" shape=\"rect\">la cha\u00eene Youtube<\/a> de Connie Talbot le 2 mars 2022.<\/p>\n<p>Si Connie Talbot et Alejandro Manzano pr\u00e9sentent quelques ressemblances avec le pr\u00e9sident ukrainien et sa femme, il ne s&rsquo;agit donc pas des m\u00eames personnes. Ci-dessous une comparaison des quatre personnes.<\/p>\n<div class=\"grid-with-margin\">\n<div id=\"wysiwyg\" class=\"ww-item image\"><img class=\"lazyload blur-up\" src=\"https:\/\/belux.wpengine.com\/wp-content\/uploads\/2022\/03\/2022032819-2b0952b2efb2df1412935515ed88f55b.jpeg\" data-original=\"\" \/><span class=\"legend\">La chanteuse britannique Connie Talbot. Capture d&rsquo;\u00e9cran r\u00e9alis\u00e9e le 28\/03\/2022 sur Youtube<\/span><\/div>\n<div id=\"wysiwyg\" class=\"ww-item image\"><img class=\"lazyload blur-up\" src=\"https:\/\/belux.wpengine.com\/wp-content\/uploads\/2022\/03\/2022032819-c8e384bd7d04ef6a7a9697d2f74802c8.jpeg\" data-original=\"\" \/><span class=\"legend\">La Premi\u00e8re dame d&rsquo;Ukraine Olena Zelenska en 2019 \u00e0 Riga (Lettonie) ( Gints Ivuskans)<\/span><\/div>\n<\/div>\n<div class=\"grid-with-margin\">\n<div id=\"wysiwyg\" class=\"ww-item image\"><img class=\"lazyload blur-up\" src=\"https:\/\/belux.wpengine.com\/wp-content\/uploads\/2022\/03\/2022032819-e3557ccb152489bd4a46ddbb36620192.jpeg\" data-original=\"\" \/><span class=\"legend\">Alejandro Manzano, membre du groupe Boyce Avenue, capture d&rsquo;\u00e9cran r\u00e9alis\u00e9e sur Youtube le 28\/03\/2022<\/span><\/div>\n<div id=\"wysiwyg\" class=\"ww-item image\"><img class=\"lazyload blur-up\" src=\"https:\/\/belux.wpengine.com\/wp-content\/uploads\/2022\/03\/2022032819-e8b20434557b6396ca983c83ca4ef69a.jpeg\" data-original=\"\" \/><span class=\"legend\">Photo publi\u00e9e par le service de presse de la pr\u00e9sidence ukrainienne le 21 mars 2022 lors d&rsquo;une adresse du pr\u00e9sident \u00e0 sa population ( UKRAINIAN PRESIDENTIAL PRESS SERVICE \/ STR)<\/span><\/div>\n<\/div>\n<p>Depuis le d\u00e9but de la guerre en Ukraine, Volodymyr Zelensky est r\u00e9guli\u00e8rement la cible d&rsquo;affirmations trompeuses, voire erron\u00e9es, v\u00e9rifi\u00e9es par l&rsquo;AFP <a href=\"\/doc.afp.com.324M4XQ\" target=\"_blank\" rel=\"noopener\" shape=\"rect\">ici<\/a>, <a href=\"\/doc.afp.com.324M997\" target=\"_blank\" rel=\"noopener\" shape=\"rect\">ici<\/a> ou encore <a href=\"\/doc.afp.com.326Q7U2\" target=\"_blank\" rel=\"noopener\" shape=\"rect\">ici<\/a>. Olena Zelenska a \u00e9galement fait l&rsquo;objet de fausses affirmations, notamment avec une photo, <a href=\"\/doc.afp.com.324U9XQ\" target=\"_blank\" rel=\"noopener\" shape=\"rect\">v\u00e9rifi\u00e9e par l&rsquo;AFP<\/a>, pr\u00e9tendant la montrer \u00e0 Nice pendant la guerre.<\/p>\n<p>Ancien comique et star de la t\u00e9l\u00e9 dans son pays, Volodymyr Zelensky s&rsquo;est affirm\u00e9 en<a href=\"https:\/\/www.youtube.com\/watch?v=njhXNvMyW9A&amp;ab_channel=AFP\" target=\"_blank\" rel=\"noopener\" shape=\"rect\"> chef de guerre<\/a> depuis l&rsquo;invasion russe de l&rsquo;Ukraine. Sa d\u00e9termination \u00e0 rester \u00e0 Kiev malgr\u00e9 le conflit lui a rendu une popularit\u00e9 en baisse depuis son \u00e9lection en 2019.<\/p>\n<p>Lundi 28 mars, plus d&rsquo;un mois apr\u00e8s le d\u00e9but de l&rsquo;invasion russe, les autorit\u00e9s ukrainiennes <a href=\"https:\/\/www.lepoint.fr\/monde\/ukraine-nouvelles-negociations-situation-catastrophique-a-marioupol-28-03-2022-2469848_24.php\" target=\"_blank\" rel=\"noopener\" shape=\"rect\">s&rsquo;inqui\u00e9taient de l&rsquo;aggravation de la situation<\/a> dans le port assi\u00e9g\u00e9 de Marioupol, \u00e0 la veille de pourparlers entre n\u00e9gociateurs russes et ukrainiens \u00e0 Istanbul.<\/p>\n<p>D&rsquo;apr\u00e8s un bilan de la mairie mi-mars, plus de 2.000 civils ont \u00e9t\u00e9 tu\u00e9s \u00e0 Marioupol depuis le d\u00e9but de l&rsquo;invasion russe de l&rsquo;Ukraine.<\/p>\n","protected":false},"excerpt":{"rendered":"<p>Un moment \u00ab\u00a0plus fort que les Bombes\u00a0\u00bb, s&rsquo;\u00e9meut cet internaute, qui partage la vid\u00e9o d&rsquo;un homme et d&rsquo;une femme en train de chanter ensemble. \u00ab\u00a0Le pr\u00e9sident ukrainien chante avec son \u00e9pouse\u00a0\u00bb, poursuit\u00a0l&rsquo;auteur de la publication belge, relay\u00e9e plus de 500 fois depuis le 18 mars 2022.<\/p>\n","protected":false},"author":1,"featured_media":23887,"comment_status":"closed","ping_status":"open","sticky":false,"template":"","format":"standard","meta":{"_acf_changed":false,"footnotes":""},"categories":[125,138,214],"tags":[],"class_list":{"0":"post-23892","1":"post","2":"type-post","3":"status-publish","4":"format-standard","5":"has-post-thumbnail","7":"category-fact-check-fr","8":"category-societe","9":"category-ukraine-fr"},"acf":{"show_metatags":true,"id":"51572","authors":"AFP Canada, AFP Belgique","organization":"AFP","featured_image_copyright":"","text_copyright":"\u00a9 AGENCE FRANCE-PRESSE | 2022 | Tous droits r\u00e9serv\u00e9s. L\u2019acc\u00e8s aux contenus de l'AFP publi\u00e9s sur ce site et, le cas \u00e9ch\u00e9ant, leur utilisation sont soumis aux conditions g\u00e9n\u00e9rales d'utilisation disponibles sur <a href='https:\/\/www.afp.com\/fr\/cgu' target='_blank'>CGU<\/a>. Par cons\u00e9quent, en acc\u00e9dant aux contenus de l\u2019AFP publi\u00e9s sur ce site, et en les utilisant, le cas \u00e9ch\u00e9ant, vous acceptez d'\u00eatre li\u00e9 par les conditions g\u00e9n\u00e9rales d'utilisation susmentionn\u00e9es. L\u2019utilisation de contenus de l'AFP se fait sous votre seule et enti\u00e8re responsabilit\u00e9.","source":"https:\/\/factuel.afp.com\/doc.afp.com.32762RR","fact_checker":"https:\/\/belux.wpengine.com\/wp-content\/uploads\/2021\/12\/afp_logo.png","fact_checker_logo_image":false},"yoast_head":"<!-- This site is optimized with the Yoast SEO plugin v27.0 - https:\/\/yoast.com\/product\/yoast-seo-wordpress\/ -->\n<title>Cette vid\u00e9o ne montre pas le pr\u00e9sident Zelensky et sa femme chanter ensemble - EDMO Belux<\/title>\n<meta name=\"robots\" content=\"index, follow, max-snippet:-1, max-image-preview:large, max-video-preview:-1\" \/>\n<link rel=\"canonical\" href=\"https:\/\/belux.edmo.eu\/fr\/cette-vido-ne-montre-pas-le-prsident-zelensky-et-sa-femme-chanter-ensemble\/\" \/>\n<meta property=\"og:locale\" content=\"fr_FR\" \/>\n<meta property=\"og:type\" content=\"article\" \/>\n<meta property=\"og:title\" content=\"Cette vid\u00e9o ne montre pas le pr\u00e9sident Zelensky et sa femme chanter ensemble - EDMO Belux\" \/>\n<meta property=\"og:description\" content=\"Un moment &quot;plus fort que les Bombes&quot;, s&#039;\u00e9meut cet internaute, qui partage la vid\u00e9o d&#039;un homme et d&#039;une femme en train de chanter ensemble. &quot;Le pr\u00e9sident ukrainien chante avec son \u00e9pouse&quot;, poursuit\u00a0l&#039;auteur de la publication belge, relay\u00e9e plus de 500 fois depuis le 18 mars 2022.\" \/>\n<meta property=\"og:url\" content=\"https:\/\/belux.edmo.eu\/fr\/cette-vido-ne-montre-pas-le-prsident-zelensky-et-sa-femme-chanter-ensemble\/\" \/>\n<meta property=\"og:site_name\" content=\"EDMO Belux\" \/>\n<meta property=\"article:published_time\" content=\"2022-03-29T08:30:41+00:00\" \/>\n<meta property=\"article:modified_time\" content=\"2022-03-29T14:49:21+00:00\" \/>\n<meta property=\"og:image\" content=\"https:\/\/belux.edmo.eu\/wp-content\/uploads\/2022\/03\/5d2b399c1ae3a55ed9b538f8fb7b1004.jpeg\" \/>\n\t<meta property=\"og:image:width\" content=\"1080\" \/>\n\t<meta property=\"og:image:height\" content=\"540\" \/>\n\t<meta property=\"og:image:type\" content=\"image\/jpeg\" \/>\n<meta name=\"author\" content=\"master\" \/>\n<meta name=\"twitter:card\" content=\"summary_large_image\" \/>\n<meta name=\"twitter:creator\" content=\"@Edmo_Belux\" \/>\n<meta name=\"twitter:site\" content=\"@Edmo_Belux\" \/>\n<meta name=\"twitter:label1\" content=\"\u00c9crit par\" \/>\n\t<meta name=\"twitter:data1\" content=\"master\" \/>\n\t<meta name=\"twitter:label2\" content=\"Dur\u00e9e de lecture estim\u00e9e\" \/>\n\t<meta name=\"twitter:data2\" content=\"3 minutes\" \/>\n<script type=\"application\/ld+json\" class=\"yoast-schema-graph\">{\"@context\":\"https:\/\/schema.org\",\"@graph\":[{\"@type\":\"Article\",\"@id\":\"https:\/\/belux.edmo.eu\/fr\/cette-vido-ne-montre-pas-le-prsident-zelensky-et-sa-femme-chanter-ensemble\/#article\",\"isPartOf\":{\"@id\":\"https:\/\/belux.edmo.eu\/fr\/cette-vido-ne-montre-pas-le-prsident-zelensky-et-sa-femme-chanter-ensemble\/\"},\"author\":{\"name\":\"master\",\"@id\":\"https:\/\/belux.edmo.eu\/#\/schema\/person\/dbe3b252258537fd318f9b5645a30342\"},\"headline\":\"Cette vid\u00e9o ne montre pas le pr\u00e9sident Zelensky et sa femme chanter ensemble\",\"datePublished\":\"2022-03-29T08:30:41+00:00\",\"dateModified\":\"2022-03-29T14:49:21+00:00\",\"mainEntityOfPage\":{\"@id\":\"https:\/\/belux.edmo.eu\/fr\/cette-vido-ne-montre-pas-le-prsident-zelensky-et-sa-femme-chanter-ensemble\/\"},\"wordCount\":665,\"publisher\":{\"@id\":\"https:\/\/belux.edmo.eu\/#organization\"},\"image\":{\"@id\":\"https:\/\/belux.edmo.eu\/fr\/cette-vido-ne-montre-pas-le-prsident-zelensky-et-sa-femme-chanter-ensemble\/#primaryimage\"},\"thumbnailUrl\":\"https:\/\/belux.edmo.eu\/wp-content\/uploads\/2022\/03\/5d2b399c1ae3a55ed9b538f8fb7b1004.jpeg\",\"articleSection\":[\"Fact-Check\",\"Societe\",\"Ukraine\"],\"inLanguage\":\"fr-FR\"},{\"@type\":\"WebPage\",\"@id\":\"https:\/\/belux.edmo.eu\/fr\/cette-vido-ne-montre-pas-le-prsident-zelensky-et-sa-femme-chanter-ensemble\/\",\"url\":\"https:\/\/belux.edmo.eu\/fr\/cette-vido-ne-montre-pas-le-prsident-zelensky-et-sa-femme-chanter-ensemble\/\",\"name\":\"Cette vid\u00e9o ne montre pas le pr\u00e9sident Zelensky et sa femme chanter ensemble - EDMO Belux\",\"isPartOf\":{\"@id\":\"https:\/\/belux.edmo.eu\/#website\"},\"primaryImageOfPage\":{\"@id\":\"https:\/\/belux.edmo.eu\/fr\/cette-vido-ne-montre-pas-le-prsident-zelensky-et-sa-femme-chanter-ensemble\/#primaryimage\"},\"image\":{\"@id\":\"https:\/\/belux.edmo.eu\/fr\/cette-vido-ne-montre-pas-le-prsident-zelensky-et-sa-femme-chanter-ensemble\/#primaryimage\"},\"thumbnailUrl\":\"https:\/\/belux.edmo.eu\/wp-content\/uploads\/2022\/03\/5d2b399c1ae3a55ed9b538f8fb7b1004.jpeg\",\"datePublished\":\"2022-03-29T08:30:41+00:00\",\"dateModified\":\"2022-03-29T14:49:21+00:00\",\"breadcrumb\":{\"@id\":\"https:\/\/belux.edmo.eu\/fr\/cette-vido-ne-montre-pas-le-prsident-zelensky-et-sa-femme-chanter-ensemble\/#breadcrumb\"},\"inLanguage\":\"fr-FR\",\"potentialAction\":[{\"@type\":\"ReadAction\",\"target\":[\"https:\/\/belux.edmo.eu\/fr\/cette-vido-ne-montre-pas-le-prsident-zelensky-et-sa-femme-chanter-ensemble\/\"]}]},{\"@type\":\"ImageObject\",\"inLanguage\":\"fr-FR\",\"@id\":\"https:\/\/belux.edmo.eu\/fr\/cette-vido-ne-montre-pas-le-prsident-zelensky-et-sa-femme-chanter-ensemble\/#primaryimage\",\"url\":\"https:\/\/belux.edmo.eu\/wp-content\/uploads\/2022\/03\/5d2b399c1ae3a55ed9b538f8fb7b1004.jpeg\",\"contentUrl\":\"https:\/\/belux.edmo.eu\/wp-content\/uploads\/2022\/03\/5d2b399c1ae3a55ed9b538f8fb7b1004.jpeg\",\"width\":1080,\"height\":540,\"caption\":\"Cette vid\u00e9o ne montre pas le pr\u00e9sident Zelensky et sa femme chanter ensemble - Featured image\"},{\"@type\":\"BreadcrumbList\",\"@id\":\"https:\/\/belux.edmo.eu\/fr\/cette-vido-ne-montre-pas-le-prsident-zelensky-et-sa-femme-chanter-ensemble\/#breadcrumb\",\"itemListElement\":[{\"@type\":\"ListItem\",\"position\":1,\"name\":\"Home\",\"item\":\"https:\/\/belux.edmo.eu\/fr\/\"},{\"@type\":\"ListItem\",\"position\":2,\"name\":\"Cette vid\u00e9o ne montre pas le pr\u00e9sident Zelensky et sa femme chanter ensemble\"}]},{\"@type\":\"WebSite\",\"@id\":\"https:\/\/belux.edmo.eu\/#website\",\"url\":\"https:\/\/belux.edmo.eu\/\",\"name\":\"EDMO Belux\",\"description\":\"Monitoring Disinformation in Belgium and Luxembourg\",\"publisher\":{\"@id\":\"https:\/\/belux.edmo.eu\/#organization\"},\"potentialAction\":[{\"@type\":\"SearchAction\",\"target\":{\"@type\":\"EntryPoint\",\"urlTemplate\":\"https:\/\/belux.edmo.eu\/?s={search_term_string}\"},\"query-input\":{\"@type\":\"PropertyValueSpecification\",\"valueRequired\":true,\"valueName\":\"search_term_string\"}}],\"inLanguage\":\"fr-FR\"},{\"@type\":\"Organization\",\"@id\":\"https:\/\/belux.edmo.eu\/#organization\",\"name\":\"EDMO Belux\",\"url\":\"https:\/\/belux.edmo.eu\/\",\"logo\":{\"@type\":\"ImageObject\",\"inLanguage\":\"fr-FR\",\"@id\":\"https:\/\/belux.edmo.eu\/#\/schema\/logo\/image\/\",\"url\":\"https:\/\/belux.edmo.eu\/wp-content\/uploads\/2021\/12\/belux-logo-full-color-rgb.svg\",\"contentUrl\":\"https:\/\/belux.edmo.eu\/wp-content\/uploads\/2021\/12\/belux-logo-full-color-rgb.svg\",\"width\":1,\"height\":1,\"caption\":\"EDMO Belux\"},\"image\":{\"@id\":\"https:\/\/belux.edmo.eu\/#\/schema\/logo\/image\/\"},\"sameAs\":[\"https:\/\/x.com\/Edmo_Belux\"]},{\"@type\":\"Person\",\"@id\":\"https:\/\/belux.edmo.eu\/#\/schema\/person\/dbe3b252258537fd318f9b5645a30342\",\"name\":\"master\",\"sameAs\":[\"https:\/\/belux.wpengine.com\"],\"url\":\"https:\/\/belux.edmo.eu\/fr\/author\/master\/\"}]}<\/script>\n<!-- \/ Yoast SEO plugin. -->","yoast_head_json":{"title":"Cette vid\u00e9o ne montre pas le pr\u00e9sident Zelensky et sa femme chanter ensemble - EDMO Belux","robots":{"index":"index","follow":"follow","max-snippet":"max-snippet:-1","max-image-preview":"max-image-preview:large","max-video-preview":"max-video-preview:-1"},"canonical":"https:\/\/belux.edmo.eu\/fr\/cette-vido-ne-montre-pas-le-prsident-zelensky-et-sa-femme-chanter-ensemble\/","og_locale":"fr_FR","og_type":"article","og_title":"Cette vid\u00e9o ne montre pas le pr\u00e9sident Zelensky et sa femme chanter ensemble - EDMO Belux","og_description":"Un moment \"plus fort que les Bombes\", s'\u00e9meut cet internaute, qui partage la vid\u00e9o d'un homme et d'une femme en train de chanter ensemble. \"Le pr\u00e9sident ukrainien chante avec son \u00e9pouse\", poursuit\u00a0l'auteur de la publication belge, relay\u00e9e plus de 500 fois depuis le 18 mars 2022.","og_url":"https:\/\/belux.edmo.eu\/fr\/cette-vido-ne-montre-pas-le-prsident-zelensky-et-sa-femme-chanter-ensemble\/","og_site_name":"EDMO Belux","article_published_time":"2022-03-29T08:30:41+00:00","article_modified_time":"2022-03-29T14:49:21+00:00","og_image":[{"width":1080,"height":540,"url":"https:\/\/belux.edmo.eu\/wp-content\/uploads\/2022\/03\/5d2b399c1ae3a55ed9b538f8fb7b1004.jpeg","type":"image\/jpeg"}],"author":"master","twitter_card":"summary_large_image","twitter_creator":"@Edmo_Belux","twitter_site":"@Edmo_Belux","twitter_misc":{"\u00c9crit par":"master","Dur\u00e9e de lecture estim\u00e9e":"3 minutes"},"schema":{"@context":"https:\/\/schema.org","@graph":[{"@type":"Article","@id":"https:\/\/belux.edmo.eu\/fr\/cette-vido-ne-montre-pas-le-prsident-zelensky-et-sa-femme-chanter-ensemble\/#article","isPartOf":{"@id":"https:\/\/belux.edmo.eu\/fr\/cette-vido-ne-montre-pas-le-prsident-zelensky-et-sa-femme-chanter-ensemble\/"},"author":{"name":"master","@id":"https:\/\/belux.edmo.eu\/#\/schema\/person\/dbe3b252258537fd318f9b5645a30342"},"headline":"Cette vid\u00e9o ne montre pas le pr\u00e9sident Zelensky et sa femme chanter ensemble","datePublished":"2022-03-29T08:30:41+00:00","dateModified":"2022-03-29T14:49:21+00:00","mainEntityOfPage":{"@id":"https:\/\/belux.edmo.eu\/fr\/cette-vido-ne-montre-pas-le-prsident-zelensky-et-sa-femme-chanter-ensemble\/"},"wordCount":665,"publisher":{"@id":"https:\/\/belux.edmo.eu\/#organization"},"image":{"@id":"https:\/\/belux.edmo.eu\/fr\/cette-vido-ne-montre-pas-le-prsident-zelensky-et-sa-femme-chanter-ensemble\/#primaryimage"},"thumbnailUrl":"https:\/\/belux.edmo.eu\/wp-content\/uploads\/2022\/03\/5d2b399c1ae3a55ed9b538f8fb7b1004.jpeg","articleSection":["Fact-Check","Societe","Ukraine"],"inLanguage":"fr-FR"},{"@type":"WebPage","@id":"https:\/\/belux.edmo.eu\/fr\/cette-vido-ne-montre-pas-le-prsident-zelensky-et-sa-femme-chanter-ensemble\/","url":"https:\/\/belux.edmo.eu\/fr\/cette-vido-ne-montre-pas-le-prsident-zelensky-et-sa-femme-chanter-ensemble\/","name":"Cette vid\u00e9o ne montre pas le pr\u00e9sident Zelensky et sa femme chanter ensemble - EDMO Belux","isPartOf":{"@id":"https:\/\/belux.edmo.eu\/#website"},"primaryImageOfPage":{"@id":"https:\/\/belux.edmo.eu\/fr\/cette-vido-ne-montre-pas-le-prsident-zelensky-et-sa-femme-chanter-ensemble\/#primaryimage"},"image":{"@id":"https:\/\/belux.edmo.eu\/fr\/cette-vido-ne-montre-pas-le-prsident-zelensky-et-sa-femme-chanter-ensemble\/#primaryimage"},"thumbnailUrl":"https:\/\/belux.edmo.eu\/wp-content\/uploads\/2022\/03\/5d2b399c1ae3a55ed9b538f8fb7b1004.jpeg","datePublished":"2022-03-29T08:30:41+00:00","dateModified":"2022-03-29T14:49:21+00:00","breadcrumb":{"@id":"https:\/\/belux.edmo.eu\/fr\/cette-vido-ne-montre-pas-le-prsident-zelensky-et-sa-femme-chanter-ensemble\/#breadcrumb"},"inLanguage":"fr-FR","potentialAction":[{"@type":"ReadAction","target":["https:\/\/belux.edmo.eu\/fr\/cette-vido-ne-montre-pas-le-prsident-zelensky-et-sa-femme-chanter-ensemble\/"]}]},{"@type":"ImageObject","inLanguage":"fr-FR","@id":"https:\/\/belux.edmo.eu\/fr\/cette-vido-ne-montre-pas-le-prsident-zelensky-et-sa-femme-chanter-ensemble\/#primaryimage","url":"https:\/\/belux.edmo.eu\/wp-content\/uploads\/2022\/03\/5d2b399c1ae3a55ed9b538f8fb7b1004.jpeg","contentUrl":"https:\/\/belux.edmo.eu\/wp-content\/uploads\/2022\/03\/5d2b399c1ae3a55ed9b538f8fb7b1004.jpeg","width":1080,"height":540,"caption":"Cette vid\u00e9o ne montre pas le pr\u00e9sident Zelensky et sa femme chanter ensemble - Featured image"},{"@type":"BreadcrumbList","@id":"https:\/\/belux.edmo.eu\/fr\/cette-vido-ne-montre-pas-le-prsident-zelensky-et-sa-femme-chanter-ensemble\/#breadcrumb","itemListElement":[{"@type":"ListItem","position":1,"name":"Home","item":"https:\/\/belux.edmo.eu\/fr\/"},{"@type":"ListItem","position":2,"name":"Cette vid\u00e9o ne montre pas le pr\u00e9sident Zelensky et sa femme chanter ensemble"}]},{"@type":"WebSite","@id":"https:\/\/belux.edmo.eu\/#website","url":"https:\/\/belux.edmo.eu\/","name":"EDMO Belux","description":"Monitoring Disinformation in Belgium and Luxembourg","publisher":{"@id":"https:\/\/belux.edmo.eu\/#organization"},"potentialAction":[{"@type":"SearchAction","target":{"@type":"EntryPoint","urlTemplate":"https:\/\/belux.edmo.eu\/?s={search_term_string}"},"query-input":{"@type":"PropertyValueSpecification","valueRequired":true,"valueName":"search_term_string"}}],"inLanguage":"fr-FR"},{"@type":"Organization","@id":"https:\/\/belux.edmo.eu\/#organization","name":"EDMO Belux","url":"https:\/\/belux.edmo.eu\/","logo":{"@type":"ImageObject","inLanguage":"fr-FR","@id":"https:\/\/belux.edmo.eu\/#\/schema\/logo\/image\/","url":"https:\/\/belux.edmo.eu\/wp-content\/uploads\/2021\/12\/belux-logo-full-color-rgb.svg","contentUrl":"https:\/\/belux.edmo.eu\/wp-content\/uploads\/2021\/12\/belux-logo-full-color-rgb.svg","width":1,"height":1,"caption":"EDMO Belux"},"image":{"@id":"https:\/\/belux.edmo.eu\/#\/schema\/logo\/image\/"},"sameAs":["https:\/\/x.com\/Edmo_Belux"]},{"@type":"Person","@id":"https:\/\/belux.edmo.eu\/#\/schema\/person\/dbe3b252258537fd318f9b5645a30342","name":"master","sameAs":["https:\/\/belux.wpengine.com"],"url":"https:\/\/belux.edmo.eu\/fr\/author\/master\/"}]}},"menu_order":0,"_links":{"self":[{"href":"https:\/\/belux.edmo.eu\/fr\/wp-json\/wp\/v2\/posts\/23892","targetHints":{"allow":["GET"]}}],"collection":[{"href":"https:\/\/belux.edmo.eu\/fr\/wp-json\/wp\/v2\/posts"}],"about":[{"href":"https:\/\/belux.edmo.eu\/fr\/wp-json\/wp\/v2\/types\/post"}],"author":[{"embeddable":true,"href":"https:\/\/belux.edmo.eu\/fr\/wp-json\/wp\/v2\/users\/1"}],"replies":[{"embeddable":true,"href":"https:\/\/belux.edmo.eu\/fr\/wp-json\/wp\/v2\/comments?post=23892"}],"version-history":[{"count":0,"href":"https:\/\/belux.edmo.eu\/fr\/wp-json\/wp\/v2\/posts\/23892\/revisions"}],"wp:featuredmedia":[{"embeddable":true,"href":"https:\/\/belux.edmo.eu\/fr\/wp-json\/wp\/v2\/media\/23887"}],"wp:attachment":[{"href":"https:\/\/belux.edmo.eu\/fr\/wp-json\/wp\/v2\/media?parent=23892"}],"wp:term":[{"taxonomy":"category","embeddable":true,"href":"https:\/\/belux.edmo.eu\/fr\/wp-json\/wp\/v2\/categories?post=23892"},{"taxonomy":"post_tag","embeddable":true,"href":"https:\/\/belux.edmo.eu\/fr\/wp-json\/wp\/v2\/tags?post=23892"}],"curies":[{"name":"wp","href":"https:\/\/api.w.org\/{rel}","templated":true}]}}